{"id":483270,"date":"2014-02-04T16:10:42","date_gmt":"2014-02-04T17:10:42","guid":{"rendered":"http:\/\/www.eldigitaldeasturias.com\/noticias\/?p=483270"},"modified":"2014-02-04T16:10:42","modified_gmt":"2014-02-04T17:10:42","slug":"el-alcalde-de-lleida-espera-que-no-haya-escision-en-el-psc-por-el-bien-de-cataluna","status":"publish","type":"post","link":"https:\/\/www.eldigitaldeasturias.com\/noticias\/el-alcalde-de-lleida-espera-que-no-haya-escision-en-el-psc-por-el-bien-de-cataluna\/","title":{"rendered":"El alcalde de Lleida espera que no haya escisi\u00f3n en el PSC por el bien de Catalu\u00f1a"},"content":{"rendered":"<p><img loading=\"lazy\" decoding=\"async\" class=\"alignleft size-medium wp-image-483271\" alt=\"5907144w\" src=\"https:\/\/www.eldigitaldeasturias.com\/noticias\/wp-content\/uploads\/2014\/02\/5907144w-360x180.jpg\" width=\"360\" height=\"180\" \/>Madrid, 4 feb (EFE).- El alcalde de Lleida, \u00c1ngel Ros, ha dicho hoy que espera, desea y est\u00e1 convencido, de que no se va a producir ninguna escisi\u00f3n en el PSC por el bien de Catalu\u00f1a, ya que este partido ha sido un factor clave de la cohesi\u00f3n de la sociedad y de la integraci\u00f3n civil en Espa\u00f1a.<\/p>\n<p>En el turno de preguntas tras pronunciar una conferencia en un desayuno informativo de la tribuna \u00abSmartcity.Foro de la Nueva Ciudad\u00bb, al que ha asistido el secretario de Estado de Administraciones P\u00fablicas, Antonio Beteta, y el expresidente de Catalu\u00f1a, Jos\u00e9 Montilla, entre otros, Ros ha respondido a la pregunta sobre una posible escisi\u00f3n del PSC debido a la consulta soberanista.<\/p>\n<p>Seg\u00fan Ros, el PSC ha realizado su aportaci\u00f3n a la historia reciente de Catalu\u00f1a \u00abbasada en un proyecto com\u00fan\u00bb que comparten todos los socialistas en Catalu\u00f1a y unas \u00abdistintas, complementarias visiones\u00bb respecto a \u00abla relaci\u00f3n Catalu\u00f1a-Espa\u00f1a y al modelo de relaci\u00f3n Catalu\u00f1a-Espa\u00f1a\u00bb.<\/p>\n<p>\u00abS\u00f3lo puedes ser un factor de cohesi\u00f3n de la sociedad civil si tu eres plural en tu propia estructura y gestionas adecuadamente esa pluralidad\u00bb, ha precisado Ros antes de a\u00f1adir que la \u00abpluralidad, las distintas sensibilidades, con un proyecto com\u00fan, han hecho que eso fu\u00e9ramos capaces durante 35 a\u00f1os de trasladarlo a los ciudadanos de Catalu\u00f1a\u00bb.<\/p>\n<p>A la cuesti\u00f3n sobre si se ha planteado dejar el PSC, ha dicho que se ve candidato por el PSC por Lleida \u00absin ninguna duda\u00bb, tanto si gana las primarias como si no hay primarias y ha asegurado que se siente \u00abc\u00f3modo\u00bb en el partido, aunque se encontrar\u00eda mejor si se resolviera \u00abla diferencia con el PSOE\u00bb, en relaci\u00f3n al reconocimiento al derecho a decidir y la pluralidad del Estado.<\/p>\n<p>Tras a\u00f1adir que en su partido se siente c\u00f3modo, aunque se sentir\u00eda \u00abm\u00e1s si no hubiera una amenaza de sanciones para unos compa\u00f1eros\u00bb que \u00abespera que acabe bien y con un acuerdo global\u00bb, en referencia a los diputados que rompieron la disciplina de voto en el Parlamento catal\u00e1n sobre el traspaso de competencias para el referendo de autodeterminaci\u00f3n.<\/p>\n<p>\u00abNunca me he planteado dejar el partido, ni ser candidato por ning\u00fan otro sitio. Esto lo tengo muy claro. Hace 35 a\u00f1os que estoy en el partido y no voy a dejarlo\u00bb, ha precisado.<\/p>\n<p>Respecto a si facilitar\u00e1 el censo si llega a celebrarse la consulta en Catalu\u00f1a, Ros ha respondido que lo entregar\u00e1 siempre que dicha consulta \u00abtenga amparo legal\u00bb.<\/p>\n<p>A juicio de Ros, la consulta en Catalu\u00f1a es \u00abimprescindible\u00bb porque en situaciones de \u00abcrisis de la democracia\u00bb y \u00abcrisis institucional\u00bb, los ciudadanos \u00abdeben poder hablar como \u00fanica forma de resolver el problema sin generar mayores frustraciones a esos ciudadanos\u00bb,<\/p>\n<p>Nuestras dos variables son que la consulta sea \u00ablegal\u00bb y \u00abacordada\u00bb y no hay posibilidad de una consulta \u00absin pacto, si no que se lo pregunten a los ingleses con los escoceses\u00bb, ha puntualizado.<\/p>\n<p>Tambi\u00e9n se ha referido a la propuesta de la presidenta de Andaluc\u00eda, Susana D\u00edaz, al presidente de la Generalitat, Artur Mas, para que el Senado sea una \u00abverdadera\u00bb c\u00e1mara territorial y ha comentado que de ello \u00abya hablaba el presidente Maragall hace muchos a\u00f1os\u00bb.<\/p>\n<p>En cualquier caso, ha precisado que \u00abinevitablemente es la \u00fanica salida\u00bb que ve y defiende porque se debe \u00abir a un modelo federal que pase por una reforma de la Constituci\u00f3n\u00bb.<\/p>\n<p>En este sentido, ha mostrado su preocupaci\u00f3n porque no exista relaci\u00f3n entre la Generalitat y el Gobierno de Espa\u00f1a, as\u00ed como que no haya di\u00e1logo entre Mas y Rajoy, mientras que s\u00ed lo ha habido entre el secretario general del PSOE, Alfredo P\u00e9rez Rubalcaba, y Mas.<\/p>\n<p>Ha se\u00f1alado que PSC y PSOE no est\u00e1n de acuerdo \u00abexactamente en el modelo federal al que aspiramos\u00bb y se ha referido a la necesidad de reconocer la \u00abplurinacionalidad del Estado\u00bb y un \u00abEstado federal que tenga elementos de relaci\u00f3n bilateral\u00bb.<\/p>\n<p>En definitiva, se deber\u00eda ir avanzando hacia un \u00abmodelo b\u00e1sicamente federal, con elementos de bilateralidad, con reconocimiento de la plurinacionalidad del Estado y con el derecho a decidir de los catalanes\u00bb, con el di\u00e1logo b\u00e1sico, que \u00abfalta\u00bb entre el Gobierno catal\u00e1n y el de Espa\u00f1a, ha precisado.<\/p>\n","protected":false},"excerpt":{"rendered":"<p>Madrid, 4 feb (EFE).- El alcalde de Lleida, \u00c1ngel Ros, ha dicho hoy que espera, desea y est\u00e1 convencido, de que no se va a producir ninguna escisi\u00f3n en el PSC por el bien de Catalu\u00f1a, ya que este partido ha sido un factor clave de la cohesi\u00f3n de la sociedad y de la integraci\u00f3n [&hellip;]<\/p>\n","protected":false},"author":1,"featured_media":483271,"comment_status":"closed","ping_status":"open","sticky":false,"template":"","format":"standard","meta":{"footnotes":""},"categories":[1],"tags":[],"class_list":["post-483270","post","type-post","status-publish","format-standard","has-post-thumbnail","hentry","category-actualidad"],"aioseo_notices":[],"aioseo_head":"\n\t\t<!-- All in One SEO Pro 5.0.1 - aioseo.com -->\n\t<meta name=\"description\" content=\"Madrid, 4 feb (EFE).- El alcalde de Lleida, \u00c1ngel Ros, ha dicho hoy que espera, desea y est\u00e1 convencido, de que no se va a producir ninguna escisi\u00f3n en el PSC por el bien de Catalu\u00f1a, ya que este partido ha sido un factor clave de la cohesi\u00f3n de la sociedad y de la integraci\u00f3n\" \/>\n\t<meta name=\"robots\" content=\"max-image-preview:large\" \/>\n\t<meta name=\"author\" content=\"El Digital de Asturias\"\/>\n\t<meta name=\"google-site-verification\" content=\"UA-38556648-1\" \/>\n\t<meta name=\"msvalidate.01\" content=\"7dfe9f3f1b24437ab69f4f2559babe99\" \/>\n\t<meta name=\"keywords\" content=\"actualidad\" \/>\n\t<link rel=\"canonical\" href=\"https:\/\/www.eldigitaldeasturias.com\/noticias\/el-alcalde-de-lleida-espera-que-no-haya-escision-en-el-psc-por-el-bien-de-cataluna\/\" \/>\n\t<meta name=\"generator\" content=\"All in One SEO Pro (AIOSEO) 5.0.1\" \/>\n\t\t<meta property=\"og:locale\" content=\"es_ES\" \/>\n\t\t<meta property=\"og:site_name\" content=\"El Digital de Asturias\" \/>\n\t\t<meta property=\"og:type\" content=\"article\" \/>\n\t\t<meta property=\"og:title\" content=\"El alcalde de Lleida espera que no haya escisi\u00f3n en el PSC por el bien de Catalu\u00f1a - El Digital de Asturias\" \/>\n\t\t<meta property=\"og:description\" content=\"Madrid, 4 feb (EFE).- El alcalde de Lleida, \u00c1ngel Ros, ha dicho hoy que espera, desea y est\u00e1 convencido, de que no se va a producir ninguna escisi\u00f3n en el PSC por el bien de Catalu\u00f1a, ya que este partido ha sido un factor clave de la cohesi\u00f3n de la sociedad y de la integraci\u00f3n\" \/>\n\t\t<meta property=\"og:url\" content=\"https:\/\/www.eldigitaldeasturias.com\/noticias\/el-alcalde-de-lleida-espera-que-no-haya-escision-en-el-psc-por-el-bien-de-cataluna\/\" \/>\n\t\t<meta property=\"article:tag\" content=\"actualidad\" \/>\n\t\t<meta property=\"article:published_time\" content=\"2014-02-04T17:10:42+00:00\" \/>\n\t\t<meta property=\"article:modified_time\" content=\"2014-02-04T17:10:42+00:00\" \/>\n\t\t<meta property=\"article:publisher\" content=\"https:\/\/facebook.com\/eldigitaldeasturias\" \/>\n\t\t<meta name=\"twitter:card\" content=\"summary_large_image\" \/>\n\t\t<meta name=\"twitter:title\" content=\"El alcalde de Lleida espera que no haya escisi\u00f3n en el PSC por el bien de Catalu\u00f1a - El Digital de Asturias\" \/>\n\t\t<meta name=\"twitter:description\" content=\"Madrid, 4 feb (EFE).- El alcalde de Lleida, \u00c1ngel Ros, ha dicho hoy que espera, desea y est\u00e1 convencido, de que no se va a producir ninguna escisi\u00f3n en el PSC por el bien de Catalu\u00f1a, ya que este partido ha sido un factor clave de la cohesi\u00f3n de la sociedad y de la integraci\u00f3n\" \/>\n\t\t<meta name=\"twitter:label1\" content=\"Escrito por\" \/>\n\t\t<meta name=\"twitter:data1\" content=\"El Digital de Asturias\" \/>\n\t\t<meta name=\"twitter:label2\" content=\"Tiempo de lectura estimado\" \/>\n\t\t<meta name=\"twitter:data2\" content=\"4 minutos\" \/>\n\t\t<script type=\"application\/ld+json\" class=\"aioseo-schema\">\n\t\t\t{\"@context\":\"https:\\\/\\\/schema.org\",\"@graph\":[{\"@type\":\"BlogPosting\",\"@id\":\"https:\\\/\\\/www.eldigitaldeasturias.com\\\/noticias\\\/el-alcalde-de-lleida-espera-que-no-haya-escision-en-el-psc-por-el-bien-de-cataluna\\\/#blogposting\",\"name\":\"El alcalde de Lleida espera que no haya escisi\\u00f3n en el PSC por el bien de Catalu\\u00f1a - El Digital de Asturias\",\"headline\":\"El alcalde de Lleida espera que no haya escisi\\u00f3n en el PSC por el bien de Catalu\\u00f1a\",\"author\":{\"@id\":\"https:\\\/\\\/www.eldigitaldeasturias.com\\\/noticias\\\/author\\\/admin\\\/#author\"},\"publisher\":{\"@id\":\"https:\\\/\\\/www.eldigitaldeasturias.com\\\/noticias\\\/#organization\"},\"image\":{\"@type\":\"ImageObject\",\"url\":483271},\"datePublished\":\"2014-02-04T16:10:42+01:00\",\"dateModified\":\"2014-02-04T16:10:42+01:00\",\"inLanguage\":\"es-ES\",\"mainEntityOfPage\":{\"@id\":\"https:\\\/\\\/www.eldigitaldeasturias.com\\\/noticias\\\/el-alcalde-de-lleida-espera-que-no-haya-escision-en-el-psc-por-el-bien-de-cataluna\\\/#webpage\"},\"isPartOf\":{\"@id\":\"https:\\\/\\\/www.eldigitaldeasturias.com\\\/noticias\\\/el-alcalde-de-lleida-espera-que-no-haya-escision-en-el-psc-por-el-bien-de-cataluna\\\/#webpage\"},\"articleSection\":\"Actualidad\"},{\"@type\":\"BreadcrumbList\",\"@id\":\"https:\\\/\\\/www.eldigitaldeasturias.com\\\/noticias\\\/el-alcalde-de-lleida-espera-que-no-haya-escision-en-el-psc-por-el-bien-de-cataluna\\\/#breadcrumblist\",\"itemListElement\":[{\"@type\":\"ListItem\",\"@id\":\"https:\\\/\\\/www.eldigitaldeasturias.com\\\/noticias#listItem\",\"position\":1,\"name\":\"Home\",\"item\":\"https:\\\/\\\/www.eldigitaldeasturias.com\\\/noticias\",\"nextItem\":{\"@type\":\"ListItem\",\"@id\":\"https:\\\/\\\/www.eldigitaldeasturias.com\\\/noticias\\\/category\\\/actualidad\\\/#listItem\",\"name\":\"Actualidad\"}},{\"@type\":\"ListItem\",\"@id\":\"https:\\\/\\\/www.eldigitaldeasturias.com\\\/noticias\\\/category\\\/actualidad\\\/#listItem\",\"position\":2,\"name\":\"Actualidad\",\"item\":\"https:\\\/\\\/www.eldigitaldeasturias.com\\\/noticias\\\/category\\\/actualidad\\\/\",\"nextItem\":{\"@type\":\"ListItem\",\"@id\":\"https:\\\/\\\/www.eldigitaldeasturias.com\\\/noticias\\\/el-alcalde-de-lleida-espera-que-no-haya-escision-en-el-psc-por-el-bien-de-cataluna\\\/#listItem\",\"name\":\"El alcalde de Lleida espera que no haya escisi\\u00f3n en el PSC por el bien de Catalu\\u00f1a\"},\"previousItem\":{\"@type\":\"ListItem\",\"@id\":\"https:\\\/\\\/www.eldigitaldeasturias.com\\\/noticias#listItem\",\"name\":\"Home\"}},{\"@type\":\"ListItem\",\"@id\":\"https:\\\/\\\/www.eldigitaldeasturias.com\\\/noticias\\\/el-alcalde-de-lleida-espera-que-no-haya-escision-en-el-psc-por-el-bien-de-cataluna\\\/#listItem\",\"position\":3,\"name\":\"El alcalde de Lleida espera que no haya escisi\\u00f3n en el PSC por el bien de Catalu\\u00f1a\",\"previousItem\":{\"@type\":\"ListItem\",\"@id\":\"https:\\\/\\\/www.eldigitaldeasturias.com\\\/noticias\\\/category\\\/actualidad\\\/#listItem\",\"name\":\"Actualidad\"}}]},{\"@type\":\"Organization\",\"@id\":\"https:\\\/\\\/www.eldigitaldeasturias.com\\\/noticias\\\/#organization\",\"name\":\"El Digital de Asturias\",\"description\":\"Hemeroteca\",\"url\":\"https:\\\/\\\/www.eldigitaldeasturias.com\\\/noticias\\\/\",\"email\":\"info@eldigitaldeasturias.com\",\"telephone\":\"+34652131393\",\"logo\":{\"@type\":\"ImageObject\",\"url\":\"https:\\\/\\\/www.eldigitaldeasturias.com\\\/noticias\\\/wp-content\\\/uploads\\\/2020\\\/12\\\/EDA.jpg\",\"@id\":\"https:\\\/\\\/www.eldigitaldeasturias.com\\\/noticias\\\/el-alcalde-de-lleida-espera-que-no-haya-escision-en-el-psc-por-el-bien-de-cataluna\\\/#organizationLogo\"},\"image\":{\"@id\":\"https:\\\/\\\/www.eldigitaldeasturias.com\\\/noticias\\\/el-alcalde-de-lleida-espera-que-no-haya-escision-en-el-psc-por-el-bien-de-cataluna\\\/#organizationLogo\"},\"sameAs\":[\"https:\\\/\\\/facebook.com\\\/eldigitaldeasturias\",\"https:\\\/\\\/www.youtube.com\\\/channel\\\/UCZP-2wLEB9Rv6erhFmqVnvg\"],\"address\":{\"@id\":\"https:\\\/\\\/www.eldigitaldeasturias.com\\\/noticias\\\/#postaladdress\",\"@type\":\"PostalAddress\",\"streetAddress\":\"san antonio 4\",\"postalCode\":\"33430\",\"addressLocality\":\"Cand\\u00e1s\",\"addressRegion\":\"Asturias\",\"addressCountry\":\"ES\"}},{\"@type\":\"Person\",\"@id\":\"https:\\\/\\\/www.eldigitaldeasturias.com\\\/noticias\\\/author\\\/admin\\\/#author\",\"url\":\"https:\\\/\\\/www.eldigitaldeasturias.com\\\/noticias\\\/author\\\/admin\\\/\",\"name\":\"El Digital de Asturias\",\"image\":{\"@type\":\"ImageObject\",\"@id\":\"https:\\\/\\\/www.eldigitaldeasturias.com\\\/noticias\\\/el-alcalde-de-lleida-espera-que-no-haya-escision-en-el-psc-por-el-bien-de-cataluna\\\/#authorImage\",\"url\":\"https:\\\/\\\/secure.gravatar.com\\\/avatar\\\/df2aeffc32bcd13f8d26072ef8a91b623d677766deac7f97ca815868cd41bf5e?s=96&d=mm&r=g\",\"width\":96,\"height\":96,\"caption\":\"El Digital de Asturias\"}},{\"@type\":\"WebPage\",\"@id\":\"https:\\\/\\\/www.eldigitaldeasturias.com\\\/noticias\\\/el-alcalde-de-lleida-espera-que-no-haya-escision-en-el-psc-por-el-bien-de-cataluna\\\/#webpage\",\"url\":\"https:\\\/\\\/www.eldigitaldeasturias.com\\\/noticias\\\/el-alcalde-de-lleida-espera-que-no-haya-escision-en-el-psc-por-el-bien-de-cataluna\\\/\",\"name\":\"El alcalde de Lleida espera que no haya escisi\\u00f3n en el PSC por el bien de Catalu\\u00f1a - El Digital de Asturias\",\"description\":\"Madrid, 4 feb (EFE).- El alcalde de Lleida, \\u00c1ngel Ros, ha dicho hoy que espera, desea y est\\u00e1 convencido, de que no se va a producir ninguna escisi\\u00f3n en el PSC por el bien de Catalu\\u00f1a, ya que este partido ha sido un factor clave de la cohesi\\u00f3n de la sociedad y de la integraci\\u00f3n\",\"inLanguage\":\"es-ES\",\"isPartOf\":{\"@id\":\"https:\\\/\\\/www.eldigitaldeasturias.com\\\/noticias\\\/#website\"},\"breadcrumb\":{\"@id\":\"https:\\\/\\\/www.eldigitaldeasturias.com\\\/noticias\\\/el-alcalde-de-lleida-espera-que-no-haya-escision-en-el-psc-por-el-bien-de-cataluna\\\/#breadcrumblist\"},\"author\":{\"@id\":\"https:\\\/\\\/www.eldigitaldeasturias.com\\\/noticias\\\/author\\\/admin\\\/#author\"},\"creator\":{\"@id\":\"https:\\\/\\\/www.eldigitaldeasturias.com\\\/noticias\\\/author\\\/admin\\\/#author\"},\"image\":{\"@type\":\"ImageObject\",\"url\":483271,\"@id\":\"https:\\\/\\\/www.eldigitaldeasturias.com\\\/noticias\\\/el-alcalde-de-lleida-espera-que-no-haya-escision-en-el-psc-por-el-bien-de-cataluna\\\/#mainImage\"},\"primaryImageOfPage\":{\"@id\":\"https:\\\/\\\/www.eldigitaldeasturias.com\\\/noticias\\\/el-alcalde-de-lleida-espera-que-no-haya-escision-en-el-psc-por-el-bien-de-cataluna\\\/#mainImage\"},\"datePublished\":\"2014-02-04T16:10:42+01:00\",\"dateModified\":\"2014-02-04T16:10:42+01:00\"},{\"@type\":\"WebSite\",\"@id\":\"https:\\\/\\\/www.eldigitaldeasturias.com\\\/noticias\\\/#website\",\"url\":\"https:\\\/\\\/www.eldigitaldeasturias.com\\\/noticias\\\/\",\"name\":\"El Digital de Asturias - Diario de actualidad y noticias\",\"alternateName\":\"El Digital de Asturias - Diario de actualidad y noticias\",\"description\":\"Hemeroteca\",\"inLanguage\":\"es-ES\",\"publisher\":{\"@id\":\"https:\\\/\\\/www.eldigitaldeasturias.com\\\/noticias\\\/#organization\"}}]}\n\t\t<\/script>\n\t\t<!-- All in One SEO Pro -->\r\n\t\t<title>El alcalde de Lleida espera que no haya escisi\u00f3n en el PSC por el bien de Catalu\u00f1a - El Digital de Asturias<\/title>\n\n","aioseo_head_json":{"title":"El alcalde de Lleida espera que no haya escisi\u00f3n en el PSC por el bien de Catalu\u00f1a - El Digital de Asturias","description":"Madrid, 4 feb (EFE).- El alcalde de Lleida, \u00c1ngel Ros, ha dicho hoy que espera, desea y est\u00e1 convencido, de que no se va a producir ninguna escisi\u00f3n en el PSC por el bien de Catalu\u00f1a, ya que este partido ha sido un factor clave de la cohesi\u00f3n de la sociedad y de la integraci\u00f3n","canonical_url":"https:\/\/www.eldigitaldeasturias.com\/noticias\/el-alcalde-de-lleida-espera-que-no-haya-escision-en-el-psc-por-el-bien-de-cataluna\/","robots":"max-image-preview:large","keywords":"actualidad","webmasterTools":{"google-site-verification":"UA-38556648-1","msvalidate.01":"7dfe9f3f1b24437ab69f4f2559babe99","miscellaneous":""},"schema":{"@context":"https:\/\/schema.org","@graph":[{"@type":"BlogPosting","@id":"https:\/\/www.eldigitaldeasturias.com\/noticias\/el-alcalde-de-lleida-espera-que-no-haya-escision-en-el-psc-por-el-bien-de-cataluna\/#blogposting","name":"El alcalde de Lleida espera que no haya escisi\u00f3n en el PSC por el bien de Catalu\u00f1a - El Digital de Asturias","headline":"El alcalde de Lleida espera que no haya escisi\u00f3n en el PSC por el bien de Catalu\u00f1a","author":{"@id":"https:\/\/www.eldigitaldeasturias.com\/noticias\/author\/admin\/#author"},"publisher":{"@id":"https:\/\/www.eldigitaldeasturias.com\/noticias\/#organization"},"image":{"@type":"ImageObject","url":483271},"datePublished":"2014-02-04T16:10:42+01:00","dateModified":"2014-02-04T16:10:42+01:00","inLanguage":"es-ES","mainEntityOfPage":{"@id":"https:\/\/www.eldigitaldeasturias.com\/noticias\/el-alcalde-de-lleida-espera-que-no-haya-escision-en-el-psc-por-el-bien-de-cataluna\/#webpage"},"isPartOf":{"@id":"https:\/\/www.eldigitaldeasturias.com\/noticias\/el-alcalde-de-lleida-espera-que-no-haya-escision-en-el-psc-por-el-bien-de-cataluna\/#webpage"},"articleSection":"Actualidad"},{"@type":"BreadcrumbList","@id":"https:\/\/www.eldigitaldeasturias.com\/noticias\/el-alcalde-de-lleida-espera-que-no-haya-escision-en-el-psc-por-el-bien-de-cataluna\/#breadcrumblist","itemListElement":[{"@type":"ListItem","@id":"https:\/\/www.eldigitaldeasturias.com\/noticias#listItem","position":1,"name":"Home","item":"https:\/\/www.eldigitaldeasturias.com\/noticias","nextItem":{"@type":"ListItem","@id":"https:\/\/www.eldigitaldeasturias.com\/noticias\/category\/actualidad\/#listItem","name":"Actualidad"}},{"@type":"ListItem","@id":"https:\/\/www.eldigitaldeasturias.com\/noticias\/category\/actualidad\/#listItem","position":2,"name":"Actualidad","item":"https:\/\/www.eldigitaldeasturias.com\/noticias\/category\/actualidad\/","nextItem":{"@type":"ListItem","@id":"https:\/\/www.eldigitaldeasturias.com\/noticias\/el-alcalde-de-lleida-espera-que-no-haya-escision-en-el-psc-por-el-bien-de-cataluna\/#listItem","name":"El alcalde de Lleida espera que no haya escisi\u00f3n en el PSC por el bien de Catalu\u00f1a"},"previousItem":{"@type":"ListItem","@id":"https:\/\/www.eldigitaldeasturias.com\/noticias#listItem","name":"Home"}},{"@type":"ListItem","@id":"https:\/\/www.eldigitaldeasturias.com\/noticias\/el-alcalde-de-lleida-espera-que-no-haya-escision-en-el-psc-por-el-bien-de-cataluna\/#listItem","position":3,"name":"El alcalde de Lleida espera que no haya escisi\u00f3n en el PSC por el bien de Catalu\u00f1a","previousItem":{"@type":"ListItem","@id":"https:\/\/www.eldigitaldeasturias.com\/noticias\/category\/actualidad\/#listItem","name":"Actualidad"}}]},{"@type":"Organization","@id":"https:\/\/www.eldigitaldeasturias.com\/noticias\/#organization","name":"El Digital de Asturias","description":"Hemeroteca","url":"https:\/\/www.eldigitaldeasturias.com\/noticias\/","email":"info@eldigitaldeasturias.com","telephone":"+34652131393","logo":{"@type":"ImageObject","url":"https:\/\/www.eldigitaldeasturias.com\/noticias\/wp-content\/uploads\/2020\/12\/EDA.jpg","@id":"https:\/\/www.eldigitaldeasturias.com\/noticias\/el-alcalde-de-lleida-espera-que-no-haya-escision-en-el-psc-por-el-bien-de-cataluna\/#organizationLogo"},"image":{"@id":"https:\/\/www.eldigitaldeasturias.com\/noticias\/el-alcalde-de-lleida-espera-que-no-haya-escision-en-el-psc-por-el-bien-de-cataluna\/#organizationLogo"},"sameAs":["https:\/\/facebook.com\/eldigitaldeasturias","https:\/\/www.youtube.com\/channel\/UCZP-2wLEB9Rv6erhFmqVnvg"],"address":{"@id":"https:\/\/www.eldigitaldeasturias.com\/noticias\/#postaladdress","@type":"PostalAddress","streetAddress":"san antonio 4","postalCode":"33430","addressLocality":"Cand\u00e1s","addressRegion":"Asturias","addressCountry":"ES"}},{"@type":"Person","@id":"https:\/\/www.eldigitaldeasturias.com\/noticias\/author\/admin\/#author","url":"https:\/\/www.eldigitaldeasturias.com\/noticias\/author\/admin\/","name":"El Digital de Asturias","image":{"@type":"ImageObject","@id":"https:\/\/www.eldigitaldeasturias.com\/noticias\/el-alcalde-de-lleida-espera-que-no-haya-escision-en-el-psc-por-el-bien-de-cataluna\/#authorImage","url":"https:\/\/secure.gravatar.com\/avatar\/df2aeffc32bcd13f8d26072ef8a91b623d677766deac7f97ca815868cd41bf5e?s=96&d=mm&r=g","width":96,"height":96,"caption":"El Digital de Asturias"}},{"@type":"WebPage","@id":"https:\/\/www.eldigitaldeasturias.com\/noticias\/el-alcalde-de-lleida-espera-que-no-haya-escision-en-el-psc-por-el-bien-de-cataluna\/#webpage","url":"https:\/\/www.eldigitaldeasturias.com\/noticias\/el-alcalde-de-lleida-espera-que-no-haya-escision-en-el-psc-por-el-bien-de-cataluna\/","name":"El alcalde de Lleida espera que no haya escisi\u00f3n en el PSC por el bien de Catalu\u00f1a - El Digital de Asturias","description":"Madrid, 4 feb (EFE).- El alcalde de Lleida, \u00c1ngel Ros, ha dicho hoy que espera, desea y est\u00e1 convencido, de que no se va a producir ninguna escisi\u00f3n en el PSC por el bien de Catalu\u00f1a, ya que este partido ha sido un factor clave de la cohesi\u00f3n de la sociedad y de la integraci\u00f3n","inLanguage":"es-ES","isPartOf":{"@id":"https:\/\/www.eldigitaldeasturias.com\/noticias\/#website"},"breadcrumb":{"@id":"https:\/\/www.eldigitaldeasturias.com\/noticias\/el-alcalde-de-lleida-espera-que-no-haya-escision-en-el-psc-por-el-bien-de-cataluna\/#breadcrumblist"},"author":{"@id":"https:\/\/www.eldigitaldeasturias.com\/noticias\/author\/admin\/#author"},"creator":{"@id":"https:\/\/www.eldigitaldeasturias.com\/noticias\/author\/admin\/#author"},"image":{"@type":"ImageObject","url":483271,"@id":"https:\/\/www.eldigitaldeasturias.com\/noticias\/el-alcalde-de-lleida-espera-que-no-haya-escision-en-el-psc-por-el-bien-de-cataluna\/#mainImage"},"primaryImageOfPage":{"@id":"https:\/\/www.eldigitaldeasturias.com\/noticias\/el-alcalde-de-lleida-espera-que-no-haya-escision-en-el-psc-por-el-bien-de-cataluna\/#mainImage"},"datePublished":"2014-02-04T16:10:42+01:00","dateModified":"2014-02-04T16:10:42+01:00"},{"@type":"WebSite","@id":"https:\/\/www.eldigitaldeasturias.com\/noticias\/#website","url":"https:\/\/www.eldigitaldeasturias.com\/noticias\/","name":"El Digital de Asturias - Diario de actualidad y noticias","alternateName":"El Digital de Asturias - Diario de actualidad y noticias","description":"Hemeroteca","inLanguage":"es-ES","publisher":{"@id":"https:\/\/www.eldigitaldeasturias.com\/noticias\/#organization"}}]},"og:locale":"es_ES","og:site_name":"El Digital de Asturias","og:type":"article","og:title":"El alcalde de Lleida espera que no haya escisi\u00f3n en el PSC por el bien de Catalu\u00f1a - El Digital de Asturias","og:description":"Madrid, 4 feb (EFE).- El alcalde de Lleida, \u00c1ngel Ros, ha dicho hoy que espera, desea y est\u00e1 convencido, de que no se va a producir ninguna escisi\u00f3n en el PSC por el bien de Catalu\u00f1a, ya que este partido ha sido un factor clave de la cohesi\u00f3n de la sociedad y de la integraci\u00f3n","og:url":"https:\/\/www.eldigitaldeasturias.com\/noticias\/el-alcalde-de-lleida-espera-que-no-haya-escision-en-el-psc-por-el-bien-de-cataluna\/","article:tag":["actualidad"],"article:published_time":"2014-02-04T17:10:42+00:00","article:modified_time":"2014-02-04T17:10:42+00:00","article:publisher":"https:\/\/facebook.com\/eldigitaldeasturias","twitter:card":"summary_large_image","twitter:title":"El alcalde de Lleida espera que no haya escisi\u00f3n en el PSC por el bien de Catalu\u00f1a - El Digital de Asturias","twitter:description":"Madrid, 4 feb (EFE).- El alcalde de Lleida, \u00c1ngel Ros, ha dicho hoy que espera, desea y est\u00e1 convencido, de que no se va a producir ninguna escisi\u00f3n en el PSC por el bien de Catalu\u00f1a, ya que este partido ha sido un factor clave de la cohesi\u00f3n de la sociedad y de la integraci\u00f3n","twitter:label1":"Escrito por","twitter:data1":"El Digital de Asturias","twitter:label2":"Tiempo de lectura estimado","twitter:data2":"4 minutos"},"aioseo_meta_data":{"post_id":"483270","title":null,"description":null,"keywords":null,"keyphrases":null,"primary_term":null,"canonical_url":null,"og_title":null,"og_description":null,"og_object_type":"default","og_image_type":"default","og_image_url":null,"og_image_width":null,"og_image_height":null,"og_image_custom_url":null,"og_image_custom_fields":null,"og_video":null,"og_custom_url":null,"og_article_section":null,"og_article_tags":null,"twitter_use_og":true,"twitter_card":"default","twitter_image_type":"default","twitter_image_url":null,"twitter_image_custom_url":null,"twitter_image_custom_fields":null,"twitter_title":null,"twitter_description":null,"schema":{"blockGraphs":[],"customGraphs":[],"default":{"data":{"Article":[],"Course":[],"Dataset":[],"FAQPage":[],"Movie":[],"Person":[],"Product":[],"ProductReview":[],"Car":[],"Recipe":[],"Service":[],"SoftwareApplication":[],"WebPage":[]},"graphName":"","isEnabled":true},"graphs":[],"defaultGraph":"","defaultPostTypeGraph":""},"schema_type":null,"schema_type_options":null,"pillar_content":false,"robots_default":true,"robots_noindex":false,"robots_noarchive":false,"robots_nosnippet":false,"robots_nofollow":false,"robots_noimageindex":false,"robots_noodp":false,"robots_notranslate":false,"robots_max_snippet":null,"robots_max_videopreview":null,"robots_max_imagepreview":"none","priority":null,"frequency":null,"local_seo":null,"seo_analyzer_scan_date":"2026-06-02 12:21:45","breadcrumb_settings":null,"limit_modified_date":false,"open_ai":null,"ai":null,"created":"2020-11-14 22:54:44","updated":"2026-06-02 12:21:45","focus_keyword":null,"additional_keywords":null,"truseo_locale":null},"aioseo_breadcrumb":"<div class=\"aioseo-breadcrumbs\"><span class=\"aioseo-breadcrumb\">\n\t<a href=\"https:\/\/www.eldigitaldeasturias.com\/noticias\" title=\"Home\">Home<\/a>\n<\/span><span class=\"aioseo-breadcrumb-separator\">\u2013<\/span><span class=\"aioseo-breadcrumb\">\n\t<a href=\"https:\/\/www.eldigitaldeasturias.com\/noticias\/category\/actualidad\/\" title=\"Actualidad\">Actualidad<\/a>\n<\/span><span class=\"aioseo-breadcrumb-separator\">\u2013<\/span><span class=\"aioseo-breadcrumb\">\n\t<a href=\"https:\/\/www.eldigitaldeasturias.com\/noticias\/el-alcalde-de-lleida-espera-que-no-haya-escision-en-el-psc-por-el-bien-de-cataluna\/\" title=\"El alcalde de Lleida espera que no haya escisi\u00f3n en el PSC por el bien de Catalu\u00f1a\">El alcalde de Lleida espera que no haya escisi\u00f3n en el PSC por el bien de Catalu\u00f1a<\/a>\n<\/span><\/div>","aioseo_breadcrumb_json":[{"label":"Home","link":"https:\/\/www.eldigitaldeasturias.com\/noticias"},{"label":"Actualidad","link":"https:\/\/www.eldigitaldeasturias.com\/noticias\/category\/actualidad\/"},{"label":"El alcalde de Lleida espera que no haya escisi\u00f3n en el PSC por el bien de Catalu\u00f1a","link":"https:\/\/www.eldigitaldeasturias.com\/noticias\/el-alcalde-de-lleida-espera-que-no-haya-escision-en-el-psc-por-el-bien-de-cataluna\/"}],"_links":{"self":[{"href":"https:\/\/www.eldigitaldeasturias.com\/noticias\/wp-json\/wp\/v2\/posts\/483270","targetHints":{"allow":["GET"]}}],"collection":[{"href":"https:\/\/www.eldigitaldeasturias.com\/noticias\/wp-json\/wp\/v2\/posts"}],"about":[{"href":"https:\/\/www.eldigitaldeasturias.com\/noticias\/wp-json\/wp\/v2\/types\/post"}],"author":[{"embeddable":true,"href":"https:\/\/www.eldigitaldeasturias.com\/noticias\/wp-json\/wp\/v2\/users\/1"}],"replies":[{"embeddable":true,"href":"https:\/\/www.eldigitaldeasturias.com\/noticias\/wp-json\/wp\/v2\/comments?post=483270"}],"version-history":[{"count":0,"href":"https:\/\/www.eldigitaldeasturias.com\/noticias\/wp-json\/wp\/v2\/posts\/483270\/revisions"}],"wp:attachment":[{"href":"https:\/\/www.eldigitaldeasturias.com\/noticias\/wp-json\/wp\/v2\/media?parent=483270"}],"wp:term":[{"taxonomy":"category","embeddable":true,"href":"https:\/\/www.eldigitaldeasturias.com\/noticias\/wp-json\/wp\/v2\/categories?post=483270"},{"taxonomy":"post_tag","embeddable":true,"href":"https:\/\/www.eldigitaldeasturias.com\/noticias\/wp-json\/wp\/v2\/tags?post=483270"}],"curies":[{"name":"wp","href":"https:\/\/api.w.org\/{rel}","templated":true}]}}