{"id":483255,"date":"2014-02-04T16:05:49","date_gmt":"2014-02-04T17:05:49","guid":{"rendered":"http:\/\/www.eldigitaldeasturias.com\/noticias\/?p=483255"},"modified":"2014-02-04T16:05:49","modified_gmt":"2014-02-04T17:05:49","slug":"los-precios-industriales-subieron-el-02-por-ciento-en-la-ue-y-la-zona-euro-en-diciembre","status":"publish","type":"post","link":"https:\/\/www.eldigitaldeasturias.com\/noticias\/los-precios-industriales-subieron-el-02-por-ciento-en-la-ue-y-la-zona-euro-en-diciembre\/","title":{"rendered":"Los precios industriales subieron el 0,2 por ciento en la UE y la zona euro en diciembre"},"content":{"rendered":"<p><img loading=\"lazy\" decoding=\"async\" class=\"alignleft size-medium wp-image-483256\" alt=\"5906982w\" src=\"https:\/\/www.eldigitaldeasturias.com\/noticias\/wp-content\/uploads\/2014\/02\/5906982w-360x252.jpg\" width=\"360\" height=\"252\" \/>Bruselas, 4 feb (EFE).- El \u00edndice de precios de la producci\u00f3n industrial subi\u00f3 el 0,2 % en la zona euro y tambi\u00e9n en la Uni\u00f3n Europea (UE) en diciembre de 2013 con respecto al mes anterior, inform\u00f3 hoy Eurostat, la oficina estad\u00edstica comunitaria.<\/p>\n<p>En todo 2013, los precios industriales cayeron el 0,2 % en la zona euro y se mantuvieron estables en los Veintiocho.<\/p>\n<p>En comparaci\u00f3n con diciembre de 2012, los precios industriales bajaron el 0,8 % en los pa\u00edses del euro y el 0,6 % en la UE.<\/p>\n<p>En Espa\u00f1a, la subida de precios mensual fue la m\u00e1s elevada registrada en la UE (1,1 %), mientras que el dato interanual se situ\u00f3 en el 0,6 %.<\/p>\n<p>Si se excluye el sector de la construcci\u00f3n y el energ\u00e9tico, en el mes de diciembre, los precios de la industria permanecieron sin cambios en ambas \u00e1reas.<\/p>\n<p>Los precios del sector de la energ\u00eda registraron un alza del 0,5 % en la zona euro y el 0,7 % en toda la Uni\u00f3n en el \u00faltimo mes de 2013.<\/p>\n<p>El precio de los bienes de consumo no duraderos creci\u00f3 el 0,1 % en el \u00e1rea de la moneda \u00fanica y se mantuvo al mismo nivel en la UE, mientras que el de los bienes intermedios, de inversi\u00f3n y de consumo duradero no registr\u00f3 ning\u00fan cambio en ninguna de las dos zonas.<\/p>\n<p>Entre los estados miembros cuyos datos est\u00e1n disponibles, Eurostat destaca el incremento registrado en los precios industriales en Espa\u00f1a (1,1 %) y Rep\u00fablica Checa y Suecia (ambas, 0,8 %).<\/p>\n<p>Por el contrario, las mayores bajadas de los precios industriales en diciembre tuvieron lugar en Estonia (1,7 %), Letonia (0,9 %) y Lituania (0,6 %).<\/p>\n<p>En cuanto a los datos anuales, los precios industriales, excluido el sector de la construcci\u00f3n y el energ\u00e9tico, bajaron el 0,3 % en la zona euro y el 0,1 % en la UE.<\/p>\n<p>El precio del sector de la energ\u00eda se redujo el 2 % en la zona euro y el 1,5 % en la Uni\u00f3n.<\/p>\n<p>Los bienes intermedios se abarataron el 1,7 % en la zona euro y el 0,7 % en los Veintiocho, en tanto que los bienes de consumo no duradero subieron el 1,9 % y el 1 %, respectivamente.<\/p>\n<p>El precio de los bienes de consumo duradero aument\u00f3 el 0,6 % en ambas zonas, y el de los bienes de inversi\u00f3n aument\u00f3 el 0,6 % en la zona euro y el 0,7 % en la UE.<\/p>\n<p>Por pa\u00edses, las mayores subidas anuales de los precios industriales se produjeron en Estonia (7,2 %), Rep\u00fablica Checa (1,8 %), Irlanda (1,4 %) y Ruman\u00eda (1 %).<\/p>\n<p>Las bajadas m\u00e1s marcadas, en cambio, fueron las de Chipre (5,2 %), B\u00e9lgica (3,6 %) y Bulgaria (2,8 %).<\/p>\n","protected":false},"excerpt":{"rendered":"<p>Bruselas, 4 feb (EFE).- El \u00edndice de precios de la producci\u00f3n industrial subi\u00f3 el 0,2 % en la zona euro y tambi\u00e9n en la Uni\u00f3n Europea (UE) en diciembre de 2013 con respecto al mes anterior, inform\u00f3 hoy Eurostat, la oficina estad\u00edstica comunitaria. En todo 2013, los precios industriales cayeron el 0,2 % en la [&hellip;]<\/p>\n","protected":false},"author":1,"featured_media":483256,"comment_status":"closed","ping_status":"open","sticky":false,"template":"","format":"standard","meta":{"footnotes":""},"categories":[1],"tags":[],"class_list":["post-483255","post","type-post","status-publish","format-standard","has-post-thumbnail","hentry","category-actualidad"],"aioseo_notices":[],"aioseo_head":"\n\t\t<!-- All in One SEO Pro 5.0.1 - aioseo.com -->\n\t<meta name=\"description\" content=\"Bruselas, 4 feb (EFE).- El \u00edndice de precios de la producci\u00f3n industrial subi\u00f3 el 0,2 % en la zona euro y tambi\u00e9n en la Uni\u00f3n Europea (UE) en diciembre de 2013 con respecto al mes anterior, inform\u00f3 hoy Eurostat, la oficina estad\u00edstica comunitaria. En todo 2013, los precios industriales cayeron el 0,2 % en la\" \/>\n\t<meta name=\"robots\" content=\"max-image-preview:large\" \/>\n\t<meta name=\"author\" content=\"El Digital de Asturias\"\/>\n\t<meta name=\"google-site-verification\" content=\"UA-38556648-1\" \/>\n\t<meta name=\"msvalidate.01\" content=\"7dfe9f3f1b24437ab69f4f2559babe99\" \/>\n\t<meta name=\"keywords\" content=\"actualidad\" \/>\n\t<link rel=\"canonical\" href=\"https:\/\/www.eldigitaldeasturias.com\/noticias\/los-precios-industriales-subieron-el-02-por-ciento-en-la-ue-y-la-zona-euro-en-diciembre\/\" \/>\n\t<meta name=\"generator\" content=\"All in One SEO Pro (AIOSEO) 5.0.1\" \/>\n\t\t<meta property=\"og:locale\" content=\"es_ES\" \/>\n\t\t<meta property=\"og:site_name\" content=\"El Digital de Asturias\" \/>\n\t\t<meta property=\"og:type\" content=\"article\" \/>\n\t\t<meta property=\"og:title\" content=\"Los precios industriales subieron el 0,2 por ciento en la UE y la zona euro en diciembre - El Digital de Asturias\" \/>\n\t\t<meta property=\"og:description\" content=\"Bruselas, 4 feb (EFE).- El \u00edndice de precios de la producci\u00f3n industrial subi\u00f3 el 0,2 % en la zona euro y tambi\u00e9n en la Uni\u00f3n Europea (UE) en diciembre de 2013 con respecto al mes anterior, inform\u00f3 hoy Eurostat, la oficina estad\u00edstica comunitaria. En todo 2013, los precios industriales cayeron el 0,2 % en la\" \/>\n\t\t<meta property=\"og:url\" content=\"https:\/\/www.eldigitaldeasturias.com\/noticias\/los-precios-industriales-subieron-el-02-por-ciento-en-la-ue-y-la-zona-euro-en-diciembre\/\" \/>\n\t\t<meta property=\"article:tag\" content=\"actualidad\" \/>\n\t\t<meta property=\"article:published_time\" content=\"2014-02-04T17:05:49+00:00\" \/>\n\t\t<meta property=\"article:modified_time\" content=\"2014-02-04T17:05:49+00:00\" \/>\n\t\t<meta property=\"article:publisher\" content=\"https:\/\/facebook.com\/eldigitaldeasturias\" \/>\n\t\t<meta name=\"twitter:card\" content=\"summary_large_image\" \/>\n\t\t<meta name=\"twitter:title\" content=\"Los precios industriales subieron el 0,2 por ciento en la UE y la zona euro en diciembre - El Digital de Asturias\" \/>\n\t\t<meta name=\"twitter:description\" content=\"Bruselas, 4 feb (EFE).- El \u00edndice de precios de la producci\u00f3n industrial subi\u00f3 el 0,2 % en la zona euro y tambi\u00e9n en la Uni\u00f3n Europea (UE) en diciembre de 2013 con respecto al mes anterior, inform\u00f3 hoy Eurostat, la oficina estad\u00edstica comunitaria. En todo 2013, los precios industriales cayeron el 0,2 % en la\" \/>\n\t\t<meta name=\"twitter:label1\" content=\"Escrito por\" \/>\n\t\t<meta name=\"twitter:data1\" content=\"El Digital de Asturias\" \/>\n\t\t<meta name=\"twitter:label2\" content=\"Tiempo de lectura estimado\" \/>\n\t\t<meta name=\"twitter:data2\" content=\"2 minutos\" \/>\n\t\t<script type=\"application\/ld+json\" class=\"aioseo-schema\">\n\t\t\t{\"@context\":\"https:\\\/\\\/schema.org\",\"@graph\":[{\"@type\":\"BlogPosting\",\"@id\":\"https:\\\/\\\/www.eldigitaldeasturias.com\\\/noticias\\\/los-precios-industriales-subieron-el-02-por-ciento-en-la-ue-y-la-zona-euro-en-diciembre\\\/#blogposting\",\"name\":\"Los precios industriales subieron el 0,2 por ciento en la UE y la zona euro en diciembre - El Digital de Asturias\",\"headline\":\"Los precios industriales subieron el 0,2 por ciento en la UE y la zona euro en diciembre\",\"author\":{\"@id\":\"https:\\\/\\\/www.eldigitaldeasturias.com\\\/noticias\\\/author\\\/admin\\\/#author\"},\"publisher\":{\"@id\":\"https:\\\/\\\/www.eldigitaldeasturias.com\\\/noticias\\\/#organization\"},\"image\":{\"@type\":\"ImageObject\",\"url\":483256},\"datePublished\":\"2014-02-04T16:05:49+01:00\",\"dateModified\":\"2014-02-04T16:05:49+01:00\",\"inLanguage\":\"es-ES\",\"mainEntityOfPage\":{\"@id\":\"https:\\\/\\\/www.eldigitaldeasturias.com\\\/noticias\\\/los-precios-industriales-subieron-el-02-por-ciento-en-la-ue-y-la-zona-euro-en-diciembre\\\/#webpage\"},\"isPartOf\":{\"@id\":\"https:\\\/\\\/www.eldigitaldeasturias.com\\\/noticias\\\/los-precios-industriales-subieron-el-02-por-ciento-en-la-ue-y-la-zona-euro-en-diciembre\\\/#webpage\"},\"articleSection\":\"Actualidad\"},{\"@type\":\"BreadcrumbList\",\"@id\":\"https:\\\/\\\/www.eldigitaldeasturias.com\\\/noticias\\\/los-precios-industriales-subieron-el-02-por-ciento-en-la-ue-y-la-zona-euro-en-diciembre\\\/#breadcrumblist\",\"itemListElement\":[{\"@type\":\"ListItem\",\"@id\":\"https:\\\/\\\/www.eldigitaldeasturias.com\\\/noticias#listItem\",\"position\":1,\"name\":\"Home\",\"item\":\"https:\\\/\\\/www.eldigitaldeasturias.com\\\/noticias\",\"nextItem\":{\"@type\":\"ListItem\",\"@id\":\"https:\\\/\\\/www.eldigitaldeasturias.com\\\/noticias\\\/category\\\/actualidad\\\/#listItem\",\"name\":\"Actualidad\"}},{\"@type\":\"ListItem\",\"@id\":\"https:\\\/\\\/www.eldigitaldeasturias.com\\\/noticias\\\/category\\\/actualidad\\\/#listItem\",\"position\":2,\"name\":\"Actualidad\",\"item\":\"https:\\\/\\\/www.eldigitaldeasturias.com\\\/noticias\\\/category\\\/actualidad\\\/\",\"nextItem\":{\"@type\":\"ListItem\",\"@id\":\"https:\\\/\\\/www.eldigitaldeasturias.com\\\/noticias\\\/los-precios-industriales-subieron-el-02-por-ciento-en-la-ue-y-la-zona-euro-en-diciembre\\\/#listItem\",\"name\":\"Los precios industriales subieron el 0,2 por ciento en la UE y la zona euro en diciembre\"},\"previousItem\":{\"@type\":\"ListItem\",\"@id\":\"https:\\\/\\\/www.eldigitaldeasturias.com\\\/noticias#listItem\",\"name\":\"Home\"}},{\"@type\":\"ListItem\",\"@id\":\"https:\\\/\\\/www.eldigitaldeasturias.com\\\/noticias\\\/los-precios-industriales-subieron-el-02-por-ciento-en-la-ue-y-la-zona-euro-en-diciembre\\\/#listItem\",\"position\":3,\"name\":\"Los precios industriales subieron el 0,2 por ciento en la UE y la zona euro en diciembre\",\"previousItem\":{\"@type\":\"ListItem\",\"@id\":\"https:\\\/\\\/www.eldigitaldeasturias.com\\\/noticias\\\/category\\\/actualidad\\\/#listItem\",\"name\":\"Actualidad\"}}]},{\"@type\":\"Organization\",\"@id\":\"https:\\\/\\\/www.eldigitaldeasturias.com\\\/noticias\\\/#organization\",\"name\":\"El Digital de Asturias\",\"description\":\"Hemeroteca\",\"url\":\"https:\\\/\\\/www.eldigitaldeasturias.com\\\/noticias\\\/\",\"email\":\"info@eldigitaldeasturias.com\",\"telephone\":\"+34652131393\",\"logo\":{\"@type\":\"ImageObject\",\"url\":\"https:\\\/\\\/www.eldigitaldeasturias.com\\\/noticias\\\/wp-content\\\/uploads\\\/2020\\\/12\\\/EDA.jpg\",\"@id\":\"https:\\\/\\\/www.eldigitaldeasturias.com\\\/noticias\\\/los-precios-industriales-subieron-el-02-por-ciento-en-la-ue-y-la-zona-euro-en-diciembre\\\/#organizationLogo\"},\"image\":{\"@id\":\"https:\\\/\\\/www.eldigitaldeasturias.com\\\/noticias\\\/los-precios-industriales-subieron-el-02-por-ciento-en-la-ue-y-la-zona-euro-en-diciembre\\\/#organizationLogo\"},\"sameAs\":[\"https:\\\/\\\/facebook.com\\\/eldigitaldeasturias\",\"https:\\\/\\\/www.youtube.com\\\/channel\\\/UCZP-2wLEB9Rv6erhFmqVnvg\"],\"address\":{\"@id\":\"https:\\\/\\\/www.eldigitaldeasturias.com\\\/noticias\\\/#postaladdress\",\"@type\":\"PostalAddress\",\"streetAddress\":\"san antonio 4\",\"postalCode\":\"33430\",\"addressLocality\":\"Cand\\u00e1s\",\"addressRegion\":\"Asturias\",\"addressCountry\":\"ES\"}},{\"@type\":\"Person\",\"@id\":\"https:\\\/\\\/www.eldigitaldeasturias.com\\\/noticias\\\/author\\\/admin\\\/#author\",\"url\":\"https:\\\/\\\/www.eldigitaldeasturias.com\\\/noticias\\\/author\\\/admin\\\/\",\"name\":\"El Digital de Asturias\",\"image\":{\"@type\":\"ImageObject\",\"@id\":\"https:\\\/\\\/www.eldigitaldeasturias.com\\\/noticias\\\/los-precios-industriales-subieron-el-02-por-ciento-en-la-ue-y-la-zona-euro-en-diciembre\\\/#authorImage\",\"url\":\"https:\\\/\\\/secure.gravatar.com\\\/avatar\\\/df2aeffc32bcd13f8d26072ef8a91b623d677766deac7f97ca815868cd41bf5e?s=96&d=mm&r=g\",\"width\":96,\"height\":96,\"caption\":\"El Digital de Asturias\"}},{\"@type\":\"WebPage\",\"@id\":\"https:\\\/\\\/www.eldigitaldeasturias.com\\\/noticias\\\/los-precios-industriales-subieron-el-02-por-ciento-en-la-ue-y-la-zona-euro-en-diciembre\\\/#webpage\",\"url\":\"https:\\\/\\\/www.eldigitaldeasturias.com\\\/noticias\\\/los-precios-industriales-subieron-el-02-por-ciento-en-la-ue-y-la-zona-euro-en-diciembre\\\/\",\"name\":\"Los precios industriales subieron el 0,2 por ciento en la UE y la zona euro en diciembre - El Digital de Asturias\",\"description\":\"Bruselas, 4 feb (EFE).- El \\u00edndice de precios de la producci\\u00f3n industrial subi\\u00f3 el 0,2 % en la zona euro y tambi\\u00e9n en la Uni\\u00f3n Europea (UE) en diciembre de 2013 con respecto al mes anterior, inform\\u00f3 hoy Eurostat, la oficina estad\\u00edstica comunitaria. En todo 2013, los precios industriales cayeron el 0,2 % en la\",\"inLanguage\":\"es-ES\",\"isPartOf\":{\"@id\":\"https:\\\/\\\/www.eldigitaldeasturias.com\\\/noticias\\\/#website\"},\"breadcrumb\":{\"@id\":\"https:\\\/\\\/www.eldigitaldeasturias.com\\\/noticias\\\/los-precios-industriales-subieron-el-02-por-ciento-en-la-ue-y-la-zona-euro-en-diciembre\\\/#breadcrumblist\"},\"author\":{\"@id\":\"https:\\\/\\\/www.eldigitaldeasturias.com\\\/noticias\\\/author\\\/admin\\\/#author\"},\"creator\":{\"@id\":\"https:\\\/\\\/www.eldigitaldeasturias.com\\\/noticias\\\/author\\\/admin\\\/#author\"},\"image\":{\"@type\":\"ImageObject\",\"url\":483256,\"@id\":\"https:\\\/\\\/www.eldigitaldeasturias.com\\\/noticias\\\/los-precios-industriales-subieron-el-02-por-ciento-en-la-ue-y-la-zona-euro-en-diciembre\\\/#mainImage\"},\"primaryImageOfPage\":{\"@id\":\"https:\\\/\\\/www.eldigitaldeasturias.com\\\/noticias\\\/los-precios-industriales-subieron-el-02-por-ciento-en-la-ue-y-la-zona-euro-en-diciembre\\\/#mainImage\"},\"datePublished\":\"2014-02-04T16:05:49+01:00\",\"dateModified\":\"2014-02-04T16:05:49+01:00\"},{\"@type\":\"WebSite\",\"@id\":\"https:\\\/\\\/www.eldigitaldeasturias.com\\\/noticias\\\/#website\",\"url\":\"https:\\\/\\\/www.eldigitaldeasturias.com\\\/noticias\\\/\",\"name\":\"El Digital de Asturias - Diario de actualidad y noticias\",\"alternateName\":\"El Digital de Asturias - Diario de actualidad y noticias\",\"description\":\"Hemeroteca\",\"inLanguage\":\"es-ES\",\"publisher\":{\"@id\":\"https:\\\/\\\/www.eldigitaldeasturias.com\\\/noticias\\\/#organization\"}}]}\n\t\t<\/script>\n\t\t<!-- All in One SEO Pro -->\r\n\t\t<title>Los precios industriales subieron el 0,2 por ciento en la UE y la zona euro en diciembre - El Digital de Asturias<\/title>\n\n","aioseo_head_json":{"title":"Los precios industriales subieron el 0,2 por ciento en la UE y la zona euro en diciembre - El Digital de Asturias","description":"Bruselas, 4 feb (EFE).- El \u00edndice de precios de la producci\u00f3n industrial subi\u00f3 el 0,2 % en la zona euro y tambi\u00e9n en la Uni\u00f3n Europea (UE) en diciembre de 2013 con respecto al mes anterior, inform\u00f3 hoy Eurostat, la oficina estad\u00edstica comunitaria. En todo 2013, los precios industriales cayeron el 0,2 % en la","canonical_url":"https:\/\/www.eldigitaldeasturias.com\/noticias\/los-precios-industriales-subieron-el-02-por-ciento-en-la-ue-y-la-zona-euro-en-diciembre\/","robots":"max-image-preview:large","keywords":"actualidad","webmasterTools":{"google-site-verification":"UA-38556648-1","msvalidate.01":"7dfe9f3f1b24437ab69f4f2559babe99","miscellaneous":""},"schema":{"@context":"https:\/\/schema.org","@graph":[{"@type":"BlogPosting","@id":"https:\/\/www.eldigitaldeasturias.com\/noticias\/los-precios-industriales-subieron-el-02-por-ciento-en-la-ue-y-la-zona-euro-en-diciembre\/#blogposting","name":"Los precios industriales subieron el 0,2 por ciento en la UE y la zona euro en diciembre - El Digital de Asturias","headline":"Los precios industriales subieron el 0,2 por ciento en la UE y la zona euro en diciembre","author":{"@id":"https:\/\/www.eldigitaldeasturias.com\/noticias\/author\/admin\/#author"},"publisher":{"@id":"https:\/\/www.eldigitaldeasturias.com\/noticias\/#organization"},"image":{"@type":"ImageObject","url":483256},"datePublished":"2014-02-04T16:05:49+01:00","dateModified":"2014-02-04T16:05:49+01:00","inLanguage":"es-ES","mainEntityOfPage":{"@id":"https:\/\/www.eldigitaldeasturias.com\/noticias\/los-precios-industriales-subieron-el-02-por-ciento-en-la-ue-y-la-zona-euro-en-diciembre\/#webpage"},"isPartOf":{"@id":"https:\/\/www.eldigitaldeasturias.com\/noticias\/los-precios-industriales-subieron-el-02-por-ciento-en-la-ue-y-la-zona-euro-en-diciembre\/#webpage"},"articleSection":"Actualidad"},{"@type":"BreadcrumbList","@id":"https:\/\/www.eldigitaldeasturias.com\/noticias\/los-precios-industriales-subieron-el-02-por-ciento-en-la-ue-y-la-zona-euro-en-diciembre\/#breadcrumblist","itemListElement":[{"@type":"ListItem","@id":"https:\/\/www.eldigitaldeasturias.com\/noticias#listItem","position":1,"name":"Home","item":"https:\/\/www.eldigitaldeasturias.com\/noticias","nextItem":{"@type":"ListItem","@id":"https:\/\/www.eldigitaldeasturias.com\/noticias\/category\/actualidad\/#listItem","name":"Actualidad"}},{"@type":"ListItem","@id":"https:\/\/www.eldigitaldeasturias.com\/noticias\/category\/actualidad\/#listItem","position":2,"name":"Actualidad","item":"https:\/\/www.eldigitaldeasturias.com\/noticias\/category\/actualidad\/","nextItem":{"@type":"ListItem","@id":"https:\/\/www.eldigitaldeasturias.com\/noticias\/los-precios-industriales-subieron-el-02-por-ciento-en-la-ue-y-la-zona-euro-en-diciembre\/#listItem","name":"Los precios industriales subieron el 0,2 por ciento en la UE y la zona euro en diciembre"},"previousItem":{"@type":"ListItem","@id":"https:\/\/www.eldigitaldeasturias.com\/noticias#listItem","name":"Home"}},{"@type":"ListItem","@id":"https:\/\/www.eldigitaldeasturias.com\/noticias\/los-precios-industriales-subieron-el-02-por-ciento-en-la-ue-y-la-zona-euro-en-diciembre\/#listItem","position":3,"name":"Los precios industriales subieron el 0,2 por ciento en la UE y la zona euro en diciembre","previousItem":{"@type":"ListItem","@id":"https:\/\/www.eldigitaldeasturias.com\/noticias\/category\/actualidad\/#listItem","name":"Actualidad"}}]},{"@type":"Organization","@id":"https:\/\/www.eldigitaldeasturias.com\/noticias\/#organization","name":"El Digital de Asturias","description":"Hemeroteca","url":"https:\/\/www.eldigitaldeasturias.com\/noticias\/","email":"info@eldigitaldeasturias.com","telephone":"+34652131393","logo":{"@type":"ImageObject","url":"https:\/\/www.eldigitaldeasturias.com\/noticias\/wp-content\/uploads\/2020\/12\/EDA.jpg","@id":"https:\/\/www.eldigitaldeasturias.com\/noticias\/los-precios-industriales-subieron-el-02-por-ciento-en-la-ue-y-la-zona-euro-en-diciembre\/#organizationLogo"},"image":{"@id":"https:\/\/www.eldigitaldeasturias.com\/noticias\/los-precios-industriales-subieron-el-02-por-ciento-en-la-ue-y-la-zona-euro-en-diciembre\/#organizationLogo"},"sameAs":["https:\/\/facebook.com\/eldigitaldeasturias","https:\/\/www.youtube.com\/channel\/UCZP-2wLEB9Rv6erhFmqVnvg"],"address":{"@id":"https:\/\/www.eldigitaldeasturias.com\/noticias\/#postaladdress","@type":"PostalAddress","streetAddress":"san antonio 4","postalCode":"33430","addressLocality":"Cand\u00e1s","addressRegion":"Asturias","addressCountry":"ES"}},{"@type":"Person","@id":"https:\/\/www.eldigitaldeasturias.com\/noticias\/author\/admin\/#author","url":"https:\/\/www.eldigitaldeasturias.com\/noticias\/author\/admin\/","name":"El Digital de Asturias","image":{"@type":"ImageObject","@id":"https:\/\/www.eldigitaldeasturias.com\/noticias\/los-precios-industriales-subieron-el-02-por-ciento-en-la-ue-y-la-zona-euro-en-diciembre\/#authorImage","url":"https:\/\/secure.gravatar.com\/avatar\/df2aeffc32bcd13f8d26072ef8a91b623d677766deac7f97ca815868cd41bf5e?s=96&d=mm&r=g","width":96,"height":96,"caption":"El Digital de Asturias"}},{"@type":"WebPage","@id":"https:\/\/www.eldigitaldeasturias.com\/noticias\/los-precios-industriales-subieron-el-02-por-ciento-en-la-ue-y-la-zona-euro-en-diciembre\/#webpage","url":"https:\/\/www.eldigitaldeasturias.com\/noticias\/los-precios-industriales-subieron-el-02-por-ciento-en-la-ue-y-la-zona-euro-en-diciembre\/","name":"Los precios industriales subieron el 0,2 por ciento en la UE y la zona euro en diciembre - El Digital de Asturias","description":"Bruselas, 4 feb (EFE).- El \u00edndice de precios de la producci\u00f3n industrial subi\u00f3 el 0,2 % en la zona euro y tambi\u00e9n en la Uni\u00f3n Europea (UE) en diciembre de 2013 con respecto al mes anterior, inform\u00f3 hoy Eurostat, la oficina estad\u00edstica comunitaria. En todo 2013, los precios industriales cayeron el 0,2 % en la","inLanguage":"es-ES","isPartOf":{"@id":"https:\/\/www.eldigitaldeasturias.com\/noticias\/#website"},"breadcrumb":{"@id":"https:\/\/www.eldigitaldeasturias.com\/noticias\/los-precios-industriales-subieron-el-02-por-ciento-en-la-ue-y-la-zona-euro-en-diciembre\/#breadcrumblist"},"author":{"@id":"https:\/\/www.eldigitaldeasturias.com\/noticias\/author\/admin\/#author"},"creator":{"@id":"https:\/\/www.eldigitaldeasturias.com\/noticias\/author\/admin\/#author"},"image":{"@type":"ImageObject","url":483256,"@id":"https:\/\/www.eldigitaldeasturias.com\/noticias\/los-precios-industriales-subieron-el-02-por-ciento-en-la-ue-y-la-zona-euro-en-diciembre\/#mainImage"},"primaryImageOfPage":{"@id":"https:\/\/www.eldigitaldeasturias.com\/noticias\/los-precios-industriales-subieron-el-02-por-ciento-en-la-ue-y-la-zona-euro-en-diciembre\/#mainImage"},"datePublished":"2014-02-04T16:05:49+01:00","dateModified":"2014-02-04T16:05:49+01:00"},{"@type":"WebSite","@id":"https:\/\/www.eldigitaldeasturias.com\/noticias\/#website","url":"https:\/\/www.eldigitaldeasturias.com\/noticias\/","name":"El Digital de Asturias - Diario de actualidad y noticias","alternateName":"El Digital de Asturias - Diario de actualidad y noticias","description":"Hemeroteca","inLanguage":"es-ES","publisher":{"@id":"https:\/\/www.eldigitaldeasturias.com\/noticias\/#organization"}}]},"og:locale":"es_ES","og:site_name":"El Digital de Asturias","og:type":"article","og:title":"Los precios industriales subieron el 0,2 por ciento en la UE y la zona euro en diciembre - El Digital de Asturias","og:description":"Bruselas, 4 feb (EFE).- El \u00edndice de precios de la producci\u00f3n industrial subi\u00f3 el 0,2 % en la zona euro y tambi\u00e9n en la Uni\u00f3n Europea (UE) en diciembre de 2013 con respecto al mes anterior, inform\u00f3 hoy Eurostat, la oficina estad\u00edstica comunitaria. En todo 2013, los precios industriales cayeron el 0,2 % en la","og:url":"https:\/\/www.eldigitaldeasturias.com\/noticias\/los-precios-industriales-subieron-el-02-por-ciento-en-la-ue-y-la-zona-euro-en-diciembre\/","article:tag":["actualidad"],"article:published_time":"2014-02-04T17:05:49+00:00","article:modified_time":"2014-02-04T17:05:49+00:00","article:publisher":"https:\/\/facebook.com\/eldigitaldeasturias","twitter:card":"summary_large_image","twitter:title":"Los precios industriales subieron el 0,2 por ciento en la UE y la zona euro en diciembre - El Digital de Asturias","twitter:description":"Bruselas, 4 feb (EFE).- El \u00edndice de precios de la producci\u00f3n industrial subi\u00f3 el 0,2 % en la zona euro y tambi\u00e9n en la Uni\u00f3n Europea (UE) en diciembre de 2013 con respecto al mes anterior, inform\u00f3 hoy Eurostat, la oficina estad\u00edstica comunitaria. En todo 2013, los precios industriales cayeron el 0,2 % en la","twitter:label1":"Escrito por","twitter:data1":"El Digital de Asturias","twitter:label2":"Tiempo de lectura estimado","twitter:data2":"2 minutos"},"aioseo_meta_data":{"post_id":"483255","title":null,"description":null,"keywords":null,"keyphrases":null,"primary_term":null,"canonical_url":null,"og_title":null,"og_description":null,"og_object_type":"default","og_image_type":"default","og_image_url":null,"og_image_width":null,"og_image_height":null,"og_image_custom_url":null,"og_image_custom_fields":null,"og_video":null,"og_custom_url":null,"og_article_section":null,"og_article_tags":null,"twitter_use_og":true,"twitter_card":"default","twitter_image_type":"default","twitter_image_url":null,"twitter_image_custom_url":null,"twitter_image_custom_fields":null,"twitter_title":null,"twitter_description":null,"schema":{"blockGraphs":[],"customGraphs":[],"default":{"data":{"Article":[],"Course":[],"Dataset":[],"FAQPage":[],"Movie":[],"Person":[],"Product":[],"ProductReview":[],"Car":[],"Recipe":[],"Service":[],"SoftwareApplication":[],"WebPage":[]},"graphName":"","isEnabled":true},"graphs":[],"defaultGraph":"","defaultPostTypeGraph":""},"schema_type":null,"schema_type_options":null,"pillar_content":false,"robots_default":true,"robots_noindex":false,"robots_noarchive":false,"robots_nosnippet":false,"robots_nofollow":false,"robots_noimageindex":false,"robots_noodp":false,"robots_notranslate":false,"robots_max_snippet":null,"robots_max_videopreview":null,"robots_max_imagepreview":"none","priority":null,"frequency":null,"local_seo":null,"seo_analyzer_scan_date":"2026-06-02 12:19:52","breadcrumb_settings":null,"limit_modified_date":false,"open_ai":null,"ai":null,"created":"2020-11-14 22:54:44","updated":"2026-06-02 12:19:52","focus_keyword":null,"additional_keywords":null,"truseo_locale":null},"aioseo_breadcrumb":"<div class=\"aioseo-breadcrumbs\"><span class=\"aioseo-breadcrumb\">\n\t<a href=\"https:\/\/www.eldigitaldeasturias.com\/noticias\" title=\"Home\">Home<\/a>\n<\/span><span class=\"aioseo-breadcrumb-separator\">\u2013<\/span><span class=\"aioseo-breadcrumb\">\n\t<a href=\"https:\/\/www.eldigitaldeasturias.com\/noticias\/category\/actualidad\/\" title=\"Actualidad\">Actualidad<\/a>\n<\/span><span class=\"aioseo-breadcrumb-separator\">\u2013<\/span><span class=\"aioseo-breadcrumb\">\n\t<a href=\"https:\/\/www.eldigitaldeasturias.com\/noticias\/los-precios-industriales-subieron-el-02-por-ciento-en-la-ue-y-la-zona-euro-en-diciembre\/\" title=\"Los precios industriales subieron el 0,2 por ciento en la UE y la zona euro en diciembre\">Los precios industriales subieron el 0,2 por ciento en la UE y la zona euro en diciembre<\/a>\n<\/span><\/div>","aioseo_breadcrumb_json":[{"label":"Home","link":"https:\/\/www.eldigitaldeasturias.com\/noticias"},{"label":"Actualidad","link":"https:\/\/www.eldigitaldeasturias.com\/noticias\/category\/actualidad\/"},{"label":"Los precios industriales subieron el 0,2 por ciento en la UE y la zona euro en diciembre","link":"https:\/\/www.eldigitaldeasturias.com\/noticias\/los-precios-industriales-subieron-el-02-por-ciento-en-la-ue-y-la-zona-euro-en-diciembre\/"}],"_links":{"self":[{"href":"https:\/\/www.eldigitaldeasturias.com\/noticias\/wp-json\/wp\/v2\/posts\/483255","targetHints":{"allow":["GET"]}}],"collection":[{"href":"https:\/\/www.eldigitaldeasturias.com\/noticias\/wp-json\/wp\/v2\/posts"}],"about":[{"href":"https:\/\/www.eldigitaldeasturias.com\/noticias\/wp-json\/wp\/v2\/types\/post"}],"author":[{"embeddable":true,"href":"https:\/\/www.eldigitaldeasturias.com\/noticias\/wp-json\/wp\/v2\/users\/1"}],"replies":[{"embeddable":true,"href":"https:\/\/www.eldigitaldeasturias.com\/noticias\/wp-json\/wp\/v2\/comments?post=483255"}],"version-history":[{"count":0,"href":"https:\/\/www.eldigitaldeasturias.com\/noticias\/wp-json\/wp\/v2\/posts\/483255\/revisions"}],"wp:attachment":[{"href":"https:\/\/www.eldigitaldeasturias.com\/noticias\/wp-json\/wp\/v2\/media?parent=483255"}],"wp:term":[{"taxonomy":"category","embeddable":true,"href":"https:\/\/www.eldigitaldeasturias.com\/noticias\/wp-json\/wp\/v2\/categories?post=483255"},{"taxonomy":"post_tag","embeddable":true,"href":"https:\/\/www.eldigitaldeasturias.com\/noticias\/wp-json\/wp\/v2\/tags?post=483255"}],"curies":[{"name":"wp","href":"https:\/\/api.w.org\/{rel}","templated":true}]}}