{"id":483246,"date":"2014-02-04T16:01:59","date_gmt":"2014-02-04T17:01:59","guid":{"rendered":"http:\/\/www.eldigitaldeasturias.com\/noticias\/?p=483246"},"modified":"2014-02-04T16:01:59","modified_gmt":"2014-02-04T17:01:59","slug":"valenciano-urge-al-dialogo-en-ucrania-para-acabar-con-la-violencia","status":"publish","type":"post","link":"https:\/\/www.eldigitaldeasturias.com\/noticias\/valenciano-urge-al-dialogo-en-ucrania-para-acabar-con-la-violencia\/","title":{"rendered":"Valenciano urge al di\u00e1logo en Ucrania para acabar con la violencia"},"content":{"rendered":"<p><img loading=\"lazy\" decoding=\"async\" class=\"alignleft size-medium wp-image-483247\" alt=\"5906972w\" src=\"https:\/\/www.eldigitaldeasturias.com\/noticias\/wp-content\/uploads\/2014\/02\/5906972w-360x239.jpg\" width=\"360\" height=\"239\" \/>Madrid, 4 feb (EFE).- La vicesecretaria general del PSOE y vicepresidenta del PSE, Elena Valenciano, ha reclamado hoy al Gobierno ucraniano que muestre \u00absignos m\u00e1s claros de voluntad de di\u00e1logo\u00bb con la oposici\u00f3n democr\u00e1tica y con la sociedad civil para intentar acabar con \u00abla alarmante escalada de violencia\u00bb.<\/p>\n<p>En un comentario escrito en su p\u00e1gina en Facebook Valenciano se muestra \u00abprofundamente preocupada\u00bb por los repetidos y graves episodios de violencia que siguen produci\u00e9ndose en Ucrania, como es el caso del opositor Dymitro Bulatov, que reapareci\u00f3 recientemente con se\u00f1ales de tortura.<\/p>\n<p>Valenciano, que valora los pasos que ya se han dado para rebajar la tensi\u00f3n, como la amnist\u00eda decretada por el Parlamento, la revocaci\u00f3n de las leyes que reprimen los derechos de expresi\u00f3n y de reuni\u00f3n o la dimisi\u00f3n del primer ministro Myja Azarov, considera que \u00aben este grave conflicto hay que avanzar m\u00e1s r\u00e1pido para evitar el estancamiento y que se recrudezca la violencia\u00bb.<\/p>\n<p>La dirigente socialista celebra que en la conferencia de seguridad de M\u00fanich del pasado fin de semana se haya debatido al m\u00e1s alto nivel sobre Ucrania y que la UE y Estados Unidos hayan decidido redoblar los esfuerzos.<\/p>\n<p>En este sentido, cree que el paquete de ayuda financiera anunciado por la Alta Representante de la UE, Catherine Asthon, para ayudar a Ucrania en una futura transici\u00f3n \u00abes un paso acertado para encauzar este conflicto\u00bb.<\/p>\n<p>Tambi\u00e9n respalda los esfuerzos del Parlamento Europeo, que ha enviado una delegaci\u00f3n a Kiev y que aprobar\u00e1 el jueves una resoluci\u00f3n para contribuir a un di\u00e1logo constructivo que ponga fin inmediato a la violencia y, en el futuro, continuar con las reformas necesarias para la consolidaci\u00f3n democr\u00e1tica en Ucrania y el establecimiento de unas relaciones de vecindad equilibradas y en beneficio del pueblo ucraniano con la UE y con Rusia.<\/p>\n<p>\u00abLas buenas relaciones de los pa\u00edses de la vecindad oriental con Rusia y los acuerdos con la UE no son incompatibles\u00bb, a\u00f1ade Valenciano, en cuya opini\u00f3n todas las partes est\u00e1n obligadas a escuchar al pueblo ucraniano en su deseo de establecer una relaci\u00f3n m\u00e1s estrecha con la Uni\u00f3n Europea.<\/p>\n<p>As\u00ed, subraya que tanto el Gobierno de Ucrania, como la oposici\u00f3n democr\u00e1tica, la UE y Rusia deben trabajar \u00absin descanso para dar cauce a la voluntad y a la esperanza de quienes de forma pac\u00edfica reclaman que se escuche su voz.<\/p>\n<p>Igualmente, pide que se investiguen las muertes y los casos de tortura que organismos internacionales y medios de comunicaci\u00f3n han denunciado en las \u00faltimas semanas.<\/p>\n","protected":false},"excerpt":{"rendered":"<p>Madrid, 4 feb (EFE).- La vicesecretaria general del PSOE y vicepresidenta del PSE, Elena Valenciano, ha reclamado hoy al Gobierno ucraniano que muestre \u00absignos m\u00e1s claros de voluntad de di\u00e1logo\u00bb con la oposici\u00f3n democr\u00e1tica y con la sociedad civil para intentar acabar con \u00abla alarmante escalada de violencia\u00bb. En un comentario escrito en su p\u00e1gina [&hellip;]<\/p>\n","protected":false},"author":1,"featured_media":483247,"comment_status":"closed","ping_status":"open","sticky":false,"template":"","format":"standard","meta":{"footnotes":""},"categories":[1],"tags":[],"class_list":["post-483246","post","type-post","status-publish","format-standard","has-post-thumbnail","hentry","category-actualidad"],"aioseo_notices":[],"aioseo_head":"\n\t\t<!-- All in One SEO Pro 5.0.1 - aioseo.com -->\n\t<meta name=\"description\" content=\"Madrid, 4 feb (EFE).- La vicesecretaria general del PSOE y vicepresidenta del PSE, Elena Valenciano, ha reclamado hoy al Gobierno ucraniano que muestre &quot;signos m\u00e1s claros de voluntad de di\u00e1logo&quot; con la oposici\u00f3n democr\u00e1tica y con la sociedad civil para intentar acabar con &quot;la alarmante escalada de violencia&quot;. En un comentario escrito en su p\u00e1gina\" \/>\n\t<meta name=\"robots\" content=\"max-image-preview:large\" \/>\n\t<meta name=\"author\" content=\"El Digital de Asturias\"\/>\n\t<meta name=\"google-site-verification\" content=\"UA-38556648-1\" \/>\n\t<meta name=\"msvalidate.01\" content=\"7dfe9f3f1b24437ab69f4f2559babe99\" \/>\n\t<meta name=\"keywords\" content=\"actualidad\" \/>\n\t<link rel=\"canonical\" href=\"https:\/\/www.eldigitaldeasturias.com\/noticias\/valenciano-urge-al-dialogo-en-ucrania-para-acabar-con-la-violencia\/\" \/>\n\t<meta name=\"generator\" content=\"All in One SEO Pro (AIOSEO) 5.0.1\" \/>\n\t\t<meta property=\"og:locale\" content=\"es_ES\" \/>\n\t\t<meta property=\"og:site_name\" content=\"El Digital de Asturias\" \/>\n\t\t<meta property=\"og:type\" content=\"article\" \/>\n\t\t<meta property=\"og:title\" content=\"Valenciano urge al di\u00e1logo en Ucrania para acabar con la violencia - El Digital de Asturias\" \/>\n\t\t<meta property=\"og:description\" content=\"Madrid, 4 feb (EFE).- La vicesecretaria general del PSOE y vicepresidenta del PSE, Elena Valenciano, ha reclamado hoy al Gobierno ucraniano que muestre &quot;signos m\u00e1s claros de voluntad de di\u00e1logo&quot; con la oposici\u00f3n democr\u00e1tica y con la sociedad civil para intentar acabar con &quot;la alarmante escalada de violencia&quot;. En un comentario escrito en su p\u00e1gina\" \/>\n\t\t<meta property=\"og:url\" content=\"https:\/\/www.eldigitaldeasturias.com\/noticias\/valenciano-urge-al-dialogo-en-ucrania-para-acabar-con-la-violencia\/\" \/>\n\t\t<meta property=\"article:tag\" content=\"actualidad\" \/>\n\t\t<meta property=\"article:published_time\" content=\"2014-02-04T17:01:59+00:00\" \/>\n\t\t<meta property=\"article:modified_time\" content=\"2014-02-04T17:01:59+00:00\" \/>\n\t\t<meta property=\"article:publisher\" content=\"https:\/\/facebook.com\/eldigitaldeasturias\" \/>\n\t\t<meta name=\"twitter:card\" content=\"summary_large_image\" \/>\n\t\t<meta name=\"twitter:title\" content=\"Valenciano urge al di\u00e1logo en Ucrania para acabar con la violencia - El Digital de Asturias\" \/>\n\t\t<meta name=\"twitter:description\" content=\"Madrid, 4 feb (EFE).- La vicesecretaria general del PSOE y vicepresidenta del PSE, Elena Valenciano, ha reclamado hoy al Gobierno ucraniano que muestre &quot;signos m\u00e1s claros de voluntad de di\u00e1logo&quot; con la oposici\u00f3n democr\u00e1tica y con la sociedad civil para intentar acabar con &quot;la alarmante escalada de violencia&quot;. En un comentario escrito en su p\u00e1gina\" \/>\n\t\t<meta name=\"twitter:label1\" content=\"Escrito por\" \/>\n\t\t<meta name=\"twitter:data1\" content=\"El Digital de Asturias\" \/>\n\t\t<meta name=\"twitter:label2\" content=\"Tiempo de lectura estimado\" \/>\n\t\t<meta name=\"twitter:data2\" content=\"2 minutos\" \/>\n\t\t<script type=\"application\/ld+json\" class=\"aioseo-schema\">\n\t\t\t{\"@context\":\"https:\\\/\\\/schema.org\",\"@graph\":[{\"@type\":\"BlogPosting\",\"@id\":\"https:\\\/\\\/www.eldigitaldeasturias.com\\\/noticias\\\/valenciano-urge-al-dialogo-en-ucrania-para-acabar-con-la-violencia\\\/#blogposting\",\"name\":\"Valenciano urge al di\\u00e1logo en Ucrania para acabar con la violencia - El Digital de Asturias\",\"headline\":\"Valenciano urge al di\\u00e1logo en Ucrania para acabar con la violencia\",\"author\":{\"@id\":\"https:\\\/\\\/www.eldigitaldeasturias.com\\\/noticias\\\/author\\\/admin\\\/#author\"},\"publisher\":{\"@id\":\"https:\\\/\\\/www.eldigitaldeasturias.com\\\/noticias\\\/#organization\"},\"image\":{\"@type\":\"ImageObject\",\"url\":483247},\"datePublished\":\"2014-02-04T16:01:59+01:00\",\"dateModified\":\"2014-02-04T16:01:59+01:00\",\"inLanguage\":\"es-ES\",\"mainEntityOfPage\":{\"@id\":\"https:\\\/\\\/www.eldigitaldeasturias.com\\\/noticias\\\/valenciano-urge-al-dialogo-en-ucrania-para-acabar-con-la-violencia\\\/#webpage\"},\"isPartOf\":{\"@id\":\"https:\\\/\\\/www.eldigitaldeasturias.com\\\/noticias\\\/valenciano-urge-al-dialogo-en-ucrania-para-acabar-con-la-violencia\\\/#webpage\"},\"articleSection\":\"Actualidad\"},{\"@type\":\"BreadcrumbList\",\"@id\":\"https:\\\/\\\/www.eldigitaldeasturias.com\\\/noticias\\\/valenciano-urge-al-dialogo-en-ucrania-para-acabar-con-la-violencia\\\/#breadcrumblist\",\"itemListElement\":[{\"@type\":\"ListItem\",\"@id\":\"https:\\\/\\\/www.eldigitaldeasturias.com\\\/noticias#listItem\",\"position\":1,\"name\":\"Home\",\"item\":\"https:\\\/\\\/www.eldigitaldeasturias.com\\\/noticias\",\"nextItem\":{\"@type\":\"ListItem\",\"@id\":\"https:\\\/\\\/www.eldigitaldeasturias.com\\\/noticias\\\/category\\\/actualidad\\\/#listItem\",\"name\":\"Actualidad\"}},{\"@type\":\"ListItem\",\"@id\":\"https:\\\/\\\/www.eldigitaldeasturias.com\\\/noticias\\\/category\\\/actualidad\\\/#listItem\",\"position\":2,\"name\":\"Actualidad\",\"item\":\"https:\\\/\\\/www.eldigitaldeasturias.com\\\/noticias\\\/category\\\/actualidad\\\/\",\"nextItem\":{\"@type\":\"ListItem\",\"@id\":\"https:\\\/\\\/www.eldigitaldeasturias.com\\\/noticias\\\/valenciano-urge-al-dialogo-en-ucrania-para-acabar-con-la-violencia\\\/#listItem\",\"name\":\"Valenciano urge al di\\u00e1logo en Ucrania para acabar con la violencia\"},\"previousItem\":{\"@type\":\"ListItem\",\"@id\":\"https:\\\/\\\/www.eldigitaldeasturias.com\\\/noticias#listItem\",\"name\":\"Home\"}},{\"@type\":\"ListItem\",\"@id\":\"https:\\\/\\\/www.eldigitaldeasturias.com\\\/noticias\\\/valenciano-urge-al-dialogo-en-ucrania-para-acabar-con-la-violencia\\\/#listItem\",\"position\":3,\"name\":\"Valenciano urge al di\\u00e1logo en Ucrania para acabar con la violencia\",\"previousItem\":{\"@type\":\"ListItem\",\"@id\":\"https:\\\/\\\/www.eldigitaldeasturias.com\\\/noticias\\\/category\\\/actualidad\\\/#listItem\",\"name\":\"Actualidad\"}}]},{\"@type\":\"Organization\",\"@id\":\"https:\\\/\\\/www.eldigitaldeasturias.com\\\/noticias\\\/#organization\",\"name\":\"El Digital de Asturias\",\"description\":\"Hemeroteca\",\"url\":\"https:\\\/\\\/www.eldigitaldeasturias.com\\\/noticias\\\/\",\"email\":\"info@eldigitaldeasturias.com\",\"telephone\":\"+34652131393\",\"logo\":{\"@type\":\"ImageObject\",\"url\":\"https:\\\/\\\/www.eldigitaldeasturias.com\\\/noticias\\\/wp-content\\\/uploads\\\/2020\\\/12\\\/EDA.jpg\",\"@id\":\"https:\\\/\\\/www.eldigitaldeasturias.com\\\/noticias\\\/valenciano-urge-al-dialogo-en-ucrania-para-acabar-con-la-violencia\\\/#organizationLogo\"},\"image\":{\"@id\":\"https:\\\/\\\/www.eldigitaldeasturias.com\\\/noticias\\\/valenciano-urge-al-dialogo-en-ucrania-para-acabar-con-la-violencia\\\/#organizationLogo\"},\"sameAs\":[\"https:\\\/\\\/facebook.com\\\/eldigitaldeasturias\",\"https:\\\/\\\/www.youtube.com\\\/channel\\\/UCZP-2wLEB9Rv6erhFmqVnvg\"],\"address\":{\"@id\":\"https:\\\/\\\/www.eldigitaldeasturias.com\\\/noticias\\\/#postaladdress\",\"@type\":\"PostalAddress\",\"streetAddress\":\"san antonio 4\",\"postalCode\":\"33430\",\"addressLocality\":\"Cand\\u00e1s\",\"addressRegion\":\"Asturias\",\"addressCountry\":\"ES\"}},{\"@type\":\"Person\",\"@id\":\"https:\\\/\\\/www.eldigitaldeasturias.com\\\/noticias\\\/author\\\/admin\\\/#author\",\"url\":\"https:\\\/\\\/www.eldigitaldeasturias.com\\\/noticias\\\/author\\\/admin\\\/\",\"name\":\"El Digital de Asturias\",\"image\":{\"@type\":\"ImageObject\",\"@id\":\"https:\\\/\\\/www.eldigitaldeasturias.com\\\/noticias\\\/valenciano-urge-al-dialogo-en-ucrania-para-acabar-con-la-violencia\\\/#authorImage\",\"url\":\"https:\\\/\\\/secure.gravatar.com\\\/avatar\\\/df2aeffc32bcd13f8d26072ef8a91b623d677766deac7f97ca815868cd41bf5e?s=96&d=mm&r=g\",\"width\":96,\"height\":96,\"caption\":\"El Digital de Asturias\"}},{\"@type\":\"WebPage\",\"@id\":\"https:\\\/\\\/www.eldigitaldeasturias.com\\\/noticias\\\/valenciano-urge-al-dialogo-en-ucrania-para-acabar-con-la-violencia\\\/#webpage\",\"url\":\"https:\\\/\\\/www.eldigitaldeasturias.com\\\/noticias\\\/valenciano-urge-al-dialogo-en-ucrania-para-acabar-con-la-violencia\\\/\",\"name\":\"Valenciano urge al di\\u00e1logo en Ucrania para acabar con la violencia - El Digital de Asturias\",\"description\":\"Madrid, 4 feb (EFE).- La vicesecretaria general del PSOE y vicepresidenta del PSE, Elena Valenciano, ha reclamado hoy al Gobierno ucraniano que muestre \\\"signos m\\u00e1s claros de voluntad de di\\u00e1logo\\\" con la oposici\\u00f3n democr\\u00e1tica y con la sociedad civil para intentar acabar con \\\"la alarmante escalada de violencia\\\". En un comentario escrito en su p\\u00e1gina\",\"inLanguage\":\"es-ES\",\"isPartOf\":{\"@id\":\"https:\\\/\\\/www.eldigitaldeasturias.com\\\/noticias\\\/#website\"},\"breadcrumb\":{\"@id\":\"https:\\\/\\\/www.eldigitaldeasturias.com\\\/noticias\\\/valenciano-urge-al-dialogo-en-ucrania-para-acabar-con-la-violencia\\\/#breadcrumblist\"},\"author\":{\"@id\":\"https:\\\/\\\/www.eldigitaldeasturias.com\\\/noticias\\\/author\\\/admin\\\/#author\"},\"creator\":{\"@id\":\"https:\\\/\\\/www.eldigitaldeasturias.com\\\/noticias\\\/author\\\/admin\\\/#author\"},\"image\":{\"@type\":\"ImageObject\",\"url\":483247,\"@id\":\"https:\\\/\\\/www.eldigitaldeasturias.com\\\/noticias\\\/valenciano-urge-al-dialogo-en-ucrania-para-acabar-con-la-violencia\\\/#mainImage\"},\"primaryImageOfPage\":{\"@id\":\"https:\\\/\\\/www.eldigitaldeasturias.com\\\/noticias\\\/valenciano-urge-al-dialogo-en-ucrania-para-acabar-con-la-violencia\\\/#mainImage\"},\"datePublished\":\"2014-02-04T16:01:59+01:00\",\"dateModified\":\"2014-02-04T16:01:59+01:00\"},{\"@type\":\"WebSite\",\"@id\":\"https:\\\/\\\/www.eldigitaldeasturias.com\\\/noticias\\\/#website\",\"url\":\"https:\\\/\\\/www.eldigitaldeasturias.com\\\/noticias\\\/\",\"name\":\"El Digital de Asturias - Diario de actualidad y noticias\",\"alternateName\":\"El Digital de Asturias - Diario de actualidad y noticias\",\"description\":\"Hemeroteca\",\"inLanguage\":\"es-ES\",\"publisher\":{\"@id\":\"https:\\\/\\\/www.eldigitaldeasturias.com\\\/noticias\\\/#organization\"}}]}\n\t\t<\/script>\n\t\t<!-- All in One SEO Pro -->\r\n\t\t<title>Valenciano urge al di\u00e1logo en Ucrania para acabar con la violencia - El Digital de Asturias<\/title>\n\n","aioseo_head_json":{"title":"Valenciano urge al di\u00e1logo en Ucrania para acabar con la violencia - El Digital de Asturias","description":"Madrid, 4 feb (EFE).- La vicesecretaria general del PSOE y vicepresidenta del PSE, Elena Valenciano, ha reclamado hoy al Gobierno ucraniano que muestre \"signos m\u00e1s claros de voluntad de di\u00e1logo\" con la oposici\u00f3n democr\u00e1tica y con la sociedad civil para intentar acabar con \"la alarmante escalada de violencia\". En un comentario escrito en su p\u00e1gina","canonical_url":"https:\/\/www.eldigitaldeasturias.com\/noticias\/valenciano-urge-al-dialogo-en-ucrania-para-acabar-con-la-violencia\/","robots":"max-image-preview:large","keywords":"actualidad","webmasterTools":{"google-site-verification":"UA-38556648-1","msvalidate.01":"7dfe9f3f1b24437ab69f4f2559babe99","miscellaneous":""},"schema":{"@context":"https:\/\/schema.org","@graph":[{"@type":"BlogPosting","@id":"https:\/\/www.eldigitaldeasturias.com\/noticias\/valenciano-urge-al-dialogo-en-ucrania-para-acabar-con-la-violencia\/#blogposting","name":"Valenciano urge al di\u00e1logo en Ucrania para acabar con la violencia - El Digital de Asturias","headline":"Valenciano urge al di\u00e1logo en Ucrania para acabar con la violencia","author":{"@id":"https:\/\/www.eldigitaldeasturias.com\/noticias\/author\/admin\/#author"},"publisher":{"@id":"https:\/\/www.eldigitaldeasturias.com\/noticias\/#organization"},"image":{"@type":"ImageObject","url":483247},"datePublished":"2014-02-04T16:01:59+01:00","dateModified":"2014-02-04T16:01:59+01:00","inLanguage":"es-ES","mainEntityOfPage":{"@id":"https:\/\/www.eldigitaldeasturias.com\/noticias\/valenciano-urge-al-dialogo-en-ucrania-para-acabar-con-la-violencia\/#webpage"},"isPartOf":{"@id":"https:\/\/www.eldigitaldeasturias.com\/noticias\/valenciano-urge-al-dialogo-en-ucrania-para-acabar-con-la-violencia\/#webpage"},"articleSection":"Actualidad"},{"@type":"BreadcrumbList","@id":"https:\/\/www.eldigitaldeasturias.com\/noticias\/valenciano-urge-al-dialogo-en-ucrania-para-acabar-con-la-violencia\/#breadcrumblist","itemListElement":[{"@type":"ListItem","@id":"https:\/\/www.eldigitaldeasturias.com\/noticias#listItem","position":1,"name":"Home","item":"https:\/\/www.eldigitaldeasturias.com\/noticias","nextItem":{"@type":"ListItem","@id":"https:\/\/www.eldigitaldeasturias.com\/noticias\/category\/actualidad\/#listItem","name":"Actualidad"}},{"@type":"ListItem","@id":"https:\/\/www.eldigitaldeasturias.com\/noticias\/category\/actualidad\/#listItem","position":2,"name":"Actualidad","item":"https:\/\/www.eldigitaldeasturias.com\/noticias\/category\/actualidad\/","nextItem":{"@type":"ListItem","@id":"https:\/\/www.eldigitaldeasturias.com\/noticias\/valenciano-urge-al-dialogo-en-ucrania-para-acabar-con-la-violencia\/#listItem","name":"Valenciano urge al di\u00e1logo en Ucrania para acabar con la violencia"},"previousItem":{"@type":"ListItem","@id":"https:\/\/www.eldigitaldeasturias.com\/noticias#listItem","name":"Home"}},{"@type":"ListItem","@id":"https:\/\/www.eldigitaldeasturias.com\/noticias\/valenciano-urge-al-dialogo-en-ucrania-para-acabar-con-la-violencia\/#listItem","position":3,"name":"Valenciano urge al di\u00e1logo en Ucrania para acabar con la violencia","previousItem":{"@type":"ListItem","@id":"https:\/\/www.eldigitaldeasturias.com\/noticias\/category\/actualidad\/#listItem","name":"Actualidad"}}]},{"@type":"Organization","@id":"https:\/\/www.eldigitaldeasturias.com\/noticias\/#organization","name":"El Digital de Asturias","description":"Hemeroteca","url":"https:\/\/www.eldigitaldeasturias.com\/noticias\/","email":"info@eldigitaldeasturias.com","telephone":"+34652131393","logo":{"@type":"ImageObject","url":"https:\/\/www.eldigitaldeasturias.com\/noticias\/wp-content\/uploads\/2020\/12\/EDA.jpg","@id":"https:\/\/www.eldigitaldeasturias.com\/noticias\/valenciano-urge-al-dialogo-en-ucrania-para-acabar-con-la-violencia\/#organizationLogo"},"image":{"@id":"https:\/\/www.eldigitaldeasturias.com\/noticias\/valenciano-urge-al-dialogo-en-ucrania-para-acabar-con-la-violencia\/#organizationLogo"},"sameAs":["https:\/\/facebook.com\/eldigitaldeasturias","https:\/\/www.youtube.com\/channel\/UCZP-2wLEB9Rv6erhFmqVnvg"],"address":{"@id":"https:\/\/www.eldigitaldeasturias.com\/noticias\/#postaladdress","@type":"PostalAddress","streetAddress":"san antonio 4","postalCode":"33430","addressLocality":"Cand\u00e1s","addressRegion":"Asturias","addressCountry":"ES"}},{"@type":"Person","@id":"https:\/\/www.eldigitaldeasturias.com\/noticias\/author\/admin\/#author","url":"https:\/\/www.eldigitaldeasturias.com\/noticias\/author\/admin\/","name":"El Digital de Asturias","image":{"@type":"ImageObject","@id":"https:\/\/www.eldigitaldeasturias.com\/noticias\/valenciano-urge-al-dialogo-en-ucrania-para-acabar-con-la-violencia\/#authorImage","url":"https:\/\/secure.gravatar.com\/avatar\/df2aeffc32bcd13f8d26072ef8a91b623d677766deac7f97ca815868cd41bf5e?s=96&d=mm&r=g","width":96,"height":96,"caption":"El Digital de Asturias"}},{"@type":"WebPage","@id":"https:\/\/www.eldigitaldeasturias.com\/noticias\/valenciano-urge-al-dialogo-en-ucrania-para-acabar-con-la-violencia\/#webpage","url":"https:\/\/www.eldigitaldeasturias.com\/noticias\/valenciano-urge-al-dialogo-en-ucrania-para-acabar-con-la-violencia\/","name":"Valenciano urge al di\u00e1logo en Ucrania para acabar con la violencia - El Digital de Asturias","description":"Madrid, 4 feb (EFE).- La vicesecretaria general del PSOE y vicepresidenta del PSE, Elena Valenciano, ha reclamado hoy al Gobierno ucraniano que muestre \"signos m\u00e1s claros de voluntad de di\u00e1logo\" con la oposici\u00f3n democr\u00e1tica y con la sociedad civil para intentar acabar con \"la alarmante escalada de violencia\". En un comentario escrito en su p\u00e1gina","inLanguage":"es-ES","isPartOf":{"@id":"https:\/\/www.eldigitaldeasturias.com\/noticias\/#website"},"breadcrumb":{"@id":"https:\/\/www.eldigitaldeasturias.com\/noticias\/valenciano-urge-al-dialogo-en-ucrania-para-acabar-con-la-violencia\/#breadcrumblist"},"author":{"@id":"https:\/\/www.eldigitaldeasturias.com\/noticias\/author\/admin\/#author"},"creator":{"@id":"https:\/\/www.eldigitaldeasturias.com\/noticias\/author\/admin\/#author"},"image":{"@type":"ImageObject","url":483247,"@id":"https:\/\/www.eldigitaldeasturias.com\/noticias\/valenciano-urge-al-dialogo-en-ucrania-para-acabar-con-la-violencia\/#mainImage"},"primaryImageOfPage":{"@id":"https:\/\/www.eldigitaldeasturias.com\/noticias\/valenciano-urge-al-dialogo-en-ucrania-para-acabar-con-la-violencia\/#mainImage"},"datePublished":"2014-02-04T16:01:59+01:00","dateModified":"2014-02-04T16:01:59+01:00"},{"@type":"WebSite","@id":"https:\/\/www.eldigitaldeasturias.com\/noticias\/#website","url":"https:\/\/www.eldigitaldeasturias.com\/noticias\/","name":"El Digital de Asturias - Diario de actualidad y noticias","alternateName":"El Digital de Asturias - Diario de actualidad y noticias","description":"Hemeroteca","inLanguage":"es-ES","publisher":{"@id":"https:\/\/www.eldigitaldeasturias.com\/noticias\/#organization"}}]},"og:locale":"es_ES","og:site_name":"El Digital de Asturias","og:type":"article","og:title":"Valenciano urge al di\u00e1logo en Ucrania para acabar con la violencia - El Digital de Asturias","og:description":"Madrid, 4 feb (EFE).- La vicesecretaria general del PSOE y vicepresidenta del PSE, Elena Valenciano, ha reclamado hoy al Gobierno ucraniano que muestre &quot;signos m\u00e1s claros de voluntad de di\u00e1logo&quot; con la oposici\u00f3n democr\u00e1tica y con la sociedad civil para intentar acabar con &quot;la alarmante escalada de violencia&quot;. En un comentario escrito en su p\u00e1gina","og:url":"https:\/\/www.eldigitaldeasturias.com\/noticias\/valenciano-urge-al-dialogo-en-ucrania-para-acabar-con-la-violencia\/","article:tag":["actualidad"],"article:published_time":"2014-02-04T17:01:59+00:00","article:modified_time":"2014-02-04T17:01:59+00:00","article:publisher":"https:\/\/facebook.com\/eldigitaldeasturias","twitter:card":"summary_large_image","twitter:title":"Valenciano urge al di\u00e1logo en Ucrania para acabar con la violencia - El Digital de Asturias","twitter:description":"Madrid, 4 feb (EFE).- La vicesecretaria general del PSOE y vicepresidenta del PSE, Elena Valenciano, ha reclamado hoy al Gobierno ucraniano que muestre &quot;signos m\u00e1s claros de voluntad de di\u00e1logo&quot; con la oposici\u00f3n democr\u00e1tica y con la sociedad civil para intentar acabar con &quot;la alarmante escalada de violencia&quot;. En un comentario escrito en su p\u00e1gina","twitter:label1":"Escrito por","twitter:data1":"El Digital de Asturias","twitter:label2":"Tiempo de lectura estimado","twitter:data2":"2 minutos"},"aioseo_meta_data":{"post_id":"483246","title":null,"description":null,"keywords":null,"keyphrases":null,"primary_term":null,"canonical_url":null,"og_title":null,"og_description":null,"og_object_type":"default","og_image_type":"default","og_image_url":null,"og_image_width":null,"og_image_height":null,"og_image_custom_url":null,"og_image_custom_fields":null,"og_video":null,"og_custom_url":null,"og_article_section":null,"og_article_tags":null,"twitter_use_og":true,"twitter_card":"default","twitter_image_type":"default","twitter_image_url":null,"twitter_image_custom_url":null,"twitter_image_custom_fields":null,"twitter_title":null,"twitter_description":null,"schema":{"blockGraphs":[],"customGraphs":[],"default":{"data":{"Article":[],"Course":[],"Dataset":[],"FAQPage":[],"Movie":[],"Person":[],"Product":[],"ProductReview":[],"Car":[],"Recipe":[],"Service":[],"SoftwareApplication":[],"WebPage":[]},"graphName":"","isEnabled":true},"graphs":[],"defaultGraph":"","defaultPostTypeGraph":""},"schema_type":null,"schema_type_options":null,"pillar_content":false,"robots_default":true,"robots_noindex":false,"robots_noarchive":false,"robots_nosnippet":false,"robots_nofollow":false,"robots_noimageindex":false,"robots_noodp":false,"robots_notranslate":false,"robots_max_snippet":null,"robots_max_videopreview":null,"robots_max_imagepreview":"none","priority":null,"frequency":null,"local_seo":null,"seo_analyzer_scan_date":"2026-06-02 12:17:55","breadcrumb_settings":null,"limit_modified_date":false,"open_ai":null,"ai":null,"created":"2020-11-14 22:54:44","updated":"2026-06-02 12:17:55","focus_keyword":null,"additional_keywords":null,"truseo_locale":null},"aioseo_breadcrumb":"<div class=\"aioseo-breadcrumbs\"><span class=\"aioseo-breadcrumb\">\n\t<a href=\"https:\/\/www.eldigitaldeasturias.com\/noticias\" title=\"Home\">Home<\/a>\n<\/span><span class=\"aioseo-breadcrumb-separator\">\u2013<\/span><span class=\"aioseo-breadcrumb\">\n\t<a href=\"https:\/\/www.eldigitaldeasturias.com\/noticias\/category\/actualidad\/\" title=\"Actualidad\">Actualidad<\/a>\n<\/span><span class=\"aioseo-breadcrumb-separator\">\u2013<\/span><span class=\"aioseo-breadcrumb\">\n\t<a href=\"https:\/\/www.eldigitaldeasturias.com\/noticias\/valenciano-urge-al-dialogo-en-ucrania-para-acabar-con-la-violencia\/\" title=\"Valenciano urge al di\u00e1logo en Ucrania para acabar con la violencia\">Valenciano urge al di\u00e1logo en Ucrania para acabar con la violencia<\/a>\n<\/span><\/div>","aioseo_breadcrumb_json":[{"label":"Home","link":"https:\/\/www.eldigitaldeasturias.com\/noticias"},{"label":"Actualidad","link":"https:\/\/www.eldigitaldeasturias.com\/noticias\/category\/actualidad\/"},{"label":"Valenciano urge al di\u00e1logo en Ucrania para acabar con la violencia","link":"https:\/\/www.eldigitaldeasturias.com\/noticias\/valenciano-urge-al-dialogo-en-ucrania-para-acabar-con-la-violencia\/"}],"_links":{"self":[{"href":"https:\/\/www.eldigitaldeasturias.com\/noticias\/wp-json\/wp\/v2\/posts\/483246","targetHints":{"allow":["GET"]}}],"collection":[{"href":"https:\/\/www.eldigitaldeasturias.com\/noticias\/wp-json\/wp\/v2\/posts"}],"about":[{"href":"https:\/\/www.eldigitaldeasturias.com\/noticias\/wp-json\/wp\/v2\/types\/post"}],"author":[{"embeddable":true,"href":"https:\/\/www.eldigitaldeasturias.com\/noticias\/wp-json\/wp\/v2\/users\/1"}],"replies":[{"embeddable":true,"href":"https:\/\/www.eldigitaldeasturias.com\/noticias\/wp-json\/wp\/v2\/comments?post=483246"}],"version-history":[{"count":0,"href":"https:\/\/www.eldigitaldeasturias.com\/noticias\/wp-json\/wp\/v2\/posts\/483246\/revisions"}],"wp:attachment":[{"href":"https:\/\/www.eldigitaldeasturias.com\/noticias\/wp-json\/wp\/v2\/media?parent=483246"}],"wp:term":[{"taxonomy":"category","embeddable":true,"href":"https:\/\/www.eldigitaldeasturias.com\/noticias\/wp-json\/wp\/v2\/categories?post=483246"},{"taxonomy":"post_tag","embeddable":true,"href":"https:\/\/www.eldigitaldeasturias.com\/noticias\/wp-json\/wp\/v2\/tags?post=483246"}],"curies":[{"name":"wp","href":"https:\/\/api.w.org\/{rel}","templated":true}]}}