{"id":483243,"date":"2014-02-04T16:00:57","date_gmt":"2014-02-04T17:00:57","guid":{"rendered":"http:\/\/www.eldigitaldeasturias.com\/noticias\/?p=483243"},"modified":"2014-02-04T16:00:57","modified_gmt":"2014-02-04T17:00:57","slug":"paris-advierte-a-asad-porque-no-esta-cumpliendo-con-las-armas-quimicas","status":"publish","type":"post","link":"https:\/\/www.eldigitaldeasturias.com\/noticias\/paris-advierte-a-asad-porque-no-esta-cumpliendo-con-las-armas-quimicas\/","title":{"rendered":"Par\u00eds advierte a Asad porque no est\u00e1 cumpliendo con las armas qu\u00edmicas"},"content":{"rendered":"<p><img loading=\"lazy\" decoding=\"async\" class=\"alignleft size-medium wp-image-483244\" alt=\"5906506w\" src=\"https:\/\/www.eldigitaldeasturias.com\/noticias\/wp-content\/uploads\/2014\/02\/5906506w-360x229.jpg\" width=\"360\" height=\"229\" \/>Par\u00eds, 4 feb (EFE).- El ministro franc\u00e9s de Exteriores, Laurent Fabius, lanz\u00f3 hoy una advertencia al r\u00e9gimen sirio de Bachar al Asad porque no est\u00e1 cumpliendo con sus compromisos sobre el ritmo de destrucci\u00f3n de las armas qu\u00edmicas.<\/p>\n<p>Fabius, en una entrevista a la emisora de radio \u00abFrance Info\u00bb, explic\u00f3 que, \u00abs\u00f3lo el 5 % de las armas qu\u00edmicas est\u00e1n saliendo de Siria, cuando a fecha de 1 de febrero deber\u00edamos estar en el 100 %\u00bb.<\/p>\n<p>\u00abEl gobierno sirio ha puesto el freno en la destrucci\u00f3n de las armas qu\u00edmicas\u00bb, denunci\u00f3 el jefe de la diplomacia francesa.<\/p>\n<p>Insisti\u00f3 en que \u00abes necesario que el gobierno de Bachar el Asad respete los compromisos que asumi\u00f3 sobre las armas qu\u00edmicas\u00bb para que esos arsenales sean destruidos fuera de Siria.<\/p>\n<p>Preguntado sobre si se baraja un ataque internacional, respondi\u00f3 que no, pero se\u00f1al\u00f3 que si el r\u00e9gimen sirio no se atiene a lo prometido, la cuesti\u00f3n podr\u00eda volver a ser tratada por la Organizaci\u00f3n para la Prohibici\u00f3n de Armas Qu\u00edmicas (OPAQ).<\/p>\n<p>Fabius reconoci\u00f3 que las discusiones entre las partes en conflicto \u00abdesgraciadamente por ahora no han dado gran cosa\u00bb, aunque justific\u00f3 su pertinencia porque \u00abla \u00fanica soluci\u00f3n es pol\u00edtica\u00bb para el conflicto sirio, y eso requiere negociaciones.<\/p>\n","protected":false},"excerpt":{"rendered":"<p>Par\u00eds, 4 feb (EFE).- El ministro franc\u00e9s de Exteriores, Laurent Fabius, lanz\u00f3 hoy una advertencia al r\u00e9gimen sirio de Bachar al Asad porque no est\u00e1 cumpliendo con sus compromisos sobre el ritmo de destrucci\u00f3n de las armas qu\u00edmicas. Fabius, en una entrevista a la emisora de radio \u00abFrance Info\u00bb, explic\u00f3 que, \u00abs\u00f3lo el 5 % [&hellip;]<\/p>\n","protected":false},"author":1,"featured_media":483244,"comment_status":"closed","ping_status":"open","sticky":false,"template":"","format":"standard","meta":{"footnotes":""},"categories":[1],"tags":[],"class_list":["post-483243","post","type-post","status-publish","format-standard","has-post-thumbnail","hentry","category-actualidad"],"aioseo_notices":[],"aioseo_head":"\n\t\t<!-- All in One SEO Pro 5.0.1 - aioseo.com -->\n\t<meta name=\"description\" content=\"Par\u00eds, 4 feb (EFE).- El ministro franc\u00e9s de Exteriores, Laurent Fabius, lanz\u00f3 hoy una advertencia al r\u00e9gimen sirio de Bachar al Asad porque no est\u00e1 cumpliendo con sus compromisos sobre el ritmo de destrucci\u00f3n de las armas qu\u00edmicas. Fabius, en una entrevista a la emisora de radio &quot;France Info&quot;, explic\u00f3 que, &quot;s\u00f3lo el 5 %\" \/>\n\t<meta name=\"robots\" content=\"max-image-preview:large\" \/>\n\t<meta name=\"author\" content=\"El Digital de Asturias\"\/>\n\t<meta name=\"google-site-verification\" content=\"UA-38556648-1\" \/>\n\t<meta name=\"msvalidate.01\" content=\"7dfe9f3f1b24437ab69f4f2559babe99\" \/>\n\t<meta name=\"keywords\" content=\"actualidad\" \/>\n\t<link rel=\"canonical\" href=\"https:\/\/www.eldigitaldeasturias.com\/noticias\/paris-advierte-a-asad-porque-no-esta-cumpliendo-con-las-armas-quimicas\/\" \/>\n\t<meta name=\"generator\" content=\"All in One SEO Pro (AIOSEO) 5.0.1\" \/>\n\t\t<meta property=\"og:locale\" content=\"es_ES\" \/>\n\t\t<meta property=\"og:site_name\" content=\"El Digital de Asturias\" \/>\n\t\t<meta property=\"og:type\" content=\"article\" \/>\n\t\t<meta property=\"og:title\" content=\"Par\u00eds advierte a Asad porque no est\u00e1 cumpliendo con las armas qu\u00edmicas - El Digital de Asturias\" \/>\n\t\t<meta property=\"og:description\" content=\"Par\u00eds, 4 feb (EFE).- El ministro franc\u00e9s de Exteriores, Laurent Fabius, lanz\u00f3 hoy una advertencia al r\u00e9gimen sirio de Bachar al Asad porque no est\u00e1 cumpliendo con sus compromisos sobre el ritmo de destrucci\u00f3n de las armas qu\u00edmicas. Fabius, en una entrevista a la emisora de radio &quot;France Info&quot;, explic\u00f3 que, &quot;s\u00f3lo el 5 %\" \/>\n\t\t<meta property=\"og:url\" content=\"https:\/\/www.eldigitaldeasturias.com\/noticias\/paris-advierte-a-asad-porque-no-esta-cumpliendo-con-las-armas-quimicas\/\" \/>\n\t\t<meta property=\"article:tag\" content=\"actualidad\" \/>\n\t\t<meta property=\"article:published_time\" content=\"2014-02-04T17:00:57+00:00\" \/>\n\t\t<meta property=\"article:modified_time\" content=\"2014-02-04T17:00:57+00:00\" \/>\n\t\t<meta property=\"article:publisher\" content=\"https:\/\/facebook.com\/eldigitaldeasturias\" \/>\n\t\t<meta name=\"twitter:card\" content=\"summary_large_image\" \/>\n\t\t<meta name=\"twitter:title\" content=\"Par\u00eds advierte a Asad porque no est\u00e1 cumpliendo con las armas qu\u00edmicas - El Digital de Asturias\" \/>\n\t\t<meta name=\"twitter:description\" content=\"Par\u00eds, 4 feb (EFE).- El ministro franc\u00e9s de Exteriores, Laurent Fabius, lanz\u00f3 hoy una advertencia al r\u00e9gimen sirio de Bachar al Asad porque no est\u00e1 cumpliendo con sus compromisos sobre el ritmo de destrucci\u00f3n de las armas qu\u00edmicas. Fabius, en una entrevista a la emisora de radio &quot;France Info&quot;, explic\u00f3 que, &quot;s\u00f3lo el 5 %\" \/>\n\t\t<meta name=\"twitter:label1\" content=\"Escrito por\" \/>\n\t\t<meta name=\"twitter:data1\" content=\"El Digital de Asturias\" \/>\n\t\t<meta name=\"twitter:label2\" content=\"Tiempo de lectura estimado\" \/>\n\t\t<meta name=\"twitter:data2\" content=\"1 minuto\" \/>\n\t\t<script type=\"application\/ld+json\" class=\"aioseo-schema\">\n\t\t\t{\"@context\":\"https:\\\/\\\/schema.org\",\"@graph\":[{\"@type\":\"BlogPosting\",\"@id\":\"https:\\\/\\\/www.eldigitaldeasturias.com\\\/noticias\\\/paris-advierte-a-asad-porque-no-esta-cumpliendo-con-las-armas-quimicas\\\/#blogposting\",\"name\":\"Par\\u00eds advierte a Asad porque no est\\u00e1 cumpliendo con las armas qu\\u00edmicas - El Digital de Asturias\",\"headline\":\"Par\\u00eds advierte a Asad porque no est\\u00e1 cumpliendo con las armas qu\\u00edmicas\",\"author\":{\"@id\":\"https:\\\/\\\/www.eldigitaldeasturias.com\\\/noticias\\\/author\\\/admin\\\/#author\"},\"publisher\":{\"@id\":\"https:\\\/\\\/www.eldigitaldeasturias.com\\\/noticias\\\/#organization\"},\"image\":{\"@type\":\"ImageObject\",\"url\":483244},\"datePublished\":\"2014-02-04T16:00:57+01:00\",\"dateModified\":\"2014-02-04T16:00:57+01:00\",\"inLanguage\":\"es-ES\",\"mainEntityOfPage\":{\"@id\":\"https:\\\/\\\/www.eldigitaldeasturias.com\\\/noticias\\\/paris-advierte-a-asad-porque-no-esta-cumpliendo-con-las-armas-quimicas\\\/#webpage\"},\"isPartOf\":{\"@id\":\"https:\\\/\\\/www.eldigitaldeasturias.com\\\/noticias\\\/paris-advierte-a-asad-porque-no-esta-cumpliendo-con-las-armas-quimicas\\\/#webpage\"},\"articleSection\":\"Actualidad\"},{\"@type\":\"BreadcrumbList\",\"@id\":\"https:\\\/\\\/www.eldigitaldeasturias.com\\\/noticias\\\/paris-advierte-a-asad-porque-no-esta-cumpliendo-con-las-armas-quimicas\\\/#breadcrumblist\",\"itemListElement\":[{\"@type\":\"ListItem\",\"@id\":\"https:\\\/\\\/www.eldigitaldeasturias.com\\\/noticias#listItem\",\"position\":1,\"name\":\"Home\",\"item\":\"https:\\\/\\\/www.eldigitaldeasturias.com\\\/noticias\",\"nextItem\":{\"@type\":\"ListItem\",\"@id\":\"https:\\\/\\\/www.eldigitaldeasturias.com\\\/noticias\\\/category\\\/actualidad\\\/#listItem\",\"name\":\"Actualidad\"}},{\"@type\":\"ListItem\",\"@id\":\"https:\\\/\\\/www.eldigitaldeasturias.com\\\/noticias\\\/category\\\/actualidad\\\/#listItem\",\"position\":2,\"name\":\"Actualidad\",\"item\":\"https:\\\/\\\/www.eldigitaldeasturias.com\\\/noticias\\\/category\\\/actualidad\\\/\",\"nextItem\":{\"@type\":\"ListItem\",\"@id\":\"https:\\\/\\\/www.eldigitaldeasturias.com\\\/noticias\\\/paris-advierte-a-asad-porque-no-esta-cumpliendo-con-las-armas-quimicas\\\/#listItem\",\"name\":\"Par\\u00eds advierte a Asad porque no est\\u00e1 cumpliendo con las armas qu\\u00edmicas\"},\"previousItem\":{\"@type\":\"ListItem\",\"@id\":\"https:\\\/\\\/www.eldigitaldeasturias.com\\\/noticias#listItem\",\"name\":\"Home\"}},{\"@type\":\"ListItem\",\"@id\":\"https:\\\/\\\/www.eldigitaldeasturias.com\\\/noticias\\\/paris-advierte-a-asad-porque-no-esta-cumpliendo-con-las-armas-quimicas\\\/#listItem\",\"position\":3,\"name\":\"Par\\u00eds advierte a Asad porque no est\\u00e1 cumpliendo con las armas qu\\u00edmicas\",\"previousItem\":{\"@type\":\"ListItem\",\"@id\":\"https:\\\/\\\/www.eldigitaldeasturias.com\\\/noticias\\\/category\\\/actualidad\\\/#listItem\",\"name\":\"Actualidad\"}}]},{\"@type\":\"Organization\",\"@id\":\"https:\\\/\\\/www.eldigitaldeasturias.com\\\/noticias\\\/#organization\",\"name\":\"El Digital de Asturias\",\"description\":\"Hemeroteca\",\"url\":\"https:\\\/\\\/www.eldigitaldeasturias.com\\\/noticias\\\/\",\"email\":\"info@eldigitaldeasturias.com\",\"telephone\":\"+34652131393\",\"logo\":{\"@type\":\"ImageObject\",\"url\":\"https:\\\/\\\/www.eldigitaldeasturias.com\\\/noticias\\\/wp-content\\\/uploads\\\/2020\\\/12\\\/EDA.jpg\",\"@id\":\"https:\\\/\\\/www.eldigitaldeasturias.com\\\/noticias\\\/paris-advierte-a-asad-porque-no-esta-cumpliendo-con-las-armas-quimicas\\\/#organizationLogo\"},\"image\":{\"@id\":\"https:\\\/\\\/www.eldigitaldeasturias.com\\\/noticias\\\/paris-advierte-a-asad-porque-no-esta-cumpliendo-con-las-armas-quimicas\\\/#organizationLogo\"},\"sameAs\":[\"https:\\\/\\\/facebook.com\\\/eldigitaldeasturias\",\"https:\\\/\\\/www.youtube.com\\\/channel\\\/UCZP-2wLEB9Rv6erhFmqVnvg\"],\"address\":{\"@id\":\"https:\\\/\\\/www.eldigitaldeasturias.com\\\/noticias\\\/#postaladdress\",\"@type\":\"PostalAddress\",\"streetAddress\":\"san antonio 4\",\"postalCode\":\"33430\",\"addressLocality\":\"Cand\\u00e1s\",\"addressRegion\":\"Asturias\",\"addressCountry\":\"ES\"}},{\"@type\":\"Person\",\"@id\":\"https:\\\/\\\/www.eldigitaldeasturias.com\\\/noticias\\\/author\\\/admin\\\/#author\",\"url\":\"https:\\\/\\\/www.eldigitaldeasturias.com\\\/noticias\\\/author\\\/admin\\\/\",\"name\":\"El Digital de Asturias\",\"image\":{\"@type\":\"ImageObject\",\"@id\":\"https:\\\/\\\/www.eldigitaldeasturias.com\\\/noticias\\\/paris-advierte-a-asad-porque-no-esta-cumpliendo-con-las-armas-quimicas\\\/#authorImage\",\"url\":\"https:\\\/\\\/secure.gravatar.com\\\/avatar\\\/df2aeffc32bcd13f8d26072ef8a91b623d677766deac7f97ca815868cd41bf5e?s=96&d=mm&r=g\",\"width\":96,\"height\":96,\"caption\":\"El Digital de Asturias\"}},{\"@type\":\"WebPage\",\"@id\":\"https:\\\/\\\/www.eldigitaldeasturias.com\\\/noticias\\\/paris-advierte-a-asad-porque-no-esta-cumpliendo-con-las-armas-quimicas\\\/#webpage\",\"url\":\"https:\\\/\\\/www.eldigitaldeasturias.com\\\/noticias\\\/paris-advierte-a-asad-porque-no-esta-cumpliendo-con-las-armas-quimicas\\\/\",\"name\":\"Par\\u00eds advierte a Asad porque no est\\u00e1 cumpliendo con las armas qu\\u00edmicas - El Digital de Asturias\",\"description\":\"Par\\u00eds, 4 feb (EFE).- El ministro franc\\u00e9s de Exteriores, Laurent Fabius, lanz\\u00f3 hoy una advertencia al r\\u00e9gimen sirio de Bachar al Asad porque no est\\u00e1 cumpliendo con sus compromisos sobre el ritmo de destrucci\\u00f3n de las armas qu\\u00edmicas. Fabius, en una entrevista a la emisora de radio \\\"France Info\\\", explic\\u00f3 que, \\\"s\\u00f3lo el 5 %\",\"inLanguage\":\"es-ES\",\"isPartOf\":{\"@id\":\"https:\\\/\\\/www.eldigitaldeasturias.com\\\/noticias\\\/#website\"},\"breadcrumb\":{\"@id\":\"https:\\\/\\\/www.eldigitaldeasturias.com\\\/noticias\\\/paris-advierte-a-asad-porque-no-esta-cumpliendo-con-las-armas-quimicas\\\/#breadcrumblist\"},\"author\":{\"@id\":\"https:\\\/\\\/www.eldigitaldeasturias.com\\\/noticias\\\/author\\\/admin\\\/#author\"},\"creator\":{\"@id\":\"https:\\\/\\\/www.eldigitaldeasturias.com\\\/noticias\\\/author\\\/admin\\\/#author\"},\"image\":{\"@type\":\"ImageObject\",\"url\":483244,\"@id\":\"https:\\\/\\\/www.eldigitaldeasturias.com\\\/noticias\\\/paris-advierte-a-asad-porque-no-esta-cumpliendo-con-las-armas-quimicas\\\/#mainImage\"},\"primaryImageOfPage\":{\"@id\":\"https:\\\/\\\/www.eldigitaldeasturias.com\\\/noticias\\\/paris-advierte-a-asad-porque-no-esta-cumpliendo-con-las-armas-quimicas\\\/#mainImage\"},\"datePublished\":\"2014-02-04T16:00:57+01:00\",\"dateModified\":\"2014-02-04T16:00:57+01:00\"},{\"@type\":\"WebSite\",\"@id\":\"https:\\\/\\\/www.eldigitaldeasturias.com\\\/noticias\\\/#website\",\"url\":\"https:\\\/\\\/www.eldigitaldeasturias.com\\\/noticias\\\/\",\"name\":\"El Digital de Asturias - Diario de actualidad y noticias\",\"alternateName\":\"El Digital de Asturias - Diario de actualidad y noticias\",\"description\":\"Hemeroteca\",\"inLanguage\":\"es-ES\",\"publisher\":{\"@id\":\"https:\\\/\\\/www.eldigitaldeasturias.com\\\/noticias\\\/#organization\"}}]}\n\t\t<\/script>\n\t\t<!-- All in One SEO Pro -->\r\n\t\t<title>Par\u00eds advierte a Asad porque no est\u00e1 cumpliendo con las armas qu\u00edmicas - El Digital de Asturias<\/title>\n\n","aioseo_head_json":{"title":"Par\u00eds advierte a Asad porque no est\u00e1 cumpliendo con las armas qu\u00edmicas - El Digital de Asturias","description":"Par\u00eds, 4 feb (EFE).- El ministro franc\u00e9s de Exteriores, Laurent Fabius, lanz\u00f3 hoy una advertencia al r\u00e9gimen sirio de Bachar al Asad porque no est\u00e1 cumpliendo con sus compromisos sobre el ritmo de destrucci\u00f3n de las armas qu\u00edmicas. Fabius, en una entrevista a la emisora de radio \"France Info\", explic\u00f3 que, \"s\u00f3lo el 5 %","canonical_url":"https:\/\/www.eldigitaldeasturias.com\/noticias\/paris-advierte-a-asad-porque-no-esta-cumpliendo-con-las-armas-quimicas\/","robots":"max-image-preview:large","keywords":"actualidad","webmasterTools":{"google-site-verification":"UA-38556648-1","msvalidate.01":"7dfe9f3f1b24437ab69f4f2559babe99","miscellaneous":""},"schema":{"@context":"https:\/\/schema.org","@graph":[{"@type":"BlogPosting","@id":"https:\/\/www.eldigitaldeasturias.com\/noticias\/paris-advierte-a-asad-porque-no-esta-cumpliendo-con-las-armas-quimicas\/#blogposting","name":"Par\u00eds advierte a Asad porque no est\u00e1 cumpliendo con las armas qu\u00edmicas - El Digital de Asturias","headline":"Par\u00eds advierte a Asad porque no est\u00e1 cumpliendo con las armas qu\u00edmicas","author":{"@id":"https:\/\/www.eldigitaldeasturias.com\/noticias\/author\/admin\/#author"},"publisher":{"@id":"https:\/\/www.eldigitaldeasturias.com\/noticias\/#organization"},"image":{"@type":"ImageObject","url":483244},"datePublished":"2014-02-04T16:00:57+01:00","dateModified":"2014-02-04T16:00:57+01:00","inLanguage":"es-ES","mainEntityOfPage":{"@id":"https:\/\/www.eldigitaldeasturias.com\/noticias\/paris-advierte-a-asad-porque-no-esta-cumpliendo-con-las-armas-quimicas\/#webpage"},"isPartOf":{"@id":"https:\/\/www.eldigitaldeasturias.com\/noticias\/paris-advierte-a-asad-porque-no-esta-cumpliendo-con-las-armas-quimicas\/#webpage"},"articleSection":"Actualidad"},{"@type":"BreadcrumbList","@id":"https:\/\/www.eldigitaldeasturias.com\/noticias\/paris-advierte-a-asad-porque-no-esta-cumpliendo-con-las-armas-quimicas\/#breadcrumblist","itemListElement":[{"@type":"ListItem","@id":"https:\/\/www.eldigitaldeasturias.com\/noticias#listItem","position":1,"name":"Home","item":"https:\/\/www.eldigitaldeasturias.com\/noticias","nextItem":{"@type":"ListItem","@id":"https:\/\/www.eldigitaldeasturias.com\/noticias\/category\/actualidad\/#listItem","name":"Actualidad"}},{"@type":"ListItem","@id":"https:\/\/www.eldigitaldeasturias.com\/noticias\/category\/actualidad\/#listItem","position":2,"name":"Actualidad","item":"https:\/\/www.eldigitaldeasturias.com\/noticias\/category\/actualidad\/","nextItem":{"@type":"ListItem","@id":"https:\/\/www.eldigitaldeasturias.com\/noticias\/paris-advierte-a-asad-porque-no-esta-cumpliendo-con-las-armas-quimicas\/#listItem","name":"Par\u00eds advierte a Asad porque no est\u00e1 cumpliendo con las armas qu\u00edmicas"},"previousItem":{"@type":"ListItem","@id":"https:\/\/www.eldigitaldeasturias.com\/noticias#listItem","name":"Home"}},{"@type":"ListItem","@id":"https:\/\/www.eldigitaldeasturias.com\/noticias\/paris-advierte-a-asad-porque-no-esta-cumpliendo-con-las-armas-quimicas\/#listItem","position":3,"name":"Par\u00eds advierte a Asad porque no est\u00e1 cumpliendo con las armas qu\u00edmicas","previousItem":{"@type":"ListItem","@id":"https:\/\/www.eldigitaldeasturias.com\/noticias\/category\/actualidad\/#listItem","name":"Actualidad"}}]},{"@type":"Organization","@id":"https:\/\/www.eldigitaldeasturias.com\/noticias\/#organization","name":"El Digital de Asturias","description":"Hemeroteca","url":"https:\/\/www.eldigitaldeasturias.com\/noticias\/","email":"info@eldigitaldeasturias.com","telephone":"+34652131393","logo":{"@type":"ImageObject","url":"https:\/\/www.eldigitaldeasturias.com\/noticias\/wp-content\/uploads\/2020\/12\/EDA.jpg","@id":"https:\/\/www.eldigitaldeasturias.com\/noticias\/paris-advierte-a-asad-porque-no-esta-cumpliendo-con-las-armas-quimicas\/#organizationLogo"},"image":{"@id":"https:\/\/www.eldigitaldeasturias.com\/noticias\/paris-advierte-a-asad-porque-no-esta-cumpliendo-con-las-armas-quimicas\/#organizationLogo"},"sameAs":["https:\/\/facebook.com\/eldigitaldeasturias","https:\/\/www.youtube.com\/channel\/UCZP-2wLEB9Rv6erhFmqVnvg"],"address":{"@id":"https:\/\/www.eldigitaldeasturias.com\/noticias\/#postaladdress","@type":"PostalAddress","streetAddress":"san antonio 4","postalCode":"33430","addressLocality":"Cand\u00e1s","addressRegion":"Asturias","addressCountry":"ES"}},{"@type":"Person","@id":"https:\/\/www.eldigitaldeasturias.com\/noticias\/author\/admin\/#author","url":"https:\/\/www.eldigitaldeasturias.com\/noticias\/author\/admin\/","name":"El Digital de Asturias","image":{"@type":"ImageObject","@id":"https:\/\/www.eldigitaldeasturias.com\/noticias\/paris-advierte-a-asad-porque-no-esta-cumpliendo-con-las-armas-quimicas\/#authorImage","url":"https:\/\/secure.gravatar.com\/avatar\/df2aeffc32bcd13f8d26072ef8a91b623d677766deac7f97ca815868cd41bf5e?s=96&d=mm&r=g","width":96,"height":96,"caption":"El Digital de Asturias"}},{"@type":"WebPage","@id":"https:\/\/www.eldigitaldeasturias.com\/noticias\/paris-advierte-a-asad-porque-no-esta-cumpliendo-con-las-armas-quimicas\/#webpage","url":"https:\/\/www.eldigitaldeasturias.com\/noticias\/paris-advierte-a-asad-porque-no-esta-cumpliendo-con-las-armas-quimicas\/","name":"Par\u00eds advierte a Asad porque no est\u00e1 cumpliendo con las armas qu\u00edmicas - El Digital de Asturias","description":"Par\u00eds, 4 feb (EFE).- El ministro franc\u00e9s de Exteriores, Laurent Fabius, lanz\u00f3 hoy una advertencia al r\u00e9gimen sirio de Bachar al Asad porque no est\u00e1 cumpliendo con sus compromisos sobre el ritmo de destrucci\u00f3n de las armas qu\u00edmicas. Fabius, en una entrevista a la emisora de radio \"France Info\", explic\u00f3 que, \"s\u00f3lo el 5 %","inLanguage":"es-ES","isPartOf":{"@id":"https:\/\/www.eldigitaldeasturias.com\/noticias\/#website"},"breadcrumb":{"@id":"https:\/\/www.eldigitaldeasturias.com\/noticias\/paris-advierte-a-asad-porque-no-esta-cumpliendo-con-las-armas-quimicas\/#breadcrumblist"},"author":{"@id":"https:\/\/www.eldigitaldeasturias.com\/noticias\/author\/admin\/#author"},"creator":{"@id":"https:\/\/www.eldigitaldeasturias.com\/noticias\/author\/admin\/#author"},"image":{"@type":"ImageObject","url":483244,"@id":"https:\/\/www.eldigitaldeasturias.com\/noticias\/paris-advierte-a-asad-porque-no-esta-cumpliendo-con-las-armas-quimicas\/#mainImage"},"primaryImageOfPage":{"@id":"https:\/\/www.eldigitaldeasturias.com\/noticias\/paris-advierte-a-asad-porque-no-esta-cumpliendo-con-las-armas-quimicas\/#mainImage"},"datePublished":"2014-02-04T16:00:57+01:00","dateModified":"2014-02-04T16:00:57+01:00"},{"@type":"WebSite","@id":"https:\/\/www.eldigitaldeasturias.com\/noticias\/#website","url":"https:\/\/www.eldigitaldeasturias.com\/noticias\/","name":"El Digital de Asturias - Diario de actualidad y noticias","alternateName":"El Digital de Asturias - Diario de actualidad y noticias","description":"Hemeroteca","inLanguage":"es-ES","publisher":{"@id":"https:\/\/www.eldigitaldeasturias.com\/noticias\/#organization"}}]},"og:locale":"es_ES","og:site_name":"El Digital de Asturias","og:type":"article","og:title":"Par\u00eds advierte a Asad porque no est\u00e1 cumpliendo con las armas qu\u00edmicas - El Digital de Asturias","og:description":"Par\u00eds, 4 feb (EFE).- El ministro franc\u00e9s de Exteriores, Laurent Fabius, lanz\u00f3 hoy una advertencia al r\u00e9gimen sirio de Bachar al Asad porque no est\u00e1 cumpliendo con sus compromisos sobre el ritmo de destrucci\u00f3n de las armas qu\u00edmicas. Fabius, en una entrevista a la emisora de radio &quot;France Info&quot;, explic\u00f3 que, &quot;s\u00f3lo el 5 %","og:url":"https:\/\/www.eldigitaldeasturias.com\/noticias\/paris-advierte-a-asad-porque-no-esta-cumpliendo-con-las-armas-quimicas\/","article:tag":["actualidad"],"article:published_time":"2014-02-04T17:00:57+00:00","article:modified_time":"2014-02-04T17:00:57+00:00","article:publisher":"https:\/\/facebook.com\/eldigitaldeasturias","twitter:card":"summary_large_image","twitter:title":"Par\u00eds advierte a Asad porque no est\u00e1 cumpliendo con las armas qu\u00edmicas - El Digital de Asturias","twitter:description":"Par\u00eds, 4 feb (EFE).- El ministro franc\u00e9s de Exteriores, Laurent Fabius, lanz\u00f3 hoy una advertencia al r\u00e9gimen sirio de Bachar al Asad porque no est\u00e1 cumpliendo con sus compromisos sobre el ritmo de destrucci\u00f3n de las armas qu\u00edmicas. Fabius, en una entrevista a la emisora de radio &quot;France Info&quot;, explic\u00f3 que, &quot;s\u00f3lo el 5 %","twitter:label1":"Escrito por","twitter:data1":"El Digital de Asturias","twitter:label2":"Tiempo de lectura estimado","twitter:data2":"1 minuto"},"aioseo_meta_data":{"post_id":"483243","title":null,"description":null,"keywords":null,"keyphrases":null,"primary_term":null,"canonical_url":null,"og_title":null,"og_description":null,"og_object_type":"default","og_image_type":"default","og_image_url":null,"og_image_width":null,"og_image_height":null,"og_image_custom_url":null,"og_image_custom_fields":null,"og_video":null,"og_custom_url":null,"og_article_section":null,"og_article_tags":null,"twitter_use_og":true,"twitter_card":"default","twitter_image_type":"default","twitter_image_url":null,"twitter_image_custom_url":null,"twitter_image_custom_fields":null,"twitter_title":null,"twitter_description":null,"schema":{"blockGraphs":[],"customGraphs":[],"default":{"data":{"Article":[],"Course":[],"Dataset":[],"FAQPage":[],"Movie":[],"Person":[],"Product":[],"ProductReview":[],"Car":[],"Recipe":[],"Service":[],"SoftwareApplication":[],"WebPage":[]},"graphName":"","isEnabled":true},"graphs":[],"defaultGraph":"","defaultPostTypeGraph":""},"schema_type":null,"schema_type_options":null,"pillar_content":false,"robots_default":true,"robots_noindex":false,"robots_noarchive":false,"robots_nosnippet":false,"robots_nofollow":false,"robots_noimageindex":false,"robots_noodp":false,"robots_notranslate":false,"robots_max_snippet":null,"robots_max_videopreview":null,"robots_max_imagepreview":"none","priority":null,"frequency":null,"local_seo":null,"seo_analyzer_scan_date":"2026-06-02 12:17:54","breadcrumb_settings":null,"limit_modified_date":false,"open_ai":null,"ai":null,"created":"2020-11-14 22:54:44","updated":"2026-06-02 12:17:54","focus_keyword":null,"additional_keywords":null,"truseo_locale":null},"aioseo_breadcrumb":"<div class=\"aioseo-breadcrumbs\"><span class=\"aioseo-breadcrumb\">\n\t<a href=\"https:\/\/www.eldigitaldeasturias.com\/noticias\" title=\"Home\">Home<\/a>\n<\/span><span class=\"aioseo-breadcrumb-separator\">\u2013<\/span><span class=\"aioseo-breadcrumb\">\n\t<a href=\"https:\/\/www.eldigitaldeasturias.com\/noticias\/category\/actualidad\/\" title=\"Actualidad\">Actualidad<\/a>\n<\/span><span class=\"aioseo-breadcrumb-separator\">\u2013<\/span><span class=\"aioseo-breadcrumb\">\n\t<a href=\"https:\/\/www.eldigitaldeasturias.com\/noticias\/paris-advierte-a-asad-porque-no-esta-cumpliendo-con-las-armas-quimicas\/\" title=\"Par\u00eds advierte a Asad porque no est\u00e1 cumpliendo con las armas qu\u00edmicas\">Par\u00eds advierte a Asad porque no est\u00e1 cumpliendo con las armas qu\u00edmicas<\/a>\n<\/span><\/div>","aioseo_breadcrumb_json":[{"label":"Home","link":"https:\/\/www.eldigitaldeasturias.com\/noticias"},{"label":"Actualidad","link":"https:\/\/www.eldigitaldeasturias.com\/noticias\/category\/actualidad\/"},{"label":"Par\u00eds advierte a Asad porque no est\u00e1 cumpliendo con las armas qu\u00edmicas","link":"https:\/\/www.eldigitaldeasturias.com\/noticias\/paris-advierte-a-asad-porque-no-esta-cumpliendo-con-las-armas-quimicas\/"}],"_links":{"self":[{"href":"https:\/\/www.eldigitaldeasturias.com\/noticias\/wp-json\/wp\/v2\/posts\/483243","targetHints":{"allow":["GET"]}}],"collection":[{"href":"https:\/\/www.eldigitaldeasturias.com\/noticias\/wp-json\/wp\/v2\/posts"}],"about":[{"href":"https:\/\/www.eldigitaldeasturias.com\/noticias\/wp-json\/wp\/v2\/types\/post"}],"author":[{"embeddable":true,"href":"https:\/\/www.eldigitaldeasturias.com\/noticias\/wp-json\/wp\/v2\/users\/1"}],"replies":[{"embeddable":true,"href":"https:\/\/www.eldigitaldeasturias.com\/noticias\/wp-json\/wp\/v2\/comments?post=483243"}],"version-history":[{"count":0,"href":"https:\/\/www.eldigitaldeasturias.com\/noticias\/wp-json\/wp\/v2\/posts\/483243\/revisions"}],"wp:attachment":[{"href":"https:\/\/www.eldigitaldeasturias.com\/noticias\/wp-json\/wp\/v2\/media?parent=483243"}],"wp:term":[{"taxonomy":"category","embeddable":true,"href":"https:\/\/www.eldigitaldeasturias.com\/noticias\/wp-json\/wp\/v2\/categories?post=483243"},{"taxonomy":"post_tag","embeddable":true,"href":"https:\/\/www.eldigitaldeasturias.com\/noticias\/wp-json\/wp\/v2\/tags?post=483243"}],"curies":[{"name":"wp","href":"https:\/\/api.w.org\/{rel}","templated":true}]}}