{"id":483202,"date":"2014-02-04T14:44:15","date_gmt":"2014-02-04T15:44:15","guid":{"rendered":"http:\/\/www.eldigitaldeasturias.com\/noticias\/?p=483202"},"modified":"2014-02-04T14:44:15","modified_gmt":"2014-02-04T15:44:15","slug":"nadal-vivio-en-australia-la-peor-hora-y-media-en-una-pista-de-tenis","status":"publish","type":"post","link":"https:\/\/www.eldigitaldeasturias.com\/noticias\/nadal-vivio-en-australia-la-peor-hora-y-media-en-una-pista-de-tenis\/","title":{"rendered":"Nadal vivi\u00f3 en Australia \u00abla peor hora y media en una pista de tenis\u00bb"},"content":{"rendered":"<p><img loading=\"lazy\" decoding=\"async\" class=\"alignleft size-medium wp-image-483203\" alt=\"5906712w\" src=\"https:\/\/www.eldigitaldeasturias.com\/noticias\/wp-content\/uploads\/2014\/02\/5906712w-360x239.jpg\" width=\"360\" height=\"239\" \/>Madrid, 4 feb (EFE).- Rafael Nadal, n\u00famero uno del tenis mundial, confes\u00f3 que en la final del Abierto de Australia, que perdi\u00f3 frente al suizo Stanislas Wawrinka, vivi\u00f3 \u00abla peor hora y media en una pista de tenis\u00bb y anunci\u00f3 que regresar\u00e1 al equipo espa\u00f1ol de Copa Davis para jugar la eliminatoria por la permanencia en el Grupo Mundial.<\/p>\n<p>\u00abSab\u00eda que no ten\u00eda ninguna opci\u00f3n de ganar (en la final de Australia), pero no tuve intenci\u00f3n de retirarme. Fue la peor hora y media que he pasado en una pista de tenis\u00bb, declar\u00f3 anoche Nadal a la cadena COPE.<\/p>\n<p>Con respecto a la Copa Davis, Nadal anticip\u00f3 que, si no hay lesiones, estar\u00e1 en septiembre ayudando a Espa\u00f1a a mantenerse en el Grupo Mundial.<\/p>\n<p>\u00abFaltan muchos meses para ello\u00bb, advirti\u00f3, \u00abpero te voy a ser claro: confiaba estar en estos cuartos de final. Mi ilusi\u00f3n era competir para ganar esta Copa Davis. Evidentemente, en esa primera eliminatoria no me daba, no pod\u00eda estar, pero si no hay ning\u00fan contratiempo ni ninguna lesi\u00f3n, s\u00ed que tengo toda la intenci\u00f3n de estar en la eliminatoria para ayudar al equipo a mantenernos en el Grupo Mundial. Y espero poder ayudar el a\u00f1o que viene a tener opciones de volver a ganar\u00bb.<\/p>\n<p>Nadal no ha decidido todav\u00eda si participar\u00e1 la pr\u00f3xima semana en el torneo de Buenos Aires. \u00abEstoy bien. Hoy he pasado otra revisi\u00f3n y he seguido con el mismo tratamiento desde que volv\u00ed de Melbourne. A\u00fan no he tocado pista ni he hecho ning\u00fan tipo de ejercicio, he estado s\u00f3lo reposando y he intentado hacer la rehabilitaci\u00f3n adecuada para volver a estar en pista lo antes posible, que mi intenci\u00f3n es estar el jueves\u00bb.<\/p>\n<p>\u00abY a partir de ah\u00ed\u00bb, apunt\u00f3, \u00abjueves y viernes voy a entrenar y depende c\u00f3mo sintamos la evoluci\u00f3n, con mis sensaciones y tambi\u00e9n la opini\u00f3n de los m\u00e9dicos, decidiremos si podemos empezar en Buenos Aires o tendremos que esperar al siguiente\u00bb.<\/p>\n<p>Nadal reconoci\u00f3 que le ha costado un poco m\u00e1s que de costumbre asimilar la derrota de Australia: \u00abEl alma siempre est\u00e1 bien. Ser\u00eda bastante injusto decir que no estoy bien despu\u00e9s de todo lo que me ha dado esta vida. Soy una persona que acepta muy bien las derrotas, siempre lo he hecho, y realmente cuando pasan unas horas no pienso m\u00e1s en ello. Y esta vez me est\u00e1 costando un poquito m\u00e1s\u00bb.<\/p>\n<p>\u00abAl fin y al cabo\u00bb, a\u00f1adi\u00f3, \u00abera un partido importante para m\u00ed y no lo pude competir, o sea que un poquito desagradable lo que ocurri\u00f3 y an\u00edmicamente con ganas de volver a competir, porque la mejor manera de olvidar es competir de nuevo\u00bb.<\/p>\n<p>\u00abS\u00ed, no te voy a enga\u00f1ar. Fue uno de los peores momentos posibles\u00bb, afirm\u00f3. \u00abEstar enfrente de una final de Grand Slam y 15.000 espectadores, en un partido que vienes bien preparado, aunque el rival tambi\u00e9n, pero creo que estaba listo para el reto despu\u00e9s de haber pasado una semana complicada con la llaga en la mano, de llevar meses prepar\u00e1ndome y con este torneo entre ceja y ceja\u00bb.<\/p>\n<p>\u00abHaber hecho todo lo correcto para llegar al momento que so\u00f1aba llegar, en buenas condiciones, y que ocurra eso pues es parte de la vida del deportista, pero mejor si no ocurre habitualmente (risas). Ha tocado as\u00ed, aceptarlo e intentar seguir cre\u00e1ndome opciones para el futuro\u00bb.<\/p>\n<p>Nadal explic\u00f3 sus l\u00e1grimas sobre la pista de Melbourne: \u00abPor dolor de espalda no hay l\u00e1grimas. Dolor de impotencia, de haber llegado hasta ah\u00ed y verme inhabilitado para poder competir, evidentemente son momentos complicados de aceptar y m\u00e1s cuando est\u00e1s en medio de la pista y sabes que no vas a ganar, que no tienes ninguna opci\u00f3n de ganar. Y tampoco tengo la intenci\u00f3n de retirarme, porque es una situaci\u00f3n complicada y muy desagradable retirarme de una final como esa\u00bb.<\/p>\n<p>\u00abUn momento que pase ah\u00ed complicado, la peor hora y media que he pasado en una pista de tenis por lo que significaba el partido para m\u00ed y por el partido en s\u00ed, una final de Grand Slam. Pero bueno, eso es lo que ocurre a veces e intent\u00e9 llevarlo de la mejor manera posible, superarlo bien y terminar bien. Creo que era la \u00fanica manera de salir al menos con la cabeza alta, que es lo que hice, y aqu\u00ed estamos\u00bb, asegur\u00f3.<\/p>\n<p>Nadal admite que nunca pens\u00f3 que pod\u00eda ganar aqu\u00e9l partido. \u00abAgradecido a toda la gente que ten\u00eda esa confianza en m\u00ed, pero, sinceramente, gano el tercer set por errores de mi rival. Creo que \u00e9l en un momento dado tuvo la sensaci\u00f3n de que ten\u00eda la final ganada, por el estado en que yo estaba, y el set lo perdi\u00f3 \u00e9l. Yo estuve en la pista, pero el set lo perdi\u00f3 \u00e9l. Y en el momento que \u00e9l se consigui\u00f3 serenar otra vez y jugar un partido normal de tenis, no hab\u00eda partido\u00bb, concluy\u00f3.<\/p>\n","protected":false},"excerpt":{"rendered":"<p>Madrid, 4 feb (EFE).- Rafael Nadal, n\u00famero uno del tenis mundial, confes\u00f3 que en la final del Abierto de Australia, que perdi\u00f3 frente al suizo Stanislas Wawrinka, vivi\u00f3 \u00abla peor hora y media en una pista de tenis\u00bb y anunci\u00f3 que regresar\u00e1 al equipo espa\u00f1ol de Copa Davis para jugar la eliminatoria por la permanencia [&hellip;]<\/p>\n","protected":false},"author":1,"featured_media":483203,"comment_status":"closed","ping_status":"open","sticky":false,"template":"","format":"standard","meta":{"footnotes":""},"categories":[1],"tags":[],"class_list":["post-483202","post","type-post","status-publish","format-standard","has-post-thumbnail","hentry","category-actualidad"],"aioseo_notices":[],"aioseo_head":"\n\t\t<!-- All in One SEO Pro 5.0.1 - aioseo.com -->\n\t<meta name=\"description\" content=\"Madrid, 4 feb (EFE).- Rafael Nadal, n\u00famero uno del tenis mundial, confes\u00f3 que en la final del Abierto de Australia, que perdi\u00f3 frente al suizo Stanislas Wawrinka, vivi\u00f3 &quot;la peor hora y media en una pista de tenis&quot; y anunci\u00f3 que regresar\u00e1 al equipo espa\u00f1ol de Copa Davis para jugar la eliminatoria por la permanencia\" \/>\n\t<meta name=\"robots\" content=\"max-image-preview:large\" \/>\n\t<meta name=\"author\" content=\"El Digital de Asturias\"\/>\n\t<meta name=\"google-site-verification\" content=\"UA-38556648-1\" \/>\n\t<meta name=\"msvalidate.01\" content=\"7dfe9f3f1b24437ab69f4f2559babe99\" \/>\n\t<meta name=\"keywords\" content=\"actualidad\" \/>\n\t<link rel=\"canonical\" href=\"https:\/\/www.eldigitaldeasturias.com\/noticias\/nadal-vivio-en-australia-la-peor-hora-y-media-en-una-pista-de-tenis\/\" \/>\n\t<meta name=\"generator\" content=\"All in One SEO Pro (AIOSEO) 5.0.1\" \/>\n\t\t<meta property=\"og:locale\" content=\"es_ES\" \/>\n\t\t<meta property=\"og:site_name\" content=\"El Digital de Asturias\" \/>\n\t\t<meta property=\"og:type\" content=\"article\" \/>\n\t\t<meta property=\"og:title\" content=\"Nadal vivi\u00f3 en Australia \u00abla peor hora y media en una pista de tenis\u00bb - El Digital de Asturias\" \/>\n\t\t<meta property=\"og:description\" content=\"Madrid, 4 feb (EFE).- Rafael Nadal, n\u00famero uno del tenis mundial, confes\u00f3 que en la final del Abierto de Australia, que perdi\u00f3 frente al suizo Stanislas Wawrinka, vivi\u00f3 &quot;la peor hora y media en una pista de tenis&quot; y anunci\u00f3 que regresar\u00e1 al equipo espa\u00f1ol de Copa Davis para jugar la eliminatoria por la permanencia\" \/>\n\t\t<meta property=\"og:url\" content=\"https:\/\/www.eldigitaldeasturias.com\/noticias\/nadal-vivio-en-australia-la-peor-hora-y-media-en-una-pista-de-tenis\/\" \/>\n\t\t<meta property=\"article:tag\" content=\"actualidad\" \/>\n\t\t<meta property=\"article:published_time\" content=\"2014-02-04T15:44:15+00:00\" \/>\n\t\t<meta property=\"article:modified_time\" content=\"2014-02-04T15:44:15+00:00\" \/>\n\t\t<meta property=\"article:publisher\" content=\"https:\/\/facebook.com\/eldigitaldeasturias\" \/>\n\t\t<meta name=\"twitter:card\" content=\"summary_large_image\" \/>\n\t\t<meta name=\"twitter:title\" content=\"Nadal vivi\u00f3 en Australia \u00abla peor hora y media en una pista de tenis\u00bb - El Digital de Asturias\" \/>\n\t\t<meta name=\"twitter:description\" content=\"Madrid, 4 feb (EFE).- Rafael Nadal, n\u00famero uno del tenis mundial, confes\u00f3 que en la final del Abierto de Australia, que perdi\u00f3 frente al suizo Stanislas Wawrinka, vivi\u00f3 &quot;la peor hora y media en una pista de tenis&quot; y anunci\u00f3 que regresar\u00e1 al equipo espa\u00f1ol de Copa Davis para jugar la eliminatoria por la permanencia\" \/>\n\t\t<meta name=\"twitter:label1\" content=\"Escrito por\" \/>\n\t\t<meta name=\"twitter:data1\" content=\"El Digital de Asturias\" \/>\n\t\t<meta name=\"twitter:label2\" content=\"Tiempo de lectura estimado\" \/>\n\t\t<meta name=\"twitter:data2\" content=\"4 minutos\" \/>\n\t\t<script type=\"application\/ld+json\" class=\"aioseo-schema\">\n\t\t\t{\"@context\":\"https:\\\/\\\/schema.org\",\"@graph\":[{\"@type\":\"BlogPosting\",\"@id\":\"https:\\\/\\\/www.eldigitaldeasturias.com\\\/noticias\\\/nadal-vivio-en-australia-la-peor-hora-y-media-en-una-pista-de-tenis\\\/#blogposting\",\"name\":\"Nadal vivi\\u00f3 en Australia \\u00abla peor hora y media en una pista de tenis\\u00bb - El Digital de Asturias\",\"headline\":\"Nadal vivi\\u00f3 en Australia \\u00abla peor hora y media en una pista de tenis\\u00bb\",\"author\":{\"@id\":\"https:\\\/\\\/www.eldigitaldeasturias.com\\\/noticias\\\/author\\\/admin\\\/#author\"},\"publisher\":{\"@id\":\"https:\\\/\\\/www.eldigitaldeasturias.com\\\/noticias\\\/#organization\"},\"image\":{\"@type\":\"ImageObject\",\"url\":483203},\"datePublished\":\"2014-02-04T14:44:15+01:00\",\"dateModified\":\"2014-02-04T14:44:15+01:00\",\"inLanguage\":\"es-ES\",\"mainEntityOfPage\":{\"@id\":\"https:\\\/\\\/www.eldigitaldeasturias.com\\\/noticias\\\/nadal-vivio-en-australia-la-peor-hora-y-media-en-una-pista-de-tenis\\\/#webpage\"},\"isPartOf\":{\"@id\":\"https:\\\/\\\/www.eldigitaldeasturias.com\\\/noticias\\\/nadal-vivio-en-australia-la-peor-hora-y-media-en-una-pista-de-tenis\\\/#webpage\"},\"articleSection\":\"Actualidad\"},{\"@type\":\"BreadcrumbList\",\"@id\":\"https:\\\/\\\/www.eldigitaldeasturias.com\\\/noticias\\\/nadal-vivio-en-australia-la-peor-hora-y-media-en-una-pista-de-tenis\\\/#breadcrumblist\",\"itemListElement\":[{\"@type\":\"ListItem\",\"@id\":\"https:\\\/\\\/www.eldigitaldeasturias.com\\\/noticias#listItem\",\"position\":1,\"name\":\"Home\",\"item\":\"https:\\\/\\\/www.eldigitaldeasturias.com\\\/noticias\",\"nextItem\":{\"@type\":\"ListItem\",\"@id\":\"https:\\\/\\\/www.eldigitaldeasturias.com\\\/noticias\\\/category\\\/actualidad\\\/#listItem\",\"name\":\"Actualidad\"}},{\"@type\":\"ListItem\",\"@id\":\"https:\\\/\\\/www.eldigitaldeasturias.com\\\/noticias\\\/category\\\/actualidad\\\/#listItem\",\"position\":2,\"name\":\"Actualidad\",\"item\":\"https:\\\/\\\/www.eldigitaldeasturias.com\\\/noticias\\\/category\\\/actualidad\\\/\",\"nextItem\":{\"@type\":\"ListItem\",\"@id\":\"https:\\\/\\\/www.eldigitaldeasturias.com\\\/noticias\\\/nadal-vivio-en-australia-la-peor-hora-y-media-en-una-pista-de-tenis\\\/#listItem\",\"name\":\"Nadal vivi\\u00f3 en Australia \\u00abla peor hora y media en una pista de tenis\\u00bb\"},\"previousItem\":{\"@type\":\"ListItem\",\"@id\":\"https:\\\/\\\/www.eldigitaldeasturias.com\\\/noticias#listItem\",\"name\":\"Home\"}},{\"@type\":\"ListItem\",\"@id\":\"https:\\\/\\\/www.eldigitaldeasturias.com\\\/noticias\\\/nadal-vivio-en-australia-la-peor-hora-y-media-en-una-pista-de-tenis\\\/#listItem\",\"position\":3,\"name\":\"Nadal vivi\\u00f3 en Australia \\u00abla peor hora y media en una pista de tenis\\u00bb\",\"previousItem\":{\"@type\":\"ListItem\",\"@id\":\"https:\\\/\\\/www.eldigitaldeasturias.com\\\/noticias\\\/category\\\/actualidad\\\/#listItem\",\"name\":\"Actualidad\"}}]},{\"@type\":\"Organization\",\"@id\":\"https:\\\/\\\/www.eldigitaldeasturias.com\\\/noticias\\\/#organization\",\"name\":\"El Digital de Asturias\",\"description\":\"Hemeroteca\",\"url\":\"https:\\\/\\\/www.eldigitaldeasturias.com\\\/noticias\\\/\",\"email\":\"info@eldigitaldeasturias.com\",\"telephone\":\"+34652131393\",\"logo\":{\"@type\":\"ImageObject\",\"url\":\"https:\\\/\\\/www.eldigitaldeasturias.com\\\/noticias\\\/wp-content\\\/uploads\\\/2020\\\/12\\\/EDA.jpg\",\"@id\":\"https:\\\/\\\/www.eldigitaldeasturias.com\\\/noticias\\\/nadal-vivio-en-australia-la-peor-hora-y-media-en-una-pista-de-tenis\\\/#organizationLogo\"},\"image\":{\"@id\":\"https:\\\/\\\/www.eldigitaldeasturias.com\\\/noticias\\\/nadal-vivio-en-australia-la-peor-hora-y-media-en-una-pista-de-tenis\\\/#organizationLogo\"},\"sameAs\":[\"https:\\\/\\\/facebook.com\\\/eldigitaldeasturias\",\"https:\\\/\\\/www.youtube.com\\\/channel\\\/UCZP-2wLEB9Rv6erhFmqVnvg\"],\"address\":{\"@id\":\"https:\\\/\\\/www.eldigitaldeasturias.com\\\/noticias\\\/#postaladdress\",\"@type\":\"PostalAddress\",\"streetAddress\":\"san antonio 4\",\"postalCode\":\"33430\",\"addressLocality\":\"Cand\\u00e1s\",\"addressRegion\":\"Asturias\",\"addressCountry\":\"ES\"}},{\"@type\":\"Person\",\"@id\":\"https:\\\/\\\/www.eldigitaldeasturias.com\\\/noticias\\\/author\\\/admin\\\/#author\",\"url\":\"https:\\\/\\\/www.eldigitaldeasturias.com\\\/noticias\\\/author\\\/admin\\\/\",\"name\":\"El Digital de Asturias\",\"image\":{\"@type\":\"ImageObject\",\"@id\":\"https:\\\/\\\/www.eldigitaldeasturias.com\\\/noticias\\\/nadal-vivio-en-australia-la-peor-hora-y-media-en-una-pista-de-tenis\\\/#authorImage\",\"url\":\"https:\\\/\\\/secure.gravatar.com\\\/avatar\\\/df2aeffc32bcd13f8d26072ef8a91b623d677766deac7f97ca815868cd41bf5e?s=96&d=mm&r=g\",\"width\":96,\"height\":96,\"caption\":\"El Digital de Asturias\"}},{\"@type\":\"WebPage\",\"@id\":\"https:\\\/\\\/www.eldigitaldeasturias.com\\\/noticias\\\/nadal-vivio-en-australia-la-peor-hora-y-media-en-una-pista-de-tenis\\\/#webpage\",\"url\":\"https:\\\/\\\/www.eldigitaldeasturias.com\\\/noticias\\\/nadal-vivio-en-australia-la-peor-hora-y-media-en-una-pista-de-tenis\\\/\",\"name\":\"Nadal vivi\\u00f3 en Australia \\u00abla peor hora y media en una pista de tenis\\u00bb - El Digital de Asturias\",\"description\":\"Madrid, 4 feb (EFE).- Rafael Nadal, n\\u00famero uno del tenis mundial, confes\\u00f3 que en la final del Abierto de Australia, que perdi\\u00f3 frente al suizo Stanislas Wawrinka, vivi\\u00f3 \\\"la peor hora y media en una pista de tenis\\\" y anunci\\u00f3 que regresar\\u00e1 al equipo espa\\u00f1ol de Copa Davis para jugar la eliminatoria por la permanencia\",\"inLanguage\":\"es-ES\",\"isPartOf\":{\"@id\":\"https:\\\/\\\/www.eldigitaldeasturias.com\\\/noticias\\\/#website\"},\"breadcrumb\":{\"@id\":\"https:\\\/\\\/www.eldigitaldeasturias.com\\\/noticias\\\/nadal-vivio-en-australia-la-peor-hora-y-media-en-una-pista-de-tenis\\\/#breadcrumblist\"},\"author\":{\"@id\":\"https:\\\/\\\/www.eldigitaldeasturias.com\\\/noticias\\\/author\\\/admin\\\/#author\"},\"creator\":{\"@id\":\"https:\\\/\\\/www.eldigitaldeasturias.com\\\/noticias\\\/author\\\/admin\\\/#author\"},\"image\":{\"@type\":\"ImageObject\",\"url\":483203,\"@id\":\"https:\\\/\\\/www.eldigitaldeasturias.com\\\/noticias\\\/nadal-vivio-en-australia-la-peor-hora-y-media-en-una-pista-de-tenis\\\/#mainImage\"},\"primaryImageOfPage\":{\"@id\":\"https:\\\/\\\/www.eldigitaldeasturias.com\\\/noticias\\\/nadal-vivio-en-australia-la-peor-hora-y-media-en-una-pista-de-tenis\\\/#mainImage\"},\"datePublished\":\"2014-02-04T14:44:15+01:00\",\"dateModified\":\"2014-02-04T14:44:15+01:00\"},{\"@type\":\"WebSite\",\"@id\":\"https:\\\/\\\/www.eldigitaldeasturias.com\\\/noticias\\\/#website\",\"url\":\"https:\\\/\\\/www.eldigitaldeasturias.com\\\/noticias\\\/\",\"name\":\"El Digital de Asturias - Diario de actualidad y noticias\",\"alternateName\":\"El Digital de Asturias - Diario de actualidad y noticias\",\"description\":\"Hemeroteca\",\"inLanguage\":\"es-ES\",\"publisher\":{\"@id\":\"https:\\\/\\\/www.eldigitaldeasturias.com\\\/noticias\\\/#organization\"}}]}\n\t\t<\/script>\n\t\t<!-- All in One SEO Pro -->\r\n\t\t<title>Nadal vivi\u00f3 en Australia \u00abla peor hora y media en una pista de tenis\u00bb - El Digital de Asturias<\/title>\n\n","aioseo_head_json":{"title":"Nadal vivi\u00f3 en Australia \u00abla peor hora y media en una pista de tenis\u00bb - El Digital de Asturias","description":"Madrid, 4 feb (EFE).- Rafael Nadal, n\u00famero uno del tenis mundial, confes\u00f3 que en la final del Abierto de Australia, que perdi\u00f3 frente al suizo Stanislas Wawrinka, vivi\u00f3 \"la peor hora y media en una pista de tenis\" y anunci\u00f3 que regresar\u00e1 al equipo espa\u00f1ol de Copa Davis para jugar la eliminatoria por la permanencia","canonical_url":"https:\/\/www.eldigitaldeasturias.com\/noticias\/nadal-vivio-en-australia-la-peor-hora-y-media-en-una-pista-de-tenis\/","robots":"max-image-preview:large","keywords":"actualidad","webmasterTools":{"google-site-verification":"UA-38556648-1","msvalidate.01":"7dfe9f3f1b24437ab69f4f2559babe99","miscellaneous":""},"schema":{"@context":"https:\/\/schema.org","@graph":[{"@type":"BlogPosting","@id":"https:\/\/www.eldigitaldeasturias.com\/noticias\/nadal-vivio-en-australia-la-peor-hora-y-media-en-una-pista-de-tenis\/#blogposting","name":"Nadal vivi\u00f3 en Australia \u00abla peor hora y media en una pista de tenis\u00bb - El Digital de Asturias","headline":"Nadal vivi\u00f3 en Australia \u00abla peor hora y media en una pista de tenis\u00bb","author":{"@id":"https:\/\/www.eldigitaldeasturias.com\/noticias\/author\/admin\/#author"},"publisher":{"@id":"https:\/\/www.eldigitaldeasturias.com\/noticias\/#organization"},"image":{"@type":"ImageObject","url":483203},"datePublished":"2014-02-04T14:44:15+01:00","dateModified":"2014-02-04T14:44:15+01:00","inLanguage":"es-ES","mainEntityOfPage":{"@id":"https:\/\/www.eldigitaldeasturias.com\/noticias\/nadal-vivio-en-australia-la-peor-hora-y-media-en-una-pista-de-tenis\/#webpage"},"isPartOf":{"@id":"https:\/\/www.eldigitaldeasturias.com\/noticias\/nadal-vivio-en-australia-la-peor-hora-y-media-en-una-pista-de-tenis\/#webpage"},"articleSection":"Actualidad"},{"@type":"BreadcrumbList","@id":"https:\/\/www.eldigitaldeasturias.com\/noticias\/nadal-vivio-en-australia-la-peor-hora-y-media-en-una-pista-de-tenis\/#breadcrumblist","itemListElement":[{"@type":"ListItem","@id":"https:\/\/www.eldigitaldeasturias.com\/noticias#listItem","position":1,"name":"Home","item":"https:\/\/www.eldigitaldeasturias.com\/noticias","nextItem":{"@type":"ListItem","@id":"https:\/\/www.eldigitaldeasturias.com\/noticias\/category\/actualidad\/#listItem","name":"Actualidad"}},{"@type":"ListItem","@id":"https:\/\/www.eldigitaldeasturias.com\/noticias\/category\/actualidad\/#listItem","position":2,"name":"Actualidad","item":"https:\/\/www.eldigitaldeasturias.com\/noticias\/category\/actualidad\/","nextItem":{"@type":"ListItem","@id":"https:\/\/www.eldigitaldeasturias.com\/noticias\/nadal-vivio-en-australia-la-peor-hora-y-media-en-una-pista-de-tenis\/#listItem","name":"Nadal vivi\u00f3 en Australia \u00abla peor hora y media en una pista de tenis\u00bb"},"previousItem":{"@type":"ListItem","@id":"https:\/\/www.eldigitaldeasturias.com\/noticias#listItem","name":"Home"}},{"@type":"ListItem","@id":"https:\/\/www.eldigitaldeasturias.com\/noticias\/nadal-vivio-en-australia-la-peor-hora-y-media-en-una-pista-de-tenis\/#listItem","position":3,"name":"Nadal vivi\u00f3 en Australia \u00abla peor hora y media en una pista de tenis\u00bb","previousItem":{"@type":"ListItem","@id":"https:\/\/www.eldigitaldeasturias.com\/noticias\/category\/actualidad\/#listItem","name":"Actualidad"}}]},{"@type":"Organization","@id":"https:\/\/www.eldigitaldeasturias.com\/noticias\/#organization","name":"El Digital de Asturias","description":"Hemeroteca","url":"https:\/\/www.eldigitaldeasturias.com\/noticias\/","email":"info@eldigitaldeasturias.com","telephone":"+34652131393","logo":{"@type":"ImageObject","url":"https:\/\/www.eldigitaldeasturias.com\/noticias\/wp-content\/uploads\/2020\/12\/EDA.jpg","@id":"https:\/\/www.eldigitaldeasturias.com\/noticias\/nadal-vivio-en-australia-la-peor-hora-y-media-en-una-pista-de-tenis\/#organizationLogo"},"image":{"@id":"https:\/\/www.eldigitaldeasturias.com\/noticias\/nadal-vivio-en-australia-la-peor-hora-y-media-en-una-pista-de-tenis\/#organizationLogo"},"sameAs":["https:\/\/facebook.com\/eldigitaldeasturias","https:\/\/www.youtube.com\/channel\/UCZP-2wLEB9Rv6erhFmqVnvg"],"address":{"@id":"https:\/\/www.eldigitaldeasturias.com\/noticias\/#postaladdress","@type":"PostalAddress","streetAddress":"san antonio 4","postalCode":"33430","addressLocality":"Cand\u00e1s","addressRegion":"Asturias","addressCountry":"ES"}},{"@type":"Person","@id":"https:\/\/www.eldigitaldeasturias.com\/noticias\/author\/admin\/#author","url":"https:\/\/www.eldigitaldeasturias.com\/noticias\/author\/admin\/","name":"El Digital de Asturias","image":{"@type":"ImageObject","@id":"https:\/\/www.eldigitaldeasturias.com\/noticias\/nadal-vivio-en-australia-la-peor-hora-y-media-en-una-pista-de-tenis\/#authorImage","url":"https:\/\/secure.gravatar.com\/avatar\/df2aeffc32bcd13f8d26072ef8a91b623d677766deac7f97ca815868cd41bf5e?s=96&d=mm&r=g","width":96,"height":96,"caption":"El Digital de Asturias"}},{"@type":"WebPage","@id":"https:\/\/www.eldigitaldeasturias.com\/noticias\/nadal-vivio-en-australia-la-peor-hora-y-media-en-una-pista-de-tenis\/#webpage","url":"https:\/\/www.eldigitaldeasturias.com\/noticias\/nadal-vivio-en-australia-la-peor-hora-y-media-en-una-pista-de-tenis\/","name":"Nadal vivi\u00f3 en Australia \u00abla peor hora y media en una pista de tenis\u00bb - El Digital de Asturias","description":"Madrid, 4 feb (EFE).- Rafael Nadal, n\u00famero uno del tenis mundial, confes\u00f3 que en la final del Abierto de Australia, que perdi\u00f3 frente al suizo Stanislas Wawrinka, vivi\u00f3 \"la peor hora y media en una pista de tenis\" y anunci\u00f3 que regresar\u00e1 al equipo espa\u00f1ol de Copa Davis para jugar la eliminatoria por la permanencia","inLanguage":"es-ES","isPartOf":{"@id":"https:\/\/www.eldigitaldeasturias.com\/noticias\/#website"},"breadcrumb":{"@id":"https:\/\/www.eldigitaldeasturias.com\/noticias\/nadal-vivio-en-australia-la-peor-hora-y-media-en-una-pista-de-tenis\/#breadcrumblist"},"author":{"@id":"https:\/\/www.eldigitaldeasturias.com\/noticias\/author\/admin\/#author"},"creator":{"@id":"https:\/\/www.eldigitaldeasturias.com\/noticias\/author\/admin\/#author"},"image":{"@type":"ImageObject","url":483203,"@id":"https:\/\/www.eldigitaldeasturias.com\/noticias\/nadal-vivio-en-australia-la-peor-hora-y-media-en-una-pista-de-tenis\/#mainImage"},"primaryImageOfPage":{"@id":"https:\/\/www.eldigitaldeasturias.com\/noticias\/nadal-vivio-en-australia-la-peor-hora-y-media-en-una-pista-de-tenis\/#mainImage"},"datePublished":"2014-02-04T14:44:15+01:00","dateModified":"2014-02-04T14:44:15+01:00"},{"@type":"WebSite","@id":"https:\/\/www.eldigitaldeasturias.com\/noticias\/#website","url":"https:\/\/www.eldigitaldeasturias.com\/noticias\/","name":"El Digital de Asturias - Diario de actualidad y noticias","alternateName":"El Digital de Asturias - Diario de actualidad y noticias","description":"Hemeroteca","inLanguage":"es-ES","publisher":{"@id":"https:\/\/www.eldigitaldeasturias.com\/noticias\/#organization"}}]},"og:locale":"es_ES","og:site_name":"El Digital de Asturias","og:type":"article","og:title":"Nadal vivi\u00f3 en Australia \u00abla peor hora y media en una pista de tenis\u00bb - El Digital de Asturias","og:description":"Madrid, 4 feb (EFE).- Rafael Nadal, n\u00famero uno del tenis mundial, confes\u00f3 que en la final del Abierto de Australia, que perdi\u00f3 frente al suizo Stanislas Wawrinka, vivi\u00f3 &quot;la peor hora y media en una pista de tenis&quot; y anunci\u00f3 que regresar\u00e1 al equipo espa\u00f1ol de Copa Davis para jugar la eliminatoria por la permanencia","og:url":"https:\/\/www.eldigitaldeasturias.com\/noticias\/nadal-vivio-en-australia-la-peor-hora-y-media-en-una-pista-de-tenis\/","article:tag":["actualidad"],"article:published_time":"2014-02-04T15:44:15+00:00","article:modified_time":"2014-02-04T15:44:15+00:00","article:publisher":"https:\/\/facebook.com\/eldigitaldeasturias","twitter:card":"summary_large_image","twitter:title":"Nadal vivi\u00f3 en Australia \u00abla peor hora y media en una pista de tenis\u00bb - El Digital de Asturias","twitter:description":"Madrid, 4 feb (EFE).- Rafael Nadal, n\u00famero uno del tenis mundial, confes\u00f3 que en la final del Abierto de Australia, que perdi\u00f3 frente al suizo Stanislas Wawrinka, vivi\u00f3 &quot;la peor hora y media en una pista de tenis&quot; y anunci\u00f3 que regresar\u00e1 al equipo espa\u00f1ol de Copa Davis para jugar la eliminatoria por la permanencia","twitter:label1":"Escrito por","twitter:data1":"El Digital de Asturias","twitter:label2":"Tiempo de lectura estimado","twitter:data2":"4 minutos"},"aioseo_meta_data":{"post_id":"483202","title":null,"description":null,"keywords":null,"keyphrases":null,"primary_term":null,"canonical_url":null,"og_title":null,"og_description":null,"og_object_type":"default","og_image_type":"default","og_image_url":null,"og_image_width":null,"og_image_height":null,"og_image_custom_url":null,"og_image_custom_fields":null,"og_video":null,"og_custom_url":null,"og_article_section":null,"og_article_tags":null,"twitter_use_og":true,"twitter_card":"default","twitter_image_type":"default","twitter_image_url":null,"twitter_image_custom_url":null,"twitter_image_custom_fields":null,"twitter_title":null,"twitter_description":null,"schema":{"blockGraphs":[],"customGraphs":[],"default":{"data":{"Article":[],"Course":[],"Dataset":[],"FAQPage":[],"Movie":[],"Person":[],"Product":[],"ProductReview":[],"Car":[],"Recipe":[],"Service":[],"SoftwareApplication":[],"WebPage":[]},"graphName":"","isEnabled":true},"graphs":[],"defaultGraph":"","defaultPostTypeGraph":""},"schema_type":null,"schema_type_options":null,"pillar_content":false,"robots_default":true,"robots_noindex":false,"robots_noarchive":false,"robots_nosnippet":false,"robots_nofollow":false,"robots_noimageindex":false,"robots_noodp":false,"robots_notranslate":false,"robots_max_snippet":null,"robots_max_videopreview":null,"robots_max_imagepreview":"none","priority":null,"frequency":null,"local_seo":null,"seo_analyzer_scan_date":"2026-06-02 12:07:56","breadcrumb_settings":null,"limit_modified_date":false,"open_ai":null,"ai":null,"created":"2020-11-14 22:54:43","updated":"2026-06-02 12:07:56","focus_keyword":null,"additional_keywords":null,"truseo_locale":null},"aioseo_breadcrumb":"<div class=\"aioseo-breadcrumbs\"><span class=\"aioseo-breadcrumb\">\n\t<a href=\"https:\/\/www.eldigitaldeasturias.com\/noticias\" title=\"Home\">Home<\/a>\n<\/span><span class=\"aioseo-breadcrumb-separator\">\u2013<\/span><span class=\"aioseo-breadcrumb\">\n\t<a href=\"https:\/\/www.eldigitaldeasturias.com\/noticias\/category\/actualidad\/\" title=\"Actualidad\">Actualidad<\/a>\n<\/span><span class=\"aioseo-breadcrumb-separator\">\u2013<\/span><span class=\"aioseo-breadcrumb\">\n\t<a href=\"https:\/\/www.eldigitaldeasturias.com\/noticias\/nadal-vivio-en-australia-la-peor-hora-y-media-en-una-pista-de-tenis\/\" title=\"Nadal vivi\u00f3 en Australia \u00abla peor hora y media en una pista de tenis\u00bb\">Nadal vivi\u00f3 en Australia \u00abla peor hora y media en una pista de tenis\u00bb<\/a>\n<\/span><\/div>","aioseo_breadcrumb_json":[{"label":"Home","link":"https:\/\/www.eldigitaldeasturias.com\/noticias"},{"label":"Actualidad","link":"https:\/\/www.eldigitaldeasturias.com\/noticias\/category\/actualidad\/"},{"label":"Nadal vivi\u00f3 en Australia \u00abla peor hora y media en una pista de tenis\u00bb","link":"https:\/\/www.eldigitaldeasturias.com\/noticias\/nadal-vivio-en-australia-la-peor-hora-y-media-en-una-pista-de-tenis\/"}],"_links":{"self":[{"href":"https:\/\/www.eldigitaldeasturias.com\/noticias\/wp-json\/wp\/v2\/posts\/483202","targetHints":{"allow":["GET"]}}],"collection":[{"href":"https:\/\/www.eldigitaldeasturias.com\/noticias\/wp-json\/wp\/v2\/posts"}],"about":[{"href":"https:\/\/www.eldigitaldeasturias.com\/noticias\/wp-json\/wp\/v2\/types\/post"}],"author":[{"embeddable":true,"href":"https:\/\/www.eldigitaldeasturias.com\/noticias\/wp-json\/wp\/v2\/users\/1"}],"replies":[{"embeddable":true,"href":"https:\/\/www.eldigitaldeasturias.com\/noticias\/wp-json\/wp\/v2\/comments?post=483202"}],"version-history":[{"count":0,"href":"https:\/\/www.eldigitaldeasturias.com\/noticias\/wp-json\/wp\/v2\/posts\/483202\/revisions"}],"wp:attachment":[{"href":"https:\/\/www.eldigitaldeasturias.com\/noticias\/wp-json\/wp\/v2\/media?parent=483202"}],"wp:term":[{"taxonomy":"category","embeddable":true,"href":"https:\/\/www.eldigitaldeasturias.com\/noticias\/wp-json\/wp\/v2\/categories?post=483202"},{"taxonomy":"post_tag","embeddable":true,"href":"https:\/\/www.eldigitaldeasturias.com\/noticias\/wp-json\/wp\/v2\/tags?post=483202"}],"curies":[{"name":"wp","href":"https:\/\/api.w.org\/{rel}","templated":true}]}}