{"id":483190,"date":"2014-02-04T14:40:36","date_gmt":"2014-02-04T15:40:36","guid":{"rendered":"http:\/\/www.eldigitaldeasturias.com\/noticias\/?p=483190"},"modified":"2014-02-04T14:40:36","modified_gmt":"2014-02-04T15:40:36","slug":"erekat-niega-avance-en-el-dialogo-y-dice-que-aun-no-hay-fecha-para-el-acuerdo","status":"publish","type":"post","link":"https:\/\/www.eldigitaldeasturias.com\/noticias\/erekat-niega-avance-en-el-dialogo-y-dice-que-aun-no-hay-fecha-para-el-acuerdo\/","title":{"rendered":"Erekat niega avance en el di\u00e1logo y dice que a\u00fan no hay fecha para el acuerdo"},"content":{"rendered":"<p><img loading=\"lazy\" decoding=\"async\" class=\"alignleft size-medium wp-image-483191\" alt=\"5906531w\" src=\"https:\/\/www.eldigitaldeasturias.com\/noticias\/wp-content\/uploads\/2014\/02\/5906531w-360x249.jpg\" width=\"360\" height=\"249\" \/>Ramala, 4 feb (EFE).- El jefe negociador de la Organizaci\u00f3n para la Liberaci\u00f3n de Palestina (OLP), Saeb Erekat, neg\u00f3 que haya progresos en el proceso de paz impulsado por el secretario de Estado estadounidense, John Kerry, y subray\u00f3 que est\u00e9 a\u00fan no ha presentado documento escrito alguno.<\/p>\n<p>En declaraciones difundidas hoy por la agencia de noticias local Maan, Erekat subray\u00f3 que los palestinos a\u00fan esperan una respuesta oficial de la Casa Blanca, que en su opini\u00f3n se retrasa por los obst\u00e1culos de Israel, \u00abque rechaza la soluci\u00f3n de los dos Estados y la ley internacional.<\/p>\n<p>\u00abDesde la reuni\u00f3n mantenida en Munich el pasado domingo por el cuarteto y hasta el momento, Kerry no ha mostrado nada escrito u oficial. No hay fecha para la presentaci\u00f3n del acuerdo interino ni para su pr\u00f3ximo viaje a la regi\u00f3n\u00bb, subray\u00f3.<\/p>\n<p>En este marco, Erekat se quej\u00f3 de que a lo largo de la presente negociaci\u00f3n, que comenz\u00f3 el pasado julio, Israel ha anunciado la construcci\u00f3n de 10.000 nuevas casas en las colonias, ha derribado 219 hogares palestinos y matado a 40 personas.<\/p>\n<p>\u00abIsrael no solo debe ser condenado y denunciado por esto, debe ser obligado a rendir cuentas por ello ante la comunidad internacional\u00bb, inquiri\u00f3.<\/p>\n<p>Erekat viaj\u00f3 la semana pasada a Washington para tratar de avanzar en una negociaci\u00f3n que las \u00faltimas semanas se ha complicado debido, en gran parte, por la insistencia de Israel de ser reconocido como un Estado jud\u00edo y su reticencia a retirarse militarmente del valle del Jord\u00e1n y desmantelar las colonias en Cisjordania.<\/p>\n<p>Tras aquel encuentro, el negociador palestino se traslad\u00f3 a la ciudad alemana de Munich, donde mantuvo una acalorada discusi\u00f3n con la jefa del equipo negociador israel\u00ed y actual ministra de Justicia, Tzipi Livni.<\/p>\n<p>\u00abLe dije delante de todo el mundo que no podemos cambiar nuestra historia, nuestra religi\u00f3n y nuestra civilizaci\u00f3n. Somos los hijos leg\u00edtimos de Palestina, y no podemos aceptar Israel como un Estado jud\u00edo\u00bb, explic\u00f3.<\/p>\n<p>\u00abLe reiter\u00e9 a Livni que Israel debe disculparse por los refugiados palestinos, porque ellos no quedaron desplazados por el efecto de un volc\u00e1n o un tsunami, sino por el establecimiento del estado de Israel\u00bb, agreg\u00f3.<\/p>\n<p>\u00abDeben disculparse ante ellos y solucionar la cuesti\u00f3n de acuerdo con la Iniciativa \u00c1rabe de Paz (consensuada en la cumbre \u00e1rabe celebrada en Beirut en 2002) y a las decisiones internacionales\u00bb, recalc\u00f3.<\/p>\n<p>Erekat record\u00f3 que Livni \u00abnos acus\u00f3 de no querer la paz y le repliqu\u00e9 que Israel es racista respecto a los palestinos de una forma que incluso no ocurri\u00f3 en Sud\u00e1frica. El mundo debe levantarse contra este r\u00e9gimen racista, hacerle rendir cuentas y castigarle\u00bb.<\/p>\n<p>Por \u00faltimo, el negociador palestino rechaz\u00f3 vincular la reciente liberaci\u00f3n de veteranos prisioneros palestinos con el acuerdo marco que se negocia bajo la batuta de Kerry.<\/p>\n<p>\u00abEste acuerdo se hizo al margen de las negociaciones y est\u00e1 vinculado al alto precio a pagar por congelar la aplicaci\u00f3n de los requerimiento de la ONU\u00bb, concluy\u00f3 Erekat<\/p>\n","protected":false},"excerpt":{"rendered":"<p>Ramala, 4 feb (EFE).- El jefe negociador de la Organizaci\u00f3n para la Liberaci\u00f3n de Palestina (OLP), Saeb Erekat, neg\u00f3 que haya progresos en el proceso de paz impulsado por el secretario de Estado estadounidense, John Kerry, y subray\u00f3 que est\u00e9 a\u00fan no ha presentado documento escrito alguno. En declaraciones difundidas hoy por la agencia de [&hellip;]<\/p>\n","protected":false},"author":1,"featured_media":483191,"comment_status":"closed","ping_status":"open","sticky":false,"template":"","format":"standard","meta":{"footnotes":""},"categories":[1],"tags":[],"class_list":["post-483190","post","type-post","status-publish","format-standard","has-post-thumbnail","hentry","category-actualidad"],"aioseo_notices":[],"aioseo_head":"\n\t\t<!-- All in One SEO Pro 5.0.1 - aioseo.com -->\n\t<meta name=\"description\" content=\"Ramala, 4 feb (EFE).- El jefe negociador de la Organizaci\u00f3n para la Liberaci\u00f3n de Palestina (OLP), Saeb Erekat, neg\u00f3 que haya progresos en el proceso de paz impulsado por el secretario de Estado estadounidense, John Kerry, y subray\u00f3 que est\u00e9 a\u00fan no ha presentado documento escrito alguno. En declaraciones difundidas hoy por la agencia de\" \/>\n\t<meta name=\"robots\" content=\"max-image-preview:large\" \/>\n\t<meta name=\"author\" content=\"El Digital de Asturias\"\/>\n\t<meta name=\"google-site-verification\" content=\"UA-38556648-1\" \/>\n\t<meta name=\"msvalidate.01\" content=\"7dfe9f3f1b24437ab69f4f2559babe99\" \/>\n\t<meta name=\"keywords\" content=\"actualidad\" \/>\n\t<link rel=\"canonical\" href=\"https:\/\/www.eldigitaldeasturias.com\/noticias\/erekat-niega-avance-en-el-dialogo-y-dice-que-aun-no-hay-fecha-para-el-acuerdo\/\" \/>\n\t<meta name=\"generator\" content=\"All in One SEO Pro (AIOSEO) 5.0.1\" \/>\n\t\t<meta property=\"og:locale\" content=\"es_ES\" \/>\n\t\t<meta property=\"og:site_name\" content=\"El Digital de Asturias\" \/>\n\t\t<meta property=\"og:type\" content=\"article\" \/>\n\t\t<meta property=\"og:title\" content=\"Erekat niega avance en el di\u00e1logo y dice que a\u00fan no hay fecha para el acuerdo - El Digital de Asturias\" \/>\n\t\t<meta property=\"og:description\" content=\"Ramala, 4 feb (EFE).- El jefe negociador de la Organizaci\u00f3n para la Liberaci\u00f3n de Palestina (OLP), Saeb Erekat, neg\u00f3 que haya progresos en el proceso de paz impulsado por el secretario de Estado estadounidense, John Kerry, y subray\u00f3 que est\u00e9 a\u00fan no ha presentado documento escrito alguno. En declaraciones difundidas hoy por la agencia de\" \/>\n\t\t<meta property=\"og:url\" content=\"https:\/\/www.eldigitaldeasturias.com\/noticias\/erekat-niega-avance-en-el-dialogo-y-dice-que-aun-no-hay-fecha-para-el-acuerdo\/\" \/>\n\t\t<meta property=\"article:tag\" content=\"actualidad\" \/>\n\t\t<meta property=\"article:published_time\" content=\"2014-02-04T15:40:36+00:00\" \/>\n\t\t<meta property=\"article:modified_time\" content=\"2014-02-04T15:40:36+00:00\" \/>\n\t\t<meta property=\"article:publisher\" content=\"https:\/\/facebook.com\/eldigitaldeasturias\" \/>\n\t\t<meta name=\"twitter:card\" content=\"summary_large_image\" \/>\n\t\t<meta name=\"twitter:title\" content=\"Erekat niega avance en el di\u00e1logo y dice que a\u00fan no hay fecha para el acuerdo - El Digital de Asturias\" \/>\n\t\t<meta name=\"twitter:description\" content=\"Ramala, 4 feb (EFE).- El jefe negociador de la Organizaci\u00f3n para la Liberaci\u00f3n de Palestina (OLP), Saeb Erekat, neg\u00f3 que haya progresos en el proceso de paz impulsado por el secretario de Estado estadounidense, John Kerry, y subray\u00f3 que est\u00e9 a\u00fan no ha presentado documento escrito alguno. En declaraciones difundidas hoy por la agencia de\" \/>\n\t\t<meta name=\"twitter:label1\" content=\"Escrito por\" \/>\n\t\t<meta name=\"twitter:data1\" content=\"El Digital de Asturias\" \/>\n\t\t<meta name=\"twitter:label2\" content=\"Tiempo de lectura estimado\" \/>\n\t\t<meta name=\"twitter:data2\" content=\"3 minutos\" \/>\n\t\t<script type=\"application\/ld+json\" class=\"aioseo-schema\">\n\t\t\t{\"@context\":\"https:\\\/\\\/schema.org\",\"@graph\":[{\"@type\":\"BlogPosting\",\"@id\":\"https:\\\/\\\/www.eldigitaldeasturias.com\\\/noticias\\\/erekat-niega-avance-en-el-dialogo-y-dice-que-aun-no-hay-fecha-para-el-acuerdo\\\/#blogposting\",\"name\":\"Erekat niega avance en el di\\u00e1logo y dice que a\\u00fan no hay fecha para el acuerdo - El Digital de Asturias\",\"headline\":\"Erekat niega avance en el di\\u00e1logo y dice que a\\u00fan no hay fecha para el acuerdo\",\"author\":{\"@id\":\"https:\\\/\\\/www.eldigitaldeasturias.com\\\/noticias\\\/author\\\/admin\\\/#author\"},\"publisher\":{\"@id\":\"https:\\\/\\\/www.eldigitaldeasturias.com\\\/noticias\\\/#organization\"},\"image\":{\"@type\":\"ImageObject\",\"url\":483191},\"datePublished\":\"2014-02-04T14:40:36+01:00\",\"dateModified\":\"2014-02-04T14:40:36+01:00\",\"inLanguage\":\"es-ES\",\"mainEntityOfPage\":{\"@id\":\"https:\\\/\\\/www.eldigitaldeasturias.com\\\/noticias\\\/erekat-niega-avance-en-el-dialogo-y-dice-que-aun-no-hay-fecha-para-el-acuerdo\\\/#webpage\"},\"isPartOf\":{\"@id\":\"https:\\\/\\\/www.eldigitaldeasturias.com\\\/noticias\\\/erekat-niega-avance-en-el-dialogo-y-dice-que-aun-no-hay-fecha-para-el-acuerdo\\\/#webpage\"},\"articleSection\":\"Actualidad\"},{\"@type\":\"BreadcrumbList\",\"@id\":\"https:\\\/\\\/www.eldigitaldeasturias.com\\\/noticias\\\/erekat-niega-avance-en-el-dialogo-y-dice-que-aun-no-hay-fecha-para-el-acuerdo\\\/#breadcrumblist\",\"itemListElement\":[{\"@type\":\"ListItem\",\"@id\":\"https:\\\/\\\/www.eldigitaldeasturias.com\\\/noticias#listItem\",\"position\":1,\"name\":\"Home\",\"item\":\"https:\\\/\\\/www.eldigitaldeasturias.com\\\/noticias\",\"nextItem\":{\"@type\":\"ListItem\",\"@id\":\"https:\\\/\\\/www.eldigitaldeasturias.com\\\/noticias\\\/category\\\/actualidad\\\/#listItem\",\"name\":\"Actualidad\"}},{\"@type\":\"ListItem\",\"@id\":\"https:\\\/\\\/www.eldigitaldeasturias.com\\\/noticias\\\/category\\\/actualidad\\\/#listItem\",\"position\":2,\"name\":\"Actualidad\",\"item\":\"https:\\\/\\\/www.eldigitaldeasturias.com\\\/noticias\\\/category\\\/actualidad\\\/\",\"nextItem\":{\"@type\":\"ListItem\",\"@id\":\"https:\\\/\\\/www.eldigitaldeasturias.com\\\/noticias\\\/erekat-niega-avance-en-el-dialogo-y-dice-que-aun-no-hay-fecha-para-el-acuerdo\\\/#listItem\",\"name\":\"Erekat niega avance en el di\\u00e1logo y dice que a\\u00fan no hay fecha para el acuerdo\"},\"previousItem\":{\"@type\":\"ListItem\",\"@id\":\"https:\\\/\\\/www.eldigitaldeasturias.com\\\/noticias#listItem\",\"name\":\"Home\"}},{\"@type\":\"ListItem\",\"@id\":\"https:\\\/\\\/www.eldigitaldeasturias.com\\\/noticias\\\/erekat-niega-avance-en-el-dialogo-y-dice-que-aun-no-hay-fecha-para-el-acuerdo\\\/#listItem\",\"position\":3,\"name\":\"Erekat niega avance en el di\\u00e1logo y dice que a\\u00fan no hay fecha para el acuerdo\",\"previousItem\":{\"@type\":\"ListItem\",\"@id\":\"https:\\\/\\\/www.eldigitaldeasturias.com\\\/noticias\\\/category\\\/actualidad\\\/#listItem\",\"name\":\"Actualidad\"}}]},{\"@type\":\"Organization\",\"@id\":\"https:\\\/\\\/www.eldigitaldeasturias.com\\\/noticias\\\/#organization\",\"name\":\"El Digital de Asturias\",\"description\":\"Hemeroteca\",\"url\":\"https:\\\/\\\/www.eldigitaldeasturias.com\\\/noticias\\\/\",\"email\":\"info@eldigitaldeasturias.com\",\"telephone\":\"+34652131393\",\"logo\":{\"@type\":\"ImageObject\",\"url\":\"https:\\\/\\\/www.eldigitaldeasturias.com\\\/noticias\\\/wp-content\\\/uploads\\\/2020\\\/12\\\/EDA.jpg\",\"@id\":\"https:\\\/\\\/www.eldigitaldeasturias.com\\\/noticias\\\/erekat-niega-avance-en-el-dialogo-y-dice-que-aun-no-hay-fecha-para-el-acuerdo\\\/#organizationLogo\"},\"image\":{\"@id\":\"https:\\\/\\\/www.eldigitaldeasturias.com\\\/noticias\\\/erekat-niega-avance-en-el-dialogo-y-dice-que-aun-no-hay-fecha-para-el-acuerdo\\\/#organizationLogo\"},\"sameAs\":[\"https:\\\/\\\/facebook.com\\\/eldigitaldeasturias\",\"https:\\\/\\\/www.youtube.com\\\/channel\\\/UCZP-2wLEB9Rv6erhFmqVnvg\"],\"address\":{\"@id\":\"https:\\\/\\\/www.eldigitaldeasturias.com\\\/noticias\\\/#postaladdress\",\"@type\":\"PostalAddress\",\"streetAddress\":\"san antonio 4\",\"postalCode\":\"33430\",\"addressLocality\":\"Cand\\u00e1s\",\"addressRegion\":\"Asturias\",\"addressCountry\":\"ES\"}},{\"@type\":\"Person\",\"@id\":\"https:\\\/\\\/www.eldigitaldeasturias.com\\\/noticias\\\/author\\\/admin\\\/#author\",\"url\":\"https:\\\/\\\/www.eldigitaldeasturias.com\\\/noticias\\\/author\\\/admin\\\/\",\"name\":\"El Digital de Asturias\",\"image\":{\"@type\":\"ImageObject\",\"@id\":\"https:\\\/\\\/www.eldigitaldeasturias.com\\\/noticias\\\/erekat-niega-avance-en-el-dialogo-y-dice-que-aun-no-hay-fecha-para-el-acuerdo\\\/#authorImage\",\"url\":\"https:\\\/\\\/secure.gravatar.com\\\/avatar\\\/df2aeffc32bcd13f8d26072ef8a91b623d677766deac7f97ca815868cd41bf5e?s=96&d=mm&r=g\",\"width\":96,\"height\":96,\"caption\":\"El Digital de Asturias\"}},{\"@type\":\"WebPage\",\"@id\":\"https:\\\/\\\/www.eldigitaldeasturias.com\\\/noticias\\\/erekat-niega-avance-en-el-dialogo-y-dice-que-aun-no-hay-fecha-para-el-acuerdo\\\/#webpage\",\"url\":\"https:\\\/\\\/www.eldigitaldeasturias.com\\\/noticias\\\/erekat-niega-avance-en-el-dialogo-y-dice-que-aun-no-hay-fecha-para-el-acuerdo\\\/\",\"name\":\"Erekat niega avance en el di\\u00e1logo y dice que a\\u00fan no hay fecha para el acuerdo - El Digital de Asturias\",\"description\":\"Ramala, 4 feb (EFE).- El jefe negociador de la Organizaci\\u00f3n para la Liberaci\\u00f3n de Palestina (OLP), Saeb Erekat, neg\\u00f3 que haya progresos en el proceso de paz impulsado por el secretario de Estado estadounidense, John Kerry, y subray\\u00f3 que est\\u00e9 a\\u00fan no ha presentado documento escrito alguno. En declaraciones difundidas hoy por la agencia de\",\"inLanguage\":\"es-ES\",\"isPartOf\":{\"@id\":\"https:\\\/\\\/www.eldigitaldeasturias.com\\\/noticias\\\/#website\"},\"breadcrumb\":{\"@id\":\"https:\\\/\\\/www.eldigitaldeasturias.com\\\/noticias\\\/erekat-niega-avance-en-el-dialogo-y-dice-que-aun-no-hay-fecha-para-el-acuerdo\\\/#breadcrumblist\"},\"author\":{\"@id\":\"https:\\\/\\\/www.eldigitaldeasturias.com\\\/noticias\\\/author\\\/admin\\\/#author\"},\"creator\":{\"@id\":\"https:\\\/\\\/www.eldigitaldeasturias.com\\\/noticias\\\/author\\\/admin\\\/#author\"},\"image\":{\"@type\":\"ImageObject\",\"url\":483191,\"@id\":\"https:\\\/\\\/www.eldigitaldeasturias.com\\\/noticias\\\/erekat-niega-avance-en-el-dialogo-y-dice-que-aun-no-hay-fecha-para-el-acuerdo\\\/#mainImage\"},\"primaryImageOfPage\":{\"@id\":\"https:\\\/\\\/www.eldigitaldeasturias.com\\\/noticias\\\/erekat-niega-avance-en-el-dialogo-y-dice-que-aun-no-hay-fecha-para-el-acuerdo\\\/#mainImage\"},\"datePublished\":\"2014-02-04T14:40:36+01:00\",\"dateModified\":\"2014-02-04T14:40:36+01:00\"},{\"@type\":\"WebSite\",\"@id\":\"https:\\\/\\\/www.eldigitaldeasturias.com\\\/noticias\\\/#website\",\"url\":\"https:\\\/\\\/www.eldigitaldeasturias.com\\\/noticias\\\/\",\"name\":\"El Digital de Asturias - Diario de actualidad y noticias\",\"alternateName\":\"El Digital de Asturias - Diario de actualidad y noticias\",\"description\":\"Hemeroteca\",\"inLanguage\":\"es-ES\",\"publisher\":{\"@id\":\"https:\\\/\\\/www.eldigitaldeasturias.com\\\/noticias\\\/#organization\"}}]}\n\t\t<\/script>\n\t\t<!-- All in One SEO Pro -->\r\n\t\t<title>Erekat niega avance en el di\u00e1logo y dice que a\u00fan no hay fecha para el acuerdo - El Digital de Asturias<\/title>\n\n","aioseo_head_json":{"title":"Erekat niega avance en el di\u00e1logo y dice que a\u00fan no hay fecha para el acuerdo - El Digital de Asturias","description":"Ramala, 4 feb (EFE).- El jefe negociador de la Organizaci\u00f3n para la Liberaci\u00f3n de Palestina (OLP), Saeb Erekat, neg\u00f3 que haya progresos en el proceso de paz impulsado por el secretario de Estado estadounidense, John Kerry, y subray\u00f3 que est\u00e9 a\u00fan no ha presentado documento escrito alguno. En declaraciones difundidas hoy por la agencia de","canonical_url":"https:\/\/www.eldigitaldeasturias.com\/noticias\/erekat-niega-avance-en-el-dialogo-y-dice-que-aun-no-hay-fecha-para-el-acuerdo\/","robots":"max-image-preview:large","keywords":"actualidad","webmasterTools":{"google-site-verification":"UA-38556648-1","msvalidate.01":"7dfe9f3f1b24437ab69f4f2559babe99","miscellaneous":""},"schema":{"@context":"https:\/\/schema.org","@graph":[{"@type":"BlogPosting","@id":"https:\/\/www.eldigitaldeasturias.com\/noticias\/erekat-niega-avance-en-el-dialogo-y-dice-que-aun-no-hay-fecha-para-el-acuerdo\/#blogposting","name":"Erekat niega avance en el di\u00e1logo y dice que a\u00fan no hay fecha para el acuerdo - El Digital de Asturias","headline":"Erekat niega avance en el di\u00e1logo y dice que a\u00fan no hay fecha para el acuerdo","author":{"@id":"https:\/\/www.eldigitaldeasturias.com\/noticias\/author\/admin\/#author"},"publisher":{"@id":"https:\/\/www.eldigitaldeasturias.com\/noticias\/#organization"},"image":{"@type":"ImageObject","url":483191},"datePublished":"2014-02-04T14:40:36+01:00","dateModified":"2014-02-04T14:40:36+01:00","inLanguage":"es-ES","mainEntityOfPage":{"@id":"https:\/\/www.eldigitaldeasturias.com\/noticias\/erekat-niega-avance-en-el-dialogo-y-dice-que-aun-no-hay-fecha-para-el-acuerdo\/#webpage"},"isPartOf":{"@id":"https:\/\/www.eldigitaldeasturias.com\/noticias\/erekat-niega-avance-en-el-dialogo-y-dice-que-aun-no-hay-fecha-para-el-acuerdo\/#webpage"},"articleSection":"Actualidad"},{"@type":"BreadcrumbList","@id":"https:\/\/www.eldigitaldeasturias.com\/noticias\/erekat-niega-avance-en-el-dialogo-y-dice-que-aun-no-hay-fecha-para-el-acuerdo\/#breadcrumblist","itemListElement":[{"@type":"ListItem","@id":"https:\/\/www.eldigitaldeasturias.com\/noticias#listItem","position":1,"name":"Home","item":"https:\/\/www.eldigitaldeasturias.com\/noticias","nextItem":{"@type":"ListItem","@id":"https:\/\/www.eldigitaldeasturias.com\/noticias\/category\/actualidad\/#listItem","name":"Actualidad"}},{"@type":"ListItem","@id":"https:\/\/www.eldigitaldeasturias.com\/noticias\/category\/actualidad\/#listItem","position":2,"name":"Actualidad","item":"https:\/\/www.eldigitaldeasturias.com\/noticias\/category\/actualidad\/","nextItem":{"@type":"ListItem","@id":"https:\/\/www.eldigitaldeasturias.com\/noticias\/erekat-niega-avance-en-el-dialogo-y-dice-que-aun-no-hay-fecha-para-el-acuerdo\/#listItem","name":"Erekat niega avance en el di\u00e1logo y dice que a\u00fan no hay fecha para el acuerdo"},"previousItem":{"@type":"ListItem","@id":"https:\/\/www.eldigitaldeasturias.com\/noticias#listItem","name":"Home"}},{"@type":"ListItem","@id":"https:\/\/www.eldigitaldeasturias.com\/noticias\/erekat-niega-avance-en-el-dialogo-y-dice-que-aun-no-hay-fecha-para-el-acuerdo\/#listItem","position":3,"name":"Erekat niega avance en el di\u00e1logo y dice que a\u00fan no hay fecha para el acuerdo","previousItem":{"@type":"ListItem","@id":"https:\/\/www.eldigitaldeasturias.com\/noticias\/category\/actualidad\/#listItem","name":"Actualidad"}}]},{"@type":"Organization","@id":"https:\/\/www.eldigitaldeasturias.com\/noticias\/#organization","name":"El Digital de Asturias","description":"Hemeroteca","url":"https:\/\/www.eldigitaldeasturias.com\/noticias\/","email":"info@eldigitaldeasturias.com","telephone":"+34652131393","logo":{"@type":"ImageObject","url":"https:\/\/www.eldigitaldeasturias.com\/noticias\/wp-content\/uploads\/2020\/12\/EDA.jpg","@id":"https:\/\/www.eldigitaldeasturias.com\/noticias\/erekat-niega-avance-en-el-dialogo-y-dice-que-aun-no-hay-fecha-para-el-acuerdo\/#organizationLogo"},"image":{"@id":"https:\/\/www.eldigitaldeasturias.com\/noticias\/erekat-niega-avance-en-el-dialogo-y-dice-que-aun-no-hay-fecha-para-el-acuerdo\/#organizationLogo"},"sameAs":["https:\/\/facebook.com\/eldigitaldeasturias","https:\/\/www.youtube.com\/channel\/UCZP-2wLEB9Rv6erhFmqVnvg"],"address":{"@id":"https:\/\/www.eldigitaldeasturias.com\/noticias\/#postaladdress","@type":"PostalAddress","streetAddress":"san antonio 4","postalCode":"33430","addressLocality":"Cand\u00e1s","addressRegion":"Asturias","addressCountry":"ES"}},{"@type":"Person","@id":"https:\/\/www.eldigitaldeasturias.com\/noticias\/author\/admin\/#author","url":"https:\/\/www.eldigitaldeasturias.com\/noticias\/author\/admin\/","name":"El Digital de Asturias","image":{"@type":"ImageObject","@id":"https:\/\/www.eldigitaldeasturias.com\/noticias\/erekat-niega-avance-en-el-dialogo-y-dice-que-aun-no-hay-fecha-para-el-acuerdo\/#authorImage","url":"https:\/\/secure.gravatar.com\/avatar\/df2aeffc32bcd13f8d26072ef8a91b623d677766deac7f97ca815868cd41bf5e?s=96&d=mm&r=g","width":96,"height":96,"caption":"El Digital de Asturias"}},{"@type":"WebPage","@id":"https:\/\/www.eldigitaldeasturias.com\/noticias\/erekat-niega-avance-en-el-dialogo-y-dice-que-aun-no-hay-fecha-para-el-acuerdo\/#webpage","url":"https:\/\/www.eldigitaldeasturias.com\/noticias\/erekat-niega-avance-en-el-dialogo-y-dice-que-aun-no-hay-fecha-para-el-acuerdo\/","name":"Erekat niega avance en el di\u00e1logo y dice que a\u00fan no hay fecha para el acuerdo - El Digital de Asturias","description":"Ramala, 4 feb (EFE).- El jefe negociador de la Organizaci\u00f3n para la Liberaci\u00f3n de Palestina (OLP), Saeb Erekat, neg\u00f3 que haya progresos en el proceso de paz impulsado por el secretario de Estado estadounidense, John Kerry, y subray\u00f3 que est\u00e9 a\u00fan no ha presentado documento escrito alguno. En declaraciones difundidas hoy por la agencia de","inLanguage":"es-ES","isPartOf":{"@id":"https:\/\/www.eldigitaldeasturias.com\/noticias\/#website"},"breadcrumb":{"@id":"https:\/\/www.eldigitaldeasturias.com\/noticias\/erekat-niega-avance-en-el-dialogo-y-dice-que-aun-no-hay-fecha-para-el-acuerdo\/#breadcrumblist"},"author":{"@id":"https:\/\/www.eldigitaldeasturias.com\/noticias\/author\/admin\/#author"},"creator":{"@id":"https:\/\/www.eldigitaldeasturias.com\/noticias\/author\/admin\/#author"},"image":{"@type":"ImageObject","url":483191,"@id":"https:\/\/www.eldigitaldeasturias.com\/noticias\/erekat-niega-avance-en-el-dialogo-y-dice-que-aun-no-hay-fecha-para-el-acuerdo\/#mainImage"},"primaryImageOfPage":{"@id":"https:\/\/www.eldigitaldeasturias.com\/noticias\/erekat-niega-avance-en-el-dialogo-y-dice-que-aun-no-hay-fecha-para-el-acuerdo\/#mainImage"},"datePublished":"2014-02-04T14:40:36+01:00","dateModified":"2014-02-04T14:40:36+01:00"},{"@type":"WebSite","@id":"https:\/\/www.eldigitaldeasturias.com\/noticias\/#website","url":"https:\/\/www.eldigitaldeasturias.com\/noticias\/","name":"El Digital de Asturias - Diario de actualidad y noticias","alternateName":"El Digital de Asturias - Diario de actualidad y noticias","description":"Hemeroteca","inLanguage":"es-ES","publisher":{"@id":"https:\/\/www.eldigitaldeasturias.com\/noticias\/#organization"}}]},"og:locale":"es_ES","og:site_name":"El Digital de Asturias","og:type":"article","og:title":"Erekat niega avance en el di\u00e1logo y dice que a\u00fan no hay fecha para el acuerdo - El Digital de Asturias","og:description":"Ramala, 4 feb (EFE).- El jefe negociador de la Organizaci\u00f3n para la Liberaci\u00f3n de Palestina (OLP), Saeb Erekat, neg\u00f3 que haya progresos en el proceso de paz impulsado por el secretario de Estado estadounidense, John Kerry, y subray\u00f3 que est\u00e9 a\u00fan no ha presentado documento escrito alguno. En declaraciones difundidas hoy por la agencia de","og:url":"https:\/\/www.eldigitaldeasturias.com\/noticias\/erekat-niega-avance-en-el-dialogo-y-dice-que-aun-no-hay-fecha-para-el-acuerdo\/","article:tag":["actualidad"],"article:published_time":"2014-02-04T15:40:36+00:00","article:modified_time":"2014-02-04T15:40:36+00:00","article:publisher":"https:\/\/facebook.com\/eldigitaldeasturias","twitter:card":"summary_large_image","twitter:title":"Erekat niega avance en el di\u00e1logo y dice que a\u00fan no hay fecha para el acuerdo - El Digital de Asturias","twitter:description":"Ramala, 4 feb (EFE).- El jefe negociador de la Organizaci\u00f3n para la Liberaci\u00f3n de Palestina (OLP), Saeb Erekat, neg\u00f3 que haya progresos en el proceso de paz impulsado por el secretario de Estado estadounidense, John Kerry, y subray\u00f3 que est\u00e9 a\u00fan no ha presentado documento escrito alguno. En declaraciones difundidas hoy por la agencia de","twitter:label1":"Escrito por","twitter:data1":"El Digital de Asturias","twitter:label2":"Tiempo de lectura estimado","twitter:data2":"3 minutos"},"aioseo_meta_data":{"post_id":"483190","title":null,"description":null,"keywords":null,"keyphrases":null,"primary_term":null,"canonical_url":null,"og_title":null,"og_description":null,"og_object_type":"default","og_image_type":"default","og_image_url":null,"og_image_width":null,"og_image_height":null,"og_image_custom_url":null,"og_image_custom_fields":null,"og_video":null,"og_custom_url":null,"og_article_section":null,"og_article_tags":null,"twitter_use_og":true,"twitter_card":"default","twitter_image_type":"default","twitter_image_url":null,"twitter_image_custom_url":null,"twitter_image_custom_fields":null,"twitter_title":null,"twitter_description":null,"schema":{"blockGraphs":[],"customGraphs":[],"default":{"data":{"Article":[],"Course":[],"Dataset":[],"FAQPage":[],"Movie":[],"Person":[],"Product":[],"ProductReview":[],"Car":[],"Recipe":[],"Service":[],"SoftwareApplication":[],"WebPage":[]},"graphName":"","isEnabled":true},"graphs":[],"defaultGraph":"","defaultPostTypeGraph":""},"schema_type":null,"schema_type_options":null,"pillar_content":false,"robots_default":true,"robots_noindex":false,"robots_noarchive":false,"robots_nosnippet":false,"robots_nofollow":false,"robots_noimageindex":false,"robots_noodp":false,"robots_notranslate":false,"robots_max_snippet":null,"robots_max_videopreview":null,"robots_max_imagepreview":"none","priority":null,"frequency":null,"local_seo":null,"seo_analyzer_scan_date":"2026-06-02 12:05:50","breadcrumb_settings":null,"limit_modified_date":false,"open_ai":null,"ai":null,"created":"2020-11-14 22:54:43","updated":"2026-06-02 12:05:50","focus_keyword":null,"additional_keywords":null,"truseo_locale":null},"aioseo_breadcrumb":"<div class=\"aioseo-breadcrumbs\"><span class=\"aioseo-breadcrumb\">\n\t<a href=\"https:\/\/www.eldigitaldeasturias.com\/noticias\" title=\"Home\">Home<\/a>\n<\/span><span class=\"aioseo-breadcrumb-separator\">\u2013<\/span><span class=\"aioseo-breadcrumb\">\n\t<a href=\"https:\/\/www.eldigitaldeasturias.com\/noticias\/category\/actualidad\/\" title=\"Actualidad\">Actualidad<\/a>\n<\/span><span class=\"aioseo-breadcrumb-separator\">\u2013<\/span><span class=\"aioseo-breadcrumb\">\n\t<a href=\"https:\/\/www.eldigitaldeasturias.com\/noticias\/erekat-niega-avance-en-el-dialogo-y-dice-que-aun-no-hay-fecha-para-el-acuerdo\/\" title=\"Erekat niega avance en el di\u00e1logo y dice que a\u00fan no hay fecha para el acuerdo\">Erekat niega avance en el di\u00e1logo y dice que a\u00fan no hay fecha para el acuerdo<\/a>\n<\/span><\/div>","aioseo_breadcrumb_json":[{"label":"Home","link":"https:\/\/www.eldigitaldeasturias.com\/noticias"},{"label":"Actualidad","link":"https:\/\/www.eldigitaldeasturias.com\/noticias\/category\/actualidad\/"},{"label":"Erekat niega avance en el di\u00e1logo y dice que a\u00fan no hay fecha para el acuerdo","link":"https:\/\/www.eldigitaldeasturias.com\/noticias\/erekat-niega-avance-en-el-dialogo-y-dice-que-aun-no-hay-fecha-para-el-acuerdo\/"}],"_links":{"self":[{"href":"https:\/\/www.eldigitaldeasturias.com\/noticias\/wp-json\/wp\/v2\/posts\/483190","targetHints":{"allow":["GET"]}}],"collection":[{"href":"https:\/\/www.eldigitaldeasturias.com\/noticias\/wp-json\/wp\/v2\/posts"}],"about":[{"href":"https:\/\/www.eldigitaldeasturias.com\/noticias\/wp-json\/wp\/v2\/types\/post"}],"author":[{"embeddable":true,"href":"https:\/\/www.eldigitaldeasturias.com\/noticias\/wp-json\/wp\/v2\/users\/1"}],"replies":[{"embeddable":true,"href":"https:\/\/www.eldigitaldeasturias.com\/noticias\/wp-json\/wp\/v2\/comments?post=483190"}],"version-history":[{"count":0,"href":"https:\/\/www.eldigitaldeasturias.com\/noticias\/wp-json\/wp\/v2\/posts\/483190\/revisions"}],"wp:attachment":[{"href":"https:\/\/www.eldigitaldeasturias.com\/noticias\/wp-json\/wp\/v2\/media?parent=483190"}],"wp:term":[{"taxonomy":"category","embeddable":true,"href":"https:\/\/www.eldigitaldeasturias.com\/noticias\/wp-json\/wp\/v2\/categories?post=483190"},{"taxonomy":"post_tag","embeddable":true,"href":"https:\/\/www.eldigitaldeasturias.com\/noticias\/wp-json\/wp\/v2\/tags?post=483190"}],"curies":[{"name":"wp","href":"https:\/\/api.w.org\/{rel}","templated":true}]}}