{"id":483184,"date":"2014-02-04T14:38:45","date_gmt":"2014-02-04T15:38:45","guid":{"rendered":"http:\/\/www.eldigitaldeasturias.com\/noticias\/?p=483184"},"modified":"2014-02-04T14:38:45","modified_gmt":"2014-02-04T15:38:45","slug":"los-precios-de-exportacion-caen-el-28-por-ciento-en-diciembre","status":"publish","type":"post","link":"https:\/\/www.eldigitaldeasturias.com\/noticias\/los-precios-de-exportacion-caen-el-28-por-ciento-en-diciembre\/","title":{"rendered":"Los precios de exportaci\u00f3n caen el 2,8 por ciento en diciembre"},"content":{"rendered":"<p><img loading=\"lazy\" decoding=\"async\" class=\"alignleft size-medium wp-image-483185\" alt=\"5906358w\" src=\"https:\/\/www.eldigitaldeasturias.com\/noticias\/wp-content\/uploads\/2014\/02\/5906358w-360x270.jpg\" width=\"360\" height=\"270\" \/>Madrid, 4 feb (EFE).- Los precios de exportaci\u00f3n de productos industriales cayeron el 2,8 % en diciembre (frente al 2,9 % de noviembre), mientras que los precios de importaci\u00f3n bajaron el 2,4 % (2,8 % en noviembre), seg\u00fan los datos publicados hoy por el Instituto Nacional de Estad\u00edstica (INE).<\/p>\n<p>Se trata del d\u00e9cimo mes consecutivo con tasas anuales negativas en los precios de exportaci\u00f3n e importaci\u00f3n industriales.<\/p>\n<p>Por destino econ\u00f3mico de los bienes, el sector industrial que m\u00e1s repercuti\u00f3 en la tasa anual del \u00edndice de precios de exportaci\u00f3n (Iprix) fue el de la energ\u00eda, con una ca\u00edda del 15,9 %, casi seis puntos por encima de la registrada en noviembre, debido al aumento de los precios de la producci\u00f3n, transporte y distribuci\u00f3n de energ\u00eda el\u00e9ctrica y del refino de petr\u00f3leo, frente a la bajada de diciembre de 2012.<\/p>\n<p>Asimismo, los precios de los bienes de equipo cayeron el 1,5 %, cinco d\u00e9cimas menos que en noviembre, como consecuencia de que los precios de la fabricaci\u00f3n de veh\u00edculos de motor disminuyeron m\u00e1s este mes que en diciembre de 2012.<\/p>\n<p>Por su parte, los sectores que influyeron positivamente en la tasa anual del \u00edndice de precios de importaci\u00f3n (Iprim) fueron el de la energ\u00eda (con un descenso del 4,2 %, casi dos puntos m\u00e1s) y los bienes intermedios (con una ca\u00edda del 2,6 %, dos d\u00e9cimas m\u00e1s).<\/p>\n<p>Adem\u00e1s, entre los sectores industriales que disminuyeron su tasa anual destaca el de los bienes de consumo duradero (3,6 %, m\u00e1s de un punto superior a la de noviembre), tasa que es la m\u00e1s baja desde 2008.<\/p>\n<p>En cuanto a la evoluci\u00f3n mensual, los precios de exportaci\u00f3n y de importaci\u00f3n descendieron el 0,1 %.<\/p>\n<p>En los de exportaci\u00f3n, hubo descensos en bienes de equipo (0,6 %), bienes de consumo no duradero (0,3 %) y bienes intermedios (0,2 %), frente al aumento de la energ\u00eda (5,8 %).<\/p>\n<p>Dentro de los precios de importaci\u00f3n, descendieron los de los bienes de consumo duradero (0,8 %), los bienes de equipo (0,3 %) y los bienes intermedios (0,2 %), mientras que los de la energ\u00eda crecieron el 0,3 %.<\/p>\n","protected":false},"excerpt":{"rendered":"<p>Madrid, 4 feb (EFE).- Los precios de exportaci\u00f3n de productos industriales cayeron el 2,8 % en diciembre (frente al 2,9 % de noviembre), mientras que los precios de importaci\u00f3n bajaron el 2,4 % (2,8 % en noviembre), seg\u00fan los datos publicados hoy por el Instituto Nacional de Estad\u00edstica (INE). Se trata del d\u00e9cimo mes consecutivo [&hellip;]<\/p>\n","protected":false},"author":1,"featured_media":483185,"comment_status":"closed","ping_status":"open","sticky":false,"template":"","format":"standard","meta":{"footnotes":""},"categories":[1],"tags":[],"class_list":["post-483184","post","type-post","status-publish","format-standard","has-post-thumbnail","hentry","category-actualidad"],"aioseo_notices":[],"aioseo_head":"\n\t\t<!-- All in One SEO Pro 5.0.1 - aioseo.com -->\n\t<meta name=\"description\" content=\"Madrid, 4 feb (EFE).- Los precios de exportaci\u00f3n de productos industriales cayeron el 2,8 % en diciembre (frente al 2,9 % de noviembre), mientras que los precios de importaci\u00f3n bajaron el 2,4 % (2,8 % en noviembre), seg\u00fan los datos publicados hoy por el Instituto Nacional de Estad\u00edstica (INE). Se trata del d\u00e9cimo mes consecutivo\" \/>\n\t<meta name=\"robots\" content=\"max-image-preview:large\" \/>\n\t<meta name=\"author\" content=\"El Digital de Asturias\"\/>\n\t<meta name=\"google-site-verification\" content=\"UA-38556648-1\" \/>\n\t<meta name=\"msvalidate.01\" content=\"7dfe9f3f1b24437ab69f4f2559babe99\" \/>\n\t<meta name=\"keywords\" content=\"actualidad\" \/>\n\t<link rel=\"canonical\" href=\"https:\/\/www.eldigitaldeasturias.com\/noticias\/los-precios-de-exportacion-caen-el-28-por-ciento-en-diciembre\/\" \/>\n\t<meta name=\"generator\" content=\"All in One SEO Pro (AIOSEO) 5.0.1\" \/>\n\t\t<meta property=\"og:locale\" content=\"es_ES\" \/>\n\t\t<meta property=\"og:site_name\" content=\"El Digital de Asturias\" \/>\n\t\t<meta property=\"og:type\" content=\"article\" \/>\n\t\t<meta property=\"og:title\" content=\"Los precios de exportaci\u00f3n caen el 2,8 por ciento en diciembre - El Digital de Asturias\" \/>\n\t\t<meta property=\"og:description\" content=\"Madrid, 4 feb (EFE).- Los precios de exportaci\u00f3n de productos industriales cayeron el 2,8 % en diciembre (frente al 2,9 % de noviembre), mientras que los precios de importaci\u00f3n bajaron el 2,4 % (2,8 % en noviembre), seg\u00fan los datos publicados hoy por el Instituto Nacional de Estad\u00edstica (INE). Se trata del d\u00e9cimo mes consecutivo\" \/>\n\t\t<meta property=\"og:url\" content=\"https:\/\/www.eldigitaldeasturias.com\/noticias\/los-precios-de-exportacion-caen-el-28-por-ciento-en-diciembre\/\" \/>\n\t\t<meta property=\"article:tag\" content=\"actualidad\" \/>\n\t\t<meta property=\"article:published_time\" content=\"2014-02-04T15:38:45+00:00\" \/>\n\t\t<meta property=\"article:modified_time\" content=\"2014-02-04T15:38:45+00:00\" \/>\n\t\t<meta property=\"article:publisher\" content=\"https:\/\/facebook.com\/eldigitaldeasturias\" \/>\n\t\t<meta name=\"twitter:card\" content=\"summary_large_image\" \/>\n\t\t<meta name=\"twitter:title\" content=\"Los precios de exportaci\u00f3n caen el 2,8 por ciento en diciembre - El Digital de Asturias\" \/>\n\t\t<meta name=\"twitter:description\" content=\"Madrid, 4 feb (EFE).- Los precios de exportaci\u00f3n de productos industriales cayeron el 2,8 % en diciembre (frente al 2,9 % de noviembre), mientras que los precios de importaci\u00f3n bajaron el 2,4 % (2,8 % en noviembre), seg\u00fan los datos publicados hoy por el Instituto Nacional de Estad\u00edstica (INE). Se trata del d\u00e9cimo mes consecutivo\" \/>\n\t\t<meta name=\"twitter:label1\" content=\"Escrito por\" \/>\n\t\t<meta name=\"twitter:data1\" content=\"El Digital de Asturias\" \/>\n\t\t<meta name=\"twitter:label2\" content=\"Tiempo de lectura estimado\" \/>\n\t\t<meta name=\"twitter:data2\" content=\"2 minutos\" \/>\n\t\t<script type=\"application\/ld+json\" class=\"aioseo-schema\">\n\t\t\t{\"@context\":\"https:\\\/\\\/schema.org\",\"@graph\":[{\"@type\":\"BlogPosting\",\"@id\":\"https:\\\/\\\/www.eldigitaldeasturias.com\\\/noticias\\\/los-precios-de-exportacion-caen-el-28-por-ciento-en-diciembre\\\/#blogposting\",\"name\":\"Los precios de exportaci\\u00f3n caen el 2,8 por ciento en diciembre - El Digital de Asturias\",\"headline\":\"Los precios de exportaci\\u00f3n caen el 2,8 por ciento en diciembre\",\"author\":{\"@id\":\"https:\\\/\\\/www.eldigitaldeasturias.com\\\/noticias\\\/author\\\/admin\\\/#author\"},\"publisher\":{\"@id\":\"https:\\\/\\\/www.eldigitaldeasturias.com\\\/noticias\\\/#organization\"},\"image\":{\"@type\":\"ImageObject\",\"url\":483185},\"datePublished\":\"2014-02-04T14:38:45+01:00\",\"dateModified\":\"2014-02-04T14:38:45+01:00\",\"inLanguage\":\"es-ES\",\"mainEntityOfPage\":{\"@id\":\"https:\\\/\\\/www.eldigitaldeasturias.com\\\/noticias\\\/los-precios-de-exportacion-caen-el-28-por-ciento-en-diciembre\\\/#webpage\"},\"isPartOf\":{\"@id\":\"https:\\\/\\\/www.eldigitaldeasturias.com\\\/noticias\\\/los-precios-de-exportacion-caen-el-28-por-ciento-en-diciembre\\\/#webpage\"},\"articleSection\":\"Actualidad\"},{\"@type\":\"BreadcrumbList\",\"@id\":\"https:\\\/\\\/www.eldigitaldeasturias.com\\\/noticias\\\/los-precios-de-exportacion-caen-el-28-por-ciento-en-diciembre\\\/#breadcrumblist\",\"itemListElement\":[{\"@type\":\"ListItem\",\"@id\":\"https:\\\/\\\/www.eldigitaldeasturias.com\\\/noticias#listItem\",\"position\":1,\"name\":\"Home\",\"item\":\"https:\\\/\\\/www.eldigitaldeasturias.com\\\/noticias\",\"nextItem\":{\"@type\":\"ListItem\",\"@id\":\"https:\\\/\\\/www.eldigitaldeasturias.com\\\/noticias\\\/category\\\/actualidad\\\/#listItem\",\"name\":\"Actualidad\"}},{\"@type\":\"ListItem\",\"@id\":\"https:\\\/\\\/www.eldigitaldeasturias.com\\\/noticias\\\/category\\\/actualidad\\\/#listItem\",\"position\":2,\"name\":\"Actualidad\",\"item\":\"https:\\\/\\\/www.eldigitaldeasturias.com\\\/noticias\\\/category\\\/actualidad\\\/\",\"nextItem\":{\"@type\":\"ListItem\",\"@id\":\"https:\\\/\\\/www.eldigitaldeasturias.com\\\/noticias\\\/los-precios-de-exportacion-caen-el-28-por-ciento-en-diciembre\\\/#listItem\",\"name\":\"Los precios de exportaci\\u00f3n caen el 2,8 por ciento en diciembre\"},\"previousItem\":{\"@type\":\"ListItem\",\"@id\":\"https:\\\/\\\/www.eldigitaldeasturias.com\\\/noticias#listItem\",\"name\":\"Home\"}},{\"@type\":\"ListItem\",\"@id\":\"https:\\\/\\\/www.eldigitaldeasturias.com\\\/noticias\\\/los-precios-de-exportacion-caen-el-28-por-ciento-en-diciembre\\\/#listItem\",\"position\":3,\"name\":\"Los precios de exportaci\\u00f3n caen el 2,8 por ciento en diciembre\",\"previousItem\":{\"@type\":\"ListItem\",\"@id\":\"https:\\\/\\\/www.eldigitaldeasturias.com\\\/noticias\\\/category\\\/actualidad\\\/#listItem\",\"name\":\"Actualidad\"}}]},{\"@type\":\"Organization\",\"@id\":\"https:\\\/\\\/www.eldigitaldeasturias.com\\\/noticias\\\/#organization\",\"name\":\"El Digital de Asturias\",\"description\":\"Hemeroteca\",\"url\":\"https:\\\/\\\/www.eldigitaldeasturias.com\\\/noticias\\\/\",\"email\":\"info@eldigitaldeasturias.com\",\"telephone\":\"+34652131393\",\"logo\":{\"@type\":\"ImageObject\",\"url\":\"https:\\\/\\\/www.eldigitaldeasturias.com\\\/noticias\\\/wp-content\\\/uploads\\\/2020\\\/12\\\/EDA.jpg\",\"@id\":\"https:\\\/\\\/www.eldigitaldeasturias.com\\\/noticias\\\/los-precios-de-exportacion-caen-el-28-por-ciento-en-diciembre\\\/#organizationLogo\"},\"image\":{\"@id\":\"https:\\\/\\\/www.eldigitaldeasturias.com\\\/noticias\\\/los-precios-de-exportacion-caen-el-28-por-ciento-en-diciembre\\\/#organizationLogo\"},\"sameAs\":[\"https:\\\/\\\/facebook.com\\\/eldigitaldeasturias\",\"https:\\\/\\\/www.youtube.com\\\/channel\\\/UCZP-2wLEB9Rv6erhFmqVnvg\"],\"address\":{\"@id\":\"https:\\\/\\\/www.eldigitaldeasturias.com\\\/noticias\\\/#postaladdress\",\"@type\":\"PostalAddress\",\"streetAddress\":\"san antonio 4\",\"postalCode\":\"33430\",\"addressLocality\":\"Cand\\u00e1s\",\"addressRegion\":\"Asturias\",\"addressCountry\":\"ES\"}},{\"@type\":\"Person\",\"@id\":\"https:\\\/\\\/www.eldigitaldeasturias.com\\\/noticias\\\/author\\\/admin\\\/#author\",\"url\":\"https:\\\/\\\/www.eldigitaldeasturias.com\\\/noticias\\\/author\\\/admin\\\/\",\"name\":\"El Digital de Asturias\",\"image\":{\"@type\":\"ImageObject\",\"@id\":\"https:\\\/\\\/www.eldigitaldeasturias.com\\\/noticias\\\/los-precios-de-exportacion-caen-el-28-por-ciento-en-diciembre\\\/#authorImage\",\"url\":\"https:\\\/\\\/secure.gravatar.com\\\/avatar\\\/df2aeffc32bcd13f8d26072ef8a91b623d677766deac7f97ca815868cd41bf5e?s=96&d=mm&r=g\",\"width\":96,\"height\":96,\"caption\":\"El Digital de Asturias\"}},{\"@type\":\"WebPage\",\"@id\":\"https:\\\/\\\/www.eldigitaldeasturias.com\\\/noticias\\\/los-precios-de-exportacion-caen-el-28-por-ciento-en-diciembre\\\/#webpage\",\"url\":\"https:\\\/\\\/www.eldigitaldeasturias.com\\\/noticias\\\/los-precios-de-exportacion-caen-el-28-por-ciento-en-diciembre\\\/\",\"name\":\"Los precios de exportaci\\u00f3n caen el 2,8 por ciento en diciembre - El Digital de Asturias\",\"description\":\"Madrid, 4 feb (EFE).- Los precios de exportaci\\u00f3n de productos industriales cayeron el 2,8 % en diciembre (frente al 2,9 % de noviembre), mientras que los precios de importaci\\u00f3n bajaron el 2,4 % (2,8 % en noviembre), seg\\u00fan los datos publicados hoy por el Instituto Nacional de Estad\\u00edstica (INE). Se trata del d\\u00e9cimo mes consecutivo\",\"inLanguage\":\"es-ES\",\"isPartOf\":{\"@id\":\"https:\\\/\\\/www.eldigitaldeasturias.com\\\/noticias\\\/#website\"},\"breadcrumb\":{\"@id\":\"https:\\\/\\\/www.eldigitaldeasturias.com\\\/noticias\\\/los-precios-de-exportacion-caen-el-28-por-ciento-en-diciembre\\\/#breadcrumblist\"},\"author\":{\"@id\":\"https:\\\/\\\/www.eldigitaldeasturias.com\\\/noticias\\\/author\\\/admin\\\/#author\"},\"creator\":{\"@id\":\"https:\\\/\\\/www.eldigitaldeasturias.com\\\/noticias\\\/author\\\/admin\\\/#author\"},\"image\":{\"@type\":\"ImageObject\",\"url\":483185,\"@id\":\"https:\\\/\\\/www.eldigitaldeasturias.com\\\/noticias\\\/los-precios-de-exportacion-caen-el-28-por-ciento-en-diciembre\\\/#mainImage\"},\"primaryImageOfPage\":{\"@id\":\"https:\\\/\\\/www.eldigitaldeasturias.com\\\/noticias\\\/los-precios-de-exportacion-caen-el-28-por-ciento-en-diciembre\\\/#mainImage\"},\"datePublished\":\"2014-02-04T14:38:45+01:00\",\"dateModified\":\"2014-02-04T14:38:45+01:00\"},{\"@type\":\"WebSite\",\"@id\":\"https:\\\/\\\/www.eldigitaldeasturias.com\\\/noticias\\\/#website\",\"url\":\"https:\\\/\\\/www.eldigitaldeasturias.com\\\/noticias\\\/\",\"name\":\"El Digital de Asturias - Diario de actualidad y noticias\",\"alternateName\":\"El Digital de Asturias - Diario de actualidad y noticias\",\"description\":\"Hemeroteca\",\"inLanguage\":\"es-ES\",\"publisher\":{\"@id\":\"https:\\\/\\\/www.eldigitaldeasturias.com\\\/noticias\\\/#organization\"}}]}\n\t\t<\/script>\n\t\t<!-- All in One SEO Pro -->\r\n\t\t<title>Los precios de exportaci\u00f3n caen el 2,8 por ciento en diciembre - El Digital de Asturias<\/title>\n\n","aioseo_head_json":{"title":"Los precios de exportaci\u00f3n caen el 2,8 por ciento en diciembre - El Digital de Asturias","description":"Madrid, 4 feb (EFE).- Los precios de exportaci\u00f3n de productos industriales cayeron el 2,8 % en diciembre (frente al 2,9 % de noviembre), mientras que los precios de importaci\u00f3n bajaron el 2,4 % (2,8 % en noviembre), seg\u00fan los datos publicados hoy por el Instituto Nacional de Estad\u00edstica (INE). Se trata del d\u00e9cimo mes consecutivo","canonical_url":"https:\/\/www.eldigitaldeasturias.com\/noticias\/los-precios-de-exportacion-caen-el-28-por-ciento-en-diciembre\/","robots":"max-image-preview:large","keywords":"actualidad","webmasterTools":{"google-site-verification":"UA-38556648-1","msvalidate.01":"7dfe9f3f1b24437ab69f4f2559babe99","miscellaneous":""},"schema":{"@context":"https:\/\/schema.org","@graph":[{"@type":"BlogPosting","@id":"https:\/\/www.eldigitaldeasturias.com\/noticias\/los-precios-de-exportacion-caen-el-28-por-ciento-en-diciembre\/#blogposting","name":"Los precios de exportaci\u00f3n caen el 2,8 por ciento en diciembre - El Digital de Asturias","headline":"Los precios de exportaci\u00f3n caen el 2,8 por ciento en diciembre","author":{"@id":"https:\/\/www.eldigitaldeasturias.com\/noticias\/author\/admin\/#author"},"publisher":{"@id":"https:\/\/www.eldigitaldeasturias.com\/noticias\/#organization"},"image":{"@type":"ImageObject","url":483185},"datePublished":"2014-02-04T14:38:45+01:00","dateModified":"2014-02-04T14:38:45+01:00","inLanguage":"es-ES","mainEntityOfPage":{"@id":"https:\/\/www.eldigitaldeasturias.com\/noticias\/los-precios-de-exportacion-caen-el-28-por-ciento-en-diciembre\/#webpage"},"isPartOf":{"@id":"https:\/\/www.eldigitaldeasturias.com\/noticias\/los-precios-de-exportacion-caen-el-28-por-ciento-en-diciembre\/#webpage"},"articleSection":"Actualidad"},{"@type":"BreadcrumbList","@id":"https:\/\/www.eldigitaldeasturias.com\/noticias\/los-precios-de-exportacion-caen-el-28-por-ciento-en-diciembre\/#breadcrumblist","itemListElement":[{"@type":"ListItem","@id":"https:\/\/www.eldigitaldeasturias.com\/noticias#listItem","position":1,"name":"Home","item":"https:\/\/www.eldigitaldeasturias.com\/noticias","nextItem":{"@type":"ListItem","@id":"https:\/\/www.eldigitaldeasturias.com\/noticias\/category\/actualidad\/#listItem","name":"Actualidad"}},{"@type":"ListItem","@id":"https:\/\/www.eldigitaldeasturias.com\/noticias\/category\/actualidad\/#listItem","position":2,"name":"Actualidad","item":"https:\/\/www.eldigitaldeasturias.com\/noticias\/category\/actualidad\/","nextItem":{"@type":"ListItem","@id":"https:\/\/www.eldigitaldeasturias.com\/noticias\/los-precios-de-exportacion-caen-el-28-por-ciento-en-diciembre\/#listItem","name":"Los precios de exportaci\u00f3n caen el 2,8 por ciento en diciembre"},"previousItem":{"@type":"ListItem","@id":"https:\/\/www.eldigitaldeasturias.com\/noticias#listItem","name":"Home"}},{"@type":"ListItem","@id":"https:\/\/www.eldigitaldeasturias.com\/noticias\/los-precios-de-exportacion-caen-el-28-por-ciento-en-diciembre\/#listItem","position":3,"name":"Los precios de exportaci\u00f3n caen el 2,8 por ciento en diciembre","previousItem":{"@type":"ListItem","@id":"https:\/\/www.eldigitaldeasturias.com\/noticias\/category\/actualidad\/#listItem","name":"Actualidad"}}]},{"@type":"Organization","@id":"https:\/\/www.eldigitaldeasturias.com\/noticias\/#organization","name":"El Digital de Asturias","description":"Hemeroteca","url":"https:\/\/www.eldigitaldeasturias.com\/noticias\/","email":"info@eldigitaldeasturias.com","telephone":"+34652131393","logo":{"@type":"ImageObject","url":"https:\/\/www.eldigitaldeasturias.com\/noticias\/wp-content\/uploads\/2020\/12\/EDA.jpg","@id":"https:\/\/www.eldigitaldeasturias.com\/noticias\/los-precios-de-exportacion-caen-el-28-por-ciento-en-diciembre\/#organizationLogo"},"image":{"@id":"https:\/\/www.eldigitaldeasturias.com\/noticias\/los-precios-de-exportacion-caen-el-28-por-ciento-en-diciembre\/#organizationLogo"},"sameAs":["https:\/\/facebook.com\/eldigitaldeasturias","https:\/\/www.youtube.com\/channel\/UCZP-2wLEB9Rv6erhFmqVnvg"],"address":{"@id":"https:\/\/www.eldigitaldeasturias.com\/noticias\/#postaladdress","@type":"PostalAddress","streetAddress":"san antonio 4","postalCode":"33430","addressLocality":"Cand\u00e1s","addressRegion":"Asturias","addressCountry":"ES"}},{"@type":"Person","@id":"https:\/\/www.eldigitaldeasturias.com\/noticias\/author\/admin\/#author","url":"https:\/\/www.eldigitaldeasturias.com\/noticias\/author\/admin\/","name":"El Digital de Asturias","image":{"@type":"ImageObject","@id":"https:\/\/www.eldigitaldeasturias.com\/noticias\/los-precios-de-exportacion-caen-el-28-por-ciento-en-diciembre\/#authorImage","url":"https:\/\/secure.gravatar.com\/avatar\/df2aeffc32bcd13f8d26072ef8a91b623d677766deac7f97ca815868cd41bf5e?s=96&d=mm&r=g","width":96,"height":96,"caption":"El Digital de Asturias"}},{"@type":"WebPage","@id":"https:\/\/www.eldigitaldeasturias.com\/noticias\/los-precios-de-exportacion-caen-el-28-por-ciento-en-diciembre\/#webpage","url":"https:\/\/www.eldigitaldeasturias.com\/noticias\/los-precios-de-exportacion-caen-el-28-por-ciento-en-diciembre\/","name":"Los precios de exportaci\u00f3n caen el 2,8 por ciento en diciembre - El Digital de Asturias","description":"Madrid, 4 feb (EFE).- Los precios de exportaci\u00f3n de productos industriales cayeron el 2,8 % en diciembre (frente al 2,9 % de noviembre), mientras que los precios de importaci\u00f3n bajaron el 2,4 % (2,8 % en noviembre), seg\u00fan los datos publicados hoy por el Instituto Nacional de Estad\u00edstica (INE). Se trata del d\u00e9cimo mes consecutivo","inLanguage":"es-ES","isPartOf":{"@id":"https:\/\/www.eldigitaldeasturias.com\/noticias\/#website"},"breadcrumb":{"@id":"https:\/\/www.eldigitaldeasturias.com\/noticias\/los-precios-de-exportacion-caen-el-28-por-ciento-en-diciembre\/#breadcrumblist"},"author":{"@id":"https:\/\/www.eldigitaldeasturias.com\/noticias\/author\/admin\/#author"},"creator":{"@id":"https:\/\/www.eldigitaldeasturias.com\/noticias\/author\/admin\/#author"},"image":{"@type":"ImageObject","url":483185,"@id":"https:\/\/www.eldigitaldeasturias.com\/noticias\/los-precios-de-exportacion-caen-el-28-por-ciento-en-diciembre\/#mainImage"},"primaryImageOfPage":{"@id":"https:\/\/www.eldigitaldeasturias.com\/noticias\/los-precios-de-exportacion-caen-el-28-por-ciento-en-diciembre\/#mainImage"},"datePublished":"2014-02-04T14:38:45+01:00","dateModified":"2014-02-04T14:38:45+01:00"},{"@type":"WebSite","@id":"https:\/\/www.eldigitaldeasturias.com\/noticias\/#website","url":"https:\/\/www.eldigitaldeasturias.com\/noticias\/","name":"El Digital de Asturias - Diario de actualidad y noticias","alternateName":"El Digital de Asturias - Diario de actualidad y noticias","description":"Hemeroteca","inLanguage":"es-ES","publisher":{"@id":"https:\/\/www.eldigitaldeasturias.com\/noticias\/#organization"}}]},"og:locale":"es_ES","og:site_name":"El Digital de Asturias","og:type":"article","og:title":"Los precios de exportaci\u00f3n caen el 2,8 por ciento en diciembre - El Digital de Asturias","og:description":"Madrid, 4 feb (EFE).- Los precios de exportaci\u00f3n de productos industriales cayeron el 2,8 % en diciembre (frente al 2,9 % de noviembre), mientras que los precios de importaci\u00f3n bajaron el 2,4 % (2,8 % en noviembre), seg\u00fan los datos publicados hoy por el Instituto Nacional de Estad\u00edstica (INE). Se trata del d\u00e9cimo mes consecutivo","og:url":"https:\/\/www.eldigitaldeasturias.com\/noticias\/los-precios-de-exportacion-caen-el-28-por-ciento-en-diciembre\/","article:tag":["actualidad"],"article:published_time":"2014-02-04T15:38:45+00:00","article:modified_time":"2014-02-04T15:38:45+00:00","article:publisher":"https:\/\/facebook.com\/eldigitaldeasturias","twitter:card":"summary_large_image","twitter:title":"Los precios de exportaci\u00f3n caen el 2,8 por ciento en diciembre - El Digital de Asturias","twitter:description":"Madrid, 4 feb (EFE).- Los precios de exportaci\u00f3n de productos industriales cayeron el 2,8 % en diciembre (frente al 2,9 % de noviembre), mientras que los precios de importaci\u00f3n bajaron el 2,4 % (2,8 % en noviembre), seg\u00fan los datos publicados hoy por el Instituto Nacional de Estad\u00edstica (INE). Se trata del d\u00e9cimo mes consecutivo","twitter:label1":"Escrito por","twitter:data1":"El Digital de Asturias","twitter:label2":"Tiempo de lectura estimado","twitter:data2":"2 minutos"},"aioseo_meta_data":{"post_id":"483184","title":null,"description":null,"keywords":null,"keyphrases":null,"primary_term":null,"canonical_url":null,"og_title":null,"og_description":null,"og_object_type":"default","og_image_type":"default","og_image_url":null,"og_image_width":null,"og_image_height":null,"og_image_custom_url":null,"og_image_custom_fields":null,"og_video":null,"og_custom_url":null,"og_article_section":null,"og_article_tags":null,"twitter_use_og":true,"twitter_card":"default","twitter_image_type":"default","twitter_image_url":null,"twitter_image_custom_url":null,"twitter_image_custom_fields":null,"twitter_title":null,"twitter_description":null,"schema":{"blockGraphs":[],"customGraphs":[],"default":{"data":{"Article":[],"Course":[],"Dataset":[],"FAQPage":[],"Movie":[],"Person":[],"Product":[],"ProductReview":[],"Car":[],"Recipe":[],"Service":[],"SoftwareApplication":[],"WebPage":[]},"graphName":"","isEnabled":true},"graphs":[],"defaultGraph":"","defaultPostTypeGraph":""},"schema_type":null,"schema_type_options":null,"pillar_content":false,"robots_default":true,"robots_noindex":false,"robots_noarchive":false,"robots_nosnippet":false,"robots_nofollow":false,"robots_noimageindex":false,"robots_noodp":false,"robots_notranslate":false,"robots_max_snippet":null,"robots_max_videopreview":null,"robots_max_imagepreview":"none","priority":null,"frequency":null,"local_seo":null,"seo_analyzer_scan_date":"2026-06-02 12:05:49","breadcrumb_settings":null,"limit_modified_date":false,"open_ai":null,"ai":null,"created":"2020-11-14 22:54:43","updated":"2026-06-02 12:05:49","focus_keyword":null,"additional_keywords":null,"truseo_locale":null},"aioseo_breadcrumb":"<div class=\"aioseo-breadcrumbs\"><span class=\"aioseo-breadcrumb\">\n\t<a href=\"https:\/\/www.eldigitaldeasturias.com\/noticias\" title=\"Home\">Home<\/a>\n<\/span><span class=\"aioseo-breadcrumb-separator\">\u2013<\/span><span class=\"aioseo-breadcrumb\">\n\t<a href=\"https:\/\/www.eldigitaldeasturias.com\/noticias\/category\/actualidad\/\" title=\"Actualidad\">Actualidad<\/a>\n<\/span><span class=\"aioseo-breadcrumb-separator\">\u2013<\/span><span class=\"aioseo-breadcrumb\">\n\t<a href=\"https:\/\/www.eldigitaldeasturias.com\/noticias\/los-precios-de-exportacion-caen-el-28-por-ciento-en-diciembre\/\" title=\"Los precios de exportaci\u00f3n caen el 2,8 por ciento en diciembre\">Los precios de exportaci\u00f3n caen el 2,8 por ciento en diciembre<\/a>\n<\/span><\/div>","aioseo_breadcrumb_json":[{"label":"Home","link":"https:\/\/www.eldigitaldeasturias.com\/noticias"},{"label":"Actualidad","link":"https:\/\/www.eldigitaldeasturias.com\/noticias\/category\/actualidad\/"},{"label":"Los precios de exportaci\u00f3n caen el 2,8 por ciento en diciembre","link":"https:\/\/www.eldigitaldeasturias.com\/noticias\/los-precios-de-exportacion-caen-el-28-por-ciento-en-diciembre\/"}],"_links":{"self":[{"href":"https:\/\/www.eldigitaldeasturias.com\/noticias\/wp-json\/wp\/v2\/posts\/483184","targetHints":{"allow":["GET"]}}],"collection":[{"href":"https:\/\/www.eldigitaldeasturias.com\/noticias\/wp-json\/wp\/v2\/posts"}],"about":[{"href":"https:\/\/www.eldigitaldeasturias.com\/noticias\/wp-json\/wp\/v2\/types\/post"}],"author":[{"embeddable":true,"href":"https:\/\/www.eldigitaldeasturias.com\/noticias\/wp-json\/wp\/v2\/users\/1"}],"replies":[{"embeddable":true,"href":"https:\/\/www.eldigitaldeasturias.com\/noticias\/wp-json\/wp\/v2\/comments?post=483184"}],"version-history":[{"count":0,"href":"https:\/\/www.eldigitaldeasturias.com\/noticias\/wp-json\/wp\/v2\/posts\/483184\/revisions"}],"wp:attachment":[{"href":"https:\/\/www.eldigitaldeasturias.com\/noticias\/wp-json\/wp\/v2\/media?parent=483184"}],"wp:term":[{"taxonomy":"category","embeddable":true,"href":"https:\/\/www.eldigitaldeasturias.com\/noticias\/wp-json\/wp\/v2\/categories?post=483184"},{"taxonomy":"post_tag","embeddable":true,"href":"https:\/\/www.eldigitaldeasturias.com\/noticias\/wp-json\/wp\/v2\/tags?post=483184"}],"curies":[{"name":"wp","href":"https:\/\/api.w.org\/{rel}","templated":true}]}}