{"id":483120,"date":"2014-02-04T00:34:47","date_gmt":"2014-02-04T01:34:47","guid":{"rendered":"http:\/\/www.eldigitaldeasturias.com\/noticias\/?p=483120"},"modified":"2014-02-04T00:34:47","modified_gmt":"2014-02-04T01:34:47","slug":"el-villarreal-supera-a-osasuna-y-se-afianza-en-la-quinta-plaza","status":"publish","type":"post","link":"https:\/\/www.eldigitaldeasturias.com\/noticias\/el-villarreal-supera-a-osasuna-y-se-afianza-en-la-quinta-plaza\/","title":{"rendered":"El Villarreal supera a Osasuna y se afianza en la quinta plaza"},"content":{"rendered":"<p><img loading=\"lazy\" decoding=\"async\" class=\"alignleft size-medium wp-image-483121\" alt=\"5905979w\" src=\"https:\/\/www.eldigitaldeasturias.com\/noticias\/wp-content\/uploads\/2014\/02\/5905979w-360x241.jpg\" width=\"360\" height=\"241\" \/>Villarreal (Castell\u00f3n), 3 feb (EFE).- El Villarreal super\u00f3 a Osasuna por 3-1 y se afianza en la quinta posici\u00f3n de Primera Divisi\u00f3n gracias al doblete goleador de Perbet y a otro tanto de Manu Trigueros, todos ellos en la segunda mitad.<\/p>\n<p>Los amarillos fueron superiores a un equipo navarro demasiado defensivo que tan solo pudo marcar en los \u00faltimos minutos gracias a Oriol Riera.<\/p>\n<p>Tras unos compases de tanteo, el conjunto castellonense dispuso de la primera gran oportunidad del duelo en una jugada en la Uche solt\u00f3 un zurdazo desde la frontal que se fue demasiado desviado (m. 19).<\/p>\n<p>El Osasuna se defend\u00eda bien y no pasaba por apuros para mantener su porter\u00eda a cero. Los navarros se desperezaron pasada la primera media hora y pudieron incluso adelantarse en el marcador con dos ocasiones en solo un minuto.<\/p>\n<p>Primero fue De las Cuevas el que dispar\u00f3 demasiado desviado, mientras que segundos despu\u00e9s fue Loties el que dispar\u00f3 y se encontr\u00f3 con una magn\u00edfica parada de Asenjo, que acab\u00f3 atrapando el esf\u00e9rico sobre la misma l\u00ednea de gol.<\/p>\n<p>El Villarreal hizo el 1-0 nada m\u00e1s iniciarse el segundo acto. Dorado coloc\u00f3 un pase interior por alto que aprovech\u00f3 Perbet para marcar tras la indecisi\u00f3n de la defensa rojilla, que se entretuvo en pedir un fuera de juego inexistente del delantero franc\u00e9s.<\/p>\n<p>El bal\u00f3n acab\u00f3 entrando suavemente en la porter\u00eda y el partido se anim\u00f3.<\/p>\n<p>El equipo de Marcelino hab\u00eda salido mejor y no tardar\u00eda en ampliar su renta.<\/p>\n<p>Corr\u00eda el minuto 53 del duelo cuando Giovani sac\u00f3 un pase atr\u00e1s para que Manu<\/p>\n<p>Trigueros conectara un disparo desde la frontal que no pudo atajar Andr\u00e9s Fern\u00e1ndez convirti\u00e9ndose en el 2-0.<\/p>\n<p>La sentencia definitiva lleg\u00f3 en el 74&#8242;. Un saque de banda a favor del Villarreal acab\u00f3 con un genial pase interior de Jonathan Pereira hacia Perbet, que fusil\u00f3 a Andr\u00e9s con un tiro cruzado para hacer el 3-0. Cuando parec\u00eda que el marcador ya no se mover\u00eda m\u00e1s,<\/p>\n<p>Osasuna marc\u00f3 el gol del honor. Fue en una jugada en la que Armenteros centr\u00f3 desde la banda izquierda y Oriol Riera anot\u00f3 con un remate de espuela que entr\u00f3 tras tocar en el palo (3-1).<\/p>\n<p>&#8211; Ficha t\u00e9cnica:<\/p>\n<p>3 &#8211; Villarreal: Asenjo; Mario, Gabriel, Dorado, Jaume Costa; Aquino (J. Pereira, m. 72), Trigueros, Pina (Edu Ramos, m. 76), Moi G\u00f3mez; Giovani y Uche (Perbet, m. 42).<\/p>\n<p>1 &#8211; Osasuna: Andr\u00e9s Fern\u00e1ndez; Marc Bertr\u00e1n, Loties, Miguel Fla\u00f1o, Dami\u00e0; Pu\u00f1al (R. Torres, m. 69), Raoul Lo\u00e9; Lobato (Oriol Riera, m. 82), De las Cuevas (Cejudo, m. 58), Armenteros; y Acu\u00f1a.<\/p>\n<p>Goles: 1-0. M.46: Perbet. 2-0. M.53: Manu Trigueros. 3-0. M.74: Perbet. 3-1. M. 86: Oriol Riera.<\/p>\n<p>\u00c1rbitro: \u00c1lvarez Izquierdo (Colegio Catal\u00e1n). Amonest\u00f3 a los locales Pina (m. 22) y Giovani (m. 44); as\u00ed como al visitante Raoul Lo\u00e9 (m. 68).<\/p>\n<p>Incidencias: Partido correspondiente a la vig\u00e9simo segunda jornada de la Liga BBVA disputado en el estadio El Madrigal ante la presencia de 9.260 espectadores. Se guard\u00f3 un respetuoso minuto de silencio en memoria del exseleccionador espa\u00f1ol Luis Aragon\u00e9s.<\/p>\n","protected":false},"excerpt":{"rendered":"<p>Villarreal (Castell\u00f3n), 3 feb (EFE).- El Villarreal super\u00f3 a Osasuna por 3-1 y se afianza en la quinta posici\u00f3n de Primera Divisi\u00f3n gracias al doblete goleador de Perbet y a otro tanto de Manu Trigueros, todos ellos en la segunda mitad. Los amarillos fueron superiores a un equipo navarro demasiado defensivo que tan solo pudo [&hellip;]<\/p>\n","protected":false},"author":1,"featured_media":483121,"comment_status":"closed","ping_status":"open","sticky":false,"template":"","format":"standard","meta":{"footnotes":""},"categories":[1],"tags":[],"class_list":["post-483120","post","type-post","status-publish","format-standard","has-post-thumbnail","hentry","category-actualidad"],"aioseo_notices":[],"aioseo_head":"\n\t\t<!-- All in One SEO Pro 5.0.1 - aioseo.com -->\n\t<meta name=\"description\" content=\"Villarreal (Castell\u00f3n), 3 feb (EFE).- El Villarreal super\u00f3 a Osasuna por 3-1 y se afianza en la quinta posici\u00f3n de Primera Divisi\u00f3n gracias al doblete goleador de Perbet y a otro tanto de Manu Trigueros, todos ellos en la segunda mitad. Los amarillos fueron superiores a un equipo navarro demasiado defensivo que tan solo pudo\" \/>\n\t<meta name=\"robots\" content=\"max-image-preview:large\" \/>\n\t<meta name=\"author\" content=\"El Digital de Asturias\"\/>\n\t<meta name=\"google-site-verification\" content=\"UA-38556648-1\" \/>\n\t<meta name=\"msvalidate.01\" content=\"7dfe9f3f1b24437ab69f4f2559babe99\" \/>\n\t<meta name=\"keywords\" content=\"actualidad\" \/>\n\t<link rel=\"canonical\" href=\"https:\/\/www.eldigitaldeasturias.com\/noticias\/el-villarreal-supera-a-osasuna-y-se-afianza-en-la-quinta-plaza\/\" \/>\n\t<meta name=\"generator\" content=\"All in One SEO Pro (AIOSEO) 5.0.1\" \/>\n\t\t<meta property=\"og:locale\" content=\"es_ES\" \/>\n\t\t<meta property=\"og:site_name\" content=\"El Digital de Asturias\" \/>\n\t\t<meta property=\"og:type\" content=\"article\" \/>\n\t\t<meta property=\"og:title\" content=\"El Villarreal supera a Osasuna y se afianza en la quinta plaza - El Digital de Asturias\" \/>\n\t\t<meta property=\"og:description\" content=\"Villarreal (Castell\u00f3n), 3 feb (EFE).- El Villarreal super\u00f3 a Osasuna por 3-1 y se afianza en la quinta posici\u00f3n de Primera Divisi\u00f3n gracias al doblete goleador de Perbet y a otro tanto de Manu Trigueros, todos ellos en la segunda mitad. Los amarillos fueron superiores a un equipo navarro demasiado defensivo que tan solo pudo\" \/>\n\t\t<meta property=\"og:url\" content=\"https:\/\/www.eldigitaldeasturias.com\/noticias\/el-villarreal-supera-a-osasuna-y-se-afianza-en-la-quinta-plaza\/\" \/>\n\t\t<meta property=\"article:tag\" content=\"actualidad\" \/>\n\t\t<meta property=\"article:published_time\" content=\"2014-02-04T01:34:47+00:00\" \/>\n\t\t<meta property=\"article:modified_time\" content=\"2014-02-04T01:34:47+00:00\" \/>\n\t\t<meta property=\"article:publisher\" content=\"https:\/\/facebook.com\/eldigitaldeasturias\" \/>\n\t\t<meta name=\"twitter:card\" content=\"summary_large_image\" \/>\n\t\t<meta name=\"twitter:title\" content=\"El Villarreal supera a Osasuna y se afianza en la quinta plaza - El Digital de Asturias\" \/>\n\t\t<meta name=\"twitter:description\" content=\"Villarreal (Castell\u00f3n), 3 feb (EFE).- El Villarreal super\u00f3 a Osasuna por 3-1 y se afianza en la quinta posici\u00f3n de Primera Divisi\u00f3n gracias al doblete goleador de Perbet y a otro tanto de Manu Trigueros, todos ellos en la segunda mitad. Los amarillos fueron superiores a un equipo navarro demasiado defensivo que tan solo pudo\" \/>\n\t\t<meta name=\"twitter:label1\" content=\"Escrito por\" \/>\n\t\t<meta name=\"twitter:data1\" content=\"El Digital de Asturias\" \/>\n\t\t<meta name=\"twitter:label2\" content=\"Tiempo de lectura estimado\" \/>\n\t\t<meta name=\"twitter:data2\" content=\"3 minutos\" \/>\n\t\t<script type=\"application\/ld+json\" class=\"aioseo-schema\">\n\t\t\t{\"@context\":\"https:\\\/\\\/schema.org\",\"@graph\":[{\"@type\":\"BlogPosting\",\"@id\":\"https:\\\/\\\/www.eldigitaldeasturias.com\\\/noticias\\\/el-villarreal-supera-a-osasuna-y-se-afianza-en-la-quinta-plaza\\\/#blogposting\",\"name\":\"El Villarreal supera a Osasuna y se afianza en la quinta plaza - El Digital de Asturias\",\"headline\":\"El Villarreal supera a Osasuna y se afianza en la quinta plaza\",\"author\":{\"@id\":\"https:\\\/\\\/www.eldigitaldeasturias.com\\\/noticias\\\/author\\\/admin\\\/#author\"},\"publisher\":{\"@id\":\"https:\\\/\\\/www.eldigitaldeasturias.com\\\/noticias\\\/#organization\"},\"image\":{\"@type\":\"ImageObject\",\"url\":483121},\"datePublished\":\"2014-02-04T00:34:47+01:00\",\"dateModified\":\"2014-02-04T00:34:47+01:00\",\"inLanguage\":\"es-ES\",\"mainEntityOfPage\":{\"@id\":\"https:\\\/\\\/www.eldigitaldeasturias.com\\\/noticias\\\/el-villarreal-supera-a-osasuna-y-se-afianza-en-la-quinta-plaza\\\/#webpage\"},\"isPartOf\":{\"@id\":\"https:\\\/\\\/www.eldigitaldeasturias.com\\\/noticias\\\/el-villarreal-supera-a-osasuna-y-se-afianza-en-la-quinta-plaza\\\/#webpage\"},\"articleSection\":\"Actualidad\"},{\"@type\":\"BreadcrumbList\",\"@id\":\"https:\\\/\\\/www.eldigitaldeasturias.com\\\/noticias\\\/el-villarreal-supera-a-osasuna-y-se-afianza-en-la-quinta-plaza\\\/#breadcrumblist\",\"itemListElement\":[{\"@type\":\"ListItem\",\"@id\":\"https:\\\/\\\/www.eldigitaldeasturias.com\\\/noticias#listItem\",\"position\":1,\"name\":\"Home\",\"item\":\"https:\\\/\\\/www.eldigitaldeasturias.com\\\/noticias\",\"nextItem\":{\"@type\":\"ListItem\",\"@id\":\"https:\\\/\\\/www.eldigitaldeasturias.com\\\/noticias\\\/category\\\/actualidad\\\/#listItem\",\"name\":\"Actualidad\"}},{\"@type\":\"ListItem\",\"@id\":\"https:\\\/\\\/www.eldigitaldeasturias.com\\\/noticias\\\/category\\\/actualidad\\\/#listItem\",\"position\":2,\"name\":\"Actualidad\",\"item\":\"https:\\\/\\\/www.eldigitaldeasturias.com\\\/noticias\\\/category\\\/actualidad\\\/\",\"nextItem\":{\"@type\":\"ListItem\",\"@id\":\"https:\\\/\\\/www.eldigitaldeasturias.com\\\/noticias\\\/el-villarreal-supera-a-osasuna-y-se-afianza-en-la-quinta-plaza\\\/#listItem\",\"name\":\"El Villarreal supera a Osasuna y se afianza en la quinta plaza\"},\"previousItem\":{\"@type\":\"ListItem\",\"@id\":\"https:\\\/\\\/www.eldigitaldeasturias.com\\\/noticias#listItem\",\"name\":\"Home\"}},{\"@type\":\"ListItem\",\"@id\":\"https:\\\/\\\/www.eldigitaldeasturias.com\\\/noticias\\\/el-villarreal-supera-a-osasuna-y-se-afianza-en-la-quinta-plaza\\\/#listItem\",\"position\":3,\"name\":\"El Villarreal supera a Osasuna y se afianza en la quinta plaza\",\"previousItem\":{\"@type\":\"ListItem\",\"@id\":\"https:\\\/\\\/www.eldigitaldeasturias.com\\\/noticias\\\/category\\\/actualidad\\\/#listItem\",\"name\":\"Actualidad\"}}]},{\"@type\":\"Organization\",\"@id\":\"https:\\\/\\\/www.eldigitaldeasturias.com\\\/noticias\\\/#organization\",\"name\":\"El Digital de Asturias\",\"description\":\"Hemeroteca\",\"url\":\"https:\\\/\\\/www.eldigitaldeasturias.com\\\/noticias\\\/\",\"email\":\"info@eldigitaldeasturias.com\",\"telephone\":\"+34652131393\",\"logo\":{\"@type\":\"ImageObject\",\"url\":\"https:\\\/\\\/www.eldigitaldeasturias.com\\\/noticias\\\/wp-content\\\/uploads\\\/2020\\\/12\\\/EDA.jpg\",\"@id\":\"https:\\\/\\\/www.eldigitaldeasturias.com\\\/noticias\\\/el-villarreal-supera-a-osasuna-y-se-afianza-en-la-quinta-plaza\\\/#organizationLogo\"},\"image\":{\"@id\":\"https:\\\/\\\/www.eldigitaldeasturias.com\\\/noticias\\\/el-villarreal-supera-a-osasuna-y-se-afianza-en-la-quinta-plaza\\\/#organizationLogo\"},\"sameAs\":[\"https:\\\/\\\/facebook.com\\\/eldigitaldeasturias\",\"https:\\\/\\\/www.youtube.com\\\/channel\\\/UCZP-2wLEB9Rv6erhFmqVnvg\"],\"address\":{\"@id\":\"https:\\\/\\\/www.eldigitaldeasturias.com\\\/noticias\\\/#postaladdress\",\"@type\":\"PostalAddress\",\"streetAddress\":\"san antonio 4\",\"postalCode\":\"33430\",\"addressLocality\":\"Cand\\u00e1s\",\"addressRegion\":\"Asturias\",\"addressCountry\":\"ES\"}},{\"@type\":\"Person\",\"@id\":\"https:\\\/\\\/www.eldigitaldeasturias.com\\\/noticias\\\/author\\\/admin\\\/#author\",\"url\":\"https:\\\/\\\/www.eldigitaldeasturias.com\\\/noticias\\\/author\\\/admin\\\/\",\"name\":\"El Digital de Asturias\",\"image\":{\"@type\":\"ImageObject\",\"@id\":\"https:\\\/\\\/www.eldigitaldeasturias.com\\\/noticias\\\/el-villarreal-supera-a-osasuna-y-se-afianza-en-la-quinta-plaza\\\/#authorImage\",\"url\":\"https:\\\/\\\/secure.gravatar.com\\\/avatar\\\/df2aeffc32bcd13f8d26072ef8a91b623d677766deac7f97ca815868cd41bf5e?s=96&d=mm&r=g\",\"width\":96,\"height\":96,\"caption\":\"El Digital de Asturias\"}},{\"@type\":\"WebPage\",\"@id\":\"https:\\\/\\\/www.eldigitaldeasturias.com\\\/noticias\\\/el-villarreal-supera-a-osasuna-y-se-afianza-en-la-quinta-plaza\\\/#webpage\",\"url\":\"https:\\\/\\\/www.eldigitaldeasturias.com\\\/noticias\\\/el-villarreal-supera-a-osasuna-y-se-afianza-en-la-quinta-plaza\\\/\",\"name\":\"El Villarreal supera a Osasuna y se afianza en la quinta plaza - El Digital de Asturias\",\"description\":\"Villarreal (Castell\\u00f3n), 3 feb (EFE).- El Villarreal super\\u00f3 a Osasuna por 3-1 y se afianza en la quinta posici\\u00f3n de Primera Divisi\\u00f3n gracias al doblete goleador de Perbet y a otro tanto de Manu Trigueros, todos ellos en la segunda mitad. Los amarillos fueron superiores a un equipo navarro demasiado defensivo que tan solo pudo\",\"inLanguage\":\"es-ES\",\"isPartOf\":{\"@id\":\"https:\\\/\\\/www.eldigitaldeasturias.com\\\/noticias\\\/#website\"},\"breadcrumb\":{\"@id\":\"https:\\\/\\\/www.eldigitaldeasturias.com\\\/noticias\\\/el-villarreal-supera-a-osasuna-y-se-afianza-en-la-quinta-plaza\\\/#breadcrumblist\"},\"author\":{\"@id\":\"https:\\\/\\\/www.eldigitaldeasturias.com\\\/noticias\\\/author\\\/admin\\\/#author\"},\"creator\":{\"@id\":\"https:\\\/\\\/www.eldigitaldeasturias.com\\\/noticias\\\/author\\\/admin\\\/#author\"},\"image\":{\"@type\":\"ImageObject\",\"url\":483121,\"@id\":\"https:\\\/\\\/www.eldigitaldeasturias.com\\\/noticias\\\/el-villarreal-supera-a-osasuna-y-se-afianza-en-la-quinta-plaza\\\/#mainImage\"},\"primaryImageOfPage\":{\"@id\":\"https:\\\/\\\/www.eldigitaldeasturias.com\\\/noticias\\\/el-villarreal-supera-a-osasuna-y-se-afianza-en-la-quinta-plaza\\\/#mainImage\"},\"datePublished\":\"2014-02-04T00:34:47+01:00\",\"dateModified\":\"2014-02-04T00:34:47+01:00\"},{\"@type\":\"WebSite\",\"@id\":\"https:\\\/\\\/www.eldigitaldeasturias.com\\\/noticias\\\/#website\",\"url\":\"https:\\\/\\\/www.eldigitaldeasturias.com\\\/noticias\\\/\",\"name\":\"El Digital de Asturias - Diario de actualidad y noticias\",\"alternateName\":\"El Digital de Asturias - Diario de actualidad y noticias\",\"description\":\"Hemeroteca\",\"inLanguage\":\"es-ES\",\"publisher\":{\"@id\":\"https:\\\/\\\/www.eldigitaldeasturias.com\\\/noticias\\\/#organization\"}}]}\n\t\t<\/script>\n\t\t<!-- All in One SEO Pro -->\r\n\t\t<title>El Villarreal supera a Osasuna y se afianza en la quinta plaza - El Digital de Asturias<\/title>\n\n","aioseo_head_json":{"title":"El Villarreal supera a Osasuna y se afianza en la quinta plaza - El Digital de Asturias","description":"Villarreal (Castell\u00f3n), 3 feb (EFE).- El Villarreal super\u00f3 a Osasuna por 3-1 y se afianza en la quinta posici\u00f3n de Primera Divisi\u00f3n gracias al doblete goleador de Perbet y a otro tanto de Manu Trigueros, todos ellos en la segunda mitad. Los amarillos fueron superiores a un equipo navarro demasiado defensivo que tan solo pudo","canonical_url":"https:\/\/www.eldigitaldeasturias.com\/noticias\/el-villarreal-supera-a-osasuna-y-se-afianza-en-la-quinta-plaza\/","robots":"max-image-preview:large","keywords":"actualidad","webmasterTools":{"google-site-verification":"UA-38556648-1","msvalidate.01":"7dfe9f3f1b24437ab69f4f2559babe99","miscellaneous":""},"schema":{"@context":"https:\/\/schema.org","@graph":[{"@type":"BlogPosting","@id":"https:\/\/www.eldigitaldeasturias.com\/noticias\/el-villarreal-supera-a-osasuna-y-se-afianza-en-la-quinta-plaza\/#blogposting","name":"El Villarreal supera a Osasuna y se afianza en la quinta plaza - El Digital de Asturias","headline":"El Villarreal supera a Osasuna y se afianza en la quinta plaza","author":{"@id":"https:\/\/www.eldigitaldeasturias.com\/noticias\/author\/admin\/#author"},"publisher":{"@id":"https:\/\/www.eldigitaldeasturias.com\/noticias\/#organization"},"image":{"@type":"ImageObject","url":483121},"datePublished":"2014-02-04T00:34:47+01:00","dateModified":"2014-02-04T00:34:47+01:00","inLanguage":"es-ES","mainEntityOfPage":{"@id":"https:\/\/www.eldigitaldeasturias.com\/noticias\/el-villarreal-supera-a-osasuna-y-se-afianza-en-la-quinta-plaza\/#webpage"},"isPartOf":{"@id":"https:\/\/www.eldigitaldeasturias.com\/noticias\/el-villarreal-supera-a-osasuna-y-se-afianza-en-la-quinta-plaza\/#webpage"},"articleSection":"Actualidad"},{"@type":"BreadcrumbList","@id":"https:\/\/www.eldigitaldeasturias.com\/noticias\/el-villarreal-supera-a-osasuna-y-se-afianza-en-la-quinta-plaza\/#breadcrumblist","itemListElement":[{"@type":"ListItem","@id":"https:\/\/www.eldigitaldeasturias.com\/noticias#listItem","position":1,"name":"Home","item":"https:\/\/www.eldigitaldeasturias.com\/noticias","nextItem":{"@type":"ListItem","@id":"https:\/\/www.eldigitaldeasturias.com\/noticias\/category\/actualidad\/#listItem","name":"Actualidad"}},{"@type":"ListItem","@id":"https:\/\/www.eldigitaldeasturias.com\/noticias\/category\/actualidad\/#listItem","position":2,"name":"Actualidad","item":"https:\/\/www.eldigitaldeasturias.com\/noticias\/category\/actualidad\/","nextItem":{"@type":"ListItem","@id":"https:\/\/www.eldigitaldeasturias.com\/noticias\/el-villarreal-supera-a-osasuna-y-se-afianza-en-la-quinta-plaza\/#listItem","name":"El Villarreal supera a Osasuna y se afianza en la quinta plaza"},"previousItem":{"@type":"ListItem","@id":"https:\/\/www.eldigitaldeasturias.com\/noticias#listItem","name":"Home"}},{"@type":"ListItem","@id":"https:\/\/www.eldigitaldeasturias.com\/noticias\/el-villarreal-supera-a-osasuna-y-se-afianza-en-la-quinta-plaza\/#listItem","position":3,"name":"El Villarreal supera a Osasuna y se afianza en la quinta plaza","previousItem":{"@type":"ListItem","@id":"https:\/\/www.eldigitaldeasturias.com\/noticias\/category\/actualidad\/#listItem","name":"Actualidad"}}]},{"@type":"Organization","@id":"https:\/\/www.eldigitaldeasturias.com\/noticias\/#organization","name":"El Digital de Asturias","description":"Hemeroteca","url":"https:\/\/www.eldigitaldeasturias.com\/noticias\/","email":"info@eldigitaldeasturias.com","telephone":"+34652131393","logo":{"@type":"ImageObject","url":"https:\/\/www.eldigitaldeasturias.com\/noticias\/wp-content\/uploads\/2020\/12\/EDA.jpg","@id":"https:\/\/www.eldigitaldeasturias.com\/noticias\/el-villarreal-supera-a-osasuna-y-se-afianza-en-la-quinta-plaza\/#organizationLogo"},"image":{"@id":"https:\/\/www.eldigitaldeasturias.com\/noticias\/el-villarreal-supera-a-osasuna-y-se-afianza-en-la-quinta-plaza\/#organizationLogo"},"sameAs":["https:\/\/facebook.com\/eldigitaldeasturias","https:\/\/www.youtube.com\/channel\/UCZP-2wLEB9Rv6erhFmqVnvg"],"address":{"@id":"https:\/\/www.eldigitaldeasturias.com\/noticias\/#postaladdress","@type":"PostalAddress","streetAddress":"san antonio 4","postalCode":"33430","addressLocality":"Cand\u00e1s","addressRegion":"Asturias","addressCountry":"ES"}},{"@type":"Person","@id":"https:\/\/www.eldigitaldeasturias.com\/noticias\/author\/admin\/#author","url":"https:\/\/www.eldigitaldeasturias.com\/noticias\/author\/admin\/","name":"El Digital de Asturias","image":{"@type":"ImageObject","@id":"https:\/\/www.eldigitaldeasturias.com\/noticias\/el-villarreal-supera-a-osasuna-y-se-afianza-en-la-quinta-plaza\/#authorImage","url":"https:\/\/secure.gravatar.com\/avatar\/df2aeffc32bcd13f8d26072ef8a91b623d677766deac7f97ca815868cd41bf5e?s=96&d=mm&r=g","width":96,"height":96,"caption":"El Digital de Asturias"}},{"@type":"WebPage","@id":"https:\/\/www.eldigitaldeasturias.com\/noticias\/el-villarreal-supera-a-osasuna-y-se-afianza-en-la-quinta-plaza\/#webpage","url":"https:\/\/www.eldigitaldeasturias.com\/noticias\/el-villarreal-supera-a-osasuna-y-se-afianza-en-la-quinta-plaza\/","name":"El Villarreal supera a Osasuna y se afianza en la quinta plaza - El Digital de Asturias","description":"Villarreal (Castell\u00f3n), 3 feb (EFE).- El Villarreal super\u00f3 a Osasuna por 3-1 y se afianza en la quinta posici\u00f3n de Primera Divisi\u00f3n gracias al doblete goleador de Perbet y a otro tanto de Manu Trigueros, todos ellos en la segunda mitad. Los amarillos fueron superiores a un equipo navarro demasiado defensivo que tan solo pudo","inLanguage":"es-ES","isPartOf":{"@id":"https:\/\/www.eldigitaldeasturias.com\/noticias\/#website"},"breadcrumb":{"@id":"https:\/\/www.eldigitaldeasturias.com\/noticias\/el-villarreal-supera-a-osasuna-y-se-afianza-en-la-quinta-plaza\/#breadcrumblist"},"author":{"@id":"https:\/\/www.eldigitaldeasturias.com\/noticias\/author\/admin\/#author"},"creator":{"@id":"https:\/\/www.eldigitaldeasturias.com\/noticias\/author\/admin\/#author"},"image":{"@type":"ImageObject","url":483121,"@id":"https:\/\/www.eldigitaldeasturias.com\/noticias\/el-villarreal-supera-a-osasuna-y-se-afianza-en-la-quinta-plaza\/#mainImage"},"primaryImageOfPage":{"@id":"https:\/\/www.eldigitaldeasturias.com\/noticias\/el-villarreal-supera-a-osasuna-y-se-afianza-en-la-quinta-plaza\/#mainImage"},"datePublished":"2014-02-04T00:34:47+01:00","dateModified":"2014-02-04T00:34:47+01:00"},{"@type":"WebSite","@id":"https:\/\/www.eldigitaldeasturias.com\/noticias\/#website","url":"https:\/\/www.eldigitaldeasturias.com\/noticias\/","name":"El Digital de Asturias - Diario de actualidad y noticias","alternateName":"El Digital de Asturias - Diario de actualidad y noticias","description":"Hemeroteca","inLanguage":"es-ES","publisher":{"@id":"https:\/\/www.eldigitaldeasturias.com\/noticias\/#organization"}}]},"og:locale":"es_ES","og:site_name":"El Digital de Asturias","og:type":"article","og:title":"El Villarreal supera a Osasuna y se afianza en la quinta plaza - El Digital de Asturias","og:description":"Villarreal (Castell\u00f3n), 3 feb (EFE).- El Villarreal super\u00f3 a Osasuna por 3-1 y se afianza en la quinta posici\u00f3n de Primera Divisi\u00f3n gracias al doblete goleador de Perbet y a otro tanto de Manu Trigueros, todos ellos en la segunda mitad. Los amarillos fueron superiores a un equipo navarro demasiado defensivo que tan solo pudo","og:url":"https:\/\/www.eldigitaldeasturias.com\/noticias\/el-villarreal-supera-a-osasuna-y-se-afianza-en-la-quinta-plaza\/","article:tag":["actualidad"],"article:published_time":"2014-02-04T01:34:47+00:00","article:modified_time":"2014-02-04T01:34:47+00:00","article:publisher":"https:\/\/facebook.com\/eldigitaldeasturias","twitter:card":"summary_large_image","twitter:title":"El Villarreal supera a Osasuna y se afianza en la quinta plaza - El Digital de Asturias","twitter:description":"Villarreal (Castell\u00f3n), 3 feb (EFE).- El Villarreal super\u00f3 a Osasuna por 3-1 y se afianza en la quinta posici\u00f3n de Primera Divisi\u00f3n gracias al doblete goleador de Perbet y a otro tanto de Manu Trigueros, todos ellos en la segunda mitad. Los amarillos fueron superiores a un equipo navarro demasiado defensivo que tan solo pudo","twitter:label1":"Escrito por","twitter:data1":"El Digital de Asturias","twitter:label2":"Tiempo de lectura estimado","twitter:data2":"3 minutos"},"aioseo_meta_data":{"post_id":"483120","title":null,"description":null,"keywords":null,"keyphrases":null,"primary_term":null,"canonical_url":null,"og_title":null,"og_description":null,"og_object_type":"default","og_image_type":"default","og_image_url":null,"og_image_width":null,"og_image_height":null,"og_image_custom_url":null,"og_image_custom_fields":null,"og_video":null,"og_custom_url":null,"og_article_section":null,"og_article_tags":null,"twitter_use_og":true,"twitter_card":"default","twitter_image_type":"default","twitter_image_url":null,"twitter_image_custom_url":null,"twitter_image_custom_fields":null,"twitter_title":null,"twitter_description":null,"schema":{"blockGraphs":[],"customGraphs":[],"default":{"data":{"Article":[],"Course":[],"Dataset":[],"FAQPage":[],"Movie":[],"Person":[],"Product":[],"ProductReview":[],"Car":[],"Recipe":[],"Service":[],"SoftwareApplication":[],"WebPage":[]},"graphName":"","isEnabled":true},"graphs":[],"defaultGraph":"","defaultPostTypeGraph":""},"schema_type":null,"schema_type_options":null,"pillar_content":false,"robots_default":true,"robots_noindex":false,"robots_noarchive":false,"robots_nosnippet":false,"robots_nofollow":false,"robots_noimageindex":false,"robots_noodp":false,"robots_notranslate":false,"robots_max_snippet":null,"robots_max_videopreview":null,"robots_max_imagepreview":"none","priority":null,"frequency":null,"local_seo":null,"seo_analyzer_scan_date":"2026-06-02 11:52:55","breadcrumb_settings":null,"limit_modified_date":false,"open_ai":null,"ai":null,"created":"2020-11-14 22:54:43","updated":"2026-06-02 11:52:55","focus_keyword":null,"additional_keywords":null,"truseo_locale":null},"aioseo_breadcrumb":"<div class=\"aioseo-breadcrumbs\"><span class=\"aioseo-breadcrumb\">\n\t<a href=\"https:\/\/www.eldigitaldeasturias.com\/noticias\" title=\"Home\">Home<\/a>\n<\/span><span class=\"aioseo-breadcrumb-separator\">\u2013<\/span><span class=\"aioseo-breadcrumb\">\n\t<a href=\"https:\/\/www.eldigitaldeasturias.com\/noticias\/category\/actualidad\/\" title=\"Actualidad\">Actualidad<\/a>\n<\/span><span class=\"aioseo-breadcrumb-separator\">\u2013<\/span><span class=\"aioseo-breadcrumb\">\n\t<a href=\"https:\/\/www.eldigitaldeasturias.com\/noticias\/el-villarreal-supera-a-osasuna-y-se-afianza-en-la-quinta-plaza\/\" title=\"El Villarreal supera a Osasuna y se afianza en la quinta plaza\">El Villarreal supera a Osasuna y se afianza en la quinta plaza<\/a>\n<\/span><\/div>","aioseo_breadcrumb_json":[{"label":"Home","link":"https:\/\/www.eldigitaldeasturias.com\/noticias"},{"label":"Actualidad","link":"https:\/\/www.eldigitaldeasturias.com\/noticias\/category\/actualidad\/"},{"label":"El Villarreal supera a Osasuna y se afianza en la quinta plaza","link":"https:\/\/www.eldigitaldeasturias.com\/noticias\/el-villarreal-supera-a-osasuna-y-se-afianza-en-la-quinta-plaza\/"}],"_links":{"self":[{"href":"https:\/\/www.eldigitaldeasturias.com\/noticias\/wp-json\/wp\/v2\/posts\/483120","targetHints":{"allow":["GET"]}}],"collection":[{"href":"https:\/\/www.eldigitaldeasturias.com\/noticias\/wp-json\/wp\/v2\/posts"}],"about":[{"href":"https:\/\/www.eldigitaldeasturias.com\/noticias\/wp-json\/wp\/v2\/types\/post"}],"author":[{"embeddable":true,"href":"https:\/\/www.eldigitaldeasturias.com\/noticias\/wp-json\/wp\/v2\/users\/1"}],"replies":[{"embeddable":true,"href":"https:\/\/www.eldigitaldeasturias.com\/noticias\/wp-json\/wp\/v2\/comments?post=483120"}],"version-history":[{"count":0,"href":"https:\/\/www.eldigitaldeasturias.com\/noticias\/wp-json\/wp\/v2\/posts\/483120\/revisions"}],"wp:attachment":[{"href":"https:\/\/www.eldigitaldeasturias.com\/noticias\/wp-json\/wp\/v2\/media?parent=483120"}],"wp:term":[{"taxonomy":"category","embeddable":true,"href":"https:\/\/www.eldigitaldeasturias.com\/noticias\/wp-json\/wp\/v2\/categories?post=483120"},{"taxonomy":"post_tag","embeddable":true,"href":"https:\/\/www.eldigitaldeasturias.com\/noticias\/wp-json\/wp\/v2\/tags?post=483120"}],"curies":[{"name":"wp","href":"https:\/\/api.w.org\/{rel}","templated":true}]}}