{"id":483114,"date":"2014-02-04T00:31:57","date_gmt":"2014-02-04T01:31:57","guid":{"rendered":"http:\/\/www.eldigitaldeasturias.com\/noticias\/?p=483114"},"modified":"2014-02-04T00:31:57","modified_gmt":"2014-02-04T01:31:57","slug":"pau-gasol-de-baja-una-semana-pretendido-por-los-suns-de-phoenix","status":"publish","type":"post","link":"https:\/\/www.eldigitaldeasturias.com\/noticias\/pau-gasol-de-baja-una-semana-pretendido-por-los-suns-de-phoenix\/","title":{"rendered":"Pau Gasol, de baja una semana, pretendido por los Suns de Phoenix"},"content":{"rendered":"<p><img loading=\"lazy\" decoding=\"async\" class=\"alignleft size-medium wp-image-483115\" alt=\"5905677w\" src=\"https:\/\/www.eldigitaldeasturias.com\/noticias\/wp-content\/uploads\/2014\/02\/5905677w-360x271.jpg\" width=\"360\" height=\"271\" \/>Los \u00c1ngeles (EE.UU.), 3 feb (EFE).- El jugador espa\u00f1ol de Los Angeles Lakers, Pau Gasol, que permanecer\u00e1 al menos una semana de baja por molestias en la ingle, es pretendido por los Suns de Phoenix, seg\u00fan publica hoy la prensa local.<\/p>\n<p>Gasol, que se perder\u00e1 los tres partidos que disputa su equipo esta semana frente a los Timberwolves de Minnesota, los Cavaliers de Cleveland y los 76ers de Philadelphia, es uno de los objetivos que se ha marcado el conjunto de Arizona para reforzar su candidatura a las eliminatorias por el t\u00edtulo, seg\u00fan sostiene el diario Los Angeles Daily News.<\/p>\n<p>El rotativo detalla que Gasol, que cobra 19,3 millones de d\u00f3lares esta temporada, es una de las opciones que baraja el conjunto de Jeff Hornacek, aspirante por sorpresa a disputar los \u00abplay-offs\u00bb esta temporada, a los que quiere llegar con la incorporaci\u00f3n de \u00abuna estrella ya establecida\u00bb.<\/p>\n<p>A cambio los Lakers podr\u00edan recibir al p\u00edvot lesionado Emeka Okafor y su contrato de 14,5 millones de d\u00f3lares, que dejar\u00eda a los californianos en una situaci\u00f3n ventajosa respecto al l\u00edmite salarial, aunque supondr\u00eda tambi\u00e9n un perjuicio deportivo en el ya de por s\u00ed desastroso rendimiento sobre la cancha.<\/p>\n<p>Los Lakers son antepen\u00faltimos en el Oeste con una marca de 16 victorias y 31 derrotas.<\/p>\n<p>Los angelinos, no obstante, tratar\u00edan de percibir algo m\u00e1s a cambio adem\u00e1s del simple alivio econ\u00f3mico, tal y como intentaron durante las negociaciones con los Cavaliers a finales de diciembre y comienzos de enero.<\/p>\n<p>Por entonces se especul\u00f3 con que Gasol entrar\u00eda en la operaci\u00f3n por Andrew Bynum, pero no hubo acuerdo porque los Lakers aspiraban a recibir tambi\u00e9n una primera ronda del sorteo universitario (\u00abdraft\u00bb) o un jugador talentoso y joven.<\/p>\n<p>El espa\u00f1ol respondi\u00f3 a aquellos rumores promediando en enero 20,8 puntos y 11,9 rebotes de media.<\/p>\n<p>El plazo para los traspasos en la NBA concluye el 20 de febrero.<\/p>\n<p>El espa\u00f1ol ser\u00e1 examinado de nuevo de su lesi\u00f3n por los m\u00e9dicos de la franquicia californiana el pr\u00f3ximo fin de semana.<\/p>\n","protected":false},"excerpt":{"rendered":"<p>Los \u00c1ngeles (EE.UU.), 3 feb (EFE).- El jugador espa\u00f1ol de Los Angeles Lakers, Pau Gasol, que permanecer\u00e1 al menos una semana de baja por molestias en la ingle, es pretendido por los Suns de Phoenix, seg\u00fan publica hoy la prensa local. Gasol, que se perder\u00e1 los tres partidos que disputa su equipo esta semana frente [&hellip;]<\/p>\n","protected":false},"author":1,"featured_media":483115,"comment_status":"closed","ping_status":"open","sticky":false,"template":"","format":"standard","meta":{"footnotes":""},"categories":[1],"tags":[],"class_list":["post-483114","post","type-post","status-publish","format-standard","has-post-thumbnail","hentry","category-actualidad"],"aioseo_notices":[],"aioseo_head":"\n\t\t<!-- All in One SEO Pro 5.0.1 - aioseo.com -->\n\t<meta name=\"description\" content=\"Los \u00c1ngeles (EE.UU.), 3 feb (EFE).- El jugador espa\u00f1ol de Los Angeles Lakers, Pau Gasol, que permanecer\u00e1 al menos una semana de baja por molestias en la ingle, es pretendido por los Suns de Phoenix, seg\u00fan publica hoy la prensa local. Gasol, que se perder\u00e1 los tres partidos que disputa su equipo esta semana frente\" \/>\n\t<meta name=\"robots\" content=\"max-image-preview:large\" \/>\n\t<meta name=\"author\" content=\"El Digital de Asturias\"\/>\n\t<meta name=\"google-site-verification\" content=\"UA-38556648-1\" \/>\n\t<meta name=\"msvalidate.01\" content=\"7dfe9f3f1b24437ab69f4f2559babe99\" \/>\n\t<meta name=\"keywords\" content=\"actualidad\" \/>\n\t<link rel=\"canonical\" href=\"https:\/\/www.eldigitaldeasturias.com\/noticias\/pau-gasol-de-baja-una-semana-pretendido-por-los-suns-de-phoenix\/\" \/>\n\t<meta name=\"generator\" content=\"All in One SEO Pro (AIOSEO) 5.0.1\" \/>\n\t\t<meta property=\"og:locale\" content=\"es_ES\" \/>\n\t\t<meta property=\"og:site_name\" content=\"El Digital de Asturias\" \/>\n\t\t<meta property=\"og:type\" content=\"article\" \/>\n\t\t<meta property=\"og:title\" content=\"Pau Gasol, de baja una semana, pretendido por los Suns de Phoenix - El Digital de Asturias\" \/>\n\t\t<meta property=\"og:description\" content=\"Los \u00c1ngeles (EE.UU.), 3 feb (EFE).- El jugador espa\u00f1ol de Los Angeles Lakers, Pau Gasol, que permanecer\u00e1 al menos una semana de baja por molestias en la ingle, es pretendido por los Suns de Phoenix, seg\u00fan publica hoy la prensa local. Gasol, que se perder\u00e1 los tres partidos que disputa su equipo esta semana frente\" \/>\n\t\t<meta property=\"og:url\" content=\"https:\/\/www.eldigitaldeasturias.com\/noticias\/pau-gasol-de-baja-una-semana-pretendido-por-los-suns-de-phoenix\/\" \/>\n\t\t<meta property=\"article:tag\" content=\"actualidad\" \/>\n\t\t<meta property=\"article:published_time\" content=\"2014-02-04T01:31:57+00:00\" \/>\n\t\t<meta property=\"article:modified_time\" content=\"2014-02-04T01:31:57+00:00\" \/>\n\t\t<meta property=\"article:publisher\" content=\"https:\/\/facebook.com\/eldigitaldeasturias\" \/>\n\t\t<meta name=\"twitter:card\" content=\"summary_large_image\" \/>\n\t\t<meta name=\"twitter:title\" content=\"Pau Gasol, de baja una semana, pretendido por los Suns de Phoenix - El Digital de Asturias\" \/>\n\t\t<meta name=\"twitter:description\" content=\"Los \u00c1ngeles (EE.UU.), 3 feb (EFE).- El jugador espa\u00f1ol de Los Angeles Lakers, Pau Gasol, que permanecer\u00e1 al menos una semana de baja por molestias en la ingle, es pretendido por los Suns de Phoenix, seg\u00fan publica hoy la prensa local. Gasol, que se perder\u00e1 los tres partidos que disputa su equipo esta semana frente\" \/>\n\t\t<meta name=\"twitter:label1\" content=\"Escrito por\" \/>\n\t\t<meta name=\"twitter:data1\" content=\"El Digital de Asturias\" \/>\n\t\t<meta name=\"twitter:label2\" content=\"Tiempo de lectura estimado\" \/>\n\t\t<meta name=\"twitter:data2\" content=\"2 minutos\" \/>\n\t\t<script type=\"application\/ld+json\" class=\"aioseo-schema\">\n\t\t\t{\"@context\":\"https:\\\/\\\/schema.org\",\"@graph\":[{\"@type\":\"BlogPosting\",\"@id\":\"https:\\\/\\\/www.eldigitaldeasturias.com\\\/noticias\\\/pau-gasol-de-baja-una-semana-pretendido-por-los-suns-de-phoenix\\\/#blogposting\",\"name\":\"Pau Gasol, de baja una semana, pretendido por los Suns de Phoenix - El Digital de Asturias\",\"headline\":\"Pau Gasol, de baja una semana, pretendido por los Suns de Phoenix\",\"author\":{\"@id\":\"https:\\\/\\\/www.eldigitaldeasturias.com\\\/noticias\\\/author\\\/admin\\\/#author\"},\"publisher\":{\"@id\":\"https:\\\/\\\/www.eldigitaldeasturias.com\\\/noticias\\\/#organization\"},\"image\":{\"@type\":\"ImageObject\",\"url\":483115},\"datePublished\":\"2014-02-04T00:31:57+01:00\",\"dateModified\":\"2014-02-04T00:31:57+01:00\",\"inLanguage\":\"es-ES\",\"mainEntityOfPage\":{\"@id\":\"https:\\\/\\\/www.eldigitaldeasturias.com\\\/noticias\\\/pau-gasol-de-baja-una-semana-pretendido-por-los-suns-de-phoenix\\\/#webpage\"},\"isPartOf\":{\"@id\":\"https:\\\/\\\/www.eldigitaldeasturias.com\\\/noticias\\\/pau-gasol-de-baja-una-semana-pretendido-por-los-suns-de-phoenix\\\/#webpage\"},\"articleSection\":\"Actualidad\"},{\"@type\":\"BreadcrumbList\",\"@id\":\"https:\\\/\\\/www.eldigitaldeasturias.com\\\/noticias\\\/pau-gasol-de-baja-una-semana-pretendido-por-los-suns-de-phoenix\\\/#breadcrumblist\",\"itemListElement\":[{\"@type\":\"ListItem\",\"@id\":\"https:\\\/\\\/www.eldigitaldeasturias.com\\\/noticias#listItem\",\"position\":1,\"name\":\"Home\",\"item\":\"https:\\\/\\\/www.eldigitaldeasturias.com\\\/noticias\",\"nextItem\":{\"@type\":\"ListItem\",\"@id\":\"https:\\\/\\\/www.eldigitaldeasturias.com\\\/noticias\\\/category\\\/actualidad\\\/#listItem\",\"name\":\"Actualidad\"}},{\"@type\":\"ListItem\",\"@id\":\"https:\\\/\\\/www.eldigitaldeasturias.com\\\/noticias\\\/category\\\/actualidad\\\/#listItem\",\"position\":2,\"name\":\"Actualidad\",\"item\":\"https:\\\/\\\/www.eldigitaldeasturias.com\\\/noticias\\\/category\\\/actualidad\\\/\",\"nextItem\":{\"@type\":\"ListItem\",\"@id\":\"https:\\\/\\\/www.eldigitaldeasturias.com\\\/noticias\\\/pau-gasol-de-baja-una-semana-pretendido-por-los-suns-de-phoenix\\\/#listItem\",\"name\":\"Pau Gasol, de baja una semana, pretendido por los Suns de Phoenix\"},\"previousItem\":{\"@type\":\"ListItem\",\"@id\":\"https:\\\/\\\/www.eldigitaldeasturias.com\\\/noticias#listItem\",\"name\":\"Home\"}},{\"@type\":\"ListItem\",\"@id\":\"https:\\\/\\\/www.eldigitaldeasturias.com\\\/noticias\\\/pau-gasol-de-baja-una-semana-pretendido-por-los-suns-de-phoenix\\\/#listItem\",\"position\":3,\"name\":\"Pau Gasol, de baja una semana, pretendido por los Suns de Phoenix\",\"previousItem\":{\"@type\":\"ListItem\",\"@id\":\"https:\\\/\\\/www.eldigitaldeasturias.com\\\/noticias\\\/category\\\/actualidad\\\/#listItem\",\"name\":\"Actualidad\"}}]},{\"@type\":\"Organization\",\"@id\":\"https:\\\/\\\/www.eldigitaldeasturias.com\\\/noticias\\\/#organization\",\"name\":\"El Digital de Asturias\",\"description\":\"Hemeroteca\",\"url\":\"https:\\\/\\\/www.eldigitaldeasturias.com\\\/noticias\\\/\",\"email\":\"info@eldigitaldeasturias.com\",\"telephone\":\"+34652131393\",\"logo\":{\"@type\":\"ImageObject\",\"url\":\"https:\\\/\\\/www.eldigitaldeasturias.com\\\/noticias\\\/wp-content\\\/uploads\\\/2020\\\/12\\\/EDA.jpg\",\"@id\":\"https:\\\/\\\/www.eldigitaldeasturias.com\\\/noticias\\\/pau-gasol-de-baja-una-semana-pretendido-por-los-suns-de-phoenix\\\/#organizationLogo\"},\"image\":{\"@id\":\"https:\\\/\\\/www.eldigitaldeasturias.com\\\/noticias\\\/pau-gasol-de-baja-una-semana-pretendido-por-los-suns-de-phoenix\\\/#organizationLogo\"},\"sameAs\":[\"https:\\\/\\\/facebook.com\\\/eldigitaldeasturias\",\"https:\\\/\\\/www.youtube.com\\\/channel\\\/UCZP-2wLEB9Rv6erhFmqVnvg\"],\"address\":{\"@id\":\"https:\\\/\\\/www.eldigitaldeasturias.com\\\/noticias\\\/#postaladdress\",\"@type\":\"PostalAddress\",\"streetAddress\":\"san antonio 4\",\"postalCode\":\"33430\",\"addressLocality\":\"Cand\\u00e1s\",\"addressRegion\":\"Asturias\",\"addressCountry\":\"ES\"}},{\"@type\":\"Person\",\"@id\":\"https:\\\/\\\/www.eldigitaldeasturias.com\\\/noticias\\\/author\\\/admin\\\/#author\",\"url\":\"https:\\\/\\\/www.eldigitaldeasturias.com\\\/noticias\\\/author\\\/admin\\\/\",\"name\":\"El Digital de Asturias\",\"image\":{\"@type\":\"ImageObject\",\"@id\":\"https:\\\/\\\/www.eldigitaldeasturias.com\\\/noticias\\\/pau-gasol-de-baja-una-semana-pretendido-por-los-suns-de-phoenix\\\/#authorImage\",\"url\":\"https:\\\/\\\/secure.gravatar.com\\\/avatar\\\/df2aeffc32bcd13f8d26072ef8a91b623d677766deac7f97ca815868cd41bf5e?s=96&d=mm&r=g\",\"width\":96,\"height\":96,\"caption\":\"El Digital de Asturias\"}},{\"@type\":\"WebPage\",\"@id\":\"https:\\\/\\\/www.eldigitaldeasturias.com\\\/noticias\\\/pau-gasol-de-baja-una-semana-pretendido-por-los-suns-de-phoenix\\\/#webpage\",\"url\":\"https:\\\/\\\/www.eldigitaldeasturias.com\\\/noticias\\\/pau-gasol-de-baja-una-semana-pretendido-por-los-suns-de-phoenix\\\/\",\"name\":\"Pau Gasol, de baja una semana, pretendido por los Suns de Phoenix - El Digital de Asturias\",\"description\":\"Los \\u00c1ngeles (EE.UU.), 3 feb (EFE).- El jugador espa\\u00f1ol de Los Angeles Lakers, Pau Gasol, que permanecer\\u00e1 al menos una semana de baja por molestias en la ingle, es pretendido por los Suns de Phoenix, seg\\u00fan publica hoy la prensa local. Gasol, que se perder\\u00e1 los tres partidos que disputa su equipo esta semana frente\",\"inLanguage\":\"es-ES\",\"isPartOf\":{\"@id\":\"https:\\\/\\\/www.eldigitaldeasturias.com\\\/noticias\\\/#website\"},\"breadcrumb\":{\"@id\":\"https:\\\/\\\/www.eldigitaldeasturias.com\\\/noticias\\\/pau-gasol-de-baja-una-semana-pretendido-por-los-suns-de-phoenix\\\/#breadcrumblist\"},\"author\":{\"@id\":\"https:\\\/\\\/www.eldigitaldeasturias.com\\\/noticias\\\/author\\\/admin\\\/#author\"},\"creator\":{\"@id\":\"https:\\\/\\\/www.eldigitaldeasturias.com\\\/noticias\\\/author\\\/admin\\\/#author\"},\"image\":{\"@type\":\"ImageObject\",\"url\":483115,\"@id\":\"https:\\\/\\\/www.eldigitaldeasturias.com\\\/noticias\\\/pau-gasol-de-baja-una-semana-pretendido-por-los-suns-de-phoenix\\\/#mainImage\"},\"primaryImageOfPage\":{\"@id\":\"https:\\\/\\\/www.eldigitaldeasturias.com\\\/noticias\\\/pau-gasol-de-baja-una-semana-pretendido-por-los-suns-de-phoenix\\\/#mainImage\"},\"datePublished\":\"2014-02-04T00:31:57+01:00\",\"dateModified\":\"2014-02-04T00:31:57+01:00\"},{\"@type\":\"WebSite\",\"@id\":\"https:\\\/\\\/www.eldigitaldeasturias.com\\\/noticias\\\/#website\",\"url\":\"https:\\\/\\\/www.eldigitaldeasturias.com\\\/noticias\\\/\",\"name\":\"El Digital de Asturias - Diario de actualidad y noticias\",\"alternateName\":\"El Digital de Asturias - Diario de actualidad y noticias\",\"description\":\"Hemeroteca\",\"inLanguage\":\"es-ES\",\"publisher\":{\"@id\":\"https:\\\/\\\/www.eldigitaldeasturias.com\\\/noticias\\\/#organization\"}}]}\n\t\t<\/script>\n\t\t<!-- All in One SEO Pro -->\r\n\t\t<title>Pau Gasol, de baja una semana, pretendido por los Suns de Phoenix - El Digital de Asturias<\/title>\n\n","aioseo_head_json":{"title":"Pau Gasol, de baja una semana, pretendido por los Suns de Phoenix - El Digital de Asturias","description":"Los \u00c1ngeles (EE.UU.), 3 feb (EFE).- El jugador espa\u00f1ol de Los Angeles Lakers, Pau Gasol, que permanecer\u00e1 al menos una semana de baja por molestias en la ingle, es pretendido por los Suns de Phoenix, seg\u00fan publica hoy la prensa local. Gasol, que se perder\u00e1 los tres partidos que disputa su equipo esta semana frente","canonical_url":"https:\/\/www.eldigitaldeasturias.com\/noticias\/pau-gasol-de-baja-una-semana-pretendido-por-los-suns-de-phoenix\/","robots":"max-image-preview:large","keywords":"actualidad","webmasterTools":{"google-site-verification":"UA-38556648-1","msvalidate.01":"7dfe9f3f1b24437ab69f4f2559babe99","miscellaneous":""},"schema":{"@context":"https:\/\/schema.org","@graph":[{"@type":"BlogPosting","@id":"https:\/\/www.eldigitaldeasturias.com\/noticias\/pau-gasol-de-baja-una-semana-pretendido-por-los-suns-de-phoenix\/#blogposting","name":"Pau Gasol, de baja una semana, pretendido por los Suns de Phoenix - El Digital de Asturias","headline":"Pau Gasol, de baja una semana, pretendido por los Suns de Phoenix","author":{"@id":"https:\/\/www.eldigitaldeasturias.com\/noticias\/author\/admin\/#author"},"publisher":{"@id":"https:\/\/www.eldigitaldeasturias.com\/noticias\/#organization"},"image":{"@type":"ImageObject","url":483115},"datePublished":"2014-02-04T00:31:57+01:00","dateModified":"2014-02-04T00:31:57+01:00","inLanguage":"es-ES","mainEntityOfPage":{"@id":"https:\/\/www.eldigitaldeasturias.com\/noticias\/pau-gasol-de-baja-una-semana-pretendido-por-los-suns-de-phoenix\/#webpage"},"isPartOf":{"@id":"https:\/\/www.eldigitaldeasturias.com\/noticias\/pau-gasol-de-baja-una-semana-pretendido-por-los-suns-de-phoenix\/#webpage"},"articleSection":"Actualidad"},{"@type":"BreadcrumbList","@id":"https:\/\/www.eldigitaldeasturias.com\/noticias\/pau-gasol-de-baja-una-semana-pretendido-por-los-suns-de-phoenix\/#breadcrumblist","itemListElement":[{"@type":"ListItem","@id":"https:\/\/www.eldigitaldeasturias.com\/noticias#listItem","position":1,"name":"Home","item":"https:\/\/www.eldigitaldeasturias.com\/noticias","nextItem":{"@type":"ListItem","@id":"https:\/\/www.eldigitaldeasturias.com\/noticias\/category\/actualidad\/#listItem","name":"Actualidad"}},{"@type":"ListItem","@id":"https:\/\/www.eldigitaldeasturias.com\/noticias\/category\/actualidad\/#listItem","position":2,"name":"Actualidad","item":"https:\/\/www.eldigitaldeasturias.com\/noticias\/category\/actualidad\/","nextItem":{"@type":"ListItem","@id":"https:\/\/www.eldigitaldeasturias.com\/noticias\/pau-gasol-de-baja-una-semana-pretendido-por-los-suns-de-phoenix\/#listItem","name":"Pau Gasol, de baja una semana, pretendido por los Suns de Phoenix"},"previousItem":{"@type":"ListItem","@id":"https:\/\/www.eldigitaldeasturias.com\/noticias#listItem","name":"Home"}},{"@type":"ListItem","@id":"https:\/\/www.eldigitaldeasturias.com\/noticias\/pau-gasol-de-baja-una-semana-pretendido-por-los-suns-de-phoenix\/#listItem","position":3,"name":"Pau Gasol, de baja una semana, pretendido por los Suns de Phoenix","previousItem":{"@type":"ListItem","@id":"https:\/\/www.eldigitaldeasturias.com\/noticias\/category\/actualidad\/#listItem","name":"Actualidad"}}]},{"@type":"Organization","@id":"https:\/\/www.eldigitaldeasturias.com\/noticias\/#organization","name":"El Digital de Asturias","description":"Hemeroteca","url":"https:\/\/www.eldigitaldeasturias.com\/noticias\/","email":"info@eldigitaldeasturias.com","telephone":"+34652131393","logo":{"@type":"ImageObject","url":"https:\/\/www.eldigitaldeasturias.com\/noticias\/wp-content\/uploads\/2020\/12\/EDA.jpg","@id":"https:\/\/www.eldigitaldeasturias.com\/noticias\/pau-gasol-de-baja-una-semana-pretendido-por-los-suns-de-phoenix\/#organizationLogo"},"image":{"@id":"https:\/\/www.eldigitaldeasturias.com\/noticias\/pau-gasol-de-baja-una-semana-pretendido-por-los-suns-de-phoenix\/#organizationLogo"},"sameAs":["https:\/\/facebook.com\/eldigitaldeasturias","https:\/\/www.youtube.com\/channel\/UCZP-2wLEB9Rv6erhFmqVnvg"],"address":{"@id":"https:\/\/www.eldigitaldeasturias.com\/noticias\/#postaladdress","@type":"PostalAddress","streetAddress":"san antonio 4","postalCode":"33430","addressLocality":"Cand\u00e1s","addressRegion":"Asturias","addressCountry":"ES"}},{"@type":"Person","@id":"https:\/\/www.eldigitaldeasturias.com\/noticias\/author\/admin\/#author","url":"https:\/\/www.eldigitaldeasturias.com\/noticias\/author\/admin\/","name":"El Digital de Asturias","image":{"@type":"ImageObject","@id":"https:\/\/www.eldigitaldeasturias.com\/noticias\/pau-gasol-de-baja-una-semana-pretendido-por-los-suns-de-phoenix\/#authorImage","url":"https:\/\/secure.gravatar.com\/avatar\/df2aeffc32bcd13f8d26072ef8a91b623d677766deac7f97ca815868cd41bf5e?s=96&d=mm&r=g","width":96,"height":96,"caption":"El Digital de Asturias"}},{"@type":"WebPage","@id":"https:\/\/www.eldigitaldeasturias.com\/noticias\/pau-gasol-de-baja-una-semana-pretendido-por-los-suns-de-phoenix\/#webpage","url":"https:\/\/www.eldigitaldeasturias.com\/noticias\/pau-gasol-de-baja-una-semana-pretendido-por-los-suns-de-phoenix\/","name":"Pau Gasol, de baja una semana, pretendido por los Suns de Phoenix - El Digital de Asturias","description":"Los \u00c1ngeles (EE.UU.), 3 feb (EFE).- El jugador espa\u00f1ol de Los Angeles Lakers, Pau Gasol, que permanecer\u00e1 al menos una semana de baja por molestias en la ingle, es pretendido por los Suns de Phoenix, seg\u00fan publica hoy la prensa local. Gasol, que se perder\u00e1 los tres partidos que disputa su equipo esta semana frente","inLanguage":"es-ES","isPartOf":{"@id":"https:\/\/www.eldigitaldeasturias.com\/noticias\/#website"},"breadcrumb":{"@id":"https:\/\/www.eldigitaldeasturias.com\/noticias\/pau-gasol-de-baja-una-semana-pretendido-por-los-suns-de-phoenix\/#breadcrumblist"},"author":{"@id":"https:\/\/www.eldigitaldeasturias.com\/noticias\/author\/admin\/#author"},"creator":{"@id":"https:\/\/www.eldigitaldeasturias.com\/noticias\/author\/admin\/#author"},"image":{"@type":"ImageObject","url":483115,"@id":"https:\/\/www.eldigitaldeasturias.com\/noticias\/pau-gasol-de-baja-una-semana-pretendido-por-los-suns-de-phoenix\/#mainImage"},"primaryImageOfPage":{"@id":"https:\/\/www.eldigitaldeasturias.com\/noticias\/pau-gasol-de-baja-una-semana-pretendido-por-los-suns-de-phoenix\/#mainImage"},"datePublished":"2014-02-04T00:31:57+01:00","dateModified":"2014-02-04T00:31:57+01:00"},{"@type":"WebSite","@id":"https:\/\/www.eldigitaldeasturias.com\/noticias\/#website","url":"https:\/\/www.eldigitaldeasturias.com\/noticias\/","name":"El Digital de Asturias - Diario de actualidad y noticias","alternateName":"El Digital de Asturias - Diario de actualidad y noticias","description":"Hemeroteca","inLanguage":"es-ES","publisher":{"@id":"https:\/\/www.eldigitaldeasturias.com\/noticias\/#organization"}}]},"og:locale":"es_ES","og:site_name":"El Digital de Asturias","og:type":"article","og:title":"Pau Gasol, de baja una semana, pretendido por los Suns de Phoenix - El Digital de Asturias","og:description":"Los \u00c1ngeles (EE.UU.), 3 feb (EFE).- El jugador espa\u00f1ol de Los Angeles Lakers, Pau Gasol, que permanecer\u00e1 al menos una semana de baja por molestias en la ingle, es pretendido por los Suns de Phoenix, seg\u00fan publica hoy la prensa local. Gasol, que se perder\u00e1 los tres partidos que disputa su equipo esta semana frente","og:url":"https:\/\/www.eldigitaldeasturias.com\/noticias\/pau-gasol-de-baja-una-semana-pretendido-por-los-suns-de-phoenix\/","article:tag":["actualidad"],"article:published_time":"2014-02-04T01:31:57+00:00","article:modified_time":"2014-02-04T01:31:57+00:00","article:publisher":"https:\/\/facebook.com\/eldigitaldeasturias","twitter:card":"summary_large_image","twitter:title":"Pau Gasol, de baja una semana, pretendido por los Suns de Phoenix - El Digital de Asturias","twitter:description":"Los \u00c1ngeles (EE.UU.), 3 feb (EFE).- El jugador espa\u00f1ol de Los Angeles Lakers, Pau Gasol, que permanecer\u00e1 al menos una semana de baja por molestias en la ingle, es pretendido por los Suns de Phoenix, seg\u00fan publica hoy la prensa local. Gasol, que se perder\u00e1 los tres partidos que disputa su equipo esta semana frente","twitter:label1":"Escrito por","twitter:data1":"El Digital de Asturias","twitter:label2":"Tiempo de lectura estimado","twitter:data2":"2 minutos"},"aioseo_meta_data":{"post_id":"483114","title":null,"description":null,"keywords":null,"keyphrases":null,"primary_term":null,"canonical_url":null,"og_title":null,"og_description":null,"og_object_type":"default","og_image_type":"default","og_image_url":null,"og_image_width":null,"og_image_height":null,"og_image_custom_url":null,"og_image_custom_fields":null,"og_video":null,"og_custom_url":null,"og_article_section":null,"og_article_tags":null,"twitter_use_og":true,"twitter_card":"default","twitter_image_type":"default","twitter_image_url":null,"twitter_image_custom_url":null,"twitter_image_custom_fields":null,"twitter_title":null,"twitter_description":null,"schema":{"blockGraphs":[],"customGraphs":[],"default":{"data":{"Article":[],"Course":[],"Dataset":[],"FAQPage":[],"Movie":[],"Person":[],"Product":[],"ProductReview":[],"Car":[],"Recipe":[],"Service":[],"SoftwareApplication":[],"WebPage":[]},"graphName":"","isEnabled":true},"graphs":[],"defaultGraph":"","defaultPostTypeGraph":""},"schema_type":null,"schema_type_options":null,"pillar_content":false,"robots_default":true,"robots_noindex":false,"robots_noarchive":false,"robots_nosnippet":false,"robots_nofollow":false,"robots_noimageindex":false,"robots_noodp":false,"robots_notranslate":false,"robots_max_snippet":null,"robots_max_videopreview":null,"robots_max_imagepreview":"none","priority":null,"frequency":null,"local_seo":null,"seo_analyzer_scan_date":"2026-06-02 11:50:55","breadcrumb_settings":null,"limit_modified_date":false,"open_ai":null,"ai":null,"created":"2020-11-14 22:54:43","updated":"2026-06-02 11:50:55","focus_keyword":null,"additional_keywords":null,"truseo_locale":null},"aioseo_breadcrumb":"<div class=\"aioseo-breadcrumbs\"><span class=\"aioseo-breadcrumb\">\n\t<a href=\"https:\/\/www.eldigitaldeasturias.com\/noticias\" title=\"Home\">Home<\/a>\n<\/span><span class=\"aioseo-breadcrumb-separator\">\u2013<\/span><span class=\"aioseo-breadcrumb\">\n\t<a href=\"https:\/\/www.eldigitaldeasturias.com\/noticias\/category\/actualidad\/\" title=\"Actualidad\">Actualidad<\/a>\n<\/span><span class=\"aioseo-breadcrumb-separator\">\u2013<\/span><span class=\"aioseo-breadcrumb\">\n\t<a href=\"https:\/\/www.eldigitaldeasturias.com\/noticias\/pau-gasol-de-baja-una-semana-pretendido-por-los-suns-de-phoenix\/\" title=\"Pau Gasol, de baja una semana, pretendido por los Suns de Phoenix\">Pau Gasol, de baja una semana, pretendido por los Suns de Phoenix<\/a>\n<\/span><\/div>","aioseo_breadcrumb_json":[{"label":"Home","link":"https:\/\/www.eldigitaldeasturias.com\/noticias"},{"label":"Actualidad","link":"https:\/\/www.eldigitaldeasturias.com\/noticias\/category\/actualidad\/"},{"label":"Pau Gasol, de baja una semana, pretendido por los Suns de Phoenix","link":"https:\/\/www.eldigitaldeasturias.com\/noticias\/pau-gasol-de-baja-una-semana-pretendido-por-los-suns-de-phoenix\/"}],"_links":{"self":[{"href":"https:\/\/www.eldigitaldeasturias.com\/noticias\/wp-json\/wp\/v2\/posts\/483114","targetHints":{"allow":["GET"]}}],"collection":[{"href":"https:\/\/www.eldigitaldeasturias.com\/noticias\/wp-json\/wp\/v2\/posts"}],"about":[{"href":"https:\/\/www.eldigitaldeasturias.com\/noticias\/wp-json\/wp\/v2\/types\/post"}],"author":[{"embeddable":true,"href":"https:\/\/www.eldigitaldeasturias.com\/noticias\/wp-json\/wp\/v2\/users\/1"}],"replies":[{"embeddable":true,"href":"https:\/\/www.eldigitaldeasturias.com\/noticias\/wp-json\/wp\/v2\/comments?post=483114"}],"version-history":[{"count":0,"href":"https:\/\/www.eldigitaldeasturias.com\/noticias\/wp-json\/wp\/v2\/posts\/483114\/revisions"}],"wp:attachment":[{"href":"https:\/\/www.eldigitaldeasturias.com\/noticias\/wp-json\/wp\/v2\/media?parent=483114"}],"wp:term":[{"taxonomy":"category","embeddable":true,"href":"https:\/\/www.eldigitaldeasturias.com\/noticias\/wp-json\/wp\/v2\/categories?post=483114"},{"taxonomy":"post_tag","embeddable":true,"href":"https:\/\/www.eldigitaldeasturias.com\/noticias\/wp-json\/wp\/v2\/tags?post=483114"}],"curies":[{"name":"wp","href":"https:\/\/api.w.org\/{rel}","templated":true}]}}