{"id":483111,"date":"2014-02-04T00:26:09","date_gmt":"2014-02-04T01:26:09","guid":{"rendered":"http:\/\/www.eldigitaldeasturias.com\/noticias\/?p=483111"},"modified":"2014-02-04T00:26:09","modified_gmt":"2014-02-04T01:26:09","slug":"el-gobierno-frances-retira-la-ley-con-la-fecundacion-asistida-para-lesbianas","status":"publish","type":"post","link":"https:\/\/www.eldigitaldeasturias.com\/noticias\/el-gobierno-frances-retira-la-ley-con-la-fecundacion-asistida-para-lesbianas\/","title":{"rendered":"El Gobierno franc\u00e9s retira la ley con la fecundaci\u00f3n asistida para lesbianas"},"content":{"rendered":"<p><img loading=\"lazy\" decoding=\"async\" class=\"alignleft size-medium wp-image-483112\" alt=\"5904179w\" src=\"https:\/\/www.eldigitaldeasturias.com\/noticias\/wp-content\/uploads\/2014\/02\/5904179w-360x240.jpg\" width=\"360\" height=\"240\" \/>Par\u00eds, 3 feb (EFE).- El Gobierno socialista franc\u00e9s retir\u00f3 hoy de su programa la ley sobre la familia que inclu\u00eda la legalizaci\u00f3n de la fecundaci\u00f3n asistida para lesbianas, una decisi\u00f3n recibida como \u00abuna victoria\u00bb por las organizaciones conservadoras del pa\u00eds que convocaron manifestaciones en su contra.<\/p>\n<p>El Ejecutivo anunci\u00f3 esa decisi\u00f3n un d\u00eda despu\u00e9s de que diversas organizaciones conservadoras celebraran en Par\u00eds y en Lyon dos grandes manifestaciones, que reunieron a 120.000 personas, seg\u00fan cifras de la Polic\u00eda.<\/p>\n<p>Los organizadores de esas concentraciones cantaron \u00abvictoria\u00bb ante la decisi\u00f3n del Ejecutivo de retirar el proyecto, mientras que las asociaciones de homosexuales se declararon \u00abdecepcionadas\u00bb y \u00abtraicionadas\u00bb.<\/p>\n<p>La fecundaci\u00f3n artificial para lesbianas figuraba inicialmente en el proyecto de la ley de matrimonios homosexuales.<\/p>\n<p>Pero, ante la controversia que gener\u00f3, el Ejecutivo decidi\u00f3 retirarla con el compromiso de presentarla en otra ley, m\u00e1s amplia, sobre la familia, que ten\u00eda previsto impulsar este a\u00f1o.<\/p>\n<p>El texto iba a reformar el derecho de adopci\u00f3n de forma general, as\u00ed como el de fecundaci\u00f3n artificial para parejas heterosexuales y lesbianas.<\/p>\n<p>Ese derecho para parejas del mismo sexo fue uno de los puntos que moviliz\u00f3 a m\u00e1s ciudadanos en las manifestaciones de ayer.<\/p>\n<p>A primera hora de hoy, en declaraciones a la emisora de radio \u00abRTL\u00bb, el ministro del Interior, Manuel Valls, adelantaba que la ley sobre la familia no incluir\u00eda la legalizaci\u00f3n de la fecundaci\u00f3n artificial para lesbianas.<\/p>\n<p>Sus palabras generaron controversia incluso dentro del Partido Socialista, pero recibieron el respaldo del jefe del Gobierno y del aparato del partido.<\/p>\n<p>El jefe del grupo parlamentario socialista, Bruno Le Roux, dej\u00f3 entrever que la decisi\u00f3n no estaba tomada, mientras que el diputado Erwann Binet, relator de la ley que legaliz\u00f3 en mayo pasado los matrimonios entre personas homosexuales, consider\u00f3 que las parejas de lesbianas deb\u00edan tener el mismo derecho que las heterosexuales.<\/p>\n<p>Las declaraciones contradictorias de las filas socialistas se sucedieron a lo largo de la jornada, mientras que sus aliados ecologistas acusaban al Gobierno de \u00abceder\u00bb ante \u00ablos sectores m\u00e1s retr\u00f3grados del pa\u00eds\u00bb, en palabras del diputado verde No\u00ebl Mamere.<\/p>\n<p>Los ecologistas aseguraron que, si no lo hac\u00edan los socialistas, ellos mismos presentar\u00edan enmiendas a la ley para legalizar ese derecho.<\/p>\n<p>Finalmente, el Ejecutivo anunci\u00f3 que retira la ley por este a\u00f1o, oficialmente debido a lo cargada que est\u00e1 ya la agenda parlamentaria de 2014.<\/p>\n<p>Pero, en realidad, diversos medios sugirieron que el Gobierno quiso evitar dar una imagen de divisi\u00f3n en esta cuesti\u00f3n.<\/p>\n<p>Seg\u00fan la televisi\u00f3n \u00abBFMTV\u00bb, fue el presidente, Fran\u00e7ois Hollande, quien intervino para retirar la ley, con el objetivo de centrar la actividad parlamentaria en los temas econ\u00f3micos, para que el pa\u00eds salga de la crisis, y evitar los asuntos sociales que dividen a la ciudadan\u00eda.<\/p>\n<p>Algunos diputados socialistas no ocultaron su decepci\u00f3n, mientras que otros dijeron que un asunto tan sensible como la fecundaci\u00f3n asistida para lesbianas solo puede debatirse en un clima de calma que no existe en la actualidad.<\/p>\n<p>La portavoz de LGTB, la principal asociaci\u00f3n representante de la comunidad homosexual de Francia, Sylvie Fondacci, acus\u00f3 al Ejecutivo de \u00abceder\u00bb a la presi\u00f3n de los \u00absectores conservadores\u00bb, que no dejan de \u00abacosar a los homosexuales\u00bb.<\/p>\n<p>\u00abNo entendemos este cambio de postura que obligar\u00e1 a muchas lesbianas a acudir a otros pa\u00edses, como B\u00e9lgica o Espa\u00f1a, como si fueran clandestinas\u00bb, asegur\u00f3 a la cadena de televisi\u00f3n \u00abBFMTV\u00bb.<\/p>\n<p>Mientras, la oposici\u00f3n conservadora de la UMP acus\u00f3 a los socialistas de estar en \u00abpermanente ambig\u00fcedad\u00bb sobre este asunto, al tiempo que record\u00f3 las numerosas ocasiones en las que el presidente, el primer ministro y el propio Valls se han mostrado favorables a la fecundaci\u00f3n asistida para lesbianas.<\/p>\n","protected":false},"excerpt":{"rendered":"<p>Par\u00eds, 3 feb (EFE).- El Gobierno socialista franc\u00e9s retir\u00f3 hoy de su programa la ley sobre la familia que inclu\u00eda la legalizaci\u00f3n de la fecundaci\u00f3n asistida para lesbianas, una decisi\u00f3n recibida como \u00abuna victoria\u00bb por las organizaciones conservadoras del pa\u00eds que convocaron manifestaciones en su contra. El Ejecutivo anunci\u00f3 esa decisi\u00f3n un d\u00eda despu\u00e9s de [&hellip;]<\/p>\n","protected":false},"author":1,"featured_media":483112,"comment_status":"closed","ping_status":"open","sticky":false,"template":"","format":"standard","meta":{"footnotes":""},"categories":[1],"tags":[],"class_list":["post-483111","post","type-post","status-publish","format-standard","has-post-thumbnail","hentry","category-actualidad"],"aioseo_notices":[],"aioseo_head":"\n\t\t<!-- All in One SEO Pro 5.0.1 - aioseo.com -->\n\t<meta name=\"description\" content=\"Par\u00eds, 3 feb (EFE).- El Gobierno socialista franc\u00e9s retir\u00f3 hoy de su programa la ley sobre la familia que inclu\u00eda la legalizaci\u00f3n de la fecundaci\u00f3n asistida para lesbianas, una decisi\u00f3n recibida como &quot;una victoria&quot; por las organizaciones conservadoras del pa\u00eds que convocaron manifestaciones en su contra. El Ejecutivo anunci\u00f3 esa decisi\u00f3n un d\u00eda despu\u00e9s de\" \/>\n\t<meta name=\"robots\" content=\"max-image-preview:large\" \/>\n\t<meta name=\"author\" content=\"El Digital de Asturias\"\/>\n\t<meta name=\"google-site-verification\" content=\"UA-38556648-1\" \/>\n\t<meta name=\"msvalidate.01\" content=\"7dfe9f3f1b24437ab69f4f2559babe99\" \/>\n\t<meta name=\"keywords\" content=\"actualidad\" \/>\n\t<link rel=\"canonical\" href=\"https:\/\/www.eldigitaldeasturias.com\/noticias\/el-gobierno-frances-retira-la-ley-con-la-fecundacion-asistida-para-lesbianas\/\" \/>\n\t<meta name=\"generator\" content=\"All in One SEO Pro (AIOSEO) 5.0.1\" \/>\n\t\t<meta property=\"og:locale\" content=\"es_ES\" \/>\n\t\t<meta property=\"og:site_name\" content=\"El Digital de Asturias\" \/>\n\t\t<meta property=\"og:type\" content=\"article\" \/>\n\t\t<meta property=\"og:title\" content=\"El Gobierno franc\u00e9s retira la ley con la fecundaci\u00f3n asistida para lesbianas - El Digital de Asturias\" \/>\n\t\t<meta property=\"og:description\" content=\"Par\u00eds, 3 feb (EFE).- El Gobierno socialista franc\u00e9s retir\u00f3 hoy de su programa la ley sobre la familia que inclu\u00eda la legalizaci\u00f3n de la fecundaci\u00f3n asistida para lesbianas, una decisi\u00f3n recibida como &quot;una victoria&quot; por las organizaciones conservadoras del pa\u00eds que convocaron manifestaciones en su contra. El Ejecutivo anunci\u00f3 esa decisi\u00f3n un d\u00eda despu\u00e9s de\" \/>\n\t\t<meta property=\"og:url\" content=\"https:\/\/www.eldigitaldeasturias.com\/noticias\/el-gobierno-frances-retira-la-ley-con-la-fecundacion-asistida-para-lesbianas\/\" \/>\n\t\t<meta property=\"article:tag\" content=\"actualidad\" \/>\n\t\t<meta property=\"article:published_time\" content=\"2014-02-04T01:26:09+00:00\" \/>\n\t\t<meta property=\"article:modified_time\" content=\"2014-02-04T01:26:09+00:00\" \/>\n\t\t<meta property=\"article:publisher\" content=\"https:\/\/facebook.com\/eldigitaldeasturias\" \/>\n\t\t<meta name=\"twitter:card\" content=\"summary_large_image\" \/>\n\t\t<meta name=\"twitter:title\" content=\"El Gobierno franc\u00e9s retira la ley con la fecundaci\u00f3n asistida para lesbianas - El Digital de Asturias\" \/>\n\t\t<meta name=\"twitter:description\" content=\"Par\u00eds, 3 feb (EFE).- El Gobierno socialista franc\u00e9s retir\u00f3 hoy de su programa la ley sobre la familia que inclu\u00eda la legalizaci\u00f3n de la fecundaci\u00f3n asistida para lesbianas, una decisi\u00f3n recibida como &quot;una victoria&quot; por las organizaciones conservadoras del pa\u00eds que convocaron manifestaciones en su contra. El Ejecutivo anunci\u00f3 esa decisi\u00f3n un d\u00eda despu\u00e9s de\" \/>\n\t\t<meta name=\"twitter:label1\" content=\"Escrito por\" \/>\n\t\t<meta name=\"twitter:data1\" content=\"El Digital de Asturias\" \/>\n\t\t<meta name=\"twitter:label2\" content=\"Tiempo de lectura estimado\" \/>\n\t\t<meta name=\"twitter:data2\" content=\"3 minutos\" \/>\n\t\t<script type=\"application\/ld+json\" class=\"aioseo-schema\">\n\t\t\t{\"@context\":\"https:\\\/\\\/schema.org\",\"@graph\":[{\"@type\":\"BlogPosting\",\"@id\":\"https:\\\/\\\/www.eldigitaldeasturias.com\\\/noticias\\\/el-gobierno-frances-retira-la-ley-con-la-fecundacion-asistida-para-lesbianas\\\/#blogposting\",\"name\":\"El Gobierno franc\\u00e9s retira la ley con la fecundaci\\u00f3n asistida para lesbianas - El Digital de Asturias\",\"headline\":\"El Gobierno franc\\u00e9s retira la ley con la fecundaci\\u00f3n asistida para lesbianas\",\"author\":{\"@id\":\"https:\\\/\\\/www.eldigitaldeasturias.com\\\/noticias\\\/author\\\/admin\\\/#author\"},\"publisher\":{\"@id\":\"https:\\\/\\\/www.eldigitaldeasturias.com\\\/noticias\\\/#organization\"},\"image\":{\"@type\":\"ImageObject\",\"url\":483112},\"datePublished\":\"2014-02-04T00:26:09+01:00\",\"dateModified\":\"2014-02-04T00:26:09+01:00\",\"inLanguage\":\"es-ES\",\"mainEntityOfPage\":{\"@id\":\"https:\\\/\\\/www.eldigitaldeasturias.com\\\/noticias\\\/el-gobierno-frances-retira-la-ley-con-la-fecundacion-asistida-para-lesbianas\\\/#webpage\"},\"isPartOf\":{\"@id\":\"https:\\\/\\\/www.eldigitaldeasturias.com\\\/noticias\\\/el-gobierno-frances-retira-la-ley-con-la-fecundacion-asistida-para-lesbianas\\\/#webpage\"},\"articleSection\":\"Actualidad\"},{\"@type\":\"BreadcrumbList\",\"@id\":\"https:\\\/\\\/www.eldigitaldeasturias.com\\\/noticias\\\/el-gobierno-frances-retira-la-ley-con-la-fecundacion-asistida-para-lesbianas\\\/#breadcrumblist\",\"itemListElement\":[{\"@type\":\"ListItem\",\"@id\":\"https:\\\/\\\/www.eldigitaldeasturias.com\\\/noticias#listItem\",\"position\":1,\"name\":\"Home\",\"item\":\"https:\\\/\\\/www.eldigitaldeasturias.com\\\/noticias\",\"nextItem\":{\"@type\":\"ListItem\",\"@id\":\"https:\\\/\\\/www.eldigitaldeasturias.com\\\/noticias\\\/category\\\/actualidad\\\/#listItem\",\"name\":\"Actualidad\"}},{\"@type\":\"ListItem\",\"@id\":\"https:\\\/\\\/www.eldigitaldeasturias.com\\\/noticias\\\/category\\\/actualidad\\\/#listItem\",\"position\":2,\"name\":\"Actualidad\",\"item\":\"https:\\\/\\\/www.eldigitaldeasturias.com\\\/noticias\\\/category\\\/actualidad\\\/\",\"nextItem\":{\"@type\":\"ListItem\",\"@id\":\"https:\\\/\\\/www.eldigitaldeasturias.com\\\/noticias\\\/el-gobierno-frances-retira-la-ley-con-la-fecundacion-asistida-para-lesbianas\\\/#listItem\",\"name\":\"El Gobierno franc\\u00e9s retira la ley con la fecundaci\\u00f3n asistida para lesbianas\"},\"previousItem\":{\"@type\":\"ListItem\",\"@id\":\"https:\\\/\\\/www.eldigitaldeasturias.com\\\/noticias#listItem\",\"name\":\"Home\"}},{\"@type\":\"ListItem\",\"@id\":\"https:\\\/\\\/www.eldigitaldeasturias.com\\\/noticias\\\/el-gobierno-frances-retira-la-ley-con-la-fecundacion-asistida-para-lesbianas\\\/#listItem\",\"position\":3,\"name\":\"El Gobierno franc\\u00e9s retira la ley con la fecundaci\\u00f3n asistida para lesbianas\",\"previousItem\":{\"@type\":\"ListItem\",\"@id\":\"https:\\\/\\\/www.eldigitaldeasturias.com\\\/noticias\\\/category\\\/actualidad\\\/#listItem\",\"name\":\"Actualidad\"}}]},{\"@type\":\"Organization\",\"@id\":\"https:\\\/\\\/www.eldigitaldeasturias.com\\\/noticias\\\/#organization\",\"name\":\"El Digital de Asturias\",\"description\":\"Hemeroteca\",\"url\":\"https:\\\/\\\/www.eldigitaldeasturias.com\\\/noticias\\\/\",\"email\":\"info@eldigitaldeasturias.com\",\"telephone\":\"+34652131393\",\"logo\":{\"@type\":\"ImageObject\",\"url\":\"https:\\\/\\\/www.eldigitaldeasturias.com\\\/noticias\\\/wp-content\\\/uploads\\\/2020\\\/12\\\/EDA.jpg\",\"@id\":\"https:\\\/\\\/www.eldigitaldeasturias.com\\\/noticias\\\/el-gobierno-frances-retira-la-ley-con-la-fecundacion-asistida-para-lesbianas\\\/#organizationLogo\"},\"image\":{\"@id\":\"https:\\\/\\\/www.eldigitaldeasturias.com\\\/noticias\\\/el-gobierno-frances-retira-la-ley-con-la-fecundacion-asistida-para-lesbianas\\\/#organizationLogo\"},\"sameAs\":[\"https:\\\/\\\/facebook.com\\\/eldigitaldeasturias\",\"https:\\\/\\\/www.youtube.com\\\/channel\\\/UCZP-2wLEB9Rv6erhFmqVnvg\"],\"address\":{\"@id\":\"https:\\\/\\\/www.eldigitaldeasturias.com\\\/noticias\\\/#postaladdress\",\"@type\":\"PostalAddress\",\"streetAddress\":\"san antonio 4\",\"postalCode\":\"33430\",\"addressLocality\":\"Cand\\u00e1s\",\"addressRegion\":\"Asturias\",\"addressCountry\":\"ES\"}},{\"@type\":\"Person\",\"@id\":\"https:\\\/\\\/www.eldigitaldeasturias.com\\\/noticias\\\/author\\\/admin\\\/#author\",\"url\":\"https:\\\/\\\/www.eldigitaldeasturias.com\\\/noticias\\\/author\\\/admin\\\/\",\"name\":\"El Digital de Asturias\",\"image\":{\"@type\":\"ImageObject\",\"@id\":\"https:\\\/\\\/www.eldigitaldeasturias.com\\\/noticias\\\/el-gobierno-frances-retira-la-ley-con-la-fecundacion-asistida-para-lesbianas\\\/#authorImage\",\"url\":\"https:\\\/\\\/secure.gravatar.com\\\/avatar\\\/df2aeffc32bcd13f8d26072ef8a91b623d677766deac7f97ca815868cd41bf5e?s=96&d=mm&r=g\",\"width\":96,\"height\":96,\"caption\":\"El Digital de Asturias\"}},{\"@type\":\"WebPage\",\"@id\":\"https:\\\/\\\/www.eldigitaldeasturias.com\\\/noticias\\\/el-gobierno-frances-retira-la-ley-con-la-fecundacion-asistida-para-lesbianas\\\/#webpage\",\"url\":\"https:\\\/\\\/www.eldigitaldeasturias.com\\\/noticias\\\/el-gobierno-frances-retira-la-ley-con-la-fecundacion-asistida-para-lesbianas\\\/\",\"name\":\"El Gobierno franc\\u00e9s retira la ley con la fecundaci\\u00f3n asistida para lesbianas - El Digital de Asturias\",\"description\":\"Par\\u00eds, 3 feb (EFE).- El Gobierno socialista franc\\u00e9s retir\\u00f3 hoy de su programa la ley sobre la familia que inclu\\u00eda la legalizaci\\u00f3n de la fecundaci\\u00f3n asistida para lesbianas, una decisi\\u00f3n recibida como \\\"una victoria\\\" por las organizaciones conservadoras del pa\\u00eds que convocaron manifestaciones en su contra. El Ejecutivo anunci\\u00f3 esa decisi\\u00f3n un d\\u00eda despu\\u00e9s de\",\"inLanguage\":\"es-ES\",\"isPartOf\":{\"@id\":\"https:\\\/\\\/www.eldigitaldeasturias.com\\\/noticias\\\/#website\"},\"breadcrumb\":{\"@id\":\"https:\\\/\\\/www.eldigitaldeasturias.com\\\/noticias\\\/el-gobierno-frances-retira-la-ley-con-la-fecundacion-asistida-para-lesbianas\\\/#breadcrumblist\"},\"author\":{\"@id\":\"https:\\\/\\\/www.eldigitaldeasturias.com\\\/noticias\\\/author\\\/admin\\\/#author\"},\"creator\":{\"@id\":\"https:\\\/\\\/www.eldigitaldeasturias.com\\\/noticias\\\/author\\\/admin\\\/#author\"},\"image\":{\"@type\":\"ImageObject\",\"url\":483112,\"@id\":\"https:\\\/\\\/www.eldigitaldeasturias.com\\\/noticias\\\/el-gobierno-frances-retira-la-ley-con-la-fecundacion-asistida-para-lesbianas\\\/#mainImage\"},\"primaryImageOfPage\":{\"@id\":\"https:\\\/\\\/www.eldigitaldeasturias.com\\\/noticias\\\/el-gobierno-frances-retira-la-ley-con-la-fecundacion-asistida-para-lesbianas\\\/#mainImage\"},\"datePublished\":\"2014-02-04T00:26:09+01:00\",\"dateModified\":\"2014-02-04T00:26:09+01:00\"},{\"@type\":\"WebSite\",\"@id\":\"https:\\\/\\\/www.eldigitaldeasturias.com\\\/noticias\\\/#website\",\"url\":\"https:\\\/\\\/www.eldigitaldeasturias.com\\\/noticias\\\/\",\"name\":\"El Digital de Asturias - Diario de actualidad y noticias\",\"alternateName\":\"El Digital de Asturias - Diario de actualidad y noticias\",\"description\":\"Hemeroteca\",\"inLanguage\":\"es-ES\",\"publisher\":{\"@id\":\"https:\\\/\\\/www.eldigitaldeasturias.com\\\/noticias\\\/#organization\"}}]}\n\t\t<\/script>\n\t\t<!-- All in One SEO Pro -->\r\n\t\t<title>El Gobierno franc\u00e9s retira la ley con la fecundaci\u00f3n asistida para lesbianas - El Digital de Asturias<\/title>\n\n","aioseo_head_json":{"title":"El Gobierno franc\u00e9s retira la ley con la fecundaci\u00f3n asistida para lesbianas - El Digital de Asturias","description":"Par\u00eds, 3 feb (EFE).- El Gobierno socialista franc\u00e9s retir\u00f3 hoy de su programa la ley sobre la familia que inclu\u00eda la legalizaci\u00f3n de la fecundaci\u00f3n asistida para lesbianas, una decisi\u00f3n recibida como \"una victoria\" por las organizaciones conservadoras del pa\u00eds que convocaron manifestaciones en su contra. El Ejecutivo anunci\u00f3 esa decisi\u00f3n un d\u00eda despu\u00e9s de","canonical_url":"https:\/\/www.eldigitaldeasturias.com\/noticias\/el-gobierno-frances-retira-la-ley-con-la-fecundacion-asistida-para-lesbianas\/","robots":"max-image-preview:large","keywords":"actualidad","webmasterTools":{"google-site-verification":"UA-38556648-1","msvalidate.01":"7dfe9f3f1b24437ab69f4f2559babe99","miscellaneous":""},"schema":{"@context":"https:\/\/schema.org","@graph":[{"@type":"BlogPosting","@id":"https:\/\/www.eldigitaldeasturias.com\/noticias\/el-gobierno-frances-retira-la-ley-con-la-fecundacion-asistida-para-lesbianas\/#blogposting","name":"El Gobierno franc\u00e9s retira la ley con la fecundaci\u00f3n asistida para lesbianas - El Digital de Asturias","headline":"El Gobierno franc\u00e9s retira la ley con la fecundaci\u00f3n asistida para lesbianas","author":{"@id":"https:\/\/www.eldigitaldeasturias.com\/noticias\/author\/admin\/#author"},"publisher":{"@id":"https:\/\/www.eldigitaldeasturias.com\/noticias\/#organization"},"image":{"@type":"ImageObject","url":483112},"datePublished":"2014-02-04T00:26:09+01:00","dateModified":"2014-02-04T00:26:09+01:00","inLanguage":"es-ES","mainEntityOfPage":{"@id":"https:\/\/www.eldigitaldeasturias.com\/noticias\/el-gobierno-frances-retira-la-ley-con-la-fecundacion-asistida-para-lesbianas\/#webpage"},"isPartOf":{"@id":"https:\/\/www.eldigitaldeasturias.com\/noticias\/el-gobierno-frances-retira-la-ley-con-la-fecundacion-asistida-para-lesbianas\/#webpage"},"articleSection":"Actualidad"},{"@type":"BreadcrumbList","@id":"https:\/\/www.eldigitaldeasturias.com\/noticias\/el-gobierno-frances-retira-la-ley-con-la-fecundacion-asistida-para-lesbianas\/#breadcrumblist","itemListElement":[{"@type":"ListItem","@id":"https:\/\/www.eldigitaldeasturias.com\/noticias#listItem","position":1,"name":"Home","item":"https:\/\/www.eldigitaldeasturias.com\/noticias","nextItem":{"@type":"ListItem","@id":"https:\/\/www.eldigitaldeasturias.com\/noticias\/category\/actualidad\/#listItem","name":"Actualidad"}},{"@type":"ListItem","@id":"https:\/\/www.eldigitaldeasturias.com\/noticias\/category\/actualidad\/#listItem","position":2,"name":"Actualidad","item":"https:\/\/www.eldigitaldeasturias.com\/noticias\/category\/actualidad\/","nextItem":{"@type":"ListItem","@id":"https:\/\/www.eldigitaldeasturias.com\/noticias\/el-gobierno-frances-retira-la-ley-con-la-fecundacion-asistida-para-lesbianas\/#listItem","name":"El Gobierno franc\u00e9s retira la ley con la fecundaci\u00f3n asistida para lesbianas"},"previousItem":{"@type":"ListItem","@id":"https:\/\/www.eldigitaldeasturias.com\/noticias#listItem","name":"Home"}},{"@type":"ListItem","@id":"https:\/\/www.eldigitaldeasturias.com\/noticias\/el-gobierno-frances-retira-la-ley-con-la-fecundacion-asistida-para-lesbianas\/#listItem","position":3,"name":"El Gobierno franc\u00e9s retira la ley con la fecundaci\u00f3n asistida para lesbianas","previousItem":{"@type":"ListItem","@id":"https:\/\/www.eldigitaldeasturias.com\/noticias\/category\/actualidad\/#listItem","name":"Actualidad"}}]},{"@type":"Organization","@id":"https:\/\/www.eldigitaldeasturias.com\/noticias\/#organization","name":"El Digital de Asturias","description":"Hemeroteca","url":"https:\/\/www.eldigitaldeasturias.com\/noticias\/","email":"info@eldigitaldeasturias.com","telephone":"+34652131393","logo":{"@type":"ImageObject","url":"https:\/\/www.eldigitaldeasturias.com\/noticias\/wp-content\/uploads\/2020\/12\/EDA.jpg","@id":"https:\/\/www.eldigitaldeasturias.com\/noticias\/el-gobierno-frances-retira-la-ley-con-la-fecundacion-asistida-para-lesbianas\/#organizationLogo"},"image":{"@id":"https:\/\/www.eldigitaldeasturias.com\/noticias\/el-gobierno-frances-retira-la-ley-con-la-fecundacion-asistida-para-lesbianas\/#organizationLogo"},"sameAs":["https:\/\/facebook.com\/eldigitaldeasturias","https:\/\/www.youtube.com\/channel\/UCZP-2wLEB9Rv6erhFmqVnvg"],"address":{"@id":"https:\/\/www.eldigitaldeasturias.com\/noticias\/#postaladdress","@type":"PostalAddress","streetAddress":"san antonio 4","postalCode":"33430","addressLocality":"Cand\u00e1s","addressRegion":"Asturias","addressCountry":"ES"}},{"@type":"Person","@id":"https:\/\/www.eldigitaldeasturias.com\/noticias\/author\/admin\/#author","url":"https:\/\/www.eldigitaldeasturias.com\/noticias\/author\/admin\/","name":"El Digital de Asturias","image":{"@type":"ImageObject","@id":"https:\/\/www.eldigitaldeasturias.com\/noticias\/el-gobierno-frances-retira-la-ley-con-la-fecundacion-asistida-para-lesbianas\/#authorImage","url":"https:\/\/secure.gravatar.com\/avatar\/df2aeffc32bcd13f8d26072ef8a91b623d677766deac7f97ca815868cd41bf5e?s=96&d=mm&r=g","width":96,"height":96,"caption":"El Digital de Asturias"}},{"@type":"WebPage","@id":"https:\/\/www.eldigitaldeasturias.com\/noticias\/el-gobierno-frances-retira-la-ley-con-la-fecundacion-asistida-para-lesbianas\/#webpage","url":"https:\/\/www.eldigitaldeasturias.com\/noticias\/el-gobierno-frances-retira-la-ley-con-la-fecundacion-asistida-para-lesbianas\/","name":"El Gobierno franc\u00e9s retira la ley con la fecundaci\u00f3n asistida para lesbianas - El Digital de Asturias","description":"Par\u00eds, 3 feb (EFE).- El Gobierno socialista franc\u00e9s retir\u00f3 hoy de su programa la ley sobre la familia que inclu\u00eda la legalizaci\u00f3n de la fecundaci\u00f3n asistida para lesbianas, una decisi\u00f3n recibida como \"una victoria\" por las organizaciones conservadoras del pa\u00eds que convocaron manifestaciones en su contra. El Ejecutivo anunci\u00f3 esa decisi\u00f3n un d\u00eda despu\u00e9s de","inLanguage":"es-ES","isPartOf":{"@id":"https:\/\/www.eldigitaldeasturias.com\/noticias\/#website"},"breadcrumb":{"@id":"https:\/\/www.eldigitaldeasturias.com\/noticias\/el-gobierno-frances-retira-la-ley-con-la-fecundacion-asistida-para-lesbianas\/#breadcrumblist"},"author":{"@id":"https:\/\/www.eldigitaldeasturias.com\/noticias\/author\/admin\/#author"},"creator":{"@id":"https:\/\/www.eldigitaldeasturias.com\/noticias\/author\/admin\/#author"},"image":{"@type":"ImageObject","url":483112,"@id":"https:\/\/www.eldigitaldeasturias.com\/noticias\/el-gobierno-frances-retira-la-ley-con-la-fecundacion-asistida-para-lesbianas\/#mainImage"},"primaryImageOfPage":{"@id":"https:\/\/www.eldigitaldeasturias.com\/noticias\/el-gobierno-frances-retira-la-ley-con-la-fecundacion-asistida-para-lesbianas\/#mainImage"},"datePublished":"2014-02-04T00:26:09+01:00","dateModified":"2014-02-04T00:26:09+01:00"},{"@type":"WebSite","@id":"https:\/\/www.eldigitaldeasturias.com\/noticias\/#website","url":"https:\/\/www.eldigitaldeasturias.com\/noticias\/","name":"El Digital de Asturias - Diario de actualidad y noticias","alternateName":"El Digital de Asturias - Diario de actualidad y noticias","description":"Hemeroteca","inLanguage":"es-ES","publisher":{"@id":"https:\/\/www.eldigitaldeasturias.com\/noticias\/#organization"}}]},"og:locale":"es_ES","og:site_name":"El Digital de Asturias","og:type":"article","og:title":"El Gobierno franc\u00e9s retira la ley con la fecundaci\u00f3n asistida para lesbianas - El Digital de Asturias","og:description":"Par\u00eds, 3 feb (EFE).- El Gobierno socialista franc\u00e9s retir\u00f3 hoy de su programa la ley sobre la familia que inclu\u00eda la legalizaci\u00f3n de la fecundaci\u00f3n asistida para lesbianas, una decisi\u00f3n recibida como &quot;una victoria&quot; por las organizaciones conservadoras del pa\u00eds que convocaron manifestaciones en su contra. El Ejecutivo anunci\u00f3 esa decisi\u00f3n un d\u00eda despu\u00e9s de","og:url":"https:\/\/www.eldigitaldeasturias.com\/noticias\/el-gobierno-frances-retira-la-ley-con-la-fecundacion-asistida-para-lesbianas\/","article:tag":["actualidad"],"article:published_time":"2014-02-04T01:26:09+00:00","article:modified_time":"2014-02-04T01:26:09+00:00","article:publisher":"https:\/\/facebook.com\/eldigitaldeasturias","twitter:card":"summary_large_image","twitter:title":"El Gobierno franc\u00e9s retira la ley con la fecundaci\u00f3n asistida para lesbianas - El Digital de Asturias","twitter:description":"Par\u00eds, 3 feb (EFE).- El Gobierno socialista franc\u00e9s retir\u00f3 hoy de su programa la ley sobre la familia que inclu\u00eda la legalizaci\u00f3n de la fecundaci\u00f3n asistida para lesbianas, una decisi\u00f3n recibida como &quot;una victoria&quot; por las organizaciones conservadoras del pa\u00eds que convocaron manifestaciones en su contra. El Ejecutivo anunci\u00f3 esa decisi\u00f3n un d\u00eda despu\u00e9s de","twitter:label1":"Escrito por","twitter:data1":"El Digital de Asturias","twitter:label2":"Tiempo de lectura estimado","twitter:data2":"3 minutos"},"aioseo_meta_data":{"post_id":"483111","title":null,"description":null,"keywords":null,"keyphrases":null,"primary_term":null,"canonical_url":null,"og_title":null,"og_description":null,"og_object_type":"default","og_image_type":"default","og_image_url":null,"og_image_width":null,"og_image_height":null,"og_image_custom_url":null,"og_image_custom_fields":null,"og_video":null,"og_custom_url":null,"og_article_section":null,"og_article_tags":null,"twitter_use_og":true,"twitter_card":"default","twitter_image_type":"default","twitter_image_url":null,"twitter_image_custom_url":null,"twitter_image_custom_fields":null,"twitter_title":null,"twitter_description":null,"schema":{"blockGraphs":[],"customGraphs":[],"default":{"data":{"Article":[],"Course":[],"Dataset":[],"FAQPage":[],"Movie":[],"Person":[],"Product":[],"ProductReview":[],"Car":[],"Recipe":[],"Service":[],"SoftwareApplication":[],"WebPage":[]},"graphName":"","isEnabled":true},"graphs":[],"defaultGraph":"","defaultPostTypeGraph":""},"schema_type":null,"schema_type_options":null,"pillar_content":false,"robots_default":true,"robots_noindex":false,"robots_noarchive":false,"robots_nosnippet":false,"robots_nofollow":false,"robots_noimageindex":false,"robots_noodp":false,"robots_notranslate":false,"robots_max_snippet":null,"robots_max_videopreview":null,"robots_max_imagepreview":"none","priority":null,"frequency":null,"local_seo":null,"seo_analyzer_scan_date":"2026-06-02 11:50:54","breadcrumb_settings":null,"limit_modified_date":false,"open_ai":null,"ai":null,"created":"2020-11-14 22:54:43","updated":"2026-06-02 11:50:54","focus_keyword":null,"additional_keywords":null,"truseo_locale":null},"aioseo_breadcrumb":"<div class=\"aioseo-breadcrumbs\"><span class=\"aioseo-breadcrumb\">\n\t<a href=\"https:\/\/www.eldigitaldeasturias.com\/noticias\" title=\"Home\">Home<\/a>\n<\/span><span class=\"aioseo-breadcrumb-separator\">\u2013<\/span><span class=\"aioseo-breadcrumb\">\n\t<a href=\"https:\/\/www.eldigitaldeasturias.com\/noticias\/category\/actualidad\/\" title=\"Actualidad\">Actualidad<\/a>\n<\/span><span class=\"aioseo-breadcrumb-separator\">\u2013<\/span><span class=\"aioseo-breadcrumb\">\n\t<a href=\"https:\/\/www.eldigitaldeasturias.com\/noticias\/el-gobierno-frances-retira-la-ley-con-la-fecundacion-asistida-para-lesbianas\/\" title=\"El Gobierno franc\u00e9s retira la ley con la fecundaci\u00f3n asistida para lesbianas\">El Gobierno franc\u00e9s retira la ley con la fecundaci\u00f3n asistida para lesbianas<\/a>\n<\/span><\/div>","aioseo_breadcrumb_json":[{"label":"Home","link":"https:\/\/www.eldigitaldeasturias.com\/noticias"},{"label":"Actualidad","link":"https:\/\/www.eldigitaldeasturias.com\/noticias\/category\/actualidad\/"},{"label":"El Gobierno franc\u00e9s retira la ley con la fecundaci\u00f3n asistida para lesbianas","link":"https:\/\/www.eldigitaldeasturias.com\/noticias\/el-gobierno-frances-retira-la-ley-con-la-fecundacion-asistida-para-lesbianas\/"}],"_links":{"self":[{"href":"https:\/\/www.eldigitaldeasturias.com\/noticias\/wp-json\/wp\/v2\/posts\/483111","targetHints":{"allow":["GET"]}}],"collection":[{"href":"https:\/\/www.eldigitaldeasturias.com\/noticias\/wp-json\/wp\/v2\/posts"}],"about":[{"href":"https:\/\/www.eldigitaldeasturias.com\/noticias\/wp-json\/wp\/v2\/types\/post"}],"author":[{"embeddable":true,"href":"https:\/\/www.eldigitaldeasturias.com\/noticias\/wp-json\/wp\/v2\/users\/1"}],"replies":[{"embeddable":true,"href":"https:\/\/www.eldigitaldeasturias.com\/noticias\/wp-json\/wp\/v2\/comments?post=483111"}],"version-history":[{"count":0,"href":"https:\/\/www.eldigitaldeasturias.com\/noticias\/wp-json\/wp\/v2\/posts\/483111\/revisions"}],"wp:attachment":[{"href":"https:\/\/www.eldigitaldeasturias.com\/noticias\/wp-json\/wp\/v2\/media?parent=483111"}],"wp:term":[{"taxonomy":"category","embeddable":true,"href":"https:\/\/www.eldigitaldeasturias.com\/noticias\/wp-json\/wp\/v2\/categories?post=483111"},{"taxonomy":"post_tag","embeddable":true,"href":"https:\/\/www.eldigitaldeasturias.com\/noticias\/wp-json\/wp\/v2\/tags?post=483111"}],"curies":[{"name":"wp","href":"https:\/\/api.w.org\/{rel}","templated":true}]}}