{"id":483108,"date":"2014-02-04T00:23:55","date_gmt":"2014-02-04T01:23:55","guid":{"rendered":"http:\/\/www.eldigitaldeasturias.com\/noticias\/?p=483108"},"modified":"2014-02-04T00:23:55","modified_gmt":"2014-02-04T01:23:55","slug":"la-aemet-avisa-de-vientos-de-hasta-140-kmh-en-galicia-y-cantabria","status":"publish","type":"post","link":"https:\/\/www.eldigitaldeasturias.com\/noticias\/la-aemet-avisa-de-vientos-de-hasta-140-kmh-en-galicia-y-cantabria\/","title":{"rendered":"La Aemet avisa de vientos de hasta 140 Km\/h en Galicia y Cantabria"},"content":{"rendered":"<p><img loading=\"lazy\" decoding=\"async\" class=\"alignleft size-medium wp-image-483109\" alt=\"5904004w\" src=\"https:\/\/www.eldigitaldeasturias.com\/noticias\/wp-content\/uploads\/2014\/02\/5904004w-360x231.jpg\" width=\"360\" height=\"231\" \/>Madrid, 3 feb (EFE).- El viento soplar\u00e1 del sur y del suroeste con intensidad fuerte o muy fuerte en buena parte de Galicia y el Cant\u00e1brico, con rachas que superar\u00e1n los 100 kil\u00f3metros por hora e incluso, de manera puntual, los 140 kil\u00f3metros por hora en puntos del norte en estas dos comunidades a partir del mediod\u00eda de ma\u00f1ana.<\/p>\n<p>As\u00ed lo ha explicado la Agencia Estatal de Meteorolog\u00eda (Aemet) en una nota, en la que ha alertado de que durante los pr\u00f3ximos d\u00edas el paso de sucesivos frentes asociados a profundas borrascas atl\u00e1nticas situadas al norte de la Pen\u00ednsula, dar\u00e1 lugar a una situaci\u00f3n meteorol\u00f3gica adversa con vientos intensos y fuerte oleaje en las costas del norte peninsular y lluvias abundantes en el noroeste.<\/p>\n<p>Seg\u00fan la Aemet, adem\u00e1s de en Galicia y Cantabria, tambi\u00e9n habr\u00e1 rachas de viento, aunque de menor intensidad, que podr\u00edan alcanzar los 80 kil\u00f3metros por hora, en Castilla y Le\u00f3n.<\/p>\n<p>Estas rachas podr\u00edan extenderse a algunas zonas de la mitad sur peninsular durante el mi\u00e9rcoles.<\/p>\n<p>Las precipitaciones ser\u00e1n de d\u00e9biles a moderadas en la mitad noroeste de la pen\u00ednsula, siendo localmente persistentes en puntos de Galicia, donde pueden acumularse 50 litros por metro cuadrado en 12 horas en la segunda mitad de ma\u00f1ana.<\/p>\n<p>La cota de nieve, subir\u00e1 desde los 700 o 900 metros hasta los 1.200 o 1.500 a lo largo de este martes.<\/p>\n<p>Habr\u00e1 una situaci\u00f3n de temporal mar\u00edtimo que afectar\u00e1 a los litorales de Galicia y del Cant\u00e1brico durante el martes y el mi\u00e9rcoles, con olas de 7 u 8 metros, que pueden llegar a los 9 o 10 metros en el noroeste de Galicia durante el mi\u00e9rcoles.<\/p>\n<p>A partir del jueves y al menos hasta el principio de la pr\u00f3xima semana, es probable que se repita la situaci\u00f3n con el paso sucesivo de borrascas y frentes, que dar\u00e1n lugar a abundantes precipitaciones en la vertiente atl\u00e1ntica, intervalos de vientos fuertes o muy fuertes en \u00e1reas de norte, y mala mar en el Atl\u00e1ntico y Cant\u00e1brico.<\/p>\n<p>Entre frentes sucesivos habr\u00e1 periodos de mejor\u00edas transitorias con disminuci\u00f3n de las precipitaciones y de la intensidad del viento.<\/p>\n<p>La cota de nieve el jueves ser\u00e1 relativamente alta, bajando tras el paso de cada frente hasta los 800 y 1.200 metros y subiendo en su paso hasta alturas superiores a 1.200 y 1.700 metros.<\/p>\n","protected":false},"excerpt":{"rendered":"<p>Madrid, 3 feb (EFE).- El viento soplar\u00e1 del sur y del suroeste con intensidad fuerte o muy fuerte en buena parte de Galicia y el Cant\u00e1brico, con rachas que superar\u00e1n los 100 kil\u00f3metros por hora e incluso, de manera puntual, los 140 kil\u00f3metros por hora en puntos del norte en estas dos comunidades a partir [&hellip;]<\/p>\n","protected":false},"author":1,"featured_media":483109,"comment_status":"closed","ping_status":"open","sticky":false,"template":"","format":"standard","meta":{"footnotes":""},"categories":[1],"tags":[],"class_list":["post-483108","post","type-post","status-publish","format-standard","has-post-thumbnail","hentry","category-actualidad"],"aioseo_notices":[],"aioseo_head":"\n\t\t<!-- All in One SEO Pro 5.0.1 - aioseo.com -->\n\t<meta name=\"description\" content=\"Madrid, 3 feb (EFE).- El viento soplar\u00e1 del sur y del suroeste con intensidad fuerte o muy fuerte en buena parte de Galicia y el Cant\u00e1brico, con rachas que superar\u00e1n los 100 kil\u00f3metros por hora e incluso, de manera puntual, los 140 kil\u00f3metros por hora en puntos del norte en estas dos comunidades a partir\" \/>\n\t<meta name=\"robots\" content=\"max-image-preview:large\" \/>\n\t<meta name=\"author\" content=\"El Digital de Asturias\"\/>\n\t<meta name=\"google-site-verification\" content=\"UA-38556648-1\" \/>\n\t<meta name=\"msvalidate.01\" content=\"7dfe9f3f1b24437ab69f4f2559babe99\" \/>\n\t<meta name=\"keywords\" content=\"actualidad\" \/>\n\t<link rel=\"canonical\" href=\"https:\/\/www.eldigitaldeasturias.com\/noticias\/la-aemet-avisa-de-vientos-de-hasta-140-kmh-en-galicia-y-cantabria\/\" \/>\n\t<meta name=\"generator\" content=\"All in One SEO Pro (AIOSEO) 5.0.1\" \/>\n\t\t<meta property=\"og:locale\" content=\"es_ES\" \/>\n\t\t<meta property=\"og:site_name\" content=\"El Digital de Asturias\" \/>\n\t\t<meta property=\"og:type\" content=\"article\" \/>\n\t\t<meta property=\"og:title\" content=\"La Aemet avisa de vientos de hasta 140 Km\/h en Galicia y Cantabria - El Digital de Asturias\" \/>\n\t\t<meta property=\"og:description\" content=\"Madrid, 3 feb (EFE).- El viento soplar\u00e1 del sur y del suroeste con intensidad fuerte o muy fuerte en buena parte de Galicia y el Cant\u00e1brico, con rachas que superar\u00e1n los 100 kil\u00f3metros por hora e incluso, de manera puntual, los 140 kil\u00f3metros por hora en puntos del norte en estas dos comunidades a partir\" \/>\n\t\t<meta property=\"og:url\" content=\"https:\/\/www.eldigitaldeasturias.com\/noticias\/la-aemet-avisa-de-vientos-de-hasta-140-kmh-en-galicia-y-cantabria\/\" \/>\n\t\t<meta property=\"article:tag\" content=\"actualidad\" \/>\n\t\t<meta property=\"article:published_time\" content=\"2014-02-04T01:23:55+00:00\" \/>\n\t\t<meta property=\"article:modified_time\" content=\"2014-02-04T01:23:55+00:00\" \/>\n\t\t<meta property=\"article:publisher\" content=\"https:\/\/facebook.com\/eldigitaldeasturias\" \/>\n\t\t<meta name=\"twitter:card\" content=\"summary_large_image\" \/>\n\t\t<meta name=\"twitter:title\" content=\"La Aemet avisa de vientos de hasta 140 Km\/h en Galicia y Cantabria - El Digital de Asturias\" \/>\n\t\t<meta name=\"twitter:description\" content=\"Madrid, 3 feb (EFE).- El viento soplar\u00e1 del sur y del suroeste con intensidad fuerte o muy fuerte en buena parte de Galicia y el Cant\u00e1brico, con rachas que superar\u00e1n los 100 kil\u00f3metros por hora e incluso, de manera puntual, los 140 kil\u00f3metros por hora en puntos del norte en estas dos comunidades a partir\" \/>\n\t\t<meta name=\"twitter:label1\" content=\"Escrito por\" \/>\n\t\t<meta name=\"twitter:data1\" content=\"El Digital de Asturias\" \/>\n\t\t<meta name=\"twitter:label2\" content=\"Tiempo de lectura estimado\" \/>\n\t\t<meta name=\"twitter:data2\" content=\"2 minutos\" \/>\n\t\t<script type=\"application\/ld+json\" class=\"aioseo-schema\">\n\t\t\t{\"@context\":\"https:\\\/\\\/schema.org\",\"@graph\":[{\"@type\":\"BlogPosting\",\"@id\":\"https:\\\/\\\/www.eldigitaldeasturias.com\\\/noticias\\\/la-aemet-avisa-de-vientos-de-hasta-140-kmh-en-galicia-y-cantabria\\\/#blogposting\",\"name\":\"La Aemet avisa de vientos de hasta 140 Km\\\/h en Galicia y Cantabria - El Digital de Asturias\",\"headline\":\"La Aemet avisa de vientos de hasta 140 Km\\\/h en Galicia y Cantabria\",\"author\":{\"@id\":\"https:\\\/\\\/www.eldigitaldeasturias.com\\\/noticias\\\/author\\\/admin\\\/#author\"},\"publisher\":{\"@id\":\"https:\\\/\\\/www.eldigitaldeasturias.com\\\/noticias\\\/#organization\"},\"image\":{\"@type\":\"ImageObject\",\"url\":483109},\"datePublished\":\"2014-02-04T00:23:55+01:00\",\"dateModified\":\"2014-02-04T00:23:55+01:00\",\"inLanguage\":\"es-ES\",\"mainEntityOfPage\":{\"@id\":\"https:\\\/\\\/www.eldigitaldeasturias.com\\\/noticias\\\/la-aemet-avisa-de-vientos-de-hasta-140-kmh-en-galicia-y-cantabria\\\/#webpage\"},\"isPartOf\":{\"@id\":\"https:\\\/\\\/www.eldigitaldeasturias.com\\\/noticias\\\/la-aemet-avisa-de-vientos-de-hasta-140-kmh-en-galicia-y-cantabria\\\/#webpage\"},\"articleSection\":\"Actualidad\"},{\"@type\":\"BreadcrumbList\",\"@id\":\"https:\\\/\\\/www.eldigitaldeasturias.com\\\/noticias\\\/la-aemet-avisa-de-vientos-de-hasta-140-kmh-en-galicia-y-cantabria\\\/#breadcrumblist\",\"itemListElement\":[{\"@type\":\"ListItem\",\"@id\":\"https:\\\/\\\/www.eldigitaldeasturias.com\\\/noticias#listItem\",\"position\":1,\"name\":\"Home\",\"item\":\"https:\\\/\\\/www.eldigitaldeasturias.com\\\/noticias\",\"nextItem\":{\"@type\":\"ListItem\",\"@id\":\"https:\\\/\\\/www.eldigitaldeasturias.com\\\/noticias\\\/category\\\/actualidad\\\/#listItem\",\"name\":\"Actualidad\"}},{\"@type\":\"ListItem\",\"@id\":\"https:\\\/\\\/www.eldigitaldeasturias.com\\\/noticias\\\/category\\\/actualidad\\\/#listItem\",\"position\":2,\"name\":\"Actualidad\",\"item\":\"https:\\\/\\\/www.eldigitaldeasturias.com\\\/noticias\\\/category\\\/actualidad\\\/\",\"nextItem\":{\"@type\":\"ListItem\",\"@id\":\"https:\\\/\\\/www.eldigitaldeasturias.com\\\/noticias\\\/la-aemet-avisa-de-vientos-de-hasta-140-kmh-en-galicia-y-cantabria\\\/#listItem\",\"name\":\"La Aemet avisa de vientos de hasta 140 Km\\\/h en Galicia y Cantabria\"},\"previousItem\":{\"@type\":\"ListItem\",\"@id\":\"https:\\\/\\\/www.eldigitaldeasturias.com\\\/noticias#listItem\",\"name\":\"Home\"}},{\"@type\":\"ListItem\",\"@id\":\"https:\\\/\\\/www.eldigitaldeasturias.com\\\/noticias\\\/la-aemet-avisa-de-vientos-de-hasta-140-kmh-en-galicia-y-cantabria\\\/#listItem\",\"position\":3,\"name\":\"La Aemet avisa de vientos de hasta 140 Km\\\/h en Galicia y Cantabria\",\"previousItem\":{\"@type\":\"ListItem\",\"@id\":\"https:\\\/\\\/www.eldigitaldeasturias.com\\\/noticias\\\/category\\\/actualidad\\\/#listItem\",\"name\":\"Actualidad\"}}]},{\"@type\":\"Organization\",\"@id\":\"https:\\\/\\\/www.eldigitaldeasturias.com\\\/noticias\\\/#organization\",\"name\":\"El Digital de Asturias\",\"description\":\"Hemeroteca\",\"url\":\"https:\\\/\\\/www.eldigitaldeasturias.com\\\/noticias\\\/\",\"email\":\"info@eldigitaldeasturias.com\",\"telephone\":\"+34652131393\",\"logo\":{\"@type\":\"ImageObject\",\"url\":\"https:\\\/\\\/www.eldigitaldeasturias.com\\\/noticias\\\/wp-content\\\/uploads\\\/2020\\\/12\\\/EDA.jpg\",\"@id\":\"https:\\\/\\\/www.eldigitaldeasturias.com\\\/noticias\\\/la-aemet-avisa-de-vientos-de-hasta-140-kmh-en-galicia-y-cantabria\\\/#organizationLogo\"},\"image\":{\"@id\":\"https:\\\/\\\/www.eldigitaldeasturias.com\\\/noticias\\\/la-aemet-avisa-de-vientos-de-hasta-140-kmh-en-galicia-y-cantabria\\\/#organizationLogo\"},\"sameAs\":[\"https:\\\/\\\/facebook.com\\\/eldigitaldeasturias\",\"https:\\\/\\\/www.youtube.com\\\/channel\\\/UCZP-2wLEB9Rv6erhFmqVnvg\"],\"address\":{\"@id\":\"https:\\\/\\\/www.eldigitaldeasturias.com\\\/noticias\\\/#postaladdress\",\"@type\":\"PostalAddress\",\"streetAddress\":\"san antonio 4\",\"postalCode\":\"33430\",\"addressLocality\":\"Cand\\u00e1s\",\"addressRegion\":\"Asturias\",\"addressCountry\":\"ES\"}},{\"@type\":\"Person\",\"@id\":\"https:\\\/\\\/www.eldigitaldeasturias.com\\\/noticias\\\/author\\\/admin\\\/#author\",\"url\":\"https:\\\/\\\/www.eldigitaldeasturias.com\\\/noticias\\\/author\\\/admin\\\/\",\"name\":\"El Digital de Asturias\",\"image\":{\"@type\":\"ImageObject\",\"@id\":\"https:\\\/\\\/www.eldigitaldeasturias.com\\\/noticias\\\/la-aemet-avisa-de-vientos-de-hasta-140-kmh-en-galicia-y-cantabria\\\/#authorImage\",\"url\":\"https:\\\/\\\/secure.gravatar.com\\\/avatar\\\/df2aeffc32bcd13f8d26072ef8a91b623d677766deac7f97ca815868cd41bf5e?s=96&d=mm&r=g\",\"width\":96,\"height\":96,\"caption\":\"El Digital de Asturias\"}},{\"@type\":\"WebPage\",\"@id\":\"https:\\\/\\\/www.eldigitaldeasturias.com\\\/noticias\\\/la-aemet-avisa-de-vientos-de-hasta-140-kmh-en-galicia-y-cantabria\\\/#webpage\",\"url\":\"https:\\\/\\\/www.eldigitaldeasturias.com\\\/noticias\\\/la-aemet-avisa-de-vientos-de-hasta-140-kmh-en-galicia-y-cantabria\\\/\",\"name\":\"La Aemet avisa de vientos de hasta 140 Km\\\/h en Galicia y Cantabria - El Digital de Asturias\",\"description\":\"Madrid, 3 feb (EFE).- El viento soplar\\u00e1 del sur y del suroeste con intensidad fuerte o muy fuerte en buena parte de Galicia y el Cant\\u00e1brico, con rachas que superar\\u00e1n los 100 kil\\u00f3metros por hora e incluso, de manera puntual, los 140 kil\\u00f3metros por hora en puntos del norte en estas dos comunidades a partir\",\"inLanguage\":\"es-ES\",\"isPartOf\":{\"@id\":\"https:\\\/\\\/www.eldigitaldeasturias.com\\\/noticias\\\/#website\"},\"breadcrumb\":{\"@id\":\"https:\\\/\\\/www.eldigitaldeasturias.com\\\/noticias\\\/la-aemet-avisa-de-vientos-de-hasta-140-kmh-en-galicia-y-cantabria\\\/#breadcrumblist\"},\"author\":{\"@id\":\"https:\\\/\\\/www.eldigitaldeasturias.com\\\/noticias\\\/author\\\/admin\\\/#author\"},\"creator\":{\"@id\":\"https:\\\/\\\/www.eldigitaldeasturias.com\\\/noticias\\\/author\\\/admin\\\/#author\"},\"image\":{\"@type\":\"ImageObject\",\"url\":483109,\"@id\":\"https:\\\/\\\/www.eldigitaldeasturias.com\\\/noticias\\\/la-aemet-avisa-de-vientos-de-hasta-140-kmh-en-galicia-y-cantabria\\\/#mainImage\"},\"primaryImageOfPage\":{\"@id\":\"https:\\\/\\\/www.eldigitaldeasturias.com\\\/noticias\\\/la-aemet-avisa-de-vientos-de-hasta-140-kmh-en-galicia-y-cantabria\\\/#mainImage\"},\"datePublished\":\"2014-02-04T00:23:55+01:00\",\"dateModified\":\"2014-02-04T00:23:55+01:00\"},{\"@type\":\"WebSite\",\"@id\":\"https:\\\/\\\/www.eldigitaldeasturias.com\\\/noticias\\\/#website\",\"url\":\"https:\\\/\\\/www.eldigitaldeasturias.com\\\/noticias\\\/\",\"name\":\"El Digital de Asturias - Diario de actualidad y noticias\",\"alternateName\":\"El Digital de Asturias - Diario de actualidad y noticias\",\"description\":\"Hemeroteca\",\"inLanguage\":\"es-ES\",\"publisher\":{\"@id\":\"https:\\\/\\\/www.eldigitaldeasturias.com\\\/noticias\\\/#organization\"}}]}\n\t\t<\/script>\n\t\t<!-- All in One SEO Pro -->\r\n\t\t<title>La Aemet avisa de vientos de hasta 140 Km\/h en Galicia y Cantabria - El Digital de Asturias<\/title>\n\n","aioseo_head_json":{"title":"La Aemet avisa de vientos de hasta 140 Km\/h en Galicia y Cantabria - El Digital de Asturias","description":"Madrid, 3 feb (EFE).- El viento soplar\u00e1 del sur y del suroeste con intensidad fuerte o muy fuerte en buena parte de Galicia y el Cant\u00e1brico, con rachas que superar\u00e1n los 100 kil\u00f3metros por hora e incluso, de manera puntual, los 140 kil\u00f3metros por hora en puntos del norte en estas dos comunidades a partir","canonical_url":"https:\/\/www.eldigitaldeasturias.com\/noticias\/la-aemet-avisa-de-vientos-de-hasta-140-kmh-en-galicia-y-cantabria\/","robots":"max-image-preview:large","keywords":"actualidad","webmasterTools":{"google-site-verification":"UA-38556648-1","msvalidate.01":"7dfe9f3f1b24437ab69f4f2559babe99","miscellaneous":""},"schema":{"@context":"https:\/\/schema.org","@graph":[{"@type":"BlogPosting","@id":"https:\/\/www.eldigitaldeasturias.com\/noticias\/la-aemet-avisa-de-vientos-de-hasta-140-kmh-en-galicia-y-cantabria\/#blogposting","name":"La Aemet avisa de vientos de hasta 140 Km\/h en Galicia y Cantabria - El Digital de Asturias","headline":"La Aemet avisa de vientos de hasta 140 Km\/h en Galicia y Cantabria","author":{"@id":"https:\/\/www.eldigitaldeasturias.com\/noticias\/author\/admin\/#author"},"publisher":{"@id":"https:\/\/www.eldigitaldeasturias.com\/noticias\/#organization"},"image":{"@type":"ImageObject","url":483109},"datePublished":"2014-02-04T00:23:55+01:00","dateModified":"2014-02-04T00:23:55+01:00","inLanguage":"es-ES","mainEntityOfPage":{"@id":"https:\/\/www.eldigitaldeasturias.com\/noticias\/la-aemet-avisa-de-vientos-de-hasta-140-kmh-en-galicia-y-cantabria\/#webpage"},"isPartOf":{"@id":"https:\/\/www.eldigitaldeasturias.com\/noticias\/la-aemet-avisa-de-vientos-de-hasta-140-kmh-en-galicia-y-cantabria\/#webpage"},"articleSection":"Actualidad"},{"@type":"BreadcrumbList","@id":"https:\/\/www.eldigitaldeasturias.com\/noticias\/la-aemet-avisa-de-vientos-de-hasta-140-kmh-en-galicia-y-cantabria\/#breadcrumblist","itemListElement":[{"@type":"ListItem","@id":"https:\/\/www.eldigitaldeasturias.com\/noticias#listItem","position":1,"name":"Home","item":"https:\/\/www.eldigitaldeasturias.com\/noticias","nextItem":{"@type":"ListItem","@id":"https:\/\/www.eldigitaldeasturias.com\/noticias\/category\/actualidad\/#listItem","name":"Actualidad"}},{"@type":"ListItem","@id":"https:\/\/www.eldigitaldeasturias.com\/noticias\/category\/actualidad\/#listItem","position":2,"name":"Actualidad","item":"https:\/\/www.eldigitaldeasturias.com\/noticias\/category\/actualidad\/","nextItem":{"@type":"ListItem","@id":"https:\/\/www.eldigitaldeasturias.com\/noticias\/la-aemet-avisa-de-vientos-de-hasta-140-kmh-en-galicia-y-cantabria\/#listItem","name":"La Aemet avisa de vientos de hasta 140 Km\/h en Galicia y Cantabria"},"previousItem":{"@type":"ListItem","@id":"https:\/\/www.eldigitaldeasturias.com\/noticias#listItem","name":"Home"}},{"@type":"ListItem","@id":"https:\/\/www.eldigitaldeasturias.com\/noticias\/la-aemet-avisa-de-vientos-de-hasta-140-kmh-en-galicia-y-cantabria\/#listItem","position":3,"name":"La Aemet avisa de vientos de hasta 140 Km\/h en Galicia y Cantabria","previousItem":{"@type":"ListItem","@id":"https:\/\/www.eldigitaldeasturias.com\/noticias\/category\/actualidad\/#listItem","name":"Actualidad"}}]},{"@type":"Organization","@id":"https:\/\/www.eldigitaldeasturias.com\/noticias\/#organization","name":"El Digital de Asturias","description":"Hemeroteca","url":"https:\/\/www.eldigitaldeasturias.com\/noticias\/","email":"info@eldigitaldeasturias.com","telephone":"+34652131393","logo":{"@type":"ImageObject","url":"https:\/\/www.eldigitaldeasturias.com\/noticias\/wp-content\/uploads\/2020\/12\/EDA.jpg","@id":"https:\/\/www.eldigitaldeasturias.com\/noticias\/la-aemet-avisa-de-vientos-de-hasta-140-kmh-en-galicia-y-cantabria\/#organizationLogo"},"image":{"@id":"https:\/\/www.eldigitaldeasturias.com\/noticias\/la-aemet-avisa-de-vientos-de-hasta-140-kmh-en-galicia-y-cantabria\/#organizationLogo"},"sameAs":["https:\/\/facebook.com\/eldigitaldeasturias","https:\/\/www.youtube.com\/channel\/UCZP-2wLEB9Rv6erhFmqVnvg"],"address":{"@id":"https:\/\/www.eldigitaldeasturias.com\/noticias\/#postaladdress","@type":"PostalAddress","streetAddress":"san antonio 4","postalCode":"33430","addressLocality":"Cand\u00e1s","addressRegion":"Asturias","addressCountry":"ES"}},{"@type":"Person","@id":"https:\/\/www.eldigitaldeasturias.com\/noticias\/author\/admin\/#author","url":"https:\/\/www.eldigitaldeasturias.com\/noticias\/author\/admin\/","name":"El Digital de Asturias","image":{"@type":"ImageObject","@id":"https:\/\/www.eldigitaldeasturias.com\/noticias\/la-aemet-avisa-de-vientos-de-hasta-140-kmh-en-galicia-y-cantabria\/#authorImage","url":"https:\/\/secure.gravatar.com\/avatar\/df2aeffc32bcd13f8d26072ef8a91b623d677766deac7f97ca815868cd41bf5e?s=96&d=mm&r=g","width":96,"height":96,"caption":"El Digital de Asturias"}},{"@type":"WebPage","@id":"https:\/\/www.eldigitaldeasturias.com\/noticias\/la-aemet-avisa-de-vientos-de-hasta-140-kmh-en-galicia-y-cantabria\/#webpage","url":"https:\/\/www.eldigitaldeasturias.com\/noticias\/la-aemet-avisa-de-vientos-de-hasta-140-kmh-en-galicia-y-cantabria\/","name":"La Aemet avisa de vientos de hasta 140 Km\/h en Galicia y Cantabria - El Digital de Asturias","description":"Madrid, 3 feb (EFE).- El viento soplar\u00e1 del sur y del suroeste con intensidad fuerte o muy fuerte en buena parte de Galicia y el Cant\u00e1brico, con rachas que superar\u00e1n los 100 kil\u00f3metros por hora e incluso, de manera puntual, los 140 kil\u00f3metros por hora en puntos del norte en estas dos comunidades a partir","inLanguage":"es-ES","isPartOf":{"@id":"https:\/\/www.eldigitaldeasturias.com\/noticias\/#website"},"breadcrumb":{"@id":"https:\/\/www.eldigitaldeasturias.com\/noticias\/la-aemet-avisa-de-vientos-de-hasta-140-kmh-en-galicia-y-cantabria\/#breadcrumblist"},"author":{"@id":"https:\/\/www.eldigitaldeasturias.com\/noticias\/author\/admin\/#author"},"creator":{"@id":"https:\/\/www.eldigitaldeasturias.com\/noticias\/author\/admin\/#author"},"image":{"@type":"ImageObject","url":483109,"@id":"https:\/\/www.eldigitaldeasturias.com\/noticias\/la-aemet-avisa-de-vientos-de-hasta-140-kmh-en-galicia-y-cantabria\/#mainImage"},"primaryImageOfPage":{"@id":"https:\/\/www.eldigitaldeasturias.com\/noticias\/la-aemet-avisa-de-vientos-de-hasta-140-kmh-en-galicia-y-cantabria\/#mainImage"},"datePublished":"2014-02-04T00:23:55+01:00","dateModified":"2014-02-04T00:23:55+01:00"},{"@type":"WebSite","@id":"https:\/\/www.eldigitaldeasturias.com\/noticias\/#website","url":"https:\/\/www.eldigitaldeasturias.com\/noticias\/","name":"El Digital de Asturias - Diario de actualidad y noticias","alternateName":"El Digital de Asturias - Diario de actualidad y noticias","description":"Hemeroteca","inLanguage":"es-ES","publisher":{"@id":"https:\/\/www.eldigitaldeasturias.com\/noticias\/#organization"}}]},"og:locale":"es_ES","og:site_name":"El Digital de Asturias","og:type":"article","og:title":"La Aemet avisa de vientos de hasta 140 Km\/h en Galicia y Cantabria - El Digital de Asturias","og:description":"Madrid, 3 feb (EFE).- El viento soplar\u00e1 del sur y del suroeste con intensidad fuerte o muy fuerte en buena parte de Galicia y el Cant\u00e1brico, con rachas que superar\u00e1n los 100 kil\u00f3metros por hora e incluso, de manera puntual, los 140 kil\u00f3metros por hora en puntos del norte en estas dos comunidades a partir","og:url":"https:\/\/www.eldigitaldeasturias.com\/noticias\/la-aemet-avisa-de-vientos-de-hasta-140-kmh-en-galicia-y-cantabria\/","article:tag":["actualidad"],"article:published_time":"2014-02-04T01:23:55+00:00","article:modified_time":"2014-02-04T01:23:55+00:00","article:publisher":"https:\/\/facebook.com\/eldigitaldeasturias","twitter:card":"summary_large_image","twitter:title":"La Aemet avisa de vientos de hasta 140 Km\/h en Galicia y Cantabria - El Digital de Asturias","twitter:description":"Madrid, 3 feb (EFE).- El viento soplar\u00e1 del sur y del suroeste con intensidad fuerte o muy fuerte en buena parte de Galicia y el Cant\u00e1brico, con rachas que superar\u00e1n los 100 kil\u00f3metros por hora e incluso, de manera puntual, los 140 kil\u00f3metros por hora en puntos del norte en estas dos comunidades a partir","twitter:label1":"Escrito por","twitter:data1":"El Digital de Asturias","twitter:label2":"Tiempo de lectura estimado","twitter:data2":"2 minutos"},"aioseo_meta_data":{"post_id":"483108","title":null,"description":null,"keywords":null,"keyphrases":null,"primary_term":null,"canonical_url":null,"og_title":null,"og_description":null,"og_object_type":"default","og_image_type":"default","og_image_url":null,"og_image_width":null,"og_image_height":null,"og_image_custom_url":null,"og_image_custom_fields":null,"og_video":null,"og_custom_url":null,"og_article_section":null,"og_article_tags":null,"twitter_use_og":true,"twitter_card":"default","twitter_image_type":"default","twitter_image_url":null,"twitter_image_custom_url":null,"twitter_image_custom_fields":null,"twitter_title":null,"twitter_description":null,"schema":{"blockGraphs":[],"customGraphs":[],"default":{"data":{"Article":[],"Course":[],"Dataset":[],"FAQPage":[],"Movie":[],"Person":[],"Product":[],"ProductReview":[],"Car":[],"Recipe":[],"Service":[],"SoftwareApplication":[],"WebPage":[]},"graphName":"","isEnabled":true},"graphs":[],"defaultGraph":"","defaultPostTypeGraph":""},"schema_type":null,"schema_type_options":null,"pillar_content":false,"robots_default":true,"robots_noindex":false,"robots_noarchive":false,"robots_nosnippet":false,"robots_nofollow":false,"robots_noimageindex":false,"robots_noodp":false,"robots_notranslate":false,"robots_max_snippet":null,"robots_max_videopreview":null,"robots_max_imagepreview":"none","priority":null,"frequency":null,"local_seo":null,"seo_analyzer_scan_date":"2026-06-02 11:50:53","breadcrumb_settings":null,"limit_modified_date":false,"open_ai":null,"ai":null,"created":"2020-11-14 22:54:43","updated":"2026-06-02 11:50:53","focus_keyword":null,"additional_keywords":null,"truseo_locale":null},"aioseo_breadcrumb":"<div class=\"aioseo-breadcrumbs\"><span class=\"aioseo-breadcrumb\">\n\t<a href=\"https:\/\/www.eldigitaldeasturias.com\/noticias\" title=\"Home\">Home<\/a>\n<\/span><span class=\"aioseo-breadcrumb-separator\">\u2013<\/span><span class=\"aioseo-breadcrumb\">\n\t<a href=\"https:\/\/www.eldigitaldeasturias.com\/noticias\/category\/actualidad\/\" title=\"Actualidad\">Actualidad<\/a>\n<\/span><span class=\"aioseo-breadcrumb-separator\">\u2013<\/span><span class=\"aioseo-breadcrumb\">\n\t<a href=\"https:\/\/www.eldigitaldeasturias.com\/noticias\/la-aemet-avisa-de-vientos-de-hasta-140-kmh-en-galicia-y-cantabria\/\" title=\"La Aemet avisa de vientos de hasta 140 Km\/h en Galicia y Cantabria\">La Aemet avisa de vientos de hasta 140 Km\/h en Galicia y Cantabria<\/a>\n<\/span><\/div>","aioseo_breadcrumb_json":[{"label":"Home","link":"https:\/\/www.eldigitaldeasturias.com\/noticias"},{"label":"Actualidad","link":"https:\/\/www.eldigitaldeasturias.com\/noticias\/category\/actualidad\/"},{"label":"La Aemet avisa de vientos de hasta 140 Km\/h en Galicia y Cantabria","link":"https:\/\/www.eldigitaldeasturias.com\/noticias\/la-aemet-avisa-de-vientos-de-hasta-140-kmh-en-galicia-y-cantabria\/"}],"_links":{"self":[{"href":"https:\/\/www.eldigitaldeasturias.com\/noticias\/wp-json\/wp\/v2\/posts\/483108","targetHints":{"allow":["GET"]}}],"collection":[{"href":"https:\/\/www.eldigitaldeasturias.com\/noticias\/wp-json\/wp\/v2\/posts"}],"about":[{"href":"https:\/\/www.eldigitaldeasturias.com\/noticias\/wp-json\/wp\/v2\/types\/post"}],"author":[{"embeddable":true,"href":"https:\/\/www.eldigitaldeasturias.com\/noticias\/wp-json\/wp\/v2\/users\/1"}],"replies":[{"embeddable":true,"href":"https:\/\/www.eldigitaldeasturias.com\/noticias\/wp-json\/wp\/v2\/comments?post=483108"}],"version-history":[{"count":0,"href":"https:\/\/www.eldigitaldeasturias.com\/noticias\/wp-json\/wp\/v2\/posts\/483108\/revisions"}],"wp:attachment":[{"href":"https:\/\/www.eldigitaldeasturias.com\/noticias\/wp-json\/wp\/v2\/media?parent=483108"}],"wp:term":[{"taxonomy":"category","embeddable":true,"href":"https:\/\/www.eldigitaldeasturias.com\/noticias\/wp-json\/wp\/v2\/categories?post=483108"},{"taxonomy":"post_tag","embeddable":true,"href":"https:\/\/www.eldigitaldeasturias.com\/noticias\/wp-json\/wp\/v2\/tags?post=483108"}],"curies":[{"name":"wp","href":"https:\/\/api.w.org\/{rel}","templated":true}]}}