{"id":483093,"date":"2014-02-04T00:17:35","date_gmt":"2014-02-04T01:17:35","guid":{"rendered":"http:\/\/www.eldigitaldeasturias.com\/noticias\/?p=483093"},"modified":"2014-02-04T00:17:35","modified_gmt":"2014-02-04T01:17:35","slug":"los-sindicatos-esperan-un-seguimiento-total-en-las-cuatro-jornadas-de-paro-en-begano","status":"publish","type":"post","link":"https:\/\/www.eldigitaldeasturias.com\/noticias\/los-sindicatos-esperan-un-seguimiento-total-en-las-cuatro-jornadas-de-paro-en-begano\/","title":{"rendered":"Los sindicatos esperan un seguimiento total en las cuatro jornadas de paro en Begano"},"content":{"rendered":"<p><img loading=\"lazy\" decoding=\"async\" class=\"alignleft size-medium wp-image-483094\" alt=\"5905431w\" src=\"https:\/\/www.eldigitaldeasturias.com\/noticias\/wp-content\/uploads\/2014\/02\/5905431w-360x208.jpg\" width=\"360\" height=\"208\" \/>A Coru\u00f1a, 3 feb (EFE).- Los sindicatos Fitag UGT y CCOO Galicia han convocado cuatro jornadas de paro parcial desde ma\u00f1ana en la factor\u00eda de Begano Coca-Cola en A Coru\u00f1a en los que esperan un seguimiento total, seg\u00fan han asegurado a EFE.<\/p>\n<p>Ma\u00f1ana a las 6 de la ma\u00f1ana comenzar\u00e1 un paro de dos horas en el centro de trabajo de Iberian Partners &#8211; Begano cuando empiece el primer turno de trabajo, al que seguir\u00e1n el resto de turnos.<\/p>\n<p>A las 8 entra otro grupo de trabajadores que estar\u00e1 parado hasta las 10, cuando entrar\u00e1 un tercer grupo, parado hasta las 12, y el \u00faltimo grupo, que comenzar\u00e1 su turno a las 14, se ver\u00e1 arropado por la salida de los primeros.<\/p>\n<p>Los sindicatos que organizan esta iniciativa, Fitag UGT y CCOO Galicia, esperan un seguimiento total en estas jornadas que continuar\u00e1n el 6 de febrero y la pr\u00f3xima semana el 11 y el 13.<\/p>\n<p>\u00abProtestamos por las medidas que pretende implantar la nueva direcci\u00f3n que afectar\u00e1n a unas 1.250 personas de las cuales m\u00e1s de 750 se ver\u00edan abocadas a la cola del paro\u00bb, explican desde el comit\u00e9 de empresa.<\/p>\n<p>Esta iniciativa se desarrollar\u00e1 en toda Espa\u00f1a y en el caso de A Coru\u00f1a est\u00e1 convocada toda la plantilla por el ERE que pretende hacer Coca-Cola con motivo del cierre de varias f\u00e1bricas y los diferentes traslados de personal, aunque la de A Coru\u00f1a continuar\u00e1 con su actividad.<\/p>\n<p>En funci\u00f3n de c\u00f3mo evolucionen las negociaciones con la empresa que comienzan el mi\u00e9rcoles en Madrid podr\u00edan hacerse otras dos jornadas dentro de dos semanas en las que el paro ser\u00eda total y no de dos horas.<\/p>\n","protected":false},"excerpt":{"rendered":"<p>A Coru\u00f1a, 3 feb (EFE).- Los sindicatos Fitag UGT y CCOO Galicia han convocado cuatro jornadas de paro parcial desde ma\u00f1ana en la factor\u00eda de Begano Coca-Cola en A Coru\u00f1a en los que esperan un seguimiento total, seg\u00fan han asegurado a EFE. Ma\u00f1ana a las 6 de la ma\u00f1ana comenzar\u00e1 un paro de dos horas [&hellip;]<\/p>\n","protected":false},"author":1,"featured_media":483094,"comment_status":"closed","ping_status":"open","sticky":false,"template":"","format":"standard","meta":{"footnotes":""},"categories":[1],"tags":[],"class_list":["post-483093","post","type-post","status-publish","format-standard","has-post-thumbnail","hentry","category-actualidad"],"aioseo_notices":[],"aioseo_head":"\n\t\t<!-- All in One SEO Pro 5.0.1 - aioseo.com -->\n\t<meta name=\"description\" content=\"A Coru\u00f1a, 3 feb (EFE).- Los sindicatos Fitag UGT y CCOO Galicia han convocado cuatro jornadas de paro parcial desde ma\u00f1ana en la factor\u00eda de Begano Coca-Cola en A Coru\u00f1a en los que esperan un seguimiento total, seg\u00fan han asegurado a EFE. Ma\u00f1ana a las 6 de la ma\u00f1ana comenzar\u00e1 un paro de dos horas\" \/>\n\t<meta name=\"robots\" content=\"max-image-preview:large\" \/>\n\t<meta name=\"author\" content=\"El Digital de Asturias\"\/>\n\t<meta name=\"google-site-verification\" content=\"UA-38556648-1\" \/>\n\t<meta name=\"msvalidate.01\" content=\"7dfe9f3f1b24437ab69f4f2559babe99\" \/>\n\t<meta name=\"keywords\" content=\"actualidad\" \/>\n\t<link rel=\"canonical\" href=\"https:\/\/www.eldigitaldeasturias.com\/noticias\/los-sindicatos-esperan-un-seguimiento-total-en-las-cuatro-jornadas-de-paro-en-begano\/\" \/>\n\t<meta name=\"generator\" content=\"All in One SEO Pro (AIOSEO) 5.0.1\" \/>\n\t\t<meta property=\"og:locale\" content=\"es_ES\" \/>\n\t\t<meta property=\"og:site_name\" content=\"El Digital de Asturias\" \/>\n\t\t<meta property=\"og:type\" content=\"article\" \/>\n\t\t<meta property=\"og:title\" content=\"Los sindicatos esperan un seguimiento total en las cuatro jornadas de paro en Begano - El Digital de Asturias\" \/>\n\t\t<meta property=\"og:description\" content=\"A Coru\u00f1a, 3 feb (EFE).- Los sindicatos Fitag UGT y CCOO Galicia han convocado cuatro jornadas de paro parcial desde ma\u00f1ana en la factor\u00eda de Begano Coca-Cola en A Coru\u00f1a en los que esperan un seguimiento total, seg\u00fan han asegurado a EFE. Ma\u00f1ana a las 6 de la ma\u00f1ana comenzar\u00e1 un paro de dos horas\" \/>\n\t\t<meta property=\"og:url\" content=\"https:\/\/www.eldigitaldeasturias.com\/noticias\/los-sindicatos-esperan-un-seguimiento-total-en-las-cuatro-jornadas-de-paro-en-begano\/\" \/>\n\t\t<meta property=\"article:tag\" content=\"actualidad\" \/>\n\t\t<meta property=\"article:published_time\" content=\"2014-02-04T01:17:35+00:00\" \/>\n\t\t<meta property=\"article:modified_time\" content=\"2014-02-04T01:17:35+00:00\" \/>\n\t\t<meta property=\"article:publisher\" content=\"https:\/\/facebook.com\/eldigitaldeasturias\" \/>\n\t\t<meta name=\"twitter:card\" content=\"summary_large_image\" \/>\n\t\t<meta name=\"twitter:title\" content=\"Los sindicatos esperan un seguimiento total en las cuatro jornadas de paro en Begano - El Digital de Asturias\" \/>\n\t\t<meta name=\"twitter:description\" content=\"A Coru\u00f1a, 3 feb (EFE).- Los sindicatos Fitag UGT y CCOO Galicia han convocado cuatro jornadas de paro parcial desde ma\u00f1ana en la factor\u00eda de Begano Coca-Cola en A Coru\u00f1a en los que esperan un seguimiento total, seg\u00fan han asegurado a EFE. Ma\u00f1ana a las 6 de la ma\u00f1ana comenzar\u00e1 un paro de dos horas\" \/>\n\t\t<meta name=\"twitter:label1\" content=\"Escrito por\" \/>\n\t\t<meta name=\"twitter:data1\" content=\"El Digital de Asturias\" \/>\n\t\t<meta name=\"twitter:label2\" content=\"Tiempo de lectura estimado\" \/>\n\t\t<meta name=\"twitter:data2\" content=\"1 minuto\" \/>\n\t\t<script type=\"application\/ld+json\" class=\"aioseo-schema\">\n\t\t\t{\"@context\":\"https:\\\/\\\/schema.org\",\"@graph\":[{\"@type\":\"BlogPosting\",\"@id\":\"https:\\\/\\\/www.eldigitaldeasturias.com\\\/noticias\\\/los-sindicatos-esperan-un-seguimiento-total-en-las-cuatro-jornadas-de-paro-en-begano\\\/#blogposting\",\"name\":\"Los sindicatos esperan un seguimiento total en las cuatro jornadas de paro en Begano - El Digital de Asturias\",\"headline\":\"Los sindicatos esperan un seguimiento total en las cuatro jornadas de paro en Begano\",\"author\":{\"@id\":\"https:\\\/\\\/www.eldigitaldeasturias.com\\\/noticias\\\/author\\\/admin\\\/#author\"},\"publisher\":{\"@id\":\"https:\\\/\\\/www.eldigitaldeasturias.com\\\/noticias\\\/#organization\"},\"image\":{\"@type\":\"ImageObject\",\"url\":483094},\"datePublished\":\"2014-02-04T00:17:35+01:00\",\"dateModified\":\"2014-02-04T00:17:35+01:00\",\"inLanguage\":\"es-ES\",\"mainEntityOfPage\":{\"@id\":\"https:\\\/\\\/www.eldigitaldeasturias.com\\\/noticias\\\/los-sindicatos-esperan-un-seguimiento-total-en-las-cuatro-jornadas-de-paro-en-begano\\\/#webpage\"},\"isPartOf\":{\"@id\":\"https:\\\/\\\/www.eldigitaldeasturias.com\\\/noticias\\\/los-sindicatos-esperan-un-seguimiento-total-en-las-cuatro-jornadas-de-paro-en-begano\\\/#webpage\"},\"articleSection\":\"Actualidad\"},{\"@type\":\"BreadcrumbList\",\"@id\":\"https:\\\/\\\/www.eldigitaldeasturias.com\\\/noticias\\\/los-sindicatos-esperan-un-seguimiento-total-en-las-cuatro-jornadas-de-paro-en-begano\\\/#breadcrumblist\",\"itemListElement\":[{\"@type\":\"ListItem\",\"@id\":\"https:\\\/\\\/www.eldigitaldeasturias.com\\\/noticias#listItem\",\"position\":1,\"name\":\"Home\",\"item\":\"https:\\\/\\\/www.eldigitaldeasturias.com\\\/noticias\",\"nextItem\":{\"@type\":\"ListItem\",\"@id\":\"https:\\\/\\\/www.eldigitaldeasturias.com\\\/noticias\\\/category\\\/actualidad\\\/#listItem\",\"name\":\"Actualidad\"}},{\"@type\":\"ListItem\",\"@id\":\"https:\\\/\\\/www.eldigitaldeasturias.com\\\/noticias\\\/category\\\/actualidad\\\/#listItem\",\"position\":2,\"name\":\"Actualidad\",\"item\":\"https:\\\/\\\/www.eldigitaldeasturias.com\\\/noticias\\\/category\\\/actualidad\\\/\",\"nextItem\":{\"@type\":\"ListItem\",\"@id\":\"https:\\\/\\\/www.eldigitaldeasturias.com\\\/noticias\\\/los-sindicatos-esperan-un-seguimiento-total-en-las-cuatro-jornadas-de-paro-en-begano\\\/#listItem\",\"name\":\"Los sindicatos esperan un seguimiento total en las cuatro jornadas de paro en Begano\"},\"previousItem\":{\"@type\":\"ListItem\",\"@id\":\"https:\\\/\\\/www.eldigitaldeasturias.com\\\/noticias#listItem\",\"name\":\"Home\"}},{\"@type\":\"ListItem\",\"@id\":\"https:\\\/\\\/www.eldigitaldeasturias.com\\\/noticias\\\/los-sindicatos-esperan-un-seguimiento-total-en-las-cuatro-jornadas-de-paro-en-begano\\\/#listItem\",\"position\":3,\"name\":\"Los sindicatos esperan un seguimiento total en las cuatro jornadas de paro en Begano\",\"previousItem\":{\"@type\":\"ListItem\",\"@id\":\"https:\\\/\\\/www.eldigitaldeasturias.com\\\/noticias\\\/category\\\/actualidad\\\/#listItem\",\"name\":\"Actualidad\"}}]},{\"@type\":\"Organization\",\"@id\":\"https:\\\/\\\/www.eldigitaldeasturias.com\\\/noticias\\\/#organization\",\"name\":\"El Digital de Asturias\",\"description\":\"Hemeroteca\",\"url\":\"https:\\\/\\\/www.eldigitaldeasturias.com\\\/noticias\\\/\",\"email\":\"info@eldigitaldeasturias.com\",\"telephone\":\"+34652131393\",\"logo\":{\"@type\":\"ImageObject\",\"url\":\"https:\\\/\\\/www.eldigitaldeasturias.com\\\/noticias\\\/wp-content\\\/uploads\\\/2020\\\/12\\\/EDA.jpg\",\"@id\":\"https:\\\/\\\/www.eldigitaldeasturias.com\\\/noticias\\\/los-sindicatos-esperan-un-seguimiento-total-en-las-cuatro-jornadas-de-paro-en-begano\\\/#organizationLogo\"},\"image\":{\"@id\":\"https:\\\/\\\/www.eldigitaldeasturias.com\\\/noticias\\\/los-sindicatos-esperan-un-seguimiento-total-en-las-cuatro-jornadas-de-paro-en-begano\\\/#organizationLogo\"},\"sameAs\":[\"https:\\\/\\\/facebook.com\\\/eldigitaldeasturias\",\"https:\\\/\\\/www.youtube.com\\\/channel\\\/UCZP-2wLEB9Rv6erhFmqVnvg\"],\"address\":{\"@id\":\"https:\\\/\\\/www.eldigitaldeasturias.com\\\/noticias\\\/#postaladdress\",\"@type\":\"PostalAddress\",\"streetAddress\":\"san antonio 4\",\"postalCode\":\"33430\",\"addressLocality\":\"Cand\\u00e1s\",\"addressRegion\":\"Asturias\",\"addressCountry\":\"ES\"}},{\"@type\":\"Person\",\"@id\":\"https:\\\/\\\/www.eldigitaldeasturias.com\\\/noticias\\\/author\\\/admin\\\/#author\",\"url\":\"https:\\\/\\\/www.eldigitaldeasturias.com\\\/noticias\\\/author\\\/admin\\\/\",\"name\":\"El Digital de Asturias\",\"image\":{\"@type\":\"ImageObject\",\"@id\":\"https:\\\/\\\/www.eldigitaldeasturias.com\\\/noticias\\\/los-sindicatos-esperan-un-seguimiento-total-en-las-cuatro-jornadas-de-paro-en-begano\\\/#authorImage\",\"url\":\"https:\\\/\\\/secure.gravatar.com\\\/avatar\\\/df2aeffc32bcd13f8d26072ef8a91b623d677766deac7f97ca815868cd41bf5e?s=96&d=mm&r=g\",\"width\":96,\"height\":96,\"caption\":\"El Digital de Asturias\"}},{\"@type\":\"WebPage\",\"@id\":\"https:\\\/\\\/www.eldigitaldeasturias.com\\\/noticias\\\/los-sindicatos-esperan-un-seguimiento-total-en-las-cuatro-jornadas-de-paro-en-begano\\\/#webpage\",\"url\":\"https:\\\/\\\/www.eldigitaldeasturias.com\\\/noticias\\\/los-sindicatos-esperan-un-seguimiento-total-en-las-cuatro-jornadas-de-paro-en-begano\\\/\",\"name\":\"Los sindicatos esperan un seguimiento total en las cuatro jornadas de paro en Begano - El Digital de Asturias\",\"description\":\"A Coru\\u00f1a, 3 feb (EFE).- Los sindicatos Fitag UGT y CCOO Galicia han convocado cuatro jornadas de paro parcial desde ma\\u00f1ana en la factor\\u00eda de Begano Coca-Cola en A Coru\\u00f1a en los que esperan un seguimiento total, seg\\u00fan han asegurado a EFE. Ma\\u00f1ana a las 6 de la ma\\u00f1ana comenzar\\u00e1 un paro de dos horas\",\"inLanguage\":\"es-ES\",\"isPartOf\":{\"@id\":\"https:\\\/\\\/www.eldigitaldeasturias.com\\\/noticias\\\/#website\"},\"breadcrumb\":{\"@id\":\"https:\\\/\\\/www.eldigitaldeasturias.com\\\/noticias\\\/los-sindicatos-esperan-un-seguimiento-total-en-las-cuatro-jornadas-de-paro-en-begano\\\/#breadcrumblist\"},\"author\":{\"@id\":\"https:\\\/\\\/www.eldigitaldeasturias.com\\\/noticias\\\/author\\\/admin\\\/#author\"},\"creator\":{\"@id\":\"https:\\\/\\\/www.eldigitaldeasturias.com\\\/noticias\\\/author\\\/admin\\\/#author\"},\"image\":{\"@type\":\"ImageObject\",\"url\":483094,\"@id\":\"https:\\\/\\\/www.eldigitaldeasturias.com\\\/noticias\\\/los-sindicatos-esperan-un-seguimiento-total-en-las-cuatro-jornadas-de-paro-en-begano\\\/#mainImage\"},\"primaryImageOfPage\":{\"@id\":\"https:\\\/\\\/www.eldigitaldeasturias.com\\\/noticias\\\/los-sindicatos-esperan-un-seguimiento-total-en-las-cuatro-jornadas-de-paro-en-begano\\\/#mainImage\"},\"datePublished\":\"2014-02-04T00:17:35+01:00\",\"dateModified\":\"2014-02-04T00:17:35+01:00\"},{\"@type\":\"WebSite\",\"@id\":\"https:\\\/\\\/www.eldigitaldeasturias.com\\\/noticias\\\/#website\",\"url\":\"https:\\\/\\\/www.eldigitaldeasturias.com\\\/noticias\\\/\",\"name\":\"El Digital de Asturias - Diario de actualidad y noticias\",\"alternateName\":\"El Digital de Asturias - Diario de actualidad y noticias\",\"description\":\"Hemeroteca\",\"inLanguage\":\"es-ES\",\"publisher\":{\"@id\":\"https:\\\/\\\/www.eldigitaldeasturias.com\\\/noticias\\\/#organization\"}}]}\n\t\t<\/script>\n\t\t<!-- All in One SEO Pro -->\r\n\t\t<title>Los sindicatos esperan un seguimiento total en las cuatro jornadas de paro en Begano - El Digital de Asturias<\/title>\n\n","aioseo_head_json":{"title":"Los sindicatos esperan un seguimiento total en las cuatro jornadas de paro en Begano - El Digital de Asturias","description":"A Coru\u00f1a, 3 feb (EFE).- Los sindicatos Fitag UGT y CCOO Galicia han convocado cuatro jornadas de paro parcial desde ma\u00f1ana en la factor\u00eda de Begano Coca-Cola en A Coru\u00f1a en los que esperan un seguimiento total, seg\u00fan han asegurado a EFE. Ma\u00f1ana a las 6 de la ma\u00f1ana comenzar\u00e1 un paro de dos horas","canonical_url":"https:\/\/www.eldigitaldeasturias.com\/noticias\/los-sindicatos-esperan-un-seguimiento-total-en-las-cuatro-jornadas-de-paro-en-begano\/","robots":"max-image-preview:large","keywords":"actualidad","webmasterTools":{"google-site-verification":"UA-38556648-1","msvalidate.01":"7dfe9f3f1b24437ab69f4f2559babe99","miscellaneous":""},"schema":{"@context":"https:\/\/schema.org","@graph":[{"@type":"BlogPosting","@id":"https:\/\/www.eldigitaldeasturias.com\/noticias\/los-sindicatos-esperan-un-seguimiento-total-en-las-cuatro-jornadas-de-paro-en-begano\/#blogposting","name":"Los sindicatos esperan un seguimiento total en las cuatro jornadas de paro en Begano - El Digital de Asturias","headline":"Los sindicatos esperan un seguimiento total en las cuatro jornadas de paro en Begano","author":{"@id":"https:\/\/www.eldigitaldeasturias.com\/noticias\/author\/admin\/#author"},"publisher":{"@id":"https:\/\/www.eldigitaldeasturias.com\/noticias\/#organization"},"image":{"@type":"ImageObject","url":483094},"datePublished":"2014-02-04T00:17:35+01:00","dateModified":"2014-02-04T00:17:35+01:00","inLanguage":"es-ES","mainEntityOfPage":{"@id":"https:\/\/www.eldigitaldeasturias.com\/noticias\/los-sindicatos-esperan-un-seguimiento-total-en-las-cuatro-jornadas-de-paro-en-begano\/#webpage"},"isPartOf":{"@id":"https:\/\/www.eldigitaldeasturias.com\/noticias\/los-sindicatos-esperan-un-seguimiento-total-en-las-cuatro-jornadas-de-paro-en-begano\/#webpage"},"articleSection":"Actualidad"},{"@type":"BreadcrumbList","@id":"https:\/\/www.eldigitaldeasturias.com\/noticias\/los-sindicatos-esperan-un-seguimiento-total-en-las-cuatro-jornadas-de-paro-en-begano\/#breadcrumblist","itemListElement":[{"@type":"ListItem","@id":"https:\/\/www.eldigitaldeasturias.com\/noticias#listItem","position":1,"name":"Home","item":"https:\/\/www.eldigitaldeasturias.com\/noticias","nextItem":{"@type":"ListItem","@id":"https:\/\/www.eldigitaldeasturias.com\/noticias\/category\/actualidad\/#listItem","name":"Actualidad"}},{"@type":"ListItem","@id":"https:\/\/www.eldigitaldeasturias.com\/noticias\/category\/actualidad\/#listItem","position":2,"name":"Actualidad","item":"https:\/\/www.eldigitaldeasturias.com\/noticias\/category\/actualidad\/","nextItem":{"@type":"ListItem","@id":"https:\/\/www.eldigitaldeasturias.com\/noticias\/los-sindicatos-esperan-un-seguimiento-total-en-las-cuatro-jornadas-de-paro-en-begano\/#listItem","name":"Los sindicatos esperan un seguimiento total en las cuatro jornadas de paro en Begano"},"previousItem":{"@type":"ListItem","@id":"https:\/\/www.eldigitaldeasturias.com\/noticias#listItem","name":"Home"}},{"@type":"ListItem","@id":"https:\/\/www.eldigitaldeasturias.com\/noticias\/los-sindicatos-esperan-un-seguimiento-total-en-las-cuatro-jornadas-de-paro-en-begano\/#listItem","position":3,"name":"Los sindicatos esperan un seguimiento total en las cuatro jornadas de paro en Begano","previousItem":{"@type":"ListItem","@id":"https:\/\/www.eldigitaldeasturias.com\/noticias\/category\/actualidad\/#listItem","name":"Actualidad"}}]},{"@type":"Organization","@id":"https:\/\/www.eldigitaldeasturias.com\/noticias\/#organization","name":"El Digital de Asturias","description":"Hemeroteca","url":"https:\/\/www.eldigitaldeasturias.com\/noticias\/","email":"info@eldigitaldeasturias.com","telephone":"+34652131393","logo":{"@type":"ImageObject","url":"https:\/\/www.eldigitaldeasturias.com\/noticias\/wp-content\/uploads\/2020\/12\/EDA.jpg","@id":"https:\/\/www.eldigitaldeasturias.com\/noticias\/los-sindicatos-esperan-un-seguimiento-total-en-las-cuatro-jornadas-de-paro-en-begano\/#organizationLogo"},"image":{"@id":"https:\/\/www.eldigitaldeasturias.com\/noticias\/los-sindicatos-esperan-un-seguimiento-total-en-las-cuatro-jornadas-de-paro-en-begano\/#organizationLogo"},"sameAs":["https:\/\/facebook.com\/eldigitaldeasturias","https:\/\/www.youtube.com\/channel\/UCZP-2wLEB9Rv6erhFmqVnvg"],"address":{"@id":"https:\/\/www.eldigitaldeasturias.com\/noticias\/#postaladdress","@type":"PostalAddress","streetAddress":"san antonio 4","postalCode":"33430","addressLocality":"Cand\u00e1s","addressRegion":"Asturias","addressCountry":"ES"}},{"@type":"Person","@id":"https:\/\/www.eldigitaldeasturias.com\/noticias\/author\/admin\/#author","url":"https:\/\/www.eldigitaldeasturias.com\/noticias\/author\/admin\/","name":"El Digital de Asturias","image":{"@type":"ImageObject","@id":"https:\/\/www.eldigitaldeasturias.com\/noticias\/los-sindicatos-esperan-un-seguimiento-total-en-las-cuatro-jornadas-de-paro-en-begano\/#authorImage","url":"https:\/\/secure.gravatar.com\/avatar\/df2aeffc32bcd13f8d26072ef8a91b623d677766deac7f97ca815868cd41bf5e?s=96&d=mm&r=g","width":96,"height":96,"caption":"El Digital de Asturias"}},{"@type":"WebPage","@id":"https:\/\/www.eldigitaldeasturias.com\/noticias\/los-sindicatos-esperan-un-seguimiento-total-en-las-cuatro-jornadas-de-paro-en-begano\/#webpage","url":"https:\/\/www.eldigitaldeasturias.com\/noticias\/los-sindicatos-esperan-un-seguimiento-total-en-las-cuatro-jornadas-de-paro-en-begano\/","name":"Los sindicatos esperan un seguimiento total en las cuatro jornadas de paro en Begano - El Digital de Asturias","description":"A Coru\u00f1a, 3 feb (EFE).- Los sindicatos Fitag UGT y CCOO Galicia han convocado cuatro jornadas de paro parcial desde ma\u00f1ana en la factor\u00eda de Begano Coca-Cola en A Coru\u00f1a en los que esperan un seguimiento total, seg\u00fan han asegurado a EFE. Ma\u00f1ana a las 6 de la ma\u00f1ana comenzar\u00e1 un paro de dos horas","inLanguage":"es-ES","isPartOf":{"@id":"https:\/\/www.eldigitaldeasturias.com\/noticias\/#website"},"breadcrumb":{"@id":"https:\/\/www.eldigitaldeasturias.com\/noticias\/los-sindicatos-esperan-un-seguimiento-total-en-las-cuatro-jornadas-de-paro-en-begano\/#breadcrumblist"},"author":{"@id":"https:\/\/www.eldigitaldeasturias.com\/noticias\/author\/admin\/#author"},"creator":{"@id":"https:\/\/www.eldigitaldeasturias.com\/noticias\/author\/admin\/#author"},"image":{"@type":"ImageObject","url":483094,"@id":"https:\/\/www.eldigitaldeasturias.com\/noticias\/los-sindicatos-esperan-un-seguimiento-total-en-las-cuatro-jornadas-de-paro-en-begano\/#mainImage"},"primaryImageOfPage":{"@id":"https:\/\/www.eldigitaldeasturias.com\/noticias\/los-sindicatos-esperan-un-seguimiento-total-en-las-cuatro-jornadas-de-paro-en-begano\/#mainImage"},"datePublished":"2014-02-04T00:17:35+01:00","dateModified":"2014-02-04T00:17:35+01:00"},{"@type":"WebSite","@id":"https:\/\/www.eldigitaldeasturias.com\/noticias\/#website","url":"https:\/\/www.eldigitaldeasturias.com\/noticias\/","name":"El Digital de Asturias - Diario de actualidad y noticias","alternateName":"El Digital de Asturias - Diario de actualidad y noticias","description":"Hemeroteca","inLanguage":"es-ES","publisher":{"@id":"https:\/\/www.eldigitaldeasturias.com\/noticias\/#organization"}}]},"og:locale":"es_ES","og:site_name":"El Digital de Asturias","og:type":"article","og:title":"Los sindicatos esperan un seguimiento total en las cuatro jornadas de paro en Begano - El Digital de Asturias","og:description":"A Coru\u00f1a, 3 feb (EFE).- Los sindicatos Fitag UGT y CCOO Galicia han convocado cuatro jornadas de paro parcial desde ma\u00f1ana en la factor\u00eda de Begano Coca-Cola en A Coru\u00f1a en los que esperan un seguimiento total, seg\u00fan han asegurado a EFE. Ma\u00f1ana a las 6 de la ma\u00f1ana comenzar\u00e1 un paro de dos horas","og:url":"https:\/\/www.eldigitaldeasturias.com\/noticias\/los-sindicatos-esperan-un-seguimiento-total-en-las-cuatro-jornadas-de-paro-en-begano\/","article:tag":["actualidad"],"article:published_time":"2014-02-04T01:17:35+00:00","article:modified_time":"2014-02-04T01:17:35+00:00","article:publisher":"https:\/\/facebook.com\/eldigitaldeasturias","twitter:card":"summary_large_image","twitter:title":"Los sindicatos esperan un seguimiento total en las cuatro jornadas de paro en Begano - El Digital de Asturias","twitter:description":"A Coru\u00f1a, 3 feb (EFE).- Los sindicatos Fitag UGT y CCOO Galicia han convocado cuatro jornadas de paro parcial desde ma\u00f1ana en la factor\u00eda de Begano Coca-Cola en A Coru\u00f1a en los que esperan un seguimiento total, seg\u00fan han asegurado a EFE. Ma\u00f1ana a las 6 de la ma\u00f1ana comenzar\u00e1 un paro de dos horas","twitter:label1":"Escrito por","twitter:data1":"El Digital de Asturias","twitter:label2":"Tiempo de lectura estimado","twitter:data2":"1 minuto"},"aioseo_meta_data":{"post_id":"483093","title":null,"description":null,"keywords":null,"keyphrases":null,"primary_term":null,"canonical_url":null,"og_title":null,"og_description":null,"og_object_type":"default","og_image_type":"default","og_image_url":null,"og_image_width":null,"og_image_height":null,"og_image_custom_url":null,"og_image_custom_fields":null,"og_video":null,"og_custom_url":null,"og_article_section":null,"og_article_tags":null,"twitter_use_og":true,"twitter_card":"default","twitter_image_type":"default","twitter_image_url":null,"twitter_image_custom_url":null,"twitter_image_custom_fields":null,"twitter_title":null,"twitter_description":null,"schema":{"blockGraphs":[],"customGraphs":[],"default":{"data":{"Article":[],"Course":[],"Dataset":[],"FAQPage":[],"Movie":[],"Person":[],"Product":[],"ProductReview":[],"Car":[],"Recipe":[],"Service":[],"SoftwareApplication":[],"WebPage":[]},"graphName":"","isEnabled":true},"graphs":[],"defaultGraph":"","defaultPostTypeGraph":""},"schema_type":null,"schema_type_options":null,"pillar_content":false,"robots_default":true,"robots_noindex":false,"robots_noarchive":false,"robots_nosnippet":false,"robots_nofollow":false,"robots_noimageindex":false,"robots_noodp":false,"robots_notranslate":false,"robots_max_snippet":null,"robots_max_videopreview":null,"robots_max_imagepreview":"none","priority":null,"frequency":null,"local_seo":null,"seo_analyzer_scan_date":"2026-06-02 11:48:50","breadcrumb_settings":null,"limit_modified_date":false,"open_ai":null,"ai":null,"created":"2020-11-14 22:54:43","updated":"2026-06-02 11:48:50","focus_keyword":null,"additional_keywords":null,"truseo_locale":null},"aioseo_breadcrumb":"<div class=\"aioseo-breadcrumbs\"><span class=\"aioseo-breadcrumb\">\n\t<a href=\"https:\/\/www.eldigitaldeasturias.com\/noticias\" title=\"Home\">Home<\/a>\n<\/span><span class=\"aioseo-breadcrumb-separator\">\u2013<\/span><span class=\"aioseo-breadcrumb\">\n\t<a href=\"https:\/\/www.eldigitaldeasturias.com\/noticias\/category\/actualidad\/\" title=\"Actualidad\">Actualidad<\/a>\n<\/span><span class=\"aioseo-breadcrumb-separator\">\u2013<\/span><span class=\"aioseo-breadcrumb\">\n\t<a href=\"https:\/\/www.eldigitaldeasturias.com\/noticias\/los-sindicatos-esperan-un-seguimiento-total-en-las-cuatro-jornadas-de-paro-en-begano\/\" title=\"Los sindicatos esperan un seguimiento total en las cuatro jornadas de paro en Begano\">Los sindicatos esperan un seguimiento total en las cuatro jornadas de paro en Begano<\/a>\n<\/span><\/div>","aioseo_breadcrumb_json":[{"label":"Home","link":"https:\/\/www.eldigitaldeasturias.com\/noticias"},{"label":"Actualidad","link":"https:\/\/www.eldigitaldeasturias.com\/noticias\/category\/actualidad\/"},{"label":"Los sindicatos esperan un seguimiento total en las cuatro jornadas de paro en Begano","link":"https:\/\/www.eldigitaldeasturias.com\/noticias\/los-sindicatos-esperan-un-seguimiento-total-en-las-cuatro-jornadas-de-paro-en-begano\/"}],"_links":{"self":[{"href":"https:\/\/www.eldigitaldeasturias.com\/noticias\/wp-json\/wp\/v2\/posts\/483093","targetHints":{"allow":["GET"]}}],"collection":[{"href":"https:\/\/www.eldigitaldeasturias.com\/noticias\/wp-json\/wp\/v2\/posts"}],"about":[{"href":"https:\/\/www.eldigitaldeasturias.com\/noticias\/wp-json\/wp\/v2\/types\/post"}],"author":[{"embeddable":true,"href":"https:\/\/www.eldigitaldeasturias.com\/noticias\/wp-json\/wp\/v2\/users\/1"}],"replies":[{"embeddable":true,"href":"https:\/\/www.eldigitaldeasturias.com\/noticias\/wp-json\/wp\/v2\/comments?post=483093"}],"version-history":[{"count":0,"href":"https:\/\/www.eldigitaldeasturias.com\/noticias\/wp-json\/wp\/v2\/posts\/483093\/revisions"}],"wp:attachment":[{"href":"https:\/\/www.eldigitaldeasturias.com\/noticias\/wp-json\/wp\/v2\/media?parent=483093"}],"wp:term":[{"taxonomy":"category","embeddable":true,"href":"https:\/\/www.eldigitaldeasturias.com\/noticias\/wp-json\/wp\/v2\/categories?post=483093"},{"taxonomy":"post_tag","embeddable":true,"href":"https:\/\/www.eldigitaldeasturias.com\/noticias\/wp-json\/wp\/v2\/tags?post=483093"}],"curies":[{"name":"wp","href":"https:\/\/api.w.org\/{rel}","templated":true}]}}