{"id":483081,"date":"2014-02-04T00:13:19","date_gmt":"2014-02-04T01:13:19","guid":{"rendered":"http:\/\/www.eldigitaldeasturias.com\/noticias\/?p=483081"},"modified":"2014-02-04T00:13:19","modified_gmt":"2014-02-04T01:13:19","slug":"dimite-un-alto-cargo-socialdemocrata-aleman-al-revelarse-que-tuvo-una-cuenta-suiza","status":"publish","type":"post","link":"https:\/\/www.eldigitaldeasturias.com\/noticias\/dimite-un-alto-cargo-socialdemocrata-aleman-al-revelarse-que-tuvo-una-cuenta-suiza\/","title":{"rendered":"Dimite un alto cargo socialdem\u00f3crata alem\u00e1n al revelarse que tuvo una cuenta suiza"},"content":{"rendered":"<p><img loading=\"lazy\" decoding=\"async\" class=\"alignleft size-medium wp-image-483082\" alt=\"5905394w\" src=\"https:\/\/www.eldigitaldeasturias.com\/noticias\/wp-content\/uploads\/2014\/02\/5905394w-360x214.jpg\" width=\"360\" height=\"214\" \/>Berl\u00edn, 3 feb (EFE).- El secretario de Estado de Cultura de Berl\u00edn, el socialdem\u00f3pcr\u00e1ta Andr\u00e9 Schmitz, dimitir\u00e1 ma\u00f1ana de su cargo tras revelarse que posey\u00f3 una cuenta en Suiza para evadir impuestos, seg\u00fan avanzaron varios medios alemanes.<\/p>\n<p>Su caso ha avivado la pol\u00e9mica sobre los delitos fiscales en Alemania, que ayer conoci\u00f3, tambi\u00e9n a trav\u00e9s de la prensa, que una de las principales l\u00edderes feministas tambi\u00e9n guard\u00f3 fondos en el pa\u00eds vecino.<\/p>\n<p>El debate en torno a la cuenta en Suiza de la reconocida feminista Alice Schwarzer -desvelada por la revista \u00abDer Spiegel\u00bb y confirmada despu\u00e9s por ella misma- pas\u00f3 a un segundo plano hoy con las informaciones sobre Schmitz, esta vez a cargo del diario \u00abBerliner Zeitung\u00bb.<\/p>\n<p>\u00abHe cometido un grave error y lo lamento mucho\u00bb, manifest\u00f3 el secretario de Estado de la ciudad-estado de Berl\u00edn tras hacerse p\u00fablica la noticia de que tuvo en Suiza una cuenta con cerca de medio mill\u00f3n de euros.<\/p>\n<p>Seg\u00fan explic\u00f3 su portavoz, el pol\u00edtico ingres\u00f3 en un banco suizo 425.000 euros recibidos de herencia, por lo que se abri\u00f3 contra \u00e9l un procedimiento penal por delito fiscal, del que se inform\u00f3 inmediatamente al primer ministro de Berl\u00edn, Klaus Wowereit.<\/p>\n<p>Que Wowereit decidiera mantenerle en el puesto tras conocer el caso en 2012 desat\u00f3 las cr\u00edticas y oblig\u00f3 a hablar del asunto al l\u00edder del Partido Socialdem\u00f3crata, el ahora tambi\u00e9n ministro de Econom\u00eda y vicecanciller, Sigmar Gabriel.<\/p>\n<p>\u00abHemos dejado claro que estamos a favor de perseguir y castigar estrictamente la evasi\u00f3n fiscal\u00bb, dijo Gabriel en la convenci\u00f3n que re\u00fane a la c\u00fapula del partido en Postdam, en el este de Alemania.<\/p>\n<p>Gabriel dej\u00f3 el caso en manos del gobierno berlin\u00e9s, pero tras advertir de que la evasi\u00f3n no puede ser considerada un \u00abdelito de caballeros\u00bb y recordar que los representantes pol\u00edticos deben dar ejemplo.<\/p>\n<p>Poco despu\u00e9s el diario \u00abTagesspiegel\u00bb anunci\u00f3 la dimisi\u00f3n de Schmitz y la agencia DAP confirm\u00f3 la noticia.<\/p>\n<p>El vicecanciller no quiso hacer comentarios sobre el otro caso que ocupa las p\u00e1ginas de la prensa alemana, el de Alice Schwarzer.<\/p>\n<p>La editora de la revista \u00abEmma\u00bb, \u00f3rgano de expresi\u00f3n del feminismo germano, reconoci\u00f3 ayer que cometi\u00f3 un \u00aberror\u00bb al abrir una cuenta en Suiza, pero hoy su abogado contraatac\u00f3 y anunci\u00f3 que demandar\u00e1 a \u00abDer Spiegel\u00bb por violar el secreto fiscal.<\/p>\n<p>Fue ella quien present\u00f3 el a\u00f1o pasado una \u00abautodenuncia\u00bb ante el fisco para confesar que desde los a\u00f1os ochenta mantuvo fondos en el Estado helv\u00e9tico, por los que deber\u00eda a Hacienda alrededor de 200.000 euros.<\/p>\n<p>Tambi\u00e9n recurri\u00f3 a la v\u00eda de la \u00abautodenuncia\u00bb el presidente del Bayern M\u00fanich, Uli Hoeness, que en marzo se sentar\u00e1 en el banquillo de la Audiencia Provincial de M\u00fanich acusado de evasi\u00f3n de impuestos.<\/p>\n<p>La \u00abautodenuncia\u00bb es una figura que permite en Alemania a un evasor escapar del proceso penal a cambio del pago de la deuda de impuestos con intereses y de una multa, pero se exige que sea completa y que se produzca antes de que las autoridades hayan abierto una investigaci\u00f3n.<\/p>\n<p>En el caso de Hoeness, que podr\u00eda haber evadido impuestos por valor de 3,2 millones de euros, esa medida no fue aceptada.<\/p>\n<p>S\u00ed atendieron las autoridades judiciales su demanda por revelaci\u00f3n de secreto fiscal, y hace dos semanas la Fiscal\u00eda orden\u00f3 registrar las oficinas de la Hacienda de Baviera para investigar c\u00f3mo se filtr\u00f3 el caso a la prensa meses despu\u00e9s de su \u00abautodenuncia\u00bb.<\/p>\n","protected":false},"excerpt":{"rendered":"<p>Berl\u00edn, 3 feb (EFE).- El secretario de Estado de Cultura de Berl\u00edn, el socialdem\u00f3pcr\u00e1ta Andr\u00e9 Schmitz, dimitir\u00e1 ma\u00f1ana de su cargo tras revelarse que posey\u00f3 una cuenta en Suiza para evadir impuestos, seg\u00fan avanzaron varios medios alemanes. Su caso ha avivado la pol\u00e9mica sobre los delitos fiscales en Alemania, que ayer conoci\u00f3, tambi\u00e9n a trav\u00e9s [&hellip;]<\/p>\n","protected":false},"author":1,"featured_media":483082,"comment_status":"closed","ping_status":"open","sticky":false,"template":"","format":"standard","meta":{"footnotes":""},"categories":[1],"tags":[],"class_list":["post-483081","post","type-post","status-publish","format-standard","has-post-thumbnail","hentry","category-actualidad"],"aioseo_notices":[],"aioseo_head":"\n\t\t<!-- All in One SEO Pro 5.0.1 - aioseo.com -->\n\t<meta name=\"description\" content=\"Berl\u00edn, 3 feb (EFE).- El secretario de Estado de Cultura de Berl\u00edn, el socialdem\u00f3pcr\u00e1ta Andr\u00e9 Schmitz, dimitir\u00e1 ma\u00f1ana de su cargo tras revelarse que posey\u00f3 una cuenta en Suiza para evadir impuestos, seg\u00fan avanzaron varios medios alemanes. Su caso ha avivado la pol\u00e9mica sobre los delitos fiscales en Alemania, que ayer conoci\u00f3, tambi\u00e9n a trav\u00e9s\" \/>\n\t<meta name=\"robots\" content=\"max-image-preview:large\" \/>\n\t<meta name=\"author\" content=\"El Digital de Asturias\"\/>\n\t<meta name=\"google-site-verification\" content=\"UA-38556648-1\" \/>\n\t<meta name=\"msvalidate.01\" content=\"7dfe9f3f1b24437ab69f4f2559babe99\" \/>\n\t<meta name=\"keywords\" content=\"actualidad\" \/>\n\t<link rel=\"canonical\" href=\"https:\/\/www.eldigitaldeasturias.com\/noticias\/dimite-un-alto-cargo-socialdemocrata-aleman-al-revelarse-que-tuvo-una-cuenta-suiza\/\" \/>\n\t<meta name=\"generator\" content=\"All in One SEO Pro (AIOSEO) 5.0.1\" \/>\n\t\t<meta property=\"og:locale\" content=\"es_ES\" \/>\n\t\t<meta property=\"og:site_name\" content=\"El Digital de Asturias\" \/>\n\t\t<meta property=\"og:type\" content=\"article\" \/>\n\t\t<meta property=\"og:title\" content=\"Dimite un alto cargo socialdem\u00f3crata alem\u00e1n al revelarse que tuvo una cuenta suiza - El Digital de Asturias\" \/>\n\t\t<meta property=\"og:description\" content=\"Berl\u00edn, 3 feb (EFE).- El secretario de Estado de Cultura de Berl\u00edn, el socialdem\u00f3pcr\u00e1ta Andr\u00e9 Schmitz, dimitir\u00e1 ma\u00f1ana de su cargo tras revelarse que posey\u00f3 una cuenta en Suiza para evadir impuestos, seg\u00fan avanzaron varios medios alemanes. Su caso ha avivado la pol\u00e9mica sobre los delitos fiscales en Alemania, que ayer conoci\u00f3, tambi\u00e9n a trav\u00e9s\" \/>\n\t\t<meta property=\"og:url\" content=\"https:\/\/www.eldigitaldeasturias.com\/noticias\/dimite-un-alto-cargo-socialdemocrata-aleman-al-revelarse-que-tuvo-una-cuenta-suiza\/\" \/>\n\t\t<meta property=\"article:tag\" content=\"actualidad\" \/>\n\t\t<meta property=\"article:published_time\" content=\"2014-02-04T01:13:19+00:00\" \/>\n\t\t<meta property=\"article:modified_time\" content=\"2014-02-04T01:13:19+00:00\" \/>\n\t\t<meta property=\"article:publisher\" content=\"https:\/\/facebook.com\/eldigitaldeasturias\" \/>\n\t\t<meta name=\"twitter:card\" content=\"summary_large_image\" \/>\n\t\t<meta name=\"twitter:title\" content=\"Dimite un alto cargo socialdem\u00f3crata alem\u00e1n al revelarse que tuvo una cuenta suiza - El Digital de Asturias\" \/>\n\t\t<meta name=\"twitter:description\" content=\"Berl\u00edn, 3 feb (EFE).- El secretario de Estado de Cultura de Berl\u00edn, el socialdem\u00f3pcr\u00e1ta Andr\u00e9 Schmitz, dimitir\u00e1 ma\u00f1ana de su cargo tras revelarse que posey\u00f3 una cuenta en Suiza para evadir impuestos, seg\u00fan avanzaron varios medios alemanes. Su caso ha avivado la pol\u00e9mica sobre los delitos fiscales en Alemania, que ayer conoci\u00f3, tambi\u00e9n a trav\u00e9s\" \/>\n\t\t<meta name=\"twitter:label1\" content=\"Escrito por\" \/>\n\t\t<meta name=\"twitter:data1\" content=\"El Digital de Asturias\" \/>\n\t\t<meta name=\"twitter:label2\" content=\"Tiempo de lectura estimado\" \/>\n\t\t<meta name=\"twitter:data2\" content=\"3 minutos\" \/>\n\t\t<script type=\"application\/ld+json\" class=\"aioseo-schema\">\n\t\t\t{\"@context\":\"https:\\\/\\\/schema.org\",\"@graph\":[{\"@type\":\"BlogPosting\",\"@id\":\"https:\\\/\\\/www.eldigitaldeasturias.com\\\/noticias\\\/dimite-un-alto-cargo-socialdemocrata-aleman-al-revelarse-que-tuvo-una-cuenta-suiza\\\/#blogposting\",\"name\":\"Dimite un alto cargo socialdem\\u00f3crata alem\\u00e1n al revelarse que tuvo una cuenta suiza - El Digital de Asturias\",\"headline\":\"Dimite un alto cargo socialdem\\u00f3crata alem\\u00e1n al revelarse que tuvo una cuenta suiza\",\"author\":{\"@id\":\"https:\\\/\\\/www.eldigitaldeasturias.com\\\/noticias\\\/author\\\/admin\\\/#author\"},\"publisher\":{\"@id\":\"https:\\\/\\\/www.eldigitaldeasturias.com\\\/noticias\\\/#organization\"},\"image\":{\"@type\":\"ImageObject\",\"url\":483082},\"datePublished\":\"2014-02-04T00:13:19+01:00\",\"dateModified\":\"2014-02-04T00:13:19+01:00\",\"inLanguage\":\"es-ES\",\"mainEntityOfPage\":{\"@id\":\"https:\\\/\\\/www.eldigitaldeasturias.com\\\/noticias\\\/dimite-un-alto-cargo-socialdemocrata-aleman-al-revelarse-que-tuvo-una-cuenta-suiza\\\/#webpage\"},\"isPartOf\":{\"@id\":\"https:\\\/\\\/www.eldigitaldeasturias.com\\\/noticias\\\/dimite-un-alto-cargo-socialdemocrata-aleman-al-revelarse-que-tuvo-una-cuenta-suiza\\\/#webpage\"},\"articleSection\":\"Actualidad\"},{\"@type\":\"BreadcrumbList\",\"@id\":\"https:\\\/\\\/www.eldigitaldeasturias.com\\\/noticias\\\/dimite-un-alto-cargo-socialdemocrata-aleman-al-revelarse-que-tuvo-una-cuenta-suiza\\\/#breadcrumblist\",\"itemListElement\":[{\"@type\":\"ListItem\",\"@id\":\"https:\\\/\\\/www.eldigitaldeasturias.com\\\/noticias#listItem\",\"position\":1,\"name\":\"Home\",\"item\":\"https:\\\/\\\/www.eldigitaldeasturias.com\\\/noticias\",\"nextItem\":{\"@type\":\"ListItem\",\"@id\":\"https:\\\/\\\/www.eldigitaldeasturias.com\\\/noticias\\\/category\\\/actualidad\\\/#listItem\",\"name\":\"Actualidad\"}},{\"@type\":\"ListItem\",\"@id\":\"https:\\\/\\\/www.eldigitaldeasturias.com\\\/noticias\\\/category\\\/actualidad\\\/#listItem\",\"position\":2,\"name\":\"Actualidad\",\"item\":\"https:\\\/\\\/www.eldigitaldeasturias.com\\\/noticias\\\/category\\\/actualidad\\\/\",\"nextItem\":{\"@type\":\"ListItem\",\"@id\":\"https:\\\/\\\/www.eldigitaldeasturias.com\\\/noticias\\\/dimite-un-alto-cargo-socialdemocrata-aleman-al-revelarse-que-tuvo-una-cuenta-suiza\\\/#listItem\",\"name\":\"Dimite un alto cargo socialdem\\u00f3crata alem\\u00e1n al revelarse que tuvo una cuenta suiza\"},\"previousItem\":{\"@type\":\"ListItem\",\"@id\":\"https:\\\/\\\/www.eldigitaldeasturias.com\\\/noticias#listItem\",\"name\":\"Home\"}},{\"@type\":\"ListItem\",\"@id\":\"https:\\\/\\\/www.eldigitaldeasturias.com\\\/noticias\\\/dimite-un-alto-cargo-socialdemocrata-aleman-al-revelarse-que-tuvo-una-cuenta-suiza\\\/#listItem\",\"position\":3,\"name\":\"Dimite un alto cargo socialdem\\u00f3crata alem\\u00e1n al revelarse que tuvo una cuenta suiza\",\"previousItem\":{\"@type\":\"ListItem\",\"@id\":\"https:\\\/\\\/www.eldigitaldeasturias.com\\\/noticias\\\/category\\\/actualidad\\\/#listItem\",\"name\":\"Actualidad\"}}]},{\"@type\":\"Organization\",\"@id\":\"https:\\\/\\\/www.eldigitaldeasturias.com\\\/noticias\\\/#organization\",\"name\":\"El Digital de Asturias\",\"description\":\"Hemeroteca\",\"url\":\"https:\\\/\\\/www.eldigitaldeasturias.com\\\/noticias\\\/\",\"email\":\"info@eldigitaldeasturias.com\",\"telephone\":\"+34652131393\",\"logo\":{\"@type\":\"ImageObject\",\"url\":\"https:\\\/\\\/www.eldigitaldeasturias.com\\\/noticias\\\/wp-content\\\/uploads\\\/2020\\\/12\\\/EDA.jpg\",\"@id\":\"https:\\\/\\\/www.eldigitaldeasturias.com\\\/noticias\\\/dimite-un-alto-cargo-socialdemocrata-aleman-al-revelarse-que-tuvo-una-cuenta-suiza\\\/#organizationLogo\"},\"image\":{\"@id\":\"https:\\\/\\\/www.eldigitaldeasturias.com\\\/noticias\\\/dimite-un-alto-cargo-socialdemocrata-aleman-al-revelarse-que-tuvo-una-cuenta-suiza\\\/#organizationLogo\"},\"sameAs\":[\"https:\\\/\\\/facebook.com\\\/eldigitaldeasturias\",\"https:\\\/\\\/www.youtube.com\\\/channel\\\/UCZP-2wLEB9Rv6erhFmqVnvg\"],\"address\":{\"@id\":\"https:\\\/\\\/www.eldigitaldeasturias.com\\\/noticias\\\/#postaladdress\",\"@type\":\"PostalAddress\",\"streetAddress\":\"san antonio 4\",\"postalCode\":\"33430\",\"addressLocality\":\"Cand\\u00e1s\",\"addressRegion\":\"Asturias\",\"addressCountry\":\"ES\"}},{\"@type\":\"Person\",\"@id\":\"https:\\\/\\\/www.eldigitaldeasturias.com\\\/noticias\\\/author\\\/admin\\\/#author\",\"url\":\"https:\\\/\\\/www.eldigitaldeasturias.com\\\/noticias\\\/author\\\/admin\\\/\",\"name\":\"El Digital de Asturias\",\"image\":{\"@type\":\"ImageObject\",\"@id\":\"https:\\\/\\\/www.eldigitaldeasturias.com\\\/noticias\\\/dimite-un-alto-cargo-socialdemocrata-aleman-al-revelarse-que-tuvo-una-cuenta-suiza\\\/#authorImage\",\"url\":\"https:\\\/\\\/secure.gravatar.com\\\/avatar\\\/df2aeffc32bcd13f8d26072ef8a91b623d677766deac7f97ca815868cd41bf5e?s=96&d=mm&r=g\",\"width\":96,\"height\":96,\"caption\":\"El Digital de Asturias\"}},{\"@type\":\"WebPage\",\"@id\":\"https:\\\/\\\/www.eldigitaldeasturias.com\\\/noticias\\\/dimite-un-alto-cargo-socialdemocrata-aleman-al-revelarse-que-tuvo-una-cuenta-suiza\\\/#webpage\",\"url\":\"https:\\\/\\\/www.eldigitaldeasturias.com\\\/noticias\\\/dimite-un-alto-cargo-socialdemocrata-aleman-al-revelarse-que-tuvo-una-cuenta-suiza\\\/\",\"name\":\"Dimite un alto cargo socialdem\\u00f3crata alem\\u00e1n al revelarse que tuvo una cuenta suiza - El Digital de Asturias\",\"description\":\"Berl\\u00edn, 3 feb (EFE).- El secretario de Estado de Cultura de Berl\\u00edn, el socialdem\\u00f3pcr\\u00e1ta Andr\\u00e9 Schmitz, dimitir\\u00e1 ma\\u00f1ana de su cargo tras revelarse que posey\\u00f3 una cuenta en Suiza para evadir impuestos, seg\\u00fan avanzaron varios medios alemanes. Su caso ha avivado la pol\\u00e9mica sobre los delitos fiscales en Alemania, que ayer conoci\\u00f3, tambi\\u00e9n a trav\\u00e9s\",\"inLanguage\":\"es-ES\",\"isPartOf\":{\"@id\":\"https:\\\/\\\/www.eldigitaldeasturias.com\\\/noticias\\\/#website\"},\"breadcrumb\":{\"@id\":\"https:\\\/\\\/www.eldigitaldeasturias.com\\\/noticias\\\/dimite-un-alto-cargo-socialdemocrata-aleman-al-revelarse-que-tuvo-una-cuenta-suiza\\\/#breadcrumblist\"},\"author\":{\"@id\":\"https:\\\/\\\/www.eldigitaldeasturias.com\\\/noticias\\\/author\\\/admin\\\/#author\"},\"creator\":{\"@id\":\"https:\\\/\\\/www.eldigitaldeasturias.com\\\/noticias\\\/author\\\/admin\\\/#author\"},\"image\":{\"@type\":\"ImageObject\",\"url\":483082,\"@id\":\"https:\\\/\\\/www.eldigitaldeasturias.com\\\/noticias\\\/dimite-un-alto-cargo-socialdemocrata-aleman-al-revelarse-que-tuvo-una-cuenta-suiza\\\/#mainImage\"},\"primaryImageOfPage\":{\"@id\":\"https:\\\/\\\/www.eldigitaldeasturias.com\\\/noticias\\\/dimite-un-alto-cargo-socialdemocrata-aleman-al-revelarse-que-tuvo-una-cuenta-suiza\\\/#mainImage\"},\"datePublished\":\"2014-02-04T00:13:19+01:00\",\"dateModified\":\"2014-02-04T00:13:19+01:00\"},{\"@type\":\"WebSite\",\"@id\":\"https:\\\/\\\/www.eldigitaldeasturias.com\\\/noticias\\\/#website\",\"url\":\"https:\\\/\\\/www.eldigitaldeasturias.com\\\/noticias\\\/\",\"name\":\"El Digital de Asturias - Diario de actualidad y noticias\",\"alternateName\":\"El Digital de Asturias - Diario de actualidad y noticias\",\"description\":\"Hemeroteca\",\"inLanguage\":\"es-ES\",\"publisher\":{\"@id\":\"https:\\\/\\\/www.eldigitaldeasturias.com\\\/noticias\\\/#organization\"}}]}\n\t\t<\/script>\n\t\t<!-- All in One SEO Pro -->\r\n\t\t<title>Dimite un alto cargo socialdem\u00f3crata alem\u00e1n al revelarse que tuvo una cuenta suiza - El Digital de Asturias<\/title>\n\n","aioseo_head_json":{"title":"Dimite un alto cargo socialdem\u00f3crata alem\u00e1n al revelarse que tuvo una cuenta suiza - El Digital de Asturias","description":"Berl\u00edn, 3 feb (EFE).- El secretario de Estado de Cultura de Berl\u00edn, el socialdem\u00f3pcr\u00e1ta Andr\u00e9 Schmitz, dimitir\u00e1 ma\u00f1ana de su cargo tras revelarse que posey\u00f3 una cuenta en Suiza para evadir impuestos, seg\u00fan avanzaron varios medios alemanes. Su caso ha avivado la pol\u00e9mica sobre los delitos fiscales en Alemania, que ayer conoci\u00f3, tambi\u00e9n a trav\u00e9s","canonical_url":"https:\/\/www.eldigitaldeasturias.com\/noticias\/dimite-un-alto-cargo-socialdemocrata-aleman-al-revelarse-que-tuvo-una-cuenta-suiza\/","robots":"max-image-preview:large","keywords":"actualidad","webmasterTools":{"google-site-verification":"UA-38556648-1","msvalidate.01":"7dfe9f3f1b24437ab69f4f2559babe99","miscellaneous":""},"schema":{"@context":"https:\/\/schema.org","@graph":[{"@type":"BlogPosting","@id":"https:\/\/www.eldigitaldeasturias.com\/noticias\/dimite-un-alto-cargo-socialdemocrata-aleman-al-revelarse-que-tuvo-una-cuenta-suiza\/#blogposting","name":"Dimite un alto cargo socialdem\u00f3crata alem\u00e1n al revelarse que tuvo una cuenta suiza - El Digital de Asturias","headline":"Dimite un alto cargo socialdem\u00f3crata alem\u00e1n al revelarse que tuvo una cuenta suiza","author":{"@id":"https:\/\/www.eldigitaldeasturias.com\/noticias\/author\/admin\/#author"},"publisher":{"@id":"https:\/\/www.eldigitaldeasturias.com\/noticias\/#organization"},"image":{"@type":"ImageObject","url":483082},"datePublished":"2014-02-04T00:13:19+01:00","dateModified":"2014-02-04T00:13:19+01:00","inLanguage":"es-ES","mainEntityOfPage":{"@id":"https:\/\/www.eldigitaldeasturias.com\/noticias\/dimite-un-alto-cargo-socialdemocrata-aleman-al-revelarse-que-tuvo-una-cuenta-suiza\/#webpage"},"isPartOf":{"@id":"https:\/\/www.eldigitaldeasturias.com\/noticias\/dimite-un-alto-cargo-socialdemocrata-aleman-al-revelarse-que-tuvo-una-cuenta-suiza\/#webpage"},"articleSection":"Actualidad"},{"@type":"BreadcrumbList","@id":"https:\/\/www.eldigitaldeasturias.com\/noticias\/dimite-un-alto-cargo-socialdemocrata-aleman-al-revelarse-que-tuvo-una-cuenta-suiza\/#breadcrumblist","itemListElement":[{"@type":"ListItem","@id":"https:\/\/www.eldigitaldeasturias.com\/noticias#listItem","position":1,"name":"Home","item":"https:\/\/www.eldigitaldeasturias.com\/noticias","nextItem":{"@type":"ListItem","@id":"https:\/\/www.eldigitaldeasturias.com\/noticias\/category\/actualidad\/#listItem","name":"Actualidad"}},{"@type":"ListItem","@id":"https:\/\/www.eldigitaldeasturias.com\/noticias\/category\/actualidad\/#listItem","position":2,"name":"Actualidad","item":"https:\/\/www.eldigitaldeasturias.com\/noticias\/category\/actualidad\/","nextItem":{"@type":"ListItem","@id":"https:\/\/www.eldigitaldeasturias.com\/noticias\/dimite-un-alto-cargo-socialdemocrata-aleman-al-revelarse-que-tuvo-una-cuenta-suiza\/#listItem","name":"Dimite un alto cargo socialdem\u00f3crata alem\u00e1n al revelarse que tuvo una cuenta suiza"},"previousItem":{"@type":"ListItem","@id":"https:\/\/www.eldigitaldeasturias.com\/noticias#listItem","name":"Home"}},{"@type":"ListItem","@id":"https:\/\/www.eldigitaldeasturias.com\/noticias\/dimite-un-alto-cargo-socialdemocrata-aleman-al-revelarse-que-tuvo-una-cuenta-suiza\/#listItem","position":3,"name":"Dimite un alto cargo socialdem\u00f3crata alem\u00e1n al revelarse que tuvo una cuenta suiza","previousItem":{"@type":"ListItem","@id":"https:\/\/www.eldigitaldeasturias.com\/noticias\/category\/actualidad\/#listItem","name":"Actualidad"}}]},{"@type":"Organization","@id":"https:\/\/www.eldigitaldeasturias.com\/noticias\/#organization","name":"El Digital de Asturias","description":"Hemeroteca","url":"https:\/\/www.eldigitaldeasturias.com\/noticias\/","email":"info@eldigitaldeasturias.com","telephone":"+34652131393","logo":{"@type":"ImageObject","url":"https:\/\/www.eldigitaldeasturias.com\/noticias\/wp-content\/uploads\/2020\/12\/EDA.jpg","@id":"https:\/\/www.eldigitaldeasturias.com\/noticias\/dimite-un-alto-cargo-socialdemocrata-aleman-al-revelarse-que-tuvo-una-cuenta-suiza\/#organizationLogo"},"image":{"@id":"https:\/\/www.eldigitaldeasturias.com\/noticias\/dimite-un-alto-cargo-socialdemocrata-aleman-al-revelarse-que-tuvo-una-cuenta-suiza\/#organizationLogo"},"sameAs":["https:\/\/facebook.com\/eldigitaldeasturias","https:\/\/www.youtube.com\/channel\/UCZP-2wLEB9Rv6erhFmqVnvg"],"address":{"@id":"https:\/\/www.eldigitaldeasturias.com\/noticias\/#postaladdress","@type":"PostalAddress","streetAddress":"san antonio 4","postalCode":"33430","addressLocality":"Cand\u00e1s","addressRegion":"Asturias","addressCountry":"ES"}},{"@type":"Person","@id":"https:\/\/www.eldigitaldeasturias.com\/noticias\/author\/admin\/#author","url":"https:\/\/www.eldigitaldeasturias.com\/noticias\/author\/admin\/","name":"El Digital de Asturias","image":{"@type":"ImageObject","@id":"https:\/\/www.eldigitaldeasturias.com\/noticias\/dimite-un-alto-cargo-socialdemocrata-aleman-al-revelarse-que-tuvo-una-cuenta-suiza\/#authorImage","url":"https:\/\/secure.gravatar.com\/avatar\/df2aeffc32bcd13f8d26072ef8a91b623d677766deac7f97ca815868cd41bf5e?s=96&d=mm&r=g","width":96,"height":96,"caption":"El Digital de Asturias"}},{"@type":"WebPage","@id":"https:\/\/www.eldigitaldeasturias.com\/noticias\/dimite-un-alto-cargo-socialdemocrata-aleman-al-revelarse-que-tuvo-una-cuenta-suiza\/#webpage","url":"https:\/\/www.eldigitaldeasturias.com\/noticias\/dimite-un-alto-cargo-socialdemocrata-aleman-al-revelarse-que-tuvo-una-cuenta-suiza\/","name":"Dimite un alto cargo socialdem\u00f3crata alem\u00e1n al revelarse que tuvo una cuenta suiza - El Digital de Asturias","description":"Berl\u00edn, 3 feb (EFE).- El secretario de Estado de Cultura de Berl\u00edn, el socialdem\u00f3pcr\u00e1ta Andr\u00e9 Schmitz, dimitir\u00e1 ma\u00f1ana de su cargo tras revelarse que posey\u00f3 una cuenta en Suiza para evadir impuestos, seg\u00fan avanzaron varios medios alemanes. Su caso ha avivado la pol\u00e9mica sobre los delitos fiscales en Alemania, que ayer conoci\u00f3, tambi\u00e9n a trav\u00e9s","inLanguage":"es-ES","isPartOf":{"@id":"https:\/\/www.eldigitaldeasturias.com\/noticias\/#website"},"breadcrumb":{"@id":"https:\/\/www.eldigitaldeasturias.com\/noticias\/dimite-un-alto-cargo-socialdemocrata-aleman-al-revelarse-que-tuvo-una-cuenta-suiza\/#breadcrumblist"},"author":{"@id":"https:\/\/www.eldigitaldeasturias.com\/noticias\/author\/admin\/#author"},"creator":{"@id":"https:\/\/www.eldigitaldeasturias.com\/noticias\/author\/admin\/#author"},"image":{"@type":"ImageObject","url":483082,"@id":"https:\/\/www.eldigitaldeasturias.com\/noticias\/dimite-un-alto-cargo-socialdemocrata-aleman-al-revelarse-que-tuvo-una-cuenta-suiza\/#mainImage"},"primaryImageOfPage":{"@id":"https:\/\/www.eldigitaldeasturias.com\/noticias\/dimite-un-alto-cargo-socialdemocrata-aleman-al-revelarse-que-tuvo-una-cuenta-suiza\/#mainImage"},"datePublished":"2014-02-04T00:13:19+01:00","dateModified":"2014-02-04T00:13:19+01:00"},{"@type":"WebSite","@id":"https:\/\/www.eldigitaldeasturias.com\/noticias\/#website","url":"https:\/\/www.eldigitaldeasturias.com\/noticias\/","name":"El Digital de Asturias - Diario de actualidad y noticias","alternateName":"El Digital de Asturias - Diario de actualidad y noticias","description":"Hemeroteca","inLanguage":"es-ES","publisher":{"@id":"https:\/\/www.eldigitaldeasturias.com\/noticias\/#organization"}}]},"og:locale":"es_ES","og:site_name":"El Digital de Asturias","og:type":"article","og:title":"Dimite un alto cargo socialdem\u00f3crata alem\u00e1n al revelarse que tuvo una cuenta suiza - El Digital de Asturias","og:description":"Berl\u00edn, 3 feb (EFE).- El secretario de Estado de Cultura de Berl\u00edn, el socialdem\u00f3pcr\u00e1ta Andr\u00e9 Schmitz, dimitir\u00e1 ma\u00f1ana de su cargo tras revelarse que posey\u00f3 una cuenta en Suiza para evadir impuestos, seg\u00fan avanzaron varios medios alemanes. Su caso ha avivado la pol\u00e9mica sobre los delitos fiscales en Alemania, que ayer conoci\u00f3, tambi\u00e9n a trav\u00e9s","og:url":"https:\/\/www.eldigitaldeasturias.com\/noticias\/dimite-un-alto-cargo-socialdemocrata-aleman-al-revelarse-que-tuvo-una-cuenta-suiza\/","article:tag":["actualidad"],"article:published_time":"2014-02-04T01:13:19+00:00","article:modified_time":"2014-02-04T01:13:19+00:00","article:publisher":"https:\/\/facebook.com\/eldigitaldeasturias","twitter:card":"summary_large_image","twitter:title":"Dimite un alto cargo socialdem\u00f3crata alem\u00e1n al revelarse que tuvo una cuenta suiza - El Digital de Asturias","twitter:description":"Berl\u00edn, 3 feb (EFE).- El secretario de Estado de Cultura de Berl\u00edn, el socialdem\u00f3pcr\u00e1ta Andr\u00e9 Schmitz, dimitir\u00e1 ma\u00f1ana de su cargo tras revelarse que posey\u00f3 una cuenta en Suiza para evadir impuestos, seg\u00fan avanzaron varios medios alemanes. Su caso ha avivado la pol\u00e9mica sobre los delitos fiscales en Alemania, que ayer conoci\u00f3, tambi\u00e9n a trav\u00e9s","twitter:label1":"Escrito por","twitter:data1":"El Digital de Asturias","twitter:label2":"Tiempo de lectura estimado","twitter:data2":"3 minutos"},"aioseo_meta_data":{"post_id":"483081","title":null,"description":null,"keywords":null,"keyphrases":null,"primary_term":null,"canonical_url":null,"og_title":null,"og_description":null,"og_object_type":"default","og_image_type":"default","og_image_url":null,"og_image_width":null,"og_image_height":null,"og_image_custom_url":null,"og_image_custom_fields":null,"og_video":null,"og_custom_url":null,"og_article_section":null,"og_article_tags":null,"twitter_use_og":true,"twitter_card":"default","twitter_image_type":"default","twitter_image_url":null,"twitter_image_custom_url":null,"twitter_image_custom_fields":null,"twitter_title":null,"twitter_description":null,"schema":{"blockGraphs":[],"customGraphs":[],"default":{"data":{"Article":[],"Course":[],"Dataset":[],"FAQPage":[],"Movie":[],"Person":[],"Product":[],"ProductReview":[],"Car":[],"Recipe":[],"Service":[],"SoftwareApplication":[],"WebPage":[]},"graphName":"","isEnabled":true},"graphs":[],"defaultGraph":"","defaultPostTypeGraph":""},"schema_type":null,"schema_type_options":null,"pillar_content":false,"robots_default":true,"robots_noindex":false,"robots_noarchive":false,"robots_nosnippet":false,"robots_nofollow":false,"robots_noimageindex":false,"robots_noodp":false,"robots_notranslate":false,"robots_max_snippet":null,"robots_max_videopreview":null,"robots_max_imagepreview":"none","priority":null,"frequency":null,"local_seo":null,"seo_analyzer_scan_date":"2026-06-02 11:45:23","breadcrumb_settings":null,"limit_modified_date":false,"open_ai":null,"ai":null,"created":"2020-11-14 22:54:43","updated":"2026-06-02 11:45:23","focus_keyword":null,"additional_keywords":null,"truseo_locale":null},"aioseo_breadcrumb":"<div class=\"aioseo-breadcrumbs\"><span class=\"aioseo-breadcrumb\">\n\t<a href=\"https:\/\/www.eldigitaldeasturias.com\/noticias\" title=\"Home\">Home<\/a>\n<\/span><span class=\"aioseo-breadcrumb-separator\">\u2013<\/span><span class=\"aioseo-breadcrumb\">\n\t<a href=\"https:\/\/www.eldigitaldeasturias.com\/noticias\/category\/actualidad\/\" title=\"Actualidad\">Actualidad<\/a>\n<\/span><span class=\"aioseo-breadcrumb-separator\">\u2013<\/span><span class=\"aioseo-breadcrumb\">\n\t<a href=\"https:\/\/www.eldigitaldeasturias.com\/noticias\/dimite-un-alto-cargo-socialdemocrata-aleman-al-revelarse-que-tuvo-una-cuenta-suiza\/\" title=\"Dimite un alto cargo socialdem\u00f3crata alem\u00e1n al revelarse que tuvo una cuenta suiza\">Dimite un alto cargo socialdem\u00f3crata alem\u00e1n al revelarse que tuvo una cuenta suiza<\/a>\n<\/span><\/div>","aioseo_breadcrumb_json":[{"label":"Home","link":"https:\/\/www.eldigitaldeasturias.com\/noticias"},{"label":"Actualidad","link":"https:\/\/www.eldigitaldeasturias.com\/noticias\/category\/actualidad\/"},{"label":"Dimite un alto cargo socialdem\u00f3crata alem\u00e1n al revelarse que tuvo una cuenta suiza","link":"https:\/\/www.eldigitaldeasturias.com\/noticias\/dimite-un-alto-cargo-socialdemocrata-aleman-al-revelarse-que-tuvo-una-cuenta-suiza\/"}],"_links":{"self":[{"href":"https:\/\/www.eldigitaldeasturias.com\/noticias\/wp-json\/wp\/v2\/posts\/483081","targetHints":{"allow":["GET"]}}],"collection":[{"href":"https:\/\/www.eldigitaldeasturias.com\/noticias\/wp-json\/wp\/v2\/posts"}],"about":[{"href":"https:\/\/www.eldigitaldeasturias.com\/noticias\/wp-json\/wp\/v2\/types\/post"}],"author":[{"embeddable":true,"href":"https:\/\/www.eldigitaldeasturias.com\/noticias\/wp-json\/wp\/v2\/users\/1"}],"replies":[{"embeddable":true,"href":"https:\/\/www.eldigitaldeasturias.com\/noticias\/wp-json\/wp\/v2\/comments?post=483081"}],"version-history":[{"count":0,"href":"https:\/\/www.eldigitaldeasturias.com\/noticias\/wp-json\/wp\/v2\/posts\/483081\/revisions"}],"wp:attachment":[{"href":"https:\/\/www.eldigitaldeasturias.com\/noticias\/wp-json\/wp\/v2\/media?parent=483081"}],"wp:term":[{"taxonomy":"category","embeddable":true,"href":"https:\/\/www.eldigitaldeasturias.com\/noticias\/wp-json\/wp\/v2\/categories?post=483081"},{"taxonomy":"post_tag","embeddable":true,"href":"https:\/\/www.eldigitaldeasturias.com\/noticias\/wp-json\/wp\/v2\/tags?post=483081"}],"curies":[{"name":"wp","href":"https:\/\/api.w.org\/{rel}","templated":true}]}}