{"id":483066,"date":"2014-02-03T23:45:49","date_gmt":"2014-02-04T00:45:49","guid":{"rendered":"http:\/\/www.eldigitaldeasturias.com\/noticias\/?p=483066"},"modified":"2014-02-03T23:45:49","modified_gmt":"2014-02-04T00:45:49","slug":"occidente-prepara-un-plan-marshall-para-ucrania","status":"publish","type":"post","link":"https:\/\/www.eldigitaldeasturias.com\/noticias\/occidente-prepara-un-plan-marshall-para-ucrania\/","title":{"rendered":"Occidente prepara un \u00abplan Marshall\u00bb para Ucrania"},"content":{"rendered":"<p><img loading=\"lazy\" decoding=\"async\" class=\"alignleft size-medium wp-image-481255\" alt=\"ucrania\" src=\"https:\/\/www.eldigitaldeasturias.com\/noticias\/wp-content\/uploads\/2014\/01\/ucrania1-360x240.jpg\" width=\"360\" height=\"240\" \/>Kiev\/Bruselas\/Washington, 3 feb (dpa) &#8211; La Uni\u00f3n Europea (UE) ofrecer\u00e1 incentivos financieros masivos a Ucrania para aumentar su influencia en el pa\u00eds, pero el dinero s\u00f3lo fluir\u00e1 si Kiev aprueba un gobierno de transici\u00f3n en el que participe la oposici\u00f3n liderada por Vitali Klitschko.<\/p>\n<p>Se trata de intentar \u00abayudar a Ucrania a ponerse en su camino europeo, porque que creemos que ese es el camino que prefieren la mayor\u00eda de los ucranianos\u00bb, confirm\u00f3 hoy el presidente de la Comisi\u00f3n Europea, Jos\u00e9 Manuel Durao Barroso, reaccionando a declaraciones anteriores de la jefa de la diplomacia europea, Catherine Ashton, a quien se espera el martes en Kiev para continuar sus esfuerzos de mediaci\u00f3n.<\/p>\n<p>Citada por el diario \u00abThe Wall Street Journal\u00bb, Ashton hab\u00eda se\u00f1alado que la UE y Estados Unidos estaban trabajando en un plan de ayudas a corto plazo para Ucrania con el objetivo de respaldar al pa\u00eds durante la etapa de transici\u00f3n, con un gobierno interino que iniciara importantes reformas econ\u00f3micas y pol\u00edticas, adem\u00e1s de convocar elecciones presidenciales.<\/p>\n<p>De ese modo no ser\u00eda necesario que Ucrania firmara un acuerdo a largo plazo con el Fondo Monetario Internacional (FMI), destac\u00f3 Ashton.<\/p>\n<p>Barroso confirm\u00f3 que Bruselas est\u00e1 estudiando con otros socios esas ayudas adicionales. \u00abDebatiremos con otros socios lo que podemos hacer por un pa\u00eds en dificultades, un pa\u00eds que se encuentra ante enormes retos, si podemos hacer m\u00e1s en esta fase especial\u00bb, dijo tras reunirse con el jefe de gobierno georgiano, Irakli Garibashvili.<\/p>\n<p>Barroso destac\u00f3 que la UE es el mayor acreedor internacional de Ucrania pero rechaz\u00f3 una competici\u00f3n con Rusia. La mejor oferta financiera de la UE a Ucrania, dijo, es la apertura del mayor mercado interno del mundo a Kiev.<\/p>\n<p>Cuando se allane el camino hacia una soluci\u00f3n pol\u00edtica, la Uni\u00f3n Europea trabajar\u00e1 para que \u00abeste dif\u00edcil camino no termine en un desastre econ\u00f3mico\u00bb, dijo tambi\u00e9n por su parte el ministro de Exteriores alem\u00e1n, Fran-Walter Steinmeier, hoy en Berl\u00edn.<\/p>\n<p>Las protestas en Ucrania comenzaron precisamente despu\u00e9s de que el presidente Viktor Yanukovich se negara a firmar en \u00faltimo momento un hist\u00f3rico acuerdo de cooperaci\u00f3n con Bruselas, por presi\u00f3n de Rusia. La situaci\u00f3n escal\u00f3 tras la aprobaci\u00f3n a mediados de enero de leyes que restring\u00edan las libertades democr\u00e1ticas y en los enfrentamientos violentos murieron al menos cuatro personas, mientras m\u00e1s de 500 resultaron heridas.<\/p>\n<p>Mientras tanto, un encuentro previsto para hoy entre Yanukovich y Klitschko fue pospuesto a ma\u00f1ana, seg\u00fan inform\u00f3 el l\u00edder opositor al diario alem\u00e1n \u00abBild\u00bb. \u00abLe hemos esperado durante mucho tiempo, pero entonces nos dijeron que el presidente todav\u00eda tiene fiebre y que por eso no se reunir\u00e1 con nosotros hasta primera hora del martes\u00bb, explic\u00f3 Klitschko. Yanukovich pas\u00f3 varios d\u00edas de la semana pasada internado en una cl\u00ednica por fiebre y una enfermedad de las v\u00edas respiratorias.<\/p>\n<p>El opositor Arseni Yazeniuk anunci\u00f3 que los opositores est\u00e1n dispuestos a asumir responsabilidades de gobierno. \u00abHasta ahora s\u00f3lo hemos debatido un modelo: que la oposici\u00f3n asuma la total responsabilidad\u00bb, dijo el ex ministro de Exteriores en el canal 5 cr\u00edtico con el gobierno. \u00abEso significa que nosotros (&#8230;) sacaremos el pa\u00eds del agujero en el que el gobierno y el presidente lo han metido\u00bb.<\/p>\n<p>Antes, Yazeniuk y Klitschko hab\u00edan rechazado una oferta de Yanukovich para asumir puestos clave en el gobierno e insist\u00edan en la dimisi\u00f3n de Yanukovich.<\/p>\n<p>El presidente del Parlamento, Vladimir Rybak, destac\u00f3 que Yanukovich no ha ofrecido a\u00fan nadie el puesto de jefe de gobierno, tras la dimisi\u00f3n de Nikolai Azarov hace en torno a una semana por la presi\u00f3n de la oposici\u00f3n. Adem\u00e1s de Yazeniuk, el empresario Pyotr Poroshenko y el hasta ahora vicejefe de gobierno Serguei Arbusov son considerados candidatos.<\/p>\n<p>Yanukovich advirti\u00f3 hoy del extremismo y del odio en la ex rep\u00fablica sovi\u00e9tica. \u00abEl vandalismo por la ocupaci\u00f3n de instituciones estatales y los llamamientos que se oyen recuerdan a las ense\u00f1anzas del pasado\u00bb, dijo hoy durante una mesa redonda sobre el proceso democr\u00e1tico y los peligros del radicalismo. El gobierno de Kiev ha calificado a una gran parte de los manifestantes de radicales de derecha y antisemitas.<\/p>\n<p>Sin embargo, el gobierno y la oposici\u00f3n extraparlamentaria llegaron hoy a un acuerdo para la puesta en libertad de manifestantes arrestados a cambio de la retirada de administraciones ocupadas en Kiev, inform\u00f3 la prensa.<\/p>\n<p>Seg\u00fan las informaciones, las autoridades pondr\u00edan en libertad hasta el viernes a m\u00e1s de cien manifestantes. Como contrapartida, los manifestantes se retirar\u00edan de los edificios p\u00fablicos ocupados en Kiev y levantar\u00edan sus barricadas de la calle Gruschevski, en el barrio gubernamental.<\/p>\n<p>As\u00ed lo comunic\u00f3 en la plaza Maidan de Kiev un portavoz de las \u00abfuerzas de autodefensa\u00bb, seg\u00fan informaron medios locales. Sin embargo, la oposici\u00f3n que lidera el ex campe\u00f3n de boxeo Vitali Klitschko sigue impulsando una liberaci\u00f3n de los detenidos sin condiciones.<\/p>\n<p>Por otro lado, Rusia critic\u00f3 con dureza que Klitschko llamase el domingo a la creaci\u00f3n de grupos de autodefensa. \u00abEsperamos que la oposici\u00f3n ucraniana se distancie de las amenazas y ultim\u00e1tums y active el di\u00e1logo con el gobierno para encontrar una salida a la grave crisis\u00bb, dijo el Ministerio de Exteriores ruso.<\/p>\n<p>Adem\u00e1s, volvi\u00f3 a acusar indirectamente a Estados Unidos y la Uni\u00f3n Europea de avivar las protestas. \u00abEs muy extra\u00f1o que dichos pasos provocadores se tomen precisamente tras conversaciones de los l\u00edderes de la oposici\u00f3n con representantes de pa\u00edses occidentales\u00bb, dice el comunicado.<\/p>\n<p>Mientras tanto, dos periodistas rusos denunciaron que fueron secuestrados y golpeados brutalmente por desconocidos en Kiev, que los instaron a abandonar el pa\u00eds.<\/p>\n<p>Adem\u00e1s, el opositor presuntamente torturado Dmitri Bulatov se\u00f1al\u00f3 hoy su disposici\u00f3n a trabajar por un cambio pol\u00edtico en Ucrania. \u00abContinuar\u00e9 la lucha iniciada por la democracia en Ucrania\u00bb, dijo desde Vilna, donde recibe tratamiento m\u00e9dico tras ser secuestrado y torturado durante d\u00edas, seg\u00fan sus declaraciones. Seg\u00fan dijo, sus torturadores casi lo destruyeron f\u00edsicamente, pero no quebraron su voluntad.<\/p>\n","protected":false},"excerpt":{"rendered":"<p>Kiev\/Bruselas\/Washington, 3 feb (dpa) &#8211; La Uni\u00f3n Europea (UE) ofrecer\u00e1 incentivos financieros masivos a Ucrania para aumentar su influencia en el pa\u00eds, pero el dinero s\u00f3lo fluir\u00e1 si Kiev aprueba un gobierno de transici\u00f3n en el que participe la oposici\u00f3n liderada por Vitali Klitschko. Se trata de intentar \u00abayudar a Ucrania a ponerse en su [&hellip;]<\/p>\n","protected":false},"author":1,"featured_media":1132184,"comment_status":"closed","ping_status":"open","sticky":false,"template":"","format":"standard","meta":{"footnotes":""},"categories":[1],"tags":[],"class_list":["post-483066","post","type-post","status-publish","format-standard","has-post-thumbnail","hentry","category-actualidad"],"aioseo_notices":[],"aioseo_head":"\n\t\t<!-- All in One SEO Pro 5.0.1 - aioseo.com -->\n\t<meta name=\"description\" content=\"Kiev\/Bruselas\/Washington, 3 feb (dpa) - La Uni\u00f3n Europea (UE) ofrecer\u00e1 incentivos financieros masivos a Ucrania para aumentar su influencia en el pa\u00eds, pero el dinero s\u00f3lo fluir\u00e1 si Kiev aprueba un gobierno de transici\u00f3n en el que participe la oposici\u00f3n liderada por Vitali Klitschko. Se trata de intentar &quot;ayudar a Ucrania a ponerse en su\" \/>\n\t<meta name=\"robots\" content=\"max-image-preview:large\" \/>\n\t<meta name=\"author\" content=\"El Digital de Asturias\"\/>\n\t<meta name=\"google-site-verification\" content=\"UA-38556648-1\" \/>\n\t<meta name=\"msvalidate.01\" content=\"7dfe9f3f1b24437ab69f4f2559babe99\" \/>\n\t<meta name=\"keywords\" content=\"actualidad\" \/>\n\t<link rel=\"canonical\" href=\"https:\/\/www.eldigitaldeasturias.com\/noticias\/occidente-prepara-un-plan-marshall-para-ucrania\/\" \/>\n\t<meta name=\"generator\" content=\"All in One SEO Pro (AIOSEO) 5.0.1\" \/>\n\t\t<meta property=\"og:locale\" content=\"es_ES\" \/>\n\t\t<meta property=\"og:site_name\" content=\"El Digital de Asturias\" \/>\n\t\t<meta property=\"og:type\" content=\"article\" \/>\n\t\t<meta property=\"og:title\" content=\"Occidente prepara un \u00abplan Marshall\u00bb para Ucrania - El Digital de Asturias\" \/>\n\t\t<meta property=\"og:description\" content=\"Kiev\/Bruselas\/Washington, 3 feb (dpa) - La Uni\u00f3n Europea (UE) ofrecer\u00e1 incentivos financieros masivos a Ucrania para aumentar su influencia en el pa\u00eds, pero el dinero s\u00f3lo fluir\u00e1 si Kiev aprueba un gobierno de transici\u00f3n en el que participe la oposici\u00f3n liderada por Vitali Klitschko. Se trata de intentar &quot;ayudar a Ucrania a ponerse en su\" \/>\n\t\t<meta property=\"og:url\" content=\"https:\/\/www.eldigitaldeasturias.com\/noticias\/occidente-prepara-un-plan-marshall-para-ucrania\/\" \/>\n\t\t<meta property=\"og:image\" content=\"https:\/\/www.eldigitaldeasturias.com\/noticias\/wp-content\/uploads\/2026\/06\/Contenidos.jpg\" \/>\n\t\t<meta property=\"og:image:secure_url\" content=\"https:\/\/www.eldigitaldeasturias.com\/noticias\/wp-content\/uploads\/2026\/06\/Contenidos.jpg\" \/>\n\t\t<meta property=\"og:image:width\" content=\"1265\" \/>\n\t\t<meta property=\"og:image:height\" content=\"697\" \/>\n\t\t<meta property=\"article:tag\" content=\"actualidad\" \/>\n\t\t<meta property=\"article:published_time\" content=\"2014-02-04T00:45:49+00:00\" \/>\n\t\t<meta property=\"article:modified_time\" content=\"2014-02-04T00:45:49+00:00\" \/>\n\t\t<meta property=\"article:publisher\" content=\"https:\/\/facebook.com\/eldigitaldeasturias\" \/>\n\t\t<meta name=\"twitter:card\" content=\"summary_large_image\" \/>\n\t\t<meta name=\"twitter:title\" content=\"Occidente prepara un \u00abplan Marshall\u00bb para Ucrania - El Digital de Asturias\" \/>\n\t\t<meta name=\"twitter:description\" content=\"Kiev\/Bruselas\/Washington, 3 feb (dpa) - La Uni\u00f3n Europea (UE) ofrecer\u00e1 incentivos financieros masivos a Ucrania para aumentar su influencia en el pa\u00eds, pero el dinero s\u00f3lo fluir\u00e1 si Kiev aprueba un gobierno de transici\u00f3n en el que participe la oposici\u00f3n liderada por Vitali Klitschko. Se trata de intentar &quot;ayudar a Ucrania a ponerse en su\" \/>\n\t\t<meta name=\"twitter:image\" content=\"https:\/\/www.eldigitaldeasturias.com\/noticias\/wp-content\/uploads\/2026\/06\/Contenidos.jpg\" \/>\n\t\t<meta name=\"twitter:label1\" content=\"Escrito por\" \/>\n\t\t<meta name=\"twitter:data1\" content=\"El Digital de Asturias\" \/>\n\t\t<meta name=\"twitter:label2\" content=\"Tiempo de lectura estimado\" \/>\n\t\t<meta name=\"twitter:data2\" content=\"5 minutos\" \/>\n\t\t<script type=\"application\/ld+json\" class=\"aioseo-schema\">\n\t\t\t{\"@context\":\"https:\\\/\\\/schema.org\",\"@graph\":[{\"@type\":\"BlogPosting\",\"@id\":\"https:\\\/\\\/www.eldigitaldeasturias.com\\\/noticias\\\/occidente-prepara-un-plan-marshall-para-ucrania\\\/#blogposting\",\"name\":\"Occidente prepara un \\u00abplan Marshall\\u00bb para Ucrania - El Digital de Asturias\",\"headline\":\"Occidente prepara un \\u00abplan Marshall\\u00bb para Ucrania\",\"author\":{\"@id\":\"https:\\\/\\\/www.eldigitaldeasturias.com\\\/noticias\\\/author\\\/admin\\\/#author\"},\"publisher\":{\"@id\":\"https:\\\/\\\/www.eldigitaldeasturias.com\\\/noticias\\\/#organization\"},\"image\":{\"@type\":\"ImageObject\",\"url\":\"https:\\\/\\\/www.eldigitaldeasturias.com\\\/noticias\\\/wp-content\\\/uploads\\\/2026\\\/06\\\/Contenidos.jpg\",\"width\":1265,\"height\":697,\"caption\":\"Contenidos\"},\"datePublished\":\"2014-02-03T23:45:49+01:00\",\"dateModified\":\"2014-02-03T23:45:49+01:00\",\"inLanguage\":\"es-ES\",\"mainEntityOfPage\":{\"@id\":\"https:\\\/\\\/www.eldigitaldeasturias.com\\\/noticias\\\/occidente-prepara-un-plan-marshall-para-ucrania\\\/#webpage\"},\"isPartOf\":{\"@id\":\"https:\\\/\\\/www.eldigitaldeasturias.com\\\/noticias\\\/occidente-prepara-un-plan-marshall-para-ucrania\\\/#webpage\"},\"articleSection\":\"Actualidad\"},{\"@type\":\"BreadcrumbList\",\"@id\":\"https:\\\/\\\/www.eldigitaldeasturias.com\\\/noticias\\\/occidente-prepara-un-plan-marshall-para-ucrania\\\/#breadcrumblist\",\"itemListElement\":[{\"@type\":\"ListItem\",\"@id\":\"https:\\\/\\\/www.eldigitaldeasturias.com\\\/noticias#listItem\",\"position\":1,\"name\":\"Home\",\"item\":\"https:\\\/\\\/www.eldigitaldeasturias.com\\\/noticias\",\"nextItem\":{\"@type\":\"ListItem\",\"@id\":\"https:\\\/\\\/www.eldigitaldeasturias.com\\\/noticias\\\/category\\\/actualidad\\\/#listItem\",\"name\":\"Actualidad\"}},{\"@type\":\"ListItem\",\"@id\":\"https:\\\/\\\/www.eldigitaldeasturias.com\\\/noticias\\\/category\\\/actualidad\\\/#listItem\",\"position\":2,\"name\":\"Actualidad\",\"item\":\"https:\\\/\\\/www.eldigitaldeasturias.com\\\/noticias\\\/category\\\/actualidad\\\/\",\"nextItem\":{\"@type\":\"ListItem\",\"@id\":\"https:\\\/\\\/www.eldigitaldeasturias.com\\\/noticias\\\/occidente-prepara-un-plan-marshall-para-ucrania\\\/#listItem\",\"name\":\"Occidente prepara un \\u00abplan Marshall\\u00bb para Ucrania\"},\"previousItem\":{\"@type\":\"ListItem\",\"@id\":\"https:\\\/\\\/www.eldigitaldeasturias.com\\\/noticias#listItem\",\"name\":\"Home\"}},{\"@type\":\"ListItem\",\"@id\":\"https:\\\/\\\/www.eldigitaldeasturias.com\\\/noticias\\\/occidente-prepara-un-plan-marshall-para-ucrania\\\/#listItem\",\"position\":3,\"name\":\"Occidente prepara un \\u00abplan Marshall\\u00bb para Ucrania\",\"previousItem\":{\"@type\":\"ListItem\",\"@id\":\"https:\\\/\\\/www.eldigitaldeasturias.com\\\/noticias\\\/category\\\/actualidad\\\/#listItem\",\"name\":\"Actualidad\"}}]},{\"@type\":\"Organization\",\"@id\":\"https:\\\/\\\/www.eldigitaldeasturias.com\\\/noticias\\\/#organization\",\"name\":\"El Digital de Asturias\",\"description\":\"Hemeroteca\",\"url\":\"https:\\\/\\\/www.eldigitaldeasturias.com\\\/noticias\\\/\",\"email\":\"info@eldigitaldeasturias.com\",\"telephone\":\"+34652131393\",\"logo\":{\"@type\":\"ImageObject\",\"url\":\"https:\\\/\\\/www.eldigitaldeasturias.com\\\/noticias\\\/wp-content\\\/uploads\\\/2020\\\/12\\\/EDA.jpg\",\"@id\":\"https:\\\/\\\/www.eldigitaldeasturias.com\\\/noticias\\\/occidente-prepara-un-plan-marshall-para-ucrania\\\/#organizationLogo\"},\"image\":{\"@id\":\"https:\\\/\\\/www.eldigitaldeasturias.com\\\/noticias\\\/occidente-prepara-un-plan-marshall-para-ucrania\\\/#organizationLogo\"},\"sameAs\":[\"https:\\\/\\\/facebook.com\\\/eldigitaldeasturias\",\"https:\\\/\\\/www.youtube.com\\\/channel\\\/UCZP-2wLEB9Rv6erhFmqVnvg\"],\"address\":{\"@id\":\"https:\\\/\\\/www.eldigitaldeasturias.com\\\/noticias\\\/#postaladdress\",\"@type\":\"PostalAddress\",\"streetAddress\":\"san antonio 4\",\"postalCode\":\"33430\",\"addressLocality\":\"Cand\\u00e1s\",\"addressRegion\":\"Asturias\",\"addressCountry\":\"ES\"}},{\"@type\":\"Person\",\"@id\":\"https:\\\/\\\/www.eldigitaldeasturias.com\\\/noticias\\\/author\\\/admin\\\/#author\",\"url\":\"https:\\\/\\\/www.eldigitaldeasturias.com\\\/noticias\\\/author\\\/admin\\\/\",\"name\":\"El Digital de Asturias\",\"image\":{\"@type\":\"ImageObject\",\"@id\":\"https:\\\/\\\/www.eldigitaldeasturias.com\\\/noticias\\\/occidente-prepara-un-plan-marshall-para-ucrania\\\/#authorImage\",\"url\":\"https:\\\/\\\/secure.gravatar.com\\\/avatar\\\/df2aeffc32bcd13f8d26072ef8a91b623d677766deac7f97ca815868cd41bf5e?s=96&d=mm&r=g\",\"width\":96,\"height\":96,\"caption\":\"El Digital de Asturias\"}},{\"@type\":\"WebPage\",\"@id\":\"https:\\\/\\\/www.eldigitaldeasturias.com\\\/noticias\\\/occidente-prepara-un-plan-marshall-para-ucrania\\\/#webpage\",\"url\":\"https:\\\/\\\/www.eldigitaldeasturias.com\\\/noticias\\\/occidente-prepara-un-plan-marshall-para-ucrania\\\/\",\"name\":\"Occidente prepara un \\u00abplan Marshall\\u00bb para Ucrania - El Digital de Asturias\",\"description\":\"Kiev\\\/Bruselas\\\/Washington, 3 feb (dpa) - La Uni\\u00f3n Europea (UE) ofrecer\\u00e1 incentivos financieros masivos a Ucrania para aumentar su influencia en el pa\\u00eds, pero el dinero s\\u00f3lo fluir\\u00e1 si Kiev aprueba un gobierno de transici\\u00f3n en el que participe la oposici\\u00f3n liderada por Vitali Klitschko. Se trata de intentar \\\"ayudar a Ucrania a ponerse en su\",\"inLanguage\":\"es-ES\",\"isPartOf\":{\"@id\":\"https:\\\/\\\/www.eldigitaldeasturias.com\\\/noticias\\\/#website\"},\"breadcrumb\":{\"@id\":\"https:\\\/\\\/www.eldigitaldeasturias.com\\\/noticias\\\/occidente-prepara-un-plan-marshall-para-ucrania\\\/#breadcrumblist\"},\"author\":{\"@id\":\"https:\\\/\\\/www.eldigitaldeasturias.com\\\/noticias\\\/author\\\/admin\\\/#author\"},\"creator\":{\"@id\":\"https:\\\/\\\/www.eldigitaldeasturias.com\\\/noticias\\\/author\\\/admin\\\/#author\"},\"image\":{\"@type\":\"ImageObject\",\"url\":\"https:\\\/\\\/www.eldigitaldeasturias.com\\\/noticias\\\/wp-content\\\/uploads\\\/2026\\\/06\\\/Contenidos.jpg\",\"@id\":\"https:\\\/\\\/www.eldigitaldeasturias.com\\\/noticias\\\/occidente-prepara-un-plan-marshall-para-ucrania\\\/#mainImage\",\"width\":1265,\"height\":697,\"caption\":\"Contenidos\"},\"primaryImageOfPage\":{\"@id\":\"https:\\\/\\\/www.eldigitaldeasturias.com\\\/noticias\\\/occidente-prepara-un-plan-marshall-para-ucrania\\\/#mainImage\"},\"datePublished\":\"2014-02-03T23:45:49+01:00\",\"dateModified\":\"2014-02-03T23:45:49+01:00\"},{\"@type\":\"WebSite\",\"@id\":\"https:\\\/\\\/www.eldigitaldeasturias.com\\\/noticias\\\/#website\",\"url\":\"https:\\\/\\\/www.eldigitaldeasturias.com\\\/noticias\\\/\",\"name\":\"El Digital de Asturias - Diario de actualidad y noticias\",\"alternateName\":\"El Digital de Asturias - Diario de actualidad y noticias\",\"description\":\"Hemeroteca\",\"inLanguage\":\"es-ES\",\"publisher\":{\"@id\":\"https:\\\/\\\/www.eldigitaldeasturias.com\\\/noticias\\\/#organization\"}}]}\n\t\t<\/script>\n\t\t<!-- All in One SEO Pro -->\r\n\t\t<title>Occidente prepara un \u00abplan Marshall\u00bb para Ucrania - El Digital de Asturias<\/title>\n\n","aioseo_head_json":{"title":"Occidente prepara un \u00abplan Marshall\u00bb para Ucrania - El Digital de Asturias","description":"Kiev\/Bruselas\/Washington, 3 feb (dpa) - La Uni\u00f3n Europea (UE) ofrecer\u00e1 incentivos financieros masivos a Ucrania para aumentar su influencia en el pa\u00eds, pero el dinero s\u00f3lo fluir\u00e1 si Kiev aprueba un gobierno de transici\u00f3n en el que participe la oposici\u00f3n liderada por Vitali Klitschko. Se trata de intentar \"ayudar a Ucrania a ponerse en su","canonical_url":"https:\/\/www.eldigitaldeasturias.com\/noticias\/occidente-prepara-un-plan-marshall-para-ucrania\/","robots":"max-image-preview:large","keywords":"actualidad","webmasterTools":{"google-site-verification":"UA-38556648-1","msvalidate.01":"7dfe9f3f1b24437ab69f4f2559babe99","miscellaneous":""},"schema":{"@context":"https:\/\/schema.org","@graph":[{"@type":"BlogPosting","@id":"https:\/\/www.eldigitaldeasturias.com\/noticias\/occidente-prepara-un-plan-marshall-para-ucrania\/#blogposting","name":"Occidente prepara un \u00abplan Marshall\u00bb para Ucrania - El Digital de Asturias","headline":"Occidente prepara un \u00abplan Marshall\u00bb para Ucrania","author":{"@id":"https:\/\/www.eldigitaldeasturias.com\/noticias\/author\/admin\/#author"},"publisher":{"@id":"https:\/\/www.eldigitaldeasturias.com\/noticias\/#organization"},"image":{"@type":"ImageObject","url":"https:\/\/www.eldigitaldeasturias.com\/noticias\/wp-content\/uploads\/2026\/06\/Contenidos.jpg","width":1265,"height":697,"caption":"Contenidos"},"datePublished":"2014-02-03T23:45:49+01:00","dateModified":"2014-02-03T23:45:49+01:00","inLanguage":"es-ES","mainEntityOfPage":{"@id":"https:\/\/www.eldigitaldeasturias.com\/noticias\/occidente-prepara-un-plan-marshall-para-ucrania\/#webpage"},"isPartOf":{"@id":"https:\/\/www.eldigitaldeasturias.com\/noticias\/occidente-prepara-un-plan-marshall-para-ucrania\/#webpage"},"articleSection":"Actualidad"},{"@type":"BreadcrumbList","@id":"https:\/\/www.eldigitaldeasturias.com\/noticias\/occidente-prepara-un-plan-marshall-para-ucrania\/#breadcrumblist","itemListElement":[{"@type":"ListItem","@id":"https:\/\/www.eldigitaldeasturias.com\/noticias#listItem","position":1,"name":"Home","item":"https:\/\/www.eldigitaldeasturias.com\/noticias","nextItem":{"@type":"ListItem","@id":"https:\/\/www.eldigitaldeasturias.com\/noticias\/category\/actualidad\/#listItem","name":"Actualidad"}},{"@type":"ListItem","@id":"https:\/\/www.eldigitaldeasturias.com\/noticias\/category\/actualidad\/#listItem","position":2,"name":"Actualidad","item":"https:\/\/www.eldigitaldeasturias.com\/noticias\/category\/actualidad\/","nextItem":{"@type":"ListItem","@id":"https:\/\/www.eldigitaldeasturias.com\/noticias\/occidente-prepara-un-plan-marshall-para-ucrania\/#listItem","name":"Occidente prepara un \u00abplan Marshall\u00bb para Ucrania"},"previousItem":{"@type":"ListItem","@id":"https:\/\/www.eldigitaldeasturias.com\/noticias#listItem","name":"Home"}},{"@type":"ListItem","@id":"https:\/\/www.eldigitaldeasturias.com\/noticias\/occidente-prepara-un-plan-marshall-para-ucrania\/#listItem","position":3,"name":"Occidente prepara un \u00abplan Marshall\u00bb para Ucrania","previousItem":{"@type":"ListItem","@id":"https:\/\/www.eldigitaldeasturias.com\/noticias\/category\/actualidad\/#listItem","name":"Actualidad"}}]},{"@type":"Organization","@id":"https:\/\/www.eldigitaldeasturias.com\/noticias\/#organization","name":"El Digital de Asturias","description":"Hemeroteca","url":"https:\/\/www.eldigitaldeasturias.com\/noticias\/","email":"info@eldigitaldeasturias.com","telephone":"+34652131393","logo":{"@type":"ImageObject","url":"https:\/\/www.eldigitaldeasturias.com\/noticias\/wp-content\/uploads\/2020\/12\/EDA.jpg","@id":"https:\/\/www.eldigitaldeasturias.com\/noticias\/occidente-prepara-un-plan-marshall-para-ucrania\/#organizationLogo"},"image":{"@id":"https:\/\/www.eldigitaldeasturias.com\/noticias\/occidente-prepara-un-plan-marshall-para-ucrania\/#organizationLogo"},"sameAs":["https:\/\/facebook.com\/eldigitaldeasturias","https:\/\/www.youtube.com\/channel\/UCZP-2wLEB9Rv6erhFmqVnvg"],"address":{"@id":"https:\/\/www.eldigitaldeasturias.com\/noticias\/#postaladdress","@type":"PostalAddress","streetAddress":"san antonio 4","postalCode":"33430","addressLocality":"Cand\u00e1s","addressRegion":"Asturias","addressCountry":"ES"}},{"@type":"Person","@id":"https:\/\/www.eldigitaldeasturias.com\/noticias\/author\/admin\/#author","url":"https:\/\/www.eldigitaldeasturias.com\/noticias\/author\/admin\/","name":"El Digital de Asturias","image":{"@type":"ImageObject","@id":"https:\/\/www.eldigitaldeasturias.com\/noticias\/occidente-prepara-un-plan-marshall-para-ucrania\/#authorImage","url":"https:\/\/secure.gravatar.com\/avatar\/df2aeffc32bcd13f8d26072ef8a91b623d677766deac7f97ca815868cd41bf5e?s=96&d=mm&r=g","width":96,"height":96,"caption":"El Digital de Asturias"}},{"@type":"WebPage","@id":"https:\/\/www.eldigitaldeasturias.com\/noticias\/occidente-prepara-un-plan-marshall-para-ucrania\/#webpage","url":"https:\/\/www.eldigitaldeasturias.com\/noticias\/occidente-prepara-un-plan-marshall-para-ucrania\/","name":"Occidente prepara un \u00abplan Marshall\u00bb para Ucrania - El Digital de Asturias","description":"Kiev\/Bruselas\/Washington, 3 feb (dpa) - La Uni\u00f3n Europea (UE) ofrecer\u00e1 incentivos financieros masivos a Ucrania para aumentar su influencia en el pa\u00eds, pero el dinero s\u00f3lo fluir\u00e1 si Kiev aprueba un gobierno de transici\u00f3n en el que participe la oposici\u00f3n liderada por Vitali Klitschko. Se trata de intentar \"ayudar a Ucrania a ponerse en su","inLanguage":"es-ES","isPartOf":{"@id":"https:\/\/www.eldigitaldeasturias.com\/noticias\/#website"},"breadcrumb":{"@id":"https:\/\/www.eldigitaldeasturias.com\/noticias\/occidente-prepara-un-plan-marshall-para-ucrania\/#breadcrumblist"},"author":{"@id":"https:\/\/www.eldigitaldeasturias.com\/noticias\/author\/admin\/#author"},"creator":{"@id":"https:\/\/www.eldigitaldeasturias.com\/noticias\/author\/admin\/#author"},"image":{"@type":"ImageObject","url":"https:\/\/www.eldigitaldeasturias.com\/noticias\/wp-content\/uploads\/2026\/06\/Contenidos.jpg","@id":"https:\/\/www.eldigitaldeasturias.com\/noticias\/occidente-prepara-un-plan-marshall-para-ucrania\/#mainImage","width":1265,"height":697,"caption":"Contenidos"},"primaryImageOfPage":{"@id":"https:\/\/www.eldigitaldeasturias.com\/noticias\/occidente-prepara-un-plan-marshall-para-ucrania\/#mainImage"},"datePublished":"2014-02-03T23:45:49+01:00","dateModified":"2014-02-03T23:45:49+01:00"},{"@type":"WebSite","@id":"https:\/\/www.eldigitaldeasturias.com\/noticias\/#website","url":"https:\/\/www.eldigitaldeasturias.com\/noticias\/","name":"El Digital de Asturias - Diario de actualidad y noticias","alternateName":"El Digital de Asturias - Diario de actualidad y noticias","description":"Hemeroteca","inLanguage":"es-ES","publisher":{"@id":"https:\/\/www.eldigitaldeasturias.com\/noticias\/#organization"}}]},"og:locale":"es_ES","og:site_name":"El Digital de Asturias","og:type":"article","og:title":"Occidente prepara un \u00abplan Marshall\u00bb para Ucrania - El Digital de Asturias","og:description":"Kiev\/Bruselas\/Washington, 3 feb (dpa) - La Uni\u00f3n Europea (UE) ofrecer\u00e1 incentivos financieros masivos a Ucrania para aumentar su influencia en el pa\u00eds, pero el dinero s\u00f3lo fluir\u00e1 si Kiev aprueba un gobierno de transici\u00f3n en el que participe la oposici\u00f3n liderada por Vitali Klitschko. Se trata de intentar &quot;ayudar a Ucrania a ponerse en su","og:url":"https:\/\/www.eldigitaldeasturias.com\/noticias\/occidente-prepara-un-plan-marshall-para-ucrania\/","og:image":"https:\/\/www.eldigitaldeasturias.com\/noticias\/wp-content\/uploads\/2026\/06\/Contenidos.jpg","og:image:secure_url":"https:\/\/www.eldigitaldeasturias.com\/noticias\/wp-content\/uploads\/2026\/06\/Contenidos.jpg","og:image:width":1265,"og:image:height":697,"article:tag":["actualidad"],"article:published_time":"2014-02-04T00:45:49+00:00","article:modified_time":"2014-02-04T00:45:49+00:00","article:publisher":"https:\/\/facebook.com\/eldigitaldeasturias","twitter:card":"summary_large_image","twitter:title":"Occidente prepara un \u00abplan Marshall\u00bb para Ucrania - El Digital de Asturias","twitter:description":"Kiev\/Bruselas\/Washington, 3 feb (dpa) - La Uni\u00f3n Europea (UE) ofrecer\u00e1 incentivos financieros masivos a Ucrania para aumentar su influencia en el pa\u00eds, pero el dinero s\u00f3lo fluir\u00e1 si Kiev aprueba un gobierno de transici\u00f3n en el que participe la oposici\u00f3n liderada por Vitali Klitschko. Se trata de intentar &quot;ayudar a Ucrania a ponerse en su","twitter:image":"https:\/\/www.eldigitaldeasturias.com\/noticias\/wp-content\/uploads\/2026\/06\/Contenidos.jpg","twitter:label1":"Escrito por","twitter:data1":"El Digital de Asturias","twitter:label2":"Tiempo de lectura estimado","twitter:data2":"5 minutos"},"aioseo_meta_data":{"post_id":"483066","title":null,"description":null,"keywords":null,"keyphrases":null,"primary_term":null,"canonical_url":null,"og_title":null,"og_description":null,"og_object_type":"default","og_image_type":"default","og_image_url":null,"og_image_width":null,"og_image_height":null,"og_image_custom_url":null,"og_image_custom_fields":null,"og_video":null,"og_custom_url":null,"og_article_section":null,"og_article_tags":null,"twitter_use_og":true,"twitter_card":"default","twitter_image_type":"default","twitter_image_url":null,"twitter_image_custom_url":null,"twitter_image_custom_fields":null,"twitter_title":null,"twitter_description":null,"schema":{"blockGraphs":[],"customGraphs":[],"default":{"data":{"Article":[],"Course":[],"Dataset":[],"FAQPage":[],"Movie":[],"Person":[],"Product":[],"ProductReview":[],"Car":[],"Recipe":[],"Service":[],"SoftwareApplication":[],"WebPage":[]},"graphName":"","isEnabled":true},"graphs":[],"defaultGraph":"","defaultPostTypeGraph":""},"schema_type":null,"schema_type_options":null,"pillar_content":false,"robots_default":true,"robots_noindex":false,"robots_noarchive":false,"robots_nosnippet":false,"robots_nofollow":false,"robots_noimageindex":false,"robots_noodp":false,"robots_notranslate":false,"robots_max_snippet":null,"robots_max_videopreview":null,"robots_max_imagepreview":"none","priority":null,"frequency":null,"local_seo":null,"seo_analyzer_scan_date":"2026-06-02 11:42:49","breadcrumb_settings":null,"limit_modified_date":false,"open_ai":null,"ai":null,"created":"2020-11-14 22:54:42","updated":"2026-06-02 11:42:49","focus_keyword":null,"additional_keywords":null,"truseo_locale":null},"aioseo_breadcrumb":"<div class=\"aioseo-breadcrumbs\"><span class=\"aioseo-breadcrumb\">\n\t<a href=\"https:\/\/www.eldigitaldeasturias.com\/noticias\" title=\"Home\">Home<\/a>\n<\/span><span class=\"aioseo-breadcrumb-separator\">\u2013<\/span><span class=\"aioseo-breadcrumb\">\n\t<a href=\"https:\/\/www.eldigitaldeasturias.com\/noticias\/category\/actualidad\/\" title=\"Actualidad\">Actualidad<\/a>\n<\/span><span class=\"aioseo-breadcrumb-separator\">\u2013<\/span><span class=\"aioseo-breadcrumb\">\n\t<a href=\"https:\/\/www.eldigitaldeasturias.com\/noticias\/occidente-prepara-un-plan-marshall-para-ucrania\/\" title=\"Occidente prepara un \u00abplan Marshall\u00bb para Ucrania\">Occidente prepara un \u00abplan Marshall\u00bb para Ucrania<\/a>\n<\/span><\/div>","aioseo_breadcrumb_json":[{"label":"Home","link":"https:\/\/www.eldigitaldeasturias.com\/noticias"},{"label":"Actualidad","link":"https:\/\/www.eldigitaldeasturias.com\/noticias\/category\/actualidad\/"},{"label":"Occidente prepara un \u00abplan Marshall\u00bb para Ucrania","link":"https:\/\/www.eldigitaldeasturias.com\/noticias\/occidente-prepara-un-plan-marshall-para-ucrania\/"}],"_links":{"self":[{"href":"https:\/\/www.eldigitaldeasturias.com\/noticias\/wp-json\/wp\/v2\/posts\/483066","targetHints":{"allow":["GET"]}}],"collection":[{"href":"https:\/\/www.eldigitaldeasturias.com\/noticias\/wp-json\/wp\/v2\/posts"}],"about":[{"href":"https:\/\/www.eldigitaldeasturias.com\/noticias\/wp-json\/wp\/v2\/types\/post"}],"author":[{"embeddable":true,"href":"https:\/\/www.eldigitaldeasturias.com\/noticias\/wp-json\/wp\/v2\/users\/1"}],"replies":[{"embeddable":true,"href":"https:\/\/www.eldigitaldeasturias.com\/noticias\/wp-json\/wp\/v2\/comments?post=483066"}],"version-history":[{"count":0,"href":"https:\/\/www.eldigitaldeasturias.com\/noticias\/wp-json\/wp\/v2\/posts\/483066\/revisions"}],"wp:featuredmedia":[{"embeddable":true,"href":"https:\/\/www.eldigitaldeasturias.com\/noticias\/wp-json\/wp\/v2\/media\/1132184"}],"wp:attachment":[{"href":"https:\/\/www.eldigitaldeasturias.com\/noticias\/wp-json\/wp\/v2\/media?parent=483066"}],"wp:term":[{"taxonomy":"category","embeddable":true,"href":"https:\/\/www.eldigitaldeasturias.com\/noticias\/wp-json\/wp\/v2\/categories?post=483066"},{"taxonomy":"post_tag","embeddable":true,"href":"https:\/\/www.eldigitaldeasturias.com\/noticias\/wp-json\/wp\/v2\/tags?post=483066"}],"curies":[{"name":"wp","href":"https:\/\/api.w.org\/{rel}","templated":true}]}}