{"id":483064,"date":"2014-02-03T23:44:39","date_gmt":"2014-02-04T00:44:39","guid":{"rendered":"http:\/\/www.eldigitaldeasturias.com\/noticias\/?p=483064"},"modified":"2014-02-03T23:44:39","modified_gmt":"2014-02-04T00:44:39","slug":"xavier-bosch-retira-su-acusacion-contra-florentino-perez","status":"publish","type":"post","link":"https:\/\/www.eldigitaldeasturias.com\/noticias\/xavier-bosch-retira-su-acusacion-contra-florentino-perez\/","title":{"rendered":"Xavier Bosch retira su acusaci\u00f3n contra Florentino P\u00e9rez"},"content":{"rendered":"<p><img loading=\"lazy\" decoding=\"async\" class=\"alignleft size-medium wp-image-456288\" alt=\"5763581w\" src=\"https:\/\/www.eldigitaldeasturias.com\/noticias\/wp-content\/uploads\/2013\/11\/5763581w-360x232.jpg\" width=\"360\" height=\"232\" \/>Barcelona, 3 feb (dpa) &#8211; El periodista Xavier Bosch, de la cadena RAC1, pidi\u00f3 hoy disculpas y retir\u00f3 sus afirmaciones contra el presidente del Real Madrid, Florentino P\u00e9rez, a quien la pasada semana acus\u00f3 de estar detr\u00e1s de propiciar el comienzo del esc\u00e1ndalo del fichaje de Neymar por el Barcelona.<\/p>\n<p>Bosch emiti\u00f3 un comunicado en el que explic\u00f3 que lo \u00fanico que hizo fue transmitir el sentimiento de la junta directiva del Barcelona.<\/p>\n<p>\u00abMi informaci\u00f3n se refer\u00eda al convencimiento que tienen los directivos del Bar\u00e7a. Y lo expliqu\u00e9 porque ellos creen lo que creen cuando aseguran, en privado, cu\u00e1l ha sido su fuente\u00bb, indic\u00f3.<\/p>\n<p>El Real Madrid amenaz\u00f3 el 28 de enero con demandar al periodista por asegurar que P\u00e9rez alent\u00f3 la admisi\u00f3n a tr\u00e1mite de una querella contra Sandro Rosell, quien dimiti\u00f3 como presidente del Barcelona.<\/p>\n<p>Seg\u00fan la informaci\u00f3n difundida, P\u00e9rez utiliz\u00f3 sus influencias pol\u00edticas con Jos\u00e9 Mar\u00eda Aznar, ex presidente del Gobierno espa\u00f1ol, y Alberto Ru\u00edz Gallard\u00f3n, ministro de Justicia.<\/p>\n<p>El presidente del Real Madrid respondi\u00f3 a esta acusaci\u00f3n pidiendo una rectificaci\u00f3n del periodista en el mismo medio donde difundi\u00f3 su informaci\u00f3n, algo que finalmente se produjo.<\/p>\n<p>\u00abSon palabras dichas con astucia, de manera ambigua, insinuante y sin particularizar. Si ellos no osan hacerlo p\u00fablico, debe ser porque no tiene pruebas y, por tanto, yo tampoco deber\u00eda haberlo hecho\u00bb, sostuvo el periodista. Y concluy\u00f3: \u00abYo no acuso al se\u00f1or Florentino P\u00e9rez de nada\u00bb.<\/p>\n","protected":false},"excerpt":{"rendered":"<p>Barcelona, 3 feb (dpa) &#8211; El periodista Xavier Bosch, de la cadena RAC1, pidi\u00f3 hoy disculpas y retir\u00f3 sus afirmaciones contra el presidente del Real Madrid, Florentino P\u00e9rez, a quien la pasada semana acus\u00f3 de estar detr\u00e1s de propiciar el comienzo del esc\u00e1ndalo del fichaje de Neymar por el Barcelona. Bosch emiti\u00f3 un comunicado en [&hellip;]<\/p>\n","protected":false},"author":1,"featured_media":456288,"comment_status":"closed","ping_status":"open","sticky":false,"template":"","format":"standard","meta":{"footnotes":""},"categories":[1],"tags":[],"class_list":["post-483064","post","type-post","status-publish","format-standard","has-post-thumbnail","hentry","category-actualidad"],"aioseo_notices":[],"aioseo_head":"\n\t\t<!-- All in One SEO Pro 5.0.1 - aioseo.com -->\n\t<meta name=\"description\" content=\"Barcelona, 3 feb (dpa) - El periodista Xavier Bosch, de la cadena RAC1, pidi\u00f3 hoy disculpas y retir\u00f3 sus afirmaciones contra el presidente del Real Madrid, Florentino P\u00e9rez, a quien la pasada semana acus\u00f3 de estar detr\u00e1s de propiciar el comienzo del esc\u00e1ndalo del fichaje de Neymar por el Barcelona. Bosch emiti\u00f3 un comunicado en\" \/>\n\t<meta name=\"robots\" content=\"max-image-preview:large\" \/>\n\t<meta name=\"author\" content=\"El Digital de Asturias\"\/>\n\t<meta name=\"google-site-verification\" content=\"UA-38556648-1\" \/>\n\t<meta name=\"msvalidate.01\" content=\"7dfe9f3f1b24437ab69f4f2559babe99\" \/>\n\t<meta name=\"keywords\" content=\"actualidad\" \/>\n\t<link rel=\"canonical\" href=\"https:\/\/www.eldigitaldeasturias.com\/noticias\/xavier-bosch-retira-su-acusacion-contra-florentino-perez\/\" \/>\n\t<meta name=\"generator\" content=\"All in One SEO Pro (AIOSEO) 5.0.1\" \/>\n\t\t<meta property=\"og:locale\" content=\"es_ES\" \/>\n\t\t<meta property=\"og:site_name\" content=\"El Digital de Asturias\" \/>\n\t\t<meta property=\"og:type\" content=\"article\" \/>\n\t\t<meta property=\"og:title\" content=\"Xavier Bosch retira su acusaci\u00f3n contra Florentino P\u00e9rez - El Digital de Asturias\" \/>\n\t\t<meta property=\"og:description\" content=\"Barcelona, 3 feb (dpa) - El periodista Xavier Bosch, de la cadena RAC1, pidi\u00f3 hoy disculpas y retir\u00f3 sus afirmaciones contra el presidente del Real Madrid, Florentino P\u00e9rez, a quien la pasada semana acus\u00f3 de estar detr\u00e1s de propiciar el comienzo del esc\u00e1ndalo del fichaje de Neymar por el Barcelona. Bosch emiti\u00f3 un comunicado en\" \/>\n\t\t<meta property=\"og:url\" content=\"https:\/\/www.eldigitaldeasturias.com\/noticias\/xavier-bosch-retira-su-acusacion-contra-florentino-perez\/\" \/>\n\t\t<meta property=\"article:tag\" content=\"actualidad\" \/>\n\t\t<meta property=\"article:published_time\" content=\"2014-02-04T00:44:39+00:00\" \/>\n\t\t<meta property=\"article:modified_time\" content=\"2014-02-04T00:44:39+00:00\" \/>\n\t\t<meta property=\"article:publisher\" content=\"https:\/\/facebook.com\/eldigitaldeasturias\" \/>\n\t\t<meta name=\"twitter:card\" content=\"summary_large_image\" \/>\n\t\t<meta name=\"twitter:title\" content=\"Xavier Bosch retira su acusaci\u00f3n contra Florentino P\u00e9rez - El Digital de Asturias\" \/>\n\t\t<meta name=\"twitter:description\" content=\"Barcelona, 3 feb (dpa) - El periodista Xavier Bosch, de la cadena RAC1, pidi\u00f3 hoy disculpas y retir\u00f3 sus afirmaciones contra el presidente del Real Madrid, Florentino P\u00e9rez, a quien la pasada semana acus\u00f3 de estar detr\u00e1s de propiciar el comienzo del esc\u00e1ndalo del fichaje de Neymar por el Barcelona. Bosch emiti\u00f3 un comunicado en\" \/>\n\t\t<meta name=\"twitter:label1\" content=\"Escrito por\" \/>\n\t\t<meta name=\"twitter:data1\" content=\"El Digital de Asturias\" \/>\n\t\t<meta name=\"twitter:label2\" content=\"Tiempo de lectura estimado\" \/>\n\t\t<meta name=\"twitter:data2\" content=\"1 minuto\" \/>\n\t\t<script type=\"application\/ld+json\" class=\"aioseo-schema\">\n\t\t\t{\"@context\":\"https:\\\/\\\/schema.org\",\"@graph\":[{\"@type\":\"BlogPosting\",\"@id\":\"https:\\\/\\\/www.eldigitaldeasturias.com\\\/noticias\\\/xavier-bosch-retira-su-acusacion-contra-florentino-perez\\\/#blogposting\",\"name\":\"Xavier Bosch retira su acusaci\\u00f3n contra Florentino P\\u00e9rez - El Digital de Asturias\",\"headline\":\"Xavier Bosch retira su acusaci\\u00f3n contra Florentino P\\u00e9rez\",\"author\":{\"@id\":\"https:\\\/\\\/www.eldigitaldeasturias.com\\\/noticias\\\/author\\\/admin\\\/#author\"},\"publisher\":{\"@id\":\"https:\\\/\\\/www.eldigitaldeasturias.com\\\/noticias\\\/#organization\"},\"image\":{\"@type\":\"ImageObject\",\"url\":456288},\"datePublished\":\"2014-02-03T23:44:39+01:00\",\"dateModified\":\"2014-02-03T23:44:39+01:00\",\"inLanguage\":\"es-ES\",\"mainEntityOfPage\":{\"@id\":\"https:\\\/\\\/www.eldigitaldeasturias.com\\\/noticias\\\/xavier-bosch-retira-su-acusacion-contra-florentino-perez\\\/#webpage\"},\"isPartOf\":{\"@id\":\"https:\\\/\\\/www.eldigitaldeasturias.com\\\/noticias\\\/xavier-bosch-retira-su-acusacion-contra-florentino-perez\\\/#webpage\"},\"articleSection\":\"Actualidad\"},{\"@type\":\"BreadcrumbList\",\"@id\":\"https:\\\/\\\/www.eldigitaldeasturias.com\\\/noticias\\\/xavier-bosch-retira-su-acusacion-contra-florentino-perez\\\/#breadcrumblist\",\"itemListElement\":[{\"@type\":\"ListItem\",\"@id\":\"https:\\\/\\\/www.eldigitaldeasturias.com\\\/noticias#listItem\",\"position\":1,\"name\":\"Home\",\"item\":\"https:\\\/\\\/www.eldigitaldeasturias.com\\\/noticias\",\"nextItem\":{\"@type\":\"ListItem\",\"@id\":\"https:\\\/\\\/www.eldigitaldeasturias.com\\\/noticias\\\/category\\\/actualidad\\\/#listItem\",\"name\":\"Actualidad\"}},{\"@type\":\"ListItem\",\"@id\":\"https:\\\/\\\/www.eldigitaldeasturias.com\\\/noticias\\\/category\\\/actualidad\\\/#listItem\",\"position\":2,\"name\":\"Actualidad\",\"item\":\"https:\\\/\\\/www.eldigitaldeasturias.com\\\/noticias\\\/category\\\/actualidad\\\/\",\"nextItem\":{\"@type\":\"ListItem\",\"@id\":\"https:\\\/\\\/www.eldigitaldeasturias.com\\\/noticias\\\/xavier-bosch-retira-su-acusacion-contra-florentino-perez\\\/#listItem\",\"name\":\"Xavier Bosch retira su acusaci\\u00f3n contra Florentino P\\u00e9rez\"},\"previousItem\":{\"@type\":\"ListItem\",\"@id\":\"https:\\\/\\\/www.eldigitaldeasturias.com\\\/noticias#listItem\",\"name\":\"Home\"}},{\"@type\":\"ListItem\",\"@id\":\"https:\\\/\\\/www.eldigitaldeasturias.com\\\/noticias\\\/xavier-bosch-retira-su-acusacion-contra-florentino-perez\\\/#listItem\",\"position\":3,\"name\":\"Xavier Bosch retira su acusaci\\u00f3n contra Florentino P\\u00e9rez\",\"previousItem\":{\"@type\":\"ListItem\",\"@id\":\"https:\\\/\\\/www.eldigitaldeasturias.com\\\/noticias\\\/category\\\/actualidad\\\/#listItem\",\"name\":\"Actualidad\"}}]},{\"@type\":\"Organization\",\"@id\":\"https:\\\/\\\/www.eldigitaldeasturias.com\\\/noticias\\\/#organization\",\"name\":\"El Digital de Asturias\",\"description\":\"Hemeroteca\",\"url\":\"https:\\\/\\\/www.eldigitaldeasturias.com\\\/noticias\\\/\",\"email\":\"info@eldigitaldeasturias.com\",\"telephone\":\"+34652131393\",\"logo\":{\"@type\":\"ImageObject\",\"url\":\"https:\\\/\\\/www.eldigitaldeasturias.com\\\/noticias\\\/wp-content\\\/uploads\\\/2020\\\/12\\\/EDA.jpg\",\"@id\":\"https:\\\/\\\/www.eldigitaldeasturias.com\\\/noticias\\\/xavier-bosch-retira-su-acusacion-contra-florentino-perez\\\/#organizationLogo\"},\"image\":{\"@id\":\"https:\\\/\\\/www.eldigitaldeasturias.com\\\/noticias\\\/xavier-bosch-retira-su-acusacion-contra-florentino-perez\\\/#organizationLogo\"},\"sameAs\":[\"https:\\\/\\\/facebook.com\\\/eldigitaldeasturias\",\"https:\\\/\\\/www.youtube.com\\\/channel\\\/UCZP-2wLEB9Rv6erhFmqVnvg\"],\"address\":{\"@id\":\"https:\\\/\\\/www.eldigitaldeasturias.com\\\/noticias\\\/#postaladdress\",\"@type\":\"PostalAddress\",\"streetAddress\":\"san antonio 4\",\"postalCode\":\"33430\",\"addressLocality\":\"Cand\\u00e1s\",\"addressRegion\":\"Asturias\",\"addressCountry\":\"ES\"}},{\"@type\":\"Person\",\"@id\":\"https:\\\/\\\/www.eldigitaldeasturias.com\\\/noticias\\\/author\\\/admin\\\/#author\",\"url\":\"https:\\\/\\\/www.eldigitaldeasturias.com\\\/noticias\\\/author\\\/admin\\\/\",\"name\":\"El Digital de Asturias\",\"image\":{\"@type\":\"ImageObject\",\"@id\":\"https:\\\/\\\/www.eldigitaldeasturias.com\\\/noticias\\\/xavier-bosch-retira-su-acusacion-contra-florentino-perez\\\/#authorImage\",\"url\":\"https:\\\/\\\/secure.gravatar.com\\\/avatar\\\/df2aeffc32bcd13f8d26072ef8a91b623d677766deac7f97ca815868cd41bf5e?s=96&d=mm&r=g\",\"width\":96,\"height\":96,\"caption\":\"El Digital de Asturias\"}},{\"@type\":\"WebPage\",\"@id\":\"https:\\\/\\\/www.eldigitaldeasturias.com\\\/noticias\\\/xavier-bosch-retira-su-acusacion-contra-florentino-perez\\\/#webpage\",\"url\":\"https:\\\/\\\/www.eldigitaldeasturias.com\\\/noticias\\\/xavier-bosch-retira-su-acusacion-contra-florentino-perez\\\/\",\"name\":\"Xavier Bosch retira su acusaci\\u00f3n contra Florentino P\\u00e9rez - El Digital de Asturias\",\"description\":\"Barcelona, 3 feb (dpa) - El periodista Xavier Bosch, de la cadena RAC1, pidi\\u00f3 hoy disculpas y retir\\u00f3 sus afirmaciones contra el presidente del Real Madrid, Florentino P\\u00e9rez, a quien la pasada semana acus\\u00f3 de estar detr\\u00e1s de propiciar el comienzo del esc\\u00e1ndalo del fichaje de Neymar por el Barcelona. Bosch emiti\\u00f3 un comunicado en\",\"inLanguage\":\"es-ES\",\"isPartOf\":{\"@id\":\"https:\\\/\\\/www.eldigitaldeasturias.com\\\/noticias\\\/#website\"},\"breadcrumb\":{\"@id\":\"https:\\\/\\\/www.eldigitaldeasturias.com\\\/noticias\\\/xavier-bosch-retira-su-acusacion-contra-florentino-perez\\\/#breadcrumblist\"},\"author\":{\"@id\":\"https:\\\/\\\/www.eldigitaldeasturias.com\\\/noticias\\\/author\\\/admin\\\/#author\"},\"creator\":{\"@id\":\"https:\\\/\\\/www.eldigitaldeasturias.com\\\/noticias\\\/author\\\/admin\\\/#author\"},\"image\":{\"@type\":\"ImageObject\",\"url\":456288,\"@id\":\"https:\\\/\\\/www.eldigitaldeasturias.com\\\/noticias\\\/xavier-bosch-retira-su-acusacion-contra-florentino-perez\\\/#mainImage\"},\"primaryImageOfPage\":{\"@id\":\"https:\\\/\\\/www.eldigitaldeasturias.com\\\/noticias\\\/xavier-bosch-retira-su-acusacion-contra-florentino-perez\\\/#mainImage\"},\"datePublished\":\"2014-02-03T23:44:39+01:00\",\"dateModified\":\"2014-02-03T23:44:39+01:00\"},{\"@type\":\"WebSite\",\"@id\":\"https:\\\/\\\/www.eldigitaldeasturias.com\\\/noticias\\\/#website\",\"url\":\"https:\\\/\\\/www.eldigitaldeasturias.com\\\/noticias\\\/\",\"name\":\"El Digital de Asturias - Diario de actualidad y noticias\",\"alternateName\":\"El Digital de Asturias - Diario de actualidad y noticias\",\"description\":\"Hemeroteca\",\"inLanguage\":\"es-ES\",\"publisher\":{\"@id\":\"https:\\\/\\\/www.eldigitaldeasturias.com\\\/noticias\\\/#organization\"}}]}\n\t\t<\/script>\n\t\t<!-- All in One SEO Pro -->\r\n\t\t<title>Xavier Bosch retira su acusaci\u00f3n contra Florentino P\u00e9rez - El Digital de Asturias<\/title>\n\n","aioseo_head_json":{"title":"Xavier Bosch retira su acusaci\u00f3n contra Florentino P\u00e9rez - El Digital de Asturias","description":"Barcelona, 3 feb (dpa) - El periodista Xavier Bosch, de la cadena RAC1, pidi\u00f3 hoy disculpas y retir\u00f3 sus afirmaciones contra el presidente del Real Madrid, Florentino P\u00e9rez, a quien la pasada semana acus\u00f3 de estar detr\u00e1s de propiciar el comienzo del esc\u00e1ndalo del fichaje de Neymar por el Barcelona. Bosch emiti\u00f3 un comunicado en","canonical_url":"https:\/\/www.eldigitaldeasturias.com\/noticias\/xavier-bosch-retira-su-acusacion-contra-florentino-perez\/","robots":"max-image-preview:large","keywords":"actualidad","webmasterTools":{"google-site-verification":"UA-38556648-1","msvalidate.01":"7dfe9f3f1b24437ab69f4f2559babe99","miscellaneous":""},"schema":{"@context":"https:\/\/schema.org","@graph":[{"@type":"BlogPosting","@id":"https:\/\/www.eldigitaldeasturias.com\/noticias\/xavier-bosch-retira-su-acusacion-contra-florentino-perez\/#blogposting","name":"Xavier Bosch retira su acusaci\u00f3n contra Florentino P\u00e9rez - El Digital de Asturias","headline":"Xavier Bosch retira su acusaci\u00f3n contra Florentino P\u00e9rez","author":{"@id":"https:\/\/www.eldigitaldeasturias.com\/noticias\/author\/admin\/#author"},"publisher":{"@id":"https:\/\/www.eldigitaldeasturias.com\/noticias\/#organization"},"image":{"@type":"ImageObject","url":456288},"datePublished":"2014-02-03T23:44:39+01:00","dateModified":"2014-02-03T23:44:39+01:00","inLanguage":"es-ES","mainEntityOfPage":{"@id":"https:\/\/www.eldigitaldeasturias.com\/noticias\/xavier-bosch-retira-su-acusacion-contra-florentino-perez\/#webpage"},"isPartOf":{"@id":"https:\/\/www.eldigitaldeasturias.com\/noticias\/xavier-bosch-retira-su-acusacion-contra-florentino-perez\/#webpage"},"articleSection":"Actualidad"},{"@type":"BreadcrumbList","@id":"https:\/\/www.eldigitaldeasturias.com\/noticias\/xavier-bosch-retira-su-acusacion-contra-florentino-perez\/#breadcrumblist","itemListElement":[{"@type":"ListItem","@id":"https:\/\/www.eldigitaldeasturias.com\/noticias#listItem","position":1,"name":"Home","item":"https:\/\/www.eldigitaldeasturias.com\/noticias","nextItem":{"@type":"ListItem","@id":"https:\/\/www.eldigitaldeasturias.com\/noticias\/category\/actualidad\/#listItem","name":"Actualidad"}},{"@type":"ListItem","@id":"https:\/\/www.eldigitaldeasturias.com\/noticias\/category\/actualidad\/#listItem","position":2,"name":"Actualidad","item":"https:\/\/www.eldigitaldeasturias.com\/noticias\/category\/actualidad\/","nextItem":{"@type":"ListItem","@id":"https:\/\/www.eldigitaldeasturias.com\/noticias\/xavier-bosch-retira-su-acusacion-contra-florentino-perez\/#listItem","name":"Xavier Bosch retira su acusaci\u00f3n contra Florentino P\u00e9rez"},"previousItem":{"@type":"ListItem","@id":"https:\/\/www.eldigitaldeasturias.com\/noticias#listItem","name":"Home"}},{"@type":"ListItem","@id":"https:\/\/www.eldigitaldeasturias.com\/noticias\/xavier-bosch-retira-su-acusacion-contra-florentino-perez\/#listItem","position":3,"name":"Xavier Bosch retira su acusaci\u00f3n contra Florentino P\u00e9rez","previousItem":{"@type":"ListItem","@id":"https:\/\/www.eldigitaldeasturias.com\/noticias\/category\/actualidad\/#listItem","name":"Actualidad"}}]},{"@type":"Organization","@id":"https:\/\/www.eldigitaldeasturias.com\/noticias\/#organization","name":"El Digital de Asturias","description":"Hemeroteca","url":"https:\/\/www.eldigitaldeasturias.com\/noticias\/","email":"info@eldigitaldeasturias.com","telephone":"+34652131393","logo":{"@type":"ImageObject","url":"https:\/\/www.eldigitaldeasturias.com\/noticias\/wp-content\/uploads\/2020\/12\/EDA.jpg","@id":"https:\/\/www.eldigitaldeasturias.com\/noticias\/xavier-bosch-retira-su-acusacion-contra-florentino-perez\/#organizationLogo"},"image":{"@id":"https:\/\/www.eldigitaldeasturias.com\/noticias\/xavier-bosch-retira-su-acusacion-contra-florentino-perez\/#organizationLogo"},"sameAs":["https:\/\/facebook.com\/eldigitaldeasturias","https:\/\/www.youtube.com\/channel\/UCZP-2wLEB9Rv6erhFmqVnvg"],"address":{"@id":"https:\/\/www.eldigitaldeasturias.com\/noticias\/#postaladdress","@type":"PostalAddress","streetAddress":"san antonio 4","postalCode":"33430","addressLocality":"Cand\u00e1s","addressRegion":"Asturias","addressCountry":"ES"}},{"@type":"Person","@id":"https:\/\/www.eldigitaldeasturias.com\/noticias\/author\/admin\/#author","url":"https:\/\/www.eldigitaldeasturias.com\/noticias\/author\/admin\/","name":"El Digital de Asturias","image":{"@type":"ImageObject","@id":"https:\/\/www.eldigitaldeasturias.com\/noticias\/xavier-bosch-retira-su-acusacion-contra-florentino-perez\/#authorImage","url":"https:\/\/secure.gravatar.com\/avatar\/df2aeffc32bcd13f8d26072ef8a91b623d677766deac7f97ca815868cd41bf5e?s=96&d=mm&r=g","width":96,"height":96,"caption":"El Digital de Asturias"}},{"@type":"WebPage","@id":"https:\/\/www.eldigitaldeasturias.com\/noticias\/xavier-bosch-retira-su-acusacion-contra-florentino-perez\/#webpage","url":"https:\/\/www.eldigitaldeasturias.com\/noticias\/xavier-bosch-retira-su-acusacion-contra-florentino-perez\/","name":"Xavier Bosch retira su acusaci\u00f3n contra Florentino P\u00e9rez - El Digital de Asturias","description":"Barcelona, 3 feb (dpa) - El periodista Xavier Bosch, de la cadena RAC1, pidi\u00f3 hoy disculpas y retir\u00f3 sus afirmaciones contra el presidente del Real Madrid, Florentino P\u00e9rez, a quien la pasada semana acus\u00f3 de estar detr\u00e1s de propiciar el comienzo del esc\u00e1ndalo del fichaje de Neymar por el Barcelona. Bosch emiti\u00f3 un comunicado en","inLanguage":"es-ES","isPartOf":{"@id":"https:\/\/www.eldigitaldeasturias.com\/noticias\/#website"},"breadcrumb":{"@id":"https:\/\/www.eldigitaldeasturias.com\/noticias\/xavier-bosch-retira-su-acusacion-contra-florentino-perez\/#breadcrumblist"},"author":{"@id":"https:\/\/www.eldigitaldeasturias.com\/noticias\/author\/admin\/#author"},"creator":{"@id":"https:\/\/www.eldigitaldeasturias.com\/noticias\/author\/admin\/#author"},"image":{"@type":"ImageObject","url":456288,"@id":"https:\/\/www.eldigitaldeasturias.com\/noticias\/xavier-bosch-retira-su-acusacion-contra-florentino-perez\/#mainImage"},"primaryImageOfPage":{"@id":"https:\/\/www.eldigitaldeasturias.com\/noticias\/xavier-bosch-retira-su-acusacion-contra-florentino-perez\/#mainImage"},"datePublished":"2014-02-03T23:44:39+01:00","dateModified":"2014-02-03T23:44:39+01:00"},{"@type":"WebSite","@id":"https:\/\/www.eldigitaldeasturias.com\/noticias\/#website","url":"https:\/\/www.eldigitaldeasturias.com\/noticias\/","name":"El Digital de Asturias - Diario de actualidad y noticias","alternateName":"El Digital de Asturias - Diario de actualidad y noticias","description":"Hemeroteca","inLanguage":"es-ES","publisher":{"@id":"https:\/\/www.eldigitaldeasturias.com\/noticias\/#organization"}}]},"og:locale":"es_ES","og:site_name":"El Digital de Asturias","og:type":"article","og:title":"Xavier Bosch retira su acusaci\u00f3n contra Florentino P\u00e9rez - El Digital de Asturias","og:description":"Barcelona, 3 feb (dpa) - El periodista Xavier Bosch, de la cadena RAC1, pidi\u00f3 hoy disculpas y retir\u00f3 sus afirmaciones contra el presidente del Real Madrid, Florentino P\u00e9rez, a quien la pasada semana acus\u00f3 de estar detr\u00e1s de propiciar el comienzo del esc\u00e1ndalo del fichaje de Neymar por el Barcelona. Bosch emiti\u00f3 un comunicado en","og:url":"https:\/\/www.eldigitaldeasturias.com\/noticias\/xavier-bosch-retira-su-acusacion-contra-florentino-perez\/","article:tag":["actualidad"],"article:published_time":"2014-02-04T00:44:39+00:00","article:modified_time":"2014-02-04T00:44:39+00:00","article:publisher":"https:\/\/facebook.com\/eldigitaldeasturias","twitter:card":"summary_large_image","twitter:title":"Xavier Bosch retira su acusaci\u00f3n contra Florentino P\u00e9rez - El Digital de Asturias","twitter:description":"Barcelona, 3 feb (dpa) - El periodista Xavier Bosch, de la cadena RAC1, pidi\u00f3 hoy disculpas y retir\u00f3 sus afirmaciones contra el presidente del Real Madrid, Florentino P\u00e9rez, a quien la pasada semana acus\u00f3 de estar detr\u00e1s de propiciar el comienzo del esc\u00e1ndalo del fichaje de Neymar por el Barcelona. Bosch emiti\u00f3 un comunicado en","twitter:label1":"Escrito por","twitter:data1":"El Digital de Asturias","twitter:label2":"Tiempo de lectura estimado","twitter:data2":"1 minuto"},"aioseo_meta_data":{"post_id":"483064","title":null,"description":null,"keywords":null,"keyphrases":null,"primary_term":null,"canonical_url":null,"og_title":null,"og_description":null,"og_object_type":"default","og_image_type":"default","og_image_url":null,"og_image_width":null,"og_image_height":null,"og_image_custom_url":null,"og_image_custom_fields":null,"og_video":null,"og_custom_url":null,"og_article_section":null,"og_article_tags":null,"twitter_use_og":true,"twitter_card":"default","twitter_image_type":"default","twitter_image_url":null,"twitter_image_custom_url":null,"twitter_image_custom_fields":null,"twitter_title":null,"twitter_description":null,"schema":{"blockGraphs":[],"customGraphs":[],"default":{"data":{"Article":[],"Course":[],"Dataset":[],"FAQPage":[],"Movie":[],"Person":[],"Product":[],"ProductReview":[],"Car":[],"Recipe":[],"Service":[],"SoftwareApplication":[],"WebPage":[]},"graphName":"","isEnabled":true},"graphs":[],"defaultGraph":"","defaultPostTypeGraph":""},"schema_type":null,"schema_type_options":null,"pillar_content":false,"robots_default":true,"robots_noindex":false,"robots_noarchive":false,"robots_nosnippet":false,"robots_nofollow":false,"robots_noimageindex":false,"robots_noodp":false,"robots_notranslate":false,"robots_max_snippet":null,"robots_max_videopreview":null,"robots_max_imagepreview":"none","priority":null,"frequency":null,"local_seo":null,"seo_analyzer_scan_date":"2026-06-02 11:42:48","breadcrumb_settings":null,"limit_modified_date":false,"open_ai":null,"ai":null,"created":"2020-11-14 22:54:42","updated":"2026-06-02 11:42:48","focus_keyword":null,"additional_keywords":null,"truseo_locale":null},"aioseo_breadcrumb":"<div class=\"aioseo-breadcrumbs\"><span class=\"aioseo-breadcrumb\">\n\t<a href=\"https:\/\/www.eldigitaldeasturias.com\/noticias\" title=\"Home\">Home<\/a>\n<\/span><span class=\"aioseo-breadcrumb-separator\">\u2013<\/span><span class=\"aioseo-breadcrumb\">\n\t<a href=\"https:\/\/www.eldigitaldeasturias.com\/noticias\/category\/actualidad\/\" title=\"Actualidad\">Actualidad<\/a>\n<\/span><span class=\"aioseo-breadcrumb-separator\">\u2013<\/span><span class=\"aioseo-breadcrumb\">\n\t<a href=\"https:\/\/www.eldigitaldeasturias.com\/noticias\/xavier-bosch-retira-su-acusacion-contra-florentino-perez\/\" title=\"Xavier Bosch retira su acusaci\u00f3n contra Florentino P\u00e9rez\">Xavier Bosch retira su acusaci\u00f3n contra Florentino P\u00e9rez<\/a>\n<\/span><\/div>","aioseo_breadcrumb_json":[{"label":"Home","link":"https:\/\/www.eldigitaldeasturias.com\/noticias"},{"label":"Actualidad","link":"https:\/\/www.eldigitaldeasturias.com\/noticias\/category\/actualidad\/"},{"label":"Xavier Bosch retira su acusaci\u00f3n contra Florentino P\u00e9rez","link":"https:\/\/www.eldigitaldeasturias.com\/noticias\/xavier-bosch-retira-su-acusacion-contra-florentino-perez\/"}],"_links":{"self":[{"href":"https:\/\/www.eldigitaldeasturias.com\/noticias\/wp-json\/wp\/v2\/posts\/483064","targetHints":{"allow":["GET"]}}],"collection":[{"href":"https:\/\/www.eldigitaldeasturias.com\/noticias\/wp-json\/wp\/v2\/posts"}],"about":[{"href":"https:\/\/www.eldigitaldeasturias.com\/noticias\/wp-json\/wp\/v2\/types\/post"}],"author":[{"embeddable":true,"href":"https:\/\/www.eldigitaldeasturias.com\/noticias\/wp-json\/wp\/v2\/users\/1"}],"replies":[{"embeddable":true,"href":"https:\/\/www.eldigitaldeasturias.com\/noticias\/wp-json\/wp\/v2\/comments?post=483064"}],"version-history":[{"count":0,"href":"https:\/\/www.eldigitaldeasturias.com\/noticias\/wp-json\/wp\/v2\/posts\/483064\/revisions"}],"wp:attachment":[{"href":"https:\/\/www.eldigitaldeasturias.com\/noticias\/wp-json\/wp\/v2\/media?parent=483064"}],"wp:term":[{"taxonomy":"category","embeddable":true,"href":"https:\/\/www.eldigitaldeasturias.com\/noticias\/wp-json\/wp\/v2\/categories?post=483064"},{"taxonomy":"post_tag","embeddable":true,"href":"https:\/\/www.eldigitaldeasturias.com\/noticias\/wp-json\/wp\/v2\/tags?post=483064"}],"curies":[{"name":"wp","href":"https:\/\/api.w.org\/{rel}","templated":true}]}}