{"id":483049,"date":"2014-02-03T23:24:04","date_gmt":"2014-02-04T00:24:04","guid":{"rendered":"http:\/\/www.eldigitaldeasturias.com\/noticias\/?p=483049"},"modified":"2014-02-03T23:24:04","modified_gmt":"2014-02-04T00:24:04","slug":"neymar-defiende-la-legalidad-de-su-fichaje-y-pide-a-su-padre-que-regrese","status":"publish","type":"post","link":"https:\/\/www.eldigitaldeasturias.com\/noticias\/neymar-defiende-la-legalidad-de-su-fichaje-y-pide-a-su-padre-que-regrese\/","title":{"rendered":"Neymar defiende la legalidad de su fichaje y pide a su padre que regrese"},"content":{"rendered":"<p><img loading=\"lazy\" decoding=\"async\" class=\"alignleft size-medium wp-image-440328\" alt=\"neymar\" src=\"https:\/\/www.eldigitaldeasturias.com\/noticias\/wp-content\/uploads\/2013\/10\/neymar-360x240.jpg\" width=\"360\" height=\"240\" \/>Barcelona, 3 feb (dpa) &#8211; El futbolista brasile\u00f1o Neymar defendi\u00f3 hoy la legalidad de su fichaje por el Barcelona, calific\u00f3 como \u00abbarbaridades\u00bb todo lo publicado en relaci\u00f3n con su traspaso y pidi\u00f3 a su padre y representante que regrese a la ciudad espa\u00f1ola para apoyarlo en su retorno a los campos.<\/p>\n<p>Neymar utiliz\u00f3 su cuenta de Instagram para publicitar ampliamente sus sentimientos y se dirigi\u00f3 a su padre: \u00ab\u00a1Vuelve a Espa\u00f1a, te echo de menos! En unos d\u00edas volver\u00e9 a jugar y te necesito aqu\u00ed\u00bb, public\u00f3 junto a una foto en la que ambos aparecen abrazados.<\/p>\n<p>El brasile\u00f1o se encuentra en la fase final de la recuperaci\u00f3n de un esguince de tobillo y aprovech\u00f3 las redes sociales para romper su silencio despu\u00e9s de la enorme pol\u00e9mica suscitada con su fichaje, que incluso provoc\u00f3 la dimisi\u00f3n de Sandro Rosell como presidente del Barcelona.<\/p>\n<p>\u00ab\u00a1He estado callado hasta ahora! Pero no puedo quedarme escuchando m\u00e1s ese mont\u00f3n de cosas sobre mi traspaso. Disculpa por desobedecerte por primera vez, padre, pero voy a hablar\u00bb, escribi\u00f3 el futbolista.<\/p>\n<p>Neymar calific\u00f3 como \u00abbarbaridades\u00bb lo publicado en varios peri\u00f3dicos sobre su fichaje y asegur\u00f3 que se dio cuenta de que tiene \u00abun mont\u00f3n de falsos amigos\u00bb.<\/p>\n<p>En cambio, el futbolista manifest\u00f3 su adoraci\u00f3n por su padre, salpicado tambi\u00e9n en la pol\u00e9mica.<\/p>\n<p>\u00abQuer\u00eda agradecerte por la forma en la que condujiste mi carrera, por las empresas que creaste en torno a mi trabajo y en la forma en que cuidaste a nuestra familia. Es cuesti\u00f3n de tiempo que sepan que no has hecho nada malo. \u00a1Solo fuiste mi padre en plenitud! \u00a1Te amo y estamos juntos!\u00bb, agreg\u00f3.<\/p>\n","protected":false},"excerpt":{"rendered":"<p>Barcelona, 3 feb (dpa) &#8211; El futbolista brasile\u00f1o Neymar defendi\u00f3 hoy la legalidad de su fichaje por el Barcelona, calific\u00f3 como \u00abbarbaridades\u00bb todo lo publicado en relaci\u00f3n con su traspaso y pidi\u00f3 a su padre y representante que regrese a la ciudad espa\u00f1ola para apoyarlo en su retorno a los campos. Neymar utiliz\u00f3 su cuenta [&hellip;]<\/p>\n","protected":false},"author":1,"featured_media":440328,"comment_status":"closed","ping_status":"open","sticky":false,"template":"","format":"standard","meta":{"footnotes":""},"categories":[1],"tags":[],"class_list":["post-483049","post","type-post","status-publish","format-standard","has-post-thumbnail","hentry","category-actualidad"],"aioseo_notices":[],"aioseo_head":"\n\t\t<!-- All in One SEO Pro 5.0.1 - aioseo.com -->\n\t<meta name=\"description\" content=\"Barcelona, 3 feb (dpa) - El futbolista brasile\u00f1o Neymar defendi\u00f3 hoy la legalidad de su fichaje por el Barcelona, calific\u00f3 como &quot;barbaridades&quot; todo lo publicado en relaci\u00f3n con su traspaso y pidi\u00f3 a su padre y representante que regrese a la ciudad espa\u00f1ola para apoyarlo en su retorno a los campos. Neymar utiliz\u00f3 su cuenta\" \/>\n\t<meta name=\"robots\" content=\"max-image-preview:large\" \/>\n\t<meta name=\"author\" content=\"El Digital de Asturias\"\/>\n\t<meta name=\"google-site-verification\" content=\"UA-38556648-1\" \/>\n\t<meta name=\"msvalidate.01\" content=\"7dfe9f3f1b24437ab69f4f2559babe99\" \/>\n\t<meta name=\"keywords\" content=\"actualidad\" \/>\n\t<link rel=\"canonical\" href=\"https:\/\/www.eldigitaldeasturias.com\/noticias\/neymar-defiende-la-legalidad-de-su-fichaje-y-pide-a-su-padre-que-regrese\/\" \/>\n\t<meta name=\"generator\" content=\"All in One SEO Pro (AIOSEO) 5.0.1\" \/>\n\t\t<meta property=\"og:locale\" content=\"es_ES\" \/>\n\t\t<meta property=\"og:site_name\" content=\"El Digital de Asturias\" \/>\n\t\t<meta property=\"og:type\" content=\"article\" \/>\n\t\t<meta property=\"og:title\" content=\"Neymar defiende la legalidad de su fichaje y pide a su padre que regrese - El Digital de Asturias\" \/>\n\t\t<meta property=\"og:description\" content=\"Barcelona, 3 feb (dpa) - El futbolista brasile\u00f1o Neymar defendi\u00f3 hoy la legalidad de su fichaje por el Barcelona, calific\u00f3 como &quot;barbaridades&quot; todo lo publicado en relaci\u00f3n con su traspaso y pidi\u00f3 a su padre y representante que regrese a la ciudad espa\u00f1ola para apoyarlo en su retorno a los campos. Neymar utiliz\u00f3 su cuenta\" \/>\n\t\t<meta property=\"og:url\" content=\"https:\/\/www.eldigitaldeasturias.com\/noticias\/neymar-defiende-la-legalidad-de-su-fichaje-y-pide-a-su-padre-que-regrese\/\" \/>\n\t\t<meta property=\"article:tag\" content=\"actualidad\" \/>\n\t\t<meta property=\"article:published_time\" content=\"2014-02-04T00:24:04+00:00\" \/>\n\t\t<meta property=\"article:modified_time\" content=\"2014-02-04T00:24:04+00:00\" \/>\n\t\t<meta property=\"article:publisher\" content=\"https:\/\/facebook.com\/eldigitaldeasturias\" \/>\n\t\t<meta name=\"twitter:card\" content=\"summary_large_image\" \/>\n\t\t<meta name=\"twitter:title\" content=\"Neymar defiende la legalidad de su fichaje y pide a su padre que regrese - El Digital de Asturias\" \/>\n\t\t<meta name=\"twitter:description\" content=\"Barcelona, 3 feb (dpa) - El futbolista brasile\u00f1o Neymar defendi\u00f3 hoy la legalidad de su fichaje por el Barcelona, calific\u00f3 como &quot;barbaridades&quot; todo lo publicado en relaci\u00f3n con su traspaso y pidi\u00f3 a su padre y representante que regrese a la ciudad espa\u00f1ola para apoyarlo en su retorno a los campos. Neymar utiliz\u00f3 su cuenta\" \/>\n\t\t<meta name=\"twitter:label1\" content=\"Escrito por\" \/>\n\t\t<meta name=\"twitter:data1\" content=\"El Digital de Asturias\" \/>\n\t\t<meta name=\"twitter:label2\" content=\"Tiempo de lectura estimado\" \/>\n\t\t<meta name=\"twitter:data2\" content=\"1 minuto\" \/>\n\t\t<script type=\"application\/ld+json\" class=\"aioseo-schema\">\n\t\t\t{\"@context\":\"https:\\\/\\\/schema.org\",\"@graph\":[{\"@type\":\"BlogPosting\",\"@id\":\"https:\\\/\\\/www.eldigitaldeasturias.com\\\/noticias\\\/neymar-defiende-la-legalidad-de-su-fichaje-y-pide-a-su-padre-que-regrese\\\/#blogposting\",\"name\":\"Neymar defiende la legalidad de su fichaje y pide a su padre que regrese - El Digital de Asturias\",\"headline\":\"Neymar defiende la legalidad de su fichaje y pide a su padre que regrese\",\"author\":{\"@id\":\"https:\\\/\\\/www.eldigitaldeasturias.com\\\/noticias\\\/author\\\/admin\\\/#author\"},\"publisher\":{\"@id\":\"https:\\\/\\\/www.eldigitaldeasturias.com\\\/noticias\\\/#organization\"},\"image\":{\"@type\":\"ImageObject\",\"url\":440328},\"datePublished\":\"2014-02-03T23:24:04+01:00\",\"dateModified\":\"2014-02-03T23:24:04+01:00\",\"inLanguage\":\"es-ES\",\"mainEntityOfPage\":{\"@id\":\"https:\\\/\\\/www.eldigitaldeasturias.com\\\/noticias\\\/neymar-defiende-la-legalidad-de-su-fichaje-y-pide-a-su-padre-que-regrese\\\/#webpage\"},\"isPartOf\":{\"@id\":\"https:\\\/\\\/www.eldigitaldeasturias.com\\\/noticias\\\/neymar-defiende-la-legalidad-de-su-fichaje-y-pide-a-su-padre-que-regrese\\\/#webpage\"},\"articleSection\":\"Actualidad\"},{\"@type\":\"BreadcrumbList\",\"@id\":\"https:\\\/\\\/www.eldigitaldeasturias.com\\\/noticias\\\/neymar-defiende-la-legalidad-de-su-fichaje-y-pide-a-su-padre-que-regrese\\\/#breadcrumblist\",\"itemListElement\":[{\"@type\":\"ListItem\",\"@id\":\"https:\\\/\\\/www.eldigitaldeasturias.com\\\/noticias#listItem\",\"position\":1,\"name\":\"Home\",\"item\":\"https:\\\/\\\/www.eldigitaldeasturias.com\\\/noticias\",\"nextItem\":{\"@type\":\"ListItem\",\"@id\":\"https:\\\/\\\/www.eldigitaldeasturias.com\\\/noticias\\\/category\\\/actualidad\\\/#listItem\",\"name\":\"Actualidad\"}},{\"@type\":\"ListItem\",\"@id\":\"https:\\\/\\\/www.eldigitaldeasturias.com\\\/noticias\\\/category\\\/actualidad\\\/#listItem\",\"position\":2,\"name\":\"Actualidad\",\"item\":\"https:\\\/\\\/www.eldigitaldeasturias.com\\\/noticias\\\/category\\\/actualidad\\\/\",\"nextItem\":{\"@type\":\"ListItem\",\"@id\":\"https:\\\/\\\/www.eldigitaldeasturias.com\\\/noticias\\\/neymar-defiende-la-legalidad-de-su-fichaje-y-pide-a-su-padre-que-regrese\\\/#listItem\",\"name\":\"Neymar defiende la legalidad de su fichaje y pide a su padre que regrese\"},\"previousItem\":{\"@type\":\"ListItem\",\"@id\":\"https:\\\/\\\/www.eldigitaldeasturias.com\\\/noticias#listItem\",\"name\":\"Home\"}},{\"@type\":\"ListItem\",\"@id\":\"https:\\\/\\\/www.eldigitaldeasturias.com\\\/noticias\\\/neymar-defiende-la-legalidad-de-su-fichaje-y-pide-a-su-padre-que-regrese\\\/#listItem\",\"position\":3,\"name\":\"Neymar defiende la legalidad de su fichaje y pide a su padre que regrese\",\"previousItem\":{\"@type\":\"ListItem\",\"@id\":\"https:\\\/\\\/www.eldigitaldeasturias.com\\\/noticias\\\/category\\\/actualidad\\\/#listItem\",\"name\":\"Actualidad\"}}]},{\"@type\":\"Organization\",\"@id\":\"https:\\\/\\\/www.eldigitaldeasturias.com\\\/noticias\\\/#organization\",\"name\":\"El Digital de Asturias\",\"description\":\"Hemeroteca\",\"url\":\"https:\\\/\\\/www.eldigitaldeasturias.com\\\/noticias\\\/\",\"email\":\"info@eldigitaldeasturias.com\",\"telephone\":\"+34652131393\",\"logo\":{\"@type\":\"ImageObject\",\"url\":\"https:\\\/\\\/www.eldigitaldeasturias.com\\\/noticias\\\/wp-content\\\/uploads\\\/2020\\\/12\\\/EDA.jpg\",\"@id\":\"https:\\\/\\\/www.eldigitaldeasturias.com\\\/noticias\\\/neymar-defiende-la-legalidad-de-su-fichaje-y-pide-a-su-padre-que-regrese\\\/#organizationLogo\"},\"image\":{\"@id\":\"https:\\\/\\\/www.eldigitaldeasturias.com\\\/noticias\\\/neymar-defiende-la-legalidad-de-su-fichaje-y-pide-a-su-padre-que-regrese\\\/#organizationLogo\"},\"sameAs\":[\"https:\\\/\\\/facebook.com\\\/eldigitaldeasturias\",\"https:\\\/\\\/www.youtube.com\\\/channel\\\/UCZP-2wLEB9Rv6erhFmqVnvg\"],\"address\":{\"@id\":\"https:\\\/\\\/www.eldigitaldeasturias.com\\\/noticias\\\/#postaladdress\",\"@type\":\"PostalAddress\",\"streetAddress\":\"san antonio 4\",\"postalCode\":\"33430\",\"addressLocality\":\"Cand\\u00e1s\",\"addressRegion\":\"Asturias\",\"addressCountry\":\"ES\"}},{\"@type\":\"Person\",\"@id\":\"https:\\\/\\\/www.eldigitaldeasturias.com\\\/noticias\\\/author\\\/admin\\\/#author\",\"url\":\"https:\\\/\\\/www.eldigitaldeasturias.com\\\/noticias\\\/author\\\/admin\\\/\",\"name\":\"El Digital de Asturias\",\"image\":{\"@type\":\"ImageObject\",\"@id\":\"https:\\\/\\\/www.eldigitaldeasturias.com\\\/noticias\\\/neymar-defiende-la-legalidad-de-su-fichaje-y-pide-a-su-padre-que-regrese\\\/#authorImage\",\"url\":\"https:\\\/\\\/secure.gravatar.com\\\/avatar\\\/df2aeffc32bcd13f8d26072ef8a91b623d677766deac7f97ca815868cd41bf5e?s=96&d=mm&r=g\",\"width\":96,\"height\":96,\"caption\":\"El Digital de Asturias\"}},{\"@type\":\"WebPage\",\"@id\":\"https:\\\/\\\/www.eldigitaldeasturias.com\\\/noticias\\\/neymar-defiende-la-legalidad-de-su-fichaje-y-pide-a-su-padre-que-regrese\\\/#webpage\",\"url\":\"https:\\\/\\\/www.eldigitaldeasturias.com\\\/noticias\\\/neymar-defiende-la-legalidad-de-su-fichaje-y-pide-a-su-padre-que-regrese\\\/\",\"name\":\"Neymar defiende la legalidad de su fichaje y pide a su padre que regrese - El Digital de Asturias\",\"description\":\"Barcelona, 3 feb (dpa) - El futbolista brasile\\u00f1o Neymar defendi\\u00f3 hoy la legalidad de su fichaje por el Barcelona, calific\\u00f3 como \\\"barbaridades\\\" todo lo publicado en relaci\\u00f3n con su traspaso y pidi\\u00f3 a su padre y representante que regrese a la ciudad espa\\u00f1ola para apoyarlo en su retorno a los campos. Neymar utiliz\\u00f3 su cuenta\",\"inLanguage\":\"es-ES\",\"isPartOf\":{\"@id\":\"https:\\\/\\\/www.eldigitaldeasturias.com\\\/noticias\\\/#website\"},\"breadcrumb\":{\"@id\":\"https:\\\/\\\/www.eldigitaldeasturias.com\\\/noticias\\\/neymar-defiende-la-legalidad-de-su-fichaje-y-pide-a-su-padre-que-regrese\\\/#breadcrumblist\"},\"author\":{\"@id\":\"https:\\\/\\\/www.eldigitaldeasturias.com\\\/noticias\\\/author\\\/admin\\\/#author\"},\"creator\":{\"@id\":\"https:\\\/\\\/www.eldigitaldeasturias.com\\\/noticias\\\/author\\\/admin\\\/#author\"},\"image\":{\"@type\":\"ImageObject\",\"url\":440328,\"@id\":\"https:\\\/\\\/www.eldigitaldeasturias.com\\\/noticias\\\/neymar-defiende-la-legalidad-de-su-fichaje-y-pide-a-su-padre-que-regrese\\\/#mainImage\"},\"primaryImageOfPage\":{\"@id\":\"https:\\\/\\\/www.eldigitaldeasturias.com\\\/noticias\\\/neymar-defiende-la-legalidad-de-su-fichaje-y-pide-a-su-padre-que-regrese\\\/#mainImage\"},\"datePublished\":\"2014-02-03T23:24:04+01:00\",\"dateModified\":\"2014-02-03T23:24:04+01:00\"},{\"@type\":\"WebSite\",\"@id\":\"https:\\\/\\\/www.eldigitaldeasturias.com\\\/noticias\\\/#website\",\"url\":\"https:\\\/\\\/www.eldigitaldeasturias.com\\\/noticias\\\/\",\"name\":\"El Digital de Asturias - Diario de actualidad y noticias\",\"alternateName\":\"El Digital de Asturias - Diario de actualidad y noticias\",\"description\":\"Hemeroteca\",\"inLanguage\":\"es-ES\",\"publisher\":{\"@id\":\"https:\\\/\\\/www.eldigitaldeasturias.com\\\/noticias\\\/#organization\"}}]}\n\t\t<\/script>\n\t\t<!-- All in One SEO Pro -->\r\n\t\t<title>Neymar defiende la legalidad de su fichaje y pide a su padre que regrese - El Digital de Asturias<\/title>\n\n","aioseo_head_json":{"title":"Neymar defiende la legalidad de su fichaje y pide a su padre que regrese - El Digital de Asturias","description":"Barcelona, 3 feb (dpa) - El futbolista brasile\u00f1o Neymar defendi\u00f3 hoy la legalidad de su fichaje por el Barcelona, calific\u00f3 como \"barbaridades\" todo lo publicado en relaci\u00f3n con su traspaso y pidi\u00f3 a su padre y representante que regrese a la ciudad espa\u00f1ola para apoyarlo en su retorno a los campos. Neymar utiliz\u00f3 su cuenta","canonical_url":"https:\/\/www.eldigitaldeasturias.com\/noticias\/neymar-defiende-la-legalidad-de-su-fichaje-y-pide-a-su-padre-que-regrese\/","robots":"max-image-preview:large","keywords":"actualidad","webmasterTools":{"google-site-verification":"UA-38556648-1","msvalidate.01":"7dfe9f3f1b24437ab69f4f2559babe99","miscellaneous":""},"schema":{"@context":"https:\/\/schema.org","@graph":[{"@type":"BlogPosting","@id":"https:\/\/www.eldigitaldeasturias.com\/noticias\/neymar-defiende-la-legalidad-de-su-fichaje-y-pide-a-su-padre-que-regrese\/#blogposting","name":"Neymar defiende la legalidad de su fichaje y pide a su padre que regrese - El Digital de Asturias","headline":"Neymar defiende la legalidad de su fichaje y pide a su padre que regrese","author":{"@id":"https:\/\/www.eldigitaldeasturias.com\/noticias\/author\/admin\/#author"},"publisher":{"@id":"https:\/\/www.eldigitaldeasturias.com\/noticias\/#organization"},"image":{"@type":"ImageObject","url":440328},"datePublished":"2014-02-03T23:24:04+01:00","dateModified":"2014-02-03T23:24:04+01:00","inLanguage":"es-ES","mainEntityOfPage":{"@id":"https:\/\/www.eldigitaldeasturias.com\/noticias\/neymar-defiende-la-legalidad-de-su-fichaje-y-pide-a-su-padre-que-regrese\/#webpage"},"isPartOf":{"@id":"https:\/\/www.eldigitaldeasturias.com\/noticias\/neymar-defiende-la-legalidad-de-su-fichaje-y-pide-a-su-padre-que-regrese\/#webpage"},"articleSection":"Actualidad"},{"@type":"BreadcrumbList","@id":"https:\/\/www.eldigitaldeasturias.com\/noticias\/neymar-defiende-la-legalidad-de-su-fichaje-y-pide-a-su-padre-que-regrese\/#breadcrumblist","itemListElement":[{"@type":"ListItem","@id":"https:\/\/www.eldigitaldeasturias.com\/noticias#listItem","position":1,"name":"Home","item":"https:\/\/www.eldigitaldeasturias.com\/noticias","nextItem":{"@type":"ListItem","@id":"https:\/\/www.eldigitaldeasturias.com\/noticias\/category\/actualidad\/#listItem","name":"Actualidad"}},{"@type":"ListItem","@id":"https:\/\/www.eldigitaldeasturias.com\/noticias\/category\/actualidad\/#listItem","position":2,"name":"Actualidad","item":"https:\/\/www.eldigitaldeasturias.com\/noticias\/category\/actualidad\/","nextItem":{"@type":"ListItem","@id":"https:\/\/www.eldigitaldeasturias.com\/noticias\/neymar-defiende-la-legalidad-de-su-fichaje-y-pide-a-su-padre-que-regrese\/#listItem","name":"Neymar defiende la legalidad de su fichaje y pide a su padre que regrese"},"previousItem":{"@type":"ListItem","@id":"https:\/\/www.eldigitaldeasturias.com\/noticias#listItem","name":"Home"}},{"@type":"ListItem","@id":"https:\/\/www.eldigitaldeasturias.com\/noticias\/neymar-defiende-la-legalidad-de-su-fichaje-y-pide-a-su-padre-que-regrese\/#listItem","position":3,"name":"Neymar defiende la legalidad de su fichaje y pide a su padre que regrese","previousItem":{"@type":"ListItem","@id":"https:\/\/www.eldigitaldeasturias.com\/noticias\/category\/actualidad\/#listItem","name":"Actualidad"}}]},{"@type":"Organization","@id":"https:\/\/www.eldigitaldeasturias.com\/noticias\/#organization","name":"El Digital de Asturias","description":"Hemeroteca","url":"https:\/\/www.eldigitaldeasturias.com\/noticias\/","email":"info@eldigitaldeasturias.com","telephone":"+34652131393","logo":{"@type":"ImageObject","url":"https:\/\/www.eldigitaldeasturias.com\/noticias\/wp-content\/uploads\/2020\/12\/EDA.jpg","@id":"https:\/\/www.eldigitaldeasturias.com\/noticias\/neymar-defiende-la-legalidad-de-su-fichaje-y-pide-a-su-padre-que-regrese\/#organizationLogo"},"image":{"@id":"https:\/\/www.eldigitaldeasturias.com\/noticias\/neymar-defiende-la-legalidad-de-su-fichaje-y-pide-a-su-padre-que-regrese\/#organizationLogo"},"sameAs":["https:\/\/facebook.com\/eldigitaldeasturias","https:\/\/www.youtube.com\/channel\/UCZP-2wLEB9Rv6erhFmqVnvg"],"address":{"@id":"https:\/\/www.eldigitaldeasturias.com\/noticias\/#postaladdress","@type":"PostalAddress","streetAddress":"san antonio 4","postalCode":"33430","addressLocality":"Cand\u00e1s","addressRegion":"Asturias","addressCountry":"ES"}},{"@type":"Person","@id":"https:\/\/www.eldigitaldeasturias.com\/noticias\/author\/admin\/#author","url":"https:\/\/www.eldigitaldeasturias.com\/noticias\/author\/admin\/","name":"El Digital de Asturias","image":{"@type":"ImageObject","@id":"https:\/\/www.eldigitaldeasturias.com\/noticias\/neymar-defiende-la-legalidad-de-su-fichaje-y-pide-a-su-padre-que-regrese\/#authorImage","url":"https:\/\/secure.gravatar.com\/avatar\/df2aeffc32bcd13f8d26072ef8a91b623d677766deac7f97ca815868cd41bf5e?s=96&d=mm&r=g","width":96,"height":96,"caption":"El Digital de Asturias"}},{"@type":"WebPage","@id":"https:\/\/www.eldigitaldeasturias.com\/noticias\/neymar-defiende-la-legalidad-de-su-fichaje-y-pide-a-su-padre-que-regrese\/#webpage","url":"https:\/\/www.eldigitaldeasturias.com\/noticias\/neymar-defiende-la-legalidad-de-su-fichaje-y-pide-a-su-padre-que-regrese\/","name":"Neymar defiende la legalidad de su fichaje y pide a su padre que regrese - El Digital de Asturias","description":"Barcelona, 3 feb (dpa) - El futbolista brasile\u00f1o Neymar defendi\u00f3 hoy la legalidad de su fichaje por el Barcelona, calific\u00f3 como \"barbaridades\" todo lo publicado en relaci\u00f3n con su traspaso y pidi\u00f3 a su padre y representante que regrese a la ciudad espa\u00f1ola para apoyarlo en su retorno a los campos. Neymar utiliz\u00f3 su cuenta","inLanguage":"es-ES","isPartOf":{"@id":"https:\/\/www.eldigitaldeasturias.com\/noticias\/#website"},"breadcrumb":{"@id":"https:\/\/www.eldigitaldeasturias.com\/noticias\/neymar-defiende-la-legalidad-de-su-fichaje-y-pide-a-su-padre-que-regrese\/#breadcrumblist"},"author":{"@id":"https:\/\/www.eldigitaldeasturias.com\/noticias\/author\/admin\/#author"},"creator":{"@id":"https:\/\/www.eldigitaldeasturias.com\/noticias\/author\/admin\/#author"},"image":{"@type":"ImageObject","url":440328,"@id":"https:\/\/www.eldigitaldeasturias.com\/noticias\/neymar-defiende-la-legalidad-de-su-fichaje-y-pide-a-su-padre-que-regrese\/#mainImage"},"primaryImageOfPage":{"@id":"https:\/\/www.eldigitaldeasturias.com\/noticias\/neymar-defiende-la-legalidad-de-su-fichaje-y-pide-a-su-padre-que-regrese\/#mainImage"},"datePublished":"2014-02-03T23:24:04+01:00","dateModified":"2014-02-03T23:24:04+01:00"},{"@type":"WebSite","@id":"https:\/\/www.eldigitaldeasturias.com\/noticias\/#website","url":"https:\/\/www.eldigitaldeasturias.com\/noticias\/","name":"El Digital de Asturias - Diario de actualidad y noticias","alternateName":"El Digital de Asturias - Diario de actualidad y noticias","description":"Hemeroteca","inLanguage":"es-ES","publisher":{"@id":"https:\/\/www.eldigitaldeasturias.com\/noticias\/#organization"}}]},"og:locale":"es_ES","og:site_name":"El Digital de Asturias","og:type":"article","og:title":"Neymar defiende la legalidad de su fichaje y pide a su padre que regrese - El Digital de Asturias","og:description":"Barcelona, 3 feb (dpa) - El futbolista brasile\u00f1o Neymar defendi\u00f3 hoy la legalidad de su fichaje por el Barcelona, calific\u00f3 como &quot;barbaridades&quot; todo lo publicado en relaci\u00f3n con su traspaso y pidi\u00f3 a su padre y representante que regrese a la ciudad espa\u00f1ola para apoyarlo en su retorno a los campos. Neymar utiliz\u00f3 su cuenta","og:url":"https:\/\/www.eldigitaldeasturias.com\/noticias\/neymar-defiende-la-legalidad-de-su-fichaje-y-pide-a-su-padre-que-regrese\/","article:tag":["actualidad"],"article:published_time":"2014-02-04T00:24:04+00:00","article:modified_time":"2014-02-04T00:24:04+00:00","article:publisher":"https:\/\/facebook.com\/eldigitaldeasturias","twitter:card":"summary_large_image","twitter:title":"Neymar defiende la legalidad de su fichaje y pide a su padre que regrese - El Digital de Asturias","twitter:description":"Barcelona, 3 feb (dpa) - El futbolista brasile\u00f1o Neymar defendi\u00f3 hoy la legalidad de su fichaje por el Barcelona, calific\u00f3 como &quot;barbaridades&quot; todo lo publicado en relaci\u00f3n con su traspaso y pidi\u00f3 a su padre y representante que regrese a la ciudad espa\u00f1ola para apoyarlo en su retorno a los campos. Neymar utiliz\u00f3 su cuenta","twitter:label1":"Escrito por","twitter:data1":"El Digital de Asturias","twitter:label2":"Tiempo de lectura estimado","twitter:data2":"1 minuto"},"aioseo_meta_data":{"post_id":"483049","title":null,"description":null,"keywords":null,"keyphrases":null,"primary_term":null,"canonical_url":null,"og_title":null,"og_description":null,"og_object_type":"default","og_image_type":"default","og_image_url":null,"og_image_width":null,"og_image_height":null,"og_image_custom_url":null,"og_image_custom_fields":null,"og_video":null,"og_custom_url":null,"og_article_section":null,"og_article_tags":null,"twitter_use_og":true,"twitter_card":"default","twitter_image_type":"default","twitter_image_url":null,"twitter_image_custom_url":null,"twitter_image_custom_fields":null,"twitter_title":null,"twitter_description":null,"schema":{"blockGraphs":[],"customGraphs":[],"default":{"data":{"Article":[],"Course":[],"Dataset":[],"FAQPage":[],"Movie":[],"Person":[],"Product":[],"ProductReview":[],"Car":[],"Recipe":[],"Service":[],"SoftwareApplication":[],"WebPage":[]},"graphName":"","isEnabled":true},"graphs":[],"defaultGraph":"","defaultPostTypeGraph":""},"schema_type":null,"schema_type_options":null,"pillar_content":false,"robots_default":true,"robots_noindex":false,"robots_noarchive":false,"robots_nosnippet":false,"robots_nofollow":false,"robots_noimageindex":false,"robots_noodp":false,"robots_notranslate":false,"robots_max_snippet":null,"robots_max_videopreview":null,"robots_max_imagepreview":"none","priority":null,"frequency":null,"local_seo":null,"seo_analyzer_scan_date":"2026-06-02 11:38:51","breadcrumb_settings":null,"limit_modified_date":false,"open_ai":null,"ai":null,"created":"2020-11-14 22:54:42","updated":"2026-06-02 11:38:51","focus_keyword":null,"additional_keywords":null,"truseo_locale":null},"aioseo_breadcrumb":"<div class=\"aioseo-breadcrumbs\"><span class=\"aioseo-breadcrumb\">\n\t<a href=\"https:\/\/www.eldigitaldeasturias.com\/noticias\" title=\"Home\">Home<\/a>\n<\/span><span class=\"aioseo-breadcrumb-separator\">\u2013<\/span><span class=\"aioseo-breadcrumb\">\n\t<a href=\"https:\/\/www.eldigitaldeasturias.com\/noticias\/category\/actualidad\/\" title=\"Actualidad\">Actualidad<\/a>\n<\/span><span class=\"aioseo-breadcrumb-separator\">\u2013<\/span><span class=\"aioseo-breadcrumb\">\n\t<a href=\"https:\/\/www.eldigitaldeasturias.com\/noticias\/neymar-defiende-la-legalidad-de-su-fichaje-y-pide-a-su-padre-que-regrese\/\" title=\"Neymar defiende la legalidad de su fichaje y pide a su padre que regrese\">Neymar defiende la legalidad de su fichaje y pide a su padre que regrese<\/a>\n<\/span><\/div>","aioseo_breadcrumb_json":[{"label":"Home","link":"https:\/\/www.eldigitaldeasturias.com\/noticias"},{"label":"Actualidad","link":"https:\/\/www.eldigitaldeasturias.com\/noticias\/category\/actualidad\/"},{"label":"Neymar defiende la legalidad de su fichaje y pide a su padre que regrese","link":"https:\/\/www.eldigitaldeasturias.com\/noticias\/neymar-defiende-la-legalidad-de-su-fichaje-y-pide-a-su-padre-que-regrese\/"}],"_links":{"self":[{"href":"https:\/\/www.eldigitaldeasturias.com\/noticias\/wp-json\/wp\/v2\/posts\/483049","targetHints":{"allow":["GET"]}}],"collection":[{"href":"https:\/\/www.eldigitaldeasturias.com\/noticias\/wp-json\/wp\/v2\/posts"}],"about":[{"href":"https:\/\/www.eldigitaldeasturias.com\/noticias\/wp-json\/wp\/v2\/types\/post"}],"author":[{"embeddable":true,"href":"https:\/\/www.eldigitaldeasturias.com\/noticias\/wp-json\/wp\/v2\/users\/1"}],"replies":[{"embeddable":true,"href":"https:\/\/www.eldigitaldeasturias.com\/noticias\/wp-json\/wp\/v2\/comments?post=483049"}],"version-history":[{"count":0,"href":"https:\/\/www.eldigitaldeasturias.com\/noticias\/wp-json\/wp\/v2\/posts\/483049\/revisions"}],"wp:attachment":[{"href":"https:\/\/www.eldigitaldeasturias.com\/noticias\/wp-json\/wp\/v2\/media?parent=483049"}],"wp:term":[{"taxonomy":"category","embeddable":true,"href":"https:\/\/www.eldigitaldeasturias.com\/noticias\/wp-json\/wp\/v2\/categories?post=483049"},{"taxonomy":"post_tag","embeddable":true,"href":"https:\/\/www.eldigitaldeasturias.com\/noticias\/wp-json\/wp\/v2\/tags?post=483049"}],"curies":[{"name":"wp","href":"https:\/\/api.w.org\/{rel}","templated":true}]}}