{"id":483041,"date":"2014-02-03T23:17:50","date_gmt":"2014-02-04T00:17:50","guid":{"rendered":"http:\/\/www.eldigitaldeasturias.com\/noticias\/?p=483041"},"modified":"2014-02-03T23:17:50","modified_gmt":"2014-02-04T00:17:50","slug":"yuba-tomara-acciones-legales-contra-los-detenidos-por-el-supuesto-intento-de-golpe","status":"publish","type":"post","link":"https:\/\/www.eldigitaldeasturias.com\/noticias\/yuba-tomara-acciones-legales-contra-los-detenidos-por-el-supuesto-intento-de-golpe\/","title":{"rendered":"Yuba tomar\u00e1 acciones legales contra los detenidos por el supuesto intento de golpe"},"content":{"rendered":"<p><img loading=\"lazy\" decoding=\"async\" class=\"alignleft size-medium wp-image-483042\" alt=\"5903994w\" src=\"https:\/\/www.eldigitaldeasturias.com\/noticias\/wp-content\/uploads\/2014\/02\/5903994w-360x238.jpg\" width=\"360\" height=\"238\" \/>Yuba, 3 feb (EFE).- El vicepresidente de Sud\u00e1n del Sur, James Wani Igga, anunci\u00f3 hoy que su Gobierno tomar\u00e1 acciones legales contra los cuatro detenidos que permanecen en prisi\u00f3n acusados de participar en el supuesto intento de golpe de Estado del pasado 15 de diciembre.<\/p>\n<p>En una rueda de prensa celebrada en Yuba, Igga asegur\u00f3 que el Ejecutivo actuar\u00e1 de acuerdo con las recomendaciones de la comisi\u00f3n de investigaci\u00f3n, pese a que la liberaci\u00f3n de los detenidos es una de las principales condiciones para el acuerdo de alto el fuego suscrito por ambos bandos el pasado 23 de enero en Adis Abeba.<\/p>\n<p>Otros siete detenidos por la misma causa fueron liberados el pasado 30 de enero. Los que permanecen en prisi\u00f3n son el ex secretario general del gobernante Movimiento Popular para la Liberaci\u00f3n de Sud\u00e1n Pagam Amum, el exviceministro de Defensa Majak Agot, el extitular de Seguridad Oyay Deng y el diplom\u00e1tico Ezekiel Lol Gatkuoth.<\/p>\n<p>Igga tambi\u00e9n neg\u00f3 las acusaciones de los rebeldes al Gobierno sobre la falta de cumplimiento del alto el fuego y asegur\u00f3 que son ellos los que siguen atacando puntos donde hay fuerzas gubernamentales.<\/p>\n<p>Por otra parte, una delegaci\u00f3n de la Autoridad Intergubernamental para el Desarrollo (IGAD), que supervisa las negociaciones entre las dos partes de la crisis, lleg\u00f3 hoy a Yuba para controlar la aplicaci\u00f3n del acuerdo alto el fuego.<\/p>\n<p>La delegaci\u00f3n, que incluye a catorce expertos militares y civiles de diferentes pa\u00edses de la IGAD, evaluar\u00e1 la situaci\u00f3n en el terreno antes del despliegue de las fuerzas que supervisar\u00e1n este acuerdo en las zonas conflictivas.<\/p>\n<p>Ayer lleg\u00f3 a Yuba una comisi\u00f3n de la Uni\u00f3n Africana para supervisar el cese de las hostilidades y la separaci\u00f3n entre las fuerzas de ambas partes, la gubernamental y la rebelde.<\/p>\n<p>Adem\u00e1s, se espera que la organizaci\u00f3n panafricana despliegue fuerzas en las zonas m\u00e1s conflictivas del pa\u00eds, como Bentiu, Bor y Malakal.<\/p>\n<p>El vicepresidente sursudan\u00e9s asegur\u00f3 tambi\u00e9n haberse reunido con el presidente sudan\u00e9s, Omar Hasan al Bashir, al margen de las negociaciones de paz de la cumbre de la IGAD, celebrada en Adis Abeba la semana pasada.<\/p>\n<p>Ambos discutieron sobre algunos temas bilaterales de inter\u00e9s com\u00fan, cuestiones fronterizas y el futuro de Abyei, territorio en disputa entre Jartum y Yuba pero que administra la ONU, dijo Igga.<\/p>\n<p>El vicepresidente subray\u00f3 tambi\u00e9n que existen diferencias acerca de la cuesti\u00f3n del desarme de las fuerzas militares presentes en la frontera que separa ambos pa\u00edses, algo que \u00abno se solucionar\u00e1 sin una intervenci\u00f3n mediadora\u00bb.<\/p>\n<p>En cuanto a la cuesti\u00f3n de Abyei, Igga se\u00f1al\u00f3 que est\u00e1 en manos de los presidentes de Sud\u00e1n, Al Bashir, y Sud\u00e1n del Sur, Salva Kir, y a\u00f1adi\u00f3 que pide a la comunidad internacional \u00abque presione a los presidentes para encontrar una soluci\u00f3n cuanto antes\u00bb.<\/p>\n","protected":false},"excerpt":{"rendered":"<p>Yuba, 3 feb (EFE).- El vicepresidente de Sud\u00e1n del Sur, James Wani Igga, anunci\u00f3 hoy que su Gobierno tomar\u00e1 acciones legales contra los cuatro detenidos que permanecen en prisi\u00f3n acusados de participar en el supuesto intento de golpe de Estado del pasado 15 de diciembre. En una rueda de prensa celebrada en Yuba, Igga asegur\u00f3 [&hellip;]<\/p>\n","protected":false},"author":1,"featured_media":483042,"comment_status":"closed","ping_status":"open","sticky":false,"template":"","format":"standard","meta":{"footnotes":""},"categories":[1],"tags":[],"class_list":["post-483041","post","type-post","status-publish","format-standard","has-post-thumbnail","hentry","category-actualidad"],"aioseo_notices":[],"aioseo_head":"\n\t\t<!-- All in One SEO Pro 5.0.1 - aioseo.com -->\n\t<meta name=\"description\" content=\"Yuba, 3 feb (EFE).- El vicepresidente de Sud\u00e1n del Sur, James Wani Igga, anunci\u00f3 hoy que su Gobierno tomar\u00e1 acciones legales contra los cuatro detenidos que permanecen en prisi\u00f3n acusados de participar en el supuesto intento de golpe de Estado del pasado 15 de diciembre. En una rueda de prensa celebrada en Yuba, Igga asegur\u00f3\" \/>\n\t<meta name=\"robots\" content=\"max-image-preview:large\" \/>\n\t<meta name=\"author\" content=\"El Digital de Asturias\"\/>\n\t<meta name=\"google-site-verification\" content=\"UA-38556648-1\" \/>\n\t<meta name=\"msvalidate.01\" content=\"7dfe9f3f1b24437ab69f4f2559babe99\" \/>\n\t<meta name=\"keywords\" content=\"actualidad\" \/>\n\t<link rel=\"canonical\" href=\"https:\/\/www.eldigitaldeasturias.com\/noticias\/yuba-tomara-acciones-legales-contra-los-detenidos-por-el-supuesto-intento-de-golpe\/\" \/>\n\t<meta name=\"generator\" content=\"All in One SEO Pro (AIOSEO) 5.0.1\" \/>\n\t\t<meta property=\"og:locale\" content=\"es_ES\" \/>\n\t\t<meta property=\"og:site_name\" content=\"El Digital de Asturias\" \/>\n\t\t<meta property=\"og:type\" content=\"article\" \/>\n\t\t<meta property=\"og:title\" content=\"Yuba tomar\u00e1 acciones legales contra los detenidos por el supuesto intento de golpe - El Digital de Asturias\" \/>\n\t\t<meta property=\"og:description\" content=\"Yuba, 3 feb (EFE).- El vicepresidente de Sud\u00e1n del Sur, James Wani Igga, anunci\u00f3 hoy que su Gobierno tomar\u00e1 acciones legales contra los cuatro detenidos que permanecen en prisi\u00f3n acusados de participar en el supuesto intento de golpe de Estado del pasado 15 de diciembre. En una rueda de prensa celebrada en Yuba, Igga asegur\u00f3\" \/>\n\t\t<meta property=\"og:url\" content=\"https:\/\/www.eldigitaldeasturias.com\/noticias\/yuba-tomara-acciones-legales-contra-los-detenidos-por-el-supuesto-intento-de-golpe\/\" \/>\n\t\t<meta property=\"article:tag\" content=\"actualidad\" \/>\n\t\t<meta property=\"article:published_time\" content=\"2014-02-04T00:17:50+00:00\" \/>\n\t\t<meta property=\"article:modified_time\" content=\"2014-02-04T00:17:50+00:00\" \/>\n\t\t<meta property=\"article:publisher\" content=\"https:\/\/facebook.com\/eldigitaldeasturias\" \/>\n\t\t<meta name=\"twitter:card\" content=\"summary_large_image\" \/>\n\t\t<meta name=\"twitter:title\" content=\"Yuba tomar\u00e1 acciones legales contra los detenidos por el supuesto intento de golpe - El Digital de Asturias\" \/>\n\t\t<meta name=\"twitter:description\" content=\"Yuba, 3 feb (EFE).- El vicepresidente de Sud\u00e1n del Sur, James Wani Igga, anunci\u00f3 hoy que su Gobierno tomar\u00e1 acciones legales contra los cuatro detenidos que permanecen en prisi\u00f3n acusados de participar en el supuesto intento de golpe de Estado del pasado 15 de diciembre. En una rueda de prensa celebrada en Yuba, Igga asegur\u00f3\" \/>\n\t\t<meta name=\"twitter:label1\" content=\"Escrito por\" \/>\n\t\t<meta name=\"twitter:data1\" content=\"El Digital de Asturias\" \/>\n\t\t<meta name=\"twitter:label2\" content=\"Tiempo de lectura estimado\" \/>\n\t\t<meta name=\"twitter:data2\" content=\"2 minutos\" \/>\n\t\t<script type=\"application\/ld+json\" class=\"aioseo-schema\">\n\t\t\t{\"@context\":\"https:\\\/\\\/schema.org\",\"@graph\":[{\"@type\":\"BlogPosting\",\"@id\":\"https:\\\/\\\/www.eldigitaldeasturias.com\\\/noticias\\\/yuba-tomara-acciones-legales-contra-los-detenidos-por-el-supuesto-intento-de-golpe\\\/#blogposting\",\"name\":\"Yuba tomar\\u00e1 acciones legales contra los detenidos por el supuesto intento de golpe - El Digital de Asturias\",\"headline\":\"Yuba tomar\\u00e1 acciones legales contra los detenidos por el supuesto intento de golpe\",\"author\":{\"@id\":\"https:\\\/\\\/www.eldigitaldeasturias.com\\\/noticias\\\/author\\\/admin\\\/#author\"},\"publisher\":{\"@id\":\"https:\\\/\\\/www.eldigitaldeasturias.com\\\/noticias\\\/#organization\"},\"image\":{\"@type\":\"ImageObject\",\"url\":483042},\"datePublished\":\"2014-02-03T23:17:50+01:00\",\"dateModified\":\"2014-02-03T23:17:50+01:00\",\"inLanguage\":\"es-ES\",\"mainEntityOfPage\":{\"@id\":\"https:\\\/\\\/www.eldigitaldeasturias.com\\\/noticias\\\/yuba-tomara-acciones-legales-contra-los-detenidos-por-el-supuesto-intento-de-golpe\\\/#webpage\"},\"isPartOf\":{\"@id\":\"https:\\\/\\\/www.eldigitaldeasturias.com\\\/noticias\\\/yuba-tomara-acciones-legales-contra-los-detenidos-por-el-supuesto-intento-de-golpe\\\/#webpage\"},\"articleSection\":\"Actualidad\"},{\"@type\":\"BreadcrumbList\",\"@id\":\"https:\\\/\\\/www.eldigitaldeasturias.com\\\/noticias\\\/yuba-tomara-acciones-legales-contra-los-detenidos-por-el-supuesto-intento-de-golpe\\\/#breadcrumblist\",\"itemListElement\":[{\"@type\":\"ListItem\",\"@id\":\"https:\\\/\\\/www.eldigitaldeasturias.com\\\/noticias#listItem\",\"position\":1,\"name\":\"Home\",\"item\":\"https:\\\/\\\/www.eldigitaldeasturias.com\\\/noticias\",\"nextItem\":{\"@type\":\"ListItem\",\"@id\":\"https:\\\/\\\/www.eldigitaldeasturias.com\\\/noticias\\\/category\\\/actualidad\\\/#listItem\",\"name\":\"Actualidad\"}},{\"@type\":\"ListItem\",\"@id\":\"https:\\\/\\\/www.eldigitaldeasturias.com\\\/noticias\\\/category\\\/actualidad\\\/#listItem\",\"position\":2,\"name\":\"Actualidad\",\"item\":\"https:\\\/\\\/www.eldigitaldeasturias.com\\\/noticias\\\/category\\\/actualidad\\\/\",\"nextItem\":{\"@type\":\"ListItem\",\"@id\":\"https:\\\/\\\/www.eldigitaldeasturias.com\\\/noticias\\\/yuba-tomara-acciones-legales-contra-los-detenidos-por-el-supuesto-intento-de-golpe\\\/#listItem\",\"name\":\"Yuba tomar\\u00e1 acciones legales contra los detenidos por el supuesto intento de golpe\"},\"previousItem\":{\"@type\":\"ListItem\",\"@id\":\"https:\\\/\\\/www.eldigitaldeasturias.com\\\/noticias#listItem\",\"name\":\"Home\"}},{\"@type\":\"ListItem\",\"@id\":\"https:\\\/\\\/www.eldigitaldeasturias.com\\\/noticias\\\/yuba-tomara-acciones-legales-contra-los-detenidos-por-el-supuesto-intento-de-golpe\\\/#listItem\",\"position\":3,\"name\":\"Yuba tomar\\u00e1 acciones legales contra los detenidos por el supuesto intento de golpe\",\"previousItem\":{\"@type\":\"ListItem\",\"@id\":\"https:\\\/\\\/www.eldigitaldeasturias.com\\\/noticias\\\/category\\\/actualidad\\\/#listItem\",\"name\":\"Actualidad\"}}]},{\"@type\":\"Organization\",\"@id\":\"https:\\\/\\\/www.eldigitaldeasturias.com\\\/noticias\\\/#organization\",\"name\":\"El Digital de Asturias\",\"description\":\"Hemeroteca\",\"url\":\"https:\\\/\\\/www.eldigitaldeasturias.com\\\/noticias\\\/\",\"email\":\"info@eldigitaldeasturias.com\",\"telephone\":\"+34652131393\",\"logo\":{\"@type\":\"ImageObject\",\"url\":\"https:\\\/\\\/www.eldigitaldeasturias.com\\\/noticias\\\/wp-content\\\/uploads\\\/2020\\\/12\\\/EDA.jpg\",\"@id\":\"https:\\\/\\\/www.eldigitaldeasturias.com\\\/noticias\\\/yuba-tomara-acciones-legales-contra-los-detenidos-por-el-supuesto-intento-de-golpe\\\/#organizationLogo\"},\"image\":{\"@id\":\"https:\\\/\\\/www.eldigitaldeasturias.com\\\/noticias\\\/yuba-tomara-acciones-legales-contra-los-detenidos-por-el-supuesto-intento-de-golpe\\\/#organizationLogo\"},\"sameAs\":[\"https:\\\/\\\/facebook.com\\\/eldigitaldeasturias\",\"https:\\\/\\\/www.youtube.com\\\/channel\\\/UCZP-2wLEB9Rv6erhFmqVnvg\"],\"address\":{\"@id\":\"https:\\\/\\\/www.eldigitaldeasturias.com\\\/noticias\\\/#postaladdress\",\"@type\":\"PostalAddress\",\"streetAddress\":\"san antonio 4\",\"postalCode\":\"33430\",\"addressLocality\":\"Cand\\u00e1s\",\"addressRegion\":\"Asturias\",\"addressCountry\":\"ES\"}},{\"@type\":\"Person\",\"@id\":\"https:\\\/\\\/www.eldigitaldeasturias.com\\\/noticias\\\/author\\\/admin\\\/#author\",\"url\":\"https:\\\/\\\/www.eldigitaldeasturias.com\\\/noticias\\\/author\\\/admin\\\/\",\"name\":\"El Digital de Asturias\",\"image\":{\"@type\":\"ImageObject\",\"@id\":\"https:\\\/\\\/www.eldigitaldeasturias.com\\\/noticias\\\/yuba-tomara-acciones-legales-contra-los-detenidos-por-el-supuesto-intento-de-golpe\\\/#authorImage\",\"url\":\"https:\\\/\\\/secure.gravatar.com\\\/avatar\\\/df2aeffc32bcd13f8d26072ef8a91b623d677766deac7f97ca815868cd41bf5e?s=96&d=mm&r=g\",\"width\":96,\"height\":96,\"caption\":\"El Digital de Asturias\"}},{\"@type\":\"WebPage\",\"@id\":\"https:\\\/\\\/www.eldigitaldeasturias.com\\\/noticias\\\/yuba-tomara-acciones-legales-contra-los-detenidos-por-el-supuesto-intento-de-golpe\\\/#webpage\",\"url\":\"https:\\\/\\\/www.eldigitaldeasturias.com\\\/noticias\\\/yuba-tomara-acciones-legales-contra-los-detenidos-por-el-supuesto-intento-de-golpe\\\/\",\"name\":\"Yuba tomar\\u00e1 acciones legales contra los detenidos por el supuesto intento de golpe - El Digital de Asturias\",\"description\":\"Yuba, 3 feb (EFE).- El vicepresidente de Sud\\u00e1n del Sur, James Wani Igga, anunci\\u00f3 hoy que su Gobierno tomar\\u00e1 acciones legales contra los cuatro detenidos que permanecen en prisi\\u00f3n acusados de participar en el supuesto intento de golpe de Estado del pasado 15 de diciembre. En una rueda de prensa celebrada en Yuba, Igga asegur\\u00f3\",\"inLanguage\":\"es-ES\",\"isPartOf\":{\"@id\":\"https:\\\/\\\/www.eldigitaldeasturias.com\\\/noticias\\\/#website\"},\"breadcrumb\":{\"@id\":\"https:\\\/\\\/www.eldigitaldeasturias.com\\\/noticias\\\/yuba-tomara-acciones-legales-contra-los-detenidos-por-el-supuesto-intento-de-golpe\\\/#breadcrumblist\"},\"author\":{\"@id\":\"https:\\\/\\\/www.eldigitaldeasturias.com\\\/noticias\\\/author\\\/admin\\\/#author\"},\"creator\":{\"@id\":\"https:\\\/\\\/www.eldigitaldeasturias.com\\\/noticias\\\/author\\\/admin\\\/#author\"},\"image\":{\"@type\":\"ImageObject\",\"url\":483042,\"@id\":\"https:\\\/\\\/www.eldigitaldeasturias.com\\\/noticias\\\/yuba-tomara-acciones-legales-contra-los-detenidos-por-el-supuesto-intento-de-golpe\\\/#mainImage\"},\"primaryImageOfPage\":{\"@id\":\"https:\\\/\\\/www.eldigitaldeasturias.com\\\/noticias\\\/yuba-tomara-acciones-legales-contra-los-detenidos-por-el-supuesto-intento-de-golpe\\\/#mainImage\"},\"datePublished\":\"2014-02-03T23:17:50+01:00\",\"dateModified\":\"2014-02-03T23:17:50+01:00\"},{\"@type\":\"WebSite\",\"@id\":\"https:\\\/\\\/www.eldigitaldeasturias.com\\\/noticias\\\/#website\",\"url\":\"https:\\\/\\\/www.eldigitaldeasturias.com\\\/noticias\\\/\",\"name\":\"El Digital de Asturias - Diario de actualidad y noticias\",\"alternateName\":\"El Digital de Asturias - Diario de actualidad y noticias\",\"description\":\"Hemeroteca\",\"inLanguage\":\"es-ES\",\"publisher\":{\"@id\":\"https:\\\/\\\/www.eldigitaldeasturias.com\\\/noticias\\\/#organization\"}}]}\n\t\t<\/script>\n\t\t<!-- All in One SEO Pro -->\r\n\t\t<title>Yuba tomar\u00e1 acciones legales contra los detenidos por el supuesto intento de golpe - El Digital de Asturias<\/title>\n\n","aioseo_head_json":{"title":"Yuba tomar\u00e1 acciones legales contra los detenidos por el supuesto intento de golpe - El Digital de Asturias","description":"Yuba, 3 feb (EFE).- El vicepresidente de Sud\u00e1n del Sur, James Wani Igga, anunci\u00f3 hoy que su Gobierno tomar\u00e1 acciones legales contra los cuatro detenidos que permanecen en prisi\u00f3n acusados de participar en el supuesto intento de golpe de Estado del pasado 15 de diciembre. En una rueda de prensa celebrada en Yuba, Igga asegur\u00f3","canonical_url":"https:\/\/www.eldigitaldeasturias.com\/noticias\/yuba-tomara-acciones-legales-contra-los-detenidos-por-el-supuesto-intento-de-golpe\/","robots":"max-image-preview:large","keywords":"actualidad","webmasterTools":{"google-site-verification":"UA-38556648-1","msvalidate.01":"7dfe9f3f1b24437ab69f4f2559babe99","miscellaneous":""},"schema":{"@context":"https:\/\/schema.org","@graph":[{"@type":"BlogPosting","@id":"https:\/\/www.eldigitaldeasturias.com\/noticias\/yuba-tomara-acciones-legales-contra-los-detenidos-por-el-supuesto-intento-de-golpe\/#blogposting","name":"Yuba tomar\u00e1 acciones legales contra los detenidos por el supuesto intento de golpe - El Digital de Asturias","headline":"Yuba tomar\u00e1 acciones legales contra los detenidos por el supuesto intento de golpe","author":{"@id":"https:\/\/www.eldigitaldeasturias.com\/noticias\/author\/admin\/#author"},"publisher":{"@id":"https:\/\/www.eldigitaldeasturias.com\/noticias\/#organization"},"image":{"@type":"ImageObject","url":483042},"datePublished":"2014-02-03T23:17:50+01:00","dateModified":"2014-02-03T23:17:50+01:00","inLanguage":"es-ES","mainEntityOfPage":{"@id":"https:\/\/www.eldigitaldeasturias.com\/noticias\/yuba-tomara-acciones-legales-contra-los-detenidos-por-el-supuesto-intento-de-golpe\/#webpage"},"isPartOf":{"@id":"https:\/\/www.eldigitaldeasturias.com\/noticias\/yuba-tomara-acciones-legales-contra-los-detenidos-por-el-supuesto-intento-de-golpe\/#webpage"},"articleSection":"Actualidad"},{"@type":"BreadcrumbList","@id":"https:\/\/www.eldigitaldeasturias.com\/noticias\/yuba-tomara-acciones-legales-contra-los-detenidos-por-el-supuesto-intento-de-golpe\/#breadcrumblist","itemListElement":[{"@type":"ListItem","@id":"https:\/\/www.eldigitaldeasturias.com\/noticias#listItem","position":1,"name":"Home","item":"https:\/\/www.eldigitaldeasturias.com\/noticias","nextItem":{"@type":"ListItem","@id":"https:\/\/www.eldigitaldeasturias.com\/noticias\/category\/actualidad\/#listItem","name":"Actualidad"}},{"@type":"ListItem","@id":"https:\/\/www.eldigitaldeasturias.com\/noticias\/category\/actualidad\/#listItem","position":2,"name":"Actualidad","item":"https:\/\/www.eldigitaldeasturias.com\/noticias\/category\/actualidad\/","nextItem":{"@type":"ListItem","@id":"https:\/\/www.eldigitaldeasturias.com\/noticias\/yuba-tomara-acciones-legales-contra-los-detenidos-por-el-supuesto-intento-de-golpe\/#listItem","name":"Yuba tomar\u00e1 acciones legales contra los detenidos por el supuesto intento de golpe"},"previousItem":{"@type":"ListItem","@id":"https:\/\/www.eldigitaldeasturias.com\/noticias#listItem","name":"Home"}},{"@type":"ListItem","@id":"https:\/\/www.eldigitaldeasturias.com\/noticias\/yuba-tomara-acciones-legales-contra-los-detenidos-por-el-supuesto-intento-de-golpe\/#listItem","position":3,"name":"Yuba tomar\u00e1 acciones legales contra los detenidos por el supuesto intento de golpe","previousItem":{"@type":"ListItem","@id":"https:\/\/www.eldigitaldeasturias.com\/noticias\/category\/actualidad\/#listItem","name":"Actualidad"}}]},{"@type":"Organization","@id":"https:\/\/www.eldigitaldeasturias.com\/noticias\/#organization","name":"El Digital de Asturias","description":"Hemeroteca","url":"https:\/\/www.eldigitaldeasturias.com\/noticias\/","email":"info@eldigitaldeasturias.com","telephone":"+34652131393","logo":{"@type":"ImageObject","url":"https:\/\/www.eldigitaldeasturias.com\/noticias\/wp-content\/uploads\/2020\/12\/EDA.jpg","@id":"https:\/\/www.eldigitaldeasturias.com\/noticias\/yuba-tomara-acciones-legales-contra-los-detenidos-por-el-supuesto-intento-de-golpe\/#organizationLogo"},"image":{"@id":"https:\/\/www.eldigitaldeasturias.com\/noticias\/yuba-tomara-acciones-legales-contra-los-detenidos-por-el-supuesto-intento-de-golpe\/#organizationLogo"},"sameAs":["https:\/\/facebook.com\/eldigitaldeasturias","https:\/\/www.youtube.com\/channel\/UCZP-2wLEB9Rv6erhFmqVnvg"],"address":{"@id":"https:\/\/www.eldigitaldeasturias.com\/noticias\/#postaladdress","@type":"PostalAddress","streetAddress":"san antonio 4","postalCode":"33430","addressLocality":"Cand\u00e1s","addressRegion":"Asturias","addressCountry":"ES"}},{"@type":"Person","@id":"https:\/\/www.eldigitaldeasturias.com\/noticias\/author\/admin\/#author","url":"https:\/\/www.eldigitaldeasturias.com\/noticias\/author\/admin\/","name":"El Digital de Asturias","image":{"@type":"ImageObject","@id":"https:\/\/www.eldigitaldeasturias.com\/noticias\/yuba-tomara-acciones-legales-contra-los-detenidos-por-el-supuesto-intento-de-golpe\/#authorImage","url":"https:\/\/secure.gravatar.com\/avatar\/df2aeffc32bcd13f8d26072ef8a91b623d677766deac7f97ca815868cd41bf5e?s=96&d=mm&r=g","width":96,"height":96,"caption":"El Digital de Asturias"}},{"@type":"WebPage","@id":"https:\/\/www.eldigitaldeasturias.com\/noticias\/yuba-tomara-acciones-legales-contra-los-detenidos-por-el-supuesto-intento-de-golpe\/#webpage","url":"https:\/\/www.eldigitaldeasturias.com\/noticias\/yuba-tomara-acciones-legales-contra-los-detenidos-por-el-supuesto-intento-de-golpe\/","name":"Yuba tomar\u00e1 acciones legales contra los detenidos por el supuesto intento de golpe - El Digital de Asturias","description":"Yuba, 3 feb (EFE).- El vicepresidente de Sud\u00e1n del Sur, James Wani Igga, anunci\u00f3 hoy que su Gobierno tomar\u00e1 acciones legales contra los cuatro detenidos que permanecen en prisi\u00f3n acusados de participar en el supuesto intento de golpe de Estado del pasado 15 de diciembre. En una rueda de prensa celebrada en Yuba, Igga asegur\u00f3","inLanguage":"es-ES","isPartOf":{"@id":"https:\/\/www.eldigitaldeasturias.com\/noticias\/#website"},"breadcrumb":{"@id":"https:\/\/www.eldigitaldeasturias.com\/noticias\/yuba-tomara-acciones-legales-contra-los-detenidos-por-el-supuesto-intento-de-golpe\/#breadcrumblist"},"author":{"@id":"https:\/\/www.eldigitaldeasturias.com\/noticias\/author\/admin\/#author"},"creator":{"@id":"https:\/\/www.eldigitaldeasturias.com\/noticias\/author\/admin\/#author"},"image":{"@type":"ImageObject","url":483042,"@id":"https:\/\/www.eldigitaldeasturias.com\/noticias\/yuba-tomara-acciones-legales-contra-los-detenidos-por-el-supuesto-intento-de-golpe\/#mainImage"},"primaryImageOfPage":{"@id":"https:\/\/www.eldigitaldeasturias.com\/noticias\/yuba-tomara-acciones-legales-contra-los-detenidos-por-el-supuesto-intento-de-golpe\/#mainImage"},"datePublished":"2014-02-03T23:17:50+01:00","dateModified":"2014-02-03T23:17:50+01:00"},{"@type":"WebSite","@id":"https:\/\/www.eldigitaldeasturias.com\/noticias\/#website","url":"https:\/\/www.eldigitaldeasturias.com\/noticias\/","name":"El Digital de Asturias - Diario de actualidad y noticias","alternateName":"El Digital de Asturias - Diario de actualidad y noticias","description":"Hemeroteca","inLanguage":"es-ES","publisher":{"@id":"https:\/\/www.eldigitaldeasturias.com\/noticias\/#organization"}}]},"og:locale":"es_ES","og:site_name":"El Digital de Asturias","og:type":"article","og:title":"Yuba tomar\u00e1 acciones legales contra los detenidos por el supuesto intento de golpe - El Digital de Asturias","og:description":"Yuba, 3 feb (EFE).- El vicepresidente de Sud\u00e1n del Sur, James Wani Igga, anunci\u00f3 hoy que su Gobierno tomar\u00e1 acciones legales contra los cuatro detenidos que permanecen en prisi\u00f3n acusados de participar en el supuesto intento de golpe de Estado del pasado 15 de diciembre. En una rueda de prensa celebrada en Yuba, Igga asegur\u00f3","og:url":"https:\/\/www.eldigitaldeasturias.com\/noticias\/yuba-tomara-acciones-legales-contra-los-detenidos-por-el-supuesto-intento-de-golpe\/","article:tag":["actualidad"],"article:published_time":"2014-02-04T00:17:50+00:00","article:modified_time":"2014-02-04T00:17:50+00:00","article:publisher":"https:\/\/facebook.com\/eldigitaldeasturias","twitter:card":"summary_large_image","twitter:title":"Yuba tomar\u00e1 acciones legales contra los detenidos por el supuesto intento de golpe - El Digital de Asturias","twitter:description":"Yuba, 3 feb (EFE).- El vicepresidente de Sud\u00e1n del Sur, James Wani Igga, anunci\u00f3 hoy que su Gobierno tomar\u00e1 acciones legales contra los cuatro detenidos que permanecen en prisi\u00f3n acusados de participar en el supuesto intento de golpe de Estado del pasado 15 de diciembre. En una rueda de prensa celebrada en Yuba, Igga asegur\u00f3","twitter:label1":"Escrito por","twitter:data1":"El Digital de Asturias","twitter:label2":"Tiempo de lectura estimado","twitter:data2":"2 minutos"},"aioseo_meta_data":{"post_id":"483041","title":null,"description":null,"keywords":null,"keyphrases":null,"primary_term":null,"canonical_url":null,"og_title":null,"og_description":null,"og_object_type":"default","og_image_type":"default","og_image_url":null,"og_image_width":null,"og_image_height":null,"og_image_custom_url":null,"og_image_custom_fields":null,"og_video":null,"og_custom_url":null,"og_article_section":null,"og_article_tags":null,"twitter_use_og":true,"twitter_card":"default","twitter_image_type":"default","twitter_image_url":null,"twitter_image_custom_url":null,"twitter_image_custom_fields":null,"twitter_title":null,"twitter_description":null,"schema":{"blockGraphs":[],"customGraphs":[],"default":{"data":{"Article":[],"Course":[],"Dataset":[],"FAQPage":[],"Movie":[],"Person":[],"Product":[],"ProductReview":[],"Car":[],"Recipe":[],"Service":[],"SoftwareApplication":[],"WebPage":[]},"graphName":"","isEnabled":true},"graphs":[],"defaultGraph":"","defaultPostTypeGraph":""},"schema_type":null,"schema_type_options":null,"pillar_content":false,"robots_default":true,"robots_noindex":false,"robots_noarchive":false,"robots_nosnippet":false,"robots_nofollow":false,"robots_noimageindex":false,"robots_noodp":false,"robots_notranslate":false,"robots_max_snippet":null,"robots_max_videopreview":null,"robots_max_imagepreview":"none","priority":null,"frequency":null,"local_seo":null,"seo_analyzer_scan_date":"2026-06-02 11:37:01","breadcrumb_settings":null,"limit_modified_date":false,"open_ai":null,"ai":null,"created":"2020-11-14 22:54:42","updated":"2026-06-02 11:37:01","focus_keyword":null,"additional_keywords":null,"truseo_locale":null},"aioseo_breadcrumb":"<div class=\"aioseo-breadcrumbs\"><span class=\"aioseo-breadcrumb\">\n\t<a href=\"https:\/\/www.eldigitaldeasturias.com\/noticias\" title=\"Home\">Home<\/a>\n<\/span><span class=\"aioseo-breadcrumb-separator\">\u2013<\/span><span class=\"aioseo-breadcrumb\">\n\t<a href=\"https:\/\/www.eldigitaldeasturias.com\/noticias\/category\/actualidad\/\" title=\"Actualidad\">Actualidad<\/a>\n<\/span><span class=\"aioseo-breadcrumb-separator\">\u2013<\/span><span class=\"aioseo-breadcrumb\">\n\t<a href=\"https:\/\/www.eldigitaldeasturias.com\/noticias\/yuba-tomara-acciones-legales-contra-los-detenidos-por-el-supuesto-intento-de-golpe\/\" title=\"Yuba tomar\u00e1 acciones legales contra los detenidos por el supuesto intento de golpe\">Yuba tomar\u00e1 acciones legales contra los detenidos por el supuesto intento de golpe<\/a>\n<\/span><\/div>","aioseo_breadcrumb_json":[{"label":"Home","link":"https:\/\/www.eldigitaldeasturias.com\/noticias"},{"label":"Actualidad","link":"https:\/\/www.eldigitaldeasturias.com\/noticias\/category\/actualidad\/"},{"label":"Yuba tomar\u00e1 acciones legales contra los detenidos por el supuesto intento de golpe","link":"https:\/\/www.eldigitaldeasturias.com\/noticias\/yuba-tomara-acciones-legales-contra-los-detenidos-por-el-supuesto-intento-de-golpe\/"}],"_links":{"self":[{"href":"https:\/\/www.eldigitaldeasturias.com\/noticias\/wp-json\/wp\/v2\/posts\/483041","targetHints":{"allow":["GET"]}}],"collection":[{"href":"https:\/\/www.eldigitaldeasturias.com\/noticias\/wp-json\/wp\/v2\/posts"}],"about":[{"href":"https:\/\/www.eldigitaldeasturias.com\/noticias\/wp-json\/wp\/v2\/types\/post"}],"author":[{"embeddable":true,"href":"https:\/\/www.eldigitaldeasturias.com\/noticias\/wp-json\/wp\/v2\/users\/1"}],"replies":[{"embeddable":true,"href":"https:\/\/www.eldigitaldeasturias.com\/noticias\/wp-json\/wp\/v2\/comments?post=483041"}],"version-history":[{"count":0,"href":"https:\/\/www.eldigitaldeasturias.com\/noticias\/wp-json\/wp\/v2\/posts\/483041\/revisions"}],"wp:attachment":[{"href":"https:\/\/www.eldigitaldeasturias.com\/noticias\/wp-json\/wp\/v2\/media?parent=483041"}],"wp:term":[{"taxonomy":"category","embeddable":true,"href":"https:\/\/www.eldigitaldeasturias.com\/noticias\/wp-json\/wp\/v2\/categories?post=483041"},{"taxonomy":"post_tag","embeddable":true,"href":"https:\/\/www.eldigitaldeasturias.com\/noticias\/wp-json\/wp\/v2\/tags?post=483041"}],"curies":[{"name":"wp","href":"https:\/\/api.w.org\/{rel}","templated":true}]}}