{"id":483038,"date":"2014-02-03T23:16:43","date_gmt":"2014-02-04T00:16:43","guid":{"rendered":"http:\/\/www.eldigitaldeasturias.com\/noticias\/?p=483038"},"modified":"2014-02-03T23:16:43","modified_gmt":"2014-02-04T00:16:43","slug":"alemania-a-favor-de-financiar-un-posible-proceso-de-transicion-en-ucrania","status":"publish","type":"post","link":"https:\/\/www.eldigitaldeasturias.com\/noticias\/alemania-a-favor-de-financiar-un-posible-proceso-de-transicion-en-ucrania\/","title":{"rendered":"Alemania a favor de financiar un posible proceso de transici\u00f3n en Ucrania"},"content":{"rendered":"<p><img loading=\"lazy\" decoding=\"async\" class=\"alignleft size-medium wp-image-483039\" alt=\"5905100w\" src=\"https:\/\/www.eldigitaldeasturias.com\/noticias\/wp-content\/uploads\/2014\/02\/5905100w-360x264.jpg\" width=\"360\" height=\"264\" \/>Berl\u00edn, 3 feb (EFE).- Alemania se mostr\u00f3 hoy a favor de preparar ayuda financiera para Ucrania por si llega a producirse una fase de transici\u00f3n pol\u00edtica en el pa\u00eds, desgarrado desde noviembre por las protestas de los proeuropeos contra el Gobierno del presidente ucraniano, V\u00edktor Yanuk\u00f3vich.<\/p>\n<p>El ministro de Exteriores alem\u00e1n, Frank-Walter Steinmeier, indic\u00f3 tras reunirse con su hom\u00f3logo turco, Ahmet Davutoglu, que si llega a haber un cambio en el Ejecutivo en Kiev, \u00abhabr\u00eda que ocuparse de que el dif\u00edcil camino no acabe finalmente en un desastre econ\u00f3mico\u00bb.<\/p>\n<p>As\u00ed hac\u00eda referencia el ministro a la iniciativa de respaldo econ\u00f3mico que quieren preparar conjuntamente Bruselas y Washington, seg\u00fan ha anunciado la alta representante para Pol\u00edtica Exterior de la Uni\u00f3n Europea (UE), Catherine Ashton, y sobre la que se van a celebrar varios encuentros en los pr\u00f3ximos d\u00edas.<\/p>\n<p>Apoyando una de las exigencias claves de la oposici\u00f3n, Steinmeier agreg\u00f3 que ahora debe llegar la reforma de la constituci\u00f3n para limitar las competencias del presidente, algo \u00abdif\u00edcil\u00bb que precisa de \u00abmucho respaldo desde el exterior\u00bb.<\/p>\n<p>\u00abEs posible una decisi\u00f3n pol\u00edtica. Y despu\u00e9s Ucrania necesita una perspectiva econ\u00f3mica\u00bb, indic\u00f3 el jefe de la diplomacia alemana.<\/p>\n<p>Por su parte, el portavoz del Gobierno alem\u00e1n, Steffen Seibert, record\u00f3 en un encuentro rutinario con periodistas que Berl\u00edn sigue manteniendo la \u00abpuerta abierta\u00bb a que Kiev suscriba el acuerdo de asociaci\u00f3n con la UE, un pacto que vendr\u00eda \u00abacompa\u00f1ado de recursos\u00bb.<\/p>\n<p>La repentina decisi\u00f3n de Yanuk\u00f3vich de no firmar este acuerdo, desat\u00f3 el pasado noviembre las protestas en Kiev y otras ciudades ucranianas, encabezadas por los partidos opositores proeuropeos.<\/p>\n<p>El recorte de derechos ciudadanos aprobado recientemente s\u00f3lo ha logrado aumentar el tama\u00f1o de las protestas y consolidar el enfrentamiento.<\/p>\n","protected":false},"excerpt":{"rendered":"<p>Berl\u00edn, 3 feb (EFE).- Alemania se mostr\u00f3 hoy a favor de preparar ayuda financiera para Ucrania por si llega a producirse una fase de transici\u00f3n pol\u00edtica en el pa\u00eds, desgarrado desde noviembre por las protestas de los proeuropeos contra el Gobierno del presidente ucraniano, V\u00edktor Yanuk\u00f3vich. El ministro de Exteriores alem\u00e1n, Frank-Walter Steinmeier, indic\u00f3 tras [&hellip;]<\/p>\n","protected":false},"author":1,"featured_media":483039,"comment_status":"closed","ping_status":"open","sticky":false,"template":"","format":"standard","meta":{"footnotes":""},"categories":[1],"tags":[],"class_list":["post-483038","post","type-post","status-publish","format-standard","has-post-thumbnail","hentry","category-actualidad"],"aioseo_notices":[],"aioseo_head":"\n\t\t<!-- All in One SEO Pro 5.0.1 - aioseo.com -->\n\t<meta name=\"description\" content=\"Berl\u00edn, 3 feb (EFE).- Alemania se mostr\u00f3 hoy a favor de preparar ayuda financiera para Ucrania por si llega a producirse una fase de transici\u00f3n pol\u00edtica en el pa\u00eds, desgarrado desde noviembre por las protestas de los proeuropeos contra el Gobierno del presidente ucraniano, V\u00edktor Yanuk\u00f3vich. El ministro de Exteriores alem\u00e1n, Frank-Walter Steinmeier, indic\u00f3 tras\" \/>\n\t<meta name=\"robots\" content=\"max-image-preview:large\" \/>\n\t<meta name=\"author\" content=\"El Digital de Asturias\"\/>\n\t<meta name=\"google-site-verification\" content=\"UA-38556648-1\" \/>\n\t<meta name=\"msvalidate.01\" content=\"7dfe9f3f1b24437ab69f4f2559babe99\" \/>\n\t<meta name=\"keywords\" content=\"actualidad\" \/>\n\t<link rel=\"canonical\" href=\"https:\/\/www.eldigitaldeasturias.com\/noticias\/alemania-a-favor-de-financiar-un-posible-proceso-de-transicion-en-ucrania\/\" \/>\n\t<meta name=\"generator\" content=\"All in One SEO Pro (AIOSEO) 5.0.1\" \/>\n\t\t<meta property=\"og:locale\" content=\"es_ES\" \/>\n\t\t<meta property=\"og:site_name\" content=\"El Digital de Asturias\" \/>\n\t\t<meta property=\"og:type\" content=\"article\" \/>\n\t\t<meta property=\"og:title\" content=\"Alemania a favor de financiar un posible proceso de transici\u00f3n en Ucrania - El Digital de Asturias\" \/>\n\t\t<meta property=\"og:description\" content=\"Berl\u00edn, 3 feb (EFE).- Alemania se mostr\u00f3 hoy a favor de preparar ayuda financiera para Ucrania por si llega a producirse una fase de transici\u00f3n pol\u00edtica en el pa\u00eds, desgarrado desde noviembre por las protestas de los proeuropeos contra el Gobierno del presidente ucraniano, V\u00edktor Yanuk\u00f3vich. El ministro de Exteriores alem\u00e1n, Frank-Walter Steinmeier, indic\u00f3 tras\" \/>\n\t\t<meta property=\"og:url\" content=\"https:\/\/www.eldigitaldeasturias.com\/noticias\/alemania-a-favor-de-financiar-un-posible-proceso-de-transicion-en-ucrania\/\" \/>\n\t\t<meta property=\"article:tag\" content=\"actualidad\" \/>\n\t\t<meta property=\"article:published_time\" content=\"2014-02-04T00:16:43+00:00\" \/>\n\t\t<meta property=\"article:modified_time\" content=\"2014-02-04T00:16:43+00:00\" \/>\n\t\t<meta property=\"article:publisher\" content=\"https:\/\/facebook.com\/eldigitaldeasturias\" \/>\n\t\t<meta name=\"twitter:card\" content=\"summary_large_image\" \/>\n\t\t<meta name=\"twitter:title\" content=\"Alemania a favor de financiar un posible proceso de transici\u00f3n en Ucrania - El Digital de Asturias\" \/>\n\t\t<meta name=\"twitter:description\" content=\"Berl\u00edn, 3 feb (EFE).- Alemania se mostr\u00f3 hoy a favor de preparar ayuda financiera para Ucrania por si llega a producirse una fase de transici\u00f3n pol\u00edtica en el pa\u00eds, desgarrado desde noviembre por las protestas de los proeuropeos contra el Gobierno del presidente ucraniano, V\u00edktor Yanuk\u00f3vich. El ministro de Exteriores alem\u00e1n, Frank-Walter Steinmeier, indic\u00f3 tras\" \/>\n\t\t<meta name=\"twitter:label1\" content=\"Escrito por\" \/>\n\t\t<meta name=\"twitter:data1\" content=\"El Digital de Asturias\" \/>\n\t\t<meta name=\"twitter:label2\" content=\"Tiempo de lectura estimado\" \/>\n\t\t<meta name=\"twitter:data2\" content=\"2 minutos\" \/>\n\t\t<script type=\"application\/ld+json\" class=\"aioseo-schema\">\n\t\t\t{\"@context\":\"https:\\\/\\\/schema.org\",\"@graph\":[{\"@type\":\"BlogPosting\",\"@id\":\"https:\\\/\\\/www.eldigitaldeasturias.com\\\/noticias\\\/alemania-a-favor-de-financiar-un-posible-proceso-de-transicion-en-ucrania\\\/#blogposting\",\"name\":\"Alemania a favor de financiar un posible proceso de transici\\u00f3n en Ucrania - El Digital de Asturias\",\"headline\":\"Alemania a favor de financiar un posible proceso de transici\\u00f3n en Ucrania\",\"author\":{\"@id\":\"https:\\\/\\\/www.eldigitaldeasturias.com\\\/noticias\\\/author\\\/admin\\\/#author\"},\"publisher\":{\"@id\":\"https:\\\/\\\/www.eldigitaldeasturias.com\\\/noticias\\\/#organization\"},\"image\":{\"@type\":\"ImageObject\",\"url\":483039},\"datePublished\":\"2014-02-03T23:16:43+01:00\",\"dateModified\":\"2014-02-03T23:16:43+01:00\",\"inLanguage\":\"es-ES\",\"mainEntityOfPage\":{\"@id\":\"https:\\\/\\\/www.eldigitaldeasturias.com\\\/noticias\\\/alemania-a-favor-de-financiar-un-posible-proceso-de-transicion-en-ucrania\\\/#webpage\"},\"isPartOf\":{\"@id\":\"https:\\\/\\\/www.eldigitaldeasturias.com\\\/noticias\\\/alemania-a-favor-de-financiar-un-posible-proceso-de-transicion-en-ucrania\\\/#webpage\"},\"articleSection\":\"Actualidad\"},{\"@type\":\"BreadcrumbList\",\"@id\":\"https:\\\/\\\/www.eldigitaldeasturias.com\\\/noticias\\\/alemania-a-favor-de-financiar-un-posible-proceso-de-transicion-en-ucrania\\\/#breadcrumblist\",\"itemListElement\":[{\"@type\":\"ListItem\",\"@id\":\"https:\\\/\\\/www.eldigitaldeasturias.com\\\/noticias#listItem\",\"position\":1,\"name\":\"Home\",\"item\":\"https:\\\/\\\/www.eldigitaldeasturias.com\\\/noticias\",\"nextItem\":{\"@type\":\"ListItem\",\"@id\":\"https:\\\/\\\/www.eldigitaldeasturias.com\\\/noticias\\\/category\\\/actualidad\\\/#listItem\",\"name\":\"Actualidad\"}},{\"@type\":\"ListItem\",\"@id\":\"https:\\\/\\\/www.eldigitaldeasturias.com\\\/noticias\\\/category\\\/actualidad\\\/#listItem\",\"position\":2,\"name\":\"Actualidad\",\"item\":\"https:\\\/\\\/www.eldigitaldeasturias.com\\\/noticias\\\/category\\\/actualidad\\\/\",\"nextItem\":{\"@type\":\"ListItem\",\"@id\":\"https:\\\/\\\/www.eldigitaldeasturias.com\\\/noticias\\\/alemania-a-favor-de-financiar-un-posible-proceso-de-transicion-en-ucrania\\\/#listItem\",\"name\":\"Alemania a favor de financiar un posible proceso de transici\\u00f3n en Ucrania\"},\"previousItem\":{\"@type\":\"ListItem\",\"@id\":\"https:\\\/\\\/www.eldigitaldeasturias.com\\\/noticias#listItem\",\"name\":\"Home\"}},{\"@type\":\"ListItem\",\"@id\":\"https:\\\/\\\/www.eldigitaldeasturias.com\\\/noticias\\\/alemania-a-favor-de-financiar-un-posible-proceso-de-transicion-en-ucrania\\\/#listItem\",\"position\":3,\"name\":\"Alemania a favor de financiar un posible proceso de transici\\u00f3n en Ucrania\",\"previousItem\":{\"@type\":\"ListItem\",\"@id\":\"https:\\\/\\\/www.eldigitaldeasturias.com\\\/noticias\\\/category\\\/actualidad\\\/#listItem\",\"name\":\"Actualidad\"}}]},{\"@type\":\"Organization\",\"@id\":\"https:\\\/\\\/www.eldigitaldeasturias.com\\\/noticias\\\/#organization\",\"name\":\"El Digital de Asturias\",\"description\":\"Hemeroteca\",\"url\":\"https:\\\/\\\/www.eldigitaldeasturias.com\\\/noticias\\\/\",\"email\":\"info@eldigitaldeasturias.com\",\"telephone\":\"+34652131393\",\"logo\":{\"@type\":\"ImageObject\",\"url\":\"https:\\\/\\\/www.eldigitaldeasturias.com\\\/noticias\\\/wp-content\\\/uploads\\\/2020\\\/12\\\/EDA.jpg\",\"@id\":\"https:\\\/\\\/www.eldigitaldeasturias.com\\\/noticias\\\/alemania-a-favor-de-financiar-un-posible-proceso-de-transicion-en-ucrania\\\/#organizationLogo\"},\"image\":{\"@id\":\"https:\\\/\\\/www.eldigitaldeasturias.com\\\/noticias\\\/alemania-a-favor-de-financiar-un-posible-proceso-de-transicion-en-ucrania\\\/#organizationLogo\"},\"sameAs\":[\"https:\\\/\\\/facebook.com\\\/eldigitaldeasturias\",\"https:\\\/\\\/www.youtube.com\\\/channel\\\/UCZP-2wLEB9Rv6erhFmqVnvg\"],\"address\":{\"@id\":\"https:\\\/\\\/www.eldigitaldeasturias.com\\\/noticias\\\/#postaladdress\",\"@type\":\"PostalAddress\",\"streetAddress\":\"san antonio 4\",\"postalCode\":\"33430\",\"addressLocality\":\"Cand\\u00e1s\",\"addressRegion\":\"Asturias\",\"addressCountry\":\"ES\"}},{\"@type\":\"Person\",\"@id\":\"https:\\\/\\\/www.eldigitaldeasturias.com\\\/noticias\\\/author\\\/admin\\\/#author\",\"url\":\"https:\\\/\\\/www.eldigitaldeasturias.com\\\/noticias\\\/author\\\/admin\\\/\",\"name\":\"El Digital de Asturias\",\"image\":{\"@type\":\"ImageObject\",\"@id\":\"https:\\\/\\\/www.eldigitaldeasturias.com\\\/noticias\\\/alemania-a-favor-de-financiar-un-posible-proceso-de-transicion-en-ucrania\\\/#authorImage\",\"url\":\"https:\\\/\\\/secure.gravatar.com\\\/avatar\\\/df2aeffc32bcd13f8d26072ef8a91b623d677766deac7f97ca815868cd41bf5e?s=96&d=mm&r=g\",\"width\":96,\"height\":96,\"caption\":\"El Digital de Asturias\"}},{\"@type\":\"WebPage\",\"@id\":\"https:\\\/\\\/www.eldigitaldeasturias.com\\\/noticias\\\/alemania-a-favor-de-financiar-un-posible-proceso-de-transicion-en-ucrania\\\/#webpage\",\"url\":\"https:\\\/\\\/www.eldigitaldeasturias.com\\\/noticias\\\/alemania-a-favor-de-financiar-un-posible-proceso-de-transicion-en-ucrania\\\/\",\"name\":\"Alemania a favor de financiar un posible proceso de transici\\u00f3n en Ucrania - El Digital de Asturias\",\"description\":\"Berl\\u00edn, 3 feb (EFE).- Alemania se mostr\\u00f3 hoy a favor de preparar ayuda financiera para Ucrania por si llega a producirse una fase de transici\\u00f3n pol\\u00edtica en el pa\\u00eds, desgarrado desde noviembre por las protestas de los proeuropeos contra el Gobierno del presidente ucraniano, V\\u00edktor Yanuk\\u00f3vich. El ministro de Exteriores alem\\u00e1n, Frank-Walter Steinmeier, indic\\u00f3 tras\",\"inLanguage\":\"es-ES\",\"isPartOf\":{\"@id\":\"https:\\\/\\\/www.eldigitaldeasturias.com\\\/noticias\\\/#website\"},\"breadcrumb\":{\"@id\":\"https:\\\/\\\/www.eldigitaldeasturias.com\\\/noticias\\\/alemania-a-favor-de-financiar-un-posible-proceso-de-transicion-en-ucrania\\\/#breadcrumblist\"},\"author\":{\"@id\":\"https:\\\/\\\/www.eldigitaldeasturias.com\\\/noticias\\\/author\\\/admin\\\/#author\"},\"creator\":{\"@id\":\"https:\\\/\\\/www.eldigitaldeasturias.com\\\/noticias\\\/author\\\/admin\\\/#author\"},\"image\":{\"@type\":\"ImageObject\",\"url\":483039,\"@id\":\"https:\\\/\\\/www.eldigitaldeasturias.com\\\/noticias\\\/alemania-a-favor-de-financiar-un-posible-proceso-de-transicion-en-ucrania\\\/#mainImage\"},\"primaryImageOfPage\":{\"@id\":\"https:\\\/\\\/www.eldigitaldeasturias.com\\\/noticias\\\/alemania-a-favor-de-financiar-un-posible-proceso-de-transicion-en-ucrania\\\/#mainImage\"},\"datePublished\":\"2014-02-03T23:16:43+01:00\",\"dateModified\":\"2014-02-03T23:16:43+01:00\"},{\"@type\":\"WebSite\",\"@id\":\"https:\\\/\\\/www.eldigitaldeasturias.com\\\/noticias\\\/#website\",\"url\":\"https:\\\/\\\/www.eldigitaldeasturias.com\\\/noticias\\\/\",\"name\":\"El Digital de Asturias - Diario de actualidad y noticias\",\"alternateName\":\"El Digital de Asturias - Diario de actualidad y noticias\",\"description\":\"Hemeroteca\",\"inLanguage\":\"es-ES\",\"publisher\":{\"@id\":\"https:\\\/\\\/www.eldigitaldeasturias.com\\\/noticias\\\/#organization\"}}]}\n\t\t<\/script>\n\t\t<!-- All in One SEO Pro -->\r\n\t\t<title>Alemania a favor de financiar un posible proceso de transici\u00f3n en Ucrania - El Digital de Asturias<\/title>\n\n","aioseo_head_json":{"title":"Alemania a favor de financiar un posible proceso de transici\u00f3n en Ucrania - El Digital de Asturias","description":"Berl\u00edn, 3 feb (EFE).- Alemania se mostr\u00f3 hoy a favor de preparar ayuda financiera para Ucrania por si llega a producirse una fase de transici\u00f3n pol\u00edtica en el pa\u00eds, desgarrado desde noviembre por las protestas de los proeuropeos contra el Gobierno del presidente ucraniano, V\u00edktor Yanuk\u00f3vich. El ministro de Exteriores alem\u00e1n, Frank-Walter Steinmeier, indic\u00f3 tras","canonical_url":"https:\/\/www.eldigitaldeasturias.com\/noticias\/alemania-a-favor-de-financiar-un-posible-proceso-de-transicion-en-ucrania\/","robots":"max-image-preview:large","keywords":"actualidad","webmasterTools":{"google-site-verification":"UA-38556648-1","msvalidate.01":"7dfe9f3f1b24437ab69f4f2559babe99","miscellaneous":""},"schema":{"@context":"https:\/\/schema.org","@graph":[{"@type":"BlogPosting","@id":"https:\/\/www.eldigitaldeasturias.com\/noticias\/alemania-a-favor-de-financiar-un-posible-proceso-de-transicion-en-ucrania\/#blogposting","name":"Alemania a favor de financiar un posible proceso de transici\u00f3n en Ucrania - El Digital de Asturias","headline":"Alemania a favor de financiar un posible proceso de transici\u00f3n en Ucrania","author":{"@id":"https:\/\/www.eldigitaldeasturias.com\/noticias\/author\/admin\/#author"},"publisher":{"@id":"https:\/\/www.eldigitaldeasturias.com\/noticias\/#organization"},"image":{"@type":"ImageObject","url":483039},"datePublished":"2014-02-03T23:16:43+01:00","dateModified":"2014-02-03T23:16:43+01:00","inLanguage":"es-ES","mainEntityOfPage":{"@id":"https:\/\/www.eldigitaldeasturias.com\/noticias\/alemania-a-favor-de-financiar-un-posible-proceso-de-transicion-en-ucrania\/#webpage"},"isPartOf":{"@id":"https:\/\/www.eldigitaldeasturias.com\/noticias\/alemania-a-favor-de-financiar-un-posible-proceso-de-transicion-en-ucrania\/#webpage"},"articleSection":"Actualidad"},{"@type":"BreadcrumbList","@id":"https:\/\/www.eldigitaldeasturias.com\/noticias\/alemania-a-favor-de-financiar-un-posible-proceso-de-transicion-en-ucrania\/#breadcrumblist","itemListElement":[{"@type":"ListItem","@id":"https:\/\/www.eldigitaldeasturias.com\/noticias#listItem","position":1,"name":"Home","item":"https:\/\/www.eldigitaldeasturias.com\/noticias","nextItem":{"@type":"ListItem","@id":"https:\/\/www.eldigitaldeasturias.com\/noticias\/category\/actualidad\/#listItem","name":"Actualidad"}},{"@type":"ListItem","@id":"https:\/\/www.eldigitaldeasturias.com\/noticias\/category\/actualidad\/#listItem","position":2,"name":"Actualidad","item":"https:\/\/www.eldigitaldeasturias.com\/noticias\/category\/actualidad\/","nextItem":{"@type":"ListItem","@id":"https:\/\/www.eldigitaldeasturias.com\/noticias\/alemania-a-favor-de-financiar-un-posible-proceso-de-transicion-en-ucrania\/#listItem","name":"Alemania a favor de financiar un posible proceso de transici\u00f3n en Ucrania"},"previousItem":{"@type":"ListItem","@id":"https:\/\/www.eldigitaldeasturias.com\/noticias#listItem","name":"Home"}},{"@type":"ListItem","@id":"https:\/\/www.eldigitaldeasturias.com\/noticias\/alemania-a-favor-de-financiar-un-posible-proceso-de-transicion-en-ucrania\/#listItem","position":3,"name":"Alemania a favor de financiar un posible proceso de transici\u00f3n en Ucrania","previousItem":{"@type":"ListItem","@id":"https:\/\/www.eldigitaldeasturias.com\/noticias\/category\/actualidad\/#listItem","name":"Actualidad"}}]},{"@type":"Organization","@id":"https:\/\/www.eldigitaldeasturias.com\/noticias\/#organization","name":"El Digital de Asturias","description":"Hemeroteca","url":"https:\/\/www.eldigitaldeasturias.com\/noticias\/","email":"info@eldigitaldeasturias.com","telephone":"+34652131393","logo":{"@type":"ImageObject","url":"https:\/\/www.eldigitaldeasturias.com\/noticias\/wp-content\/uploads\/2020\/12\/EDA.jpg","@id":"https:\/\/www.eldigitaldeasturias.com\/noticias\/alemania-a-favor-de-financiar-un-posible-proceso-de-transicion-en-ucrania\/#organizationLogo"},"image":{"@id":"https:\/\/www.eldigitaldeasturias.com\/noticias\/alemania-a-favor-de-financiar-un-posible-proceso-de-transicion-en-ucrania\/#organizationLogo"},"sameAs":["https:\/\/facebook.com\/eldigitaldeasturias","https:\/\/www.youtube.com\/channel\/UCZP-2wLEB9Rv6erhFmqVnvg"],"address":{"@id":"https:\/\/www.eldigitaldeasturias.com\/noticias\/#postaladdress","@type":"PostalAddress","streetAddress":"san antonio 4","postalCode":"33430","addressLocality":"Cand\u00e1s","addressRegion":"Asturias","addressCountry":"ES"}},{"@type":"Person","@id":"https:\/\/www.eldigitaldeasturias.com\/noticias\/author\/admin\/#author","url":"https:\/\/www.eldigitaldeasturias.com\/noticias\/author\/admin\/","name":"El Digital de Asturias","image":{"@type":"ImageObject","@id":"https:\/\/www.eldigitaldeasturias.com\/noticias\/alemania-a-favor-de-financiar-un-posible-proceso-de-transicion-en-ucrania\/#authorImage","url":"https:\/\/secure.gravatar.com\/avatar\/df2aeffc32bcd13f8d26072ef8a91b623d677766deac7f97ca815868cd41bf5e?s=96&d=mm&r=g","width":96,"height":96,"caption":"El Digital de Asturias"}},{"@type":"WebPage","@id":"https:\/\/www.eldigitaldeasturias.com\/noticias\/alemania-a-favor-de-financiar-un-posible-proceso-de-transicion-en-ucrania\/#webpage","url":"https:\/\/www.eldigitaldeasturias.com\/noticias\/alemania-a-favor-de-financiar-un-posible-proceso-de-transicion-en-ucrania\/","name":"Alemania a favor de financiar un posible proceso de transici\u00f3n en Ucrania - El Digital de Asturias","description":"Berl\u00edn, 3 feb (EFE).- Alemania se mostr\u00f3 hoy a favor de preparar ayuda financiera para Ucrania por si llega a producirse una fase de transici\u00f3n pol\u00edtica en el pa\u00eds, desgarrado desde noviembre por las protestas de los proeuropeos contra el Gobierno del presidente ucraniano, V\u00edktor Yanuk\u00f3vich. El ministro de Exteriores alem\u00e1n, Frank-Walter Steinmeier, indic\u00f3 tras","inLanguage":"es-ES","isPartOf":{"@id":"https:\/\/www.eldigitaldeasturias.com\/noticias\/#website"},"breadcrumb":{"@id":"https:\/\/www.eldigitaldeasturias.com\/noticias\/alemania-a-favor-de-financiar-un-posible-proceso-de-transicion-en-ucrania\/#breadcrumblist"},"author":{"@id":"https:\/\/www.eldigitaldeasturias.com\/noticias\/author\/admin\/#author"},"creator":{"@id":"https:\/\/www.eldigitaldeasturias.com\/noticias\/author\/admin\/#author"},"image":{"@type":"ImageObject","url":483039,"@id":"https:\/\/www.eldigitaldeasturias.com\/noticias\/alemania-a-favor-de-financiar-un-posible-proceso-de-transicion-en-ucrania\/#mainImage"},"primaryImageOfPage":{"@id":"https:\/\/www.eldigitaldeasturias.com\/noticias\/alemania-a-favor-de-financiar-un-posible-proceso-de-transicion-en-ucrania\/#mainImage"},"datePublished":"2014-02-03T23:16:43+01:00","dateModified":"2014-02-03T23:16:43+01:00"},{"@type":"WebSite","@id":"https:\/\/www.eldigitaldeasturias.com\/noticias\/#website","url":"https:\/\/www.eldigitaldeasturias.com\/noticias\/","name":"El Digital de Asturias - Diario de actualidad y noticias","alternateName":"El Digital de Asturias - Diario de actualidad y noticias","description":"Hemeroteca","inLanguage":"es-ES","publisher":{"@id":"https:\/\/www.eldigitaldeasturias.com\/noticias\/#organization"}}]},"og:locale":"es_ES","og:site_name":"El Digital de Asturias","og:type":"article","og:title":"Alemania a favor de financiar un posible proceso de transici\u00f3n en Ucrania - El Digital de Asturias","og:description":"Berl\u00edn, 3 feb (EFE).- Alemania se mostr\u00f3 hoy a favor de preparar ayuda financiera para Ucrania por si llega a producirse una fase de transici\u00f3n pol\u00edtica en el pa\u00eds, desgarrado desde noviembre por las protestas de los proeuropeos contra el Gobierno del presidente ucraniano, V\u00edktor Yanuk\u00f3vich. El ministro de Exteriores alem\u00e1n, Frank-Walter Steinmeier, indic\u00f3 tras","og:url":"https:\/\/www.eldigitaldeasturias.com\/noticias\/alemania-a-favor-de-financiar-un-posible-proceso-de-transicion-en-ucrania\/","article:tag":["actualidad"],"article:published_time":"2014-02-04T00:16:43+00:00","article:modified_time":"2014-02-04T00:16:43+00:00","article:publisher":"https:\/\/facebook.com\/eldigitaldeasturias","twitter:card":"summary_large_image","twitter:title":"Alemania a favor de financiar un posible proceso de transici\u00f3n en Ucrania - El Digital de Asturias","twitter:description":"Berl\u00edn, 3 feb (EFE).- Alemania se mostr\u00f3 hoy a favor de preparar ayuda financiera para Ucrania por si llega a producirse una fase de transici\u00f3n pol\u00edtica en el pa\u00eds, desgarrado desde noviembre por las protestas de los proeuropeos contra el Gobierno del presidente ucraniano, V\u00edktor Yanuk\u00f3vich. El ministro de Exteriores alem\u00e1n, Frank-Walter Steinmeier, indic\u00f3 tras","twitter:label1":"Escrito por","twitter:data1":"El Digital de Asturias","twitter:label2":"Tiempo de lectura estimado","twitter:data2":"2 minutos"},"aioseo_meta_data":{"post_id":"483038","title":null,"description":null,"keywords":null,"keyphrases":null,"primary_term":null,"canonical_url":null,"og_title":null,"og_description":null,"og_object_type":"default","og_image_type":"default","og_image_url":null,"og_image_width":null,"og_image_height":null,"og_image_custom_url":null,"og_image_custom_fields":null,"og_video":null,"og_custom_url":null,"og_article_section":null,"og_article_tags":null,"twitter_use_og":true,"twitter_card":"default","twitter_image_type":"default","twitter_image_url":null,"twitter_image_custom_url":null,"twitter_image_custom_fields":null,"twitter_title":null,"twitter_description":null,"schema":{"blockGraphs":[],"customGraphs":[],"default":{"data":{"Article":[],"Course":[],"Dataset":[],"FAQPage":[],"Movie":[],"Person":[],"Product":[],"ProductReview":[],"Car":[],"Recipe":[],"Service":[],"SoftwareApplication":[],"WebPage":[]},"graphName":"","isEnabled":true},"graphs":[],"defaultGraph":"","defaultPostTypeGraph":""},"schema_type":null,"schema_type_options":null,"pillar_content":false,"robots_default":true,"robots_noindex":false,"robots_noarchive":false,"robots_nosnippet":false,"robots_nofollow":false,"robots_noimageindex":false,"robots_noodp":false,"robots_notranslate":false,"robots_max_snippet":null,"robots_max_videopreview":null,"robots_max_imagepreview":"none","priority":null,"frequency":null,"local_seo":null,"seo_analyzer_scan_date":"2026-06-02 11:36:59","breadcrumb_settings":null,"limit_modified_date":false,"open_ai":null,"ai":null,"created":"2020-11-14 22:54:42","updated":"2026-06-02 11:36:59","focus_keyword":null,"additional_keywords":null,"truseo_locale":null},"aioseo_breadcrumb":"<div class=\"aioseo-breadcrumbs\"><span class=\"aioseo-breadcrumb\">\n\t<a href=\"https:\/\/www.eldigitaldeasturias.com\/noticias\" title=\"Home\">Home<\/a>\n<\/span><span class=\"aioseo-breadcrumb-separator\">\u2013<\/span><span class=\"aioseo-breadcrumb\">\n\t<a href=\"https:\/\/www.eldigitaldeasturias.com\/noticias\/category\/actualidad\/\" title=\"Actualidad\">Actualidad<\/a>\n<\/span><span class=\"aioseo-breadcrumb-separator\">\u2013<\/span><span class=\"aioseo-breadcrumb\">\n\t<a href=\"https:\/\/www.eldigitaldeasturias.com\/noticias\/alemania-a-favor-de-financiar-un-posible-proceso-de-transicion-en-ucrania\/\" title=\"Alemania a favor de financiar un posible proceso de transici\u00f3n en Ucrania\">Alemania a favor de financiar un posible proceso de transici\u00f3n en Ucrania<\/a>\n<\/span><\/div>","aioseo_breadcrumb_json":[{"label":"Home","link":"https:\/\/www.eldigitaldeasturias.com\/noticias"},{"label":"Actualidad","link":"https:\/\/www.eldigitaldeasturias.com\/noticias\/category\/actualidad\/"},{"label":"Alemania a favor de financiar un posible proceso de transici\u00f3n en Ucrania","link":"https:\/\/www.eldigitaldeasturias.com\/noticias\/alemania-a-favor-de-financiar-un-posible-proceso-de-transicion-en-ucrania\/"}],"_links":{"self":[{"href":"https:\/\/www.eldigitaldeasturias.com\/noticias\/wp-json\/wp\/v2\/posts\/483038","targetHints":{"allow":["GET"]}}],"collection":[{"href":"https:\/\/www.eldigitaldeasturias.com\/noticias\/wp-json\/wp\/v2\/posts"}],"about":[{"href":"https:\/\/www.eldigitaldeasturias.com\/noticias\/wp-json\/wp\/v2\/types\/post"}],"author":[{"embeddable":true,"href":"https:\/\/www.eldigitaldeasturias.com\/noticias\/wp-json\/wp\/v2\/users\/1"}],"replies":[{"embeddable":true,"href":"https:\/\/www.eldigitaldeasturias.com\/noticias\/wp-json\/wp\/v2\/comments?post=483038"}],"version-history":[{"count":0,"href":"https:\/\/www.eldigitaldeasturias.com\/noticias\/wp-json\/wp\/v2\/posts\/483038\/revisions"}],"wp:attachment":[{"href":"https:\/\/www.eldigitaldeasturias.com\/noticias\/wp-json\/wp\/v2\/media?parent=483038"}],"wp:term":[{"taxonomy":"category","embeddable":true,"href":"https:\/\/www.eldigitaldeasturias.com\/noticias\/wp-json\/wp\/v2\/categories?post=483038"},{"taxonomy":"post_tag","embeddable":true,"href":"https:\/\/www.eldigitaldeasturias.com\/noticias\/wp-json\/wp\/v2\/tags?post=483038"}],"curies":[{"name":"wp","href":"https:\/\/api.w.org\/{rel}","templated":true}]}}