{"id":483035,"date":"2014-02-03T23:13:31","date_gmt":"2014-02-04T00:13:31","guid":{"rendered":"http:\/\/www.eldigitaldeasturias.com\/noticias\/?p=483035"},"modified":"2014-02-03T23:13:31","modified_gmt":"2014-02-04T00:13:31","slug":"obama-visitara-arabia-saudi-en-marzo-tras-su-gira-europea","status":"publish","type":"post","link":"https:\/\/www.eldigitaldeasturias.com\/noticias\/obama-visitara-arabia-saudi-en-marzo-tras-su-gira-europea\/","title":{"rendered":"Obama visitar\u00e1 Arabia Saud\u00ed en marzo tras su gira europea"},"content":{"rendered":"<p><img loading=\"lazy\" decoding=\"async\" class=\"alignleft size-medium wp-image-483036\" alt=\"5905320w\" src=\"https:\/\/www.eldigitaldeasturias.com\/noticias\/wp-content\/uploads\/2014\/02\/5905320w-360x239.jpg\" width=\"360\" height=\"239\" \/>Washington, 3 feb (EFE).- El presidente de EEUU, Barack Obama, visitar\u00e1 Arabia Saud\u00ed a finales de marzo tras la gira europea que le llevar\u00e1 a Holanda, B\u00e9lgica e Italia, en la que ser\u00e1 recibido por el papa Francisco en el Vaticano, anunci\u00f3 hoy la Casa Blanca.<\/p>\n<p>Obama se reunir\u00e1 con el rey saud\u00ed, Abdal\u00e1 bin Abelaziz, para hablar de las relaciones \u00abduraderas y estrat\u00e9gicas\u00bb entre ambos pa\u00edses, explic\u00f3 la Casa Blanca en un comunicado.<\/p>\n<p>Ambos l\u00edderes prev\u00e9n abordar, entre otros asuntos, la cooperaci\u00f3n en curso para avanzar \u00aben una serie de intereses comunes\u00bb relacionados con la seguridad regional, la paz en Oriente Medio y la lucha contra el extremismo violento.<\/p>\n<p>En los \u00faltimos meses, la relaci\u00f3n bilateral ha sido bastante tensa, en particular por las cr\u00edticas que Riad ha dirigido a EEUU por su apertura hacia Ir\u00e1n y su supuesta falta de firmeza en Siria.<\/p>\n<p>El mandatario estadounidense ya visit\u00f3 Arabia Saud\u00ed en junio de 2009, pocos meses despu\u00e9s de su llegada a la Casa Blanca.<\/p>\n<p>Esta nueva visita tendr\u00e1 lugar inmediatamente despu\u00e9s de la gira europea de Obama, anunciada por la Casa Blanca en enero.<\/p>\n<p>En Holanda, entre el 24 y el 25 de marzo, Obama participar\u00e1 en la Cumbre de Seguridad Nuclear y despu\u00e9s viajar\u00e1 a Bruselas para asistir a la cumbre entre Estados Unidos y la Uni\u00f3n Europea (UE).<\/p>\n<p>Durante su estancia en Bruselas, Obama tendr\u00e1 tambi\u00e9n reuniones bilaterales con funcionarios del Gobierno belga y con el secretario general de la Organizaci\u00f3n del Tratado del Atl\u00e1ntico Norte (OTAN), Anders Fogh Rasmussen.<\/p>\n<p>Ya en Roma, Obama se reunir\u00e1 con el presidente italiano, Giorgio Napolitano, y con el primer ministro, Enrico Letta, y ser\u00e1 recibido en el Vaticano el 27 de marzo por el papa Francisco, con quien \u00abespera conversar acerca de su compromiso compartido de luchar contra la pobreza y la creciente desigualdad\u00bb, seg\u00fan la Casa Blanca.<\/p>\n","protected":false},"excerpt":{"rendered":"<p>Washington, 3 feb (EFE).- El presidente de EEUU, Barack Obama, visitar\u00e1 Arabia Saud\u00ed a finales de marzo tras la gira europea que le llevar\u00e1 a Holanda, B\u00e9lgica e Italia, en la que ser\u00e1 recibido por el papa Francisco en el Vaticano, anunci\u00f3 hoy la Casa Blanca. Obama se reunir\u00e1 con el rey saud\u00ed, Abdal\u00e1 bin [&hellip;]<\/p>\n","protected":false},"author":1,"featured_media":483036,"comment_status":"closed","ping_status":"open","sticky":false,"template":"","format":"standard","meta":{"footnotes":""},"categories":[1],"tags":[],"class_list":["post-483035","post","type-post","status-publish","format-standard","has-post-thumbnail","hentry","category-actualidad"],"aioseo_notices":[],"aioseo_head":"\n\t\t<!-- All in One SEO Pro 5.0.1 - aioseo.com -->\n\t<meta name=\"description\" content=\"Washington, 3 feb (EFE).- El presidente de EEUU, Barack Obama, visitar\u00e1 Arabia Saud\u00ed a finales de marzo tras la gira europea que le llevar\u00e1 a Holanda, B\u00e9lgica e Italia, en la que ser\u00e1 recibido por el papa Francisco en el Vaticano, anunci\u00f3 hoy la Casa Blanca. Obama se reunir\u00e1 con el rey saud\u00ed, Abdal\u00e1 bin\" \/>\n\t<meta name=\"robots\" content=\"max-image-preview:large\" \/>\n\t<meta name=\"author\" content=\"El Digital de Asturias\"\/>\n\t<meta name=\"google-site-verification\" content=\"UA-38556648-1\" \/>\n\t<meta name=\"msvalidate.01\" content=\"7dfe9f3f1b24437ab69f4f2559babe99\" \/>\n\t<meta name=\"keywords\" content=\"actualidad\" \/>\n\t<link rel=\"canonical\" href=\"https:\/\/www.eldigitaldeasturias.com\/noticias\/obama-visitara-arabia-saudi-en-marzo-tras-su-gira-europea\/\" \/>\n\t<meta name=\"generator\" content=\"All in One SEO Pro (AIOSEO) 5.0.1\" \/>\n\t\t<meta property=\"og:locale\" content=\"es_ES\" \/>\n\t\t<meta property=\"og:site_name\" content=\"El Digital de Asturias\" \/>\n\t\t<meta property=\"og:type\" content=\"article\" \/>\n\t\t<meta property=\"og:title\" content=\"Obama visitar\u00e1 Arabia Saud\u00ed en marzo tras su gira europea - El Digital de Asturias\" \/>\n\t\t<meta property=\"og:description\" content=\"Washington, 3 feb (EFE).- El presidente de EEUU, Barack Obama, visitar\u00e1 Arabia Saud\u00ed a finales de marzo tras la gira europea que le llevar\u00e1 a Holanda, B\u00e9lgica e Italia, en la que ser\u00e1 recibido por el papa Francisco en el Vaticano, anunci\u00f3 hoy la Casa Blanca. Obama se reunir\u00e1 con el rey saud\u00ed, Abdal\u00e1 bin\" \/>\n\t\t<meta property=\"og:url\" content=\"https:\/\/www.eldigitaldeasturias.com\/noticias\/obama-visitara-arabia-saudi-en-marzo-tras-su-gira-europea\/\" \/>\n\t\t<meta property=\"article:tag\" content=\"actualidad\" \/>\n\t\t<meta property=\"article:published_time\" content=\"2014-02-04T00:13:31+00:00\" \/>\n\t\t<meta property=\"article:modified_time\" content=\"2014-02-04T00:13:31+00:00\" \/>\n\t\t<meta property=\"article:publisher\" content=\"https:\/\/facebook.com\/eldigitaldeasturias\" \/>\n\t\t<meta name=\"twitter:card\" content=\"summary_large_image\" \/>\n\t\t<meta name=\"twitter:title\" content=\"Obama visitar\u00e1 Arabia Saud\u00ed en marzo tras su gira europea - El Digital de Asturias\" \/>\n\t\t<meta name=\"twitter:description\" content=\"Washington, 3 feb (EFE).- El presidente de EEUU, Barack Obama, visitar\u00e1 Arabia Saud\u00ed a finales de marzo tras la gira europea que le llevar\u00e1 a Holanda, B\u00e9lgica e Italia, en la que ser\u00e1 recibido por el papa Francisco en el Vaticano, anunci\u00f3 hoy la Casa Blanca. Obama se reunir\u00e1 con el rey saud\u00ed, Abdal\u00e1 bin\" \/>\n\t\t<meta name=\"twitter:label1\" content=\"Escrito por\" \/>\n\t\t<meta name=\"twitter:data1\" content=\"El Digital de Asturias\" \/>\n\t\t<meta name=\"twitter:label2\" content=\"Tiempo de lectura estimado\" \/>\n\t\t<meta name=\"twitter:data2\" content=\"2 minutos\" \/>\n\t\t<script type=\"application\/ld+json\" class=\"aioseo-schema\">\n\t\t\t{\"@context\":\"https:\\\/\\\/schema.org\",\"@graph\":[{\"@type\":\"BlogPosting\",\"@id\":\"https:\\\/\\\/www.eldigitaldeasturias.com\\\/noticias\\\/obama-visitara-arabia-saudi-en-marzo-tras-su-gira-europea\\\/#blogposting\",\"name\":\"Obama visitar\\u00e1 Arabia Saud\\u00ed en marzo tras su gira europea - El Digital de Asturias\",\"headline\":\"Obama visitar\\u00e1 Arabia Saud\\u00ed en marzo tras su gira europea\",\"author\":{\"@id\":\"https:\\\/\\\/www.eldigitaldeasturias.com\\\/noticias\\\/author\\\/admin\\\/#author\"},\"publisher\":{\"@id\":\"https:\\\/\\\/www.eldigitaldeasturias.com\\\/noticias\\\/#organization\"},\"image\":{\"@type\":\"ImageObject\",\"url\":483036},\"datePublished\":\"2014-02-03T23:13:31+01:00\",\"dateModified\":\"2014-02-03T23:13:31+01:00\",\"inLanguage\":\"es-ES\",\"mainEntityOfPage\":{\"@id\":\"https:\\\/\\\/www.eldigitaldeasturias.com\\\/noticias\\\/obama-visitara-arabia-saudi-en-marzo-tras-su-gira-europea\\\/#webpage\"},\"isPartOf\":{\"@id\":\"https:\\\/\\\/www.eldigitaldeasturias.com\\\/noticias\\\/obama-visitara-arabia-saudi-en-marzo-tras-su-gira-europea\\\/#webpage\"},\"articleSection\":\"Actualidad\"},{\"@type\":\"BreadcrumbList\",\"@id\":\"https:\\\/\\\/www.eldigitaldeasturias.com\\\/noticias\\\/obama-visitara-arabia-saudi-en-marzo-tras-su-gira-europea\\\/#breadcrumblist\",\"itemListElement\":[{\"@type\":\"ListItem\",\"@id\":\"https:\\\/\\\/www.eldigitaldeasturias.com\\\/noticias#listItem\",\"position\":1,\"name\":\"Home\",\"item\":\"https:\\\/\\\/www.eldigitaldeasturias.com\\\/noticias\",\"nextItem\":{\"@type\":\"ListItem\",\"@id\":\"https:\\\/\\\/www.eldigitaldeasturias.com\\\/noticias\\\/category\\\/actualidad\\\/#listItem\",\"name\":\"Actualidad\"}},{\"@type\":\"ListItem\",\"@id\":\"https:\\\/\\\/www.eldigitaldeasturias.com\\\/noticias\\\/category\\\/actualidad\\\/#listItem\",\"position\":2,\"name\":\"Actualidad\",\"item\":\"https:\\\/\\\/www.eldigitaldeasturias.com\\\/noticias\\\/category\\\/actualidad\\\/\",\"nextItem\":{\"@type\":\"ListItem\",\"@id\":\"https:\\\/\\\/www.eldigitaldeasturias.com\\\/noticias\\\/obama-visitara-arabia-saudi-en-marzo-tras-su-gira-europea\\\/#listItem\",\"name\":\"Obama visitar\\u00e1 Arabia Saud\\u00ed en marzo tras su gira europea\"},\"previousItem\":{\"@type\":\"ListItem\",\"@id\":\"https:\\\/\\\/www.eldigitaldeasturias.com\\\/noticias#listItem\",\"name\":\"Home\"}},{\"@type\":\"ListItem\",\"@id\":\"https:\\\/\\\/www.eldigitaldeasturias.com\\\/noticias\\\/obama-visitara-arabia-saudi-en-marzo-tras-su-gira-europea\\\/#listItem\",\"position\":3,\"name\":\"Obama visitar\\u00e1 Arabia Saud\\u00ed en marzo tras su gira europea\",\"previousItem\":{\"@type\":\"ListItem\",\"@id\":\"https:\\\/\\\/www.eldigitaldeasturias.com\\\/noticias\\\/category\\\/actualidad\\\/#listItem\",\"name\":\"Actualidad\"}}]},{\"@type\":\"Organization\",\"@id\":\"https:\\\/\\\/www.eldigitaldeasturias.com\\\/noticias\\\/#organization\",\"name\":\"El Digital de Asturias\",\"description\":\"Hemeroteca\",\"url\":\"https:\\\/\\\/www.eldigitaldeasturias.com\\\/noticias\\\/\",\"email\":\"info@eldigitaldeasturias.com\",\"telephone\":\"+34652131393\",\"logo\":{\"@type\":\"ImageObject\",\"url\":\"https:\\\/\\\/www.eldigitaldeasturias.com\\\/noticias\\\/wp-content\\\/uploads\\\/2020\\\/12\\\/EDA.jpg\",\"@id\":\"https:\\\/\\\/www.eldigitaldeasturias.com\\\/noticias\\\/obama-visitara-arabia-saudi-en-marzo-tras-su-gira-europea\\\/#organizationLogo\"},\"image\":{\"@id\":\"https:\\\/\\\/www.eldigitaldeasturias.com\\\/noticias\\\/obama-visitara-arabia-saudi-en-marzo-tras-su-gira-europea\\\/#organizationLogo\"},\"sameAs\":[\"https:\\\/\\\/facebook.com\\\/eldigitaldeasturias\",\"https:\\\/\\\/www.youtube.com\\\/channel\\\/UCZP-2wLEB9Rv6erhFmqVnvg\"],\"address\":{\"@id\":\"https:\\\/\\\/www.eldigitaldeasturias.com\\\/noticias\\\/#postaladdress\",\"@type\":\"PostalAddress\",\"streetAddress\":\"san antonio 4\",\"postalCode\":\"33430\",\"addressLocality\":\"Cand\\u00e1s\",\"addressRegion\":\"Asturias\",\"addressCountry\":\"ES\"}},{\"@type\":\"Person\",\"@id\":\"https:\\\/\\\/www.eldigitaldeasturias.com\\\/noticias\\\/author\\\/admin\\\/#author\",\"url\":\"https:\\\/\\\/www.eldigitaldeasturias.com\\\/noticias\\\/author\\\/admin\\\/\",\"name\":\"El Digital de Asturias\",\"image\":{\"@type\":\"ImageObject\",\"@id\":\"https:\\\/\\\/www.eldigitaldeasturias.com\\\/noticias\\\/obama-visitara-arabia-saudi-en-marzo-tras-su-gira-europea\\\/#authorImage\",\"url\":\"https:\\\/\\\/secure.gravatar.com\\\/avatar\\\/df2aeffc32bcd13f8d26072ef8a91b623d677766deac7f97ca815868cd41bf5e?s=96&d=mm&r=g\",\"width\":96,\"height\":96,\"caption\":\"El Digital de Asturias\"}},{\"@type\":\"WebPage\",\"@id\":\"https:\\\/\\\/www.eldigitaldeasturias.com\\\/noticias\\\/obama-visitara-arabia-saudi-en-marzo-tras-su-gira-europea\\\/#webpage\",\"url\":\"https:\\\/\\\/www.eldigitaldeasturias.com\\\/noticias\\\/obama-visitara-arabia-saudi-en-marzo-tras-su-gira-europea\\\/\",\"name\":\"Obama visitar\\u00e1 Arabia Saud\\u00ed en marzo tras su gira europea - El Digital de Asturias\",\"description\":\"Washington, 3 feb (EFE).- El presidente de EEUU, Barack Obama, visitar\\u00e1 Arabia Saud\\u00ed a finales de marzo tras la gira europea que le llevar\\u00e1 a Holanda, B\\u00e9lgica e Italia, en la que ser\\u00e1 recibido por el papa Francisco en el Vaticano, anunci\\u00f3 hoy la Casa Blanca. Obama se reunir\\u00e1 con el rey saud\\u00ed, Abdal\\u00e1 bin\",\"inLanguage\":\"es-ES\",\"isPartOf\":{\"@id\":\"https:\\\/\\\/www.eldigitaldeasturias.com\\\/noticias\\\/#website\"},\"breadcrumb\":{\"@id\":\"https:\\\/\\\/www.eldigitaldeasturias.com\\\/noticias\\\/obama-visitara-arabia-saudi-en-marzo-tras-su-gira-europea\\\/#breadcrumblist\"},\"author\":{\"@id\":\"https:\\\/\\\/www.eldigitaldeasturias.com\\\/noticias\\\/author\\\/admin\\\/#author\"},\"creator\":{\"@id\":\"https:\\\/\\\/www.eldigitaldeasturias.com\\\/noticias\\\/author\\\/admin\\\/#author\"},\"image\":{\"@type\":\"ImageObject\",\"url\":483036,\"@id\":\"https:\\\/\\\/www.eldigitaldeasturias.com\\\/noticias\\\/obama-visitara-arabia-saudi-en-marzo-tras-su-gira-europea\\\/#mainImage\"},\"primaryImageOfPage\":{\"@id\":\"https:\\\/\\\/www.eldigitaldeasturias.com\\\/noticias\\\/obama-visitara-arabia-saudi-en-marzo-tras-su-gira-europea\\\/#mainImage\"},\"datePublished\":\"2014-02-03T23:13:31+01:00\",\"dateModified\":\"2014-02-03T23:13:31+01:00\"},{\"@type\":\"WebSite\",\"@id\":\"https:\\\/\\\/www.eldigitaldeasturias.com\\\/noticias\\\/#website\",\"url\":\"https:\\\/\\\/www.eldigitaldeasturias.com\\\/noticias\\\/\",\"name\":\"El Digital de Asturias - Diario de actualidad y noticias\",\"alternateName\":\"El Digital de Asturias - Diario de actualidad y noticias\",\"description\":\"Hemeroteca\",\"inLanguage\":\"es-ES\",\"publisher\":{\"@id\":\"https:\\\/\\\/www.eldigitaldeasturias.com\\\/noticias\\\/#organization\"}}]}\n\t\t<\/script>\n\t\t<!-- All in One SEO Pro -->\r\n\t\t<title>Obama visitar\u00e1 Arabia Saud\u00ed en marzo tras su gira europea - El Digital de Asturias<\/title>\n\n","aioseo_head_json":{"title":"Obama visitar\u00e1 Arabia Saud\u00ed en marzo tras su gira europea - El Digital de Asturias","description":"Washington, 3 feb (EFE).- El presidente de EEUU, Barack Obama, visitar\u00e1 Arabia Saud\u00ed a finales de marzo tras la gira europea que le llevar\u00e1 a Holanda, B\u00e9lgica e Italia, en la que ser\u00e1 recibido por el papa Francisco en el Vaticano, anunci\u00f3 hoy la Casa Blanca. Obama se reunir\u00e1 con el rey saud\u00ed, Abdal\u00e1 bin","canonical_url":"https:\/\/www.eldigitaldeasturias.com\/noticias\/obama-visitara-arabia-saudi-en-marzo-tras-su-gira-europea\/","robots":"max-image-preview:large","keywords":"actualidad","webmasterTools":{"google-site-verification":"UA-38556648-1","msvalidate.01":"7dfe9f3f1b24437ab69f4f2559babe99","miscellaneous":""},"schema":{"@context":"https:\/\/schema.org","@graph":[{"@type":"BlogPosting","@id":"https:\/\/www.eldigitaldeasturias.com\/noticias\/obama-visitara-arabia-saudi-en-marzo-tras-su-gira-europea\/#blogposting","name":"Obama visitar\u00e1 Arabia Saud\u00ed en marzo tras su gira europea - El Digital de Asturias","headline":"Obama visitar\u00e1 Arabia Saud\u00ed en marzo tras su gira europea","author":{"@id":"https:\/\/www.eldigitaldeasturias.com\/noticias\/author\/admin\/#author"},"publisher":{"@id":"https:\/\/www.eldigitaldeasturias.com\/noticias\/#organization"},"image":{"@type":"ImageObject","url":483036},"datePublished":"2014-02-03T23:13:31+01:00","dateModified":"2014-02-03T23:13:31+01:00","inLanguage":"es-ES","mainEntityOfPage":{"@id":"https:\/\/www.eldigitaldeasturias.com\/noticias\/obama-visitara-arabia-saudi-en-marzo-tras-su-gira-europea\/#webpage"},"isPartOf":{"@id":"https:\/\/www.eldigitaldeasturias.com\/noticias\/obama-visitara-arabia-saudi-en-marzo-tras-su-gira-europea\/#webpage"},"articleSection":"Actualidad"},{"@type":"BreadcrumbList","@id":"https:\/\/www.eldigitaldeasturias.com\/noticias\/obama-visitara-arabia-saudi-en-marzo-tras-su-gira-europea\/#breadcrumblist","itemListElement":[{"@type":"ListItem","@id":"https:\/\/www.eldigitaldeasturias.com\/noticias#listItem","position":1,"name":"Home","item":"https:\/\/www.eldigitaldeasturias.com\/noticias","nextItem":{"@type":"ListItem","@id":"https:\/\/www.eldigitaldeasturias.com\/noticias\/category\/actualidad\/#listItem","name":"Actualidad"}},{"@type":"ListItem","@id":"https:\/\/www.eldigitaldeasturias.com\/noticias\/category\/actualidad\/#listItem","position":2,"name":"Actualidad","item":"https:\/\/www.eldigitaldeasturias.com\/noticias\/category\/actualidad\/","nextItem":{"@type":"ListItem","@id":"https:\/\/www.eldigitaldeasturias.com\/noticias\/obama-visitara-arabia-saudi-en-marzo-tras-su-gira-europea\/#listItem","name":"Obama visitar\u00e1 Arabia Saud\u00ed en marzo tras su gira europea"},"previousItem":{"@type":"ListItem","@id":"https:\/\/www.eldigitaldeasturias.com\/noticias#listItem","name":"Home"}},{"@type":"ListItem","@id":"https:\/\/www.eldigitaldeasturias.com\/noticias\/obama-visitara-arabia-saudi-en-marzo-tras-su-gira-europea\/#listItem","position":3,"name":"Obama visitar\u00e1 Arabia Saud\u00ed en marzo tras su gira europea","previousItem":{"@type":"ListItem","@id":"https:\/\/www.eldigitaldeasturias.com\/noticias\/category\/actualidad\/#listItem","name":"Actualidad"}}]},{"@type":"Organization","@id":"https:\/\/www.eldigitaldeasturias.com\/noticias\/#organization","name":"El Digital de Asturias","description":"Hemeroteca","url":"https:\/\/www.eldigitaldeasturias.com\/noticias\/","email":"info@eldigitaldeasturias.com","telephone":"+34652131393","logo":{"@type":"ImageObject","url":"https:\/\/www.eldigitaldeasturias.com\/noticias\/wp-content\/uploads\/2020\/12\/EDA.jpg","@id":"https:\/\/www.eldigitaldeasturias.com\/noticias\/obama-visitara-arabia-saudi-en-marzo-tras-su-gira-europea\/#organizationLogo"},"image":{"@id":"https:\/\/www.eldigitaldeasturias.com\/noticias\/obama-visitara-arabia-saudi-en-marzo-tras-su-gira-europea\/#organizationLogo"},"sameAs":["https:\/\/facebook.com\/eldigitaldeasturias","https:\/\/www.youtube.com\/channel\/UCZP-2wLEB9Rv6erhFmqVnvg"],"address":{"@id":"https:\/\/www.eldigitaldeasturias.com\/noticias\/#postaladdress","@type":"PostalAddress","streetAddress":"san antonio 4","postalCode":"33430","addressLocality":"Cand\u00e1s","addressRegion":"Asturias","addressCountry":"ES"}},{"@type":"Person","@id":"https:\/\/www.eldigitaldeasturias.com\/noticias\/author\/admin\/#author","url":"https:\/\/www.eldigitaldeasturias.com\/noticias\/author\/admin\/","name":"El Digital de Asturias","image":{"@type":"ImageObject","@id":"https:\/\/www.eldigitaldeasturias.com\/noticias\/obama-visitara-arabia-saudi-en-marzo-tras-su-gira-europea\/#authorImage","url":"https:\/\/secure.gravatar.com\/avatar\/df2aeffc32bcd13f8d26072ef8a91b623d677766deac7f97ca815868cd41bf5e?s=96&d=mm&r=g","width":96,"height":96,"caption":"El Digital de Asturias"}},{"@type":"WebPage","@id":"https:\/\/www.eldigitaldeasturias.com\/noticias\/obama-visitara-arabia-saudi-en-marzo-tras-su-gira-europea\/#webpage","url":"https:\/\/www.eldigitaldeasturias.com\/noticias\/obama-visitara-arabia-saudi-en-marzo-tras-su-gira-europea\/","name":"Obama visitar\u00e1 Arabia Saud\u00ed en marzo tras su gira europea - El Digital de Asturias","description":"Washington, 3 feb (EFE).- El presidente de EEUU, Barack Obama, visitar\u00e1 Arabia Saud\u00ed a finales de marzo tras la gira europea que le llevar\u00e1 a Holanda, B\u00e9lgica e Italia, en la que ser\u00e1 recibido por el papa Francisco en el Vaticano, anunci\u00f3 hoy la Casa Blanca. Obama se reunir\u00e1 con el rey saud\u00ed, Abdal\u00e1 bin","inLanguage":"es-ES","isPartOf":{"@id":"https:\/\/www.eldigitaldeasturias.com\/noticias\/#website"},"breadcrumb":{"@id":"https:\/\/www.eldigitaldeasturias.com\/noticias\/obama-visitara-arabia-saudi-en-marzo-tras-su-gira-europea\/#breadcrumblist"},"author":{"@id":"https:\/\/www.eldigitaldeasturias.com\/noticias\/author\/admin\/#author"},"creator":{"@id":"https:\/\/www.eldigitaldeasturias.com\/noticias\/author\/admin\/#author"},"image":{"@type":"ImageObject","url":483036,"@id":"https:\/\/www.eldigitaldeasturias.com\/noticias\/obama-visitara-arabia-saudi-en-marzo-tras-su-gira-europea\/#mainImage"},"primaryImageOfPage":{"@id":"https:\/\/www.eldigitaldeasturias.com\/noticias\/obama-visitara-arabia-saudi-en-marzo-tras-su-gira-europea\/#mainImage"},"datePublished":"2014-02-03T23:13:31+01:00","dateModified":"2014-02-03T23:13:31+01:00"},{"@type":"WebSite","@id":"https:\/\/www.eldigitaldeasturias.com\/noticias\/#website","url":"https:\/\/www.eldigitaldeasturias.com\/noticias\/","name":"El Digital de Asturias - Diario de actualidad y noticias","alternateName":"El Digital de Asturias - Diario de actualidad y noticias","description":"Hemeroteca","inLanguage":"es-ES","publisher":{"@id":"https:\/\/www.eldigitaldeasturias.com\/noticias\/#organization"}}]},"og:locale":"es_ES","og:site_name":"El Digital de Asturias","og:type":"article","og:title":"Obama visitar\u00e1 Arabia Saud\u00ed en marzo tras su gira europea - El Digital de Asturias","og:description":"Washington, 3 feb (EFE).- El presidente de EEUU, Barack Obama, visitar\u00e1 Arabia Saud\u00ed a finales de marzo tras la gira europea que le llevar\u00e1 a Holanda, B\u00e9lgica e Italia, en la que ser\u00e1 recibido por el papa Francisco en el Vaticano, anunci\u00f3 hoy la Casa Blanca. Obama se reunir\u00e1 con el rey saud\u00ed, Abdal\u00e1 bin","og:url":"https:\/\/www.eldigitaldeasturias.com\/noticias\/obama-visitara-arabia-saudi-en-marzo-tras-su-gira-europea\/","article:tag":["actualidad"],"article:published_time":"2014-02-04T00:13:31+00:00","article:modified_time":"2014-02-04T00:13:31+00:00","article:publisher":"https:\/\/facebook.com\/eldigitaldeasturias","twitter:card":"summary_large_image","twitter:title":"Obama visitar\u00e1 Arabia Saud\u00ed en marzo tras su gira europea - El Digital de Asturias","twitter:description":"Washington, 3 feb (EFE).- El presidente de EEUU, Barack Obama, visitar\u00e1 Arabia Saud\u00ed a finales de marzo tras la gira europea que le llevar\u00e1 a Holanda, B\u00e9lgica e Italia, en la que ser\u00e1 recibido por el papa Francisco en el Vaticano, anunci\u00f3 hoy la Casa Blanca. Obama se reunir\u00e1 con el rey saud\u00ed, Abdal\u00e1 bin","twitter:label1":"Escrito por","twitter:data1":"El Digital de Asturias","twitter:label2":"Tiempo de lectura estimado","twitter:data2":"2 minutos"},"aioseo_meta_data":{"post_id":"483035","title":null,"description":null,"keywords":null,"keyphrases":null,"primary_term":null,"canonical_url":null,"og_title":null,"og_description":null,"og_object_type":"default","og_image_type":"default","og_image_url":null,"og_image_width":null,"og_image_height":null,"og_image_custom_url":null,"og_image_custom_fields":null,"og_video":null,"og_custom_url":null,"og_article_section":null,"og_article_tags":null,"twitter_use_og":true,"twitter_card":"default","twitter_image_type":"default","twitter_image_url":null,"twitter_image_custom_url":null,"twitter_image_custom_fields":null,"twitter_title":null,"twitter_description":null,"schema":{"blockGraphs":[],"customGraphs":[],"default":{"data":{"Article":[],"Course":[],"Dataset":[],"FAQPage":[],"Movie":[],"Person":[],"Product":[],"ProductReview":[],"Car":[],"Recipe":[],"Service":[],"SoftwareApplication":[],"WebPage":[]},"graphName":"","isEnabled":true},"graphs":[],"defaultGraph":"","defaultPostTypeGraph":""},"schema_type":null,"schema_type_options":null,"pillar_content":false,"robots_default":true,"robots_noindex":false,"robots_noarchive":false,"robots_nosnippet":false,"robots_nofollow":false,"robots_noimageindex":false,"robots_noodp":false,"robots_notranslate":false,"robots_max_snippet":null,"robots_max_videopreview":null,"robots_max_imagepreview":"none","priority":null,"frequency":null,"local_seo":null,"seo_analyzer_scan_date":"2026-06-02 11:36:58","breadcrumb_settings":null,"limit_modified_date":false,"open_ai":null,"ai":null,"created":"2020-11-14 22:54:42","updated":"2026-06-02 11:36:58","focus_keyword":null,"additional_keywords":null,"truseo_locale":null},"aioseo_breadcrumb":"<div class=\"aioseo-breadcrumbs\"><span class=\"aioseo-breadcrumb\">\n\t<a href=\"https:\/\/www.eldigitaldeasturias.com\/noticias\" title=\"Home\">Home<\/a>\n<\/span><span class=\"aioseo-breadcrumb-separator\">\u2013<\/span><span class=\"aioseo-breadcrumb\">\n\t<a href=\"https:\/\/www.eldigitaldeasturias.com\/noticias\/category\/actualidad\/\" title=\"Actualidad\">Actualidad<\/a>\n<\/span><span class=\"aioseo-breadcrumb-separator\">\u2013<\/span><span class=\"aioseo-breadcrumb\">\n\t<a href=\"https:\/\/www.eldigitaldeasturias.com\/noticias\/obama-visitara-arabia-saudi-en-marzo-tras-su-gira-europea\/\" title=\"Obama visitar\u00e1 Arabia Saud\u00ed en marzo tras su gira europea\">Obama visitar\u00e1 Arabia Saud\u00ed en marzo tras su gira europea<\/a>\n<\/span><\/div>","aioseo_breadcrumb_json":[{"label":"Home","link":"https:\/\/www.eldigitaldeasturias.com\/noticias"},{"label":"Actualidad","link":"https:\/\/www.eldigitaldeasturias.com\/noticias\/category\/actualidad\/"},{"label":"Obama visitar\u00e1 Arabia Saud\u00ed en marzo tras su gira europea","link":"https:\/\/www.eldigitaldeasturias.com\/noticias\/obama-visitara-arabia-saudi-en-marzo-tras-su-gira-europea\/"}],"_links":{"self":[{"href":"https:\/\/www.eldigitaldeasturias.com\/noticias\/wp-json\/wp\/v2\/posts\/483035","targetHints":{"allow":["GET"]}}],"collection":[{"href":"https:\/\/www.eldigitaldeasturias.com\/noticias\/wp-json\/wp\/v2\/posts"}],"about":[{"href":"https:\/\/www.eldigitaldeasturias.com\/noticias\/wp-json\/wp\/v2\/types\/post"}],"author":[{"embeddable":true,"href":"https:\/\/www.eldigitaldeasturias.com\/noticias\/wp-json\/wp\/v2\/users\/1"}],"replies":[{"embeddable":true,"href":"https:\/\/www.eldigitaldeasturias.com\/noticias\/wp-json\/wp\/v2\/comments?post=483035"}],"version-history":[{"count":0,"href":"https:\/\/www.eldigitaldeasturias.com\/noticias\/wp-json\/wp\/v2\/posts\/483035\/revisions"}],"wp:attachment":[{"href":"https:\/\/www.eldigitaldeasturias.com\/noticias\/wp-json\/wp\/v2\/media?parent=483035"}],"wp:term":[{"taxonomy":"category","embeddable":true,"href":"https:\/\/www.eldigitaldeasturias.com\/noticias\/wp-json\/wp\/v2\/categories?post=483035"},{"taxonomy":"post_tag","embeddable":true,"href":"https:\/\/www.eldigitaldeasturias.com\/noticias\/wp-json\/wp\/v2\/tags?post=483035"}],"curies":[{"name":"wp","href":"https:\/\/api.w.org\/{rel}","templated":true}]}}