{"id":483026,"date":"2014-02-03T23:09:24","date_gmt":"2014-02-04T00:09:24","guid":{"rendered":"http:\/\/www.eldigitaldeasturias.com\/noticias\/?p=483026"},"modified":"2014-02-03T23:09:24","modified_gmt":"2014-02-04T00:09:24","slug":"penas-de-carcel-para-los-saudies-que-practiquen-el-terrorismo-fuera-de-su-pais","status":"publish","type":"post","link":"https:\/\/www.eldigitaldeasturias.com\/noticias\/penas-de-carcel-para-los-saudies-que-practiquen-el-terrorismo-fuera-de-su-pais\/","title":{"rendered":"Penas de c\u00e1rcel para los saud\u00edes que practiquen el terrorismo fuera de su pa\u00eds"},"content":{"rendered":"<p><img loading=\"lazy\" decoding=\"async\" class=\"alignleft size-medium wp-image-483027\" alt=\"5905295w\" src=\"https:\/\/www.eldigitaldeasturias.com\/noticias\/wp-content\/uploads\/2014\/02\/5905295w-352x320.jpg\" width=\"352\" height=\"320\" \/>Riad, 3 feb (EFE).- Los saud\u00edes que se unan a grupos yihadistas y practiquen el terrorismo fuera de su pa\u00eds ser\u00e1n castigados con penas de tres a veinte a\u00f1os de prisi\u00f3n, seg\u00fan un decreto emitido hoy por el rey de Arabia Saud\u00ed, Abdal\u00e1 bin Abdelaziz.<\/p>\n<p>La agencia oficial de noticias SPA inform\u00f3 de que el decreto criminaliza la participaci\u00f3n en combates fuera de Arabia Saud\u00ed o la adhesi\u00f3n a corrientes y grupos religiosos o ideol\u00f3gicos extremistas.<\/p>\n<p>Tambi\u00e9n ser\u00e1n castigadas aquellas personas que se unan a organizaciones terroristas declaradas por Arabia Saud\u00ed o a nivel regional o internacional.<\/p>\n<p>La norma tambi\u00e9n prev\u00e9 penas de c\u00e1rcel para quienes adopten la ideolog\u00eda o los m\u00e9todos de esos grupos, expresen su simpat\u00eda hacia ellos o los apoyen de cualquier forma, incluido el respaldo financiero o por medio de propaganda.<\/p>\n<p>Si la persona que comete esos actos pertenece a las Fuerzas Armadas saud\u00edes, el castigo consistir\u00e1 en penas de c\u00e1rcel de entre cinco y treinta a\u00f1os, apunt\u00f3 la agencia oficial.<\/p>\n<p>Adem\u00e1s, el monarca saud\u00ed decidi\u00f3 formar una comisi\u00f3n formada por representantes de varios ministerios y de la Fiscal\u00eda para redactar una lista de organizaciones terroristas que ser\u00e1 actualizada de forma peri\u00f3dica.<\/p>\n<p>El decreto fue emitido al d\u00eda siguiente de que entrase en vigor la nueva ley antiterrorista en el reino ultraconservador, tras ser aprobada por el Consejo de Ministros el pasado diciembre en sustituci\u00f3n de la anterior, muy criticada por las organizaciones de derechos humanos.<\/p>\n<p>Las autoridades saud\u00edes optaron por redactar una nueva legislaci\u00f3n tras las denuncias recibidas contra la de 2011, aunque los activistas han vuelto a expresar sus temores ante su posible uso para acallar cualquier voz que pida reformas democr\u00e1ticas.<\/p>\n<p>La ley define el delito de terrorismo como \u00abcualquier acto criminal que de forma directa o indirecta altere el orden p\u00fablico, atente contra la seguridad de la comunidad y la estabilidad del Estado, o ponga en peligro la unidad nacional\u00bb.<\/p>\n<p>Las autoridades saud\u00edes se enfrentaron a una feroz batalla contra el terrorismo interno durante la primera d\u00e9cada del siglo XXI, durante la que pudieron eliminar algunos bastiones de Al Qaeda en su territorio.<\/p>\n<p>En paralelo, han crecido los temores en la regi\u00f3n ante el alto n\u00famero de combatientes extranjeros que se han unido a las filas de los grupos extremistas en conflictos como el de Siria.<\/p>\n<p>Aunque no hay cifras oficiales, se estima que al menos 11.000 combatientes extranjeros de 74 pa\u00edses combaten actualmente en el frente rebelde de la guerra siria, de los cuales m\u00e1s de mil son saud\u00edes, seg\u00fan un informe difundido recientemente por el diario \u00e1rabe Sharq al Awsat.<\/p>\n","protected":false},"excerpt":{"rendered":"<p>Riad, 3 feb (EFE).- Los saud\u00edes que se unan a grupos yihadistas y practiquen el terrorismo fuera de su pa\u00eds ser\u00e1n castigados con penas de tres a veinte a\u00f1os de prisi\u00f3n, seg\u00fan un decreto emitido hoy por el rey de Arabia Saud\u00ed, Abdal\u00e1 bin Abdelaziz. La agencia oficial de noticias SPA inform\u00f3 de que el [&hellip;]<\/p>\n","protected":false},"author":1,"featured_media":483027,"comment_status":"closed","ping_status":"open","sticky":false,"template":"","format":"standard","meta":{"footnotes":""},"categories":[1],"tags":[],"class_list":["post-483026","post","type-post","status-publish","format-standard","has-post-thumbnail","hentry","category-actualidad"],"aioseo_notices":[],"aioseo_head":"\n\t\t<!-- All in One SEO Pro 5.0.1 - aioseo.com -->\n\t<meta name=\"description\" content=\"Riad, 3 feb (EFE).- Los saud\u00edes que se unan a grupos yihadistas y practiquen el terrorismo fuera de su pa\u00eds ser\u00e1n castigados con penas de tres a veinte a\u00f1os de prisi\u00f3n, seg\u00fan un decreto emitido hoy por el rey de Arabia Saud\u00ed, Abdal\u00e1 bin Abdelaziz. La agencia oficial de noticias SPA inform\u00f3 de que el\" \/>\n\t<meta name=\"robots\" content=\"max-image-preview:large\" \/>\n\t<meta name=\"author\" content=\"El Digital de Asturias\"\/>\n\t<meta name=\"google-site-verification\" content=\"UA-38556648-1\" \/>\n\t<meta name=\"msvalidate.01\" content=\"7dfe9f3f1b24437ab69f4f2559babe99\" \/>\n\t<meta name=\"keywords\" content=\"actualidad\" \/>\n\t<link rel=\"canonical\" href=\"https:\/\/www.eldigitaldeasturias.com\/noticias\/penas-de-carcel-para-los-saudies-que-practiquen-el-terrorismo-fuera-de-su-pais\/\" \/>\n\t<meta name=\"generator\" content=\"All in One SEO Pro (AIOSEO) 5.0.1\" \/>\n\t\t<meta property=\"og:locale\" content=\"es_ES\" \/>\n\t\t<meta property=\"og:site_name\" content=\"El Digital de Asturias\" \/>\n\t\t<meta property=\"og:type\" content=\"article\" \/>\n\t\t<meta property=\"og:title\" content=\"Penas de c\u00e1rcel para los saud\u00edes que practiquen el terrorismo fuera de su pa\u00eds - El Digital de Asturias\" \/>\n\t\t<meta property=\"og:description\" content=\"Riad, 3 feb (EFE).- Los saud\u00edes que se unan a grupos yihadistas y practiquen el terrorismo fuera de su pa\u00eds ser\u00e1n castigados con penas de tres a veinte a\u00f1os de prisi\u00f3n, seg\u00fan un decreto emitido hoy por el rey de Arabia Saud\u00ed, Abdal\u00e1 bin Abdelaziz. La agencia oficial de noticias SPA inform\u00f3 de que el\" \/>\n\t\t<meta property=\"og:url\" content=\"https:\/\/www.eldigitaldeasturias.com\/noticias\/penas-de-carcel-para-los-saudies-que-practiquen-el-terrorismo-fuera-de-su-pais\/\" \/>\n\t\t<meta property=\"article:tag\" content=\"actualidad\" \/>\n\t\t<meta property=\"article:published_time\" content=\"2014-02-04T00:09:24+00:00\" \/>\n\t\t<meta property=\"article:modified_time\" content=\"2014-02-04T00:09:24+00:00\" \/>\n\t\t<meta property=\"article:publisher\" content=\"https:\/\/facebook.com\/eldigitaldeasturias\" \/>\n\t\t<meta name=\"twitter:card\" content=\"summary_large_image\" \/>\n\t\t<meta name=\"twitter:title\" content=\"Penas de c\u00e1rcel para los saud\u00edes que practiquen el terrorismo fuera de su pa\u00eds - El Digital de Asturias\" \/>\n\t\t<meta name=\"twitter:description\" content=\"Riad, 3 feb (EFE).- Los saud\u00edes que se unan a grupos yihadistas y practiquen el terrorismo fuera de su pa\u00eds ser\u00e1n castigados con penas de tres a veinte a\u00f1os de prisi\u00f3n, seg\u00fan un decreto emitido hoy por el rey de Arabia Saud\u00ed, Abdal\u00e1 bin Abdelaziz. La agencia oficial de noticias SPA inform\u00f3 de que el\" \/>\n\t\t<meta name=\"twitter:label1\" content=\"Escrito por\" \/>\n\t\t<meta name=\"twitter:data1\" content=\"El Digital de Asturias\" \/>\n\t\t<meta name=\"twitter:label2\" content=\"Tiempo de lectura estimado\" \/>\n\t\t<meta name=\"twitter:data2\" content=\"2 minutos\" \/>\n\t\t<script type=\"application\/ld+json\" class=\"aioseo-schema\">\n\t\t\t{\"@context\":\"https:\\\/\\\/schema.org\",\"@graph\":[{\"@type\":\"BlogPosting\",\"@id\":\"https:\\\/\\\/www.eldigitaldeasturias.com\\\/noticias\\\/penas-de-carcel-para-los-saudies-que-practiquen-el-terrorismo-fuera-de-su-pais\\\/#blogposting\",\"name\":\"Penas de c\\u00e1rcel para los saud\\u00edes que practiquen el terrorismo fuera de su pa\\u00eds - El Digital de Asturias\",\"headline\":\"Penas de c\\u00e1rcel para los saud\\u00edes que practiquen el terrorismo fuera de su pa\\u00eds\",\"author\":{\"@id\":\"https:\\\/\\\/www.eldigitaldeasturias.com\\\/noticias\\\/author\\\/admin\\\/#author\"},\"publisher\":{\"@id\":\"https:\\\/\\\/www.eldigitaldeasturias.com\\\/noticias\\\/#organization\"},\"image\":{\"@type\":\"ImageObject\",\"url\":483027},\"datePublished\":\"2014-02-03T23:09:24+01:00\",\"dateModified\":\"2014-02-03T23:09:24+01:00\",\"inLanguage\":\"es-ES\",\"mainEntityOfPage\":{\"@id\":\"https:\\\/\\\/www.eldigitaldeasturias.com\\\/noticias\\\/penas-de-carcel-para-los-saudies-que-practiquen-el-terrorismo-fuera-de-su-pais\\\/#webpage\"},\"isPartOf\":{\"@id\":\"https:\\\/\\\/www.eldigitaldeasturias.com\\\/noticias\\\/penas-de-carcel-para-los-saudies-que-practiquen-el-terrorismo-fuera-de-su-pais\\\/#webpage\"},\"articleSection\":\"Actualidad\"},{\"@type\":\"BreadcrumbList\",\"@id\":\"https:\\\/\\\/www.eldigitaldeasturias.com\\\/noticias\\\/penas-de-carcel-para-los-saudies-que-practiquen-el-terrorismo-fuera-de-su-pais\\\/#breadcrumblist\",\"itemListElement\":[{\"@type\":\"ListItem\",\"@id\":\"https:\\\/\\\/www.eldigitaldeasturias.com\\\/noticias#listItem\",\"position\":1,\"name\":\"Home\",\"item\":\"https:\\\/\\\/www.eldigitaldeasturias.com\\\/noticias\",\"nextItem\":{\"@type\":\"ListItem\",\"@id\":\"https:\\\/\\\/www.eldigitaldeasturias.com\\\/noticias\\\/category\\\/actualidad\\\/#listItem\",\"name\":\"Actualidad\"}},{\"@type\":\"ListItem\",\"@id\":\"https:\\\/\\\/www.eldigitaldeasturias.com\\\/noticias\\\/category\\\/actualidad\\\/#listItem\",\"position\":2,\"name\":\"Actualidad\",\"item\":\"https:\\\/\\\/www.eldigitaldeasturias.com\\\/noticias\\\/category\\\/actualidad\\\/\",\"nextItem\":{\"@type\":\"ListItem\",\"@id\":\"https:\\\/\\\/www.eldigitaldeasturias.com\\\/noticias\\\/penas-de-carcel-para-los-saudies-que-practiquen-el-terrorismo-fuera-de-su-pais\\\/#listItem\",\"name\":\"Penas de c\\u00e1rcel para los saud\\u00edes que practiquen el terrorismo fuera de su pa\\u00eds\"},\"previousItem\":{\"@type\":\"ListItem\",\"@id\":\"https:\\\/\\\/www.eldigitaldeasturias.com\\\/noticias#listItem\",\"name\":\"Home\"}},{\"@type\":\"ListItem\",\"@id\":\"https:\\\/\\\/www.eldigitaldeasturias.com\\\/noticias\\\/penas-de-carcel-para-los-saudies-que-practiquen-el-terrorismo-fuera-de-su-pais\\\/#listItem\",\"position\":3,\"name\":\"Penas de c\\u00e1rcel para los saud\\u00edes que practiquen el terrorismo fuera de su pa\\u00eds\",\"previousItem\":{\"@type\":\"ListItem\",\"@id\":\"https:\\\/\\\/www.eldigitaldeasturias.com\\\/noticias\\\/category\\\/actualidad\\\/#listItem\",\"name\":\"Actualidad\"}}]},{\"@type\":\"Organization\",\"@id\":\"https:\\\/\\\/www.eldigitaldeasturias.com\\\/noticias\\\/#organization\",\"name\":\"El Digital de Asturias\",\"description\":\"Hemeroteca\",\"url\":\"https:\\\/\\\/www.eldigitaldeasturias.com\\\/noticias\\\/\",\"email\":\"info@eldigitaldeasturias.com\",\"telephone\":\"+34652131393\",\"logo\":{\"@type\":\"ImageObject\",\"url\":\"https:\\\/\\\/www.eldigitaldeasturias.com\\\/noticias\\\/wp-content\\\/uploads\\\/2020\\\/12\\\/EDA.jpg\",\"@id\":\"https:\\\/\\\/www.eldigitaldeasturias.com\\\/noticias\\\/penas-de-carcel-para-los-saudies-que-practiquen-el-terrorismo-fuera-de-su-pais\\\/#organizationLogo\"},\"image\":{\"@id\":\"https:\\\/\\\/www.eldigitaldeasturias.com\\\/noticias\\\/penas-de-carcel-para-los-saudies-que-practiquen-el-terrorismo-fuera-de-su-pais\\\/#organizationLogo\"},\"sameAs\":[\"https:\\\/\\\/facebook.com\\\/eldigitaldeasturias\",\"https:\\\/\\\/www.youtube.com\\\/channel\\\/UCZP-2wLEB9Rv6erhFmqVnvg\"],\"address\":{\"@id\":\"https:\\\/\\\/www.eldigitaldeasturias.com\\\/noticias\\\/#postaladdress\",\"@type\":\"PostalAddress\",\"streetAddress\":\"san antonio 4\",\"postalCode\":\"33430\",\"addressLocality\":\"Cand\\u00e1s\",\"addressRegion\":\"Asturias\",\"addressCountry\":\"ES\"}},{\"@type\":\"Person\",\"@id\":\"https:\\\/\\\/www.eldigitaldeasturias.com\\\/noticias\\\/author\\\/admin\\\/#author\",\"url\":\"https:\\\/\\\/www.eldigitaldeasturias.com\\\/noticias\\\/author\\\/admin\\\/\",\"name\":\"El Digital de Asturias\",\"image\":{\"@type\":\"ImageObject\",\"@id\":\"https:\\\/\\\/www.eldigitaldeasturias.com\\\/noticias\\\/penas-de-carcel-para-los-saudies-que-practiquen-el-terrorismo-fuera-de-su-pais\\\/#authorImage\",\"url\":\"https:\\\/\\\/secure.gravatar.com\\\/avatar\\\/df2aeffc32bcd13f8d26072ef8a91b623d677766deac7f97ca815868cd41bf5e?s=96&d=mm&r=g\",\"width\":96,\"height\":96,\"caption\":\"El Digital de Asturias\"}},{\"@type\":\"WebPage\",\"@id\":\"https:\\\/\\\/www.eldigitaldeasturias.com\\\/noticias\\\/penas-de-carcel-para-los-saudies-que-practiquen-el-terrorismo-fuera-de-su-pais\\\/#webpage\",\"url\":\"https:\\\/\\\/www.eldigitaldeasturias.com\\\/noticias\\\/penas-de-carcel-para-los-saudies-que-practiquen-el-terrorismo-fuera-de-su-pais\\\/\",\"name\":\"Penas de c\\u00e1rcel para los saud\\u00edes que practiquen el terrorismo fuera de su pa\\u00eds - El Digital de Asturias\",\"description\":\"Riad, 3 feb (EFE).- Los saud\\u00edes que se unan a grupos yihadistas y practiquen el terrorismo fuera de su pa\\u00eds ser\\u00e1n castigados con penas de tres a veinte a\\u00f1os de prisi\\u00f3n, seg\\u00fan un decreto emitido hoy por el rey de Arabia Saud\\u00ed, Abdal\\u00e1 bin Abdelaziz. La agencia oficial de noticias SPA inform\\u00f3 de que el\",\"inLanguage\":\"es-ES\",\"isPartOf\":{\"@id\":\"https:\\\/\\\/www.eldigitaldeasturias.com\\\/noticias\\\/#website\"},\"breadcrumb\":{\"@id\":\"https:\\\/\\\/www.eldigitaldeasturias.com\\\/noticias\\\/penas-de-carcel-para-los-saudies-que-practiquen-el-terrorismo-fuera-de-su-pais\\\/#breadcrumblist\"},\"author\":{\"@id\":\"https:\\\/\\\/www.eldigitaldeasturias.com\\\/noticias\\\/author\\\/admin\\\/#author\"},\"creator\":{\"@id\":\"https:\\\/\\\/www.eldigitaldeasturias.com\\\/noticias\\\/author\\\/admin\\\/#author\"},\"image\":{\"@type\":\"ImageObject\",\"url\":483027,\"@id\":\"https:\\\/\\\/www.eldigitaldeasturias.com\\\/noticias\\\/penas-de-carcel-para-los-saudies-que-practiquen-el-terrorismo-fuera-de-su-pais\\\/#mainImage\"},\"primaryImageOfPage\":{\"@id\":\"https:\\\/\\\/www.eldigitaldeasturias.com\\\/noticias\\\/penas-de-carcel-para-los-saudies-que-practiquen-el-terrorismo-fuera-de-su-pais\\\/#mainImage\"},\"datePublished\":\"2014-02-03T23:09:24+01:00\",\"dateModified\":\"2014-02-03T23:09:24+01:00\"},{\"@type\":\"WebSite\",\"@id\":\"https:\\\/\\\/www.eldigitaldeasturias.com\\\/noticias\\\/#website\",\"url\":\"https:\\\/\\\/www.eldigitaldeasturias.com\\\/noticias\\\/\",\"name\":\"El Digital de Asturias - Diario de actualidad y noticias\",\"alternateName\":\"El Digital de Asturias - Diario de actualidad y noticias\",\"description\":\"Hemeroteca\",\"inLanguage\":\"es-ES\",\"publisher\":{\"@id\":\"https:\\\/\\\/www.eldigitaldeasturias.com\\\/noticias\\\/#organization\"}}]}\n\t\t<\/script>\n\t\t<!-- All in One SEO Pro -->\r\n\t\t<title>Penas de c\u00e1rcel para los saud\u00edes que practiquen el terrorismo fuera de su pa\u00eds - El Digital de Asturias<\/title>\n\n","aioseo_head_json":{"title":"Penas de c\u00e1rcel para los saud\u00edes que practiquen el terrorismo fuera de su pa\u00eds - El Digital de Asturias","description":"Riad, 3 feb (EFE).- Los saud\u00edes que se unan a grupos yihadistas y practiquen el terrorismo fuera de su pa\u00eds ser\u00e1n castigados con penas de tres a veinte a\u00f1os de prisi\u00f3n, seg\u00fan un decreto emitido hoy por el rey de Arabia Saud\u00ed, Abdal\u00e1 bin Abdelaziz. La agencia oficial de noticias SPA inform\u00f3 de que el","canonical_url":"https:\/\/www.eldigitaldeasturias.com\/noticias\/penas-de-carcel-para-los-saudies-que-practiquen-el-terrorismo-fuera-de-su-pais\/","robots":"max-image-preview:large","keywords":"actualidad","webmasterTools":{"google-site-verification":"UA-38556648-1","msvalidate.01":"7dfe9f3f1b24437ab69f4f2559babe99","miscellaneous":""},"schema":{"@context":"https:\/\/schema.org","@graph":[{"@type":"BlogPosting","@id":"https:\/\/www.eldigitaldeasturias.com\/noticias\/penas-de-carcel-para-los-saudies-que-practiquen-el-terrorismo-fuera-de-su-pais\/#blogposting","name":"Penas de c\u00e1rcel para los saud\u00edes que practiquen el terrorismo fuera de su pa\u00eds - El Digital de Asturias","headline":"Penas de c\u00e1rcel para los saud\u00edes que practiquen el terrorismo fuera de su pa\u00eds","author":{"@id":"https:\/\/www.eldigitaldeasturias.com\/noticias\/author\/admin\/#author"},"publisher":{"@id":"https:\/\/www.eldigitaldeasturias.com\/noticias\/#organization"},"image":{"@type":"ImageObject","url":483027},"datePublished":"2014-02-03T23:09:24+01:00","dateModified":"2014-02-03T23:09:24+01:00","inLanguage":"es-ES","mainEntityOfPage":{"@id":"https:\/\/www.eldigitaldeasturias.com\/noticias\/penas-de-carcel-para-los-saudies-que-practiquen-el-terrorismo-fuera-de-su-pais\/#webpage"},"isPartOf":{"@id":"https:\/\/www.eldigitaldeasturias.com\/noticias\/penas-de-carcel-para-los-saudies-que-practiquen-el-terrorismo-fuera-de-su-pais\/#webpage"},"articleSection":"Actualidad"},{"@type":"BreadcrumbList","@id":"https:\/\/www.eldigitaldeasturias.com\/noticias\/penas-de-carcel-para-los-saudies-que-practiquen-el-terrorismo-fuera-de-su-pais\/#breadcrumblist","itemListElement":[{"@type":"ListItem","@id":"https:\/\/www.eldigitaldeasturias.com\/noticias#listItem","position":1,"name":"Home","item":"https:\/\/www.eldigitaldeasturias.com\/noticias","nextItem":{"@type":"ListItem","@id":"https:\/\/www.eldigitaldeasturias.com\/noticias\/category\/actualidad\/#listItem","name":"Actualidad"}},{"@type":"ListItem","@id":"https:\/\/www.eldigitaldeasturias.com\/noticias\/category\/actualidad\/#listItem","position":2,"name":"Actualidad","item":"https:\/\/www.eldigitaldeasturias.com\/noticias\/category\/actualidad\/","nextItem":{"@type":"ListItem","@id":"https:\/\/www.eldigitaldeasturias.com\/noticias\/penas-de-carcel-para-los-saudies-que-practiquen-el-terrorismo-fuera-de-su-pais\/#listItem","name":"Penas de c\u00e1rcel para los saud\u00edes que practiquen el terrorismo fuera de su pa\u00eds"},"previousItem":{"@type":"ListItem","@id":"https:\/\/www.eldigitaldeasturias.com\/noticias#listItem","name":"Home"}},{"@type":"ListItem","@id":"https:\/\/www.eldigitaldeasturias.com\/noticias\/penas-de-carcel-para-los-saudies-que-practiquen-el-terrorismo-fuera-de-su-pais\/#listItem","position":3,"name":"Penas de c\u00e1rcel para los saud\u00edes que practiquen el terrorismo fuera de su pa\u00eds","previousItem":{"@type":"ListItem","@id":"https:\/\/www.eldigitaldeasturias.com\/noticias\/category\/actualidad\/#listItem","name":"Actualidad"}}]},{"@type":"Organization","@id":"https:\/\/www.eldigitaldeasturias.com\/noticias\/#organization","name":"El Digital de Asturias","description":"Hemeroteca","url":"https:\/\/www.eldigitaldeasturias.com\/noticias\/","email":"info@eldigitaldeasturias.com","telephone":"+34652131393","logo":{"@type":"ImageObject","url":"https:\/\/www.eldigitaldeasturias.com\/noticias\/wp-content\/uploads\/2020\/12\/EDA.jpg","@id":"https:\/\/www.eldigitaldeasturias.com\/noticias\/penas-de-carcel-para-los-saudies-que-practiquen-el-terrorismo-fuera-de-su-pais\/#organizationLogo"},"image":{"@id":"https:\/\/www.eldigitaldeasturias.com\/noticias\/penas-de-carcel-para-los-saudies-que-practiquen-el-terrorismo-fuera-de-su-pais\/#organizationLogo"},"sameAs":["https:\/\/facebook.com\/eldigitaldeasturias","https:\/\/www.youtube.com\/channel\/UCZP-2wLEB9Rv6erhFmqVnvg"],"address":{"@id":"https:\/\/www.eldigitaldeasturias.com\/noticias\/#postaladdress","@type":"PostalAddress","streetAddress":"san antonio 4","postalCode":"33430","addressLocality":"Cand\u00e1s","addressRegion":"Asturias","addressCountry":"ES"}},{"@type":"Person","@id":"https:\/\/www.eldigitaldeasturias.com\/noticias\/author\/admin\/#author","url":"https:\/\/www.eldigitaldeasturias.com\/noticias\/author\/admin\/","name":"El Digital de Asturias","image":{"@type":"ImageObject","@id":"https:\/\/www.eldigitaldeasturias.com\/noticias\/penas-de-carcel-para-los-saudies-que-practiquen-el-terrorismo-fuera-de-su-pais\/#authorImage","url":"https:\/\/secure.gravatar.com\/avatar\/df2aeffc32bcd13f8d26072ef8a91b623d677766deac7f97ca815868cd41bf5e?s=96&d=mm&r=g","width":96,"height":96,"caption":"El Digital de Asturias"}},{"@type":"WebPage","@id":"https:\/\/www.eldigitaldeasturias.com\/noticias\/penas-de-carcel-para-los-saudies-que-practiquen-el-terrorismo-fuera-de-su-pais\/#webpage","url":"https:\/\/www.eldigitaldeasturias.com\/noticias\/penas-de-carcel-para-los-saudies-que-practiquen-el-terrorismo-fuera-de-su-pais\/","name":"Penas de c\u00e1rcel para los saud\u00edes que practiquen el terrorismo fuera de su pa\u00eds - El Digital de Asturias","description":"Riad, 3 feb (EFE).- Los saud\u00edes que se unan a grupos yihadistas y practiquen el terrorismo fuera de su pa\u00eds ser\u00e1n castigados con penas de tres a veinte a\u00f1os de prisi\u00f3n, seg\u00fan un decreto emitido hoy por el rey de Arabia Saud\u00ed, Abdal\u00e1 bin Abdelaziz. La agencia oficial de noticias SPA inform\u00f3 de que el","inLanguage":"es-ES","isPartOf":{"@id":"https:\/\/www.eldigitaldeasturias.com\/noticias\/#website"},"breadcrumb":{"@id":"https:\/\/www.eldigitaldeasturias.com\/noticias\/penas-de-carcel-para-los-saudies-que-practiquen-el-terrorismo-fuera-de-su-pais\/#breadcrumblist"},"author":{"@id":"https:\/\/www.eldigitaldeasturias.com\/noticias\/author\/admin\/#author"},"creator":{"@id":"https:\/\/www.eldigitaldeasturias.com\/noticias\/author\/admin\/#author"},"image":{"@type":"ImageObject","url":483027,"@id":"https:\/\/www.eldigitaldeasturias.com\/noticias\/penas-de-carcel-para-los-saudies-que-practiquen-el-terrorismo-fuera-de-su-pais\/#mainImage"},"primaryImageOfPage":{"@id":"https:\/\/www.eldigitaldeasturias.com\/noticias\/penas-de-carcel-para-los-saudies-que-practiquen-el-terrorismo-fuera-de-su-pais\/#mainImage"},"datePublished":"2014-02-03T23:09:24+01:00","dateModified":"2014-02-03T23:09:24+01:00"},{"@type":"WebSite","@id":"https:\/\/www.eldigitaldeasturias.com\/noticias\/#website","url":"https:\/\/www.eldigitaldeasturias.com\/noticias\/","name":"El Digital de Asturias - Diario de actualidad y noticias","alternateName":"El Digital de Asturias - Diario de actualidad y noticias","description":"Hemeroteca","inLanguage":"es-ES","publisher":{"@id":"https:\/\/www.eldigitaldeasturias.com\/noticias\/#organization"}}]},"og:locale":"es_ES","og:site_name":"El Digital de Asturias","og:type":"article","og:title":"Penas de c\u00e1rcel para los saud\u00edes que practiquen el terrorismo fuera de su pa\u00eds - El Digital de Asturias","og:description":"Riad, 3 feb (EFE).- Los saud\u00edes que se unan a grupos yihadistas y practiquen el terrorismo fuera de su pa\u00eds ser\u00e1n castigados con penas de tres a veinte a\u00f1os de prisi\u00f3n, seg\u00fan un decreto emitido hoy por el rey de Arabia Saud\u00ed, Abdal\u00e1 bin Abdelaziz. La agencia oficial de noticias SPA inform\u00f3 de que el","og:url":"https:\/\/www.eldigitaldeasturias.com\/noticias\/penas-de-carcel-para-los-saudies-que-practiquen-el-terrorismo-fuera-de-su-pais\/","article:tag":["actualidad"],"article:published_time":"2014-02-04T00:09:24+00:00","article:modified_time":"2014-02-04T00:09:24+00:00","article:publisher":"https:\/\/facebook.com\/eldigitaldeasturias","twitter:card":"summary_large_image","twitter:title":"Penas de c\u00e1rcel para los saud\u00edes que practiquen el terrorismo fuera de su pa\u00eds - El Digital de Asturias","twitter:description":"Riad, 3 feb (EFE).- Los saud\u00edes que se unan a grupos yihadistas y practiquen el terrorismo fuera de su pa\u00eds ser\u00e1n castigados con penas de tres a veinte a\u00f1os de prisi\u00f3n, seg\u00fan un decreto emitido hoy por el rey de Arabia Saud\u00ed, Abdal\u00e1 bin Abdelaziz. La agencia oficial de noticias SPA inform\u00f3 de que el","twitter:label1":"Escrito por","twitter:data1":"El Digital de Asturias","twitter:label2":"Tiempo de lectura estimado","twitter:data2":"2 minutos"},"aioseo_meta_data":{"post_id":"483026","title":null,"description":null,"keywords":null,"keyphrases":null,"primary_term":null,"canonical_url":null,"og_title":null,"og_description":null,"og_object_type":"default","og_image_type":"default","og_image_url":null,"og_image_width":null,"og_image_height":null,"og_image_custom_url":null,"og_image_custom_fields":null,"og_video":null,"og_custom_url":null,"og_article_section":null,"og_article_tags":null,"twitter_use_og":true,"twitter_card":"default","twitter_image_type":"default","twitter_image_url":null,"twitter_image_custom_url":null,"twitter_image_custom_fields":null,"twitter_title":null,"twitter_description":null,"schema":{"blockGraphs":[],"customGraphs":[],"default":{"data":{"Article":[],"Course":[],"Dataset":[],"FAQPage":[],"Movie":[],"Person":[],"Product":[],"ProductReview":[],"Car":[],"Recipe":[],"Service":[],"SoftwareApplication":[],"WebPage":[]},"graphName":"","isEnabled":true},"graphs":[],"defaultGraph":"","defaultPostTypeGraph":""},"schema_type":null,"schema_type_options":null,"pillar_content":false,"robots_default":true,"robots_noindex":false,"robots_noarchive":false,"robots_nosnippet":false,"robots_nofollow":false,"robots_noimageindex":false,"robots_noodp":false,"robots_notranslate":false,"robots_max_snippet":null,"robots_max_videopreview":null,"robots_max_imagepreview":"none","priority":null,"frequency":null,"local_seo":null,"seo_analyzer_scan_date":"2026-06-02 11:35:02","breadcrumb_settings":null,"limit_modified_date":false,"open_ai":null,"ai":null,"created":"2020-11-14 22:54:42","updated":"2026-06-02 11:35:02","focus_keyword":null,"additional_keywords":null,"truseo_locale":null},"aioseo_breadcrumb":"<div class=\"aioseo-breadcrumbs\"><span class=\"aioseo-breadcrumb\">\n\t<a href=\"https:\/\/www.eldigitaldeasturias.com\/noticias\" title=\"Home\">Home<\/a>\n<\/span><span class=\"aioseo-breadcrumb-separator\">\u2013<\/span><span class=\"aioseo-breadcrumb\">\n\t<a href=\"https:\/\/www.eldigitaldeasturias.com\/noticias\/category\/actualidad\/\" title=\"Actualidad\">Actualidad<\/a>\n<\/span><span class=\"aioseo-breadcrumb-separator\">\u2013<\/span><span class=\"aioseo-breadcrumb\">\n\t<a href=\"https:\/\/www.eldigitaldeasturias.com\/noticias\/penas-de-carcel-para-los-saudies-que-practiquen-el-terrorismo-fuera-de-su-pais\/\" title=\"Penas de c\u00e1rcel para los saud\u00edes que practiquen el terrorismo fuera de su pa\u00eds\">Penas de c\u00e1rcel para los saud\u00edes que practiquen el terrorismo fuera de su pa\u00eds<\/a>\n<\/span><\/div>","aioseo_breadcrumb_json":[{"label":"Home","link":"https:\/\/www.eldigitaldeasturias.com\/noticias"},{"label":"Actualidad","link":"https:\/\/www.eldigitaldeasturias.com\/noticias\/category\/actualidad\/"},{"label":"Penas de c\u00e1rcel para los saud\u00edes que practiquen el terrorismo fuera de su pa\u00eds","link":"https:\/\/www.eldigitaldeasturias.com\/noticias\/penas-de-carcel-para-los-saudies-que-practiquen-el-terrorismo-fuera-de-su-pais\/"}],"_links":{"self":[{"href":"https:\/\/www.eldigitaldeasturias.com\/noticias\/wp-json\/wp\/v2\/posts\/483026","targetHints":{"allow":["GET"]}}],"collection":[{"href":"https:\/\/www.eldigitaldeasturias.com\/noticias\/wp-json\/wp\/v2\/posts"}],"about":[{"href":"https:\/\/www.eldigitaldeasturias.com\/noticias\/wp-json\/wp\/v2\/types\/post"}],"author":[{"embeddable":true,"href":"https:\/\/www.eldigitaldeasturias.com\/noticias\/wp-json\/wp\/v2\/users\/1"}],"replies":[{"embeddable":true,"href":"https:\/\/www.eldigitaldeasturias.com\/noticias\/wp-json\/wp\/v2\/comments?post=483026"}],"version-history":[{"count":0,"href":"https:\/\/www.eldigitaldeasturias.com\/noticias\/wp-json\/wp\/v2\/posts\/483026\/revisions"}],"wp:attachment":[{"href":"https:\/\/www.eldigitaldeasturias.com\/noticias\/wp-json\/wp\/v2\/media?parent=483026"}],"wp:term":[{"taxonomy":"category","embeddable":true,"href":"https:\/\/www.eldigitaldeasturias.com\/noticias\/wp-json\/wp\/v2\/categories?post=483026"},{"taxonomy":"post_tag","embeddable":true,"href":"https:\/\/www.eldigitaldeasturias.com\/noticias\/wp-json\/wp\/v2\/tags?post=483026"}],"curies":[{"name":"wp","href":"https:\/\/api.w.org\/{rel}","templated":true}]}}