{"id":483020,"date":"2014-02-03T23:06:18","date_gmt":"2014-02-04T00:06:18","guid":{"rendered":"http:\/\/www.eldigitaldeasturias.com\/noticias\/?p=483020"},"modified":"2014-02-03T23:06:18","modified_gmt":"2014-02-04T00:06:18","slug":"pique-admite-que-tuvo-sus-mas-y-sus-menos-con-pep-guardiola","status":"publish","type":"post","link":"https:\/\/www.eldigitaldeasturias.com\/noticias\/pique-admite-que-tuvo-sus-mas-y-sus-menos-con-pep-guardiola\/","title":{"rendered":"Piqu\u00e9 admite que tuvo \u00absus m\u00e1s y sus menos\u00bb con Pep Guardiola"},"content":{"rendered":"<p><img loading=\"lazy\" decoding=\"async\" class=\"alignleft size-medium wp-image-483021\" alt=\"5905261w\" src=\"https:\/\/www.eldigitaldeasturias.com\/noticias\/wp-content\/uploads\/2014\/02\/5905261w-360x244.jpg\" width=\"360\" height=\"244\" \/>Barcelona, 3 feb (EFE).- El central del Barcelona Gerard Piqu\u00e9 ha asegurado que Pep Guardiola es, \u00absin duda, el n\u00famero uno como entrenador\u00bb y que mantuvo con \u00e9l \u00abuna relaci\u00f3n muy intensa\u00bb en la que al final hubo \u00absus m\u00e1s y sus menos\u00bb.<\/p>\n<p>En una entrevista que publica hoy la revista &#8216;Jotdown.es&#8217;, Piqu\u00e9 ha comentado que tambi\u00e9n le ha llegado esa &#8216;leyenda urbana&#8217; de que Guardiola se fue del Bar\u00e7a porque pidi\u00f3 que lo despidieran a \u00e9l, aunque ha dicho que esta cuesti\u00f3n habr\u00eda que pregunt\u00e1rsela al actual t\u00e9cnico del Bayern M\u00fanich.<\/p>\n<p>\u00abNunca se me dijo. No s\u00e9 si es cierto o no\u00bb, ha respondido Gerard Piqu\u00e9 a la pregunta de si le da verosimilitud a este asunto comentado en los mentideros del club azulgrana.<\/p>\n<p>En todo caso, Piqu\u00e9 ha dicho que Guardiola le ense\u00f1\u00f3 a entender m\u00e1s el f\u00fatbol. \u00abLos entrenadores te indican si tienes que hacer una cosa u la otra (..), Pep te explicaba por qu\u00e9 lo ten\u00edas que hacer, el motivo. Pep me ayud\u00f3 a entender m\u00e1s este deporte. Es algo que no puedo olvidar. Es el mejor\u00bb, ha recordado.<\/p>\n<p>Ha asegurado que con Pep tuvo una relaci\u00f3n \u00abcomo es \u00e9l, muy intensa\u00bb, y ha se\u00f1alado que al final tuvo sus \u00abm\u00e1s y sus menos\u00bb con el exentrenador azulgrana, aunque no ha querido dar m\u00e1s detalles al respecto.<\/p>\n<p>\u00abMe quedo con las cosas buenas, que son muchas. A todos nos dej\u00f3 un legado, una manera de entender el f\u00fatbol que a\u00fan mantenemos y que le ha hecho mucho bien al club, al Bar\u00e7a\u00bb, ha comentado.<\/p>\n<p>Ha destacado, asimismo, que al equipo le afect\u00f3 \u00abmucho\u00bb la reca\u00edda del c\u00e1ncer de Tito Vilanova. \u00abNo hablas de nada deportivo, sino de una enfermedad\u00bb, ha recordado el central, quien cree que cualquier otro vestuario \u00abno lo habr\u00eda soportado\u00bb.<\/p>\n<p>\u00abTuvimos la suerte de tener un vestuario muy maduro. Lo aguantamos como pudimos e intentamos llevarlo de la manera m\u00e1s natural posible\u00bb, ha se\u00f1alado Piqu\u00e9.<\/p>\n<p>Tito sustituy\u00f3 a Pep y Gerardo &#8216;Tata&#8217; Martino a Tito. \u00abLo considero una persona muy inteligente, que vive el f\u00fatbol y que se nota que ha estado en vestuarios ya no solamente como entrenador, sino como jugador. No se alarma a la m\u00ednima. No s\u00e9, es un entrenador que tiene criterio, sensato, que puede\u00bb, ha afirmado sobre el argentino.<\/p>\n<p>Piqu\u00e9 no cree que el Bar\u00e7a haya perdido brillantez. Considera que es un equipo que estaba \u00abmuy trabajado\u00bb en la \u00e9poca de Guardiola y luego pas\u00f3 por un momento en el que \u00abliteralmente\u00bb no tuvo entrenador por la enfermedad de Tito.<\/p>\n<p>\u00abUna m\u00e1quina que cada d\u00eda no trabaja todos los mecanismos, todos los matices, que no se engrasa, se va echando polvo encima. El Tata en este sentido es el que est\u00e1 desempolvando. As\u00ed lo siento\u00bb, ha comentado.<\/p>\n<p>Piqu\u00e9 ha insistido en que en un futuro le gustar\u00eda ser presidente del Bar\u00e7a. \u00abTengo s\u00f3lo 26 a\u00f1os, me quedan al menos diez de f\u00fatbol (..) Cuando ten\u00eda diez a\u00f1os quer\u00eda ser jugador de f\u00fatbol y lo he conseguido, as\u00ed que ya veremos\u00bb, ha declarado Piqu\u00e9, y ha admitido que \u00abpor ahora\u00bb siempre consigue lo que se propone.<\/p>\n<p>El central del Bar\u00e7a es adem\u00e1s un apasionado del p\u00f3quer, porque lo considera una mezcla de \u00abmatem\u00e1ticas y competitividad\u00bb, un fan\u00e1tico de las series de televisi\u00f3n -\u00abme he quedado a medias con la tercera de &#8216;Homeland&#8217;- y del cine -\u00abestoy deseando ir a ver &#8216;el Lobo de Wall Street&#8217;- y un emprendedor propietario de una empresa de v\u00eddeo-juegos.<\/p>\n<p>A lo que Piqu\u00e9 no se atreve es a opinar sobre pol\u00edtica. \u00abEs imposible opinar sobre pol\u00edtica, nos utilizan. No tiene ning\u00fan sentido que lo intente. Claro que la tengo. Para un lado y para otro te van a usar como cabeza de turco\u00bb, ha comentado.<\/p>\n<p>Ha subrayado que se limita a hacer su trabajo, que para eso le pagan. \u00abEs evidente que cada uno tiene su opini\u00f3n y no puedes renunciar ni a lo que eres ni a lo que sientes, pero estamos en un mundo en el que la opini\u00f3n no es aceptada\u00bb, ha dicho.<\/p>\n<p>Pique ha destacado que en pol\u00edtica mayoritariamente existen los extremos. \u00abLos hay moderados, pero son los menos. La mayor\u00eda es &#8216;o piensas como yo o te crujo'\u00bb, ha insistido.<\/p>\n<p>\u00abEl deporte no se deber\u00eda mezclar con la pol\u00edtica. Cuando sucede eso es porque lo quieren mezclar ellos (los pol\u00edticos)\u00bb, ha enfatizado.<\/p>\n<p>\u00abEl deporte deber\u00eda estar limpio. \u00bfEn qu\u00e9 tiene que relacionarse? En el tema Espa\u00f1a-Catalu\u00f1a estamos en un punto en el que o lo solucionamos ya o no hay marcha atr\u00e1s. Veo a la gente quemada en un lado como en el otro y hay poca confianza en los pol\u00edticos. No creo que vaya a ser f\u00e1cil, pero espero que se solucione\u00bb, ha concluido.<\/p>\n","protected":false},"excerpt":{"rendered":"<p>Barcelona, 3 feb (EFE).- El central del Barcelona Gerard Piqu\u00e9 ha asegurado que Pep Guardiola es, \u00absin duda, el n\u00famero uno como entrenador\u00bb y que mantuvo con \u00e9l \u00abuna relaci\u00f3n muy intensa\u00bb en la que al final hubo \u00absus m\u00e1s y sus menos\u00bb. En una entrevista que publica hoy la revista &#8216;Jotdown.es&#8217;, Piqu\u00e9 ha comentado [&hellip;]<\/p>\n","protected":false},"author":1,"featured_media":483021,"comment_status":"closed","ping_status":"open","sticky":false,"template":"","format":"standard","meta":{"footnotes":""},"categories":[1],"tags":[],"class_list":["post-483020","post","type-post","status-publish","format-standard","has-post-thumbnail","hentry","category-actualidad"],"aioseo_notices":[],"aioseo_head":"\n\t\t<!-- All in One SEO Pro 5.0.1 - aioseo.com -->\n\t<meta name=\"description\" content=\"Barcelona, 3 feb (EFE).- El central del Barcelona Gerard Piqu\u00e9 ha asegurado que Pep Guardiola es, &quot;sin duda, el n\u00famero uno como entrenador&quot; y que mantuvo con \u00e9l &quot;una relaci\u00f3n muy intensa&quot; en la que al final hubo &quot;sus m\u00e1s y sus menos&quot;. En una entrevista que publica hoy la revista &#039;Jotdown.es&#039;, Piqu\u00e9 ha comentado\" \/>\n\t<meta name=\"robots\" content=\"max-image-preview:large\" \/>\n\t<meta name=\"author\" content=\"El Digital de Asturias\"\/>\n\t<meta name=\"google-site-verification\" content=\"UA-38556648-1\" \/>\n\t<meta name=\"msvalidate.01\" content=\"7dfe9f3f1b24437ab69f4f2559babe99\" \/>\n\t<meta name=\"keywords\" content=\"actualidad\" \/>\n\t<link rel=\"canonical\" href=\"https:\/\/www.eldigitaldeasturias.com\/noticias\/pique-admite-que-tuvo-sus-mas-y-sus-menos-con-pep-guardiola\/\" \/>\n\t<meta name=\"generator\" content=\"All in One SEO Pro (AIOSEO) 5.0.1\" \/>\n\t\t<meta property=\"og:locale\" content=\"es_ES\" \/>\n\t\t<meta property=\"og:site_name\" content=\"El Digital de Asturias\" \/>\n\t\t<meta property=\"og:type\" content=\"article\" \/>\n\t\t<meta property=\"og:title\" content=\"Piqu\u00e9 admite que tuvo \u00absus m\u00e1s y sus menos\u00bb con Pep Guardiola - El Digital de Asturias\" \/>\n\t\t<meta property=\"og:description\" content=\"Barcelona, 3 feb (EFE).- El central del Barcelona Gerard Piqu\u00e9 ha asegurado que Pep Guardiola es, &quot;sin duda, el n\u00famero uno como entrenador&quot; y que mantuvo con \u00e9l &quot;una relaci\u00f3n muy intensa&quot; en la que al final hubo &quot;sus m\u00e1s y sus menos&quot;. En una entrevista que publica hoy la revista &#039;Jotdown.es&#039;, Piqu\u00e9 ha comentado\" \/>\n\t\t<meta property=\"og:url\" content=\"https:\/\/www.eldigitaldeasturias.com\/noticias\/pique-admite-que-tuvo-sus-mas-y-sus-menos-con-pep-guardiola\/\" \/>\n\t\t<meta property=\"article:tag\" content=\"actualidad\" \/>\n\t\t<meta property=\"article:published_time\" content=\"2014-02-04T00:06:18+00:00\" \/>\n\t\t<meta property=\"article:modified_time\" content=\"2014-02-04T00:06:18+00:00\" \/>\n\t\t<meta property=\"article:publisher\" content=\"https:\/\/facebook.com\/eldigitaldeasturias\" \/>\n\t\t<meta name=\"twitter:card\" content=\"summary_large_image\" \/>\n\t\t<meta name=\"twitter:title\" content=\"Piqu\u00e9 admite que tuvo \u00absus m\u00e1s y sus menos\u00bb con Pep Guardiola - El Digital de Asturias\" \/>\n\t\t<meta name=\"twitter:description\" content=\"Barcelona, 3 feb (EFE).- El central del Barcelona Gerard Piqu\u00e9 ha asegurado que Pep Guardiola es, &quot;sin duda, el n\u00famero uno como entrenador&quot; y que mantuvo con \u00e9l &quot;una relaci\u00f3n muy intensa&quot; en la que al final hubo &quot;sus m\u00e1s y sus menos&quot;. En una entrevista que publica hoy la revista &#039;Jotdown.es&#039;, Piqu\u00e9 ha comentado\" \/>\n\t\t<meta name=\"twitter:label1\" content=\"Escrito por\" \/>\n\t\t<meta name=\"twitter:data1\" content=\"El Digital de Asturias\" \/>\n\t\t<meta name=\"twitter:label2\" content=\"Tiempo de lectura estimado\" \/>\n\t\t<meta name=\"twitter:data2\" content=\"4 minutos\" \/>\n\t\t<script type=\"application\/ld+json\" class=\"aioseo-schema\">\n\t\t\t{\"@context\":\"https:\\\/\\\/schema.org\",\"@graph\":[{\"@type\":\"BlogPosting\",\"@id\":\"https:\\\/\\\/www.eldigitaldeasturias.com\\\/noticias\\\/pique-admite-que-tuvo-sus-mas-y-sus-menos-con-pep-guardiola\\\/#blogposting\",\"name\":\"Piqu\\u00e9 admite que tuvo \\u00absus m\\u00e1s y sus menos\\u00bb con Pep Guardiola - El Digital de Asturias\",\"headline\":\"Piqu\\u00e9 admite que tuvo \\u00absus m\\u00e1s y sus menos\\u00bb con Pep Guardiola\",\"author\":{\"@id\":\"https:\\\/\\\/www.eldigitaldeasturias.com\\\/noticias\\\/author\\\/admin\\\/#author\"},\"publisher\":{\"@id\":\"https:\\\/\\\/www.eldigitaldeasturias.com\\\/noticias\\\/#organization\"},\"image\":{\"@type\":\"ImageObject\",\"url\":483021},\"datePublished\":\"2014-02-03T23:06:18+01:00\",\"dateModified\":\"2014-02-03T23:06:18+01:00\",\"inLanguage\":\"es-ES\",\"mainEntityOfPage\":{\"@id\":\"https:\\\/\\\/www.eldigitaldeasturias.com\\\/noticias\\\/pique-admite-que-tuvo-sus-mas-y-sus-menos-con-pep-guardiola\\\/#webpage\"},\"isPartOf\":{\"@id\":\"https:\\\/\\\/www.eldigitaldeasturias.com\\\/noticias\\\/pique-admite-que-tuvo-sus-mas-y-sus-menos-con-pep-guardiola\\\/#webpage\"},\"articleSection\":\"Actualidad\"},{\"@type\":\"BreadcrumbList\",\"@id\":\"https:\\\/\\\/www.eldigitaldeasturias.com\\\/noticias\\\/pique-admite-que-tuvo-sus-mas-y-sus-menos-con-pep-guardiola\\\/#breadcrumblist\",\"itemListElement\":[{\"@type\":\"ListItem\",\"@id\":\"https:\\\/\\\/www.eldigitaldeasturias.com\\\/noticias#listItem\",\"position\":1,\"name\":\"Home\",\"item\":\"https:\\\/\\\/www.eldigitaldeasturias.com\\\/noticias\",\"nextItem\":{\"@type\":\"ListItem\",\"@id\":\"https:\\\/\\\/www.eldigitaldeasturias.com\\\/noticias\\\/category\\\/actualidad\\\/#listItem\",\"name\":\"Actualidad\"}},{\"@type\":\"ListItem\",\"@id\":\"https:\\\/\\\/www.eldigitaldeasturias.com\\\/noticias\\\/category\\\/actualidad\\\/#listItem\",\"position\":2,\"name\":\"Actualidad\",\"item\":\"https:\\\/\\\/www.eldigitaldeasturias.com\\\/noticias\\\/category\\\/actualidad\\\/\",\"nextItem\":{\"@type\":\"ListItem\",\"@id\":\"https:\\\/\\\/www.eldigitaldeasturias.com\\\/noticias\\\/pique-admite-que-tuvo-sus-mas-y-sus-menos-con-pep-guardiola\\\/#listItem\",\"name\":\"Piqu\\u00e9 admite que tuvo \\u00absus m\\u00e1s y sus menos\\u00bb con Pep Guardiola\"},\"previousItem\":{\"@type\":\"ListItem\",\"@id\":\"https:\\\/\\\/www.eldigitaldeasturias.com\\\/noticias#listItem\",\"name\":\"Home\"}},{\"@type\":\"ListItem\",\"@id\":\"https:\\\/\\\/www.eldigitaldeasturias.com\\\/noticias\\\/pique-admite-que-tuvo-sus-mas-y-sus-menos-con-pep-guardiola\\\/#listItem\",\"position\":3,\"name\":\"Piqu\\u00e9 admite que tuvo \\u00absus m\\u00e1s y sus menos\\u00bb con Pep Guardiola\",\"previousItem\":{\"@type\":\"ListItem\",\"@id\":\"https:\\\/\\\/www.eldigitaldeasturias.com\\\/noticias\\\/category\\\/actualidad\\\/#listItem\",\"name\":\"Actualidad\"}}]},{\"@type\":\"Organization\",\"@id\":\"https:\\\/\\\/www.eldigitaldeasturias.com\\\/noticias\\\/#organization\",\"name\":\"El Digital de Asturias\",\"description\":\"Hemeroteca\",\"url\":\"https:\\\/\\\/www.eldigitaldeasturias.com\\\/noticias\\\/\",\"email\":\"info@eldigitaldeasturias.com\",\"telephone\":\"+34652131393\",\"logo\":{\"@type\":\"ImageObject\",\"url\":\"https:\\\/\\\/www.eldigitaldeasturias.com\\\/noticias\\\/wp-content\\\/uploads\\\/2020\\\/12\\\/EDA.jpg\",\"@id\":\"https:\\\/\\\/www.eldigitaldeasturias.com\\\/noticias\\\/pique-admite-que-tuvo-sus-mas-y-sus-menos-con-pep-guardiola\\\/#organizationLogo\"},\"image\":{\"@id\":\"https:\\\/\\\/www.eldigitaldeasturias.com\\\/noticias\\\/pique-admite-que-tuvo-sus-mas-y-sus-menos-con-pep-guardiola\\\/#organizationLogo\"},\"sameAs\":[\"https:\\\/\\\/facebook.com\\\/eldigitaldeasturias\",\"https:\\\/\\\/www.youtube.com\\\/channel\\\/UCZP-2wLEB9Rv6erhFmqVnvg\"],\"address\":{\"@id\":\"https:\\\/\\\/www.eldigitaldeasturias.com\\\/noticias\\\/#postaladdress\",\"@type\":\"PostalAddress\",\"streetAddress\":\"san antonio 4\",\"postalCode\":\"33430\",\"addressLocality\":\"Cand\\u00e1s\",\"addressRegion\":\"Asturias\",\"addressCountry\":\"ES\"}},{\"@type\":\"Person\",\"@id\":\"https:\\\/\\\/www.eldigitaldeasturias.com\\\/noticias\\\/author\\\/admin\\\/#author\",\"url\":\"https:\\\/\\\/www.eldigitaldeasturias.com\\\/noticias\\\/author\\\/admin\\\/\",\"name\":\"El Digital de Asturias\",\"image\":{\"@type\":\"ImageObject\",\"@id\":\"https:\\\/\\\/www.eldigitaldeasturias.com\\\/noticias\\\/pique-admite-que-tuvo-sus-mas-y-sus-menos-con-pep-guardiola\\\/#authorImage\",\"url\":\"https:\\\/\\\/secure.gravatar.com\\\/avatar\\\/df2aeffc32bcd13f8d26072ef8a91b623d677766deac7f97ca815868cd41bf5e?s=96&d=mm&r=g\",\"width\":96,\"height\":96,\"caption\":\"El Digital de Asturias\"}},{\"@type\":\"WebPage\",\"@id\":\"https:\\\/\\\/www.eldigitaldeasturias.com\\\/noticias\\\/pique-admite-que-tuvo-sus-mas-y-sus-menos-con-pep-guardiola\\\/#webpage\",\"url\":\"https:\\\/\\\/www.eldigitaldeasturias.com\\\/noticias\\\/pique-admite-que-tuvo-sus-mas-y-sus-menos-con-pep-guardiola\\\/\",\"name\":\"Piqu\\u00e9 admite que tuvo \\u00absus m\\u00e1s y sus menos\\u00bb con Pep Guardiola - El Digital de Asturias\",\"description\":\"Barcelona, 3 feb (EFE).- El central del Barcelona Gerard Piqu\\u00e9 ha asegurado que Pep Guardiola es, \\\"sin duda, el n\\u00famero uno como entrenador\\\" y que mantuvo con \\u00e9l \\\"una relaci\\u00f3n muy intensa\\\" en la que al final hubo \\\"sus m\\u00e1s y sus menos\\\". En una entrevista que publica hoy la revista 'Jotdown.es', Piqu\\u00e9 ha comentado\",\"inLanguage\":\"es-ES\",\"isPartOf\":{\"@id\":\"https:\\\/\\\/www.eldigitaldeasturias.com\\\/noticias\\\/#website\"},\"breadcrumb\":{\"@id\":\"https:\\\/\\\/www.eldigitaldeasturias.com\\\/noticias\\\/pique-admite-que-tuvo-sus-mas-y-sus-menos-con-pep-guardiola\\\/#breadcrumblist\"},\"author\":{\"@id\":\"https:\\\/\\\/www.eldigitaldeasturias.com\\\/noticias\\\/author\\\/admin\\\/#author\"},\"creator\":{\"@id\":\"https:\\\/\\\/www.eldigitaldeasturias.com\\\/noticias\\\/author\\\/admin\\\/#author\"},\"image\":{\"@type\":\"ImageObject\",\"url\":483021,\"@id\":\"https:\\\/\\\/www.eldigitaldeasturias.com\\\/noticias\\\/pique-admite-que-tuvo-sus-mas-y-sus-menos-con-pep-guardiola\\\/#mainImage\"},\"primaryImageOfPage\":{\"@id\":\"https:\\\/\\\/www.eldigitaldeasturias.com\\\/noticias\\\/pique-admite-que-tuvo-sus-mas-y-sus-menos-con-pep-guardiola\\\/#mainImage\"},\"datePublished\":\"2014-02-03T23:06:18+01:00\",\"dateModified\":\"2014-02-03T23:06:18+01:00\"},{\"@type\":\"WebSite\",\"@id\":\"https:\\\/\\\/www.eldigitaldeasturias.com\\\/noticias\\\/#website\",\"url\":\"https:\\\/\\\/www.eldigitaldeasturias.com\\\/noticias\\\/\",\"name\":\"El Digital de Asturias - Diario de actualidad y noticias\",\"alternateName\":\"El Digital de Asturias - Diario de actualidad y noticias\",\"description\":\"Hemeroteca\",\"inLanguage\":\"es-ES\",\"publisher\":{\"@id\":\"https:\\\/\\\/www.eldigitaldeasturias.com\\\/noticias\\\/#organization\"}}]}\n\t\t<\/script>\n\t\t<!-- All in One SEO Pro -->\r\n\t\t<title>Piqu\u00e9 admite que tuvo \u00absus m\u00e1s y sus menos\u00bb con Pep Guardiola - El Digital de Asturias<\/title>\n\n","aioseo_head_json":{"title":"Piqu\u00e9 admite que tuvo \u00absus m\u00e1s y sus menos\u00bb con Pep Guardiola - El Digital de Asturias","description":"Barcelona, 3 feb (EFE).- El central del Barcelona Gerard Piqu\u00e9 ha asegurado que Pep Guardiola es, \"sin duda, el n\u00famero uno como entrenador\" y que mantuvo con \u00e9l \"una relaci\u00f3n muy intensa\" en la que al final hubo \"sus m\u00e1s y sus menos\". En una entrevista que publica hoy la revista 'Jotdown.es', Piqu\u00e9 ha comentado","canonical_url":"https:\/\/www.eldigitaldeasturias.com\/noticias\/pique-admite-que-tuvo-sus-mas-y-sus-menos-con-pep-guardiola\/","robots":"max-image-preview:large","keywords":"actualidad","webmasterTools":{"google-site-verification":"UA-38556648-1","msvalidate.01":"7dfe9f3f1b24437ab69f4f2559babe99","miscellaneous":""},"schema":{"@context":"https:\/\/schema.org","@graph":[{"@type":"BlogPosting","@id":"https:\/\/www.eldigitaldeasturias.com\/noticias\/pique-admite-que-tuvo-sus-mas-y-sus-menos-con-pep-guardiola\/#blogposting","name":"Piqu\u00e9 admite que tuvo \u00absus m\u00e1s y sus menos\u00bb con Pep Guardiola - El Digital de Asturias","headline":"Piqu\u00e9 admite que tuvo \u00absus m\u00e1s y sus menos\u00bb con Pep Guardiola","author":{"@id":"https:\/\/www.eldigitaldeasturias.com\/noticias\/author\/admin\/#author"},"publisher":{"@id":"https:\/\/www.eldigitaldeasturias.com\/noticias\/#organization"},"image":{"@type":"ImageObject","url":483021},"datePublished":"2014-02-03T23:06:18+01:00","dateModified":"2014-02-03T23:06:18+01:00","inLanguage":"es-ES","mainEntityOfPage":{"@id":"https:\/\/www.eldigitaldeasturias.com\/noticias\/pique-admite-que-tuvo-sus-mas-y-sus-menos-con-pep-guardiola\/#webpage"},"isPartOf":{"@id":"https:\/\/www.eldigitaldeasturias.com\/noticias\/pique-admite-que-tuvo-sus-mas-y-sus-menos-con-pep-guardiola\/#webpage"},"articleSection":"Actualidad"},{"@type":"BreadcrumbList","@id":"https:\/\/www.eldigitaldeasturias.com\/noticias\/pique-admite-que-tuvo-sus-mas-y-sus-menos-con-pep-guardiola\/#breadcrumblist","itemListElement":[{"@type":"ListItem","@id":"https:\/\/www.eldigitaldeasturias.com\/noticias#listItem","position":1,"name":"Home","item":"https:\/\/www.eldigitaldeasturias.com\/noticias","nextItem":{"@type":"ListItem","@id":"https:\/\/www.eldigitaldeasturias.com\/noticias\/category\/actualidad\/#listItem","name":"Actualidad"}},{"@type":"ListItem","@id":"https:\/\/www.eldigitaldeasturias.com\/noticias\/category\/actualidad\/#listItem","position":2,"name":"Actualidad","item":"https:\/\/www.eldigitaldeasturias.com\/noticias\/category\/actualidad\/","nextItem":{"@type":"ListItem","@id":"https:\/\/www.eldigitaldeasturias.com\/noticias\/pique-admite-que-tuvo-sus-mas-y-sus-menos-con-pep-guardiola\/#listItem","name":"Piqu\u00e9 admite que tuvo \u00absus m\u00e1s y sus menos\u00bb con Pep Guardiola"},"previousItem":{"@type":"ListItem","@id":"https:\/\/www.eldigitaldeasturias.com\/noticias#listItem","name":"Home"}},{"@type":"ListItem","@id":"https:\/\/www.eldigitaldeasturias.com\/noticias\/pique-admite-que-tuvo-sus-mas-y-sus-menos-con-pep-guardiola\/#listItem","position":3,"name":"Piqu\u00e9 admite que tuvo \u00absus m\u00e1s y sus menos\u00bb con Pep Guardiola","previousItem":{"@type":"ListItem","@id":"https:\/\/www.eldigitaldeasturias.com\/noticias\/category\/actualidad\/#listItem","name":"Actualidad"}}]},{"@type":"Organization","@id":"https:\/\/www.eldigitaldeasturias.com\/noticias\/#organization","name":"El Digital de Asturias","description":"Hemeroteca","url":"https:\/\/www.eldigitaldeasturias.com\/noticias\/","email":"info@eldigitaldeasturias.com","telephone":"+34652131393","logo":{"@type":"ImageObject","url":"https:\/\/www.eldigitaldeasturias.com\/noticias\/wp-content\/uploads\/2020\/12\/EDA.jpg","@id":"https:\/\/www.eldigitaldeasturias.com\/noticias\/pique-admite-que-tuvo-sus-mas-y-sus-menos-con-pep-guardiola\/#organizationLogo"},"image":{"@id":"https:\/\/www.eldigitaldeasturias.com\/noticias\/pique-admite-que-tuvo-sus-mas-y-sus-menos-con-pep-guardiola\/#organizationLogo"},"sameAs":["https:\/\/facebook.com\/eldigitaldeasturias","https:\/\/www.youtube.com\/channel\/UCZP-2wLEB9Rv6erhFmqVnvg"],"address":{"@id":"https:\/\/www.eldigitaldeasturias.com\/noticias\/#postaladdress","@type":"PostalAddress","streetAddress":"san antonio 4","postalCode":"33430","addressLocality":"Cand\u00e1s","addressRegion":"Asturias","addressCountry":"ES"}},{"@type":"Person","@id":"https:\/\/www.eldigitaldeasturias.com\/noticias\/author\/admin\/#author","url":"https:\/\/www.eldigitaldeasturias.com\/noticias\/author\/admin\/","name":"El Digital de Asturias","image":{"@type":"ImageObject","@id":"https:\/\/www.eldigitaldeasturias.com\/noticias\/pique-admite-que-tuvo-sus-mas-y-sus-menos-con-pep-guardiola\/#authorImage","url":"https:\/\/secure.gravatar.com\/avatar\/df2aeffc32bcd13f8d26072ef8a91b623d677766deac7f97ca815868cd41bf5e?s=96&d=mm&r=g","width":96,"height":96,"caption":"El Digital de Asturias"}},{"@type":"WebPage","@id":"https:\/\/www.eldigitaldeasturias.com\/noticias\/pique-admite-que-tuvo-sus-mas-y-sus-menos-con-pep-guardiola\/#webpage","url":"https:\/\/www.eldigitaldeasturias.com\/noticias\/pique-admite-que-tuvo-sus-mas-y-sus-menos-con-pep-guardiola\/","name":"Piqu\u00e9 admite que tuvo \u00absus m\u00e1s y sus menos\u00bb con Pep Guardiola - El Digital de Asturias","description":"Barcelona, 3 feb (EFE).- El central del Barcelona Gerard Piqu\u00e9 ha asegurado que Pep Guardiola es, \"sin duda, el n\u00famero uno como entrenador\" y que mantuvo con \u00e9l \"una relaci\u00f3n muy intensa\" en la que al final hubo \"sus m\u00e1s y sus menos\". En una entrevista que publica hoy la revista 'Jotdown.es', Piqu\u00e9 ha comentado","inLanguage":"es-ES","isPartOf":{"@id":"https:\/\/www.eldigitaldeasturias.com\/noticias\/#website"},"breadcrumb":{"@id":"https:\/\/www.eldigitaldeasturias.com\/noticias\/pique-admite-que-tuvo-sus-mas-y-sus-menos-con-pep-guardiola\/#breadcrumblist"},"author":{"@id":"https:\/\/www.eldigitaldeasturias.com\/noticias\/author\/admin\/#author"},"creator":{"@id":"https:\/\/www.eldigitaldeasturias.com\/noticias\/author\/admin\/#author"},"image":{"@type":"ImageObject","url":483021,"@id":"https:\/\/www.eldigitaldeasturias.com\/noticias\/pique-admite-que-tuvo-sus-mas-y-sus-menos-con-pep-guardiola\/#mainImage"},"primaryImageOfPage":{"@id":"https:\/\/www.eldigitaldeasturias.com\/noticias\/pique-admite-que-tuvo-sus-mas-y-sus-menos-con-pep-guardiola\/#mainImage"},"datePublished":"2014-02-03T23:06:18+01:00","dateModified":"2014-02-03T23:06:18+01:00"},{"@type":"WebSite","@id":"https:\/\/www.eldigitaldeasturias.com\/noticias\/#website","url":"https:\/\/www.eldigitaldeasturias.com\/noticias\/","name":"El Digital de Asturias - Diario de actualidad y noticias","alternateName":"El Digital de Asturias - Diario de actualidad y noticias","description":"Hemeroteca","inLanguage":"es-ES","publisher":{"@id":"https:\/\/www.eldigitaldeasturias.com\/noticias\/#organization"}}]},"og:locale":"es_ES","og:site_name":"El Digital de Asturias","og:type":"article","og:title":"Piqu\u00e9 admite que tuvo \u00absus m\u00e1s y sus menos\u00bb con Pep Guardiola - El Digital de Asturias","og:description":"Barcelona, 3 feb (EFE).- El central del Barcelona Gerard Piqu\u00e9 ha asegurado que Pep Guardiola es, &quot;sin duda, el n\u00famero uno como entrenador&quot; y que mantuvo con \u00e9l &quot;una relaci\u00f3n muy intensa&quot; en la que al final hubo &quot;sus m\u00e1s y sus menos&quot;. En una entrevista que publica hoy la revista 'Jotdown.es', Piqu\u00e9 ha comentado","og:url":"https:\/\/www.eldigitaldeasturias.com\/noticias\/pique-admite-que-tuvo-sus-mas-y-sus-menos-con-pep-guardiola\/","article:tag":["actualidad"],"article:published_time":"2014-02-04T00:06:18+00:00","article:modified_time":"2014-02-04T00:06:18+00:00","article:publisher":"https:\/\/facebook.com\/eldigitaldeasturias","twitter:card":"summary_large_image","twitter:title":"Piqu\u00e9 admite que tuvo \u00absus m\u00e1s y sus menos\u00bb con Pep Guardiola - El Digital de Asturias","twitter:description":"Barcelona, 3 feb (EFE).- El central del Barcelona Gerard Piqu\u00e9 ha asegurado que Pep Guardiola es, &quot;sin duda, el n\u00famero uno como entrenador&quot; y que mantuvo con \u00e9l &quot;una relaci\u00f3n muy intensa&quot; en la que al final hubo &quot;sus m\u00e1s y sus menos&quot;. En una entrevista que publica hoy la revista 'Jotdown.es', Piqu\u00e9 ha comentado","twitter:label1":"Escrito por","twitter:data1":"El Digital de Asturias","twitter:label2":"Tiempo de lectura estimado","twitter:data2":"4 minutos"},"aioseo_meta_data":{"post_id":"483020","title":null,"description":null,"keywords":null,"keyphrases":null,"primary_term":null,"canonical_url":null,"og_title":null,"og_description":null,"og_object_type":"default","og_image_type":"default","og_image_url":null,"og_image_width":null,"og_image_height":null,"og_image_custom_url":null,"og_image_custom_fields":null,"og_video":null,"og_custom_url":null,"og_article_section":null,"og_article_tags":null,"twitter_use_og":true,"twitter_card":"default","twitter_image_type":"default","twitter_image_url":null,"twitter_image_custom_url":null,"twitter_image_custom_fields":null,"twitter_title":null,"twitter_description":null,"schema":{"blockGraphs":[],"customGraphs":[],"default":{"data":{"Article":[],"Course":[],"Dataset":[],"FAQPage":[],"Movie":[],"Person":[],"Product":[],"ProductReview":[],"Car":[],"Recipe":[],"Service":[],"SoftwareApplication":[],"WebPage":[]},"graphName":"","isEnabled":true},"graphs":[],"defaultGraph":"","defaultPostTypeGraph":""},"schema_type":null,"schema_type_options":null,"pillar_content":false,"robots_default":true,"robots_noindex":false,"robots_noarchive":false,"robots_nosnippet":false,"robots_nofollow":false,"robots_noimageindex":false,"robots_noodp":false,"robots_notranslate":false,"robots_max_snippet":null,"robots_max_videopreview":null,"robots_max_imagepreview":"none","priority":null,"frequency":null,"local_seo":null,"seo_analyzer_scan_date":"2026-06-02 11:34:58","breadcrumb_settings":null,"limit_modified_date":false,"open_ai":null,"ai":null,"created":"2020-11-14 22:54:42","updated":"2026-06-02 11:34:58","focus_keyword":null,"additional_keywords":null,"truseo_locale":null},"aioseo_breadcrumb":"<div class=\"aioseo-breadcrumbs\"><span class=\"aioseo-breadcrumb\">\n\t<a href=\"https:\/\/www.eldigitaldeasturias.com\/noticias\" title=\"Home\">Home<\/a>\n<\/span><span class=\"aioseo-breadcrumb-separator\">\u2013<\/span><span class=\"aioseo-breadcrumb\">\n\t<a href=\"https:\/\/www.eldigitaldeasturias.com\/noticias\/category\/actualidad\/\" title=\"Actualidad\">Actualidad<\/a>\n<\/span><span class=\"aioseo-breadcrumb-separator\">\u2013<\/span><span class=\"aioseo-breadcrumb\">\n\t<a href=\"https:\/\/www.eldigitaldeasturias.com\/noticias\/pique-admite-que-tuvo-sus-mas-y-sus-menos-con-pep-guardiola\/\" title=\"Piqu\u00e9 admite que tuvo \u00absus m\u00e1s y sus menos\u00bb con Pep Guardiola\">Piqu\u00e9 admite que tuvo \u00absus m\u00e1s y sus menos\u00bb con Pep Guardiola<\/a>\n<\/span><\/div>","aioseo_breadcrumb_json":[{"label":"Home","link":"https:\/\/www.eldigitaldeasturias.com\/noticias"},{"label":"Actualidad","link":"https:\/\/www.eldigitaldeasturias.com\/noticias\/category\/actualidad\/"},{"label":"Piqu\u00e9 admite que tuvo \u00absus m\u00e1s y sus menos\u00bb con Pep Guardiola","link":"https:\/\/www.eldigitaldeasturias.com\/noticias\/pique-admite-que-tuvo-sus-mas-y-sus-menos-con-pep-guardiola\/"}],"_links":{"self":[{"href":"https:\/\/www.eldigitaldeasturias.com\/noticias\/wp-json\/wp\/v2\/posts\/483020","targetHints":{"allow":["GET"]}}],"collection":[{"href":"https:\/\/www.eldigitaldeasturias.com\/noticias\/wp-json\/wp\/v2\/posts"}],"about":[{"href":"https:\/\/www.eldigitaldeasturias.com\/noticias\/wp-json\/wp\/v2\/types\/post"}],"author":[{"embeddable":true,"href":"https:\/\/www.eldigitaldeasturias.com\/noticias\/wp-json\/wp\/v2\/users\/1"}],"replies":[{"embeddable":true,"href":"https:\/\/www.eldigitaldeasturias.com\/noticias\/wp-json\/wp\/v2\/comments?post=483020"}],"version-history":[{"count":0,"href":"https:\/\/www.eldigitaldeasturias.com\/noticias\/wp-json\/wp\/v2\/posts\/483020\/revisions"}],"wp:attachment":[{"href":"https:\/\/www.eldigitaldeasturias.com\/noticias\/wp-json\/wp\/v2\/media?parent=483020"}],"wp:term":[{"taxonomy":"category","embeddable":true,"href":"https:\/\/www.eldigitaldeasturias.com\/noticias\/wp-json\/wp\/v2\/categories?post=483020"},{"taxonomy":"post_tag","embeddable":true,"href":"https:\/\/www.eldigitaldeasturias.com\/noticias\/wp-json\/wp\/v2\/tags?post=483020"}],"curies":[{"name":"wp","href":"https:\/\/api.w.org\/{rel}","templated":true}]}}