{"id":483017,"date":"2014-02-03T23:02:02","date_gmt":"2014-02-04T00:02:02","guid":{"rendered":"http:\/\/www.eldigitaldeasturias.com\/noticias\/?p=483017"},"modified":"2014-02-03T23:02:02","modified_gmt":"2014-02-04T00:02:02","slug":"berlin-se-muestra-abierta-a-dialogar-con-londres-sobre-los-tratados-europeos","status":"publish","type":"post","link":"https:\/\/www.eldigitaldeasturias.com\/noticias\/berlin-se-muestra-abierta-a-dialogar-con-londres-sobre-los-tratados-europeos\/","title":{"rendered":"Berl\u00edn se muestra abierta a \u00abdialogar\u00bb con Londres sobre los tratados europeos"},"content":{"rendered":"<p><img loading=\"lazy\" decoding=\"async\" class=\"alignleft size-medium wp-image-483018\" alt=\"5905238w\" src=\"https:\/\/www.eldigitaldeasturias.com\/noticias\/wp-content\/uploads\/2014\/02\/5905238w-360x186.jpg\" width=\"360\" height=\"186\" \/>Londres, 3 feb (EFE).- El ministro alem\u00e1n de Exteriores, Frank-Walter Steinmeier, afirm\u00f3 hoy tras reunirse en Londres con su hom\u00f3logo brit\u00e1nico, William Hague, que Alemania \u00abno est\u00e1 en contra de dialogar sobre la adaptaci\u00f3n de tratados\u00bb de la Uni\u00f3n Europea (UE).<\/p>\n<p>Pero el jefe de la diplomacia alemana puntualiz\u00f3 que \u00abser\u00eda exagerado decir que el Reino Unido y Alemania est\u00e1n empujando exactamente en la misma direcci\u00f3n. Ese, obviamente, no es el caso\u00bb, se\u00f1al\u00f3 en una rueda de prensa junto a Hague.<\/p>\n<p>\u00abLa integraci\u00f3n que hemos logrado es, desde el punto de vista de Alemania, una ventaja, y no creo que debamos retroceder en ese terreno\u00bb, afirm\u00f3 Steinmeier.<\/p>\n<p>En su primera visita al Reino Unido tras su nombramiento el pasado diciembre, Steinmeier se\u00f1al\u00f3 que su prop\u00f3sito es \u00abconstruir una Europa m\u00e1s eficiente y m\u00e1s funcional\u00bb.<\/p>\n<p>El primer ministro brit\u00e1nico, David Cameron, ha defendido en los \u00faltimos meses la necesidad de \u00abreformular\u00bb la relaci\u00f3n del Reino Unido con la UE y se ha comprometido a convocar un refer\u00e9ndum en 2017 sobre la pertenencia del pa\u00eds a la Uni\u00f3n si es reelegido el pr\u00f3ximo a\u00f1o.<\/p>\n<p>El ministro de Exteriores brit\u00e1nico admiti\u00f3 por su parte que ambos pa\u00edses \u00ababordan algunas cuestiones desde perspectivas distintas\u00bb, si bien subray\u00f3 que \u00abpueden encontrar una gran cantidad de puntos en com\u00fan\u00bb.<\/p>\n<p>\u00abLa importancia de asegurar un control democr\u00e1tico de la UE y de construir una Europa econ\u00f3micamente m\u00e1s flexible, m\u00e1s competitiva en el futuro\u00bb, unen al Reino Unido y Alemania, resalt\u00f3 Hague.<\/p>\n<p>El responsable del Foreign Office afirm\u00f3 que es consciente de que existen \u00abopiniones muy diversas\u00bb en el seno de la Uni\u00f3n sobre la necesidad de reformular los tratados comunes y de que esa \u00abno es la prioridad de todos los gobiernos en Europa\u00bb.<\/p>\n<p>Steinmeier expres\u00f3 tras su reuni\u00f3n con Hague su \u00abpreocupaci\u00f3n\u00bb por el auge de los partidos euroesc\u00e9pticos, un avance que, en su opini\u00f3n, no debe ser ignorado.<\/p>\n<p>\u00abLos euroesc\u00e9pticos est\u00e1n creando partidos y est\u00e1n logrando la atenci\u00f3n p\u00fablica mientras Europa sufre una crisis que no facilita nuestro trabajo en absoluto\u00bb, afirm\u00f3 el ministro alem\u00e1n, que consider\u00f3 que el Reino Unido debe continuar siendo un \u00abjugador importante y fuerte\u00bb en la UE.<\/p>\n<p>Seg\u00fan encuestas divulgadas en 2013, el antieuropeo Partido por la Independencia del Reino Unido (UKIP), que firm\u00f3 un destacado avance en las \u00faltimas elecciones locales en Inglaterra y Gales, se coloc\u00f3 como tercera formaci\u00f3n brit\u00e1nica, empujando a los liberaldem\u00f3cratas al cuarto lugar.<\/p>\n","protected":false},"excerpt":{"rendered":"<p>Londres, 3 feb (EFE).- El ministro alem\u00e1n de Exteriores, Frank-Walter Steinmeier, afirm\u00f3 hoy tras reunirse en Londres con su hom\u00f3logo brit\u00e1nico, William Hague, que Alemania \u00abno est\u00e1 en contra de dialogar sobre la adaptaci\u00f3n de tratados\u00bb de la Uni\u00f3n Europea (UE). Pero el jefe de la diplomacia alemana puntualiz\u00f3 que \u00abser\u00eda exagerado decir que el [&hellip;]<\/p>\n","protected":false},"author":1,"featured_media":483018,"comment_status":"closed","ping_status":"open","sticky":false,"template":"","format":"standard","meta":{"footnotes":""},"categories":[1],"tags":[],"class_list":["post-483017","post","type-post","status-publish","format-standard","has-post-thumbnail","hentry","category-actualidad"],"aioseo_notices":[],"aioseo_head":"\n\t\t<!-- All in One SEO Pro 5.0.1 - aioseo.com -->\n\t<meta name=\"description\" content=\"Londres, 3 feb (EFE).- El ministro alem\u00e1n de Exteriores, Frank-Walter Steinmeier, afirm\u00f3 hoy tras reunirse en Londres con su hom\u00f3logo brit\u00e1nico, William Hague, que Alemania &quot;no est\u00e1 en contra de dialogar sobre la adaptaci\u00f3n de tratados&quot; de la Uni\u00f3n Europea (UE). Pero el jefe de la diplomacia alemana puntualiz\u00f3 que &quot;ser\u00eda exagerado decir que el\" \/>\n\t<meta name=\"robots\" content=\"max-image-preview:large\" \/>\n\t<meta name=\"author\" content=\"El Digital de Asturias\"\/>\n\t<meta name=\"google-site-verification\" content=\"UA-38556648-1\" \/>\n\t<meta name=\"msvalidate.01\" content=\"7dfe9f3f1b24437ab69f4f2559babe99\" \/>\n\t<meta name=\"keywords\" content=\"actualidad\" \/>\n\t<link rel=\"canonical\" href=\"https:\/\/www.eldigitaldeasturias.com\/noticias\/berlin-se-muestra-abierta-a-dialogar-con-londres-sobre-los-tratados-europeos\/\" \/>\n\t<meta name=\"generator\" content=\"All in One SEO Pro (AIOSEO) 5.0.1\" \/>\n\t\t<meta property=\"og:locale\" content=\"es_ES\" \/>\n\t\t<meta property=\"og:site_name\" content=\"El Digital de Asturias\" \/>\n\t\t<meta property=\"og:type\" content=\"article\" \/>\n\t\t<meta property=\"og:title\" content=\"Berl\u00edn se muestra abierta a \u00abdialogar\u00bb con Londres sobre los tratados europeos - El Digital de Asturias\" \/>\n\t\t<meta property=\"og:description\" content=\"Londres, 3 feb (EFE).- El ministro alem\u00e1n de Exteriores, Frank-Walter Steinmeier, afirm\u00f3 hoy tras reunirse en Londres con su hom\u00f3logo brit\u00e1nico, William Hague, que Alemania &quot;no est\u00e1 en contra de dialogar sobre la adaptaci\u00f3n de tratados&quot; de la Uni\u00f3n Europea (UE). Pero el jefe de la diplomacia alemana puntualiz\u00f3 que &quot;ser\u00eda exagerado decir que el\" \/>\n\t\t<meta property=\"og:url\" content=\"https:\/\/www.eldigitaldeasturias.com\/noticias\/berlin-se-muestra-abierta-a-dialogar-con-londres-sobre-los-tratados-europeos\/\" \/>\n\t\t<meta property=\"article:tag\" content=\"actualidad\" \/>\n\t\t<meta property=\"article:published_time\" content=\"2014-02-04T00:02:02+00:00\" \/>\n\t\t<meta property=\"article:modified_time\" content=\"2014-02-04T00:02:02+00:00\" \/>\n\t\t<meta property=\"article:publisher\" content=\"https:\/\/facebook.com\/eldigitaldeasturias\" \/>\n\t\t<meta name=\"twitter:card\" content=\"summary_large_image\" \/>\n\t\t<meta name=\"twitter:title\" content=\"Berl\u00edn se muestra abierta a \u00abdialogar\u00bb con Londres sobre los tratados europeos - El Digital de Asturias\" \/>\n\t\t<meta name=\"twitter:description\" content=\"Londres, 3 feb (EFE).- El ministro alem\u00e1n de Exteriores, Frank-Walter Steinmeier, afirm\u00f3 hoy tras reunirse en Londres con su hom\u00f3logo brit\u00e1nico, William Hague, que Alemania &quot;no est\u00e1 en contra de dialogar sobre la adaptaci\u00f3n de tratados&quot; de la Uni\u00f3n Europea (UE). Pero el jefe de la diplomacia alemana puntualiz\u00f3 que &quot;ser\u00eda exagerado decir que el\" \/>\n\t\t<meta name=\"twitter:label1\" content=\"Escrito por\" \/>\n\t\t<meta name=\"twitter:data1\" content=\"El Digital de Asturias\" \/>\n\t\t<meta name=\"twitter:label2\" content=\"Tiempo de lectura estimado\" \/>\n\t\t<meta name=\"twitter:data2\" content=\"2 minutos\" \/>\n\t\t<script type=\"application\/ld+json\" class=\"aioseo-schema\">\n\t\t\t{\"@context\":\"https:\\\/\\\/schema.org\",\"@graph\":[{\"@type\":\"BlogPosting\",\"@id\":\"https:\\\/\\\/www.eldigitaldeasturias.com\\\/noticias\\\/berlin-se-muestra-abierta-a-dialogar-con-londres-sobre-los-tratados-europeos\\\/#blogposting\",\"name\":\"Berl\\u00edn se muestra abierta a \\u00abdialogar\\u00bb con Londres sobre los tratados europeos - El Digital de Asturias\",\"headline\":\"Berl\\u00edn se muestra abierta a \\u00abdialogar\\u00bb con Londres sobre los tratados europeos\",\"author\":{\"@id\":\"https:\\\/\\\/www.eldigitaldeasturias.com\\\/noticias\\\/author\\\/admin\\\/#author\"},\"publisher\":{\"@id\":\"https:\\\/\\\/www.eldigitaldeasturias.com\\\/noticias\\\/#organization\"},\"image\":{\"@type\":\"ImageObject\",\"url\":483018},\"datePublished\":\"2014-02-03T23:02:02+01:00\",\"dateModified\":\"2014-02-03T23:02:02+01:00\",\"inLanguage\":\"es-ES\",\"mainEntityOfPage\":{\"@id\":\"https:\\\/\\\/www.eldigitaldeasturias.com\\\/noticias\\\/berlin-se-muestra-abierta-a-dialogar-con-londres-sobre-los-tratados-europeos\\\/#webpage\"},\"isPartOf\":{\"@id\":\"https:\\\/\\\/www.eldigitaldeasturias.com\\\/noticias\\\/berlin-se-muestra-abierta-a-dialogar-con-londres-sobre-los-tratados-europeos\\\/#webpage\"},\"articleSection\":\"Actualidad\"},{\"@type\":\"BreadcrumbList\",\"@id\":\"https:\\\/\\\/www.eldigitaldeasturias.com\\\/noticias\\\/berlin-se-muestra-abierta-a-dialogar-con-londres-sobre-los-tratados-europeos\\\/#breadcrumblist\",\"itemListElement\":[{\"@type\":\"ListItem\",\"@id\":\"https:\\\/\\\/www.eldigitaldeasturias.com\\\/noticias#listItem\",\"position\":1,\"name\":\"Home\",\"item\":\"https:\\\/\\\/www.eldigitaldeasturias.com\\\/noticias\",\"nextItem\":{\"@type\":\"ListItem\",\"@id\":\"https:\\\/\\\/www.eldigitaldeasturias.com\\\/noticias\\\/category\\\/actualidad\\\/#listItem\",\"name\":\"Actualidad\"}},{\"@type\":\"ListItem\",\"@id\":\"https:\\\/\\\/www.eldigitaldeasturias.com\\\/noticias\\\/category\\\/actualidad\\\/#listItem\",\"position\":2,\"name\":\"Actualidad\",\"item\":\"https:\\\/\\\/www.eldigitaldeasturias.com\\\/noticias\\\/category\\\/actualidad\\\/\",\"nextItem\":{\"@type\":\"ListItem\",\"@id\":\"https:\\\/\\\/www.eldigitaldeasturias.com\\\/noticias\\\/berlin-se-muestra-abierta-a-dialogar-con-londres-sobre-los-tratados-europeos\\\/#listItem\",\"name\":\"Berl\\u00edn se muestra abierta a \\u00abdialogar\\u00bb con Londres sobre los tratados europeos\"},\"previousItem\":{\"@type\":\"ListItem\",\"@id\":\"https:\\\/\\\/www.eldigitaldeasturias.com\\\/noticias#listItem\",\"name\":\"Home\"}},{\"@type\":\"ListItem\",\"@id\":\"https:\\\/\\\/www.eldigitaldeasturias.com\\\/noticias\\\/berlin-se-muestra-abierta-a-dialogar-con-londres-sobre-los-tratados-europeos\\\/#listItem\",\"position\":3,\"name\":\"Berl\\u00edn se muestra abierta a \\u00abdialogar\\u00bb con Londres sobre los tratados europeos\",\"previousItem\":{\"@type\":\"ListItem\",\"@id\":\"https:\\\/\\\/www.eldigitaldeasturias.com\\\/noticias\\\/category\\\/actualidad\\\/#listItem\",\"name\":\"Actualidad\"}}]},{\"@type\":\"Organization\",\"@id\":\"https:\\\/\\\/www.eldigitaldeasturias.com\\\/noticias\\\/#organization\",\"name\":\"El Digital de Asturias\",\"description\":\"Hemeroteca\",\"url\":\"https:\\\/\\\/www.eldigitaldeasturias.com\\\/noticias\\\/\",\"email\":\"info@eldigitaldeasturias.com\",\"telephone\":\"+34652131393\",\"logo\":{\"@type\":\"ImageObject\",\"url\":\"https:\\\/\\\/www.eldigitaldeasturias.com\\\/noticias\\\/wp-content\\\/uploads\\\/2020\\\/12\\\/EDA.jpg\",\"@id\":\"https:\\\/\\\/www.eldigitaldeasturias.com\\\/noticias\\\/berlin-se-muestra-abierta-a-dialogar-con-londres-sobre-los-tratados-europeos\\\/#organizationLogo\"},\"image\":{\"@id\":\"https:\\\/\\\/www.eldigitaldeasturias.com\\\/noticias\\\/berlin-se-muestra-abierta-a-dialogar-con-londres-sobre-los-tratados-europeos\\\/#organizationLogo\"},\"sameAs\":[\"https:\\\/\\\/facebook.com\\\/eldigitaldeasturias\",\"https:\\\/\\\/www.youtube.com\\\/channel\\\/UCZP-2wLEB9Rv6erhFmqVnvg\"],\"address\":{\"@id\":\"https:\\\/\\\/www.eldigitaldeasturias.com\\\/noticias\\\/#postaladdress\",\"@type\":\"PostalAddress\",\"streetAddress\":\"san antonio 4\",\"postalCode\":\"33430\",\"addressLocality\":\"Cand\\u00e1s\",\"addressRegion\":\"Asturias\",\"addressCountry\":\"ES\"}},{\"@type\":\"Person\",\"@id\":\"https:\\\/\\\/www.eldigitaldeasturias.com\\\/noticias\\\/author\\\/admin\\\/#author\",\"url\":\"https:\\\/\\\/www.eldigitaldeasturias.com\\\/noticias\\\/author\\\/admin\\\/\",\"name\":\"El Digital de Asturias\",\"image\":{\"@type\":\"ImageObject\",\"@id\":\"https:\\\/\\\/www.eldigitaldeasturias.com\\\/noticias\\\/berlin-se-muestra-abierta-a-dialogar-con-londres-sobre-los-tratados-europeos\\\/#authorImage\",\"url\":\"https:\\\/\\\/secure.gravatar.com\\\/avatar\\\/df2aeffc32bcd13f8d26072ef8a91b623d677766deac7f97ca815868cd41bf5e?s=96&d=mm&r=g\",\"width\":96,\"height\":96,\"caption\":\"El Digital de Asturias\"}},{\"@type\":\"WebPage\",\"@id\":\"https:\\\/\\\/www.eldigitaldeasturias.com\\\/noticias\\\/berlin-se-muestra-abierta-a-dialogar-con-londres-sobre-los-tratados-europeos\\\/#webpage\",\"url\":\"https:\\\/\\\/www.eldigitaldeasturias.com\\\/noticias\\\/berlin-se-muestra-abierta-a-dialogar-con-londres-sobre-los-tratados-europeos\\\/\",\"name\":\"Berl\\u00edn se muestra abierta a \\u00abdialogar\\u00bb con Londres sobre los tratados europeos - El Digital de Asturias\",\"description\":\"Londres, 3 feb (EFE).- El ministro alem\\u00e1n de Exteriores, Frank-Walter Steinmeier, afirm\\u00f3 hoy tras reunirse en Londres con su hom\\u00f3logo brit\\u00e1nico, William Hague, que Alemania \\\"no est\\u00e1 en contra de dialogar sobre la adaptaci\\u00f3n de tratados\\\" de la Uni\\u00f3n Europea (UE). Pero el jefe de la diplomacia alemana puntualiz\\u00f3 que \\\"ser\\u00eda exagerado decir que el\",\"inLanguage\":\"es-ES\",\"isPartOf\":{\"@id\":\"https:\\\/\\\/www.eldigitaldeasturias.com\\\/noticias\\\/#website\"},\"breadcrumb\":{\"@id\":\"https:\\\/\\\/www.eldigitaldeasturias.com\\\/noticias\\\/berlin-se-muestra-abierta-a-dialogar-con-londres-sobre-los-tratados-europeos\\\/#breadcrumblist\"},\"author\":{\"@id\":\"https:\\\/\\\/www.eldigitaldeasturias.com\\\/noticias\\\/author\\\/admin\\\/#author\"},\"creator\":{\"@id\":\"https:\\\/\\\/www.eldigitaldeasturias.com\\\/noticias\\\/author\\\/admin\\\/#author\"},\"image\":{\"@type\":\"ImageObject\",\"url\":483018,\"@id\":\"https:\\\/\\\/www.eldigitaldeasturias.com\\\/noticias\\\/berlin-se-muestra-abierta-a-dialogar-con-londres-sobre-los-tratados-europeos\\\/#mainImage\"},\"primaryImageOfPage\":{\"@id\":\"https:\\\/\\\/www.eldigitaldeasturias.com\\\/noticias\\\/berlin-se-muestra-abierta-a-dialogar-con-londres-sobre-los-tratados-europeos\\\/#mainImage\"},\"datePublished\":\"2014-02-03T23:02:02+01:00\",\"dateModified\":\"2014-02-03T23:02:02+01:00\"},{\"@type\":\"WebSite\",\"@id\":\"https:\\\/\\\/www.eldigitaldeasturias.com\\\/noticias\\\/#website\",\"url\":\"https:\\\/\\\/www.eldigitaldeasturias.com\\\/noticias\\\/\",\"name\":\"El Digital de Asturias - Diario de actualidad y noticias\",\"alternateName\":\"El Digital de Asturias - Diario de actualidad y noticias\",\"description\":\"Hemeroteca\",\"inLanguage\":\"es-ES\",\"publisher\":{\"@id\":\"https:\\\/\\\/www.eldigitaldeasturias.com\\\/noticias\\\/#organization\"}}]}\n\t\t<\/script>\n\t\t<!-- All in One SEO Pro -->\r\n\t\t<title>Berl\u00edn se muestra abierta a \u00abdialogar\u00bb con Londres sobre los tratados europeos - El Digital de Asturias<\/title>\n\n","aioseo_head_json":{"title":"Berl\u00edn se muestra abierta a \u00abdialogar\u00bb con Londres sobre los tratados europeos - El Digital de Asturias","description":"Londres, 3 feb (EFE).- El ministro alem\u00e1n de Exteriores, Frank-Walter Steinmeier, afirm\u00f3 hoy tras reunirse en Londres con su hom\u00f3logo brit\u00e1nico, William Hague, que Alemania \"no est\u00e1 en contra de dialogar sobre la adaptaci\u00f3n de tratados\" de la Uni\u00f3n Europea (UE). Pero el jefe de la diplomacia alemana puntualiz\u00f3 que \"ser\u00eda exagerado decir que el","canonical_url":"https:\/\/www.eldigitaldeasturias.com\/noticias\/berlin-se-muestra-abierta-a-dialogar-con-londres-sobre-los-tratados-europeos\/","robots":"max-image-preview:large","keywords":"actualidad","webmasterTools":{"google-site-verification":"UA-38556648-1","msvalidate.01":"7dfe9f3f1b24437ab69f4f2559babe99","miscellaneous":""},"schema":{"@context":"https:\/\/schema.org","@graph":[{"@type":"BlogPosting","@id":"https:\/\/www.eldigitaldeasturias.com\/noticias\/berlin-se-muestra-abierta-a-dialogar-con-londres-sobre-los-tratados-europeos\/#blogposting","name":"Berl\u00edn se muestra abierta a \u00abdialogar\u00bb con Londres sobre los tratados europeos - El Digital de Asturias","headline":"Berl\u00edn se muestra abierta a \u00abdialogar\u00bb con Londres sobre los tratados europeos","author":{"@id":"https:\/\/www.eldigitaldeasturias.com\/noticias\/author\/admin\/#author"},"publisher":{"@id":"https:\/\/www.eldigitaldeasturias.com\/noticias\/#organization"},"image":{"@type":"ImageObject","url":483018},"datePublished":"2014-02-03T23:02:02+01:00","dateModified":"2014-02-03T23:02:02+01:00","inLanguage":"es-ES","mainEntityOfPage":{"@id":"https:\/\/www.eldigitaldeasturias.com\/noticias\/berlin-se-muestra-abierta-a-dialogar-con-londres-sobre-los-tratados-europeos\/#webpage"},"isPartOf":{"@id":"https:\/\/www.eldigitaldeasturias.com\/noticias\/berlin-se-muestra-abierta-a-dialogar-con-londres-sobre-los-tratados-europeos\/#webpage"},"articleSection":"Actualidad"},{"@type":"BreadcrumbList","@id":"https:\/\/www.eldigitaldeasturias.com\/noticias\/berlin-se-muestra-abierta-a-dialogar-con-londres-sobre-los-tratados-europeos\/#breadcrumblist","itemListElement":[{"@type":"ListItem","@id":"https:\/\/www.eldigitaldeasturias.com\/noticias#listItem","position":1,"name":"Home","item":"https:\/\/www.eldigitaldeasturias.com\/noticias","nextItem":{"@type":"ListItem","@id":"https:\/\/www.eldigitaldeasturias.com\/noticias\/category\/actualidad\/#listItem","name":"Actualidad"}},{"@type":"ListItem","@id":"https:\/\/www.eldigitaldeasturias.com\/noticias\/category\/actualidad\/#listItem","position":2,"name":"Actualidad","item":"https:\/\/www.eldigitaldeasturias.com\/noticias\/category\/actualidad\/","nextItem":{"@type":"ListItem","@id":"https:\/\/www.eldigitaldeasturias.com\/noticias\/berlin-se-muestra-abierta-a-dialogar-con-londres-sobre-los-tratados-europeos\/#listItem","name":"Berl\u00edn se muestra abierta a \u00abdialogar\u00bb con Londres sobre los tratados europeos"},"previousItem":{"@type":"ListItem","@id":"https:\/\/www.eldigitaldeasturias.com\/noticias#listItem","name":"Home"}},{"@type":"ListItem","@id":"https:\/\/www.eldigitaldeasturias.com\/noticias\/berlin-se-muestra-abierta-a-dialogar-con-londres-sobre-los-tratados-europeos\/#listItem","position":3,"name":"Berl\u00edn se muestra abierta a \u00abdialogar\u00bb con Londres sobre los tratados europeos","previousItem":{"@type":"ListItem","@id":"https:\/\/www.eldigitaldeasturias.com\/noticias\/category\/actualidad\/#listItem","name":"Actualidad"}}]},{"@type":"Organization","@id":"https:\/\/www.eldigitaldeasturias.com\/noticias\/#organization","name":"El Digital de Asturias","description":"Hemeroteca","url":"https:\/\/www.eldigitaldeasturias.com\/noticias\/","email":"info@eldigitaldeasturias.com","telephone":"+34652131393","logo":{"@type":"ImageObject","url":"https:\/\/www.eldigitaldeasturias.com\/noticias\/wp-content\/uploads\/2020\/12\/EDA.jpg","@id":"https:\/\/www.eldigitaldeasturias.com\/noticias\/berlin-se-muestra-abierta-a-dialogar-con-londres-sobre-los-tratados-europeos\/#organizationLogo"},"image":{"@id":"https:\/\/www.eldigitaldeasturias.com\/noticias\/berlin-se-muestra-abierta-a-dialogar-con-londres-sobre-los-tratados-europeos\/#organizationLogo"},"sameAs":["https:\/\/facebook.com\/eldigitaldeasturias","https:\/\/www.youtube.com\/channel\/UCZP-2wLEB9Rv6erhFmqVnvg"],"address":{"@id":"https:\/\/www.eldigitaldeasturias.com\/noticias\/#postaladdress","@type":"PostalAddress","streetAddress":"san antonio 4","postalCode":"33430","addressLocality":"Cand\u00e1s","addressRegion":"Asturias","addressCountry":"ES"}},{"@type":"Person","@id":"https:\/\/www.eldigitaldeasturias.com\/noticias\/author\/admin\/#author","url":"https:\/\/www.eldigitaldeasturias.com\/noticias\/author\/admin\/","name":"El Digital de Asturias","image":{"@type":"ImageObject","@id":"https:\/\/www.eldigitaldeasturias.com\/noticias\/berlin-se-muestra-abierta-a-dialogar-con-londres-sobre-los-tratados-europeos\/#authorImage","url":"https:\/\/secure.gravatar.com\/avatar\/df2aeffc32bcd13f8d26072ef8a91b623d677766deac7f97ca815868cd41bf5e?s=96&d=mm&r=g","width":96,"height":96,"caption":"El Digital de Asturias"}},{"@type":"WebPage","@id":"https:\/\/www.eldigitaldeasturias.com\/noticias\/berlin-se-muestra-abierta-a-dialogar-con-londres-sobre-los-tratados-europeos\/#webpage","url":"https:\/\/www.eldigitaldeasturias.com\/noticias\/berlin-se-muestra-abierta-a-dialogar-con-londres-sobre-los-tratados-europeos\/","name":"Berl\u00edn se muestra abierta a \u00abdialogar\u00bb con Londres sobre los tratados europeos - El Digital de Asturias","description":"Londres, 3 feb (EFE).- El ministro alem\u00e1n de Exteriores, Frank-Walter Steinmeier, afirm\u00f3 hoy tras reunirse en Londres con su hom\u00f3logo brit\u00e1nico, William Hague, que Alemania \"no est\u00e1 en contra de dialogar sobre la adaptaci\u00f3n de tratados\" de la Uni\u00f3n Europea (UE). Pero el jefe de la diplomacia alemana puntualiz\u00f3 que \"ser\u00eda exagerado decir que el","inLanguage":"es-ES","isPartOf":{"@id":"https:\/\/www.eldigitaldeasturias.com\/noticias\/#website"},"breadcrumb":{"@id":"https:\/\/www.eldigitaldeasturias.com\/noticias\/berlin-se-muestra-abierta-a-dialogar-con-londres-sobre-los-tratados-europeos\/#breadcrumblist"},"author":{"@id":"https:\/\/www.eldigitaldeasturias.com\/noticias\/author\/admin\/#author"},"creator":{"@id":"https:\/\/www.eldigitaldeasturias.com\/noticias\/author\/admin\/#author"},"image":{"@type":"ImageObject","url":483018,"@id":"https:\/\/www.eldigitaldeasturias.com\/noticias\/berlin-se-muestra-abierta-a-dialogar-con-londres-sobre-los-tratados-europeos\/#mainImage"},"primaryImageOfPage":{"@id":"https:\/\/www.eldigitaldeasturias.com\/noticias\/berlin-se-muestra-abierta-a-dialogar-con-londres-sobre-los-tratados-europeos\/#mainImage"},"datePublished":"2014-02-03T23:02:02+01:00","dateModified":"2014-02-03T23:02:02+01:00"},{"@type":"WebSite","@id":"https:\/\/www.eldigitaldeasturias.com\/noticias\/#website","url":"https:\/\/www.eldigitaldeasturias.com\/noticias\/","name":"El Digital de Asturias - Diario de actualidad y noticias","alternateName":"El Digital de Asturias - Diario de actualidad y noticias","description":"Hemeroteca","inLanguage":"es-ES","publisher":{"@id":"https:\/\/www.eldigitaldeasturias.com\/noticias\/#organization"}}]},"og:locale":"es_ES","og:site_name":"El Digital de Asturias","og:type":"article","og:title":"Berl\u00edn se muestra abierta a \u00abdialogar\u00bb con Londres sobre los tratados europeos - El Digital de Asturias","og:description":"Londres, 3 feb (EFE).- El ministro alem\u00e1n de Exteriores, Frank-Walter Steinmeier, afirm\u00f3 hoy tras reunirse en Londres con su hom\u00f3logo brit\u00e1nico, William Hague, que Alemania &quot;no est\u00e1 en contra de dialogar sobre la adaptaci\u00f3n de tratados&quot; de la Uni\u00f3n Europea (UE). Pero el jefe de la diplomacia alemana puntualiz\u00f3 que &quot;ser\u00eda exagerado decir que el","og:url":"https:\/\/www.eldigitaldeasturias.com\/noticias\/berlin-se-muestra-abierta-a-dialogar-con-londres-sobre-los-tratados-europeos\/","article:tag":["actualidad"],"article:published_time":"2014-02-04T00:02:02+00:00","article:modified_time":"2014-02-04T00:02:02+00:00","article:publisher":"https:\/\/facebook.com\/eldigitaldeasturias","twitter:card":"summary_large_image","twitter:title":"Berl\u00edn se muestra abierta a \u00abdialogar\u00bb con Londres sobre los tratados europeos - El Digital de Asturias","twitter:description":"Londres, 3 feb (EFE).- El ministro alem\u00e1n de Exteriores, Frank-Walter Steinmeier, afirm\u00f3 hoy tras reunirse en Londres con su hom\u00f3logo brit\u00e1nico, William Hague, que Alemania &quot;no est\u00e1 en contra de dialogar sobre la adaptaci\u00f3n de tratados&quot; de la Uni\u00f3n Europea (UE). Pero el jefe de la diplomacia alemana puntualiz\u00f3 que &quot;ser\u00eda exagerado decir que el","twitter:label1":"Escrito por","twitter:data1":"El Digital de Asturias","twitter:label2":"Tiempo de lectura estimado","twitter:data2":"2 minutos"},"aioseo_meta_data":{"post_id":"483017","title":null,"description":null,"keywords":null,"keyphrases":null,"primary_term":null,"canonical_url":null,"og_title":null,"og_description":null,"og_object_type":"default","og_image_type":"default","og_image_url":null,"og_image_width":null,"og_image_height":null,"og_image_custom_url":null,"og_image_custom_fields":null,"og_video":null,"og_custom_url":null,"og_article_section":null,"og_article_tags":null,"twitter_use_og":true,"twitter_card":"default","twitter_image_type":"default","twitter_image_url":null,"twitter_image_custom_url":null,"twitter_image_custom_fields":null,"twitter_title":null,"twitter_description":null,"schema":{"blockGraphs":[],"customGraphs":[],"default":{"data":{"Article":[],"Course":[],"Dataset":[],"FAQPage":[],"Movie":[],"Person":[],"Product":[],"ProductReview":[],"Car":[],"Recipe":[],"Service":[],"SoftwareApplication":[],"WebPage":[]},"graphName":"","isEnabled":true},"graphs":[],"defaultGraph":"","defaultPostTypeGraph":""},"schema_type":null,"schema_type_options":null,"pillar_content":false,"robots_default":true,"robots_noindex":false,"robots_noarchive":false,"robots_nosnippet":false,"robots_nofollow":false,"robots_noimageindex":false,"robots_noodp":false,"robots_notranslate":false,"robots_max_snippet":null,"robots_max_videopreview":null,"robots_max_imagepreview":"none","priority":null,"frequency":null,"local_seo":null,"seo_analyzer_scan_date":"2026-06-02 11:32:56","breadcrumb_settings":null,"limit_modified_date":false,"open_ai":null,"ai":null,"created":"2020-11-14 22:54:42","updated":"2026-06-02 11:32:56","focus_keyword":null,"additional_keywords":null,"truseo_locale":null},"aioseo_breadcrumb":"<div class=\"aioseo-breadcrumbs\"><span class=\"aioseo-breadcrumb\">\n\t<a href=\"https:\/\/www.eldigitaldeasturias.com\/noticias\" title=\"Home\">Home<\/a>\n<\/span><span class=\"aioseo-breadcrumb-separator\">\u2013<\/span><span class=\"aioseo-breadcrumb\">\n\t<a href=\"https:\/\/www.eldigitaldeasturias.com\/noticias\/category\/actualidad\/\" title=\"Actualidad\">Actualidad<\/a>\n<\/span><span class=\"aioseo-breadcrumb-separator\">\u2013<\/span><span class=\"aioseo-breadcrumb\">\n\t<a href=\"https:\/\/www.eldigitaldeasturias.com\/noticias\/berlin-se-muestra-abierta-a-dialogar-con-londres-sobre-los-tratados-europeos\/\" title=\"Berl\u00edn se muestra abierta a \u00abdialogar\u00bb con Londres sobre los tratados europeos\">Berl\u00edn se muestra abierta a \u00abdialogar\u00bb con Londres sobre los tratados europeos<\/a>\n<\/span><\/div>","aioseo_breadcrumb_json":[{"label":"Home","link":"https:\/\/www.eldigitaldeasturias.com\/noticias"},{"label":"Actualidad","link":"https:\/\/www.eldigitaldeasturias.com\/noticias\/category\/actualidad\/"},{"label":"Berl\u00edn se muestra abierta a \u00abdialogar\u00bb con Londres sobre los tratados europeos","link":"https:\/\/www.eldigitaldeasturias.com\/noticias\/berlin-se-muestra-abierta-a-dialogar-con-londres-sobre-los-tratados-europeos\/"}],"_links":{"self":[{"href":"https:\/\/www.eldigitaldeasturias.com\/noticias\/wp-json\/wp\/v2\/posts\/483017","targetHints":{"allow":["GET"]}}],"collection":[{"href":"https:\/\/www.eldigitaldeasturias.com\/noticias\/wp-json\/wp\/v2\/posts"}],"about":[{"href":"https:\/\/www.eldigitaldeasturias.com\/noticias\/wp-json\/wp\/v2\/types\/post"}],"author":[{"embeddable":true,"href":"https:\/\/www.eldigitaldeasturias.com\/noticias\/wp-json\/wp\/v2\/users\/1"}],"replies":[{"embeddable":true,"href":"https:\/\/www.eldigitaldeasturias.com\/noticias\/wp-json\/wp\/v2\/comments?post=483017"}],"version-history":[{"count":0,"href":"https:\/\/www.eldigitaldeasturias.com\/noticias\/wp-json\/wp\/v2\/posts\/483017\/revisions"}],"wp:attachment":[{"href":"https:\/\/www.eldigitaldeasturias.com\/noticias\/wp-json\/wp\/v2\/media?parent=483017"}],"wp:term":[{"taxonomy":"category","embeddable":true,"href":"https:\/\/www.eldigitaldeasturias.com\/noticias\/wp-json\/wp\/v2\/categories?post=483017"},{"taxonomy":"post_tag","embeddable":true,"href":"https:\/\/www.eldigitaldeasturias.com\/noticias\/wp-json\/wp\/v2\/tags?post=483017"}],"curies":[{"name":"wp","href":"https:\/\/api.w.org\/{rel}","templated":true}]}}