{"id":483008,"date":"2014-02-03T22:57:13","date_gmt":"2014-02-03T23:57:13","guid":{"rendered":"http:\/\/www.eldigitaldeasturias.com\/noticias\/?p=483008"},"modified":"2014-02-03T22:57:13","modified_gmt":"2014-02-03T23:57:13","slug":"diputados-oficialistas-uruguayos-proponen-a-mujica-para-el-nobel-de-la-paz","status":"publish","type":"post","link":"https:\/\/www.eldigitaldeasturias.com\/noticias\/diputados-oficialistas-uruguayos-proponen-a-mujica-para-el-nobel-de-la-paz\/","title":{"rendered":"Diputados oficialistas uruguayos proponen a Mujica para el Nobel de la Paz"},"content":{"rendered":"<p><img loading=\"lazy\" decoding=\"async\" class=\"alignleft size-medium wp-image-483009\" alt=\"5905070w\" src=\"https:\/\/www.eldigitaldeasturias.com\/noticias\/wp-content\/uploads\/2014\/02\/5905070w-360x244.jpg\" width=\"360\" height=\"244\" \/>Montevideo, 3 feb (EFE).- Los diputados del partido oficialista uruguayo Frente Amplio (FA) apoya la candidatura del presidente de la Rep\u00fablica, el exguerrillero de 78 a\u00f1os Jos\u00e9 Mujica, al Premio Nobel de la Paz 2014, informaron hoy fuentes legislativas.<\/p>\n<p>Los diputados se sumaron as\u00ed a una iniciativa de la ONG holandesa Drugs Peace Institute y a un grupo de profesores de derecho penal de la universidad alemana de Bremen, quienes recientemente se unieron para postular a Mujica para este premio.<\/p>\n<p>Los legisladores uruguayos basaron su propuesta en rasgos de la personalidad del presidente, as\u00ed como en proyectos aprobados bajo su mandato, indic\u00f3 a Efe la diputada Susana Pereyra, impulsora de la iniciativa dentro del grupo parlamentario la bancada frenteamplista.<\/p>\n<p>As\u00ed, los diputados destacaron \u00abla austeridad, la coherencia y la lucha contra el consumo\u00bb en el estilo de vida de Mujica, que renunci\u00f3 a vivir en la residencia presidencial y lo hace en su humilde chacra (casa de campo) en las afueras de Montevideo.<\/p>\n<p>Adem\u00e1s, Pereyra resalt\u00f3 que el presidente dona el 80% de sus ingresos al Plan Juntos, para facilitar viviendas a personas en situaciones precarias y de vulnerabilidad social.<\/p>\n<p>Este proyecto, junto con la aprobaci\u00f3n de la ley del aborto, el matrimonio entre personas del mismo sexo o la regulaci\u00f3n de la compraventa y cultivo de la marihuana fueron destacados como puntos clave de la gesti\u00f3n de Mujica en una carta remitida al Comit\u00e9 del Premio Nobel de Noruega.<\/p>\n<p>\u00abUruguay est\u00e1 recibiendo reconocimiento internacional, ya no s\u00f3lo por sus buenos futbolistas, sino por las leyes impulsadas por el presidente Mujica. Su personalidad est\u00e1 en auge\u00bb, opin\u00f3 Pereyra, que tambi\u00e9n es la esposa del ministro del Interior uruguayo, Eduardo Bonomi, compa\u00f1ero del gobernante en la guerrilla tuparama.<\/p>\n<p>Jos\u00e9 Mujica fue uno de los l\u00edderes del Movimiento de Liberaci\u00f3n Nacional-Tupamaros, por lo que estuvo preso durante catorce a\u00f1os, la mayor\u00eda de ellos en el per\u00edodo de la dictadura en Uruguay (1973-1985).<\/p>\n<p>Pereyra no consider\u00f3 que el pasado como guerrillero perjudique la candidatura de Mujica al Nobel de la Paz y recalc\u00f3 que el mandatario \u00abse integr\u00f3 completamente al sistema democr\u00e1tico como legislador, diputado, senador, ministro y, finalmente, presidente\u00bb.<\/p>\n<p>Coment\u00f3, adem\u00e1s, que la decisi\u00f3n de apoyar su candidatura al Nobel fue tomada por la bancada frenteamplista sin consultar al propio Mujica, por lo que desconocen si \u00e9l est\u00e1 o no conforme con la propuesta.<\/p>\n<p>En febrero finaliza el plazo para presentar candidaturas al Nobel, cuyos galardonados ser\u00e1n anunciados en el mes de octubre, tras un proceso de votaci\u00f3n interna en un comit\u00e9 con sede en Noruega, seg\u00fan se indica en la p\u00e1gina web oficial del premio.<\/p>\n<p>El premio Nobel est\u00e1 dotado con cerca de ocho millones de coronas suecas (aproximadamente 1.200.000 d\u00f3lares) a repartir entre los galardonados de las seis categor\u00edas del premio: F\u00edsica, Qu\u00edmica, Medicina, Literatura, Paz y Ciencias Econ\u00f3micas.<\/p>\n<p>\u00abConociendo al presidente Mujica, la cuant\u00eda econ\u00f3mica del premio ir\u00eda destinada a planes sociales para ayudar a los m\u00e1s vulnerables\u00bb, opin\u00f3 Pereyra.<\/p>\n","protected":false},"excerpt":{"rendered":"<p>Montevideo, 3 feb (EFE).- Los diputados del partido oficialista uruguayo Frente Amplio (FA) apoya la candidatura del presidente de la Rep\u00fablica, el exguerrillero de 78 a\u00f1os Jos\u00e9 Mujica, al Premio Nobel de la Paz 2014, informaron hoy fuentes legislativas. Los diputados se sumaron as\u00ed a una iniciativa de la ONG holandesa Drugs Peace Institute y [&hellip;]<\/p>\n","protected":false},"author":1,"featured_media":483009,"comment_status":"closed","ping_status":"open","sticky":false,"template":"","format":"standard","meta":{"footnotes":""},"categories":[1],"tags":[],"class_list":["post-483008","post","type-post","status-publish","format-standard","has-post-thumbnail","hentry","category-actualidad"],"aioseo_notices":[],"aioseo_head":"\n\t\t<!-- All in One SEO Pro 5.0.1 - aioseo.com -->\n\t<meta name=\"description\" content=\"Montevideo, 3 feb (EFE).- Los diputados del partido oficialista uruguayo Frente Amplio (FA) apoya la candidatura del presidente de la Rep\u00fablica, el exguerrillero de 78 a\u00f1os Jos\u00e9 Mujica, al Premio Nobel de la Paz 2014, informaron hoy fuentes legislativas. Los diputados se sumaron as\u00ed a una iniciativa de la ONG holandesa Drugs Peace Institute y\" \/>\n\t<meta name=\"robots\" content=\"max-image-preview:large\" \/>\n\t<meta name=\"author\" content=\"El Digital de Asturias\"\/>\n\t<meta name=\"google-site-verification\" content=\"UA-38556648-1\" \/>\n\t<meta name=\"msvalidate.01\" content=\"7dfe9f3f1b24437ab69f4f2559babe99\" \/>\n\t<meta name=\"keywords\" content=\"actualidad\" \/>\n\t<link rel=\"canonical\" href=\"https:\/\/www.eldigitaldeasturias.com\/noticias\/diputados-oficialistas-uruguayos-proponen-a-mujica-para-el-nobel-de-la-paz\/\" \/>\n\t<meta name=\"generator\" content=\"All in One SEO Pro (AIOSEO) 5.0.1\" \/>\n\t\t<meta property=\"og:locale\" content=\"es_ES\" \/>\n\t\t<meta property=\"og:site_name\" content=\"El Digital de Asturias\" \/>\n\t\t<meta property=\"og:type\" content=\"article\" \/>\n\t\t<meta property=\"og:title\" content=\"Diputados oficialistas uruguayos proponen a Mujica para el Nobel de la Paz - El Digital de Asturias\" \/>\n\t\t<meta property=\"og:description\" content=\"Montevideo, 3 feb (EFE).- Los diputados del partido oficialista uruguayo Frente Amplio (FA) apoya la candidatura del presidente de la Rep\u00fablica, el exguerrillero de 78 a\u00f1os Jos\u00e9 Mujica, al Premio Nobel de la Paz 2014, informaron hoy fuentes legislativas. Los diputados se sumaron as\u00ed a una iniciativa de la ONG holandesa Drugs Peace Institute y\" \/>\n\t\t<meta property=\"og:url\" content=\"https:\/\/www.eldigitaldeasturias.com\/noticias\/diputados-oficialistas-uruguayos-proponen-a-mujica-para-el-nobel-de-la-paz\/\" \/>\n\t\t<meta property=\"article:tag\" content=\"actualidad\" \/>\n\t\t<meta property=\"article:published_time\" content=\"2014-02-03T23:57:13+00:00\" \/>\n\t\t<meta property=\"article:modified_time\" content=\"2014-02-03T23:57:13+00:00\" \/>\n\t\t<meta property=\"article:publisher\" content=\"https:\/\/facebook.com\/eldigitaldeasturias\" \/>\n\t\t<meta name=\"twitter:card\" content=\"summary_large_image\" \/>\n\t\t<meta name=\"twitter:title\" content=\"Diputados oficialistas uruguayos proponen a Mujica para el Nobel de la Paz - El Digital de Asturias\" \/>\n\t\t<meta name=\"twitter:description\" content=\"Montevideo, 3 feb (EFE).- Los diputados del partido oficialista uruguayo Frente Amplio (FA) apoya la candidatura del presidente de la Rep\u00fablica, el exguerrillero de 78 a\u00f1os Jos\u00e9 Mujica, al Premio Nobel de la Paz 2014, informaron hoy fuentes legislativas. Los diputados se sumaron as\u00ed a una iniciativa de la ONG holandesa Drugs Peace Institute y\" \/>\n\t\t<meta name=\"twitter:label1\" content=\"Escrito por\" \/>\n\t\t<meta name=\"twitter:data1\" content=\"El Digital de Asturias\" \/>\n\t\t<meta name=\"twitter:label2\" content=\"Tiempo de lectura estimado\" \/>\n\t\t<meta name=\"twitter:data2\" content=\"3 minutos\" \/>\n\t\t<script type=\"application\/ld+json\" class=\"aioseo-schema\">\n\t\t\t{\"@context\":\"https:\\\/\\\/schema.org\",\"@graph\":[{\"@type\":\"BlogPosting\",\"@id\":\"https:\\\/\\\/www.eldigitaldeasturias.com\\\/noticias\\\/diputados-oficialistas-uruguayos-proponen-a-mujica-para-el-nobel-de-la-paz\\\/#blogposting\",\"name\":\"Diputados oficialistas uruguayos proponen a Mujica para el Nobel de la Paz - El Digital de Asturias\",\"headline\":\"Diputados oficialistas uruguayos proponen a Mujica para el Nobel de la Paz\",\"author\":{\"@id\":\"https:\\\/\\\/www.eldigitaldeasturias.com\\\/noticias\\\/author\\\/admin\\\/#author\"},\"publisher\":{\"@id\":\"https:\\\/\\\/www.eldigitaldeasturias.com\\\/noticias\\\/#organization\"},\"image\":{\"@type\":\"ImageObject\",\"url\":483009},\"datePublished\":\"2014-02-03T22:57:13+01:00\",\"dateModified\":\"2014-02-03T22:57:13+01:00\",\"inLanguage\":\"es-ES\",\"mainEntityOfPage\":{\"@id\":\"https:\\\/\\\/www.eldigitaldeasturias.com\\\/noticias\\\/diputados-oficialistas-uruguayos-proponen-a-mujica-para-el-nobel-de-la-paz\\\/#webpage\"},\"isPartOf\":{\"@id\":\"https:\\\/\\\/www.eldigitaldeasturias.com\\\/noticias\\\/diputados-oficialistas-uruguayos-proponen-a-mujica-para-el-nobel-de-la-paz\\\/#webpage\"},\"articleSection\":\"Actualidad\"},{\"@type\":\"BreadcrumbList\",\"@id\":\"https:\\\/\\\/www.eldigitaldeasturias.com\\\/noticias\\\/diputados-oficialistas-uruguayos-proponen-a-mujica-para-el-nobel-de-la-paz\\\/#breadcrumblist\",\"itemListElement\":[{\"@type\":\"ListItem\",\"@id\":\"https:\\\/\\\/www.eldigitaldeasturias.com\\\/noticias#listItem\",\"position\":1,\"name\":\"Home\",\"item\":\"https:\\\/\\\/www.eldigitaldeasturias.com\\\/noticias\",\"nextItem\":{\"@type\":\"ListItem\",\"@id\":\"https:\\\/\\\/www.eldigitaldeasturias.com\\\/noticias\\\/category\\\/actualidad\\\/#listItem\",\"name\":\"Actualidad\"}},{\"@type\":\"ListItem\",\"@id\":\"https:\\\/\\\/www.eldigitaldeasturias.com\\\/noticias\\\/category\\\/actualidad\\\/#listItem\",\"position\":2,\"name\":\"Actualidad\",\"item\":\"https:\\\/\\\/www.eldigitaldeasturias.com\\\/noticias\\\/category\\\/actualidad\\\/\",\"nextItem\":{\"@type\":\"ListItem\",\"@id\":\"https:\\\/\\\/www.eldigitaldeasturias.com\\\/noticias\\\/diputados-oficialistas-uruguayos-proponen-a-mujica-para-el-nobel-de-la-paz\\\/#listItem\",\"name\":\"Diputados oficialistas uruguayos proponen a Mujica para el Nobel de la Paz\"},\"previousItem\":{\"@type\":\"ListItem\",\"@id\":\"https:\\\/\\\/www.eldigitaldeasturias.com\\\/noticias#listItem\",\"name\":\"Home\"}},{\"@type\":\"ListItem\",\"@id\":\"https:\\\/\\\/www.eldigitaldeasturias.com\\\/noticias\\\/diputados-oficialistas-uruguayos-proponen-a-mujica-para-el-nobel-de-la-paz\\\/#listItem\",\"position\":3,\"name\":\"Diputados oficialistas uruguayos proponen a Mujica para el Nobel de la Paz\",\"previousItem\":{\"@type\":\"ListItem\",\"@id\":\"https:\\\/\\\/www.eldigitaldeasturias.com\\\/noticias\\\/category\\\/actualidad\\\/#listItem\",\"name\":\"Actualidad\"}}]},{\"@type\":\"Organization\",\"@id\":\"https:\\\/\\\/www.eldigitaldeasturias.com\\\/noticias\\\/#organization\",\"name\":\"El Digital de Asturias\",\"description\":\"Hemeroteca\",\"url\":\"https:\\\/\\\/www.eldigitaldeasturias.com\\\/noticias\\\/\",\"email\":\"info@eldigitaldeasturias.com\",\"telephone\":\"+34652131393\",\"logo\":{\"@type\":\"ImageObject\",\"url\":\"https:\\\/\\\/www.eldigitaldeasturias.com\\\/noticias\\\/wp-content\\\/uploads\\\/2020\\\/12\\\/EDA.jpg\",\"@id\":\"https:\\\/\\\/www.eldigitaldeasturias.com\\\/noticias\\\/diputados-oficialistas-uruguayos-proponen-a-mujica-para-el-nobel-de-la-paz\\\/#organizationLogo\"},\"image\":{\"@id\":\"https:\\\/\\\/www.eldigitaldeasturias.com\\\/noticias\\\/diputados-oficialistas-uruguayos-proponen-a-mujica-para-el-nobel-de-la-paz\\\/#organizationLogo\"},\"sameAs\":[\"https:\\\/\\\/facebook.com\\\/eldigitaldeasturias\",\"https:\\\/\\\/www.youtube.com\\\/channel\\\/UCZP-2wLEB9Rv6erhFmqVnvg\"],\"address\":{\"@id\":\"https:\\\/\\\/www.eldigitaldeasturias.com\\\/noticias\\\/#postaladdress\",\"@type\":\"PostalAddress\",\"streetAddress\":\"san antonio 4\",\"postalCode\":\"33430\",\"addressLocality\":\"Cand\\u00e1s\",\"addressRegion\":\"Asturias\",\"addressCountry\":\"ES\"}},{\"@type\":\"Person\",\"@id\":\"https:\\\/\\\/www.eldigitaldeasturias.com\\\/noticias\\\/author\\\/admin\\\/#author\",\"url\":\"https:\\\/\\\/www.eldigitaldeasturias.com\\\/noticias\\\/author\\\/admin\\\/\",\"name\":\"El Digital de Asturias\",\"image\":{\"@type\":\"ImageObject\",\"@id\":\"https:\\\/\\\/www.eldigitaldeasturias.com\\\/noticias\\\/diputados-oficialistas-uruguayos-proponen-a-mujica-para-el-nobel-de-la-paz\\\/#authorImage\",\"url\":\"https:\\\/\\\/secure.gravatar.com\\\/avatar\\\/df2aeffc32bcd13f8d26072ef8a91b623d677766deac7f97ca815868cd41bf5e?s=96&d=mm&r=g\",\"width\":96,\"height\":96,\"caption\":\"El Digital de Asturias\"}},{\"@type\":\"WebPage\",\"@id\":\"https:\\\/\\\/www.eldigitaldeasturias.com\\\/noticias\\\/diputados-oficialistas-uruguayos-proponen-a-mujica-para-el-nobel-de-la-paz\\\/#webpage\",\"url\":\"https:\\\/\\\/www.eldigitaldeasturias.com\\\/noticias\\\/diputados-oficialistas-uruguayos-proponen-a-mujica-para-el-nobel-de-la-paz\\\/\",\"name\":\"Diputados oficialistas uruguayos proponen a Mujica para el Nobel de la Paz - El Digital de Asturias\",\"description\":\"Montevideo, 3 feb (EFE).- Los diputados del partido oficialista uruguayo Frente Amplio (FA) apoya la candidatura del presidente de la Rep\\u00fablica, el exguerrillero de 78 a\\u00f1os Jos\\u00e9 Mujica, al Premio Nobel de la Paz 2014, informaron hoy fuentes legislativas. Los diputados se sumaron as\\u00ed a una iniciativa de la ONG holandesa Drugs Peace Institute y\",\"inLanguage\":\"es-ES\",\"isPartOf\":{\"@id\":\"https:\\\/\\\/www.eldigitaldeasturias.com\\\/noticias\\\/#website\"},\"breadcrumb\":{\"@id\":\"https:\\\/\\\/www.eldigitaldeasturias.com\\\/noticias\\\/diputados-oficialistas-uruguayos-proponen-a-mujica-para-el-nobel-de-la-paz\\\/#breadcrumblist\"},\"author\":{\"@id\":\"https:\\\/\\\/www.eldigitaldeasturias.com\\\/noticias\\\/author\\\/admin\\\/#author\"},\"creator\":{\"@id\":\"https:\\\/\\\/www.eldigitaldeasturias.com\\\/noticias\\\/author\\\/admin\\\/#author\"},\"image\":{\"@type\":\"ImageObject\",\"url\":483009,\"@id\":\"https:\\\/\\\/www.eldigitaldeasturias.com\\\/noticias\\\/diputados-oficialistas-uruguayos-proponen-a-mujica-para-el-nobel-de-la-paz\\\/#mainImage\"},\"primaryImageOfPage\":{\"@id\":\"https:\\\/\\\/www.eldigitaldeasturias.com\\\/noticias\\\/diputados-oficialistas-uruguayos-proponen-a-mujica-para-el-nobel-de-la-paz\\\/#mainImage\"},\"datePublished\":\"2014-02-03T22:57:13+01:00\",\"dateModified\":\"2014-02-03T22:57:13+01:00\"},{\"@type\":\"WebSite\",\"@id\":\"https:\\\/\\\/www.eldigitaldeasturias.com\\\/noticias\\\/#website\",\"url\":\"https:\\\/\\\/www.eldigitaldeasturias.com\\\/noticias\\\/\",\"name\":\"El Digital de Asturias - Diario de actualidad y noticias\",\"alternateName\":\"El Digital de Asturias - Diario de actualidad y noticias\",\"description\":\"Hemeroteca\",\"inLanguage\":\"es-ES\",\"publisher\":{\"@id\":\"https:\\\/\\\/www.eldigitaldeasturias.com\\\/noticias\\\/#organization\"}}]}\n\t\t<\/script>\n\t\t<!-- All in One SEO Pro -->\r\n\t\t<title>Diputados oficialistas uruguayos proponen a Mujica para el Nobel de la Paz - El Digital de Asturias<\/title>\n\n","aioseo_head_json":{"title":"Diputados oficialistas uruguayos proponen a Mujica para el Nobel de la Paz - El Digital de Asturias","description":"Montevideo, 3 feb (EFE).- Los diputados del partido oficialista uruguayo Frente Amplio (FA) apoya la candidatura del presidente de la Rep\u00fablica, el exguerrillero de 78 a\u00f1os Jos\u00e9 Mujica, al Premio Nobel de la Paz 2014, informaron hoy fuentes legislativas. Los diputados se sumaron as\u00ed a una iniciativa de la ONG holandesa Drugs Peace Institute y","canonical_url":"https:\/\/www.eldigitaldeasturias.com\/noticias\/diputados-oficialistas-uruguayos-proponen-a-mujica-para-el-nobel-de-la-paz\/","robots":"max-image-preview:large","keywords":"actualidad","webmasterTools":{"google-site-verification":"UA-38556648-1","msvalidate.01":"7dfe9f3f1b24437ab69f4f2559babe99","miscellaneous":""},"schema":{"@context":"https:\/\/schema.org","@graph":[{"@type":"BlogPosting","@id":"https:\/\/www.eldigitaldeasturias.com\/noticias\/diputados-oficialistas-uruguayos-proponen-a-mujica-para-el-nobel-de-la-paz\/#blogposting","name":"Diputados oficialistas uruguayos proponen a Mujica para el Nobel de la Paz - El Digital de Asturias","headline":"Diputados oficialistas uruguayos proponen a Mujica para el Nobel de la Paz","author":{"@id":"https:\/\/www.eldigitaldeasturias.com\/noticias\/author\/admin\/#author"},"publisher":{"@id":"https:\/\/www.eldigitaldeasturias.com\/noticias\/#organization"},"image":{"@type":"ImageObject","url":483009},"datePublished":"2014-02-03T22:57:13+01:00","dateModified":"2014-02-03T22:57:13+01:00","inLanguage":"es-ES","mainEntityOfPage":{"@id":"https:\/\/www.eldigitaldeasturias.com\/noticias\/diputados-oficialistas-uruguayos-proponen-a-mujica-para-el-nobel-de-la-paz\/#webpage"},"isPartOf":{"@id":"https:\/\/www.eldigitaldeasturias.com\/noticias\/diputados-oficialistas-uruguayos-proponen-a-mujica-para-el-nobel-de-la-paz\/#webpage"},"articleSection":"Actualidad"},{"@type":"BreadcrumbList","@id":"https:\/\/www.eldigitaldeasturias.com\/noticias\/diputados-oficialistas-uruguayos-proponen-a-mujica-para-el-nobel-de-la-paz\/#breadcrumblist","itemListElement":[{"@type":"ListItem","@id":"https:\/\/www.eldigitaldeasturias.com\/noticias#listItem","position":1,"name":"Home","item":"https:\/\/www.eldigitaldeasturias.com\/noticias","nextItem":{"@type":"ListItem","@id":"https:\/\/www.eldigitaldeasturias.com\/noticias\/category\/actualidad\/#listItem","name":"Actualidad"}},{"@type":"ListItem","@id":"https:\/\/www.eldigitaldeasturias.com\/noticias\/category\/actualidad\/#listItem","position":2,"name":"Actualidad","item":"https:\/\/www.eldigitaldeasturias.com\/noticias\/category\/actualidad\/","nextItem":{"@type":"ListItem","@id":"https:\/\/www.eldigitaldeasturias.com\/noticias\/diputados-oficialistas-uruguayos-proponen-a-mujica-para-el-nobel-de-la-paz\/#listItem","name":"Diputados oficialistas uruguayos proponen a Mujica para el Nobel de la Paz"},"previousItem":{"@type":"ListItem","@id":"https:\/\/www.eldigitaldeasturias.com\/noticias#listItem","name":"Home"}},{"@type":"ListItem","@id":"https:\/\/www.eldigitaldeasturias.com\/noticias\/diputados-oficialistas-uruguayos-proponen-a-mujica-para-el-nobel-de-la-paz\/#listItem","position":3,"name":"Diputados oficialistas uruguayos proponen a Mujica para el Nobel de la Paz","previousItem":{"@type":"ListItem","@id":"https:\/\/www.eldigitaldeasturias.com\/noticias\/category\/actualidad\/#listItem","name":"Actualidad"}}]},{"@type":"Organization","@id":"https:\/\/www.eldigitaldeasturias.com\/noticias\/#organization","name":"El Digital de Asturias","description":"Hemeroteca","url":"https:\/\/www.eldigitaldeasturias.com\/noticias\/","email":"info@eldigitaldeasturias.com","telephone":"+34652131393","logo":{"@type":"ImageObject","url":"https:\/\/www.eldigitaldeasturias.com\/noticias\/wp-content\/uploads\/2020\/12\/EDA.jpg","@id":"https:\/\/www.eldigitaldeasturias.com\/noticias\/diputados-oficialistas-uruguayos-proponen-a-mujica-para-el-nobel-de-la-paz\/#organizationLogo"},"image":{"@id":"https:\/\/www.eldigitaldeasturias.com\/noticias\/diputados-oficialistas-uruguayos-proponen-a-mujica-para-el-nobel-de-la-paz\/#organizationLogo"},"sameAs":["https:\/\/facebook.com\/eldigitaldeasturias","https:\/\/www.youtube.com\/channel\/UCZP-2wLEB9Rv6erhFmqVnvg"],"address":{"@id":"https:\/\/www.eldigitaldeasturias.com\/noticias\/#postaladdress","@type":"PostalAddress","streetAddress":"san antonio 4","postalCode":"33430","addressLocality":"Cand\u00e1s","addressRegion":"Asturias","addressCountry":"ES"}},{"@type":"Person","@id":"https:\/\/www.eldigitaldeasturias.com\/noticias\/author\/admin\/#author","url":"https:\/\/www.eldigitaldeasturias.com\/noticias\/author\/admin\/","name":"El Digital de Asturias","image":{"@type":"ImageObject","@id":"https:\/\/www.eldigitaldeasturias.com\/noticias\/diputados-oficialistas-uruguayos-proponen-a-mujica-para-el-nobel-de-la-paz\/#authorImage","url":"https:\/\/secure.gravatar.com\/avatar\/df2aeffc32bcd13f8d26072ef8a91b623d677766deac7f97ca815868cd41bf5e?s=96&d=mm&r=g","width":96,"height":96,"caption":"El Digital de Asturias"}},{"@type":"WebPage","@id":"https:\/\/www.eldigitaldeasturias.com\/noticias\/diputados-oficialistas-uruguayos-proponen-a-mujica-para-el-nobel-de-la-paz\/#webpage","url":"https:\/\/www.eldigitaldeasturias.com\/noticias\/diputados-oficialistas-uruguayos-proponen-a-mujica-para-el-nobel-de-la-paz\/","name":"Diputados oficialistas uruguayos proponen a Mujica para el Nobel de la Paz - El Digital de Asturias","description":"Montevideo, 3 feb (EFE).- Los diputados del partido oficialista uruguayo Frente Amplio (FA) apoya la candidatura del presidente de la Rep\u00fablica, el exguerrillero de 78 a\u00f1os Jos\u00e9 Mujica, al Premio Nobel de la Paz 2014, informaron hoy fuentes legislativas. Los diputados se sumaron as\u00ed a una iniciativa de la ONG holandesa Drugs Peace Institute y","inLanguage":"es-ES","isPartOf":{"@id":"https:\/\/www.eldigitaldeasturias.com\/noticias\/#website"},"breadcrumb":{"@id":"https:\/\/www.eldigitaldeasturias.com\/noticias\/diputados-oficialistas-uruguayos-proponen-a-mujica-para-el-nobel-de-la-paz\/#breadcrumblist"},"author":{"@id":"https:\/\/www.eldigitaldeasturias.com\/noticias\/author\/admin\/#author"},"creator":{"@id":"https:\/\/www.eldigitaldeasturias.com\/noticias\/author\/admin\/#author"},"image":{"@type":"ImageObject","url":483009,"@id":"https:\/\/www.eldigitaldeasturias.com\/noticias\/diputados-oficialistas-uruguayos-proponen-a-mujica-para-el-nobel-de-la-paz\/#mainImage"},"primaryImageOfPage":{"@id":"https:\/\/www.eldigitaldeasturias.com\/noticias\/diputados-oficialistas-uruguayos-proponen-a-mujica-para-el-nobel-de-la-paz\/#mainImage"},"datePublished":"2014-02-03T22:57:13+01:00","dateModified":"2014-02-03T22:57:13+01:00"},{"@type":"WebSite","@id":"https:\/\/www.eldigitaldeasturias.com\/noticias\/#website","url":"https:\/\/www.eldigitaldeasturias.com\/noticias\/","name":"El Digital de Asturias - Diario de actualidad y noticias","alternateName":"El Digital de Asturias - Diario de actualidad y noticias","description":"Hemeroteca","inLanguage":"es-ES","publisher":{"@id":"https:\/\/www.eldigitaldeasturias.com\/noticias\/#organization"}}]},"og:locale":"es_ES","og:site_name":"El Digital de Asturias","og:type":"article","og:title":"Diputados oficialistas uruguayos proponen a Mujica para el Nobel de la Paz - El Digital de Asturias","og:description":"Montevideo, 3 feb (EFE).- Los diputados del partido oficialista uruguayo Frente Amplio (FA) apoya la candidatura del presidente de la Rep\u00fablica, el exguerrillero de 78 a\u00f1os Jos\u00e9 Mujica, al Premio Nobel de la Paz 2014, informaron hoy fuentes legislativas. Los diputados se sumaron as\u00ed a una iniciativa de la ONG holandesa Drugs Peace Institute y","og:url":"https:\/\/www.eldigitaldeasturias.com\/noticias\/diputados-oficialistas-uruguayos-proponen-a-mujica-para-el-nobel-de-la-paz\/","article:tag":["actualidad"],"article:published_time":"2014-02-03T23:57:13+00:00","article:modified_time":"2014-02-03T23:57:13+00:00","article:publisher":"https:\/\/facebook.com\/eldigitaldeasturias","twitter:card":"summary_large_image","twitter:title":"Diputados oficialistas uruguayos proponen a Mujica para el Nobel de la Paz - El Digital de Asturias","twitter:description":"Montevideo, 3 feb (EFE).- Los diputados del partido oficialista uruguayo Frente Amplio (FA) apoya la candidatura del presidente de la Rep\u00fablica, el exguerrillero de 78 a\u00f1os Jos\u00e9 Mujica, al Premio Nobel de la Paz 2014, informaron hoy fuentes legislativas. Los diputados se sumaron as\u00ed a una iniciativa de la ONG holandesa Drugs Peace Institute y","twitter:label1":"Escrito por","twitter:data1":"El Digital de Asturias","twitter:label2":"Tiempo de lectura estimado","twitter:data2":"3 minutos"},"aioseo_meta_data":{"post_id":"483008","title":null,"description":null,"keywords":null,"keyphrases":null,"primary_term":null,"canonical_url":null,"og_title":null,"og_description":null,"og_object_type":"default","og_image_type":"default","og_image_url":null,"og_image_width":null,"og_image_height":null,"og_image_custom_url":null,"og_image_custom_fields":null,"og_video":null,"og_custom_url":null,"og_article_section":null,"og_article_tags":null,"twitter_use_og":true,"twitter_card":"default","twitter_image_type":"default","twitter_image_url":null,"twitter_image_custom_url":null,"twitter_image_custom_fields":null,"twitter_title":null,"twitter_description":null,"schema":{"blockGraphs":[],"customGraphs":[],"default":{"data":{"Article":[],"Course":[],"Dataset":[],"FAQPage":[],"Movie":[],"Person":[],"Product":[],"ProductReview":[],"Car":[],"Recipe":[],"Service":[],"SoftwareApplication":[],"WebPage":[]},"graphName":"","isEnabled":true},"graphs":[],"defaultGraph":"","defaultPostTypeGraph":""},"schema_type":null,"schema_type_options":null,"pillar_content":false,"robots_default":true,"robots_noindex":false,"robots_noarchive":false,"robots_nosnippet":false,"robots_nofollow":false,"robots_noimageindex":false,"robots_noodp":false,"robots_notranslate":false,"robots_max_snippet":null,"robots_max_videopreview":null,"robots_max_imagepreview":"none","priority":null,"frequency":null,"local_seo":null,"seo_analyzer_scan_date":"2026-06-02 11:32:54","breadcrumb_settings":null,"limit_modified_date":false,"open_ai":null,"ai":null,"created":"2020-11-14 22:54:42","updated":"2026-06-02 11:32:54","focus_keyword":null,"additional_keywords":null,"truseo_locale":null},"aioseo_breadcrumb":"<div class=\"aioseo-breadcrumbs\"><span class=\"aioseo-breadcrumb\">\n\t<a href=\"https:\/\/www.eldigitaldeasturias.com\/noticias\" title=\"Home\">Home<\/a>\n<\/span><span class=\"aioseo-breadcrumb-separator\">\u2013<\/span><span class=\"aioseo-breadcrumb\">\n\t<a href=\"https:\/\/www.eldigitaldeasturias.com\/noticias\/category\/actualidad\/\" title=\"Actualidad\">Actualidad<\/a>\n<\/span><span class=\"aioseo-breadcrumb-separator\">\u2013<\/span><span class=\"aioseo-breadcrumb\">\n\t<a href=\"https:\/\/www.eldigitaldeasturias.com\/noticias\/diputados-oficialistas-uruguayos-proponen-a-mujica-para-el-nobel-de-la-paz\/\" title=\"Diputados oficialistas uruguayos proponen a Mujica para el Nobel de la Paz\">Diputados oficialistas uruguayos proponen a Mujica para el Nobel de la Paz<\/a>\n<\/span><\/div>","aioseo_breadcrumb_json":[{"label":"Home","link":"https:\/\/www.eldigitaldeasturias.com\/noticias"},{"label":"Actualidad","link":"https:\/\/www.eldigitaldeasturias.com\/noticias\/category\/actualidad\/"},{"label":"Diputados oficialistas uruguayos proponen a Mujica para el Nobel de la Paz","link":"https:\/\/www.eldigitaldeasturias.com\/noticias\/diputados-oficialistas-uruguayos-proponen-a-mujica-para-el-nobel-de-la-paz\/"}],"_links":{"self":[{"href":"https:\/\/www.eldigitaldeasturias.com\/noticias\/wp-json\/wp\/v2\/posts\/483008","targetHints":{"allow":["GET"]}}],"collection":[{"href":"https:\/\/www.eldigitaldeasturias.com\/noticias\/wp-json\/wp\/v2\/posts"}],"about":[{"href":"https:\/\/www.eldigitaldeasturias.com\/noticias\/wp-json\/wp\/v2\/types\/post"}],"author":[{"embeddable":true,"href":"https:\/\/www.eldigitaldeasturias.com\/noticias\/wp-json\/wp\/v2\/users\/1"}],"replies":[{"embeddable":true,"href":"https:\/\/www.eldigitaldeasturias.com\/noticias\/wp-json\/wp\/v2\/comments?post=483008"}],"version-history":[{"count":0,"href":"https:\/\/www.eldigitaldeasturias.com\/noticias\/wp-json\/wp\/v2\/posts\/483008\/revisions"}],"wp:attachment":[{"href":"https:\/\/www.eldigitaldeasturias.com\/noticias\/wp-json\/wp\/v2\/media?parent=483008"}],"wp:term":[{"taxonomy":"category","embeddable":true,"href":"https:\/\/www.eldigitaldeasturias.com\/noticias\/wp-json\/wp\/v2\/categories?post=483008"},{"taxonomy":"post_tag","embeddable":true,"href":"https:\/\/www.eldigitaldeasturias.com\/noticias\/wp-json\/wp\/v2\/tags?post=483008"}],"curies":[{"name":"wp","href":"https:\/\/api.w.org\/{rel}","templated":true}]}}