{"id":482980,"date":"2014-02-03T22:24:46","date_gmt":"2014-02-03T23:24:46","guid":{"rendered":"http:\/\/www.eldigitaldeasturias.com\/noticias\/?p=482980"},"modified":"2014-02-03T22:24:46","modified_gmt":"2014-02-03T23:24:46","slug":"wert-dice-que-no-se-debe-reducir-la-repeticion-de-los-alumnos-bajando-la-exigencia","status":"publish","type":"post","link":"https:\/\/www.eldigitaldeasturias.com\/noticias\/wert-dice-que-no-se-debe-reducir-la-repeticion-de-los-alumnos-bajando-la-exigencia\/","title":{"rendered":"Wert dice que no se debe reducir la repetici\u00f3n de los alumnos bajando la exigencia"},"content":{"rendered":"<p><img loading=\"lazy\" decoding=\"async\" class=\"alignleft size-medium wp-image-482981\" alt=\"5905702w\" src=\"https:\/\/www.eldigitaldeasturias.com\/noticias\/wp-content\/uploads\/2014\/02\/5905702w-360x257.jpg\" width=\"360\" height=\"257\" \/>Madrid, 3 feb (EFE).- El ministro de Educaci\u00f3n, Jos\u00e9 Ignacio Wert, ha constatado este lunes que la repetici\u00f3n es la mayor debilidad del sistema educativo, pero ha advertido de que no se debe reducir bajando la exigencia a los alumnos, sino incrementando la cultura del esfuerzo.<\/p>\n<p>En la inauguraci\u00f3n de la XVIII Semana de la Educaci\u00f3n, Wert ha recordado que la diferencia de rendimiento de los alumnos espa\u00f1oles en la \u00faltima edici\u00f3n de la Evaluaci\u00f3n Internacional de Estudiantes (PISA 2012) es de cien puntos (casi dos cursos) entre los que son repetidores y los que no.<\/p>\n<p>La repetici\u00f3n es fundamentalmente la consecuencia del retraso en la detecci\u00f3n precoz de las dificultades de aprendizaje y del fracaso de los apoyos que necesitan los alumnos, ha dicho.<\/p>\n<p>Ha a\u00f1adido que las evaluaciones al final de etapa educativa no deben confundirse con una exigencia de excelencia al alumnado, pues \u00abno se hacen para suspender\u00bb, sino para estimular, especialmente a los de peor rendimiento.<\/p>\n<p>Ha llamado la atenci\u00f3n sobre la elevada tasa de abandono escolar, a pesar de que el a\u00f1o pasado bajara al 23,5 % frente al 24,9 % de 2012, con una \u00abpeque\u00f1a\u00bb poblaci\u00f3n adulta con estudios medios.<\/p>\n<p>Ha citado un estudio del Instituto Valenciano de Investigaci\u00f3n Econ\u00f3mica para indicar que hay aproximadamente cerca de seis millones de empleos que requieren baja cualificaci\u00f3n, pero son ocho los millones de personas activas con s\u00f3lo este nivel formativo.<\/p>\n<p>Por el contrario, los puestos para una cualificaci\u00f3n media ser\u00edan seis millones y medio, pero s\u00f3lo hay tres millones de trabajadores para cubrirlos.<\/p>\n<p>Ha pedido el compromiso decidido del profesorado para convertirse en \u00abentrenador\u00bb y ha pedido a toda la comunidad educativa que participen en la transformaci\u00f3n educativa \u00abinevitable\u00bb.<\/p>\n<p>\u00abHa llegado la hora de pasar la p\u00e1gina\u00bb, ha se\u00f1alado sobre el debate en torno a la reforma educativa, que ha estado acompa\u00f1ado de una \u00abpolarizaci\u00f3n ideol\u00f3gica\u00bb.<\/p>\n","protected":false},"excerpt":{"rendered":"<p>Madrid, 3 feb (EFE).- El ministro de Educaci\u00f3n, Jos\u00e9 Ignacio Wert, ha constatado este lunes que la repetici\u00f3n es la mayor debilidad del sistema educativo, pero ha advertido de que no se debe reducir bajando la exigencia a los alumnos, sino incrementando la cultura del esfuerzo. En la inauguraci\u00f3n de la XVIII Semana de la [&hellip;]<\/p>\n","protected":false},"author":1,"featured_media":482981,"comment_status":"closed","ping_status":"open","sticky":false,"template":"","format":"standard","meta":{"footnotes":""},"categories":[1],"tags":[],"class_list":["post-482980","post","type-post","status-publish","format-standard","has-post-thumbnail","hentry","category-actualidad"],"aioseo_notices":[],"aioseo_head":"\n\t\t<!-- All in One SEO Pro 5.0.1 - aioseo.com -->\n\t<meta name=\"description\" content=\"Madrid, 3 feb (EFE).- El ministro de Educaci\u00f3n, Jos\u00e9 Ignacio Wert, ha constatado este lunes que la repetici\u00f3n es la mayor debilidad del sistema educativo, pero ha advertido de que no se debe reducir bajando la exigencia a los alumnos, sino incrementando la cultura del esfuerzo. En la inauguraci\u00f3n de la XVIII Semana de la\" \/>\n\t<meta name=\"robots\" content=\"max-image-preview:large\" \/>\n\t<meta name=\"author\" content=\"El Digital de Asturias\"\/>\n\t<meta name=\"google-site-verification\" content=\"UA-38556648-1\" \/>\n\t<meta name=\"msvalidate.01\" content=\"7dfe9f3f1b24437ab69f4f2559babe99\" \/>\n\t<meta name=\"keywords\" content=\"actualidad\" \/>\n\t<link rel=\"canonical\" href=\"https:\/\/www.eldigitaldeasturias.com\/noticias\/wert-dice-que-no-se-debe-reducir-la-repeticion-de-los-alumnos-bajando-la-exigencia\/\" \/>\n\t<meta name=\"generator\" content=\"All in One SEO Pro (AIOSEO) 5.0.1\" \/>\n\t\t<meta property=\"og:locale\" content=\"es_ES\" \/>\n\t\t<meta property=\"og:site_name\" content=\"El Digital de Asturias\" \/>\n\t\t<meta property=\"og:type\" content=\"article\" \/>\n\t\t<meta property=\"og:title\" content=\"Wert dice que no se debe reducir la repetici\u00f3n de los alumnos bajando la exigencia - El Digital de Asturias\" \/>\n\t\t<meta property=\"og:description\" content=\"Madrid, 3 feb (EFE).- El ministro de Educaci\u00f3n, Jos\u00e9 Ignacio Wert, ha constatado este lunes que la repetici\u00f3n es la mayor debilidad del sistema educativo, pero ha advertido de que no se debe reducir bajando la exigencia a los alumnos, sino incrementando la cultura del esfuerzo. En la inauguraci\u00f3n de la XVIII Semana de la\" \/>\n\t\t<meta property=\"og:url\" content=\"https:\/\/www.eldigitaldeasturias.com\/noticias\/wert-dice-que-no-se-debe-reducir-la-repeticion-de-los-alumnos-bajando-la-exigencia\/\" \/>\n\t\t<meta property=\"article:tag\" content=\"actualidad\" \/>\n\t\t<meta property=\"article:published_time\" content=\"2014-02-03T23:24:46+00:00\" \/>\n\t\t<meta property=\"article:modified_time\" content=\"2014-02-03T23:24:46+00:00\" \/>\n\t\t<meta property=\"article:publisher\" content=\"https:\/\/facebook.com\/eldigitaldeasturias\" \/>\n\t\t<meta name=\"twitter:card\" content=\"summary_large_image\" \/>\n\t\t<meta name=\"twitter:title\" content=\"Wert dice que no se debe reducir la repetici\u00f3n de los alumnos bajando la exigencia - El Digital de Asturias\" \/>\n\t\t<meta name=\"twitter:description\" content=\"Madrid, 3 feb (EFE).- El ministro de Educaci\u00f3n, Jos\u00e9 Ignacio Wert, ha constatado este lunes que la repetici\u00f3n es la mayor debilidad del sistema educativo, pero ha advertido de que no se debe reducir bajando la exigencia a los alumnos, sino incrementando la cultura del esfuerzo. En la inauguraci\u00f3n de la XVIII Semana de la\" \/>\n\t\t<meta name=\"twitter:label1\" content=\"Escrito por\" \/>\n\t\t<meta name=\"twitter:data1\" content=\"El Digital de Asturias\" \/>\n\t\t<meta name=\"twitter:label2\" content=\"Tiempo de lectura estimado\" \/>\n\t\t<meta name=\"twitter:data2\" content=\"2 minutos\" \/>\n\t\t<script type=\"application\/ld+json\" class=\"aioseo-schema\">\n\t\t\t{\"@context\":\"https:\\\/\\\/schema.org\",\"@graph\":[{\"@type\":\"BlogPosting\",\"@id\":\"https:\\\/\\\/www.eldigitaldeasturias.com\\\/noticias\\\/wert-dice-que-no-se-debe-reducir-la-repeticion-de-los-alumnos-bajando-la-exigencia\\\/#blogposting\",\"name\":\"Wert dice que no se debe reducir la repetici\\u00f3n de los alumnos bajando la exigencia - El Digital de Asturias\",\"headline\":\"Wert dice que no se debe reducir la repetici\\u00f3n de los alumnos bajando la exigencia\",\"author\":{\"@id\":\"https:\\\/\\\/www.eldigitaldeasturias.com\\\/noticias\\\/author\\\/admin\\\/#author\"},\"publisher\":{\"@id\":\"https:\\\/\\\/www.eldigitaldeasturias.com\\\/noticias\\\/#organization\"},\"image\":{\"@type\":\"ImageObject\",\"url\":482981},\"datePublished\":\"2014-02-03T22:24:46+01:00\",\"dateModified\":\"2014-02-03T22:24:46+01:00\",\"inLanguage\":\"es-ES\",\"mainEntityOfPage\":{\"@id\":\"https:\\\/\\\/www.eldigitaldeasturias.com\\\/noticias\\\/wert-dice-que-no-se-debe-reducir-la-repeticion-de-los-alumnos-bajando-la-exigencia\\\/#webpage\"},\"isPartOf\":{\"@id\":\"https:\\\/\\\/www.eldigitaldeasturias.com\\\/noticias\\\/wert-dice-que-no-se-debe-reducir-la-repeticion-de-los-alumnos-bajando-la-exigencia\\\/#webpage\"},\"articleSection\":\"Actualidad\"},{\"@type\":\"BreadcrumbList\",\"@id\":\"https:\\\/\\\/www.eldigitaldeasturias.com\\\/noticias\\\/wert-dice-que-no-se-debe-reducir-la-repeticion-de-los-alumnos-bajando-la-exigencia\\\/#breadcrumblist\",\"itemListElement\":[{\"@type\":\"ListItem\",\"@id\":\"https:\\\/\\\/www.eldigitaldeasturias.com\\\/noticias#listItem\",\"position\":1,\"name\":\"Home\",\"item\":\"https:\\\/\\\/www.eldigitaldeasturias.com\\\/noticias\",\"nextItem\":{\"@type\":\"ListItem\",\"@id\":\"https:\\\/\\\/www.eldigitaldeasturias.com\\\/noticias\\\/category\\\/actualidad\\\/#listItem\",\"name\":\"Actualidad\"}},{\"@type\":\"ListItem\",\"@id\":\"https:\\\/\\\/www.eldigitaldeasturias.com\\\/noticias\\\/category\\\/actualidad\\\/#listItem\",\"position\":2,\"name\":\"Actualidad\",\"item\":\"https:\\\/\\\/www.eldigitaldeasturias.com\\\/noticias\\\/category\\\/actualidad\\\/\",\"nextItem\":{\"@type\":\"ListItem\",\"@id\":\"https:\\\/\\\/www.eldigitaldeasturias.com\\\/noticias\\\/wert-dice-que-no-se-debe-reducir-la-repeticion-de-los-alumnos-bajando-la-exigencia\\\/#listItem\",\"name\":\"Wert dice que no se debe reducir la repetici\\u00f3n de los alumnos bajando la exigencia\"},\"previousItem\":{\"@type\":\"ListItem\",\"@id\":\"https:\\\/\\\/www.eldigitaldeasturias.com\\\/noticias#listItem\",\"name\":\"Home\"}},{\"@type\":\"ListItem\",\"@id\":\"https:\\\/\\\/www.eldigitaldeasturias.com\\\/noticias\\\/wert-dice-que-no-se-debe-reducir-la-repeticion-de-los-alumnos-bajando-la-exigencia\\\/#listItem\",\"position\":3,\"name\":\"Wert dice que no se debe reducir la repetici\\u00f3n de los alumnos bajando la exigencia\",\"previousItem\":{\"@type\":\"ListItem\",\"@id\":\"https:\\\/\\\/www.eldigitaldeasturias.com\\\/noticias\\\/category\\\/actualidad\\\/#listItem\",\"name\":\"Actualidad\"}}]},{\"@type\":\"Organization\",\"@id\":\"https:\\\/\\\/www.eldigitaldeasturias.com\\\/noticias\\\/#organization\",\"name\":\"El Digital de Asturias\",\"description\":\"Hemeroteca\",\"url\":\"https:\\\/\\\/www.eldigitaldeasturias.com\\\/noticias\\\/\",\"email\":\"info@eldigitaldeasturias.com\",\"telephone\":\"+34652131393\",\"logo\":{\"@type\":\"ImageObject\",\"url\":\"https:\\\/\\\/www.eldigitaldeasturias.com\\\/noticias\\\/wp-content\\\/uploads\\\/2020\\\/12\\\/EDA.jpg\",\"@id\":\"https:\\\/\\\/www.eldigitaldeasturias.com\\\/noticias\\\/wert-dice-que-no-se-debe-reducir-la-repeticion-de-los-alumnos-bajando-la-exigencia\\\/#organizationLogo\"},\"image\":{\"@id\":\"https:\\\/\\\/www.eldigitaldeasturias.com\\\/noticias\\\/wert-dice-que-no-se-debe-reducir-la-repeticion-de-los-alumnos-bajando-la-exigencia\\\/#organizationLogo\"},\"sameAs\":[\"https:\\\/\\\/facebook.com\\\/eldigitaldeasturias\",\"https:\\\/\\\/www.youtube.com\\\/channel\\\/UCZP-2wLEB9Rv6erhFmqVnvg\"],\"address\":{\"@id\":\"https:\\\/\\\/www.eldigitaldeasturias.com\\\/noticias\\\/#postaladdress\",\"@type\":\"PostalAddress\",\"streetAddress\":\"san antonio 4\",\"postalCode\":\"33430\",\"addressLocality\":\"Cand\\u00e1s\",\"addressRegion\":\"Asturias\",\"addressCountry\":\"ES\"}},{\"@type\":\"Person\",\"@id\":\"https:\\\/\\\/www.eldigitaldeasturias.com\\\/noticias\\\/author\\\/admin\\\/#author\",\"url\":\"https:\\\/\\\/www.eldigitaldeasturias.com\\\/noticias\\\/author\\\/admin\\\/\",\"name\":\"El Digital de Asturias\",\"image\":{\"@type\":\"ImageObject\",\"@id\":\"https:\\\/\\\/www.eldigitaldeasturias.com\\\/noticias\\\/wert-dice-que-no-se-debe-reducir-la-repeticion-de-los-alumnos-bajando-la-exigencia\\\/#authorImage\",\"url\":\"https:\\\/\\\/secure.gravatar.com\\\/avatar\\\/df2aeffc32bcd13f8d26072ef8a91b623d677766deac7f97ca815868cd41bf5e?s=96&d=mm&r=g\",\"width\":96,\"height\":96,\"caption\":\"El Digital de Asturias\"}},{\"@type\":\"WebPage\",\"@id\":\"https:\\\/\\\/www.eldigitaldeasturias.com\\\/noticias\\\/wert-dice-que-no-se-debe-reducir-la-repeticion-de-los-alumnos-bajando-la-exigencia\\\/#webpage\",\"url\":\"https:\\\/\\\/www.eldigitaldeasturias.com\\\/noticias\\\/wert-dice-que-no-se-debe-reducir-la-repeticion-de-los-alumnos-bajando-la-exigencia\\\/\",\"name\":\"Wert dice que no se debe reducir la repetici\\u00f3n de los alumnos bajando la exigencia - El Digital de Asturias\",\"description\":\"Madrid, 3 feb (EFE).- El ministro de Educaci\\u00f3n, Jos\\u00e9 Ignacio Wert, ha constatado este lunes que la repetici\\u00f3n es la mayor debilidad del sistema educativo, pero ha advertido de que no se debe reducir bajando la exigencia a los alumnos, sino incrementando la cultura del esfuerzo. En la inauguraci\\u00f3n de la XVIII Semana de la\",\"inLanguage\":\"es-ES\",\"isPartOf\":{\"@id\":\"https:\\\/\\\/www.eldigitaldeasturias.com\\\/noticias\\\/#website\"},\"breadcrumb\":{\"@id\":\"https:\\\/\\\/www.eldigitaldeasturias.com\\\/noticias\\\/wert-dice-que-no-se-debe-reducir-la-repeticion-de-los-alumnos-bajando-la-exigencia\\\/#breadcrumblist\"},\"author\":{\"@id\":\"https:\\\/\\\/www.eldigitaldeasturias.com\\\/noticias\\\/author\\\/admin\\\/#author\"},\"creator\":{\"@id\":\"https:\\\/\\\/www.eldigitaldeasturias.com\\\/noticias\\\/author\\\/admin\\\/#author\"},\"image\":{\"@type\":\"ImageObject\",\"url\":482981,\"@id\":\"https:\\\/\\\/www.eldigitaldeasturias.com\\\/noticias\\\/wert-dice-que-no-se-debe-reducir-la-repeticion-de-los-alumnos-bajando-la-exigencia\\\/#mainImage\"},\"primaryImageOfPage\":{\"@id\":\"https:\\\/\\\/www.eldigitaldeasturias.com\\\/noticias\\\/wert-dice-que-no-se-debe-reducir-la-repeticion-de-los-alumnos-bajando-la-exigencia\\\/#mainImage\"},\"datePublished\":\"2014-02-03T22:24:46+01:00\",\"dateModified\":\"2014-02-03T22:24:46+01:00\"},{\"@type\":\"WebSite\",\"@id\":\"https:\\\/\\\/www.eldigitaldeasturias.com\\\/noticias\\\/#website\",\"url\":\"https:\\\/\\\/www.eldigitaldeasturias.com\\\/noticias\\\/\",\"name\":\"El Digital de Asturias - Diario de actualidad y noticias\",\"alternateName\":\"El Digital de Asturias - Diario de actualidad y noticias\",\"description\":\"Hemeroteca\",\"inLanguage\":\"es-ES\",\"publisher\":{\"@id\":\"https:\\\/\\\/www.eldigitaldeasturias.com\\\/noticias\\\/#organization\"}}]}\n\t\t<\/script>\n\t\t<!-- All in One SEO Pro -->\r\n\t\t<title>Wert dice que no se debe reducir la repetici\u00f3n de los alumnos bajando la exigencia - El Digital de Asturias<\/title>\n\n","aioseo_head_json":{"title":"Wert dice que no se debe reducir la repetici\u00f3n de los alumnos bajando la exigencia - El Digital de Asturias","description":"Madrid, 3 feb (EFE).- El ministro de Educaci\u00f3n, Jos\u00e9 Ignacio Wert, ha constatado este lunes que la repetici\u00f3n es la mayor debilidad del sistema educativo, pero ha advertido de que no se debe reducir bajando la exigencia a los alumnos, sino incrementando la cultura del esfuerzo. En la inauguraci\u00f3n de la XVIII Semana de la","canonical_url":"https:\/\/www.eldigitaldeasturias.com\/noticias\/wert-dice-que-no-se-debe-reducir-la-repeticion-de-los-alumnos-bajando-la-exigencia\/","robots":"max-image-preview:large","keywords":"actualidad","webmasterTools":{"google-site-verification":"UA-38556648-1","msvalidate.01":"7dfe9f3f1b24437ab69f4f2559babe99","miscellaneous":""},"schema":{"@context":"https:\/\/schema.org","@graph":[{"@type":"BlogPosting","@id":"https:\/\/www.eldigitaldeasturias.com\/noticias\/wert-dice-que-no-se-debe-reducir-la-repeticion-de-los-alumnos-bajando-la-exigencia\/#blogposting","name":"Wert dice que no se debe reducir la repetici\u00f3n de los alumnos bajando la exigencia - El Digital de Asturias","headline":"Wert dice que no se debe reducir la repetici\u00f3n de los alumnos bajando la exigencia","author":{"@id":"https:\/\/www.eldigitaldeasturias.com\/noticias\/author\/admin\/#author"},"publisher":{"@id":"https:\/\/www.eldigitaldeasturias.com\/noticias\/#organization"},"image":{"@type":"ImageObject","url":482981},"datePublished":"2014-02-03T22:24:46+01:00","dateModified":"2014-02-03T22:24:46+01:00","inLanguage":"es-ES","mainEntityOfPage":{"@id":"https:\/\/www.eldigitaldeasturias.com\/noticias\/wert-dice-que-no-se-debe-reducir-la-repeticion-de-los-alumnos-bajando-la-exigencia\/#webpage"},"isPartOf":{"@id":"https:\/\/www.eldigitaldeasturias.com\/noticias\/wert-dice-que-no-se-debe-reducir-la-repeticion-de-los-alumnos-bajando-la-exigencia\/#webpage"},"articleSection":"Actualidad"},{"@type":"BreadcrumbList","@id":"https:\/\/www.eldigitaldeasturias.com\/noticias\/wert-dice-que-no-se-debe-reducir-la-repeticion-de-los-alumnos-bajando-la-exigencia\/#breadcrumblist","itemListElement":[{"@type":"ListItem","@id":"https:\/\/www.eldigitaldeasturias.com\/noticias#listItem","position":1,"name":"Home","item":"https:\/\/www.eldigitaldeasturias.com\/noticias","nextItem":{"@type":"ListItem","@id":"https:\/\/www.eldigitaldeasturias.com\/noticias\/category\/actualidad\/#listItem","name":"Actualidad"}},{"@type":"ListItem","@id":"https:\/\/www.eldigitaldeasturias.com\/noticias\/category\/actualidad\/#listItem","position":2,"name":"Actualidad","item":"https:\/\/www.eldigitaldeasturias.com\/noticias\/category\/actualidad\/","nextItem":{"@type":"ListItem","@id":"https:\/\/www.eldigitaldeasturias.com\/noticias\/wert-dice-que-no-se-debe-reducir-la-repeticion-de-los-alumnos-bajando-la-exigencia\/#listItem","name":"Wert dice que no se debe reducir la repetici\u00f3n de los alumnos bajando la exigencia"},"previousItem":{"@type":"ListItem","@id":"https:\/\/www.eldigitaldeasturias.com\/noticias#listItem","name":"Home"}},{"@type":"ListItem","@id":"https:\/\/www.eldigitaldeasturias.com\/noticias\/wert-dice-que-no-se-debe-reducir-la-repeticion-de-los-alumnos-bajando-la-exigencia\/#listItem","position":3,"name":"Wert dice que no se debe reducir la repetici\u00f3n de los alumnos bajando la exigencia","previousItem":{"@type":"ListItem","@id":"https:\/\/www.eldigitaldeasturias.com\/noticias\/category\/actualidad\/#listItem","name":"Actualidad"}}]},{"@type":"Organization","@id":"https:\/\/www.eldigitaldeasturias.com\/noticias\/#organization","name":"El Digital de Asturias","description":"Hemeroteca","url":"https:\/\/www.eldigitaldeasturias.com\/noticias\/","email":"info@eldigitaldeasturias.com","telephone":"+34652131393","logo":{"@type":"ImageObject","url":"https:\/\/www.eldigitaldeasturias.com\/noticias\/wp-content\/uploads\/2020\/12\/EDA.jpg","@id":"https:\/\/www.eldigitaldeasturias.com\/noticias\/wert-dice-que-no-se-debe-reducir-la-repeticion-de-los-alumnos-bajando-la-exigencia\/#organizationLogo"},"image":{"@id":"https:\/\/www.eldigitaldeasturias.com\/noticias\/wert-dice-que-no-se-debe-reducir-la-repeticion-de-los-alumnos-bajando-la-exigencia\/#organizationLogo"},"sameAs":["https:\/\/facebook.com\/eldigitaldeasturias","https:\/\/www.youtube.com\/channel\/UCZP-2wLEB9Rv6erhFmqVnvg"],"address":{"@id":"https:\/\/www.eldigitaldeasturias.com\/noticias\/#postaladdress","@type":"PostalAddress","streetAddress":"san antonio 4","postalCode":"33430","addressLocality":"Cand\u00e1s","addressRegion":"Asturias","addressCountry":"ES"}},{"@type":"Person","@id":"https:\/\/www.eldigitaldeasturias.com\/noticias\/author\/admin\/#author","url":"https:\/\/www.eldigitaldeasturias.com\/noticias\/author\/admin\/","name":"El Digital de Asturias","image":{"@type":"ImageObject","@id":"https:\/\/www.eldigitaldeasturias.com\/noticias\/wert-dice-que-no-se-debe-reducir-la-repeticion-de-los-alumnos-bajando-la-exigencia\/#authorImage","url":"https:\/\/secure.gravatar.com\/avatar\/df2aeffc32bcd13f8d26072ef8a91b623d677766deac7f97ca815868cd41bf5e?s=96&d=mm&r=g","width":96,"height":96,"caption":"El Digital de Asturias"}},{"@type":"WebPage","@id":"https:\/\/www.eldigitaldeasturias.com\/noticias\/wert-dice-que-no-se-debe-reducir-la-repeticion-de-los-alumnos-bajando-la-exigencia\/#webpage","url":"https:\/\/www.eldigitaldeasturias.com\/noticias\/wert-dice-que-no-se-debe-reducir-la-repeticion-de-los-alumnos-bajando-la-exigencia\/","name":"Wert dice que no se debe reducir la repetici\u00f3n de los alumnos bajando la exigencia - El Digital de Asturias","description":"Madrid, 3 feb (EFE).- El ministro de Educaci\u00f3n, Jos\u00e9 Ignacio Wert, ha constatado este lunes que la repetici\u00f3n es la mayor debilidad del sistema educativo, pero ha advertido de que no se debe reducir bajando la exigencia a los alumnos, sino incrementando la cultura del esfuerzo. En la inauguraci\u00f3n de la XVIII Semana de la","inLanguage":"es-ES","isPartOf":{"@id":"https:\/\/www.eldigitaldeasturias.com\/noticias\/#website"},"breadcrumb":{"@id":"https:\/\/www.eldigitaldeasturias.com\/noticias\/wert-dice-que-no-se-debe-reducir-la-repeticion-de-los-alumnos-bajando-la-exigencia\/#breadcrumblist"},"author":{"@id":"https:\/\/www.eldigitaldeasturias.com\/noticias\/author\/admin\/#author"},"creator":{"@id":"https:\/\/www.eldigitaldeasturias.com\/noticias\/author\/admin\/#author"},"image":{"@type":"ImageObject","url":482981,"@id":"https:\/\/www.eldigitaldeasturias.com\/noticias\/wert-dice-que-no-se-debe-reducir-la-repeticion-de-los-alumnos-bajando-la-exigencia\/#mainImage"},"primaryImageOfPage":{"@id":"https:\/\/www.eldigitaldeasturias.com\/noticias\/wert-dice-que-no-se-debe-reducir-la-repeticion-de-los-alumnos-bajando-la-exigencia\/#mainImage"},"datePublished":"2014-02-03T22:24:46+01:00","dateModified":"2014-02-03T22:24:46+01:00"},{"@type":"WebSite","@id":"https:\/\/www.eldigitaldeasturias.com\/noticias\/#website","url":"https:\/\/www.eldigitaldeasturias.com\/noticias\/","name":"El Digital de Asturias - Diario de actualidad y noticias","alternateName":"El Digital de Asturias - Diario de actualidad y noticias","description":"Hemeroteca","inLanguage":"es-ES","publisher":{"@id":"https:\/\/www.eldigitaldeasturias.com\/noticias\/#organization"}}]},"og:locale":"es_ES","og:site_name":"El Digital de Asturias","og:type":"article","og:title":"Wert dice que no se debe reducir la repetici\u00f3n de los alumnos bajando la exigencia - El Digital de Asturias","og:description":"Madrid, 3 feb (EFE).- El ministro de Educaci\u00f3n, Jos\u00e9 Ignacio Wert, ha constatado este lunes que la repetici\u00f3n es la mayor debilidad del sistema educativo, pero ha advertido de que no se debe reducir bajando la exigencia a los alumnos, sino incrementando la cultura del esfuerzo. En la inauguraci\u00f3n de la XVIII Semana de la","og:url":"https:\/\/www.eldigitaldeasturias.com\/noticias\/wert-dice-que-no-se-debe-reducir-la-repeticion-de-los-alumnos-bajando-la-exigencia\/","article:tag":["actualidad"],"article:published_time":"2014-02-03T23:24:46+00:00","article:modified_time":"2014-02-03T23:24:46+00:00","article:publisher":"https:\/\/facebook.com\/eldigitaldeasturias","twitter:card":"summary_large_image","twitter:title":"Wert dice que no se debe reducir la repetici\u00f3n de los alumnos bajando la exigencia - El Digital de Asturias","twitter:description":"Madrid, 3 feb (EFE).- El ministro de Educaci\u00f3n, Jos\u00e9 Ignacio Wert, ha constatado este lunes que la repetici\u00f3n es la mayor debilidad del sistema educativo, pero ha advertido de que no se debe reducir bajando la exigencia a los alumnos, sino incrementando la cultura del esfuerzo. En la inauguraci\u00f3n de la XVIII Semana de la","twitter:label1":"Escrito por","twitter:data1":"El Digital de Asturias","twitter:label2":"Tiempo de lectura estimado","twitter:data2":"2 minutos"},"aioseo_meta_data":{"post_id":"482980","title":null,"description":null,"keywords":null,"keyphrases":null,"primary_term":null,"canonical_url":null,"og_title":null,"og_description":null,"og_object_type":"default","og_image_type":"default","og_image_url":null,"og_image_width":null,"og_image_height":null,"og_image_custom_url":null,"og_image_custom_fields":null,"og_video":null,"og_custom_url":null,"og_article_section":null,"og_article_tags":null,"twitter_use_og":true,"twitter_card":"default","twitter_image_type":"default","twitter_image_url":null,"twitter_image_custom_url":null,"twitter_image_custom_fields":null,"twitter_title":null,"twitter_description":null,"schema":{"blockGraphs":[],"customGraphs":[],"default":{"data":{"Article":[],"Course":[],"Dataset":[],"FAQPage":[],"Movie":[],"Person":[],"Product":[],"ProductReview":[],"Car":[],"Recipe":[],"Service":[],"SoftwareApplication":[],"WebPage":[]},"graphName":"","isEnabled":true},"graphs":[],"defaultGraph":"","defaultPostTypeGraph":""},"schema_type":null,"schema_type_options":null,"pillar_content":false,"robots_default":true,"robots_noindex":false,"robots_noarchive":false,"robots_nosnippet":false,"robots_nofollow":false,"robots_noimageindex":false,"robots_noodp":false,"robots_notranslate":false,"robots_max_snippet":null,"robots_max_videopreview":null,"robots_max_imagepreview":"none","priority":null,"frequency":null,"local_seo":null,"seo_analyzer_scan_date":"2026-06-02 11:27:12","breadcrumb_settings":null,"limit_modified_date":false,"open_ai":null,"ai":null,"created":"2020-11-14 22:54:42","updated":"2026-06-02 11:27:12","focus_keyword":null,"additional_keywords":null,"truseo_locale":null},"aioseo_breadcrumb":"<div class=\"aioseo-breadcrumbs\"><span class=\"aioseo-breadcrumb\">\n\t<a href=\"https:\/\/www.eldigitaldeasturias.com\/noticias\" title=\"Home\">Home<\/a>\n<\/span><span class=\"aioseo-breadcrumb-separator\">\u2013<\/span><span class=\"aioseo-breadcrumb\">\n\t<a href=\"https:\/\/www.eldigitaldeasturias.com\/noticias\/category\/actualidad\/\" title=\"Actualidad\">Actualidad<\/a>\n<\/span><span class=\"aioseo-breadcrumb-separator\">\u2013<\/span><span class=\"aioseo-breadcrumb\">\n\t<a href=\"https:\/\/www.eldigitaldeasturias.com\/noticias\/wert-dice-que-no-se-debe-reducir-la-repeticion-de-los-alumnos-bajando-la-exigencia\/\" title=\"Wert dice que no se debe reducir la repetici\u00f3n de los alumnos bajando la exigencia\">Wert dice que no se debe reducir la repetici\u00f3n de los alumnos bajando la exigencia<\/a>\n<\/span><\/div>","aioseo_breadcrumb_json":[{"label":"Home","link":"https:\/\/www.eldigitaldeasturias.com\/noticias"},{"label":"Actualidad","link":"https:\/\/www.eldigitaldeasturias.com\/noticias\/category\/actualidad\/"},{"label":"Wert dice que no se debe reducir la repetici\u00f3n de los alumnos bajando la exigencia","link":"https:\/\/www.eldigitaldeasturias.com\/noticias\/wert-dice-que-no-se-debe-reducir-la-repeticion-de-los-alumnos-bajando-la-exigencia\/"}],"_links":{"self":[{"href":"https:\/\/www.eldigitaldeasturias.com\/noticias\/wp-json\/wp\/v2\/posts\/482980","targetHints":{"allow":["GET"]}}],"collection":[{"href":"https:\/\/www.eldigitaldeasturias.com\/noticias\/wp-json\/wp\/v2\/posts"}],"about":[{"href":"https:\/\/www.eldigitaldeasturias.com\/noticias\/wp-json\/wp\/v2\/types\/post"}],"author":[{"embeddable":true,"href":"https:\/\/www.eldigitaldeasturias.com\/noticias\/wp-json\/wp\/v2\/users\/1"}],"replies":[{"embeddable":true,"href":"https:\/\/www.eldigitaldeasturias.com\/noticias\/wp-json\/wp\/v2\/comments?post=482980"}],"version-history":[{"count":0,"href":"https:\/\/www.eldigitaldeasturias.com\/noticias\/wp-json\/wp\/v2\/posts\/482980\/revisions"}],"wp:attachment":[{"href":"https:\/\/www.eldigitaldeasturias.com\/noticias\/wp-json\/wp\/v2\/media?parent=482980"}],"wp:term":[{"taxonomy":"category","embeddable":true,"href":"https:\/\/www.eldigitaldeasturias.com\/noticias\/wp-json\/wp\/v2\/categories?post=482980"},{"taxonomy":"post_tag","embeddable":true,"href":"https:\/\/www.eldigitaldeasturias.com\/noticias\/wp-json\/wp\/v2\/tags?post=482980"}],"curies":[{"name":"wp","href":"https:\/\/api.w.org\/{rel}","templated":true}]}}