{"id":482977,"date":"2014-02-03T22:23:34","date_gmt":"2014-02-03T23:23:34","guid":{"rendered":"http:\/\/www.eldigitaldeasturias.com\/noticias\/?p=482977"},"modified":"2014-02-03T22:23:34","modified_gmt":"2014-02-03T23:23:34","slug":"el-espai-barca-seria-el-mayor-proyecto-deportivo-mundial-segun-el-club","status":"publish","type":"post","link":"https:\/\/www.eldigitaldeasturias.com\/noticias\/el-espai-barca-seria-el-mayor-proyecto-deportivo-mundial-segun-el-club\/","title":{"rendered":"El &#8216;Espai Bar\u00e7a&#8217; ser\u00eda \u00abel mayor proyecto deportivo mundial\u00bb, seg\u00fan el club"},"content":{"rendered":"<p><img loading=\"lazy\" decoding=\"async\" class=\"alignleft size-medium wp-image-482978\" alt=\"5904937w\" src=\"https:\/\/www.eldigitaldeasturias.com\/noticias\/wp-content\/uploads\/2014\/02\/5904937w-360x201.jpg\" width=\"360\" height=\"201\" \/>Barcelona, 3 feb (EFE).- El &#8216;Espai Bar\u00e7a&#8217; (espacio Bar\u00e7a), la remodelaci\u00f3n del entorno del Camp Nou, que someter\u00e1 el club en refer\u00e9ndum a los socios el primer fin de semana de abril se trata del \u00abproyecto deportivo mundial m\u00e1s importante\u00bb, seg\u00fan ha comentado el vicepresidente econ\u00f3mico Javier Faus.<\/p>\n<p>Esta es la conclusi\u00f3n que extrae la directiva del Bar\u00e7a, que hoy ha iniciado las diferentes acciones para informar a los socios que deber\u00e1n votar si aceptan la reforma que promueve el equipo dirigente que preside Josep Maria Bartomeu.<\/p>\n<p>\u00abEl &#8216;Espai Bar\u00e7a&#8217; (30 millones) es un espacio con un nuevo estadio, que ser\u00e1 el m\u00e1s grande del mundo (105.000 espectadores y 420 millones de euros), un nuevo Palau (12.000) y un Mini Palau (2.000\/ 90 millones), una pista de hielo, un nuevo espacio comercial, las oficinas del club, una Mas\u00eda rehabilitada y 5.000 plazas de aparcamiento (40 millones). Ninguna ciudad tiene este complejo y menos en el centro\u00bb, ha comentado Faus.<\/p>\n<p>Ha reiterado que el total de la inversi\u00f3n superar\u00e1 los 600 millones de euros y unos 420 ir\u00edan destinados a la remodelaci\u00f3n del nuevo Camp Nou.<\/p>\n<p>\u00abLas obras durar\u00e1n cuatro veranos y no se pondr\u00e1 en riesgo que el equipo no pueda jugar en el estadio, lo cual es un reto t\u00e9cnico. Adem\u00e1s supondr\u00e1 una mejora importante para la visibilidad de las localidades de 10.000 espectadores\u00bb, ha comentado.<\/p>\n<p>El proyecto no se financiar\u00e1 aumentando los abonos. De hecho, la junta directiva no prev\u00e9 un aumento de los mismos en su mandato (junio 2016) y ha advertido Faus que en ning\u00fan caso se pondr\u00e1 en riesgo el proyecto deportivo.<\/p>\n<p>Hasta que no se apruebe el refer\u00e9ndum, habr\u00e1 una serie de decisiones que no se podr\u00e1n poner en marcha, como la convocatoria de un proyecto arquitect\u00f3nico a nivel mundial.<\/p>\n<p>El nombre comercial del nuevo Camp Nou, que podr\u00eda suponer un tercio de la financiaci\u00f3n del proyecto, se someter\u00e1 a la asamblea de compromisarios. De hecho, \u00absi un socio no quiere un apellido comercial para el nuevo estadio, tendr\u00e1 que votar no en el refer\u00e9ndum\u00bb, ha insistido.<\/p>\n<p>El directivo del \u00e1rea patrimonial, Jordi Moix, ha dado una serie de detalles t\u00e9cnicos del proyecto. \u00abTodos los servicios mejoran para los abonados y se le da m\u00e1s valor\u00bb, ha comentado Moix, quien ha detallado las diferentes fases de construcci\u00f3n.<\/p>\n<p>Las obras se realizar\u00edan en cuatro veranos y un total de 3,5 a\u00f1os con la idea de minimizar al m\u00e1ximo las molestias a los socios. Si se aprueba, el inicio de las obras ser\u00eda en mayo de 2017 y la conclusi\u00f3n de las mismas ser\u00eda en febrero de 2021.<\/p>\n<p>Este a\u00f1o se celebrar\u00e1 la consulta entre los socios, el a\u00f1o que viene se tratar\u00edan cuestiones urban\u00edsticas y de financiaci\u00f3n, en 2016 se convocar\u00eda un concurso internacional de arquitectura y a partir de 2017 se llevar\u00eda a cabo la ejecuci\u00f3n de las obras.<\/p>\n<p>\u00abEl nuevo Camp Nou ser\u00e1 sostenible econ\u00f3micamente, si no lo fuera no lo plantear\u00edamos\u00bb, ha recalcado Faus, quien ha explicado que en los \u00faltimos a\u00f1os el Bar\u00e7a necesita mantener un flujo de caja de cien millones de euros.<\/p>\n<p>\u00abAdem\u00e1s, hemos reducido la deuda a 200 millones. A partir del a\u00f1o que viene no deberemos nada a los bancos. La deuda es con clubes de f\u00fatbol por fichajes y en el circulante\u00bb, ha insistido.<\/p>\n<p>El vicepresidente del \u00e1rea social, Jordi Cardoner, ha asegurado que el club no est\u00e1 preocupado por la baja asistencia que se est\u00e1 registrando \u00faltimamente en el Camp Nou.<\/p>\n<p>En la comisi\u00f3n creada sobre el refer\u00e9ndum y presidida por Faus, se priorizan tres cuestiones: la elaboraci\u00f3n de una pregunta \u00fanica y clara, la voluntad de que se registre una m\u00e1xima participaci\u00f3n y el compromiso de ofrecer la m\u00e1xima informaci\u00f3n posible.<\/p>\n<p>En todo caso, Faus ha desligado el resultado del refer\u00e9ndum al de la continuidad de la actual junta directiva -tiene mandato hasta 2016, aunque los opositores consideran que tras la dimisi\u00f3n de Sandro Rosell habr\u00eda que convocar a los socios en las urnas-.<\/p>\n<p>\u00ab\u00bfUn refer\u00e9ndum plebiscitario? El Barcelona ha dado muestras de madurez extraordinaria en los \u00faltimos tiempos, con el cambio de entrenador, el tema Tito y la dimisi\u00f3n de Sandro Rosell, por ejemplo. El Bar\u00e7a es m\u00e1s fuerte institucionalmente de lo que pensamos\u00bb, ha recalcado Faus.<\/p>\n","protected":false},"excerpt":{"rendered":"<p>Barcelona, 3 feb (EFE).- El &#8216;Espai Bar\u00e7a&#8217; (espacio Bar\u00e7a), la remodelaci\u00f3n del entorno del Camp Nou, que someter\u00e1 el club en refer\u00e9ndum a los socios el primer fin de semana de abril se trata del \u00abproyecto deportivo mundial m\u00e1s importante\u00bb, seg\u00fan ha comentado el vicepresidente econ\u00f3mico Javier Faus. Esta es la conclusi\u00f3n que extrae la [&hellip;]<\/p>\n","protected":false},"author":1,"featured_media":482978,"comment_status":"closed","ping_status":"open","sticky":false,"template":"","format":"standard","meta":{"footnotes":""},"categories":[1],"tags":[],"class_list":["post-482977","post","type-post","status-publish","format-standard","has-post-thumbnail","hentry","category-actualidad"],"aioseo_notices":[],"aioseo_head":"\n\t\t<!-- All in One SEO Pro 5.0.1 - aioseo.com -->\n\t<meta name=\"description\" content=\"Barcelona, 3 feb (EFE).- El &#039;Espai Bar\u00e7a&#039; (espacio Bar\u00e7a), la remodelaci\u00f3n del entorno del Camp Nou, que someter\u00e1 el club en refer\u00e9ndum a los socios el primer fin de semana de abril se trata del &quot;proyecto deportivo mundial m\u00e1s importante&quot;, seg\u00fan ha comentado el vicepresidente econ\u00f3mico Javier Faus. Esta es la conclusi\u00f3n que extrae la\" \/>\n\t<meta name=\"robots\" content=\"max-image-preview:large\" \/>\n\t<meta name=\"author\" content=\"El Digital de Asturias\"\/>\n\t<meta name=\"google-site-verification\" content=\"UA-38556648-1\" \/>\n\t<meta name=\"msvalidate.01\" content=\"7dfe9f3f1b24437ab69f4f2559babe99\" \/>\n\t<meta name=\"keywords\" content=\"actualidad\" \/>\n\t<link rel=\"canonical\" href=\"https:\/\/www.eldigitaldeasturias.com\/noticias\/el-espai-barca-seria-el-mayor-proyecto-deportivo-mundial-segun-el-club\/\" \/>\n\t<meta name=\"generator\" content=\"All in One SEO Pro (AIOSEO) 5.0.1\" \/>\n\t\t<meta property=\"og:locale\" content=\"es_ES\" \/>\n\t\t<meta property=\"og:site_name\" content=\"El Digital de Asturias\" \/>\n\t\t<meta property=\"og:type\" content=\"article\" \/>\n\t\t<meta property=\"og:title\" content=\"El \u2018Espai Bar\u00e7a\u2019 ser\u00eda \u00abel mayor proyecto deportivo mundial\u00bb, seg\u00fan el club - El Digital de Asturias\" \/>\n\t\t<meta property=\"og:description\" content=\"Barcelona, 3 feb (EFE).- El &#039;Espai Bar\u00e7a&#039; (espacio Bar\u00e7a), la remodelaci\u00f3n del entorno del Camp Nou, que someter\u00e1 el club en refer\u00e9ndum a los socios el primer fin de semana de abril se trata del &quot;proyecto deportivo mundial m\u00e1s importante&quot;, seg\u00fan ha comentado el vicepresidente econ\u00f3mico Javier Faus. Esta es la conclusi\u00f3n que extrae la\" \/>\n\t\t<meta property=\"og:url\" content=\"https:\/\/www.eldigitaldeasturias.com\/noticias\/el-espai-barca-seria-el-mayor-proyecto-deportivo-mundial-segun-el-club\/\" \/>\n\t\t<meta property=\"article:tag\" content=\"actualidad\" \/>\n\t\t<meta property=\"article:published_time\" content=\"2014-02-03T23:23:34+00:00\" \/>\n\t\t<meta property=\"article:modified_time\" content=\"2014-02-03T23:23:34+00:00\" \/>\n\t\t<meta property=\"article:publisher\" content=\"https:\/\/facebook.com\/eldigitaldeasturias\" \/>\n\t\t<meta name=\"twitter:card\" content=\"summary_large_image\" \/>\n\t\t<meta name=\"twitter:title\" content=\"El \u2018Espai Bar\u00e7a\u2019 ser\u00eda \u00abel mayor proyecto deportivo mundial\u00bb, seg\u00fan el club - El Digital de Asturias\" \/>\n\t\t<meta name=\"twitter:description\" content=\"Barcelona, 3 feb (EFE).- El &#039;Espai Bar\u00e7a&#039; (espacio Bar\u00e7a), la remodelaci\u00f3n del entorno del Camp Nou, que someter\u00e1 el club en refer\u00e9ndum a los socios el primer fin de semana de abril se trata del &quot;proyecto deportivo mundial m\u00e1s importante&quot;, seg\u00fan ha comentado el vicepresidente econ\u00f3mico Javier Faus. Esta es la conclusi\u00f3n que extrae la\" \/>\n\t\t<meta name=\"twitter:label1\" content=\"Escrito por\" \/>\n\t\t<meta name=\"twitter:data1\" content=\"El Digital de Asturias\" \/>\n\t\t<meta name=\"twitter:label2\" content=\"Tiempo de lectura estimado\" \/>\n\t\t<meta name=\"twitter:data2\" content=\"4 minutos\" \/>\n\t\t<script type=\"application\/ld+json\" class=\"aioseo-schema\">\n\t\t\t{\"@context\":\"https:\\\/\\\/schema.org\",\"@graph\":[{\"@type\":\"BlogPosting\",\"@id\":\"https:\\\/\\\/www.eldigitaldeasturias.com\\\/noticias\\\/el-espai-barca-seria-el-mayor-proyecto-deportivo-mundial-segun-el-club\\\/#blogposting\",\"name\":\"El \\u2018Espai Bar\\u00e7a\\u2019 ser\\u00eda \\u00abel mayor proyecto deportivo mundial\\u00bb, seg\\u00fan el club - El Digital de Asturias\",\"headline\":\"El &#8216;Espai Bar\\u00e7a&#8217; ser\\u00eda \\u00abel mayor proyecto deportivo mundial\\u00bb, seg\\u00fan el club\",\"author\":{\"@id\":\"https:\\\/\\\/www.eldigitaldeasturias.com\\\/noticias\\\/author\\\/admin\\\/#author\"},\"publisher\":{\"@id\":\"https:\\\/\\\/www.eldigitaldeasturias.com\\\/noticias\\\/#organization\"},\"image\":{\"@type\":\"ImageObject\",\"url\":482978},\"datePublished\":\"2014-02-03T22:23:34+01:00\",\"dateModified\":\"2014-02-03T22:23:34+01:00\",\"inLanguage\":\"es-ES\",\"mainEntityOfPage\":{\"@id\":\"https:\\\/\\\/www.eldigitaldeasturias.com\\\/noticias\\\/el-espai-barca-seria-el-mayor-proyecto-deportivo-mundial-segun-el-club\\\/#webpage\"},\"isPartOf\":{\"@id\":\"https:\\\/\\\/www.eldigitaldeasturias.com\\\/noticias\\\/el-espai-barca-seria-el-mayor-proyecto-deportivo-mundial-segun-el-club\\\/#webpage\"},\"articleSection\":\"Actualidad\"},{\"@type\":\"BreadcrumbList\",\"@id\":\"https:\\\/\\\/www.eldigitaldeasturias.com\\\/noticias\\\/el-espai-barca-seria-el-mayor-proyecto-deportivo-mundial-segun-el-club\\\/#breadcrumblist\",\"itemListElement\":[{\"@type\":\"ListItem\",\"@id\":\"https:\\\/\\\/www.eldigitaldeasturias.com\\\/noticias#listItem\",\"position\":1,\"name\":\"Home\",\"item\":\"https:\\\/\\\/www.eldigitaldeasturias.com\\\/noticias\",\"nextItem\":{\"@type\":\"ListItem\",\"@id\":\"https:\\\/\\\/www.eldigitaldeasturias.com\\\/noticias\\\/category\\\/actualidad\\\/#listItem\",\"name\":\"Actualidad\"}},{\"@type\":\"ListItem\",\"@id\":\"https:\\\/\\\/www.eldigitaldeasturias.com\\\/noticias\\\/category\\\/actualidad\\\/#listItem\",\"position\":2,\"name\":\"Actualidad\",\"item\":\"https:\\\/\\\/www.eldigitaldeasturias.com\\\/noticias\\\/category\\\/actualidad\\\/\",\"nextItem\":{\"@type\":\"ListItem\",\"@id\":\"https:\\\/\\\/www.eldigitaldeasturias.com\\\/noticias\\\/el-espai-barca-seria-el-mayor-proyecto-deportivo-mundial-segun-el-club\\\/#listItem\",\"name\":\"El &#8216;Espai Bar\\u00e7a&#8217; ser\\u00eda \\u00abel mayor proyecto deportivo mundial\\u00bb, seg\\u00fan el club\"},\"previousItem\":{\"@type\":\"ListItem\",\"@id\":\"https:\\\/\\\/www.eldigitaldeasturias.com\\\/noticias#listItem\",\"name\":\"Home\"}},{\"@type\":\"ListItem\",\"@id\":\"https:\\\/\\\/www.eldigitaldeasturias.com\\\/noticias\\\/el-espai-barca-seria-el-mayor-proyecto-deportivo-mundial-segun-el-club\\\/#listItem\",\"position\":3,\"name\":\"El &#8216;Espai Bar\\u00e7a&#8217; ser\\u00eda \\u00abel mayor proyecto deportivo mundial\\u00bb, seg\\u00fan el club\",\"previousItem\":{\"@type\":\"ListItem\",\"@id\":\"https:\\\/\\\/www.eldigitaldeasturias.com\\\/noticias\\\/category\\\/actualidad\\\/#listItem\",\"name\":\"Actualidad\"}}]},{\"@type\":\"Organization\",\"@id\":\"https:\\\/\\\/www.eldigitaldeasturias.com\\\/noticias\\\/#organization\",\"name\":\"El Digital de Asturias\",\"description\":\"Hemeroteca\",\"url\":\"https:\\\/\\\/www.eldigitaldeasturias.com\\\/noticias\\\/\",\"email\":\"info@eldigitaldeasturias.com\",\"telephone\":\"+34652131393\",\"logo\":{\"@type\":\"ImageObject\",\"url\":\"https:\\\/\\\/www.eldigitaldeasturias.com\\\/noticias\\\/wp-content\\\/uploads\\\/2020\\\/12\\\/EDA.jpg\",\"@id\":\"https:\\\/\\\/www.eldigitaldeasturias.com\\\/noticias\\\/el-espai-barca-seria-el-mayor-proyecto-deportivo-mundial-segun-el-club\\\/#organizationLogo\"},\"image\":{\"@id\":\"https:\\\/\\\/www.eldigitaldeasturias.com\\\/noticias\\\/el-espai-barca-seria-el-mayor-proyecto-deportivo-mundial-segun-el-club\\\/#organizationLogo\"},\"sameAs\":[\"https:\\\/\\\/facebook.com\\\/eldigitaldeasturias\",\"https:\\\/\\\/www.youtube.com\\\/channel\\\/UCZP-2wLEB9Rv6erhFmqVnvg\"],\"address\":{\"@id\":\"https:\\\/\\\/www.eldigitaldeasturias.com\\\/noticias\\\/#postaladdress\",\"@type\":\"PostalAddress\",\"streetAddress\":\"san antonio 4\",\"postalCode\":\"33430\",\"addressLocality\":\"Cand\\u00e1s\",\"addressRegion\":\"Asturias\",\"addressCountry\":\"ES\"}},{\"@type\":\"Person\",\"@id\":\"https:\\\/\\\/www.eldigitaldeasturias.com\\\/noticias\\\/author\\\/admin\\\/#author\",\"url\":\"https:\\\/\\\/www.eldigitaldeasturias.com\\\/noticias\\\/author\\\/admin\\\/\",\"name\":\"El Digital de Asturias\",\"image\":{\"@type\":\"ImageObject\",\"@id\":\"https:\\\/\\\/www.eldigitaldeasturias.com\\\/noticias\\\/el-espai-barca-seria-el-mayor-proyecto-deportivo-mundial-segun-el-club\\\/#authorImage\",\"url\":\"https:\\\/\\\/secure.gravatar.com\\\/avatar\\\/df2aeffc32bcd13f8d26072ef8a91b623d677766deac7f97ca815868cd41bf5e?s=96&d=mm&r=g\",\"width\":96,\"height\":96,\"caption\":\"El Digital de Asturias\"}},{\"@type\":\"WebPage\",\"@id\":\"https:\\\/\\\/www.eldigitaldeasturias.com\\\/noticias\\\/el-espai-barca-seria-el-mayor-proyecto-deportivo-mundial-segun-el-club\\\/#webpage\",\"url\":\"https:\\\/\\\/www.eldigitaldeasturias.com\\\/noticias\\\/el-espai-barca-seria-el-mayor-proyecto-deportivo-mundial-segun-el-club\\\/\",\"name\":\"El \\u2018Espai Bar\\u00e7a\\u2019 ser\\u00eda \\u00abel mayor proyecto deportivo mundial\\u00bb, seg\\u00fan el club - El Digital de Asturias\",\"description\":\"Barcelona, 3 feb (EFE).- El 'Espai Bar\\u00e7a' (espacio Bar\\u00e7a), la remodelaci\\u00f3n del entorno del Camp Nou, que someter\\u00e1 el club en refer\\u00e9ndum a los socios el primer fin de semana de abril se trata del \\\"proyecto deportivo mundial m\\u00e1s importante\\\", seg\\u00fan ha comentado el vicepresidente econ\\u00f3mico Javier Faus. Esta es la conclusi\\u00f3n que extrae la\",\"inLanguage\":\"es-ES\",\"isPartOf\":{\"@id\":\"https:\\\/\\\/www.eldigitaldeasturias.com\\\/noticias\\\/#website\"},\"breadcrumb\":{\"@id\":\"https:\\\/\\\/www.eldigitaldeasturias.com\\\/noticias\\\/el-espai-barca-seria-el-mayor-proyecto-deportivo-mundial-segun-el-club\\\/#breadcrumblist\"},\"author\":{\"@id\":\"https:\\\/\\\/www.eldigitaldeasturias.com\\\/noticias\\\/author\\\/admin\\\/#author\"},\"creator\":{\"@id\":\"https:\\\/\\\/www.eldigitaldeasturias.com\\\/noticias\\\/author\\\/admin\\\/#author\"},\"image\":{\"@type\":\"ImageObject\",\"url\":482978,\"@id\":\"https:\\\/\\\/www.eldigitaldeasturias.com\\\/noticias\\\/el-espai-barca-seria-el-mayor-proyecto-deportivo-mundial-segun-el-club\\\/#mainImage\"},\"primaryImageOfPage\":{\"@id\":\"https:\\\/\\\/www.eldigitaldeasturias.com\\\/noticias\\\/el-espai-barca-seria-el-mayor-proyecto-deportivo-mundial-segun-el-club\\\/#mainImage\"},\"datePublished\":\"2014-02-03T22:23:34+01:00\",\"dateModified\":\"2014-02-03T22:23:34+01:00\"},{\"@type\":\"WebSite\",\"@id\":\"https:\\\/\\\/www.eldigitaldeasturias.com\\\/noticias\\\/#website\",\"url\":\"https:\\\/\\\/www.eldigitaldeasturias.com\\\/noticias\\\/\",\"name\":\"El Digital de Asturias - Diario de actualidad y noticias\",\"alternateName\":\"El Digital de Asturias - Diario de actualidad y noticias\",\"description\":\"Hemeroteca\",\"inLanguage\":\"es-ES\",\"publisher\":{\"@id\":\"https:\\\/\\\/www.eldigitaldeasturias.com\\\/noticias\\\/#organization\"}}]}\n\t\t<\/script>\n\t\t<!-- All in One SEO Pro -->\r\n\t\t<title>El \u2018Espai Bar\u00e7a\u2019 ser\u00eda \u00abel mayor proyecto deportivo mundial\u00bb, seg\u00fan el club - El Digital de Asturias<\/title>\n\n","aioseo_head_json":{"title":"El \u2018Espai Bar\u00e7a\u2019 ser\u00eda \u00abel mayor proyecto deportivo mundial\u00bb, seg\u00fan el club - El Digital de Asturias","description":"Barcelona, 3 feb (EFE).- El 'Espai Bar\u00e7a' (espacio Bar\u00e7a), la remodelaci\u00f3n del entorno del Camp Nou, que someter\u00e1 el club en refer\u00e9ndum a los socios el primer fin de semana de abril se trata del \"proyecto deportivo mundial m\u00e1s importante\", seg\u00fan ha comentado el vicepresidente econ\u00f3mico Javier Faus. Esta es la conclusi\u00f3n que extrae la","canonical_url":"https:\/\/www.eldigitaldeasturias.com\/noticias\/el-espai-barca-seria-el-mayor-proyecto-deportivo-mundial-segun-el-club\/","robots":"max-image-preview:large","keywords":"actualidad","webmasterTools":{"google-site-verification":"UA-38556648-1","msvalidate.01":"7dfe9f3f1b24437ab69f4f2559babe99","miscellaneous":""},"schema":{"@context":"https:\/\/schema.org","@graph":[{"@type":"BlogPosting","@id":"https:\/\/www.eldigitaldeasturias.com\/noticias\/el-espai-barca-seria-el-mayor-proyecto-deportivo-mundial-segun-el-club\/#blogposting","name":"El \u2018Espai Bar\u00e7a\u2019 ser\u00eda \u00abel mayor proyecto deportivo mundial\u00bb, seg\u00fan el club - El Digital de Asturias","headline":"El &#8216;Espai Bar\u00e7a&#8217; ser\u00eda \u00abel mayor proyecto deportivo mundial\u00bb, seg\u00fan el club","author":{"@id":"https:\/\/www.eldigitaldeasturias.com\/noticias\/author\/admin\/#author"},"publisher":{"@id":"https:\/\/www.eldigitaldeasturias.com\/noticias\/#organization"},"image":{"@type":"ImageObject","url":482978},"datePublished":"2014-02-03T22:23:34+01:00","dateModified":"2014-02-03T22:23:34+01:00","inLanguage":"es-ES","mainEntityOfPage":{"@id":"https:\/\/www.eldigitaldeasturias.com\/noticias\/el-espai-barca-seria-el-mayor-proyecto-deportivo-mundial-segun-el-club\/#webpage"},"isPartOf":{"@id":"https:\/\/www.eldigitaldeasturias.com\/noticias\/el-espai-barca-seria-el-mayor-proyecto-deportivo-mundial-segun-el-club\/#webpage"},"articleSection":"Actualidad"},{"@type":"BreadcrumbList","@id":"https:\/\/www.eldigitaldeasturias.com\/noticias\/el-espai-barca-seria-el-mayor-proyecto-deportivo-mundial-segun-el-club\/#breadcrumblist","itemListElement":[{"@type":"ListItem","@id":"https:\/\/www.eldigitaldeasturias.com\/noticias#listItem","position":1,"name":"Home","item":"https:\/\/www.eldigitaldeasturias.com\/noticias","nextItem":{"@type":"ListItem","@id":"https:\/\/www.eldigitaldeasturias.com\/noticias\/category\/actualidad\/#listItem","name":"Actualidad"}},{"@type":"ListItem","@id":"https:\/\/www.eldigitaldeasturias.com\/noticias\/category\/actualidad\/#listItem","position":2,"name":"Actualidad","item":"https:\/\/www.eldigitaldeasturias.com\/noticias\/category\/actualidad\/","nextItem":{"@type":"ListItem","@id":"https:\/\/www.eldigitaldeasturias.com\/noticias\/el-espai-barca-seria-el-mayor-proyecto-deportivo-mundial-segun-el-club\/#listItem","name":"El &#8216;Espai Bar\u00e7a&#8217; ser\u00eda \u00abel mayor proyecto deportivo mundial\u00bb, seg\u00fan el club"},"previousItem":{"@type":"ListItem","@id":"https:\/\/www.eldigitaldeasturias.com\/noticias#listItem","name":"Home"}},{"@type":"ListItem","@id":"https:\/\/www.eldigitaldeasturias.com\/noticias\/el-espai-barca-seria-el-mayor-proyecto-deportivo-mundial-segun-el-club\/#listItem","position":3,"name":"El &#8216;Espai Bar\u00e7a&#8217; ser\u00eda \u00abel mayor proyecto deportivo mundial\u00bb, seg\u00fan el club","previousItem":{"@type":"ListItem","@id":"https:\/\/www.eldigitaldeasturias.com\/noticias\/category\/actualidad\/#listItem","name":"Actualidad"}}]},{"@type":"Organization","@id":"https:\/\/www.eldigitaldeasturias.com\/noticias\/#organization","name":"El Digital de Asturias","description":"Hemeroteca","url":"https:\/\/www.eldigitaldeasturias.com\/noticias\/","email":"info@eldigitaldeasturias.com","telephone":"+34652131393","logo":{"@type":"ImageObject","url":"https:\/\/www.eldigitaldeasturias.com\/noticias\/wp-content\/uploads\/2020\/12\/EDA.jpg","@id":"https:\/\/www.eldigitaldeasturias.com\/noticias\/el-espai-barca-seria-el-mayor-proyecto-deportivo-mundial-segun-el-club\/#organizationLogo"},"image":{"@id":"https:\/\/www.eldigitaldeasturias.com\/noticias\/el-espai-barca-seria-el-mayor-proyecto-deportivo-mundial-segun-el-club\/#organizationLogo"},"sameAs":["https:\/\/facebook.com\/eldigitaldeasturias","https:\/\/www.youtube.com\/channel\/UCZP-2wLEB9Rv6erhFmqVnvg"],"address":{"@id":"https:\/\/www.eldigitaldeasturias.com\/noticias\/#postaladdress","@type":"PostalAddress","streetAddress":"san antonio 4","postalCode":"33430","addressLocality":"Cand\u00e1s","addressRegion":"Asturias","addressCountry":"ES"}},{"@type":"Person","@id":"https:\/\/www.eldigitaldeasturias.com\/noticias\/author\/admin\/#author","url":"https:\/\/www.eldigitaldeasturias.com\/noticias\/author\/admin\/","name":"El Digital de Asturias","image":{"@type":"ImageObject","@id":"https:\/\/www.eldigitaldeasturias.com\/noticias\/el-espai-barca-seria-el-mayor-proyecto-deportivo-mundial-segun-el-club\/#authorImage","url":"https:\/\/secure.gravatar.com\/avatar\/df2aeffc32bcd13f8d26072ef8a91b623d677766deac7f97ca815868cd41bf5e?s=96&d=mm&r=g","width":96,"height":96,"caption":"El Digital de Asturias"}},{"@type":"WebPage","@id":"https:\/\/www.eldigitaldeasturias.com\/noticias\/el-espai-barca-seria-el-mayor-proyecto-deportivo-mundial-segun-el-club\/#webpage","url":"https:\/\/www.eldigitaldeasturias.com\/noticias\/el-espai-barca-seria-el-mayor-proyecto-deportivo-mundial-segun-el-club\/","name":"El \u2018Espai Bar\u00e7a\u2019 ser\u00eda \u00abel mayor proyecto deportivo mundial\u00bb, seg\u00fan el club - El Digital de Asturias","description":"Barcelona, 3 feb (EFE).- El 'Espai Bar\u00e7a' (espacio Bar\u00e7a), la remodelaci\u00f3n del entorno del Camp Nou, que someter\u00e1 el club en refer\u00e9ndum a los socios el primer fin de semana de abril se trata del \"proyecto deportivo mundial m\u00e1s importante\", seg\u00fan ha comentado el vicepresidente econ\u00f3mico Javier Faus. Esta es la conclusi\u00f3n que extrae la","inLanguage":"es-ES","isPartOf":{"@id":"https:\/\/www.eldigitaldeasturias.com\/noticias\/#website"},"breadcrumb":{"@id":"https:\/\/www.eldigitaldeasturias.com\/noticias\/el-espai-barca-seria-el-mayor-proyecto-deportivo-mundial-segun-el-club\/#breadcrumblist"},"author":{"@id":"https:\/\/www.eldigitaldeasturias.com\/noticias\/author\/admin\/#author"},"creator":{"@id":"https:\/\/www.eldigitaldeasturias.com\/noticias\/author\/admin\/#author"},"image":{"@type":"ImageObject","url":482978,"@id":"https:\/\/www.eldigitaldeasturias.com\/noticias\/el-espai-barca-seria-el-mayor-proyecto-deportivo-mundial-segun-el-club\/#mainImage"},"primaryImageOfPage":{"@id":"https:\/\/www.eldigitaldeasturias.com\/noticias\/el-espai-barca-seria-el-mayor-proyecto-deportivo-mundial-segun-el-club\/#mainImage"},"datePublished":"2014-02-03T22:23:34+01:00","dateModified":"2014-02-03T22:23:34+01:00"},{"@type":"WebSite","@id":"https:\/\/www.eldigitaldeasturias.com\/noticias\/#website","url":"https:\/\/www.eldigitaldeasturias.com\/noticias\/","name":"El Digital de Asturias - Diario de actualidad y noticias","alternateName":"El Digital de Asturias - Diario de actualidad y noticias","description":"Hemeroteca","inLanguage":"es-ES","publisher":{"@id":"https:\/\/www.eldigitaldeasturias.com\/noticias\/#organization"}}]},"og:locale":"es_ES","og:site_name":"El Digital de Asturias","og:type":"article","og:title":"El \u2018Espai Bar\u00e7a\u2019 ser\u00eda \u00abel mayor proyecto deportivo mundial\u00bb, seg\u00fan el club - El Digital de Asturias","og:description":"Barcelona, 3 feb (EFE).- El 'Espai Bar\u00e7a' (espacio Bar\u00e7a), la remodelaci\u00f3n del entorno del Camp Nou, que someter\u00e1 el club en refer\u00e9ndum a los socios el primer fin de semana de abril se trata del &quot;proyecto deportivo mundial m\u00e1s importante&quot;, seg\u00fan ha comentado el vicepresidente econ\u00f3mico Javier Faus. Esta es la conclusi\u00f3n que extrae la","og:url":"https:\/\/www.eldigitaldeasturias.com\/noticias\/el-espai-barca-seria-el-mayor-proyecto-deportivo-mundial-segun-el-club\/","article:tag":["actualidad"],"article:published_time":"2014-02-03T23:23:34+00:00","article:modified_time":"2014-02-03T23:23:34+00:00","article:publisher":"https:\/\/facebook.com\/eldigitaldeasturias","twitter:card":"summary_large_image","twitter:title":"El \u2018Espai Bar\u00e7a\u2019 ser\u00eda \u00abel mayor proyecto deportivo mundial\u00bb, seg\u00fan el club - El Digital de Asturias","twitter:description":"Barcelona, 3 feb (EFE).- El 'Espai Bar\u00e7a' (espacio Bar\u00e7a), la remodelaci\u00f3n del entorno del Camp Nou, que someter\u00e1 el club en refer\u00e9ndum a los socios el primer fin de semana de abril se trata del &quot;proyecto deportivo mundial m\u00e1s importante&quot;, seg\u00fan ha comentado el vicepresidente econ\u00f3mico Javier Faus. Esta es la conclusi\u00f3n que extrae la","twitter:label1":"Escrito por","twitter:data1":"El Digital de Asturias","twitter:label2":"Tiempo de lectura estimado","twitter:data2":"4 minutos"},"aioseo_meta_data":{"post_id":"482977","title":null,"description":null,"keywords":null,"keyphrases":null,"primary_term":null,"canonical_url":null,"og_title":null,"og_description":null,"og_object_type":"default","og_image_type":"default","og_image_url":null,"og_image_width":null,"og_image_height":null,"og_image_custom_url":null,"og_image_custom_fields":null,"og_video":null,"og_custom_url":null,"og_article_section":null,"og_article_tags":null,"twitter_use_og":true,"twitter_card":"default","twitter_image_type":"default","twitter_image_url":null,"twitter_image_custom_url":null,"twitter_image_custom_fields":null,"twitter_title":null,"twitter_description":null,"schema":{"blockGraphs":[],"customGraphs":[],"default":{"data":{"Article":[],"Course":[],"Dataset":[],"FAQPage":[],"Movie":[],"Person":[],"Product":[],"ProductReview":[],"Car":[],"Recipe":[],"Service":[],"SoftwareApplication":[],"WebPage":[]},"graphName":"","isEnabled":true},"graphs":[],"defaultGraph":"","defaultPostTypeGraph":""},"schema_type":null,"schema_type_options":null,"pillar_content":false,"robots_default":true,"robots_noindex":false,"robots_noarchive":false,"robots_nosnippet":false,"robots_nofollow":false,"robots_noimageindex":false,"robots_noodp":false,"robots_notranslate":false,"robots_max_snippet":null,"robots_max_videopreview":null,"robots_max_imagepreview":"none","priority":null,"frequency":null,"local_seo":null,"seo_analyzer_scan_date":"2026-06-02 11:27:12","breadcrumb_settings":null,"limit_modified_date":false,"open_ai":null,"ai":null,"created":"2020-11-14 22:54:42","updated":"2026-06-02 11:27:12","focus_keyword":null,"additional_keywords":null,"truseo_locale":null},"aioseo_breadcrumb":"<div class=\"aioseo-breadcrumbs\"><span class=\"aioseo-breadcrumb\">\n\t<a href=\"https:\/\/www.eldigitaldeasturias.com\/noticias\" title=\"Home\">Home<\/a>\n<\/span><span class=\"aioseo-breadcrumb-separator\">\u2013<\/span><span class=\"aioseo-breadcrumb\">\n\t<a href=\"https:\/\/www.eldigitaldeasturias.com\/noticias\/category\/actualidad\/\" title=\"Actualidad\">Actualidad<\/a>\n<\/span><span class=\"aioseo-breadcrumb-separator\">\u2013<\/span><span class=\"aioseo-breadcrumb\">\n\t<a href=\"https:\/\/www.eldigitaldeasturias.com\/noticias\/el-espai-barca-seria-el-mayor-proyecto-deportivo-mundial-segun-el-club\/\" title=\"El \u2018Espai Bar\u00e7a\u2019 ser\u00eda \u00abel mayor proyecto deportivo mundial\u00bb, seg\u00fan el club\">El \u2018Espai Bar\u00e7a\u2019 ser\u00eda \u00abel mayor proyecto deportivo mundial\u00bb, seg\u00fan el club<\/a>\n<\/span><\/div>","aioseo_breadcrumb_json":[{"label":"Home","link":"https:\/\/www.eldigitaldeasturias.com\/noticias"},{"label":"Actualidad","link":"https:\/\/www.eldigitaldeasturias.com\/noticias\/category\/actualidad\/"},{"label":"El &#8216;Espai Bar\u00e7a&#8217; ser\u00eda \u00abel mayor proyecto deportivo mundial\u00bb, seg\u00fan el club","link":"https:\/\/www.eldigitaldeasturias.com\/noticias\/el-espai-barca-seria-el-mayor-proyecto-deportivo-mundial-segun-el-club\/"}],"_links":{"self":[{"href":"https:\/\/www.eldigitaldeasturias.com\/noticias\/wp-json\/wp\/v2\/posts\/482977","targetHints":{"allow":["GET"]}}],"collection":[{"href":"https:\/\/www.eldigitaldeasturias.com\/noticias\/wp-json\/wp\/v2\/posts"}],"about":[{"href":"https:\/\/www.eldigitaldeasturias.com\/noticias\/wp-json\/wp\/v2\/types\/post"}],"author":[{"embeddable":true,"href":"https:\/\/www.eldigitaldeasturias.com\/noticias\/wp-json\/wp\/v2\/users\/1"}],"replies":[{"embeddable":true,"href":"https:\/\/www.eldigitaldeasturias.com\/noticias\/wp-json\/wp\/v2\/comments?post=482977"}],"version-history":[{"count":0,"href":"https:\/\/www.eldigitaldeasturias.com\/noticias\/wp-json\/wp\/v2\/posts\/482977\/revisions"}],"wp:attachment":[{"href":"https:\/\/www.eldigitaldeasturias.com\/noticias\/wp-json\/wp\/v2\/media?parent=482977"}],"wp:term":[{"taxonomy":"category","embeddable":true,"href":"https:\/\/www.eldigitaldeasturias.com\/noticias\/wp-json\/wp\/v2\/categories?post=482977"},{"taxonomy":"post_tag","embeddable":true,"href":"https:\/\/www.eldigitaldeasturias.com\/noticias\/wp-json\/wp\/v2\/tags?post=482977"}],"curies":[{"name":"wp","href":"https:\/\/api.w.org\/{rel}","templated":true}]}}