{"id":482964,"date":"2014-02-03T22:18:24","date_gmt":"2014-02-03T23:18:24","guid":{"rendered":"http:\/\/www.eldigitaldeasturias.com\/noticias\/?p=482964"},"modified":"2014-02-03T22:18:24","modified_gmt":"2014-02-03T23:18:24","slug":"sanchez-ceren-y-quijano-se-muestran-abiertos-a-alianzas-para-la-segunda-vuelta","status":"publish","type":"post","link":"https:\/\/www.eldigitaldeasturias.com\/noticias\/sanchez-ceren-y-quijano-se-muestran-abiertos-a-alianzas-para-la-segunda-vuelta\/","title":{"rendered":"S\u00e1nchez Cer\u00e9n y Quijano se muestran abiertos a alianzas para la segunda vuelta"},"content":{"rendered":"<p><img loading=\"lazy\" decoding=\"async\" class=\"alignleft size-medium wp-image-482965\" alt=\"5904890w\" src=\"https:\/\/www.eldigitaldeasturias.com\/noticias\/wp-content\/uploads\/2014\/02\/5904890w-360x242.jpg\" width=\"360\" height=\"242\" \/>San Salvador, 3 feb (EFE).- El candidato oficialista, Salvador S\u00e1nchez Cer\u00e9n, y el opositor, Norman Quijano, anunciaron hoy que est\u00e1n abiertos a alianzas con otros grupos pol\u00edticos para la segunda vuelta, tras las elecciones del domingo en El Salvador.<\/p>\n<p>S\u00e1nchez Cer\u00e9n, del gobernante Frente Farabundo Mart\u00ed para la Liberaci\u00f3n Nacional (FMLN), se impuso a Quijano, de la Alianza Republicana Nacionalista (ARENA), pero no logr\u00f3 la mitad m\u00e1s uno de los votos necesarios para proclamarse nuevo presidente salvadore\u00f1o, seg\u00fan el recuento preliminar del Tribunal Supremo Electoral (TSE).<\/p>\n<p>El \u00f3rgano electoral no ha convocado oficialmente la segunda vuelta a la espera del recuento definitivo de los votos, pero ambos candidatos presidenciales han reconocido que tendr\u00e1n que volver a enfrentarse.<\/p>\n<p>\u00abEl FMLN est\u00e1 abierto\u00bb a hacer alianzas, dijo hoy S\u00e1nchez Cer\u00e9n a los periodistas, al tiempo que indicaba que el expresidente El\u00edas Antonio Saca, candidato del movimiento Unidad, le felicit\u00f3 por tel\u00e9fono y han quedado en hablar sobre un eventual acuerdo de cara a la segunda vuelta.<\/p>\n<p>Saca gobern\u00f3 El Salvador entre 2004 y 2009 por ARENA, que lo expuls\u00f3 pocos meses despu\u00e9s de dejar el poder debido a un conflicto interno, y qued\u00f3 tercero en las votaciones de ayer con el movimiento Unidad, formado por tres peque\u00f1os partidos de derecha exclusivamente para respaldar su candidatura en estos comicios.<\/p>\n<p>Tanto S\u00e1nchez Cer\u00e9n como Quijano han reconocido de cara a la segunda vuelta el objetivo es atraer a los votantes que respaldaron a Saca.<\/p>\n<p>Quijano recalc\u00f3 que en su partido \u00abla puerta no est\u00e1 cerrada para nadie\u00bb, y refiri\u00f3 a que ARENA ya ha tenido \u00abpl\u00e1ticas a nivel de base\u00bb con sectores del movimiento que respald\u00f3 a Saca, para lo que ha formado comisiones de di\u00e1logo.<\/p>\n<p>El recuento preliminar del TSE, con el 99,16 % de los votos escrutados, arroja el 48,92 % para S\u00e1nchez Cer\u00e9n y el 38,95 % para Quijano, mientras que Saca qued\u00f3 tercero con el 11,44 %.<\/p>\n<p>Los otros dos candidatos, Oscar Lemus, del partido Fraternidad Patriota Salvadore\u00f1a, y Ren\u00e9 Rodr\u00edguez, del Partido Salvadore\u00f1o Progresista, no sumaron ni el 1 %, seg\u00fan el TSE.<\/p>\n<p>El \u00f3rgano electoral tiene previsto iniciar ma\u00f1ana el recuento definitivo de los votos.<\/p>\n<p>Un total de 4.955.107 salvadore\u00f1os fueron convocados a estos comicios para elegir al nuevo presidente de su pa\u00eds para el mandato 2014-2019 y el TSE calcula que hubo una participaci\u00f3n del 53%.<\/p>\n","protected":false},"excerpt":{"rendered":"<p>San Salvador, 3 feb (EFE).- El candidato oficialista, Salvador S\u00e1nchez Cer\u00e9n, y el opositor, Norman Quijano, anunciaron hoy que est\u00e1n abiertos a alianzas con otros grupos pol\u00edticos para la segunda vuelta, tras las elecciones del domingo en El Salvador. S\u00e1nchez Cer\u00e9n, del gobernante Frente Farabundo Mart\u00ed para la Liberaci\u00f3n Nacional (FMLN), se impuso a Quijano, [&hellip;]<\/p>\n","protected":false},"author":1,"featured_media":482965,"comment_status":"closed","ping_status":"open","sticky":false,"template":"","format":"standard","meta":{"footnotes":""},"categories":[1],"tags":[],"class_list":["post-482964","post","type-post","status-publish","format-standard","has-post-thumbnail","hentry","category-actualidad"],"aioseo_notices":[],"aioseo_head":"\n\t\t<!-- All in One SEO Pro 5.0.1 - aioseo.com -->\n\t<meta name=\"description\" content=\"San Salvador, 3 feb (EFE).- El candidato oficialista, Salvador S\u00e1nchez Cer\u00e9n, y el opositor, Norman Quijano, anunciaron hoy que est\u00e1n abiertos a alianzas con otros grupos pol\u00edticos para la segunda vuelta, tras las elecciones del domingo en El Salvador. S\u00e1nchez Cer\u00e9n, del gobernante Frente Farabundo Mart\u00ed para la Liberaci\u00f3n Nacional (FMLN), se impuso a Quijano,\" \/>\n\t<meta name=\"robots\" content=\"max-image-preview:large\" \/>\n\t<meta name=\"author\" content=\"El Digital de Asturias\"\/>\n\t<meta name=\"google-site-verification\" content=\"UA-38556648-1\" \/>\n\t<meta name=\"msvalidate.01\" content=\"7dfe9f3f1b24437ab69f4f2559babe99\" \/>\n\t<meta name=\"keywords\" content=\"actualidad\" \/>\n\t<link rel=\"canonical\" href=\"https:\/\/www.eldigitaldeasturias.com\/noticias\/sanchez-ceren-y-quijano-se-muestran-abiertos-a-alianzas-para-la-segunda-vuelta\/\" \/>\n\t<meta name=\"generator\" content=\"All in One SEO Pro (AIOSEO) 5.0.1\" \/>\n\t\t<meta property=\"og:locale\" content=\"es_ES\" \/>\n\t\t<meta property=\"og:site_name\" content=\"El Digital de Asturias\" \/>\n\t\t<meta property=\"og:type\" content=\"article\" \/>\n\t\t<meta property=\"og:title\" content=\"S\u00e1nchez Cer\u00e9n y Quijano se muestran abiertos a alianzas para la segunda vuelta - El Digital de Asturias\" \/>\n\t\t<meta property=\"og:description\" content=\"San Salvador, 3 feb (EFE).- El candidato oficialista, Salvador S\u00e1nchez Cer\u00e9n, y el opositor, Norman Quijano, anunciaron hoy que est\u00e1n abiertos a alianzas con otros grupos pol\u00edticos para la segunda vuelta, tras las elecciones del domingo en El Salvador. S\u00e1nchez Cer\u00e9n, del gobernante Frente Farabundo Mart\u00ed para la Liberaci\u00f3n Nacional (FMLN), se impuso a Quijano,\" \/>\n\t\t<meta property=\"og:url\" content=\"https:\/\/www.eldigitaldeasturias.com\/noticias\/sanchez-ceren-y-quijano-se-muestran-abiertos-a-alianzas-para-la-segunda-vuelta\/\" \/>\n\t\t<meta property=\"article:tag\" content=\"actualidad\" \/>\n\t\t<meta property=\"article:published_time\" content=\"2014-02-03T23:18:24+00:00\" \/>\n\t\t<meta property=\"article:modified_time\" content=\"2014-02-03T23:18:24+00:00\" \/>\n\t\t<meta property=\"article:publisher\" content=\"https:\/\/facebook.com\/eldigitaldeasturias\" \/>\n\t\t<meta name=\"twitter:card\" content=\"summary_large_image\" \/>\n\t\t<meta name=\"twitter:title\" content=\"S\u00e1nchez Cer\u00e9n y Quijano se muestran abiertos a alianzas para la segunda vuelta - El Digital de Asturias\" \/>\n\t\t<meta name=\"twitter:description\" content=\"San Salvador, 3 feb (EFE).- El candidato oficialista, Salvador S\u00e1nchez Cer\u00e9n, y el opositor, Norman Quijano, anunciaron hoy que est\u00e1n abiertos a alianzas con otros grupos pol\u00edticos para la segunda vuelta, tras las elecciones del domingo en El Salvador. S\u00e1nchez Cer\u00e9n, del gobernante Frente Farabundo Mart\u00ed para la Liberaci\u00f3n Nacional (FMLN), se impuso a Quijano,\" \/>\n\t\t<meta name=\"twitter:label1\" content=\"Escrito por\" \/>\n\t\t<meta name=\"twitter:data1\" content=\"El Digital de Asturias\" \/>\n\t\t<meta name=\"twitter:label2\" content=\"Tiempo de lectura estimado\" \/>\n\t\t<meta name=\"twitter:data2\" content=\"2 minutos\" \/>\n\t\t<script type=\"application\/ld+json\" class=\"aioseo-schema\">\n\t\t\t{\"@context\":\"https:\\\/\\\/schema.org\",\"@graph\":[{\"@type\":\"BlogPosting\",\"@id\":\"https:\\\/\\\/www.eldigitaldeasturias.com\\\/noticias\\\/sanchez-ceren-y-quijano-se-muestran-abiertos-a-alianzas-para-la-segunda-vuelta\\\/#blogposting\",\"name\":\"S\\u00e1nchez Cer\\u00e9n y Quijano se muestran abiertos a alianzas para la segunda vuelta - El Digital de Asturias\",\"headline\":\"S\\u00e1nchez Cer\\u00e9n y Quijano se muestran abiertos a alianzas para la segunda vuelta\",\"author\":{\"@id\":\"https:\\\/\\\/www.eldigitaldeasturias.com\\\/noticias\\\/author\\\/admin\\\/#author\"},\"publisher\":{\"@id\":\"https:\\\/\\\/www.eldigitaldeasturias.com\\\/noticias\\\/#organization\"},\"image\":{\"@type\":\"ImageObject\",\"url\":482965},\"datePublished\":\"2014-02-03T22:18:24+01:00\",\"dateModified\":\"2014-02-03T22:18:24+01:00\",\"inLanguage\":\"es-ES\",\"mainEntityOfPage\":{\"@id\":\"https:\\\/\\\/www.eldigitaldeasturias.com\\\/noticias\\\/sanchez-ceren-y-quijano-se-muestran-abiertos-a-alianzas-para-la-segunda-vuelta\\\/#webpage\"},\"isPartOf\":{\"@id\":\"https:\\\/\\\/www.eldigitaldeasturias.com\\\/noticias\\\/sanchez-ceren-y-quijano-se-muestran-abiertos-a-alianzas-para-la-segunda-vuelta\\\/#webpage\"},\"articleSection\":\"Actualidad\"},{\"@type\":\"BreadcrumbList\",\"@id\":\"https:\\\/\\\/www.eldigitaldeasturias.com\\\/noticias\\\/sanchez-ceren-y-quijano-se-muestran-abiertos-a-alianzas-para-la-segunda-vuelta\\\/#breadcrumblist\",\"itemListElement\":[{\"@type\":\"ListItem\",\"@id\":\"https:\\\/\\\/www.eldigitaldeasturias.com\\\/noticias#listItem\",\"position\":1,\"name\":\"Home\",\"item\":\"https:\\\/\\\/www.eldigitaldeasturias.com\\\/noticias\",\"nextItem\":{\"@type\":\"ListItem\",\"@id\":\"https:\\\/\\\/www.eldigitaldeasturias.com\\\/noticias\\\/category\\\/actualidad\\\/#listItem\",\"name\":\"Actualidad\"}},{\"@type\":\"ListItem\",\"@id\":\"https:\\\/\\\/www.eldigitaldeasturias.com\\\/noticias\\\/category\\\/actualidad\\\/#listItem\",\"position\":2,\"name\":\"Actualidad\",\"item\":\"https:\\\/\\\/www.eldigitaldeasturias.com\\\/noticias\\\/category\\\/actualidad\\\/\",\"nextItem\":{\"@type\":\"ListItem\",\"@id\":\"https:\\\/\\\/www.eldigitaldeasturias.com\\\/noticias\\\/sanchez-ceren-y-quijano-se-muestran-abiertos-a-alianzas-para-la-segunda-vuelta\\\/#listItem\",\"name\":\"S\\u00e1nchez Cer\\u00e9n y Quijano se muestran abiertos a alianzas para la segunda vuelta\"},\"previousItem\":{\"@type\":\"ListItem\",\"@id\":\"https:\\\/\\\/www.eldigitaldeasturias.com\\\/noticias#listItem\",\"name\":\"Home\"}},{\"@type\":\"ListItem\",\"@id\":\"https:\\\/\\\/www.eldigitaldeasturias.com\\\/noticias\\\/sanchez-ceren-y-quijano-se-muestran-abiertos-a-alianzas-para-la-segunda-vuelta\\\/#listItem\",\"position\":3,\"name\":\"S\\u00e1nchez Cer\\u00e9n y Quijano se muestran abiertos a alianzas para la segunda vuelta\",\"previousItem\":{\"@type\":\"ListItem\",\"@id\":\"https:\\\/\\\/www.eldigitaldeasturias.com\\\/noticias\\\/category\\\/actualidad\\\/#listItem\",\"name\":\"Actualidad\"}}]},{\"@type\":\"Organization\",\"@id\":\"https:\\\/\\\/www.eldigitaldeasturias.com\\\/noticias\\\/#organization\",\"name\":\"El Digital de Asturias\",\"description\":\"Hemeroteca\",\"url\":\"https:\\\/\\\/www.eldigitaldeasturias.com\\\/noticias\\\/\",\"email\":\"info@eldigitaldeasturias.com\",\"telephone\":\"+34652131393\",\"logo\":{\"@type\":\"ImageObject\",\"url\":\"https:\\\/\\\/www.eldigitaldeasturias.com\\\/noticias\\\/wp-content\\\/uploads\\\/2020\\\/12\\\/EDA.jpg\",\"@id\":\"https:\\\/\\\/www.eldigitaldeasturias.com\\\/noticias\\\/sanchez-ceren-y-quijano-se-muestran-abiertos-a-alianzas-para-la-segunda-vuelta\\\/#organizationLogo\"},\"image\":{\"@id\":\"https:\\\/\\\/www.eldigitaldeasturias.com\\\/noticias\\\/sanchez-ceren-y-quijano-se-muestran-abiertos-a-alianzas-para-la-segunda-vuelta\\\/#organizationLogo\"},\"sameAs\":[\"https:\\\/\\\/facebook.com\\\/eldigitaldeasturias\",\"https:\\\/\\\/www.youtube.com\\\/channel\\\/UCZP-2wLEB9Rv6erhFmqVnvg\"],\"address\":{\"@id\":\"https:\\\/\\\/www.eldigitaldeasturias.com\\\/noticias\\\/#postaladdress\",\"@type\":\"PostalAddress\",\"streetAddress\":\"san antonio 4\",\"postalCode\":\"33430\",\"addressLocality\":\"Cand\\u00e1s\",\"addressRegion\":\"Asturias\",\"addressCountry\":\"ES\"}},{\"@type\":\"Person\",\"@id\":\"https:\\\/\\\/www.eldigitaldeasturias.com\\\/noticias\\\/author\\\/admin\\\/#author\",\"url\":\"https:\\\/\\\/www.eldigitaldeasturias.com\\\/noticias\\\/author\\\/admin\\\/\",\"name\":\"El Digital de Asturias\",\"image\":{\"@type\":\"ImageObject\",\"@id\":\"https:\\\/\\\/www.eldigitaldeasturias.com\\\/noticias\\\/sanchez-ceren-y-quijano-se-muestran-abiertos-a-alianzas-para-la-segunda-vuelta\\\/#authorImage\",\"url\":\"https:\\\/\\\/secure.gravatar.com\\\/avatar\\\/df2aeffc32bcd13f8d26072ef8a91b623d677766deac7f97ca815868cd41bf5e?s=96&d=mm&r=g\",\"width\":96,\"height\":96,\"caption\":\"El Digital de Asturias\"}},{\"@type\":\"WebPage\",\"@id\":\"https:\\\/\\\/www.eldigitaldeasturias.com\\\/noticias\\\/sanchez-ceren-y-quijano-se-muestran-abiertos-a-alianzas-para-la-segunda-vuelta\\\/#webpage\",\"url\":\"https:\\\/\\\/www.eldigitaldeasturias.com\\\/noticias\\\/sanchez-ceren-y-quijano-se-muestran-abiertos-a-alianzas-para-la-segunda-vuelta\\\/\",\"name\":\"S\\u00e1nchez Cer\\u00e9n y Quijano se muestran abiertos a alianzas para la segunda vuelta - El Digital de Asturias\",\"description\":\"San Salvador, 3 feb (EFE).- El candidato oficialista, Salvador S\\u00e1nchez Cer\\u00e9n, y el opositor, Norman Quijano, anunciaron hoy que est\\u00e1n abiertos a alianzas con otros grupos pol\\u00edticos para la segunda vuelta, tras las elecciones del domingo en El Salvador. S\\u00e1nchez Cer\\u00e9n, del gobernante Frente Farabundo Mart\\u00ed para la Liberaci\\u00f3n Nacional (FMLN), se impuso a Quijano,\",\"inLanguage\":\"es-ES\",\"isPartOf\":{\"@id\":\"https:\\\/\\\/www.eldigitaldeasturias.com\\\/noticias\\\/#website\"},\"breadcrumb\":{\"@id\":\"https:\\\/\\\/www.eldigitaldeasturias.com\\\/noticias\\\/sanchez-ceren-y-quijano-se-muestran-abiertos-a-alianzas-para-la-segunda-vuelta\\\/#breadcrumblist\"},\"author\":{\"@id\":\"https:\\\/\\\/www.eldigitaldeasturias.com\\\/noticias\\\/author\\\/admin\\\/#author\"},\"creator\":{\"@id\":\"https:\\\/\\\/www.eldigitaldeasturias.com\\\/noticias\\\/author\\\/admin\\\/#author\"},\"image\":{\"@type\":\"ImageObject\",\"url\":482965,\"@id\":\"https:\\\/\\\/www.eldigitaldeasturias.com\\\/noticias\\\/sanchez-ceren-y-quijano-se-muestran-abiertos-a-alianzas-para-la-segunda-vuelta\\\/#mainImage\"},\"primaryImageOfPage\":{\"@id\":\"https:\\\/\\\/www.eldigitaldeasturias.com\\\/noticias\\\/sanchez-ceren-y-quijano-se-muestran-abiertos-a-alianzas-para-la-segunda-vuelta\\\/#mainImage\"},\"datePublished\":\"2014-02-03T22:18:24+01:00\",\"dateModified\":\"2014-02-03T22:18:24+01:00\"},{\"@type\":\"WebSite\",\"@id\":\"https:\\\/\\\/www.eldigitaldeasturias.com\\\/noticias\\\/#website\",\"url\":\"https:\\\/\\\/www.eldigitaldeasturias.com\\\/noticias\\\/\",\"name\":\"El Digital de Asturias - Diario de actualidad y noticias\",\"alternateName\":\"El Digital de Asturias - Diario de actualidad y noticias\",\"description\":\"Hemeroteca\",\"inLanguage\":\"es-ES\",\"publisher\":{\"@id\":\"https:\\\/\\\/www.eldigitaldeasturias.com\\\/noticias\\\/#organization\"}}]}\n\t\t<\/script>\n\t\t<!-- All in One SEO Pro -->\r\n\t\t<title>S\u00e1nchez Cer\u00e9n y Quijano se muestran abiertos a alianzas para la segunda vuelta - El Digital de Asturias<\/title>\n\n","aioseo_head_json":{"title":"S\u00e1nchez Cer\u00e9n y Quijano se muestran abiertos a alianzas para la segunda vuelta - El Digital de Asturias","description":"San Salvador, 3 feb (EFE).- El candidato oficialista, Salvador S\u00e1nchez Cer\u00e9n, y el opositor, Norman Quijano, anunciaron hoy que est\u00e1n abiertos a alianzas con otros grupos pol\u00edticos para la segunda vuelta, tras las elecciones del domingo en El Salvador. S\u00e1nchez Cer\u00e9n, del gobernante Frente Farabundo Mart\u00ed para la Liberaci\u00f3n Nacional (FMLN), se impuso a Quijano,","canonical_url":"https:\/\/www.eldigitaldeasturias.com\/noticias\/sanchez-ceren-y-quijano-se-muestran-abiertos-a-alianzas-para-la-segunda-vuelta\/","robots":"max-image-preview:large","keywords":"actualidad","webmasterTools":{"google-site-verification":"UA-38556648-1","msvalidate.01":"7dfe9f3f1b24437ab69f4f2559babe99","miscellaneous":""},"schema":{"@context":"https:\/\/schema.org","@graph":[{"@type":"BlogPosting","@id":"https:\/\/www.eldigitaldeasturias.com\/noticias\/sanchez-ceren-y-quijano-se-muestran-abiertos-a-alianzas-para-la-segunda-vuelta\/#blogposting","name":"S\u00e1nchez Cer\u00e9n y Quijano se muestran abiertos a alianzas para la segunda vuelta - El Digital de Asturias","headline":"S\u00e1nchez Cer\u00e9n y Quijano se muestran abiertos a alianzas para la segunda vuelta","author":{"@id":"https:\/\/www.eldigitaldeasturias.com\/noticias\/author\/admin\/#author"},"publisher":{"@id":"https:\/\/www.eldigitaldeasturias.com\/noticias\/#organization"},"image":{"@type":"ImageObject","url":482965},"datePublished":"2014-02-03T22:18:24+01:00","dateModified":"2014-02-03T22:18:24+01:00","inLanguage":"es-ES","mainEntityOfPage":{"@id":"https:\/\/www.eldigitaldeasturias.com\/noticias\/sanchez-ceren-y-quijano-se-muestran-abiertos-a-alianzas-para-la-segunda-vuelta\/#webpage"},"isPartOf":{"@id":"https:\/\/www.eldigitaldeasturias.com\/noticias\/sanchez-ceren-y-quijano-se-muestran-abiertos-a-alianzas-para-la-segunda-vuelta\/#webpage"},"articleSection":"Actualidad"},{"@type":"BreadcrumbList","@id":"https:\/\/www.eldigitaldeasturias.com\/noticias\/sanchez-ceren-y-quijano-se-muestran-abiertos-a-alianzas-para-la-segunda-vuelta\/#breadcrumblist","itemListElement":[{"@type":"ListItem","@id":"https:\/\/www.eldigitaldeasturias.com\/noticias#listItem","position":1,"name":"Home","item":"https:\/\/www.eldigitaldeasturias.com\/noticias","nextItem":{"@type":"ListItem","@id":"https:\/\/www.eldigitaldeasturias.com\/noticias\/category\/actualidad\/#listItem","name":"Actualidad"}},{"@type":"ListItem","@id":"https:\/\/www.eldigitaldeasturias.com\/noticias\/category\/actualidad\/#listItem","position":2,"name":"Actualidad","item":"https:\/\/www.eldigitaldeasturias.com\/noticias\/category\/actualidad\/","nextItem":{"@type":"ListItem","@id":"https:\/\/www.eldigitaldeasturias.com\/noticias\/sanchez-ceren-y-quijano-se-muestran-abiertos-a-alianzas-para-la-segunda-vuelta\/#listItem","name":"S\u00e1nchez Cer\u00e9n y Quijano se muestran abiertos a alianzas para la segunda vuelta"},"previousItem":{"@type":"ListItem","@id":"https:\/\/www.eldigitaldeasturias.com\/noticias#listItem","name":"Home"}},{"@type":"ListItem","@id":"https:\/\/www.eldigitaldeasturias.com\/noticias\/sanchez-ceren-y-quijano-se-muestran-abiertos-a-alianzas-para-la-segunda-vuelta\/#listItem","position":3,"name":"S\u00e1nchez Cer\u00e9n y Quijano se muestran abiertos a alianzas para la segunda vuelta","previousItem":{"@type":"ListItem","@id":"https:\/\/www.eldigitaldeasturias.com\/noticias\/category\/actualidad\/#listItem","name":"Actualidad"}}]},{"@type":"Organization","@id":"https:\/\/www.eldigitaldeasturias.com\/noticias\/#organization","name":"El Digital de Asturias","description":"Hemeroteca","url":"https:\/\/www.eldigitaldeasturias.com\/noticias\/","email":"info@eldigitaldeasturias.com","telephone":"+34652131393","logo":{"@type":"ImageObject","url":"https:\/\/www.eldigitaldeasturias.com\/noticias\/wp-content\/uploads\/2020\/12\/EDA.jpg","@id":"https:\/\/www.eldigitaldeasturias.com\/noticias\/sanchez-ceren-y-quijano-se-muestran-abiertos-a-alianzas-para-la-segunda-vuelta\/#organizationLogo"},"image":{"@id":"https:\/\/www.eldigitaldeasturias.com\/noticias\/sanchez-ceren-y-quijano-se-muestran-abiertos-a-alianzas-para-la-segunda-vuelta\/#organizationLogo"},"sameAs":["https:\/\/facebook.com\/eldigitaldeasturias","https:\/\/www.youtube.com\/channel\/UCZP-2wLEB9Rv6erhFmqVnvg"],"address":{"@id":"https:\/\/www.eldigitaldeasturias.com\/noticias\/#postaladdress","@type":"PostalAddress","streetAddress":"san antonio 4","postalCode":"33430","addressLocality":"Cand\u00e1s","addressRegion":"Asturias","addressCountry":"ES"}},{"@type":"Person","@id":"https:\/\/www.eldigitaldeasturias.com\/noticias\/author\/admin\/#author","url":"https:\/\/www.eldigitaldeasturias.com\/noticias\/author\/admin\/","name":"El Digital de Asturias","image":{"@type":"ImageObject","@id":"https:\/\/www.eldigitaldeasturias.com\/noticias\/sanchez-ceren-y-quijano-se-muestran-abiertos-a-alianzas-para-la-segunda-vuelta\/#authorImage","url":"https:\/\/secure.gravatar.com\/avatar\/df2aeffc32bcd13f8d26072ef8a91b623d677766deac7f97ca815868cd41bf5e?s=96&d=mm&r=g","width":96,"height":96,"caption":"El Digital de Asturias"}},{"@type":"WebPage","@id":"https:\/\/www.eldigitaldeasturias.com\/noticias\/sanchez-ceren-y-quijano-se-muestran-abiertos-a-alianzas-para-la-segunda-vuelta\/#webpage","url":"https:\/\/www.eldigitaldeasturias.com\/noticias\/sanchez-ceren-y-quijano-se-muestran-abiertos-a-alianzas-para-la-segunda-vuelta\/","name":"S\u00e1nchez Cer\u00e9n y Quijano se muestran abiertos a alianzas para la segunda vuelta - El Digital de Asturias","description":"San Salvador, 3 feb (EFE).- El candidato oficialista, Salvador S\u00e1nchez Cer\u00e9n, y el opositor, Norman Quijano, anunciaron hoy que est\u00e1n abiertos a alianzas con otros grupos pol\u00edticos para la segunda vuelta, tras las elecciones del domingo en El Salvador. S\u00e1nchez Cer\u00e9n, del gobernante Frente Farabundo Mart\u00ed para la Liberaci\u00f3n Nacional (FMLN), se impuso a Quijano,","inLanguage":"es-ES","isPartOf":{"@id":"https:\/\/www.eldigitaldeasturias.com\/noticias\/#website"},"breadcrumb":{"@id":"https:\/\/www.eldigitaldeasturias.com\/noticias\/sanchez-ceren-y-quijano-se-muestran-abiertos-a-alianzas-para-la-segunda-vuelta\/#breadcrumblist"},"author":{"@id":"https:\/\/www.eldigitaldeasturias.com\/noticias\/author\/admin\/#author"},"creator":{"@id":"https:\/\/www.eldigitaldeasturias.com\/noticias\/author\/admin\/#author"},"image":{"@type":"ImageObject","url":482965,"@id":"https:\/\/www.eldigitaldeasturias.com\/noticias\/sanchez-ceren-y-quijano-se-muestran-abiertos-a-alianzas-para-la-segunda-vuelta\/#mainImage"},"primaryImageOfPage":{"@id":"https:\/\/www.eldigitaldeasturias.com\/noticias\/sanchez-ceren-y-quijano-se-muestran-abiertos-a-alianzas-para-la-segunda-vuelta\/#mainImage"},"datePublished":"2014-02-03T22:18:24+01:00","dateModified":"2014-02-03T22:18:24+01:00"},{"@type":"WebSite","@id":"https:\/\/www.eldigitaldeasturias.com\/noticias\/#website","url":"https:\/\/www.eldigitaldeasturias.com\/noticias\/","name":"El Digital de Asturias - Diario de actualidad y noticias","alternateName":"El Digital de Asturias - Diario de actualidad y noticias","description":"Hemeroteca","inLanguage":"es-ES","publisher":{"@id":"https:\/\/www.eldigitaldeasturias.com\/noticias\/#organization"}}]},"og:locale":"es_ES","og:site_name":"El Digital de Asturias","og:type":"article","og:title":"S\u00e1nchez Cer\u00e9n y Quijano se muestran abiertos a alianzas para la segunda vuelta - El Digital de Asturias","og:description":"San Salvador, 3 feb (EFE).- El candidato oficialista, Salvador S\u00e1nchez Cer\u00e9n, y el opositor, Norman Quijano, anunciaron hoy que est\u00e1n abiertos a alianzas con otros grupos pol\u00edticos para la segunda vuelta, tras las elecciones del domingo en El Salvador. S\u00e1nchez Cer\u00e9n, del gobernante Frente Farabundo Mart\u00ed para la Liberaci\u00f3n Nacional (FMLN), se impuso a Quijano,","og:url":"https:\/\/www.eldigitaldeasturias.com\/noticias\/sanchez-ceren-y-quijano-se-muestran-abiertos-a-alianzas-para-la-segunda-vuelta\/","article:tag":["actualidad"],"article:published_time":"2014-02-03T23:18:24+00:00","article:modified_time":"2014-02-03T23:18:24+00:00","article:publisher":"https:\/\/facebook.com\/eldigitaldeasturias","twitter:card":"summary_large_image","twitter:title":"S\u00e1nchez Cer\u00e9n y Quijano se muestran abiertos a alianzas para la segunda vuelta - El Digital de Asturias","twitter:description":"San Salvador, 3 feb (EFE).- El candidato oficialista, Salvador S\u00e1nchez Cer\u00e9n, y el opositor, Norman Quijano, anunciaron hoy que est\u00e1n abiertos a alianzas con otros grupos pol\u00edticos para la segunda vuelta, tras las elecciones del domingo en El Salvador. S\u00e1nchez Cer\u00e9n, del gobernante Frente Farabundo Mart\u00ed para la Liberaci\u00f3n Nacional (FMLN), se impuso a Quijano,","twitter:label1":"Escrito por","twitter:data1":"El Digital de Asturias","twitter:label2":"Tiempo de lectura estimado","twitter:data2":"2 minutos"},"aioseo_meta_data":{"post_id":"482964","title":null,"description":null,"keywords":null,"keyphrases":null,"primary_term":null,"canonical_url":null,"og_title":null,"og_description":null,"og_object_type":"default","og_image_type":"default","og_image_url":null,"og_image_width":null,"og_image_height":null,"og_image_custom_url":null,"og_image_custom_fields":null,"og_video":null,"og_custom_url":null,"og_article_section":null,"og_article_tags":null,"twitter_use_og":true,"twitter_card":"default","twitter_image_type":"default","twitter_image_url":null,"twitter_image_custom_url":null,"twitter_image_custom_fields":null,"twitter_title":null,"twitter_description":null,"schema":{"blockGraphs":[],"customGraphs":[],"default":{"data":{"Article":[],"Course":[],"Dataset":[],"FAQPage":[],"Movie":[],"Person":[],"Product":[],"ProductReview":[],"Car":[],"Recipe":[],"Service":[],"SoftwareApplication":[],"WebPage":[]},"graphName":"","isEnabled":true},"graphs":[],"defaultGraph":"","defaultPostTypeGraph":""},"schema_type":null,"schema_type_options":null,"pillar_content":false,"robots_default":true,"robots_noindex":false,"robots_noarchive":false,"robots_nosnippet":false,"robots_nofollow":false,"robots_noimageindex":false,"robots_noodp":false,"robots_notranslate":false,"robots_max_snippet":null,"robots_max_videopreview":null,"robots_max_imagepreview":"none","priority":null,"frequency":null,"local_seo":null,"seo_analyzer_scan_date":"2026-06-02 11:24:57","breadcrumb_settings":null,"limit_modified_date":false,"open_ai":null,"ai":null,"created":"2020-11-14 22:54:42","updated":"2026-06-02 11:24:57","focus_keyword":null,"additional_keywords":null,"truseo_locale":null},"aioseo_breadcrumb":"<div class=\"aioseo-breadcrumbs\"><span class=\"aioseo-breadcrumb\">\n\t<a href=\"https:\/\/www.eldigitaldeasturias.com\/noticias\" title=\"Home\">Home<\/a>\n<\/span><span class=\"aioseo-breadcrumb-separator\">\u2013<\/span><span class=\"aioseo-breadcrumb\">\n\t<a href=\"https:\/\/www.eldigitaldeasturias.com\/noticias\/category\/actualidad\/\" title=\"Actualidad\">Actualidad<\/a>\n<\/span><span class=\"aioseo-breadcrumb-separator\">\u2013<\/span><span class=\"aioseo-breadcrumb\">\n\t<a href=\"https:\/\/www.eldigitaldeasturias.com\/noticias\/sanchez-ceren-y-quijano-se-muestran-abiertos-a-alianzas-para-la-segunda-vuelta\/\" title=\"S\u00e1nchez Cer\u00e9n y Quijano se muestran abiertos a alianzas para la segunda vuelta\">S\u00e1nchez Cer\u00e9n y Quijano se muestran abiertos a alianzas para la segunda vuelta<\/a>\n<\/span><\/div>","aioseo_breadcrumb_json":[{"label":"Home","link":"https:\/\/www.eldigitaldeasturias.com\/noticias"},{"label":"Actualidad","link":"https:\/\/www.eldigitaldeasturias.com\/noticias\/category\/actualidad\/"},{"label":"S\u00e1nchez Cer\u00e9n y Quijano se muestran abiertos a alianzas para la segunda vuelta","link":"https:\/\/www.eldigitaldeasturias.com\/noticias\/sanchez-ceren-y-quijano-se-muestran-abiertos-a-alianzas-para-la-segunda-vuelta\/"}],"_links":{"self":[{"href":"https:\/\/www.eldigitaldeasturias.com\/noticias\/wp-json\/wp\/v2\/posts\/482964","targetHints":{"allow":["GET"]}}],"collection":[{"href":"https:\/\/www.eldigitaldeasturias.com\/noticias\/wp-json\/wp\/v2\/posts"}],"about":[{"href":"https:\/\/www.eldigitaldeasturias.com\/noticias\/wp-json\/wp\/v2\/types\/post"}],"author":[{"embeddable":true,"href":"https:\/\/www.eldigitaldeasturias.com\/noticias\/wp-json\/wp\/v2\/users\/1"}],"replies":[{"embeddable":true,"href":"https:\/\/www.eldigitaldeasturias.com\/noticias\/wp-json\/wp\/v2\/comments?post=482964"}],"version-history":[{"count":0,"href":"https:\/\/www.eldigitaldeasturias.com\/noticias\/wp-json\/wp\/v2\/posts\/482964\/revisions"}],"wp:attachment":[{"href":"https:\/\/www.eldigitaldeasturias.com\/noticias\/wp-json\/wp\/v2\/media?parent=482964"}],"wp:term":[{"taxonomy":"category","embeddable":true,"href":"https:\/\/www.eldigitaldeasturias.com\/noticias\/wp-json\/wp\/v2\/categories?post=482964"},{"taxonomy":"post_tag","embeddable":true,"href":"https:\/\/www.eldigitaldeasturias.com\/noticias\/wp-json\/wp\/v2\/tags?post=482964"}],"curies":[{"name":"wp","href":"https:\/\/api.w.org\/{rel}","templated":true}]}}