{"id":482958,"date":"2014-02-03T22:14:02","date_gmt":"2014-02-03T23:14:02","guid":{"rendered":"http:\/\/www.eldigitaldeasturias.com\/noticias\/?p=482958"},"modified":"2014-02-03T22:14:02","modified_gmt":"2014-02-03T23:14:02","slug":"roca-cree-que-cataluna-y-espana-necesitan-hablarse-y-entenderse","status":"publish","type":"post","link":"https:\/\/www.eldigitaldeasturias.com\/noticias\/roca-cree-que-cataluna-y-espana-necesitan-hablarse-y-entenderse\/","title":{"rendered":"Roca cree que Catalu\u00f1a y Espa\u00f1a necesitan \u00abhablarse y entenderse\u00bb"},"content":{"rendered":"<p><img loading=\"lazy\" decoding=\"async\" class=\"alignleft size-medium wp-image-482959\" alt=\"5904896w\" src=\"https:\/\/www.eldigitaldeasturias.com\/noticias\/wp-content\/uploads\/2014\/02\/5904896w-360x232.jpg\" width=\"360\" height=\"232\" \/>Barcelona, 3 feb (EFE).- El exdiputado de CiU y uno de los &#8216;padres&#8217; de la Constituci\u00f3n, el abogado Miquel Roca, ha considerado hoy que Catalu\u00f1a y el resto de Espa\u00f1a necesitan \u00abclar\u00edsimamente hablarse, entenderse y escuchar las voces\u00bb desde el mutuo \u00abrespeto y comprensi\u00f3n\u00bb.<\/p>\n<p>En la presentaci\u00f3n de la conferencia de la presidenta andaluza, Susana D\u00edaz, en el Foro Barcelona Tribuna, organizado por el diario La Vanguardia, la Asociaci\u00f3n Espa\u00f1ola de Directivos y la Societat \u00abAmics del Pa\u00eds\u00bb -que \u00e9l mismo preside-, Roca ha recordado que Catalu\u00f1a y Andaluc\u00eda \u00abhan liderado el cambio democr\u00e1tico en Espa\u00f1a\u00bb.<\/p>\n<p>\u00abPor lo tanto, es l\u00f3gico que, en un momento de gran complejidad en nuestra vida pol\u00edtica, lo que Andaluc\u00eda pueda decir tiene gran importancia\u00bb, ha se\u00f1alado el abogado catal\u00e1n, que ha lamentado que, \u00aben este momento, los discursos no transcurren en paralelo, sino alej\u00e1ndose, y esto no deja de ser un motivo de com\u00fan preocupaci\u00f3n\u00bb.<\/p>\n<p>\u00abHay quien dice que los problemas se arreglan cuando se coincide en la preocupaci\u00f3n ante el problema -ha se\u00f1alado-. Cuando desde posiciones distintas se constata con preocupaci\u00f3n el alejamiento, puede ser que se est\u00e9n empezando a sentar las bases para la aproximaci\u00f3n\u00bb.<\/p>\n<p>A su juicio, \u00abnecesitamos clar\u00edsimamente hablarnos e entendernos\u00bb, ha resaltado Roca, que incluso ha sugerido que, a diferencia de otras ocasiones, ha hecho su presentaci\u00f3n en castellano y no en catal\u00e1n, para que se puedan as\u00ed \u00absentar las bases de un espacio de coincidencia com\u00fan\u00bb.<\/p>\n<p>M\u00e1s a\u00fan en una situaci\u00f3n \u00abcompleja y complicada\u00bb, en la que Roca ha recordado que \u00ablo m\u00e1s importante es escuchar las voces\u00bb, algo que \u00abse tendr\u00e1 que hacer desde mucho respeto y comprensi\u00f3n, desde el reconocimiento de lo que representan identidades tan distintas y tan orgullosas de su propia identidad\u00bb.<\/p>\n<p>Tambi\u00e9n desde el reto de \u00abasumir una responsabilidad para que desde la discrepancia seamos capaces de generar bases de entendimiento\u00bb, ha insistido el exdirigente de CiU.<\/p>\n<p>Roca ha elogiado a D\u00edaz, a la que ha calificado de \u00abla m\u00e1s conocida de la nueva generaci\u00f3n de l\u00edderes pol\u00edticos espa\u00f1oles y representa realmente un cambio generacional muy importante en el mundo de la pol\u00edtica\u00bb, y ha destacado la \u00abgran expectaci\u00f3n\u00bb de su visita a Barcelona, donde se ha reunido hoy con el presidente catal\u00e1n, Artur Mas.<\/p>\n<p>\u00abHoy queremos escuchar su voz, porque estamos deseosos y yo tambi\u00e9n convencido de que estas palabras sirvan para crear, para construir el tejido en el que poder descansar bases de coincidencia. Lo deseo vivamente\u00bb, ha concluido.<\/p>\n","protected":false},"excerpt":{"rendered":"<p>Barcelona, 3 feb (EFE).- El exdiputado de CiU y uno de los &#8216;padres&#8217; de la Constituci\u00f3n, el abogado Miquel Roca, ha considerado hoy que Catalu\u00f1a y el resto de Espa\u00f1a necesitan \u00abclar\u00edsimamente hablarse, entenderse y escuchar las voces\u00bb desde el mutuo \u00abrespeto y comprensi\u00f3n\u00bb. En la presentaci\u00f3n de la conferencia de la presidenta andaluza, Susana [&hellip;]<\/p>\n","protected":false},"author":1,"featured_media":482959,"comment_status":"closed","ping_status":"open","sticky":false,"template":"","format":"standard","meta":{"footnotes":""},"categories":[1],"tags":[],"class_list":["post-482958","post","type-post","status-publish","format-standard","has-post-thumbnail","hentry","category-actualidad"],"aioseo_notices":[],"aioseo_head":"\n\t\t<!-- All in One SEO Pro 5.0.1 - aioseo.com -->\n\t<meta name=\"description\" content=\"Barcelona, 3 feb (EFE).- El exdiputado de CiU y uno de los &#039;padres&#039; de la Constituci\u00f3n, el abogado Miquel Roca, ha considerado hoy que Catalu\u00f1a y el resto de Espa\u00f1a necesitan &quot;clar\u00edsimamente hablarse, entenderse y escuchar las voces&quot; desde el mutuo &quot;respeto y comprensi\u00f3n&quot;. En la presentaci\u00f3n de la conferencia de la presidenta andaluza, Susana\" \/>\n\t<meta name=\"robots\" content=\"max-image-preview:large\" \/>\n\t<meta name=\"author\" content=\"El Digital de Asturias\"\/>\n\t<meta name=\"google-site-verification\" content=\"UA-38556648-1\" \/>\n\t<meta name=\"msvalidate.01\" content=\"7dfe9f3f1b24437ab69f4f2559babe99\" \/>\n\t<meta name=\"keywords\" content=\"actualidad\" \/>\n\t<link rel=\"canonical\" href=\"https:\/\/www.eldigitaldeasturias.com\/noticias\/roca-cree-que-cataluna-y-espana-necesitan-hablarse-y-entenderse\/\" \/>\n\t<meta name=\"generator\" content=\"All in One SEO Pro (AIOSEO) 5.0.1\" \/>\n\t\t<meta property=\"og:locale\" content=\"es_ES\" \/>\n\t\t<meta property=\"og:site_name\" content=\"El Digital de Asturias\" \/>\n\t\t<meta property=\"og:type\" content=\"article\" \/>\n\t\t<meta property=\"og:title\" content=\"Roca cree que Catalu\u00f1a y Espa\u00f1a necesitan \u00abhablarse y entenderse\u00bb - El Digital de Asturias\" \/>\n\t\t<meta property=\"og:description\" content=\"Barcelona, 3 feb (EFE).- El exdiputado de CiU y uno de los &#039;padres&#039; de la Constituci\u00f3n, el abogado Miquel Roca, ha considerado hoy que Catalu\u00f1a y el resto de Espa\u00f1a necesitan &quot;clar\u00edsimamente hablarse, entenderse y escuchar las voces&quot; desde el mutuo &quot;respeto y comprensi\u00f3n&quot;. En la presentaci\u00f3n de la conferencia de la presidenta andaluza, Susana\" \/>\n\t\t<meta property=\"og:url\" content=\"https:\/\/www.eldigitaldeasturias.com\/noticias\/roca-cree-que-cataluna-y-espana-necesitan-hablarse-y-entenderse\/\" \/>\n\t\t<meta property=\"article:tag\" content=\"actualidad\" \/>\n\t\t<meta property=\"article:published_time\" content=\"2014-02-03T23:14:02+00:00\" \/>\n\t\t<meta property=\"article:modified_time\" content=\"2014-02-03T23:14:02+00:00\" \/>\n\t\t<meta property=\"article:publisher\" content=\"https:\/\/facebook.com\/eldigitaldeasturias\" \/>\n\t\t<meta name=\"twitter:card\" content=\"summary_large_image\" \/>\n\t\t<meta name=\"twitter:title\" content=\"Roca cree que Catalu\u00f1a y Espa\u00f1a necesitan \u00abhablarse y entenderse\u00bb - El Digital de Asturias\" \/>\n\t\t<meta name=\"twitter:description\" content=\"Barcelona, 3 feb (EFE).- El exdiputado de CiU y uno de los &#039;padres&#039; de la Constituci\u00f3n, el abogado Miquel Roca, ha considerado hoy que Catalu\u00f1a y el resto de Espa\u00f1a necesitan &quot;clar\u00edsimamente hablarse, entenderse y escuchar las voces&quot; desde el mutuo &quot;respeto y comprensi\u00f3n&quot;. En la presentaci\u00f3n de la conferencia de la presidenta andaluza, Susana\" \/>\n\t\t<meta name=\"twitter:label1\" content=\"Escrito por\" \/>\n\t\t<meta name=\"twitter:data1\" content=\"El Digital de Asturias\" \/>\n\t\t<meta name=\"twitter:label2\" content=\"Tiempo de lectura estimado\" \/>\n\t\t<meta name=\"twitter:data2\" content=\"2 minutos\" \/>\n\t\t<script type=\"application\/ld+json\" class=\"aioseo-schema\">\n\t\t\t{\"@context\":\"https:\\\/\\\/schema.org\",\"@graph\":[{\"@type\":\"BlogPosting\",\"@id\":\"https:\\\/\\\/www.eldigitaldeasturias.com\\\/noticias\\\/roca-cree-que-cataluna-y-espana-necesitan-hablarse-y-entenderse\\\/#blogposting\",\"name\":\"Roca cree que Catalu\\u00f1a y Espa\\u00f1a necesitan \\u00abhablarse y entenderse\\u00bb - El Digital de Asturias\",\"headline\":\"Roca cree que Catalu\\u00f1a y Espa\\u00f1a necesitan \\u00abhablarse y entenderse\\u00bb\",\"author\":{\"@id\":\"https:\\\/\\\/www.eldigitaldeasturias.com\\\/noticias\\\/author\\\/admin\\\/#author\"},\"publisher\":{\"@id\":\"https:\\\/\\\/www.eldigitaldeasturias.com\\\/noticias\\\/#organization\"},\"image\":{\"@type\":\"ImageObject\",\"url\":482959},\"datePublished\":\"2014-02-03T22:14:02+01:00\",\"dateModified\":\"2014-02-03T22:14:02+01:00\",\"inLanguage\":\"es-ES\",\"mainEntityOfPage\":{\"@id\":\"https:\\\/\\\/www.eldigitaldeasturias.com\\\/noticias\\\/roca-cree-que-cataluna-y-espana-necesitan-hablarse-y-entenderse\\\/#webpage\"},\"isPartOf\":{\"@id\":\"https:\\\/\\\/www.eldigitaldeasturias.com\\\/noticias\\\/roca-cree-que-cataluna-y-espana-necesitan-hablarse-y-entenderse\\\/#webpage\"},\"articleSection\":\"Actualidad\"},{\"@type\":\"BreadcrumbList\",\"@id\":\"https:\\\/\\\/www.eldigitaldeasturias.com\\\/noticias\\\/roca-cree-que-cataluna-y-espana-necesitan-hablarse-y-entenderse\\\/#breadcrumblist\",\"itemListElement\":[{\"@type\":\"ListItem\",\"@id\":\"https:\\\/\\\/www.eldigitaldeasturias.com\\\/noticias#listItem\",\"position\":1,\"name\":\"Home\",\"item\":\"https:\\\/\\\/www.eldigitaldeasturias.com\\\/noticias\",\"nextItem\":{\"@type\":\"ListItem\",\"@id\":\"https:\\\/\\\/www.eldigitaldeasturias.com\\\/noticias\\\/category\\\/actualidad\\\/#listItem\",\"name\":\"Actualidad\"}},{\"@type\":\"ListItem\",\"@id\":\"https:\\\/\\\/www.eldigitaldeasturias.com\\\/noticias\\\/category\\\/actualidad\\\/#listItem\",\"position\":2,\"name\":\"Actualidad\",\"item\":\"https:\\\/\\\/www.eldigitaldeasturias.com\\\/noticias\\\/category\\\/actualidad\\\/\",\"nextItem\":{\"@type\":\"ListItem\",\"@id\":\"https:\\\/\\\/www.eldigitaldeasturias.com\\\/noticias\\\/roca-cree-que-cataluna-y-espana-necesitan-hablarse-y-entenderse\\\/#listItem\",\"name\":\"Roca cree que Catalu\\u00f1a y Espa\\u00f1a necesitan \\u00abhablarse y entenderse\\u00bb\"},\"previousItem\":{\"@type\":\"ListItem\",\"@id\":\"https:\\\/\\\/www.eldigitaldeasturias.com\\\/noticias#listItem\",\"name\":\"Home\"}},{\"@type\":\"ListItem\",\"@id\":\"https:\\\/\\\/www.eldigitaldeasturias.com\\\/noticias\\\/roca-cree-que-cataluna-y-espana-necesitan-hablarse-y-entenderse\\\/#listItem\",\"position\":3,\"name\":\"Roca cree que Catalu\\u00f1a y Espa\\u00f1a necesitan \\u00abhablarse y entenderse\\u00bb\",\"previousItem\":{\"@type\":\"ListItem\",\"@id\":\"https:\\\/\\\/www.eldigitaldeasturias.com\\\/noticias\\\/category\\\/actualidad\\\/#listItem\",\"name\":\"Actualidad\"}}]},{\"@type\":\"Organization\",\"@id\":\"https:\\\/\\\/www.eldigitaldeasturias.com\\\/noticias\\\/#organization\",\"name\":\"El Digital de Asturias\",\"description\":\"Hemeroteca\",\"url\":\"https:\\\/\\\/www.eldigitaldeasturias.com\\\/noticias\\\/\",\"email\":\"info@eldigitaldeasturias.com\",\"telephone\":\"+34652131393\",\"logo\":{\"@type\":\"ImageObject\",\"url\":\"https:\\\/\\\/www.eldigitaldeasturias.com\\\/noticias\\\/wp-content\\\/uploads\\\/2020\\\/12\\\/EDA.jpg\",\"@id\":\"https:\\\/\\\/www.eldigitaldeasturias.com\\\/noticias\\\/roca-cree-que-cataluna-y-espana-necesitan-hablarse-y-entenderse\\\/#organizationLogo\"},\"image\":{\"@id\":\"https:\\\/\\\/www.eldigitaldeasturias.com\\\/noticias\\\/roca-cree-que-cataluna-y-espana-necesitan-hablarse-y-entenderse\\\/#organizationLogo\"},\"sameAs\":[\"https:\\\/\\\/facebook.com\\\/eldigitaldeasturias\",\"https:\\\/\\\/www.youtube.com\\\/channel\\\/UCZP-2wLEB9Rv6erhFmqVnvg\"],\"address\":{\"@id\":\"https:\\\/\\\/www.eldigitaldeasturias.com\\\/noticias\\\/#postaladdress\",\"@type\":\"PostalAddress\",\"streetAddress\":\"san antonio 4\",\"postalCode\":\"33430\",\"addressLocality\":\"Cand\\u00e1s\",\"addressRegion\":\"Asturias\",\"addressCountry\":\"ES\"}},{\"@type\":\"Person\",\"@id\":\"https:\\\/\\\/www.eldigitaldeasturias.com\\\/noticias\\\/author\\\/admin\\\/#author\",\"url\":\"https:\\\/\\\/www.eldigitaldeasturias.com\\\/noticias\\\/author\\\/admin\\\/\",\"name\":\"El Digital de Asturias\",\"image\":{\"@type\":\"ImageObject\",\"@id\":\"https:\\\/\\\/www.eldigitaldeasturias.com\\\/noticias\\\/roca-cree-que-cataluna-y-espana-necesitan-hablarse-y-entenderse\\\/#authorImage\",\"url\":\"https:\\\/\\\/secure.gravatar.com\\\/avatar\\\/df2aeffc32bcd13f8d26072ef8a91b623d677766deac7f97ca815868cd41bf5e?s=96&d=mm&r=g\",\"width\":96,\"height\":96,\"caption\":\"El Digital de Asturias\"}},{\"@type\":\"WebPage\",\"@id\":\"https:\\\/\\\/www.eldigitaldeasturias.com\\\/noticias\\\/roca-cree-que-cataluna-y-espana-necesitan-hablarse-y-entenderse\\\/#webpage\",\"url\":\"https:\\\/\\\/www.eldigitaldeasturias.com\\\/noticias\\\/roca-cree-que-cataluna-y-espana-necesitan-hablarse-y-entenderse\\\/\",\"name\":\"Roca cree que Catalu\\u00f1a y Espa\\u00f1a necesitan \\u00abhablarse y entenderse\\u00bb - El Digital de Asturias\",\"description\":\"Barcelona, 3 feb (EFE).- El exdiputado de CiU y uno de los 'padres' de la Constituci\\u00f3n, el abogado Miquel Roca, ha considerado hoy que Catalu\\u00f1a y el resto de Espa\\u00f1a necesitan \\\"clar\\u00edsimamente hablarse, entenderse y escuchar las voces\\\" desde el mutuo \\\"respeto y comprensi\\u00f3n\\\". En la presentaci\\u00f3n de la conferencia de la presidenta andaluza, Susana\",\"inLanguage\":\"es-ES\",\"isPartOf\":{\"@id\":\"https:\\\/\\\/www.eldigitaldeasturias.com\\\/noticias\\\/#website\"},\"breadcrumb\":{\"@id\":\"https:\\\/\\\/www.eldigitaldeasturias.com\\\/noticias\\\/roca-cree-que-cataluna-y-espana-necesitan-hablarse-y-entenderse\\\/#breadcrumblist\"},\"author\":{\"@id\":\"https:\\\/\\\/www.eldigitaldeasturias.com\\\/noticias\\\/author\\\/admin\\\/#author\"},\"creator\":{\"@id\":\"https:\\\/\\\/www.eldigitaldeasturias.com\\\/noticias\\\/author\\\/admin\\\/#author\"},\"image\":{\"@type\":\"ImageObject\",\"url\":482959,\"@id\":\"https:\\\/\\\/www.eldigitaldeasturias.com\\\/noticias\\\/roca-cree-que-cataluna-y-espana-necesitan-hablarse-y-entenderse\\\/#mainImage\"},\"primaryImageOfPage\":{\"@id\":\"https:\\\/\\\/www.eldigitaldeasturias.com\\\/noticias\\\/roca-cree-que-cataluna-y-espana-necesitan-hablarse-y-entenderse\\\/#mainImage\"},\"datePublished\":\"2014-02-03T22:14:02+01:00\",\"dateModified\":\"2014-02-03T22:14:02+01:00\"},{\"@type\":\"WebSite\",\"@id\":\"https:\\\/\\\/www.eldigitaldeasturias.com\\\/noticias\\\/#website\",\"url\":\"https:\\\/\\\/www.eldigitaldeasturias.com\\\/noticias\\\/\",\"name\":\"El Digital de Asturias - Diario de actualidad y noticias\",\"alternateName\":\"El Digital de Asturias - Diario de actualidad y noticias\",\"description\":\"Hemeroteca\",\"inLanguage\":\"es-ES\",\"publisher\":{\"@id\":\"https:\\\/\\\/www.eldigitaldeasturias.com\\\/noticias\\\/#organization\"}}]}\n\t\t<\/script>\n\t\t<!-- All in One SEO Pro -->\r\n\t\t<title>Roca cree que Catalu\u00f1a y Espa\u00f1a necesitan \u00abhablarse y entenderse\u00bb - El Digital de Asturias<\/title>\n\n","aioseo_head_json":{"title":"Roca cree que Catalu\u00f1a y Espa\u00f1a necesitan \u00abhablarse y entenderse\u00bb - El Digital de Asturias","description":"Barcelona, 3 feb (EFE).- El exdiputado de CiU y uno de los 'padres' de la Constituci\u00f3n, el abogado Miquel Roca, ha considerado hoy que Catalu\u00f1a y el resto de Espa\u00f1a necesitan \"clar\u00edsimamente hablarse, entenderse y escuchar las voces\" desde el mutuo \"respeto y comprensi\u00f3n\". En la presentaci\u00f3n de la conferencia de la presidenta andaluza, Susana","canonical_url":"https:\/\/www.eldigitaldeasturias.com\/noticias\/roca-cree-que-cataluna-y-espana-necesitan-hablarse-y-entenderse\/","robots":"max-image-preview:large","keywords":"actualidad","webmasterTools":{"google-site-verification":"UA-38556648-1","msvalidate.01":"7dfe9f3f1b24437ab69f4f2559babe99","miscellaneous":""},"schema":{"@context":"https:\/\/schema.org","@graph":[{"@type":"BlogPosting","@id":"https:\/\/www.eldigitaldeasturias.com\/noticias\/roca-cree-que-cataluna-y-espana-necesitan-hablarse-y-entenderse\/#blogposting","name":"Roca cree que Catalu\u00f1a y Espa\u00f1a necesitan \u00abhablarse y entenderse\u00bb - El Digital de Asturias","headline":"Roca cree que Catalu\u00f1a y Espa\u00f1a necesitan \u00abhablarse y entenderse\u00bb","author":{"@id":"https:\/\/www.eldigitaldeasturias.com\/noticias\/author\/admin\/#author"},"publisher":{"@id":"https:\/\/www.eldigitaldeasturias.com\/noticias\/#organization"},"image":{"@type":"ImageObject","url":482959},"datePublished":"2014-02-03T22:14:02+01:00","dateModified":"2014-02-03T22:14:02+01:00","inLanguage":"es-ES","mainEntityOfPage":{"@id":"https:\/\/www.eldigitaldeasturias.com\/noticias\/roca-cree-que-cataluna-y-espana-necesitan-hablarse-y-entenderse\/#webpage"},"isPartOf":{"@id":"https:\/\/www.eldigitaldeasturias.com\/noticias\/roca-cree-que-cataluna-y-espana-necesitan-hablarse-y-entenderse\/#webpage"},"articleSection":"Actualidad"},{"@type":"BreadcrumbList","@id":"https:\/\/www.eldigitaldeasturias.com\/noticias\/roca-cree-que-cataluna-y-espana-necesitan-hablarse-y-entenderse\/#breadcrumblist","itemListElement":[{"@type":"ListItem","@id":"https:\/\/www.eldigitaldeasturias.com\/noticias#listItem","position":1,"name":"Home","item":"https:\/\/www.eldigitaldeasturias.com\/noticias","nextItem":{"@type":"ListItem","@id":"https:\/\/www.eldigitaldeasturias.com\/noticias\/category\/actualidad\/#listItem","name":"Actualidad"}},{"@type":"ListItem","@id":"https:\/\/www.eldigitaldeasturias.com\/noticias\/category\/actualidad\/#listItem","position":2,"name":"Actualidad","item":"https:\/\/www.eldigitaldeasturias.com\/noticias\/category\/actualidad\/","nextItem":{"@type":"ListItem","@id":"https:\/\/www.eldigitaldeasturias.com\/noticias\/roca-cree-que-cataluna-y-espana-necesitan-hablarse-y-entenderse\/#listItem","name":"Roca cree que Catalu\u00f1a y Espa\u00f1a necesitan \u00abhablarse y entenderse\u00bb"},"previousItem":{"@type":"ListItem","@id":"https:\/\/www.eldigitaldeasturias.com\/noticias#listItem","name":"Home"}},{"@type":"ListItem","@id":"https:\/\/www.eldigitaldeasturias.com\/noticias\/roca-cree-que-cataluna-y-espana-necesitan-hablarse-y-entenderse\/#listItem","position":3,"name":"Roca cree que Catalu\u00f1a y Espa\u00f1a necesitan \u00abhablarse y entenderse\u00bb","previousItem":{"@type":"ListItem","@id":"https:\/\/www.eldigitaldeasturias.com\/noticias\/category\/actualidad\/#listItem","name":"Actualidad"}}]},{"@type":"Organization","@id":"https:\/\/www.eldigitaldeasturias.com\/noticias\/#organization","name":"El Digital de Asturias","description":"Hemeroteca","url":"https:\/\/www.eldigitaldeasturias.com\/noticias\/","email":"info@eldigitaldeasturias.com","telephone":"+34652131393","logo":{"@type":"ImageObject","url":"https:\/\/www.eldigitaldeasturias.com\/noticias\/wp-content\/uploads\/2020\/12\/EDA.jpg","@id":"https:\/\/www.eldigitaldeasturias.com\/noticias\/roca-cree-que-cataluna-y-espana-necesitan-hablarse-y-entenderse\/#organizationLogo"},"image":{"@id":"https:\/\/www.eldigitaldeasturias.com\/noticias\/roca-cree-que-cataluna-y-espana-necesitan-hablarse-y-entenderse\/#organizationLogo"},"sameAs":["https:\/\/facebook.com\/eldigitaldeasturias","https:\/\/www.youtube.com\/channel\/UCZP-2wLEB9Rv6erhFmqVnvg"],"address":{"@id":"https:\/\/www.eldigitaldeasturias.com\/noticias\/#postaladdress","@type":"PostalAddress","streetAddress":"san antonio 4","postalCode":"33430","addressLocality":"Cand\u00e1s","addressRegion":"Asturias","addressCountry":"ES"}},{"@type":"Person","@id":"https:\/\/www.eldigitaldeasturias.com\/noticias\/author\/admin\/#author","url":"https:\/\/www.eldigitaldeasturias.com\/noticias\/author\/admin\/","name":"El Digital de Asturias","image":{"@type":"ImageObject","@id":"https:\/\/www.eldigitaldeasturias.com\/noticias\/roca-cree-que-cataluna-y-espana-necesitan-hablarse-y-entenderse\/#authorImage","url":"https:\/\/secure.gravatar.com\/avatar\/df2aeffc32bcd13f8d26072ef8a91b623d677766deac7f97ca815868cd41bf5e?s=96&d=mm&r=g","width":96,"height":96,"caption":"El Digital de Asturias"}},{"@type":"WebPage","@id":"https:\/\/www.eldigitaldeasturias.com\/noticias\/roca-cree-que-cataluna-y-espana-necesitan-hablarse-y-entenderse\/#webpage","url":"https:\/\/www.eldigitaldeasturias.com\/noticias\/roca-cree-que-cataluna-y-espana-necesitan-hablarse-y-entenderse\/","name":"Roca cree que Catalu\u00f1a y Espa\u00f1a necesitan \u00abhablarse y entenderse\u00bb - El Digital de Asturias","description":"Barcelona, 3 feb (EFE).- El exdiputado de CiU y uno de los 'padres' de la Constituci\u00f3n, el abogado Miquel Roca, ha considerado hoy que Catalu\u00f1a y el resto de Espa\u00f1a necesitan \"clar\u00edsimamente hablarse, entenderse y escuchar las voces\" desde el mutuo \"respeto y comprensi\u00f3n\". En la presentaci\u00f3n de la conferencia de la presidenta andaluza, Susana","inLanguage":"es-ES","isPartOf":{"@id":"https:\/\/www.eldigitaldeasturias.com\/noticias\/#website"},"breadcrumb":{"@id":"https:\/\/www.eldigitaldeasturias.com\/noticias\/roca-cree-que-cataluna-y-espana-necesitan-hablarse-y-entenderse\/#breadcrumblist"},"author":{"@id":"https:\/\/www.eldigitaldeasturias.com\/noticias\/author\/admin\/#author"},"creator":{"@id":"https:\/\/www.eldigitaldeasturias.com\/noticias\/author\/admin\/#author"},"image":{"@type":"ImageObject","url":482959,"@id":"https:\/\/www.eldigitaldeasturias.com\/noticias\/roca-cree-que-cataluna-y-espana-necesitan-hablarse-y-entenderse\/#mainImage"},"primaryImageOfPage":{"@id":"https:\/\/www.eldigitaldeasturias.com\/noticias\/roca-cree-que-cataluna-y-espana-necesitan-hablarse-y-entenderse\/#mainImage"},"datePublished":"2014-02-03T22:14:02+01:00","dateModified":"2014-02-03T22:14:02+01:00"},{"@type":"WebSite","@id":"https:\/\/www.eldigitaldeasturias.com\/noticias\/#website","url":"https:\/\/www.eldigitaldeasturias.com\/noticias\/","name":"El Digital de Asturias - Diario de actualidad y noticias","alternateName":"El Digital de Asturias - Diario de actualidad y noticias","description":"Hemeroteca","inLanguage":"es-ES","publisher":{"@id":"https:\/\/www.eldigitaldeasturias.com\/noticias\/#organization"}}]},"og:locale":"es_ES","og:site_name":"El Digital de Asturias","og:type":"article","og:title":"Roca cree que Catalu\u00f1a y Espa\u00f1a necesitan \u00abhablarse y entenderse\u00bb - El Digital de Asturias","og:description":"Barcelona, 3 feb (EFE).- El exdiputado de CiU y uno de los 'padres' de la Constituci\u00f3n, el abogado Miquel Roca, ha considerado hoy que Catalu\u00f1a y el resto de Espa\u00f1a necesitan &quot;clar\u00edsimamente hablarse, entenderse y escuchar las voces&quot; desde el mutuo &quot;respeto y comprensi\u00f3n&quot;. En la presentaci\u00f3n de la conferencia de la presidenta andaluza, Susana","og:url":"https:\/\/www.eldigitaldeasturias.com\/noticias\/roca-cree-que-cataluna-y-espana-necesitan-hablarse-y-entenderse\/","article:tag":["actualidad"],"article:published_time":"2014-02-03T23:14:02+00:00","article:modified_time":"2014-02-03T23:14:02+00:00","article:publisher":"https:\/\/facebook.com\/eldigitaldeasturias","twitter:card":"summary_large_image","twitter:title":"Roca cree que Catalu\u00f1a y Espa\u00f1a necesitan \u00abhablarse y entenderse\u00bb - El Digital de Asturias","twitter:description":"Barcelona, 3 feb (EFE).- El exdiputado de CiU y uno de los 'padres' de la Constituci\u00f3n, el abogado Miquel Roca, ha considerado hoy que Catalu\u00f1a y el resto de Espa\u00f1a necesitan &quot;clar\u00edsimamente hablarse, entenderse y escuchar las voces&quot; desde el mutuo &quot;respeto y comprensi\u00f3n&quot;. En la presentaci\u00f3n de la conferencia de la presidenta andaluza, Susana","twitter:label1":"Escrito por","twitter:data1":"El Digital de Asturias","twitter:label2":"Tiempo de lectura estimado","twitter:data2":"2 minutos"},"aioseo_meta_data":{"post_id":"482958","title":null,"description":null,"keywords":null,"keyphrases":null,"primary_term":null,"canonical_url":null,"og_title":null,"og_description":null,"og_object_type":"default","og_image_type":"default","og_image_url":null,"og_image_width":null,"og_image_height":null,"og_image_custom_url":null,"og_image_custom_fields":null,"og_video":null,"og_custom_url":null,"og_article_section":null,"og_article_tags":null,"twitter_use_og":true,"twitter_card":"default","twitter_image_type":"default","twitter_image_url":null,"twitter_image_custom_url":null,"twitter_image_custom_fields":null,"twitter_title":null,"twitter_description":null,"schema":{"blockGraphs":[],"customGraphs":[],"default":{"data":{"Article":[],"Course":[],"Dataset":[],"FAQPage":[],"Movie":[],"Person":[],"Product":[],"ProductReview":[],"Car":[],"Recipe":[],"Service":[],"SoftwareApplication":[],"WebPage":[]},"graphName":"","isEnabled":true},"graphs":[],"defaultGraph":"","defaultPostTypeGraph":""},"schema_type":null,"schema_type_options":null,"pillar_content":false,"robots_default":true,"robots_noindex":false,"robots_noarchive":false,"robots_nosnippet":false,"robots_nofollow":false,"robots_noimageindex":false,"robots_noodp":false,"robots_notranslate":false,"robots_max_snippet":null,"robots_max_videopreview":null,"robots_max_imagepreview":"none","priority":null,"frequency":null,"local_seo":null,"seo_analyzer_scan_date":"2026-06-02 11:24:55","breadcrumb_settings":null,"limit_modified_date":false,"open_ai":null,"ai":null,"created":"2020-11-14 22:54:42","updated":"2026-06-02 11:24:55","focus_keyword":null,"additional_keywords":null,"truseo_locale":null},"aioseo_breadcrumb":"<div class=\"aioseo-breadcrumbs\"><span class=\"aioseo-breadcrumb\">\n\t<a href=\"https:\/\/www.eldigitaldeasturias.com\/noticias\" title=\"Home\">Home<\/a>\n<\/span><span class=\"aioseo-breadcrumb-separator\">\u2013<\/span><span class=\"aioseo-breadcrumb\">\n\t<a href=\"https:\/\/www.eldigitaldeasturias.com\/noticias\/category\/actualidad\/\" title=\"Actualidad\">Actualidad<\/a>\n<\/span><span class=\"aioseo-breadcrumb-separator\">\u2013<\/span><span class=\"aioseo-breadcrumb\">\n\t<a href=\"https:\/\/www.eldigitaldeasturias.com\/noticias\/roca-cree-que-cataluna-y-espana-necesitan-hablarse-y-entenderse\/\" title=\"Roca cree que Catalu\u00f1a y Espa\u00f1a necesitan \u00abhablarse y entenderse\u00bb\">Roca cree que Catalu\u00f1a y Espa\u00f1a necesitan \u00abhablarse y entenderse\u00bb<\/a>\n<\/span><\/div>","aioseo_breadcrumb_json":[{"label":"Home","link":"https:\/\/www.eldigitaldeasturias.com\/noticias"},{"label":"Actualidad","link":"https:\/\/www.eldigitaldeasturias.com\/noticias\/category\/actualidad\/"},{"label":"Roca cree que Catalu\u00f1a y Espa\u00f1a necesitan \u00abhablarse y entenderse\u00bb","link":"https:\/\/www.eldigitaldeasturias.com\/noticias\/roca-cree-que-cataluna-y-espana-necesitan-hablarse-y-entenderse\/"}],"_links":{"self":[{"href":"https:\/\/www.eldigitaldeasturias.com\/noticias\/wp-json\/wp\/v2\/posts\/482958","targetHints":{"allow":["GET"]}}],"collection":[{"href":"https:\/\/www.eldigitaldeasturias.com\/noticias\/wp-json\/wp\/v2\/posts"}],"about":[{"href":"https:\/\/www.eldigitaldeasturias.com\/noticias\/wp-json\/wp\/v2\/types\/post"}],"author":[{"embeddable":true,"href":"https:\/\/www.eldigitaldeasturias.com\/noticias\/wp-json\/wp\/v2\/users\/1"}],"replies":[{"embeddable":true,"href":"https:\/\/www.eldigitaldeasturias.com\/noticias\/wp-json\/wp\/v2\/comments?post=482958"}],"version-history":[{"count":0,"href":"https:\/\/www.eldigitaldeasturias.com\/noticias\/wp-json\/wp\/v2\/posts\/482958\/revisions"}],"wp:attachment":[{"href":"https:\/\/www.eldigitaldeasturias.com\/noticias\/wp-json\/wp\/v2\/media?parent=482958"}],"wp:term":[{"taxonomy":"category","embeddable":true,"href":"https:\/\/www.eldigitaldeasturias.com\/noticias\/wp-json\/wp\/v2\/categories?post=482958"},{"taxonomy":"post_tag","embeddable":true,"href":"https:\/\/www.eldigitaldeasturias.com\/noticias\/wp-json\/wp\/v2\/tags?post=482958"}],"curies":[{"name":"wp","href":"https:\/\/api.w.org\/{rel}","templated":true}]}}