{"id":482942,"date":"2014-02-03T21:42:49","date_gmt":"2014-02-03T22:42:49","guid":{"rendered":"http:\/\/www.eldigitaldeasturias.com\/noticias\/?p=482942"},"modified":"2014-02-03T21:43:32","modified_gmt":"2014-02-03T22:43:32","slug":"alvarez-cascos-salpicado-por-el-caso-gurtel","status":"publish","type":"post","link":"https:\/\/www.eldigitaldeasturias.com\/noticias\/alvarez-cascos-salpicado-por-el-caso-gurtel\/","title":{"rendered":"\u00c1lvarez Cascos \u00absalpicado\u00bb por el Caso G\u00fcrtel"},"content":{"rendered":"<p><img loading=\"lazy\" decoding=\"async\" class=\"alignleft size-medium wp-image-482943\" alt=\"5905526w\" src=\"https:\/\/www.eldigitaldeasturias.com\/noticias\/wp-content\/uploads\/2014\/02\/5905526w-360x291.jpg\" width=\"360\" height=\"291\" \/>Madrid, 3 feb (EFE).- Un informe de la Polic\u00eda Nacional identifica al ex secretario general del PP Francisco \u00c1lvarez Cascos como una de las personas de ese partido que intermedi\u00f3 para la trama G\u00fcrtel, liderada por Francisco Correa, para favorecer a empresas con contratos y ayudas p\u00fablicas a cambio de comisiones.<\/p>\n<p>El informe de la Unidad de Delitos Econ\u00f3micos y Fiscales de la Polic\u00eda Nacional (UDEF), notificado hoy a las partes del caso G\u00fcrtel y al que ha tenido acceso Efe, cree que \u00c1lvarez Cascos es \u00abla persona cuya identidad se oculta bajo las siglas &#8216;PAC'\u00bb en los documentos intervenidos de la trama, bas\u00e1ndose en los papeles del extesorero Luis B\u00e1rcenas donde tambi\u00e9n se le identifica con ese acr\u00f3nimo.<\/p>\n<p>La Polic\u00eda apuntala sus sospechas de que \u00abPAC\u00bb es el exministro de Fomento en que Correa manifest\u00f3 en una grabaci\u00f3n que llev\u00f3 \u00abimportantes cantidades de dinero\u00bb al extesorero del PP Luis B\u00e1rcenas procedentes de adjudicaciones de Fomento cuando este Ministerio estaba a su mando y en que dijo luego al juez que \u00c1lvarez Cascos le dio trabajo relacionado con Aena.<\/p>\n<p>El documento analiza la supuesta mediaci\u00f3n de varios cargos del PP para adjudicar contratos y ayudas p\u00fablicas a empresas vinculadas al Grupo Ros Roca, como Enercorr XXI y Langa de Duero, una gestiones a cambio de las cuales los pol\u00edticos cobraban una comisi\u00f3n que se justificaba emitiendo facturas entre empresas de Correa y del citado Grupo Ros Roca.<\/p>\n<p>As\u00ed, la organizaci\u00f3n de Correa particip\u00f3 con sociedades de Ros Roca en proyectos en varias comunidades aut\u00f3nomas en relaci\u00f3n con plantas de tratamiento de purines, y los beneficios obtenidos se distribuyeron, a trav\u00e9s de la empresa instrumental Spinaker 2000, entre las personas plasmadas en los documentos con las siglas \u00abLB\u00bb, \u00abJM\u00bb, \u00abJS\u00bb, \u00abGG\u00bb, \u00abPC\u00bb y \u00abPAC\u00bb.<\/p>\n<p>La Polic\u00eda hab\u00eda identificado a los cinco primeros como Luis B\u00e1rcenas, el exdiputado del PP Jes\u00fas Merino, el exalcalde de Pozuelo de Alarc\u00f3n (Madrid) Jes\u00fas Sep\u00falveda, el exconcejal de Boadilla del Monte (Madrid) Jos\u00e9 Gerardo Galeote y Paco Correa, todos ellos imputados en el caso, pero no hab\u00eda sido capaz de detallar qui\u00e9n era el sexto.<\/p>\n<p>Sin embargo, y con base en los papeles de B\u00e1rcenas con la supuesta contabilidad B del PP en los que se identifica a \u00c1lvarez Cascos con los acr\u00f3nimos \u00abP.A.C.\u00bb y \u00abPAC\u00bb, entre otros, el informe destaca que de forma indiciaria el que fuera secretario general del PP entre 1989 y 1999 ser\u00eda la persona que faltaba por identificar en los documentos incautados de las empresas de G\u00fcrtel.<\/p>\n<p>En las conclusiones del informe, la Polic\u00eda mantiene que \u00abPAC\u00bb es una persona de gran relevancia, \u00abpor cuanto es el mayor perceptor en la distribuci\u00f3n de los fondos\u00bb en las operaciones de la trama y recib\u00eda dinero de \u00ablos beneficios generados por las campa\u00f1as electorales del Partido Popular\u00bb realizadas por la organizaci\u00f3n de Correa en 2003 y 2004.<\/p>\n<p>Seg\u00fan el informe, \u00c1lvarez Cascos fue uno de los cargos del PP que \u00abactuaban de forma conjunta\u00bb con la organizaci\u00f3n de Correa para \u00abllevar a cabo distintos proyectos empresariales relacionados con la adjudicaci\u00f3n de contratos o concesi\u00f3n de ayudas p\u00fablicas al grupo empresarial Ros Roca\u00bb.<\/p>\n<p>Concreta que una de estas operaciones hecha gracias a \u00abcontactos a nivel pol\u00edtico\u00bb fue la concesi\u00f3n a ese grupo de Fondos de Ayuda al Desarrollo, gestionados por la Secretar\u00eda de Estado de Turismo y Comercio, por importe de 11,7 millones de d\u00f3lares y por la que la trama G\u00fcrtel supuestamente se llev\u00f3 117.000 euros (el 1 % del total).<\/p>\n<p>La Polic\u00eda analiza asimismo el pago de 69.900 euros en 2008 por parte de una empresa de la trama G\u00fcrtel, Creative Team, a una sociedad que presidi\u00f3 \u00c1lvarez Cascos, Tecnas, y pide que para aclarar estas operaciones se requiera a ambas empresas facturas y contratos durante ese periodo.<\/p>\n<p>Respecto a B\u00e1rcenas, el informe indica que percibi\u00f3 43.300 euros en 2003 por una serie de estudios econ\u00f3mico-financieros de plantas de tratamiento de residuos para la empresa Serrano 50 Global Consulting, del exdiputado Jes\u00fas Merino, unos trabajos que la Polic\u00eda duda que hiciera el extesorero del PP.<\/p>\n","protected":false},"excerpt":{"rendered":"<p>Madrid, 3 feb (EFE).- Un informe de la Polic\u00eda Nacional identifica al ex secretario general del PP Francisco \u00c1lvarez Cascos como una de las personas de ese partido que intermedi\u00f3 para la trama G\u00fcrtel, liderada por Francisco Correa, para favorecer a empresas con contratos y ayudas p\u00fablicas a cambio de comisiones. El informe de la [&hellip;]<\/p>\n","protected":false},"author":1,"featured_media":482943,"comment_status":"closed","ping_status":"open","sticky":false,"template":"","format":"standard","meta":{"footnotes":""},"categories":[1,12],"tags":[],"class_list":["post-482942","post","type-post","status-publish","format-standard","has-post-thumbnail","hentry","category-actualidad","category-actualidad-asturias"],"aioseo_notices":[],"aioseo_head":"\n\t\t<!-- All in One SEO Pro 5.0.1 - aioseo.com -->\n\t<meta name=\"description\" content=\"Madrid, 3 feb (EFE).- Un informe de la Polic\u00eda Nacional identifica al ex secretario general del PP Francisco \u00c1lvarez Cascos como una de las personas de ese partido que intermedi\u00f3 para la trama G\u00fcrtel, liderada por Francisco Correa, para favorecer a empresas con contratos y ayudas p\u00fablicas a cambio de comisiones. El informe de la\" \/>\n\t<meta name=\"robots\" content=\"max-image-preview:large\" \/>\n\t<meta name=\"author\" content=\"El Digital de Asturias\"\/>\n\t<meta name=\"google-site-verification\" content=\"UA-38556648-1\" \/>\n\t<meta name=\"msvalidate.01\" content=\"7dfe9f3f1b24437ab69f4f2559babe99\" \/>\n\t<meta name=\"keywords\" content=\"actualidad,actualidad asturias\" \/>\n\t<link rel=\"canonical\" href=\"https:\/\/www.eldigitaldeasturias.com\/noticias\/alvarez-cascos-salpicado-por-el-caso-gurtel\/\" \/>\n\t<meta name=\"generator\" content=\"All in One SEO Pro (AIOSEO) 5.0.1\" \/>\n\t\t<meta property=\"og:locale\" content=\"es_ES\" \/>\n\t\t<meta property=\"og:site_name\" content=\"El Digital de Asturias\" \/>\n\t\t<meta property=\"og:type\" content=\"article\" \/>\n\t\t<meta property=\"og:title\" content=\"\u00c1lvarez Cascos \u00absalpicado\u00bb por el Caso G\u00fcrtel - El Digital de Asturias\" \/>\n\t\t<meta property=\"og:description\" content=\"Madrid, 3 feb (EFE).- Un informe de la Polic\u00eda Nacional identifica al ex secretario general del PP Francisco \u00c1lvarez Cascos como una de las personas de ese partido que intermedi\u00f3 para la trama G\u00fcrtel, liderada por Francisco Correa, para favorecer a empresas con contratos y ayudas p\u00fablicas a cambio de comisiones. El informe de la\" \/>\n\t\t<meta property=\"og:url\" content=\"https:\/\/www.eldigitaldeasturias.com\/noticias\/alvarez-cascos-salpicado-por-el-caso-gurtel\/\" \/>\n\t\t<meta property=\"article:tag\" content=\"actualidad\" \/>\n\t\t<meta property=\"article:tag\" content=\"actualidad asturias\" \/>\n\t\t<meta property=\"article:published_time\" content=\"2014-02-03T22:42:49+00:00\" \/>\n\t\t<meta property=\"article:modified_time\" content=\"2014-02-03T22:43:32+00:00\" \/>\n\t\t<meta property=\"article:publisher\" content=\"https:\/\/facebook.com\/eldigitaldeasturias\" \/>\n\t\t<meta name=\"twitter:card\" content=\"summary_large_image\" \/>\n\t\t<meta name=\"twitter:title\" content=\"\u00c1lvarez Cascos \u00absalpicado\u00bb por el Caso G\u00fcrtel - El Digital de Asturias\" \/>\n\t\t<meta name=\"twitter:description\" content=\"Madrid, 3 feb (EFE).- Un informe de la Polic\u00eda Nacional identifica al ex secretario general del PP Francisco \u00c1lvarez Cascos como una de las personas de ese partido que intermedi\u00f3 para la trama G\u00fcrtel, liderada por Francisco Correa, para favorecer a empresas con contratos y ayudas p\u00fablicas a cambio de comisiones. El informe de la\" \/>\n\t\t<meta name=\"twitter:label1\" content=\"Escrito por\" \/>\n\t\t<meta name=\"twitter:data1\" content=\"El Digital de Asturias\" \/>\n\t\t<meta name=\"twitter:label2\" content=\"Tiempo de lectura estimado\" \/>\n\t\t<meta name=\"twitter:data2\" content=\"4 minutos\" \/>\n\t\t<script type=\"application\/ld+json\" class=\"aioseo-schema\">\n\t\t\t{\"@context\":\"https:\\\/\\\/schema.org\",\"@graph\":[{\"@type\":\"BlogPosting\",\"@id\":\"https:\\\/\\\/www.eldigitaldeasturias.com\\\/noticias\\\/alvarez-cascos-salpicado-por-el-caso-gurtel\\\/#blogposting\",\"name\":\"\\u00c1lvarez Cascos \\u00absalpicado\\u00bb por el Caso G\\u00fcrtel - El Digital de Asturias\",\"headline\":\"\\u00c1lvarez Cascos \\u00absalpicado\\u00bb por el Caso G\\u00fcrtel\",\"author\":{\"@id\":\"https:\\\/\\\/www.eldigitaldeasturias.com\\\/noticias\\\/author\\\/admin\\\/#author\"},\"publisher\":{\"@id\":\"https:\\\/\\\/www.eldigitaldeasturias.com\\\/noticias\\\/#organization\"},\"image\":{\"@type\":\"ImageObject\",\"url\":482943},\"datePublished\":\"2014-02-03T21:42:49+01:00\",\"dateModified\":\"2014-02-03T21:43:32+01:00\",\"inLanguage\":\"es-ES\",\"mainEntityOfPage\":{\"@id\":\"https:\\\/\\\/www.eldigitaldeasturias.com\\\/noticias\\\/alvarez-cascos-salpicado-por-el-caso-gurtel\\\/#webpage\"},\"isPartOf\":{\"@id\":\"https:\\\/\\\/www.eldigitaldeasturias.com\\\/noticias\\\/alvarez-cascos-salpicado-por-el-caso-gurtel\\\/#webpage\"},\"articleSection\":\"Actualidad, Actualidad Asturias\"},{\"@type\":\"BreadcrumbList\",\"@id\":\"https:\\\/\\\/www.eldigitaldeasturias.com\\\/noticias\\\/alvarez-cascos-salpicado-por-el-caso-gurtel\\\/#breadcrumblist\",\"itemListElement\":[{\"@type\":\"ListItem\",\"@id\":\"https:\\\/\\\/www.eldigitaldeasturias.com\\\/noticias#listItem\",\"position\":1,\"name\":\"Home\",\"item\":\"https:\\\/\\\/www.eldigitaldeasturias.com\\\/noticias\",\"nextItem\":{\"@type\":\"ListItem\",\"@id\":\"https:\\\/\\\/www.eldigitaldeasturias.com\\\/noticias\\\/category\\\/actualidad\\\/#listItem\",\"name\":\"Actualidad\"}},{\"@type\":\"ListItem\",\"@id\":\"https:\\\/\\\/www.eldigitaldeasturias.com\\\/noticias\\\/category\\\/actualidad\\\/#listItem\",\"position\":2,\"name\":\"Actualidad\",\"item\":\"https:\\\/\\\/www.eldigitaldeasturias.com\\\/noticias\\\/category\\\/actualidad\\\/\",\"nextItem\":{\"@type\":\"ListItem\",\"@id\":\"https:\\\/\\\/www.eldigitaldeasturias.com\\\/noticias\\\/alvarez-cascos-salpicado-por-el-caso-gurtel\\\/#listItem\",\"name\":\"\\u00c1lvarez Cascos \\u00absalpicado\\u00bb por el Caso G\\u00fcrtel\"},\"previousItem\":{\"@type\":\"ListItem\",\"@id\":\"https:\\\/\\\/www.eldigitaldeasturias.com\\\/noticias#listItem\",\"name\":\"Home\"}},{\"@type\":\"ListItem\",\"@id\":\"https:\\\/\\\/www.eldigitaldeasturias.com\\\/noticias\\\/alvarez-cascos-salpicado-por-el-caso-gurtel\\\/#listItem\",\"position\":3,\"name\":\"\\u00c1lvarez Cascos \\u00absalpicado\\u00bb por el Caso G\\u00fcrtel\",\"previousItem\":{\"@type\":\"ListItem\",\"@id\":\"https:\\\/\\\/www.eldigitaldeasturias.com\\\/noticias\\\/category\\\/actualidad\\\/#listItem\",\"name\":\"Actualidad\"}}]},{\"@type\":\"Organization\",\"@id\":\"https:\\\/\\\/www.eldigitaldeasturias.com\\\/noticias\\\/#organization\",\"name\":\"El Digital de Asturias\",\"description\":\"Hemeroteca\",\"url\":\"https:\\\/\\\/www.eldigitaldeasturias.com\\\/noticias\\\/\",\"email\":\"info@eldigitaldeasturias.com\",\"telephone\":\"+34652131393\",\"logo\":{\"@type\":\"ImageObject\",\"url\":\"https:\\\/\\\/www.eldigitaldeasturias.com\\\/noticias\\\/wp-content\\\/uploads\\\/2020\\\/12\\\/EDA.jpg\",\"@id\":\"https:\\\/\\\/www.eldigitaldeasturias.com\\\/noticias\\\/alvarez-cascos-salpicado-por-el-caso-gurtel\\\/#organizationLogo\"},\"image\":{\"@id\":\"https:\\\/\\\/www.eldigitaldeasturias.com\\\/noticias\\\/alvarez-cascos-salpicado-por-el-caso-gurtel\\\/#organizationLogo\"},\"sameAs\":[\"https:\\\/\\\/facebook.com\\\/eldigitaldeasturias\",\"https:\\\/\\\/www.youtube.com\\\/channel\\\/UCZP-2wLEB9Rv6erhFmqVnvg\"],\"address\":{\"@id\":\"https:\\\/\\\/www.eldigitaldeasturias.com\\\/noticias\\\/#postaladdress\",\"@type\":\"PostalAddress\",\"streetAddress\":\"san antonio 4\",\"postalCode\":\"33430\",\"addressLocality\":\"Cand\\u00e1s\",\"addressRegion\":\"Asturias\",\"addressCountry\":\"ES\"}},{\"@type\":\"Person\",\"@id\":\"https:\\\/\\\/www.eldigitaldeasturias.com\\\/noticias\\\/author\\\/admin\\\/#author\",\"url\":\"https:\\\/\\\/www.eldigitaldeasturias.com\\\/noticias\\\/author\\\/admin\\\/\",\"name\":\"El Digital de Asturias\",\"image\":{\"@type\":\"ImageObject\",\"@id\":\"https:\\\/\\\/www.eldigitaldeasturias.com\\\/noticias\\\/alvarez-cascos-salpicado-por-el-caso-gurtel\\\/#authorImage\",\"url\":\"https:\\\/\\\/secure.gravatar.com\\\/avatar\\\/df2aeffc32bcd13f8d26072ef8a91b623d677766deac7f97ca815868cd41bf5e?s=96&d=mm&r=g\",\"width\":96,\"height\":96,\"caption\":\"El Digital de Asturias\"}},{\"@type\":\"WebPage\",\"@id\":\"https:\\\/\\\/www.eldigitaldeasturias.com\\\/noticias\\\/alvarez-cascos-salpicado-por-el-caso-gurtel\\\/#webpage\",\"url\":\"https:\\\/\\\/www.eldigitaldeasturias.com\\\/noticias\\\/alvarez-cascos-salpicado-por-el-caso-gurtel\\\/\",\"name\":\"\\u00c1lvarez Cascos \\u00absalpicado\\u00bb por el Caso G\\u00fcrtel - El Digital de Asturias\",\"description\":\"Madrid, 3 feb (EFE).- Un informe de la Polic\\u00eda Nacional identifica al ex secretario general del PP Francisco \\u00c1lvarez Cascos como una de las personas de ese partido que intermedi\\u00f3 para la trama G\\u00fcrtel, liderada por Francisco Correa, para favorecer a empresas con contratos y ayudas p\\u00fablicas a cambio de comisiones. El informe de la\",\"inLanguage\":\"es-ES\",\"isPartOf\":{\"@id\":\"https:\\\/\\\/www.eldigitaldeasturias.com\\\/noticias\\\/#website\"},\"breadcrumb\":{\"@id\":\"https:\\\/\\\/www.eldigitaldeasturias.com\\\/noticias\\\/alvarez-cascos-salpicado-por-el-caso-gurtel\\\/#breadcrumblist\"},\"author\":{\"@id\":\"https:\\\/\\\/www.eldigitaldeasturias.com\\\/noticias\\\/author\\\/admin\\\/#author\"},\"creator\":{\"@id\":\"https:\\\/\\\/www.eldigitaldeasturias.com\\\/noticias\\\/author\\\/admin\\\/#author\"},\"image\":{\"@type\":\"ImageObject\",\"url\":482943,\"@id\":\"https:\\\/\\\/www.eldigitaldeasturias.com\\\/noticias\\\/alvarez-cascos-salpicado-por-el-caso-gurtel\\\/#mainImage\"},\"primaryImageOfPage\":{\"@id\":\"https:\\\/\\\/www.eldigitaldeasturias.com\\\/noticias\\\/alvarez-cascos-salpicado-por-el-caso-gurtel\\\/#mainImage\"},\"datePublished\":\"2014-02-03T21:42:49+01:00\",\"dateModified\":\"2014-02-03T21:43:32+01:00\"},{\"@type\":\"WebSite\",\"@id\":\"https:\\\/\\\/www.eldigitaldeasturias.com\\\/noticias\\\/#website\",\"url\":\"https:\\\/\\\/www.eldigitaldeasturias.com\\\/noticias\\\/\",\"name\":\"El Digital de Asturias - Diario de actualidad y noticias\",\"alternateName\":\"El Digital de Asturias - Diario de actualidad y noticias\",\"description\":\"Hemeroteca\",\"inLanguage\":\"es-ES\",\"publisher\":{\"@id\":\"https:\\\/\\\/www.eldigitaldeasturias.com\\\/noticias\\\/#organization\"}}]}\n\t\t<\/script>\n\t\t<!-- All in One SEO Pro -->\r\n\t\t<title>\u00c1lvarez Cascos \u00absalpicado\u00bb por el Caso G\u00fcrtel - El Digital de Asturias<\/title>\n\n","aioseo_head_json":{"title":"\u00c1lvarez Cascos \u00absalpicado\u00bb por el Caso G\u00fcrtel - El Digital de Asturias","description":"Madrid, 3 feb (EFE).- Un informe de la Polic\u00eda Nacional identifica al ex secretario general del PP Francisco \u00c1lvarez Cascos como una de las personas de ese partido que intermedi\u00f3 para la trama G\u00fcrtel, liderada por Francisco Correa, para favorecer a empresas con contratos y ayudas p\u00fablicas a cambio de comisiones. El informe de la","canonical_url":"https:\/\/www.eldigitaldeasturias.com\/noticias\/alvarez-cascos-salpicado-por-el-caso-gurtel\/","robots":"max-image-preview:large","keywords":"actualidad,actualidad asturias","webmasterTools":{"google-site-verification":"UA-38556648-1","msvalidate.01":"7dfe9f3f1b24437ab69f4f2559babe99","miscellaneous":""},"schema":{"@context":"https:\/\/schema.org","@graph":[{"@type":"BlogPosting","@id":"https:\/\/www.eldigitaldeasturias.com\/noticias\/alvarez-cascos-salpicado-por-el-caso-gurtel\/#blogposting","name":"\u00c1lvarez Cascos \u00absalpicado\u00bb por el Caso G\u00fcrtel - El Digital de Asturias","headline":"\u00c1lvarez Cascos \u00absalpicado\u00bb por el Caso G\u00fcrtel","author":{"@id":"https:\/\/www.eldigitaldeasturias.com\/noticias\/author\/admin\/#author"},"publisher":{"@id":"https:\/\/www.eldigitaldeasturias.com\/noticias\/#organization"},"image":{"@type":"ImageObject","url":482943},"datePublished":"2014-02-03T21:42:49+01:00","dateModified":"2014-02-03T21:43:32+01:00","inLanguage":"es-ES","mainEntityOfPage":{"@id":"https:\/\/www.eldigitaldeasturias.com\/noticias\/alvarez-cascos-salpicado-por-el-caso-gurtel\/#webpage"},"isPartOf":{"@id":"https:\/\/www.eldigitaldeasturias.com\/noticias\/alvarez-cascos-salpicado-por-el-caso-gurtel\/#webpage"},"articleSection":"Actualidad, Actualidad Asturias"},{"@type":"BreadcrumbList","@id":"https:\/\/www.eldigitaldeasturias.com\/noticias\/alvarez-cascos-salpicado-por-el-caso-gurtel\/#breadcrumblist","itemListElement":[{"@type":"ListItem","@id":"https:\/\/www.eldigitaldeasturias.com\/noticias#listItem","position":1,"name":"Home","item":"https:\/\/www.eldigitaldeasturias.com\/noticias","nextItem":{"@type":"ListItem","@id":"https:\/\/www.eldigitaldeasturias.com\/noticias\/category\/actualidad\/#listItem","name":"Actualidad"}},{"@type":"ListItem","@id":"https:\/\/www.eldigitaldeasturias.com\/noticias\/category\/actualidad\/#listItem","position":2,"name":"Actualidad","item":"https:\/\/www.eldigitaldeasturias.com\/noticias\/category\/actualidad\/","nextItem":{"@type":"ListItem","@id":"https:\/\/www.eldigitaldeasturias.com\/noticias\/alvarez-cascos-salpicado-por-el-caso-gurtel\/#listItem","name":"\u00c1lvarez Cascos \u00absalpicado\u00bb por el Caso G\u00fcrtel"},"previousItem":{"@type":"ListItem","@id":"https:\/\/www.eldigitaldeasturias.com\/noticias#listItem","name":"Home"}},{"@type":"ListItem","@id":"https:\/\/www.eldigitaldeasturias.com\/noticias\/alvarez-cascos-salpicado-por-el-caso-gurtel\/#listItem","position":3,"name":"\u00c1lvarez Cascos \u00absalpicado\u00bb por el Caso G\u00fcrtel","previousItem":{"@type":"ListItem","@id":"https:\/\/www.eldigitaldeasturias.com\/noticias\/category\/actualidad\/#listItem","name":"Actualidad"}}]},{"@type":"Organization","@id":"https:\/\/www.eldigitaldeasturias.com\/noticias\/#organization","name":"El Digital de Asturias","description":"Hemeroteca","url":"https:\/\/www.eldigitaldeasturias.com\/noticias\/","email":"info@eldigitaldeasturias.com","telephone":"+34652131393","logo":{"@type":"ImageObject","url":"https:\/\/www.eldigitaldeasturias.com\/noticias\/wp-content\/uploads\/2020\/12\/EDA.jpg","@id":"https:\/\/www.eldigitaldeasturias.com\/noticias\/alvarez-cascos-salpicado-por-el-caso-gurtel\/#organizationLogo"},"image":{"@id":"https:\/\/www.eldigitaldeasturias.com\/noticias\/alvarez-cascos-salpicado-por-el-caso-gurtel\/#organizationLogo"},"sameAs":["https:\/\/facebook.com\/eldigitaldeasturias","https:\/\/www.youtube.com\/channel\/UCZP-2wLEB9Rv6erhFmqVnvg"],"address":{"@id":"https:\/\/www.eldigitaldeasturias.com\/noticias\/#postaladdress","@type":"PostalAddress","streetAddress":"san antonio 4","postalCode":"33430","addressLocality":"Cand\u00e1s","addressRegion":"Asturias","addressCountry":"ES"}},{"@type":"Person","@id":"https:\/\/www.eldigitaldeasturias.com\/noticias\/author\/admin\/#author","url":"https:\/\/www.eldigitaldeasturias.com\/noticias\/author\/admin\/","name":"El Digital de Asturias","image":{"@type":"ImageObject","@id":"https:\/\/www.eldigitaldeasturias.com\/noticias\/alvarez-cascos-salpicado-por-el-caso-gurtel\/#authorImage","url":"https:\/\/secure.gravatar.com\/avatar\/df2aeffc32bcd13f8d26072ef8a91b623d677766deac7f97ca815868cd41bf5e?s=96&d=mm&r=g","width":96,"height":96,"caption":"El Digital de Asturias"}},{"@type":"WebPage","@id":"https:\/\/www.eldigitaldeasturias.com\/noticias\/alvarez-cascos-salpicado-por-el-caso-gurtel\/#webpage","url":"https:\/\/www.eldigitaldeasturias.com\/noticias\/alvarez-cascos-salpicado-por-el-caso-gurtel\/","name":"\u00c1lvarez Cascos \u00absalpicado\u00bb por el Caso G\u00fcrtel - El Digital de Asturias","description":"Madrid, 3 feb (EFE).- Un informe de la Polic\u00eda Nacional identifica al ex secretario general del PP Francisco \u00c1lvarez Cascos como una de las personas de ese partido que intermedi\u00f3 para la trama G\u00fcrtel, liderada por Francisco Correa, para favorecer a empresas con contratos y ayudas p\u00fablicas a cambio de comisiones. El informe de la","inLanguage":"es-ES","isPartOf":{"@id":"https:\/\/www.eldigitaldeasturias.com\/noticias\/#website"},"breadcrumb":{"@id":"https:\/\/www.eldigitaldeasturias.com\/noticias\/alvarez-cascos-salpicado-por-el-caso-gurtel\/#breadcrumblist"},"author":{"@id":"https:\/\/www.eldigitaldeasturias.com\/noticias\/author\/admin\/#author"},"creator":{"@id":"https:\/\/www.eldigitaldeasturias.com\/noticias\/author\/admin\/#author"},"image":{"@type":"ImageObject","url":482943,"@id":"https:\/\/www.eldigitaldeasturias.com\/noticias\/alvarez-cascos-salpicado-por-el-caso-gurtel\/#mainImage"},"primaryImageOfPage":{"@id":"https:\/\/www.eldigitaldeasturias.com\/noticias\/alvarez-cascos-salpicado-por-el-caso-gurtel\/#mainImage"},"datePublished":"2014-02-03T21:42:49+01:00","dateModified":"2014-02-03T21:43:32+01:00"},{"@type":"WebSite","@id":"https:\/\/www.eldigitaldeasturias.com\/noticias\/#website","url":"https:\/\/www.eldigitaldeasturias.com\/noticias\/","name":"El Digital de Asturias - Diario de actualidad y noticias","alternateName":"El Digital de Asturias - Diario de actualidad y noticias","description":"Hemeroteca","inLanguage":"es-ES","publisher":{"@id":"https:\/\/www.eldigitaldeasturias.com\/noticias\/#organization"}}]},"og:locale":"es_ES","og:site_name":"El Digital de Asturias","og:type":"article","og:title":"\u00c1lvarez Cascos \u00absalpicado\u00bb por el Caso G\u00fcrtel - El Digital de Asturias","og:description":"Madrid, 3 feb (EFE).- Un informe de la Polic\u00eda Nacional identifica al ex secretario general del PP Francisco \u00c1lvarez Cascos como una de las personas de ese partido que intermedi\u00f3 para la trama G\u00fcrtel, liderada por Francisco Correa, para favorecer a empresas con contratos y ayudas p\u00fablicas a cambio de comisiones. El informe de la","og:url":"https:\/\/www.eldigitaldeasturias.com\/noticias\/alvarez-cascos-salpicado-por-el-caso-gurtel\/","article:tag":["actualidad","actualidad asturias"],"article:published_time":"2014-02-03T22:42:49+00:00","article:modified_time":"2014-02-03T22:43:32+00:00","article:publisher":"https:\/\/facebook.com\/eldigitaldeasturias","twitter:card":"summary_large_image","twitter:title":"\u00c1lvarez Cascos \u00absalpicado\u00bb por el Caso G\u00fcrtel - El Digital de Asturias","twitter:description":"Madrid, 3 feb (EFE).- Un informe de la Polic\u00eda Nacional identifica al ex secretario general del PP Francisco \u00c1lvarez Cascos como una de las personas de ese partido que intermedi\u00f3 para la trama G\u00fcrtel, liderada por Francisco Correa, para favorecer a empresas con contratos y ayudas p\u00fablicas a cambio de comisiones. El informe de la","twitter:label1":"Escrito por","twitter:data1":"El Digital de Asturias","twitter:label2":"Tiempo de lectura estimado","twitter:data2":"4 minutos"},"aioseo_meta_data":{"post_id":"482942","title":null,"description":null,"keywords":null,"keyphrases":null,"primary_term":null,"canonical_url":null,"og_title":null,"og_description":null,"og_object_type":"default","og_image_type":"default","og_image_url":null,"og_image_width":null,"og_image_height":null,"og_image_custom_url":null,"og_image_custom_fields":null,"og_video":null,"og_custom_url":null,"og_article_section":null,"og_article_tags":null,"twitter_use_og":true,"twitter_card":"default","twitter_image_type":"default","twitter_image_url":null,"twitter_image_custom_url":null,"twitter_image_custom_fields":null,"twitter_title":null,"twitter_description":null,"schema":{"blockGraphs":[],"customGraphs":[],"default":{"data":{"Article":[],"Course":[],"Dataset":[],"FAQPage":[],"Movie":[],"Person":[],"Product":[],"ProductReview":[],"Car":[],"Recipe":[],"Service":[],"SoftwareApplication":[],"WebPage":[]},"graphName":"","isEnabled":true},"graphs":[],"defaultGraph":"","defaultPostTypeGraph":""},"schema_type":null,"schema_type_options":null,"pillar_content":false,"robots_default":true,"robots_noindex":false,"robots_noarchive":false,"robots_nosnippet":false,"robots_nofollow":false,"robots_noimageindex":false,"robots_noodp":false,"robots_notranslate":false,"robots_max_snippet":null,"robots_max_videopreview":null,"robots_max_imagepreview":"none","priority":null,"frequency":null,"local_seo":null,"seo_analyzer_scan_date":"2026-06-02 11:20:59","breadcrumb_settings":null,"limit_modified_date":false,"open_ai":null,"ai":null,"created":"2020-11-14 22:54:42","updated":"2026-06-02 11:20:59","focus_keyword":null,"additional_keywords":null,"truseo_locale":null},"aioseo_breadcrumb":"<div class=\"aioseo-breadcrumbs\"><span class=\"aioseo-breadcrumb\">\n\t<a href=\"https:\/\/www.eldigitaldeasturias.com\/noticias\" title=\"Home\">Home<\/a>\n<\/span><span class=\"aioseo-breadcrumb-separator\">\u2013<\/span><span class=\"aioseo-breadcrumb\">\n\t<a href=\"https:\/\/www.eldigitaldeasturias.com\/noticias\/category\/actualidad\/\" title=\"Actualidad\">Actualidad<\/a>\n<\/span><span class=\"aioseo-breadcrumb-separator\">\u2013<\/span><span class=\"aioseo-breadcrumb\">\n\t<a href=\"https:\/\/www.eldigitaldeasturias.com\/noticias\/alvarez-cascos-salpicado-por-el-caso-gurtel\/\" title=\"\u00c1lvarez Cascos \u00absalpicado\u00bb por el Caso G\u00fcrtel\">\u00c1lvarez Cascos \u00absalpicado\u00bb por el Caso G\u00fcrtel<\/a>\n<\/span><\/div>","aioseo_breadcrumb_json":[{"label":"Home","link":"https:\/\/www.eldigitaldeasturias.com\/noticias"},{"label":"Actualidad","link":"https:\/\/www.eldigitaldeasturias.com\/noticias\/category\/actualidad\/"},{"label":"\u00c1lvarez Cascos \u00absalpicado\u00bb por el Caso G\u00fcrtel","link":"https:\/\/www.eldigitaldeasturias.com\/noticias\/alvarez-cascos-salpicado-por-el-caso-gurtel\/"}],"_links":{"self":[{"href":"https:\/\/www.eldigitaldeasturias.com\/noticias\/wp-json\/wp\/v2\/posts\/482942","targetHints":{"allow":["GET"]}}],"collection":[{"href":"https:\/\/www.eldigitaldeasturias.com\/noticias\/wp-json\/wp\/v2\/posts"}],"about":[{"href":"https:\/\/www.eldigitaldeasturias.com\/noticias\/wp-json\/wp\/v2\/types\/post"}],"author":[{"embeddable":true,"href":"https:\/\/www.eldigitaldeasturias.com\/noticias\/wp-json\/wp\/v2\/users\/1"}],"replies":[{"embeddable":true,"href":"https:\/\/www.eldigitaldeasturias.com\/noticias\/wp-json\/wp\/v2\/comments?post=482942"}],"version-history":[{"count":0,"href":"https:\/\/www.eldigitaldeasturias.com\/noticias\/wp-json\/wp\/v2\/posts\/482942\/revisions"}],"wp:attachment":[{"href":"https:\/\/www.eldigitaldeasturias.com\/noticias\/wp-json\/wp\/v2\/media?parent=482942"}],"wp:term":[{"taxonomy":"category","embeddable":true,"href":"https:\/\/www.eldigitaldeasturias.com\/noticias\/wp-json\/wp\/v2\/categories?post=482942"},{"taxonomy":"post_tag","embeddable":true,"href":"https:\/\/www.eldigitaldeasturias.com\/noticias\/wp-json\/wp\/v2\/tags?post=482942"}],"curies":[{"name":"wp","href":"https:\/\/api.w.org\/{rel}","templated":true}]}}