{"id":482930,"date":"2014-02-03T21:00:29","date_gmt":"2014-02-03T22:00:29","guid":{"rendered":"http:\/\/www.eldigitaldeasturias.com\/noticias\/?p=482930"},"modified":"2014-02-03T21:00:29","modified_gmt":"2014-02-03T22:00:29","slug":"la-nieve-condiciona-el-trafico-y-cierra-puertos-en-norte-y-centro-peninsular","status":"publish","type":"post","link":"https:\/\/www.eldigitaldeasturias.com\/noticias\/la-nieve-condiciona-el-trafico-y-cierra-puertos-en-norte-y-centro-peninsular\/","title":{"rendered":"La nieve condiciona el tr\u00e1fico y cierra puertos en norte y centro peninsular"},"content":{"rendered":"<p><img loading=\"lazy\" decoding=\"async\" class=\"alignleft size-medium wp-image-482931\" alt=\"5903046w\" src=\"https:\/\/www.eldigitaldeasturias.com\/noticias\/wp-content\/uploads\/2014\/02\/5903046w-360x246.jpg\" width=\"360\" height=\"246\" \/>Madrid, 3 feb (EFE).- El temporal de viento y nieve que afecta a la pen\u00ednsula est\u00e1 condicionando hoy el tr\u00e1nsito por la red secundaria de carreteras, fundamentalmente, de Castilla y Le\u00f3n, Extremadura, Asturias, Catalu\u00f1a y Galicia donde permanecen cerrados o con dificultades al tr\u00e1fico varios tramos y puertos de monta\u00f1a.<\/p>\n<p>Seg\u00fan la Direcci\u00f3n General de Tr\u00e1fico (DGT), en la provincia de Salamanca est\u00e1 cortado por nieve el puerto de monta\u00f1a de la carretera CP-004 a la altura de La Hoya desde el kil\u00f3metro 0 hasta el kil\u00f3metro 9 en ambos sentidos.<\/p>\n<p>En la provincia de Le\u00f3n sigue cerrado por fuertes nevadas el puerto de Geras desde el kil\u00f3metro 10 en la localidad de Geras hasta el kil\u00f3metro 23,2 perteneciente a la localidad de Aralla de Luna; el puerto de Cofi\u00f1al sigue intransitable, tambi\u00e9n por nevadas, desde el kil\u00f3metro 0 al 14,4 en ambos sentidos.<\/p>\n<p>En Catalu\u00f1a est\u00e1 cortada la carretera local BV-4024 en Baga (Barcelona) por nevadas desde el kil\u00f3metro 17 al kil\u00f3metro 21 en ambos sentidos.<\/p>\n<p>La DGT advierte de que el tr\u00e1nsito es dif\u00edcil por la acumulaci\u00f3n de nieve ca\u00edda en la carretera nacional N-630 a la altura de Arbas del Puerto (Le\u00f3n), desde el kil\u00f3metro 87 al kil\u00f3metro 100 y en la carretera auton\u00f3mica CL-626 junto a la localidad de Bo\u00f1ar.<\/p>\n<p>En Castilla y Le\u00f3n la provincia de Palencia tiene nivel de circulaci\u00f3n rojo por nieve en las carreteras CL-605 a la altura de Fresno del R\u00edo y en la CL-626 desde el kil\u00f3metro 117 en la localidad de Guardo al kil\u00f3metro 212.<\/p>\n<p>La provincia de \u00c1vila tambi\u00e9n tiene circulaci\u00f3n dif\u00edcil con uso de cadenas en la carretera auton\u00f3mica AV-913 desde el kil\u00f3metro 8 en Navatalgordo al kil\u00f3metro 17 en la localidad de Serranillos y en el puerto del Pico a la altura de san Mart\u00edn del Pimpollar hasta la localidad de Cuevas del Valle.<\/p>\n<p>El puerto de Tornavacas en C\u00e1ceres (Extremadura) sigue con circulaci\u00f3n dif\u00edcil por fuertes nevadas desde el kil\u00f3metro 359 al 352 en ambos sentidos y en el Piornal hay problemas de circulaci\u00f3n por meteorolog\u00eda adversa en la carretera CC-17,3 desde el kil\u00f3metro 0 al 5,8 en ambos sentidos.<\/p>\n<p>La comunidad Asturiana tiene tr\u00e1nsito dif\u00edcil en la carretera N-630 a la altura de Payares desde el kil\u00f3metro 68 al kil\u00f3metro 87 y en el puerto de monta\u00f1a de la carretera a AS-15 a la altura de Dega\u00f1a desde y en el puerto de Pola de Somiedo.<\/p>\n<p>En Pontevedra (Galicia)la autopista PO-11 tiene circulaci\u00f3n complicada en ambos sentidos por inundaciones a la altura de Pontevedra desde el kil\u00f3metro 1,2 al kil\u00f3metro 4.<\/p>\n<p>Lugo (Galcia) mantiene el nivel de circulaci\u00f3n dif\u00edcil en la carretera LU-633 a la altura de Cebreiro desde el kil\u00f3metro 0 al kil\u00f3metro 24 en ambos sentidos.<\/p>\n<p>En la provincia de Guadalajara hay circulaci\u00f3n irregular por nieve en la CM-1101 a la altura de Almadrones.<\/p>\n","protected":false},"excerpt":{"rendered":"<p>Madrid, 3 feb (EFE).- El temporal de viento y nieve que afecta a la pen\u00ednsula est\u00e1 condicionando hoy el tr\u00e1nsito por la red secundaria de carreteras, fundamentalmente, de Castilla y Le\u00f3n, Extremadura, Asturias, Catalu\u00f1a y Galicia donde permanecen cerrados o con dificultades al tr\u00e1fico varios tramos y puertos de monta\u00f1a. Seg\u00fan la Direcci\u00f3n General de [&hellip;]<\/p>\n","protected":false},"author":1,"featured_media":482931,"comment_status":"closed","ping_status":"open","sticky":false,"template":"","format":"standard","meta":{"footnotes":""},"categories":[1],"tags":[],"class_list":["post-482930","post","type-post","status-publish","format-standard","has-post-thumbnail","hentry","category-actualidad"],"aioseo_notices":[],"aioseo_head":"\n\t\t<!-- All in One SEO Pro 5.0.1 - aioseo.com -->\n\t<meta name=\"description\" content=\"Madrid, 3 feb (EFE).- El temporal de viento y nieve que afecta a la pen\u00ednsula est\u00e1 condicionando hoy el tr\u00e1nsito por la red secundaria de carreteras, fundamentalmente, de Castilla y Le\u00f3n, Extremadura, Asturias, Catalu\u00f1a y Galicia donde permanecen cerrados o con dificultades al tr\u00e1fico varios tramos y puertos de monta\u00f1a. Seg\u00fan la Direcci\u00f3n General de\" \/>\n\t<meta name=\"robots\" content=\"max-image-preview:large\" \/>\n\t<meta name=\"author\" content=\"El Digital de Asturias\"\/>\n\t<meta name=\"google-site-verification\" content=\"UA-38556648-1\" \/>\n\t<meta name=\"msvalidate.01\" content=\"7dfe9f3f1b24437ab69f4f2559babe99\" \/>\n\t<meta name=\"keywords\" content=\"actualidad\" \/>\n\t<link rel=\"canonical\" href=\"https:\/\/www.eldigitaldeasturias.com\/noticias\/la-nieve-condiciona-el-trafico-y-cierra-puertos-en-norte-y-centro-peninsular\/\" \/>\n\t<meta name=\"generator\" content=\"All in One SEO Pro (AIOSEO) 5.0.1\" \/>\n\t\t<meta property=\"og:locale\" content=\"es_ES\" \/>\n\t\t<meta property=\"og:site_name\" content=\"El Digital de Asturias\" \/>\n\t\t<meta property=\"og:type\" content=\"article\" \/>\n\t\t<meta property=\"og:title\" content=\"La nieve condiciona el tr\u00e1fico y cierra puertos en norte y centro peninsular - El Digital de Asturias\" \/>\n\t\t<meta property=\"og:description\" content=\"Madrid, 3 feb (EFE).- El temporal de viento y nieve que afecta a la pen\u00ednsula est\u00e1 condicionando hoy el tr\u00e1nsito por la red secundaria de carreteras, fundamentalmente, de Castilla y Le\u00f3n, Extremadura, Asturias, Catalu\u00f1a y Galicia donde permanecen cerrados o con dificultades al tr\u00e1fico varios tramos y puertos de monta\u00f1a. Seg\u00fan la Direcci\u00f3n General de\" \/>\n\t\t<meta property=\"og:url\" content=\"https:\/\/www.eldigitaldeasturias.com\/noticias\/la-nieve-condiciona-el-trafico-y-cierra-puertos-en-norte-y-centro-peninsular\/\" \/>\n\t\t<meta property=\"article:tag\" content=\"actualidad\" \/>\n\t\t<meta property=\"article:published_time\" content=\"2014-02-03T22:00:29+00:00\" \/>\n\t\t<meta property=\"article:modified_time\" content=\"2014-02-03T22:00:29+00:00\" \/>\n\t\t<meta property=\"article:publisher\" content=\"https:\/\/facebook.com\/eldigitaldeasturias\" \/>\n\t\t<meta name=\"twitter:card\" content=\"summary_large_image\" \/>\n\t\t<meta name=\"twitter:title\" content=\"La nieve condiciona el tr\u00e1fico y cierra puertos en norte y centro peninsular - El Digital de Asturias\" \/>\n\t\t<meta name=\"twitter:description\" content=\"Madrid, 3 feb (EFE).- El temporal de viento y nieve que afecta a la pen\u00ednsula est\u00e1 condicionando hoy el tr\u00e1nsito por la red secundaria de carreteras, fundamentalmente, de Castilla y Le\u00f3n, Extremadura, Asturias, Catalu\u00f1a y Galicia donde permanecen cerrados o con dificultades al tr\u00e1fico varios tramos y puertos de monta\u00f1a. Seg\u00fan la Direcci\u00f3n General de\" \/>\n\t\t<meta name=\"twitter:label1\" content=\"Escrito por\" \/>\n\t\t<meta name=\"twitter:data1\" content=\"El Digital de Asturias\" \/>\n\t\t<meta name=\"twitter:label2\" content=\"Tiempo de lectura estimado\" \/>\n\t\t<meta name=\"twitter:data2\" content=\"3 minutos\" \/>\n\t\t<script type=\"application\/ld+json\" class=\"aioseo-schema\">\n\t\t\t{\"@context\":\"https:\\\/\\\/schema.org\",\"@graph\":[{\"@type\":\"BlogPosting\",\"@id\":\"https:\\\/\\\/www.eldigitaldeasturias.com\\\/noticias\\\/la-nieve-condiciona-el-trafico-y-cierra-puertos-en-norte-y-centro-peninsular\\\/#blogposting\",\"name\":\"La nieve condiciona el tr\\u00e1fico y cierra puertos en norte y centro peninsular - El Digital de Asturias\",\"headline\":\"La nieve condiciona el tr\\u00e1fico y cierra puertos en norte y centro peninsular\",\"author\":{\"@id\":\"https:\\\/\\\/www.eldigitaldeasturias.com\\\/noticias\\\/author\\\/admin\\\/#author\"},\"publisher\":{\"@id\":\"https:\\\/\\\/www.eldigitaldeasturias.com\\\/noticias\\\/#organization\"},\"image\":{\"@type\":\"ImageObject\",\"url\":482931},\"datePublished\":\"2014-02-03T21:00:29+01:00\",\"dateModified\":\"2014-02-03T21:00:29+01:00\",\"inLanguage\":\"es-ES\",\"mainEntityOfPage\":{\"@id\":\"https:\\\/\\\/www.eldigitaldeasturias.com\\\/noticias\\\/la-nieve-condiciona-el-trafico-y-cierra-puertos-en-norte-y-centro-peninsular\\\/#webpage\"},\"isPartOf\":{\"@id\":\"https:\\\/\\\/www.eldigitaldeasturias.com\\\/noticias\\\/la-nieve-condiciona-el-trafico-y-cierra-puertos-en-norte-y-centro-peninsular\\\/#webpage\"},\"articleSection\":\"Actualidad\"},{\"@type\":\"BreadcrumbList\",\"@id\":\"https:\\\/\\\/www.eldigitaldeasturias.com\\\/noticias\\\/la-nieve-condiciona-el-trafico-y-cierra-puertos-en-norte-y-centro-peninsular\\\/#breadcrumblist\",\"itemListElement\":[{\"@type\":\"ListItem\",\"@id\":\"https:\\\/\\\/www.eldigitaldeasturias.com\\\/noticias#listItem\",\"position\":1,\"name\":\"Home\",\"item\":\"https:\\\/\\\/www.eldigitaldeasturias.com\\\/noticias\",\"nextItem\":{\"@type\":\"ListItem\",\"@id\":\"https:\\\/\\\/www.eldigitaldeasturias.com\\\/noticias\\\/category\\\/actualidad\\\/#listItem\",\"name\":\"Actualidad\"}},{\"@type\":\"ListItem\",\"@id\":\"https:\\\/\\\/www.eldigitaldeasturias.com\\\/noticias\\\/category\\\/actualidad\\\/#listItem\",\"position\":2,\"name\":\"Actualidad\",\"item\":\"https:\\\/\\\/www.eldigitaldeasturias.com\\\/noticias\\\/category\\\/actualidad\\\/\",\"nextItem\":{\"@type\":\"ListItem\",\"@id\":\"https:\\\/\\\/www.eldigitaldeasturias.com\\\/noticias\\\/la-nieve-condiciona-el-trafico-y-cierra-puertos-en-norte-y-centro-peninsular\\\/#listItem\",\"name\":\"La nieve condiciona el tr\\u00e1fico y cierra puertos en norte y centro peninsular\"},\"previousItem\":{\"@type\":\"ListItem\",\"@id\":\"https:\\\/\\\/www.eldigitaldeasturias.com\\\/noticias#listItem\",\"name\":\"Home\"}},{\"@type\":\"ListItem\",\"@id\":\"https:\\\/\\\/www.eldigitaldeasturias.com\\\/noticias\\\/la-nieve-condiciona-el-trafico-y-cierra-puertos-en-norte-y-centro-peninsular\\\/#listItem\",\"position\":3,\"name\":\"La nieve condiciona el tr\\u00e1fico y cierra puertos en norte y centro peninsular\",\"previousItem\":{\"@type\":\"ListItem\",\"@id\":\"https:\\\/\\\/www.eldigitaldeasturias.com\\\/noticias\\\/category\\\/actualidad\\\/#listItem\",\"name\":\"Actualidad\"}}]},{\"@type\":\"Organization\",\"@id\":\"https:\\\/\\\/www.eldigitaldeasturias.com\\\/noticias\\\/#organization\",\"name\":\"El Digital de Asturias\",\"description\":\"Hemeroteca\",\"url\":\"https:\\\/\\\/www.eldigitaldeasturias.com\\\/noticias\\\/\",\"email\":\"info@eldigitaldeasturias.com\",\"telephone\":\"+34652131393\",\"logo\":{\"@type\":\"ImageObject\",\"url\":\"https:\\\/\\\/www.eldigitaldeasturias.com\\\/noticias\\\/wp-content\\\/uploads\\\/2020\\\/12\\\/EDA.jpg\",\"@id\":\"https:\\\/\\\/www.eldigitaldeasturias.com\\\/noticias\\\/la-nieve-condiciona-el-trafico-y-cierra-puertos-en-norte-y-centro-peninsular\\\/#organizationLogo\"},\"image\":{\"@id\":\"https:\\\/\\\/www.eldigitaldeasturias.com\\\/noticias\\\/la-nieve-condiciona-el-trafico-y-cierra-puertos-en-norte-y-centro-peninsular\\\/#organizationLogo\"},\"sameAs\":[\"https:\\\/\\\/facebook.com\\\/eldigitaldeasturias\",\"https:\\\/\\\/www.youtube.com\\\/channel\\\/UCZP-2wLEB9Rv6erhFmqVnvg\"],\"address\":{\"@id\":\"https:\\\/\\\/www.eldigitaldeasturias.com\\\/noticias\\\/#postaladdress\",\"@type\":\"PostalAddress\",\"streetAddress\":\"san antonio 4\",\"postalCode\":\"33430\",\"addressLocality\":\"Cand\\u00e1s\",\"addressRegion\":\"Asturias\",\"addressCountry\":\"ES\"}},{\"@type\":\"Person\",\"@id\":\"https:\\\/\\\/www.eldigitaldeasturias.com\\\/noticias\\\/author\\\/admin\\\/#author\",\"url\":\"https:\\\/\\\/www.eldigitaldeasturias.com\\\/noticias\\\/author\\\/admin\\\/\",\"name\":\"El Digital de Asturias\",\"image\":{\"@type\":\"ImageObject\",\"@id\":\"https:\\\/\\\/www.eldigitaldeasturias.com\\\/noticias\\\/la-nieve-condiciona-el-trafico-y-cierra-puertos-en-norte-y-centro-peninsular\\\/#authorImage\",\"url\":\"https:\\\/\\\/secure.gravatar.com\\\/avatar\\\/df2aeffc32bcd13f8d26072ef8a91b623d677766deac7f97ca815868cd41bf5e?s=96&d=mm&r=g\",\"width\":96,\"height\":96,\"caption\":\"El Digital de Asturias\"}},{\"@type\":\"WebPage\",\"@id\":\"https:\\\/\\\/www.eldigitaldeasturias.com\\\/noticias\\\/la-nieve-condiciona-el-trafico-y-cierra-puertos-en-norte-y-centro-peninsular\\\/#webpage\",\"url\":\"https:\\\/\\\/www.eldigitaldeasturias.com\\\/noticias\\\/la-nieve-condiciona-el-trafico-y-cierra-puertos-en-norte-y-centro-peninsular\\\/\",\"name\":\"La nieve condiciona el tr\\u00e1fico y cierra puertos en norte y centro peninsular - El Digital de Asturias\",\"description\":\"Madrid, 3 feb (EFE).- El temporal de viento y nieve que afecta a la pen\\u00ednsula est\\u00e1 condicionando hoy el tr\\u00e1nsito por la red secundaria de carreteras, fundamentalmente, de Castilla y Le\\u00f3n, Extremadura, Asturias, Catalu\\u00f1a y Galicia donde permanecen cerrados o con dificultades al tr\\u00e1fico varios tramos y puertos de monta\\u00f1a. Seg\\u00fan la Direcci\\u00f3n General de\",\"inLanguage\":\"es-ES\",\"isPartOf\":{\"@id\":\"https:\\\/\\\/www.eldigitaldeasturias.com\\\/noticias\\\/#website\"},\"breadcrumb\":{\"@id\":\"https:\\\/\\\/www.eldigitaldeasturias.com\\\/noticias\\\/la-nieve-condiciona-el-trafico-y-cierra-puertos-en-norte-y-centro-peninsular\\\/#breadcrumblist\"},\"author\":{\"@id\":\"https:\\\/\\\/www.eldigitaldeasturias.com\\\/noticias\\\/author\\\/admin\\\/#author\"},\"creator\":{\"@id\":\"https:\\\/\\\/www.eldigitaldeasturias.com\\\/noticias\\\/author\\\/admin\\\/#author\"},\"image\":{\"@type\":\"ImageObject\",\"url\":482931,\"@id\":\"https:\\\/\\\/www.eldigitaldeasturias.com\\\/noticias\\\/la-nieve-condiciona-el-trafico-y-cierra-puertos-en-norte-y-centro-peninsular\\\/#mainImage\"},\"primaryImageOfPage\":{\"@id\":\"https:\\\/\\\/www.eldigitaldeasturias.com\\\/noticias\\\/la-nieve-condiciona-el-trafico-y-cierra-puertos-en-norte-y-centro-peninsular\\\/#mainImage\"},\"datePublished\":\"2014-02-03T21:00:29+01:00\",\"dateModified\":\"2014-02-03T21:00:29+01:00\"},{\"@type\":\"WebSite\",\"@id\":\"https:\\\/\\\/www.eldigitaldeasturias.com\\\/noticias\\\/#website\",\"url\":\"https:\\\/\\\/www.eldigitaldeasturias.com\\\/noticias\\\/\",\"name\":\"El Digital de Asturias - Diario de actualidad y noticias\",\"alternateName\":\"El Digital de Asturias - Diario de actualidad y noticias\",\"description\":\"Hemeroteca\",\"inLanguage\":\"es-ES\",\"publisher\":{\"@id\":\"https:\\\/\\\/www.eldigitaldeasturias.com\\\/noticias\\\/#organization\"}}]}\n\t\t<\/script>\n\t\t<!-- All in One SEO Pro -->\r\n\t\t<title>La nieve condiciona el tr\u00e1fico y cierra puertos en norte y centro peninsular - El Digital de Asturias<\/title>\n\n","aioseo_head_json":{"title":"La nieve condiciona el tr\u00e1fico y cierra puertos en norte y centro peninsular - El Digital de Asturias","description":"Madrid, 3 feb (EFE).- El temporal de viento y nieve que afecta a la pen\u00ednsula est\u00e1 condicionando hoy el tr\u00e1nsito por la red secundaria de carreteras, fundamentalmente, de Castilla y Le\u00f3n, Extremadura, Asturias, Catalu\u00f1a y Galicia donde permanecen cerrados o con dificultades al tr\u00e1fico varios tramos y puertos de monta\u00f1a. Seg\u00fan la Direcci\u00f3n General de","canonical_url":"https:\/\/www.eldigitaldeasturias.com\/noticias\/la-nieve-condiciona-el-trafico-y-cierra-puertos-en-norte-y-centro-peninsular\/","robots":"max-image-preview:large","keywords":"actualidad","webmasterTools":{"google-site-verification":"UA-38556648-1","msvalidate.01":"7dfe9f3f1b24437ab69f4f2559babe99","miscellaneous":""},"schema":{"@context":"https:\/\/schema.org","@graph":[{"@type":"BlogPosting","@id":"https:\/\/www.eldigitaldeasturias.com\/noticias\/la-nieve-condiciona-el-trafico-y-cierra-puertos-en-norte-y-centro-peninsular\/#blogposting","name":"La nieve condiciona el tr\u00e1fico y cierra puertos en norte y centro peninsular - El Digital de Asturias","headline":"La nieve condiciona el tr\u00e1fico y cierra puertos en norte y centro peninsular","author":{"@id":"https:\/\/www.eldigitaldeasturias.com\/noticias\/author\/admin\/#author"},"publisher":{"@id":"https:\/\/www.eldigitaldeasturias.com\/noticias\/#organization"},"image":{"@type":"ImageObject","url":482931},"datePublished":"2014-02-03T21:00:29+01:00","dateModified":"2014-02-03T21:00:29+01:00","inLanguage":"es-ES","mainEntityOfPage":{"@id":"https:\/\/www.eldigitaldeasturias.com\/noticias\/la-nieve-condiciona-el-trafico-y-cierra-puertos-en-norte-y-centro-peninsular\/#webpage"},"isPartOf":{"@id":"https:\/\/www.eldigitaldeasturias.com\/noticias\/la-nieve-condiciona-el-trafico-y-cierra-puertos-en-norte-y-centro-peninsular\/#webpage"},"articleSection":"Actualidad"},{"@type":"BreadcrumbList","@id":"https:\/\/www.eldigitaldeasturias.com\/noticias\/la-nieve-condiciona-el-trafico-y-cierra-puertos-en-norte-y-centro-peninsular\/#breadcrumblist","itemListElement":[{"@type":"ListItem","@id":"https:\/\/www.eldigitaldeasturias.com\/noticias#listItem","position":1,"name":"Home","item":"https:\/\/www.eldigitaldeasturias.com\/noticias","nextItem":{"@type":"ListItem","@id":"https:\/\/www.eldigitaldeasturias.com\/noticias\/category\/actualidad\/#listItem","name":"Actualidad"}},{"@type":"ListItem","@id":"https:\/\/www.eldigitaldeasturias.com\/noticias\/category\/actualidad\/#listItem","position":2,"name":"Actualidad","item":"https:\/\/www.eldigitaldeasturias.com\/noticias\/category\/actualidad\/","nextItem":{"@type":"ListItem","@id":"https:\/\/www.eldigitaldeasturias.com\/noticias\/la-nieve-condiciona-el-trafico-y-cierra-puertos-en-norte-y-centro-peninsular\/#listItem","name":"La nieve condiciona el tr\u00e1fico y cierra puertos en norte y centro peninsular"},"previousItem":{"@type":"ListItem","@id":"https:\/\/www.eldigitaldeasturias.com\/noticias#listItem","name":"Home"}},{"@type":"ListItem","@id":"https:\/\/www.eldigitaldeasturias.com\/noticias\/la-nieve-condiciona-el-trafico-y-cierra-puertos-en-norte-y-centro-peninsular\/#listItem","position":3,"name":"La nieve condiciona el tr\u00e1fico y cierra puertos en norte y centro peninsular","previousItem":{"@type":"ListItem","@id":"https:\/\/www.eldigitaldeasturias.com\/noticias\/category\/actualidad\/#listItem","name":"Actualidad"}}]},{"@type":"Organization","@id":"https:\/\/www.eldigitaldeasturias.com\/noticias\/#organization","name":"El Digital de Asturias","description":"Hemeroteca","url":"https:\/\/www.eldigitaldeasturias.com\/noticias\/","email":"info@eldigitaldeasturias.com","telephone":"+34652131393","logo":{"@type":"ImageObject","url":"https:\/\/www.eldigitaldeasturias.com\/noticias\/wp-content\/uploads\/2020\/12\/EDA.jpg","@id":"https:\/\/www.eldigitaldeasturias.com\/noticias\/la-nieve-condiciona-el-trafico-y-cierra-puertos-en-norte-y-centro-peninsular\/#organizationLogo"},"image":{"@id":"https:\/\/www.eldigitaldeasturias.com\/noticias\/la-nieve-condiciona-el-trafico-y-cierra-puertos-en-norte-y-centro-peninsular\/#organizationLogo"},"sameAs":["https:\/\/facebook.com\/eldigitaldeasturias","https:\/\/www.youtube.com\/channel\/UCZP-2wLEB9Rv6erhFmqVnvg"],"address":{"@id":"https:\/\/www.eldigitaldeasturias.com\/noticias\/#postaladdress","@type":"PostalAddress","streetAddress":"san antonio 4","postalCode":"33430","addressLocality":"Cand\u00e1s","addressRegion":"Asturias","addressCountry":"ES"}},{"@type":"Person","@id":"https:\/\/www.eldigitaldeasturias.com\/noticias\/author\/admin\/#author","url":"https:\/\/www.eldigitaldeasturias.com\/noticias\/author\/admin\/","name":"El Digital de Asturias","image":{"@type":"ImageObject","@id":"https:\/\/www.eldigitaldeasturias.com\/noticias\/la-nieve-condiciona-el-trafico-y-cierra-puertos-en-norte-y-centro-peninsular\/#authorImage","url":"https:\/\/secure.gravatar.com\/avatar\/df2aeffc32bcd13f8d26072ef8a91b623d677766deac7f97ca815868cd41bf5e?s=96&d=mm&r=g","width":96,"height":96,"caption":"El Digital de Asturias"}},{"@type":"WebPage","@id":"https:\/\/www.eldigitaldeasturias.com\/noticias\/la-nieve-condiciona-el-trafico-y-cierra-puertos-en-norte-y-centro-peninsular\/#webpage","url":"https:\/\/www.eldigitaldeasturias.com\/noticias\/la-nieve-condiciona-el-trafico-y-cierra-puertos-en-norte-y-centro-peninsular\/","name":"La nieve condiciona el tr\u00e1fico y cierra puertos en norte y centro peninsular - El Digital de Asturias","description":"Madrid, 3 feb (EFE).- El temporal de viento y nieve que afecta a la pen\u00ednsula est\u00e1 condicionando hoy el tr\u00e1nsito por la red secundaria de carreteras, fundamentalmente, de Castilla y Le\u00f3n, Extremadura, Asturias, Catalu\u00f1a y Galicia donde permanecen cerrados o con dificultades al tr\u00e1fico varios tramos y puertos de monta\u00f1a. Seg\u00fan la Direcci\u00f3n General de","inLanguage":"es-ES","isPartOf":{"@id":"https:\/\/www.eldigitaldeasturias.com\/noticias\/#website"},"breadcrumb":{"@id":"https:\/\/www.eldigitaldeasturias.com\/noticias\/la-nieve-condiciona-el-trafico-y-cierra-puertos-en-norte-y-centro-peninsular\/#breadcrumblist"},"author":{"@id":"https:\/\/www.eldigitaldeasturias.com\/noticias\/author\/admin\/#author"},"creator":{"@id":"https:\/\/www.eldigitaldeasturias.com\/noticias\/author\/admin\/#author"},"image":{"@type":"ImageObject","url":482931,"@id":"https:\/\/www.eldigitaldeasturias.com\/noticias\/la-nieve-condiciona-el-trafico-y-cierra-puertos-en-norte-y-centro-peninsular\/#mainImage"},"primaryImageOfPage":{"@id":"https:\/\/www.eldigitaldeasturias.com\/noticias\/la-nieve-condiciona-el-trafico-y-cierra-puertos-en-norte-y-centro-peninsular\/#mainImage"},"datePublished":"2014-02-03T21:00:29+01:00","dateModified":"2014-02-03T21:00:29+01:00"},{"@type":"WebSite","@id":"https:\/\/www.eldigitaldeasturias.com\/noticias\/#website","url":"https:\/\/www.eldigitaldeasturias.com\/noticias\/","name":"El Digital de Asturias - Diario de actualidad y noticias","alternateName":"El Digital de Asturias - Diario de actualidad y noticias","description":"Hemeroteca","inLanguage":"es-ES","publisher":{"@id":"https:\/\/www.eldigitaldeasturias.com\/noticias\/#organization"}}]},"og:locale":"es_ES","og:site_name":"El Digital de Asturias","og:type":"article","og:title":"La nieve condiciona el tr\u00e1fico y cierra puertos en norte y centro peninsular - El Digital de Asturias","og:description":"Madrid, 3 feb (EFE).- El temporal de viento y nieve que afecta a la pen\u00ednsula est\u00e1 condicionando hoy el tr\u00e1nsito por la red secundaria de carreteras, fundamentalmente, de Castilla y Le\u00f3n, Extremadura, Asturias, Catalu\u00f1a y Galicia donde permanecen cerrados o con dificultades al tr\u00e1fico varios tramos y puertos de monta\u00f1a. Seg\u00fan la Direcci\u00f3n General de","og:url":"https:\/\/www.eldigitaldeasturias.com\/noticias\/la-nieve-condiciona-el-trafico-y-cierra-puertos-en-norte-y-centro-peninsular\/","article:tag":["actualidad"],"article:published_time":"2014-02-03T22:00:29+00:00","article:modified_time":"2014-02-03T22:00:29+00:00","article:publisher":"https:\/\/facebook.com\/eldigitaldeasturias","twitter:card":"summary_large_image","twitter:title":"La nieve condiciona el tr\u00e1fico y cierra puertos en norte y centro peninsular - El Digital de Asturias","twitter:description":"Madrid, 3 feb (EFE).- El temporal de viento y nieve que afecta a la pen\u00ednsula est\u00e1 condicionando hoy el tr\u00e1nsito por la red secundaria de carreteras, fundamentalmente, de Castilla y Le\u00f3n, Extremadura, Asturias, Catalu\u00f1a y Galicia donde permanecen cerrados o con dificultades al tr\u00e1fico varios tramos y puertos de monta\u00f1a. Seg\u00fan la Direcci\u00f3n General de","twitter:label1":"Escrito por","twitter:data1":"El Digital de Asturias","twitter:label2":"Tiempo de lectura estimado","twitter:data2":"3 minutos"},"aioseo_meta_data":{"post_id":"482930","title":null,"description":null,"keywords":null,"keyphrases":null,"primary_term":null,"canonical_url":null,"og_title":null,"og_description":null,"og_object_type":"default","og_image_type":"default","og_image_url":null,"og_image_width":null,"og_image_height":null,"og_image_custom_url":null,"og_image_custom_fields":null,"og_video":null,"og_custom_url":null,"og_article_section":null,"og_article_tags":null,"twitter_use_og":true,"twitter_card":"default","twitter_image_type":"default","twitter_image_url":null,"twitter_image_custom_url":null,"twitter_image_custom_fields":null,"twitter_title":null,"twitter_description":null,"schema":{"blockGraphs":[],"customGraphs":[],"default":{"data":{"Article":[],"Course":[],"Dataset":[],"FAQPage":[],"Movie":[],"Person":[],"Product":[],"ProductReview":[],"Car":[],"Recipe":[],"Service":[],"SoftwareApplication":[],"WebPage":[]},"graphName":"","isEnabled":true},"graphs":[],"defaultGraph":"","defaultPostTypeGraph":""},"schema_type":null,"schema_type_options":null,"pillar_content":false,"robots_default":true,"robots_noindex":false,"robots_noarchive":false,"robots_nosnippet":false,"robots_nofollow":false,"robots_noimageindex":false,"robots_noodp":false,"robots_notranslate":false,"robots_max_snippet":null,"robots_max_videopreview":null,"robots_max_imagepreview":"none","priority":null,"frequency":null,"local_seo":null,"seo_analyzer_scan_date":"2026-06-02 11:18:51","breadcrumb_settings":null,"limit_modified_date":false,"open_ai":null,"ai":null,"created":"2020-11-14 22:54:40","updated":"2026-06-02 11:18:51","focus_keyword":null,"additional_keywords":null,"truseo_locale":null},"aioseo_breadcrumb":"<div class=\"aioseo-breadcrumbs\"><span class=\"aioseo-breadcrumb\">\n\t<a href=\"https:\/\/www.eldigitaldeasturias.com\/noticias\" title=\"Home\">Home<\/a>\n<\/span><span class=\"aioseo-breadcrumb-separator\">\u2013<\/span><span class=\"aioseo-breadcrumb\">\n\t<a href=\"https:\/\/www.eldigitaldeasturias.com\/noticias\/category\/actualidad\/\" title=\"Actualidad\">Actualidad<\/a>\n<\/span><span class=\"aioseo-breadcrumb-separator\">\u2013<\/span><span class=\"aioseo-breadcrumb\">\n\t<a href=\"https:\/\/www.eldigitaldeasturias.com\/noticias\/la-nieve-condiciona-el-trafico-y-cierra-puertos-en-norte-y-centro-peninsular\/\" title=\"La nieve condiciona el tr\u00e1fico y cierra puertos en norte y centro peninsular\">La nieve condiciona el tr\u00e1fico y cierra puertos en norte y centro peninsular<\/a>\n<\/span><\/div>","aioseo_breadcrumb_json":[{"label":"Home","link":"https:\/\/www.eldigitaldeasturias.com\/noticias"},{"label":"Actualidad","link":"https:\/\/www.eldigitaldeasturias.com\/noticias\/category\/actualidad\/"},{"label":"La nieve condiciona el tr\u00e1fico y cierra puertos en norte y centro peninsular","link":"https:\/\/www.eldigitaldeasturias.com\/noticias\/la-nieve-condiciona-el-trafico-y-cierra-puertos-en-norte-y-centro-peninsular\/"}],"_links":{"self":[{"href":"https:\/\/www.eldigitaldeasturias.com\/noticias\/wp-json\/wp\/v2\/posts\/482930","targetHints":{"allow":["GET"]}}],"collection":[{"href":"https:\/\/www.eldigitaldeasturias.com\/noticias\/wp-json\/wp\/v2\/posts"}],"about":[{"href":"https:\/\/www.eldigitaldeasturias.com\/noticias\/wp-json\/wp\/v2\/types\/post"}],"author":[{"embeddable":true,"href":"https:\/\/www.eldigitaldeasturias.com\/noticias\/wp-json\/wp\/v2\/users\/1"}],"replies":[{"embeddable":true,"href":"https:\/\/www.eldigitaldeasturias.com\/noticias\/wp-json\/wp\/v2\/comments?post=482930"}],"version-history":[{"count":0,"href":"https:\/\/www.eldigitaldeasturias.com\/noticias\/wp-json\/wp\/v2\/posts\/482930\/revisions"}],"wp:attachment":[{"href":"https:\/\/www.eldigitaldeasturias.com\/noticias\/wp-json\/wp\/v2\/media?parent=482930"}],"wp:term":[{"taxonomy":"category","embeddable":true,"href":"https:\/\/www.eldigitaldeasturias.com\/noticias\/wp-json\/wp\/v2\/categories?post=482930"},{"taxonomy":"post_tag","embeddable":true,"href":"https:\/\/www.eldigitaldeasturias.com\/noticias\/wp-json\/wp\/v2\/tags?post=482930"}],"curies":[{"name":"wp","href":"https:\/\/api.w.org\/{rel}","templated":true}]}}