{"id":482924,"date":"2014-02-03T20:56:19","date_gmt":"2014-02-03T21:56:19","guid":{"rendered":"http:\/\/www.eldigitaldeasturias.com\/noticias\/?p=482924"},"modified":"2014-02-03T20:56:19","modified_gmt":"2014-02-03T21:56:19","slug":"la-diputacion-y-la-camara-de-valladolid-ayudaran-a-500-empresas-a-exportar","status":"publish","type":"post","link":"https:\/\/www.eldigitaldeasturias.com\/noticias\/la-diputacion-y-la-camara-de-valladolid-ayudaran-a-500-empresas-a-exportar\/","title":{"rendered":"La Diputaci\u00f3n y la C\u00e1mara de Valladolid ayudar\u00e1n a 500 empresas a exportar"},"content":{"rendered":"<p><img loading=\"lazy\" decoding=\"async\" class=\"alignleft size-medium wp-image-482925\" alt=\"5904725w\" src=\"https:\/\/www.eldigitaldeasturias.com\/noticias\/wp-content\/uploads\/2014\/02\/5904725w-360x270.jpg\" width=\"360\" height=\"270\" \/>Valladolid, 3 feb (EFE).- La Diputaci\u00f3n Provincial y la C\u00e1mara de Comercio de Valladolid han firmado hoy un acuerdo de colaboraci\u00f3n mediante el que ambas partes impulsar\u00e1n un plan de ayuda a la exportaci\u00f3n, dirigido a 500 empresas instaladas en localidades de menos de 20.000 habitantes de la provincia vallisoletana.<\/p>\n<p>El presidente de la Diputaci\u00f3n de Valladolid, Jes\u00fas Julio Carnero, ha indicado en rueda de prensa tras la firma que la financiaci\u00f3n para el proyecto ser\u00e1 de 350.000 euros, de los que la instituci\u00f3n provincial aportar\u00e1 300.000 y la C\u00e1mara de Comercio 50.000.<\/p>\n<p>Carnero ha explicado que podr\u00e1n beneficiarse del programa de internacionalizaci\u00f3n, cuyo objetivo es ayudar a peque\u00f1as y medianas compa\u00f1\u00edas a acceder a nuevos mercados para mejorar su competitividad, 500 empresas vallisoletanas.<\/p>\n<p>El presidente de la Diputaci\u00f3n de Valladolid ha manifestado que el plan consta de tres \u00e1mbitos de actuaci\u00f3n, que son informaci\u00f3n y consultor\u00eda de comercio exterior, formaci\u00f3n y promoci\u00f3n.<\/p>\n<p>Al respecto, ha a\u00f1adido que entre las medidas de ayuda a la promoci\u00f3n se encuentra la creaci\u00f3n de un consorcio de exportaci\u00f3n, a trav\u00e9s del cual las empresas del mismo sector podr\u00e1n dar a conocer sus productos en el exterior y compartir canales de distribuci\u00f3n.<\/p>\n<p>El nuevo presidente de la C\u00e1mara de Comercio de Valladolid, Carlos Villar, ha animado a las peque\u00f1as y medianas empresas a consultar sobre su capacidad exportadora en la instituci\u00f3n cameral, ya que el programa est\u00e1 abierto a cualquier sector.<\/p>\n<p>Villar ha indicado que se trata de un \u00abplan integral\u00bb, en el que los profesionales dedicados a exportaci\u00f3n de la C\u00e1mara de Comercio analizar\u00e1n las posibilidades de las empresas, formar\u00e1n a los interesados y elaborar\u00e1n planes de negocio internacional y de promoci\u00f3n.<\/p>\n<p>\u00abEn primer lugar queremos quitar el miedo a exportar\u00bb, ha indicado el presidente de la instituci\u00f3n cameral, quien ha se\u00f1alado que en los \u00faltimos a\u00f1os est\u00e1n creciendo las exportaciones de grandes empresas, pero que hay que ayudar a otras m\u00e1s peque\u00f1as a iniciar ese proceso.<\/p>\n<p>Respecto a las movimientos exportadores de las empresas de la provincia, el presidente de la Diputaci\u00f3n de Valladolid ha informado de que se ha pasado de 3.200 millones de euros en exportaciones procedentes de unas 110.000 operaciones en 2010 a 3.600 millones fruto de 115.000 operaciones comerciales desarrolladas hasta octubre del a\u00f1o pasado.<\/p>\n","protected":false},"excerpt":{"rendered":"<p>Valladolid, 3 feb (EFE).- La Diputaci\u00f3n Provincial y la C\u00e1mara de Comercio de Valladolid han firmado hoy un acuerdo de colaboraci\u00f3n mediante el que ambas partes impulsar\u00e1n un plan de ayuda a la exportaci\u00f3n, dirigido a 500 empresas instaladas en localidades de menos de 20.000 habitantes de la provincia vallisoletana. El presidente de la Diputaci\u00f3n [&hellip;]<\/p>\n","protected":false},"author":1,"featured_media":482925,"comment_status":"closed","ping_status":"open","sticky":false,"template":"","format":"standard","meta":{"footnotes":""},"categories":[1],"tags":[],"class_list":["post-482924","post","type-post","status-publish","format-standard","has-post-thumbnail","hentry","category-actualidad"],"aioseo_notices":[],"aioseo_head":"\n\t\t<!-- All in One SEO Pro 5.0.1 - aioseo.com -->\n\t<meta name=\"description\" content=\"Valladolid, 3 feb (EFE).- La Diputaci\u00f3n Provincial y la C\u00e1mara de Comercio de Valladolid han firmado hoy un acuerdo de colaboraci\u00f3n mediante el que ambas partes impulsar\u00e1n un plan de ayuda a la exportaci\u00f3n, dirigido a 500 empresas instaladas en localidades de menos de 20.000 habitantes de la provincia vallisoletana. El presidente de la Diputaci\u00f3n\" \/>\n\t<meta name=\"robots\" content=\"max-image-preview:large\" \/>\n\t<meta name=\"author\" content=\"El Digital de Asturias\"\/>\n\t<meta name=\"google-site-verification\" content=\"UA-38556648-1\" \/>\n\t<meta name=\"msvalidate.01\" content=\"7dfe9f3f1b24437ab69f4f2559babe99\" \/>\n\t<meta name=\"keywords\" content=\"actualidad\" \/>\n\t<link rel=\"canonical\" href=\"https:\/\/www.eldigitaldeasturias.com\/noticias\/la-diputacion-y-la-camara-de-valladolid-ayudaran-a-500-empresas-a-exportar\/\" \/>\n\t<meta name=\"generator\" content=\"All in One SEO Pro (AIOSEO) 5.0.1\" \/>\n\t\t<meta property=\"og:locale\" content=\"es_ES\" \/>\n\t\t<meta property=\"og:site_name\" content=\"El Digital de Asturias\" \/>\n\t\t<meta property=\"og:type\" content=\"article\" \/>\n\t\t<meta property=\"og:title\" content=\"La Diputaci\u00f3n y la C\u00e1mara de Valladolid ayudar\u00e1n a 500 empresas a exportar - El Digital de Asturias\" \/>\n\t\t<meta property=\"og:description\" content=\"Valladolid, 3 feb (EFE).- La Diputaci\u00f3n Provincial y la C\u00e1mara de Comercio de Valladolid han firmado hoy un acuerdo de colaboraci\u00f3n mediante el que ambas partes impulsar\u00e1n un plan de ayuda a la exportaci\u00f3n, dirigido a 500 empresas instaladas en localidades de menos de 20.000 habitantes de la provincia vallisoletana. El presidente de la Diputaci\u00f3n\" \/>\n\t\t<meta property=\"og:url\" content=\"https:\/\/www.eldigitaldeasturias.com\/noticias\/la-diputacion-y-la-camara-de-valladolid-ayudaran-a-500-empresas-a-exportar\/\" \/>\n\t\t<meta property=\"article:tag\" content=\"actualidad\" \/>\n\t\t<meta property=\"article:published_time\" content=\"2014-02-03T21:56:19+00:00\" \/>\n\t\t<meta property=\"article:modified_time\" content=\"2014-02-03T21:56:19+00:00\" \/>\n\t\t<meta property=\"article:publisher\" content=\"https:\/\/facebook.com\/eldigitaldeasturias\" \/>\n\t\t<meta name=\"twitter:card\" content=\"summary_large_image\" \/>\n\t\t<meta name=\"twitter:title\" content=\"La Diputaci\u00f3n y la C\u00e1mara de Valladolid ayudar\u00e1n a 500 empresas a exportar - El Digital de Asturias\" \/>\n\t\t<meta name=\"twitter:description\" content=\"Valladolid, 3 feb (EFE).- La Diputaci\u00f3n Provincial y la C\u00e1mara de Comercio de Valladolid han firmado hoy un acuerdo de colaboraci\u00f3n mediante el que ambas partes impulsar\u00e1n un plan de ayuda a la exportaci\u00f3n, dirigido a 500 empresas instaladas en localidades de menos de 20.000 habitantes de la provincia vallisoletana. El presidente de la Diputaci\u00f3n\" \/>\n\t\t<meta name=\"twitter:label1\" content=\"Escrito por\" \/>\n\t\t<meta name=\"twitter:data1\" content=\"El Digital de Asturias\" \/>\n\t\t<meta name=\"twitter:label2\" content=\"Tiempo de lectura estimado\" \/>\n\t\t<meta name=\"twitter:data2\" content=\"2 minutos\" \/>\n\t\t<script type=\"application\/ld+json\" class=\"aioseo-schema\">\n\t\t\t{\"@context\":\"https:\\\/\\\/schema.org\",\"@graph\":[{\"@type\":\"BlogPosting\",\"@id\":\"https:\\\/\\\/www.eldigitaldeasturias.com\\\/noticias\\\/la-diputacion-y-la-camara-de-valladolid-ayudaran-a-500-empresas-a-exportar\\\/#blogposting\",\"name\":\"La Diputaci\\u00f3n y la C\\u00e1mara de Valladolid ayudar\\u00e1n a 500 empresas a exportar - El Digital de Asturias\",\"headline\":\"La Diputaci\\u00f3n y la C\\u00e1mara de Valladolid ayudar\\u00e1n a 500 empresas a exportar\",\"author\":{\"@id\":\"https:\\\/\\\/www.eldigitaldeasturias.com\\\/noticias\\\/author\\\/admin\\\/#author\"},\"publisher\":{\"@id\":\"https:\\\/\\\/www.eldigitaldeasturias.com\\\/noticias\\\/#organization\"},\"image\":{\"@type\":\"ImageObject\",\"url\":482925},\"datePublished\":\"2014-02-03T20:56:19+01:00\",\"dateModified\":\"2014-02-03T20:56:19+01:00\",\"inLanguage\":\"es-ES\",\"mainEntityOfPage\":{\"@id\":\"https:\\\/\\\/www.eldigitaldeasturias.com\\\/noticias\\\/la-diputacion-y-la-camara-de-valladolid-ayudaran-a-500-empresas-a-exportar\\\/#webpage\"},\"isPartOf\":{\"@id\":\"https:\\\/\\\/www.eldigitaldeasturias.com\\\/noticias\\\/la-diputacion-y-la-camara-de-valladolid-ayudaran-a-500-empresas-a-exportar\\\/#webpage\"},\"articleSection\":\"Actualidad\"},{\"@type\":\"BreadcrumbList\",\"@id\":\"https:\\\/\\\/www.eldigitaldeasturias.com\\\/noticias\\\/la-diputacion-y-la-camara-de-valladolid-ayudaran-a-500-empresas-a-exportar\\\/#breadcrumblist\",\"itemListElement\":[{\"@type\":\"ListItem\",\"@id\":\"https:\\\/\\\/www.eldigitaldeasturias.com\\\/noticias#listItem\",\"position\":1,\"name\":\"Home\",\"item\":\"https:\\\/\\\/www.eldigitaldeasturias.com\\\/noticias\",\"nextItem\":{\"@type\":\"ListItem\",\"@id\":\"https:\\\/\\\/www.eldigitaldeasturias.com\\\/noticias\\\/category\\\/actualidad\\\/#listItem\",\"name\":\"Actualidad\"}},{\"@type\":\"ListItem\",\"@id\":\"https:\\\/\\\/www.eldigitaldeasturias.com\\\/noticias\\\/category\\\/actualidad\\\/#listItem\",\"position\":2,\"name\":\"Actualidad\",\"item\":\"https:\\\/\\\/www.eldigitaldeasturias.com\\\/noticias\\\/category\\\/actualidad\\\/\",\"nextItem\":{\"@type\":\"ListItem\",\"@id\":\"https:\\\/\\\/www.eldigitaldeasturias.com\\\/noticias\\\/la-diputacion-y-la-camara-de-valladolid-ayudaran-a-500-empresas-a-exportar\\\/#listItem\",\"name\":\"La Diputaci\\u00f3n y la C\\u00e1mara de Valladolid ayudar\\u00e1n a 500 empresas a exportar\"},\"previousItem\":{\"@type\":\"ListItem\",\"@id\":\"https:\\\/\\\/www.eldigitaldeasturias.com\\\/noticias#listItem\",\"name\":\"Home\"}},{\"@type\":\"ListItem\",\"@id\":\"https:\\\/\\\/www.eldigitaldeasturias.com\\\/noticias\\\/la-diputacion-y-la-camara-de-valladolid-ayudaran-a-500-empresas-a-exportar\\\/#listItem\",\"position\":3,\"name\":\"La Diputaci\\u00f3n y la C\\u00e1mara de Valladolid ayudar\\u00e1n a 500 empresas a exportar\",\"previousItem\":{\"@type\":\"ListItem\",\"@id\":\"https:\\\/\\\/www.eldigitaldeasturias.com\\\/noticias\\\/category\\\/actualidad\\\/#listItem\",\"name\":\"Actualidad\"}}]},{\"@type\":\"Organization\",\"@id\":\"https:\\\/\\\/www.eldigitaldeasturias.com\\\/noticias\\\/#organization\",\"name\":\"El Digital de Asturias\",\"description\":\"Hemeroteca\",\"url\":\"https:\\\/\\\/www.eldigitaldeasturias.com\\\/noticias\\\/\",\"email\":\"info@eldigitaldeasturias.com\",\"telephone\":\"+34652131393\",\"logo\":{\"@type\":\"ImageObject\",\"url\":\"https:\\\/\\\/www.eldigitaldeasturias.com\\\/noticias\\\/wp-content\\\/uploads\\\/2020\\\/12\\\/EDA.jpg\",\"@id\":\"https:\\\/\\\/www.eldigitaldeasturias.com\\\/noticias\\\/la-diputacion-y-la-camara-de-valladolid-ayudaran-a-500-empresas-a-exportar\\\/#organizationLogo\"},\"image\":{\"@id\":\"https:\\\/\\\/www.eldigitaldeasturias.com\\\/noticias\\\/la-diputacion-y-la-camara-de-valladolid-ayudaran-a-500-empresas-a-exportar\\\/#organizationLogo\"},\"sameAs\":[\"https:\\\/\\\/facebook.com\\\/eldigitaldeasturias\",\"https:\\\/\\\/www.youtube.com\\\/channel\\\/UCZP-2wLEB9Rv6erhFmqVnvg\"],\"address\":{\"@id\":\"https:\\\/\\\/www.eldigitaldeasturias.com\\\/noticias\\\/#postaladdress\",\"@type\":\"PostalAddress\",\"streetAddress\":\"san antonio 4\",\"postalCode\":\"33430\",\"addressLocality\":\"Cand\\u00e1s\",\"addressRegion\":\"Asturias\",\"addressCountry\":\"ES\"}},{\"@type\":\"Person\",\"@id\":\"https:\\\/\\\/www.eldigitaldeasturias.com\\\/noticias\\\/author\\\/admin\\\/#author\",\"url\":\"https:\\\/\\\/www.eldigitaldeasturias.com\\\/noticias\\\/author\\\/admin\\\/\",\"name\":\"El Digital de Asturias\",\"image\":{\"@type\":\"ImageObject\",\"@id\":\"https:\\\/\\\/www.eldigitaldeasturias.com\\\/noticias\\\/la-diputacion-y-la-camara-de-valladolid-ayudaran-a-500-empresas-a-exportar\\\/#authorImage\",\"url\":\"https:\\\/\\\/secure.gravatar.com\\\/avatar\\\/df2aeffc32bcd13f8d26072ef8a91b623d677766deac7f97ca815868cd41bf5e?s=96&d=mm&r=g\",\"width\":96,\"height\":96,\"caption\":\"El Digital de Asturias\"}},{\"@type\":\"WebPage\",\"@id\":\"https:\\\/\\\/www.eldigitaldeasturias.com\\\/noticias\\\/la-diputacion-y-la-camara-de-valladolid-ayudaran-a-500-empresas-a-exportar\\\/#webpage\",\"url\":\"https:\\\/\\\/www.eldigitaldeasturias.com\\\/noticias\\\/la-diputacion-y-la-camara-de-valladolid-ayudaran-a-500-empresas-a-exportar\\\/\",\"name\":\"La Diputaci\\u00f3n y la C\\u00e1mara de Valladolid ayudar\\u00e1n a 500 empresas a exportar - El Digital de Asturias\",\"description\":\"Valladolid, 3 feb (EFE).- La Diputaci\\u00f3n Provincial y la C\\u00e1mara de Comercio de Valladolid han firmado hoy un acuerdo de colaboraci\\u00f3n mediante el que ambas partes impulsar\\u00e1n un plan de ayuda a la exportaci\\u00f3n, dirigido a 500 empresas instaladas en localidades de menos de 20.000 habitantes de la provincia vallisoletana. El presidente de la Diputaci\\u00f3n\",\"inLanguage\":\"es-ES\",\"isPartOf\":{\"@id\":\"https:\\\/\\\/www.eldigitaldeasturias.com\\\/noticias\\\/#website\"},\"breadcrumb\":{\"@id\":\"https:\\\/\\\/www.eldigitaldeasturias.com\\\/noticias\\\/la-diputacion-y-la-camara-de-valladolid-ayudaran-a-500-empresas-a-exportar\\\/#breadcrumblist\"},\"author\":{\"@id\":\"https:\\\/\\\/www.eldigitaldeasturias.com\\\/noticias\\\/author\\\/admin\\\/#author\"},\"creator\":{\"@id\":\"https:\\\/\\\/www.eldigitaldeasturias.com\\\/noticias\\\/author\\\/admin\\\/#author\"},\"image\":{\"@type\":\"ImageObject\",\"url\":482925,\"@id\":\"https:\\\/\\\/www.eldigitaldeasturias.com\\\/noticias\\\/la-diputacion-y-la-camara-de-valladolid-ayudaran-a-500-empresas-a-exportar\\\/#mainImage\"},\"primaryImageOfPage\":{\"@id\":\"https:\\\/\\\/www.eldigitaldeasturias.com\\\/noticias\\\/la-diputacion-y-la-camara-de-valladolid-ayudaran-a-500-empresas-a-exportar\\\/#mainImage\"},\"datePublished\":\"2014-02-03T20:56:19+01:00\",\"dateModified\":\"2014-02-03T20:56:19+01:00\"},{\"@type\":\"WebSite\",\"@id\":\"https:\\\/\\\/www.eldigitaldeasturias.com\\\/noticias\\\/#website\",\"url\":\"https:\\\/\\\/www.eldigitaldeasturias.com\\\/noticias\\\/\",\"name\":\"El Digital de Asturias - Diario de actualidad y noticias\",\"alternateName\":\"El Digital de Asturias - Diario de actualidad y noticias\",\"description\":\"Hemeroteca\",\"inLanguage\":\"es-ES\",\"publisher\":{\"@id\":\"https:\\\/\\\/www.eldigitaldeasturias.com\\\/noticias\\\/#organization\"}}]}\n\t\t<\/script>\n\t\t<!-- All in One SEO Pro -->\r\n\t\t<title>La Diputaci\u00f3n y la C\u00e1mara de Valladolid ayudar\u00e1n a 500 empresas a exportar - El Digital de Asturias<\/title>\n\n","aioseo_head_json":{"title":"La Diputaci\u00f3n y la C\u00e1mara de Valladolid ayudar\u00e1n a 500 empresas a exportar - El Digital de Asturias","description":"Valladolid, 3 feb (EFE).- La Diputaci\u00f3n Provincial y la C\u00e1mara de Comercio de Valladolid han firmado hoy un acuerdo de colaboraci\u00f3n mediante el que ambas partes impulsar\u00e1n un plan de ayuda a la exportaci\u00f3n, dirigido a 500 empresas instaladas en localidades de menos de 20.000 habitantes de la provincia vallisoletana. El presidente de la Diputaci\u00f3n","canonical_url":"https:\/\/www.eldigitaldeasturias.com\/noticias\/la-diputacion-y-la-camara-de-valladolid-ayudaran-a-500-empresas-a-exportar\/","robots":"max-image-preview:large","keywords":"actualidad","webmasterTools":{"google-site-verification":"UA-38556648-1","msvalidate.01":"7dfe9f3f1b24437ab69f4f2559babe99","miscellaneous":""},"schema":{"@context":"https:\/\/schema.org","@graph":[{"@type":"BlogPosting","@id":"https:\/\/www.eldigitaldeasturias.com\/noticias\/la-diputacion-y-la-camara-de-valladolid-ayudaran-a-500-empresas-a-exportar\/#blogposting","name":"La Diputaci\u00f3n y la C\u00e1mara de Valladolid ayudar\u00e1n a 500 empresas a exportar - El Digital de Asturias","headline":"La Diputaci\u00f3n y la C\u00e1mara de Valladolid ayudar\u00e1n a 500 empresas a exportar","author":{"@id":"https:\/\/www.eldigitaldeasturias.com\/noticias\/author\/admin\/#author"},"publisher":{"@id":"https:\/\/www.eldigitaldeasturias.com\/noticias\/#organization"},"image":{"@type":"ImageObject","url":482925},"datePublished":"2014-02-03T20:56:19+01:00","dateModified":"2014-02-03T20:56:19+01:00","inLanguage":"es-ES","mainEntityOfPage":{"@id":"https:\/\/www.eldigitaldeasturias.com\/noticias\/la-diputacion-y-la-camara-de-valladolid-ayudaran-a-500-empresas-a-exportar\/#webpage"},"isPartOf":{"@id":"https:\/\/www.eldigitaldeasturias.com\/noticias\/la-diputacion-y-la-camara-de-valladolid-ayudaran-a-500-empresas-a-exportar\/#webpage"},"articleSection":"Actualidad"},{"@type":"BreadcrumbList","@id":"https:\/\/www.eldigitaldeasturias.com\/noticias\/la-diputacion-y-la-camara-de-valladolid-ayudaran-a-500-empresas-a-exportar\/#breadcrumblist","itemListElement":[{"@type":"ListItem","@id":"https:\/\/www.eldigitaldeasturias.com\/noticias#listItem","position":1,"name":"Home","item":"https:\/\/www.eldigitaldeasturias.com\/noticias","nextItem":{"@type":"ListItem","@id":"https:\/\/www.eldigitaldeasturias.com\/noticias\/category\/actualidad\/#listItem","name":"Actualidad"}},{"@type":"ListItem","@id":"https:\/\/www.eldigitaldeasturias.com\/noticias\/category\/actualidad\/#listItem","position":2,"name":"Actualidad","item":"https:\/\/www.eldigitaldeasturias.com\/noticias\/category\/actualidad\/","nextItem":{"@type":"ListItem","@id":"https:\/\/www.eldigitaldeasturias.com\/noticias\/la-diputacion-y-la-camara-de-valladolid-ayudaran-a-500-empresas-a-exportar\/#listItem","name":"La Diputaci\u00f3n y la C\u00e1mara de Valladolid ayudar\u00e1n a 500 empresas a exportar"},"previousItem":{"@type":"ListItem","@id":"https:\/\/www.eldigitaldeasturias.com\/noticias#listItem","name":"Home"}},{"@type":"ListItem","@id":"https:\/\/www.eldigitaldeasturias.com\/noticias\/la-diputacion-y-la-camara-de-valladolid-ayudaran-a-500-empresas-a-exportar\/#listItem","position":3,"name":"La Diputaci\u00f3n y la C\u00e1mara de Valladolid ayudar\u00e1n a 500 empresas a exportar","previousItem":{"@type":"ListItem","@id":"https:\/\/www.eldigitaldeasturias.com\/noticias\/category\/actualidad\/#listItem","name":"Actualidad"}}]},{"@type":"Organization","@id":"https:\/\/www.eldigitaldeasturias.com\/noticias\/#organization","name":"El Digital de Asturias","description":"Hemeroteca","url":"https:\/\/www.eldigitaldeasturias.com\/noticias\/","email":"info@eldigitaldeasturias.com","telephone":"+34652131393","logo":{"@type":"ImageObject","url":"https:\/\/www.eldigitaldeasturias.com\/noticias\/wp-content\/uploads\/2020\/12\/EDA.jpg","@id":"https:\/\/www.eldigitaldeasturias.com\/noticias\/la-diputacion-y-la-camara-de-valladolid-ayudaran-a-500-empresas-a-exportar\/#organizationLogo"},"image":{"@id":"https:\/\/www.eldigitaldeasturias.com\/noticias\/la-diputacion-y-la-camara-de-valladolid-ayudaran-a-500-empresas-a-exportar\/#organizationLogo"},"sameAs":["https:\/\/facebook.com\/eldigitaldeasturias","https:\/\/www.youtube.com\/channel\/UCZP-2wLEB9Rv6erhFmqVnvg"],"address":{"@id":"https:\/\/www.eldigitaldeasturias.com\/noticias\/#postaladdress","@type":"PostalAddress","streetAddress":"san antonio 4","postalCode":"33430","addressLocality":"Cand\u00e1s","addressRegion":"Asturias","addressCountry":"ES"}},{"@type":"Person","@id":"https:\/\/www.eldigitaldeasturias.com\/noticias\/author\/admin\/#author","url":"https:\/\/www.eldigitaldeasturias.com\/noticias\/author\/admin\/","name":"El Digital de Asturias","image":{"@type":"ImageObject","@id":"https:\/\/www.eldigitaldeasturias.com\/noticias\/la-diputacion-y-la-camara-de-valladolid-ayudaran-a-500-empresas-a-exportar\/#authorImage","url":"https:\/\/secure.gravatar.com\/avatar\/df2aeffc32bcd13f8d26072ef8a91b623d677766deac7f97ca815868cd41bf5e?s=96&d=mm&r=g","width":96,"height":96,"caption":"El Digital de Asturias"}},{"@type":"WebPage","@id":"https:\/\/www.eldigitaldeasturias.com\/noticias\/la-diputacion-y-la-camara-de-valladolid-ayudaran-a-500-empresas-a-exportar\/#webpage","url":"https:\/\/www.eldigitaldeasturias.com\/noticias\/la-diputacion-y-la-camara-de-valladolid-ayudaran-a-500-empresas-a-exportar\/","name":"La Diputaci\u00f3n y la C\u00e1mara de Valladolid ayudar\u00e1n a 500 empresas a exportar - El Digital de Asturias","description":"Valladolid, 3 feb (EFE).- La Diputaci\u00f3n Provincial y la C\u00e1mara de Comercio de Valladolid han firmado hoy un acuerdo de colaboraci\u00f3n mediante el que ambas partes impulsar\u00e1n un plan de ayuda a la exportaci\u00f3n, dirigido a 500 empresas instaladas en localidades de menos de 20.000 habitantes de la provincia vallisoletana. El presidente de la Diputaci\u00f3n","inLanguage":"es-ES","isPartOf":{"@id":"https:\/\/www.eldigitaldeasturias.com\/noticias\/#website"},"breadcrumb":{"@id":"https:\/\/www.eldigitaldeasturias.com\/noticias\/la-diputacion-y-la-camara-de-valladolid-ayudaran-a-500-empresas-a-exportar\/#breadcrumblist"},"author":{"@id":"https:\/\/www.eldigitaldeasturias.com\/noticias\/author\/admin\/#author"},"creator":{"@id":"https:\/\/www.eldigitaldeasturias.com\/noticias\/author\/admin\/#author"},"image":{"@type":"ImageObject","url":482925,"@id":"https:\/\/www.eldigitaldeasturias.com\/noticias\/la-diputacion-y-la-camara-de-valladolid-ayudaran-a-500-empresas-a-exportar\/#mainImage"},"primaryImageOfPage":{"@id":"https:\/\/www.eldigitaldeasturias.com\/noticias\/la-diputacion-y-la-camara-de-valladolid-ayudaran-a-500-empresas-a-exportar\/#mainImage"},"datePublished":"2014-02-03T20:56:19+01:00","dateModified":"2014-02-03T20:56:19+01:00"},{"@type":"WebSite","@id":"https:\/\/www.eldigitaldeasturias.com\/noticias\/#website","url":"https:\/\/www.eldigitaldeasturias.com\/noticias\/","name":"El Digital de Asturias - Diario de actualidad y noticias","alternateName":"El Digital de Asturias - Diario de actualidad y noticias","description":"Hemeroteca","inLanguage":"es-ES","publisher":{"@id":"https:\/\/www.eldigitaldeasturias.com\/noticias\/#organization"}}]},"og:locale":"es_ES","og:site_name":"El Digital de Asturias","og:type":"article","og:title":"La Diputaci\u00f3n y la C\u00e1mara de Valladolid ayudar\u00e1n a 500 empresas a exportar - El Digital de Asturias","og:description":"Valladolid, 3 feb (EFE).- La Diputaci\u00f3n Provincial y la C\u00e1mara de Comercio de Valladolid han firmado hoy un acuerdo de colaboraci\u00f3n mediante el que ambas partes impulsar\u00e1n un plan de ayuda a la exportaci\u00f3n, dirigido a 500 empresas instaladas en localidades de menos de 20.000 habitantes de la provincia vallisoletana. El presidente de la Diputaci\u00f3n","og:url":"https:\/\/www.eldigitaldeasturias.com\/noticias\/la-diputacion-y-la-camara-de-valladolid-ayudaran-a-500-empresas-a-exportar\/","article:tag":["actualidad"],"article:published_time":"2014-02-03T21:56:19+00:00","article:modified_time":"2014-02-03T21:56:19+00:00","article:publisher":"https:\/\/facebook.com\/eldigitaldeasturias","twitter:card":"summary_large_image","twitter:title":"La Diputaci\u00f3n y la C\u00e1mara de Valladolid ayudar\u00e1n a 500 empresas a exportar - El Digital de Asturias","twitter:description":"Valladolid, 3 feb (EFE).- La Diputaci\u00f3n Provincial y la C\u00e1mara de Comercio de Valladolid han firmado hoy un acuerdo de colaboraci\u00f3n mediante el que ambas partes impulsar\u00e1n un plan de ayuda a la exportaci\u00f3n, dirigido a 500 empresas instaladas en localidades de menos de 20.000 habitantes de la provincia vallisoletana. El presidente de la Diputaci\u00f3n","twitter:label1":"Escrito por","twitter:data1":"El Digital de Asturias","twitter:label2":"Tiempo de lectura estimado","twitter:data2":"2 minutos"},"aioseo_meta_data":{"post_id":"482924","title":null,"description":null,"keywords":null,"keyphrases":null,"primary_term":null,"canonical_url":null,"og_title":null,"og_description":null,"og_object_type":"default","og_image_type":"default","og_image_url":null,"og_image_width":null,"og_image_height":null,"og_image_custom_url":null,"og_image_custom_fields":null,"og_video":null,"og_custom_url":null,"og_article_section":null,"og_article_tags":null,"twitter_use_og":true,"twitter_card":"default","twitter_image_type":"default","twitter_image_url":null,"twitter_image_custom_url":null,"twitter_image_custom_fields":null,"twitter_title":null,"twitter_description":null,"schema":{"blockGraphs":[],"customGraphs":[],"default":{"data":{"Article":[],"Course":[],"Dataset":[],"FAQPage":[],"Movie":[],"Person":[],"Product":[],"ProductReview":[],"Car":[],"Recipe":[],"Service":[],"SoftwareApplication":[],"WebPage":[]},"graphName":"","isEnabled":true},"graphs":[],"defaultGraph":"","defaultPostTypeGraph":""},"schema_type":null,"schema_type_options":null,"pillar_content":false,"robots_default":true,"robots_noindex":false,"robots_noarchive":false,"robots_nosnippet":false,"robots_nofollow":false,"robots_noimageindex":false,"robots_noodp":false,"robots_notranslate":false,"robots_max_snippet":null,"robots_max_videopreview":null,"robots_max_imagepreview":"none","priority":null,"frequency":null,"local_seo":null,"seo_analyzer_scan_date":"2026-06-02 11:18:49","breadcrumb_settings":null,"limit_modified_date":false,"open_ai":null,"ai":null,"created":"2020-11-14 22:54:40","updated":"2026-06-02 11:18:49","focus_keyword":null,"additional_keywords":null,"truseo_locale":null},"aioseo_breadcrumb":"<div class=\"aioseo-breadcrumbs\"><span class=\"aioseo-breadcrumb\">\n\t<a href=\"https:\/\/www.eldigitaldeasturias.com\/noticias\" title=\"Home\">Home<\/a>\n<\/span><span class=\"aioseo-breadcrumb-separator\">\u2013<\/span><span class=\"aioseo-breadcrumb\">\n\t<a href=\"https:\/\/www.eldigitaldeasturias.com\/noticias\/category\/actualidad\/\" title=\"Actualidad\">Actualidad<\/a>\n<\/span><span class=\"aioseo-breadcrumb-separator\">\u2013<\/span><span class=\"aioseo-breadcrumb\">\n\t<a href=\"https:\/\/www.eldigitaldeasturias.com\/noticias\/la-diputacion-y-la-camara-de-valladolid-ayudaran-a-500-empresas-a-exportar\/\" title=\"La Diputaci\u00f3n y la C\u00e1mara de Valladolid ayudar\u00e1n a 500 empresas a exportar\">La Diputaci\u00f3n y la C\u00e1mara de Valladolid ayudar\u00e1n a 500 empresas a exportar<\/a>\n<\/span><\/div>","aioseo_breadcrumb_json":[{"label":"Home","link":"https:\/\/www.eldigitaldeasturias.com\/noticias"},{"label":"Actualidad","link":"https:\/\/www.eldigitaldeasturias.com\/noticias\/category\/actualidad\/"},{"label":"La Diputaci\u00f3n y la C\u00e1mara de Valladolid ayudar\u00e1n a 500 empresas a exportar","link":"https:\/\/www.eldigitaldeasturias.com\/noticias\/la-diputacion-y-la-camara-de-valladolid-ayudaran-a-500-empresas-a-exportar\/"}],"_links":{"self":[{"href":"https:\/\/www.eldigitaldeasturias.com\/noticias\/wp-json\/wp\/v2\/posts\/482924","targetHints":{"allow":["GET"]}}],"collection":[{"href":"https:\/\/www.eldigitaldeasturias.com\/noticias\/wp-json\/wp\/v2\/posts"}],"about":[{"href":"https:\/\/www.eldigitaldeasturias.com\/noticias\/wp-json\/wp\/v2\/types\/post"}],"author":[{"embeddable":true,"href":"https:\/\/www.eldigitaldeasturias.com\/noticias\/wp-json\/wp\/v2\/users\/1"}],"replies":[{"embeddable":true,"href":"https:\/\/www.eldigitaldeasturias.com\/noticias\/wp-json\/wp\/v2\/comments?post=482924"}],"version-history":[{"count":0,"href":"https:\/\/www.eldigitaldeasturias.com\/noticias\/wp-json\/wp\/v2\/posts\/482924\/revisions"}],"wp:attachment":[{"href":"https:\/\/www.eldigitaldeasturias.com\/noticias\/wp-json\/wp\/v2\/media?parent=482924"}],"wp:term":[{"taxonomy":"category","embeddable":true,"href":"https:\/\/www.eldigitaldeasturias.com\/noticias\/wp-json\/wp\/v2\/categories?post=482924"},{"taxonomy":"post_tag","embeddable":true,"href":"https:\/\/www.eldigitaldeasturias.com\/noticias\/wp-json\/wp\/v2\/tags?post=482924"}],"curies":[{"name":"wp","href":"https:\/\/api.w.org\/{rel}","templated":true}]}}