{"id":482897,"date":"2014-02-03T20:40:50","date_gmt":"2014-02-03T21:40:50","guid":{"rendered":"http:\/\/www.eldigitaldeasturias.com\/noticias\/?p=482897"},"modified":"2014-02-03T20:40:50","modified_gmt":"2014-02-03T21:40:50","slug":"la-oposicion-ucraniana-presenta-un-nuevo-proyecto-de-amnistia","status":"publish","type":"post","link":"https:\/\/www.eldigitaldeasturias.com\/noticias\/la-oposicion-ucraniana-presenta-un-nuevo-proyecto-de-amnistia\/","title":{"rendered":"La oposici\u00f3n ucraniana presenta un nuevo proyecto de amnist\u00eda"},"content":{"rendered":"<p><img loading=\"lazy\" decoding=\"async\" class=\"alignleft size-medium wp-image-482898\" alt=\"5903955w\" src=\"https:\/\/www.eldigitaldeasturias.com\/noticias\/wp-content\/uploads\/2014\/02\/5903955w-360x248.jpg\" width=\"360\" height=\"248\" \/>Kiev, 3 feb (EFE).- La oposici\u00f3n ucraniana present\u00f3 hoy un nuevo proyecto de amnist\u00eda que beneficiar\u00eda a todos los detenidos en las protestas populares que estallaron en noviembre pasado, tras rechazar la ley promulgada por el presidente, V\u00edctor Yanuk\u00f3vich.<\/p>\n<p>\u00abAcabamos de registrar el nuevo proyecto de ley. Consideramos que simplemente hay que retirar algunas cl\u00e1usulas (de la ley de amnist\u00eda). Entonces, el problema dejar\u00e1 de existir\u00bb, afirm\u00f3 Oleg Tiagnibok, l\u00edder del partido nacionalista Svoboda (Libertad).<\/p>\n<p>El opositor se refer\u00eda a que la ley aprobada la pasada semana por el presidente no incluye a los detenidos durante los violentos enfrentamientos de enero pasado entre manifestantes y efectivos antidisturbios en Kiev.<\/p>\n<p>Seg\u00fan el Ministerio de Interior, esos detenidos \u00abno son manifestantes pac\u00edficos, sino sospechosos de haber cometido delitos graves\u00bb.<\/p>\n<p>Adem\u00e1s, Yanuk\u00f3vich advirti\u00f3 de que la ley entrar\u00eda en vigor s\u00f3lo cuando los activistas opositores desalojaran todos los edificios administrativos que controlan, entre los que figura el Ayuntamiento, la Casa de Sindicatos y la Casa Ucraniana.<\/p>\n<p>Mientras las tres formaciones de la oposici\u00f3n parlamentaria se niegan a acatar la ley de amnist\u00eda, los manifestantes se niegan rotundamente a abandonar los edificios gubernamentales.<\/p>\n<p>Por otra parte, la oposici\u00f3n insiste en la reforma del sistema pol\u00edtico y el retorno a la Constituci\u00f3n de 2004 con el fin de limitar las facultades del presidente y ced\u00e9rselas a la Rada Suprema (Legislativo).<\/p>\n<p>Esto fue rechazado hoy tanto por la Presidencia como por el oficialista Partido de las Regiones, que opinan que las propuestas de la oposici\u00f3n agravar\u00e1n a\u00fan m\u00e1s la crisis pol\u00edtica que vive el pa\u00eds desde hace m\u00e1s de dos meses.<\/p>\n<p>Las protestas opositoras estallaron hace poco m\u00e1s de dos meses despu\u00e9s de que el Gobierno aplazara de manera indefinida la firma del Acuerdo de Asociaci\u00f3n con la Uni\u00f3n Europea, prevista para fines de noviembre del a\u00f1o pasado.<\/p>\n","protected":false},"excerpt":{"rendered":"<p>Kiev, 3 feb (EFE).- La oposici\u00f3n ucraniana present\u00f3 hoy un nuevo proyecto de amnist\u00eda que beneficiar\u00eda a todos los detenidos en las protestas populares que estallaron en noviembre pasado, tras rechazar la ley promulgada por el presidente, V\u00edctor Yanuk\u00f3vich. \u00abAcabamos de registrar el nuevo proyecto de ley. Consideramos que simplemente hay que retirar algunas cl\u00e1usulas [&hellip;]<\/p>\n","protected":false},"author":1,"featured_media":482898,"comment_status":"closed","ping_status":"open","sticky":false,"template":"","format":"standard","meta":{"footnotes":""},"categories":[1],"tags":[],"class_list":["post-482897","post","type-post","status-publish","format-standard","has-post-thumbnail","hentry","category-actualidad"],"aioseo_notices":[],"aioseo_head":"\n\t\t<!-- All in One SEO Pro 5.0.1 - aioseo.com -->\n\t<meta name=\"description\" content=\"Kiev, 3 feb (EFE).- La oposici\u00f3n ucraniana present\u00f3 hoy un nuevo proyecto de amnist\u00eda que beneficiar\u00eda a todos los detenidos en las protestas populares que estallaron en noviembre pasado, tras rechazar la ley promulgada por el presidente, V\u00edctor Yanuk\u00f3vich. &quot;Acabamos de registrar el nuevo proyecto de ley. Consideramos que simplemente hay que retirar algunas cl\u00e1usulas\" \/>\n\t<meta name=\"robots\" content=\"max-image-preview:large\" \/>\n\t<meta name=\"author\" content=\"El Digital de Asturias\"\/>\n\t<meta name=\"google-site-verification\" content=\"UA-38556648-1\" \/>\n\t<meta name=\"msvalidate.01\" content=\"7dfe9f3f1b24437ab69f4f2559babe99\" \/>\n\t<meta name=\"keywords\" content=\"actualidad\" \/>\n\t<link rel=\"canonical\" href=\"https:\/\/www.eldigitaldeasturias.com\/noticias\/la-oposicion-ucraniana-presenta-un-nuevo-proyecto-de-amnistia\/\" \/>\n\t<meta name=\"generator\" content=\"All in One SEO Pro (AIOSEO) 5.0.1\" \/>\n\t\t<meta property=\"og:locale\" content=\"es_ES\" \/>\n\t\t<meta property=\"og:site_name\" content=\"El Digital de Asturias\" \/>\n\t\t<meta property=\"og:type\" content=\"article\" \/>\n\t\t<meta property=\"og:title\" content=\"La oposici\u00f3n ucraniana presenta un nuevo proyecto de amnist\u00eda - El Digital de Asturias\" \/>\n\t\t<meta property=\"og:description\" content=\"Kiev, 3 feb (EFE).- La oposici\u00f3n ucraniana present\u00f3 hoy un nuevo proyecto de amnist\u00eda que beneficiar\u00eda a todos los detenidos en las protestas populares que estallaron en noviembre pasado, tras rechazar la ley promulgada por el presidente, V\u00edctor Yanuk\u00f3vich. &quot;Acabamos de registrar el nuevo proyecto de ley. Consideramos que simplemente hay que retirar algunas cl\u00e1usulas\" \/>\n\t\t<meta property=\"og:url\" content=\"https:\/\/www.eldigitaldeasturias.com\/noticias\/la-oposicion-ucraniana-presenta-un-nuevo-proyecto-de-amnistia\/\" \/>\n\t\t<meta property=\"article:tag\" content=\"actualidad\" \/>\n\t\t<meta property=\"article:published_time\" content=\"2014-02-03T21:40:50+00:00\" \/>\n\t\t<meta property=\"article:modified_time\" content=\"2014-02-03T21:40:50+00:00\" \/>\n\t\t<meta property=\"article:publisher\" content=\"https:\/\/facebook.com\/eldigitaldeasturias\" \/>\n\t\t<meta name=\"twitter:card\" content=\"summary_large_image\" \/>\n\t\t<meta name=\"twitter:title\" content=\"La oposici\u00f3n ucraniana presenta un nuevo proyecto de amnist\u00eda - El Digital de Asturias\" \/>\n\t\t<meta name=\"twitter:description\" content=\"Kiev, 3 feb (EFE).- La oposici\u00f3n ucraniana present\u00f3 hoy un nuevo proyecto de amnist\u00eda que beneficiar\u00eda a todos los detenidos en las protestas populares que estallaron en noviembre pasado, tras rechazar la ley promulgada por el presidente, V\u00edctor Yanuk\u00f3vich. &quot;Acabamos de registrar el nuevo proyecto de ley. Consideramos que simplemente hay que retirar algunas cl\u00e1usulas\" \/>\n\t\t<meta name=\"twitter:label1\" content=\"Escrito por\" \/>\n\t\t<meta name=\"twitter:data1\" content=\"El Digital de Asturias\" \/>\n\t\t<meta name=\"twitter:label2\" content=\"Tiempo de lectura estimado\" \/>\n\t\t<meta name=\"twitter:data2\" content=\"2 minutos\" \/>\n\t\t<script type=\"application\/ld+json\" class=\"aioseo-schema\">\n\t\t\t{\"@context\":\"https:\\\/\\\/schema.org\",\"@graph\":[{\"@type\":\"BlogPosting\",\"@id\":\"https:\\\/\\\/www.eldigitaldeasturias.com\\\/noticias\\\/la-oposicion-ucraniana-presenta-un-nuevo-proyecto-de-amnistia\\\/#blogposting\",\"name\":\"La oposici\\u00f3n ucraniana presenta un nuevo proyecto de amnist\\u00eda - El Digital de Asturias\",\"headline\":\"La oposici\\u00f3n ucraniana presenta un nuevo proyecto de amnist\\u00eda\",\"author\":{\"@id\":\"https:\\\/\\\/www.eldigitaldeasturias.com\\\/noticias\\\/author\\\/admin\\\/#author\"},\"publisher\":{\"@id\":\"https:\\\/\\\/www.eldigitaldeasturias.com\\\/noticias\\\/#organization\"},\"image\":{\"@type\":\"ImageObject\",\"url\":482898},\"datePublished\":\"2014-02-03T20:40:50+01:00\",\"dateModified\":\"2014-02-03T20:40:50+01:00\",\"inLanguage\":\"es-ES\",\"mainEntityOfPage\":{\"@id\":\"https:\\\/\\\/www.eldigitaldeasturias.com\\\/noticias\\\/la-oposicion-ucraniana-presenta-un-nuevo-proyecto-de-amnistia\\\/#webpage\"},\"isPartOf\":{\"@id\":\"https:\\\/\\\/www.eldigitaldeasturias.com\\\/noticias\\\/la-oposicion-ucraniana-presenta-un-nuevo-proyecto-de-amnistia\\\/#webpage\"},\"articleSection\":\"Actualidad\"},{\"@type\":\"BreadcrumbList\",\"@id\":\"https:\\\/\\\/www.eldigitaldeasturias.com\\\/noticias\\\/la-oposicion-ucraniana-presenta-un-nuevo-proyecto-de-amnistia\\\/#breadcrumblist\",\"itemListElement\":[{\"@type\":\"ListItem\",\"@id\":\"https:\\\/\\\/www.eldigitaldeasturias.com\\\/noticias#listItem\",\"position\":1,\"name\":\"Home\",\"item\":\"https:\\\/\\\/www.eldigitaldeasturias.com\\\/noticias\",\"nextItem\":{\"@type\":\"ListItem\",\"@id\":\"https:\\\/\\\/www.eldigitaldeasturias.com\\\/noticias\\\/category\\\/actualidad\\\/#listItem\",\"name\":\"Actualidad\"}},{\"@type\":\"ListItem\",\"@id\":\"https:\\\/\\\/www.eldigitaldeasturias.com\\\/noticias\\\/category\\\/actualidad\\\/#listItem\",\"position\":2,\"name\":\"Actualidad\",\"item\":\"https:\\\/\\\/www.eldigitaldeasturias.com\\\/noticias\\\/category\\\/actualidad\\\/\",\"nextItem\":{\"@type\":\"ListItem\",\"@id\":\"https:\\\/\\\/www.eldigitaldeasturias.com\\\/noticias\\\/la-oposicion-ucraniana-presenta-un-nuevo-proyecto-de-amnistia\\\/#listItem\",\"name\":\"La oposici\\u00f3n ucraniana presenta un nuevo proyecto de amnist\\u00eda\"},\"previousItem\":{\"@type\":\"ListItem\",\"@id\":\"https:\\\/\\\/www.eldigitaldeasturias.com\\\/noticias#listItem\",\"name\":\"Home\"}},{\"@type\":\"ListItem\",\"@id\":\"https:\\\/\\\/www.eldigitaldeasturias.com\\\/noticias\\\/la-oposicion-ucraniana-presenta-un-nuevo-proyecto-de-amnistia\\\/#listItem\",\"position\":3,\"name\":\"La oposici\\u00f3n ucraniana presenta un nuevo proyecto de amnist\\u00eda\",\"previousItem\":{\"@type\":\"ListItem\",\"@id\":\"https:\\\/\\\/www.eldigitaldeasturias.com\\\/noticias\\\/category\\\/actualidad\\\/#listItem\",\"name\":\"Actualidad\"}}]},{\"@type\":\"Organization\",\"@id\":\"https:\\\/\\\/www.eldigitaldeasturias.com\\\/noticias\\\/#organization\",\"name\":\"El Digital de Asturias\",\"description\":\"Hemeroteca\",\"url\":\"https:\\\/\\\/www.eldigitaldeasturias.com\\\/noticias\\\/\",\"email\":\"info@eldigitaldeasturias.com\",\"telephone\":\"+34652131393\",\"logo\":{\"@type\":\"ImageObject\",\"url\":\"https:\\\/\\\/www.eldigitaldeasturias.com\\\/noticias\\\/wp-content\\\/uploads\\\/2020\\\/12\\\/EDA.jpg\",\"@id\":\"https:\\\/\\\/www.eldigitaldeasturias.com\\\/noticias\\\/la-oposicion-ucraniana-presenta-un-nuevo-proyecto-de-amnistia\\\/#organizationLogo\"},\"image\":{\"@id\":\"https:\\\/\\\/www.eldigitaldeasturias.com\\\/noticias\\\/la-oposicion-ucraniana-presenta-un-nuevo-proyecto-de-amnistia\\\/#organizationLogo\"},\"sameAs\":[\"https:\\\/\\\/facebook.com\\\/eldigitaldeasturias\",\"https:\\\/\\\/www.youtube.com\\\/channel\\\/UCZP-2wLEB9Rv6erhFmqVnvg\"],\"address\":{\"@id\":\"https:\\\/\\\/www.eldigitaldeasturias.com\\\/noticias\\\/#postaladdress\",\"@type\":\"PostalAddress\",\"streetAddress\":\"san antonio 4\",\"postalCode\":\"33430\",\"addressLocality\":\"Cand\\u00e1s\",\"addressRegion\":\"Asturias\",\"addressCountry\":\"ES\"}},{\"@type\":\"Person\",\"@id\":\"https:\\\/\\\/www.eldigitaldeasturias.com\\\/noticias\\\/author\\\/admin\\\/#author\",\"url\":\"https:\\\/\\\/www.eldigitaldeasturias.com\\\/noticias\\\/author\\\/admin\\\/\",\"name\":\"El Digital de Asturias\",\"image\":{\"@type\":\"ImageObject\",\"@id\":\"https:\\\/\\\/www.eldigitaldeasturias.com\\\/noticias\\\/la-oposicion-ucraniana-presenta-un-nuevo-proyecto-de-amnistia\\\/#authorImage\",\"url\":\"https:\\\/\\\/secure.gravatar.com\\\/avatar\\\/df2aeffc32bcd13f8d26072ef8a91b623d677766deac7f97ca815868cd41bf5e?s=96&d=mm&r=g\",\"width\":96,\"height\":96,\"caption\":\"El Digital de Asturias\"}},{\"@type\":\"WebPage\",\"@id\":\"https:\\\/\\\/www.eldigitaldeasturias.com\\\/noticias\\\/la-oposicion-ucraniana-presenta-un-nuevo-proyecto-de-amnistia\\\/#webpage\",\"url\":\"https:\\\/\\\/www.eldigitaldeasturias.com\\\/noticias\\\/la-oposicion-ucraniana-presenta-un-nuevo-proyecto-de-amnistia\\\/\",\"name\":\"La oposici\\u00f3n ucraniana presenta un nuevo proyecto de amnist\\u00eda - El Digital de Asturias\",\"description\":\"Kiev, 3 feb (EFE).- La oposici\\u00f3n ucraniana present\\u00f3 hoy un nuevo proyecto de amnist\\u00eda que beneficiar\\u00eda a todos los detenidos en las protestas populares que estallaron en noviembre pasado, tras rechazar la ley promulgada por el presidente, V\\u00edctor Yanuk\\u00f3vich. \\\"Acabamos de registrar el nuevo proyecto de ley. Consideramos que simplemente hay que retirar algunas cl\\u00e1usulas\",\"inLanguage\":\"es-ES\",\"isPartOf\":{\"@id\":\"https:\\\/\\\/www.eldigitaldeasturias.com\\\/noticias\\\/#website\"},\"breadcrumb\":{\"@id\":\"https:\\\/\\\/www.eldigitaldeasturias.com\\\/noticias\\\/la-oposicion-ucraniana-presenta-un-nuevo-proyecto-de-amnistia\\\/#breadcrumblist\"},\"author\":{\"@id\":\"https:\\\/\\\/www.eldigitaldeasturias.com\\\/noticias\\\/author\\\/admin\\\/#author\"},\"creator\":{\"@id\":\"https:\\\/\\\/www.eldigitaldeasturias.com\\\/noticias\\\/author\\\/admin\\\/#author\"},\"image\":{\"@type\":\"ImageObject\",\"url\":482898,\"@id\":\"https:\\\/\\\/www.eldigitaldeasturias.com\\\/noticias\\\/la-oposicion-ucraniana-presenta-un-nuevo-proyecto-de-amnistia\\\/#mainImage\"},\"primaryImageOfPage\":{\"@id\":\"https:\\\/\\\/www.eldigitaldeasturias.com\\\/noticias\\\/la-oposicion-ucraniana-presenta-un-nuevo-proyecto-de-amnistia\\\/#mainImage\"},\"datePublished\":\"2014-02-03T20:40:50+01:00\",\"dateModified\":\"2014-02-03T20:40:50+01:00\"},{\"@type\":\"WebSite\",\"@id\":\"https:\\\/\\\/www.eldigitaldeasturias.com\\\/noticias\\\/#website\",\"url\":\"https:\\\/\\\/www.eldigitaldeasturias.com\\\/noticias\\\/\",\"name\":\"El Digital de Asturias - Diario de actualidad y noticias\",\"alternateName\":\"El Digital de Asturias - Diario de actualidad y noticias\",\"description\":\"Hemeroteca\",\"inLanguage\":\"es-ES\",\"publisher\":{\"@id\":\"https:\\\/\\\/www.eldigitaldeasturias.com\\\/noticias\\\/#organization\"}}]}\n\t\t<\/script>\n\t\t<!-- All in One SEO Pro -->\r\n\t\t<title>La oposici\u00f3n ucraniana presenta un nuevo proyecto de amnist\u00eda - El Digital de Asturias<\/title>\n\n","aioseo_head_json":{"title":"La oposici\u00f3n ucraniana presenta un nuevo proyecto de amnist\u00eda - El Digital de Asturias","description":"Kiev, 3 feb (EFE).- La oposici\u00f3n ucraniana present\u00f3 hoy un nuevo proyecto de amnist\u00eda que beneficiar\u00eda a todos los detenidos en las protestas populares que estallaron en noviembre pasado, tras rechazar la ley promulgada por el presidente, V\u00edctor Yanuk\u00f3vich. \"Acabamos de registrar el nuevo proyecto de ley. Consideramos que simplemente hay que retirar algunas cl\u00e1usulas","canonical_url":"https:\/\/www.eldigitaldeasturias.com\/noticias\/la-oposicion-ucraniana-presenta-un-nuevo-proyecto-de-amnistia\/","robots":"max-image-preview:large","keywords":"actualidad","webmasterTools":{"google-site-verification":"UA-38556648-1","msvalidate.01":"7dfe9f3f1b24437ab69f4f2559babe99","miscellaneous":""},"schema":{"@context":"https:\/\/schema.org","@graph":[{"@type":"BlogPosting","@id":"https:\/\/www.eldigitaldeasturias.com\/noticias\/la-oposicion-ucraniana-presenta-un-nuevo-proyecto-de-amnistia\/#blogposting","name":"La oposici\u00f3n ucraniana presenta un nuevo proyecto de amnist\u00eda - El Digital de Asturias","headline":"La oposici\u00f3n ucraniana presenta un nuevo proyecto de amnist\u00eda","author":{"@id":"https:\/\/www.eldigitaldeasturias.com\/noticias\/author\/admin\/#author"},"publisher":{"@id":"https:\/\/www.eldigitaldeasturias.com\/noticias\/#organization"},"image":{"@type":"ImageObject","url":482898},"datePublished":"2014-02-03T20:40:50+01:00","dateModified":"2014-02-03T20:40:50+01:00","inLanguage":"es-ES","mainEntityOfPage":{"@id":"https:\/\/www.eldigitaldeasturias.com\/noticias\/la-oposicion-ucraniana-presenta-un-nuevo-proyecto-de-amnistia\/#webpage"},"isPartOf":{"@id":"https:\/\/www.eldigitaldeasturias.com\/noticias\/la-oposicion-ucraniana-presenta-un-nuevo-proyecto-de-amnistia\/#webpage"},"articleSection":"Actualidad"},{"@type":"BreadcrumbList","@id":"https:\/\/www.eldigitaldeasturias.com\/noticias\/la-oposicion-ucraniana-presenta-un-nuevo-proyecto-de-amnistia\/#breadcrumblist","itemListElement":[{"@type":"ListItem","@id":"https:\/\/www.eldigitaldeasturias.com\/noticias#listItem","position":1,"name":"Home","item":"https:\/\/www.eldigitaldeasturias.com\/noticias","nextItem":{"@type":"ListItem","@id":"https:\/\/www.eldigitaldeasturias.com\/noticias\/category\/actualidad\/#listItem","name":"Actualidad"}},{"@type":"ListItem","@id":"https:\/\/www.eldigitaldeasturias.com\/noticias\/category\/actualidad\/#listItem","position":2,"name":"Actualidad","item":"https:\/\/www.eldigitaldeasturias.com\/noticias\/category\/actualidad\/","nextItem":{"@type":"ListItem","@id":"https:\/\/www.eldigitaldeasturias.com\/noticias\/la-oposicion-ucraniana-presenta-un-nuevo-proyecto-de-amnistia\/#listItem","name":"La oposici\u00f3n ucraniana presenta un nuevo proyecto de amnist\u00eda"},"previousItem":{"@type":"ListItem","@id":"https:\/\/www.eldigitaldeasturias.com\/noticias#listItem","name":"Home"}},{"@type":"ListItem","@id":"https:\/\/www.eldigitaldeasturias.com\/noticias\/la-oposicion-ucraniana-presenta-un-nuevo-proyecto-de-amnistia\/#listItem","position":3,"name":"La oposici\u00f3n ucraniana presenta un nuevo proyecto de amnist\u00eda","previousItem":{"@type":"ListItem","@id":"https:\/\/www.eldigitaldeasturias.com\/noticias\/category\/actualidad\/#listItem","name":"Actualidad"}}]},{"@type":"Organization","@id":"https:\/\/www.eldigitaldeasturias.com\/noticias\/#organization","name":"El Digital de Asturias","description":"Hemeroteca","url":"https:\/\/www.eldigitaldeasturias.com\/noticias\/","email":"info@eldigitaldeasturias.com","telephone":"+34652131393","logo":{"@type":"ImageObject","url":"https:\/\/www.eldigitaldeasturias.com\/noticias\/wp-content\/uploads\/2020\/12\/EDA.jpg","@id":"https:\/\/www.eldigitaldeasturias.com\/noticias\/la-oposicion-ucraniana-presenta-un-nuevo-proyecto-de-amnistia\/#organizationLogo"},"image":{"@id":"https:\/\/www.eldigitaldeasturias.com\/noticias\/la-oposicion-ucraniana-presenta-un-nuevo-proyecto-de-amnistia\/#organizationLogo"},"sameAs":["https:\/\/facebook.com\/eldigitaldeasturias","https:\/\/www.youtube.com\/channel\/UCZP-2wLEB9Rv6erhFmqVnvg"],"address":{"@id":"https:\/\/www.eldigitaldeasturias.com\/noticias\/#postaladdress","@type":"PostalAddress","streetAddress":"san antonio 4","postalCode":"33430","addressLocality":"Cand\u00e1s","addressRegion":"Asturias","addressCountry":"ES"}},{"@type":"Person","@id":"https:\/\/www.eldigitaldeasturias.com\/noticias\/author\/admin\/#author","url":"https:\/\/www.eldigitaldeasturias.com\/noticias\/author\/admin\/","name":"El Digital de Asturias","image":{"@type":"ImageObject","@id":"https:\/\/www.eldigitaldeasturias.com\/noticias\/la-oposicion-ucraniana-presenta-un-nuevo-proyecto-de-amnistia\/#authorImage","url":"https:\/\/secure.gravatar.com\/avatar\/df2aeffc32bcd13f8d26072ef8a91b623d677766deac7f97ca815868cd41bf5e?s=96&d=mm&r=g","width":96,"height":96,"caption":"El Digital de Asturias"}},{"@type":"WebPage","@id":"https:\/\/www.eldigitaldeasturias.com\/noticias\/la-oposicion-ucraniana-presenta-un-nuevo-proyecto-de-amnistia\/#webpage","url":"https:\/\/www.eldigitaldeasturias.com\/noticias\/la-oposicion-ucraniana-presenta-un-nuevo-proyecto-de-amnistia\/","name":"La oposici\u00f3n ucraniana presenta un nuevo proyecto de amnist\u00eda - El Digital de Asturias","description":"Kiev, 3 feb (EFE).- La oposici\u00f3n ucraniana present\u00f3 hoy un nuevo proyecto de amnist\u00eda que beneficiar\u00eda a todos los detenidos en las protestas populares que estallaron en noviembre pasado, tras rechazar la ley promulgada por el presidente, V\u00edctor Yanuk\u00f3vich. \"Acabamos de registrar el nuevo proyecto de ley. Consideramos que simplemente hay que retirar algunas cl\u00e1usulas","inLanguage":"es-ES","isPartOf":{"@id":"https:\/\/www.eldigitaldeasturias.com\/noticias\/#website"},"breadcrumb":{"@id":"https:\/\/www.eldigitaldeasturias.com\/noticias\/la-oposicion-ucraniana-presenta-un-nuevo-proyecto-de-amnistia\/#breadcrumblist"},"author":{"@id":"https:\/\/www.eldigitaldeasturias.com\/noticias\/author\/admin\/#author"},"creator":{"@id":"https:\/\/www.eldigitaldeasturias.com\/noticias\/author\/admin\/#author"},"image":{"@type":"ImageObject","url":482898,"@id":"https:\/\/www.eldigitaldeasturias.com\/noticias\/la-oposicion-ucraniana-presenta-un-nuevo-proyecto-de-amnistia\/#mainImage"},"primaryImageOfPage":{"@id":"https:\/\/www.eldigitaldeasturias.com\/noticias\/la-oposicion-ucraniana-presenta-un-nuevo-proyecto-de-amnistia\/#mainImage"},"datePublished":"2014-02-03T20:40:50+01:00","dateModified":"2014-02-03T20:40:50+01:00"},{"@type":"WebSite","@id":"https:\/\/www.eldigitaldeasturias.com\/noticias\/#website","url":"https:\/\/www.eldigitaldeasturias.com\/noticias\/","name":"El Digital de Asturias - Diario de actualidad y noticias","alternateName":"El Digital de Asturias - Diario de actualidad y noticias","description":"Hemeroteca","inLanguage":"es-ES","publisher":{"@id":"https:\/\/www.eldigitaldeasturias.com\/noticias\/#organization"}}]},"og:locale":"es_ES","og:site_name":"El Digital de Asturias","og:type":"article","og:title":"La oposici\u00f3n ucraniana presenta un nuevo proyecto de amnist\u00eda - El Digital de Asturias","og:description":"Kiev, 3 feb (EFE).- La oposici\u00f3n ucraniana present\u00f3 hoy un nuevo proyecto de amnist\u00eda que beneficiar\u00eda a todos los detenidos en las protestas populares que estallaron en noviembre pasado, tras rechazar la ley promulgada por el presidente, V\u00edctor Yanuk\u00f3vich. &quot;Acabamos de registrar el nuevo proyecto de ley. Consideramos que simplemente hay que retirar algunas cl\u00e1usulas","og:url":"https:\/\/www.eldigitaldeasturias.com\/noticias\/la-oposicion-ucraniana-presenta-un-nuevo-proyecto-de-amnistia\/","article:tag":["actualidad"],"article:published_time":"2014-02-03T21:40:50+00:00","article:modified_time":"2014-02-03T21:40:50+00:00","article:publisher":"https:\/\/facebook.com\/eldigitaldeasturias","twitter:card":"summary_large_image","twitter:title":"La oposici\u00f3n ucraniana presenta un nuevo proyecto de amnist\u00eda - El Digital de Asturias","twitter:description":"Kiev, 3 feb (EFE).- La oposici\u00f3n ucraniana present\u00f3 hoy un nuevo proyecto de amnist\u00eda que beneficiar\u00eda a todos los detenidos en las protestas populares que estallaron en noviembre pasado, tras rechazar la ley promulgada por el presidente, V\u00edctor Yanuk\u00f3vich. &quot;Acabamos de registrar el nuevo proyecto de ley. Consideramos que simplemente hay que retirar algunas cl\u00e1usulas","twitter:label1":"Escrito por","twitter:data1":"El Digital de Asturias","twitter:label2":"Tiempo de lectura estimado","twitter:data2":"2 minutos"},"aioseo_meta_data":{"post_id":"482897","title":null,"description":null,"keywords":null,"keyphrases":null,"primary_term":null,"canonical_url":null,"og_title":null,"og_description":null,"og_object_type":"default","og_image_type":"default","og_image_url":null,"og_image_width":null,"og_image_height":null,"og_image_custom_url":null,"og_image_custom_fields":null,"og_video":null,"og_custom_url":null,"og_article_section":null,"og_article_tags":null,"twitter_use_og":true,"twitter_card":"default","twitter_image_type":"default","twitter_image_url":null,"twitter_image_custom_url":null,"twitter_image_custom_fields":null,"twitter_title":null,"twitter_description":null,"schema":{"blockGraphs":[],"customGraphs":[],"default":{"data":{"Article":[],"Course":[],"Dataset":[],"FAQPage":[],"Movie":[],"Person":[],"Product":[],"ProductReview":[],"Car":[],"Recipe":[],"Service":[],"SoftwareApplication":[],"WebPage":[]},"graphName":"","isEnabled":true},"graphs":[],"defaultGraph":"","defaultPostTypeGraph":""},"schema_type":null,"schema_type_options":null,"pillar_content":false,"robots_default":true,"robots_noindex":false,"robots_noarchive":false,"robots_nosnippet":false,"robots_nofollow":false,"robots_noimageindex":false,"robots_noodp":false,"robots_notranslate":false,"robots_max_snippet":null,"robots_max_videopreview":null,"robots_max_imagepreview":"none","priority":null,"frequency":null,"local_seo":null,"seo_analyzer_scan_date":"2026-06-02 11:13:13","breadcrumb_settings":null,"limit_modified_date":false,"open_ai":null,"ai":null,"created":"2020-11-14 22:54:40","updated":"2026-06-02 11:13:13","focus_keyword":null,"additional_keywords":null,"truseo_locale":null},"aioseo_breadcrumb":"<div class=\"aioseo-breadcrumbs\"><span class=\"aioseo-breadcrumb\">\n\t<a href=\"https:\/\/www.eldigitaldeasturias.com\/noticias\" title=\"Home\">Home<\/a>\n<\/span><span class=\"aioseo-breadcrumb-separator\">\u2013<\/span><span class=\"aioseo-breadcrumb\">\n\t<a href=\"https:\/\/www.eldigitaldeasturias.com\/noticias\/category\/actualidad\/\" title=\"Actualidad\">Actualidad<\/a>\n<\/span><span class=\"aioseo-breadcrumb-separator\">\u2013<\/span><span class=\"aioseo-breadcrumb\">\n\t<a href=\"https:\/\/www.eldigitaldeasturias.com\/noticias\/la-oposicion-ucraniana-presenta-un-nuevo-proyecto-de-amnistia\/\" title=\"La oposici\u00f3n ucraniana presenta un nuevo proyecto de amnist\u00eda\">La oposici\u00f3n ucraniana presenta un nuevo proyecto de amnist\u00eda<\/a>\n<\/span><\/div>","aioseo_breadcrumb_json":[{"label":"Home","link":"https:\/\/www.eldigitaldeasturias.com\/noticias"},{"label":"Actualidad","link":"https:\/\/www.eldigitaldeasturias.com\/noticias\/category\/actualidad\/"},{"label":"La oposici\u00f3n ucraniana presenta un nuevo proyecto de amnist\u00eda","link":"https:\/\/www.eldigitaldeasturias.com\/noticias\/la-oposicion-ucraniana-presenta-un-nuevo-proyecto-de-amnistia\/"}],"_links":{"self":[{"href":"https:\/\/www.eldigitaldeasturias.com\/noticias\/wp-json\/wp\/v2\/posts\/482897","targetHints":{"allow":["GET"]}}],"collection":[{"href":"https:\/\/www.eldigitaldeasturias.com\/noticias\/wp-json\/wp\/v2\/posts"}],"about":[{"href":"https:\/\/www.eldigitaldeasturias.com\/noticias\/wp-json\/wp\/v2\/types\/post"}],"author":[{"embeddable":true,"href":"https:\/\/www.eldigitaldeasturias.com\/noticias\/wp-json\/wp\/v2\/users\/1"}],"replies":[{"embeddable":true,"href":"https:\/\/www.eldigitaldeasturias.com\/noticias\/wp-json\/wp\/v2\/comments?post=482897"}],"version-history":[{"count":0,"href":"https:\/\/www.eldigitaldeasturias.com\/noticias\/wp-json\/wp\/v2\/posts\/482897\/revisions"}],"wp:attachment":[{"href":"https:\/\/www.eldigitaldeasturias.com\/noticias\/wp-json\/wp\/v2\/media?parent=482897"}],"wp:term":[{"taxonomy":"category","embeddable":true,"href":"https:\/\/www.eldigitaldeasturias.com\/noticias\/wp-json\/wp\/v2\/categories?post=482897"},{"taxonomy":"post_tag","embeddable":true,"href":"https:\/\/www.eldigitaldeasturias.com\/noticias\/wp-json\/wp\/v2\/tags?post=482897"}],"curies":[{"name":"wp","href":"https:\/\/api.w.org\/{rel}","templated":true}]}}