{"id":482891,"date":"2014-02-03T20:39:09","date_gmt":"2014-02-03T21:39:09","guid":{"rendered":"http:\/\/www.eldigitaldeasturias.com\/noticias\/?p=482891"},"modified":"2014-02-03T20:39:09","modified_gmt":"2014-02-03T21:39:09","slug":"ruiz-gallardon-insta-a-notarios-y-registradores-a-asumir-mas-tareas","status":"publish","type":"post","link":"https:\/\/www.eldigitaldeasturias.com\/noticias\/ruiz-gallardon-insta-a-notarios-y-registradores-a-asumir-mas-tareas\/","title":{"rendered":"Ruiz-Gallard\u00f3n insta a notarios y registradores a asumir m\u00e1s tareas"},"content":{"rendered":"<p><img loading=\"lazy\" decoding=\"async\" class=\"alignleft size-medium wp-image-482892\" alt=\"5904465w\" src=\"https:\/\/www.eldigitaldeasturias.com\/noticias\/wp-content\/uploads\/2014\/02\/5904465w-360x239.jpg\" width=\"360\" height=\"239\" \/>Madrid, 3 feb (EFE).- El ministro de Justicia, Alberto Ruiz-Gallard\u00f3n, ha instado hoy a notarios y registradores de la propiedad y mercantiles a asumir todas aquellas tareas que el Gobierno les encomiende y a transitar juntos ese camino.<\/p>\n<p>As\u00ed lo ha expresado en la inauguraci\u00f3n de una jornada sobre seguridad jur\u00eddica que se ha celebrado en el Centro de Estudios Pol\u00edticos y Constitucionales, con la participaci\u00f3n del presidente del Consejo General del Notariado, Jos\u00e9 Manuel Garc\u00eda Collantes, y del Colegio de Registradores de la Propiedad y Mercantiles de Espa\u00f1a, Gonzalo Aguilera.<\/p>\n<p>El Gobierno quiere que notarios y registradores \u00abtengan m\u00e1s funciones de las que hasta ahora han realizado\u00bb y \u00abnunca que realicen menos\u00bb porque \u00abeso ir\u00eda en perjuicio del inter\u00e9s general del pa\u00eds\u00bb, ha explicado Ruiz-Gallard\u00f3n.<\/p>\n<p>El titular de Justicia ha destacado la celebraci\u00f3n de esta jornada para buscar \u00abla coordinaci\u00f3n y el encuentro\u00bb entre los dos cuerpos responsables de la seguridad jur\u00eddica preventiva, que -a su juicio- desempe\u00f1an funciones \u00abnecesarias, complementarias y con vocaci\u00f3n de futuro\u00bb.<\/p>\n<p>Ruiz-Gallard\u00f3n ha apostado por buscar \u00abespacios de coincidencia\u00bb y caminos que se transiten conjuntamente en defensa del modelo de seguridad jur\u00eddica preventiva.<\/p>\n<p>El ministro ha se\u00f1alado que la seguridad jur\u00eddica es \u00abun valor cierto\u00bb en Espa\u00f1a y ha atribuido el \u00ab\u00e9xito\u00bb del sistema a notarios y registradores, que \u00abejercen funciones p\u00fablicas en un r\u00e9gimen de gesti\u00f3n privada\u00bb.<\/p>\n<p>Este modelo no se constituy\u00f3 as\u00ed \u00aben provecho\u00bb de notarios y registradores, sino que se hizo \u00aben favor del progreso de la sociedad\u00bb, ha indicado.<\/p>\n<p>El ministro ha recalcado la importancia de la seguridad jur\u00eddica como \u00abelemento de competitividad\u00bb, puesto que garantiza a los inversores \u00abla ausencia de arbitrariedad, la previsibilidad y la reducci\u00f3n de la incertidumbre\u00bb.<\/p>\n<p>La actuaci\u00f3n de notarios y registradores \u00abno es m\u00e1s que la garant\u00eda al respeto a la legalidad\u00bb, que los convierte \u00aben brazos ejecutores de las pol\u00edticas p\u00fablicas\u00bb, ha aseverado.<\/p>\n<p>Para el ministro, el desarrollo de las nuevas tecnolog\u00edas, que est\u00e1n transformando el tr\u00e1fico jur\u00eddico y econ\u00f3mico, fortalece y concede una nueva proyecci\u00f3n de futuro al papel de estos dos cuerpos.<\/p>\n<p>El reto ante la sociedad y los operadores econ\u00f3micos es \u00abaumentar la competitividad\u00bb no solo incidiendo en el coste econ\u00f3mico, sino en la calidad del servicio prestado, ha afirmado el ministro, quien ha invitado a notarios y registradores a seguir siendo la referencia a la hora de compatibilizar una mayor seguridad jur\u00eddica con una mayor simplicidad en los tr\u00e1mites.<\/p>\n","protected":false},"excerpt":{"rendered":"<p>Madrid, 3 feb (EFE).- El ministro de Justicia, Alberto Ruiz-Gallard\u00f3n, ha instado hoy a notarios y registradores de la propiedad y mercantiles a asumir todas aquellas tareas que el Gobierno les encomiende y a transitar juntos ese camino. As\u00ed lo ha expresado en la inauguraci\u00f3n de una jornada sobre seguridad jur\u00eddica que se ha celebrado [&hellip;]<\/p>\n","protected":false},"author":1,"featured_media":482892,"comment_status":"closed","ping_status":"open","sticky":false,"template":"","format":"standard","meta":{"footnotes":""},"categories":[1],"tags":[],"class_list":["post-482891","post","type-post","status-publish","format-standard","has-post-thumbnail","hentry","category-actualidad"],"aioseo_notices":[],"aioseo_head":"\n\t\t<!-- All in One SEO Pro 5.0.1 - aioseo.com -->\n\t<meta name=\"description\" content=\"Madrid, 3 feb (EFE).- El ministro de Justicia, Alberto Ruiz-Gallard\u00f3n, ha instado hoy a notarios y registradores de la propiedad y mercantiles a asumir todas aquellas tareas que el Gobierno les encomiende y a transitar juntos ese camino. As\u00ed lo ha expresado en la inauguraci\u00f3n de una jornada sobre seguridad jur\u00eddica que se ha celebrado\" \/>\n\t<meta name=\"robots\" content=\"max-image-preview:large\" \/>\n\t<meta name=\"author\" content=\"El Digital de Asturias\"\/>\n\t<meta name=\"google-site-verification\" content=\"UA-38556648-1\" \/>\n\t<meta name=\"msvalidate.01\" content=\"7dfe9f3f1b24437ab69f4f2559babe99\" \/>\n\t<meta name=\"keywords\" content=\"actualidad\" \/>\n\t<link rel=\"canonical\" href=\"https:\/\/www.eldigitaldeasturias.com\/noticias\/ruiz-gallardon-insta-a-notarios-y-registradores-a-asumir-mas-tareas\/\" \/>\n\t<meta name=\"generator\" content=\"All in One SEO Pro (AIOSEO) 5.0.1\" \/>\n\t\t<meta property=\"og:locale\" content=\"es_ES\" \/>\n\t\t<meta property=\"og:site_name\" content=\"El Digital de Asturias\" \/>\n\t\t<meta property=\"og:type\" content=\"article\" \/>\n\t\t<meta property=\"og:title\" content=\"Ruiz-Gallard\u00f3n insta a notarios y registradores a asumir m\u00e1s tareas - El Digital de Asturias\" \/>\n\t\t<meta property=\"og:description\" content=\"Madrid, 3 feb (EFE).- El ministro de Justicia, Alberto Ruiz-Gallard\u00f3n, ha instado hoy a notarios y registradores de la propiedad y mercantiles a asumir todas aquellas tareas que el Gobierno les encomiende y a transitar juntos ese camino. As\u00ed lo ha expresado en la inauguraci\u00f3n de una jornada sobre seguridad jur\u00eddica que se ha celebrado\" \/>\n\t\t<meta property=\"og:url\" content=\"https:\/\/www.eldigitaldeasturias.com\/noticias\/ruiz-gallardon-insta-a-notarios-y-registradores-a-asumir-mas-tareas\/\" \/>\n\t\t<meta property=\"article:tag\" content=\"actualidad\" \/>\n\t\t<meta property=\"article:published_time\" content=\"2014-02-03T21:39:09+00:00\" \/>\n\t\t<meta property=\"article:modified_time\" content=\"2014-02-03T21:39:09+00:00\" \/>\n\t\t<meta property=\"article:publisher\" content=\"https:\/\/facebook.com\/eldigitaldeasturias\" \/>\n\t\t<meta name=\"twitter:card\" content=\"summary_large_image\" \/>\n\t\t<meta name=\"twitter:title\" content=\"Ruiz-Gallard\u00f3n insta a notarios y registradores a asumir m\u00e1s tareas - El Digital de Asturias\" \/>\n\t\t<meta name=\"twitter:description\" content=\"Madrid, 3 feb (EFE).- El ministro de Justicia, Alberto Ruiz-Gallard\u00f3n, ha instado hoy a notarios y registradores de la propiedad y mercantiles a asumir todas aquellas tareas que el Gobierno les encomiende y a transitar juntos ese camino. As\u00ed lo ha expresado en la inauguraci\u00f3n de una jornada sobre seguridad jur\u00eddica que se ha celebrado\" \/>\n\t\t<meta name=\"twitter:label1\" content=\"Escrito por\" \/>\n\t\t<meta name=\"twitter:data1\" content=\"El Digital de Asturias\" \/>\n\t\t<meta name=\"twitter:label2\" content=\"Tiempo de lectura estimado\" \/>\n\t\t<meta name=\"twitter:data2\" content=\"2 minutos\" \/>\n\t\t<script type=\"application\/ld+json\" class=\"aioseo-schema\">\n\t\t\t{\"@context\":\"https:\\\/\\\/schema.org\",\"@graph\":[{\"@type\":\"BlogPosting\",\"@id\":\"https:\\\/\\\/www.eldigitaldeasturias.com\\\/noticias\\\/ruiz-gallardon-insta-a-notarios-y-registradores-a-asumir-mas-tareas\\\/#blogposting\",\"name\":\"Ruiz-Gallard\\u00f3n insta a notarios y registradores a asumir m\\u00e1s tareas - El Digital de Asturias\",\"headline\":\"Ruiz-Gallard\\u00f3n insta a notarios y registradores a asumir m\\u00e1s tareas\",\"author\":{\"@id\":\"https:\\\/\\\/www.eldigitaldeasturias.com\\\/noticias\\\/author\\\/admin\\\/#author\"},\"publisher\":{\"@id\":\"https:\\\/\\\/www.eldigitaldeasturias.com\\\/noticias\\\/#organization\"},\"image\":{\"@type\":\"ImageObject\",\"url\":482892},\"datePublished\":\"2014-02-03T20:39:09+01:00\",\"dateModified\":\"2014-02-03T20:39:09+01:00\",\"inLanguage\":\"es-ES\",\"mainEntityOfPage\":{\"@id\":\"https:\\\/\\\/www.eldigitaldeasturias.com\\\/noticias\\\/ruiz-gallardon-insta-a-notarios-y-registradores-a-asumir-mas-tareas\\\/#webpage\"},\"isPartOf\":{\"@id\":\"https:\\\/\\\/www.eldigitaldeasturias.com\\\/noticias\\\/ruiz-gallardon-insta-a-notarios-y-registradores-a-asumir-mas-tareas\\\/#webpage\"},\"articleSection\":\"Actualidad\"},{\"@type\":\"BreadcrumbList\",\"@id\":\"https:\\\/\\\/www.eldigitaldeasturias.com\\\/noticias\\\/ruiz-gallardon-insta-a-notarios-y-registradores-a-asumir-mas-tareas\\\/#breadcrumblist\",\"itemListElement\":[{\"@type\":\"ListItem\",\"@id\":\"https:\\\/\\\/www.eldigitaldeasturias.com\\\/noticias#listItem\",\"position\":1,\"name\":\"Home\",\"item\":\"https:\\\/\\\/www.eldigitaldeasturias.com\\\/noticias\",\"nextItem\":{\"@type\":\"ListItem\",\"@id\":\"https:\\\/\\\/www.eldigitaldeasturias.com\\\/noticias\\\/category\\\/actualidad\\\/#listItem\",\"name\":\"Actualidad\"}},{\"@type\":\"ListItem\",\"@id\":\"https:\\\/\\\/www.eldigitaldeasturias.com\\\/noticias\\\/category\\\/actualidad\\\/#listItem\",\"position\":2,\"name\":\"Actualidad\",\"item\":\"https:\\\/\\\/www.eldigitaldeasturias.com\\\/noticias\\\/category\\\/actualidad\\\/\",\"nextItem\":{\"@type\":\"ListItem\",\"@id\":\"https:\\\/\\\/www.eldigitaldeasturias.com\\\/noticias\\\/ruiz-gallardon-insta-a-notarios-y-registradores-a-asumir-mas-tareas\\\/#listItem\",\"name\":\"Ruiz-Gallard\\u00f3n insta a notarios y registradores a asumir m\\u00e1s tareas\"},\"previousItem\":{\"@type\":\"ListItem\",\"@id\":\"https:\\\/\\\/www.eldigitaldeasturias.com\\\/noticias#listItem\",\"name\":\"Home\"}},{\"@type\":\"ListItem\",\"@id\":\"https:\\\/\\\/www.eldigitaldeasturias.com\\\/noticias\\\/ruiz-gallardon-insta-a-notarios-y-registradores-a-asumir-mas-tareas\\\/#listItem\",\"position\":3,\"name\":\"Ruiz-Gallard\\u00f3n insta a notarios y registradores a asumir m\\u00e1s tareas\",\"previousItem\":{\"@type\":\"ListItem\",\"@id\":\"https:\\\/\\\/www.eldigitaldeasturias.com\\\/noticias\\\/category\\\/actualidad\\\/#listItem\",\"name\":\"Actualidad\"}}]},{\"@type\":\"Organization\",\"@id\":\"https:\\\/\\\/www.eldigitaldeasturias.com\\\/noticias\\\/#organization\",\"name\":\"El Digital de Asturias\",\"description\":\"Hemeroteca\",\"url\":\"https:\\\/\\\/www.eldigitaldeasturias.com\\\/noticias\\\/\",\"email\":\"info@eldigitaldeasturias.com\",\"telephone\":\"+34652131393\",\"logo\":{\"@type\":\"ImageObject\",\"url\":\"https:\\\/\\\/www.eldigitaldeasturias.com\\\/noticias\\\/wp-content\\\/uploads\\\/2020\\\/12\\\/EDA.jpg\",\"@id\":\"https:\\\/\\\/www.eldigitaldeasturias.com\\\/noticias\\\/ruiz-gallardon-insta-a-notarios-y-registradores-a-asumir-mas-tareas\\\/#organizationLogo\"},\"image\":{\"@id\":\"https:\\\/\\\/www.eldigitaldeasturias.com\\\/noticias\\\/ruiz-gallardon-insta-a-notarios-y-registradores-a-asumir-mas-tareas\\\/#organizationLogo\"},\"sameAs\":[\"https:\\\/\\\/facebook.com\\\/eldigitaldeasturias\",\"https:\\\/\\\/www.youtube.com\\\/channel\\\/UCZP-2wLEB9Rv6erhFmqVnvg\"],\"address\":{\"@id\":\"https:\\\/\\\/www.eldigitaldeasturias.com\\\/noticias\\\/#postaladdress\",\"@type\":\"PostalAddress\",\"streetAddress\":\"san antonio 4\",\"postalCode\":\"33430\",\"addressLocality\":\"Cand\\u00e1s\",\"addressRegion\":\"Asturias\",\"addressCountry\":\"ES\"}},{\"@type\":\"Person\",\"@id\":\"https:\\\/\\\/www.eldigitaldeasturias.com\\\/noticias\\\/author\\\/admin\\\/#author\",\"url\":\"https:\\\/\\\/www.eldigitaldeasturias.com\\\/noticias\\\/author\\\/admin\\\/\",\"name\":\"El Digital de Asturias\",\"image\":{\"@type\":\"ImageObject\",\"@id\":\"https:\\\/\\\/www.eldigitaldeasturias.com\\\/noticias\\\/ruiz-gallardon-insta-a-notarios-y-registradores-a-asumir-mas-tareas\\\/#authorImage\",\"url\":\"https:\\\/\\\/secure.gravatar.com\\\/avatar\\\/df2aeffc32bcd13f8d26072ef8a91b623d677766deac7f97ca815868cd41bf5e?s=96&d=mm&r=g\",\"width\":96,\"height\":96,\"caption\":\"El Digital de Asturias\"}},{\"@type\":\"WebPage\",\"@id\":\"https:\\\/\\\/www.eldigitaldeasturias.com\\\/noticias\\\/ruiz-gallardon-insta-a-notarios-y-registradores-a-asumir-mas-tareas\\\/#webpage\",\"url\":\"https:\\\/\\\/www.eldigitaldeasturias.com\\\/noticias\\\/ruiz-gallardon-insta-a-notarios-y-registradores-a-asumir-mas-tareas\\\/\",\"name\":\"Ruiz-Gallard\\u00f3n insta a notarios y registradores a asumir m\\u00e1s tareas - El Digital de Asturias\",\"description\":\"Madrid, 3 feb (EFE).- El ministro de Justicia, Alberto Ruiz-Gallard\\u00f3n, ha instado hoy a notarios y registradores de la propiedad y mercantiles a asumir todas aquellas tareas que el Gobierno les encomiende y a transitar juntos ese camino. As\\u00ed lo ha expresado en la inauguraci\\u00f3n de una jornada sobre seguridad jur\\u00eddica que se ha celebrado\",\"inLanguage\":\"es-ES\",\"isPartOf\":{\"@id\":\"https:\\\/\\\/www.eldigitaldeasturias.com\\\/noticias\\\/#website\"},\"breadcrumb\":{\"@id\":\"https:\\\/\\\/www.eldigitaldeasturias.com\\\/noticias\\\/ruiz-gallardon-insta-a-notarios-y-registradores-a-asumir-mas-tareas\\\/#breadcrumblist\"},\"author\":{\"@id\":\"https:\\\/\\\/www.eldigitaldeasturias.com\\\/noticias\\\/author\\\/admin\\\/#author\"},\"creator\":{\"@id\":\"https:\\\/\\\/www.eldigitaldeasturias.com\\\/noticias\\\/author\\\/admin\\\/#author\"},\"image\":{\"@type\":\"ImageObject\",\"url\":482892,\"@id\":\"https:\\\/\\\/www.eldigitaldeasturias.com\\\/noticias\\\/ruiz-gallardon-insta-a-notarios-y-registradores-a-asumir-mas-tareas\\\/#mainImage\"},\"primaryImageOfPage\":{\"@id\":\"https:\\\/\\\/www.eldigitaldeasturias.com\\\/noticias\\\/ruiz-gallardon-insta-a-notarios-y-registradores-a-asumir-mas-tareas\\\/#mainImage\"},\"datePublished\":\"2014-02-03T20:39:09+01:00\",\"dateModified\":\"2014-02-03T20:39:09+01:00\"},{\"@type\":\"WebSite\",\"@id\":\"https:\\\/\\\/www.eldigitaldeasturias.com\\\/noticias\\\/#website\",\"url\":\"https:\\\/\\\/www.eldigitaldeasturias.com\\\/noticias\\\/\",\"name\":\"El Digital de Asturias - Diario de actualidad y noticias\",\"alternateName\":\"El Digital de Asturias - Diario de actualidad y noticias\",\"description\":\"Hemeroteca\",\"inLanguage\":\"es-ES\",\"publisher\":{\"@id\":\"https:\\\/\\\/www.eldigitaldeasturias.com\\\/noticias\\\/#organization\"}}]}\n\t\t<\/script>\n\t\t<!-- All in One SEO Pro -->\r\n\t\t<title>Ruiz-Gallard\u00f3n insta a notarios y registradores a asumir m\u00e1s tareas - El Digital de Asturias<\/title>\n\n","aioseo_head_json":{"title":"Ruiz-Gallard\u00f3n insta a notarios y registradores a asumir m\u00e1s tareas - El Digital de Asturias","description":"Madrid, 3 feb (EFE).- El ministro de Justicia, Alberto Ruiz-Gallard\u00f3n, ha instado hoy a notarios y registradores de la propiedad y mercantiles a asumir todas aquellas tareas que el Gobierno les encomiende y a transitar juntos ese camino. As\u00ed lo ha expresado en la inauguraci\u00f3n de una jornada sobre seguridad jur\u00eddica que se ha celebrado","canonical_url":"https:\/\/www.eldigitaldeasturias.com\/noticias\/ruiz-gallardon-insta-a-notarios-y-registradores-a-asumir-mas-tareas\/","robots":"max-image-preview:large","keywords":"actualidad","webmasterTools":{"google-site-verification":"UA-38556648-1","msvalidate.01":"7dfe9f3f1b24437ab69f4f2559babe99","miscellaneous":""},"schema":{"@context":"https:\/\/schema.org","@graph":[{"@type":"BlogPosting","@id":"https:\/\/www.eldigitaldeasturias.com\/noticias\/ruiz-gallardon-insta-a-notarios-y-registradores-a-asumir-mas-tareas\/#blogposting","name":"Ruiz-Gallard\u00f3n insta a notarios y registradores a asumir m\u00e1s tareas - El Digital de Asturias","headline":"Ruiz-Gallard\u00f3n insta a notarios y registradores a asumir m\u00e1s tareas","author":{"@id":"https:\/\/www.eldigitaldeasturias.com\/noticias\/author\/admin\/#author"},"publisher":{"@id":"https:\/\/www.eldigitaldeasturias.com\/noticias\/#organization"},"image":{"@type":"ImageObject","url":482892},"datePublished":"2014-02-03T20:39:09+01:00","dateModified":"2014-02-03T20:39:09+01:00","inLanguage":"es-ES","mainEntityOfPage":{"@id":"https:\/\/www.eldigitaldeasturias.com\/noticias\/ruiz-gallardon-insta-a-notarios-y-registradores-a-asumir-mas-tareas\/#webpage"},"isPartOf":{"@id":"https:\/\/www.eldigitaldeasturias.com\/noticias\/ruiz-gallardon-insta-a-notarios-y-registradores-a-asumir-mas-tareas\/#webpage"},"articleSection":"Actualidad"},{"@type":"BreadcrumbList","@id":"https:\/\/www.eldigitaldeasturias.com\/noticias\/ruiz-gallardon-insta-a-notarios-y-registradores-a-asumir-mas-tareas\/#breadcrumblist","itemListElement":[{"@type":"ListItem","@id":"https:\/\/www.eldigitaldeasturias.com\/noticias#listItem","position":1,"name":"Home","item":"https:\/\/www.eldigitaldeasturias.com\/noticias","nextItem":{"@type":"ListItem","@id":"https:\/\/www.eldigitaldeasturias.com\/noticias\/category\/actualidad\/#listItem","name":"Actualidad"}},{"@type":"ListItem","@id":"https:\/\/www.eldigitaldeasturias.com\/noticias\/category\/actualidad\/#listItem","position":2,"name":"Actualidad","item":"https:\/\/www.eldigitaldeasturias.com\/noticias\/category\/actualidad\/","nextItem":{"@type":"ListItem","@id":"https:\/\/www.eldigitaldeasturias.com\/noticias\/ruiz-gallardon-insta-a-notarios-y-registradores-a-asumir-mas-tareas\/#listItem","name":"Ruiz-Gallard\u00f3n insta a notarios y registradores a asumir m\u00e1s tareas"},"previousItem":{"@type":"ListItem","@id":"https:\/\/www.eldigitaldeasturias.com\/noticias#listItem","name":"Home"}},{"@type":"ListItem","@id":"https:\/\/www.eldigitaldeasturias.com\/noticias\/ruiz-gallardon-insta-a-notarios-y-registradores-a-asumir-mas-tareas\/#listItem","position":3,"name":"Ruiz-Gallard\u00f3n insta a notarios y registradores a asumir m\u00e1s tareas","previousItem":{"@type":"ListItem","@id":"https:\/\/www.eldigitaldeasturias.com\/noticias\/category\/actualidad\/#listItem","name":"Actualidad"}}]},{"@type":"Organization","@id":"https:\/\/www.eldigitaldeasturias.com\/noticias\/#organization","name":"El Digital de Asturias","description":"Hemeroteca","url":"https:\/\/www.eldigitaldeasturias.com\/noticias\/","email":"info@eldigitaldeasturias.com","telephone":"+34652131393","logo":{"@type":"ImageObject","url":"https:\/\/www.eldigitaldeasturias.com\/noticias\/wp-content\/uploads\/2020\/12\/EDA.jpg","@id":"https:\/\/www.eldigitaldeasturias.com\/noticias\/ruiz-gallardon-insta-a-notarios-y-registradores-a-asumir-mas-tareas\/#organizationLogo"},"image":{"@id":"https:\/\/www.eldigitaldeasturias.com\/noticias\/ruiz-gallardon-insta-a-notarios-y-registradores-a-asumir-mas-tareas\/#organizationLogo"},"sameAs":["https:\/\/facebook.com\/eldigitaldeasturias","https:\/\/www.youtube.com\/channel\/UCZP-2wLEB9Rv6erhFmqVnvg"],"address":{"@id":"https:\/\/www.eldigitaldeasturias.com\/noticias\/#postaladdress","@type":"PostalAddress","streetAddress":"san antonio 4","postalCode":"33430","addressLocality":"Cand\u00e1s","addressRegion":"Asturias","addressCountry":"ES"}},{"@type":"Person","@id":"https:\/\/www.eldigitaldeasturias.com\/noticias\/author\/admin\/#author","url":"https:\/\/www.eldigitaldeasturias.com\/noticias\/author\/admin\/","name":"El Digital de Asturias","image":{"@type":"ImageObject","@id":"https:\/\/www.eldigitaldeasturias.com\/noticias\/ruiz-gallardon-insta-a-notarios-y-registradores-a-asumir-mas-tareas\/#authorImage","url":"https:\/\/secure.gravatar.com\/avatar\/df2aeffc32bcd13f8d26072ef8a91b623d677766deac7f97ca815868cd41bf5e?s=96&d=mm&r=g","width":96,"height":96,"caption":"El Digital de Asturias"}},{"@type":"WebPage","@id":"https:\/\/www.eldigitaldeasturias.com\/noticias\/ruiz-gallardon-insta-a-notarios-y-registradores-a-asumir-mas-tareas\/#webpage","url":"https:\/\/www.eldigitaldeasturias.com\/noticias\/ruiz-gallardon-insta-a-notarios-y-registradores-a-asumir-mas-tareas\/","name":"Ruiz-Gallard\u00f3n insta a notarios y registradores a asumir m\u00e1s tareas - El Digital de Asturias","description":"Madrid, 3 feb (EFE).- El ministro de Justicia, Alberto Ruiz-Gallard\u00f3n, ha instado hoy a notarios y registradores de la propiedad y mercantiles a asumir todas aquellas tareas que el Gobierno les encomiende y a transitar juntos ese camino. As\u00ed lo ha expresado en la inauguraci\u00f3n de una jornada sobre seguridad jur\u00eddica que se ha celebrado","inLanguage":"es-ES","isPartOf":{"@id":"https:\/\/www.eldigitaldeasturias.com\/noticias\/#website"},"breadcrumb":{"@id":"https:\/\/www.eldigitaldeasturias.com\/noticias\/ruiz-gallardon-insta-a-notarios-y-registradores-a-asumir-mas-tareas\/#breadcrumblist"},"author":{"@id":"https:\/\/www.eldigitaldeasturias.com\/noticias\/author\/admin\/#author"},"creator":{"@id":"https:\/\/www.eldigitaldeasturias.com\/noticias\/author\/admin\/#author"},"image":{"@type":"ImageObject","url":482892,"@id":"https:\/\/www.eldigitaldeasturias.com\/noticias\/ruiz-gallardon-insta-a-notarios-y-registradores-a-asumir-mas-tareas\/#mainImage"},"primaryImageOfPage":{"@id":"https:\/\/www.eldigitaldeasturias.com\/noticias\/ruiz-gallardon-insta-a-notarios-y-registradores-a-asumir-mas-tareas\/#mainImage"},"datePublished":"2014-02-03T20:39:09+01:00","dateModified":"2014-02-03T20:39:09+01:00"},{"@type":"WebSite","@id":"https:\/\/www.eldigitaldeasturias.com\/noticias\/#website","url":"https:\/\/www.eldigitaldeasturias.com\/noticias\/","name":"El Digital de Asturias - Diario de actualidad y noticias","alternateName":"El Digital de Asturias - Diario de actualidad y noticias","description":"Hemeroteca","inLanguage":"es-ES","publisher":{"@id":"https:\/\/www.eldigitaldeasturias.com\/noticias\/#organization"}}]},"og:locale":"es_ES","og:site_name":"El Digital de Asturias","og:type":"article","og:title":"Ruiz-Gallard\u00f3n insta a notarios y registradores a asumir m\u00e1s tareas - El Digital de Asturias","og:description":"Madrid, 3 feb (EFE).- El ministro de Justicia, Alberto Ruiz-Gallard\u00f3n, ha instado hoy a notarios y registradores de la propiedad y mercantiles a asumir todas aquellas tareas que el Gobierno les encomiende y a transitar juntos ese camino. As\u00ed lo ha expresado en la inauguraci\u00f3n de una jornada sobre seguridad jur\u00eddica que se ha celebrado","og:url":"https:\/\/www.eldigitaldeasturias.com\/noticias\/ruiz-gallardon-insta-a-notarios-y-registradores-a-asumir-mas-tareas\/","article:tag":["actualidad"],"article:published_time":"2014-02-03T21:39:09+00:00","article:modified_time":"2014-02-03T21:39:09+00:00","article:publisher":"https:\/\/facebook.com\/eldigitaldeasturias","twitter:card":"summary_large_image","twitter:title":"Ruiz-Gallard\u00f3n insta a notarios y registradores a asumir m\u00e1s tareas - El Digital de Asturias","twitter:description":"Madrid, 3 feb (EFE).- El ministro de Justicia, Alberto Ruiz-Gallard\u00f3n, ha instado hoy a notarios y registradores de la propiedad y mercantiles a asumir todas aquellas tareas que el Gobierno les encomiende y a transitar juntos ese camino. As\u00ed lo ha expresado en la inauguraci\u00f3n de una jornada sobre seguridad jur\u00eddica que se ha celebrado","twitter:label1":"Escrito por","twitter:data1":"El Digital de Asturias","twitter:label2":"Tiempo de lectura estimado","twitter:data2":"2 minutos"},"aioseo_meta_data":{"post_id":"482891","title":null,"description":null,"keywords":null,"keyphrases":null,"primary_term":null,"canonical_url":null,"og_title":null,"og_description":null,"og_object_type":"default","og_image_type":"default","og_image_url":null,"og_image_width":null,"og_image_height":null,"og_image_custom_url":null,"og_image_custom_fields":null,"og_video":null,"og_custom_url":null,"og_article_section":null,"og_article_tags":null,"twitter_use_og":true,"twitter_card":"default","twitter_image_type":"default","twitter_image_url":null,"twitter_image_custom_url":null,"twitter_image_custom_fields":null,"twitter_title":null,"twitter_description":null,"schema":{"blockGraphs":[],"customGraphs":[],"default":{"data":{"Article":[],"Course":[],"Dataset":[],"FAQPage":[],"Movie":[],"Person":[],"Product":[],"ProductReview":[],"Car":[],"Recipe":[],"Service":[],"SoftwareApplication":[],"WebPage":[]},"graphName":"","isEnabled":true},"graphs":[],"defaultGraph":"","defaultPostTypeGraph":""},"schema_type":null,"schema_type_options":null,"pillar_content":false,"robots_default":true,"robots_noindex":false,"robots_noarchive":false,"robots_nosnippet":false,"robots_nofollow":false,"robots_noimageindex":false,"robots_noodp":false,"robots_notranslate":false,"robots_max_snippet":null,"robots_max_videopreview":null,"robots_max_imagepreview":"none","priority":null,"frequency":null,"local_seo":null,"seo_analyzer_scan_date":"2026-06-02 11:13:11","breadcrumb_settings":null,"limit_modified_date":false,"open_ai":null,"ai":null,"created":"2020-11-14 22:54:40","updated":"2026-06-02 11:13:11","focus_keyword":null,"additional_keywords":null,"truseo_locale":null},"aioseo_breadcrumb":"<div class=\"aioseo-breadcrumbs\"><span class=\"aioseo-breadcrumb\">\n\t<a href=\"https:\/\/www.eldigitaldeasturias.com\/noticias\" title=\"Home\">Home<\/a>\n<\/span><span class=\"aioseo-breadcrumb-separator\">\u2013<\/span><span class=\"aioseo-breadcrumb\">\n\t<a href=\"https:\/\/www.eldigitaldeasturias.com\/noticias\/category\/actualidad\/\" title=\"Actualidad\">Actualidad<\/a>\n<\/span><span class=\"aioseo-breadcrumb-separator\">\u2013<\/span><span class=\"aioseo-breadcrumb\">\n\t<a href=\"https:\/\/www.eldigitaldeasturias.com\/noticias\/ruiz-gallardon-insta-a-notarios-y-registradores-a-asumir-mas-tareas\/\" title=\"Ruiz-Gallard\u00f3n insta a notarios y registradores a asumir m\u00e1s tareas\">Ruiz-Gallard\u00f3n insta a notarios y registradores a asumir m\u00e1s tareas<\/a>\n<\/span><\/div>","aioseo_breadcrumb_json":[{"label":"Home","link":"https:\/\/www.eldigitaldeasturias.com\/noticias"},{"label":"Actualidad","link":"https:\/\/www.eldigitaldeasturias.com\/noticias\/category\/actualidad\/"},{"label":"Ruiz-Gallard\u00f3n insta a notarios y registradores a asumir m\u00e1s tareas","link":"https:\/\/www.eldigitaldeasturias.com\/noticias\/ruiz-gallardon-insta-a-notarios-y-registradores-a-asumir-mas-tareas\/"}],"_links":{"self":[{"href":"https:\/\/www.eldigitaldeasturias.com\/noticias\/wp-json\/wp\/v2\/posts\/482891","targetHints":{"allow":["GET"]}}],"collection":[{"href":"https:\/\/www.eldigitaldeasturias.com\/noticias\/wp-json\/wp\/v2\/posts"}],"about":[{"href":"https:\/\/www.eldigitaldeasturias.com\/noticias\/wp-json\/wp\/v2\/types\/post"}],"author":[{"embeddable":true,"href":"https:\/\/www.eldigitaldeasturias.com\/noticias\/wp-json\/wp\/v2\/users\/1"}],"replies":[{"embeddable":true,"href":"https:\/\/www.eldigitaldeasturias.com\/noticias\/wp-json\/wp\/v2\/comments?post=482891"}],"version-history":[{"count":0,"href":"https:\/\/www.eldigitaldeasturias.com\/noticias\/wp-json\/wp\/v2\/posts\/482891\/revisions"}],"wp:attachment":[{"href":"https:\/\/www.eldigitaldeasturias.com\/noticias\/wp-json\/wp\/v2\/media?parent=482891"}],"wp:term":[{"taxonomy":"category","embeddable":true,"href":"https:\/\/www.eldigitaldeasturias.com\/noticias\/wp-json\/wp\/v2\/categories?post=482891"},{"taxonomy":"post_tag","embeddable":true,"href":"https:\/\/www.eldigitaldeasturias.com\/noticias\/wp-json\/wp\/v2\/tags?post=482891"}],"curies":[{"name":"wp","href":"https:\/\/api.w.org\/{rel}","templated":true}]}}