{"id":482882,"date":"2014-02-03T20:30:14","date_gmt":"2014-02-03T21:30:14","guid":{"rendered":"http:\/\/www.eldigitaldeasturias.com\/noticias\/?p=482882"},"modified":"2014-02-03T20:30:14","modified_gmt":"2014-02-03T21:30:14","slug":"el-rey-bromea-con-el-ministro-emirati-con-quien-sufrio-una-luxacion-en-2012","status":"publish","type":"post","link":"https:\/\/www.eldigitaldeasturias.com\/noticias\/el-rey-bromea-con-el-ministro-emirati-con-quien-sufrio-una-luxacion-en-2012\/","title":{"rendered":"El Rey bromea con el ministro emirat\u00ed con quien sufri\u00f3 una luxaci\u00f3n en 2012"},"content":{"rendered":"<p><img loading=\"lazy\" decoding=\"async\" class=\"alignleft size-medium wp-image-482883\" alt=\"5904345w\" src=\"https:\/\/www.eldigitaldeasturias.com\/noticias\/wp-content\/uploads\/2014\/02\/5904345w-360x253.jpg\" width=\"360\" height=\"253\" \/>Madrid, 3 feb (EFE).- El Rey ha recibido hoy en el Palacio de la Zarzuela al ministro de Asuntos Exteriores de los Emiratos \u00c1rabes Unidos, con quien ha hecho gala de un excelente humor al bromear con \u00e9l sobre la luxaci\u00f3n de cadera que sufri\u00f3 en 2012 tras su ca\u00edda de Botsuana, precisamente cuando le recib\u00eda en el mismo despacho.<\/p>\n<p>Tras tomar asiento en la silla giratoria que tiene ante la mesa donde recibe a sus invitados, don Juan Carlos ha preguntado divertido al jeque Abdal\u00e1 bin Zayed al Nahyan, en ingl\u00e9s, si recordaba lo que le hab\u00eda ocurrido \u00abla \u00faltima vez\u00bb en su anterior visita de hace casi dos a\u00f1os, se\u00f1alando hacia su cadera.<\/p>\n<p>El ministro le ha contestado afirmativamente y le ha dicho que hoy le ve\u00eda mucho mejor, ante lo que el Rey ha ratificado, ri\u00e9ndose, que est\u00e1 mucho mejor.<\/p>\n<p>La anterior reuni\u00f3n que el ministro emirat\u00ed mantuvo con don Juan Carlos en Zarzuela, el 25 de abril de 2012, fue la primera actividad de pol\u00edtica exterior que realiz\u00f3 el Rey tras su operaci\u00f3n de cadera por la fractura sufrida en Botsuana.<\/p>\n<p>Durante aquella audiencia sufri\u00f3 una luxaci\u00f3n, por un mal movimiento, que le desajust\u00f3 la pr\u00f3tesis reci\u00e9n implantada y le oblig\u00f3 a ser intervenido nuevamente para solventar el problema.<\/p>\n<p>La escena ha ocurrido ante el ministro de Asuntos Exteriores, Jos\u00e9 Manuel Garc\u00eda-Margallo, el jefe de la Casa del Rey, Rafael Spottorno, y la embajadora de Emiratos en Espa\u00f1a, Hissa Abdullah Ahmed Al Otaiba, a la que el Monarca ha alabado mientras le estrechaba la mano, dirigi\u00e9ndose al jeque: \u00abEs muy buena\u00bb.<\/p>\n<p>Una \u00fanica muleta a mano, junto a la chimenea del despacho, denotaba que el jefe del Estado avanza en su proceso de recuperaci\u00f3n tras la quinta operaci\u00f3n quir\u00fargica a la que ha tenido que someterse desde su reuni\u00f3n de 2012 con el jeque Abdal\u00e1 bin Zayed al Nahyan.<\/p>\n<p>Fue en noviembre pasado, y tambi\u00e9n en la cadera, para reemplazarle una pr\u00f3tesis infectada.<\/p>\n<p>Desde entonces, en sus apariciones p\u00fablicas, dentro y fuera de su residencia oficial, don Juan Carlos utiliza una o dos muletas, seg\u00fan los casos, para moverse.<\/p>\n<p>Un portavoz de Zarzuela ha asegurado hoy mismo que el Monarca est\u00e1 \u00abde buen humor\u00bb y haciendo esfuerzos \u00abpara recuperarse lo antes posible\u00bb.<\/p>\n<p>De hecho, al recibir hoy a su invitado, en las primeras palabras que ha intercambiado con \u00e9l ante las c\u00e1maras, ha aparecido muy sonriente y animado.<\/p>\n<p>\u00abEs un honor verle\u00bb, ha manifestado el ministro de Exteriores de Emiratos \u00c1rabes Unidos nada m\u00e1s ver a don Juan Carlos, quien le ha recibido con dos besos y un apret\u00f3n de manos.<\/p>\n<p>El titular emirat\u00ed de Exteriores es el hermano del presidente de los Emiratos, Jalifa bin Zayed Al Nahyan, y del pr\u00edncipe heredero, Jeque Mohamed bin Zayed Al Nahyan, que visit\u00f3 Espa\u00f1a en octubre de 2011 para inaugurar junto a don Juan Carlos la nueva planta termosolar \u00abGemasolar\u00bb en Fuentes de Andaluc\u00eda (Sevilla).<\/p>\n<p>Dentro del proceso de progresiva recuperaci\u00f3n de sus actividades, el Rey se desplazar\u00e1 el pr\u00f3ximo 11 de febrero a Lisboa, en su primer viaje tras la intervenci\u00f3n quir\u00fargica del pasado 21 de noviembre, para intervenir en el IX Encuentro Cotec Europa junto a los presidentes de Italia, Giorgio Napolitano, y Portugal, An\u00edbal Cavaco Silva.<\/p>\n","protected":false},"excerpt":{"rendered":"<p>Madrid, 3 feb (EFE).- El Rey ha recibido hoy en el Palacio de la Zarzuela al ministro de Asuntos Exteriores de los Emiratos \u00c1rabes Unidos, con quien ha hecho gala de un excelente humor al bromear con \u00e9l sobre la luxaci\u00f3n de cadera que sufri\u00f3 en 2012 tras su ca\u00edda de Botsuana, precisamente cuando le [&hellip;]<\/p>\n","protected":false},"author":1,"featured_media":482883,"comment_status":"closed","ping_status":"open","sticky":false,"template":"","format":"standard","meta":{"footnotes":""},"categories":[1],"tags":[],"class_list":["post-482882","post","type-post","status-publish","format-standard","has-post-thumbnail","hentry","category-actualidad"],"aioseo_notices":[],"aioseo_head":"\n\t\t<!-- All in One SEO Pro 5.0.1 - aioseo.com -->\n\t<meta name=\"description\" content=\"Madrid, 3 feb (EFE).- El Rey ha recibido hoy en el Palacio de la Zarzuela al ministro de Asuntos Exteriores de los Emiratos \u00c1rabes Unidos, con quien ha hecho gala de un excelente humor al bromear con \u00e9l sobre la luxaci\u00f3n de cadera que sufri\u00f3 en 2012 tras su ca\u00edda de Botsuana, precisamente cuando le\" \/>\n\t<meta name=\"robots\" content=\"max-image-preview:large\" \/>\n\t<meta name=\"author\" content=\"El Digital de Asturias\"\/>\n\t<meta name=\"google-site-verification\" content=\"UA-38556648-1\" \/>\n\t<meta name=\"msvalidate.01\" content=\"7dfe9f3f1b24437ab69f4f2559babe99\" \/>\n\t<meta name=\"keywords\" content=\"actualidad\" \/>\n\t<link rel=\"canonical\" href=\"https:\/\/www.eldigitaldeasturias.com\/noticias\/el-rey-bromea-con-el-ministro-emirati-con-quien-sufrio-una-luxacion-en-2012\/\" \/>\n\t<meta name=\"generator\" content=\"All in One SEO Pro (AIOSEO) 5.0.1\" \/>\n\t\t<meta property=\"og:locale\" content=\"es_ES\" \/>\n\t\t<meta property=\"og:site_name\" content=\"El Digital de Asturias\" \/>\n\t\t<meta property=\"og:type\" content=\"article\" \/>\n\t\t<meta property=\"og:title\" content=\"El Rey bromea con el ministro emirat\u00ed con quien sufri\u00f3 una luxaci\u00f3n en 2012 - El Digital de Asturias\" \/>\n\t\t<meta property=\"og:description\" content=\"Madrid, 3 feb (EFE).- El Rey ha recibido hoy en el Palacio de la Zarzuela al ministro de Asuntos Exteriores de los Emiratos \u00c1rabes Unidos, con quien ha hecho gala de un excelente humor al bromear con \u00e9l sobre la luxaci\u00f3n de cadera que sufri\u00f3 en 2012 tras su ca\u00edda de Botsuana, precisamente cuando le\" \/>\n\t\t<meta property=\"og:url\" content=\"https:\/\/www.eldigitaldeasturias.com\/noticias\/el-rey-bromea-con-el-ministro-emirati-con-quien-sufrio-una-luxacion-en-2012\/\" \/>\n\t\t<meta property=\"article:tag\" content=\"actualidad\" \/>\n\t\t<meta property=\"article:published_time\" content=\"2014-02-03T21:30:14+00:00\" \/>\n\t\t<meta property=\"article:modified_time\" content=\"2014-02-03T21:30:14+00:00\" \/>\n\t\t<meta property=\"article:publisher\" content=\"https:\/\/facebook.com\/eldigitaldeasturias\" \/>\n\t\t<meta name=\"twitter:card\" content=\"summary_large_image\" \/>\n\t\t<meta name=\"twitter:title\" content=\"El Rey bromea con el ministro emirat\u00ed con quien sufri\u00f3 una luxaci\u00f3n en 2012 - El Digital de Asturias\" \/>\n\t\t<meta name=\"twitter:description\" content=\"Madrid, 3 feb (EFE).- El Rey ha recibido hoy en el Palacio de la Zarzuela al ministro de Asuntos Exteriores de los Emiratos \u00c1rabes Unidos, con quien ha hecho gala de un excelente humor al bromear con \u00e9l sobre la luxaci\u00f3n de cadera que sufri\u00f3 en 2012 tras su ca\u00edda de Botsuana, precisamente cuando le\" \/>\n\t\t<meta name=\"twitter:label1\" content=\"Escrito por\" \/>\n\t\t<meta name=\"twitter:data1\" content=\"El Digital de Asturias\" \/>\n\t\t<meta name=\"twitter:label2\" content=\"Tiempo de lectura estimado\" \/>\n\t\t<meta name=\"twitter:data2\" content=\"3 minutos\" \/>\n\t\t<script type=\"application\/ld+json\" class=\"aioseo-schema\">\n\t\t\t{\"@context\":\"https:\\\/\\\/schema.org\",\"@graph\":[{\"@type\":\"BlogPosting\",\"@id\":\"https:\\\/\\\/www.eldigitaldeasturias.com\\\/noticias\\\/el-rey-bromea-con-el-ministro-emirati-con-quien-sufrio-una-luxacion-en-2012\\\/#blogposting\",\"name\":\"El Rey bromea con el ministro emirat\\u00ed con quien sufri\\u00f3 una luxaci\\u00f3n en 2012 - El Digital de Asturias\",\"headline\":\"El Rey bromea con el ministro emirat\\u00ed con quien sufri\\u00f3 una luxaci\\u00f3n en 2012\",\"author\":{\"@id\":\"https:\\\/\\\/www.eldigitaldeasturias.com\\\/noticias\\\/author\\\/admin\\\/#author\"},\"publisher\":{\"@id\":\"https:\\\/\\\/www.eldigitaldeasturias.com\\\/noticias\\\/#organization\"},\"image\":{\"@type\":\"ImageObject\",\"url\":482883},\"datePublished\":\"2014-02-03T20:30:14+01:00\",\"dateModified\":\"2014-02-03T20:30:14+01:00\",\"inLanguage\":\"es-ES\",\"mainEntityOfPage\":{\"@id\":\"https:\\\/\\\/www.eldigitaldeasturias.com\\\/noticias\\\/el-rey-bromea-con-el-ministro-emirati-con-quien-sufrio-una-luxacion-en-2012\\\/#webpage\"},\"isPartOf\":{\"@id\":\"https:\\\/\\\/www.eldigitaldeasturias.com\\\/noticias\\\/el-rey-bromea-con-el-ministro-emirati-con-quien-sufrio-una-luxacion-en-2012\\\/#webpage\"},\"articleSection\":\"Actualidad\"},{\"@type\":\"BreadcrumbList\",\"@id\":\"https:\\\/\\\/www.eldigitaldeasturias.com\\\/noticias\\\/el-rey-bromea-con-el-ministro-emirati-con-quien-sufrio-una-luxacion-en-2012\\\/#breadcrumblist\",\"itemListElement\":[{\"@type\":\"ListItem\",\"@id\":\"https:\\\/\\\/www.eldigitaldeasturias.com\\\/noticias#listItem\",\"position\":1,\"name\":\"Home\",\"item\":\"https:\\\/\\\/www.eldigitaldeasturias.com\\\/noticias\",\"nextItem\":{\"@type\":\"ListItem\",\"@id\":\"https:\\\/\\\/www.eldigitaldeasturias.com\\\/noticias\\\/category\\\/actualidad\\\/#listItem\",\"name\":\"Actualidad\"}},{\"@type\":\"ListItem\",\"@id\":\"https:\\\/\\\/www.eldigitaldeasturias.com\\\/noticias\\\/category\\\/actualidad\\\/#listItem\",\"position\":2,\"name\":\"Actualidad\",\"item\":\"https:\\\/\\\/www.eldigitaldeasturias.com\\\/noticias\\\/category\\\/actualidad\\\/\",\"nextItem\":{\"@type\":\"ListItem\",\"@id\":\"https:\\\/\\\/www.eldigitaldeasturias.com\\\/noticias\\\/el-rey-bromea-con-el-ministro-emirati-con-quien-sufrio-una-luxacion-en-2012\\\/#listItem\",\"name\":\"El Rey bromea con el ministro emirat\\u00ed con quien sufri\\u00f3 una luxaci\\u00f3n en 2012\"},\"previousItem\":{\"@type\":\"ListItem\",\"@id\":\"https:\\\/\\\/www.eldigitaldeasturias.com\\\/noticias#listItem\",\"name\":\"Home\"}},{\"@type\":\"ListItem\",\"@id\":\"https:\\\/\\\/www.eldigitaldeasturias.com\\\/noticias\\\/el-rey-bromea-con-el-ministro-emirati-con-quien-sufrio-una-luxacion-en-2012\\\/#listItem\",\"position\":3,\"name\":\"El Rey bromea con el ministro emirat\\u00ed con quien sufri\\u00f3 una luxaci\\u00f3n en 2012\",\"previousItem\":{\"@type\":\"ListItem\",\"@id\":\"https:\\\/\\\/www.eldigitaldeasturias.com\\\/noticias\\\/category\\\/actualidad\\\/#listItem\",\"name\":\"Actualidad\"}}]},{\"@type\":\"Organization\",\"@id\":\"https:\\\/\\\/www.eldigitaldeasturias.com\\\/noticias\\\/#organization\",\"name\":\"El Digital de Asturias\",\"description\":\"Hemeroteca\",\"url\":\"https:\\\/\\\/www.eldigitaldeasturias.com\\\/noticias\\\/\",\"email\":\"info@eldigitaldeasturias.com\",\"telephone\":\"+34652131393\",\"logo\":{\"@type\":\"ImageObject\",\"url\":\"https:\\\/\\\/www.eldigitaldeasturias.com\\\/noticias\\\/wp-content\\\/uploads\\\/2020\\\/12\\\/EDA.jpg\",\"@id\":\"https:\\\/\\\/www.eldigitaldeasturias.com\\\/noticias\\\/el-rey-bromea-con-el-ministro-emirati-con-quien-sufrio-una-luxacion-en-2012\\\/#organizationLogo\"},\"image\":{\"@id\":\"https:\\\/\\\/www.eldigitaldeasturias.com\\\/noticias\\\/el-rey-bromea-con-el-ministro-emirati-con-quien-sufrio-una-luxacion-en-2012\\\/#organizationLogo\"},\"sameAs\":[\"https:\\\/\\\/facebook.com\\\/eldigitaldeasturias\",\"https:\\\/\\\/www.youtube.com\\\/channel\\\/UCZP-2wLEB9Rv6erhFmqVnvg\"],\"address\":{\"@id\":\"https:\\\/\\\/www.eldigitaldeasturias.com\\\/noticias\\\/#postaladdress\",\"@type\":\"PostalAddress\",\"streetAddress\":\"san antonio 4\",\"postalCode\":\"33430\",\"addressLocality\":\"Cand\\u00e1s\",\"addressRegion\":\"Asturias\",\"addressCountry\":\"ES\"}},{\"@type\":\"Person\",\"@id\":\"https:\\\/\\\/www.eldigitaldeasturias.com\\\/noticias\\\/author\\\/admin\\\/#author\",\"url\":\"https:\\\/\\\/www.eldigitaldeasturias.com\\\/noticias\\\/author\\\/admin\\\/\",\"name\":\"El Digital de Asturias\",\"image\":{\"@type\":\"ImageObject\",\"@id\":\"https:\\\/\\\/www.eldigitaldeasturias.com\\\/noticias\\\/el-rey-bromea-con-el-ministro-emirati-con-quien-sufrio-una-luxacion-en-2012\\\/#authorImage\",\"url\":\"https:\\\/\\\/secure.gravatar.com\\\/avatar\\\/df2aeffc32bcd13f8d26072ef8a91b623d677766deac7f97ca815868cd41bf5e?s=96&d=mm&r=g\",\"width\":96,\"height\":96,\"caption\":\"El Digital de Asturias\"}},{\"@type\":\"WebPage\",\"@id\":\"https:\\\/\\\/www.eldigitaldeasturias.com\\\/noticias\\\/el-rey-bromea-con-el-ministro-emirati-con-quien-sufrio-una-luxacion-en-2012\\\/#webpage\",\"url\":\"https:\\\/\\\/www.eldigitaldeasturias.com\\\/noticias\\\/el-rey-bromea-con-el-ministro-emirati-con-quien-sufrio-una-luxacion-en-2012\\\/\",\"name\":\"El Rey bromea con el ministro emirat\\u00ed con quien sufri\\u00f3 una luxaci\\u00f3n en 2012 - El Digital de Asturias\",\"description\":\"Madrid, 3 feb (EFE).- El Rey ha recibido hoy en el Palacio de la Zarzuela al ministro de Asuntos Exteriores de los Emiratos \\u00c1rabes Unidos, con quien ha hecho gala de un excelente humor al bromear con \\u00e9l sobre la luxaci\\u00f3n de cadera que sufri\\u00f3 en 2012 tras su ca\\u00edda de Botsuana, precisamente cuando le\",\"inLanguage\":\"es-ES\",\"isPartOf\":{\"@id\":\"https:\\\/\\\/www.eldigitaldeasturias.com\\\/noticias\\\/#website\"},\"breadcrumb\":{\"@id\":\"https:\\\/\\\/www.eldigitaldeasturias.com\\\/noticias\\\/el-rey-bromea-con-el-ministro-emirati-con-quien-sufrio-una-luxacion-en-2012\\\/#breadcrumblist\"},\"author\":{\"@id\":\"https:\\\/\\\/www.eldigitaldeasturias.com\\\/noticias\\\/author\\\/admin\\\/#author\"},\"creator\":{\"@id\":\"https:\\\/\\\/www.eldigitaldeasturias.com\\\/noticias\\\/author\\\/admin\\\/#author\"},\"image\":{\"@type\":\"ImageObject\",\"url\":482883,\"@id\":\"https:\\\/\\\/www.eldigitaldeasturias.com\\\/noticias\\\/el-rey-bromea-con-el-ministro-emirati-con-quien-sufrio-una-luxacion-en-2012\\\/#mainImage\"},\"primaryImageOfPage\":{\"@id\":\"https:\\\/\\\/www.eldigitaldeasturias.com\\\/noticias\\\/el-rey-bromea-con-el-ministro-emirati-con-quien-sufrio-una-luxacion-en-2012\\\/#mainImage\"},\"datePublished\":\"2014-02-03T20:30:14+01:00\",\"dateModified\":\"2014-02-03T20:30:14+01:00\"},{\"@type\":\"WebSite\",\"@id\":\"https:\\\/\\\/www.eldigitaldeasturias.com\\\/noticias\\\/#website\",\"url\":\"https:\\\/\\\/www.eldigitaldeasturias.com\\\/noticias\\\/\",\"name\":\"El Digital de Asturias - Diario de actualidad y noticias\",\"alternateName\":\"El Digital de Asturias - Diario de actualidad y noticias\",\"description\":\"Hemeroteca\",\"inLanguage\":\"es-ES\",\"publisher\":{\"@id\":\"https:\\\/\\\/www.eldigitaldeasturias.com\\\/noticias\\\/#organization\"}}]}\n\t\t<\/script>\n\t\t<!-- All in One SEO Pro -->\r\n\t\t<title>El Rey bromea con el ministro emirat\u00ed con quien sufri\u00f3 una luxaci\u00f3n en 2012 - El Digital de Asturias<\/title>\n\n","aioseo_head_json":{"title":"El Rey bromea con el ministro emirat\u00ed con quien sufri\u00f3 una luxaci\u00f3n en 2012 - El Digital de Asturias","description":"Madrid, 3 feb (EFE).- El Rey ha recibido hoy en el Palacio de la Zarzuela al ministro de Asuntos Exteriores de los Emiratos \u00c1rabes Unidos, con quien ha hecho gala de un excelente humor al bromear con \u00e9l sobre la luxaci\u00f3n de cadera que sufri\u00f3 en 2012 tras su ca\u00edda de Botsuana, precisamente cuando le","canonical_url":"https:\/\/www.eldigitaldeasturias.com\/noticias\/el-rey-bromea-con-el-ministro-emirati-con-quien-sufrio-una-luxacion-en-2012\/","robots":"max-image-preview:large","keywords":"actualidad","webmasterTools":{"google-site-verification":"UA-38556648-1","msvalidate.01":"7dfe9f3f1b24437ab69f4f2559babe99","miscellaneous":""},"schema":{"@context":"https:\/\/schema.org","@graph":[{"@type":"BlogPosting","@id":"https:\/\/www.eldigitaldeasturias.com\/noticias\/el-rey-bromea-con-el-ministro-emirati-con-quien-sufrio-una-luxacion-en-2012\/#blogposting","name":"El Rey bromea con el ministro emirat\u00ed con quien sufri\u00f3 una luxaci\u00f3n en 2012 - El Digital de Asturias","headline":"El Rey bromea con el ministro emirat\u00ed con quien sufri\u00f3 una luxaci\u00f3n en 2012","author":{"@id":"https:\/\/www.eldigitaldeasturias.com\/noticias\/author\/admin\/#author"},"publisher":{"@id":"https:\/\/www.eldigitaldeasturias.com\/noticias\/#organization"},"image":{"@type":"ImageObject","url":482883},"datePublished":"2014-02-03T20:30:14+01:00","dateModified":"2014-02-03T20:30:14+01:00","inLanguage":"es-ES","mainEntityOfPage":{"@id":"https:\/\/www.eldigitaldeasturias.com\/noticias\/el-rey-bromea-con-el-ministro-emirati-con-quien-sufrio-una-luxacion-en-2012\/#webpage"},"isPartOf":{"@id":"https:\/\/www.eldigitaldeasturias.com\/noticias\/el-rey-bromea-con-el-ministro-emirati-con-quien-sufrio-una-luxacion-en-2012\/#webpage"},"articleSection":"Actualidad"},{"@type":"BreadcrumbList","@id":"https:\/\/www.eldigitaldeasturias.com\/noticias\/el-rey-bromea-con-el-ministro-emirati-con-quien-sufrio-una-luxacion-en-2012\/#breadcrumblist","itemListElement":[{"@type":"ListItem","@id":"https:\/\/www.eldigitaldeasturias.com\/noticias#listItem","position":1,"name":"Home","item":"https:\/\/www.eldigitaldeasturias.com\/noticias","nextItem":{"@type":"ListItem","@id":"https:\/\/www.eldigitaldeasturias.com\/noticias\/category\/actualidad\/#listItem","name":"Actualidad"}},{"@type":"ListItem","@id":"https:\/\/www.eldigitaldeasturias.com\/noticias\/category\/actualidad\/#listItem","position":2,"name":"Actualidad","item":"https:\/\/www.eldigitaldeasturias.com\/noticias\/category\/actualidad\/","nextItem":{"@type":"ListItem","@id":"https:\/\/www.eldigitaldeasturias.com\/noticias\/el-rey-bromea-con-el-ministro-emirati-con-quien-sufrio-una-luxacion-en-2012\/#listItem","name":"El Rey bromea con el ministro emirat\u00ed con quien sufri\u00f3 una luxaci\u00f3n en 2012"},"previousItem":{"@type":"ListItem","@id":"https:\/\/www.eldigitaldeasturias.com\/noticias#listItem","name":"Home"}},{"@type":"ListItem","@id":"https:\/\/www.eldigitaldeasturias.com\/noticias\/el-rey-bromea-con-el-ministro-emirati-con-quien-sufrio-una-luxacion-en-2012\/#listItem","position":3,"name":"El Rey bromea con el ministro emirat\u00ed con quien sufri\u00f3 una luxaci\u00f3n en 2012","previousItem":{"@type":"ListItem","@id":"https:\/\/www.eldigitaldeasturias.com\/noticias\/category\/actualidad\/#listItem","name":"Actualidad"}}]},{"@type":"Organization","@id":"https:\/\/www.eldigitaldeasturias.com\/noticias\/#organization","name":"El Digital de Asturias","description":"Hemeroteca","url":"https:\/\/www.eldigitaldeasturias.com\/noticias\/","email":"info@eldigitaldeasturias.com","telephone":"+34652131393","logo":{"@type":"ImageObject","url":"https:\/\/www.eldigitaldeasturias.com\/noticias\/wp-content\/uploads\/2020\/12\/EDA.jpg","@id":"https:\/\/www.eldigitaldeasturias.com\/noticias\/el-rey-bromea-con-el-ministro-emirati-con-quien-sufrio-una-luxacion-en-2012\/#organizationLogo"},"image":{"@id":"https:\/\/www.eldigitaldeasturias.com\/noticias\/el-rey-bromea-con-el-ministro-emirati-con-quien-sufrio-una-luxacion-en-2012\/#organizationLogo"},"sameAs":["https:\/\/facebook.com\/eldigitaldeasturias","https:\/\/www.youtube.com\/channel\/UCZP-2wLEB9Rv6erhFmqVnvg"],"address":{"@id":"https:\/\/www.eldigitaldeasturias.com\/noticias\/#postaladdress","@type":"PostalAddress","streetAddress":"san antonio 4","postalCode":"33430","addressLocality":"Cand\u00e1s","addressRegion":"Asturias","addressCountry":"ES"}},{"@type":"Person","@id":"https:\/\/www.eldigitaldeasturias.com\/noticias\/author\/admin\/#author","url":"https:\/\/www.eldigitaldeasturias.com\/noticias\/author\/admin\/","name":"El Digital de Asturias","image":{"@type":"ImageObject","@id":"https:\/\/www.eldigitaldeasturias.com\/noticias\/el-rey-bromea-con-el-ministro-emirati-con-quien-sufrio-una-luxacion-en-2012\/#authorImage","url":"https:\/\/secure.gravatar.com\/avatar\/df2aeffc32bcd13f8d26072ef8a91b623d677766deac7f97ca815868cd41bf5e?s=96&d=mm&r=g","width":96,"height":96,"caption":"El Digital de Asturias"}},{"@type":"WebPage","@id":"https:\/\/www.eldigitaldeasturias.com\/noticias\/el-rey-bromea-con-el-ministro-emirati-con-quien-sufrio-una-luxacion-en-2012\/#webpage","url":"https:\/\/www.eldigitaldeasturias.com\/noticias\/el-rey-bromea-con-el-ministro-emirati-con-quien-sufrio-una-luxacion-en-2012\/","name":"El Rey bromea con el ministro emirat\u00ed con quien sufri\u00f3 una luxaci\u00f3n en 2012 - El Digital de Asturias","description":"Madrid, 3 feb (EFE).- El Rey ha recibido hoy en el Palacio de la Zarzuela al ministro de Asuntos Exteriores de los Emiratos \u00c1rabes Unidos, con quien ha hecho gala de un excelente humor al bromear con \u00e9l sobre la luxaci\u00f3n de cadera que sufri\u00f3 en 2012 tras su ca\u00edda de Botsuana, precisamente cuando le","inLanguage":"es-ES","isPartOf":{"@id":"https:\/\/www.eldigitaldeasturias.com\/noticias\/#website"},"breadcrumb":{"@id":"https:\/\/www.eldigitaldeasturias.com\/noticias\/el-rey-bromea-con-el-ministro-emirati-con-quien-sufrio-una-luxacion-en-2012\/#breadcrumblist"},"author":{"@id":"https:\/\/www.eldigitaldeasturias.com\/noticias\/author\/admin\/#author"},"creator":{"@id":"https:\/\/www.eldigitaldeasturias.com\/noticias\/author\/admin\/#author"},"image":{"@type":"ImageObject","url":482883,"@id":"https:\/\/www.eldigitaldeasturias.com\/noticias\/el-rey-bromea-con-el-ministro-emirati-con-quien-sufrio-una-luxacion-en-2012\/#mainImage"},"primaryImageOfPage":{"@id":"https:\/\/www.eldigitaldeasturias.com\/noticias\/el-rey-bromea-con-el-ministro-emirati-con-quien-sufrio-una-luxacion-en-2012\/#mainImage"},"datePublished":"2014-02-03T20:30:14+01:00","dateModified":"2014-02-03T20:30:14+01:00"},{"@type":"WebSite","@id":"https:\/\/www.eldigitaldeasturias.com\/noticias\/#website","url":"https:\/\/www.eldigitaldeasturias.com\/noticias\/","name":"El Digital de Asturias - Diario de actualidad y noticias","alternateName":"El Digital de Asturias - Diario de actualidad y noticias","description":"Hemeroteca","inLanguage":"es-ES","publisher":{"@id":"https:\/\/www.eldigitaldeasturias.com\/noticias\/#organization"}}]},"og:locale":"es_ES","og:site_name":"El Digital de Asturias","og:type":"article","og:title":"El Rey bromea con el ministro emirat\u00ed con quien sufri\u00f3 una luxaci\u00f3n en 2012 - El Digital de Asturias","og:description":"Madrid, 3 feb (EFE).- El Rey ha recibido hoy en el Palacio de la Zarzuela al ministro de Asuntos Exteriores de los Emiratos \u00c1rabes Unidos, con quien ha hecho gala de un excelente humor al bromear con \u00e9l sobre la luxaci\u00f3n de cadera que sufri\u00f3 en 2012 tras su ca\u00edda de Botsuana, precisamente cuando le","og:url":"https:\/\/www.eldigitaldeasturias.com\/noticias\/el-rey-bromea-con-el-ministro-emirati-con-quien-sufrio-una-luxacion-en-2012\/","article:tag":["actualidad"],"article:published_time":"2014-02-03T21:30:14+00:00","article:modified_time":"2014-02-03T21:30:14+00:00","article:publisher":"https:\/\/facebook.com\/eldigitaldeasturias","twitter:card":"summary_large_image","twitter:title":"El Rey bromea con el ministro emirat\u00ed con quien sufri\u00f3 una luxaci\u00f3n en 2012 - El Digital de Asturias","twitter:description":"Madrid, 3 feb (EFE).- El Rey ha recibido hoy en el Palacio de la Zarzuela al ministro de Asuntos Exteriores de los Emiratos \u00c1rabes Unidos, con quien ha hecho gala de un excelente humor al bromear con \u00e9l sobre la luxaci\u00f3n de cadera que sufri\u00f3 en 2012 tras su ca\u00edda de Botsuana, precisamente cuando le","twitter:label1":"Escrito por","twitter:data1":"El Digital de Asturias","twitter:label2":"Tiempo de lectura estimado","twitter:data2":"3 minutos"},"aioseo_meta_data":{"post_id":"482882","title":null,"description":null,"keywords":null,"keyphrases":null,"primary_term":null,"canonical_url":null,"og_title":null,"og_description":null,"og_object_type":"default","og_image_type":"default","og_image_url":null,"og_image_width":null,"og_image_height":null,"og_image_custom_url":null,"og_image_custom_fields":null,"og_video":null,"og_custom_url":null,"og_article_section":null,"og_article_tags":null,"twitter_use_og":true,"twitter_card":"default","twitter_image_type":"default","twitter_image_url":null,"twitter_image_custom_url":null,"twitter_image_custom_fields":null,"twitter_title":null,"twitter_description":null,"schema":{"blockGraphs":[],"customGraphs":[],"default":{"data":{"Article":[],"Course":[],"Dataset":[],"FAQPage":[],"Movie":[],"Person":[],"Product":[],"ProductReview":[],"Car":[],"Recipe":[],"Service":[],"SoftwareApplication":[],"WebPage":[]},"graphName":"","isEnabled":true},"graphs":[],"defaultGraph":"","defaultPostTypeGraph":""},"schema_type":null,"schema_type_options":null,"pillar_content":false,"robots_default":true,"robots_noindex":false,"robots_noarchive":false,"robots_nosnippet":false,"robots_nofollow":false,"robots_noimageindex":false,"robots_noodp":false,"robots_notranslate":false,"robots_max_snippet":null,"robots_max_videopreview":null,"robots_max_imagepreview":"none","priority":null,"frequency":null,"local_seo":null,"seo_analyzer_scan_date":"2026-06-02 11:10:56","breadcrumb_settings":null,"limit_modified_date":false,"open_ai":null,"ai":null,"created":"2020-11-14 22:54:40","updated":"2026-06-02 11:10:56","focus_keyword":null,"additional_keywords":null,"truseo_locale":null},"aioseo_breadcrumb":"<div class=\"aioseo-breadcrumbs\"><span class=\"aioseo-breadcrumb\">\n\t<a href=\"https:\/\/www.eldigitaldeasturias.com\/noticias\" title=\"Home\">Home<\/a>\n<\/span><span class=\"aioseo-breadcrumb-separator\">\u2013<\/span><span class=\"aioseo-breadcrumb\">\n\t<a href=\"https:\/\/www.eldigitaldeasturias.com\/noticias\/category\/actualidad\/\" title=\"Actualidad\">Actualidad<\/a>\n<\/span><span class=\"aioseo-breadcrumb-separator\">\u2013<\/span><span class=\"aioseo-breadcrumb\">\n\t<a href=\"https:\/\/www.eldigitaldeasturias.com\/noticias\/el-rey-bromea-con-el-ministro-emirati-con-quien-sufrio-una-luxacion-en-2012\/\" title=\"El Rey bromea con el ministro emirat\u00ed con quien sufri\u00f3 una luxaci\u00f3n en 2012\">El Rey bromea con el ministro emirat\u00ed con quien sufri\u00f3 una luxaci\u00f3n en 2012<\/a>\n<\/span><\/div>","aioseo_breadcrumb_json":[{"label":"Home","link":"https:\/\/www.eldigitaldeasturias.com\/noticias"},{"label":"Actualidad","link":"https:\/\/www.eldigitaldeasturias.com\/noticias\/category\/actualidad\/"},{"label":"El Rey bromea con el ministro emirat\u00ed con quien sufri\u00f3 una luxaci\u00f3n en 2012","link":"https:\/\/www.eldigitaldeasturias.com\/noticias\/el-rey-bromea-con-el-ministro-emirati-con-quien-sufrio-una-luxacion-en-2012\/"}],"_links":{"self":[{"href":"https:\/\/www.eldigitaldeasturias.com\/noticias\/wp-json\/wp\/v2\/posts\/482882","targetHints":{"allow":["GET"]}}],"collection":[{"href":"https:\/\/www.eldigitaldeasturias.com\/noticias\/wp-json\/wp\/v2\/posts"}],"about":[{"href":"https:\/\/www.eldigitaldeasturias.com\/noticias\/wp-json\/wp\/v2\/types\/post"}],"author":[{"embeddable":true,"href":"https:\/\/www.eldigitaldeasturias.com\/noticias\/wp-json\/wp\/v2\/users\/1"}],"replies":[{"embeddable":true,"href":"https:\/\/www.eldigitaldeasturias.com\/noticias\/wp-json\/wp\/v2\/comments?post=482882"}],"version-history":[{"count":0,"href":"https:\/\/www.eldigitaldeasturias.com\/noticias\/wp-json\/wp\/v2\/posts\/482882\/revisions"}],"wp:attachment":[{"href":"https:\/\/www.eldigitaldeasturias.com\/noticias\/wp-json\/wp\/v2\/media?parent=482882"}],"wp:term":[{"taxonomy":"category","embeddable":true,"href":"https:\/\/www.eldigitaldeasturias.com\/noticias\/wp-json\/wp\/v2\/categories?post=482882"},{"taxonomy":"post_tag","embeddable":true,"href":"https:\/\/www.eldigitaldeasturias.com\/noticias\/wp-json\/wp\/v2\/tags?post=482882"}],"curies":[{"name":"wp","href":"https:\/\/api.w.org\/{rel}","templated":true}]}}