{"id":482810,"date":"2014-02-03T19:49:22","date_gmt":"2014-02-03T20:49:22","guid":{"rendered":"http:\/\/www.eldigitaldeasturias.com\/noticias\/?p=482810"},"modified":"2014-02-03T19:49:22","modified_gmt":"2014-02-03T20:49:22","slug":"seguimiento-total-de-la-primera-jornada-de-la-huelga-en-coca-cola-en-alicante","status":"publish","type":"post","link":"https:\/\/www.eldigitaldeasturias.com\/noticias\/seguimiento-total-de-la-primera-jornada-de-la-huelga-en-coca-cola-en-alicante\/","title":{"rendered":"Seguimiento total de la primera jornada de la huelga en Coca-Cola en Alicante"},"content":{"rendered":"<p><img loading=\"lazy\" decoding=\"async\" class=\"alignleft size-medium wp-image-482811\" alt=\"5903964w\" src=\"https:\/\/www.eldigitaldeasturias.com\/noticias\/wp-content\/uploads\/2014\/02\/5903964w-360x239.jpg\" width=\"360\" height=\"239\" \/>Alicante, 3 feb (EFE).- La totalidad de la plantilla de la planta de Coca-Cola en Alicante, una de las cuatro que la compa\u00f1\u00eda prev\u00e9 cerrar, ha secundado la huelga general indefinida iniciada hoy para propiciar que la direcci\u00f3n retire el Expediente de Regulaci\u00f3n de Empleo (ERE).<\/p>\n<p>El secretario general provincial de la Federaci\u00f3n Agroalimentaria de UGT, Joaqu\u00edn Gil, ha explicado a EFE que un grupo numeroso de trabajadores permanece a las puertas de la f\u00e1brica-embotelladora desde las 5.30 horas, sin que haya habido incidentes.<\/p>\n<p>Ha relatado que la empresa no ha abierto las puertas y que, por lo tanto, no ha habido actividad alguna en este complejo que da empleo a 160 personas, de las cuales 111 podr\u00edan ir a la calle y 49 ser recolocadas en otras provincias a partir del documento inicial del ERE.<\/p>\n<p>En torno a las 13.00 horas, los trabajadores han cortado durante unos minutos la carretera cercana, la antigua salida a Madrid.<\/p>\n<p>Gil ha se\u00f1alado que continuar\u00e1n con la huelga y que los trabajadores conf\u00edan en que haya un acercamiento entre las partes el pr\u00f3ximo d\u00eda 5, en una reuni\u00f3n en Madrid de la mesa negociadora del ERE.<\/p>\n<p>El sindicalista ha destacado el respaldo que reciben de la ciudadan\u00eda contra el cierre propuesto por Coca-Cola Iberian Partners, que afecta a las f\u00e1bricas de Alicante, Fuenlabrada (Madrid), Mallorca y Asturias.<\/p>\n<p>El pasado s\u00e1bado, los trabajadores organizaron una multitudinaria manifestaci\u00f3n entre la planta y el centro de la ciudad con el lema \u00abPor el empleo en Coca-Cola\u00bb.<\/p>\n","protected":false},"excerpt":{"rendered":"<p>Alicante, 3 feb (EFE).- La totalidad de la plantilla de la planta de Coca-Cola en Alicante, una de las cuatro que la compa\u00f1\u00eda prev\u00e9 cerrar, ha secundado la huelga general indefinida iniciada hoy para propiciar que la direcci\u00f3n retire el Expediente de Regulaci\u00f3n de Empleo (ERE). El secretario general provincial de la Federaci\u00f3n Agroalimentaria de [&hellip;]<\/p>\n","protected":false},"author":1,"featured_media":482811,"comment_status":"closed","ping_status":"open","sticky":false,"template":"","format":"standard","meta":{"footnotes":""},"categories":[1],"tags":[],"class_list":["post-482810","post","type-post","status-publish","format-standard","has-post-thumbnail","hentry","category-actualidad"],"aioseo_notices":[],"aioseo_head":"\n\t\t<!-- All in One SEO Pro 5.0.1 - aioseo.com -->\n\t<meta name=\"description\" content=\"Alicante, 3 feb (EFE).- La totalidad de la plantilla de la planta de Coca-Cola en Alicante, una de las cuatro que la compa\u00f1\u00eda prev\u00e9 cerrar, ha secundado la huelga general indefinida iniciada hoy para propiciar que la direcci\u00f3n retire el Expediente de Regulaci\u00f3n de Empleo (ERE). El secretario general provincial de la Federaci\u00f3n Agroalimentaria de\" \/>\n\t<meta name=\"robots\" content=\"max-image-preview:large\" \/>\n\t<meta name=\"author\" content=\"El Digital de Asturias\"\/>\n\t<meta name=\"google-site-verification\" content=\"UA-38556648-1\" \/>\n\t<meta name=\"msvalidate.01\" content=\"7dfe9f3f1b24437ab69f4f2559babe99\" \/>\n\t<meta name=\"keywords\" content=\"actualidad\" \/>\n\t<link rel=\"canonical\" href=\"https:\/\/www.eldigitaldeasturias.com\/noticias\/seguimiento-total-de-la-primera-jornada-de-la-huelga-en-coca-cola-en-alicante\/\" \/>\n\t<meta name=\"generator\" content=\"All in One SEO Pro (AIOSEO) 5.0.1\" \/>\n\t\t<meta property=\"og:locale\" content=\"es_ES\" \/>\n\t\t<meta property=\"og:site_name\" content=\"El Digital de Asturias\" \/>\n\t\t<meta property=\"og:type\" content=\"article\" \/>\n\t\t<meta property=\"og:title\" content=\"Seguimiento total de la primera jornada de la huelga en Coca-Cola en Alicante - El Digital de Asturias\" \/>\n\t\t<meta property=\"og:description\" content=\"Alicante, 3 feb (EFE).- La totalidad de la plantilla de la planta de Coca-Cola en Alicante, una de las cuatro que la compa\u00f1\u00eda prev\u00e9 cerrar, ha secundado la huelga general indefinida iniciada hoy para propiciar que la direcci\u00f3n retire el Expediente de Regulaci\u00f3n de Empleo (ERE). El secretario general provincial de la Federaci\u00f3n Agroalimentaria de\" \/>\n\t\t<meta property=\"og:url\" content=\"https:\/\/www.eldigitaldeasturias.com\/noticias\/seguimiento-total-de-la-primera-jornada-de-la-huelga-en-coca-cola-en-alicante\/\" \/>\n\t\t<meta property=\"article:tag\" content=\"actualidad\" \/>\n\t\t<meta property=\"article:published_time\" content=\"2014-02-03T20:49:22+00:00\" \/>\n\t\t<meta property=\"article:modified_time\" content=\"2014-02-03T20:49:22+00:00\" \/>\n\t\t<meta property=\"article:publisher\" content=\"https:\/\/facebook.com\/eldigitaldeasturias\" \/>\n\t\t<meta name=\"twitter:card\" content=\"summary_large_image\" \/>\n\t\t<meta name=\"twitter:title\" content=\"Seguimiento total de la primera jornada de la huelga en Coca-Cola en Alicante - El Digital de Asturias\" \/>\n\t\t<meta name=\"twitter:description\" content=\"Alicante, 3 feb (EFE).- La totalidad de la plantilla de la planta de Coca-Cola en Alicante, una de las cuatro que la compa\u00f1\u00eda prev\u00e9 cerrar, ha secundado la huelga general indefinida iniciada hoy para propiciar que la direcci\u00f3n retire el Expediente de Regulaci\u00f3n de Empleo (ERE). El secretario general provincial de la Federaci\u00f3n Agroalimentaria de\" \/>\n\t\t<meta name=\"twitter:label1\" content=\"Escrito por\" \/>\n\t\t<meta name=\"twitter:data1\" content=\"El Digital de Asturias\" \/>\n\t\t<meta name=\"twitter:label2\" content=\"Tiempo de lectura estimado\" \/>\n\t\t<meta name=\"twitter:data2\" content=\"1 minuto\" \/>\n\t\t<script type=\"application\/ld+json\" class=\"aioseo-schema\">\n\t\t\t{\"@context\":\"https:\\\/\\\/schema.org\",\"@graph\":[{\"@type\":\"BlogPosting\",\"@id\":\"https:\\\/\\\/www.eldigitaldeasturias.com\\\/noticias\\\/seguimiento-total-de-la-primera-jornada-de-la-huelga-en-coca-cola-en-alicante\\\/#blogposting\",\"name\":\"Seguimiento total de la primera jornada de la huelga en Coca-Cola en Alicante - El Digital de Asturias\",\"headline\":\"Seguimiento total de la primera jornada de la huelga en Coca-Cola en Alicante\",\"author\":{\"@id\":\"https:\\\/\\\/www.eldigitaldeasturias.com\\\/noticias\\\/author\\\/admin\\\/#author\"},\"publisher\":{\"@id\":\"https:\\\/\\\/www.eldigitaldeasturias.com\\\/noticias\\\/#organization\"},\"image\":{\"@type\":\"ImageObject\",\"url\":482811},\"datePublished\":\"2014-02-03T19:49:22+01:00\",\"dateModified\":\"2014-02-03T19:49:22+01:00\",\"inLanguage\":\"es-ES\",\"mainEntityOfPage\":{\"@id\":\"https:\\\/\\\/www.eldigitaldeasturias.com\\\/noticias\\\/seguimiento-total-de-la-primera-jornada-de-la-huelga-en-coca-cola-en-alicante\\\/#webpage\"},\"isPartOf\":{\"@id\":\"https:\\\/\\\/www.eldigitaldeasturias.com\\\/noticias\\\/seguimiento-total-de-la-primera-jornada-de-la-huelga-en-coca-cola-en-alicante\\\/#webpage\"},\"articleSection\":\"Actualidad\"},{\"@type\":\"BreadcrumbList\",\"@id\":\"https:\\\/\\\/www.eldigitaldeasturias.com\\\/noticias\\\/seguimiento-total-de-la-primera-jornada-de-la-huelga-en-coca-cola-en-alicante\\\/#breadcrumblist\",\"itemListElement\":[{\"@type\":\"ListItem\",\"@id\":\"https:\\\/\\\/www.eldigitaldeasturias.com\\\/noticias#listItem\",\"position\":1,\"name\":\"Home\",\"item\":\"https:\\\/\\\/www.eldigitaldeasturias.com\\\/noticias\",\"nextItem\":{\"@type\":\"ListItem\",\"@id\":\"https:\\\/\\\/www.eldigitaldeasturias.com\\\/noticias\\\/category\\\/actualidad\\\/#listItem\",\"name\":\"Actualidad\"}},{\"@type\":\"ListItem\",\"@id\":\"https:\\\/\\\/www.eldigitaldeasturias.com\\\/noticias\\\/category\\\/actualidad\\\/#listItem\",\"position\":2,\"name\":\"Actualidad\",\"item\":\"https:\\\/\\\/www.eldigitaldeasturias.com\\\/noticias\\\/category\\\/actualidad\\\/\",\"nextItem\":{\"@type\":\"ListItem\",\"@id\":\"https:\\\/\\\/www.eldigitaldeasturias.com\\\/noticias\\\/seguimiento-total-de-la-primera-jornada-de-la-huelga-en-coca-cola-en-alicante\\\/#listItem\",\"name\":\"Seguimiento total de la primera jornada de la huelga en Coca-Cola en Alicante\"},\"previousItem\":{\"@type\":\"ListItem\",\"@id\":\"https:\\\/\\\/www.eldigitaldeasturias.com\\\/noticias#listItem\",\"name\":\"Home\"}},{\"@type\":\"ListItem\",\"@id\":\"https:\\\/\\\/www.eldigitaldeasturias.com\\\/noticias\\\/seguimiento-total-de-la-primera-jornada-de-la-huelga-en-coca-cola-en-alicante\\\/#listItem\",\"position\":3,\"name\":\"Seguimiento total de la primera jornada de la huelga en Coca-Cola en Alicante\",\"previousItem\":{\"@type\":\"ListItem\",\"@id\":\"https:\\\/\\\/www.eldigitaldeasturias.com\\\/noticias\\\/category\\\/actualidad\\\/#listItem\",\"name\":\"Actualidad\"}}]},{\"@type\":\"Organization\",\"@id\":\"https:\\\/\\\/www.eldigitaldeasturias.com\\\/noticias\\\/#organization\",\"name\":\"El Digital de Asturias\",\"description\":\"Hemeroteca\",\"url\":\"https:\\\/\\\/www.eldigitaldeasturias.com\\\/noticias\\\/\",\"email\":\"info@eldigitaldeasturias.com\",\"telephone\":\"+34652131393\",\"logo\":{\"@type\":\"ImageObject\",\"url\":\"https:\\\/\\\/www.eldigitaldeasturias.com\\\/noticias\\\/wp-content\\\/uploads\\\/2020\\\/12\\\/EDA.jpg\",\"@id\":\"https:\\\/\\\/www.eldigitaldeasturias.com\\\/noticias\\\/seguimiento-total-de-la-primera-jornada-de-la-huelga-en-coca-cola-en-alicante\\\/#organizationLogo\"},\"image\":{\"@id\":\"https:\\\/\\\/www.eldigitaldeasturias.com\\\/noticias\\\/seguimiento-total-de-la-primera-jornada-de-la-huelga-en-coca-cola-en-alicante\\\/#organizationLogo\"},\"sameAs\":[\"https:\\\/\\\/facebook.com\\\/eldigitaldeasturias\",\"https:\\\/\\\/www.youtube.com\\\/channel\\\/UCZP-2wLEB9Rv6erhFmqVnvg\"],\"address\":{\"@id\":\"https:\\\/\\\/www.eldigitaldeasturias.com\\\/noticias\\\/#postaladdress\",\"@type\":\"PostalAddress\",\"streetAddress\":\"san antonio 4\",\"postalCode\":\"33430\",\"addressLocality\":\"Cand\\u00e1s\",\"addressRegion\":\"Asturias\",\"addressCountry\":\"ES\"}},{\"@type\":\"Person\",\"@id\":\"https:\\\/\\\/www.eldigitaldeasturias.com\\\/noticias\\\/author\\\/admin\\\/#author\",\"url\":\"https:\\\/\\\/www.eldigitaldeasturias.com\\\/noticias\\\/author\\\/admin\\\/\",\"name\":\"El Digital de Asturias\",\"image\":{\"@type\":\"ImageObject\",\"@id\":\"https:\\\/\\\/www.eldigitaldeasturias.com\\\/noticias\\\/seguimiento-total-de-la-primera-jornada-de-la-huelga-en-coca-cola-en-alicante\\\/#authorImage\",\"url\":\"https:\\\/\\\/secure.gravatar.com\\\/avatar\\\/df2aeffc32bcd13f8d26072ef8a91b623d677766deac7f97ca815868cd41bf5e?s=96&d=mm&r=g\",\"width\":96,\"height\":96,\"caption\":\"El Digital de Asturias\"}},{\"@type\":\"WebPage\",\"@id\":\"https:\\\/\\\/www.eldigitaldeasturias.com\\\/noticias\\\/seguimiento-total-de-la-primera-jornada-de-la-huelga-en-coca-cola-en-alicante\\\/#webpage\",\"url\":\"https:\\\/\\\/www.eldigitaldeasturias.com\\\/noticias\\\/seguimiento-total-de-la-primera-jornada-de-la-huelga-en-coca-cola-en-alicante\\\/\",\"name\":\"Seguimiento total de la primera jornada de la huelga en Coca-Cola en Alicante - El Digital de Asturias\",\"description\":\"Alicante, 3 feb (EFE).- La totalidad de la plantilla de la planta de Coca-Cola en Alicante, una de las cuatro que la compa\\u00f1\\u00eda prev\\u00e9 cerrar, ha secundado la huelga general indefinida iniciada hoy para propiciar que la direcci\\u00f3n retire el Expediente de Regulaci\\u00f3n de Empleo (ERE). El secretario general provincial de la Federaci\\u00f3n Agroalimentaria de\",\"inLanguage\":\"es-ES\",\"isPartOf\":{\"@id\":\"https:\\\/\\\/www.eldigitaldeasturias.com\\\/noticias\\\/#website\"},\"breadcrumb\":{\"@id\":\"https:\\\/\\\/www.eldigitaldeasturias.com\\\/noticias\\\/seguimiento-total-de-la-primera-jornada-de-la-huelga-en-coca-cola-en-alicante\\\/#breadcrumblist\"},\"author\":{\"@id\":\"https:\\\/\\\/www.eldigitaldeasturias.com\\\/noticias\\\/author\\\/admin\\\/#author\"},\"creator\":{\"@id\":\"https:\\\/\\\/www.eldigitaldeasturias.com\\\/noticias\\\/author\\\/admin\\\/#author\"},\"image\":{\"@type\":\"ImageObject\",\"url\":482811,\"@id\":\"https:\\\/\\\/www.eldigitaldeasturias.com\\\/noticias\\\/seguimiento-total-de-la-primera-jornada-de-la-huelga-en-coca-cola-en-alicante\\\/#mainImage\"},\"primaryImageOfPage\":{\"@id\":\"https:\\\/\\\/www.eldigitaldeasturias.com\\\/noticias\\\/seguimiento-total-de-la-primera-jornada-de-la-huelga-en-coca-cola-en-alicante\\\/#mainImage\"},\"datePublished\":\"2014-02-03T19:49:22+01:00\",\"dateModified\":\"2014-02-03T19:49:22+01:00\"},{\"@type\":\"WebSite\",\"@id\":\"https:\\\/\\\/www.eldigitaldeasturias.com\\\/noticias\\\/#website\",\"url\":\"https:\\\/\\\/www.eldigitaldeasturias.com\\\/noticias\\\/\",\"name\":\"El Digital de Asturias - Diario de actualidad y noticias\",\"alternateName\":\"El Digital de Asturias - Diario de actualidad y noticias\",\"description\":\"Hemeroteca\",\"inLanguage\":\"es-ES\",\"publisher\":{\"@id\":\"https:\\\/\\\/www.eldigitaldeasturias.com\\\/noticias\\\/#organization\"}}]}\n\t\t<\/script>\n\t\t<!-- All in One SEO Pro -->\r\n\t\t<title>Seguimiento total de la primera jornada de la huelga en Coca-Cola en Alicante - El Digital de Asturias<\/title>\n\n","aioseo_head_json":{"title":"Seguimiento total de la primera jornada de la huelga en Coca-Cola en Alicante - El Digital de Asturias","description":"Alicante, 3 feb (EFE).- La totalidad de la plantilla de la planta de Coca-Cola en Alicante, una de las cuatro que la compa\u00f1\u00eda prev\u00e9 cerrar, ha secundado la huelga general indefinida iniciada hoy para propiciar que la direcci\u00f3n retire el Expediente de Regulaci\u00f3n de Empleo (ERE). El secretario general provincial de la Federaci\u00f3n Agroalimentaria de","canonical_url":"https:\/\/www.eldigitaldeasturias.com\/noticias\/seguimiento-total-de-la-primera-jornada-de-la-huelga-en-coca-cola-en-alicante\/","robots":"max-image-preview:large","keywords":"actualidad","webmasterTools":{"google-site-verification":"UA-38556648-1","msvalidate.01":"7dfe9f3f1b24437ab69f4f2559babe99","miscellaneous":""},"schema":{"@context":"https:\/\/schema.org","@graph":[{"@type":"BlogPosting","@id":"https:\/\/www.eldigitaldeasturias.com\/noticias\/seguimiento-total-de-la-primera-jornada-de-la-huelga-en-coca-cola-en-alicante\/#blogposting","name":"Seguimiento total de la primera jornada de la huelga en Coca-Cola en Alicante - El Digital de Asturias","headline":"Seguimiento total de la primera jornada de la huelga en Coca-Cola en Alicante","author":{"@id":"https:\/\/www.eldigitaldeasturias.com\/noticias\/author\/admin\/#author"},"publisher":{"@id":"https:\/\/www.eldigitaldeasturias.com\/noticias\/#organization"},"image":{"@type":"ImageObject","url":482811},"datePublished":"2014-02-03T19:49:22+01:00","dateModified":"2014-02-03T19:49:22+01:00","inLanguage":"es-ES","mainEntityOfPage":{"@id":"https:\/\/www.eldigitaldeasturias.com\/noticias\/seguimiento-total-de-la-primera-jornada-de-la-huelga-en-coca-cola-en-alicante\/#webpage"},"isPartOf":{"@id":"https:\/\/www.eldigitaldeasturias.com\/noticias\/seguimiento-total-de-la-primera-jornada-de-la-huelga-en-coca-cola-en-alicante\/#webpage"},"articleSection":"Actualidad"},{"@type":"BreadcrumbList","@id":"https:\/\/www.eldigitaldeasturias.com\/noticias\/seguimiento-total-de-la-primera-jornada-de-la-huelga-en-coca-cola-en-alicante\/#breadcrumblist","itemListElement":[{"@type":"ListItem","@id":"https:\/\/www.eldigitaldeasturias.com\/noticias#listItem","position":1,"name":"Home","item":"https:\/\/www.eldigitaldeasturias.com\/noticias","nextItem":{"@type":"ListItem","@id":"https:\/\/www.eldigitaldeasturias.com\/noticias\/category\/actualidad\/#listItem","name":"Actualidad"}},{"@type":"ListItem","@id":"https:\/\/www.eldigitaldeasturias.com\/noticias\/category\/actualidad\/#listItem","position":2,"name":"Actualidad","item":"https:\/\/www.eldigitaldeasturias.com\/noticias\/category\/actualidad\/","nextItem":{"@type":"ListItem","@id":"https:\/\/www.eldigitaldeasturias.com\/noticias\/seguimiento-total-de-la-primera-jornada-de-la-huelga-en-coca-cola-en-alicante\/#listItem","name":"Seguimiento total de la primera jornada de la huelga en Coca-Cola en Alicante"},"previousItem":{"@type":"ListItem","@id":"https:\/\/www.eldigitaldeasturias.com\/noticias#listItem","name":"Home"}},{"@type":"ListItem","@id":"https:\/\/www.eldigitaldeasturias.com\/noticias\/seguimiento-total-de-la-primera-jornada-de-la-huelga-en-coca-cola-en-alicante\/#listItem","position":3,"name":"Seguimiento total de la primera jornada de la huelga en Coca-Cola en Alicante","previousItem":{"@type":"ListItem","@id":"https:\/\/www.eldigitaldeasturias.com\/noticias\/category\/actualidad\/#listItem","name":"Actualidad"}}]},{"@type":"Organization","@id":"https:\/\/www.eldigitaldeasturias.com\/noticias\/#organization","name":"El Digital de Asturias","description":"Hemeroteca","url":"https:\/\/www.eldigitaldeasturias.com\/noticias\/","email":"info@eldigitaldeasturias.com","telephone":"+34652131393","logo":{"@type":"ImageObject","url":"https:\/\/www.eldigitaldeasturias.com\/noticias\/wp-content\/uploads\/2020\/12\/EDA.jpg","@id":"https:\/\/www.eldigitaldeasturias.com\/noticias\/seguimiento-total-de-la-primera-jornada-de-la-huelga-en-coca-cola-en-alicante\/#organizationLogo"},"image":{"@id":"https:\/\/www.eldigitaldeasturias.com\/noticias\/seguimiento-total-de-la-primera-jornada-de-la-huelga-en-coca-cola-en-alicante\/#organizationLogo"},"sameAs":["https:\/\/facebook.com\/eldigitaldeasturias","https:\/\/www.youtube.com\/channel\/UCZP-2wLEB9Rv6erhFmqVnvg"],"address":{"@id":"https:\/\/www.eldigitaldeasturias.com\/noticias\/#postaladdress","@type":"PostalAddress","streetAddress":"san antonio 4","postalCode":"33430","addressLocality":"Cand\u00e1s","addressRegion":"Asturias","addressCountry":"ES"}},{"@type":"Person","@id":"https:\/\/www.eldigitaldeasturias.com\/noticias\/author\/admin\/#author","url":"https:\/\/www.eldigitaldeasturias.com\/noticias\/author\/admin\/","name":"El Digital de Asturias","image":{"@type":"ImageObject","@id":"https:\/\/www.eldigitaldeasturias.com\/noticias\/seguimiento-total-de-la-primera-jornada-de-la-huelga-en-coca-cola-en-alicante\/#authorImage","url":"https:\/\/secure.gravatar.com\/avatar\/df2aeffc32bcd13f8d26072ef8a91b623d677766deac7f97ca815868cd41bf5e?s=96&d=mm&r=g","width":96,"height":96,"caption":"El Digital de Asturias"}},{"@type":"WebPage","@id":"https:\/\/www.eldigitaldeasturias.com\/noticias\/seguimiento-total-de-la-primera-jornada-de-la-huelga-en-coca-cola-en-alicante\/#webpage","url":"https:\/\/www.eldigitaldeasturias.com\/noticias\/seguimiento-total-de-la-primera-jornada-de-la-huelga-en-coca-cola-en-alicante\/","name":"Seguimiento total de la primera jornada de la huelga en Coca-Cola en Alicante - El Digital de Asturias","description":"Alicante, 3 feb (EFE).- La totalidad de la plantilla de la planta de Coca-Cola en Alicante, una de las cuatro que la compa\u00f1\u00eda prev\u00e9 cerrar, ha secundado la huelga general indefinida iniciada hoy para propiciar que la direcci\u00f3n retire el Expediente de Regulaci\u00f3n de Empleo (ERE). El secretario general provincial de la Federaci\u00f3n Agroalimentaria de","inLanguage":"es-ES","isPartOf":{"@id":"https:\/\/www.eldigitaldeasturias.com\/noticias\/#website"},"breadcrumb":{"@id":"https:\/\/www.eldigitaldeasturias.com\/noticias\/seguimiento-total-de-la-primera-jornada-de-la-huelga-en-coca-cola-en-alicante\/#breadcrumblist"},"author":{"@id":"https:\/\/www.eldigitaldeasturias.com\/noticias\/author\/admin\/#author"},"creator":{"@id":"https:\/\/www.eldigitaldeasturias.com\/noticias\/author\/admin\/#author"},"image":{"@type":"ImageObject","url":482811,"@id":"https:\/\/www.eldigitaldeasturias.com\/noticias\/seguimiento-total-de-la-primera-jornada-de-la-huelga-en-coca-cola-en-alicante\/#mainImage"},"primaryImageOfPage":{"@id":"https:\/\/www.eldigitaldeasturias.com\/noticias\/seguimiento-total-de-la-primera-jornada-de-la-huelga-en-coca-cola-en-alicante\/#mainImage"},"datePublished":"2014-02-03T19:49:22+01:00","dateModified":"2014-02-03T19:49:22+01:00"},{"@type":"WebSite","@id":"https:\/\/www.eldigitaldeasturias.com\/noticias\/#website","url":"https:\/\/www.eldigitaldeasturias.com\/noticias\/","name":"El Digital de Asturias - Diario de actualidad y noticias","alternateName":"El Digital de Asturias - Diario de actualidad y noticias","description":"Hemeroteca","inLanguage":"es-ES","publisher":{"@id":"https:\/\/www.eldigitaldeasturias.com\/noticias\/#organization"}}]},"og:locale":"es_ES","og:site_name":"El Digital de Asturias","og:type":"article","og:title":"Seguimiento total de la primera jornada de la huelga en Coca-Cola en Alicante - El Digital de Asturias","og:description":"Alicante, 3 feb (EFE).- La totalidad de la plantilla de la planta de Coca-Cola en Alicante, una de las cuatro que la compa\u00f1\u00eda prev\u00e9 cerrar, ha secundado la huelga general indefinida iniciada hoy para propiciar que la direcci\u00f3n retire el Expediente de Regulaci\u00f3n de Empleo (ERE). El secretario general provincial de la Federaci\u00f3n Agroalimentaria de","og:url":"https:\/\/www.eldigitaldeasturias.com\/noticias\/seguimiento-total-de-la-primera-jornada-de-la-huelga-en-coca-cola-en-alicante\/","article:tag":["actualidad"],"article:published_time":"2014-02-03T20:49:22+00:00","article:modified_time":"2014-02-03T20:49:22+00:00","article:publisher":"https:\/\/facebook.com\/eldigitaldeasturias","twitter:card":"summary_large_image","twitter:title":"Seguimiento total de la primera jornada de la huelga en Coca-Cola en Alicante - El Digital de Asturias","twitter:description":"Alicante, 3 feb (EFE).- La totalidad de la plantilla de la planta de Coca-Cola en Alicante, una de las cuatro que la compa\u00f1\u00eda prev\u00e9 cerrar, ha secundado la huelga general indefinida iniciada hoy para propiciar que la direcci\u00f3n retire el Expediente de Regulaci\u00f3n de Empleo (ERE). El secretario general provincial de la Federaci\u00f3n Agroalimentaria de","twitter:label1":"Escrito por","twitter:data1":"El Digital de Asturias","twitter:label2":"Tiempo de lectura estimado","twitter:data2":"1 minuto"},"aioseo_meta_data":{"post_id":"482810","title":null,"description":null,"keywords":null,"keyphrases":null,"primary_term":null,"canonical_url":null,"og_title":null,"og_description":null,"og_object_type":"default","og_image_type":"default","og_image_url":null,"og_image_width":null,"og_image_height":null,"og_image_custom_url":null,"og_image_custom_fields":null,"og_video":null,"og_custom_url":null,"og_article_section":null,"og_article_tags":null,"twitter_use_og":true,"twitter_card":"default","twitter_image_type":"default","twitter_image_url":null,"twitter_image_custom_url":null,"twitter_image_custom_fields":null,"twitter_title":null,"twitter_description":null,"schema":{"blockGraphs":[],"customGraphs":[],"default":{"data":{"Article":[],"Course":[],"Dataset":[],"FAQPage":[],"Movie":[],"Person":[],"Product":[],"ProductReview":[],"Car":[],"Recipe":[],"Service":[],"SoftwareApplication":[],"WebPage":[]},"graphName":"","isEnabled":true},"graphs":[],"defaultGraph":"","defaultPostTypeGraph":""},"schema_type":null,"schema_type_options":null,"pillar_content":false,"robots_default":true,"robots_noindex":false,"robots_noarchive":false,"robots_nosnippet":false,"robots_nofollow":false,"robots_noimageindex":false,"robots_noodp":false,"robots_notranslate":false,"robots_max_snippet":null,"robots_max_videopreview":null,"robots_max_imagepreview":"none","priority":null,"frequency":null,"local_seo":null,"seo_analyzer_scan_date":"2026-06-02 10:58:50","breadcrumb_settings":null,"limit_modified_date":false,"open_ai":null,"ai":null,"created":"2020-11-14 22:54:40","updated":"2026-06-02 10:58:50","focus_keyword":null,"additional_keywords":null,"truseo_locale":null},"aioseo_breadcrumb":"<div class=\"aioseo-breadcrumbs\"><span class=\"aioseo-breadcrumb\">\n\t<a href=\"https:\/\/www.eldigitaldeasturias.com\/noticias\" title=\"Home\">Home<\/a>\n<\/span><span class=\"aioseo-breadcrumb-separator\">\u2013<\/span><span class=\"aioseo-breadcrumb\">\n\t<a href=\"https:\/\/www.eldigitaldeasturias.com\/noticias\/category\/actualidad\/\" title=\"Actualidad\">Actualidad<\/a>\n<\/span><span class=\"aioseo-breadcrumb-separator\">\u2013<\/span><span class=\"aioseo-breadcrumb\">\n\t<a href=\"https:\/\/www.eldigitaldeasturias.com\/noticias\/seguimiento-total-de-la-primera-jornada-de-la-huelga-en-coca-cola-en-alicante\/\" title=\"Seguimiento total de la primera jornada de la huelga en Coca-Cola en Alicante\">Seguimiento total de la primera jornada de la huelga en Coca-Cola en Alicante<\/a>\n<\/span><\/div>","aioseo_breadcrumb_json":[{"label":"Home","link":"https:\/\/www.eldigitaldeasturias.com\/noticias"},{"label":"Actualidad","link":"https:\/\/www.eldigitaldeasturias.com\/noticias\/category\/actualidad\/"},{"label":"Seguimiento total de la primera jornada de la huelga en Coca-Cola en Alicante","link":"https:\/\/www.eldigitaldeasturias.com\/noticias\/seguimiento-total-de-la-primera-jornada-de-la-huelga-en-coca-cola-en-alicante\/"}],"_links":{"self":[{"href":"https:\/\/www.eldigitaldeasturias.com\/noticias\/wp-json\/wp\/v2\/posts\/482810","targetHints":{"allow":["GET"]}}],"collection":[{"href":"https:\/\/www.eldigitaldeasturias.com\/noticias\/wp-json\/wp\/v2\/posts"}],"about":[{"href":"https:\/\/www.eldigitaldeasturias.com\/noticias\/wp-json\/wp\/v2\/types\/post"}],"author":[{"embeddable":true,"href":"https:\/\/www.eldigitaldeasturias.com\/noticias\/wp-json\/wp\/v2\/users\/1"}],"replies":[{"embeddable":true,"href":"https:\/\/www.eldigitaldeasturias.com\/noticias\/wp-json\/wp\/v2\/comments?post=482810"}],"version-history":[{"count":0,"href":"https:\/\/www.eldigitaldeasturias.com\/noticias\/wp-json\/wp\/v2\/posts\/482810\/revisions"}],"wp:attachment":[{"href":"https:\/\/www.eldigitaldeasturias.com\/noticias\/wp-json\/wp\/v2\/media?parent=482810"}],"wp:term":[{"taxonomy":"category","embeddable":true,"href":"https:\/\/www.eldigitaldeasturias.com\/noticias\/wp-json\/wp\/v2\/categories?post=482810"},{"taxonomy":"post_tag","embeddable":true,"href":"https:\/\/www.eldigitaldeasturias.com\/noticias\/wp-json\/wp\/v2\/tags?post=482810"}],"curies":[{"name":"wp","href":"https:\/\/api.w.org\/{rel}","templated":true}]}}