{"id":482801,"date":"2014-02-03T19:44:39","date_gmt":"2014-02-03T20:44:39","guid":{"rendered":"http:\/\/www.eldigitaldeasturias.com\/noticias\/?p=482801"},"modified":"2014-02-03T19:44:39","modified_gmt":"2014-02-03T20:44:39","slug":"los-salarios-bajaron-un-10-por-ciento-de-media-desde-el-inicio-de-la-reforma-laboral","status":"publish","type":"post","link":"https:\/\/www.eldigitaldeasturias.com\/noticias\/los-salarios-bajaron-un-10-por-ciento-de-media-desde-el-inicio-de-la-reforma-laboral\/","title":{"rendered":"Los salarios bajaron un 10 por ciento de media desde el inicio de la reforma laboral"},"content":{"rendered":"<p><img loading=\"lazy\" decoding=\"async\" class=\"alignleft size-medium wp-image-482802\" alt=\"5903590w\" src=\"https:\/\/www.eldigitaldeasturias.com\/noticias\/wp-content\/uploads\/2014\/02\/5903590w-360x236.jpg\" width=\"360\" height=\"236\" \/>Madrid, 3 feb (EFE).- Los salarios se han reducido un 10 % de media desde el inicio de la reforma laboral hace ahora dos a\u00f1os, seg\u00fan los resultados del tercer Observatorio de Seguimiento de esta reforma, presentado hoy y procedentes de 200 encuestas a otras tantas empresas, en su mayor\u00eda con m\u00e1s de 50 empleados.<\/p>\n<p>El tercer Observatorio, puesto en marcha por el Club de Excelencia en Sostenibilidad, la Fundaci\u00f3n Sagardoy y Adecco, tambi\u00e9n ha estimado en 26 d\u00edas la media de indemnizaciones por despidos colectivos procedentes.<\/p>\n<p>Seg\u00fan ha expuesto, en rueda de prensa, el director de Relaciones Laborales de la Fundaci\u00f3n Sagardoy, Jes\u00fas Mercader, \u00abestos datos demuestran que las indemnizaciones abonadas se est\u00e1n reduciendo en l\u00ednea con los objetivos de la reforma laboral si bien siguen siendo superiores a los 20 d\u00edas previstos para el despido procedente\u00bb.<\/p>\n<p>Por su parte, el responsable del Club de Excelencia Juan Alfaro y el secretario general de Adecco, Santiago Soler, han se\u00f1alado que aunque la reforma \u00abva bien\u00bb y las grandes empresas han hecho sus ajustes, \u00abhay que seguir trabajando y seguir haciendo retoques\u00bb.<\/p>\n<p>El Observatorio tambi\u00e9n ha puesto de manifiesto un ligero aumento de las contrataciones a tiempo parcial y del contrato de formaci\u00f3n y aprendizaje, especialmente en las firmas de mayor tama\u00f1o. As\u00ed las compa\u00f1\u00edas con m\u00e1s de 50 empleados han duplicado esta \u00faltima modalidad de contrato, pasando del 8,1 % al 16,6 %.<\/p>\n<p>Mercader ha explicado que el Observatorio ha evidenciado \u00abuna reducci\u00f3n en el n\u00famero de empresas que no han realizado ning\u00fan ajuste en su plantilla o en las condiciones de trabajo\u00bb y ha precisado que se ha pasado del 28 % al 23,8 %.<\/p>\n<p>Respecto a la media de indemnizaciones que se sit\u00faa en 26 d\u00edas, Mercader ha explicitado que s\u00f3lo en el 10,6 % de los casos se ha abonado la indemnizaci\u00f3n legal de 20 d\u00edas.<\/p>\n<p>Este experto en Relaciones Laborales ha avanzado que el bar\u00f3metro evidencia un mayor recurso a las Empresas de Trabajo Temporal (ETT) y, de hecho, la mitad de las compa\u00f1\u00edas encuestadas han contratado o piensan hacerlo a trav\u00e9s de las ETT.<\/p>\n<p>Mercader ha subrayado que los resultados demuestran que las empresas que han necesitado despedir por razones objetivas han acompa\u00f1ado estas medidas de otras de flexibilidad interna, como la movilidad funcional o el tiempo de trabajo.<\/p>\n<p>De las empresas encuestadas, casi un tercio ha reducido la jornada por debajo del 15 % de las horas totales, atendiendo al art\u00edculo 34.2 del Estatuto de los Trabajadores.<\/p>\n<p>Adem\u00e1s, ha informado de que, seg\u00fan este bar\u00f3metro, los despidos colectivos \u00absiguen siendo notablemente menos frecuentes que los despidos de car\u00e1cter individual, representando s\u00f3lo el 24 % del total\u00bb.<\/p>\n<p>El Observatorio ha corroborado que los despidos siguen respondiendo, en su mayor\u00eda, a razones econ\u00f3micas, t\u00e9cnicas, organizativas o de producci\u00f3n.<\/p>\n<p>As\u00ed, el 77 % de las empresas que despiden por razones objetivas utilizan otras medidas de ajuste y el 34 % combina acciones de flexibilidad externa e interna, mientras que un 35 % recurre a medidas que no afectan a la cantidad de trabajo.<\/p>\n<p>En la rueda de prensa, el secretario general de Adecco ha hecho hincapi\u00e9 en que \u00ablos grandes bloques de la reforma se van cumpliendo\u00bb y ha destacado, por ejemplo, \u00abel cap\u00edtulo de la flexibilidad y la moderaci\u00f3n salarial\u00bb.<\/p>\n<p>Soler ha puesto de relieve que \u00ablos ajustes fuertes ya se han hecho y la reforma cumple, en general, sus objetivos\u00bb si bien ha admitido que las reformas laborales no generan empleo \u00aby s\u00ed suponen palancas que ayudan a dinamizar los cambios fruto de c\u00f3mo va la evoluci\u00f3n de la econom\u00eda\u00bb.<\/p>\n<p>En este contexto, Soler ha reiterado que \u00abuna reforma \u00fanica y exclusiva no ayudar\u00e1 a solucionar el problema\u00bb y ha abogado por \u00abretoques continuos y un futuro de reformas m\u00e1s gordas\u00bb.<\/p>\n<p>Soler ha puesto el foco sobre las pol\u00edticas de empleo y ha apelado a \u00abredefinir\u00bb el sistema, dinamizar el empleo joven y abrir una reflexi\u00f3n sobre el sistema de formaci\u00f3n, \u00abque dista mucho de lo que las empresas necesitan\u00bb.<\/p>\n","protected":false},"excerpt":{"rendered":"<p>Madrid, 3 feb (EFE).- Los salarios se han reducido un 10 % de media desde el inicio de la reforma laboral hace ahora dos a\u00f1os, seg\u00fan los resultados del tercer Observatorio de Seguimiento de esta reforma, presentado hoy y procedentes de 200 encuestas a otras tantas empresas, en su mayor\u00eda con m\u00e1s de 50 empleados. [&hellip;]<\/p>\n","protected":false},"author":1,"featured_media":482802,"comment_status":"closed","ping_status":"open","sticky":false,"template":"","format":"standard","meta":{"footnotes":""},"categories":[1],"tags":[],"class_list":["post-482801","post","type-post","status-publish","format-standard","has-post-thumbnail","hentry","category-actualidad"],"aioseo_notices":[],"aioseo_head":"\n\t\t<!-- All in One SEO Pro 5.0.1 - aioseo.com -->\n\t<meta name=\"description\" content=\"Madrid, 3 feb (EFE).- Los salarios se han reducido un 10 % de media desde el inicio de la reforma laboral hace ahora dos a\u00f1os, seg\u00fan los resultados del tercer Observatorio de Seguimiento de esta reforma, presentado hoy y procedentes de 200 encuestas a otras tantas empresas, en su mayor\u00eda con m\u00e1s de 50 empleados.\" \/>\n\t<meta name=\"robots\" content=\"max-image-preview:large\" \/>\n\t<meta name=\"author\" content=\"El Digital de Asturias\"\/>\n\t<meta name=\"google-site-verification\" content=\"UA-38556648-1\" \/>\n\t<meta name=\"msvalidate.01\" content=\"7dfe9f3f1b24437ab69f4f2559babe99\" \/>\n\t<meta name=\"keywords\" content=\"actualidad\" \/>\n\t<link rel=\"canonical\" href=\"https:\/\/www.eldigitaldeasturias.com\/noticias\/los-salarios-bajaron-un-10-por-ciento-de-media-desde-el-inicio-de-la-reforma-laboral\/\" \/>\n\t<meta name=\"generator\" content=\"All in One SEO Pro (AIOSEO) 5.0.1\" \/>\n\t\t<meta property=\"og:locale\" content=\"es_ES\" \/>\n\t\t<meta property=\"og:site_name\" content=\"El Digital de Asturias\" \/>\n\t\t<meta property=\"og:type\" content=\"article\" \/>\n\t\t<meta property=\"og:title\" content=\"Los salarios bajaron un 10 por ciento de media desde el inicio de la reforma laboral - El Digital de Asturias\" \/>\n\t\t<meta property=\"og:description\" content=\"Madrid, 3 feb (EFE).- Los salarios se han reducido un 10 % de media desde el inicio de la reforma laboral hace ahora dos a\u00f1os, seg\u00fan los resultados del tercer Observatorio de Seguimiento de esta reforma, presentado hoy y procedentes de 200 encuestas a otras tantas empresas, en su mayor\u00eda con m\u00e1s de 50 empleados.\" \/>\n\t\t<meta property=\"og:url\" content=\"https:\/\/www.eldigitaldeasturias.com\/noticias\/los-salarios-bajaron-un-10-por-ciento-de-media-desde-el-inicio-de-la-reforma-laboral\/\" \/>\n\t\t<meta property=\"article:tag\" content=\"actualidad\" \/>\n\t\t<meta property=\"article:published_time\" content=\"2014-02-03T20:44:39+00:00\" \/>\n\t\t<meta property=\"article:modified_time\" content=\"2014-02-03T20:44:39+00:00\" \/>\n\t\t<meta property=\"article:publisher\" content=\"https:\/\/facebook.com\/eldigitaldeasturias\" \/>\n\t\t<meta name=\"twitter:card\" content=\"summary_large_image\" \/>\n\t\t<meta name=\"twitter:title\" content=\"Los salarios bajaron un 10 por ciento de media desde el inicio de la reforma laboral - El Digital de Asturias\" \/>\n\t\t<meta name=\"twitter:description\" content=\"Madrid, 3 feb (EFE).- Los salarios se han reducido un 10 % de media desde el inicio de la reforma laboral hace ahora dos a\u00f1os, seg\u00fan los resultados del tercer Observatorio de Seguimiento de esta reforma, presentado hoy y procedentes de 200 encuestas a otras tantas empresas, en su mayor\u00eda con m\u00e1s de 50 empleados.\" \/>\n\t\t<meta name=\"twitter:label1\" content=\"Escrito por\" \/>\n\t\t<meta name=\"twitter:data1\" content=\"El Digital de Asturias\" \/>\n\t\t<meta name=\"twitter:label2\" content=\"Tiempo de lectura estimado\" \/>\n\t\t<meta name=\"twitter:data2\" content=\"3 minutos\" \/>\n\t\t<script type=\"application\/ld+json\" class=\"aioseo-schema\">\n\t\t\t{\"@context\":\"https:\\\/\\\/schema.org\",\"@graph\":[{\"@type\":\"BlogPosting\",\"@id\":\"https:\\\/\\\/www.eldigitaldeasturias.com\\\/noticias\\\/los-salarios-bajaron-un-10-por-ciento-de-media-desde-el-inicio-de-la-reforma-laboral\\\/#blogposting\",\"name\":\"Los salarios bajaron un 10 por ciento de media desde el inicio de la reforma laboral - El Digital de Asturias\",\"headline\":\"Los salarios bajaron un 10 por ciento de media desde el inicio de la reforma laboral\",\"author\":{\"@id\":\"https:\\\/\\\/www.eldigitaldeasturias.com\\\/noticias\\\/author\\\/admin\\\/#author\"},\"publisher\":{\"@id\":\"https:\\\/\\\/www.eldigitaldeasturias.com\\\/noticias\\\/#organization\"},\"image\":{\"@type\":\"ImageObject\",\"url\":482802},\"datePublished\":\"2014-02-03T19:44:39+01:00\",\"dateModified\":\"2014-02-03T19:44:39+01:00\",\"inLanguage\":\"es-ES\",\"mainEntityOfPage\":{\"@id\":\"https:\\\/\\\/www.eldigitaldeasturias.com\\\/noticias\\\/los-salarios-bajaron-un-10-por-ciento-de-media-desde-el-inicio-de-la-reforma-laboral\\\/#webpage\"},\"isPartOf\":{\"@id\":\"https:\\\/\\\/www.eldigitaldeasturias.com\\\/noticias\\\/los-salarios-bajaron-un-10-por-ciento-de-media-desde-el-inicio-de-la-reforma-laboral\\\/#webpage\"},\"articleSection\":\"Actualidad\"},{\"@type\":\"BreadcrumbList\",\"@id\":\"https:\\\/\\\/www.eldigitaldeasturias.com\\\/noticias\\\/los-salarios-bajaron-un-10-por-ciento-de-media-desde-el-inicio-de-la-reforma-laboral\\\/#breadcrumblist\",\"itemListElement\":[{\"@type\":\"ListItem\",\"@id\":\"https:\\\/\\\/www.eldigitaldeasturias.com\\\/noticias#listItem\",\"position\":1,\"name\":\"Home\",\"item\":\"https:\\\/\\\/www.eldigitaldeasturias.com\\\/noticias\",\"nextItem\":{\"@type\":\"ListItem\",\"@id\":\"https:\\\/\\\/www.eldigitaldeasturias.com\\\/noticias\\\/category\\\/actualidad\\\/#listItem\",\"name\":\"Actualidad\"}},{\"@type\":\"ListItem\",\"@id\":\"https:\\\/\\\/www.eldigitaldeasturias.com\\\/noticias\\\/category\\\/actualidad\\\/#listItem\",\"position\":2,\"name\":\"Actualidad\",\"item\":\"https:\\\/\\\/www.eldigitaldeasturias.com\\\/noticias\\\/category\\\/actualidad\\\/\",\"nextItem\":{\"@type\":\"ListItem\",\"@id\":\"https:\\\/\\\/www.eldigitaldeasturias.com\\\/noticias\\\/los-salarios-bajaron-un-10-por-ciento-de-media-desde-el-inicio-de-la-reforma-laboral\\\/#listItem\",\"name\":\"Los salarios bajaron un 10 por ciento de media desde el inicio de la reforma laboral\"},\"previousItem\":{\"@type\":\"ListItem\",\"@id\":\"https:\\\/\\\/www.eldigitaldeasturias.com\\\/noticias#listItem\",\"name\":\"Home\"}},{\"@type\":\"ListItem\",\"@id\":\"https:\\\/\\\/www.eldigitaldeasturias.com\\\/noticias\\\/los-salarios-bajaron-un-10-por-ciento-de-media-desde-el-inicio-de-la-reforma-laboral\\\/#listItem\",\"position\":3,\"name\":\"Los salarios bajaron un 10 por ciento de media desde el inicio de la reforma laboral\",\"previousItem\":{\"@type\":\"ListItem\",\"@id\":\"https:\\\/\\\/www.eldigitaldeasturias.com\\\/noticias\\\/category\\\/actualidad\\\/#listItem\",\"name\":\"Actualidad\"}}]},{\"@type\":\"Organization\",\"@id\":\"https:\\\/\\\/www.eldigitaldeasturias.com\\\/noticias\\\/#organization\",\"name\":\"El Digital de Asturias\",\"description\":\"Hemeroteca\",\"url\":\"https:\\\/\\\/www.eldigitaldeasturias.com\\\/noticias\\\/\",\"email\":\"info@eldigitaldeasturias.com\",\"telephone\":\"+34652131393\",\"logo\":{\"@type\":\"ImageObject\",\"url\":\"https:\\\/\\\/www.eldigitaldeasturias.com\\\/noticias\\\/wp-content\\\/uploads\\\/2020\\\/12\\\/EDA.jpg\",\"@id\":\"https:\\\/\\\/www.eldigitaldeasturias.com\\\/noticias\\\/los-salarios-bajaron-un-10-por-ciento-de-media-desde-el-inicio-de-la-reforma-laboral\\\/#organizationLogo\"},\"image\":{\"@id\":\"https:\\\/\\\/www.eldigitaldeasturias.com\\\/noticias\\\/los-salarios-bajaron-un-10-por-ciento-de-media-desde-el-inicio-de-la-reforma-laboral\\\/#organizationLogo\"},\"sameAs\":[\"https:\\\/\\\/facebook.com\\\/eldigitaldeasturias\",\"https:\\\/\\\/www.youtube.com\\\/channel\\\/UCZP-2wLEB9Rv6erhFmqVnvg\"],\"address\":{\"@id\":\"https:\\\/\\\/www.eldigitaldeasturias.com\\\/noticias\\\/#postaladdress\",\"@type\":\"PostalAddress\",\"streetAddress\":\"san antonio 4\",\"postalCode\":\"33430\",\"addressLocality\":\"Cand\\u00e1s\",\"addressRegion\":\"Asturias\",\"addressCountry\":\"ES\"}},{\"@type\":\"Person\",\"@id\":\"https:\\\/\\\/www.eldigitaldeasturias.com\\\/noticias\\\/author\\\/admin\\\/#author\",\"url\":\"https:\\\/\\\/www.eldigitaldeasturias.com\\\/noticias\\\/author\\\/admin\\\/\",\"name\":\"El Digital de Asturias\",\"image\":{\"@type\":\"ImageObject\",\"@id\":\"https:\\\/\\\/www.eldigitaldeasturias.com\\\/noticias\\\/los-salarios-bajaron-un-10-por-ciento-de-media-desde-el-inicio-de-la-reforma-laboral\\\/#authorImage\",\"url\":\"https:\\\/\\\/secure.gravatar.com\\\/avatar\\\/df2aeffc32bcd13f8d26072ef8a91b623d677766deac7f97ca815868cd41bf5e?s=96&d=mm&r=g\",\"width\":96,\"height\":96,\"caption\":\"El Digital de Asturias\"}},{\"@type\":\"WebPage\",\"@id\":\"https:\\\/\\\/www.eldigitaldeasturias.com\\\/noticias\\\/los-salarios-bajaron-un-10-por-ciento-de-media-desde-el-inicio-de-la-reforma-laboral\\\/#webpage\",\"url\":\"https:\\\/\\\/www.eldigitaldeasturias.com\\\/noticias\\\/los-salarios-bajaron-un-10-por-ciento-de-media-desde-el-inicio-de-la-reforma-laboral\\\/\",\"name\":\"Los salarios bajaron un 10 por ciento de media desde el inicio de la reforma laboral - El Digital de Asturias\",\"description\":\"Madrid, 3 feb (EFE).- Los salarios se han reducido un 10 % de media desde el inicio de la reforma laboral hace ahora dos a\\u00f1os, seg\\u00fan los resultados del tercer Observatorio de Seguimiento de esta reforma, presentado hoy y procedentes de 200 encuestas a otras tantas empresas, en su mayor\\u00eda con m\\u00e1s de 50 empleados.\",\"inLanguage\":\"es-ES\",\"isPartOf\":{\"@id\":\"https:\\\/\\\/www.eldigitaldeasturias.com\\\/noticias\\\/#website\"},\"breadcrumb\":{\"@id\":\"https:\\\/\\\/www.eldigitaldeasturias.com\\\/noticias\\\/los-salarios-bajaron-un-10-por-ciento-de-media-desde-el-inicio-de-la-reforma-laboral\\\/#breadcrumblist\"},\"author\":{\"@id\":\"https:\\\/\\\/www.eldigitaldeasturias.com\\\/noticias\\\/author\\\/admin\\\/#author\"},\"creator\":{\"@id\":\"https:\\\/\\\/www.eldigitaldeasturias.com\\\/noticias\\\/author\\\/admin\\\/#author\"},\"image\":{\"@type\":\"ImageObject\",\"url\":482802,\"@id\":\"https:\\\/\\\/www.eldigitaldeasturias.com\\\/noticias\\\/los-salarios-bajaron-un-10-por-ciento-de-media-desde-el-inicio-de-la-reforma-laboral\\\/#mainImage\"},\"primaryImageOfPage\":{\"@id\":\"https:\\\/\\\/www.eldigitaldeasturias.com\\\/noticias\\\/los-salarios-bajaron-un-10-por-ciento-de-media-desde-el-inicio-de-la-reforma-laboral\\\/#mainImage\"},\"datePublished\":\"2014-02-03T19:44:39+01:00\",\"dateModified\":\"2014-02-03T19:44:39+01:00\"},{\"@type\":\"WebSite\",\"@id\":\"https:\\\/\\\/www.eldigitaldeasturias.com\\\/noticias\\\/#website\",\"url\":\"https:\\\/\\\/www.eldigitaldeasturias.com\\\/noticias\\\/\",\"name\":\"El Digital de Asturias - Diario de actualidad y noticias\",\"alternateName\":\"El Digital de Asturias - Diario de actualidad y noticias\",\"description\":\"Hemeroteca\",\"inLanguage\":\"es-ES\",\"publisher\":{\"@id\":\"https:\\\/\\\/www.eldigitaldeasturias.com\\\/noticias\\\/#organization\"}}]}\n\t\t<\/script>\n\t\t<!-- All in One SEO Pro -->\r\n\t\t<title>Los salarios bajaron un 10 por ciento de media desde el inicio de la reforma laboral - El Digital de Asturias<\/title>\n\n","aioseo_head_json":{"title":"Los salarios bajaron un 10 por ciento de media desde el inicio de la reforma laboral - El Digital de Asturias","description":"Madrid, 3 feb (EFE).- Los salarios se han reducido un 10 % de media desde el inicio de la reforma laboral hace ahora dos a\u00f1os, seg\u00fan los resultados del tercer Observatorio de Seguimiento de esta reforma, presentado hoy y procedentes de 200 encuestas a otras tantas empresas, en su mayor\u00eda con m\u00e1s de 50 empleados.","canonical_url":"https:\/\/www.eldigitaldeasturias.com\/noticias\/los-salarios-bajaron-un-10-por-ciento-de-media-desde-el-inicio-de-la-reforma-laboral\/","robots":"max-image-preview:large","keywords":"actualidad","webmasterTools":{"google-site-verification":"UA-38556648-1","msvalidate.01":"7dfe9f3f1b24437ab69f4f2559babe99","miscellaneous":""},"schema":{"@context":"https:\/\/schema.org","@graph":[{"@type":"BlogPosting","@id":"https:\/\/www.eldigitaldeasturias.com\/noticias\/los-salarios-bajaron-un-10-por-ciento-de-media-desde-el-inicio-de-la-reforma-laboral\/#blogposting","name":"Los salarios bajaron un 10 por ciento de media desde el inicio de la reforma laboral - El Digital de Asturias","headline":"Los salarios bajaron un 10 por ciento de media desde el inicio de la reforma laboral","author":{"@id":"https:\/\/www.eldigitaldeasturias.com\/noticias\/author\/admin\/#author"},"publisher":{"@id":"https:\/\/www.eldigitaldeasturias.com\/noticias\/#organization"},"image":{"@type":"ImageObject","url":482802},"datePublished":"2014-02-03T19:44:39+01:00","dateModified":"2014-02-03T19:44:39+01:00","inLanguage":"es-ES","mainEntityOfPage":{"@id":"https:\/\/www.eldigitaldeasturias.com\/noticias\/los-salarios-bajaron-un-10-por-ciento-de-media-desde-el-inicio-de-la-reforma-laboral\/#webpage"},"isPartOf":{"@id":"https:\/\/www.eldigitaldeasturias.com\/noticias\/los-salarios-bajaron-un-10-por-ciento-de-media-desde-el-inicio-de-la-reforma-laboral\/#webpage"},"articleSection":"Actualidad"},{"@type":"BreadcrumbList","@id":"https:\/\/www.eldigitaldeasturias.com\/noticias\/los-salarios-bajaron-un-10-por-ciento-de-media-desde-el-inicio-de-la-reforma-laboral\/#breadcrumblist","itemListElement":[{"@type":"ListItem","@id":"https:\/\/www.eldigitaldeasturias.com\/noticias#listItem","position":1,"name":"Home","item":"https:\/\/www.eldigitaldeasturias.com\/noticias","nextItem":{"@type":"ListItem","@id":"https:\/\/www.eldigitaldeasturias.com\/noticias\/category\/actualidad\/#listItem","name":"Actualidad"}},{"@type":"ListItem","@id":"https:\/\/www.eldigitaldeasturias.com\/noticias\/category\/actualidad\/#listItem","position":2,"name":"Actualidad","item":"https:\/\/www.eldigitaldeasturias.com\/noticias\/category\/actualidad\/","nextItem":{"@type":"ListItem","@id":"https:\/\/www.eldigitaldeasturias.com\/noticias\/los-salarios-bajaron-un-10-por-ciento-de-media-desde-el-inicio-de-la-reforma-laboral\/#listItem","name":"Los salarios bajaron un 10 por ciento de media desde el inicio de la reforma laboral"},"previousItem":{"@type":"ListItem","@id":"https:\/\/www.eldigitaldeasturias.com\/noticias#listItem","name":"Home"}},{"@type":"ListItem","@id":"https:\/\/www.eldigitaldeasturias.com\/noticias\/los-salarios-bajaron-un-10-por-ciento-de-media-desde-el-inicio-de-la-reforma-laboral\/#listItem","position":3,"name":"Los salarios bajaron un 10 por ciento de media desde el inicio de la reforma laboral","previousItem":{"@type":"ListItem","@id":"https:\/\/www.eldigitaldeasturias.com\/noticias\/category\/actualidad\/#listItem","name":"Actualidad"}}]},{"@type":"Organization","@id":"https:\/\/www.eldigitaldeasturias.com\/noticias\/#organization","name":"El Digital de Asturias","description":"Hemeroteca","url":"https:\/\/www.eldigitaldeasturias.com\/noticias\/","email":"info@eldigitaldeasturias.com","telephone":"+34652131393","logo":{"@type":"ImageObject","url":"https:\/\/www.eldigitaldeasturias.com\/noticias\/wp-content\/uploads\/2020\/12\/EDA.jpg","@id":"https:\/\/www.eldigitaldeasturias.com\/noticias\/los-salarios-bajaron-un-10-por-ciento-de-media-desde-el-inicio-de-la-reforma-laboral\/#organizationLogo"},"image":{"@id":"https:\/\/www.eldigitaldeasturias.com\/noticias\/los-salarios-bajaron-un-10-por-ciento-de-media-desde-el-inicio-de-la-reforma-laboral\/#organizationLogo"},"sameAs":["https:\/\/facebook.com\/eldigitaldeasturias","https:\/\/www.youtube.com\/channel\/UCZP-2wLEB9Rv6erhFmqVnvg"],"address":{"@id":"https:\/\/www.eldigitaldeasturias.com\/noticias\/#postaladdress","@type":"PostalAddress","streetAddress":"san antonio 4","postalCode":"33430","addressLocality":"Cand\u00e1s","addressRegion":"Asturias","addressCountry":"ES"}},{"@type":"Person","@id":"https:\/\/www.eldigitaldeasturias.com\/noticias\/author\/admin\/#author","url":"https:\/\/www.eldigitaldeasturias.com\/noticias\/author\/admin\/","name":"El Digital de Asturias","image":{"@type":"ImageObject","@id":"https:\/\/www.eldigitaldeasturias.com\/noticias\/los-salarios-bajaron-un-10-por-ciento-de-media-desde-el-inicio-de-la-reforma-laboral\/#authorImage","url":"https:\/\/secure.gravatar.com\/avatar\/df2aeffc32bcd13f8d26072ef8a91b623d677766deac7f97ca815868cd41bf5e?s=96&d=mm&r=g","width":96,"height":96,"caption":"El Digital de Asturias"}},{"@type":"WebPage","@id":"https:\/\/www.eldigitaldeasturias.com\/noticias\/los-salarios-bajaron-un-10-por-ciento-de-media-desde-el-inicio-de-la-reforma-laboral\/#webpage","url":"https:\/\/www.eldigitaldeasturias.com\/noticias\/los-salarios-bajaron-un-10-por-ciento-de-media-desde-el-inicio-de-la-reforma-laboral\/","name":"Los salarios bajaron un 10 por ciento de media desde el inicio de la reforma laboral - El Digital de Asturias","description":"Madrid, 3 feb (EFE).- Los salarios se han reducido un 10 % de media desde el inicio de la reforma laboral hace ahora dos a\u00f1os, seg\u00fan los resultados del tercer Observatorio de Seguimiento de esta reforma, presentado hoy y procedentes de 200 encuestas a otras tantas empresas, en su mayor\u00eda con m\u00e1s de 50 empleados.","inLanguage":"es-ES","isPartOf":{"@id":"https:\/\/www.eldigitaldeasturias.com\/noticias\/#website"},"breadcrumb":{"@id":"https:\/\/www.eldigitaldeasturias.com\/noticias\/los-salarios-bajaron-un-10-por-ciento-de-media-desde-el-inicio-de-la-reforma-laboral\/#breadcrumblist"},"author":{"@id":"https:\/\/www.eldigitaldeasturias.com\/noticias\/author\/admin\/#author"},"creator":{"@id":"https:\/\/www.eldigitaldeasturias.com\/noticias\/author\/admin\/#author"},"image":{"@type":"ImageObject","url":482802,"@id":"https:\/\/www.eldigitaldeasturias.com\/noticias\/los-salarios-bajaron-un-10-por-ciento-de-media-desde-el-inicio-de-la-reforma-laboral\/#mainImage"},"primaryImageOfPage":{"@id":"https:\/\/www.eldigitaldeasturias.com\/noticias\/los-salarios-bajaron-un-10-por-ciento-de-media-desde-el-inicio-de-la-reforma-laboral\/#mainImage"},"datePublished":"2014-02-03T19:44:39+01:00","dateModified":"2014-02-03T19:44:39+01:00"},{"@type":"WebSite","@id":"https:\/\/www.eldigitaldeasturias.com\/noticias\/#website","url":"https:\/\/www.eldigitaldeasturias.com\/noticias\/","name":"El Digital de Asturias - Diario de actualidad y noticias","alternateName":"El Digital de Asturias - Diario de actualidad y noticias","description":"Hemeroteca","inLanguage":"es-ES","publisher":{"@id":"https:\/\/www.eldigitaldeasturias.com\/noticias\/#organization"}}]},"og:locale":"es_ES","og:site_name":"El Digital de Asturias","og:type":"article","og:title":"Los salarios bajaron un 10 por ciento de media desde el inicio de la reforma laboral - El Digital de Asturias","og:description":"Madrid, 3 feb (EFE).- Los salarios se han reducido un 10 % de media desde el inicio de la reforma laboral hace ahora dos a\u00f1os, seg\u00fan los resultados del tercer Observatorio de Seguimiento de esta reforma, presentado hoy y procedentes de 200 encuestas a otras tantas empresas, en su mayor\u00eda con m\u00e1s de 50 empleados.","og:url":"https:\/\/www.eldigitaldeasturias.com\/noticias\/los-salarios-bajaron-un-10-por-ciento-de-media-desde-el-inicio-de-la-reforma-laboral\/","article:tag":["actualidad"],"article:published_time":"2014-02-03T20:44:39+00:00","article:modified_time":"2014-02-03T20:44:39+00:00","article:publisher":"https:\/\/facebook.com\/eldigitaldeasturias","twitter:card":"summary_large_image","twitter:title":"Los salarios bajaron un 10 por ciento de media desde el inicio de la reforma laboral - El Digital de Asturias","twitter:description":"Madrid, 3 feb (EFE).- Los salarios se han reducido un 10 % de media desde el inicio de la reforma laboral hace ahora dos a\u00f1os, seg\u00fan los resultados del tercer Observatorio de Seguimiento de esta reforma, presentado hoy y procedentes de 200 encuestas a otras tantas empresas, en su mayor\u00eda con m\u00e1s de 50 empleados.","twitter:label1":"Escrito por","twitter:data1":"El Digital de Asturias","twitter:label2":"Tiempo de lectura estimado","twitter:data2":"3 minutos"},"aioseo_meta_data":{"post_id":"482801","title":null,"description":null,"keywords":null,"keyphrases":null,"primary_term":null,"canonical_url":null,"og_title":null,"og_description":null,"og_object_type":"default","og_image_type":"default","og_image_url":null,"og_image_width":null,"og_image_height":null,"og_image_custom_url":null,"og_image_custom_fields":null,"og_video":null,"og_custom_url":null,"og_article_section":null,"og_article_tags":null,"twitter_use_og":true,"twitter_card":"default","twitter_image_type":"default","twitter_image_url":null,"twitter_image_custom_url":null,"twitter_image_custom_fields":null,"twitter_title":null,"twitter_description":null,"schema":{"blockGraphs":[],"customGraphs":[],"default":{"data":{"Article":[],"Course":[],"Dataset":[],"FAQPage":[],"Movie":[],"Person":[],"Product":[],"ProductReview":[],"Car":[],"Recipe":[],"Service":[],"SoftwareApplication":[],"WebPage":[]},"graphName":"","isEnabled":true},"graphs":[],"defaultGraph":"","defaultPostTypeGraph":""},"schema_type":null,"schema_type_options":null,"pillar_content":false,"robots_default":true,"robots_noindex":false,"robots_noarchive":false,"robots_nosnippet":false,"robots_nofollow":false,"robots_noimageindex":false,"robots_noodp":false,"robots_notranslate":false,"robots_max_snippet":null,"robots_max_videopreview":null,"robots_max_imagepreview":"none","priority":null,"frequency":null,"local_seo":null,"seo_analyzer_scan_date":"2026-06-02 10:56:33","breadcrumb_settings":null,"limit_modified_date":false,"open_ai":null,"ai":null,"created":"2020-11-14 22:54:40","updated":"2026-06-02 10:56:33","focus_keyword":null,"additional_keywords":null,"truseo_locale":null},"aioseo_breadcrumb":"<div class=\"aioseo-breadcrumbs\"><span class=\"aioseo-breadcrumb\">\n\t<a href=\"https:\/\/www.eldigitaldeasturias.com\/noticias\" title=\"Home\">Home<\/a>\n<\/span><span class=\"aioseo-breadcrumb-separator\">\u2013<\/span><span class=\"aioseo-breadcrumb\">\n\t<a href=\"https:\/\/www.eldigitaldeasturias.com\/noticias\/category\/actualidad\/\" title=\"Actualidad\">Actualidad<\/a>\n<\/span><span class=\"aioseo-breadcrumb-separator\">\u2013<\/span><span class=\"aioseo-breadcrumb\">\n\t<a href=\"https:\/\/www.eldigitaldeasturias.com\/noticias\/los-salarios-bajaron-un-10-por-ciento-de-media-desde-el-inicio-de-la-reforma-laboral\/\" title=\"Los salarios bajaron un 10 por ciento de media desde el inicio de la reforma laboral\">Los salarios bajaron un 10 por ciento de media desde el inicio de la reforma laboral<\/a>\n<\/span><\/div>","aioseo_breadcrumb_json":[{"label":"Home","link":"https:\/\/www.eldigitaldeasturias.com\/noticias"},{"label":"Actualidad","link":"https:\/\/www.eldigitaldeasturias.com\/noticias\/category\/actualidad\/"},{"label":"Los salarios bajaron un 10 por ciento de media desde el inicio de la reforma laboral","link":"https:\/\/www.eldigitaldeasturias.com\/noticias\/los-salarios-bajaron-un-10-por-ciento-de-media-desde-el-inicio-de-la-reforma-laboral\/"}],"_links":{"self":[{"href":"https:\/\/www.eldigitaldeasturias.com\/noticias\/wp-json\/wp\/v2\/posts\/482801","targetHints":{"allow":["GET"]}}],"collection":[{"href":"https:\/\/www.eldigitaldeasturias.com\/noticias\/wp-json\/wp\/v2\/posts"}],"about":[{"href":"https:\/\/www.eldigitaldeasturias.com\/noticias\/wp-json\/wp\/v2\/types\/post"}],"author":[{"embeddable":true,"href":"https:\/\/www.eldigitaldeasturias.com\/noticias\/wp-json\/wp\/v2\/users\/1"}],"replies":[{"embeddable":true,"href":"https:\/\/www.eldigitaldeasturias.com\/noticias\/wp-json\/wp\/v2\/comments?post=482801"}],"version-history":[{"count":0,"href":"https:\/\/www.eldigitaldeasturias.com\/noticias\/wp-json\/wp\/v2\/posts\/482801\/revisions"}],"wp:attachment":[{"href":"https:\/\/www.eldigitaldeasturias.com\/noticias\/wp-json\/wp\/v2\/media?parent=482801"}],"wp:term":[{"taxonomy":"category","embeddable":true,"href":"https:\/\/www.eldigitaldeasturias.com\/noticias\/wp-json\/wp\/v2\/categories?post=482801"},{"taxonomy":"post_tag","embeddable":true,"href":"https:\/\/www.eldigitaldeasturias.com\/noticias\/wp-json\/wp\/v2\/tags?post=482801"}],"curies":[{"name":"wp","href":"https:\/\/api.w.org\/{rel}","templated":true}]}}