{"id":482798,"date":"2014-02-03T19:43:24","date_gmt":"2014-02-03T20:43:24","guid":{"rendered":"http:\/\/www.eldigitaldeasturias.com\/noticias\/?p=482798"},"modified":"2014-02-03T19:43:24","modified_gmt":"2014-02-03T20:43:24","slug":"la-generalitat-primo-la-fusion-de-cajas-catalanas-ante-su-riesgo-extremo","status":"publish","type":"post","link":"https:\/\/www.eldigitaldeasturias.com\/noticias\/la-generalitat-primo-la-fusion-de-cajas-catalanas-ante-su-riesgo-extremo\/","title":{"rendered":"La Generalitat prim\u00f3 la fusi\u00f3n de cajas catalanas ante su \u00abriesgo extremo\u00bb"},"content":{"rendered":"<p><img loading=\"lazy\" decoding=\"async\" class=\"alignleft size-medium wp-image-482799\" alt=\"5903905w\" src=\"https:\/\/www.eldigitaldeasturias.com\/noticias\/wp-content\/uploads\/2014\/02\/5903905w-213x320.jpg\" width=\"213\" height=\"320\" \/>Barcelona, 3 feb (EFE).- El gobierno de la Generalitat defendi\u00f3 en el a\u00f1o 2009 la prioridad de promover la fusi\u00f3n de las cajas de ahorro catalanas, despu\u00e9s de que el Banco de Espa\u00f1a, que \u00abacept\u00f3 este principio\u00bb, alertara de la situaci\u00f3n de \u00abriesgo extremo\u00bb en que se encontraban estas entidades.<\/p>\n<p>As\u00ed lo ha explicado hoy el exsecretario de Pol\u00edtica Financiera, Competencia y Consumo de la Generalitat Jordi Peric\u00e0s durante su comparecencia ante la comisi\u00f3n parlamentaria que investiga la crisis y desaparici\u00f3n de las cajas catalanas.<\/p>\n<p>Peric\u00e0s ha subrayado que la Generalitat s\u00f3lo ten\u00eda competencias, en materia de cajas de ahorro, en dos \u00e1mbitos: el tratamiento de los \u00f3rganos de gobierno y su obra social.<\/p>\n<p>Por eso, fue el Banco de Espa\u00f1a, la entidad competente en materia de inspecci\u00f3n, la que en el a\u00f1o 2009 alert\u00f3 a la Generalitat de la grave situaci\u00f3n financiera que presentaban las cajas catalanas por su elevado nivel de endeudamiento.<\/p>\n<p>Peric\u00e0s ha comentado que \u00abdesde un primer momento\u00bb el gobierno de Catalu\u00f1a actu\u00f3 de forma coordinada y efectiva con el regulador, que se mostr\u00f3 \u00abextraordinariamente receptivo\u00bb a la interlocuci\u00f3n de la Generalitat \u00abpara buscar las soluciones m\u00e1s adecuadas\u00bb a las cajas catalanas.<\/p>\n<p>Generalitat y Banco de Espa\u00f1a llegaron a la conclusi\u00f3n de que la mejor forma de garantizar la viabilidad de las cajas era promover la fusi\u00f3n de las mismas, dando lugar a entidades m\u00e1s s\u00f3lidas y fuertes, a las que resultara m\u00e1s f\u00e1cil acudir a los mercados de capitales.<\/p>\n<p>En este proceso, ha comentado Peric\u00e0s, hab\u00eda \u00abun tri\u00e1ngulo virtuoso interesante\u00bb: el Banco de Espa\u00f1a, la Generalitat y las propias entidades.<\/p>\n<p>El exsecretario de Pol\u00edtica Financiera ha dicho que en 2009 \u00e9l mismo traslad\u00f3 al Banco de Espa\u00f1a la voluntad de la Generalitat de \u00abprimar\u00bb que las fusiones se hicieran entre cajas catalanas, ya que eran entidades que ten\u00edan \u00abuna relaci\u00f3n habitual\u00bb y ello pod\u00eda favorecer las negociaciones ante posibles integraciones, venciendo posibles \u00abreticencias\u00bb.<\/p>\n<p>Con esta operaci\u00f3n, el otro gran objetivo de la Generalitat era \u00abevitar la p\u00e9rdida de peso espec\u00edfico en el mapa financiero espa\u00f1ol\u00bb, ha apuntado Peric\u00e0s, que ha asegurado que la respuesta del Banco de Espa\u00f1a fue la de \u00abaceptaci\u00f3n\u00bb de este principio y que el gobierno catal\u00e1n actu\u00f3 en todo momento respetando la independencia y autonom\u00eda de las cajas.<\/p>\n<p>Miquel Salazar, tambi\u00e9n exsecretario de Pol\u00edtica Financiera, ha explicado que en el a\u00f1o 2008 la Generalitat se dio cuenta \u00aben seguida\u00bb de que el sistema financiero estaba ante una crisis de solvencia y que as\u00ed se lo traslad\u00f3 a las propias entidades y al Banco de Espa\u00f1a.<\/p>\n<p>\u00abNuestro objetivo era salvar a aquellas entidades que formaban el sistema financiero de Catalu\u00f1a\u00bb y para ello, ha remarcado Salazar, el gobierno catal\u00e1n adopt\u00f3 la estrategia de colaborar con el supervisor. mdo<\/p>\n","protected":false},"excerpt":{"rendered":"<p>Barcelona, 3 feb (EFE).- El gobierno de la Generalitat defendi\u00f3 en el a\u00f1o 2009 la prioridad de promover la fusi\u00f3n de las cajas de ahorro catalanas, despu\u00e9s de que el Banco de Espa\u00f1a, que \u00abacept\u00f3 este principio\u00bb, alertara de la situaci\u00f3n de \u00abriesgo extremo\u00bb en que se encontraban estas entidades. As\u00ed lo ha explicado hoy [&hellip;]<\/p>\n","protected":false},"author":1,"featured_media":482799,"comment_status":"closed","ping_status":"open","sticky":false,"template":"","format":"standard","meta":{"footnotes":""},"categories":[1],"tags":[],"class_list":["post-482798","post","type-post","status-publish","format-standard","has-post-thumbnail","hentry","category-actualidad"],"aioseo_notices":[],"aioseo_head":"\n\t\t<!-- All in One SEO Pro 5.0.1 - aioseo.com -->\n\t<meta name=\"description\" content=\"Barcelona, 3 feb (EFE).- El gobierno de la Generalitat defendi\u00f3 en el a\u00f1o 2009 la prioridad de promover la fusi\u00f3n de las cajas de ahorro catalanas, despu\u00e9s de que el Banco de Espa\u00f1a, que &quot;acept\u00f3 este principio&quot;, alertara de la situaci\u00f3n de &quot;riesgo extremo&quot; en que se encontraban estas entidades. As\u00ed lo ha explicado hoy\" \/>\n\t<meta name=\"robots\" content=\"max-image-preview:large\" \/>\n\t<meta name=\"author\" content=\"El Digital de Asturias\"\/>\n\t<meta name=\"google-site-verification\" content=\"UA-38556648-1\" \/>\n\t<meta name=\"msvalidate.01\" content=\"7dfe9f3f1b24437ab69f4f2559babe99\" \/>\n\t<meta name=\"keywords\" content=\"actualidad\" \/>\n\t<link rel=\"canonical\" href=\"https:\/\/www.eldigitaldeasturias.com\/noticias\/la-generalitat-primo-la-fusion-de-cajas-catalanas-ante-su-riesgo-extremo\/\" \/>\n\t<meta name=\"generator\" content=\"All in One SEO Pro (AIOSEO) 5.0.1\" \/>\n\t\t<meta property=\"og:locale\" content=\"es_ES\" \/>\n\t\t<meta property=\"og:site_name\" content=\"El Digital de Asturias\" \/>\n\t\t<meta property=\"og:type\" content=\"article\" \/>\n\t\t<meta property=\"og:title\" content=\"La Generalitat prim\u00f3 la fusi\u00f3n de cajas catalanas ante su \u00abriesgo extremo\u00bb - El Digital de Asturias\" \/>\n\t\t<meta property=\"og:description\" content=\"Barcelona, 3 feb (EFE).- El gobierno de la Generalitat defendi\u00f3 en el a\u00f1o 2009 la prioridad de promover la fusi\u00f3n de las cajas de ahorro catalanas, despu\u00e9s de que el Banco de Espa\u00f1a, que &quot;acept\u00f3 este principio&quot;, alertara de la situaci\u00f3n de &quot;riesgo extremo&quot; en que se encontraban estas entidades. As\u00ed lo ha explicado hoy\" \/>\n\t\t<meta property=\"og:url\" content=\"https:\/\/www.eldigitaldeasturias.com\/noticias\/la-generalitat-primo-la-fusion-de-cajas-catalanas-ante-su-riesgo-extremo\/\" \/>\n\t\t<meta property=\"article:tag\" content=\"actualidad\" \/>\n\t\t<meta property=\"article:published_time\" content=\"2014-02-03T20:43:24+00:00\" \/>\n\t\t<meta property=\"article:modified_time\" content=\"2014-02-03T20:43:24+00:00\" \/>\n\t\t<meta property=\"article:publisher\" content=\"https:\/\/facebook.com\/eldigitaldeasturias\" \/>\n\t\t<meta name=\"twitter:card\" content=\"summary_large_image\" \/>\n\t\t<meta name=\"twitter:title\" content=\"La Generalitat prim\u00f3 la fusi\u00f3n de cajas catalanas ante su \u00abriesgo extremo\u00bb - El Digital de Asturias\" \/>\n\t\t<meta name=\"twitter:description\" content=\"Barcelona, 3 feb (EFE).- El gobierno de la Generalitat defendi\u00f3 en el a\u00f1o 2009 la prioridad de promover la fusi\u00f3n de las cajas de ahorro catalanas, despu\u00e9s de que el Banco de Espa\u00f1a, que &quot;acept\u00f3 este principio&quot;, alertara de la situaci\u00f3n de &quot;riesgo extremo&quot; en que se encontraban estas entidades. As\u00ed lo ha explicado hoy\" \/>\n\t\t<meta name=\"twitter:label1\" content=\"Escrito por\" \/>\n\t\t<meta name=\"twitter:data1\" content=\"El Digital de Asturias\" \/>\n\t\t<meta name=\"twitter:label2\" content=\"Tiempo de lectura estimado\" \/>\n\t\t<meta name=\"twitter:data2\" content=\"3 minutos\" \/>\n\t\t<script type=\"application\/ld+json\" class=\"aioseo-schema\">\n\t\t\t{\"@context\":\"https:\\\/\\\/schema.org\",\"@graph\":[{\"@type\":\"BlogPosting\",\"@id\":\"https:\\\/\\\/www.eldigitaldeasturias.com\\\/noticias\\\/la-generalitat-primo-la-fusion-de-cajas-catalanas-ante-su-riesgo-extremo\\\/#blogposting\",\"name\":\"La Generalitat prim\\u00f3 la fusi\\u00f3n de cajas catalanas ante su \\u00abriesgo extremo\\u00bb - El Digital de Asturias\",\"headline\":\"La Generalitat prim\\u00f3 la fusi\\u00f3n de cajas catalanas ante su \\u00abriesgo extremo\\u00bb\",\"author\":{\"@id\":\"https:\\\/\\\/www.eldigitaldeasturias.com\\\/noticias\\\/author\\\/admin\\\/#author\"},\"publisher\":{\"@id\":\"https:\\\/\\\/www.eldigitaldeasturias.com\\\/noticias\\\/#organization\"},\"image\":{\"@type\":\"ImageObject\",\"url\":482799},\"datePublished\":\"2014-02-03T19:43:24+01:00\",\"dateModified\":\"2014-02-03T19:43:24+01:00\",\"inLanguage\":\"es-ES\",\"mainEntityOfPage\":{\"@id\":\"https:\\\/\\\/www.eldigitaldeasturias.com\\\/noticias\\\/la-generalitat-primo-la-fusion-de-cajas-catalanas-ante-su-riesgo-extremo\\\/#webpage\"},\"isPartOf\":{\"@id\":\"https:\\\/\\\/www.eldigitaldeasturias.com\\\/noticias\\\/la-generalitat-primo-la-fusion-de-cajas-catalanas-ante-su-riesgo-extremo\\\/#webpage\"},\"articleSection\":\"Actualidad\"},{\"@type\":\"BreadcrumbList\",\"@id\":\"https:\\\/\\\/www.eldigitaldeasturias.com\\\/noticias\\\/la-generalitat-primo-la-fusion-de-cajas-catalanas-ante-su-riesgo-extremo\\\/#breadcrumblist\",\"itemListElement\":[{\"@type\":\"ListItem\",\"@id\":\"https:\\\/\\\/www.eldigitaldeasturias.com\\\/noticias#listItem\",\"position\":1,\"name\":\"Home\",\"item\":\"https:\\\/\\\/www.eldigitaldeasturias.com\\\/noticias\",\"nextItem\":{\"@type\":\"ListItem\",\"@id\":\"https:\\\/\\\/www.eldigitaldeasturias.com\\\/noticias\\\/category\\\/actualidad\\\/#listItem\",\"name\":\"Actualidad\"}},{\"@type\":\"ListItem\",\"@id\":\"https:\\\/\\\/www.eldigitaldeasturias.com\\\/noticias\\\/category\\\/actualidad\\\/#listItem\",\"position\":2,\"name\":\"Actualidad\",\"item\":\"https:\\\/\\\/www.eldigitaldeasturias.com\\\/noticias\\\/category\\\/actualidad\\\/\",\"nextItem\":{\"@type\":\"ListItem\",\"@id\":\"https:\\\/\\\/www.eldigitaldeasturias.com\\\/noticias\\\/la-generalitat-primo-la-fusion-de-cajas-catalanas-ante-su-riesgo-extremo\\\/#listItem\",\"name\":\"La Generalitat prim\\u00f3 la fusi\\u00f3n de cajas catalanas ante su \\u00abriesgo extremo\\u00bb\"},\"previousItem\":{\"@type\":\"ListItem\",\"@id\":\"https:\\\/\\\/www.eldigitaldeasturias.com\\\/noticias#listItem\",\"name\":\"Home\"}},{\"@type\":\"ListItem\",\"@id\":\"https:\\\/\\\/www.eldigitaldeasturias.com\\\/noticias\\\/la-generalitat-primo-la-fusion-de-cajas-catalanas-ante-su-riesgo-extremo\\\/#listItem\",\"position\":3,\"name\":\"La Generalitat prim\\u00f3 la fusi\\u00f3n de cajas catalanas ante su \\u00abriesgo extremo\\u00bb\",\"previousItem\":{\"@type\":\"ListItem\",\"@id\":\"https:\\\/\\\/www.eldigitaldeasturias.com\\\/noticias\\\/category\\\/actualidad\\\/#listItem\",\"name\":\"Actualidad\"}}]},{\"@type\":\"Organization\",\"@id\":\"https:\\\/\\\/www.eldigitaldeasturias.com\\\/noticias\\\/#organization\",\"name\":\"El Digital de Asturias\",\"description\":\"Hemeroteca\",\"url\":\"https:\\\/\\\/www.eldigitaldeasturias.com\\\/noticias\\\/\",\"email\":\"info@eldigitaldeasturias.com\",\"telephone\":\"+34652131393\",\"logo\":{\"@type\":\"ImageObject\",\"url\":\"https:\\\/\\\/www.eldigitaldeasturias.com\\\/noticias\\\/wp-content\\\/uploads\\\/2020\\\/12\\\/EDA.jpg\",\"@id\":\"https:\\\/\\\/www.eldigitaldeasturias.com\\\/noticias\\\/la-generalitat-primo-la-fusion-de-cajas-catalanas-ante-su-riesgo-extremo\\\/#organizationLogo\"},\"image\":{\"@id\":\"https:\\\/\\\/www.eldigitaldeasturias.com\\\/noticias\\\/la-generalitat-primo-la-fusion-de-cajas-catalanas-ante-su-riesgo-extremo\\\/#organizationLogo\"},\"sameAs\":[\"https:\\\/\\\/facebook.com\\\/eldigitaldeasturias\",\"https:\\\/\\\/www.youtube.com\\\/channel\\\/UCZP-2wLEB9Rv6erhFmqVnvg\"],\"address\":{\"@id\":\"https:\\\/\\\/www.eldigitaldeasturias.com\\\/noticias\\\/#postaladdress\",\"@type\":\"PostalAddress\",\"streetAddress\":\"san antonio 4\",\"postalCode\":\"33430\",\"addressLocality\":\"Cand\\u00e1s\",\"addressRegion\":\"Asturias\",\"addressCountry\":\"ES\"}},{\"@type\":\"Person\",\"@id\":\"https:\\\/\\\/www.eldigitaldeasturias.com\\\/noticias\\\/author\\\/admin\\\/#author\",\"url\":\"https:\\\/\\\/www.eldigitaldeasturias.com\\\/noticias\\\/author\\\/admin\\\/\",\"name\":\"El Digital de Asturias\",\"image\":{\"@type\":\"ImageObject\",\"@id\":\"https:\\\/\\\/www.eldigitaldeasturias.com\\\/noticias\\\/la-generalitat-primo-la-fusion-de-cajas-catalanas-ante-su-riesgo-extremo\\\/#authorImage\",\"url\":\"https:\\\/\\\/secure.gravatar.com\\\/avatar\\\/df2aeffc32bcd13f8d26072ef8a91b623d677766deac7f97ca815868cd41bf5e?s=96&d=mm&r=g\",\"width\":96,\"height\":96,\"caption\":\"El Digital de Asturias\"}},{\"@type\":\"WebPage\",\"@id\":\"https:\\\/\\\/www.eldigitaldeasturias.com\\\/noticias\\\/la-generalitat-primo-la-fusion-de-cajas-catalanas-ante-su-riesgo-extremo\\\/#webpage\",\"url\":\"https:\\\/\\\/www.eldigitaldeasturias.com\\\/noticias\\\/la-generalitat-primo-la-fusion-de-cajas-catalanas-ante-su-riesgo-extremo\\\/\",\"name\":\"La Generalitat prim\\u00f3 la fusi\\u00f3n de cajas catalanas ante su \\u00abriesgo extremo\\u00bb - El Digital de Asturias\",\"description\":\"Barcelona, 3 feb (EFE).- El gobierno de la Generalitat defendi\\u00f3 en el a\\u00f1o 2009 la prioridad de promover la fusi\\u00f3n de las cajas de ahorro catalanas, despu\\u00e9s de que el Banco de Espa\\u00f1a, que \\\"acept\\u00f3 este principio\\\", alertara de la situaci\\u00f3n de \\\"riesgo extremo\\\" en que se encontraban estas entidades. As\\u00ed lo ha explicado hoy\",\"inLanguage\":\"es-ES\",\"isPartOf\":{\"@id\":\"https:\\\/\\\/www.eldigitaldeasturias.com\\\/noticias\\\/#website\"},\"breadcrumb\":{\"@id\":\"https:\\\/\\\/www.eldigitaldeasturias.com\\\/noticias\\\/la-generalitat-primo-la-fusion-de-cajas-catalanas-ante-su-riesgo-extremo\\\/#breadcrumblist\"},\"author\":{\"@id\":\"https:\\\/\\\/www.eldigitaldeasturias.com\\\/noticias\\\/author\\\/admin\\\/#author\"},\"creator\":{\"@id\":\"https:\\\/\\\/www.eldigitaldeasturias.com\\\/noticias\\\/author\\\/admin\\\/#author\"},\"image\":{\"@type\":\"ImageObject\",\"url\":482799,\"@id\":\"https:\\\/\\\/www.eldigitaldeasturias.com\\\/noticias\\\/la-generalitat-primo-la-fusion-de-cajas-catalanas-ante-su-riesgo-extremo\\\/#mainImage\"},\"primaryImageOfPage\":{\"@id\":\"https:\\\/\\\/www.eldigitaldeasturias.com\\\/noticias\\\/la-generalitat-primo-la-fusion-de-cajas-catalanas-ante-su-riesgo-extremo\\\/#mainImage\"},\"datePublished\":\"2014-02-03T19:43:24+01:00\",\"dateModified\":\"2014-02-03T19:43:24+01:00\"},{\"@type\":\"WebSite\",\"@id\":\"https:\\\/\\\/www.eldigitaldeasturias.com\\\/noticias\\\/#website\",\"url\":\"https:\\\/\\\/www.eldigitaldeasturias.com\\\/noticias\\\/\",\"name\":\"El Digital de Asturias - Diario de actualidad y noticias\",\"alternateName\":\"El Digital de Asturias - Diario de actualidad y noticias\",\"description\":\"Hemeroteca\",\"inLanguage\":\"es-ES\",\"publisher\":{\"@id\":\"https:\\\/\\\/www.eldigitaldeasturias.com\\\/noticias\\\/#organization\"}}]}\n\t\t<\/script>\n\t\t<!-- All in One SEO Pro -->\r\n\t\t<title>La Generalitat prim\u00f3 la fusi\u00f3n de cajas catalanas ante su \u00abriesgo extremo\u00bb - El Digital de Asturias<\/title>\n\n","aioseo_head_json":{"title":"La Generalitat prim\u00f3 la fusi\u00f3n de cajas catalanas ante su \u00abriesgo extremo\u00bb - El Digital de Asturias","description":"Barcelona, 3 feb (EFE).- El gobierno de la Generalitat defendi\u00f3 en el a\u00f1o 2009 la prioridad de promover la fusi\u00f3n de las cajas de ahorro catalanas, despu\u00e9s de que el Banco de Espa\u00f1a, que \"acept\u00f3 este principio\", alertara de la situaci\u00f3n de \"riesgo extremo\" en que se encontraban estas entidades. As\u00ed lo ha explicado hoy","canonical_url":"https:\/\/www.eldigitaldeasturias.com\/noticias\/la-generalitat-primo-la-fusion-de-cajas-catalanas-ante-su-riesgo-extremo\/","robots":"max-image-preview:large","keywords":"actualidad","webmasterTools":{"google-site-verification":"UA-38556648-1","msvalidate.01":"7dfe9f3f1b24437ab69f4f2559babe99","miscellaneous":""},"schema":{"@context":"https:\/\/schema.org","@graph":[{"@type":"BlogPosting","@id":"https:\/\/www.eldigitaldeasturias.com\/noticias\/la-generalitat-primo-la-fusion-de-cajas-catalanas-ante-su-riesgo-extremo\/#blogposting","name":"La Generalitat prim\u00f3 la fusi\u00f3n de cajas catalanas ante su \u00abriesgo extremo\u00bb - El Digital de Asturias","headline":"La Generalitat prim\u00f3 la fusi\u00f3n de cajas catalanas ante su \u00abriesgo extremo\u00bb","author":{"@id":"https:\/\/www.eldigitaldeasturias.com\/noticias\/author\/admin\/#author"},"publisher":{"@id":"https:\/\/www.eldigitaldeasturias.com\/noticias\/#organization"},"image":{"@type":"ImageObject","url":482799},"datePublished":"2014-02-03T19:43:24+01:00","dateModified":"2014-02-03T19:43:24+01:00","inLanguage":"es-ES","mainEntityOfPage":{"@id":"https:\/\/www.eldigitaldeasturias.com\/noticias\/la-generalitat-primo-la-fusion-de-cajas-catalanas-ante-su-riesgo-extremo\/#webpage"},"isPartOf":{"@id":"https:\/\/www.eldigitaldeasturias.com\/noticias\/la-generalitat-primo-la-fusion-de-cajas-catalanas-ante-su-riesgo-extremo\/#webpage"},"articleSection":"Actualidad"},{"@type":"BreadcrumbList","@id":"https:\/\/www.eldigitaldeasturias.com\/noticias\/la-generalitat-primo-la-fusion-de-cajas-catalanas-ante-su-riesgo-extremo\/#breadcrumblist","itemListElement":[{"@type":"ListItem","@id":"https:\/\/www.eldigitaldeasturias.com\/noticias#listItem","position":1,"name":"Home","item":"https:\/\/www.eldigitaldeasturias.com\/noticias","nextItem":{"@type":"ListItem","@id":"https:\/\/www.eldigitaldeasturias.com\/noticias\/category\/actualidad\/#listItem","name":"Actualidad"}},{"@type":"ListItem","@id":"https:\/\/www.eldigitaldeasturias.com\/noticias\/category\/actualidad\/#listItem","position":2,"name":"Actualidad","item":"https:\/\/www.eldigitaldeasturias.com\/noticias\/category\/actualidad\/","nextItem":{"@type":"ListItem","@id":"https:\/\/www.eldigitaldeasturias.com\/noticias\/la-generalitat-primo-la-fusion-de-cajas-catalanas-ante-su-riesgo-extremo\/#listItem","name":"La Generalitat prim\u00f3 la fusi\u00f3n de cajas catalanas ante su \u00abriesgo extremo\u00bb"},"previousItem":{"@type":"ListItem","@id":"https:\/\/www.eldigitaldeasturias.com\/noticias#listItem","name":"Home"}},{"@type":"ListItem","@id":"https:\/\/www.eldigitaldeasturias.com\/noticias\/la-generalitat-primo-la-fusion-de-cajas-catalanas-ante-su-riesgo-extremo\/#listItem","position":3,"name":"La Generalitat prim\u00f3 la fusi\u00f3n de cajas catalanas ante su \u00abriesgo extremo\u00bb","previousItem":{"@type":"ListItem","@id":"https:\/\/www.eldigitaldeasturias.com\/noticias\/category\/actualidad\/#listItem","name":"Actualidad"}}]},{"@type":"Organization","@id":"https:\/\/www.eldigitaldeasturias.com\/noticias\/#organization","name":"El Digital de Asturias","description":"Hemeroteca","url":"https:\/\/www.eldigitaldeasturias.com\/noticias\/","email":"info@eldigitaldeasturias.com","telephone":"+34652131393","logo":{"@type":"ImageObject","url":"https:\/\/www.eldigitaldeasturias.com\/noticias\/wp-content\/uploads\/2020\/12\/EDA.jpg","@id":"https:\/\/www.eldigitaldeasturias.com\/noticias\/la-generalitat-primo-la-fusion-de-cajas-catalanas-ante-su-riesgo-extremo\/#organizationLogo"},"image":{"@id":"https:\/\/www.eldigitaldeasturias.com\/noticias\/la-generalitat-primo-la-fusion-de-cajas-catalanas-ante-su-riesgo-extremo\/#organizationLogo"},"sameAs":["https:\/\/facebook.com\/eldigitaldeasturias","https:\/\/www.youtube.com\/channel\/UCZP-2wLEB9Rv6erhFmqVnvg"],"address":{"@id":"https:\/\/www.eldigitaldeasturias.com\/noticias\/#postaladdress","@type":"PostalAddress","streetAddress":"san antonio 4","postalCode":"33430","addressLocality":"Cand\u00e1s","addressRegion":"Asturias","addressCountry":"ES"}},{"@type":"Person","@id":"https:\/\/www.eldigitaldeasturias.com\/noticias\/author\/admin\/#author","url":"https:\/\/www.eldigitaldeasturias.com\/noticias\/author\/admin\/","name":"El Digital de Asturias","image":{"@type":"ImageObject","@id":"https:\/\/www.eldigitaldeasturias.com\/noticias\/la-generalitat-primo-la-fusion-de-cajas-catalanas-ante-su-riesgo-extremo\/#authorImage","url":"https:\/\/secure.gravatar.com\/avatar\/df2aeffc32bcd13f8d26072ef8a91b623d677766deac7f97ca815868cd41bf5e?s=96&d=mm&r=g","width":96,"height":96,"caption":"El Digital de Asturias"}},{"@type":"WebPage","@id":"https:\/\/www.eldigitaldeasturias.com\/noticias\/la-generalitat-primo-la-fusion-de-cajas-catalanas-ante-su-riesgo-extremo\/#webpage","url":"https:\/\/www.eldigitaldeasturias.com\/noticias\/la-generalitat-primo-la-fusion-de-cajas-catalanas-ante-su-riesgo-extremo\/","name":"La Generalitat prim\u00f3 la fusi\u00f3n de cajas catalanas ante su \u00abriesgo extremo\u00bb - El Digital de Asturias","description":"Barcelona, 3 feb (EFE).- El gobierno de la Generalitat defendi\u00f3 en el a\u00f1o 2009 la prioridad de promover la fusi\u00f3n de las cajas de ahorro catalanas, despu\u00e9s de que el Banco de Espa\u00f1a, que \"acept\u00f3 este principio\", alertara de la situaci\u00f3n de \"riesgo extremo\" en que se encontraban estas entidades. As\u00ed lo ha explicado hoy","inLanguage":"es-ES","isPartOf":{"@id":"https:\/\/www.eldigitaldeasturias.com\/noticias\/#website"},"breadcrumb":{"@id":"https:\/\/www.eldigitaldeasturias.com\/noticias\/la-generalitat-primo-la-fusion-de-cajas-catalanas-ante-su-riesgo-extremo\/#breadcrumblist"},"author":{"@id":"https:\/\/www.eldigitaldeasturias.com\/noticias\/author\/admin\/#author"},"creator":{"@id":"https:\/\/www.eldigitaldeasturias.com\/noticias\/author\/admin\/#author"},"image":{"@type":"ImageObject","url":482799,"@id":"https:\/\/www.eldigitaldeasturias.com\/noticias\/la-generalitat-primo-la-fusion-de-cajas-catalanas-ante-su-riesgo-extremo\/#mainImage"},"primaryImageOfPage":{"@id":"https:\/\/www.eldigitaldeasturias.com\/noticias\/la-generalitat-primo-la-fusion-de-cajas-catalanas-ante-su-riesgo-extremo\/#mainImage"},"datePublished":"2014-02-03T19:43:24+01:00","dateModified":"2014-02-03T19:43:24+01:00"},{"@type":"WebSite","@id":"https:\/\/www.eldigitaldeasturias.com\/noticias\/#website","url":"https:\/\/www.eldigitaldeasturias.com\/noticias\/","name":"El Digital de Asturias - Diario de actualidad y noticias","alternateName":"El Digital de Asturias - Diario de actualidad y noticias","description":"Hemeroteca","inLanguage":"es-ES","publisher":{"@id":"https:\/\/www.eldigitaldeasturias.com\/noticias\/#organization"}}]},"og:locale":"es_ES","og:site_name":"El Digital de Asturias","og:type":"article","og:title":"La Generalitat prim\u00f3 la fusi\u00f3n de cajas catalanas ante su \u00abriesgo extremo\u00bb - El Digital de Asturias","og:description":"Barcelona, 3 feb (EFE).- El gobierno de la Generalitat defendi\u00f3 en el a\u00f1o 2009 la prioridad de promover la fusi\u00f3n de las cajas de ahorro catalanas, despu\u00e9s de que el Banco de Espa\u00f1a, que &quot;acept\u00f3 este principio&quot;, alertara de la situaci\u00f3n de &quot;riesgo extremo&quot; en que se encontraban estas entidades. As\u00ed lo ha explicado hoy","og:url":"https:\/\/www.eldigitaldeasturias.com\/noticias\/la-generalitat-primo-la-fusion-de-cajas-catalanas-ante-su-riesgo-extremo\/","article:tag":["actualidad"],"article:published_time":"2014-02-03T20:43:24+00:00","article:modified_time":"2014-02-03T20:43:24+00:00","article:publisher":"https:\/\/facebook.com\/eldigitaldeasturias","twitter:card":"summary_large_image","twitter:title":"La Generalitat prim\u00f3 la fusi\u00f3n de cajas catalanas ante su \u00abriesgo extremo\u00bb - El Digital de Asturias","twitter:description":"Barcelona, 3 feb (EFE).- El gobierno de la Generalitat defendi\u00f3 en el a\u00f1o 2009 la prioridad de promover la fusi\u00f3n de las cajas de ahorro catalanas, despu\u00e9s de que el Banco de Espa\u00f1a, que &quot;acept\u00f3 este principio&quot;, alertara de la situaci\u00f3n de &quot;riesgo extremo&quot; en que se encontraban estas entidades. As\u00ed lo ha explicado hoy","twitter:label1":"Escrito por","twitter:data1":"El Digital de Asturias","twitter:label2":"Tiempo de lectura estimado","twitter:data2":"3 minutos"},"aioseo_meta_data":{"post_id":"482798","title":null,"description":null,"keywords":null,"keyphrases":null,"primary_term":null,"canonical_url":null,"og_title":null,"og_description":null,"og_object_type":"default","og_image_type":"default","og_image_url":null,"og_image_width":null,"og_image_height":null,"og_image_custom_url":null,"og_image_custom_fields":null,"og_video":null,"og_custom_url":null,"og_article_section":null,"og_article_tags":null,"twitter_use_og":true,"twitter_card":"default","twitter_image_type":"default","twitter_image_url":null,"twitter_image_custom_url":null,"twitter_image_custom_fields":null,"twitter_title":null,"twitter_description":null,"schema":{"blockGraphs":[],"customGraphs":[],"default":{"data":{"Article":[],"Course":[],"Dataset":[],"FAQPage":[],"Movie":[],"Person":[],"Product":[],"ProductReview":[],"Car":[],"Recipe":[],"Service":[],"SoftwareApplication":[],"WebPage":[]},"graphName":"","isEnabled":true},"graphs":[],"defaultGraph":"","defaultPostTypeGraph":""},"schema_type":null,"schema_type_options":null,"pillar_content":false,"robots_default":true,"robots_noindex":false,"robots_noarchive":false,"robots_nosnippet":false,"robots_nofollow":false,"robots_noimageindex":false,"robots_noodp":false,"robots_notranslate":false,"robots_max_snippet":null,"robots_max_videopreview":null,"robots_max_imagepreview":"none","priority":null,"frequency":null,"local_seo":null,"seo_analyzer_scan_date":"2026-06-02 10:56:33","breadcrumb_settings":null,"limit_modified_date":false,"open_ai":null,"ai":null,"created":"2020-11-14 22:54:40","updated":"2026-06-02 10:56:33","focus_keyword":null,"additional_keywords":null,"truseo_locale":null},"aioseo_breadcrumb":"<div class=\"aioseo-breadcrumbs\"><span class=\"aioseo-breadcrumb\">\n\t<a href=\"https:\/\/www.eldigitaldeasturias.com\/noticias\" title=\"Home\">Home<\/a>\n<\/span><span class=\"aioseo-breadcrumb-separator\">\u2013<\/span><span class=\"aioseo-breadcrumb\">\n\t<a href=\"https:\/\/www.eldigitaldeasturias.com\/noticias\/category\/actualidad\/\" title=\"Actualidad\">Actualidad<\/a>\n<\/span><span class=\"aioseo-breadcrumb-separator\">\u2013<\/span><span class=\"aioseo-breadcrumb\">\n\t<a href=\"https:\/\/www.eldigitaldeasturias.com\/noticias\/la-generalitat-primo-la-fusion-de-cajas-catalanas-ante-su-riesgo-extremo\/\" title=\"La Generalitat prim\u00f3 la fusi\u00f3n de cajas catalanas ante su \u00abriesgo extremo\u00bb\">La Generalitat prim\u00f3 la fusi\u00f3n de cajas catalanas ante su \u00abriesgo extremo\u00bb<\/a>\n<\/span><\/div>","aioseo_breadcrumb_json":[{"label":"Home","link":"https:\/\/www.eldigitaldeasturias.com\/noticias"},{"label":"Actualidad","link":"https:\/\/www.eldigitaldeasturias.com\/noticias\/category\/actualidad\/"},{"label":"La Generalitat prim\u00f3 la fusi\u00f3n de cajas catalanas ante su \u00abriesgo extremo\u00bb","link":"https:\/\/www.eldigitaldeasturias.com\/noticias\/la-generalitat-primo-la-fusion-de-cajas-catalanas-ante-su-riesgo-extremo\/"}],"_links":{"self":[{"href":"https:\/\/www.eldigitaldeasturias.com\/noticias\/wp-json\/wp\/v2\/posts\/482798","targetHints":{"allow":["GET"]}}],"collection":[{"href":"https:\/\/www.eldigitaldeasturias.com\/noticias\/wp-json\/wp\/v2\/posts"}],"about":[{"href":"https:\/\/www.eldigitaldeasturias.com\/noticias\/wp-json\/wp\/v2\/types\/post"}],"author":[{"embeddable":true,"href":"https:\/\/www.eldigitaldeasturias.com\/noticias\/wp-json\/wp\/v2\/users\/1"}],"replies":[{"embeddable":true,"href":"https:\/\/www.eldigitaldeasturias.com\/noticias\/wp-json\/wp\/v2\/comments?post=482798"}],"version-history":[{"count":0,"href":"https:\/\/www.eldigitaldeasturias.com\/noticias\/wp-json\/wp\/v2\/posts\/482798\/revisions"}],"wp:attachment":[{"href":"https:\/\/www.eldigitaldeasturias.com\/noticias\/wp-json\/wp\/v2\/media?parent=482798"}],"wp:term":[{"taxonomy":"category","embeddable":true,"href":"https:\/\/www.eldigitaldeasturias.com\/noticias\/wp-json\/wp\/v2\/categories?post=482798"},{"taxonomy":"post_tag","embeddable":true,"href":"https:\/\/www.eldigitaldeasturias.com\/noticias\/wp-json\/wp\/v2\/tags?post=482798"}],"curies":[{"name":"wp","href":"https:\/\/api.w.org\/{rel}","templated":true}]}}