{"id":482795,"date":"2014-02-03T19:41:39","date_gmt":"2014-02-03T20:41:39","guid":{"rendered":"http:\/\/www.eldigitaldeasturias.com\/noticias\/?p=482795"},"modified":"2014-02-03T19:41:39","modified_gmt":"2014-02-03T20:41:39","slug":"sanchez-camacho-dice-que-mas-no-se-atreve-a-defender-el-referendum-en-el-congreso","status":"publish","type":"post","link":"https:\/\/www.eldigitaldeasturias.com\/noticias\/sanchez-camacho-dice-que-mas-no-se-atreve-a-defender-el-referendum-en-el-congreso\/","title":{"rendered":"S\u00e1nchez-Camacho dice que \u00abMas no se atreve a defender el refer\u00e9ndum en el Congreso\u00bb"},"content":{"rendered":"<p><img loading=\"lazy\" decoding=\"async\" class=\"alignleft size-medium wp-image-482796\" alt=\"5903845w\" src=\"https:\/\/www.eldigitaldeasturias.com\/noticias\/wp-content\/uploads\/2014\/02\/5903845w-360x240.jpg\" width=\"360\" height=\"240\" \/>Barcelona, 3 feb (EFE).- La presidenta del PPC, Alicia S\u00e1nchez-Camacho, ha acusado hoy al presidente de la Generalitat, Artur Mas, de no atreverse a presentar personalmente en el Congreso de los Diputados la solicitud de transferencia de las competencias para poder realizar en Catalu\u00f1a una eventual consulta soberanista.<\/p>\n<p>Los tres partidos catalanes con representaci\u00f3n en el Congreso que apoyan la consulta independentista en Catalu\u00f1a -CiU, ICV y ERC- han registrado hoy en el Congreso sendas proposiciones de ley pidiendo que se delegue en la Generalitat la competencia para convocar la consulta soberanista.<\/p>\n<p>En rueda de prensa en la sede del PPC, S\u00e1nchez-Camacho ha lamentado que Mas \u00abno se atreva\u00bb y sea \u00abincapaz\u00bb de llevar el refer\u00e9ndum al Congreso porque sabe, ha dicho, que es \u00abilegal\u00bb y que \u00abest\u00e1 impulsando una iniciativa fuera de la ley\u00bb.<\/p>\n<p>\u00abCuando un presidente y su gobierno se dedican solo a hablar de una consulta fuera de la ley han de tener la capacidad necesaria para presentar el refer\u00e9ndum en el Congreso. Mas deber\u00eda tener la categor\u00eda nacional necesaria para aceptar los resultados necesarios\u00bb, ha explicado la presidenta popular.<\/p>\n<p>S\u00e1nchez-Camacho ha acusado tambi\u00e9n al presidente catal\u00e1n de no tener la mano tendida al di\u00e1logo con el Gobierno \u00abal margen del refer\u00e9ndum\u00bb, porque \u00abno le interesa\u00bb hablar de la financiaci\u00f3n, de bajada de impuestos o de las pol\u00edticas econ\u00f3micas para sacar a Catalu\u00f1a y a Espa\u00f1a de la crisis.<\/p>\n<p>\u00abLas ofertas de di\u00e1logo han de ser de los dos, y no que uno exija constantemente que se le solucionen los problemas\u00bb, ha mantenido la dirigente popular, que ha augurado que Mas va a dejar \u00abinsatisfechos\u00bb tanto a los independentistas catalanes como a los que quieren que Catalu\u00f1a permanezca en Espa\u00f1a porque solamente tiene intereses \u00abpartidistas y personales\u00bb.<\/p>\n<p>\u00abAl final -ha dicho- el choque de trenes demostrar\u00e1 que Mas est\u00e1 enga\u00f1ando a todos. Est\u00e1 jugando y utilizando los sentimientos de todos con un objetivo partidista y personal, para salvarse a s\u00ed mismo\u00bb.<\/p>\n","protected":false},"excerpt":{"rendered":"<p>Barcelona, 3 feb (EFE).- La presidenta del PPC, Alicia S\u00e1nchez-Camacho, ha acusado hoy al presidente de la Generalitat, Artur Mas, de no atreverse a presentar personalmente en el Congreso de los Diputados la solicitud de transferencia de las competencias para poder realizar en Catalu\u00f1a una eventual consulta soberanista. Los tres partidos catalanes con representaci\u00f3n en [&hellip;]<\/p>\n","protected":false},"author":1,"featured_media":482796,"comment_status":"closed","ping_status":"open","sticky":false,"template":"","format":"standard","meta":{"footnotes":""},"categories":[1],"tags":[],"class_list":["post-482795","post","type-post","status-publish","format-standard","has-post-thumbnail","hentry","category-actualidad"],"aioseo_notices":[],"aioseo_head":"\n\t\t<!-- All in One SEO Pro 5.0.1 - aioseo.com -->\n\t<meta name=\"description\" content=\"Barcelona, 3 feb (EFE).- La presidenta del PPC, Alicia S\u00e1nchez-Camacho, ha acusado hoy al presidente de la Generalitat, Artur Mas, de no atreverse a presentar personalmente en el Congreso de los Diputados la solicitud de transferencia de las competencias para poder realizar en Catalu\u00f1a una eventual consulta soberanista. Los tres partidos catalanes con representaci\u00f3n en\" \/>\n\t<meta name=\"robots\" content=\"max-image-preview:large\" \/>\n\t<meta name=\"author\" content=\"El Digital de Asturias\"\/>\n\t<meta name=\"google-site-verification\" content=\"UA-38556648-1\" \/>\n\t<meta name=\"msvalidate.01\" content=\"7dfe9f3f1b24437ab69f4f2559babe99\" \/>\n\t<meta name=\"keywords\" content=\"actualidad\" \/>\n\t<link rel=\"canonical\" href=\"https:\/\/www.eldigitaldeasturias.com\/noticias\/sanchez-camacho-dice-que-mas-no-se-atreve-a-defender-el-referendum-en-el-congreso\/\" \/>\n\t<meta name=\"generator\" content=\"All in One SEO Pro (AIOSEO) 5.0.1\" \/>\n\t\t<meta property=\"og:locale\" content=\"es_ES\" \/>\n\t\t<meta property=\"og:site_name\" content=\"El Digital de Asturias\" \/>\n\t\t<meta property=\"og:type\" content=\"article\" \/>\n\t\t<meta property=\"og:title\" content=\"S\u00e1nchez-Camacho dice que \u00abMas no se atreve a defender el refer\u00e9ndum en el Congreso\u00bb - El Digital de Asturias\" \/>\n\t\t<meta property=\"og:description\" content=\"Barcelona, 3 feb (EFE).- La presidenta del PPC, Alicia S\u00e1nchez-Camacho, ha acusado hoy al presidente de la Generalitat, Artur Mas, de no atreverse a presentar personalmente en el Congreso de los Diputados la solicitud de transferencia de las competencias para poder realizar en Catalu\u00f1a una eventual consulta soberanista. Los tres partidos catalanes con representaci\u00f3n en\" \/>\n\t\t<meta property=\"og:url\" content=\"https:\/\/www.eldigitaldeasturias.com\/noticias\/sanchez-camacho-dice-que-mas-no-se-atreve-a-defender-el-referendum-en-el-congreso\/\" \/>\n\t\t<meta property=\"article:tag\" content=\"actualidad\" \/>\n\t\t<meta property=\"article:published_time\" content=\"2014-02-03T20:41:39+00:00\" \/>\n\t\t<meta property=\"article:modified_time\" content=\"2014-02-03T20:41:39+00:00\" \/>\n\t\t<meta property=\"article:publisher\" content=\"https:\/\/facebook.com\/eldigitaldeasturias\" \/>\n\t\t<meta name=\"twitter:card\" content=\"summary_large_image\" \/>\n\t\t<meta name=\"twitter:title\" content=\"S\u00e1nchez-Camacho dice que \u00abMas no se atreve a defender el refer\u00e9ndum en el Congreso\u00bb - El Digital de Asturias\" \/>\n\t\t<meta name=\"twitter:description\" content=\"Barcelona, 3 feb (EFE).- La presidenta del PPC, Alicia S\u00e1nchez-Camacho, ha acusado hoy al presidente de la Generalitat, Artur Mas, de no atreverse a presentar personalmente en el Congreso de los Diputados la solicitud de transferencia de las competencias para poder realizar en Catalu\u00f1a una eventual consulta soberanista. Los tres partidos catalanes con representaci\u00f3n en\" \/>\n\t\t<meta name=\"twitter:label1\" content=\"Escrito por\" \/>\n\t\t<meta name=\"twitter:data1\" content=\"El Digital de Asturias\" \/>\n\t\t<meta name=\"twitter:label2\" content=\"Tiempo de lectura estimado\" \/>\n\t\t<meta name=\"twitter:data2\" content=\"2 minutos\" \/>\n\t\t<script type=\"application\/ld+json\" class=\"aioseo-schema\">\n\t\t\t{\"@context\":\"https:\\\/\\\/schema.org\",\"@graph\":[{\"@type\":\"BlogPosting\",\"@id\":\"https:\\\/\\\/www.eldigitaldeasturias.com\\\/noticias\\\/sanchez-camacho-dice-que-mas-no-se-atreve-a-defender-el-referendum-en-el-congreso\\\/#blogposting\",\"name\":\"S\\u00e1nchez-Camacho dice que \\u00abMas no se atreve a defender el refer\\u00e9ndum en el Congreso\\u00bb - El Digital de Asturias\",\"headline\":\"S\\u00e1nchez-Camacho dice que \\u00abMas no se atreve a defender el refer\\u00e9ndum en el Congreso\\u00bb\",\"author\":{\"@id\":\"https:\\\/\\\/www.eldigitaldeasturias.com\\\/noticias\\\/author\\\/admin\\\/#author\"},\"publisher\":{\"@id\":\"https:\\\/\\\/www.eldigitaldeasturias.com\\\/noticias\\\/#organization\"},\"image\":{\"@type\":\"ImageObject\",\"url\":482796},\"datePublished\":\"2014-02-03T19:41:39+01:00\",\"dateModified\":\"2014-02-03T19:41:39+01:00\",\"inLanguage\":\"es-ES\",\"mainEntityOfPage\":{\"@id\":\"https:\\\/\\\/www.eldigitaldeasturias.com\\\/noticias\\\/sanchez-camacho-dice-que-mas-no-se-atreve-a-defender-el-referendum-en-el-congreso\\\/#webpage\"},\"isPartOf\":{\"@id\":\"https:\\\/\\\/www.eldigitaldeasturias.com\\\/noticias\\\/sanchez-camacho-dice-que-mas-no-se-atreve-a-defender-el-referendum-en-el-congreso\\\/#webpage\"},\"articleSection\":\"Actualidad\"},{\"@type\":\"BreadcrumbList\",\"@id\":\"https:\\\/\\\/www.eldigitaldeasturias.com\\\/noticias\\\/sanchez-camacho-dice-que-mas-no-se-atreve-a-defender-el-referendum-en-el-congreso\\\/#breadcrumblist\",\"itemListElement\":[{\"@type\":\"ListItem\",\"@id\":\"https:\\\/\\\/www.eldigitaldeasturias.com\\\/noticias#listItem\",\"position\":1,\"name\":\"Home\",\"item\":\"https:\\\/\\\/www.eldigitaldeasturias.com\\\/noticias\",\"nextItem\":{\"@type\":\"ListItem\",\"@id\":\"https:\\\/\\\/www.eldigitaldeasturias.com\\\/noticias\\\/category\\\/actualidad\\\/#listItem\",\"name\":\"Actualidad\"}},{\"@type\":\"ListItem\",\"@id\":\"https:\\\/\\\/www.eldigitaldeasturias.com\\\/noticias\\\/category\\\/actualidad\\\/#listItem\",\"position\":2,\"name\":\"Actualidad\",\"item\":\"https:\\\/\\\/www.eldigitaldeasturias.com\\\/noticias\\\/category\\\/actualidad\\\/\",\"nextItem\":{\"@type\":\"ListItem\",\"@id\":\"https:\\\/\\\/www.eldigitaldeasturias.com\\\/noticias\\\/sanchez-camacho-dice-que-mas-no-se-atreve-a-defender-el-referendum-en-el-congreso\\\/#listItem\",\"name\":\"S\\u00e1nchez-Camacho dice que \\u00abMas no se atreve a defender el refer\\u00e9ndum en el Congreso\\u00bb\"},\"previousItem\":{\"@type\":\"ListItem\",\"@id\":\"https:\\\/\\\/www.eldigitaldeasturias.com\\\/noticias#listItem\",\"name\":\"Home\"}},{\"@type\":\"ListItem\",\"@id\":\"https:\\\/\\\/www.eldigitaldeasturias.com\\\/noticias\\\/sanchez-camacho-dice-que-mas-no-se-atreve-a-defender-el-referendum-en-el-congreso\\\/#listItem\",\"position\":3,\"name\":\"S\\u00e1nchez-Camacho dice que \\u00abMas no se atreve a defender el refer\\u00e9ndum en el Congreso\\u00bb\",\"previousItem\":{\"@type\":\"ListItem\",\"@id\":\"https:\\\/\\\/www.eldigitaldeasturias.com\\\/noticias\\\/category\\\/actualidad\\\/#listItem\",\"name\":\"Actualidad\"}}]},{\"@type\":\"Organization\",\"@id\":\"https:\\\/\\\/www.eldigitaldeasturias.com\\\/noticias\\\/#organization\",\"name\":\"El Digital de Asturias\",\"description\":\"Hemeroteca\",\"url\":\"https:\\\/\\\/www.eldigitaldeasturias.com\\\/noticias\\\/\",\"email\":\"info@eldigitaldeasturias.com\",\"telephone\":\"+34652131393\",\"logo\":{\"@type\":\"ImageObject\",\"url\":\"https:\\\/\\\/www.eldigitaldeasturias.com\\\/noticias\\\/wp-content\\\/uploads\\\/2020\\\/12\\\/EDA.jpg\",\"@id\":\"https:\\\/\\\/www.eldigitaldeasturias.com\\\/noticias\\\/sanchez-camacho-dice-que-mas-no-se-atreve-a-defender-el-referendum-en-el-congreso\\\/#organizationLogo\"},\"image\":{\"@id\":\"https:\\\/\\\/www.eldigitaldeasturias.com\\\/noticias\\\/sanchez-camacho-dice-que-mas-no-se-atreve-a-defender-el-referendum-en-el-congreso\\\/#organizationLogo\"},\"sameAs\":[\"https:\\\/\\\/facebook.com\\\/eldigitaldeasturias\",\"https:\\\/\\\/www.youtube.com\\\/channel\\\/UCZP-2wLEB9Rv6erhFmqVnvg\"],\"address\":{\"@id\":\"https:\\\/\\\/www.eldigitaldeasturias.com\\\/noticias\\\/#postaladdress\",\"@type\":\"PostalAddress\",\"streetAddress\":\"san antonio 4\",\"postalCode\":\"33430\",\"addressLocality\":\"Cand\\u00e1s\",\"addressRegion\":\"Asturias\",\"addressCountry\":\"ES\"}},{\"@type\":\"Person\",\"@id\":\"https:\\\/\\\/www.eldigitaldeasturias.com\\\/noticias\\\/author\\\/admin\\\/#author\",\"url\":\"https:\\\/\\\/www.eldigitaldeasturias.com\\\/noticias\\\/author\\\/admin\\\/\",\"name\":\"El Digital de Asturias\",\"image\":{\"@type\":\"ImageObject\",\"@id\":\"https:\\\/\\\/www.eldigitaldeasturias.com\\\/noticias\\\/sanchez-camacho-dice-que-mas-no-se-atreve-a-defender-el-referendum-en-el-congreso\\\/#authorImage\",\"url\":\"https:\\\/\\\/secure.gravatar.com\\\/avatar\\\/df2aeffc32bcd13f8d26072ef8a91b623d677766deac7f97ca815868cd41bf5e?s=96&d=mm&r=g\",\"width\":96,\"height\":96,\"caption\":\"El Digital de Asturias\"}},{\"@type\":\"WebPage\",\"@id\":\"https:\\\/\\\/www.eldigitaldeasturias.com\\\/noticias\\\/sanchez-camacho-dice-que-mas-no-se-atreve-a-defender-el-referendum-en-el-congreso\\\/#webpage\",\"url\":\"https:\\\/\\\/www.eldigitaldeasturias.com\\\/noticias\\\/sanchez-camacho-dice-que-mas-no-se-atreve-a-defender-el-referendum-en-el-congreso\\\/\",\"name\":\"S\\u00e1nchez-Camacho dice que \\u00abMas no se atreve a defender el refer\\u00e9ndum en el Congreso\\u00bb - El Digital de Asturias\",\"description\":\"Barcelona, 3 feb (EFE).- La presidenta del PPC, Alicia S\\u00e1nchez-Camacho, ha acusado hoy al presidente de la Generalitat, Artur Mas, de no atreverse a presentar personalmente en el Congreso de los Diputados la solicitud de transferencia de las competencias para poder realizar en Catalu\\u00f1a una eventual consulta soberanista. Los tres partidos catalanes con representaci\\u00f3n en\",\"inLanguage\":\"es-ES\",\"isPartOf\":{\"@id\":\"https:\\\/\\\/www.eldigitaldeasturias.com\\\/noticias\\\/#website\"},\"breadcrumb\":{\"@id\":\"https:\\\/\\\/www.eldigitaldeasturias.com\\\/noticias\\\/sanchez-camacho-dice-que-mas-no-se-atreve-a-defender-el-referendum-en-el-congreso\\\/#breadcrumblist\"},\"author\":{\"@id\":\"https:\\\/\\\/www.eldigitaldeasturias.com\\\/noticias\\\/author\\\/admin\\\/#author\"},\"creator\":{\"@id\":\"https:\\\/\\\/www.eldigitaldeasturias.com\\\/noticias\\\/author\\\/admin\\\/#author\"},\"image\":{\"@type\":\"ImageObject\",\"url\":482796,\"@id\":\"https:\\\/\\\/www.eldigitaldeasturias.com\\\/noticias\\\/sanchez-camacho-dice-que-mas-no-se-atreve-a-defender-el-referendum-en-el-congreso\\\/#mainImage\"},\"primaryImageOfPage\":{\"@id\":\"https:\\\/\\\/www.eldigitaldeasturias.com\\\/noticias\\\/sanchez-camacho-dice-que-mas-no-se-atreve-a-defender-el-referendum-en-el-congreso\\\/#mainImage\"},\"datePublished\":\"2014-02-03T19:41:39+01:00\",\"dateModified\":\"2014-02-03T19:41:39+01:00\"},{\"@type\":\"WebSite\",\"@id\":\"https:\\\/\\\/www.eldigitaldeasturias.com\\\/noticias\\\/#website\",\"url\":\"https:\\\/\\\/www.eldigitaldeasturias.com\\\/noticias\\\/\",\"name\":\"El Digital de Asturias - Diario de actualidad y noticias\",\"alternateName\":\"El Digital de Asturias - Diario de actualidad y noticias\",\"description\":\"Hemeroteca\",\"inLanguage\":\"es-ES\",\"publisher\":{\"@id\":\"https:\\\/\\\/www.eldigitaldeasturias.com\\\/noticias\\\/#organization\"}}]}\n\t\t<\/script>\n\t\t<!-- All in One SEO Pro -->\r\n\t\t<title>S\u00e1nchez-Camacho dice que \u00abMas no se atreve a defender el refer\u00e9ndum en el Congreso\u00bb - El Digital de Asturias<\/title>\n\n","aioseo_head_json":{"title":"S\u00e1nchez-Camacho dice que \u00abMas no se atreve a defender el refer\u00e9ndum en el Congreso\u00bb - El Digital de Asturias","description":"Barcelona, 3 feb (EFE).- La presidenta del PPC, Alicia S\u00e1nchez-Camacho, ha acusado hoy al presidente de la Generalitat, Artur Mas, de no atreverse a presentar personalmente en el Congreso de los Diputados la solicitud de transferencia de las competencias para poder realizar en Catalu\u00f1a una eventual consulta soberanista. Los tres partidos catalanes con representaci\u00f3n en","canonical_url":"https:\/\/www.eldigitaldeasturias.com\/noticias\/sanchez-camacho-dice-que-mas-no-se-atreve-a-defender-el-referendum-en-el-congreso\/","robots":"max-image-preview:large","keywords":"actualidad","webmasterTools":{"google-site-verification":"UA-38556648-1","msvalidate.01":"7dfe9f3f1b24437ab69f4f2559babe99","miscellaneous":""},"schema":{"@context":"https:\/\/schema.org","@graph":[{"@type":"BlogPosting","@id":"https:\/\/www.eldigitaldeasturias.com\/noticias\/sanchez-camacho-dice-que-mas-no-se-atreve-a-defender-el-referendum-en-el-congreso\/#blogposting","name":"S\u00e1nchez-Camacho dice que \u00abMas no se atreve a defender el refer\u00e9ndum en el Congreso\u00bb - El Digital de Asturias","headline":"S\u00e1nchez-Camacho dice que \u00abMas no se atreve a defender el refer\u00e9ndum en el Congreso\u00bb","author":{"@id":"https:\/\/www.eldigitaldeasturias.com\/noticias\/author\/admin\/#author"},"publisher":{"@id":"https:\/\/www.eldigitaldeasturias.com\/noticias\/#organization"},"image":{"@type":"ImageObject","url":482796},"datePublished":"2014-02-03T19:41:39+01:00","dateModified":"2014-02-03T19:41:39+01:00","inLanguage":"es-ES","mainEntityOfPage":{"@id":"https:\/\/www.eldigitaldeasturias.com\/noticias\/sanchez-camacho-dice-que-mas-no-se-atreve-a-defender-el-referendum-en-el-congreso\/#webpage"},"isPartOf":{"@id":"https:\/\/www.eldigitaldeasturias.com\/noticias\/sanchez-camacho-dice-que-mas-no-se-atreve-a-defender-el-referendum-en-el-congreso\/#webpage"},"articleSection":"Actualidad"},{"@type":"BreadcrumbList","@id":"https:\/\/www.eldigitaldeasturias.com\/noticias\/sanchez-camacho-dice-que-mas-no-se-atreve-a-defender-el-referendum-en-el-congreso\/#breadcrumblist","itemListElement":[{"@type":"ListItem","@id":"https:\/\/www.eldigitaldeasturias.com\/noticias#listItem","position":1,"name":"Home","item":"https:\/\/www.eldigitaldeasturias.com\/noticias","nextItem":{"@type":"ListItem","@id":"https:\/\/www.eldigitaldeasturias.com\/noticias\/category\/actualidad\/#listItem","name":"Actualidad"}},{"@type":"ListItem","@id":"https:\/\/www.eldigitaldeasturias.com\/noticias\/category\/actualidad\/#listItem","position":2,"name":"Actualidad","item":"https:\/\/www.eldigitaldeasturias.com\/noticias\/category\/actualidad\/","nextItem":{"@type":"ListItem","@id":"https:\/\/www.eldigitaldeasturias.com\/noticias\/sanchez-camacho-dice-que-mas-no-se-atreve-a-defender-el-referendum-en-el-congreso\/#listItem","name":"S\u00e1nchez-Camacho dice que \u00abMas no se atreve a defender el refer\u00e9ndum en el Congreso\u00bb"},"previousItem":{"@type":"ListItem","@id":"https:\/\/www.eldigitaldeasturias.com\/noticias#listItem","name":"Home"}},{"@type":"ListItem","@id":"https:\/\/www.eldigitaldeasturias.com\/noticias\/sanchez-camacho-dice-que-mas-no-se-atreve-a-defender-el-referendum-en-el-congreso\/#listItem","position":3,"name":"S\u00e1nchez-Camacho dice que \u00abMas no se atreve a defender el refer\u00e9ndum en el Congreso\u00bb","previousItem":{"@type":"ListItem","@id":"https:\/\/www.eldigitaldeasturias.com\/noticias\/category\/actualidad\/#listItem","name":"Actualidad"}}]},{"@type":"Organization","@id":"https:\/\/www.eldigitaldeasturias.com\/noticias\/#organization","name":"El Digital de Asturias","description":"Hemeroteca","url":"https:\/\/www.eldigitaldeasturias.com\/noticias\/","email":"info@eldigitaldeasturias.com","telephone":"+34652131393","logo":{"@type":"ImageObject","url":"https:\/\/www.eldigitaldeasturias.com\/noticias\/wp-content\/uploads\/2020\/12\/EDA.jpg","@id":"https:\/\/www.eldigitaldeasturias.com\/noticias\/sanchez-camacho-dice-que-mas-no-se-atreve-a-defender-el-referendum-en-el-congreso\/#organizationLogo"},"image":{"@id":"https:\/\/www.eldigitaldeasturias.com\/noticias\/sanchez-camacho-dice-que-mas-no-se-atreve-a-defender-el-referendum-en-el-congreso\/#organizationLogo"},"sameAs":["https:\/\/facebook.com\/eldigitaldeasturias","https:\/\/www.youtube.com\/channel\/UCZP-2wLEB9Rv6erhFmqVnvg"],"address":{"@id":"https:\/\/www.eldigitaldeasturias.com\/noticias\/#postaladdress","@type":"PostalAddress","streetAddress":"san antonio 4","postalCode":"33430","addressLocality":"Cand\u00e1s","addressRegion":"Asturias","addressCountry":"ES"}},{"@type":"Person","@id":"https:\/\/www.eldigitaldeasturias.com\/noticias\/author\/admin\/#author","url":"https:\/\/www.eldigitaldeasturias.com\/noticias\/author\/admin\/","name":"El Digital de Asturias","image":{"@type":"ImageObject","@id":"https:\/\/www.eldigitaldeasturias.com\/noticias\/sanchez-camacho-dice-que-mas-no-se-atreve-a-defender-el-referendum-en-el-congreso\/#authorImage","url":"https:\/\/secure.gravatar.com\/avatar\/df2aeffc32bcd13f8d26072ef8a91b623d677766deac7f97ca815868cd41bf5e?s=96&d=mm&r=g","width":96,"height":96,"caption":"El Digital de Asturias"}},{"@type":"WebPage","@id":"https:\/\/www.eldigitaldeasturias.com\/noticias\/sanchez-camacho-dice-que-mas-no-se-atreve-a-defender-el-referendum-en-el-congreso\/#webpage","url":"https:\/\/www.eldigitaldeasturias.com\/noticias\/sanchez-camacho-dice-que-mas-no-se-atreve-a-defender-el-referendum-en-el-congreso\/","name":"S\u00e1nchez-Camacho dice que \u00abMas no se atreve a defender el refer\u00e9ndum en el Congreso\u00bb - El Digital de Asturias","description":"Barcelona, 3 feb (EFE).- La presidenta del PPC, Alicia S\u00e1nchez-Camacho, ha acusado hoy al presidente de la Generalitat, Artur Mas, de no atreverse a presentar personalmente en el Congreso de los Diputados la solicitud de transferencia de las competencias para poder realizar en Catalu\u00f1a una eventual consulta soberanista. Los tres partidos catalanes con representaci\u00f3n en","inLanguage":"es-ES","isPartOf":{"@id":"https:\/\/www.eldigitaldeasturias.com\/noticias\/#website"},"breadcrumb":{"@id":"https:\/\/www.eldigitaldeasturias.com\/noticias\/sanchez-camacho-dice-que-mas-no-se-atreve-a-defender-el-referendum-en-el-congreso\/#breadcrumblist"},"author":{"@id":"https:\/\/www.eldigitaldeasturias.com\/noticias\/author\/admin\/#author"},"creator":{"@id":"https:\/\/www.eldigitaldeasturias.com\/noticias\/author\/admin\/#author"},"image":{"@type":"ImageObject","url":482796,"@id":"https:\/\/www.eldigitaldeasturias.com\/noticias\/sanchez-camacho-dice-que-mas-no-se-atreve-a-defender-el-referendum-en-el-congreso\/#mainImage"},"primaryImageOfPage":{"@id":"https:\/\/www.eldigitaldeasturias.com\/noticias\/sanchez-camacho-dice-que-mas-no-se-atreve-a-defender-el-referendum-en-el-congreso\/#mainImage"},"datePublished":"2014-02-03T19:41:39+01:00","dateModified":"2014-02-03T19:41:39+01:00"},{"@type":"WebSite","@id":"https:\/\/www.eldigitaldeasturias.com\/noticias\/#website","url":"https:\/\/www.eldigitaldeasturias.com\/noticias\/","name":"El Digital de Asturias - Diario de actualidad y noticias","alternateName":"El Digital de Asturias - Diario de actualidad y noticias","description":"Hemeroteca","inLanguage":"es-ES","publisher":{"@id":"https:\/\/www.eldigitaldeasturias.com\/noticias\/#organization"}}]},"og:locale":"es_ES","og:site_name":"El Digital de Asturias","og:type":"article","og:title":"S\u00e1nchez-Camacho dice que \u00abMas no se atreve a defender el refer\u00e9ndum en el Congreso\u00bb - El Digital de Asturias","og:description":"Barcelona, 3 feb (EFE).- La presidenta del PPC, Alicia S\u00e1nchez-Camacho, ha acusado hoy al presidente de la Generalitat, Artur Mas, de no atreverse a presentar personalmente en el Congreso de los Diputados la solicitud de transferencia de las competencias para poder realizar en Catalu\u00f1a una eventual consulta soberanista. Los tres partidos catalanes con representaci\u00f3n en","og:url":"https:\/\/www.eldigitaldeasturias.com\/noticias\/sanchez-camacho-dice-que-mas-no-se-atreve-a-defender-el-referendum-en-el-congreso\/","article:tag":["actualidad"],"article:published_time":"2014-02-03T20:41:39+00:00","article:modified_time":"2014-02-03T20:41:39+00:00","article:publisher":"https:\/\/facebook.com\/eldigitaldeasturias","twitter:card":"summary_large_image","twitter:title":"S\u00e1nchez-Camacho dice que \u00abMas no se atreve a defender el refer\u00e9ndum en el Congreso\u00bb - El Digital de Asturias","twitter:description":"Barcelona, 3 feb (EFE).- La presidenta del PPC, Alicia S\u00e1nchez-Camacho, ha acusado hoy al presidente de la Generalitat, Artur Mas, de no atreverse a presentar personalmente en el Congreso de los Diputados la solicitud de transferencia de las competencias para poder realizar en Catalu\u00f1a una eventual consulta soberanista. Los tres partidos catalanes con representaci\u00f3n en","twitter:label1":"Escrito por","twitter:data1":"El Digital de Asturias","twitter:label2":"Tiempo de lectura estimado","twitter:data2":"2 minutos"},"aioseo_meta_data":{"post_id":"482795","title":null,"description":null,"keywords":null,"keyphrases":null,"primary_term":null,"canonical_url":null,"og_title":null,"og_description":null,"og_object_type":"default","og_image_type":"default","og_image_url":null,"og_image_width":null,"og_image_height":null,"og_image_custom_url":null,"og_image_custom_fields":null,"og_video":null,"og_custom_url":null,"og_article_section":null,"og_article_tags":null,"twitter_use_og":true,"twitter_card":"default","twitter_image_type":"default","twitter_image_url":null,"twitter_image_custom_url":null,"twitter_image_custom_fields":null,"twitter_title":null,"twitter_description":null,"schema":{"blockGraphs":[],"customGraphs":[],"default":{"data":{"Article":[],"Course":[],"Dataset":[],"FAQPage":[],"Movie":[],"Person":[],"Product":[],"ProductReview":[],"Car":[],"Recipe":[],"Service":[],"SoftwareApplication":[],"WebPage":[]},"graphName":"","isEnabled":true},"graphs":[],"defaultGraph":"","defaultPostTypeGraph":""},"schema_type":null,"schema_type_options":null,"pillar_content":false,"robots_default":true,"robots_noindex":false,"robots_noarchive":false,"robots_nosnippet":false,"robots_nofollow":false,"robots_noimageindex":false,"robots_noodp":false,"robots_notranslate":false,"robots_max_snippet":null,"robots_max_videopreview":null,"robots_max_imagepreview":"none","priority":null,"frequency":null,"local_seo":null,"seo_analyzer_scan_date":"2026-06-02 10:56:32","breadcrumb_settings":null,"limit_modified_date":false,"open_ai":null,"ai":null,"created":"2020-11-14 22:54:40","updated":"2026-06-02 10:56:32","focus_keyword":null,"additional_keywords":null,"truseo_locale":null},"aioseo_breadcrumb":"<div class=\"aioseo-breadcrumbs\"><span class=\"aioseo-breadcrumb\">\n\t<a href=\"https:\/\/www.eldigitaldeasturias.com\/noticias\" title=\"Home\">Home<\/a>\n<\/span><span class=\"aioseo-breadcrumb-separator\">\u2013<\/span><span class=\"aioseo-breadcrumb\">\n\t<a href=\"https:\/\/www.eldigitaldeasturias.com\/noticias\/category\/actualidad\/\" title=\"Actualidad\">Actualidad<\/a>\n<\/span><span class=\"aioseo-breadcrumb-separator\">\u2013<\/span><span class=\"aioseo-breadcrumb\">\n\t<a href=\"https:\/\/www.eldigitaldeasturias.com\/noticias\/sanchez-camacho-dice-que-mas-no-se-atreve-a-defender-el-referendum-en-el-congreso\/\" title=\"S\u00e1nchez-Camacho dice que \u00abMas no se atreve a defender el refer\u00e9ndum en el Congreso\u00bb\">S\u00e1nchez-Camacho dice que \u00abMas no se atreve a defender el refer\u00e9ndum en el Congreso\u00bb<\/a>\n<\/span><\/div>","aioseo_breadcrumb_json":[{"label":"Home","link":"https:\/\/www.eldigitaldeasturias.com\/noticias"},{"label":"Actualidad","link":"https:\/\/www.eldigitaldeasturias.com\/noticias\/category\/actualidad\/"},{"label":"S\u00e1nchez-Camacho dice que \u00abMas no se atreve a defender el refer\u00e9ndum en el Congreso\u00bb","link":"https:\/\/www.eldigitaldeasturias.com\/noticias\/sanchez-camacho-dice-que-mas-no-se-atreve-a-defender-el-referendum-en-el-congreso\/"}],"_links":{"self":[{"href":"https:\/\/www.eldigitaldeasturias.com\/noticias\/wp-json\/wp\/v2\/posts\/482795","targetHints":{"allow":["GET"]}}],"collection":[{"href":"https:\/\/www.eldigitaldeasturias.com\/noticias\/wp-json\/wp\/v2\/posts"}],"about":[{"href":"https:\/\/www.eldigitaldeasturias.com\/noticias\/wp-json\/wp\/v2\/types\/post"}],"author":[{"embeddable":true,"href":"https:\/\/www.eldigitaldeasturias.com\/noticias\/wp-json\/wp\/v2\/users\/1"}],"replies":[{"embeddable":true,"href":"https:\/\/www.eldigitaldeasturias.com\/noticias\/wp-json\/wp\/v2\/comments?post=482795"}],"version-history":[{"count":0,"href":"https:\/\/www.eldigitaldeasturias.com\/noticias\/wp-json\/wp\/v2\/posts\/482795\/revisions"}],"wp:attachment":[{"href":"https:\/\/www.eldigitaldeasturias.com\/noticias\/wp-json\/wp\/v2\/media?parent=482795"}],"wp:term":[{"taxonomy":"category","embeddable":true,"href":"https:\/\/www.eldigitaldeasturias.com\/noticias\/wp-json\/wp\/v2\/categories?post=482795"},{"taxonomy":"post_tag","embeddable":true,"href":"https:\/\/www.eldigitaldeasturias.com\/noticias\/wp-json\/wp\/v2\/tags?post=482795"}],"curies":[{"name":"wp","href":"https:\/\/api.w.org\/{rel}","templated":true}]}}