{"id":482789,"date":"2014-02-03T19:39:05","date_gmt":"2014-02-03T20:39:05","guid":{"rendered":"http:\/\/www.eldigitaldeasturias.com\/noticias\/?p=482789"},"modified":"2014-02-03T19:39:05","modified_gmt":"2014-02-03T20:39:05","slug":"fabra-valcarcel-y-bauza-analizaran-una-nueva-financiacion-autonomica-en-valencia","status":"publish","type":"post","link":"https:\/\/www.eldigitaldeasturias.com\/noticias\/fabra-valcarcel-y-bauza-analizaran-una-nueva-financiacion-autonomica-en-valencia\/","title":{"rendered":"Fabra, Valc\u00e1rcel y Bauz\u00e1 analizar\u00e1n una nueva financiaci\u00f3n auton\u00f3mica en Valencia"},"content":{"rendered":"<p><img loading=\"lazy\" decoding=\"async\" class=\"alignleft size-medium wp-image-482790\" alt=\"5903620w\" src=\"https:\/\/www.eldigitaldeasturias.com\/noticias\/wp-content\/uploads\/2014\/02\/5903620w-360x255.jpg\" width=\"360\" height=\"255\" \/>Valencia, 3 feb (EFE).- Los presidentes de los Gobiernos valenciano, Alberto Fabra, murciano, Ram\u00f3n Luis Valc\u00e1rcel, y balear, Jos\u00e9 Ram\u00f3n Bauz\u00e1, se reunir\u00e1n el pr\u00f3ximo lunes en Valencia para coordinar una propuesta conjunta para la reforma del actual sistema de financiaci\u00f3n auton\u00f3mica.<\/p>\n<p>Seg\u00fan ha informado el president de la Generalitat Valenciana, Alberto Fabra, en un acto p\u00fablico en Valencia, sus hom\u00f3logos y \u00e9l acordaron hace diez d\u00edas trabajar de forma conjunta y coordinada para evaluar el actual modelo hacer propuestas de cara a uno nuevo.<\/p>\n<p>Este an\u00e1lisis, cuyos resultados se aportar\u00e1n al Ministerio de Hacienda, se sumar\u00e1 al del grupo de trabajo iniciado en el ministerio, con el objetivo de intentar \u00abcorregir agravios y deficiencias injustas que genera el modelo actual\u00bb, vigente desde 2009, especialmente en la Comunidad Valenciana, Murcia y Baleares.<\/p>\n<p>Las tres autonom\u00edas parten de un diagn\u00f3stico similar, reciben una financiaci\u00f3n por debajo de la media de las comunidades aut\u00f3nomas, ha indicado Presidencia de la Generalitat Valenciana en un comunicado.<\/p>\n<p>Por ello, el objetivo es dise\u00f1ar una estrategia conjunta que \u00abcorrija las desigualdades que padecen las tres autonom\u00edas con el actual sistema, ya que la financiaci\u00f3n debe ser para las personas y no para los territorios\u00bb.<\/p>\n<p>Las bases de partida son la ruptura del &#8216;statu quo&#8217;, que el nuevo modelo de financiaci\u00f3n cubra los servicios b\u00e1sicos fundamentales de sanidad, educaci\u00f3n y bienestar social en condiciones de igualdad entre las comunidades y con independencia del nivel de renta, as\u00ed como que el citado modelo se acoja a criterios de poblaci\u00f3n.<\/p>\n<p>Estos criterios permitir\u00edan elaborar un modelo de financiaci\u00f3n \u00abm\u00e1s justo y equitativo, y menos opaco y discriminatorio\u00bb, a\u00f1ade la nota.<\/p>\n","protected":false},"excerpt":{"rendered":"<p>Valencia, 3 feb (EFE).- Los presidentes de los Gobiernos valenciano, Alberto Fabra, murciano, Ram\u00f3n Luis Valc\u00e1rcel, y balear, Jos\u00e9 Ram\u00f3n Bauz\u00e1, se reunir\u00e1n el pr\u00f3ximo lunes en Valencia para coordinar una propuesta conjunta para la reforma del actual sistema de financiaci\u00f3n auton\u00f3mica. Seg\u00fan ha informado el president de la Generalitat Valenciana, Alberto Fabra, en un [&hellip;]<\/p>\n","protected":false},"author":1,"featured_media":482790,"comment_status":"closed","ping_status":"open","sticky":false,"template":"","format":"standard","meta":{"footnotes":""},"categories":[1],"tags":[],"class_list":["post-482789","post","type-post","status-publish","format-standard","has-post-thumbnail","hentry","category-actualidad"],"aioseo_notices":[],"aioseo_head":"\n\t\t<!-- All in One SEO Pro 5.0.1 - aioseo.com -->\n\t<meta name=\"description\" content=\"Valencia, 3 feb (EFE).- Los presidentes de los Gobiernos valenciano, Alberto Fabra, murciano, Ram\u00f3n Luis Valc\u00e1rcel, y balear, Jos\u00e9 Ram\u00f3n Bauz\u00e1, se reunir\u00e1n el pr\u00f3ximo lunes en Valencia para coordinar una propuesta conjunta para la reforma del actual sistema de financiaci\u00f3n auton\u00f3mica. Seg\u00fan ha informado el president de la Generalitat Valenciana, Alberto Fabra, en un\" \/>\n\t<meta name=\"robots\" content=\"max-image-preview:large\" \/>\n\t<meta name=\"author\" content=\"El Digital de Asturias\"\/>\n\t<meta name=\"google-site-verification\" content=\"UA-38556648-1\" \/>\n\t<meta name=\"msvalidate.01\" content=\"7dfe9f3f1b24437ab69f4f2559babe99\" \/>\n\t<meta name=\"keywords\" content=\"actualidad\" \/>\n\t<link rel=\"canonical\" href=\"https:\/\/www.eldigitaldeasturias.com\/noticias\/fabra-valcarcel-y-bauza-analizaran-una-nueva-financiacion-autonomica-en-valencia\/\" \/>\n\t<meta name=\"generator\" content=\"All in One SEO Pro (AIOSEO) 5.0.1\" \/>\n\t\t<meta property=\"og:locale\" content=\"es_ES\" \/>\n\t\t<meta property=\"og:site_name\" content=\"El Digital de Asturias\" \/>\n\t\t<meta property=\"og:type\" content=\"article\" \/>\n\t\t<meta property=\"og:title\" content=\"Fabra, Valc\u00e1rcel y Bauz\u00e1 analizar\u00e1n una nueva financiaci\u00f3n auton\u00f3mica en Valencia - El Digital de Asturias\" \/>\n\t\t<meta property=\"og:description\" content=\"Valencia, 3 feb (EFE).- Los presidentes de los Gobiernos valenciano, Alberto Fabra, murciano, Ram\u00f3n Luis Valc\u00e1rcel, y balear, Jos\u00e9 Ram\u00f3n Bauz\u00e1, se reunir\u00e1n el pr\u00f3ximo lunes en Valencia para coordinar una propuesta conjunta para la reforma del actual sistema de financiaci\u00f3n auton\u00f3mica. Seg\u00fan ha informado el president de la Generalitat Valenciana, Alberto Fabra, en un\" \/>\n\t\t<meta property=\"og:url\" content=\"https:\/\/www.eldigitaldeasturias.com\/noticias\/fabra-valcarcel-y-bauza-analizaran-una-nueva-financiacion-autonomica-en-valencia\/\" \/>\n\t\t<meta property=\"article:tag\" content=\"actualidad\" \/>\n\t\t<meta property=\"article:published_time\" content=\"2014-02-03T20:39:05+00:00\" \/>\n\t\t<meta property=\"article:modified_time\" content=\"2014-02-03T20:39:05+00:00\" \/>\n\t\t<meta property=\"article:publisher\" content=\"https:\/\/facebook.com\/eldigitaldeasturias\" \/>\n\t\t<meta name=\"twitter:card\" content=\"summary_large_image\" \/>\n\t\t<meta name=\"twitter:title\" content=\"Fabra, Valc\u00e1rcel y Bauz\u00e1 analizar\u00e1n una nueva financiaci\u00f3n auton\u00f3mica en Valencia - El Digital de Asturias\" \/>\n\t\t<meta name=\"twitter:description\" content=\"Valencia, 3 feb (EFE).- Los presidentes de los Gobiernos valenciano, Alberto Fabra, murciano, Ram\u00f3n Luis Valc\u00e1rcel, y balear, Jos\u00e9 Ram\u00f3n Bauz\u00e1, se reunir\u00e1n el pr\u00f3ximo lunes en Valencia para coordinar una propuesta conjunta para la reforma del actual sistema de financiaci\u00f3n auton\u00f3mica. Seg\u00fan ha informado el president de la Generalitat Valenciana, Alberto Fabra, en un\" \/>\n\t\t<meta name=\"twitter:label1\" content=\"Escrito por\" \/>\n\t\t<meta name=\"twitter:data1\" content=\"El Digital de Asturias\" \/>\n\t\t<meta name=\"twitter:label2\" content=\"Tiempo de lectura estimado\" \/>\n\t\t<meta name=\"twitter:data2\" content=\"1 minuto\" \/>\n\t\t<script type=\"application\/ld+json\" class=\"aioseo-schema\">\n\t\t\t{\"@context\":\"https:\\\/\\\/schema.org\",\"@graph\":[{\"@type\":\"BlogPosting\",\"@id\":\"https:\\\/\\\/www.eldigitaldeasturias.com\\\/noticias\\\/fabra-valcarcel-y-bauza-analizaran-una-nueva-financiacion-autonomica-en-valencia\\\/#blogposting\",\"name\":\"Fabra, Valc\\u00e1rcel y Bauz\\u00e1 analizar\\u00e1n una nueva financiaci\\u00f3n auton\\u00f3mica en Valencia - El Digital de Asturias\",\"headline\":\"Fabra, Valc\\u00e1rcel y Bauz\\u00e1 analizar\\u00e1n una nueva financiaci\\u00f3n auton\\u00f3mica en Valencia\",\"author\":{\"@id\":\"https:\\\/\\\/www.eldigitaldeasturias.com\\\/noticias\\\/author\\\/admin\\\/#author\"},\"publisher\":{\"@id\":\"https:\\\/\\\/www.eldigitaldeasturias.com\\\/noticias\\\/#organization\"},\"image\":{\"@type\":\"ImageObject\",\"url\":482790},\"datePublished\":\"2014-02-03T19:39:05+01:00\",\"dateModified\":\"2014-02-03T19:39:05+01:00\",\"inLanguage\":\"es-ES\",\"mainEntityOfPage\":{\"@id\":\"https:\\\/\\\/www.eldigitaldeasturias.com\\\/noticias\\\/fabra-valcarcel-y-bauza-analizaran-una-nueva-financiacion-autonomica-en-valencia\\\/#webpage\"},\"isPartOf\":{\"@id\":\"https:\\\/\\\/www.eldigitaldeasturias.com\\\/noticias\\\/fabra-valcarcel-y-bauza-analizaran-una-nueva-financiacion-autonomica-en-valencia\\\/#webpage\"},\"articleSection\":\"Actualidad\"},{\"@type\":\"BreadcrumbList\",\"@id\":\"https:\\\/\\\/www.eldigitaldeasturias.com\\\/noticias\\\/fabra-valcarcel-y-bauza-analizaran-una-nueva-financiacion-autonomica-en-valencia\\\/#breadcrumblist\",\"itemListElement\":[{\"@type\":\"ListItem\",\"@id\":\"https:\\\/\\\/www.eldigitaldeasturias.com\\\/noticias#listItem\",\"position\":1,\"name\":\"Home\",\"item\":\"https:\\\/\\\/www.eldigitaldeasturias.com\\\/noticias\",\"nextItem\":{\"@type\":\"ListItem\",\"@id\":\"https:\\\/\\\/www.eldigitaldeasturias.com\\\/noticias\\\/category\\\/actualidad\\\/#listItem\",\"name\":\"Actualidad\"}},{\"@type\":\"ListItem\",\"@id\":\"https:\\\/\\\/www.eldigitaldeasturias.com\\\/noticias\\\/category\\\/actualidad\\\/#listItem\",\"position\":2,\"name\":\"Actualidad\",\"item\":\"https:\\\/\\\/www.eldigitaldeasturias.com\\\/noticias\\\/category\\\/actualidad\\\/\",\"nextItem\":{\"@type\":\"ListItem\",\"@id\":\"https:\\\/\\\/www.eldigitaldeasturias.com\\\/noticias\\\/fabra-valcarcel-y-bauza-analizaran-una-nueva-financiacion-autonomica-en-valencia\\\/#listItem\",\"name\":\"Fabra, Valc\\u00e1rcel y Bauz\\u00e1 analizar\\u00e1n una nueva financiaci\\u00f3n auton\\u00f3mica en Valencia\"},\"previousItem\":{\"@type\":\"ListItem\",\"@id\":\"https:\\\/\\\/www.eldigitaldeasturias.com\\\/noticias#listItem\",\"name\":\"Home\"}},{\"@type\":\"ListItem\",\"@id\":\"https:\\\/\\\/www.eldigitaldeasturias.com\\\/noticias\\\/fabra-valcarcel-y-bauza-analizaran-una-nueva-financiacion-autonomica-en-valencia\\\/#listItem\",\"position\":3,\"name\":\"Fabra, Valc\\u00e1rcel y Bauz\\u00e1 analizar\\u00e1n una nueva financiaci\\u00f3n auton\\u00f3mica en Valencia\",\"previousItem\":{\"@type\":\"ListItem\",\"@id\":\"https:\\\/\\\/www.eldigitaldeasturias.com\\\/noticias\\\/category\\\/actualidad\\\/#listItem\",\"name\":\"Actualidad\"}}]},{\"@type\":\"Organization\",\"@id\":\"https:\\\/\\\/www.eldigitaldeasturias.com\\\/noticias\\\/#organization\",\"name\":\"El Digital de Asturias\",\"description\":\"Hemeroteca\",\"url\":\"https:\\\/\\\/www.eldigitaldeasturias.com\\\/noticias\\\/\",\"email\":\"info@eldigitaldeasturias.com\",\"telephone\":\"+34652131393\",\"logo\":{\"@type\":\"ImageObject\",\"url\":\"https:\\\/\\\/www.eldigitaldeasturias.com\\\/noticias\\\/wp-content\\\/uploads\\\/2020\\\/12\\\/EDA.jpg\",\"@id\":\"https:\\\/\\\/www.eldigitaldeasturias.com\\\/noticias\\\/fabra-valcarcel-y-bauza-analizaran-una-nueva-financiacion-autonomica-en-valencia\\\/#organizationLogo\"},\"image\":{\"@id\":\"https:\\\/\\\/www.eldigitaldeasturias.com\\\/noticias\\\/fabra-valcarcel-y-bauza-analizaran-una-nueva-financiacion-autonomica-en-valencia\\\/#organizationLogo\"},\"sameAs\":[\"https:\\\/\\\/facebook.com\\\/eldigitaldeasturias\",\"https:\\\/\\\/www.youtube.com\\\/channel\\\/UCZP-2wLEB9Rv6erhFmqVnvg\"],\"address\":{\"@id\":\"https:\\\/\\\/www.eldigitaldeasturias.com\\\/noticias\\\/#postaladdress\",\"@type\":\"PostalAddress\",\"streetAddress\":\"san antonio 4\",\"postalCode\":\"33430\",\"addressLocality\":\"Cand\\u00e1s\",\"addressRegion\":\"Asturias\",\"addressCountry\":\"ES\"}},{\"@type\":\"Person\",\"@id\":\"https:\\\/\\\/www.eldigitaldeasturias.com\\\/noticias\\\/author\\\/admin\\\/#author\",\"url\":\"https:\\\/\\\/www.eldigitaldeasturias.com\\\/noticias\\\/author\\\/admin\\\/\",\"name\":\"El Digital de Asturias\",\"image\":{\"@type\":\"ImageObject\",\"@id\":\"https:\\\/\\\/www.eldigitaldeasturias.com\\\/noticias\\\/fabra-valcarcel-y-bauza-analizaran-una-nueva-financiacion-autonomica-en-valencia\\\/#authorImage\",\"url\":\"https:\\\/\\\/secure.gravatar.com\\\/avatar\\\/df2aeffc32bcd13f8d26072ef8a91b623d677766deac7f97ca815868cd41bf5e?s=96&d=mm&r=g\",\"width\":96,\"height\":96,\"caption\":\"El Digital de Asturias\"}},{\"@type\":\"WebPage\",\"@id\":\"https:\\\/\\\/www.eldigitaldeasturias.com\\\/noticias\\\/fabra-valcarcel-y-bauza-analizaran-una-nueva-financiacion-autonomica-en-valencia\\\/#webpage\",\"url\":\"https:\\\/\\\/www.eldigitaldeasturias.com\\\/noticias\\\/fabra-valcarcel-y-bauza-analizaran-una-nueva-financiacion-autonomica-en-valencia\\\/\",\"name\":\"Fabra, Valc\\u00e1rcel y Bauz\\u00e1 analizar\\u00e1n una nueva financiaci\\u00f3n auton\\u00f3mica en Valencia - El Digital de Asturias\",\"description\":\"Valencia, 3 feb (EFE).- Los presidentes de los Gobiernos valenciano, Alberto Fabra, murciano, Ram\\u00f3n Luis Valc\\u00e1rcel, y balear, Jos\\u00e9 Ram\\u00f3n Bauz\\u00e1, se reunir\\u00e1n el pr\\u00f3ximo lunes en Valencia para coordinar una propuesta conjunta para la reforma del actual sistema de financiaci\\u00f3n auton\\u00f3mica. Seg\\u00fan ha informado el president de la Generalitat Valenciana, Alberto Fabra, en un\",\"inLanguage\":\"es-ES\",\"isPartOf\":{\"@id\":\"https:\\\/\\\/www.eldigitaldeasturias.com\\\/noticias\\\/#website\"},\"breadcrumb\":{\"@id\":\"https:\\\/\\\/www.eldigitaldeasturias.com\\\/noticias\\\/fabra-valcarcel-y-bauza-analizaran-una-nueva-financiacion-autonomica-en-valencia\\\/#breadcrumblist\"},\"author\":{\"@id\":\"https:\\\/\\\/www.eldigitaldeasturias.com\\\/noticias\\\/author\\\/admin\\\/#author\"},\"creator\":{\"@id\":\"https:\\\/\\\/www.eldigitaldeasturias.com\\\/noticias\\\/author\\\/admin\\\/#author\"},\"image\":{\"@type\":\"ImageObject\",\"url\":482790,\"@id\":\"https:\\\/\\\/www.eldigitaldeasturias.com\\\/noticias\\\/fabra-valcarcel-y-bauza-analizaran-una-nueva-financiacion-autonomica-en-valencia\\\/#mainImage\"},\"primaryImageOfPage\":{\"@id\":\"https:\\\/\\\/www.eldigitaldeasturias.com\\\/noticias\\\/fabra-valcarcel-y-bauza-analizaran-una-nueva-financiacion-autonomica-en-valencia\\\/#mainImage\"},\"datePublished\":\"2014-02-03T19:39:05+01:00\",\"dateModified\":\"2014-02-03T19:39:05+01:00\"},{\"@type\":\"WebSite\",\"@id\":\"https:\\\/\\\/www.eldigitaldeasturias.com\\\/noticias\\\/#website\",\"url\":\"https:\\\/\\\/www.eldigitaldeasturias.com\\\/noticias\\\/\",\"name\":\"El Digital de Asturias - Diario de actualidad y noticias\",\"alternateName\":\"El Digital de Asturias - Diario de actualidad y noticias\",\"description\":\"Hemeroteca\",\"inLanguage\":\"es-ES\",\"publisher\":{\"@id\":\"https:\\\/\\\/www.eldigitaldeasturias.com\\\/noticias\\\/#organization\"}}]}\n\t\t<\/script>\n\t\t<!-- All in One SEO Pro -->\r\n\t\t<title>Fabra, Valc\u00e1rcel y Bauz\u00e1 analizar\u00e1n una nueva financiaci\u00f3n auton\u00f3mica en Valencia - El Digital de Asturias<\/title>\n\n","aioseo_head_json":{"title":"Fabra, Valc\u00e1rcel y Bauz\u00e1 analizar\u00e1n una nueva financiaci\u00f3n auton\u00f3mica en Valencia - El Digital de Asturias","description":"Valencia, 3 feb (EFE).- Los presidentes de los Gobiernos valenciano, Alberto Fabra, murciano, Ram\u00f3n Luis Valc\u00e1rcel, y balear, Jos\u00e9 Ram\u00f3n Bauz\u00e1, se reunir\u00e1n el pr\u00f3ximo lunes en Valencia para coordinar una propuesta conjunta para la reforma del actual sistema de financiaci\u00f3n auton\u00f3mica. Seg\u00fan ha informado el president de la Generalitat Valenciana, Alberto Fabra, en un","canonical_url":"https:\/\/www.eldigitaldeasturias.com\/noticias\/fabra-valcarcel-y-bauza-analizaran-una-nueva-financiacion-autonomica-en-valencia\/","robots":"max-image-preview:large","keywords":"actualidad","webmasterTools":{"google-site-verification":"UA-38556648-1","msvalidate.01":"7dfe9f3f1b24437ab69f4f2559babe99","miscellaneous":""},"schema":{"@context":"https:\/\/schema.org","@graph":[{"@type":"BlogPosting","@id":"https:\/\/www.eldigitaldeasturias.com\/noticias\/fabra-valcarcel-y-bauza-analizaran-una-nueva-financiacion-autonomica-en-valencia\/#blogposting","name":"Fabra, Valc\u00e1rcel y Bauz\u00e1 analizar\u00e1n una nueva financiaci\u00f3n auton\u00f3mica en Valencia - El Digital de Asturias","headline":"Fabra, Valc\u00e1rcel y Bauz\u00e1 analizar\u00e1n una nueva financiaci\u00f3n auton\u00f3mica en Valencia","author":{"@id":"https:\/\/www.eldigitaldeasturias.com\/noticias\/author\/admin\/#author"},"publisher":{"@id":"https:\/\/www.eldigitaldeasturias.com\/noticias\/#organization"},"image":{"@type":"ImageObject","url":482790},"datePublished":"2014-02-03T19:39:05+01:00","dateModified":"2014-02-03T19:39:05+01:00","inLanguage":"es-ES","mainEntityOfPage":{"@id":"https:\/\/www.eldigitaldeasturias.com\/noticias\/fabra-valcarcel-y-bauza-analizaran-una-nueva-financiacion-autonomica-en-valencia\/#webpage"},"isPartOf":{"@id":"https:\/\/www.eldigitaldeasturias.com\/noticias\/fabra-valcarcel-y-bauza-analizaran-una-nueva-financiacion-autonomica-en-valencia\/#webpage"},"articleSection":"Actualidad"},{"@type":"BreadcrumbList","@id":"https:\/\/www.eldigitaldeasturias.com\/noticias\/fabra-valcarcel-y-bauza-analizaran-una-nueva-financiacion-autonomica-en-valencia\/#breadcrumblist","itemListElement":[{"@type":"ListItem","@id":"https:\/\/www.eldigitaldeasturias.com\/noticias#listItem","position":1,"name":"Home","item":"https:\/\/www.eldigitaldeasturias.com\/noticias","nextItem":{"@type":"ListItem","@id":"https:\/\/www.eldigitaldeasturias.com\/noticias\/category\/actualidad\/#listItem","name":"Actualidad"}},{"@type":"ListItem","@id":"https:\/\/www.eldigitaldeasturias.com\/noticias\/category\/actualidad\/#listItem","position":2,"name":"Actualidad","item":"https:\/\/www.eldigitaldeasturias.com\/noticias\/category\/actualidad\/","nextItem":{"@type":"ListItem","@id":"https:\/\/www.eldigitaldeasturias.com\/noticias\/fabra-valcarcel-y-bauza-analizaran-una-nueva-financiacion-autonomica-en-valencia\/#listItem","name":"Fabra, Valc\u00e1rcel y Bauz\u00e1 analizar\u00e1n una nueva financiaci\u00f3n auton\u00f3mica en Valencia"},"previousItem":{"@type":"ListItem","@id":"https:\/\/www.eldigitaldeasturias.com\/noticias#listItem","name":"Home"}},{"@type":"ListItem","@id":"https:\/\/www.eldigitaldeasturias.com\/noticias\/fabra-valcarcel-y-bauza-analizaran-una-nueva-financiacion-autonomica-en-valencia\/#listItem","position":3,"name":"Fabra, Valc\u00e1rcel y Bauz\u00e1 analizar\u00e1n una nueva financiaci\u00f3n auton\u00f3mica en Valencia","previousItem":{"@type":"ListItem","@id":"https:\/\/www.eldigitaldeasturias.com\/noticias\/category\/actualidad\/#listItem","name":"Actualidad"}}]},{"@type":"Organization","@id":"https:\/\/www.eldigitaldeasturias.com\/noticias\/#organization","name":"El Digital de Asturias","description":"Hemeroteca","url":"https:\/\/www.eldigitaldeasturias.com\/noticias\/","email":"info@eldigitaldeasturias.com","telephone":"+34652131393","logo":{"@type":"ImageObject","url":"https:\/\/www.eldigitaldeasturias.com\/noticias\/wp-content\/uploads\/2020\/12\/EDA.jpg","@id":"https:\/\/www.eldigitaldeasturias.com\/noticias\/fabra-valcarcel-y-bauza-analizaran-una-nueva-financiacion-autonomica-en-valencia\/#organizationLogo"},"image":{"@id":"https:\/\/www.eldigitaldeasturias.com\/noticias\/fabra-valcarcel-y-bauza-analizaran-una-nueva-financiacion-autonomica-en-valencia\/#organizationLogo"},"sameAs":["https:\/\/facebook.com\/eldigitaldeasturias","https:\/\/www.youtube.com\/channel\/UCZP-2wLEB9Rv6erhFmqVnvg"],"address":{"@id":"https:\/\/www.eldigitaldeasturias.com\/noticias\/#postaladdress","@type":"PostalAddress","streetAddress":"san antonio 4","postalCode":"33430","addressLocality":"Cand\u00e1s","addressRegion":"Asturias","addressCountry":"ES"}},{"@type":"Person","@id":"https:\/\/www.eldigitaldeasturias.com\/noticias\/author\/admin\/#author","url":"https:\/\/www.eldigitaldeasturias.com\/noticias\/author\/admin\/","name":"El Digital de Asturias","image":{"@type":"ImageObject","@id":"https:\/\/www.eldigitaldeasturias.com\/noticias\/fabra-valcarcel-y-bauza-analizaran-una-nueva-financiacion-autonomica-en-valencia\/#authorImage","url":"https:\/\/secure.gravatar.com\/avatar\/df2aeffc32bcd13f8d26072ef8a91b623d677766deac7f97ca815868cd41bf5e?s=96&d=mm&r=g","width":96,"height":96,"caption":"El Digital de Asturias"}},{"@type":"WebPage","@id":"https:\/\/www.eldigitaldeasturias.com\/noticias\/fabra-valcarcel-y-bauza-analizaran-una-nueva-financiacion-autonomica-en-valencia\/#webpage","url":"https:\/\/www.eldigitaldeasturias.com\/noticias\/fabra-valcarcel-y-bauza-analizaran-una-nueva-financiacion-autonomica-en-valencia\/","name":"Fabra, Valc\u00e1rcel y Bauz\u00e1 analizar\u00e1n una nueva financiaci\u00f3n auton\u00f3mica en Valencia - El Digital de Asturias","description":"Valencia, 3 feb (EFE).- Los presidentes de los Gobiernos valenciano, Alberto Fabra, murciano, Ram\u00f3n Luis Valc\u00e1rcel, y balear, Jos\u00e9 Ram\u00f3n Bauz\u00e1, se reunir\u00e1n el pr\u00f3ximo lunes en Valencia para coordinar una propuesta conjunta para la reforma del actual sistema de financiaci\u00f3n auton\u00f3mica. Seg\u00fan ha informado el president de la Generalitat Valenciana, Alberto Fabra, en un","inLanguage":"es-ES","isPartOf":{"@id":"https:\/\/www.eldigitaldeasturias.com\/noticias\/#website"},"breadcrumb":{"@id":"https:\/\/www.eldigitaldeasturias.com\/noticias\/fabra-valcarcel-y-bauza-analizaran-una-nueva-financiacion-autonomica-en-valencia\/#breadcrumblist"},"author":{"@id":"https:\/\/www.eldigitaldeasturias.com\/noticias\/author\/admin\/#author"},"creator":{"@id":"https:\/\/www.eldigitaldeasturias.com\/noticias\/author\/admin\/#author"},"image":{"@type":"ImageObject","url":482790,"@id":"https:\/\/www.eldigitaldeasturias.com\/noticias\/fabra-valcarcel-y-bauza-analizaran-una-nueva-financiacion-autonomica-en-valencia\/#mainImage"},"primaryImageOfPage":{"@id":"https:\/\/www.eldigitaldeasturias.com\/noticias\/fabra-valcarcel-y-bauza-analizaran-una-nueva-financiacion-autonomica-en-valencia\/#mainImage"},"datePublished":"2014-02-03T19:39:05+01:00","dateModified":"2014-02-03T19:39:05+01:00"},{"@type":"WebSite","@id":"https:\/\/www.eldigitaldeasturias.com\/noticias\/#website","url":"https:\/\/www.eldigitaldeasturias.com\/noticias\/","name":"El Digital de Asturias - Diario de actualidad y noticias","alternateName":"El Digital de Asturias - Diario de actualidad y noticias","description":"Hemeroteca","inLanguage":"es-ES","publisher":{"@id":"https:\/\/www.eldigitaldeasturias.com\/noticias\/#organization"}}]},"og:locale":"es_ES","og:site_name":"El Digital de Asturias","og:type":"article","og:title":"Fabra, Valc\u00e1rcel y Bauz\u00e1 analizar\u00e1n una nueva financiaci\u00f3n auton\u00f3mica en Valencia - El Digital de Asturias","og:description":"Valencia, 3 feb (EFE).- Los presidentes de los Gobiernos valenciano, Alberto Fabra, murciano, Ram\u00f3n Luis Valc\u00e1rcel, y balear, Jos\u00e9 Ram\u00f3n Bauz\u00e1, se reunir\u00e1n el pr\u00f3ximo lunes en Valencia para coordinar una propuesta conjunta para la reforma del actual sistema de financiaci\u00f3n auton\u00f3mica. Seg\u00fan ha informado el president de la Generalitat Valenciana, Alberto Fabra, en un","og:url":"https:\/\/www.eldigitaldeasturias.com\/noticias\/fabra-valcarcel-y-bauza-analizaran-una-nueva-financiacion-autonomica-en-valencia\/","article:tag":["actualidad"],"article:published_time":"2014-02-03T20:39:05+00:00","article:modified_time":"2014-02-03T20:39:05+00:00","article:publisher":"https:\/\/facebook.com\/eldigitaldeasturias","twitter:card":"summary_large_image","twitter:title":"Fabra, Valc\u00e1rcel y Bauz\u00e1 analizar\u00e1n una nueva financiaci\u00f3n auton\u00f3mica en Valencia - El Digital de Asturias","twitter:description":"Valencia, 3 feb (EFE).- Los presidentes de los Gobiernos valenciano, Alberto Fabra, murciano, Ram\u00f3n Luis Valc\u00e1rcel, y balear, Jos\u00e9 Ram\u00f3n Bauz\u00e1, se reunir\u00e1n el pr\u00f3ximo lunes en Valencia para coordinar una propuesta conjunta para la reforma del actual sistema de financiaci\u00f3n auton\u00f3mica. Seg\u00fan ha informado el president de la Generalitat Valenciana, Alberto Fabra, en un","twitter:label1":"Escrito por","twitter:data1":"El Digital de Asturias","twitter:label2":"Tiempo de lectura estimado","twitter:data2":"1 minuto"},"aioseo_meta_data":{"post_id":"482789","title":null,"description":null,"keywords":null,"keyphrases":null,"primary_term":null,"canonical_url":null,"og_title":null,"og_description":null,"og_object_type":"default","og_image_type":"default","og_image_url":null,"og_image_width":null,"og_image_height":null,"og_image_custom_url":null,"og_image_custom_fields":null,"og_video":null,"og_custom_url":null,"og_article_section":null,"og_article_tags":null,"twitter_use_og":true,"twitter_card":"default","twitter_image_type":"default","twitter_image_url":null,"twitter_image_custom_url":null,"twitter_image_custom_fields":null,"twitter_title":null,"twitter_description":null,"schema":{"blockGraphs":[],"customGraphs":[],"default":{"data":{"Article":[],"Course":[],"Dataset":[],"FAQPage":[],"Movie":[],"Person":[],"Product":[],"ProductReview":[],"Car":[],"Recipe":[],"Service":[],"SoftwareApplication":[],"WebPage":[]},"graphName":"","isEnabled":true},"graphs":[],"defaultGraph":"","defaultPostTypeGraph":""},"schema_type":null,"schema_type_options":null,"pillar_content":false,"robots_default":true,"robots_noindex":false,"robots_noarchive":false,"robots_nosnippet":false,"robots_nofollow":false,"robots_noimageindex":false,"robots_noodp":false,"robots_notranslate":false,"robots_max_snippet":null,"robots_max_videopreview":null,"robots_max_imagepreview":"none","priority":null,"frequency":null,"local_seo":null,"seo_analyzer_scan_date":"2026-06-02 10:53:58","breadcrumb_settings":null,"limit_modified_date":false,"open_ai":null,"ai":null,"created":"2020-11-14 22:54:40","updated":"2026-06-02 10:53:58","focus_keyword":null,"additional_keywords":null,"truseo_locale":null},"aioseo_breadcrumb":"<div class=\"aioseo-breadcrumbs\"><span class=\"aioseo-breadcrumb\">\n\t<a href=\"https:\/\/www.eldigitaldeasturias.com\/noticias\" title=\"Home\">Home<\/a>\n<\/span><span class=\"aioseo-breadcrumb-separator\">\u2013<\/span><span class=\"aioseo-breadcrumb\">\n\t<a href=\"https:\/\/www.eldigitaldeasturias.com\/noticias\/category\/actualidad\/\" title=\"Actualidad\">Actualidad<\/a>\n<\/span><span class=\"aioseo-breadcrumb-separator\">\u2013<\/span><span class=\"aioseo-breadcrumb\">\n\t<a href=\"https:\/\/www.eldigitaldeasturias.com\/noticias\/fabra-valcarcel-y-bauza-analizaran-una-nueva-financiacion-autonomica-en-valencia\/\" title=\"Fabra, Valc\u00e1rcel y Bauz\u00e1 analizar\u00e1n una nueva financiaci\u00f3n auton\u00f3mica en Valencia\">Fabra, Valc\u00e1rcel y Bauz\u00e1 analizar\u00e1n una nueva financiaci\u00f3n auton\u00f3mica en Valencia<\/a>\n<\/span><\/div>","aioseo_breadcrumb_json":[{"label":"Home","link":"https:\/\/www.eldigitaldeasturias.com\/noticias"},{"label":"Actualidad","link":"https:\/\/www.eldigitaldeasturias.com\/noticias\/category\/actualidad\/"},{"label":"Fabra, Valc\u00e1rcel y Bauz\u00e1 analizar\u00e1n una nueva financiaci\u00f3n auton\u00f3mica en Valencia","link":"https:\/\/www.eldigitaldeasturias.com\/noticias\/fabra-valcarcel-y-bauza-analizaran-una-nueva-financiacion-autonomica-en-valencia\/"}],"_links":{"self":[{"href":"https:\/\/www.eldigitaldeasturias.com\/noticias\/wp-json\/wp\/v2\/posts\/482789","targetHints":{"allow":["GET"]}}],"collection":[{"href":"https:\/\/www.eldigitaldeasturias.com\/noticias\/wp-json\/wp\/v2\/posts"}],"about":[{"href":"https:\/\/www.eldigitaldeasturias.com\/noticias\/wp-json\/wp\/v2\/types\/post"}],"author":[{"embeddable":true,"href":"https:\/\/www.eldigitaldeasturias.com\/noticias\/wp-json\/wp\/v2\/users\/1"}],"replies":[{"embeddable":true,"href":"https:\/\/www.eldigitaldeasturias.com\/noticias\/wp-json\/wp\/v2\/comments?post=482789"}],"version-history":[{"count":0,"href":"https:\/\/www.eldigitaldeasturias.com\/noticias\/wp-json\/wp\/v2\/posts\/482789\/revisions"}],"wp:attachment":[{"href":"https:\/\/www.eldigitaldeasturias.com\/noticias\/wp-json\/wp\/v2\/media?parent=482789"}],"wp:term":[{"taxonomy":"category","embeddable":true,"href":"https:\/\/www.eldigitaldeasturias.com\/noticias\/wp-json\/wp\/v2\/categories?post=482789"},{"taxonomy":"post_tag","embeddable":true,"href":"https:\/\/www.eldigitaldeasturias.com\/noticias\/wp-json\/wp\/v2\/tags?post=482789"}],"curies":[{"name":"wp","href":"https:\/\/api.w.org\/{rel}","templated":true}]}}