{"id":482780,"date":"2014-02-03T19:35:26","date_gmt":"2014-02-03T20:35:26","guid":{"rendered":"http:\/\/www.eldigitaldeasturias.com\/noticias\/?p=482780"},"modified":"2014-02-03T19:35:26","modified_gmt":"2014-02-03T20:35:26","slug":"el-ministerio-de-finanzas-aleman-descarta-una-nueva-quita-de-la-deuda-griega","status":"publish","type":"post","link":"https:\/\/www.eldigitaldeasturias.com\/noticias\/el-ministerio-de-finanzas-aleman-descarta-una-nueva-quita-de-la-deuda-griega\/","title":{"rendered":"El Ministerio de Finanzas alem\u00e1n descarta una nueva quita de la deuda griega"},"content":{"rendered":"<p><img loading=\"lazy\" decoding=\"async\" class=\"alignleft size-medium wp-image-482781\" alt=\"5903565w\" src=\"https:\/\/www.eldigitaldeasturias.com\/noticias\/wp-content\/uploads\/2014\/02\/5903565w-360x244.jpg\" width=\"360\" height=\"244\" \/>Berl\u00edn, 3 feb (EFE).- El Ministerio de Finanzas alem\u00e1n dirigido por Wolfgang Sch\u00e4uble rechaz\u00f3 hoy una nueva quita de la deuda griega e insisti\u00f3 en que la decisi\u00f3n de ofrecer a Atenas un nuevo paquete de ayudas se estudiar\u00e1 a mediados de a\u00f1o, cuando se compruebe si el pa\u00eds ha hecho sus \u00abdeberes\u00bb.<\/p>\n<p>En rueda de prensa, el portavoz del Ministerio, Marco Semmelmann, insisti\u00f3 en la posici\u00f3n mantenida en los \u00faltimos meses por Berl\u00edn, despu\u00e9s de que \u00abDer Spiegel\u00bb publicara que Sch\u00e4uble ten\u00eda ya dise\u00f1ado un tercer paquete de ayudas de entre 10.000 y 20.000 millones de euros y que \u00e9ste podr\u00eda ser presentado antes de las elecciones al Parlamento europeo de mayo.<\/p>\n<p>El semanario alem\u00e1n, citando un documento interno del Ministerio de Finanzas, explicaba que se barajaba una nueva quita de la deuda o un programa limitado de apoyo a trav\u00e9s de los fondos europeos de rescate, pero Semmelman rechaz\u00f3 la primera de las posibilidades.<\/p>\n<p>El portavoz se remiti\u00f3 a la entrevista concedida por Sch\u00e4uble a la revista \u00abWirtschaftwoche\u00bb, en la que el ministro se\u00f1ala que, lo \u00fanico claro por el momento, es que, de necesitar ayuda, \u00e9sta ser\u00e1 \u00abmucho memos amplia\u00bb que la concedida hasta ahora.<\/p>\n<p>\u00abSi hay (ayudas) y cu\u00e1ndo, lo sabremos como pronto a mitad de 2014\u00bb, recalca el ministro descartando una quita.<\/p>\n<p>Ante la intenci\u00f3n declarada del Gobierno griego de no solicitar m\u00e1s fondos europeos extraordinarios, Sch\u00e4uble se\u00f1ala que el pa\u00eds mediterr\u00e1neo atraviesa una complicada situaci\u00f3n pol\u00edtica, pero destaca puntos positivos.<\/p>\n<p>\u00abEl pueblo griego debe aceptar importantes recortes, pero han tenido en el \u00faltimo a\u00f1o la temporada tur\u00edstica m\u00e1s exitosa de los \u00faltimos a\u00f1os\u00bb, apunta.<\/p>\n","protected":false},"excerpt":{"rendered":"<p>Berl\u00edn, 3 feb (EFE).- El Ministerio de Finanzas alem\u00e1n dirigido por Wolfgang Sch\u00e4uble rechaz\u00f3 hoy una nueva quita de la deuda griega e insisti\u00f3 en que la decisi\u00f3n de ofrecer a Atenas un nuevo paquete de ayudas se estudiar\u00e1 a mediados de a\u00f1o, cuando se compruebe si el pa\u00eds ha hecho sus \u00abdeberes\u00bb. En rueda [&hellip;]<\/p>\n","protected":false},"author":1,"featured_media":482781,"comment_status":"closed","ping_status":"open","sticky":false,"template":"","format":"standard","meta":{"footnotes":""},"categories":[1],"tags":[],"class_list":["post-482780","post","type-post","status-publish","format-standard","has-post-thumbnail","hentry","category-actualidad"],"aioseo_notices":[],"aioseo_head":"\n\t\t<!-- All in One SEO Pro 5.0.1 - aioseo.com -->\n\t<meta name=\"description\" content=\"Berl\u00edn, 3 feb (EFE).- El Ministerio de Finanzas alem\u00e1n dirigido por Wolfgang Sch\u00e4uble rechaz\u00f3 hoy una nueva quita de la deuda griega e insisti\u00f3 en que la decisi\u00f3n de ofrecer a Atenas un nuevo paquete de ayudas se estudiar\u00e1 a mediados de a\u00f1o, cuando se compruebe si el pa\u00eds ha hecho sus &quot;deberes&quot;. En rueda\" \/>\n\t<meta name=\"robots\" content=\"max-image-preview:large\" \/>\n\t<meta name=\"author\" content=\"El Digital de Asturias\"\/>\n\t<meta name=\"google-site-verification\" content=\"UA-38556648-1\" \/>\n\t<meta name=\"msvalidate.01\" content=\"7dfe9f3f1b24437ab69f4f2559babe99\" \/>\n\t<meta name=\"keywords\" content=\"actualidad\" \/>\n\t<link rel=\"canonical\" href=\"https:\/\/www.eldigitaldeasturias.com\/noticias\/el-ministerio-de-finanzas-aleman-descarta-una-nueva-quita-de-la-deuda-griega\/\" \/>\n\t<meta name=\"generator\" content=\"All in One SEO Pro (AIOSEO) 5.0.1\" \/>\n\t\t<meta property=\"og:locale\" content=\"es_ES\" \/>\n\t\t<meta property=\"og:site_name\" content=\"El Digital de Asturias\" \/>\n\t\t<meta property=\"og:type\" content=\"article\" \/>\n\t\t<meta property=\"og:title\" content=\"El Ministerio de Finanzas alem\u00e1n descarta una nueva quita de la deuda griega - El Digital de Asturias\" \/>\n\t\t<meta property=\"og:description\" content=\"Berl\u00edn, 3 feb (EFE).- El Ministerio de Finanzas alem\u00e1n dirigido por Wolfgang Sch\u00e4uble rechaz\u00f3 hoy una nueva quita de la deuda griega e insisti\u00f3 en que la decisi\u00f3n de ofrecer a Atenas un nuevo paquete de ayudas se estudiar\u00e1 a mediados de a\u00f1o, cuando se compruebe si el pa\u00eds ha hecho sus &quot;deberes&quot;. En rueda\" \/>\n\t\t<meta property=\"og:url\" content=\"https:\/\/www.eldigitaldeasturias.com\/noticias\/el-ministerio-de-finanzas-aleman-descarta-una-nueva-quita-de-la-deuda-griega\/\" \/>\n\t\t<meta property=\"article:tag\" content=\"actualidad\" \/>\n\t\t<meta property=\"article:published_time\" content=\"2014-02-03T20:35:26+00:00\" \/>\n\t\t<meta property=\"article:modified_time\" content=\"2014-02-03T20:35:26+00:00\" \/>\n\t\t<meta property=\"article:publisher\" content=\"https:\/\/facebook.com\/eldigitaldeasturias\" \/>\n\t\t<meta name=\"twitter:card\" content=\"summary_large_image\" \/>\n\t\t<meta name=\"twitter:title\" content=\"El Ministerio de Finanzas alem\u00e1n descarta una nueva quita de la deuda griega - El Digital de Asturias\" \/>\n\t\t<meta name=\"twitter:description\" content=\"Berl\u00edn, 3 feb (EFE).- El Ministerio de Finanzas alem\u00e1n dirigido por Wolfgang Sch\u00e4uble rechaz\u00f3 hoy una nueva quita de la deuda griega e insisti\u00f3 en que la decisi\u00f3n de ofrecer a Atenas un nuevo paquete de ayudas se estudiar\u00e1 a mediados de a\u00f1o, cuando se compruebe si el pa\u00eds ha hecho sus &quot;deberes&quot;. En rueda\" \/>\n\t\t<meta name=\"twitter:label1\" content=\"Escrito por\" \/>\n\t\t<meta name=\"twitter:data1\" content=\"El Digital de Asturias\" \/>\n\t\t<meta name=\"twitter:label2\" content=\"Tiempo de lectura estimado\" \/>\n\t\t<meta name=\"twitter:data2\" content=\"1 minuto\" \/>\n\t\t<script type=\"application\/ld+json\" class=\"aioseo-schema\">\n\t\t\t{\"@context\":\"https:\\\/\\\/schema.org\",\"@graph\":[{\"@type\":\"BlogPosting\",\"@id\":\"https:\\\/\\\/www.eldigitaldeasturias.com\\\/noticias\\\/el-ministerio-de-finanzas-aleman-descarta-una-nueva-quita-de-la-deuda-griega\\\/#blogposting\",\"name\":\"El Ministerio de Finanzas alem\\u00e1n descarta una nueva quita de la deuda griega - El Digital de Asturias\",\"headline\":\"El Ministerio de Finanzas alem\\u00e1n descarta una nueva quita de la deuda griega\",\"author\":{\"@id\":\"https:\\\/\\\/www.eldigitaldeasturias.com\\\/noticias\\\/author\\\/admin\\\/#author\"},\"publisher\":{\"@id\":\"https:\\\/\\\/www.eldigitaldeasturias.com\\\/noticias\\\/#organization\"},\"image\":{\"@type\":\"ImageObject\",\"url\":482781},\"datePublished\":\"2014-02-03T19:35:26+01:00\",\"dateModified\":\"2014-02-03T19:35:26+01:00\",\"inLanguage\":\"es-ES\",\"mainEntityOfPage\":{\"@id\":\"https:\\\/\\\/www.eldigitaldeasturias.com\\\/noticias\\\/el-ministerio-de-finanzas-aleman-descarta-una-nueva-quita-de-la-deuda-griega\\\/#webpage\"},\"isPartOf\":{\"@id\":\"https:\\\/\\\/www.eldigitaldeasturias.com\\\/noticias\\\/el-ministerio-de-finanzas-aleman-descarta-una-nueva-quita-de-la-deuda-griega\\\/#webpage\"},\"articleSection\":\"Actualidad\"},{\"@type\":\"BreadcrumbList\",\"@id\":\"https:\\\/\\\/www.eldigitaldeasturias.com\\\/noticias\\\/el-ministerio-de-finanzas-aleman-descarta-una-nueva-quita-de-la-deuda-griega\\\/#breadcrumblist\",\"itemListElement\":[{\"@type\":\"ListItem\",\"@id\":\"https:\\\/\\\/www.eldigitaldeasturias.com\\\/noticias#listItem\",\"position\":1,\"name\":\"Home\",\"item\":\"https:\\\/\\\/www.eldigitaldeasturias.com\\\/noticias\",\"nextItem\":{\"@type\":\"ListItem\",\"@id\":\"https:\\\/\\\/www.eldigitaldeasturias.com\\\/noticias\\\/category\\\/actualidad\\\/#listItem\",\"name\":\"Actualidad\"}},{\"@type\":\"ListItem\",\"@id\":\"https:\\\/\\\/www.eldigitaldeasturias.com\\\/noticias\\\/category\\\/actualidad\\\/#listItem\",\"position\":2,\"name\":\"Actualidad\",\"item\":\"https:\\\/\\\/www.eldigitaldeasturias.com\\\/noticias\\\/category\\\/actualidad\\\/\",\"nextItem\":{\"@type\":\"ListItem\",\"@id\":\"https:\\\/\\\/www.eldigitaldeasturias.com\\\/noticias\\\/el-ministerio-de-finanzas-aleman-descarta-una-nueva-quita-de-la-deuda-griega\\\/#listItem\",\"name\":\"El Ministerio de Finanzas alem\\u00e1n descarta una nueva quita de la deuda griega\"},\"previousItem\":{\"@type\":\"ListItem\",\"@id\":\"https:\\\/\\\/www.eldigitaldeasturias.com\\\/noticias#listItem\",\"name\":\"Home\"}},{\"@type\":\"ListItem\",\"@id\":\"https:\\\/\\\/www.eldigitaldeasturias.com\\\/noticias\\\/el-ministerio-de-finanzas-aleman-descarta-una-nueva-quita-de-la-deuda-griega\\\/#listItem\",\"position\":3,\"name\":\"El Ministerio de Finanzas alem\\u00e1n descarta una nueva quita de la deuda griega\",\"previousItem\":{\"@type\":\"ListItem\",\"@id\":\"https:\\\/\\\/www.eldigitaldeasturias.com\\\/noticias\\\/category\\\/actualidad\\\/#listItem\",\"name\":\"Actualidad\"}}]},{\"@type\":\"Organization\",\"@id\":\"https:\\\/\\\/www.eldigitaldeasturias.com\\\/noticias\\\/#organization\",\"name\":\"El Digital de Asturias\",\"description\":\"Hemeroteca\",\"url\":\"https:\\\/\\\/www.eldigitaldeasturias.com\\\/noticias\\\/\",\"email\":\"info@eldigitaldeasturias.com\",\"telephone\":\"+34652131393\",\"logo\":{\"@type\":\"ImageObject\",\"url\":\"https:\\\/\\\/www.eldigitaldeasturias.com\\\/noticias\\\/wp-content\\\/uploads\\\/2020\\\/12\\\/EDA.jpg\",\"@id\":\"https:\\\/\\\/www.eldigitaldeasturias.com\\\/noticias\\\/el-ministerio-de-finanzas-aleman-descarta-una-nueva-quita-de-la-deuda-griega\\\/#organizationLogo\"},\"image\":{\"@id\":\"https:\\\/\\\/www.eldigitaldeasturias.com\\\/noticias\\\/el-ministerio-de-finanzas-aleman-descarta-una-nueva-quita-de-la-deuda-griega\\\/#organizationLogo\"},\"sameAs\":[\"https:\\\/\\\/facebook.com\\\/eldigitaldeasturias\",\"https:\\\/\\\/www.youtube.com\\\/channel\\\/UCZP-2wLEB9Rv6erhFmqVnvg\"],\"address\":{\"@id\":\"https:\\\/\\\/www.eldigitaldeasturias.com\\\/noticias\\\/#postaladdress\",\"@type\":\"PostalAddress\",\"streetAddress\":\"san antonio 4\",\"postalCode\":\"33430\",\"addressLocality\":\"Cand\\u00e1s\",\"addressRegion\":\"Asturias\",\"addressCountry\":\"ES\"}},{\"@type\":\"Person\",\"@id\":\"https:\\\/\\\/www.eldigitaldeasturias.com\\\/noticias\\\/author\\\/admin\\\/#author\",\"url\":\"https:\\\/\\\/www.eldigitaldeasturias.com\\\/noticias\\\/author\\\/admin\\\/\",\"name\":\"El Digital de Asturias\",\"image\":{\"@type\":\"ImageObject\",\"@id\":\"https:\\\/\\\/www.eldigitaldeasturias.com\\\/noticias\\\/el-ministerio-de-finanzas-aleman-descarta-una-nueva-quita-de-la-deuda-griega\\\/#authorImage\",\"url\":\"https:\\\/\\\/secure.gravatar.com\\\/avatar\\\/df2aeffc32bcd13f8d26072ef8a91b623d677766deac7f97ca815868cd41bf5e?s=96&d=mm&r=g\",\"width\":96,\"height\":96,\"caption\":\"El Digital de Asturias\"}},{\"@type\":\"WebPage\",\"@id\":\"https:\\\/\\\/www.eldigitaldeasturias.com\\\/noticias\\\/el-ministerio-de-finanzas-aleman-descarta-una-nueva-quita-de-la-deuda-griega\\\/#webpage\",\"url\":\"https:\\\/\\\/www.eldigitaldeasturias.com\\\/noticias\\\/el-ministerio-de-finanzas-aleman-descarta-una-nueva-quita-de-la-deuda-griega\\\/\",\"name\":\"El Ministerio de Finanzas alem\\u00e1n descarta una nueva quita de la deuda griega - El Digital de Asturias\",\"description\":\"Berl\\u00edn, 3 feb (EFE).- El Ministerio de Finanzas alem\\u00e1n dirigido por Wolfgang Sch\\u00e4uble rechaz\\u00f3 hoy una nueva quita de la deuda griega e insisti\\u00f3 en que la decisi\\u00f3n de ofrecer a Atenas un nuevo paquete de ayudas se estudiar\\u00e1 a mediados de a\\u00f1o, cuando se compruebe si el pa\\u00eds ha hecho sus \\\"deberes\\\". En rueda\",\"inLanguage\":\"es-ES\",\"isPartOf\":{\"@id\":\"https:\\\/\\\/www.eldigitaldeasturias.com\\\/noticias\\\/#website\"},\"breadcrumb\":{\"@id\":\"https:\\\/\\\/www.eldigitaldeasturias.com\\\/noticias\\\/el-ministerio-de-finanzas-aleman-descarta-una-nueva-quita-de-la-deuda-griega\\\/#breadcrumblist\"},\"author\":{\"@id\":\"https:\\\/\\\/www.eldigitaldeasturias.com\\\/noticias\\\/author\\\/admin\\\/#author\"},\"creator\":{\"@id\":\"https:\\\/\\\/www.eldigitaldeasturias.com\\\/noticias\\\/author\\\/admin\\\/#author\"},\"image\":{\"@type\":\"ImageObject\",\"url\":482781,\"@id\":\"https:\\\/\\\/www.eldigitaldeasturias.com\\\/noticias\\\/el-ministerio-de-finanzas-aleman-descarta-una-nueva-quita-de-la-deuda-griega\\\/#mainImage\"},\"primaryImageOfPage\":{\"@id\":\"https:\\\/\\\/www.eldigitaldeasturias.com\\\/noticias\\\/el-ministerio-de-finanzas-aleman-descarta-una-nueva-quita-de-la-deuda-griega\\\/#mainImage\"},\"datePublished\":\"2014-02-03T19:35:26+01:00\",\"dateModified\":\"2014-02-03T19:35:26+01:00\"},{\"@type\":\"WebSite\",\"@id\":\"https:\\\/\\\/www.eldigitaldeasturias.com\\\/noticias\\\/#website\",\"url\":\"https:\\\/\\\/www.eldigitaldeasturias.com\\\/noticias\\\/\",\"name\":\"El Digital de Asturias - Diario de actualidad y noticias\",\"alternateName\":\"El Digital de Asturias - Diario de actualidad y noticias\",\"description\":\"Hemeroteca\",\"inLanguage\":\"es-ES\",\"publisher\":{\"@id\":\"https:\\\/\\\/www.eldigitaldeasturias.com\\\/noticias\\\/#organization\"}}]}\n\t\t<\/script>\n\t\t<!-- All in One SEO Pro -->\r\n\t\t<title>El Ministerio de Finanzas alem\u00e1n descarta una nueva quita de la deuda griega - El Digital de Asturias<\/title>\n\n","aioseo_head_json":{"title":"El Ministerio de Finanzas alem\u00e1n descarta una nueva quita de la deuda griega - El Digital de Asturias","description":"Berl\u00edn, 3 feb (EFE).- El Ministerio de Finanzas alem\u00e1n dirigido por Wolfgang Sch\u00e4uble rechaz\u00f3 hoy una nueva quita de la deuda griega e insisti\u00f3 en que la decisi\u00f3n de ofrecer a Atenas un nuevo paquete de ayudas se estudiar\u00e1 a mediados de a\u00f1o, cuando se compruebe si el pa\u00eds ha hecho sus \"deberes\". En rueda","canonical_url":"https:\/\/www.eldigitaldeasturias.com\/noticias\/el-ministerio-de-finanzas-aleman-descarta-una-nueva-quita-de-la-deuda-griega\/","robots":"max-image-preview:large","keywords":"actualidad","webmasterTools":{"google-site-verification":"UA-38556648-1","msvalidate.01":"7dfe9f3f1b24437ab69f4f2559babe99","miscellaneous":""},"schema":{"@context":"https:\/\/schema.org","@graph":[{"@type":"BlogPosting","@id":"https:\/\/www.eldigitaldeasturias.com\/noticias\/el-ministerio-de-finanzas-aleman-descarta-una-nueva-quita-de-la-deuda-griega\/#blogposting","name":"El Ministerio de Finanzas alem\u00e1n descarta una nueva quita de la deuda griega - El Digital de Asturias","headline":"El Ministerio de Finanzas alem\u00e1n descarta una nueva quita de la deuda griega","author":{"@id":"https:\/\/www.eldigitaldeasturias.com\/noticias\/author\/admin\/#author"},"publisher":{"@id":"https:\/\/www.eldigitaldeasturias.com\/noticias\/#organization"},"image":{"@type":"ImageObject","url":482781},"datePublished":"2014-02-03T19:35:26+01:00","dateModified":"2014-02-03T19:35:26+01:00","inLanguage":"es-ES","mainEntityOfPage":{"@id":"https:\/\/www.eldigitaldeasturias.com\/noticias\/el-ministerio-de-finanzas-aleman-descarta-una-nueva-quita-de-la-deuda-griega\/#webpage"},"isPartOf":{"@id":"https:\/\/www.eldigitaldeasturias.com\/noticias\/el-ministerio-de-finanzas-aleman-descarta-una-nueva-quita-de-la-deuda-griega\/#webpage"},"articleSection":"Actualidad"},{"@type":"BreadcrumbList","@id":"https:\/\/www.eldigitaldeasturias.com\/noticias\/el-ministerio-de-finanzas-aleman-descarta-una-nueva-quita-de-la-deuda-griega\/#breadcrumblist","itemListElement":[{"@type":"ListItem","@id":"https:\/\/www.eldigitaldeasturias.com\/noticias#listItem","position":1,"name":"Home","item":"https:\/\/www.eldigitaldeasturias.com\/noticias","nextItem":{"@type":"ListItem","@id":"https:\/\/www.eldigitaldeasturias.com\/noticias\/category\/actualidad\/#listItem","name":"Actualidad"}},{"@type":"ListItem","@id":"https:\/\/www.eldigitaldeasturias.com\/noticias\/category\/actualidad\/#listItem","position":2,"name":"Actualidad","item":"https:\/\/www.eldigitaldeasturias.com\/noticias\/category\/actualidad\/","nextItem":{"@type":"ListItem","@id":"https:\/\/www.eldigitaldeasturias.com\/noticias\/el-ministerio-de-finanzas-aleman-descarta-una-nueva-quita-de-la-deuda-griega\/#listItem","name":"El Ministerio de Finanzas alem\u00e1n descarta una nueva quita de la deuda griega"},"previousItem":{"@type":"ListItem","@id":"https:\/\/www.eldigitaldeasturias.com\/noticias#listItem","name":"Home"}},{"@type":"ListItem","@id":"https:\/\/www.eldigitaldeasturias.com\/noticias\/el-ministerio-de-finanzas-aleman-descarta-una-nueva-quita-de-la-deuda-griega\/#listItem","position":3,"name":"El Ministerio de Finanzas alem\u00e1n descarta una nueva quita de la deuda griega","previousItem":{"@type":"ListItem","@id":"https:\/\/www.eldigitaldeasturias.com\/noticias\/category\/actualidad\/#listItem","name":"Actualidad"}}]},{"@type":"Organization","@id":"https:\/\/www.eldigitaldeasturias.com\/noticias\/#organization","name":"El Digital de Asturias","description":"Hemeroteca","url":"https:\/\/www.eldigitaldeasturias.com\/noticias\/","email":"info@eldigitaldeasturias.com","telephone":"+34652131393","logo":{"@type":"ImageObject","url":"https:\/\/www.eldigitaldeasturias.com\/noticias\/wp-content\/uploads\/2020\/12\/EDA.jpg","@id":"https:\/\/www.eldigitaldeasturias.com\/noticias\/el-ministerio-de-finanzas-aleman-descarta-una-nueva-quita-de-la-deuda-griega\/#organizationLogo"},"image":{"@id":"https:\/\/www.eldigitaldeasturias.com\/noticias\/el-ministerio-de-finanzas-aleman-descarta-una-nueva-quita-de-la-deuda-griega\/#organizationLogo"},"sameAs":["https:\/\/facebook.com\/eldigitaldeasturias","https:\/\/www.youtube.com\/channel\/UCZP-2wLEB9Rv6erhFmqVnvg"],"address":{"@id":"https:\/\/www.eldigitaldeasturias.com\/noticias\/#postaladdress","@type":"PostalAddress","streetAddress":"san antonio 4","postalCode":"33430","addressLocality":"Cand\u00e1s","addressRegion":"Asturias","addressCountry":"ES"}},{"@type":"Person","@id":"https:\/\/www.eldigitaldeasturias.com\/noticias\/author\/admin\/#author","url":"https:\/\/www.eldigitaldeasturias.com\/noticias\/author\/admin\/","name":"El Digital de Asturias","image":{"@type":"ImageObject","@id":"https:\/\/www.eldigitaldeasturias.com\/noticias\/el-ministerio-de-finanzas-aleman-descarta-una-nueva-quita-de-la-deuda-griega\/#authorImage","url":"https:\/\/secure.gravatar.com\/avatar\/df2aeffc32bcd13f8d26072ef8a91b623d677766deac7f97ca815868cd41bf5e?s=96&d=mm&r=g","width":96,"height":96,"caption":"El Digital de Asturias"}},{"@type":"WebPage","@id":"https:\/\/www.eldigitaldeasturias.com\/noticias\/el-ministerio-de-finanzas-aleman-descarta-una-nueva-quita-de-la-deuda-griega\/#webpage","url":"https:\/\/www.eldigitaldeasturias.com\/noticias\/el-ministerio-de-finanzas-aleman-descarta-una-nueva-quita-de-la-deuda-griega\/","name":"El Ministerio de Finanzas alem\u00e1n descarta una nueva quita de la deuda griega - El Digital de Asturias","description":"Berl\u00edn, 3 feb (EFE).- El Ministerio de Finanzas alem\u00e1n dirigido por Wolfgang Sch\u00e4uble rechaz\u00f3 hoy una nueva quita de la deuda griega e insisti\u00f3 en que la decisi\u00f3n de ofrecer a Atenas un nuevo paquete de ayudas se estudiar\u00e1 a mediados de a\u00f1o, cuando se compruebe si el pa\u00eds ha hecho sus \"deberes\". En rueda","inLanguage":"es-ES","isPartOf":{"@id":"https:\/\/www.eldigitaldeasturias.com\/noticias\/#website"},"breadcrumb":{"@id":"https:\/\/www.eldigitaldeasturias.com\/noticias\/el-ministerio-de-finanzas-aleman-descarta-una-nueva-quita-de-la-deuda-griega\/#breadcrumblist"},"author":{"@id":"https:\/\/www.eldigitaldeasturias.com\/noticias\/author\/admin\/#author"},"creator":{"@id":"https:\/\/www.eldigitaldeasturias.com\/noticias\/author\/admin\/#author"},"image":{"@type":"ImageObject","url":482781,"@id":"https:\/\/www.eldigitaldeasturias.com\/noticias\/el-ministerio-de-finanzas-aleman-descarta-una-nueva-quita-de-la-deuda-griega\/#mainImage"},"primaryImageOfPage":{"@id":"https:\/\/www.eldigitaldeasturias.com\/noticias\/el-ministerio-de-finanzas-aleman-descarta-una-nueva-quita-de-la-deuda-griega\/#mainImage"},"datePublished":"2014-02-03T19:35:26+01:00","dateModified":"2014-02-03T19:35:26+01:00"},{"@type":"WebSite","@id":"https:\/\/www.eldigitaldeasturias.com\/noticias\/#website","url":"https:\/\/www.eldigitaldeasturias.com\/noticias\/","name":"El Digital de Asturias - Diario de actualidad y noticias","alternateName":"El Digital de Asturias - Diario de actualidad y noticias","description":"Hemeroteca","inLanguage":"es-ES","publisher":{"@id":"https:\/\/www.eldigitaldeasturias.com\/noticias\/#organization"}}]},"og:locale":"es_ES","og:site_name":"El Digital de Asturias","og:type":"article","og:title":"El Ministerio de Finanzas alem\u00e1n descarta una nueva quita de la deuda griega - El Digital de Asturias","og:description":"Berl\u00edn, 3 feb (EFE).- El Ministerio de Finanzas alem\u00e1n dirigido por Wolfgang Sch\u00e4uble rechaz\u00f3 hoy una nueva quita de la deuda griega e insisti\u00f3 en que la decisi\u00f3n de ofrecer a Atenas un nuevo paquete de ayudas se estudiar\u00e1 a mediados de a\u00f1o, cuando se compruebe si el pa\u00eds ha hecho sus &quot;deberes&quot;. En rueda","og:url":"https:\/\/www.eldigitaldeasturias.com\/noticias\/el-ministerio-de-finanzas-aleman-descarta-una-nueva-quita-de-la-deuda-griega\/","article:tag":["actualidad"],"article:published_time":"2014-02-03T20:35:26+00:00","article:modified_time":"2014-02-03T20:35:26+00:00","article:publisher":"https:\/\/facebook.com\/eldigitaldeasturias","twitter:card":"summary_large_image","twitter:title":"El Ministerio de Finanzas alem\u00e1n descarta una nueva quita de la deuda griega - El Digital de Asturias","twitter:description":"Berl\u00edn, 3 feb (EFE).- El Ministerio de Finanzas alem\u00e1n dirigido por Wolfgang Sch\u00e4uble rechaz\u00f3 hoy una nueva quita de la deuda griega e insisti\u00f3 en que la decisi\u00f3n de ofrecer a Atenas un nuevo paquete de ayudas se estudiar\u00e1 a mediados de a\u00f1o, cuando se compruebe si el pa\u00eds ha hecho sus &quot;deberes&quot;. En rueda","twitter:label1":"Escrito por","twitter:data1":"El Digital de Asturias","twitter:label2":"Tiempo de lectura estimado","twitter:data2":"1 minuto"},"aioseo_meta_data":{"post_id":"482780","title":null,"description":null,"keywords":null,"keyphrases":null,"primary_term":null,"canonical_url":null,"og_title":null,"og_description":null,"og_object_type":"default","og_image_type":"default","og_image_url":null,"og_image_width":null,"og_image_height":null,"og_image_custom_url":null,"og_image_custom_fields":null,"og_video":null,"og_custom_url":null,"og_article_section":null,"og_article_tags":null,"twitter_use_og":true,"twitter_card":"default","twitter_image_type":"default","twitter_image_url":null,"twitter_image_custom_url":null,"twitter_image_custom_fields":null,"twitter_title":null,"twitter_description":null,"schema":{"blockGraphs":[],"customGraphs":[],"default":{"data":{"Article":[],"Course":[],"Dataset":[],"FAQPage":[],"Movie":[],"Person":[],"Product":[],"ProductReview":[],"Car":[],"Recipe":[],"Service":[],"SoftwareApplication":[],"WebPage":[]},"graphName":"","isEnabled":true},"graphs":[],"defaultGraph":"","defaultPostTypeGraph":""},"schema_type":null,"schema_type_options":null,"pillar_content":false,"robots_default":true,"robots_noindex":false,"robots_noarchive":false,"robots_nosnippet":false,"robots_nofollow":false,"robots_noimageindex":false,"robots_noodp":false,"robots_notranslate":false,"robots_max_snippet":null,"robots_max_videopreview":null,"robots_max_imagepreview":"none","priority":null,"frequency":null,"local_seo":null,"seo_analyzer_scan_date":"2026-06-02 10:53:56","breadcrumb_settings":null,"limit_modified_date":false,"open_ai":null,"ai":null,"created":"2020-11-14 22:54:39","updated":"2026-06-02 10:53:56","focus_keyword":null,"additional_keywords":null,"truseo_locale":null},"aioseo_breadcrumb":"<div class=\"aioseo-breadcrumbs\"><span class=\"aioseo-breadcrumb\">\n\t<a href=\"https:\/\/www.eldigitaldeasturias.com\/noticias\" title=\"Home\">Home<\/a>\n<\/span><span class=\"aioseo-breadcrumb-separator\">\u2013<\/span><span class=\"aioseo-breadcrumb\">\n\t<a href=\"https:\/\/www.eldigitaldeasturias.com\/noticias\/category\/actualidad\/\" title=\"Actualidad\">Actualidad<\/a>\n<\/span><span class=\"aioseo-breadcrumb-separator\">\u2013<\/span><span class=\"aioseo-breadcrumb\">\n\t<a href=\"https:\/\/www.eldigitaldeasturias.com\/noticias\/el-ministerio-de-finanzas-aleman-descarta-una-nueva-quita-de-la-deuda-griega\/\" title=\"El Ministerio de Finanzas alem\u00e1n descarta una nueva quita de la deuda griega\">El Ministerio de Finanzas alem\u00e1n descarta una nueva quita de la deuda griega<\/a>\n<\/span><\/div>","aioseo_breadcrumb_json":[{"label":"Home","link":"https:\/\/www.eldigitaldeasturias.com\/noticias"},{"label":"Actualidad","link":"https:\/\/www.eldigitaldeasturias.com\/noticias\/category\/actualidad\/"},{"label":"El Ministerio de Finanzas alem\u00e1n descarta una nueva quita de la deuda griega","link":"https:\/\/www.eldigitaldeasturias.com\/noticias\/el-ministerio-de-finanzas-aleman-descarta-una-nueva-quita-de-la-deuda-griega\/"}],"_links":{"self":[{"href":"https:\/\/www.eldigitaldeasturias.com\/noticias\/wp-json\/wp\/v2\/posts\/482780","targetHints":{"allow":["GET"]}}],"collection":[{"href":"https:\/\/www.eldigitaldeasturias.com\/noticias\/wp-json\/wp\/v2\/posts"}],"about":[{"href":"https:\/\/www.eldigitaldeasturias.com\/noticias\/wp-json\/wp\/v2\/types\/post"}],"author":[{"embeddable":true,"href":"https:\/\/www.eldigitaldeasturias.com\/noticias\/wp-json\/wp\/v2\/users\/1"}],"replies":[{"embeddable":true,"href":"https:\/\/www.eldigitaldeasturias.com\/noticias\/wp-json\/wp\/v2\/comments?post=482780"}],"version-history":[{"count":0,"href":"https:\/\/www.eldigitaldeasturias.com\/noticias\/wp-json\/wp\/v2\/posts\/482780\/revisions"}],"wp:attachment":[{"href":"https:\/\/www.eldigitaldeasturias.com\/noticias\/wp-json\/wp\/v2\/media?parent=482780"}],"wp:term":[{"taxonomy":"category","embeddable":true,"href":"https:\/\/www.eldigitaldeasturias.com\/noticias\/wp-json\/wp\/v2\/categories?post=482780"},{"taxonomy":"post_tag","embeddable":true,"href":"https:\/\/www.eldigitaldeasturias.com\/noticias\/wp-json\/wp\/v2\/tags?post=482780"}],"curies":[{"name":"wp","href":"https:\/\/api.w.org\/{rel}","templated":true}]}}