{"id":482777,"date":"2014-02-03T19:34:11","date_gmt":"2014-02-03T20:34:11","guid":{"rendered":"http:\/\/www.eldigitaldeasturias.com\/noticias\/?p=482777"},"modified":"2014-02-03T19:34:11","modified_gmt":"2014-02-03T20:34:11","slug":"el-consejo-de-europa-vincula-la-corrupcion-en-bielorrusia-a-los-poderes-del-presidente","status":"publish","type":"post","link":"https:\/\/www.eldigitaldeasturias.com\/noticias\/el-consejo-de-europa-vincula-la-corrupcion-en-bielorrusia-a-los-poderes-del-presidente\/","title":{"rendered":"El Consejo de Europa vincula la corrupci\u00f3n en Bielorrusia a los poderes del presidente"},"content":{"rendered":"<p><img loading=\"lazy\" decoding=\"async\" class=\"alignleft size-medium wp-image-482778\" alt=\"5903562w\" src=\"https:\/\/www.eldigitaldeasturias.com\/noticias\/wp-content\/uploads\/2014\/02\/5903562w-360x237.jpg\" width=\"360\" height=\"237\" \/>Par\u00eds, 3 feb (EFE).- El Grupo de Estados Contra la Corrupci\u00f3n (Greco) del Consejo de Europa vincula, en un informe publicado hoy, la corrupci\u00f3n en Bielorrusia a las amplias potestades de su presidente, Alexandre Lukashenko, que vulneran el principio de separaci\u00f3n de poderes.<\/p>\n<p>Aunque el documento se adopt\u00f3 en junio de 2012, el Greco tom\u00f3 la decisi\u00f3n de difundir un resumen hoy ante la negativa de las autoridades bielorrusas a autorizar su publicaci\u00f3n, al contrario de lo que hacen el resto de pa\u00edses.<\/p>\n<p>Seg\u00fan el informe, hay pocos datos fiables sobre los niveles de corrupci\u00f3n en Bielorrusia, pero \u00e9sta es \u00abm\u00e1s alarmante en los niveles altos de la jerarqu\u00eda y en las empresas estatales\u00bb que en la vida cotidiana.<\/p>\n<p>As\u00ed, las amplias potestades del presidente, que incluyen la facultad de sancionar a jueces, \u00abcontradicen\u00bb el principio de separaci\u00f3n de poderes y afectan a \u00abla eficiencia y credibilidad de Bielorrusia en la lucha contra la corrupci\u00f3n\u00bb.<\/p>\n<p>Asimismo, el Consejo de Europa alerta de que las leyes del pa\u00eds prev\u00e9n que para iniciar procedimientos judiciales contra muchos altos funcionarios sea necesario contar con la autorizaci\u00f3n del jefe de estado.<\/p>\n<p>El informe subraya tambi\u00e9n \u00abdeficiencias\u00bb en la regulaci\u00f3n de las personas jur\u00eddicas, lo que permite la creaci\u00f3n de empresas simuladas que solo se usan como \u00abun escudo\u00bb para cometer delitos de corrupci\u00f3n.<\/p>\n<p>El Greco recomienda al gobierno bielorruso que autorice la realizaci\u00f3n de investigaciones independientes sobre la corrupci\u00f3n y que permita que el sector no gubernamental participe en la prevenci\u00f3n de estos delitos.<\/p>\n<p>El informe aconseja reforzar la transparencia de las administraciones p\u00fablicas, as\u00ed como la libertad de expresi\u00f3n y el desarrollo de medios de comunicaci\u00f3n independientes.<\/p>\n<p>Tambi\u00e9n insta a incrementar la independencia de la fiscal\u00eda, del Tribunal Constitucional y del poder judicial, limitar la participaci\u00f3n del presidente en la formaci\u00f3n de los tribunales y garantizar la inamovilidad de los jueces.<\/p>\n<p>El documento invita adem\u00e1s a establecer la figura del Defensor del Pueblo, clarificar las normas sobre los regalos aceptables para los funcionarios y proteger a los empleados de la administraci\u00f3n p\u00fablica que informen sobre posibles casos de corrupci\u00f3n.<\/p>\n<p>El Consejo de Europa pide asimismo la abolici\u00f3n de los poderes del jefe de estado para consentir o vetar la iniciaci\u00f3n de procedimientos judiciales contra altos funcionarios y que se limite la inmunidad presidencial al t\u00e9rmino del mandato.<\/p>\n","protected":false},"excerpt":{"rendered":"<p>Par\u00eds, 3 feb (EFE).- El Grupo de Estados Contra la Corrupci\u00f3n (Greco) del Consejo de Europa vincula, en un informe publicado hoy, la corrupci\u00f3n en Bielorrusia a las amplias potestades de su presidente, Alexandre Lukashenko, que vulneran el principio de separaci\u00f3n de poderes. Aunque el documento se adopt\u00f3 en junio de 2012, el Greco tom\u00f3 [&hellip;]<\/p>\n","protected":false},"author":1,"featured_media":482778,"comment_status":"closed","ping_status":"open","sticky":false,"template":"","format":"standard","meta":{"footnotes":""},"categories":[1],"tags":[],"class_list":["post-482777","post","type-post","status-publish","format-standard","has-post-thumbnail","hentry","category-actualidad"],"aioseo_notices":[],"aioseo_head":"\n\t\t<!-- All in One SEO Pro 5.0.1 - aioseo.com -->\n\t<meta name=\"description\" content=\"Par\u00eds, 3 feb (EFE).- El Grupo de Estados Contra la Corrupci\u00f3n (Greco) del Consejo de Europa vincula, en un informe publicado hoy, la corrupci\u00f3n en Bielorrusia a las amplias potestades de su presidente, Alexandre Lukashenko, que vulneran el principio de separaci\u00f3n de poderes. Aunque el documento se adopt\u00f3 en junio de 2012, el Greco tom\u00f3\" \/>\n\t<meta name=\"robots\" content=\"max-image-preview:large\" \/>\n\t<meta name=\"author\" content=\"El Digital de Asturias\"\/>\n\t<meta name=\"google-site-verification\" content=\"UA-38556648-1\" \/>\n\t<meta name=\"msvalidate.01\" content=\"7dfe9f3f1b24437ab69f4f2559babe99\" \/>\n\t<meta name=\"keywords\" content=\"actualidad\" \/>\n\t<link rel=\"canonical\" href=\"https:\/\/www.eldigitaldeasturias.com\/noticias\/el-consejo-de-europa-vincula-la-corrupcion-en-bielorrusia-a-los-poderes-del-presidente\/\" \/>\n\t<meta name=\"generator\" content=\"All in One SEO Pro (AIOSEO) 5.0.1\" \/>\n\t\t<meta property=\"og:locale\" content=\"es_ES\" \/>\n\t\t<meta property=\"og:site_name\" content=\"El Digital de Asturias\" \/>\n\t\t<meta property=\"og:type\" content=\"article\" \/>\n\t\t<meta property=\"og:title\" content=\"El Consejo de Europa vincula la corrupci\u00f3n en Bielorrusia a los poderes del presidente - El Digital de Asturias\" \/>\n\t\t<meta property=\"og:description\" content=\"Par\u00eds, 3 feb (EFE).- El Grupo de Estados Contra la Corrupci\u00f3n (Greco) del Consejo de Europa vincula, en un informe publicado hoy, la corrupci\u00f3n en Bielorrusia a las amplias potestades de su presidente, Alexandre Lukashenko, que vulneran el principio de separaci\u00f3n de poderes. Aunque el documento se adopt\u00f3 en junio de 2012, el Greco tom\u00f3\" \/>\n\t\t<meta property=\"og:url\" content=\"https:\/\/www.eldigitaldeasturias.com\/noticias\/el-consejo-de-europa-vincula-la-corrupcion-en-bielorrusia-a-los-poderes-del-presidente\/\" \/>\n\t\t<meta property=\"article:tag\" content=\"actualidad\" \/>\n\t\t<meta property=\"article:published_time\" content=\"2014-02-03T20:34:11+00:00\" \/>\n\t\t<meta property=\"article:modified_time\" content=\"2014-02-03T20:34:11+00:00\" \/>\n\t\t<meta property=\"article:publisher\" content=\"https:\/\/facebook.com\/eldigitaldeasturias\" \/>\n\t\t<meta name=\"twitter:card\" content=\"summary_large_image\" \/>\n\t\t<meta name=\"twitter:title\" content=\"El Consejo de Europa vincula la corrupci\u00f3n en Bielorrusia a los poderes del presidente - El Digital de Asturias\" \/>\n\t\t<meta name=\"twitter:description\" content=\"Par\u00eds, 3 feb (EFE).- El Grupo de Estados Contra la Corrupci\u00f3n (Greco) del Consejo de Europa vincula, en un informe publicado hoy, la corrupci\u00f3n en Bielorrusia a las amplias potestades de su presidente, Alexandre Lukashenko, que vulneran el principio de separaci\u00f3n de poderes. Aunque el documento se adopt\u00f3 en junio de 2012, el Greco tom\u00f3\" \/>\n\t\t<meta name=\"twitter:label1\" content=\"Escrito por\" \/>\n\t\t<meta name=\"twitter:data1\" content=\"El Digital de Asturias\" \/>\n\t\t<meta name=\"twitter:label2\" content=\"Tiempo de lectura estimado\" \/>\n\t\t<meta name=\"twitter:data2\" content=\"2 minutos\" \/>\n\t\t<script type=\"application\/ld+json\" class=\"aioseo-schema\">\n\t\t\t{\"@context\":\"https:\\\/\\\/schema.org\",\"@graph\":[{\"@type\":\"BlogPosting\",\"@id\":\"https:\\\/\\\/www.eldigitaldeasturias.com\\\/noticias\\\/el-consejo-de-europa-vincula-la-corrupcion-en-bielorrusia-a-los-poderes-del-presidente\\\/#blogposting\",\"name\":\"El Consejo de Europa vincula la corrupci\\u00f3n en Bielorrusia a los poderes del presidente - El Digital de Asturias\",\"headline\":\"El Consejo de Europa vincula la corrupci\\u00f3n en Bielorrusia a los poderes del presidente\",\"author\":{\"@id\":\"https:\\\/\\\/www.eldigitaldeasturias.com\\\/noticias\\\/author\\\/admin\\\/#author\"},\"publisher\":{\"@id\":\"https:\\\/\\\/www.eldigitaldeasturias.com\\\/noticias\\\/#organization\"},\"image\":{\"@type\":\"ImageObject\",\"url\":482778},\"datePublished\":\"2014-02-03T19:34:11+01:00\",\"dateModified\":\"2014-02-03T19:34:11+01:00\",\"inLanguage\":\"es-ES\",\"mainEntityOfPage\":{\"@id\":\"https:\\\/\\\/www.eldigitaldeasturias.com\\\/noticias\\\/el-consejo-de-europa-vincula-la-corrupcion-en-bielorrusia-a-los-poderes-del-presidente\\\/#webpage\"},\"isPartOf\":{\"@id\":\"https:\\\/\\\/www.eldigitaldeasturias.com\\\/noticias\\\/el-consejo-de-europa-vincula-la-corrupcion-en-bielorrusia-a-los-poderes-del-presidente\\\/#webpage\"},\"articleSection\":\"Actualidad\"},{\"@type\":\"BreadcrumbList\",\"@id\":\"https:\\\/\\\/www.eldigitaldeasturias.com\\\/noticias\\\/el-consejo-de-europa-vincula-la-corrupcion-en-bielorrusia-a-los-poderes-del-presidente\\\/#breadcrumblist\",\"itemListElement\":[{\"@type\":\"ListItem\",\"@id\":\"https:\\\/\\\/www.eldigitaldeasturias.com\\\/noticias#listItem\",\"position\":1,\"name\":\"Home\",\"item\":\"https:\\\/\\\/www.eldigitaldeasturias.com\\\/noticias\",\"nextItem\":{\"@type\":\"ListItem\",\"@id\":\"https:\\\/\\\/www.eldigitaldeasturias.com\\\/noticias\\\/category\\\/actualidad\\\/#listItem\",\"name\":\"Actualidad\"}},{\"@type\":\"ListItem\",\"@id\":\"https:\\\/\\\/www.eldigitaldeasturias.com\\\/noticias\\\/category\\\/actualidad\\\/#listItem\",\"position\":2,\"name\":\"Actualidad\",\"item\":\"https:\\\/\\\/www.eldigitaldeasturias.com\\\/noticias\\\/category\\\/actualidad\\\/\",\"nextItem\":{\"@type\":\"ListItem\",\"@id\":\"https:\\\/\\\/www.eldigitaldeasturias.com\\\/noticias\\\/el-consejo-de-europa-vincula-la-corrupcion-en-bielorrusia-a-los-poderes-del-presidente\\\/#listItem\",\"name\":\"El Consejo de Europa vincula la corrupci\\u00f3n en Bielorrusia a los poderes del presidente\"},\"previousItem\":{\"@type\":\"ListItem\",\"@id\":\"https:\\\/\\\/www.eldigitaldeasturias.com\\\/noticias#listItem\",\"name\":\"Home\"}},{\"@type\":\"ListItem\",\"@id\":\"https:\\\/\\\/www.eldigitaldeasturias.com\\\/noticias\\\/el-consejo-de-europa-vincula-la-corrupcion-en-bielorrusia-a-los-poderes-del-presidente\\\/#listItem\",\"position\":3,\"name\":\"El Consejo de Europa vincula la corrupci\\u00f3n en Bielorrusia a los poderes del presidente\",\"previousItem\":{\"@type\":\"ListItem\",\"@id\":\"https:\\\/\\\/www.eldigitaldeasturias.com\\\/noticias\\\/category\\\/actualidad\\\/#listItem\",\"name\":\"Actualidad\"}}]},{\"@type\":\"Organization\",\"@id\":\"https:\\\/\\\/www.eldigitaldeasturias.com\\\/noticias\\\/#organization\",\"name\":\"El Digital de Asturias\",\"description\":\"Hemeroteca\",\"url\":\"https:\\\/\\\/www.eldigitaldeasturias.com\\\/noticias\\\/\",\"email\":\"info@eldigitaldeasturias.com\",\"telephone\":\"+34652131393\",\"logo\":{\"@type\":\"ImageObject\",\"url\":\"https:\\\/\\\/www.eldigitaldeasturias.com\\\/noticias\\\/wp-content\\\/uploads\\\/2020\\\/12\\\/EDA.jpg\",\"@id\":\"https:\\\/\\\/www.eldigitaldeasturias.com\\\/noticias\\\/el-consejo-de-europa-vincula-la-corrupcion-en-bielorrusia-a-los-poderes-del-presidente\\\/#organizationLogo\"},\"image\":{\"@id\":\"https:\\\/\\\/www.eldigitaldeasturias.com\\\/noticias\\\/el-consejo-de-europa-vincula-la-corrupcion-en-bielorrusia-a-los-poderes-del-presidente\\\/#organizationLogo\"},\"sameAs\":[\"https:\\\/\\\/facebook.com\\\/eldigitaldeasturias\",\"https:\\\/\\\/www.youtube.com\\\/channel\\\/UCZP-2wLEB9Rv6erhFmqVnvg\"],\"address\":{\"@id\":\"https:\\\/\\\/www.eldigitaldeasturias.com\\\/noticias\\\/#postaladdress\",\"@type\":\"PostalAddress\",\"streetAddress\":\"san antonio 4\",\"postalCode\":\"33430\",\"addressLocality\":\"Cand\\u00e1s\",\"addressRegion\":\"Asturias\",\"addressCountry\":\"ES\"}},{\"@type\":\"Person\",\"@id\":\"https:\\\/\\\/www.eldigitaldeasturias.com\\\/noticias\\\/author\\\/admin\\\/#author\",\"url\":\"https:\\\/\\\/www.eldigitaldeasturias.com\\\/noticias\\\/author\\\/admin\\\/\",\"name\":\"El Digital de Asturias\",\"image\":{\"@type\":\"ImageObject\",\"@id\":\"https:\\\/\\\/www.eldigitaldeasturias.com\\\/noticias\\\/el-consejo-de-europa-vincula-la-corrupcion-en-bielorrusia-a-los-poderes-del-presidente\\\/#authorImage\",\"url\":\"https:\\\/\\\/secure.gravatar.com\\\/avatar\\\/df2aeffc32bcd13f8d26072ef8a91b623d677766deac7f97ca815868cd41bf5e?s=96&d=mm&r=g\",\"width\":96,\"height\":96,\"caption\":\"El Digital de Asturias\"}},{\"@type\":\"WebPage\",\"@id\":\"https:\\\/\\\/www.eldigitaldeasturias.com\\\/noticias\\\/el-consejo-de-europa-vincula-la-corrupcion-en-bielorrusia-a-los-poderes-del-presidente\\\/#webpage\",\"url\":\"https:\\\/\\\/www.eldigitaldeasturias.com\\\/noticias\\\/el-consejo-de-europa-vincula-la-corrupcion-en-bielorrusia-a-los-poderes-del-presidente\\\/\",\"name\":\"El Consejo de Europa vincula la corrupci\\u00f3n en Bielorrusia a los poderes del presidente - El Digital de Asturias\",\"description\":\"Par\\u00eds, 3 feb (EFE).- El Grupo de Estados Contra la Corrupci\\u00f3n (Greco) del Consejo de Europa vincula, en un informe publicado hoy, la corrupci\\u00f3n en Bielorrusia a las amplias potestades de su presidente, Alexandre Lukashenko, que vulneran el principio de separaci\\u00f3n de poderes. Aunque el documento se adopt\\u00f3 en junio de 2012, el Greco tom\\u00f3\",\"inLanguage\":\"es-ES\",\"isPartOf\":{\"@id\":\"https:\\\/\\\/www.eldigitaldeasturias.com\\\/noticias\\\/#website\"},\"breadcrumb\":{\"@id\":\"https:\\\/\\\/www.eldigitaldeasturias.com\\\/noticias\\\/el-consejo-de-europa-vincula-la-corrupcion-en-bielorrusia-a-los-poderes-del-presidente\\\/#breadcrumblist\"},\"author\":{\"@id\":\"https:\\\/\\\/www.eldigitaldeasturias.com\\\/noticias\\\/author\\\/admin\\\/#author\"},\"creator\":{\"@id\":\"https:\\\/\\\/www.eldigitaldeasturias.com\\\/noticias\\\/author\\\/admin\\\/#author\"},\"image\":{\"@type\":\"ImageObject\",\"url\":482778,\"@id\":\"https:\\\/\\\/www.eldigitaldeasturias.com\\\/noticias\\\/el-consejo-de-europa-vincula-la-corrupcion-en-bielorrusia-a-los-poderes-del-presidente\\\/#mainImage\"},\"primaryImageOfPage\":{\"@id\":\"https:\\\/\\\/www.eldigitaldeasturias.com\\\/noticias\\\/el-consejo-de-europa-vincula-la-corrupcion-en-bielorrusia-a-los-poderes-del-presidente\\\/#mainImage\"},\"datePublished\":\"2014-02-03T19:34:11+01:00\",\"dateModified\":\"2014-02-03T19:34:11+01:00\"},{\"@type\":\"WebSite\",\"@id\":\"https:\\\/\\\/www.eldigitaldeasturias.com\\\/noticias\\\/#website\",\"url\":\"https:\\\/\\\/www.eldigitaldeasturias.com\\\/noticias\\\/\",\"name\":\"El Digital de Asturias - Diario de actualidad y noticias\",\"alternateName\":\"El Digital de Asturias - Diario de actualidad y noticias\",\"description\":\"Hemeroteca\",\"inLanguage\":\"es-ES\",\"publisher\":{\"@id\":\"https:\\\/\\\/www.eldigitaldeasturias.com\\\/noticias\\\/#organization\"}}]}\n\t\t<\/script>\n\t\t<!-- All in One SEO Pro -->\r\n\t\t<title>El Consejo de Europa vincula la corrupci\u00f3n en Bielorrusia a los poderes del presidente - El Digital de Asturias<\/title>\n\n","aioseo_head_json":{"title":"El Consejo de Europa vincula la corrupci\u00f3n en Bielorrusia a los poderes del presidente - El Digital de Asturias","description":"Par\u00eds, 3 feb (EFE).- El Grupo de Estados Contra la Corrupci\u00f3n (Greco) del Consejo de Europa vincula, en un informe publicado hoy, la corrupci\u00f3n en Bielorrusia a las amplias potestades de su presidente, Alexandre Lukashenko, que vulneran el principio de separaci\u00f3n de poderes. Aunque el documento se adopt\u00f3 en junio de 2012, el Greco tom\u00f3","canonical_url":"https:\/\/www.eldigitaldeasturias.com\/noticias\/el-consejo-de-europa-vincula-la-corrupcion-en-bielorrusia-a-los-poderes-del-presidente\/","robots":"max-image-preview:large","keywords":"actualidad","webmasterTools":{"google-site-verification":"UA-38556648-1","msvalidate.01":"7dfe9f3f1b24437ab69f4f2559babe99","miscellaneous":""},"schema":{"@context":"https:\/\/schema.org","@graph":[{"@type":"BlogPosting","@id":"https:\/\/www.eldigitaldeasturias.com\/noticias\/el-consejo-de-europa-vincula-la-corrupcion-en-bielorrusia-a-los-poderes-del-presidente\/#blogposting","name":"El Consejo de Europa vincula la corrupci\u00f3n en Bielorrusia a los poderes del presidente - El Digital de Asturias","headline":"El Consejo de Europa vincula la corrupci\u00f3n en Bielorrusia a los poderes del presidente","author":{"@id":"https:\/\/www.eldigitaldeasturias.com\/noticias\/author\/admin\/#author"},"publisher":{"@id":"https:\/\/www.eldigitaldeasturias.com\/noticias\/#organization"},"image":{"@type":"ImageObject","url":482778},"datePublished":"2014-02-03T19:34:11+01:00","dateModified":"2014-02-03T19:34:11+01:00","inLanguage":"es-ES","mainEntityOfPage":{"@id":"https:\/\/www.eldigitaldeasturias.com\/noticias\/el-consejo-de-europa-vincula-la-corrupcion-en-bielorrusia-a-los-poderes-del-presidente\/#webpage"},"isPartOf":{"@id":"https:\/\/www.eldigitaldeasturias.com\/noticias\/el-consejo-de-europa-vincula-la-corrupcion-en-bielorrusia-a-los-poderes-del-presidente\/#webpage"},"articleSection":"Actualidad"},{"@type":"BreadcrumbList","@id":"https:\/\/www.eldigitaldeasturias.com\/noticias\/el-consejo-de-europa-vincula-la-corrupcion-en-bielorrusia-a-los-poderes-del-presidente\/#breadcrumblist","itemListElement":[{"@type":"ListItem","@id":"https:\/\/www.eldigitaldeasturias.com\/noticias#listItem","position":1,"name":"Home","item":"https:\/\/www.eldigitaldeasturias.com\/noticias","nextItem":{"@type":"ListItem","@id":"https:\/\/www.eldigitaldeasturias.com\/noticias\/category\/actualidad\/#listItem","name":"Actualidad"}},{"@type":"ListItem","@id":"https:\/\/www.eldigitaldeasturias.com\/noticias\/category\/actualidad\/#listItem","position":2,"name":"Actualidad","item":"https:\/\/www.eldigitaldeasturias.com\/noticias\/category\/actualidad\/","nextItem":{"@type":"ListItem","@id":"https:\/\/www.eldigitaldeasturias.com\/noticias\/el-consejo-de-europa-vincula-la-corrupcion-en-bielorrusia-a-los-poderes-del-presidente\/#listItem","name":"El Consejo de Europa vincula la corrupci\u00f3n en Bielorrusia a los poderes del presidente"},"previousItem":{"@type":"ListItem","@id":"https:\/\/www.eldigitaldeasturias.com\/noticias#listItem","name":"Home"}},{"@type":"ListItem","@id":"https:\/\/www.eldigitaldeasturias.com\/noticias\/el-consejo-de-europa-vincula-la-corrupcion-en-bielorrusia-a-los-poderes-del-presidente\/#listItem","position":3,"name":"El Consejo de Europa vincula la corrupci\u00f3n en Bielorrusia a los poderes del presidente","previousItem":{"@type":"ListItem","@id":"https:\/\/www.eldigitaldeasturias.com\/noticias\/category\/actualidad\/#listItem","name":"Actualidad"}}]},{"@type":"Organization","@id":"https:\/\/www.eldigitaldeasturias.com\/noticias\/#organization","name":"El Digital de Asturias","description":"Hemeroteca","url":"https:\/\/www.eldigitaldeasturias.com\/noticias\/","email":"info@eldigitaldeasturias.com","telephone":"+34652131393","logo":{"@type":"ImageObject","url":"https:\/\/www.eldigitaldeasturias.com\/noticias\/wp-content\/uploads\/2020\/12\/EDA.jpg","@id":"https:\/\/www.eldigitaldeasturias.com\/noticias\/el-consejo-de-europa-vincula-la-corrupcion-en-bielorrusia-a-los-poderes-del-presidente\/#organizationLogo"},"image":{"@id":"https:\/\/www.eldigitaldeasturias.com\/noticias\/el-consejo-de-europa-vincula-la-corrupcion-en-bielorrusia-a-los-poderes-del-presidente\/#organizationLogo"},"sameAs":["https:\/\/facebook.com\/eldigitaldeasturias","https:\/\/www.youtube.com\/channel\/UCZP-2wLEB9Rv6erhFmqVnvg"],"address":{"@id":"https:\/\/www.eldigitaldeasturias.com\/noticias\/#postaladdress","@type":"PostalAddress","streetAddress":"san antonio 4","postalCode":"33430","addressLocality":"Cand\u00e1s","addressRegion":"Asturias","addressCountry":"ES"}},{"@type":"Person","@id":"https:\/\/www.eldigitaldeasturias.com\/noticias\/author\/admin\/#author","url":"https:\/\/www.eldigitaldeasturias.com\/noticias\/author\/admin\/","name":"El Digital de Asturias","image":{"@type":"ImageObject","@id":"https:\/\/www.eldigitaldeasturias.com\/noticias\/el-consejo-de-europa-vincula-la-corrupcion-en-bielorrusia-a-los-poderes-del-presidente\/#authorImage","url":"https:\/\/secure.gravatar.com\/avatar\/df2aeffc32bcd13f8d26072ef8a91b623d677766deac7f97ca815868cd41bf5e?s=96&d=mm&r=g","width":96,"height":96,"caption":"El Digital de Asturias"}},{"@type":"WebPage","@id":"https:\/\/www.eldigitaldeasturias.com\/noticias\/el-consejo-de-europa-vincula-la-corrupcion-en-bielorrusia-a-los-poderes-del-presidente\/#webpage","url":"https:\/\/www.eldigitaldeasturias.com\/noticias\/el-consejo-de-europa-vincula-la-corrupcion-en-bielorrusia-a-los-poderes-del-presidente\/","name":"El Consejo de Europa vincula la corrupci\u00f3n en Bielorrusia a los poderes del presidente - El Digital de Asturias","description":"Par\u00eds, 3 feb (EFE).- El Grupo de Estados Contra la Corrupci\u00f3n (Greco) del Consejo de Europa vincula, en un informe publicado hoy, la corrupci\u00f3n en Bielorrusia a las amplias potestades de su presidente, Alexandre Lukashenko, que vulneran el principio de separaci\u00f3n de poderes. Aunque el documento se adopt\u00f3 en junio de 2012, el Greco tom\u00f3","inLanguage":"es-ES","isPartOf":{"@id":"https:\/\/www.eldigitaldeasturias.com\/noticias\/#website"},"breadcrumb":{"@id":"https:\/\/www.eldigitaldeasturias.com\/noticias\/el-consejo-de-europa-vincula-la-corrupcion-en-bielorrusia-a-los-poderes-del-presidente\/#breadcrumblist"},"author":{"@id":"https:\/\/www.eldigitaldeasturias.com\/noticias\/author\/admin\/#author"},"creator":{"@id":"https:\/\/www.eldigitaldeasturias.com\/noticias\/author\/admin\/#author"},"image":{"@type":"ImageObject","url":482778,"@id":"https:\/\/www.eldigitaldeasturias.com\/noticias\/el-consejo-de-europa-vincula-la-corrupcion-en-bielorrusia-a-los-poderes-del-presidente\/#mainImage"},"primaryImageOfPage":{"@id":"https:\/\/www.eldigitaldeasturias.com\/noticias\/el-consejo-de-europa-vincula-la-corrupcion-en-bielorrusia-a-los-poderes-del-presidente\/#mainImage"},"datePublished":"2014-02-03T19:34:11+01:00","dateModified":"2014-02-03T19:34:11+01:00"},{"@type":"WebSite","@id":"https:\/\/www.eldigitaldeasturias.com\/noticias\/#website","url":"https:\/\/www.eldigitaldeasturias.com\/noticias\/","name":"El Digital de Asturias - Diario de actualidad y noticias","alternateName":"El Digital de Asturias - Diario de actualidad y noticias","description":"Hemeroteca","inLanguage":"es-ES","publisher":{"@id":"https:\/\/www.eldigitaldeasturias.com\/noticias\/#organization"}}]},"og:locale":"es_ES","og:site_name":"El Digital de Asturias","og:type":"article","og:title":"El Consejo de Europa vincula la corrupci\u00f3n en Bielorrusia a los poderes del presidente - El Digital de Asturias","og:description":"Par\u00eds, 3 feb (EFE).- El Grupo de Estados Contra la Corrupci\u00f3n (Greco) del Consejo de Europa vincula, en un informe publicado hoy, la corrupci\u00f3n en Bielorrusia a las amplias potestades de su presidente, Alexandre Lukashenko, que vulneran el principio de separaci\u00f3n de poderes. Aunque el documento se adopt\u00f3 en junio de 2012, el Greco tom\u00f3","og:url":"https:\/\/www.eldigitaldeasturias.com\/noticias\/el-consejo-de-europa-vincula-la-corrupcion-en-bielorrusia-a-los-poderes-del-presidente\/","article:tag":["actualidad"],"article:published_time":"2014-02-03T20:34:11+00:00","article:modified_time":"2014-02-03T20:34:11+00:00","article:publisher":"https:\/\/facebook.com\/eldigitaldeasturias","twitter:card":"summary_large_image","twitter:title":"El Consejo de Europa vincula la corrupci\u00f3n en Bielorrusia a los poderes del presidente - El Digital de Asturias","twitter:description":"Par\u00eds, 3 feb (EFE).- El Grupo de Estados Contra la Corrupci\u00f3n (Greco) del Consejo de Europa vincula, en un informe publicado hoy, la corrupci\u00f3n en Bielorrusia a las amplias potestades de su presidente, Alexandre Lukashenko, que vulneran el principio de separaci\u00f3n de poderes. Aunque el documento se adopt\u00f3 en junio de 2012, el Greco tom\u00f3","twitter:label1":"Escrito por","twitter:data1":"El Digital de Asturias","twitter:label2":"Tiempo de lectura estimado","twitter:data2":"2 minutos"},"aioseo_meta_data":{"post_id":"482777","title":null,"description":null,"keywords":null,"keyphrases":null,"primary_term":null,"canonical_url":null,"og_title":null,"og_description":null,"og_object_type":"default","og_image_type":"default","og_image_url":null,"og_image_width":null,"og_image_height":null,"og_image_custom_url":null,"og_image_custom_fields":null,"og_video":null,"og_custom_url":null,"og_article_section":null,"og_article_tags":null,"twitter_use_og":true,"twitter_card":"default","twitter_image_type":"default","twitter_image_url":null,"twitter_image_custom_url":null,"twitter_image_custom_fields":null,"twitter_title":null,"twitter_description":null,"schema":{"blockGraphs":[],"customGraphs":[],"default":{"data":{"Article":[],"Course":[],"Dataset":[],"FAQPage":[],"Movie":[],"Person":[],"Product":[],"ProductReview":[],"Car":[],"Recipe":[],"Service":[],"SoftwareApplication":[],"WebPage":[]},"graphName":"","isEnabled":true},"graphs":[],"defaultGraph":"","defaultPostTypeGraph":""},"schema_type":null,"schema_type_options":null,"pillar_content":false,"robots_default":true,"robots_noindex":false,"robots_noarchive":false,"robots_nosnippet":false,"robots_nofollow":false,"robots_noimageindex":false,"robots_noodp":false,"robots_notranslate":false,"robots_max_snippet":null,"robots_max_videopreview":null,"robots_max_imagepreview":"none","priority":null,"frequency":null,"local_seo":null,"seo_analyzer_scan_date":"2026-06-02 10:51:05","breadcrumb_settings":null,"limit_modified_date":false,"open_ai":null,"ai":null,"created":"2020-11-14 22:54:39","updated":"2026-06-02 10:51:05","focus_keyword":null,"additional_keywords":null,"truseo_locale":null},"aioseo_breadcrumb":"<div class=\"aioseo-breadcrumbs\"><span class=\"aioseo-breadcrumb\">\n\t<a href=\"https:\/\/www.eldigitaldeasturias.com\/noticias\" title=\"Home\">Home<\/a>\n<\/span><span class=\"aioseo-breadcrumb-separator\">\u2013<\/span><span class=\"aioseo-breadcrumb\">\n\t<a href=\"https:\/\/www.eldigitaldeasturias.com\/noticias\/category\/actualidad\/\" title=\"Actualidad\">Actualidad<\/a>\n<\/span><span class=\"aioseo-breadcrumb-separator\">\u2013<\/span><span class=\"aioseo-breadcrumb\">\n\t<a href=\"https:\/\/www.eldigitaldeasturias.com\/noticias\/el-consejo-de-europa-vincula-la-corrupcion-en-bielorrusia-a-los-poderes-del-presidente\/\" title=\"El Consejo de Europa vincula la corrupci\u00f3n en Bielorrusia a los poderes del presidente\">El Consejo de Europa vincula la corrupci\u00f3n en Bielorrusia a los poderes del presidente<\/a>\n<\/span><\/div>","aioseo_breadcrumb_json":[{"label":"Home","link":"https:\/\/www.eldigitaldeasturias.com\/noticias"},{"label":"Actualidad","link":"https:\/\/www.eldigitaldeasturias.com\/noticias\/category\/actualidad\/"},{"label":"El Consejo de Europa vincula la corrupci\u00f3n en Bielorrusia a los poderes del presidente","link":"https:\/\/www.eldigitaldeasturias.com\/noticias\/el-consejo-de-europa-vincula-la-corrupcion-en-bielorrusia-a-los-poderes-del-presidente\/"}],"_links":{"self":[{"href":"https:\/\/www.eldigitaldeasturias.com\/noticias\/wp-json\/wp\/v2\/posts\/482777","targetHints":{"allow":["GET"]}}],"collection":[{"href":"https:\/\/www.eldigitaldeasturias.com\/noticias\/wp-json\/wp\/v2\/posts"}],"about":[{"href":"https:\/\/www.eldigitaldeasturias.com\/noticias\/wp-json\/wp\/v2\/types\/post"}],"author":[{"embeddable":true,"href":"https:\/\/www.eldigitaldeasturias.com\/noticias\/wp-json\/wp\/v2\/users\/1"}],"replies":[{"embeddable":true,"href":"https:\/\/www.eldigitaldeasturias.com\/noticias\/wp-json\/wp\/v2\/comments?post=482777"}],"version-history":[{"count":0,"href":"https:\/\/www.eldigitaldeasturias.com\/noticias\/wp-json\/wp\/v2\/posts\/482777\/revisions"}],"wp:attachment":[{"href":"https:\/\/www.eldigitaldeasturias.com\/noticias\/wp-json\/wp\/v2\/media?parent=482777"}],"wp:term":[{"taxonomy":"category","embeddable":true,"href":"https:\/\/www.eldigitaldeasturias.com\/noticias\/wp-json\/wp\/v2\/categories?post=482777"},{"taxonomy":"post_tag","embeddable":true,"href":"https:\/\/www.eldigitaldeasturias.com\/noticias\/wp-json\/wp\/v2\/tags?post=482777"}],"curies":[{"name":"wp","href":"https:\/\/api.w.org\/{rel}","templated":true}]}}