{"id":482768,"date":"2014-02-03T19:30:34","date_gmt":"2014-02-03T20:30:34","guid":{"rendered":"http:\/\/www.eldigitaldeasturias.com\/noticias\/?p=482768"},"modified":"2014-02-03T19:30:34","modified_gmt":"2014-02-03T20:30:34","slug":"el-numero-de-fusiones-y-adquisiciones-subio-un-8-por-ciento-en-2013-segun-ttr","status":"publish","type":"post","link":"https:\/\/www.eldigitaldeasturias.com\/noticias\/el-numero-de-fusiones-y-adquisiciones-subio-un-8-por-ciento-en-2013-segun-ttr\/","title":{"rendered":"El n\u00famero de fusiones y adquisiciones subi\u00f3 un 8 por ciento en 2013, seg\u00fan TTR"},"content":{"rendered":"<p><img loading=\"lazy\" decoding=\"async\" class=\"alignleft size-medium wp-image-482769\" alt=\"5903540w\" src=\"https:\/\/www.eldigitaldeasturias.com\/noticias\/wp-content\/uploads\/2014\/02\/5903540w-213x320.jpg\" width=\"213\" height=\"320\" \/>Madrid, 3 feb (EFE).- El n\u00famero de fusiones y adquisiciones registradas en Espa\u00f1a en 2013 ascendi\u00f3 a 857 operaciones, un 8 % m\u00e1s que el a\u00f1o anterior, aunque la inversi\u00f3n movilizada cay\u00f3 a la mitad, seg\u00fan un informe publicado hoy por la consultora TTR.<\/p>\n<p>De acuerdo a este bolet\u00edn, el pasado a\u00f1o el volumen de inversi\u00f3n en este tipo de operaciones se situ\u00f3 en 37.123 millones de euros, casi la mitad que en 2012.<\/p>\n<p>Los sectores m\u00e1s activos han sido los de servicios y tecnolog\u00eda y, dentro de este \u00faltimo, las empresas de internet, que suponen ya el 58 % de las operaciones de este \u00e1rea.<\/p>\n<p>Sin embargo, la consultora destaca que las operaciones de mayor importe se han concentrado en el sector financiero, debido a los procesos de reorganizaci\u00f3n y reestructuraci\u00f3n bancaria.<\/p>\n<p>Por lo que se refiere a la inversi\u00f3n extranjera, est\u00e1 liderada por las empresas estadounidenses, tras repuntar un 27 %, seguida de Francia, Reino Unido y Alemania.<\/p>\n<p>Por su parte, las empresas espa\u00f1olas han mantenido su apuesta por los Estados Unidos y Brasil, mientras que se han dejado en segundo plano los mercados portugu\u00e9s, franc\u00e9s, alem\u00e1n e italiano en beneficio del Reino Unidos, M\u00e9xico y Chile.<\/p>\n","protected":false},"excerpt":{"rendered":"<p>Madrid, 3 feb (EFE).- El n\u00famero de fusiones y adquisiciones registradas en Espa\u00f1a en 2013 ascendi\u00f3 a 857 operaciones, un 8 % m\u00e1s que el a\u00f1o anterior, aunque la inversi\u00f3n movilizada cay\u00f3 a la mitad, seg\u00fan un informe publicado hoy por la consultora TTR. De acuerdo a este bolet\u00edn, el pasado a\u00f1o el volumen de [&hellip;]<\/p>\n","protected":false},"author":1,"featured_media":482769,"comment_status":"closed","ping_status":"open","sticky":false,"template":"","format":"standard","meta":{"footnotes":""},"categories":[1],"tags":[],"class_list":["post-482768","post","type-post","status-publish","format-standard","has-post-thumbnail","hentry","category-actualidad"],"aioseo_notices":[],"aioseo_head":"\n\t\t<!-- All in One SEO Pro 5.0.1 - aioseo.com -->\n\t<meta name=\"description\" content=\"Madrid, 3 feb (EFE).- El n\u00famero de fusiones y adquisiciones registradas en Espa\u00f1a en 2013 ascendi\u00f3 a 857 operaciones, un 8 % m\u00e1s que el a\u00f1o anterior, aunque la inversi\u00f3n movilizada cay\u00f3 a la mitad, seg\u00fan un informe publicado hoy por la consultora TTR. De acuerdo a este bolet\u00edn, el pasado a\u00f1o el volumen de\" \/>\n\t<meta name=\"robots\" content=\"max-image-preview:large\" \/>\n\t<meta name=\"author\" content=\"El Digital de Asturias\"\/>\n\t<meta name=\"google-site-verification\" content=\"UA-38556648-1\" \/>\n\t<meta name=\"msvalidate.01\" content=\"7dfe9f3f1b24437ab69f4f2559babe99\" \/>\n\t<meta name=\"keywords\" content=\"actualidad\" \/>\n\t<link rel=\"canonical\" href=\"https:\/\/www.eldigitaldeasturias.com\/noticias\/el-numero-de-fusiones-y-adquisiciones-subio-un-8-por-ciento-en-2013-segun-ttr\/\" \/>\n\t<meta name=\"generator\" content=\"All in One SEO Pro (AIOSEO) 5.0.1\" \/>\n\t\t<meta property=\"og:locale\" content=\"es_ES\" \/>\n\t\t<meta property=\"og:site_name\" content=\"El Digital de Asturias\" \/>\n\t\t<meta property=\"og:type\" content=\"article\" \/>\n\t\t<meta property=\"og:title\" content=\"El n\u00famero de fusiones y adquisiciones subi\u00f3 un 8 por ciento en 2013, seg\u00fan TTR - El Digital de Asturias\" \/>\n\t\t<meta property=\"og:description\" content=\"Madrid, 3 feb (EFE).- El n\u00famero de fusiones y adquisiciones registradas en Espa\u00f1a en 2013 ascendi\u00f3 a 857 operaciones, un 8 % m\u00e1s que el a\u00f1o anterior, aunque la inversi\u00f3n movilizada cay\u00f3 a la mitad, seg\u00fan un informe publicado hoy por la consultora TTR. De acuerdo a este bolet\u00edn, el pasado a\u00f1o el volumen de\" \/>\n\t\t<meta property=\"og:url\" content=\"https:\/\/www.eldigitaldeasturias.com\/noticias\/el-numero-de-fusiones-y-adquisiciones-subio-un-8-por-ciento-en-2013-segun-ttr\/\" \/>\n\t\t<meta property=\"article:tag\" content=\"actualidad\" \/>\n\t\t<meta property=\"article:published_time\" content=\"2014-02-03T20:30:34+00:00\" \/>\n\t\t<meta property=\"article:modified_time\" content=\"2014-02-03T20:30:34+00:00\" \/>\n\t\t<meta property=\"article:publisher\" content=\"https:\/\/facebook.com\/eldigitaldeasturias\" \/>\n\t\t<meta name=\"twitter:card\" content=\"summary_large_image\" \/>\n\t\t<meta name=\"twitter:title\" content=\"El n\u00famero de fusiones y adquisiciones subi\u00f3 un 8 por ciento en 2013, seg\u00fan TTR - El Digital de Asturias\" \/>\n\t\t<meta name=\"twitter:description\" content=\"Madrid, 3 feb (EFE).- El n\u00famero de fusiones y adquisiciones registradas en Espa\u00f1a en 2013 ascendi\u00f3 a 857 operaciones, un 8 % m\u00e1s que el a\u00f1o anterior, aunque la inversi\u00f3n movilizada cay\u00f3 a la mitad, seg\u00fan un informe publicado hoy por la consultora TTR. De acuerdo a este bolet\u00edn, el pasado a\u00f1o el volumen de\" \/>\n\t\t<meta name=\"twitter:label1\" content=\"Escrito por\" \/>\n\t\t<meta name=\"twitter:data1\" content=\"El Digital de Asturias\" \/>\n\t\t<meta name=\"twitter:label2\" content=\"Tiempo de lectura estimado\" \/>\n\t\t<meta name=\"twitter:data2\" content=\"1 minuto\" \/>\n\t\t<script type=\"application\/ld+json\" class=\"aioseo-schema\">\n\t\t\t{\"@context\":\"https:\\\/\\\/schema.org\",\"@graph\":[{\"@type\":\"BlogPosting\",\"@id\":\"https:\\\/\\\/www.eldigitaldeasturias.com\\\/noticias\\\/el-numero-de-fusiones-y-adquisiciones-subio-un-8-por-ciento-en-2013-segun-ttr\\\/#blogposting\",\"name\":\"El n\\u00famero de fusiones y adquisiciones subi\\u00f3 un 8 por ciento en 2013, seg\\u00fan TTR - El Digital de Asturias\",\"headline\":\"El n\\u00famero de fusiones y adquisiciones subi\\u00f3 un 8 por ciento en 2013, seg\\u00fan TTR\",\"author\":{\"@id\":\"https:\\\/\\\/www.eldigitaldeasturias.com\\\/noticias\\\/author\\\/admin\\\/#author\"},\"publisher\":{\"@id\":\"https:\\\/\\\/www.eldigitaldeasturias.com\\\/noticias\\\/#organization\"},\"image\":{\"@type\":\"ImageObject\",\"url\":482769},\"datePublished\":\"2014-02-03T19:30:34+01:00\",\"dateModified\":\"2014-02-03T19:30:34+01:00\",\"inLanguage\":\"es-ES\",\"mainEntityOfPage\":{\"@id\":\"https:\\\/\\\/www.eldigitaldeasturias.com\\\/noticias\\\/el-numero-de-fusiones-y-adquisiciones-subio-un-8-por-ciento-en-2013-segun-ttr\\\/#webpage\"},\"isPartOf\":{\"@id\":\"https:\\\/\\\/www.eldigitaldeasturias.com\\\/noticias\\\/el-numero-de-fusiones-y-adquisiciones-subio-un-8-por-ciento-en-2013-segun-ttr\\\/#webpage\"},\"articleSection\":\"Actualidad\"},{\"@type\":\"BreadcrumbList\",\"@id\":\"https:\\\/\\\/www.eldigitaldeasturias.com\\\/noticias\\\/el-numero-de-fusiones-y-adquisiciones-subio-un-8-por-ciento-en-2013-segun-ttr\\\/#breadcrumblist\",\"itemListElement\":[{\"@type\":\"ListItem\",\"@id\":\"https:\\\/\\\/www.eldigitaldeasturias.com\\\/noticias#listItem\",\"position\":1,\"name\":\"Home\",\"item\":\"https:\\\/\\\/www.eldigitaldeasturias.com\\\/noticias\",\"nextItem\":{\"@type\":\"ListItem\",\"@id\":\"https:\\\/\\\/www.eldigitaldeasturias.com\\\/noticias\\\/category\\\/actualidad\\\/#listItem\",\"name\":\"Actualidad\"}},{\"@type\":\"ListItem\",\"@id\":\"https:\\\/\\\/www.eldigitaldeasturias.com\\\/noticias\\\/category\\\/actualidad\\\/#listItem\",\"position\":2,\"name\":\"Actualidad\",\"item\":\"https:\\\/\\\/www.eldigitaldeasturias.com\\\/noticias\\\/category\\\/actualidad\\\/\",\"nextItem\":{\"@type\":\"ListItem\",\"@id\":\"https:\\\/\\\/www.eldigitaldeasturias.com\\\/noticias\\\/el-numero-de-fusiones-y-adquisiciones-subio-un-8-por-ciento-en-2013-segun-ttr\\\/#listItem\",\"name\":\"El n\\u00famero de fusiones y adquisiciones subi\\u00f3 un 8 por ciento en 2013, seg\\u00fan TTR\"},\"previousItem\":{\"@type\":\"ListItem\",\"@id\":\"https:\\\/\\\/www.eldigitaldeasturias.com\\\/noticias#listItem\",\"name\":\"Home\"}},{\"@type\":\"ListItem\",\"@id\":\"https:\\\/\\\/www.eldigitaldeasturias.com\\\/noticias\\\/el-numero-de-fusiones-y-adquisiciones-subio-un-8-por-ciento-en-2013-segun-ttr\\\/#listItem\",\"position\":3,\"name\":\"El n\\u00famero de fusiones y adquisiciones subi\\u00f3 un 8 por ciento en 2013, seg\\u00fan TTR\",\"previousItem\":{\"@type\":\"ListItem\",\"@id\":\"https:\\\/\\\/www.eldigitaldeasturias.com\\\/noticias\\\/category\\\/actualidad\\\/#listItem\",\"name\":\"Actualidad\"}}]},{\"@type\":\"Organization\",\"@id\":\"https:\\\/\\\/www.eldigitaldeasturias.com\\\/noticias\\\/#organization\",\"name\":\"El Digital de Asturias\",\"description\":\"Hemeroteca\",\"url\":\"https:\\\/\\\/www.eldigitaldeasturias.com\\\/noticias\\\/\",\"email\":\"info@eldigitaldeasturias.com\",\"telephone\":\"+34652131393\",\"logo\":{\"@type\":\"ImageObject\",\"url\":\"https:\\\/\\\/www.eldigitaldeasturias.com\\\/noticias\\\/wp-content\\\/uploads\\\/2020\\\/12\\\/EDA.jpg\",\"@id\":\"https:\\\/\\\/www.eldigitaldeasturias.com\\\/noticias\\\/el-numero-de-fusiones-y-adquisiciones-subio-un-8-por-ciento-en-2013-segun-ttr\\\/#organizationLogo\"},\"image\":{\"@id\":\"https:\\\/\\\/www.eldigitaldeasturias.com\\\/noticias\\\/el-numero-de-fusiones-y-adquisiciones-subio-un-8-por-ciento-en-2013-segun-ttr\\\/#organizationLogo\"},\"sameAs\":[\"https:\\\/\\\/facebook.com\\\/eldigitaldeasturias\",\"https:\\\/\\\/www.youtube.com\\\/channel\\\/UCZP-2wLEB9Rv6erhFmqVnvg\"],\"address\":{\"@id\":\"https:\\\/\\\/www.eldigitaldeasturias.com\\\/noticias\\\/#postaladdress\",\"@type\":\"PostalAddress\",\"streetAddress\":\"san antonio 4\",\"postalCode\":\"33430\",\"addressLocality\":\"Cand\\u00e1s\",\"addressRegion\":\"Asturias\",\"addressCountry\":\"ES\"}},{\"@type\":\"Person\",\"@id\":\"https:\\\/\\\/www.eldigitaldeasturias.com\\\/noticias\\\/author\\\/admin\\\/#author\",\"url\":\"https:\\\/\\\/www.eldigitaldeasturias.com\\\/noticias\\\/author\\\/admin\\\/\",\"name\":\"El Digital de Asturias\",\"image\":{\"@type\":\"ImageObject\",\"@id\":\"https:\\\/\\\/www.eldigitaldeasturias.com\\\/noticias\\\/el-numero-de-fusiones-y-adquisiciones-subio-un-8-por-ciento-en-2013-segun-ttr\\\/#authorImage\",\"url\":\"https:\\\/\\\/secure.gravatar.com\\\/avatar\\\/df2aeffc32bcd13f8d26072ef8a91b623d677766deac7f97ca815868cd41bf5e?s=96&d=mm&r=g\",\"width\":96,\"height\":96,\"caption\":\"El Digital de Asturias\"}},{\"@type\":\"WebPage\",\"@id\":\"https:\\\/\\\/www.eldigitaldeasturias.com\\\/noticias\\\/el-numero-de-fusiones-y-adquisiciones-subio-un-8-por-ciento-en-2013-segun-ttr\\\/#webpage\",\"url\":\"https:\\\/\\\/www.eldigitaldeasturias.com\\\/noticias\\\/el-numero-de-fusiones-y-adquisiciones-subio-un-8-por-ciento-en-2013-segun-ttr\\\/\",\"name\":\"El n\\u00famero de fusiones y adquisiciones subi\\u00f3 un 8 por ciento en 2013, seg\\u00fan TTR - El Digital de Asturias\",\"description\":\"Madrid, 3 feb (EFE).- El n\\u00famero de fusiones y adquisiciones registradas en Espa\\u00f1a en 2013 ascendi\\u00f3 a 857 operaciones, un 8 % m\\u00e1s que el a\\u00f1o anterior, aunque la inversi\\u00f3n movilizada cay\\u00f3 a la mitad, seg\\u00fan un informe publicado hoy por la consultora TTR. De acuerdo a este bolet\\u00edn, el pasado a\\u00f1o el volumen de\",\"inLanguage\":\"es-ES\",\"isPartOf\":{\"@id\":\"https:\\\/\\\/www.eldigitaldeasturias.com\\\/noticias\\\/#website\"},\"breadcrumb\":{\"@id\":\"https:\\\/\\\/www.eldigitaldeasturias.com\\\/noticias\\\/el-numero-de-fusiones-y-adquisiciones-subio-un-8-por-ciento-en-2013-segun-ttr\\\/#breadcrumblist\"},\"author\":{\"@id\":\"https:\\\/\\\/www.eldigitaldeasturias.com\\\/noticias\\\/author\\\/admin\\\/#author\"},\"creator\":{\"@id\":\"https:\\\/\\\/www.eldigitaldeasturias.com\\\/noticias\\\/author\\\/admin\\\/#author\"},\"image\":{\"@type\":\"ImageObject\",\"url\":482769,\"@id\":\"https:\\\/\\\/www.eldigitaldeasturias.com\\\/noticias\\\/el-numero-de-fusiones-y-adquisiciones-subio-un-8-por-ciento-en-2013-segun-ttr\\\/#mainImage\"},\"primaryImageOfPage\":{\"@id\":\"https:\\\/\\\/www.eldigitaldeasturias.com\\\/noticias\\\/el-numero-de-fusiones-y-adquisiciones-subio-un-8-por-ciento-en-2013-segun-ttr\\\/#mainImage\"},\"datePublished\":\"2014-02-03T19:30:34+01:00\",\"dateModified\":\"2014-02-03T19:30:34+01:00\"},{\"@type\":\"WebSite\",\"@id\":\"https:\\\/\\\/www.eldigitaldeasturias.com\\\/noticias\\\/#website\",\"url\":\"https:\\\/\\\/www.eldigitaldeasturias.com\\\/noticias\\\/\",\"name\":\"El Digital de Asturias - Diario de actualidad y noticias\",\"alternateName\":\"El Digital de Asturias - Diario de actualidad y noticias\",\"description\":\"Hemeroteca\",\"inLanguage\":\"es-ES\",\"publisher\":{\"@id\":\"https:\\\/\\\/www.eldigitaldeasturias.com\\\/noticias\\\/#organization\"}}]}\n\t\t<\/script>\n\t\t<!-- All in One SEO Pro -->\r\n\t\t<title>El n\u00famero de fusiones y adquisiciones subi\u00f3 un 8 por ciento en 2013, seg\u00fan TTR - El Digital de Asturias<\/title>\n\n","aioseo_head_json":{"title":"El n\u00famero de fusiones y adquisiciones subi\u00f3 un 8 por ciento en 2013, seg\u00fan TTR - El Digital de Asturias","description":"Madrid, 3 feb (EFE).- El n\u00famero de fusiones y adquisiciones registradas en Espa\u00f1a en 2013 ascendi\u00f3 a 857 operaciones, un 8 % m\u00e1s que el a\u00f1o anterior, aunque la inversi\u00f3n movilizada cay\u00f3 a la mitad, seg\u00fan un informe publicado hoy por la consultora TTR. De acuerdo a este bolet\u00edn, el pasado a\u00f1o el volumen de","canonical_url":"https:\/\/www.eldigitaldeasturias.com\/noticias\/el-numero-de-fusiones-y-adquisiciones-subio-un-8-por-ciento-en-2013-segun-ttr\/","robots":"max-image-preview:large","keywords":"actualidad","webmasterTools":{"google-site-verification":"UA-38556648-1","msvalidate.01":"7dfe9f3f1b24437ab69f4f2559babe99","miscellaneous":""},"schema":{"@context":"https:\/\/schema.org","@graph":[{"@type":"BlogPosting","@id":"https:\/\/www.eldigitaldeasturias.com\/noticias\/el-numero-de-fusiones-y-adquisiciones-subio-un-8-por-ciento-en-2013-segun-ttr\/#blogposting","name":"El n\u00famero de fusiones y adquisiciones subi\u00f3 un 8 por ciento en 2013, seg\u00fan TTR - El Digital de Asturias","headline":"El n\u00famero de fusiones y adquisiciones subi\u00f3 un 8 por ciento en 2013, seg\u00fan TTR","author":{"@id":"https:\/\/www.eldigitaldeasturias.com\/noticias\/author\/admin\/#author"},"publisher":{"@id":"https:\/\/www.eldigitaldeasturias.com\/noticias\/#organization"},"image":{"@type":"ImageObject","url":482769},"datePublished":"2014-02-03T19:30:34+01:00","dateModified":"2014-02-03T19:30:34+01:00","inLanguage":"es-ES","mainEntityOfPage":{"@id":"https:\/\/www.eldigitaldeasturias.com\/noticias\/el-numero-de-fusiones-y-adquisiciones-subio-un-8-por-ciento-en-2013-segun-ttr\/#webpage"},"isPartOf":{"@id":"https:\/\/www.eldigitaldeasturias.com\/noticias\/el-numero-de-fusiones-y-adquisiciones-subio-un-8-por-ciento-en-2013-segun-ttr\/#webpage"},"articleSection":"Actualidad"},{"@type":"BreadcrumbList","@id":"https:\/\/www.eldigitaldeasturias.com\/noticias\/el-numero-de-fusiones-y-adquisiciones-subio-un-8-por-ciento-en-2013-segun-ttr\/#breadcrumblist","itemListElement":[{"@type":"ListItem","@id":"https:\/\/www.eldigitaldeasturias.com\/noticias#listItem","position":1,"name":"Home","item":"https:\/\/www.eldigitaldeasturias.com\/noticias","nextItem":{"@type":"ListItem","@id":"https:\/\/www.eldigitaldeasturias.com\/noticias\/category\/actualidad\/#listItem","name":"Actualidad"}},{"@type":"ListItem","@id":"https:\/\/www.eldigitaldeasturias.com\/noticias\/category\/actualidad\/#listItem","position":2,"name":"Actualidad","item":"https:\/\/www.eldigitaldeasturias.com\/noticias\/category\/actualidad\/","nextItem":{"@type":"ListItem","@id":"https:\/\/www.eldigitaldeasturias.com\/noticias\/el-numero-de-fusiones-y-adquisiciones-subio-un-8-por-ciento-en-2013-segun-ttr\/#listItem","name":"El n\u00famero de fusiones y adquisiciones subi\u00f3 un 8 por ciento en 2013, seg\u00fan TTR"},"previousItem":{"@type":"ListItem","@id":"https:\/\/www.eldigitaldeasturias.com\/noticias#listItem","name":"Home"}},{"@type":"ListItem","@id":"https:\/\/www.eldigitaldeasturias.com\/noticias\/el-numero-de-fusiones-y-adquisiciones-subio-un-8-por-ciento-en-2013-segun-ttr\/#listItem","position":3,"name":"El n\u00famero de fusiones y adquisiciones subi\u00f3 un 8 por ciento en 2013, seg\u00fan TTR","previousItem":{"@type":"ListItem","@id":"https:\/\/www.eldigitaldeasturias.com\/noticias\/category\/actualidad\/#listItem","name":"Actualidad"}}]},{"@type":"Organization","@id":"https:\/\/www.eldigitaldeasturias.com\/noticias\/#organization","name":"El Digital de Asturias","description":"Hemeroteca","url":"https:\/\/www.eldigitaldeasturias.com\/noticias\/","email":"info@eldigitaldeasturias.com","telephone":"+34652131393","logo":{"@type":"ImageObject","url":"https:\/\/www.eldigitaldeasturias.com\/noticias\/wp-content\/uploads\/2020\/12\/EDA.jpg","@id":"https:\/\/www.eldigitaldeasturias.com\/noticias\/el-numero-de-fusiones-y-adquisiciones-subio-un-8-por-ciento-en-2013-segun-ttr\/#organizationLogo"},"image":{"@id":"https:\/\/www.eldigitaldeasturias.com\/noticias\/el-numero-de-fusiones-y-adquisiciones-subio-un-8-por-ciento-en-2013-segun-ttr\/#organizationLogo"},"sameAs":["https:\/\/facebook.com\/eldigitaldeasturias","https:\/\/www.youtube.com\/channel\/UCZP-2wLEB9Rv6erhFmqVnvg"],"address":{"@id":"https:\/\/www.eldigitaldeasturias.com\/noticias\/#postaladdress","@type":"PostalAddress","streetAddress":"san antonio 4","postalCode":"33430","addressLocality":"Cand\u00e1s","addressRegion":"Asturias","addressCountry":"ES"}},{"@type":"Person","@id":"https:\/\/www.eldigitaldeasturias.com\/noticias\/author\/admin\/#author","url":"https:\/\/www.eldigitaldeasturias.com\/noticias\/author\/admin\/","name":"El Digital de Asturias","image":{"@type":"ImageObject","@id":"https:\/\/www.eldigitaldeasturias.com\/noticias\/el-numero-de-fusiones-y-adquisiciones-subio-un-8-por-ciento-en-2013-segun-ttr\/#authorImage","url":"https:\/\/secure.gravatar.com\/avatar\/df2aeffc32bcd13f8d26072ef8a91b623d677766deac7f97ca815868cd41bf5e?s=96&d=mm&r=g","width":96,"height":96,"caption":"El Digital de Asturias"}},{"@type":"WebPage","@id":"https:\/\/www.eldigitaldeasturias.com\/noticias\/el-numero-de-fusiones-y-adquisiciones-subio-un-8-por-ciento-en-2013-segun-ttr\/#webpage","url":"https:\/\/www.eldigitaldeasturias.com\/noticias\/el-numero-de-fusiones-y-adquisiciones-subio-un-8-por-ciento-en-2013-segun-ttr\/","name":"El n\u00famero de fusiones y adquisiciones subi\u00f3 un 8 por ciento en 2013, seg\u00fan TTR - El Digital de Asturias","description":"Madrid, 3 feb (EFE).- El n\u00famero de fusiones y adquisiciones registradas en Espa\u00f1a en 2013 ascendi\u00f3 a 857 operaciones, un 8 % m\u00e1s que el a\u00f1o anterior, aunque la inversi\u00f3n movilizada cay\u00f3 a la mitad, seg\u00fan un informe publicado hoy por la consultora TTR. De acuerdo a este bolet\u00edn, el pasado a\u00f1o el volumen de","inLanguage":"es-ES","isPartOf":{"@id":"https:\/\/www.eldigitaldeasturias.com\/noticias\/#website"},"breadcrumb":{"@id":"https:\/\/www.eldigitaldeasturias.com\/noticias\/el-numero-de-fusiones-y-adquisiciones-subio-un-8-por-ciento-en-2013-segun-ttr\/#breadcrumblist"},"author":{"@id":"https:\/\/www.eldigitaldeasturias.com\/noticias\/author\/admin\/#author"},"creator":{"@id":"https:\/\/www.eldigitaldeasturias.com\/noticias\/author\/admin\/#author"},"image":{"@type":"ImageObject","url":482769,"@id":"https:\/\/www.eldigitaldeasturias.com\/noticias\/el-numero-de-fusiones-y-adquisiciones-subio-un-8-por-ciento-en-2013-segun-ttr\/#mainImage"},"primaryImageOfPage":{"@id":"https:\/\/www.eldigitaldeasturias.com\/noticias\/el-numero-de-fusiones-y-adquisiciones-subio-un-8-por-ciento-en-2013-segun-ttr\/#mainImage"},"datePublished":"2014-02-03T19:30:34+01:00","dateModified":"2014-02-03T19:30:34+01:00"},{"@type":"WebSite","@id":"https:\/\/www.eldigitaldeasturias.com\/noticias\/#website","url":"https:\/\/www.eldigitaldeasturias.com\/noticias\/","name":"El Digital de Asturias - Diario de actualidad y noticias","alternateName":"El Digital de Asturias - Diario de actualidad y noticias","description":"Hemeroteca","inLanguage":"es-ES","publisher":{"@id":"https:\/\/www.eldigitaldeasturias.com\/noticias\/#organization"}}]},"og:locale":"es_ES","og:site_name":"El Digital de Asturias","og:type":"article","og:title":"El n\u00famero de fusiones y adquisiciones subi\u00f3 un 8 por ciento en 2013, seg\u00fan TTR - El Digital de Asturias","og:description":"Madrid, 3 feb (EFE).- El n\u00famero de fusiones y adquisiciones registradas en Espa\u00f1a en 2013 ascendi\u00f3 a 857 operaciones, un 8 % m\u00e1s que el a\u00f1o anterior, aunque la inversi\u00f3n movilizada cay\u00f3 a la mitad, seg\u00fan un informe publicado hoy por la consultora TTR. De acuerdo a este bolet\u00edn, el pasado a\u00f1o el volumen de","og:url":"https:\/\/www.eldigitaldeasturias.com\/noticias\/el-numero-de-fusiones-y-adquisiciones-subio-un-8-por-ciento-en-2013-segun-ttr\/","article:tag":["actualidad"],"article:published_time":"2014-02-03T20:30:34+00:00","article:modified_time":"2014-02-03T20:30:34+00:00","article:publisher":"https:\/\/facebook.com\/eldigitaldeasturias","twitter:card":"summary_large_image","twitter:title":"El n\u00famero de fusiones y adquisiciones subi\u00f3 un 8 por ciento en 2013, seg\u00fan TTR - El Digital de Asturias","twitter:description":"Madrid, 3 feb (EFE).- El n\u00famero de fusiones y adquisiciones registradas en Espa\u00f1a en 2013 ascendi\u00f3 a 857 operaciones, un 8 % m\u00e1s que el a\u00f1o anterior, aunque la inversi\u00f3n movilizada cay\u00f3 a la mitad, seg\u00fan un informe publicado hoy por la consultora TTR. De acuerdo a este bolet\u00edn, el pasado a\u00f1o el volumen de","twitter:label1":"Escrito por","twitter:data1":"El Digital de Asturias","twitter:label2":"Tiempo de lectura estimado","twitter:data2":"1 minuto"},"aioseo_meta_data":{"post_id":"482768","title":null,"description":null,"keywords":null,"keyphrases":null,"primary_term":null,"canonical_url":null,"og_title":null,"og_description":null,"og_object_type":"default","og_image_type":"default","og_image_url":null,"og_image_width":null,"og_image_height":null,"og_image_custom_url":null,"og_image_custom_fields":null,"og_video":null,"og_custom_url":null,"og_article_section":null,"og_article_tags":null,"twitter_use_og":true,"twitter_card":"default","twitter_image_type":"default","twitter_image_url":null,"twitter_image_custom_url":null,"twitter_image_custom_fields":null,"twitter_title":null,"twitter_description":null,"schema":{"blockGraphs":[],"customGraphs":[],"default":{"data":{"Article":[],"Course":[],"Dataset":[],"FAQPage":[],"Movie":[],"Person":[],"Product":[],"ProductReview":[],"Car":[],"Recipe":[],"Service":[],"SoftwareApplication":[],"WebPage":[]},"graphName":"","isEnabled":true},"graphs":[],"defaultGraph":"","defaultPostTypeGraph":""},"schema_type":null,"schema_type_options":null,"pillar_content":false,"robots_default":true,"robots_noindex":false,"robots_noarchive":false,"robots_nosnippet":false,"robots_nofollow":false,"robots_noimageindex":false,"robots_noodp":false,"robots_notranslate":false,"robots_max_snippet":null,"robots_max_videopreview":null,"robots_max_imagepreview":"none","priority":null,"frequency":null,"local_seo":null,"seo_analyzer_scan_date":"2026-06-02 10:51:02","breadcrumb_settings":null,"limit_modified_date":false,"open_ai":null,"ai":null,"created":"2020-11-14 22:54:39","updated":"2026-06-02 10:51:02","focus_keyword":null,"additional_keywords":null,"truseo_locale":null},"aioseo_breadcrumb":"<div class=\"aioseo-breadcrumbs\"><span class=\"aioseo-breadcrumb\">\n\t<a href=\"https:\/\/www.eldigitaldeasturias.com\/noticias\" title=\"Home\">Home<\/a>\n<\/span><span class=\"aioseo-breadcrumb-separator\">\u2013<\/span><span class=\"aioseo-breadcrumb\">\n\t<a href=\"https:\/\/www.eldigitaldeasturias.com\/noticias\/category\/actualidad\/\" title=\"Actualidad\">Actualidad<\/a>\n<\/span><span class=\"aioseo-breadcrumb-separator\">\u2013<\/span><span class=\"aioseo-breadcrumb\">\n\t<a href=\"https:\/\/www.eldigitaldeasturias.com\/noticias\/el-numero-de-fusiones-y-adquisiciones-subio-un-8-por-ciento-en-2013-segun-ttr\/\" title=\"El n\u00famero de fusiones y adquisiciones subi\u00f3 un 8 por ciento en 2013, seg\u00fan TTR\">El n\u00famero de fusiones y adquisiciones subi\u00f3 un 8 por ciento en 2013, seg\u00fan TTR<\/a>\n<\/span><\/div>","aioseo_breadcrumb_json":[{"label":"Home","link":"https:\/\/www.eldigitaldeasturias.com\/noticias"},{"label":"Actualidad","link":"https:\/\/www.eldigitaldeasturias.com\/noticias\/category\/actualidad\/"},{"label":"El n\u00famero de fusiones y adquisiciones subi\u00f3 un 8 por ciento en 2013, seg\u00fan TTR","link":"https:\/\/www.eldigitaldeasturias.com\/noticias\/el-numero-de-fusiones-y-adquisiciones-subio-un-8-por-ciento-en-2013-segun-ttr\/"}],"_links":{"self":[{"href":"https:\/\/www.eldigitaldeasturias.com\/noticias\/wp-json\/wp\/v2\/posts\/482768","targetHints":{"allow":["GET"]}}],"collection":[{"href":"https:\/\/www.eldigitaldeasturias.com\/noticias\/wp-json\/wp\/v2\/posts"}],"about":[{"href":"https:\/\/www.eldigitaldeasturias.com\/noticias\/wp-json\/wp\/v2\/types\/post"}],"author":[{"embeddable":true,"href":"https:\/\/www.eldigitaldeasturias.com\/noticias\/wp-json\/wp\/v2\/users\/1"}],"replies":[{"embeddable":true,"href":"https:\/\/www.eldigitaldeasturias.com\/noticias\/wp-json\/wp\/v2\/comments?post=482768"}],"version-history":[{"count":0,"href":"https:\/\/www.eldigitaldeasturias.com\/noticias\/wp-json\/wp\/v2\/posts\/482768\/revisions"}],"wp:attachment":[{"href":"https:\/\/www.eldigitaldeasturias.com\/noticias\/wp-json\/wp\/v2\/media?parent=482768"}],"wp:term":[{"taxonomy":"category","embeddable":true,"href":"https:\/\/www.eldigitaldeasturias.com\/noticias\/wp-json\/wp\/v2\/categories?post=482768"},{"taxonomy":"post_tag","embeddable":true,"href":"https:\/\/www.eldigitaldeasturias.com\/noticias\/wp-json\/wp\/v2\/tags?post=482768"}],"curies":[{"name":"wp","href":"https:\/\/api.w.org\/{rel}","templated":true}]}}