{"id":482757,"date":"2014-02-03T18:42:33","date_gmt":"2014-02-03T19:42:33","guid":{"rendered":"http:\/\/www.eldigitaldeasturias.com\/noticias\/?p=482757"},"modified":"2014-02-03T18:42:33","modified_gmt":"2014-02-03T19:42:33","slug":"el-ppc-acusa-al-govern-de-no-haber-dado-toda-la-informacion-con-las-balanzas-fiscales","status":"publish","type":"post","link":"https:\/\/www.eldigitaldeasturias.com\/noticias\/el-ppc-acusa-al-govern-de-no-haber-dado-toda-la-informacion-con-las-balanzas-fiscales\/","title":{"rendered":"El PPC acusa al Govern de no haber dado toda la informaci\u00f3n con las balanzas fiscales"},"content":{"rendered":"<p><img loading=\"lazy\" decoding=\"async\" class=\"alignleft size-medium wp-image-482758\" alt=\"5903778w\" src=\"https:\/\/www.eldigitaldeasturias.com\/noticias\/wp-content\/uploads\/2014\/02\/5903778w-360x239.jpg\" width=\"360\" height=\"239\" \/>Barcelona, 3 feb (EFE).- La presidenta del PPC, Alicia S\u00e1nchez-Camacho, ha acusado hoy al Govern de no haber dado toda la informaci\u00f3n a los catalanes cuando se han publicado las tradicionales balanzas fiscales y cree que las nuevas \u00abcuentas p\u00fablicas regionalizadas\u00bb proporcionar\u00e1n muchos m\u00e1s datos objetivos.<\/p>\n<p>As\u00ed lo ha asegurado la l\u00edder popular despu\u00e9s de que el portavoz de CiU en el Congreso, Josep Antoni Duran Lleida, haya solicitado los datos con que los expertos designados por el Gobierno calcular\u00e1n con una nueva metodolog\u00eda las diferencias en la financiaci\u00f3n de los servicios p\u00fablicos que reciben los ciudadanos en cada territorio.<\/p>\n<p>\u00abCiU no se esperaba que facilitar\u00edan toda la informaci\u00f3n a los catalanes y lo utilizan como un ataque. Me sorprende que el conseller de Econom\u00eda, Andreu Mas-Colell, no quiera que los catalanes tengan toda la informaci\u00f3n y vean que los flujos monetarios sirven para pagar muchas cosas\u00bb, ha afirmado en rueda de prensa en la sede del PPC.<\/p>\n<p>Seg\u00fan S\u00e1nchez-Camacho, el Govern critica esta nueva metodolog\u00eda de c\u00e1lculo de las balanzas fiscales, que considera \u00abmejorada\u00bb, porque \u00absaben que no han dado toda la informaci\u00f3n a los catalanes\u00bb.<\/p>\n<p>\u00abMe pregunto por qu\u00e9 el Govern de CiU, que tanto ha reclamado que se hagan las balanzas, ahora que las hacen tambi\u00e9n lo critique\u00bb, ha dicho.<\/p>\n<p>A\u00fan as\u00ed, la dirigente popular ha admitido que el sistema de financiaci\u00f3n auton\u00f3mica se debe mejorar para que se garanticen unos l\u00edmites de solidaridad entre territorios que \u00abpermitan seguir creciendo a Catalu\u00f1a\u00bb.<\/p>\n<p>\u00abDar un dato no es garant\u00eda de que ese modelo nos guste, por esto el Gobierno lo est\u00e1 revisando\u00bb, ha considerado S\u00e1nchez-Camacho, que cree que se deben establecer unos fundamentos nuevos que garanticen \u00abla viabilidad y la sostenibilidad de las autonom\u00edas\u00bb.<\/p>\n<p>En este sentido, la dirigente popular ha alabado la gesti\u00f3n econ\u00f3mica del Gobierno de Mariano Rajoy, que ha anunciado una rebaja de impuestos que conseguir\u00e1, a su juicio, que los catalanes \u00abtengan m\u00e1s dinero en los bolsillos\u00bb y puedan reactivar el consumo.<\/p>\n<p>Seg\u00fan S\u00e1nchez-Camacho, la convenci\u00f3n nacional del PP de este fin de semana ha evidenciado el \u00abcompromiso\u00bb del presidente del Gobierno para con los catalanes, ya que ve que son \u00abla locomotora de la recuperaci\u00f3n econ\u00f3mica en Espa\u00f1a\u00bb frente \u00abal furg\u00f3n de cola del separatismo, que quiere parar la econom\u00eda e impulsar un referendo ilegal\u00bb.<\/p>\n","protected":false},"excerpt":{"rendered":"<p>Barcelona, 3 feb (EFE).- La presidenta del PPC, Alicia S\u00e1nchez-Camacho, ha acusado hoy al Govern de no haber dado toda la informaci\u00f3n a los catalanes cuando se han publicado las tradicionales balanzas fiscales y cree que las nuevas \u00abcuentas p\u00fablicas regionalizadas\u00bb proporcionar\u00e1n muchos m\u00e1s datos objetivos. As\u00ed lo ha asegurado la l\u00edder popular despu\u00e9s de [&hellip;]<\/p>\n","protected":false},"author":1,"featured_media":482758,"comment_status":"closed","ping_status":"open","sticky":false,"template":"","format":"standard","meta":{"footnotes":""},"categories":[1],"tags":[],"class_list":["post-482757","post","type-post","status-publish","format-standard","has-post-thumbnail","hentry","category-actualidad"],"aioseo_notices":[],"aioseo_head":"\n\t\t<!-- All in One SEO Pro 5.0.1 - aioseo.com -->\n\t<meta name=\"description\" content=\"Barcelona, 3 feb (EFE).- La presidenta del PPC, Alicia S\u00e1nchez-Camacho, ha acusado hoy al Govern de no haber dado toda la informaci\u00f3n a los catalanes cuando se han publicado las tradicionales balanzas fiscales y cree que las nuevas &quot;cuentas p\u00fablicas regionalizadas&quot; proporcionar\u00e1n muchos m\u00e1s datos objetivos. As\u00ed lo ha asegurado la l\u00edder popular despu\u00e9s de\" \/>\n\t<meta name=\"robots\" content=\"max-image-preview:large\" \/>\n\t<meta name=\"author\" content=\"El Digital de Asturias\"\/>\n\t<meta name=\"google-site-verification\" content=\"UA-38556648-1\" \/>\n\t<meta name=\"msvalidate.01\" content=\"7dfe9f3f1b24437ab69f4f2559babe99\" \/>\n\t<meta name=\"keywords\" content=\"actualidad\" \/>\n\t<link rel=\"canonical\" href=\"https:\/\/www.eldigitaldeasturias.com\/noticias\/el-ppc-acusa-al-govern-de-no-haber-dado-toda-la-informacion-con-las-balanzas-fiscales\/\" \/>\n\t<meta name=\"generator\" content=\"All in One SEO Pro (AIOSEO) 5.0.1\" \/>\n\t\t<meta property=\"og:locale\" content=\"es_ES\" \/>\n\t\t<meta property=\"og:site_name\" content=\"El Digital de Asturias\" \/>\n\t\t<meta property=\"og:type\" content=\"article\" \/>\n\t\t<meta property=\"og:title\" content=\"El PPC acusa al Govern de no haber dado toda la informaci\u00f3n con las balanzas fiscales - El Digital de Asturias\" \/>\n\t\t<meta property=\"og:description\" content=\"Barcelona, 3 feb (EFE).- La presidenta del PPC, Alicia S\u00e1nchez-Camacho, ha acusado hoy al Govern de no haber dado toda la informaci\u00f3n a los catalanes cuando se han publicado las tradicionales balanzas fiscales y cree que las nuevas &quot;cuentas p\u00fablicas regionalizadas&quot; proporcionar\u00e1n muchos m\u00e1s datos objetivos. As\u00ed lo ha asegurado la l\u00edder popular despu\u00e9s de\" \/>\n\t\t<meta property=\"og:url\" content=\"https:\/\/www.eldigitaldeasturias.com\/noticias\/el-ppc-acusa-al-govern-de-no-haber-dado-toda-la-informacion-con-las-balanzas-fiscales\/\" \/>\n\t\t<meta property=\"article:tag\" content=\"actualidad\" \/>\n\t\t<meta property=\"article:published_time\" content=\"2014-02-03T19:42:33+00:00\" \/>\n\t\t<meta property=\"article:modified_time\" content=\"2014-02-03T19:42:33+00:00\" \/>\n\t\t<meta property=\"article:publisher\" content=\"https:\/\/facebook.com\/eldigitaldeasturias\" \/>\n\t\t<meta name=\"twitter:card\" content=\"summary_large_image\" \/>\n\t\t<meta name=\"twitter:title\" content=\"El PPC acusa al Govern de no haber dado toda la informaci\u00f3n con las balanzas fiscales - El Digital de Asturias\" \/>\n\t\t<meta name=\"twitter:description\" content=\"Barcelona, 3 feb (EFE).- La presidenta del PPC, Alicia S\u00e1nchez-Camacho, ha acusado hoy al Govern de no haber dado toda la informaci\u00f3n a los catalanes cuando se han publicado las tradicionales balanzas fiscales y cree que las nuevas &quot;cuentas p\u00fablicas regionalizadas&quot; proporcionar\u00e1n muchos m\u00e1s datos objetivos. As\u00ed lo ha asegurado la l\u00edder popular despu\u00e9s de\" \/>\n\t\t<meta name=\"twitter:label1\" content=\"Escrito por\" \/>\n\t\t<meta name=\"twitter:data1\" content=\"El Digital de Asturias\" \/>\n\t\t<meta name=\"twitter:label2\" content=\"Tiempo de lectura estimado\" \/>\n\t\t<meta name=\"twitter:data2\" content=\"2 minutos\" \/>\n\t\t<script type=\"application\/ld+json\" class=\"aioseo-schema\">\n\t\t\t{\"@context\":\"https:\\\/\\\/schema.org\",\"@graph\":[{\"@type\":\"BlogPosting\",\"@id\":\"https:\\\/\\\/www.eldigitaldeasturias.com\\\/noticias\\\/el-ppc-acusa-al-govern-de-no-haber-dado-toda-la-informacion-con-las-balanzas-fiscales\\\/#blogposting\",\"name\":\"El PPC acusa al Govern de no haber dado toda la informaci\\u00f3n con las balanzas fiscales - El Digital de Asturias\",\"headline\":\"El PPC acusa al Govern de no haber dado toda la informaci\\u00f3n con las balanzas fiscales\",\"author\":{\"@id\":\"https:\\\/\\\/www.eldigitaldeasturias.com\\\/noticias\\\/author\\\/admin\\\/#author\"},\"publisher\":{\"@id\":\"https:\\\/\\\/www.eldigitaldeasturias.com\\\/noticias\\\/#organization\"},\"image\":{\"@type\":\"ImageObject\",\"url\":482758},\"datePublished\":\"2014-02-03T18:42:33+01:00\",\"dateModified\":\"2014-02-03T18:42:33+01:00\",\"inLanguage\":\"es-ES\",\"mainEntityOfPage\":{\"@id\":\"https:\\\/\\\/www.eldigitaldeasturias.com\\\/noticias\\\/el-ppc-acusa-al-govern-de-no-haber-dado-toda-la-informacion-con-las-balanzas-fiscales\\\/#webpage\"},\"isPartOf\":{\"@id\":\"https:\\\/\\\/www.eldigitaldeasturias.com\\\/noticias\\\/el-ppc-acusa-al-govern-de-no-haber-dado-toda-la-informacion-con-las-balanzas-fiscales\\\/#webpage\"},\"articleSection\":\"Actualidad\"},{\"@type\":\"BreadcrumbList\",\"@id\":\"https:\\\/\\\/www.eldigitaldeasturias.com\\\/noticias\\\/el-ppc-acusa-al-govern-de-no-haber-dado-toda-la-informacion-con-las-balanzas-fiscales\\\/#breadcrumblist\",\"itemListElement\":[{\"@type\":\"ListItem\",\"@id\":\"https:\\\/\\\/www.eldigitaldeasturias.com\\\/noticias#listItem\",\"position\":1,\"name\":\"Home\",\"item\":\"https:\\\/\\\/www.eldigitaldeasturias.com\\\/noticias\",\"nextItem\":{\"@type\":\"ListItem\",\"@id\":\"https:\\\/\\\/www.eldigitaldeasturias.com\\\/noticias\\\/category\\\/actualidad\\\/#listItem\",\"name\":\"Actualidad\"}},{\"@type\":\"ListItem\",\"@id\":\"https:\\\/\\\/www.eldigitaldeasturias.com\\\/noticias\\\/category\\\/actualidad\\\/#listItem\",\"position\":2,\"name\":\"Actualidad\",\"item\":\"https:\\\/\\\/www.eldigitaldeasturias.com\\\/noticias\\\/category\\\/actualidad\\\/\",\"nextItem\":{\"@type\":\"ListItem\",\"@id\":\"https:\\\/\\\/www.eldigitaldeasturias.com\\\/noticias\\\/el-ppc-acusa-al-govern-de-no-haber-dado-toda-la-informacion-con-las-balanzas-fiscales\\\/#listItem\",\"name\":\"El PPC acusa al Govern de no haber dado toda la informaci\\u00f3n con las balanzas fiscales\"},\"previousItem\":{\"@type\":\"ListItem\",\"@id\":\"https:\\\/\\\/www.eldigitaldeasturias.com\\\/noticias#listItem\",\"name\":\"Home\"}},{\"@type\":\"ListItem\",\"@id\":\"https:\\\/\\\/www.eldigitaldeasturias.com\\\/noticias\\\/el-ppc-acusa-al-govern-de-no-haber-dado-toda-la-informacion-con-las-balanzas-fiscales\\\/#listItem\",\"position\":3,\"name\":\"El PPC acusa al Govern de no haber dado toda la informaci\\u00f3n con las balanzas fiscales\",\"previousItem\":{\"@type\":\"ListItem\",\"@id\":\"https:\\\/\\\/www.eldigitaldeasturias.com\\\/noticias\\\/category\\\/actualidad\\\/#listItem\",\"name\":\"Actualidad\"}}]},{\"@type\":\"Organization\",\"@id\":\"https:\\\/\\\/www.eldigitaldeasturias.com\\\/noticias\\\/#organization\",\"name\":\"El Digital de Asturias\",\"description\":\"Hemeroteca\",\"url\":\"https:\\\/\\\/www.eldigitaldeasturias.com\\\/noticias\\\/\",\"email\":\"info@eldigitaldeasturias.com\",\"telephone\":\"+34652131393\",\"logo\":{\"@type\":\"ImageObject\",\"url\":\"https:\\\/\\\/www.eldigitaldeasturias.com\\\/noticias\\\/wp-content\\\/uploads\\\/2020\\\/12\\\/EDA.jpg\",\"@id\":\"https:\\\/\\\/www.eldigitaldeasturias.com\\\/noticias\\\/el-ppc-acusa-al-govern-de-no-haber-dado-toda-la-informacion-con-las-balanzas-fiscales\\\/#organizationLogo\"},\"image\":{\"@id\":\"https:\\\/\\\/www.eldigitaldeasturias.com\\\/noticias\\\/el-ppc-acusa-al-govern-de-no-haber-dado-toda-la-informacion-con-las-balanzas-fiscales\\\/#organizationLogo\"},\"sameAs\":[\"https:\\\/\\\/facebook.com\\\/eldigitaldeasturias\",\"https:\\\/\\\/www.youtube.com\\\/channel\\\/UCZP-2wLEB9Rv6erhFmqVnvg\"],\"address\":{\"@id\":\"https:\\\/\\\/www.eldigitaldeasturias.com\\\/noticias\\\/#postaladdress\",\"@type\":\"PostalAddress\",\"streetAddress\":\"san antonio 4\",\"postalCode\":\"33430\",\"addressLocality\":\"Cand\\u00e1s\",\"addressRegion\":\"Asturias\",\"addressCountry\":\"ES\"}},{\"@type\":\"Person\",\"@id\":\"https:\\\/\\\/www.eldigitaldeasturias.com\\\/noticias\\\/author\\\/admin\\\/#author\",\"url\":\"https:\\\/\\\/www.eldigitaldeasturias.com\\\/noticias\\\/author\\\/admin\\\/\",\"name\":\"El Digital de Asturias\",\"image\":{\"@type\":\"ImageObject\",\"@id\":\"https:\\\/\\\/www.eldigitaldeasturias.com\\\/noticias\\\/el-ppc-acusa-al-govern-de-no-haber-dado-toda-la-informacion-con-las-balanzas-fiscales\\\/#authorImage\",\"url\":\"https:\\\/\\\/secure.gravatar.com\\\/avatar\\\/df2aeffc32bcd13f8d26072ef8a91b623d677766deac7f97ca815868cd41bf5e?s=96&d=mm&r=g\",\"width\":96,\"height\":96,\"caption\":\"El Digital de Asturias\"}},{\"@type\":\"WebPage\",\"@id\":\"https:\\\/\\\/www.eldigitaldeasturias.com\\\/noticias\\\/el-ppc-acusa-al-govern-de-no-haber-dado-toda-la-informacion-con-las-balanzas-fiscales\\\/#webpage\",\"url\":\"https:\\\/\\\/www.eldigitaldeasturias.com\\\/noticias\\\/el-ppc-acusa-al-govern-de-no-haber-dado-toda-la-informacion-con-las-balanzas-fiscales\\\/\",\"name\":\"El PPC acusa al Govern de no haber dado toda la informaci\\u00f3n con las balanzas fiscales - El Digital de Asturias\",\"description\":\"Barcelona, 3 feb (EFE).- La presidenta del PPC, Alicia S\\u00e1nchez-Camacho, ha acusado hoy al Govern de no haber dado toda la informaci\\u00f3n a los catalanes cuando se han publicado las tradicionales balanzas fiscales y cree que las nuevas \\\"cuentas p\\u00fablicas regionalizadas\\\" proporcionar\\u00e1n muchos m\\u00e1s datos objetivos. As\\u00ed lo ha asegurado la l\\u00edder popular despu\\u00e9s de\",\"inLanguage\":\"es-ES\",\"isPartOf\":{\"@id\":\"https:\\\/\\\/www.eldigitaldeasturias.com\\\/noticias\\\/#website\"},\"breadcrumb\":{\"@id\":\"https:\\\/\\\/www.eldigitaldeasturias.com\\\/noticias\\\/el-ppc-acusa-al-govern-de-no-haber-dado-toda-la-informacion-con-las-balanzas-fiscales\\\/#breadcrumblist\"},\"author\":{\"@id\":\"https:\\\/\\\/www.eldigitaldeasturias.com\\\/noticias\\\/author\\\/admin\\\/#author\"},\"creator\":{\"@id\":\"https:\\\/\\\/www.eldigitaldeasturias.com\\\/noticias\\\/author\\\/admin\\\/#author\"},\"image\":{\"@type\":\"ImageObject\",\"url\":482758,\"@id\":\"https:\\\/\\\/www.eldigitaldeasturias.com\\\/noticias\\\/el-ppc-acusa-al-govern-de-no-haber-dado-toda-la-informacion-con-las-balanzas-fiscales\\\/#mainImage\"},\"primaryImageOfPage\":{\"@id\":\"https:\\\/\\\/www.eldigitaldeasturias.com\\\/noticias\\\/el-ppc-acusa-al-govern-de-no-haber-dado-toda-la-informacion-con-las-balanzas-fiscales\\\/#mainImage\"},\"datePublished\":\"2014-02-03T18:42:33+01:00\",\"dateModified\":\"2014-02-03T18:42:33+01:00\"},{\"@type\":\"WebSite\",\"@id\":\"https:\\\/\\\/www.eldigitaldeasturias.com\\\/noticias\\\/#website\",\"url\":\"https:\\\/\\\/www.eldigitaldeasturias.com\\\/noticias\\\/\",\"name\":\"El Digital de Asturias - Diario de actualidad y noticias\",\"alternateName\":\"El Digital de Asturias - Diario de actualidad y noticias\",\"description\":\"Hemeroteca\",\"inLanguage\":\"es-ES\",\"publisher\":{\"@id\":\"https:\\\/\\\/www.eldigitaldeasturias.com\\\/noticias\\\/#organization\"}}]}\n\t\t<\/script>\n\t\t<!-- All in One SEO Pro -->\r\n\t\t<title>El PPC acusa al Govern de no haber dado toda la informaci\u00f3n con las balanzas fiscales - El Digital de Asturias<\/title>\n\n","aioseo_head_json":{"title":"El PPC acusa al Govern de no haber dado toda la informaci\u00f3n con las balanzas fiscales - El Digital de Asturias","description":"Barcelona, 3 feb (EFE).- La presidenta del PPC, Alicia S\u00e1nchez-Camacho, ha acusado hoy al Govern de no haber dado toda la informaci\u00f3n a los catalanes cuando se han publicado las tradicionales balanzas fiscales y cree que las nuevas \"cuentas p\u00fablicas regionalizadas\" proporcionar\u00e1n muchos m\u00e1s datos objetivos. As\u00ed lo ha asegurado la l\u00edder popular despu\u00e9s de","canonical_url":"https:\/\/www.eldigitaldeasturias.com\/noticias\/el-ppc-acusa-al-govern-de-no-haber-dado-toda-la-informacion-con-las-balanzas-fiscales\/","robots":"max-image-preview:large","keywords":"actualidad","webmasterTools":{"google-site-verification":"UA-38556648-1","msvalidate.01":"7dfe9f3f1b24437ab69f4f2559babe99","miscellaneous":""},"schema":{"@context":"https:\/\/schema.org","@graph":[{"@type":"BlogPosting","@id":"https:\/\/www.eldigitaldeasturias.com\/noticias\/el-ppc-acusa-al-govern-de-no-haber-dado-toda-la-informacion-con-las-balanzas-fiscales\/#blogposting","name":"El PPC acusa al Govern de no haber dado toda la informaci\u00f3n con las balanzas fiscales - El Digital de Asturias","headline":"El PPC acusa al Govern de no haber dado toda la informaci\u00f3n con las balanzas fiscales","author":{"@id":"https:\/\/www.eldigitaldeasturias.com\/noticias\/author\/admin\/#author"},"publisher":{"@id":"https:\/\/www.eldigitaldeasturias.com\/noticias\/#organization"},"image":{"@type":"ImageObject","url":482758},"datePublished":"2014-02-03T18:42:33+01:00","dateModified":"2014-02-03T18:42:33+01:00","inLanguage":"es-ES","mainEntityOfPage":{"@id":"https:\/\/www.eldigitaldeasturias.com\/noticias\/el-ppc-acusa-al-govern-de-no-haber-dado-toda-la-informacion-con-las-balanzas-fiscales\/#webpage"},"isPartOf":{"@id":"https:\/\/www.eldigitaldeasturias.com\/noticias\/el-ppc-acusa-al-govern-de-no-haber-dado-toda-la-informacion-con-las-balanzas-fiscales\/#webpage"},"articleSection":"Actualidad"},{"@type":"BreadcrumbList","@id":"https:\/\/www.eldigitaldeasturias.com\/noticias\/el-ppc-acusa-al-govern-de-no-haber-dado-toda-la-informacion-con-las-balanzas-fiscales\/#breadcrumblist","itemListElement":[{"@type":"ListItem","@id":"https:\/\/www.eldigitaldeasturias.com\/noticias#listItem","position":1,"name":"Home","item":"https:\/\/www.eldigitaldeasturias.com\/noticias","nextItem":{"@type":"ListItem","@id":"https:\/\/www.eldigitaldeasturias.com\/noticias\/category\/actualidad\/#listItem","name":"Actualidad"}},{"@type":"ListItem","@id":"https:\/\/www.eldigitaldeasturias.com\/noticias\/category\/actualidad\/#listItem","position":2,"name":"Actualidad","item":"https:\/\/www.eldigitaldeasturias.com\/noticias\/category\/actualidad\/","nextItem":{"@type":"ListItem","@id":"https:\/\/www.eldigitaldeasturias.com\/noticias\/el-ppc-acusa-al-govern-de-no-haber-dado-toda-la-informacion-con-las-balanzas-fiscales\/#listItem","name":"El PPC acusa al Govern de no haber dado toda la informaci\u00f3n con las balanzas fiscales"},"previousItem":{"@type":"ListItem","@id":"https:\/\/www.eldigitaldeasturias.com\/noticias#listItem","name":"Home"}},{"@type":"ListItem","@id":"https:\/\/www.eldigitaldeasturias.com\/noticias\/el-ppc-acusa-al-govern-de-no-haber-dado-toda-la-informacion-con-las-balanzas-fiscales\/#listItem","position":3,"name":"El PPC acusa al Govern de no haber dado toda la informaci\u00f3n con las balanzas fiscales","previousItem":{"@type":"ListItem","@id":"https:\/\/www.eldigitaldeasturias.com\/noticias\/category\/actualidad\/#listItem","name":"Actualidad"}}]},{"@type":"Organization","@id":"https:\/\/www.eldigitaldeasturias.com\/noticias\/#organization","name":"El Digital de Asturias","description":"Hemeroteca","url":"https:\/\/www.eldigitaldeasturias.com\/noticias\/","email":"info@eldigitaldeasturias.com","telephone":"+34652131393","logo":{"@type":"ImageObject","url":"https:\/\/www.eldigitaldeasturias.com\/noticias\/wp-content\/uploads\/2020\/12\/EDA.jpg","@id":"https:\/\/www.eldigitaldeasturias.com\/noticias\/el-ppc-acusa-al-govern-de-no-haber-dado-toda-la-informacion-con-las-balanzas-fiscales\/#organizationLogo"},"image":{"@id":"https:\/\/www.eldigitaldeasturias.com\/noticias\/el-ppc-acusa-al-govern-de-no-haber-dado-toda-la-informacion-con-las-balanzas-fiscales\/#organizationLogo"},"sameAs":["https:\/\/facebook.com\/eldigitaldeasturias","https:\/\/www.youtube.com\/channel\/UCZP-2wLEB9Rv6erhFmqVnvg"],"address":{"@id":"https:\/\/www.eldigitaldeasturias.com\/noticias\/#postaladdress","@type":"PostalAddress","streetAddress":"san antonio 4","postalCode":"33430","addressLocality":"Cand\u00e1s","addressRegion":"Asturias","addressCountry":"ES"}},{"@type":"Person","@id":"https:\/\/www.eldigitaldeasturias.com\/noticias\/author\/admin\/#author","url":"https:\/\/www.eldigitaldeasturias.com\/noticias\/author\/admin\/","name":"El Digital de Asturias","image":{"@type":"ImageObject","@id":"https:\/\/www.eldigitaldeasturias.com\/noticias\/el-ppc-acusa-al-govern-de-no-haber-dado-toda-la-informacion-con-las-balanzas-fiscales\/#authorImage","url":"https:\/\/secure.gravatar.com\/avatar\/df2aeffc32bcd13f8d26072ef8a91b623d677766deac7f97ca815868cd41bf5e?s=96&d=mm&r=g","width":96,"height":96,"caption":"El Digital de Asturias"}},{"@type":"WebPage","@id":"https:\/\/www.eldigitaldeasturias.com\/noticias\/el-ppc-acusa-al-govern-de-no-haber-dado-toda-la-informacion-con-las-balanzas-fiscales\/#webpage","url":"https:\/\/www.eldigitaldeasturias.com\/noticias\/el-ppc-acusa-al-govern-de-no-haber-dado-toda-la-informacion-con-las-balanzas-fiscales\/","name":"El PPC acusa al Govern de no haber dado toda la informaci\u00f3n con las balanzas fiscales - El Digital de Asturias","description":"Barcelona, 3 feb (EFE).- La presidenta del PPC, Alicia S\u00e1nchez-Camacho, ha acusado hoy al Govern de no haber dado toda la informaci\u00f3n a los catalanes cuando se han publicado las tradicionales balanzas fiscales y cree que las nuevas \"cuentas p\u00fablicas regionalizadas\" proporcionar\u00e1n muchos m\u00e1s datos objetivos. As\u00ed lo ha asegurado la l\u00edder popular despu\u00e9s de","inLanguage":"es-ES","isPartOf":{"@id":"https:\/\/www.eldigitaldeasturias.com\/noticias\/#website"},"breadcrumb":{"@id":"https:\/\/www.eldigitaldeasturias.com\/noticias\/el-ppc-acusa-al-govern-de-no-haber-dado-toda-la-informacion-con-las-balanzas-fiscales\/#breadcrumblist"},"author":{"@id":"https:\/\/www.eldigitaldeasturias.com\/noticias\/author\/admin\/#author"},"creator":{"@id":"https:\/\/www.eldigitaldeasturias.com\/noticias\/author\/admin\/#author"},"image":{"@type":"ImageObject","url":482758,"@id":"https:\/\/www.eldigitaldeasturias.com\/noticias\/el-ppc-acusa-al-govern-de-no-haber-dado-toda-la-informacion-con-las-balanzas-fiscales\/#mainImage"},"primaryImageOfPage":{"@id":"https:\/\/www.eldigitaldeasturias.com\/noticias\/el-ppc-acusa-al-govern-de-no-haber-dado-toda-la-informacion-con-las-balanzas-fiscales\/#mainImage"},"datePublished":"2014-02-03T18:42:33+01:00","dateModified":"2014-02-03T18:42:33+01:00"},{"@type":"WebSite","@id":"https:\/\/www.eldigitaldeasturias.com\/noticias\/#website","url":"https:\/\/www.eldigitaldeasturias.com\/noticias\/","name":"El Digital de Asturias - Diario de actualidad y noticias","alternateName":"El Digital de Asturias - Diario de actualidad y noticias","description":"Hemeroteca","inLanguage":"es-ES","publisher":{"@id":"https:\/\/www.eldigitaldeasturias.com\/noticias\/#organization"}}]},"og:locale":"es_ES","og:site_name":"El Digital de Asturias","og:type":"article","og:title":"El PPC acusa al Govern de no haber dado toda la informaci\u00f3n con las balanzas fiscales - El Digital de Asturias","og:description":"Barcelona, 3 feb (EFE).- La presidenta del PPC, Alicia S\u00e1nchez-Camacho, ha acusado hoy al Govern de no haber dado toda la informaci\u00f3n a los catalanes cuando se han publicado las tradicionales balanzas fiscales y cree que las nuevas &quot;cuentas p\u00fablicas regionalizadas&quot; proporcionar\u00e1n muchos m\u00e1s datos objetivos. As\u00ed lo ha asegurado la l\u00edder popular despu\u00e9s de","og:url":"https:\/\/www.eldigitaldeasturias.com\/noticias\/el-ppc-acusa-al-govern-de-no-haber-dado-toda-la-informacion-con-las-balanzas-fiscales\/","article:tag":["actualidad"],"article:published_time":"2014-02-03T19:42:33+00:00","article:modified_time":"2014-02-03T19:42:33+00:00","article:publisher":"https:\/\/facebook.com\/eldigitaldeasturias","twitter:card":"summary_large_image","twitter:title":"El PPC acusa al Govern de no haber dado toda la informaci\u00f3n con las balanzas fiscales - El Digital de Asturias","twitter:description":"Barcelona, 3 feb (EFE).- La presidenta del PPC, Alicia S\u00e1nchez-Camacho, ha acusado hoy al Govern de no haber dado toda la informaci\u00f3n a los catalanes cuando se han publicado las tradicionales balanzas fiscales y cree que las nuevas &quot;cuentas p\u00fablicas regionalizadas&quot; proporcionar\u00e1n muchos m\u00e1s datos objetivos. As\u00ed lo ha asegurado la l\u00edder popular despu\u00e9s de","twitter:label1":"Escrito por","twitter:data1":"El Digital de Asturias","twitter:label2":"Tiempo de lectura estimado","twitter:data2":"2 minutos"},"aioseo_meta_data":{"post_id":"482757","title":null,"description":null,"keywords":null,"keyphrases":null,"primary_term":null,"canonical_url":null,"og_title":null,"og_description":null,"og_object_type":"default","og_image_type":"default","og_image_url":null,"og_image_width":null,"og_image_height":null,"og_image_custom_url":null,"og_image_custom_fields":null,"og_video":null,"og_custom_url":null,"og_article_section":null,"og_article_tags":null,"twitter_use_og":true,"twitter_card":"default","twitter_image_type":"default","twitter_image_url":null,"twitter_image_custom_url":null,"twitter_image_custom_fields":null,"twitter_title":null,"twitter_description":null,"schema":{"blockGraphs":[],"customGraphs":[],"default":{"data":{"Article":[],"Course":[],"Dataset":[],"FAQPage":[],"Movie":[],"Person":[],"Product":[],"ProductReview":[],"Car":[],"Recipe":[],"Service":[],"SoftwareApplication":[],"WebPage":[]},"graphName":"","isEnabled":true},"graphs":[],"defaultGraph":"","defaultPostTypeGraph":""},"schema_type":null,"schema_type_options":null,"pillar_content":false,"robots_default":true,"robots_noindex":false,"robots_noarchive":false,"robots_nosnippet":false,"robots_nofollow":false,"robots_noimageindex":false,"robots_noodp":false,"robots_notranslate":false,"robots_max_snippet":null,"robots_max_videopreview":null,"robots_max_imagepreview":"none","priority":null,"frequency":null,"local_seo":null,"seo_analyzer_scan_date":"2026-06-02 10:48:51","breadcrumb_settings":null,"limit_modified_date":false,"open_ai":null,"ai":null,"created":"2020-11-14 22:54:39","updated":"2026-06-02 10:48:51","focus_keyword":null,"additional_keywords":null,"truseo_locale":null},"aioseo_breadcrumb":"<div class=\"aioseo-breadcrumbs\"><span class=\"aioseo-breadcrumb\">\n\t<a href=\"https:\/\/www.eldigitaldeasturias.com\/noticias\" title=\"Home\">Home<\/a>\n<\/span><span class=\"aioseo-breadcrumb-separator\">\u2013<\/span><span class=\"aioseo-breadcrumb\">\n\t<a href=\"https:\/\/www.eldigitaldeasturias.com\/noticias\/category\/actualidad\/\" title=\"Actualidad\">Actualidad<\/a>\n<\/span><span class=\"aioseo-breadcrumb-separator\">\u2013<\/span><span class=\"aioseo-breadcrumb\">\n\t<a href=\"https:\/\/www.eldigitaldeasturias.com\/noticias\/el-ppc-acusa-al-govern-de-no-haber-dado-toda-la-informacion-con-las-balanzas-fiscales\/\" title=\"El PPC acusa al Govern de no haber dado toda la informaci\u00f3n con las balanzas fiscales\">El PPC acusa al Govern de no haber dado toda la informaci\u00f3n con las balanzas fiscales<\/a>\n<\/span><\/div>","aioseo_breadcrumb_json":[{"label":"Home","link":"https:\/\/www.eldigitaldeasturias.com\/noticias"},{"label":"Actualidad","link":"https:\/\/www.eldigitaldeasturias.com\/noticias\/category\/actualidad\/"},{"label":"El PPC acusa al Govern de no haber dado toda la informaci\u00f3n con las balanzas fiscales","link":"https:\/\/www.eldigitaldeasturias.com\/noticias\/el-ppc-acusa-al-govern-de-no-haber-dado-toda-la-informacion-con-las-balanzas-fiscales\/"}],"_links":{"self":[{"href":"https:\/\/www.eldigitaldeasturias.com\/noticias\/wp-json\/wp\/v2\/posts\/482757","targetHints":{"allow":["GET"]}}],"collection":[{"href":"https:\/\/www.eldigitaldeasturias.com\/noticias\/wp-json\/wp\/v2\/posts"}],"about":[{"href":"https:\/\/www.eldigitaldeasturias.com\/noticias\/wp-json\/wp\/v2\/types\/post"}],"author":[{"embeddable":true,"href":"https:\/\/www.eldigitaldeasturias.com\/noticias\/wp-json\/wp\/v2\/users\/1"}],"replies":[{"embeddable":true,"href":"https:\/\/www.eldigitaldeasturias.com\/noticias\/wp-json\/wp\/v2\/comments?post=482757"}],"version-history":[{"count":0,"href":"https:\/\/www.eldigitaldeasturias.com\/noticias\/wp-json\/wp\/v2\/posts\/482757\/revisions"}],"wp:attachment":[{"href":"https:\/\/www.eldigitaldeasturias.com\/noticias\/wp-json\/wp\/v2\/media?parent=482757"}],"wp:term":[{"taxonomy":"category","embeddable":true,"href":"https:\/\/www.eldigitaldeasturias.com\/noticias\/wp-json\/wp\/v2\/categories?post=482757"},{"taxonomy":"post_tag","embeddable":true,"href":"https:\/\/www.eldigitaldeasturias.com\/noticias\/wp-json\/wp\/v2\/tags?post=482757"}],"curies":[{"name":"wp","href":"https:\/\/api.w.org\/{rel}","templated":true}]}}