{"id":482753,"date":"2014-02-03T18:41:01","date_gmt":"2014-02-03T19:41:01","guid":{"rendered":"http:\/\/www.eldigitaldeasturias.com\/noticias\/?p=482753"},"modified":"2014-02-03T18:41:21","modified_gmt":"2014-02-03T19:41:21","slug":"margallo-agradece-a-los-militares-sus-participaciones-en-misiones-internacionales","status":"publish","type":"post","link":"https:\/\/www.eldigitaldeasturias.com\/noticias\/margallo-agradece-a-los-militares-sus-participaciones-en-misiones-internacionales\/","title":{"rendered":"Margallo agradece a los militares sus participaciones en misiones internacionales"},"content":{"rendered":"<p><img loading=\"lazy\" decoding=\"async\" class=\"alignleft size-medium wp-image-482754\" alt=\"5903694w\" src=\"https:\/\/www.eldigitaldeasturias.com\/noticias\/wp-content\/uploads\/2014\/02\/5903694w-360x277.jpg\" width=\"360\" height=\"277\" \/>Madrid, 3 feb (EFE).- El ministro de Exteriores, Jos\u00e9 Manuel Garc\u00eda-Margallo, ha mostrado hoy un profundo agradecimiento y respeto a los efectivos militares que han participado en las misiones internacionales desplegadas por Espa\u00f1a en los \u00faltimos 30 a\u00f1os y a aquellos que han perdido su vida en actos de servicio.<\/p>\n<p>Garc\u00eda-Margallo ha pronunciado estas palabras durante la conferencia sobre pol\u00edtica exterior que ha dado en el XV curso de actualizaci\u00f3n para el desempe\u00f1o de los cometidos de oficial general, en el Centro Superior de Estudios de Defensa Nacional (CESEDEN).<\/p>\n<p>En la actualidad, las Fuerzas Armadas y las Fuerzas y Cuerpos de Seguridad del Estado participan en 14 misiones internacionales, desde Bosnia Herzegovina hasta Afganist\u00e1n, pasando por Mal\u00ed o Rep\u00fablica Centroafricana.<\/p>\n<p>Seg\u00fan un comunicado del Ministerio de Exteriores, estas misiones son una muestra del \u00abgran compromiso de Espa\u00f1a con el mantenimiento de la paz y seguridad internacionales\u00bb.<\/p>\n<p>En su intervenci\u00f3n, el ministro ha hecho un repaso a la pol\u00edtica exterior de Espa\u00f1a: la recuperaci\u00f3n econ\u00f3mica, a trav\u00e9s de la diplomacia econ\u00f3mica y la p\u00fablica; el fortalecimiento de los anclajes en el mundo, con la vuelta a Europa y el v\u00ednculo transatl\u00e1ntico, y la renovaci\u00f3n e impulso de los ejes iberoamericano, mediterr\u00e1neo y asi\u00e1tico.<\/p>\n<p>Garc\u00eda-Margallo ha puesto especial \u00e9nfasis en los objetivos permanentes de la pol\u00edtica exterior espa\u00f1ola en los pilares del multilateralismo, la cooperaci\u00f3n, la seguridad y defensa.<\/p>\n<p>En ese contexto, ha recordado la aspiraci\u00f3n de Espa\u00f1a de formar parte del Consejo de Seguridad de Naciones Unidas en 2015-2016, como miembro no permanente.<\/p>\n","protected":false},"excerpt":{"rendered":"<p>Madrid, 3 feb (EFE).- El ministro de Exteriores, Jos\u00e9 Manuel Garc\u00eda-Margallo, ha mostrado hoy un profundo agradecimiento y respeto a los efectivos militares que han participado en las misiones internacionales desplegadas por Espa\u00f1a en los \u00faltimos 30 a\u00f1os y a aquellos que han perdido su vida en actos de servicio. Garc\u00eda-Margallo ha pronunciado estas palabras [&hellip;]<\/p>\n","protected":false},"author":1,"featured_media":482754,"comment_status":"closed","ping_status":"open","sticky":false,"template":"","format":"standard","meta":{"footnotes":""},"categories":[1],"tags":[],"class_list":["post-482753","post","type-post","status-publish","format-standard","has-post-thumbnail","hentry","category-actualidad"],"aioseo_notices":[],"aioseo_head":"\n\t\t<!-- All in One SEO Pro 5.0.1 - aioseo.com -->\n\t<meta name=\"description\" content=\"Madrid, 3 feb (EFE).- El ministro de Exteriores, Jos\u00e9 Manuel Garc\u00eda-Margallo, ha mostrado hoy un profundo agradecimiento y respeto a los efectivos militares que han participado en las misiones internacionales desplegadas por Espa\u00f1a en los \u00faltimos 30 a\u00f1os y a aquellos que han perdido su vida en actos de servicio. Garc\u00eda-Margallo ha pronunciado estas palabras\" \/>\n\t<meta name=\"robots\" content=\"max-image-preview:large\" \/>\n\t<meta name=\"author\" content=\"El Digital de Asturias\"\/>\n\t<meta name=\"google-site-verification\" content=\"UA-38556648-1\" \/>\n\t<meta name=\"msvalidate.01\" content=\"7dfe9f3f1b24437ab69f4f2559babe99\" \/>\n\t<meta name=\"keywords\" content=\"actualidad\" \/>\n\t<link rel=\"canonical\" href=\"https:\/\/www.eldigitaldeasturias.com\/noticias\/margallo-agradece-a-los-militares-sus-participaciones-en-misiones-internacionales\/\" \/>\n\t<meta name=\"generator\" content=\"All in One SEO Pro (AIOSEO) 5.0.1\" \/>\n\t\t<meta property=\"og:locale\" content=\"es_ES\" \/>\n\t\t<meta property=\"og:site_name\" content=\"El Digital de Asturias\" \/>\n\t\t<meta property=\"og:type\" content=\"article\" \/>\n\t\t<meta property=\"og:title\" content=\"Margallo agradece a los militares sus participaciones en misiones internacionales - El Digital de Asturias\" \/>\n\t\t<meta property=\"og:description\" content=\"Madrid, 3 feb (EFE).- El ministro de Exteriores, Jos\u00e9 Manuel Garc\u00eda-Margallo, ha mostrado hoy un profundo agradecimiento y respeto a los efectivos militares que han participado en las misiones internacionales desplegadas por Espa\u00f1a en los \u00faltimos 30 a\u00f1os y a aquellos que han perdido su vida en actos de servicio. Garc\u00eda-Margallo ha pronunciado estas palabras\" \/>\n\t\t<meta property=\"og:url\" content=\"https:\/\/www.eldigitaldeasturias.com\/noticias\/margallo-agradece-a-los-militares-sus-participaciones-en-misiones-internacionales\/\" \/>\n\t\t<meta property=\"article:tag\" content=\"actualidad\" \/>\n\t\t<meta property=\"article:published_time\" content=\"2014-02-03T19:41:01+00:00\" \/>\n\t\t<meta property=\"article:modified_time\" content=\"2014-02-03T19:41:21+00:00\" \/>\n\t\t<meta property=\"article:publisher\" content=\"https:\/\/facebook.com\/eldigitaldeasturias\" \/>\n\t\t<meta name=\"twitter:card\" content=\"summary_large_image\" \/>\n\t\t<meta name=\"twitter:title\" content=\"Margallo agradece a los militares sus participaciones en misiones internacionales - El Digital de Asturias\" \/>\n\t\t<meta name=\"twitter:description\" content=\"Madrid, 3 feb (EFE).- El ministro de Exteriores, Jos\u00e9 Manuel Garc\u00eda-Margallo, ha mostrado hoy un profundo agradecimiento y respeto a los efectivos militares que han participado en las misiones internacionales desplegadas por Espa\u00f1a en los \u00faltimos 30 a\u00f1os y a aquellos que han perdido su vida en actos de servicio. Garc\u00eda-Margallo ha pronunciado estas palabras\" \/>\n\t\t<meta name=\"twitter:label1\" content=\"Escrito por\" \/>\n\t\t<meta name=\"twitter:data1\" content=\"El Digital de Asturias\" \/>\n\t\t<meta name=\"twitter:label2\" content=\"Tiempo de lectura estimado\" \/>\n\t\t<meta name=\"twitter:data2\" content=\"1 minuto\" \/>\n\t\t<script type=\"application\/ld+json\" class=\"aioseo-schema\">\n\t\t\t{\"@context\":\"https:\\\/\\\/schema.org\",\"@graph\":[{\"@type\":\"BlogPosting\",\"@id\":\"https:\\\/\\\/www.eldigitaldeasturias.com\\\/noticias\\\/margallo-agradece-a-los-militares-sus-participaciones-en-misiones-internacionales\\\/#blogposting\",\"name\":\"Margallo agradece a los militares sus participaciones en misiones internacionales - El Digital de Asturias\",\"headline\":\"Margallo agradece a los militares sus participaciones en misiones internacionales\",\"author\":{\"@id\":\"https:\\\/\\\/www.eldigitaldeasturias.com\\\/noticias\\\/author\\\/admin\\\/#author\"},\"publisher\":{\"@id\":\"https:\\\/\\\/www.eldigitaldeasturias.com\\\/noticias\\\/#organization\"},\"image\":{\"@type\":\"ImageObject\",\"url\":482754},\"datePublished\":\"2014-02-03T18:41:01+01:00\",\"dateModified\":\"2014-02-03T18:41:21+01:00\",\"inLanguage\":\"es-ES\",\"mainEntityOfPage\":{\"@id\":\"https:\\\/\\\/www.eldigitaldeasturias.com\\\/noticias\\\/margallo-agradece-a-los-militares-sus-participaciones-en-misiones-internacionales\\\/#webpage\"},\"isPartOf\":{\"@id\":\"https:\\\/\\\/www.eldigitaldeasturias.com\\\/noticias\\\/margallo-agradece-a-los-militares-sus-participaciones-en-misiones-internacionales\\\/#webpage\"},\"articleSection\":\"Actualidad\"},{\"@type\":\"BreadcrumbList\",\"@id\":\"https:\\\/\\\/www.eldigitaldeasturias.com\\\/noticias\\\/margallo-agradece-a-los-militares-sus-participaciones-en-misiones-internacionales\\\/#breadcrumblist\",\"itemListElement\":[{\"@type\":\"ListItem\",\"@id\":\"https:\\\/\\\/www.eldigitaldeasturias.com\\\/noticias#listItem\",\"position\":1,\"name\":\"Home\",\"item\":\"https:\\\/\\\/www.eldigitaldeasturias.com\\\/noticias\",\"nextItem\":{\"@type\":\"ListItem\",\"@id\":\"https:\\\/\\\/www.eldigitaldeasturias.com\\\/noticias\\\/category\\\/actualidad\\\/#listItem\",\"name\":\"Actualidad\"}},{\"@type\":\"ListItem\",\"@id\":\"https:\\\/\\\/www.eldigitaldeasturias.com\\\/noticias\\\/category\\\/actualidad\\\/#listItem\",\"position\":2,\"name\":\"Actualidad\",\"item\":\"https:\\\/\\\/www.eldigitaldeasturias.com\\\/noticias\\\/category\\\/actualidad\\\/\",\"nextItem\":{\"@type\":\"ListItem\",\"@id\":\"https:\\\/\\\/www.eldigitaldeasturias.com\\\/noticias\\\/margallo-agradece-a-los-militares-sus-participaciones-en-misiones-internacionales\\\/#listItem\",\"name\":\"Margallo agradece a los militares sus participaciones en misiones internacionales\"},\"previousItem\":{\"@type\":\"ListItem\",\"@id\":\"https:\\\/\\\/www.eldigitaldeasturias.com\\\/noticias#listItem\",\"name\":\"Home\"}},{\"@type\":\"ListItem\",\"@id\":\"https:\\\/\\\/www.eldigitaldeasturias.com\\\/noticias\\\/margallo-agradece-a-los-militares-sus-participaciones-en-misiones-internacionales\\\/#listItem\",\"position\":3,\"name\":\"Margallo agradece a los militares sus participaciones en misiones internacionales\",\"previousItem\":{\"@type\":\"ListItem\",\"@id\":\"https:\\\/\\\/www.eldigitaldeasturias.com\\\/noticias\\\/category\\\/actualidad\\\/#listItem\",\"name\":\"Actualidad\"}}]},{\"@type\":\"Organization\",\"@id\":\"https:\\\/\\\/www.eldigitaldeasturias.com\\\/noticias\\\/#organization\",\"name\":\"El Digital de Asturias\",\"description\":\"Hemeroteca\",\"url\":\"https:\\\/\\\/www.eldigitaldeasturias.com\\\/noticias\\\/\",\"email\":\"info@eldigitaldeasturias.com\",\"telephone\":\"+34652131393\",\"logo\":{\"@type\":\"ImageObject\",\"url\":\"https:\\\/\\\/www.eldigitaldeasturias.com\\\/noticias\\\/wp-content\\\/uploads\\\/2020\\\/12\\\/EDA.jpg\",\"@id\":\"https:\\\/\\\/www.eldigitaldeasturias.com\\\/noticias\\\/margallo-agradece-a-los-militares-sus-participaciones-en-misiones-internacionales\\\/#organizationLogo\"},\"image\":{\"@id\":\"https:\\\/\\\/www.eldigitaldeasturias.com\\\/noticias\\\/margallo-agradece-a-los-militares-sus-participaciones-en-misiones-internacionales\\\/#organizationLogo\"},\"sameAs\":[\"https:\\\/\\\/facebook.com\\\/eldigitaldeasturias\",\"https:\\\/\\\/www.youtube.com\\\/channel\\\/UCZP-2wLEB9Rv6erhFmqVnvg\"],\"address\":{\"@id\":\"https:\\\/\\\/www.eldigitaldeasturias.com\\\/noticias\\\/#postaladdress\",\"@type\":\"PostalAddress\",\"streetAddress\":\"san antonio 4\",\"postalCode\":\"33430\",\"addressLocality\":\"Cand\\u00e1s\",\"addressRegion\":\"Asturias\",\"addressCountry\":\"ES\"}},{\"@type\":\"Person\",\"@id\":\"https:\\\/\\\/www.eldigitaldeasturias.com\\\/noticias\\\/author\\\/admin\\\/#author\",\"url\":\"https:\\\/\\\/www.eldigitaldeasturias.com\\\/noticias\\\/author\\\/admin\\\/\",\"name\":\"El Digital de Asturias\",\"image\":{\"@type\":\"ImageObject\",\"@id\":\"https:\\\/\\\/www.eldigitaldeasturias.com\\\/noticias\\\/margallo-agradece-a-los-militares-sus-participaciones-en-misiones-internacionales\\\/#authorImage\",\"url\":\"https:\\\/\\\/secure.gravatar.com\\\/avatar\\\/df2aeffc32bcd13f8d26072ef8a91b623d677766deac7f97ca815868cd41bf5e?s=96&d=mm&r=g\",\"width\":96,\"height\":96,\"caption\":\"El Digital de Asturias\"}},{\"@type\":\"WebPage\",\"@id\":\"https:\\\/\\\/www.eldigitaldeasturias.com\\\/noticias\\\/margallo-agradece-a-los-militares-sus-participaciones-en-misiones-internacionales\\\/#webpage\",\"url\":\"https:\\\/\\\/www.eldigitaldeasturias.com\\\/noticias\\\/margallo-agradece-a-los-militares-sus-participaciones-en-misiones-internacionales\\\/\",\"name\":\"Margallo agradece a los militares sus participaciones en misiones internacionales - El Digital de Asturias\",\"description\":\"Madrid, 3 feb (EFE).- El ministro de Exteriores, Jos\\u00e9 Manuel Garc\\u00eda-Margallo, ha mostrado hoy un profundo agradecimiento y respeto a los efectivos militares que han participado en las misiones internacionales desplegadas por Espa\\u00f1a en los \\u00faltimos 30 a\\u00f1os y a aquellos que han perdido su vida en actos de servicio. Garc\\u00eda-Margallo ha pronunciado estas palabras\",\"inLanguage\":\"es-ES\",\"isPartOf\":{\"@id\":\"https:\\\/\\\/www.eldigitaldeasturias.com\\\/noticias\\\/#website\"},\"breadcrumb\":{\"@id\":\"https:\\\/\\\/www.eldigitaldeasturias.com\\\/noticias\\\/margallo-agradece-a-los-militares-sus-participaciones-en-misiones-internacionales\\\/#breadcrumblist\"},\"author\":{\"@id\":\"https:\\\/\\\/www.eldigitaldeasturias.com\\\/noticias\\\/author\\\/admin\\\/#author\"},\"creator\":{\"@id\":\"https:\\\/\\\/www.eldigitaldeasturias.com\\\/noticias\\\/author\\\/admin\\\/#author\"},\"image\":{\"@type\":\"ImageObject\",\"url\":482754,\"@id\":\"https:\\\/\\\/www.eldigitaldeasturias.com\\\/noticias\\\/margallo-agradece-a-los-militares-sus-participaciones-en-misiones-internacionales\\\/#mainImage\"},\"primaryImageOfPage\":{\"@id\":\"https:\\\/\\\/www.eldigitaldeasturias.com\\\/noticias\\\/margallo-agradece-a-los-militares-sus-participaciones-en-misiones-internacionales\\\/#mainImage\"},\"datePublished\":\"2014-02-03T18:41:01+01:00\",\"dateModified\":\"2014-02-03T18:41:21+01:00\"},{\"@type\":\"WebSite\",\"@id\":\"https:\\\/\\\/www.eldigitaldeasturias.com\\\/noticias\\\/#website\",\"url\":\"https:\\\/\\\/www.eldigitaldeasturias.com\\\/noticias\\\/\",\"name\":\"El Digital de Asturias - Diario de actualidad y noticias\",\"alternateName\":\"El Digital de Asturias - Diario de actualidad y noticias\",\"description\":\"Hemeroteca\",\"inLanguage\":\"es-ES\",\"publisher\":{\"@id\":\"https:\\\/\\\/www.eldigitaldeasturias.com\\\/noticias\\\/#organization\"}}]}\n\t\t<\/script>\n\t\t<!-- All in One SEO Pro -->\r\n\t\t<title>Margallo agradece a los militares sus participaciones en misiones internacionales - El Digital de Asturias<\/title>\n\n","aioseo_head_json":{"title":"Margallo agradece a los militares sus participaciones en misiones internacionales - El Digital de Asturias","description":"Madrid, 3 feb (EFE).- El ministro de Exteriores, Jos\u00e9 Manuel Garc\u00eda-Margallo, ha mostrado hoy un profundo agradecimiento y respeto a los efectivos militares que han participado en las misiones internacionales desplegadas por Espa\u00f1a en los \u00faltimos 30 a\u00f1os y a aquellos que han perdido su vida en actos de servicio. Garc\u00eda-Margallo ha pronunciado estas palabras","canonical_url":"https:\/\/www.eldigitaldeasturias.com\/noticias\/margallo-agradece-a-los-militares-sus-participaciones-en-misiones-internacionales\/","robots":"max-image-preview:large","keywords":"actualidad","webmasterTools":{"google-site-verification":"UA-38556648-1","msvalidate.01":"7dfe9f3f1b24437ab69f4f2559babe99","miscellaneous":""},"schema":{"@context":"https:\/\/schema.org","@graph":[{"@type":"BlogPosting","@id":"https:\/\/www.eldigitaldeasturias.com\/noticias\/margallo-agradece-a-los-militares-sus-participaciones-en-misiones-internacionales\/#blogposting","name":"Margallo agradece a los militares sus participaciones en misiones internacionales - El Digital de Asturias","headline":"Margallo agradece a los militares sus participaciones en misiones internacionales","author":{"@id":"https:\/\/www.eldigitaldeasturias.com\/noticias\/author\/admin\/#author"},"publisher":{"@id":"https:\/\/www.eldigitaldeasturias.com\/noticias\/#organization"},"image":{"@type":"ImageObject","url":482754},"datePublished":"2014-02-03T18:41:01+01:00","dateModified":"2014-02-03T18:41:21+01:00","inLanguage":"es-ES","mainEntityOfPage":{"@id":"https:\/\/www.eldigitaldeasturias.com\/noticias\/margallo-agradece-a-los-militares-sus-participaciones-en-misiones-internacionales\/#webpage"},"isPartOf":{"@id":"https:\/\/www.eldigitaldeasturias.com\/noticias\/margallo-agradece-a-los-militares-sus-participaciones-en-misiones-internacionales\/#webpage"},"articleSection":"Actualidad"},{"@type":"BreadcrumbList","@id":"https:\/\/www.eldigitaldeasturias.com\/noticias\/margallo-agradece-a-los-militares-sus-participaciones-en-misiones-internacionales\/#breadcrumblist","itemListElement":[{"@type":"ListItem","@id":"https:\/\/www.eldigitaldeasturias.com\/noticias#listItem","position":1,"name":"Home","item":"https:\/\/www.eldigitaldeasturias.com\/noticias","nextItem":{"@type":"ListItem","@id":"https:\/\/www.eldigitaldeasturias.com\/noticias\/category\/actualidad\/#listItem","name":"Actualidad"}},{"@type":"ListItem","@id":"https:\/\/www.eldigitaldeasturias.com\/noticias\/category\/actualidad\/#listItem","position":2,"name":"Actualidad","item":"https:\/\/www.eldigitaldeasturias.com\/noticias\/category\/actualidad\/","nextItem":{"@type":"ListItem","@id":"https:\/\/www.eldigitaldeasturias.com\/noticias\/margallo-agradece-a-los-militares-sus-participaciones-en-misiones-internacionales\/#listItem","name":"Margallo agradece a los militares sus participaciones en misiones internacionales"},"previousItem":{"@type":"ListItem","@id":"https:\/\/www.eldigitaldeasturias.com\/noticias#listItem","name":"Home"}},{"@type":"ListItem","@id":"https:\/\/www.eldigitaldeasturias.com\/noticias\/margallo-agradece-a-los-militares-sus-participaciones-en-misiones-internacionales\/#listItem","position":3,"name":"Margallo agradece a los militares sus participaciones en misiones internacionales","previousItem":{"@type":"ListItem","@id":"https:\/\/www.eldigitaldeasturias.com\/noticias\/category\/actualidad\/#listItem","name":"Actualidad"}}]},{"@type":"Organization","@id":"https:\/\/www.eldigitaldeasturias.com\/noticias\/#organization","name":"El Digital de Asturias","description":"Hemeroteca","url":"https:\/\/www.eldigitaldeasturias.com\/noticias\/","email":"info@eldigitaldeasturias.com","telephone":"+34652131393","logo":{"@type":"ImageObject","url":"https:\/\/www.eldigitaldeasturias.com\/noticias\/wp-content\/uploads\/2020\/12\/EDA.jpg","@id":"https:\/\/www.eldigitaldeasturias.com\/noticias\/margallo-agradece-a-los-militares-sus-participaciones-en-misiones-internacionales\/#organizationLogo"},"image":{"@id":"https:\/\/www.eldigitaldeasturias.com\/noticias\/margallo-agradece-a-los-militares-sus-participaciones-en-misiones-internacionales\/#organizationLogo"},"sameAs":["https:\/\/facebook.com\/eldigitaldeasturias","https:\/\/www.youtube.com\/channel\/UCZP-2wLEB9Rv6erhFmqVnvg"],"address":{"@id":"https:\/\/www.eldigitaldeasturias.com\/noticias\/#postaladdress","@type":"PostalAddress","streetAddress":"san antonio 4","postalCode":"33430","addressLocality":"Cand\u00e1s","addressRegion":"Asturias","addressCountry":"ES"}},{"@type":"Person","@id":"https:\/\/www.eldigitaldeasturias.com\/noticias\/author\/admin\/#author","url":"https:\/\/www.eldigitaldeasturias.com\/noticias\/author\/admin\/","name":"El Digital de Asturias","image":{"@type":"ImageObject","@id":"https:\/\/www.eldigitaldeasturias.com\/noticias\/margallo-agradece-a-los-militares-sus-participaciones-en-misiones-internacionales\/#authorImage","url":"https:\/\/secure.gravatar.com\/avatar\/df2aeffc32bcd13f8d26072ef8a91b623d677766deac7f97ca815868cd41bf5e?s=96&d=mm&r=g","width":96,"height":96,"caption":"El Digital de Asturias"}},{"@type":"WebPage","@id":"https:\/\/www.eldigitaldeasturias.com\/noticias\/margallo-agradece-a-los-militares-sus-participaciones-en-misiones-internacionales\/#webpage","url":"https:\/\/www.eldigitaldeasturias.com\/noticias\/margallo-agradece-a-los-militares-sus-participaciones-en-misiones-internacionales\/","name":"Margallo agradece a los militares sus participaciones en misiones internacionales - El Digital de Asturias","description":"Madrid, 3 feb (EFE).- El ministro de Exteriores, Jos\u00e9 Manuel Garc\u00eda-Margallo, ha mostrado hoy un profundo agradecimiento y respeto a los efectivos militares que han participado en las misiones internacionales desplegadas por Espa\u00f1a en los \u00faltimos 30 a\u00f1os y a aquellos que han perdido su vida en actos de servicio. Garc\u00eda-Margallo ha pronunciado estas palabras","inLanguage":"es-ES","isPartOf":{"@id":"https:\/\/www.eldigitaldeasturias.com\/noticias\/#website"},"breadcrumb":{"@id":"https:\/\/www.eldigitaldeasturias.com\/noticias\/margallo-agradece-a-los-militares-sus-participaciones-en-misiones-internacionales\/#breadcrumblist"},"author":{"@id":"https:\/\/www.eldigitaldeasturias.com\/noticias\/author\/admin\/#author"},"creator":{"@id":"https:\/\/www.eldigitaldeasturias.com\/noticias\/author\/admin\/#author"},"image":{"@type":"ImageObject","url":482754,"@id":"https:\/\/www.eldigitaldeasturias.com\/noticias\/margallo-agradece-a-los-militares-sus-participaciones-en-misiones-internacionales\/#mainImage"},"primaryImageOfPage":{"@id":"https:\/\/www.eldigitaldeasturias.com\/noticias\/margallo-agradece-a-los-militares-sus-participaciones-en-misiones-internacionales\/#mainImage"},"datePublished":"2014-02-03T18:41:01+01:00","dateModified":"2014-02-03T18:41:21+01:00"},{"@type":"WebSite","@id":"https:\/\/www.eldigitaldeasturias.com\/noticias\/#website","url":"https:\/\/www.eldigitaldeasturias.com\/noticias\/","name":"El Digital de Asturias - Diario de actualidad y noticias","alternateName":"El Digital de Asturias - Diario de actualidad y noticias","description":"Hemeroteca","inLanguage":"es-ES","publisher":{"@id":"https:\/\/www.eldigitaldeasturias.com\/noticias\/#organization"}}]},"og:locale":"es_ES","og:site_name":"El Digital de Asturias","og:type":"article","og:title":"Margallo agradece a los militares sus participaciones en misiones internacionales - El Digital de Asturias","og:description":"Madrid, 3 feb (EFE).- El ministro de Exteriores, Jos\u00e9 Manuel Garc\u00eda-Margallo, ha mostrado hoy un profundo agradecimiento y respeto a los efectivos militares que han participado en las misiones internacionales desplegadas por Espa\u00f1a en los \u00faltimos 30 a\u00f1os y a aquellos que han perdido su vida en actos de servicio. Garc\u00eda-Margallo ha pronunciado estas palabras","og:url":"https:\/\/www.eldigitaldeasturias.com\/noticias\/margallo-agradece-a-los-militares-sus-participaciones-en-misiones-internacionales\/","article:tag":["actualidad"],"article:published_time":"2014-02-03T19:41:01+00:00","article:modified_time":"2014-02-03T19:41:21+00:00","article:publisher":"https:\/\/facebook.com\/eldigitaldeasturias","twitter:card":"summary_large_image","twitter:title":"Margallo agradece a los militares sus participaciones en misiones internacionales - El Digital de Asturias","twitter:description":"Madrid, 3 feb (EFE).- El ministro de Exteriores, Jos\u00e9 Manuel Garc\u00eda-Margallo, ha mostrado hoy un profundo agradecimiento y respeto a los efectivos militares que han participado en las misiones internacionales desplegadas por Espa\u00f1a en los \u00faltimos 30 a\u00f1os y a aquellos que han perdido su vida en actos de servicio. Garc\u00eda-Margallo ha pronunciado estas palabras","twitter:label1":"Escrito por","twitter:data1":"El Digital de Asturias","twitter:label2":"Tiempo de lectura estimado","twitter:data2":"1 minuto"},"aioseo_meta_data":{"post_id":"482753","title":null,"description":null,"keywords":null,"keyphrases":null,"primary_term":null,"canonical_url":null,"og_title":null,"og_description":null,"og_object_type":"default","og_image_type":"default","og_image_url":null,"og_image_width":null,"og_image_height":null,"og_image_custom_url":null,"og_image_custom_fields":null,"og_video":null,"og_custom_url":null,"og_article_section":null,"og_article_tags":null,"twitter_use_og":true,"twitter_card":"default","twitter_image_type":"default","twitter_image_url":null,"twitter_image_custom_url":null,"twitter_image_custom_fields":null,"twitter_title":null,"twitter_description":null,"schema":{"blockGraphs":[],"customGraphs":[],"default":{"data":{"Article":[],"Course":[],"Dataset":[],"FAQPage":[],"Movie":[],"Person":[],"Product":[],"ProductReview":[],"Car":[],"Recipe":[],"Service":[],"SoftwareApplication":[],"WebPage":[]},"graphName":"","isEnabled":true},"graphs":[],"defaultGraph":"","defaultPostTypeGraph":""},"schema_type":null,"schema_type_options":null,"pillar_content":false,"robots_default":true,"robots_noindex":false,"robots_noarchive":false,"robots_nosnippet":false,"robots_nofollow":false,"robots_noimageindex":false,"robots_noodp":false,"robots_notranslate":false,"robots_max_snippet":null,"robots_max_videopreview":null,"robots_max_imagepreview":"none","priority":null,"frequency":null,"local_seo":null,"seo_analyzer_scan_date":"2026-06-02 10:46:59","breadcrumb_settings":null,"limit_modified_date":false,"open_ai":null,"ai":null,"created":"2020-11-14 22:54:39","updated":"2026-06-02 10:46:59","focus_keyword":null,"additional_keywords":null,"truseo_locale":null},"aioseo_breadcrumb":"<div class=\"aioseo-breadcrumbs\"><span class=\"aioseo-breadcrumb\">\n\t<a href=\"https:\/\/www.eldigitaldeasturias.com\/noticias\" title=\"Home\">Home<\/a>\n<\/span><span class=\"aioseo-breadcrumb-separator\">\u2013<\/span><span class=\"aioseo-breadcrumb\">\n\t<a href=\"https:\/\/www.eldigitaldeasturias.com\/noticias\/category\/actualidad\/\" title=\"Actualidad\">Actualidad<\/a>\n<\/span><span class=\"aioseo-breadcrumb-separator\">\u2013<\/span><span class=\"aioseo-breadcrumb\">\n\t<a href=\"https:\/\/www.eldigitaldeasturias.com\/noticias\/margallo-agradece-a-los-militares-sus-participaciones-en-misiones-internacionales\/\" title=\"Margallo agradece a los militares sus participaciones en misiones internacionales\">Margallo agradece a los militares sus participaciones en misiones internacionales<\/a>\n<\/span><\/div>","aioseo_breadcrumb_json":[{"label":"Home","link":"https:\/\/www.eldigitaldeasturias.com\/noticias"},{"label":"Actualidad","link":"https:\/\/www.eldigitaldeasturias.com\/noticias\/category\/actualidad\/"},{"label":"Margallo agradece a los militares sus participaciones en misiones internacionales","link":"https:\/\/www.eldigitaldeasturias.com\/noticias\/margallo-agradece-a-los-militares-sus-participaciones-en-misiones-internacionales\/"}],"_links":{"self":[{"href":"https:\/\/www.eldigitaldeasturias.com\/noticias\/wp-json\/wp\/v2\/posts\/482753","targetHints":{"allow":["GET"]}}],"collection":[{"href":"https:\/\/www.eldigitaldeasturias.com\/noticias\/wp-json\/wp\/v2\/posts"}],"about":[{"href":"https:\/\/www.eldigitaldeasturias.com\/noticias\/wp-json\/wp\/v2\/types\/post"}],"author":[{"embeddable":true,"href":"https:\/\/www.eldigitaldeasturias.com\/noticias\/wp-json\/wp\/v2\/users\/1"}],"replies":[{"embeddable":true,"href":"https:\/\/www.eldigitaldeasturias.com\/noticias\/wp-json\/wp\/v2\/comments?post=482753"}],"version-history":[{"count":0,"href":"https:\/\/www.eldigitaldeasturias.com\/noticias\/wp-json\/wp\/v2\/posts\/482753\/revisions"}],"wp:attachment":[{"href":"https:\/\/www.eldigitaldeasturias.com\/noticias\/wp-json\/wp\/v2\/media?parent=482753"}],"wp:term":[{"taxonomy":"category","embeddable":true,"href":"https:\/\/www.eldigitaldeasturias.com\/noticias\/wp-json\/wp\/v2\/categories?post=482753"},{"taxonomy":"post_tag","embeddable":true,"href":"https:\/\/www.eldigitaldeasturias.com\/noticias\/wp-json\/wp\/v2\/tags?post=482753"}],"curies":[{"name":"wp","href":"https:\/\/api.w.org\/{rel}","templated":true}]}}