{"id":482750,"date":"2014-02-03T18:40:02","date_gmt":"2014-02-03T19:40:02","guid":{"rendered":"http:\/\/www.eldigitaldeasturias.com\/noticias\/?p=482750"},"modified":"2014-02-03T18:40:02","modified_gmt":"2014-02-03T19:40:02","slug":"gallardon-asegura-que-se-han-alejado-los-fantasmas-de-la-division-en-el-pp","status":"publish","type":"post","link":"https:\/\/www.eldigitaldeasturias.com\/noticias\/gallardon-asegura-que-se-han-alejado-los-fantasmas-de-la-division-en-el-pp\/","title":{"rendered":"Gallard\u00f3n asegura que se han alejado los fantasmas de la divisi\u00f3n en el PP"},"content":{"rendered":"<p><img loading=\"lazy\" decoding=\"async\" class=\"alignleft size-medium wp-image-482751\" alt=\"5903657w\" src=\"https:\/\/www.eldigitaldeasturias.com\/noticias\/wp-content\/uploads\/2014\/02\/5903657w-360x239.jpg\" width=\"360\" height=\"239\" \/>Madrid, 3 feb (EFE).- El ministro de Justicia, Alberto Ruiz-Gallard\u00f3n, ha asegurado hoy que en la Convenci\u00f3n Nacional del PP se han alejado los fantasmas de la divisi\u00f3n en el partido que, en su opini\u00f3n, se ha mostrado unido, cerca de las v\u00edctimas del terrorismo y agradecido al exjefe del Ejecutivo Jos\u00e9 Mar\u00eda Aznar.<\/p>\n<p>Ruiz-Gallard\u00f3n ha hecho un balance \u00abextraordinariamente positivo\u00bb de la convenci\u00f3n en declaraciones a los periodistas tras inaugurar una jornada sobre seguridad jur\u00eddica en el Centro de Estudios Pol\u00edticos y Constitucionales.<\/p>\n<p>Ha opinado que el PP se ha mostrado unido, cerca de las v\u00edctimas del terrorismo y agradecido \u00aba quien tanto debemos y que tanto ha contribuido no solamente a buenos gobiernos en Espa\u00f1a, sino a la conformaci\u00f3n de nuestra fuerza pol\u00edtica\u00bb, que es el presidente Jos\u00e9 Mar\u00eda Aznar.<\/p>\n<p>El partido debe tener \u00ababsolutamente claro\u00bb que cuando ha recibido \u00abtanta y tan generosa confianza de los espa\u00f1oles en las \u00faltimas elecciones\u00bb no tiene derecho a hacer cosa distinta que unirse en beneficio de los ciudadanos, ha apuntado el titular de Justicia.<\/p>\n<p>Ruiz-Gallard\u00f3n ha destacado que la convenci\u00f3n del PP ha servido para que el partido tenga la oportunidad de trasladar el agradecimiento a todos los espa\u00f1oles, que son quienes est\u00e1n superando la crisis econ\u00f3mica.<\/p>\n<p>\u00abEl Gobierno est\u00e1 con ellos y detr\u00e1s de ellos, pero quien ha hecho los esfuerzos, los sacrificios y quien ha visto reducido sus ingresos, quien ha visto que ha tenido que aumentar su trabajo han sido todos los espa\u00f1oles\u00bb, ha recalcado el ministro.<\/p>\n<p>Ha indicado que hoy el Gobierno puede afirmar que sus decisiones estaban en la buena direcci\u00f3n, aunque ha rechazado el conformismo y la complacencia, mientras se mantengan los actuales niveles de desempleo.<\/p>\n<p>Hoy, en Espa\u00f1a, se deja de destruir empleo, hay crecimientos positivos y la inflaci\u00f3n permite que los pensionistas puedan mantener su capacidad adquisitiva, ha aseverado.<\/p>\n<p>Ahora, ha manifestado, es el momento de seguir en este esfuerzo, de seguir trabajando y de cumplir lo que fue imposible en un primer momento, que es una modificaci\u00f3n fiscal en Espa\u00f1a que se ajuste a los compromisos que adquiri\u00f3 el PP en las \u00faltimas elecciones.<\/p>\n","protected":false},"excerpt":{"rendered":"<p>Madrid, 3 feb (EFE).- El ministro de Justicia, Alberto Ruiz-Gallard\u00f3n, ha asegurado hoy que en la Convenci\u00f3n Nacional del PP se han alejado los fantasmas de la divisi\u00f3n en el partido que, en su opini\u00f3n, se ha mostrado unido, cerca de las v\u00edctimas del terrorismo y agradecido al exjefe del Ejecutivo Jos\u00e9 Mar\u00eda Aznar. Ruiz-Gallard\u00f3n [&hellip;]<\/p>\n","protected":false},"author":1,"featured_media":482751,"comment_status":"closed","ping_status":"open","sticky":false,"template":"","format":"standard","meta":{"footnotes":""},"categories":[1],"tags":[],"class_list":["post-482750","post","type-post","status-publish","format-standard","has-post-thumbnail","hentry","category-actualidad"],"aioseo_notices":[],"aioseo_head":"\n\t\t<!-- All in One SEO Pro 5.0.1 - aioseo.com -->\n\t<meta name=\"description\" content=\"Madrid, 3 feb (EFE).- El ministro de Justicia, Alberto Ruiz-Gallard\u00f3n, ha asegurado hoy que en la Convenci\u00f3n Nacional del PP se han alejado los fantasmas de la divisi\u00f3n en el partido que, en su opini\u00f3n, se ha mostrado unido, cerca de las v\u00edctimas del terrorismo y agradecido al exjefe del Ejecutivo Jos\u00e9 Mar\u00eda Aznar. Ruiz-Gallard\u00f3n\" \/>\n\t<meta name=\"robots\" content=\"max-image-preview:large\" \/>\n\t<meta name=\"author\" content=\"El Digital de Asturias\"\/>\n\t<meta name=\"google-site-verification\" content=\"UA-38556648-1\" \/>\n\t<meta name=\"msvalidate.01\" content=\"7dfe9f3f1b24437ab69f4f2559babe99\" \/>\n\t<meta name=\"keywords\" content=\"actualidad\" \/>\n\t<link rel=\"canonical\" href=\"https:\/\/www.eldigitaldeasturias.com\/noticias\/gallardon-asegura-que-se-han-alejado-los-fantasmas-de-la-division-en-el-pp\/\" \/>\n\t<meta name=\"generator\" content=\"All in One SEO Pro (AIOSEO) 5.0.1\" \/>\n\t\t<meta property=\"og:locale\" content=\"es_ES\" \/>\n\t\t<meta property=\"og:site_name\" content=\"El Digital de Asturias\" \/>\n\t\t<meta property=\"og:type\" content=\"article\" \/>\n\t\t<meta property=\"og:title\" content=\"Gallard\u00f3n asegura que se han alejado los fantasmas de la divisi\u00f3n en el PP - El Digital de Asturias\" \/>\n\t\t<meta property=\"og:description\" content=\"Madrid, 3 feb (EFE).- El ministro de Justicia, Alberto Ruiz-Gallard\u00f3n, ha asegurado hoy que en la Convenci\u00f3n Nacional del PP se han alejado los fantasmas de la divisi\u00f3n en el partido que, en su opini\u00f3n, se ha mostrado unido, cerca de las v\u00edctimas del terrorismo y agradecido al exjefe del Ejecutivo Jos\u00e9 Mar\u00eda Aznar. Ruiz-Gallard\u00f3n\" \/>\n\t\t<meta property=\"og:url\" content=\"https:\/\/www.eldigitaldeasturias.com\/noticias\/gallardon-asegura-que-se-han-alejado-los-fantasmas-de-la-division-en-el-pp\/\" \/>\n\t\t<meta property=\"article:tag\" content=\"actualidad\" \/>\n\t\t<meta property=\"article:published_time\" content=\"2014-02-03T19:40:02+00:00\" \/>\n\t\t<meta property=\"article:modified_time\" content=\"2014-02-03T19:40:02+00:00\" \/>\n\t\t<meta property=\"article:publisher\" content=\"https:\/\/facebook.com\/eldigitaldeasturias\" \/>\n\t\t<meta name=\"twitter:card\" content=\"summary_large_image\" \/>\n\t\t<meta name=\"twitter:title\" content=\"Gallard\u00f3n asegura que se han alejado los fantasmas de la divisi\u00f3n en el PP - El Digital de Asturias\" \/>\n\t\t<meta name=\"twitter:description\" content=\"Madrid, 3 feb (EFE).- El ministro de Justicia, Alberto Ruiz-Gallard\u00f3n, ha asegurado hoy que en la Convenci\u00f3n Nacional del PP se han alejado los fantasmas de la divisi\u00f3n en el partido que, en su opini\u00f3n, se ha mostrado unido, cerca de las v\u00edctimas del terrorismo y agradecido al exjefe del Ejecutivo Jos\u00e9 Mar\u00eda Aznar. Ruiz-Gallard\u00f3n\" \/>\n\t\t<meta name=\"twitter:label1\" content=\"Escrito por\" \/>\n\t\t<meta name=\"twitter:data1\" content=\"El Digital de Asturias\" \/>\n\t\t<meta name=\"twitter:label2\" content=\"Tiempo de lectura estimado\" \/>\n\t\t<meta name=\"twitter:data2\" content=\"2 minutos\" \/>\n\t\t<script type=\"application\/ld+json\" class=\"aioseo-schema\">\n\t\t\t{\"@context\":\"https:\\\/\\\/schema.org\",\"@graph\":[{\"@type\":\"BlogPosting\",\"@id\":\"https:\\\/\\\/www.eldigitaldeasturias.com\\\/noticias\\\/gallardon-asegura-que-se-han-alejado-los-fantasmas-de-la-division-en-el-pp\\\/#blogposting\",\"name\":\"Gallard\\u00f3n asegura que se han alejado los fantasmas de la divisi\\u00f3n en el PP - El Digital de Asturias\",\"headline\":\"Gallard\\u00f3n asegura que se han alejado los fantasmas de la divisi\\u00f3n en el PP\",\"author\":{\"@id\":\"https:\\\/\\\/www.eldigitaldeasturias.com\\\/noticias\\\/author\\\/admin\\\/#author\"},\"publisher\":{\"@id\":\"https:\\\/\\\/www.eldigitaldeasturias.com\\\/noticias\\\/#organization\"},\"image\":{\"@type\":\"ImageObject\",\"url\":482751},\"datePublished\":\"2014-02-03T18:40:02+01:00\",\"dateModified\":\"2014-02-03T18:40:02+01:00\",\"inLanguage\":\"es-ES\",\"mainEntityOfPage\":{\"@id\":\"https:\\\/\\\/www.eldigitaldeasturias.com\\\/noticias\\\/gallardon-asegura-que-se-han-alejado-los-fantasmas-de-la-division-en-el-pp\\\/#webpage\"},\"isPartOf\":{\"@id\":\"https:\\\/\\\/www.eldigitaldeasturias.com\\\/noticias\\\/gallardon-asegura-que-se-han-alejado-los-fantasmas-de-la-division-en-el-pp\\\/#webpage\"},\"articleSection\":\"Actualidad\"},{\"@type\":\"BreadcrumbList\",\"@id\":\"https:\\\/\\\/www.eldigitaldeasturias.com\\\/noticias\\\/gallardon-asegura-que-se-han-alejado-los-fantasmas-de-la-division-en-el-pp\\\/#breadcrumblist\",\"itemListElement\":[{\"@type\":\"ListItem\",\"@id\":\"https:\\\/\\\/www.eldigitaldeasturias.com\\\/noticias#listItem\",\"position\":1,\"name\":\"Home\",\"item\":\"https:\\\/\\\/www.eldigitaldeasturias.com\\\/noticias\",\"nextItem\":{\"@type\":\"ListItem\",\"@id\":\"https:\\\/\\\/www.eldigitaldeasturias.com\\\/noticias\\\/category\\\/actualidad\\\/#listItem\",\"name\":\"Actualidad\"}},{\"@type\":\"ListItem\",\"@id\":\"https:\\\/\\\/www.eldigitaldeasturias.com\\\/noticias\\\/category\\\/actualidad\\\/#listItem\",\"position\":2,\"name\":\"Actualidad\",\"item\":\"https:\\\/\\\/www.eldigitaldeasturias.com\\\/noticias\\\/category\\\/actualidad\\\/\",\"nextItem\":{\"@type\":\"ListItem\",\"@id\":\"https:\\\/\\\/www.eldigitaldeasturias.com\\\/noticias\\\/gallardon-asegura-que-se-han-alejado-los-fantasmas-de-la-division-en-el-pp\\\/#listItem\",\"name\":\"Gallard\\u00f3n asegura que se han alejado los fantasmas de la divisi\\u00f3n en el PP\"},\"previousItem\":{\"@type\":\"ListItem\",\"@id\":\"https:\\\/\\\/www.eldigitaldeasturias.com\\\/noticias#listItem\",\"name\":\"Home\"}},{\"@type\":\"ListItem\",\"@id\":\"https:\\\/\\\/www.eldigitaldeasturias.com\\\/noticias\\\/gallardon-asegura-que-se-han-alejado-los-fantasmas-de-la-division-en-el-pp\\\/#listItem\",\"position\":3,\"name\":\"Gallard\\u00f3n asegura que se han alejado los fantasmas de la divisi\\u00f3n en el PP\",\"previousItem\":{\"@type\":\"ListItem\",\"@id\":\"https:\\\/\\\/www.eldigitaldeasturias.com\\\/noticias\\\/category\\\/actualidad\\\/#listItem\",\"name\":\"Actualidad\"}}]},{\"@type\":\"Organization\",\"@id\":\"https:\\\/\\\/www.eldigitaldeasturias.com\\\/noticias\\\/#organization\",\"name\":\"El Digital de Asturias\",\"description\":\"Hemeroteca\",\"url\":\"https:\\\/\\\/www.eldigitaldeasturias.com\\\/noticias\\\/\",\"email\":\"info@eldigitaldeasturias.com\",\"telephone\":\"+34652131393\",\"logo\":{\"@type\":\"ImageObject\",\"url\":\"https:\\\/\\\/www.eldigitaldeasturias.com\\\/noticias\\\/wp-content\\\/uploads\\\/2020\\\/12\\\/EDA.jpg\",\"@id\":\"https:\\\/\\\/www.eldigitaldeasturias.com\\\/noticias\\\/gallardon-asegura-que-se-han-alejado-los-fantasmas-de-la-division-en-el-pp\\\/#organizationLogo\"},\"image\":{\"@id\":\"https:\\\/\\\/www.eldigitaldeasturias.com\\\/noticias\\\/gallardon-asegura-que-se-han-alejado-los-fantasmas-de-la-division-en-el-pp\\\/#organizationLogo\"},\"sameAs\":[\"https:\\\/\\\/facebook.com\\\/eldigitaldeasturias\",\"https:\\\/\\\/www.youtube.com\\\/channel\\\/UCZP-2wLEB9Rv6erhFmqVnvg\"],\"address\":{\"@id\":\"https:\\\/\\\/www.eldigitaldeasturias.com\\\/noticias\\\/#postaladdress\",\"@type\":\"PostalAddress\",\"streetAddress\":\"san antonio 4\",\"postalCode\":\"33430\",\"addressLocality\":\"Cand\\u00e1s\",\"addressRegion\":\"Asturias\",\"addressCountry\":\"ES\"}},{\"@type\":\"Person\",\"@id\":\"https:\\\/\\\/www.eldigitaldeasturias.com\\\/noticias\\\/author\\\/admin\\\/#author\",\"url\":\"https:\\\/\\\/www.eldigitaldeasturias.com\\\/noticias\\\/author\\\/admin\\\/\",\"name\":\"El Digital de Asturias\",\"image\":{\"@type\":\"ImageObject\",\"@id\":\"https:\\\/\\\/www.eldigitaldeasturias.com\\\/noticias\\\/gallardon-asegura-que-se-han-alejado-los-fantasmas-de-la-division-en-el-pp\\\/#authorImage\",\"url\":\"https:\\\/\\\/secure.gravatar.com\\\/avatar\\\/df2aeffc32bcd13f8d26072ef8a91b623d677766deac7f97ca815868cd41bf5e?s=96&d=mm&r=g\",\"width\":96,\"height\":96,\"caption\":\"El Digital de Asturias\"}},{\"@type\":\"WebPage\",\"@id\":\"https:\\\/\\\/www.eldigitaldeasturias.com\\\/noticias\\\/gallardon-asegura-que-se-han-alejado-los-fantasmas-de-la-division-en-el-pp\\\/#webpage\",\"url\":\"https:\\\/\\\/www.eldigitaldeasturias.com\\\/noticias\\\/gallardon-asegura-que-se-han-alejado-los-fantasmas-de-la-division-en-el-pp\\\/\",\"name\":\"Gallard\\u00f3n asegura que se han alejado los fantasmas de la divisi\\u00f3n en el PP - El Digital de Asturias\",\"description\":\"Madrid, 3 feb (EFE).- El ministro de Justicia, Alberto Ruiz-Gallard\\u00f3n, ha asegurado hoy que en la Convenci\\u00f3n Nacional del PP se han alejado los fantasmas de la divisi\\u00f3n en el partido que, en su opini\\u00f3n, se ha mostrado unido, cerca de las v\\u00edctimas del terrorismo y agradecido al exjefe del Ejecutivo Jos\\u00e9 Mar\\u00eda Aznar. Ruiz-Gallard\\u00f3n\",\"inLanguage\":\"es-ES\",\"isPartOf\":{\"@id\":\"https:\\\/\\\/www.eldigitaldeasturias.com\\\/noticias\\\/#website\"},\"breadcrumb\":{\"@id\":\"https:\\\/\\\/www.eldigitaldeasturias.com\\\/noticias\\\/gallardon-asegura-que-se-han-alejado-los-fantasmas-de-la-division-en-el-pp\\\/#breadcrumblist\"},\"author\":{\"@id\":\"https:\\\/\\\/www.eldigitaldeasturias.com\\\/noticias\\\/author\\\/admin\\\/#author\"},\"creator\":{\"@id\":\"https:\\\/\\\/www.eldigitaldeasturias.com\\\/noticias\\\/author\\\/admin\\\/#author\"},\"image\":{\"@type\":\"ImageObject\",\"url\":482751,\"@id\":\"https:\\\/\\\/www.eldigitaldeasturias.com\\\/noticias\\\/gallardon-asegura-que-se-han-alejado-los-fantasmas-de-la-division-en-el-pp\\\/#mainImage\"},\"primaryImageOfPage\":{\"@id\":\"https:\\\/\\\/www.eldigitaldeasturias.com\\\/noticias\\\/gallardon-asegura-que-se-han-alejado-los-fantasmas-de-la-division-en-el-pp\\\/#mainImage\"},\"datePublished\":\"2014-02-03T18:40:02+01:00\",\"dateModified\":\"2014-02-03T18:40:02+01:00\"},{\"@type\":\"WebSite\",\"@id\":\"https:\\\/\\\/www.eldigitaldeasturias.com\\\/noticias\\\/#website\",\"url\":\"https:\\\/\\\/www.eldigitaldeasturias.com\\\/noticias\\\/\",\"name\":\"El Digital de Asturias - Diario de actualidad y noticias\",\"alternateName\":\"El Digital de Asturias - Diario de actualidad y noticias\",\"description\":\"Hemeroteca\",\"inLanguage\":\"es-ES\",\"publisher\":{\"@id\":\"https:\\\/\\\/www.eldigitaldeasturias.com\\\/noticias\\\/#organization\"}}]}\n\t\t<\/script>\n\t\t<!-- All in One SEO Pro -->\r\n\t\t<title>Gallard\u00f3n asegura que se han alejado los fantasmas de la divisi\u00f3n en el PP - El Digital de Asturias<\/title>\n\n","aioseo_head_json":{"title":"Gallard\u00f3n asegura que se han alejado los fantasmas de la divisi\u00f3n en el PP - El Digital de Asturias","description":"Madrid, 3 feb (EFE).- El ministro de Justicia, Alberto Ruiz-Gallard\u00f3n, ha asegurado hoy que en la Convenci\u00f3n Nacional del PP se han alejado los fantasmas de la divisi\u00f3n en el partido que, en su opini\u00f3n, se ha mostrado unido, cerca de las v\u00edctimas del terrorismo y agradecido al exjefe del Ejecutivo Jos\u00e9 Mar\u00eda Aznar. Ruiz-Gallard\u00f3n","canonical_url":"https:\/\/www.eldigitaldeasturias.com\/noticias\/gallardon-asegura-que-se-han-alejado-los-fantasmas-de-la-division-en-el-pp\/","robots":"max-image-preview:large","keywords":"actualidad","webmasterTools":{"google-site-verification":"UA-38556648-1","msvalidate.01":"7dfe9f3f1b24437ab69f4f2559babe99","miscellaneous":""},"schema":{"@context":"https:\/\/schema.org","@graph":[{"@type":"BlogPosting","@id":"https:\/\/www.eldigitaldeasturias.com\/noticias\/gallardon-asegura-que-se-han-alejado-los-fantasmas-de-la-division-en-el-pp\/#blogposting","name":"Gallard\u00f3n asegura que se han alejado los fantasmas de la divisi\u00f3n en el PP - El Digital de Asturias","headline":"Gallard\u00f3n asegura que se han alejado los fantasmas de la divisi\u00f3n en el PP","author":{"@id":"https:\/\/www.eldigitaldeasturias.com\/noticias\/author\/admin\/#author"},"publisher":{"@id":"https:\/\/www.eldigitaldeasturias.com\/noticias\/#organization"},"image":{"@type":"ImageObject","url":482751},"datePublished":"2014-02-03T18:40:02+01:00","dateModified":"2014-02-03T18:40:02+01:00","inLanguage":"es-ES","mainEntityOfPage":{"@id":"https:\/\/www.eldigitaldeasturias.com\/noticias\/gallardon-asegura-que-se-han-alejado-los-fantasmas-de-la-division-en-el-pp\/#webpage"},"isPartOf":{"@id":"https:\/\/www.eldigitaldeasturias.com\/noticias\/gallardon-asegura-que-se-han-alejado-los-fantasmas-de-la-division-en-el-pp\/#webpage"},"articleSection":"Actualidad"},{"@type":"BreadcrumbList","@id":"https:\/\/www.eldigitaldeasturias.com\/noticias\/gallardon-asegura-que-se-han-alejado-los-fantasmas-de-la-division-en-el-pp\/#breadcrumblist","itemListElement":[{"@type":"ListItem","@id":"https:\/\/www.eldigitaldeasturias.com\/noticias#listItem","position":1,"name":"Home","item":"https:\/\/www.eldigitaldeasturias.com\/noticias","nextItem":{"@type":"ListItem","@id":"https:\/\/www.eldigitaldeasturias.com\/noticias\/category\/actualidad\/#listItem","name":"Actualidad"}},{"@type":"ListItem","@id":"https:\/\/www.eldigitaldeasturias.com\/noticias\/category\/actualidad\/#listItem","position":2,"name":"Actualidad","item":"https:\/\/www.eldigitaldeasturias.com\/noticias\/category\/actualidad\/","nextItem":{"@type":"ListItem","@id":"https:\/\/www.eldigitaldeasturias.com\/noticias\/gallardon-asegura-que-se-han-alejado-los-fantasmas-de-la-division-en-el-pp\/#listItem","name":"Gallard\u00f3n asegura que se han alejado los fantasmas de la divisi\u00f3n en el PP"},"previousItem":{"@type":"ListItem","@id":"https:\/\/www.eldigitaldeasturias.com\/noticias#listItem","name":"Home"}},{"@type":"ListItem","@id":"https:\/\/www.eldigitaldeasturias.com\/noticias\/gallardon-asegura-que-se-han-alejado-los-fantasmas-de-la-division-en-el-pp\/#listItem","position":3,"name":"Gallard\u00f3n asegura que se han alejado los fantasmas de la divisi\u00f3n en el PP","previousItem":{"@type":"ListItem","@id":"https:\/\/www.eldigitaldeasturias.com\/noticias\/category\/actualidad\/#listItem","name":"Actualidad"}}]},{"@type":"Organization","@id":"https:\/\/www.eldigitaldeasturias.com\/noticias\/#organization","name":"El Digital de Asturias","description":"Hemeroteca","url":"https:\/\/www.eldigitaldeasturias.com\/noticias\/","email":"info@eldigitaldeasturias.com","telephone":"+34652131393","logo":{"@type":"ImageObject","url":"https:\/\/www.eldigitaldeasturias.com\/noticias\/wp-content\/uploads\/2020\/12\/EDA.jpg","@id":"https:\/\/www.eldigitaldeasturias.com\/noticias\/gallardon-asegura-que-se-han-alejado-los-fantasmas-de-la-division-en-el-pp\/#organizationLogo"},"image":{"@id":"https:\/\/www.eldigitaldeasturias.com\/noticias\/gallardon-asegura-que-se-han-alejado-los-fantasmas-de-la-division-en-el-pp\/#organizationLogo"},"sameAs":["https:\/\/facebook.com\/eldigitaldeasturias","https:\/\/www.youtube.com\/channel\/UCZP-2wLEB9Rv6erhFmqVnvg"],"address":{"@id":"https:\/\/www.eldigitaldeasturias.com\/noticias\/#postaladdress","@type":"PostalAddress","streetAddress":"san antonio 4","postalCode":"33430","addressLocality":"Cand\u00e1s","addressRegion":"Asturias","addressCountry":"ES"}},{"@type":"Person","@id":"https:\/\/www.eldigitaldeasturias.com\/noticias\/author\/admin\/#author","url":"https:\/\/www.eldigitaldeasturias.com\/noticias\/author\/admin\/","name":"El Digital de Asturias","image":{"@type":"ImageObject","@id":"https:\/\/www.eldigitaldeasturias.com\/noticias\/gallardon-asegura-que-se-han-alejado-los-fantasmas-de-la-division-en-el-pp\/#authorImage","url":"https:\/\/secure.gravatar.com\/avatar\/df2aeffc32bcd13f8d26072ef8a91b623d677766deac7f97ca815868cd41bf5e?s=96&d=mm&r=g","width":96,"height":96,"caption":"El Digital de Asturias"}},{"@type":"WebPage","@id":"https:\/\/www.eldigitaldeasturias.com\/noticias\/gallardon-asegura-que-se-han-alejado-los-fantasmas-de-la-division-en-el-pp\/#webpage","url":"https:\/\/www.eldigitaldeasturias.com\/noticias\/gallardon-asegura-que-se-han-alejado-los-fantasmas-de-la-division-en-el-pp\/","name":"Gallard\u00f3n asegura que se han alejado los fantasmas de la divisi\u00f3n en el PP - El Digital de Asturias","description":"Madrid, 3 feb (EFE).- El ministro de Justicia, Alberto Ruiz-Gallard\u00f3n, ha asegurado hoy que en la Convenci\u00f3n Nacional del PP se han alejado los fantasmas de la divisi\u00f3n en el partido que, en su opini\u00f3n, se ha mostrado unido, cerca de las v\u00edctimas del terrorismo y agradecido al exjefe del Ejecutivo Jos\u00e9 Mar\u00eda Aznar. Ruiz-Gallard\u00f3n","inLanguage":"es-ES","isPartOf":{"@id":"https:\/\/www.eldigitaldeasturias.com\/noticias\/#website"},"breadcrumb":{"@id":"https:\/\/www.eldigitaldeasturias.com\/noticias\/gallardon-asegura-que-se-han-alejado-los-fantasmas-de-la-division-en-el-pp\/#breadcrumblist"},"author":{"@id":"https:\/\/www.eldigitaldeasturias.com\/noticias\/author\/admin\/#author"},"creator":{"@id":"https:\/\/www.eldigitaldeasturias.com\/noticias\/author\/admin\/#author"},"image":{"@type":"ImageObject","url":482751,"@id":"https:\/\/www.eldigitaldeasturias.com\/noticias\/gallardon-asegura-que-se-han-alejado-los-fantasmas-de-la-division-en-el-pp\/#mainImage"},"primaryImageOfPage":{"@id":"https:\/\/www.eldigitaldeasturias.com\/noticias\/gallardon-asegura-que-se-han-alejado-los-fantasmas-de-la-division-en-el-pp\/#mainImage"},"datePublished":"2014-02-03T18:40:02+01:00","dateModified":"2014-02-03T18:40:02+01:00"},{"@type":"WebSite","@id":"https:\/\/www.eldigitaldeasturias.com\/noticias\/#website","url":"https:\/\/www.eldigitaldeasturias.com\/noticias\/","name":"El Digital de Asturias - Diario de actualidad y noticias","alternateName":"El Digital de Asturias - Diario de actualidad y noticias","description":"Hemeroteca","inLanguage":"es-ES","publisher":{"@id":"https:\/\/www.eldigitaldeasturias.com\/noticias\/#organization"}}]},"og:locale":"es_ES","og:site_name":"El Digital de Asturias","og:type":"article","og:title":"Gallard\u00f3n asegura que se han alejado los fantasmas de la divisi\u00f3n en el PP - El Digital de Asturias","og:description":"Madrid, 3 feb (EFE).- El ministro de Justicia, Alberto Ruiz-Gallard\u00f3n, ha asegurado hoy que en la Convenci\u00f3n Nacional del PP se han alejado los fantasmas de la divisi\u00f3n en el partido que, en su opini\u00f3n, se ha mostrado unido, cerca de las v\u00edctimas del terrorismo y agradecido al exjefe del Ejecutivo Jos\u00e9 Mar\u00eda Aznar. Ruiz-Gallard\u00f3n","og:url":"https:\/\/www.eldigitaldeasturias.com\/noticias\/gallardon-asegura-que-se-han-alejado-los-fantasmas-de-la-division-en-el-pp\/","article:tag":["actualidad"],"article:published_time":"2014-02-03T19:40:02+00:00","article:modified_time":"2014-02-03T19:40:02+00:00","article:publisher":"https:\/\/facebook.com\/eldigitaldeasturias","twitter:card":"summary_large_image","twitter:title":"Gallard\u00f3n asegura que se han alejado los fantasmas de la divisi\u00f3n en el PP - El Digital de Asturias","twitter:description":"Madrid, 3 feb (EFE).- El ministro de Justicia, Alberto Ruiz-Gallard\u00f3n, ha asegurado hoy que en la Convenci\u00f3n Nacional del PP se han alejado los fantasmas de la divisi\u00f3n en el partido que, en su opini\u00f3n, se ha mostrado unido, cerca de las v\u00edctimas del terrorismo y agradecido al exjefe del Ejecutivo Jos\u00e9 Mar\u00eda Aznar. Ruiz-Gallard\u00f3n","twitter:label1":"Escrito por","twitter:data1":"El Digital de Asturias","twitter:label2":"Tiempo de lectura estimado","twitter:data2":"2 minutos"},"aioseo_meta_data":{"post_id":"482750","title":null,"description":null,"keywords":null,"keyphrases":null,"primary_term":null,"canonical_url":null,"og_title":null,"og_description":null,"og_object_type":"default","og_image_type":"default","og_image_url":null,"og_image_width":null,"og_image_height":null,"og_image_custom_url":null,"og_image_custom_fields":null,"og_video":null,"og_custom_url":null,"og_article_section":null,"og_article_tags":null,"twitter_use_og":true,"twitter_card":"default","twitter_image_type":"default","twitter_image_url":null,"twitter_image_custom_url":null,"twitter_image_custom_fields":null,"twitter_title":null,"twitter_description":null,"schema":{"blockGraphs":[],"customGraphs":[],"default":{"data":{"Article":[],"Course":[],"Dataset":[],"FAQPage":[],"Movie":[],"Person":[],"Product":[],"ProductReview":[],"Car":[],"Recipe":[],"Service":[],"SoftwareApplication":[],"WebPage":[]},"graphName":"","isEnabled":true},"graphs":[],"defaultGraph":"","defaultPostTypeGraph":""},"schema_type":null,"schema_type_options":null,"pillar_content":false,"robots_default":true,"robots_noindex":false,"robots_noarchive":false,"robots_nosnippet":false,"robots_nofollow":false,"robots_noimageindex":false,"robots_noodp":false,"robots_notranslate":false,"robots_max_snippet":null,"robots_max_videopreview":null,"robots_max_imagepreview":"none","priority":null,"frequency":null,"local_seo":null,"seo_analyzer_scan_date":"2026-06-02 10:46:57","breadcrumb_settings":null,"limit_modified_date":false,"open_ai":null,"ai":null,"created":"2020-11-14 22:54:39","updated":"2026-06-02 10:46:57","focus_keyword":null,"additional_keywords":null,"truseo_locale":null},"aioseo_breadcrumb":"<div class=\"aioseo-breadcrumbs\"><span class=\"aioseo-breadcrumb\">\n\t<a href=\"https:\/\/www.eldigitaldeasturias.com\/noticias\" title=\"Home\">Home<\/a>\n<\/span><span class=\"aioseo-breadcrumb-separator\">\u2013<\/span><span class=\"aioseo-breadcrumb\">\n\t<a href=\"https:\/\/www.eldigitaldeasturias.com\/noticias\/category\/actualidad\/\" title=\"Actualidad\">Actualidad<\/a>\n<\/span><span class=\"aioseo-breadcrumb-separator\">\u2013<\/span><span class=\"aioseo-breadcrumb\">\n\t<a href=\"https:\/\/www.eldigitaldeasturias.com\/noticias\/gallardon-asegura-que-se-han-alejado-los-fantasmas-de-la-division-en-el-pp\/\" title=\"Gallard\u00f3n asegura que se han alejado los fantasmas de la divisi\u00f3n en el PP\">Gallard\u00f3n asegura que se han alejado los fantasmas de la divisi\u00f3n en el PP<\/a>\n<\/span><\/div>","aioseo_breadcrumb_json":[{"label":"Home","link":"https:\/\/www.eldigitaldeasturias.com\/noticias"},{"label":"Actualidad","link":"https:\/\/www.eldigitaldeasturias.com\/noticias\/category\/actualidad\/"},{"label":"Gallard\u00f3n asegura que se han alejado los fantasmas de la divisi\u00f3n en el PP","link":"https:\/\/www.eldigitaldeasturias.com\/noticias\/gallardon-asegura-que-se-han-alejado-los-fantasmas-de-la-division-en-el-pp\/"}],"_links":{"self":[{"href":"https:\/\/www.eldigitaldeasturias.com\/noticias\/wp-json\/wp\/v2\/posts\/482750","targetHints":{"allow":["GET"]}}],"collection":[{"href":"https:\/\/www.eldigitaldeasturias.com\/noticias\/wp-json\/wp\/v2\/posts"}],"about":[{"href":"https:\/\/www.eldigitaldeasturias.com\/noticias\/wp-json\/wp\/v2\/types\/post"}],"author":[{"embeddable":true,"href":"https:\/\/www.eldigitaldeasturias.com\/noticias\/wp-json\/wp\/v2\/users\/1"}],"replies":[{"embeddable":true,"href":"https:\/\/www.eldigitaldeasturias.com\/noticias\/wp-json\/wp\/v2\/comments?post=482750"}],"version-history":[{"count":0,"href":"https:\/\/www.eldigitaldeasturias.com\/noticias\/wp-json\/wp\/v2\/posts\/482750\/revisions"}],"wp:attachment":[{"href":"https:\/\/www.eldigitaldeasturias.com\/noticias\/wp-json\/wp\/v2\/media?parent=482750"}],"wp:term":[{"taxonomy":"category","embeddable":true,"href":"https:\/\/www.eldigitaldeasturias.com\/noticias\/wp-json\/wp\/v2\/categories?post=482750"},{"taxonomy":"post_tag","embeddable":true,"href":"https:\/\/www.eldigitaldeasturias.com\/noticias\/wp-json\/wp\/v2\/tags?post=482750"}],"curies":[{"name":"wp","href":"https:\/\/api.w.org\/{rel}","templated":true}]}}