{"id":482747,"date":"2014-02-03T18:38:49","date_gmt":"2014-02-03T19:38:49","guid":{"rendered":"http:\/\/www.eldigitaldeasturias.com\/noticias\/?p=482747"},"modified":"2014-02-03T18:38:49","modified_gmt":"2014-02-03T19:38:49","slug":"la-junta-de-andalucia-cree-que-no-habra-prorroga-en-el-proceso-de-unicaja-ceiss","status":"publish","type":"post","link":"https:\/\/www.eldigitaldeasturias.com\/noticias\/la-junta-de-andalucia-cree-que-no-habra-prorroga-en-el-proceso-de-unicaja-ceiss\/","title":{"rendered":"La Junta de Andaluc\u00eda cree que \u00abno habr\u00e1 pr\u00f3rroga\u00bb en el proceso de Unicaja-Ceiss"},"content":{"rendered":"<p><img loading=\"lazy\" decoding=\"async\" class=\"alignleft size-medium wp-image-482748\" alt=\"5903533w\" src=\"https:\/\/www.eldigitaldeasturias.com\/noticias\/wp-content\/uploads\/2014\/02\/5903533w-360x227.jpg\" width=\"360\" height=\"227\" \/>M\u00e1laga, 3 feb (EFE).- El consejero andaluz de Econom\u00eda, Jos\u00e9 S\u00e1nchez Maldonado, ha afirmado hoy sobre el proceso de absorci\u00f3n de Ceiss por parte de Unicaja que est\u00e1 \u00abcasi convencido de que a estas alturas del partido no habr\u00e1 pr\u00f3rroga\u00bb.<\/p>\n<p>S\u00e1nchez Maldonado, que ha asistido hoy a la presentaci\u00f3n del consejo ejecutivo provincial de la Asociaci\u00f3n Espa\u00f1ola contra el C\u00e1ncer en M\u00e1laga, ha manifestado a los periodistas que no da por cerrada la operaci\u00f3n porque carece de informaci\u00f3n para ello, pero ha opinado que \u00abacabar\u00e1 el partido en el minuto 90\u00bb.<\/p>\n<p>En este sentido ha se\u00f1alado que al proceso \u00abya le queda un trecho muy peque\u00f1o\u00bb y una vez que concluya \u00ablos andaluces -ha apostillado- estaremos contentos de que al menos una de nuestras cajas ha mantenido su car\u00e1cter andaluz\u00bb.<\/p>\n<p>Adem\u00e1s, ha resaltado que la entidad resultante vaya a mantener su sede en M\u00e1laga, ciudad que \u00abes nombrada por todo el mundo como la capital econ\u00f3mica de Andaluc\u00eda\u00bb.<\/p>\n<p>Por ello, ha felicitado al presidente de Unicaja, Braulio Medel, y a los empleados de la entidad porque de esta manera se va a \u00abconsolidar una instituci\u00f3n que es muy necesaria para el desarrollo econ\u00f3mico\u00bb de la regi\u00f3n.<\/p>\n<p>La Comisi\u00f3n Nacional del Mercado de Valores (CNMV) aprob\u00f3 hace unos d\u00edas un suplemento al folleto de emisi\u00f3n de acciones, bonos necesaria y contingentemente convertibles y bonos perpetuos contingentemente convertibles de Unicaja Banco en su proceso para absorber Banco Ceiss.<\/p>\n<p>Seg\u00fan inform\u00f3 un portavoz del Frob, el fondo de rescate espa\u00f1ol, la Comisi\u00f3n Europea ha trasladado ya que acepta que Espa\u00f1a ponga hasta 241 millones de euros m\u00e1s para que la fusi\u00f3n de Unicaja y el Banco Ceiss culmine despu\u00e9s de m\u00e1s de tres a\u00f1os de negociaci\u00f3n.<\/p>\n","protected":false},"excerpt":{"rendered":"<p>M\u00e1laga, 3 feb (EFE).- El consejero andaluz de Econom\u00eda, Jos\u00e9 S\u00e1nchez Maldonado, ha afirmado hoy sobre el proceso de absorci\u00f3n de Ceiss por parte de Unicaja que est\u00e1 \u00abcasi convencido de que a estas alturas del partido no habr\u00e1 pr\u00f3rroga\u00bb. S\u00e1nchez Maldonado, que ha asistido hoy a la presentaci\u00f3n del consejo ejecutivo provincial de la [&hellip;]<\/p>\n","protected":false},"author":1,"featured_media":482748,"comment_status":"closed","ping_status":"open","sticky":false,"template":"","format":"standard","meta":{"footnotes":""},"categories":[1],"tags":[],"class_list":["post-482747","post","type-post","status-publish","format-standard","has-post-thumbnail","hentry","category-actualidad"],"aioseo_notices":[],"aioseo_head":"\n\t\t<!-- All in One SEO Pro 5.0.1 - aioseo.com -->\n\t<meta name=\"description\" content=\"M\u00e1laga, 3 feb (EFE).- El consejero andaluz de Econom\u00eda, Jos\u00e9 S\u00e1nchez Maldonado, ha afirmado hoy sobre el proceso de absorci\u00f3n de Ceiss por parte de Unicaja que est\u00e1 &quot;casi convencido de que a estas alturas del partido no habr\u00e1 pr\u00f3rroga&quot;. S\u00e1nchez Maldonado, que ha asistido hoy a la presentaci\u00f3n del consejo ejecutivo provincial de la\" \/>\n\t<meta name=\"robots\" content=\"max-image-preview:large\" \/>\n\t<meta name=\"author\" content=\"El Digital de Asturias\"\/>\n\t<meta name=\"google-site-verification\" content=\"UA-38556648-1\" \/>\n\t<meta name=\"msvalidate.01\" content=\"7dfe9f3f1b24437ab69f4f2559babe99\" \/>\n\t<meta name=\"keywords\" content=\"actualidad\" \/>\n\t<link rel=\"canonical\" href=\"https:\/\/www.eldigitaldeasturias.com\/noticias\/la-junta-de-andalucia-cree-que-no-habra-prorroga-en-el-proceso-de-unicaja-ceiss\/\" \/>\n\t<meta name=\"generator\" content=\"All in One SEO Pro (AIOSEO) 5.0.1\" \/>\n\t\t<meta property=\"og:locale\" content=\"es_ES\" \/>\n\t\t<meta property=\"og:site_name\" content=\"El Digital de Asturias\" \/>\n\t\t<meta property=\"og:type\" content=\"article\" \/>\n\t\t<meta property=\"og:title\" content=\"La Junta de Andaluc\u00eda cree que \u00abno habr\u00e1 pr\u00f3rroga\u00bb en el proceso de Unicaja-Ceiss - El Digital de Asturias\" \/>\n\t\t<meta property=\"og:description\" content=\"M\u00e1laga, 3 feb (EFE).- El consejero andaluz de Econom\u00eda, Jos\u00e9 S\u00e1nchez Maldonado, ha afirmado hoy sobre el proceso de absorci\u00f3n de Ceiss por parte de Unicaja que est\u00e1 &quot;casi convencido de que a estas alturas del partido no habr\u00e1 pr\u00f3rroga&quot;. S\u00e1nchez Maldonado, que ha asistido hoy a la presentaci\u00f3n del consejo ejecutivo provincial de la\" \/>\n\t\t<meta property=\"og:url\" content=\"https:\/\/www.eldigitaldeasturias.com\/noticias\/la-junta-de-andalucia-cree-que-no-habra-prorroga-en-el-proceso-de-unicaja-ceiss\/\" \/>\n\t\t<meta property=\"article:tag\" content=\"actualidad\" \/>\n\t\t<meta property=\"article:published_time\" content=\"2014-02-03T19:38:49+00:00\" \/>\n\t\t<meta property=\"article:modified_time\" content=\"2014-02-03T19:38:49+00:00\" \/>\n\t\t<meta property=\"article:publisher\" content=\"https:\/\/facebook.com\/eldigitaldeasturias\" \/>\n\t\t<meta name=\"twitter:card\" content=\"summary_large_image\" \/>\n\t\t<meta name=\"twitter:title\" content=\"La Junta de Andaluc\u00eda cree que \u00abno habr\u00e1 pr\u00f3rroga\u00bb en el proceso de Unicaja-Ceiss - El Digital de Asturias\" \/>\n\t\t<meta name=\"twitter:description\" content=\"M\u00e1laga, 3 feb (EFE).- El consejero andaluz de Econom\u00eda, Jos\u00e9 S\u00e1nchez Maldonado, ha afirmado hoy sobre el proceso de absorci\u00f3n de Ceiss por parte de Unicaja que est\u00e1 &quot;casi convencido de que a estas alturas del partido no habr\u00e1 pr\u00f3rroga&quot;. S\u00e1nchez Maldonado, que ha asistido hoy a la presentaci\u00f3n del consejo ejecutivo provincial de la\" \/>\n\t\t<meta name=\"twitter:label1\" content=\"Escrito por\" \/>\n\t\t<meta name=\"twitter:data1\" content=\"El Digital de Asturias\" \/>\n\t\t<meta name=\"twitter:label2\" content=\"Tiempo de lectura estimado\" \/>\n\t\t<meta name=\"twitter:data2\" content=\"2 minutos\" \/>\n\t\t<script type=\"application\/ld+json\" class=\"aioseo-schema\">\n\t\t\t{\"@context\":\"https:\\\/\\\/schema.org\",\"@graph\":[{\"@type\":\"BlogPosting\",\"@id\":\"https:\\\/\\\/www.eldigitaldeasturias.com\\\/noticias\\\/la-junta-de-andalucia-cree-que-no-habra-prorroga-en-el-proceso-de-unicaja-ceiss\\\/#blogposting\",\"name\":\"La Junta de Andaluc\\u00eda cree que \\u00abno habr\\u00e1 pr\\u00f3rroga\\u00bb en el proceso de Unicaja-Ceiss - El Digital de Asturias\",\"headline\":\"La Junta de Andaluc\\u00eda cree que \\u00abno habr\\u00e1 pr\\u00f3rroga\\u00bb en el proceso de Unicaja-Ceiss\",\"author\":{\"@id\":\"https:\\\/\\\/www.eldigitaldeasturias.com\\\/noticias\\\/author\\\/admin\\\/#author\"},\"publisher\":{\"@id\":\"https:\\\/\\\/www.eldigitaldeasturias.com\\\/noticias\\\/#organization\"},\"image\":{\"@type\":\"ImageObject\",\"url\":482748},\"datePublished\":\"2014-02-03T18:38:49+01:00\",\"dateModified\":\"2014-02-03T18:38:49+01:00\",\"inLanguage\":\"es-ES\",\"mainEntityOfPage\":{\"@id\":\"https:\\\/\\\/www.eldigitaldeasturias.com\\\/noticias\\\/la-junta-de-andalucia-cree-que-no-habra-prorroga-en-el-proceso-de-unicaja-ceiss\\\/#webpage\"},\"isPartOf\":{\"@id\":\"https:\\\/\\\/www.eldigitaldeasturias.com\\\/noticias\\\/la-junta-de-andalucia-cree-que-no-habra-prorroga-en-el-proceso-de-unicaja-ceiss\\\/#webpage\"},\"articleSection\":\"Actualidad\"},{\"@type\":\"BreadcrumbList\",\"@id\":\"https:\\\/\\\/www.eldigitaldeasturias.com\\\/noticias\\\/la-junta-de-andalucia-cree-que-no-habra-prorroga-en-el-proceso-de-unicaja-ceiss\\\/#breadcrumblist\",\"itemListElement\":[{\"@type\":\"ListItem\",\"@id\":\"https:\\\/\\\/www.eldigitaldeasturias.com\\\/noticias#listItem\",\"position\":1,\"name\":\"Home\",\"item\":\"https:\\\/\\\/www.eldigitaldeasturias.com\\\/noticias\",\"nextItem\":{\"@type\":\"ListItem\",\"@id\":\"https:\\\/\\\/www.eldigitaldeasturias.com\\\/noticias\\\/category\\\/actualidad\\\/#listItem\",\"name\":\"Actualidad\"}},{\"@type\":\"ListItem\",\"@id\":\"https:\\\/\\\/www.eldigitaldeasturias.com\\\/noticias\\\/category\\\/actualidad\\\/#listItem\",\"position\":2,\"name\":\"Actualidad\",\"item\":\"https:\\\/\\\/www.eldigitaldeasturias.com\\\/noticias\\\/category\\\/actualidad\\\/\",\"nextItem\":{\"@type\":\"ListItem\",\"@id\":\"https:\\\/\\\/www.eldigitaldeasturias.com\\\/noticias\\\/la-junta-de-andalucia-cree-que-no-habra-prorroga-en-el-proceso-de-unicaja-ceiss\\\/#listItem\",\"name\":\"La Junta de Andaluc\\u00eda cree que \\u00abno habr\\u00e1 pr\\u00f3rroga\\u00bb en el proceso de Unicaja-Ceiss\"},\"previousItem\":{\"@type\":\"ListItem\",\"@id\":\"https:\\\/\\\/www.eldigitaldeasturias.com\\\/noticias#listItem\",\"name\":\"Home\"}},{\"@type\":\"ListItem\",\"@id\":\"https:\\\/\\\/www.eldigitaldeasturias.com\\\/noticias\\\/la-junta-de-andalucia-cree-que-no-habra-prorroga-en-el-proceso-de-unicaja-ceiss\\\/#listItem\",\"position\":3,\"name\":\"La Junta de Andaluc\\u00eda cree que \\u00abno habr\\u00e1 pr\\u00f3rroga\\u00bb en el proceso de Unicaja-Ceiss\",\"previousItem\":{\"@type\":\"ListItem\",\"@id\":\"https:\\\/\\\/www.eldigitaldeasturias.com\\\/noticias\\\/category\\\/actualidad\\\/#listItem\",\"name\":\"Actualidad\"}}]},{\"@type\":\"Organization\",\"@id\":\"https:\\\/\\\/www.eldigitaldeasturias.com\\\/noticias\\\/#organization\",\"name\":\"El Digital de Asturias\",\"description\":\"Hemeroteca\",\"url\":\"https:\\\/\\\/www.eldigitaldeasturias.com\\\/noticias\\\/\",\"email\":\"info@eldigitaldeasturias.com\",\"telephone\":\"+34652131393\",\"logo\":{\"@type\":\"ImageObject\",\"url\":\"https:\\\/\\\/www.eldigitaldeasturias.com\\\/noticias\\\/wp-content\\\/uploads\\\/2020\\\/12\\\/EDA.jpg\",\"@id\":\"https:\\\/\\\/www.eldigitaldeasturias.com\\\/noticias\\\/la-junta-de-andalucia-cree-que-no-habra-prorroga-en-el-proceso-de-unicaja-ceiss\\\/#organizationLogo\"},\"image\":{\"@id\":\"https:\\\/\\\/www.eldigitaldeasturias.com\\\/noticias\\\/la-junta-de-andalucia-cree-que-no-habra-prorroga-en-el-proceso-de-unicaja-ceiss\\\/#organizationLogo\"},\"sameAs\":[\"https:\\\/\\\/facebook.com\\\/eldigitaldeasturias\",\"https:\\\/\\\/www.youtube.com\\\/channel\\\/UCZP-2wLEB9Rv6erhFmqVnvg\"],\"address\":{\"@id\":\"https:\\\/\\\/www.eldigitaldeasturias.com\\\/noticias\\\/#postaladdress\",\"@type\":\"PostalAddress\",\"streetAddress\":\"san antonio 4\",\"postalCode\":\"33430\",\"addressLocality\":\"Cand\\u00e1s\",\"addressRegion\":\"Asturias\",\"addressCountry\":\"ES\"}},{\"@type\":\"Person\",\"@id\":\"https:\\\/\\\/www.eldigitaldeasturias.com\\\/noticias\\\/author\\\/admin\\\/#author\",\"url\":\"https:\\\/\\\/www.eldigitaldeasturias.com\\\/noticias\\\/author\\\/admin\\\/\",\"name\":\"El Digital de Asturias\",\"image\":{\"@type\":\"ImageObject\",\"@id\":\"https:\\\/\\\/www.eldigitaldeasturias.com\\\/noticias\\\/la-junta-de-andalucia-cree-que-no-habra-prorroga-en-el-proceso-de-unicaja-ceiss\\\/#authorImage\",\"url\":\"https:\\\/\\\/secure.gravatar.com\\\/avatar\\\/df2aeffc32bcd13f8d26072ef8a91b623d677766deac7f97ca815868cd41bf5e?s=96&d=mm&r=g\",\"width\":96,\"height\":96,\"caption\":\"El Digital de Asturias\"}},{\"@type\":\"WebPage\",\"@id\":\"https:\\\/\\\/www.eldigitaldeasturias.com\\\/noticias\\\/la-junta-de-andalucia-cree-que-no-habra-prorroga-en-el-proceso-de-unicaja-ceiss\\\/#webpage\",\"url\":\"https:\\\/\\\/www.eldigitaldeasturias.com\\\/noticias\\\/la-junta-de-andalucia-cree-que-no-habra-prorroga-en-el-proceso-de-unicaja-ceiss\\\/\",\"name\":\"La Junta de Andaluc\\u00eda cree que \\u00abno habr\\u00e1 pr\\u00f3rroga\\u00bb en el proceso de Unicaja-Ceiss - El Digital de Asturias\",\"description\":\"M\\u00e1laga, 3 feb (EFE).- El consejero andaluz de Econom\\u00eda, Jos\\u00e9 S\\u00e1nchez Maldonado, ha afirmado hoy sobre el proceso de absorci\\u00f3n de Ceiss por parte de Unicaja que est\\u00e1 \\\"casi convencido de que a estas alturas del partido no habr\\u00e1 pr\\u00f3rroga\\\". S\\u00e1nchez Maldonado, que ha asistido hoy a la presentaci\\u00f3n del consejo ejecutivo provincial de la\",\"inLanguage\":\"es-ES\",\"isPartOf\":{\"@id\":\"https:\\\/\\\/www.eldigitaldeasturias.com\\\/noticias\\\/#website\"},\"breadcrumb\":{\"@id\":\"https:\\\/\\\/www.eldigitaldeasturias.com\\\/noticias\\\/la-junta-de-andalucia-cree-que-no-habra-prorroga-en-el-proceso-de-unicaja-ceiss\\\/#breadcrumblist\"},\"author\":{\"@id\":\"https:\\\/\\\/www.eldigitaldeasturias.com\\\/noticias\\\/author\\\/admin\\\/#author\"},\"creator\":{\"@id\":\"https:\\\/\\\/www.eldigitaldeasturias.com\\\/noticias\\\/author\\\/admin\\\/#author\"},\"image\":{\"@type\":\"ImageObject\",\"url\":482748,\"@id\":\"https:\\\/\\\/www.eldigitaldeasturias.com\\\/noticias\\\/la-junta-de-andalucia-cree-que-no-habra-prorroga-en-el-proceso-de-unicaja-ceiss\\\/#mainImage\"},\"primaryImageOfPage\":{\"@id\":\"https:\\\/\\\/www.eldigitaldeasturias.com\\\/noticias\\\/la-junta-de-andalucia-cree-que-no-habra-prorroga-en-el-proceso-de-unicaja-ceiss\\\/#mainImage\"},\"datePublished\":\"2014-02-03T18:38:49+01:00\",\"dateModified\":\"2014-02-03T18:38:49+01:00\"},{\"@type\":\"WebSite\",\"@id\":\"https:\\\/\\\/www.eldigitaldeasturias.com\\\/noticias\\\/#website\",\"url\":\"https:\\\/\\\/www.eldigitaldeasturias.com\\\/noticias\\\/\",\"name\":\"El Digital de Asturias - Diario de actualidad y noticias\",\"alternateName\":\"El Digital de Asturias - Diario de actualidad y noticias\",\"description\":\"Hemeroteca\",\"inLanguage\":\"es-ES\",\"publisher\":{\"@id\":\"https:\\\/\\\/www.eldigitaldeasturias.com\\\/noticias\\\/#organization\"}}]}\n\t\t<\/script>\n\t\t<!-- All in One SEO Pro -->\r\n\t\t<title>La Junta de Andaluc\u00eda cree que \u00abno habr\u00e1 pr\u00f3rroga\u00bb en el proceso de Unicaja-Ceiss - El Digital de Asturias<\/title>\n\n","aioseo_head_json":{"title":"La Junta de Andaluc\u00eda cree que \u00abno habr\u00e1 pr\u00f3rroga\u00bb en el proceso de Unicaja-Ceiss - El Digital de Asturias","description":"M\u00e1laga, 3 feb (EFE).- El consejero andaluz de Econom\u00eda, Jos\u00e9 S\u00e1nchez Maldonado, ha afirmado hoy sobre el proceso de absorci\u00f3n de Ceiss por parte de Unicaja que est\u00e1 \"casi convencido de que a estas alturas del partido no habr\u00e1 pr\u00f3rroga\". S\u00e1nchez Maldonado, que ha asistido hoy a la presentaci\u00f3n del consejo ejecutivo provincial de la","canonical_url":"https:\/\/www.eldigitaldeasturias.com\/noticias\/la-junta-de-andalucia-cree-que-no-habra-prorroga-en-el-proceso-de-unicaja-ceiss\/","robots":"max-image-preview:large","keywords":"actualidad","webmasterTools":{"google-site-verification":"UA-38556648-1","msvalidate.01":"7dfe9f3f1b24437ab69f4f2559babe99","miscellaneous":""},"schema":{"@context":"https:\/\/schema.org","@graph":[{"@type":"BlogPosting","@id":"https:\/\/www.eldigitaldeasturias.com\/noticias\/la-junta-de-andalucia-cree-que-no-habra-prorroga-en-el-proceso-de-unicaja-ceiss\/#blogposting","name":"La Junta de Andaluc\u00eda cree que \u00abno habr\u00e1 pr\u00f3rroga\u00bb en el proceso de Unicaja-Ceiss - El Digital de Asturias","headline":"La Junta de Andaluc\u00eda cree que \u00abno habr\u00e1 pr\u00f3rroga\u00bb en el proceso de Unicaja-Ceiss","author":{"@id":"https:\/\/www.eldigitaldeasturias.com\/noticias\/author\/admin\/#author"},"publisher":{"@id":"https:\/\/www.eldigitaldeasturias.com\/noticias\/#organization"},"image":{"@type":"ImageObject","url":482748},"datePublished":"2014-02-03T18:38:49+01:00","dateModified":"2014-02-03T18:38:49+01:00","inLanguage":"es-ES","mainEntityOfPage":{"@id":"https:\/\/www.eldigitaldeasturias.com\/noticias\/la-junta-de-andalucia-cree-que-no-habra-prorroga-en-el-proceso-de-unicaja-ceiss\/#webpage"},"isPartOf":{"@id":"https:\/\/www.eldigitaldeasturias.com\/noticias\/la-junta-de-andalucia-cree-que-no-habra-prorroga-en-el-proceso-de-unicaja-ceiss\/#webpage"},"articleSection":"Actualidad"},{"@type":"BreadcrumbList","@id":"https:\/\/www.eldigitaldeasturias.com\/noticias\/la-junta-de-andalucia-cree-que-no-habra-prorroga-en-el-proceso-de-unicaja-ceiss\/#breadcrumblist","itemListElement":[{"@type":"ListItem","@id":"https:\/\/www.eldigitaldeasturias.com\/noticias#listItem","position":1,"name":"Home","item":"https:\/\/www.eldigitaldeasturias.com\/noticias","nextItem":{"@type":"ListItem","@id":"https:\/\/www.eldigitaldeasturias.com\/noticias\/category\/actualidad\/#listItem","name":"Actualidad"}},{"@type":"ListItem","@id":"https:\/\/www.eldigitaldeasturias.com\/noticias\/category\/actualidad\/#listItem","position":2,"name":"Actualidad","item":"https:\/\/www.eldigitaldeasturias.com\/noticias\/category\/actualidad\/","nextItem":{"@type":"ListItem","@id":"https:\/\/www.eldigitaldeasturias.com\/noticias\/la-junta-de-andalucia-cree-que-no-habra-prorroga-en-el-proceso-de-unicaja-ceiss\/#listItem","name":"La Junta de Andaluc\u00eda cree que \u00abno habr\u00e1 pr\u00f3rroga\u00bb en el proceso de Unicaja-Ceiss"},"previousItem":{"@type":"ListItem","@id":"https:\/\/www.eldigitaldeasturias.com\/noticias#listItem","name":"Home"}},{"@type":"ListItem","@id":"https:\/\/www.eldigitaldeasturias.com\/noticias\/la-junta-de-andalucia-cree-que-no-habra-prorroga-en-el-proceso-de-unicaja-ceiss\/#listItem","position":3,"name":"La Junta de Andaluc\u00eda cree que \u00abno habr\u00e1 pr\u00f3rroga\u00bb en el proceso de Unicaja-Ceiss","previousItem":{"@type":"ListItem","@id":"https:\/\/www.eldigitaldeasturias.com\/noticias\/category\/actualidad\/#listItem","name":"Actualidad"}}]},{"@type":"Organization","@id":"https:\/\/www.eldigitaldeasturias.com\/noticias\/#organization","name":"El Digital de Asturias","description":"Hemeroteca","url":"https:\/\/www.eldigitaldeasturias.com\/noticias\/","email":"info@eldigitaldeasturias.com","telephone":"+34652131393","logo":{"@type":"ImageObject","url":"https:\/\/www.eldigitaldeasturias.com\/noticias\/wp-content\/uploads\/2020\/12\/EDA.jpg","@id":"https:\/\/www.eldigitaldeasturias.com\/noticias\/la-junta-de-andalucia-cree-que-no-habra-prorroga-en-el-proceso-de-unicaja-ceiss\/#organizationLogo"},"image":{"@id":"https:\/\/www.eldigitaldeasturias.com\/noticias\/la-junta-de-andalucia-cree-que-no-habra-prorroga-en-el-proceso-de-unicaja-ceiss\/#organizationLogo"},"sameAs":["https:\/\/facebook.com\/eldigitaldeasturias","https:\/\/www.youtube.com\/channel\/UCZP-2wLEB9Rv6erhFmqVnvg"],"address":{"@id":"https:\/\/www.eldigitaldeasturias.com\/noticias\/#postaladdress","@type":"PostalAddress","streetAddress":"san antonio 4","postalCode":"33430","addressLocality":"Cand\u00e1s","addressRegion":"Asturias","addressCountry":"ES"}},{"@type":"Person","@id":"https:\/\/www.eldigitaldeasturias.com\/noticias\/author\/admin\/#author","url":"https:\/\/www.eldigitaldeasturias.com\/noticias\/author\/admin\/","name":"El Digital de Asturias","image":{"@type":"ImageObject","@id":"https:\/\/www.eldigitaldeasturias.com\/noticias\/la-junta-de-andalucia-cree-que-no-habra-prorroga-en-el-proceso-de-unicaja-ceiss\/#authorImage","url":"https:\/\/secure.gravatar.com\/avatar\/df2aeffc32bcd13f8d26072ef8a91b623d677766deac7f97ca815868cd41bf5e?s=96&d=mm&r=g","width":96,"height":96,"caption":"El Digital de Asturias"}},{"@type":"WebPage","@id":"https:\/\/www.eldigitaldeasturias.com\/noticias\/la-junta-de-andalucia-cree-que-no-habra-prorroga-en-el-proceso-de-unicaja-ceiss\/#webpage","url":"https:\/\/www.eldigitaldeasturias.com\/noticias\/la-junta-de-andalucia-cree-que-no-habra-prorroga-en-el-proceso-de-unicaja-ceiss\/","name":"La Junta de Andaluc\u00eda cree que \u00abno habr\u00e1 pr\u00f3rroga\u00bb en el proceso de Unicaja-Ceiss - El Digital de Asturias","description":"M\u00e1laga, 3 feb (EFE).- El consejero andaluz de Econom\u00eda, Jos\u00e9 S\u00e1nchez Maldonado, ha afirmado hoy sobre el proceso de absorci\u00f3n de Ceiss por parte de Unicaja que est\u00e1 \"casi convencido de que a estas alturas del partido no habr\u00e1 pr\u00f3rroga\". S\u00e1nchez Maldonado, que ha asistido hoy a la presentaci\u00f3n del consejo ejecutivo provincial de la","inLanguage":"es-ES","isPartOf":{"@id":"https:\/\/www.eldigitaldeasturias.com\/noticias\/#website"},"breadcrumb":{"@id":"https:\/\/www.eldigitaldeasturias.com\/noticias\/la-junta-de-andalucia-cree-que-no-habra-prorroga-en-el-proceso-de-unicaja-ceiss\/#breadcrumblist"},"author":{"@id":"https:\/\/www.eldigitaldeasturias.com\/noticias\/author\/admin\/#author"},"creator":{"@id":"https:\/\/www.eldigitaldeasturias.com\/noticias\/author\/admin\/#author"},"image":{"@type":"ImageObject","url":482748,"@id":"https:\/\/www.eldigitaldeasturias.com\/noticias\/la-junta-de-andalucia-cree-que-no-habra-prorroga-en-el-proceso-de-unicaja-ceiss\/#mainImage"},"primaryImageOfPage":{"@id":"https:\/\/www.eldigitaldeasturias.com\/noticias\/la-junta-de-andalucia-cree-que-no-habra-prorroga-en-el-proceso-de-unicaja-ceiss\/#mainImage"},"datePublished":"2014-02-03T18:38:49+01:00","dateModified":"2014-02-03T18:38:49+01:00"},{"@type":"WebSite","@id":"https:\/\/www.eldigitaldeasturias.com\/noticias\/#website","url":"https:\/\/www.eldigitaldeasturias.com\/noticias\/","name":"El Digital de Asturias - Diario de actualidad y noticias","alternateName":"El Digital de Asturias - Diario de actualidad y noticias","description":"Hemeroteca","inLanguage":"es-ES","publisher":{"@id":"https:\/\/www.eldigitaldeasturias.com\/noticias\/#organization"}}]},"og:locale":"es_ES","og:site_name":"El Digital de Asturias","og:type":"article","og:title":"La Junta de Andaluc\u00eda cree que \u00abno habr\u00e1 pr\u00f3rroga\u00bb en el proceso de Unicaja-Ceiss - El Digital de Asturias","og:description":"M\u00e1laga, 3 feb (EFE).- El consejero andaluz de Econom\u00eda, Jos\u00e9 S\u00e1nchez Maldonado, ha afirmado hoy sobre el proceso de absorci\u00f3n de Ceiss por parte de Unicaja que est\u00e1 &quot;casi convencido de que a estas alturas del partido no habr\u00e1 pr\u00f3rroga&quot;. S\u00e1nchez Maldonado, que ha asistido hoy a la presentaci\u00f3n del consejo ejecutivo provincial de la","og:url":"https:\/\/www.eldigitaldeasturias.com\/noticias\/la-junta-de-andalucia-cree-que-no-habra-prorroga-en-el-proceso-de-unicaja-ceiss\/","article:tag":["actualidad"],"article:published_time":"2014-02-03T19:38:49+00:00","article:modified_time":"2014-02-03T19:38:49+00:00","article:publisher":"https:\/\/facebook.com\/eldigitaldeasturias","twitter:card":"summary_large_image","twitter:title":"La Junta de Andaluc\u00eda cree que \u00abno habr\u00e1 pr\u00f3rroga\u00bb en el proceso de Unicaja-Ceiss - El Digital de Asturias","twitter:description":"M\u00e1laga, 3 feb (EFE).- El consejero andaluz de Econom\u00eda, Jos\u00e9 S\u00e1nchez Maldonado, ha afirmado hoy sobre el proceso de absorci\u00f3n de Ceiss por parte de Unicaja que est\u00e1 &quot;casi convencido de que a estas alturas del partido no habr\u00e1 pr\u00f3rroga&quot;. S\u00e1nchez Maldonado, que ha asistido hoy a la presentaci\u00f3n del consejo ejecutivo provincial de la","twitter:label1":"Escrito por","twitter:data1":"El Digital de Asturias","twitter:label2":"Tiempo de lectura estimado","twitter:data2":"2 minutos"},"aioseo_meta_data":{"post_id":"482747","title":null,"description":null,"keywords":null,"keyphrases":null,"primary_term":null,"canonical_url":null,"og_title":null,"og_description":null,"og_object_type":"default","og_image_type":"default","og_image_url":null,"og_image_width":null,"og_image_height":null,"og_image_custom_url":null,"og_image_custom_fields":null,"og_video":null,"og_custom_url":null,"og_article_section":null,"og_article_tags":null,"twitter_use_og":true,"twitter_card":"default","twitter_image_type":"default","twitter_image_url":null,"twitter_image_custom_url":null,"twitter_image_custom_fields":null,"twitter_title":null,"twitter_description":null,"schema":{"blockGraphs":[],"customGraphs":[],"default":{"data":{"Article":[],"Course":[],"Dataset":[],"FAQPage":[],"Movie":[],"Person":[],"Product":[],"ProductReview":[],"Car":[],"Recipe":[],"Service":[],"SoftwareApplication":[],"WebPage":[]},"graphName":"","isEnabled":true},"graphs":[],"defaultGraph":"","defaultPostTypeGraph":""},"schema_type":null,"schema_type_options":null,"pillar_content":false,"robots_default":true,"robots_noindex":false,"robots_noarchive":false,"robots_nosnippet":false,"robots_nofollow":false,"robots_noimageindex":false,"robots_noodp":false,"robots_notranslate":false,"robots_max_snippet":null,"robots_max_videopreview":null,"robots_max_imagepreview":"none","priority":null,"frequency":null,"local_seo":null,"seo_analyzer_scan_date":"2026-06-02 10:46:57","breadcrumb_settings":null,"limit_modified_date":false,"open_ai":null,"ai":null,"created":"2020-11-14 22:54:39","updated":"2026-06-02 10:46:57","focus_keyword":null,"additional_keywords":null,"truseo_locale":null},"aioseo_breadcrumb":"<div class=\"aioseo-breadcrumbs\"><span class=\"aioseo-breadcrumb\">\n\t<a href=\"https:\/\/www.eldigitaldeasturias.com\/noticias\" title=\"Home\">Home<\/a>\n<\/span><span class=\"aioseo-breadcrumb-separator\">\u2013<\/span><span class=\"aioseo-breadcrumb\">\n\t<a href=\"https:\/\/www.eldigitaldeasturias.com\/noticias\/category\/actualidad\/\" title=\"Actualidad\">Actualidad<\/a>\n<\/span><span class=\"aioseo-breadcrumb-separator\">\u2013<\/span><span class=\"aioseo-breadcrumb\">\n\t<a href=\"https:\/\/www.eldigitaldeasturias.com\/noticias\/la-junta-de-andalucia-cree-que-no-habra-prorroga-en-el-proceso-de-unicaja-ceiss\/\" title=\"La Junta de Andaluc\u00eda cree que \u00abno habr\u00e1 pr\u00f3rroga\u00bb en el proceso de Unicaja-Ceiss\">La Junta de Andaluc\u00eda cree que \u00abno habr\u00e1 pr\u00f3rroga\u00bb en el proceso de Unicaja-Ceiss<\/a>\n<\/span><\/div>","aioseo_breadcrumb_json":[{"label":"Home","link":"https:\/\/www.eldigitaldeasturias.com\/noticias"},{"label":"Actualidad","link":"https:\/\/www.eldigitaldeasturias.com\/noticias\/category\/actualidad\/"},{"label":"La Junta de Andaluc\u00eda cree que \u00abno habr\u00e1 pr\u00f3rroga\u00bb en el proceso de Unicaja-Ceiss","link":"https:\/\/www.eldigitaldeasturias.com\/noticias\/la-junta-de-andalucia-cree-que-no-habra-prorroga-en-el-proceso-de-unicaja-ceiss\/"}],"_links":{"self":[{"href":"https:\/\/www.eldigitaldeasturias.com\/noticias\/wp-json\/wp\/v2\/posts\/482747","targetHints":{"allow":["GET"]}}],"collection":[{"href":"https:\/\/www.eldigitaldeasturias.com\/noticias\/wp-json\/wp\/v2\/posts"}],"about":[{"href":"https:\/\/www.eldigitaldeasturias.com\/noticias\/wp-json\/wp\/v2\/types\/post"}],"author":[{"embeddable":true,"href":"https:\/\/www.eldigitaldeasturias.com\/noticias\/wp-json\/wp\/v2\/users\/1"}],"replies":[{"embeddable":true,"href":"https:\/\/www.eldigitaldeasturias.com\/noticias\/wp-json\/wp\/v2\/comments?post=482747"}],"version-history":[{"count":0,"href":"https:\/\/www.eldigitaldeasturias.com\/noticias\/wp-json\/wp\/v2\/posts\/482747\/revisions"}],"wp:attachment":[{"href":"https:\/\/www.eldigitaldeasturias.com\/noticias\/wp-json\/wp\/v2\/media?parent=482747"}],"wp:term":[{"taxonomy":"category","embeddable":true,"href":"https:\/\/www.eldigitaldeasturias.com\/noticias\/wp-json\/wp\/v2\/categories?post=482747"},{"taxonomy":"post_tag","embeddable":true,"href":"https:\/\/www.eldigitaldeasturias.com\/noticias\/wp-json\/wp\/v2\/tags?post=482747"}],"curies":[{"name":"wp","href":"https:\/\/api.w.org\/{rel}","templated":true}]}}