{"id":482741,"date":"2014-02-03T18:36:14","date_gmt":"2014-02-03T19:36:14","guid":{"rendered":"http:\/\/www.eldigitaldeasturias.com\/noticias\/?p=482741"},"modified":"2014-02-03T18:36:14","modified_gmt":"2014-02-03T19:36:14","slug":"upyd-pide-obligar-a-cataluna-a-cumplir-las-sentencias-sobre-el-castellano","status":"publish","type":"post","link":"https:\/\/www.eldigitaldeasturias.com\/noticias\/upyd-pide-obligar-a-cataluna-a-cumplir-las-sentencias-sobre-el-castellano\/","title":{"rendered":"UPyD pide obligar a Catalu\u00f1a a cumplir las sentencias sobre el castellano"},"content":{"rendered":"<p><img loading=\"lazy\" decoding=\"async\" class=\"alignleft size-medium wp-image-482742\" alt=\"5903476w\" src=\"https:\/\/www.eldigitaldeasturias.com\/noticias\/wp-content\/uploads\/2014\/02\/5903476w-213x320.jpg\" width=\"213\" height=\"320\" \/>Madrid, 3 feb (EFE).- UPyD ha instado al Gobierno a tomar \u00abmedidas\u00bb para que la Generalitat de Catalu\u00f1a cumpla las sentencias que establecen que el castellano debe ser lengua vehicular en la educaci\u00f3n en esa comunidad aut\u00f3noma.<\/p>\n<p>En una pregunta parlamentaria registrada en el Congreso de los Diputados, UPyD recuerda al Ejecutivo que la Constituci\u00f3n, en su art\u00edculo 155, permite \u00abadoptar las medidas necesarias para obligar\u00bb a las autonom\u00edas al \u00abcumplimiento forzoso\u00bb de sus obligaciones.<\/p>\n<p>La formaci\u00f3n que lidera Rosa D\u00edez pide al Ejecutivo que efect\u00fae el requerimiento previo al presidente de la Generalitat, Artur Mas, que establece la Constituci\u00f3n \u00aba la vista\u00bb de que sigue incumpliendo las sentencias relativas a la educaci\u00f3n en castellano.<\/p>\n<p>\u00abEn caso de no ser atendido dicho requerimiento\u00bb, UPyD pide al Ejecutivo que explique si piensa tomar \u00abmedidas para obligar a la Generalitat\u00bb a cumplir las sentencias judiciales y recuerda que esa iniciativa, tal y como establece la Constituci\u00f3n, requerir\u00eda de la \u00abaprobaci\u00f3n por mayor\u00eda absoluta\u00bb del Senado.<\/p>\n<p>El pasado mes de enero el Tribunal Supremo (TS) desestim\u00f3 un recurso de casaci\u00f3n interpuesto por la Generalitat contra un auto anterior del Tribunal Superior de Justicia de Catalu\u00f1a (TSJC), de enero de 2013, por el que se requer\u00eda impartir educaci\u00f3n en castellano y catal\u00e1n como lenguas vehiculares a un alumno.<\/p>\n<p>La sentencia de la secci\u00f3n cuarta de la Sala de lo Contencioso-Administrativo del Tribunal Supremo recuerda que existen \u00ababundantes precedentes judiciales\u00bb en el mismo sentido y que esa reiteraci\u00f3n \u00abdetermina que ahora apliquemos esa doctrina consolidada\u00bb.<\/p>\n","protected":false},"excerpt":{"rendered":"<p>Madrid, 3 feb (EFE).- UPyD ha instado al Gobierno a tomar \u00abmedidas\u00bb para que la Generalitat de Catalu\u00f1a cumpla las sentencias que establecen que el castellano debe ser lengua vehicular en la educaci\u00f3n en esa comunidad aut\u00f3noma. En una pregunta parlamentaria registrada en el Congreso de los Diputados, UPyD recuerda al Ejecutivo que la Constituci\u00f3n, [&hellip;]<\/p>\n","protected":false},"author":1,"featured_media":482742,"comment_status":"closed","ping_status":"open","sticky":false,"template":"","format":"standard","meta":{"footnotes":""},"categories":[1],"tags":[],"class_list":["post-482741","post","type-post","status-publish","format-standard","has-post-thumbnail","hentry","category-actualidad"],"aioseo_notices":[],"aioseo_head":"\n\t\t<!-- All in One SEO Pro 5.0.1 - aioseo.com -->\n\t<meta name=\"description\" content=\"Madrid, 3 feb (EFE).- UPyD ha instado al Gobierno a tomar &quot;medidas&quot; para que la Generalitat de Catalu\u00f1a cumpla las sentencias que establecen que el castellano debe ser lengua vehicular en la educaci\u00f3n en esa comunidad aut\u00f3noma. En una pregunta parlamentaria registrada en el Congreso de los Diputados, UPyD recuerda al Ejecutivo que la Constituci\u00f3n,\" \/>\n\t<meta name=\"robots\" content=\"max-image-preview:large\" \/>\n\t<meta name=\"author\" content=\"El Digital de Asturias\"\/>\n\t<meta name=\"google-site-verification\" content=\"UA-38556648-1\" \/>\n\t<meta name=\"msvalidate.01\" content=\"7dfe9f3f1b24437ab69f4f2559babe99\" \/>\n\t<meta name=\"keywords\" content=\"actualidad\" \/>\n\t<link rel=\"canonical\" href=\"https:\/\/www.eldigitaldeasturias.com\/noticias\/upyd-pide-obligar-a-cataluna-a-cumplir-las-sentencias-sobre-el-castellano\/\" \/>\n\t<meta name=\"generator\" content=\"All in One SEO Pro (AIOSEO) 5.0.1\" \/>\n\t\t<meta property=\"og:locale\" content=\"es_ES\" \/>\n\t\t<meta property=\"og:site_name\" content=\"El Digital de Asturias\" \/>\n\t\t<meta property=\"og:type\" content=\"article\" \/>\n\t\t<meta property=\"og:title\" content=\"UPyD pide obligar a Catalu\u00f1a a cumplir las sentencias sobre el castellano - El Digital de Asturias\" \/>\n\t\t<meta property=\"og:description\" content=\"Madrid, 3 feb (EFE).- UPyD ha instado al Gobierno a tomar &quot;medidas&quot; para que la Generalitat de Catalu\u00f1a cumpla las sentencias que establecen que el castellano debe ser lengua vehicular en la educaci\u00f3n en esa comunidad aut\u00f3noma. En una pregunta parlamentaria registrada en el Congreso de los Diputados, UPyD recuerda al Ejecutivo que la Constituci\u00f3n,\" \/>\n\t\t<meta property=\"og:url\" content=\"https:\/\/www.eldigitaldeasturias.com\/noticias\/upyd-pide-obligar-a-cataluna-a-cumplir-las-sentencias-sobre-el-castellano\/\" \/>\n\t\t<meta property=\"article:tag\" content=\"actualidad\" \/>\n\t\t<meta property=\"article:published_time\" content=\"2014-02-03T19:36:14+00:00\" \/>\n\t\t<meta property=\"article:modified_time\" content=\"2014-02-03T19:36:14+00:00\" \/>\n\t\t<meta property=\"article:publisher\" content=\"https:\/\/facebook.com\/eldigitaldeasturias\" \/>\n\t\t<meta name=\"twitter:card\" content=\"summary_large_image\" \/>\n\t\t<meta name=\"twitter:title\" content=\"UPyD pide obligar a Catalu\u00f1a a cumplir las sentencias sobre el castellano - El Digital de Asturias\" \/>\n\t\t<meta name=\"twitter:description\" content=\"Madrid, 3 feb (EFE).- UPyD ha instado al Gobierno a tomar &quot;medidas&quot; para que la Generalitat de Catalu\u00f1a cumpla las sentencias que establecen que el castellano debe ser lengua vehicular en la educaci\u00f3n en esa comunidad aut\u00f3noma. En una pregunta parlamentaria registrada en el Congreso de los Diputados, UPyD recuerda al Ejecutivo que la Constituci\u00f3n,\" \/>\n\t\t<meta name=\"twitter:label1\" content=\"Escrito por\" \/>\n\t\t<meta name=\"twitter:data1\" content=\"El Digital de Asturias\" \/>\n\t\t<meta name=\"twitter:label2\" content=\"Tiempo de lectura estimado\" \/>\n\t\t<meta name=\"twitter:data2\" content=\"1 minuto\" \/>\n\t\t<script type=\"application\/ld+json\" class=\"aioseo-schema\">\n\t\t\t{\"@context\":\"https:\\\/\\\/schema.org\",\"@graph\":[{\"@type\":\"BlogPosting\",\"@id\":\"https:\\\/\\\/www.eldigitaldeasturias.com\\\/noticias\\\/upyd-pide-obligar-a-cataluna-a-cumplir-las-sentencias-sobre-el-castellano\\\/#blogposting\",\"name\":\"UPyD pide obligar a Catalu\\u00f1a a cumplir las sentencias sobre el castellano - El Digital de Asturias\",\"headline\":\"UPyD pide obligar a Catalu\\u00f1a a cumplir las sentencias sobre el castellano\",\"author\":{\"@id\":\"https:\\\/\\\/www.eldigitaldeasturias.com\\\/noticias\\\/author\\\/admin\\\/#author\"},\"publisher\":{\"@id\":\"https:\\\/\\\/www.eldigitaldeasturias.com\\\/noticias\\\/#organization\"},\"image\":{\"@type\":\"ImageObject\",\"url\":482742},\"datePublished\":\"2014-02-03T18:36:14+01:00\",\"dateModified\":\"2014-02-03T18:36:14+01:00\",\"inLanguage\":\"es-ES\",\"mainEntityOfPage\":{\"@id\":\"https:\\\/\\\/www.eldigitaldeasturias.com\\\/noticias\\\/upyd-pide-obligar-a-cataluna-a-cumplir-las-sentencias-sobre-el-castellano\\\/#webpage\"},\"isPartOf\":{\"@id\":\"https:\\\/\\\/www.eldigitaldeasturias.com\\\/noticias\\\/upyd-pide-obligar-a-cataluna-a-cumplir-las-sentencias-sobre-el-castellano\\\/#webpage\"},\"articleSection\":\"Actualidad\"},{\"@type\":\"BreadcrumbList\",\"@id\":\"https:\\\/\\\/www.eldigitaldeasturias.com\\\/noticias\\\/upyd-pide-obligar-a-cataluna-a-cumplir-las-sentencias-sobre-el-castellano\\\/#breadcrumblist\",\"itemListElement\":[{\"@type\":\"ListItem\",\"@id\":\"https:\\\/\\\/www.eldigitaldeasturias.com\\\/noticias#listItem\",\"position\":1,\"name\":\"Home\",\"item\":\"https:\\\/\\\/www.eldigitaldeasturias.com\\\/noticias\",\"nextItem\":{\"@type\":\"ListItem\",\"@id\":\"https:\\\/\\\/www.eldigitaldeasturias.com\\\/noticias\\\/category\\\/actualidad\\\/#listItem\",\"name\":\"Actualidad\"}},{\"@type\":\"ListItem\",\"@id\":\"https:\\\/\\\/www.eldigitaldeasturias.com\\\/noticias\\\/category\\\/actualidad\\\/#listItem\",\"position\":2,\"name\":\"Actualidad\",\"item\":\"https:\\\/\\\/www.eldigitaldeasturias.com\\\/noticias\\\/category\\\/actualidad\\\/\",\"nextItem\":{\"@type\":\"ListItem\",\"@id\":\"https:\\\/\\\/www.eldigitaldeasturias.com\\\/noticias\\\/upyd-pide-obligar-a-cataluna-a-cumplir-las-sentencias-sobre-el-castellano\\\/#listItem\",\"name\":\"UPyD pide obligar a Catalu\\u00f1a a cumplir las sentencias sobre el castellano\"},\"previousItem\":{\"@type\":\"ListItem\",\"@id\":\"https:\\\/\\\/www.eldigitaldeasturias.com\\\/noticias#listItem\",\"name\":\"Home\"}},{\"@type\":\"ListItem\",\"@id\":\"https:\\\/\\\/www.eldigitaldeasturias.com\\\/noticias\\\/upyd-pide-obligar-a-cataluna-a-cumplir-las-sentencias-sobre-el-castellano\\\/#listItem\",\"position\":3,\"name\":\"UPyD pide obligar a Catalu\\u00f1a a cumplir las sentencias sobre el castellano\",\"previousItem\":{\"@type\":\"ListItem\",\"@id\":\"https:\\\/\\\/www.eldigitaldeasturias.com\\\/noticias\\\/category\\\/actualidad\\\/#listItem\",\"name\":\"Actualidad\"}}]},{\"@type\":\"Organization\",\"@id\":\"https:\\\/\\\/www.eldigitaldeasturias.com\\\/noticias\\\/#organization\",\"name\":\"El Digital de Asturias\",\"description\":\"Hemeroteca\",\"url\":\"https:\\\/\\\/www.eldigitaldeasturias.com\\\/noticias\\\/\",\"email\":\"info@eldigitaldeasturias.com\",\"telephone\":\"+34652131393\",\"logo\":{\"@type\":\"ImageObject\",\"url\":\"https:\\\/\\\/www.eldigitaldeasturias.com\\\/noticias\\\/wp-content\\\/uploads\\\/2020\\\/12\\\/EDA.jpg\",\"@id\":\"https:\\\/\\\/www.eldigitaldeasturias.com\\\/noticias\\\/upyd-pide-obligar-a-cataluna-a-cumplir-las-sentencias-sobre-el-castellano\\\/#organizationLogo\"},\"image\":{\"@id\":\"https:\\\/\\\/www.eldigitaldeasturias.com\\\/noticias\\\/upyd-pide-obligar-a-cataluna-a-cumplir-las-sentencias-sobre-el-castellano\\\/#organizationLogo\"},\"sameAs\":[\"https:\\\/\\\/facebook.com\\\/eldigitaldeasturias\",\"https:\\\/\\\/www.youtube.com\\\/channel\\\/UCZP-2wLEB9Rv6erhFmqVnvg\"],\"address\":{\"@id\":\"https:\\\/\\\/www.eldigitaldeasturias.com\\\/noticias\\\/#postaladdress\",\"@type\":\"PostalAddress\",\"streetAddress\":\"san antonio 4\",\"postalCode\":\"33430\",\"addressLocality\":\"Cand\\u00e1s\",\"addressRegion\":\"Asturias\",\"addressCountry\":\"ES\"}},{\"@type\":\"Person\",\"@id\":\"https:\\\/\\\/www.eldigitaldeasturias.com\\\/noticias\\\/author\\\/admin\\\/#author\",\"url\":\"https:\\\/\\\/www.eldigitaldeasturias.com\\\/noticias\\\/author\\\/admin\\\/\",\"name\":\"El Digital de Asturias\",\"image\":{\"@type\":\"ImageObject\",\"@id\":\"https:\\\/\\\/www.eldigitaldeasturias.com\\\/noticias\\\/upyd-pide-obligar-a-cataluna-a-cumplir-las-sentencias-sobre-el-castellano\\\/#authorImage\",\"url\":\"https:\\\/\\\/secure.gravatar.com\\\/avatar\\\/df2aeffc32bcd13f8d26072ef8a91b623d677766deac7f97ca815868cd41bf5e?s=96&d=mm&r=g\",\"width\":96,\"height\":96,\"caption\":\"El Digital de Asturias\"}},{\"@type\":\"WebPage\",\"@id\":\"https:\\\/\\\/www.eldigitaldeasturias.com\\\/noticias\\\/upyd-pide-obligar-a-cataluna-a-cumplir-las-sentencias-sobre-el-castellano\\\/#webpage\",\"url\":\"https:\\\/\\\/www.eldigitaldeasturias.com\\\/noticias\\\/upyd-pide-obligar-a-cataluna-a-cumplir-las-sentencias-sobre-el-castellano\\\/\",\"name\":\"UPyD pide obligar a Catalu\\u00f1a a cumplir las sentencias sobre el castellano - El Digital de Asturias\",\"description\":\"Madrid, 3 feb (EFE).- UPyD ha instado al Gobierno a tomar \\\"medidas\\\" para que la Generalitat de Catalu\\u00f1a cumpla las sentencias que establecen que el castellano debe ser lengua vehicular en la educaci\\u00f3n en esa comunidad aut\\u00f3noma. En una pregunta parlamentaria registrada en el Congreso de los Diputados, UPyD recuerda al Ejecutivo que la Constituci\\u00f3n,\",\"inLanguage\":\"es-ES\",\"isPartOf\":{\"@id\":\"https:\\\/\\\/www.eldigitaldeasturias.com\\\/noticias\\\/#website\"},\"breadcrumb\":{\"@id\":\"https:\\\/\\\/www.eldigitaldeasturias.com\\\/noticias\\\/upyd-pide-obligar-a-cataluna-a-cumplir-las-sentencias-sobre-el-castellano\\\/#breadcrumblist\"},\"author\":{\"@id\":\"https:\\\/\\\/www.eldigitaldeasturias.com\\\/noticias\\\/author\\\/admin\\\/#author\"},\"creator\":{\"@id\":\"https:\\\/\\\/www.eldigitaldeasturias.com\\\/noticias\\\/author\\\/admin\\\/#author\"},\"image\":{\"@type\":\"ImageObject\",\"url\":482742,\"@id\":\"https:\\\/\\\/www.eldigitaldeasturias.com\\\/noticias\\\/upyd-pide-obligar-a-cataluna-a-cumplir-las-sentencias-sobre-el-castellano\\\/#mainImage\"},\"primaryImageOfPage\":{\"@id\":\"https:\\\/\\\/www.eldigitaldeasturias.com\\\/noticias\\\/upyd-pide-obligar-a-cataluna-a-cumplir-las-sentencias-sobre-el-castellano\\\/#mainImage\"},\"datePublished\":\"2014-02-03T18:36:14+01:00\",\"dateModified\":\"2014-02-03T18:36:14+01:00\"},{\"@type\":\"WebSite\",\"@id\":\"https:\\\/\\\/www.eldigitaldeasturias.com\\\/noticias\\\/#website\",\"url\":\"https:\\\/\\\/www.eldigitaldeasturias.com\\\/noticias\\\/\",\"name\":\"El Digital de Asturias - Diario de actualidad y noticias\",\"alternateName\":\"El Digital de Asturias - Diario de actualidad y noticias\",\"description\":\"Hemeroteca\",\"inLanguage\":\"es-ES\",\"publisher\":{\"@id\":\"https:\\\/\\\/www.eldigitaldeasturias.com\\\/noticias\\\/#organization\"}}]}\n\t\t<\/script>\n\t\t<!-- All in One SEO Pro -->\r\n\t\t<title>UPyD pide obligar a Catalu\u00f1a a cumplir las sentencias sobre el castellano - El Digital de Asturias<\/title>\n\n","aioseo_head_json":{"title":"UPyD pide obligar a Catalu\u00f1a a cumplir las sentencias sobre el castellano - El Digital de Asturias","description":"Madrid, 3 feb (EFE).- UPyD ha instado al Gobierno a tomar \"medidas\" para que la Generalitat de Catalu\u00f1a cumpla las sentencias que establecen que el castellano debe ser lengua vehicular en la educaci\u00f3n en esa comunidad aut\u00f3noma. En una pregunta parlamentaria registrada en el Congreso de los Diputados, UPyD recuerda al Ejecutivo que la Constituci\u00f3n,","canonical_url":"https:\/\/www.eldigitaldeasturias.com\/noticias\/upyd-pide-obligar-a-cataluna-a-cumplir-las-sentencias-sobre-el-castellano\/","robots":"max-image-preview:large","keywords":"actualidad","webmasterTools":{"google-site-verification":"UA-38556648-1","msvalidate.01":"7dfe9f3f1b24437ab69f4f2559babe99","miscellaneous":""},"schema":{"@context":"https:\/\/schema.org","@graph":[{"@type":"BlogPosting","@id":"https:\/\/www.eldigitaldeasturias.com\/noticias\/upyd-pide-obligar-a-cataluna-a-cumplir-las-sentencias-sobre-el-castellano\/#blogposting","name":"UPyD pide obligar a Catalu\u00f1a a cumplir las sentencias sobre el castellano - El Digital de Asturias","headline":"UPyD pide obligar a Catalu\u00f1a a cumplir las sentencias sobre el castellano","author":{"@id":"https:\/\/www.eldigitaldeasturias.com\/noticias\/author\/admin\/#author"},"publisher":{"@id":"https:\/\/www.eldigitaldeasturias.com\/noticias\/#organization"},"image":{"@type":"ImageObject","url":482742},"datePublished":"2014-02-03T18:36:14+01:00","dateModified":"2014-02-03T18:36:14+01:00","inLanguage":"es-ES","mainEntityOfPage":{"@id":"https:\/\/www.eldigitaldeasturias.com\/noticias\/upyd-pide-obligar-a-cataluna-a-cumplir-las-sentencias-sobre-el-castellano\/#webpage"},"isPartOf":{"@id":"https:\/\/www.eldigitaldeasturias.com\/noticias\/upyd-pide-obligar-a-cataluna-a-cumplir-las-sentencias-sobre-el-castellano\/#webpage"},"articleSection":"Actualidad"},{"@type":"BreadcrumbList","@id":"https:\/\/www.eldigitaldeasturias.com\/noticias\/upyd-pide-obligar-a-cataluna-a-cumplir-las-sentencias-sobre-el-castellano\/#breadcrumblist","itemListElement":[{"@type":"ListItem","@id":"https:\/\/www.eldigitaldeasturias.com\/noticias#listItem","position":1,"name":"Home","item":"https:\/\/www.eldigitaldeasturias.com\/noticias","nextItem":{"@type":"ListItem","@id":"https:\/\/www.eldigitaldeasturias.com\/noticias\/category\/actualidad\/#listItem","name":"Actualidad"}},{"@type":"ListItem","@id":"https:\/\/www.eldigitaldeasturias.com\/noticias\/category\/actualidad\/#listItem","position":2,"name":"Actualidad","item":"https:\/\/www.eldigitaldeasturias.com\/noticias\/category\/actualidad\/","nextItem":{"@type":"ListItem","@id":"https:\/\/www.eldigitaldeasturias.com\/noticias\/upyd-pide-obligar-a-cataluna-a-cumplir-las-sentencias-sobre-el-castellano\/#listItem","name":"UPyD pide obligar a Catalu\u00f1a a cumplir las sentencias sobre el castellano"},"previousItem":{"@type":"ListItem","@id":"https:\/\/www.eldigitaldeasturias.com\/noticias#listItem","name":"Home"}},{"@type":"ListItem","@id":"https:\/\/www.eldigitaldeasturias.com\/noticias\/upyd-pide-obligar-a-cataluna-a-cumplir-las-sentencias-sobre-el-castellano\/#listItem","position":3,"name":"UPyD pide obligar a Catalu\u00f1a a cumplir las sentencias sobre el castellano","previousItem":{"@type":"ListItem","@id":"https:\/\/www.eldigitaldeasturias.com\/noticias\/category\/actualidad\/#listItem","name":"Actualidad"}}]},{"@type":"Organization","@id":"https:\/\/www.eldigitaldeasturias.com\/noticias\/#organization","name":"El Digital de Asturias","description":"Hemeroteca","url":"https:\/\/www.eldigitaldeasturias.com\/noticias\/","email":"info@eldigitaldeasturias.com","telephone":"+34652131393","logo":{"@type":"ImageObject","url":"https:\/\/www.eldigitaldeasturias.com\/noticias\/wp-content\/uploads\/2020\/12\/EDA.jpg","@id":"https:\/\/www.eldigitaldeasturias.com\/noticias\/upyd-pide-obligar-a-cataluna-a-cumplir-las-sentencias-sobre-el-castellano\/#organizationLogo"},"image":{"@id":"https:\/\/www.eldigitaldeasturias.com\/noticias\/upyd-pide-obligar-a-cataluna-a-cumplir-las-sentencias-sobre-el-castellano\/#organizationLogo"},"sameAs":["https:\/\/facebook.com\/eldigitaldeasturias","https:\/\/www.youtube.com\/channel\/UCZP-2wLEB9Rv6erhFmqVnvg"],"address":{"@id":"https:\/\/www.eldigitaldeasturias.com\/noticias\/#postaladdress","@type":"PostalAddress","streetAddress":"san antonio 4","postalCode":"33430","addressLocality":"Cand\u00e1s","addressRegion":"Asturias","addressCountry":"ES"}},{"@type":"Person","@id":"https:\/\/www.eldigitaldeasturias.com\/noticias\/author\/admin\/#author","url":"https:\/\/www.eldigitaldeasturias.com\/noticias\/author\/admin\/","name":"El Digital de Asturias","image":{"@type":"ImageObject","@id":"https:\/\/www.eldigitaldeasturias.com\/noticias\/upyd-pide-obligar-a-cataluna-a-cumplir-las-sentencias-sobre-el-castellano\/#authorImage","url":"https:\/\/secure.gravatar.com\/avatar\/df2aeffc32bcd13f8d26072ef8a91b623d677766deac7f97ca815868cd41bf5e?s=96&d=mm&r=g","width":96,"height":96,"caption":"El Digital de Asturias"}},{"@type":"WebPage","@id":"https:\/\/www.eldigitaldeasturias.com\/noticias\/upyd-pide-obligar-a-cataluna-a-cumplir-las-sentencias-sobre-el-castellano\/#webpage","url":"https:\/\/www.eldigitaldeasturias.com\/noticias\/upyd-pide-obligar-a-cataluna-a-cumplir-las-sentencias-sobre-el-castellano\/","name":"UPyD pide obligar a Catalu\u00f1a a cumplir las sentencias sobre el castellano - El Digital de Asturias","description":"Madrid, 3 feb (EFE).- UPyD ha instado al Gobierno a tomar \"medidas\" para que la Generalitat de Catalu\u00f1a cumpla las sentencias que establecen que el castellano debe ser lengua vehicular en la educaci\u00f3n en esa comunidad aut\u00f3noma. En una pregunta parlamentaria registrada en el Congreso de los Diputados, UPyD recuerda al Ejecutivo que la Constituci\u00f3n,","inLanguage":"es-ES","isPartOf":{"@id":"https:\/\/www.eldigitaldeasturias.com\/noticias\/#website"},"breadcrumb":{"@id":"https:\/\/www.eldigitaldeasturias.com\/noticias\/upyd-pide-obligar-a-cataluna-a-cumplir-las-sentencias-sobre-el-castellano\/#breadcrumblist"},"author":{"@id":"https:\/\/www.eldigitaldeasturias.com\/noticias\/author\/admin\/#author"},"creator":{"@id":"https:\/\/www.eldigitaldeasturias.com\/noticias\/author\/admin\/#author"},"image":{"@type":"ImageObject","url":482742,"@id":"https:\/\/www.eldigitaldeasturias.com\/noticias\/upyd-pide-obligar-a-cataluna-a-cumplir-las-sentencias-sobre-el-castellano\/#mainImage"},"primaryImageOfPage":{"@id":"https:\/\/www.eldigitaldeasturias.com\/noticias\/upyd-pide-obligar-a-cataluna-a-cumplir-las-sentencias-sobre-el-castellano\/#mainImage"},"datePublished":"2014-02-03T18:36:14+01:00","dateModified":"2014-02-03T18:36:14+01:00"},{"@type":"WebSite","@id":"https:\/\/www.eldigitaldeasturias.com\/noticias\/#website","url":"https:\/\/www.eldigitaldeasturias.com\/noticias\/","name":"El Digital de Asturias - Diario de actualidad y noticias","alternateName":"El Digital de Asturias - Diario de actualidad y noticias","description":"Hemeroteca","inLanguage":"es-ES","publisher":{"@id":"https:\/\/www.eldigitaldeasturias.com\/noticias\/#organization"}}]},"og:locale":"es_ES","og:site_name":"El Digital de Asturias","og:type":"article","og:title":"UPyD pide obligar a Catalu\u00f1a a cumplir las sentencias sobre el castellano - El Digital de Asturias","og:description":"Madrid, 3 feb (EFE).- UPyD ha instado al Gobierno a tomar &quot;medidas&quot; para que la Generalitat de Catalu\u00f1a cumpla las sentencias que establecen que el castellano debe ser lengua vehicular en la educaci\u00f3n en esa comunidad aut\u00f3noma. En una pregunta parlamentaria registrada en el Congreso de los Diputados, UPyD recuerda al Ejecutivo que la Constituci\u00f3n,","og:url":"https:\/\/www.eldigitaldeasturias.com\/noticias\/upyd-pide-obligar-a-cataluna-a-cumplir-las-sentencias-sobre-el-castellano\/","article:tag":["actualidad"],"article:published_time":"2014-02-03T19:36:14+00:00","article:modified_time":"2014-02-03T19:36:14+00:00","article:publisher":"https:\/\/facebook.com\/eldigitaldeasturias","twitter:card":"summary_large_image","twitter:title":"UPyD pide obligar a Catalu\u00f1a a cumplir las sentencias sobre el castellano - El Digital de Asturias","twitter:description":"Madrid, 3 feb (EFE).- UPyD ha instado al Gobierno a tomar &quot;medidas&quot; para que la Generalitat de Catalu\u00f1a cumpla las sentencias que establecen que el castellano debe ser lengua vehicular en la educaci\u00f3n en esa comunidad aut\u00f3noma. En una pregunta parlamentaria registrada en el Congreso de los Diputados, UPyD recuerda al Ejecutivo que la Constituci\u00f3n,","twitter:label1":"Escrito por","twitter:data1":"El Digital de Asturias","twitter:label2":"Tiempo de lectura estimado","twitter:data2":"1 minuto"},"aioseo_meta_data":{"post_id":"482741","title":null,"description":null,"keywords":null,"keyphrases":null,"primary_term":null,"canonical_url":null,"og_title":null,"og_description":null,"og_object_type":"default","og_image_type":"default","og_image_url":null,"og_image_width":null,"og_image_height":null,"og_image_custom_url":null,"og_image_custom_fields":null,"og_video":null,"og_custom_url":null,"og_article_section":null,"og_article_tags":null,"twitter_use_og":true,"twitter_card":"default","twitter_image_type":"default","twitter_image_url":null,"twitter_image_custom_url":null,"twitter_image_custom_fields":null,"twitter_title":null,"twitter_description":null,"schema":{"blockGraphs":[],"customGraphs":[],"default":{"data":{"Article":[],"Course":[],"Dataset":[],"FAQPage":[],"Movie":[],"Person":[],"Product":[],"ProductReview":[],"Car":[],"Recipe":[],"Service":[],"SoftwareApplication":[],"WebPage":[]},"graphName":"","isEnabled":true},"graphs":[],"defaultGraph":"","defaultPostTypeGraph":""},"schema_type":null,"schema_type_options":null,"pillar_content":false,"robots_default":true,"robots_noindex":false,"robots_noarchive":false,"robots_nosnippet":false,"robots_nofollow":false,"robots_noimageindex":false,"robots_noodp":false,"robots_notranslate":false,"robots_max_snippet":null,"robots_max_videopreview":null,"robots_max_imagepreview":"none","priority":null,"frequency":null,"local_seo":null,"seo_analyzer_scan_date":"2026-06-02 10:45:02","breadcrumb_settings":null,"limit_modified_date":false,"open_ai":null,"ai":null,"created":"2020-11-14 22:54:39","updated":"2026-06-02 10:45:02","focus_keyword":null,"additional_keywords":null,"truseo_locale":null},"aioseo_breadcrumb":"<div class=\"aioseo-breadcrumbs\"><span class=\"aioseo-breadcrumb\">\n\t<a href=\"https:\/\/www.eldigitaldeasturias.com\/noticias\" title=\"Home\">Home<\/a>\n<\/span><span class=\"aioseo-breadcrumb-separator\">\u2013<\/span><span class=\"aioseo-breadcrumb\">\n\t<a href=\"https:\/\/www.eldigitaldeasturias.com\/noticias\/category\/actualidad\/\" title=\"Actualidad\">Actualidad<\/a>\n<\/span><span class=\"aioseo-breadcrumb-separator\">\u2013<\/span><span class=\"aioseo-breadcrumb\">\n\t<a href=\"https:\/\/www.eldigitaldeasturias.com\/noticias\/upyd-pide-obligar-a-cataluna-a-cumplir-las-sentencias-sobre-el-castellano\/\" title=\"UPyD pide obligar a Catalu\u00f1a a cumplir las sentencias sobre el castellano\">UPyD pide obligar a Catalu\u00f1a a cumplir las sentencias sobre el castellano<\/a>\n<\/span><\/div>","aioseo_breadcrumb_json":[{"label":"Home","link":"https:\/\/www.eldigitaldeasturias.com\/noticias"},{"label":"Actualidad","link":"https:\/\/www.eldigitaldeasturias.com\/noticias\/category\/actualidad\/"},{"label":"UPyD pide obligar a Catalu\u00f1a a cumplir las sentencias sobre el castellano","link":"https:\/\/www.eldigitaldeasturias.com\/noticias\/upyd-pide-obligar-a-cataluna-a-cumplir-las-sentencias-sobre-el-castellano\/"}],"_links":{"self":[{"href":"https:\/\/www.eldigitaldeasturias.com\/noticias\/wp-json\/wp\/v2\/posts\/482741","targetHints":{"allow":["GET"]}}],"collection":[{"href":"https:\/\/www.eldigitaldeasturias.com\/noticias\/wp-json\/wp\/v2\/posts"}],"about":[{"href":"https:\/\/www.eldigitaldeasturias.com\/noticias\/wp-json\/wp\/v2\/types\/post"}],"author":[{"embeddable":true,"href":"https:\/\/www.eldigitaldeasturias.com\/noticias\/wp-json\/wp\/v2\/users\/1"}],"replies":[{"embeddable":true,"href":"https:\/\/www.eldigitaldeasturias.com\/noticias\/wp-json\/wp\/v2\/comments?post=482741"}],"version-history":[{"count":0,"href":"https:\/\/www.eldigitaldeasturias.com\/noticias\/wp-json\/wp\/v2\/posts\/482741\/revisions"}],"wp:attachment":[{"href":"https:\/\/www.eldigitaldeasturias.com\/noticias\/wp-json\/wp\/v2\/media?parent=482741"}],"wp:term":[{"taxonomy":"category","embeddable":true,"href":"https:\/\/www.eldigitaldeasturias.com\/noticias\/wp-json\/wp\/v2\/categories?post=482741"},{"taxonomy":"post_tag","embeddable":true,"href":"https:\/\/www.eldigitaldeasturias.com\/noticias\/wp-json\/wp\/v2\/tags?post=482741"}],"curies":[{"name":"wp","href":"https:\/\/api.w.org\/{rel}","templated":true}]}}