{"id":482721,"date":"2014-02-03T18:10:29","date_gmt":"2014-02-03T19:10:29","guid":{"rendered":"http:\/\/www.eldigitaldeasturias.com\/noticias\/?p=482721"},"modified":"2014-02-03T18:10:29","modified_gmt":"2014-02-03T19:10:29","slug":"el-palacio-euskalduna-salva-2013-con-beneficio-y-espera-un-gran-ano-en-2014","status":"publish","type":"post","link":"https:\/\/www.eldigitaldeasturias.com\/noticias\/el-palacio-euskalduna-salva-2013-con-beneficio-y-espera-un-gran-ano-en-2014\/","title":{"rendered":"El Palacio Euskalduna salva 2013 con beneficio y espera un \u00abgran a\u00f1o\u00bb en 2014"},"content":{"rendered":"<p><img loading=\"lazy\" decoding=\"async\" class=\"alignleft size-medium wp-image-482722\" alt=\"5903443w\" src=\"https:\/\/www.eldigitaldeasturias.com\/noticias\/wp-content\/uploads\/2014\/02\/5903443w-360x202.jpg\" width=\"360\" height=\"202\" \/>Bilbao, 3 feb (EFE).- El Palacio Euskalduna de Bilbao consigui\u00f3 salvar 2013 con un beneficio bruto de explotaci\u00f3n (Ebitda) de 116.216 euros y su director general, Jon Ortuzar, espera que 2014 sea un \u00abgran a\u00f1o\u00bb, gracias a la programaci\u00f3n de diez congresos \u00abgrandes\u00bb, de m\u00e1s de 1.000 participantes.<\/p>\n<p>La diputada vizca\u00edna de Cultura y presidenta del consejo de administraci\u00f3n del Palacio Euskalduna, Josune Ariztondo, ha recalcado en una rueda de prensa en Bilbao que este equipamiento ha tenido, desde que se inaugur\u00f3 en 1999, beneficios en todos sus ejercicios y no ha recibido nunca subvenciones para su actividad ordinaria.<\/p>\n<p>Ortuzar ha explicado que 2013 ha sido el \u00aba\u00f1o m\u00e1s dif\u00edcil\u00bb para los palacios de congresos en Espa\u00f1a, el de Valencia ha perdido m\u00e1s de un mill\u00f3n de euros, seg\u00fan ha dicho, pese a lo cual el Euskalduna logr\u00f3 un Etbida positivo, con actividad el 92 por ciento de los d\u00edas del a\u00f1o y 494.430 visitantes en el ejercicio, unos datos \u00abmuy buenos\u00bb, seg\u00fan su director.<\/p>\n<p>Para 2104, Ortuzar espera un \u00abgran a\u00f1o\u00bb, con congresos de gran tama\u00f1o como el de la Sociedad Espa\u00f1ola de M\u00e9dicos de Atenci\u00f3n Primaria, del 8 al 14 de octubre, que reunir\u00e1 en Bilbao durante 4 d\u00edas a 4.000 profesionales, que ya han reservado 2.500 habitaciones hoteleras.<\/p>\n<p>Este congreso, que ya acogi\u00f3 el Euskalduna en 2005, ser\u00e1 el mayor celebrado hasta hora en Bizkaia.<\/p>\n<p>Otros congresos relevantes del a\u00f1o ser\u00e1n los de la Sociedad Espa\u00f1ola de Oftalmolog\u00eda y el de la Sociedad Espa\u00f1ola de Neumolog\u00eda y Cirug\u00eda Tor\u00e1cica, que reunir\u00e1n, cada uno de ellos, a 2.000 m\u00e9dicos durante cuatro d\u00edas.<\/p>\n<p>Ortuzar ha se\u00f1alado que el Euskalduna mantendr\u00e1 congeladas sus tarifas por tercer a\u00f1o consecutivo y ha criticado duramente la \u00abcompetencia desleal\u00bb de entidades, \u00abmuchas veces en p\u00e9rdidas y con subvenciones p\u00fablicas\u00bb, que \u00abregalan\u00bb sus salas para hacer eventos.<\/p>\n<p>El director del recinto bilba\u00edno ha comentado que la estrategia de crecimiento del Euskalduna, tras consolidarse entre los \u00abmejores\u00bb para congresos nacionales, pasa por el \u00e1mbito internacional, en el que se puede \u00abhacer mucho\u00bb, aunque es \u00abdif\u00edcil\u00bb, gracias al propio Euskalduna, la \u00abmuy buena\u00bb oferta hotelera y de transportes, el \u00abinsuperable\u00bb Museo Guggenheim y el tama\u00f1o \u00abmedio y c\u00f3modo\u00bb de la ciudad.<\/p>\n<p>En 2013, el Palacio Euskalduna acogi\u00f3 416 eventos congresuales y de empresa, la gran mayor\u00eda (276) seminarios y jornadas, y 328 representaciones, de las que 113 fueron teatrales y el resto, musicales, sobre todo de la programaci\u00f3n estable de la Orquesta Sinf\u00f3nica de Bilbao y de la temporada de \u00f3pera.<\/p>\n<p>El Euskalduna calcula que ha tenido un impacto econ\u00f3mico en su entorno de 77,5 millones de euros, posibilitando el mantenimiento de 1.227 empleos y generando 6 millones de euros en impuestos.<\/p>\n","protected":false},"excerpt":{"rendered":"<p>Bilbao, 3 feb (EFE).- El Palacio Euskalduna de Bilbao consigui\u00f3 salvar 2013 con un beneficio bruto de explotaci\u00f3n (Ebitda) de 116.216 euros y su director general, Jon Ortuzar, espera que 2014 sea un \u00abgran a\u00f1o\u00bb, gracias a la programaci\u00f3n de diez congresos \u00abgrandes\u00bb, de m\u00e1s de 1.000 participantes. La diputada vizca\u00edna de Cultura y presidenta [&hellip;]<\/p>\n","protected":false},"author":1,"featured_media":482722,"comment_status":"closed","ping_status":"open","sticky":false,"template":"","format":"standard","meta":{"footnotes":""},"categories":[1],"tags":[],"class_list":["post-482721","post","type-post","status-publish","format-standard","has-post-thumbnail","hentry","category-actualidad"],"aioseo_notices":[],"aioseo_head":"\n\t\t<!-- All in One SEO Pro 5.0.1 - aioseo.com -->\n\t<meta name=\"description\" content=\"Bilbao, 3 feb (EFE).- El Palacio Euskalduna de Bilbao consigui\u00f3 salvar 2013 con un beneficio bruto de explotaci\u00f3n (Ebitda) de 116.216 euros y su director general, Jon Ortuzar, espera que 2014 sea un &quot;gran a\u00f1o&quot;, gracias a la programaci\u00f3n de diez congresos &quot;grandes&quot;, de m\u00e1s de 1.000 participantes. La diputada vizca\u00edna de Cultura y presidenta\" \/>\n\t<meta name=\"robots\" content=\"max-image-preview:large\" \/>\n\t<meta name=\"author\" content=\"El Digital de Asturias\"\/>\n\t<meta name=\"google-site-verification\" content=\"UA-38556648-1\" \/>\n\t<meta name=\"msvalidate.01\" content=\"7dfe9f3f1b24437ab69f4f2559babe99\" \/>\n\t<meta name=\"keywords\" content=\"actualidad\" \/>\n\t<link rel=\"canonical\" href=\"https:\/\/www.eldigitaldeasturias.com\/noticias\/el-palacio-euskalduna-salva-2013-con-beneficio-y-espera-un-gran-ano-en-2014\/\" \/>\n\t<meta name=\"generator\" content=\"All in One SEO Pro (AIOSEO) 5.0.1\" \/>\n\t\t<meta property=\"og:locale\" content=\"es_ES\" \/>\n\t\t<meta property=\"og:site_name\" content=\"El Digital de Asturias\" \/>\n\t\t<meta property=\"og:type\" content=\"article\" \/>\n\t\t<meta property=\"og:title\" content=\"El Palacio Euskalduna salva 2013 con beneficio y espera un \u00abgran a\u00f1o\u00bb en 2014 - El Digital de Asturias\" \/>\n\t\t<meta property=\"og:description\" content=\"Bilbao, 3 feb (EFE).- El Palacio Euskalduna de Bilbao consigui\u00f3 salvar 2013 con un beneficio bruto de explotaci\u00f3n (Ebitda) de 116.216 euros y su director general, Jon Ortuzar, espera que 2014 sea un &quot;gran a\u00f1o&quot;, gracias a la programaci\u00f3n de diez congresos &quot;grandes&quot;, de m\u00e1s de 1.000 participantes. La diputada vizca\u00edna de Cultura y presidenta\" \/>\n\t\t<meta property=\"og:url\" content=\"https:\/\/www.eldigitaldeasturias.com\/noticias\/el-palacio-euskalduna-salva-2013-con-beneficio-y-espera-un-gran-ano-en-2014\/\" \/>\n\t\t<meta property=\"article:tag\" content=\"actualidad\" \/>\n\t\t<meta property=\"article:published_time\" content=\"2014-02-03T19:10:29+00:00\" \/>\n\t\t<meta property=\"article:modified_time\" content=\"2014-02-03T19:10:29+00:00\" \/>\n\t\t<meta property=\"article:publisher\" content=\"https:\/\/facebook.com\/eldigitaldeasturias\" \/>\n\t\t<meta name=\"twitter:card\" content=\"summary_large_image\" \/>\n\t\t<meta name=\"twitter:title\" content=\"El Palacio Euskalduna salva 2013 con beneficio y espera un \u00abgran a\u00f1o\u00bb en 2014 - El Digital de Asturias\" \/>\n\t\t<meta name=\"twitter:description\" content=\"Bilbao, 3 feb (EFE).- El Palacio Euskalduna de Bilbao consigui\u00f3 salvar 2013 con un beneficio bruto de explotaci\u00f3n (Ebitda) de 116.216 euros y su director general, Jon Ortuzar, espera que 2014 sea un &quot;gran a\u00f1o&quot;, gracias a la programaci\u00f3n de diez congresos &quot;grandes&quot;, de m\u00e1s de 1.000 participantes. La diputada vizca\u00edna de Cultura y presidenta\" \/>\n\t\t<meta name=\"twitter:label1\" content=\"Escrito por\" \/>\n\t\t<meta name=\"twitter:data1\" content=\"El Digital de Asturias\" \/>\n\t\t<meta name=\"twitter:label2\" content=\"Tiempo de lectura estimado\" \/>\n\t\t<meta name=\"twitter:data2\" content=\"2 minutos\" \/>\n\t\t<script type=\"application\/ld+json\" class=\"aioseo-schema\">\n\t\t\t{\"@context\":\"https:\\\/\\\/schema.org\",\"@graph\":[{\"@type\":\"BlogPosting\",\"@id\":\"https:\\\/\\\/www.eldigitaldeasturias.com\\\/noticias\\\/el-palacio-euskalduna-salva-2013-con-beneficio-y-espera-un-gran-ano-en-2014\\\/#blogposting\",\"name\":\"El Palacio Euskalduna salva 2013 con beneficio y espera un \\u00abgran a\\u00f1o\\u00bb en 2014 - El Digital de Asturias\",\"headline\":\"El Palacio Euskalduna salva 2013 con beneficio y espera un \\u00abgran a\\u00f1o\\u00bb en 2014\",\"author\":{\"@id\":\"https:\\\/\\\/www.eldigitaldeasturias.com\\\/noticias\\\/author\\\/admin\\\/#author\"},\"publisher\":{\"@id\":\"https:\\\/\\\/www.eldigitaldeasturias.com\\\/noticias\\\/#organization\"},\"image\":{\"@type\":\"ImageObject\",\"url\":482722},\"datePublished\":\"2014-02-03T18:10:29+01:00\",\"dateModified\":\"2014-02-03T18:10:29+01:00\",\"inLanguage\":\"es-ES\",\"mainEntityOfPage\":{\"@id\":\"https:\\\/\\\/www.eldigitaldeasturias.com\\\/noticias\\\/el-palacio-euskalduna-salva-2013-con-beneficio-y-espera-un-gran-ano-en-2014\\\/#webpage\"},\"isPartOf\":{\"@id\":\"https:\\\/\\\/www.eldigitaldeasturias.com\\\/noticias\\\/el-palacio-euskalduna-salva-2013-con-beneficio-y-espera-un-gran-ano-en-2014\\\/#webpage\"},\"articleSection\":\"Actualidad\"},{\"@type\":\"BreadcrumbList\",\"@id\":\"https:\\\/\\\/www.eldigitaldeasturias.com\\\/noticias\\\/el-palacio-euskalduna-salva-2013-con-beneficio-y-espera-un-gran-ano-en-2014\\\/#breadcrumblist\",\"itemListElement\":[{\"@type\":\"ListItem\",\"@id\":\"https:\\\/\\\/www.eldigitaldeasturias.com\\\/noticias#listItem\",\"position\":1,\"name\":\"Home\",\"item\":\"https:\\\/\\\/www.eldigitaldeasturias.com\\\/noticias\",\"nextItem\":{\"@type\":\"ListItem\",\"@id\":\"https:\\\/\\\/www.eldigitaldeasturias.com\\\/noticias\\\/category\\\/actualidad\\\/#listItem\",\"name\":\"Actualidad\"}},{\"@type\":\"ListItem\",\"@id\":\"https:\\\/\\\/www.eldigitaldeasturias.com\\\/noticias\\\/category\\\/actualidad\\\/#listItem\",\"position\":2,\"name\":\"Actualidad\",\"item\":\"https:\\\/\\\/www.eldigitaldeasturias.com\\\/noticias\\\/category\\\/actualidad\\\/\",\"nextItem\":{\"@type\":\"ListItem\",\"@id\":\"https:\\\/\\\/www.eldigitaldeasturias.com\\\/noticias\\\/el-palacio-euskalduna-salva-2013-con-beneficio-y-espera-un-gran-ano-en-2014\\\/#listItem\",\"name\":\"El Palacio Euskalduna salva 2013 con beneficio y espera un \\u00abgran a\\u00f1o\\u00bb en 2014\"},\"previousItem\":{\"@type\":\"ListItem\",\"@id\":\"https:\\\/\\\/www.eldigitaldeasturias.com\\\/noticias#listItem\",\"name\":\"Home\"}},{\"@type\":\"ListItem\",\"@id\":\"https:\\\/\\\/www.eldigitaldeasturias.com\\\/noticias\\\/el-palacio-euskalduna-salva-2013-con-beneficio-y-espera-un-gran-ano-en-2014\\\/#listItem\",\"position\":3,\"name\":\"El Palacio Euskalduna salva 2013 con beneficio y espera un \\u00abgran a\\u00f1o\\u00bb en 2014\",\"previousItem\":{\"@type\":\"ListItem\",\"@id\":\"https:\\\/\\\/www.eldigitaldeasturias.com\\\/noticias\\\/category\\\/actualidad\\\/#listItem\",\"name\":\"Actualidad\"}}]},{\"@type\":\"Organization\",\"@id\":\"https:\\\/\\\/www.eldigitaldeasturias.com\\\/noticias\\\/#organization\",\"name\":\"El Digital de Asturias\",\"description\":\"Hemeroteca\",\"url\":\"https:\\\/\\\/www.eldigitaldeasturias.com\\\/noticias\\\/\",\"email\":\"info@eldigitaldeasturias.com\",\"telephone\":\"+34652131393\",\"logo\":{\"@type\":\"ImageObject\",\"url\":\"https:\\\/\\\/www.eldigitaldeasturias.com\\\/noticias\\\/wp-content\\\/uploads\\\/2020\\\/12\\\/EDA.jpg\",\"@id\":\"https:\\\/\\\/www.eldigitaldeasturias.com\\\/noticias\\\/el-palacio-euskalduna-salva-2013-con-beneficio-y-espera-un-gran-ano-en-2014\\\/#organizationLogo\"},\"image\":{\"@id\":\"https:\\\/\\\/www.eldigitaldeasturias.com\\\/noticias\\\/el-palacio-euskalduna-salva-2013-con-beneficio-y-espera-un-gran-ano-en-2014\\\/#organizationLogo\"},\"sameAs\":[\"https:\\\/\\\/facebook.com\\\/eldigitaldeasturias\",\"https:\\\/\\\/www.youtube.com\\\/channel\\\/UCZP-2wLEB9Rv6erhFmqVnvg\"],\"address\":{\"@id\":\"https:\\\/\\\/www.eldigitaldeasturias.com\\\/noticias\\\/#postaladdress\",\"@type\":\"PostalAddress\",\"streetAddress\":\"san antonio 4\",\"postalCode\":\"33430\",\"addressLocality\":\"Cand\\u00e1s\",\"addressRegion\":\"Asturias\",\"addressCountry\":\"ES\"}},{\"@type\":\"Person\",\"@id\":\"https:\\\/\\\/www.eldigitaldeasturias.com\\\/noticias\\\/author\\\/admin\\\/#author\",\"url\":\"https:\\\/\\\/www.eldigitaldeasturias.com\\\/noticias\\\/author\\\/admin\\\/\",\"name\":\"El Digital de Asturias\",\"image\":{\"@type\":\"ImageObject\",\"@id\":\"https:\\\/\\\/www.eldigitaldeasturias.com\\\/noticias\\\/el-palacio-euskalduna-salva-2013-con-beneficio-y-espera-un-gran-ano-en-2014\\\/#authorImage\",\"url\":\"https:\\\/\\\/secure.gravatar.com\\\/avatar\\\/df2aeffc32bcd13f8d26072ef8a91b623d677766deac7f97ca815868cd41bf5e?s=96&d=mm&r=g\",\"width\":96,\"height\":96,\"caption\":\"El Digital de Asturias\"}},{\"@type\":\"WebPage\",\"@id\":\"https:\\\/\\\/www.eldigitaldeasturias.com\\\/noticias\\\/el-palacio-euskalduna-salva-2013-con-beneficio-y-espera-un-gran-ano-en-2014\\\/#webpage\",\"url\":\"https:\\\/\\\/www.eldigitaldeasturias.com\\\/noticias\\\/el-palacio-euskalduna-salva-2013-con-beneficio-y-espera-un-gran-ano-en-2014\\\/\",\"name\":\"El Palacio Euskalduna salva 2013 con beneficio y espera un \\u00abgran a\\u00f1o\\u00bb en 2014 - El Digital de Asturias\",\"description\":\"Bilbao, 3 feb (EFE).- El Palacio Euskalduna de Bilbao consigui\\u00f3 salvar 2013 con un beneficio bruto de explotaci\\u00f3n (Ebitda) de 116.216 euros y su director general, Jon Ortuzar, espera que 2014 sea un \\\"gran a\\u00f1o\\\", gracias a la programaci\\u00f3n de diez congresos \\\"grandes\\\", de m\\u00e1s de 1.000 participantes. La diputada vizca\\u00edna de Cultura y presidenta\",\"inLanguage\":\"es-ES\",\"isPartOf\":{\"@id\":\"https:\\\/\\\/www.eldigitaldeasturias.com\\\/noticias\\\/#website\"},\"breadcrumb\":{\"@id\":\"https:\\\/\\\/www.eldigitaldeasturias.com\\\/noticias\\\/el-palacio-euskalduna-salva-2013-con-beneficio-y-espera-un-gran-ano-en-2014\\\/#breadcrumblist\"},\"author\":{\"@id\":\"https:\\\/\\\/www.eldigitaldeasturias.com\\\/noticias\\\/author\\\/admin\\\/#author\"},\"creator\":{\"@id\":\"https:\\\/\\\/www.eldigitaldeasturias.com\\\/noticias\\\/author\\\/admin\\\/#author\"},\"image\":{\"@type\":\"ImageObject\",\"url\":482722,\"@id\":\"https:\\\/\\\/www.eldigitaldeasturias.com\\\/noticias\\\/el-palacio-euskalduna-salva-2013-con-beneficio-y-espera-un-gran-ano-en-2014\\\/#mainImage\"},\"primaryImageOfPage\":{\"@id\":\"https:\\\/\\\/www.eldigitaldeasturias.com\\\/noticias\\\/el-palacio-euskalduna-salva-2013-con-beneficio-y-espera-un-gran-ano-en-2014\\\/#mainImage\"},\"datePublished\":\"2014-02-03T18:10:29+01:00\",\"dateModified\":\"2014-02-03T18:10:29+01:00\"},{\"@type\":\"WebSite\",\"@id\":\"https:\\\/\\\/www.eldigitaldeasturias.com\\\/noticias\\\/#website\",\"url\":\"https:\\\/\\\/www.eldigitaldeasturias.com\\\/noticias\\\/\",\"name\":\"El Digital de Asturias - Diario de actualidad y noticias\",\"alternateName\":\"El Digital de Asturias - Diario de actualidad y noticias\",\"description\":\"Hemeroteca\",\"inLanguage\":\"es-ES\",\"publisher\":{\"@id\":\"https:\\\/\\\/www.eldigitaldeasturias.com\\\/noticias\\\/#organization\"}}]}\n\t\t<\/script>\n\t\t<!-- All in One SEO Pro -->\r\n\t\t<title>El Palacio Euskalduna salva 2013 con beneficio y espera un \u00abgran a\u00f1o\u00bb en 2014 - El Digital de Asturias<\/title>\n\n","aioseo_head_json":{"title":"El Palacio Euskalduna salva 2013 con beneficio y espera un \u00abgran a\u00f1o\u00bb en 2014 - El Digital de Asturias","description":"Bilbao, 3 feb (EFE).- El Palacio Euskalduna de Bilbao consigui\u00f3 salvar 2013 con un beneficio bruto de explotaci\u00f3n (Ebitda) de 116.216 euros y su director general, Jon Ortuzar, espera que 2014 sea un \"gran a\u00f1o\", gracias a la programaci\u00f3n de diez congresos \"grandes\", de m\u00e1s de 1.000 participantes. La diputada vizca\u00edna de Cultura y presidenta","canonical_url":"https:\/\/www.eldigitaldeasturias.com\/noticias\/el-palacio-euskalduna-salva-2013-con-beneficio-y-espera-un-gran-ano-en-2014\/","robots":"max-image-preview:large","keywords":"actualidad","webmasterTools":{"google-site-verification":"UA-38556648-1","msvalidate.01":"7dfe9f3f1b24437ab69f4f2559babe99","miscellaneous":""},"schema":{"@context":"https:\/\/schema.org","@graph":[{"@type":"BlogPosting","@id":"https:\/\/www.eldigitaldeasturias.com\/noticias\/el-palacio-euskalduna-salva-2013-con-beneficio-y-espera-un-gran-ano-en-2014\/#blogposting","name":"El Palacio Euskalduna salva 2013 con beneficio y espera un \u00abgran a\u00f1o\u00bb en 2014 - El Digital de Asturias","headline":"El Palacio Euskalduna salva 2013 con beneficio y espera un \u00abgran a\u00f1o\u00bb en 2014","author":{"@id":"https:\/\/www.eldigitaldeasturias.com\/noticias\/author\/admin\/#author"},"publisher":{"@id":"https:\/\/www.eldigitaldeasturias.com\/noticias\/#organization"},"image":{"@type":"ImageObject","url":482722},"datePublished":"2014-02-03T18:10:29+01:00","dateModified":"2014-02-03T18:10:29+01:00","inLanguage":"es-ES","mainEntityOfPage":{"@id":"https:\/\/www.eldigitaldeasturias.com\/noticias\/el-palacio-euskalduna-salva-2013-con-beneficio-y-espera-un-gran-ano-en-2014\/#webpage"},"isPartOf":{"@id":"https:\/\/www.eldigitaldeasturias.com\/noticias\/el-palacio-euskalduna-salva-2013-con-beneficio-y-espera-un-gran-ano-en-2014\/#webpage"},"articleSection":"Actualidad"},{"@type":"BreadcrumbList","@id":"https:\/\/www.eldigitaldeasturias.com\/noticias\/el-palacio-euskalduna-salva-2013-con-beneficio-y-espera-un-gran-ano-en-2014\/#breadcrumblist","itemListElement":[{"@type":"ListItem","@id":"https:\/\/www.eldigitaldeasturias.com\/noticias#listItem","position":1,"name":"Home","item":"https:\/\/www.eldigitaldeasturias.com\/noticias","nextItem":{"@type":"ListItem","@id":"https:\/\/www.eldigitaldeasturias.com\/noticias\/category\/actualidad\/#listItem","name":"Actualidad"}},{"@type":"ListItem","@id":"https:\/\/www.eldigitaldeasturias.com\/noticias\/category\/actualidad\/#listItem","position":2,"name":"Actualidad","item":"https:\/\/www.eldigitaldeasturias.com\/noticias\/category\/actualidad\/","nextItem":{"@type":"ListItem","@id":"https:\/\/www.eldigitaldeasturias.com\/noticias\/el-palacio-euskalduna-salva-2013-con-beneficio-y-espera-un-gran-ano-en-2014\/#listItem","name":"El Palacio Euskalduna salva 2013 con beneficio y espera un \u00abgran a\u00f1o\u00bb en 2014"},"previousItem":{"@type":"ListItem","@id":"https:\/\/www.eldigitaldeasturias.com\/noticias#listItem","name":"Home"}},{"@type":"ListItem","@id":"https:\/\/www.eldigitaldeasturias.com\/noticias\/el-palacio-euskalduna-salva-2013-con-beneficio-y-espera-un-gran-ano-en-2014\/#listItem","position":3,"name":"El Palacio Euskalduna salva 2013 con beneficio y espera un \u00abgran a\u00f1o\u00bb en 2014","previousItem":{"@type":"ListItem","@id":"https:\/\/www.eldigitaldeasturias.com\/noticias\/category\/actualidad\/#listItem","name":"Actualidad"}}]},{"@type":"Organization","@id":"https:\/\/www.eldigitaldeasturias.com\/noticias\/#organization","name":"El Digital de Asturias","description":"Hemeroteca","url":"https:\/\/www.eldigitaldeasturias.com\/noticias\/","email":"info@eldigitaldeasturias.com","telephone":"+34652131393","logo":{"@type":"ImageObject","url":"https:\/\/www.eldigitaldeasturias.com\/noticias\/wp-content\/uploads\/2020\/12\/EDA.jpg","@id":"https:\/\/www.eldigitaldeasturias.com\/noticias\/el-palacio-euskalduna-salva-2013-con-beneficio-y-espera-un-gran-ano-en-2014\/#organizationLogo"},"image":{"@id":"https:\/\/www.eldigitaldeasturias.com\/noticias\/el-palacio-euskalduna-salva-2013-con-beneficio-y-espera-un-gran-ano-en-2014\/#organizationLogo"},"sameAs":["https:\/\/facebook.com\/eldigitaldeasturias","https:\/\/www.youtube.com\/channel\/UCZP-2wLEB9Rv6erhFmqVnvg"],"address":{"@id":"https:\/\/www.eldigitaldeasturias.com\/noticias\/#postaladdress","@type":"PostalAddress","streetAddress":"san antonio 4","postalCode":"33430","addressLocality":"Cand\u00e1s","addressRegion":"Asturias","addressCountry":"ES"}},{"@type":"Person","@id":"https:\/\/www.eldigitaldeasturias.com\/noticias\/author\/admin\/#author","url":"https:\/\/www.eldigitaldeasturias.com\/noticias\/author\/admin\/","name":"El Digital de Asturias","image":{"@type":"ImageObject","@id":"https:\/\/www.eldigitaldeasturias.com\/noticias\/el-palacio-euskalduna-salva-2013-con-beneficio-y-espera-un-gran-ano-en-2014\/#authorImage","url":"https:\/\/secure.gravatar.com\/avatar\/df2aeffc32bcd13f8d26072ef8a91b623d677766deac7f97ca815868cd41bf5e?s=96&d=mm&r=g","width":96,"height":96,"caption":"El Digital de Asturias"}},{"@type":"WebPage","@id":"https:\/\/www.eldigitaldeasturias.com\/noticias\/el-palacio-euskalduna-salva-2013-con-beneficio-y-espera-un-gran-ano-en-2014\/#webpage","url":"https:\/\/www.eldigitaldeasturias.com\/noticias\/el-palacio-euskalduna-salva-2013-con-beneficio-y-espera-un-gran-ano-en-2014\/","name":"El Palacio Euskalduna salva 2013 con beneficio y espera un \u00abgran a\u00f1o\u00bb en 2014 - El Digital de Asturias","description":"Bilbao, 3 feb (EFE).- El Palacio Euskalduna de Bilbao consigui\u00f3 salvar 2013 con un beneficio bruto de explotaci\u00f3n (Ebitda) de 116.216 euros y su director general, Jon Ortuzar, espera que 2014 sea un \"gran a\u00f1o\", gracias a la programaci\u00f3n de diez congresos \"grandes\", de m\u00e1s de 1.000 participantes. La diputada vizca\u00edna de Cultura y presidenta","inLanguage":"es-ES","isPartOf":{"@id":"https:\/\/www.eldigitaldeasturias.com\/noticias\/#website"},"breadcrumb":{"@id":"https:\/\/www.eldigitaldeasturias.com\/noticias\/el-palacio-euskalduna-salva-2013-con-beneficio-y-espera-un-gran-ano-en-2014\/#breadcrumblist"},"author":{"@id":"https:\/\/www.eldigitaldeasturias.com\/noticias\/author\/admin\/#author"},"creator":{"@id":"https:\/\/www.eldigitaldeasturias.com\/noticias\/author\/admin\/#author"},"image":{"@type":"ImageObject","url":482722,"@id":"https:\/\/www.eldigitaldeasturias.com\/noticias\/el-palacio-euskalduna-salva-2013-con-beneficio-y-espera-un-gran-ano-en-2014\/#mainImage"},"primaryImageOfPage":{"@id":"https:\/\/www.eldigitaldeasturias.com\/noticias\/el-palacio-euskalduna-salva-2013-con-beneficio-y-espera-un-gran-ano-en-2014\/#mainImage"},"datePublished":"2014-02-03T18:10:29+01:00","dateModified":"2014-02-03T18:10:29+01:00"},{"@type":"WebSite","@id":"https:\/\/www.eldigitaldeasturias.com\/noticias\/#website","url":"https:\/\/www.eldigitaldeasturias.com\/noticias\/","name":"El Digital de Asturias - Diario de actualidad y noticias","alternateName":"El Digital de Asturias - Diario de actualidad y noticias","description":"Hemeroteca","inLanguage":"es-ES","publisher":{"@id":"https:\/\/www.eldigitaldeasturias.com\/noticias\/#organization"}}]},"og:locale":"es_ES","og:site_name":"El Digital de Asturias","og:type":"article","og:title":"El Palacio Euskalduna salva 2013 con beneficio y espera un \u00abgran a\u00f1o\u00bb en 2014 - El Digital de Asturias","og:description":"Bilbao, 3 feb (EFE).- El Palacio Euskalduna de Bilbao consigui\u00f3 salvar 2013 con un beneficio bruto de explotaci\u00f3n (Ebitda) de 116.216 euros y su director general, Jon Ortuzar, espera que 2014 sea un &quot;gran a\u00f1o&quot;, gracias a la programaci\u00f3n de diez congresos &quot;grandes&quot;, de m\u00e1s de 1.000 participantes. La diputada vizca\u00edna de Cultura y presidenta","og:url":"https:\/\/www.eldigitaldeasturias.com\/noticias\/el-palacio-euskalduna-salva-2013-con-beneficio-y-espera-un-gran-ano-en-2014\/","article:tag":["actualidad"],"article:published_time":"2014-02-03T19:10:29+00:00","article:modified_time":"2014-02-03T19:10:29+00:00","article:publisher":"https:\/\/facebook.com\/eldigitaldeasturias","twitter:card":"summary_large_image","twitter:title":"El Palacio Euskalduna salva 2013 con beneficio y espera un \u00abgran a\u00f1o\u00bb en 2014 - El Digital de Asturias","twitter:description":"Bilbao, 3 feb (EFE).- El Palacio Euskalduna de Bilbao consigui\u00f3 salvar 2013 con un beneficio bruto de explotaci\u00f3n (Ebitda) de 116.216 euros y su director general, Jon Ortuzar, espera que 2014 sea un &quot;gran a\u00f1o&quot;, gracias a la programaci\u00f3n de diez congresos &quot;grandes&quot;, de m\u00e1s de 1.000 participantes. La diputada vizca\u00edna de Cultura y presidenta","twitter:label1":"Escrito por","twitter:data1":"El Digital de Asturias","twitter:label2":"Tiempo de lectura estimado","twitter:data2":"2 minutos"},"aioseo_meta_data":{"post_id":"482721","title":null,"description":null,"keywords":null,"keyphrases":null,"primary_term":null,"canonical_url":null,"og_title":null,"og_description":null,"og_object_type":"default","og_image_type":"default","og_image_url":null,"og_image_width":null,"og_image_height":null,"og_image_custom_url":null,"og_image_custom_fields":null,"og_video":null,"og_custom_url":null,"og_article_section":null,"og_article_tags":null,"twitter_use_og":true,"twitter_card":"default","twitter_image_type":"default","twitter_image_url":null,"twitter_image_custom_url":null,"twitter_image_custom_fields":null,"twitter_title":null,"twitter_description":null,"schema":{"blockGraphs":[],"customGraphs":[],"default":{"data":{"Article":[],"Course":[],"Dataset":[],"FAQPage":[],"Movie":[],"Person":[],"Product":[],"ProductReview":[],"Car":[],"Recipe":[],"Service":[],"SoftwareApplication":[],"WebPage":[]},"graphName":"","isEnabled":true},"graphs":[],"defaultGraph":"","defaultPostTypeGraph":""},"schema_type":null,"schema_type_options":null,"pillar_content":false,"robots_default":true,"robots_noindex":false,"robots_noarchive":false,"robots_nosnippet":false,"robots_nofollow":false,"robots_noimageindex":false,"robots_noodp":false,"robots_notranslate":false,"robots_max_snippet":null,"robots_max_videopreview":null,"robots_max_imagepreview":"none","priority":null,"frequency":null,"local_seo":null,"seo_analyzer_scan_date":"2026-06-02 10:42:58","breadcrumb_settings":null,"limit_modified_date":false,"open_ai":null,"ai":null,"created":"2020-11-14 22:54:39","updated":"2026-06-02 10:42:58","focus_keyword":null,"additional_keywords":null,"truseo_locale":null},"aioseo_breadcrumb":"<div class=\"aioseo-breadcrumbs\"><span class=\"aioseo-breadcrumb\">\n\t<a href=\"https:\/\/www.eldigitaldeasturias.com\/noticias\" title=\"Home\">Home<\/a>\n<\/span><span class=\"aioseo-breadcrumb-separator\">\u2013<\/span><span class=\"aioseo-breadcrumb\">\n\t<a href=\"https:\/\/www.eldigitaldeasturias.com\/noticias\/category\/actualidad\/\" title=\"Actualidad\">Actualidad<\/a>\n<\/span><span class=\"aioseo-breadcrumb-separator\">\u2013<\/span><span class=\"aioseo-breadcrumb\">\n\t<a href=\"https:\/\/www.eldigitaldeasturias.com\/noticias\/el-palacio-euskalduna-salva-2013-con-beneficio-y-espera-un-gran-ano-en-2014\/\" title=\"El Palacio Euskalduna salva 2013 con beneficio y espera un \u00abgran a\u00f1o\u00bb en 2014\">El Palacio Euskalduna salva 2013 con beneficio y espera un \u00abgran a\u00f1o\u00bb en 2014<\/a>\n<\/span><\/div>","aioseo_breadcrumb_json":[{"label":"Home","link":"https:\/\/www.eldigitaldeasturias.com\/noticias"},{"label":"Actualidad","link":"https:\/\/www.eldigitaldeasturias.com\/noticias\/category\/actualidad\/"},{"label":"El Palacio Euskalduna salva 2013 con beneficio y espera un \u00abgran a\u00f1o\u00bb en 2014","link":"https:\/\/www.eldigitaldeasturias.com\/noticias\/el-palacio-euskalduna-salva-2013-con-beneficio-y-espera-un-gran-ano-en-2014\/"}],"_links":{"self":[{"href":"https:\/\/www.eldigitaldeasturias.com\/noticias\/wp-json\/wp\/v2\/posts\/482721","targetHints":{"allow":["GET"]}}],"collection":[{"href":"https:\/\/www.eldigitaldeasturias.com\/noticias\/wp-json\/wp\/v2\/posts"}],"about":[{"href":"https:\/\/www.eldigitaldeasturias.com\/noticias\/wp-json\/wp\/v2\/types\/post"}],"author":[{"embeddable":true,"href":"https:\/\/www.eldigitaldeasturias.com\/noticias\/wp-json\/wp\/v2\/users\/1"}],"replies":[{"embeddable":true,"href":"https:\/\/www.eldigitaldeasturias.com\/noticias\/wp-json\/wp\/v2\/comments?post=482721"}],"version-history":[{"count":0,"href":"https:\/\/www.eldigitaldeasturias.com\/noticias\/wp-json\/wp\/v2\/posts\/482721\/revisions"}],"wp:attachment":[{"href":"https:\/\/www.eldigitaldeasturias.com\/noticias\/wp-json\/wp\/v2\/media?parent=482721"}],"wp:term":[{"taxonomy":"category","embeddable":true,"href":"https:\/\/www.eldigitaldeasturias.com\/noticias\/wp-json\/wp\/v2\/categories?post=482721"},{"taxonomy":"post_tag","embeddable":true,"href":"https:\/\/www.eldigitaldeasturias.com\/noticias\/wp-json\/wp\/v2\/tags?post=482721"}],"curies":[{"name":"wp","href":"https:\/\/api.w.org\/{rel}","templated":true}]}}