{"id":482700,"date":"2014-02-03T18:01:43","date_gmt":"2014-02-03T19:01:43","guid":{"rendered":"http:\/\/www.eldigitaldeasturias.com\/noticias\/?p=482700"},"modified":"2014-02-03T18:01:43","modified_gmt":"2014-02-03T19:01:43","slug":"eh-bildu-acusa-al-pp-de-reafirmar-sus-viejas-politicas","status":"publish","type":"post","link":"https:\/\/www.eldigitaldeasturias.com\/noticias\/eh-bildu-acusa-al-pp-de-reafirmar-sus-viejas-politicas\/","title":{"rendered":"EH Bildu acusa al PP de reafirmar sus \u00abviejas\u00bb pol\u00edticas"},"content":{"rendered":"<p><img loading=\"lazy\" decoding=\"async\" class=\"alignleft size-medium wp-image-482701\" alt=\"5903348w\" src=\"https:\/\/www.eldigitaldeasturias.com\/noticias\/wp-content\/uploads\/2014\/02\/5903348w-360x239.jpg\" width=\"360\" height=\"239\" \/>San Sebasti\u00e1n, 3 feb (EFE).- EH Bildu ha opinado hoy que la convenci\u00f3n nacional del PP, celebrada el fin de semana en Valladolid, ha dejado en evidencia que este partido apuesta por aplicar \u00abpol\u00edticas viejas\u00bb pese al \u00abnuevo tiempo\u00bb que vive \u00abEuskal Herria\u00bb.<\/p>\n<p>Los representantes de la coalici\u00f3n abertzale Joseba Permach y Juanjo Arrizabalaga han coincidido, en una rueda de prensa en San Sebasti\u00e1n, en destacar la falta de novedades que aport\u00f3 esta convenci\u00f3n, clausurada ayer por el presidente del Gobierno, Mariano Rajoy, quien asegur\u00f3 que su partido \u00abnunca olvidar\u00e1\u00bb a las v\u00edctimas del terrorismo.<\/p>\n<p>Arrizabalaga ha opinado que la fotograf\u00eda que dej\u00f3 el PP fue la de \u00ablos conflictos internos\u00bb que atraviesa esta formaci\u00f3n pol\u00edtica y la urgencia tambi\u00e9n que tiene de \u00abdar respuesta\u00bb a los mismos.<\/p>\n<p>Sin embargo, respecto al \u00abnuevo tiempo\u00bb en Euskal Herria, los populares defienden \u00abpol\u00edticas fijas\u00bb y recetas \u00abviejas\u00bb, han subrayado Arrizabalaga y Permach, quienes han comparecido en San Sebasti\u00e1n para referirse a la Ley Municipal.<\/p>\n","protected":false},"excerpt":{"rendered":"<p>San Sebasti\u00e1n, 3 feb (EFE).- EH Bildu ha opinado hoy que la convenci\u00f3n nacional del PP, celebrada el fin de semana en Valladolid, ha dejado en evidencia que este partido apuesta por aplicar \u00abpol\u00edticas viejas\u00bb pese al \u00abnuevo tiempo\u00bb que vive \u00abEuskal Herria\u00bb. Los representantes de la coalici\u00f3n abertzale Joseba Permach y Juanjo Arrizabalaga han [&hellip;]<\/p>\n","protected":false},"author":1,"featured_media":482701,"comment_status":"closed","ping_status":"open","sticky":false,"template":"","format":"standard","meta":{"footnotes":""},"categories":[1],"tags":[],"class_list":["post-482700","post","type-post","status-publish","format-standard","has-post-thumbnail","hentry","category-actualidad"],"aioseo_notices":[],"aioseo_head":"\n\t\t<!-- All in One SEO Pro 5.0.1 - aioseo.com -->\n\t<meta name=\"description\" content=\"San Sebasti\u00e1n, 3 feb (EFE).- EH Bildu ha opinado hoy que la convenci\u00f3n nacional del PP, celebrada el fin de semana en Valladolid, ha dejado en evidencia que este partido apuesta por aplicar &quot;pol\u00edticas viejas&quot; pese al &quot;nuevo tiempo&quot; que vive &quot;Euskal Herria&quot;. Los representantes de la coalici\u00f3n abertzale Joseba Permach y Juanjo Arrizabalaga han\" \/>\n\t<meta name=\"robots\" content=\"max-image-preview:large\" \/>\n\t<meta name=\"author\" content=\"El Digital de Asturias\"\/>\n\t<meta name=\"google-site-verification\" content=\"UA-38556648-1\" \/>\n\t<meta name=\"msvalidate.01\" content=\"7dfe9f3f1b24437ab69f4f2559babe99\" \/>\n\t<meta name=\"keywords\" content=\"actualidad\" \/>\n\t<link rel=\"canonical\" href=\"https:\/\/www.eldigitaldeasturias.com\/noticias\/eh-bildu-acusa-al-pp-de-reafirmar-sus-viejas-politicas\/\" \/>\n\t<meta name=\"generator\" content=\"All in One SEO Pro (AIOSEO) 5.0.1\" \/>\n\t\t<meta property=\"og:locale\" content=\"es_ES\" \/>\n\t\t<meta property=\"og:site_name\" content=\"El Digital de Asturias\" \/>\n\t\t<meta property=\"og:type\" content=\"article\" \/>\n\t\t<meta property=\"og:title\" content=\"EH Bildu acusa al PP de reafirmar sus \u00abviejas\u00bb pol\u00edticas - El Digital de Asturias\" \/>\n\t\t<meta property=\"og:description\" content=\"San Sebasti\u00e1n, 3 feb (EFE).- EH Bildu ha opinado hoy que la convenci\u00f3n nacional del PP, celebrada el fin de semana en Valladolid, ha dejado en evidencia que este partido apuesta por aplicar &quot;pol\u00edticas viejas&quot; pese al &quot;nuevo tiempo&quot; que vive &quot;Euskal Herria&quot;. Los representantes de la coalici\u00f3n abertzale Joseba Permach y Juanjo Arrizabalaga han\" \/>\n\t\t<meta property=\"og:url\" content=\"https:\/\/www.eldigitaldeasturias.com\/noticias\/eh-bildu-acusa-al-pp-de-reafirmar-sus-viejas-politicas\/\" \/>\n\t\t<meta property=\"article:tag\" content=\"actualidad\" \/>\n\t\t<meta property=\"article:published_time\" content=\"2014-02-03T19:01:43+00:00\" \/>\n\t\t<meta property=\"article:modified_time\" content=\"2014-02-03T19:01:43+00:00\" \/>\n\t\t<meta property=\"article:publisher\" content=\"https:\/\/facebook.com\/eldigitaldeasturias\" \/>\n\t\t<meta name=\"twitter:card\" content=\"summary_large_image\" \/>\n\t\t<meta name=\"twitter:title\" content=\"EH Bildu acusa al PP de reafirmar sus \u00abviejas\u00bb pol\u00edticas - El Digital de Asturias\" \/>\n\t\t<meta name=\"twitter:description\" content=\"San Sebasti\u00e1n, 3 feb (EFE).- EH Bildu ha opinado hoy que la convenci\u00f3n nacional del PP, celebrada el fin de semana en Valladolid, ha dejado en evidencia que este partido apuesta por aplicar &quot;pol\u00edticas viejas&quot; pese al &quot;nuevo tiempo&quot; que vive &quot;Euskal Herria&quot;. Los representantes de la coalici\u00f3n abertzale Joseba Permach y Juanjo Arrizabalaga han\" \/>\n\t\t<meta name=\"twitter:label1\" content=\"Escrito por\" \/>\n\t\t<meta name=\"twitter:data1\" content=\"El Digital de Asturias\" \/>\n\t\t<meta name=\"twitter:label2\" content=\"Tiempo de lectura estimado\" \/>\n\t\t<meta name=\"twitter:data2\" content=\"1 minuto\" \/>\n\t\t<script type=\"application\/ld+json\" class=\"aioseo-schema\">\n\t\t\t{\"@context\":\"https:\\\/\\\/schema.org\",\"@graph\":[{\"@type\":\"BlogPosting\",\"@id\":\"https:\\\/\\\/www.eldigitaldeasturias.com\\\/noticias\\\/eh-bildu-acusa-al-pp-de-reafirmar-sus-viejas-politicas\\\/#blogposting\",\"name\":\"EH Bildu acusa al PP de reafirmar sus \\u00abviejas\\u00bb pol\\u00edticas - El Digital de Asturias\",\"headline\":\"EH Bildu acusa al PP de reafirmar sus \\u00abviejas\\u00bb pol\\u00edticas\",\"author\":{\"@id\":\"https:\\\/\\\/www.eldigitaldeasturias.com\\\/noticias\\\/author\\\/admin\\\/#author\"},\"publisher\":{\"@id\":\"https:\\\/\\\/www.eldigitaldeasturias.com\\\/noticias\\\/#organization\"},\"image\":{\"@type\":\"ImageObject\",\"url\":482701},\"datePublished\":\"2014-02-03T18:01:43+01:00\",\"dateModified\":\"2014-02-03T18:01:43+01:00\",\"inLanguage\":\"es-ES\",\"mainEntityOfPage\":{\"@id\":\"https:\\\/\\\/www.eldigitaldeasturias.com\\\/noticias\\\/eh-bildu-acusa-al-pp-de-reafirmar-sus-viejas-politicas\\\/#webpage\"},\"isPartOf\":{\"@id\":\"https:\\\/\\\/www.eldigitaldeasturias.com\\\/noticias\\\/eh-bildu-acusa-al-pp-de-reafirmar-sus-viejas-politicas\\\/#webpage\"},\"articleSection\":\"Actualidad\"},{\"@type\":\"BreadcrumbList\",\"@id\":\"https:\\\/\\\/www.eldigitaldeasturias.com\\\/noticias\\\/eh-bildu-acusa-al-pp-de-reafirmar-sus-viejas-politicas\\\/#breadcrumblist\",\"itemListElement\":[{\"@type\":\"ListItem\",\"@id\":\"https:\\\/\\\/www.eldigitaldeasturias.com\\\/noticias#listItem\",\"position\":1,\"name\":\"Home\",\"item\":\"https:\\\/\\\/www.eldigitaldeasturias.com\\\/noticias\",\"nextItem\":{\"@type\":\"ListItem\",\"@id\":\"https:\\\/\\\/www.eldigitaldeasturias.com\\\/noticias\\\/category\\\/actualidad\\\/#listItem\",\"name\":\"Actualidad\"}},{\"@type\":\"ListItem\",\"@id\":\"https:\\\/\\\/www.eldigitaldeasturias.com\\\/noticias\\\/category\\\/actualidad\\\/#listItem\",\"position\":2,\"name\":\"Actualidad\",\"item\":\"https:\\\/\\\/www.eldigitaldeasturias.com\\\/noticias\\\/category\\\/actualidad\\\/\",\"nextItem\":{\"@type\":\"ListItem\",\"@id\":\"https:\\\/\\\/www.eldigitaldeasturias.com\\\/noticias\\\/eh-bildu-acusa-al-pp-de-reafirmar-sus-viejas-politicas\\\/#listItem\",\"name\":\"EH Bildu acusa al PP de reafirmar sus \\u00abviejas\\u00bb pol\\u00edticas\"},\"previousItem\":{\"@type\":\"ListItem\",\"@id\":\"https:\\\/\\\/www.eldigitaldeasturias.com\\\/noticias#listItem\",\"name\":\"Home\"}},{\"@type\":\"ListItem\",\"@id\":\"https:\\\/\\\/www.eldigitaldeasturias.com\\\/noticias\\\/eh-bildu-acusa-al-pp-de-reafirmar-sus-viejas-politicas\\\/#listItem\",\"position\":3,\"name\":\"EH Bildu acusa al PP de reafirmar sus \\u00abviejas\\u00bb pol\\u00edticas\",\"previousItem\":{\"@type\":\"ListItem\",\"@id\":\"https:\\\/\\\/www.eldigitaldeasturias.com\\\/noticias\\\/category\\\/actualidad\\\/#listItem\",\"name\":\"Actualidad\"}}]},{\"@type\":\"Organization\",\"@id\":\"https:\\\/\\\/www.eldigitaldeasturias.com\\\/noticias\\\/#organization\",\"name\":\"El Digital de Asturias\",\"description\":\"Hemeroteca\",\"url\":\"https:\\\/\\\/www.eldigitaldeasturias.com\\\/noticias\\\/\",\"email\":\"info@eldigitaldeasturias.com\",\"telephone\":\"+34652131393\",\"logo\":{\"@type\":\"ImageObject\",\"url\":\"https:\\\/\\\/www.eldigitaldeasturias.com\\\/noticias\\\/wp-content\\\/uploads\\\/2020\\\/12\\\/EDA.jpg\",\"@id\":\"https:\\\/\\\/www.eldigitaldeasturias.com\\\/noticias\\\/eh-bildu-acusa-al-pp-de-reafirmar-sus-viejas-politicas\\\/#organizationLogo\"},\"image\":{\"@id\":\"https:\\\/\\\/www.eldigitaldeasturias.com\\\/noticias\\\/eh-bildu-acusa-al-pp-de-reafirmar-sus-viejas-politicas\\\/#organizationLogo\"},\"sameAs\":[\"https:\\\/\\\/facebook.com\\\/eldigitaldeasturias\",\"https:\\\/\\\/www.youtube.com\\\/channel\\\/UCZP-2wLEB9Rv6erhFmqVnvg\"],\"address\":{\"@id\":\"https:\\\/\\\/www.eldigitaldeasturias.com\\\/noticias\\\/#postaladdress\",\"@type\":\"PostalAddress\",\"streetAddress\":\"san antonio 4\",\"postalCode\":\"33430\",\"addressLocality\":\"Cand\\u00e1s\",\"addressRegion\":\"Asturias\",\"addressCountry\":\"ES\"}},{\"@type\":\"Person\",\"@id\":\"https:\\\/\\\/www.eldigitaldeasturias.com\\\/noticias\\\/author\\\/admin\\\/#author\",\"url\":\"https:\\\/\\\/www.eldigitaldeasturias.com\\\/noticias\\\/author\\\/admin\\\/\",\"name\":\"El Digital de Asturias\",\"image\":{\"@type\":\"ImageObject\",\"@id\":\"https:\\\/\\\/www.eldigitaldeasturias.com\\\/noticias\\\/eh-bildu-acusa-al-pp-de-reafirmar-sus-viejas-politicas\\\/#authorImage\",\"url\":\"https:\\\/\\\/secure.gravatar.com\\\/avatar\\\/df2aeffc32bcd13f8d26072ef8a91b623d677766deac7f97ca815868cd41bf5e?s=96&d=mm&r=g\",\"width\":96,\"height\":96,\"caption\":\"El Digital de Asturias\"}},{\"@type\":\"WebPage\",\"@id\":\"https:\\\/\\\/www.eldigitaldeasturias.com\\\/noticias\\\/eh-bildu-acusa-al-pp-de-reafirmar-sus-viejas-politicas\\\/#webpage\",\"url\":\"https:\\\/\\\/www.eldigitaldeasturias.com\\\/noticias\\\/eh-bildu-acusa-al-pp-de-reafirmar-sus-viejas-politicas\\\/\",\"name\":\"EH Bildu acusa al PP de reafirmar sus \\u00abviejas\\u00bb pol\\u00edticas - El Digital de Asturias\",\"description\":\"San Sebasti\\u00e1n, 3 feb (EFE).- EH Bildu ha opinado hoy que la convenci\\u00f3n nacional del PP, celebrada el fin de semana en Valladolid, ha dejado en evidencia que este partido apuesta por aplicar \\\"pol\\u00edticas viejas\\\" pese al \\\"nuevo tiempo\\\" que vive \\\"Euskal Herria\\\". Los representantes de la coalici\\u00f3n abertzale Joseba Permach y Juanjo Arrizabalaga han\",\"inLanguage\":\"es-ES\",\"isPartOf\":{\"@id\":\"https:\\\/\\\/www.eldigitaldeasturias.com\\\/noticias\\\/#website\"},\"breadcrumb\":{\"@id\":\"https:\\\/\\\/www.eldigitaldeasturias.com\\\/noticias\\\/eh-bildu-acusa-al-pp-de-reafirmar-sus-viejas-politicas\\\/#breadcrumblist\"},\"author\":{\"@id\":\"https:\\\/\\\/www.eldigitaldeasturias.com\\\/noticias\\\/author\\\/admin\\\/#author\"},\"creator\":{\"@id\":\"https:\\\/\\\/www.eldigitaldeasturias.com\\\/noticias\\\/author\\\/admin\\\/#author\"},\"image\":{\"@type\":\"ImageObject\",\"url\":482701,\"@id\":\"https:\\\/\\\/www.eldigitaldeasturias.com\\\/noticias\\\/eh-bildu-acusa-al-pp-de-reafirmar-sus-viejas-politicas\\\/#mainImage\"},\"primaryImageOfPage\":{\"@id\":\"https:\\\/\\\/www.eldigitaldeasturias.com\\\/noticias\\\/eh-bildu-acusa-al-pp-de-reafirmar-sus-viejas-politicas\\\/#mainImage\"},\"datePublished\":\"2014-02-03T18:01:43+01:00\",\"dateModified\":\"2014-02-03T18:01:43+01:00\"},{\"@type\":\"WebSite\",\"@id\":\"https:\\\/\\\/www.eldigitaldeasturias.com\\\/noticias\\\/#website\",\"url\":\"https:\\\/\\\/www.eldigitaldeasturias.com\\\/noticias\\\/\",\"name\":\"El Digital de Asturias - Diario de actualidad y noticias\",\"alternateName\":\"El Digital de Asturias - Diario de actualidad y noticias\",\"description\":\"Hemeroteca\",\"inLanguage\":\"es-ES\",\"publisher\":{\"@id\":\"https:\\\/\\\/www.eldigitaldeasturias.com\\\/noticias\\\/#organization\"}}]}\n\t\t<\/script>\n\t\t<!-- All in One SEO Pro -->\r\n\t\t<title>EH Bildu acusa al PP de reafirmar sus \u00abviejas\u00bb pol\u00edticas - El Digital de Asturias<\/title>\n\n","aioseo_head_json":{"title":"EH Bildu acusa al PP de reafirmar sus \u00abviejas\u00bb pol\u00edticas - El Digital de Asturias","description":"San Sebasti\u00e1n, 3 feb (EFE).- EH Bildu ha opinado hoy que la convenci\u00f3n nacional del PP, celebrada el fin de semana en Valladolid, ha dejado en evidencia que este partido apuesta por aplicar \"pol\u00edticas viejas\" pese al \"nuevo tiempo\" que vive \"Euskal Herria\". Los representantes de la coalici\u00f3n abertzale Joseba Permach y Juanjo Arrizabalaga han","canonical_url":"https:\/\/www.eldigitaldeasturias.com\/noticias\/eh-bildu-acusa-al-pp-de-reafirmar-sus-viejas-politicas\/","robots":"max-image-preview:large","keywords":"actualidad","webmasterTools":{"google-site-verification":"UA-38556648-1","msvalidate.01":"7dfe9f3f1b24437ab69f4f2559babe99","miscellaneous":""},"schema":{"@context":"https:\/\/schema.org","@graph":[{"@type":"BlogPosting","@id":"https:\/\/www.eldigitaldeasturias.com\/noticias\/eh-bildu-acusa-al-pp-de-reafirmar-sus-viejas-politicas\/#blogposting","name":"EH Bildu acusa al PP de reafirmar sus \u00abviejas\u00bb pol\u00edticas - El Digital de Asturias","headline":"EH Bildu acusa al PP de reafirmar sus \u00abviejas\u00bb pol\u00edticas","author":{"@id":"https:\/\/www.eldigitaldeasturias.com\/noticias\/author\/admin\/#author"},"publisher":{"@id":"https:\/\/www.eldigitaldeasturias.com\/noticias\/#organization"},"image":{"@type":"ImageObject","url":482701},"datePublished":"2014-02-03T18:01:43+01:00","dateModified":"2014-02-03T18:01:43+01:00","inLanguage":"es-ES","mainEntityOfPage":{"@id":"https:\/\/www.eldigitaldeasturias.com\/noticias\/eh-bildu-acusa-al-pp-de-reafirmar-sus-viejas-politicas\/#webpage"},"isPartOf":{"@id":"https:\/\/www.eldigitaldeasturias.com\/noticias\/eh-bildu-acusa-al-pp-de-reafirmar-sus-viejas-politicas\/#webpage"},"articleSection":"Actualidad"},{"@type":"BreadcrumbList","@id":"https:\/\/www.eldigitaldeasturias.com\/noticias\/eh-bildu-acusa-al-pp-de-reafirmar-sus-viejas-politicas\/#breadcrumblist","itemListElement":[{"@type":"ListItem","@id":"https:\/\/www.eldigitaldeasturias.com\/noticias#listItem","position":1,"name":"Home","item":"https:\/\/www.eldigitaldeasturias.com\/noticias","nextItem":{"@type":"ListItem","@id":"https:\/\/www.eldigitaldeasturias.com\/noticias\/category\/actualidad\/#listItem","name":"Actualidad"}},{"@type":"ListItem","@id":"https:\/\/www.eldigitaldeasturias.com\/noticias\/category\/actualidad\/#listItem","position":2,"name":"Actualidad","item":"https:\/\/www.eldigitaldeasturias.com\/noticias\/category\/actualidad\/","nextItem":{"@type":"ListItem","@id":"https:\/\/www.eldigitaldeasturias.com\/noticias\/eh-bildu-acusa-al-pp-de-reafirmar-sus-viejas-politicas\/#listItem","name":"EH Bildu acusa al PP de reafirmar sus \u00abviejas\u00bb pol\u00edticas"},"previousItem":{"@type":"ListItem","@id":"https:\/\/www.eldigitaldeasturias.com\/noticias#listItem","name":"Home"}},{"@type":"ListItem","@id":"https:\/\/www.eldigitaldeasturias.com\/noticias\/eh-bildu-acusa-al-pp-de-reafirmar-sus-viejas-politicas\/#listItem","position":3,"name":"EH Bildu acusa al PP de reafirmar sus \u00abviejas\u00bb pol\u00edticas","previousItem":{"@type":"ListItem","@id":"https:\/\/www.eldigitaldeasturias.com\/noticias\/category\/actualidad\/#listItem","name":"Actualidad"}}]},{"@type":"Organization","@id":"https:\/\/www.eldigitaldeasturias.com\/noticias\/#organization","name":"El Digital de Asturias","description":"Hemeroteca","url":"https:\/\/www.eldigitaldeasturias.com\/noticias\/","email":"info@eldigitaldeasturias.com","telephone":"+34652131393","logo":{"@type":"ImageObject","url":"https:\/\/www.eldigitaldeasturias.com\/noticias\/wp-content\/uploads\/2020\/12\/EDA.jpg","@id":"https:\/\/www.eldigitaldeasturias.com\/noticias\/eh-bildu-acusa-al-pp-de-reafirmar-sus-viejas-politicas\/#organizationLogo"},"image":{"@id":"https:\/\/www.eldigitaldeasturias.com\/noticias\/eh-bildu-acusa-al-pp-de-reafirmar-sus-viejas-politicas\/#organizationLogo"},"sameAs":["https:\/\/facebook.com\/eldigitaldeasturias","https:\/\/www.youtube.com\/channel\/UCZP-2wLEB9Rv6erhFmqVnvg"],"address":{"@id":"https:\/\/www.eldigitaldeasturias.com\/noticias\/#postaladdress","@type":"PostalAddress","streetAddress":"san antonio 4","postalCode":"33430","addressLocality":"Cand\u00e1s","addressRegion":"Asturias","addressCountry":"ES"}},{"@type":"Person","@id":"https:\/\/www.eldigitaldeasturias.com\/noticias\/author\/admin\/#author","url":"https:\/\/www.eldigitaldeasturias.com\/noticias\/author\/admin\/","name":"El Digital de Asturias","image":{"@type":"ImageObject","@id":"https:\/\/www.eldigitaldeasturias.com\/noticias\/eh-bildu-acusa-al-pp-de-reafirmar-sus-viejas-politicas\/#authorImage","url":"https:\/\/secure.gravatar.com\/avatar\/df2aeffc32bcd13f8d26072ef8a91b623d677766deac7f97ca815868cd41bf5e?s=96&d=mm&r=g","width":96,"height":96,"caption":"El Digital de Asturias"}},{"@type":"WebPage","@id":"https:\/\/www.eldigitaldeasturias.com\/noticias\/eh-bildu-acusa-al-pp-de-reafirmar-sus-viejas-politicas\/#webpage","url":"https:\/\/www.eldigitaldeasturias.com\/noticias\/eh-bildu-acusa-al-pp-de-reafirmar-sus-viejas-politicas\/","name":"EH Bildu acusa al PP de reafirmar sus \u00abviejas\u00bb pol\u00edticas - El Digital de Asturias","description":"San Sebasti\u00e1n, 3 feb (EFE).- EH Bildu ha opinado hoy que la convenci\u00f3n nacional del PP, celebrada el fin de semana en Valladolid, ha dejado en evidencia que este partido apuesta por aplicar \"pol\u00edticas viejas\" pese al \"nuevo tiempo\" que vive \"Euskal Herria\". Los representantes de la coalici\u00f3n abertzale Joseba Permach y Juanjo Arrizabalaga han","inLanguage":"es-ES","isPartOf":{"@id":"https:\/\/www.eldigitaldeasturias.com\/noticias\/#website"},"breadcrumb":{"@id":"https:\/\/www.eldigitaldeasturias.com\/noticias\/eh-bildu-acusa-al-pp-de-reafirmar-sus-viejas-politicas\/#breadcrumblist"},"author":{"@id":"https:\/\/www.eldigitaldeasturias.com\/noticias\/author\/admin\/#author"},"creator":{"@id":"https:\/\/www.eldigitaldeasturias.com\/noticias\/author\/admin\/#author"},"image":{"@type":"ImageObject","url":482701,"@id":"https:\/\/www.eldigitaldeasturias.com\/noticias\/eh-bildu-acusa-al-pp-de-reafirmar-sus-viejas-politicas\/#mainImage"},"primaryImageOfPage":{"@id":"https:\/\/www.eldigitaldeasturias.com\/noticias\/eh-bildu-acusa-al-pp-de-reafirmar-sus-viejas-politicas\/#mainImage"},"datePublished":"2014-02-03T18:01:43+01:00","dateModified":"2014-02-03T18:01:43+01:00"},{"@type":"WebSite","@id":"https:\/\/www.eldigitaldeasturias.com\/noticias\/#website","url":"https:\/\/www.eldigitaldeasturias.com\/noticias\/","name":"El Digital de Asturias - Diario de actualidad y noticias","alternateName":"El Digital de Asturias - Diario de actualidad y noticias","description":"Hemeroteca","inLanguage":"es-ES","publisher":{"@id":"https:\/\/www.eldigitaldeasturias.com\/noticias\/#organization"}}]},"og:locale":"es_ES","og:site_name":"El Digital de Asturias","og:type":"article","og:title":"EH Bildu acusa al PP de reafirmar sus \u00abviejas\u00bb pol\u00edticas - El Digital de Asturias","og:description":"San Sebasti\u00e1n, 3 feb (EFE).- EH Bildu ha opinado hoy que la convenci\u00f3n nacional del PP, celebrada el fin de semana en Valladolid, ha dejado en evidencia que este partido apuesta por aplicar &quot;pol\u00edticas viejas&quot; pese al &quot;nuevo tiempo&quot; que vive &quot;Euskal Herria&quot;. Los representantes de la coalici\u00f3n abertzale Joseba Permach y Juanjo Arrizabalaga han","og:url":"https:\/\/www.eldigitaldeasturias.com\/noticias\/eh-bildu-acusa-al-pp-de-reafirmar-sus-viejas-politicas\/","article:tag":["actualidad"],"article:published_time":"2014-02-03T19:01:43+00:00","article:modified_time":"2014-02-03T19:01:43+00:00","article:publisher":"https:\/\/facebook.com\/eldigitaldeasturias","twitter:card":"summary_large_image","twitter:title":"EH Bildu acusa al PP de reafirmar sus \u00abviejas\u00bb pol\u00edticas - El Digital de Asturias","twitter:description":"San Sebasti\u00e1n, 3 feb (EFE).- EH Bildu ha opinado hoy que la convenci\u00f3n nacional del PP, celebrada el fin de semana en Valladolid, ha dejado en evidencia que este partido apuesta por aplicar &quot;pol\u00edticas viejas&quot; pese al &quot;nuevo tiempo&quot; que vive &quot;Euskal Herria&quot;. Los representantes de la coalici\u00f3n abertzale Joseba Permach y Juanjo Arrizabalaga han","twitter:label1":"Escrito por","twitter:data1":"El Digital de Asturias","twitter:label2":"Tiempo de lectura estimado","twitter:data2":"1 minuto"},"aioseo_meta_data":{"post_id":"482700","title":null,"description":null,"keywords":null,"keyphrases":null,"primary_term":null,"canonical_url":null,"og_title":null,"og_description":null,"og_object_type":"default","og_image_type":"default","og_image_url":null,"og_image_width":null,"og_image_height":null,"og_image_custom_url":null,"og_image_custom_fields":null,"og_video":null,"og_custom_url":null,"og_article_section":null,"og_article_tags":null,"twitter_use_og":true,"twitter_card":"default","twitter_image_type":"default","twitter_image_url":null,"twitter_image_custom_url":null,"twitter_image_custom_fields":null,"twitter_title":null,"twitter_description":null,"schema":{"blockGraphs":[],"customGraphs":[],"default":{"data":{"Article":[],"Course":[],"Dataset":[],"FAQPage":[],"Movie":[],"Person":[],"Product":[],"ProductReview":[],"Car":[],"Recipe":[],"Service":[],"SoftwareApplication":[],"WebPage":[]},"graphName":"","isEnabled":true},"graphs":[],"defaultGraph":"","defaultPostTypeGraph":""},"schema_type":null,"schema_type_options":null,"pillar_content":false,"robots_default":true,"robots_noindex":false,"robots_noarchive":false,"robots_nosnippet":false,"robots_nofollow":false,"robots_noimageindex":false,"robots_noodp":false,"robots_notranslate":false,"robots_max_snippet":null,"robots_max_videopreview":null,"robots_max_imagepreview":"none","priority":null,"frequency":null,"local_seo":null,"seo_analyzer_scan_date":"2026-06-02 10:38:52","breadcrumb_settings":null,"limit_modified_date":false,"open_ai":null,"ai":null,"created":"2020-11-14 22:54:39","updated":"2026-06-02 10:38:52","focus_keyword":null,"additional_keywords":null,"truseo_locale":null},"aioseo_breadcrumb":"<div class=\"aioseo-breadcrumbs\"><span class=\"aioseo-breadcrumb\">\n\t<a href=\"https:\/\/www.eldigitaldeasturias.com\/noticias\" title=\"Home\">Home<\/a>\n<\/span><span class=\"aioseo-breadcrumb-separator\">\u2013<\/span><span class=\"aioseo-breadcrumb\">\n\t<a href=\"https:\/\/www.eldigitaldeasturias.com\/noticias\/category\/actualidad\/\" title=\"Actualidad\">Actualidad<\/a>\n<\/span><span class=\"aioseo-breadcrumb-separator\">\u2013<\/span><span class=\"aioseo-breadcrumb\">\n\t<a href=\"https:\/\/www.eldigitaldeasturias.com\/noticias\/eh-bildu-acusa-al-pp-de-reafirmar-sus-viejas-politicas\/\" title=\"EH Bildu acusa al PP de reafirmar sus \u00abviejas\u00bb pol\u00edticas\">EH Bildu acusa al PP de reafirmar sus \u00abviejas\u00bb pol\u00edticas<\/a>\n<\/span><\/div>","aioseo_breadcrumb_json":[{"label":"Home","link":"https:\/\/www.eldigitaldeasturias.com\/noticias"},{"label":"Actualidad","link":"https:\/\/www.eldigitaldeasturias.com\/noticias\/category\/actualidad\/"},{"label":"EH Bildu acusa al PP de reafirmar sus \u00abviejas\u00bb pol\u00edticas","link":"https:\/\/www.eldigitaldeasturias.com\/noticias\/eh-bildu-acusa-al-pp-de-reafirmar-sus-viejas-politicas\/"}],"_links":{"self":[{"href":"https:\/\/www.eldigitaldeasturias.com\/noticias\/wp-json\/wp\/v2\/posts\/482700","targetHints":{"allow":["GET"]}}],"collection":[{"href":"https:\/\/www.eldigitaldeasturias.com\/noticias\/wp-json\/wp\/v2\/posts"}],"about":[{"href":"https:\/\/www.eldigitaldeasturias.com\/noticias\/wp-json\/wp\/v2\/types\/post"}],"author":[{"embeddable":true,"href":"https:\/\/www.eldigitaldeasturias.com\/noticias\/wp-json\/wp\/v2\/users\/1"}],"replies":[{"embeddable":true,"href":"https:\/\/www.eldigitaldeasturias.com\/noticias\/wp-json\/wp\/v2\/comments?post=482700"}],"version-history":[{"count":0,"href":"https:\/\/www.eldigitaldeasturias.com\/noticias\/wp-json\/wp\/v2\/posts\/482700\/revisions"}],"wp:attachment":[{"href":"https:\/\/www.eldigitaldeasturias.com\/noticias\/wp-json\/wp\/v2\/media?parent=482700"}],"wp:term":[{"taxonomy":"category","embeddable":true,"href":"https:\/\/www.eldigitaldeasturias.com\/noticias\/wp-json\/wp\/v2\/categories?post=482700"},{"taxonomy":"post_tag","embeddable":true,"href":"https:\/\/www.eldigitaldeasturias.com\/noticias\/wp-json\/wp\/v2\/tags?post=482700"}],"curies":[{"name":"wp","href":"https:\/\/api.w.org\/{rel}","templated":true}]}}