{"id":482697,"date":"2014-02-03T18:00:34","date_gmt":"2014-02-03T19:00:34","guid":{"rendered":"http:\/\/www.eldigitaldeasturias.com\/noticias\/?p=482697"},"modified":"2014-02-03T18:00:34","modified_gmt":"2014-02-03T19:00:34","slug":"galliani-destaco-el-fantastico-estado-de-forma-del-atletico-de-madrid","status":"publish","type":"post","link":"https:\/\/www.eldigitaldeasturias.com\/noticias\/galliani-destaco-el-fantastico-estado-de-forma-del-atletico-de-madrid\/","title":{"rendered":"Galliani destac\u00f3 el \u00abfant\u00e1stico estado de forma\u00bb del Atl\u00e9tico de Madrid"},"content":{"rendered":"<p><img loading=\"lazy\" decoding=\"async\" class=\"alignleft size-medium wp-image-482698\" alt=\"5903320w\" src=\"https:\/\/www.eldigitaldeasturias.com\/noticias\/wp-content\/uploads\/2014\/02\/5903320w-360x229.jpg\" width=\"360\" height=\"229\" \/>Roma, 3 feb (EFE).- El vicepresidente del Milan, Adriano Galliani, destac\u00f3 hoy el \u00abfant\u00e1stico estado de forma\u00bb del Atl\u00e9tico de Madrid, pr\u00f3ximo rival del conjunto lombardo en los octavos de final de la Liga de Campeones.<\/p>\n<p>En unas declaraciones recogidas por el diario deportivo italiano \u00abLa Gazzetta dello Sport\u00bb, Galliani alab\u00f3 tambi\u00e9n el trabajo del entrenador colchonero Pablo Simeone.<\/p>\n<p>\u00abEl Atl\u00e9tico est\u00e1 en un fant\u00e1stico estado de forma y adem\u00e1s cuenta con un entrenador excelente. Van en la cabeza de la clasificaci\u00f3n, lo cual es algo genial. Hac\u00eda a\u00f1os que no hab\u00eda otro l\u00edder en Espa\u00f1a que no fuese Madrid o Barcelona\u00bb, dijo.<\/p>\n<p>Respecto a los resultados obtenidos por el exjugador holand\u00e9s Clarence Seedorf, que lleg\u00f3 hace unas semanas al Milan tras la destituci\u00f3n de Massimiliano Allegri, Galliani asegur\u00f3 estar \u00absatisfecho\u00bb.<\/p>\n<p>\u00abCon Seedorf el Milan ha cambiado la mentalidad y la forma de hacer las cosas. Los jugadores ahora se esfuerzan mucho. Estamos satisfechos con esta primera etapa de Clarence al mando del equipo\u00bb, coment\u00f3.<\/p>\n<p>Seedorf se desplaz\u00f3 hasta Madrid este fin de semana para ver en directo a su pr\u00f3ximo rival europeo, si bien Galliani coment\u00f3 que por ahora no ha hablado con \u00e9l.<\/p>\n<p>El Milan, actualmente d\u00e9cimo clasificado en la liga nacional con 29 puntos, a seis de los puestos europeos, empat\u00f3 a un gol en el \u00faltimo encuentro de esta competici\u00f3n contra el Torino.<\/p>\n","protected":false},"excerpt":{"rendered":"<p>Roma, 3 feb (EFE).- El vicepresidente del Milan, Adriano Galliani, destac\u00f3 hoy el \u00abfant\u00e1stico estado de forma\u00bb del Atl\u00e9tico de Madrid, pr\u00f3ximo rival del conjunto lombardo en los octavos de final de la Liga de Campeones. En unas declaraciones recogidas por el diario deportivo italiano \u00abLa Gazzetta dello Sport\u00bb, Galliani alab\u00f3 tambi\u00e9n el trabajo del [&hellip;]<\/p>\n","protected":false},"author":1,"featured_media":482698,"comment_status":"closed","ping_status":"open","sticky":false,"template":"","format":"standard","meta":{"footnotes":""},"categories":[1],"tags":[],"class_list":["post-482697","post","type-post","status-publish","format-standard","has-post-thumbnail","hentry","category-actualidad"],"aioseo_notices":[],"aioseo_head":"\n\t\t<!-- All in One SEO Pro 5.0.1 - aioseo.com -->\n\t<meta name=\"description\" content=\"Roma, 3 feb (EFE).- El vicepresidente del Milan, Adriano Galliani, destac\u00f3 hoy el &quot;fant\u00e1stico estado de forma&quot; del Atl\u00e9tico de Madrid, pr\u00f3ximo rival del conjunto lombardo en los octavos de final de la Liga de Campeones. En unas declaraciones recogidas por el diario deportivo italiano &quot;La Gazzetta dello Sport&quot;, Galliani alab\u00f3 tambi\u00e9n el trabajo del\" \/>\n\t<meta name=\"robots\" content=\"max-image-preview:large\" \/>\n\t<meta name=\"author\" content=\"El Digital de Asturias\"\/>\n\t<meta name=\"google-site-verification\" content=\"UA-38556648-1\" \/>\n\t<meta name=\"msvalidate.01\" content=\"7dfe9f3f1b24437ab69f4f2559babe99\" \/>\n\t<meta name=\"keywords\" content=\"actualidad\" \/>\n\t<link rel=\"canonical\" href=\"https:\/\/www.eldigitaldeasturias.com\/noticias\/galliani-destaco-el-fantastico-estado-de-forma-del-atletico-de-madrid\/\" \/>\n\t<meta name=\"generator\" content=\"All in One SEO Pro (AIOSEO) 5.0.1\" \/>\n\t\t<meta property=\"og:locale\" content=\"es_ES\" \/>\n\t\t<meta property=\"og:site_name\" content=\"El Digital de Asturias\" \/>\n\t\t<meta property=\"og:type\" content=\"article\" \/>\n\t\t<meta property=\"og:title\" content=\"Galliani destac\u00f3 el \u00abfant\u00e1stico estado de forma\u00bb del Atl\u00e9tico de Madrid - El Digital de Asturias\" \/>\n\t\t<meta property=\"og:description\" content=\"Roma, 3 feb (EFE).- El vicepresidente del Milan, Adriano Galliani, destac\u00f3 hoy el &quot;fant\u00e1stico estado de forma&quot; del Atl\u00e9tico de Madrid, pr\u00f3ximo rival del conjunto lombardo en los octavos de final de la Liga de Campeones. En unas declaraciones recogidas por el diario deportivo italiano &quot;La Gazzetta dello Sport&quot;, Galliani alab\u00f3 tambi\u00e9n el trabajo del\" \/>\n\t\t<meta property=\"og:url\" content=\"https:\/\/www.eldigitaldeasturias.com\/noticias\/galliani-destaco-el-fantastico-estado-de-forma-del-atletico-de-madrid\/\" \/>\n\t\t<meta property=\"article:tag\" content=\"actualidad\" \/>\n\t\t<meta property=\"article:published_time\" content=\"2014-02-03T19:00:34+00:00\" \/>\n\t\t<meta property=\"article:modified_time\" content=\"2014-02-03T19:00:34+00:00\" \/>\n\t\t<meta property=\"article:publisher\" content=\"https:\/\/facebook.com\/eldigitaldeasturias\" \/>\n\t\t<meta name=\"twitter:card\" content=\"summary_large_image\" \/>\n\t\t<meta name=\"twitter:title\" content=\"Galliani destac\u00f3 el \u00abfant\u00e1stico estado de forma\u00bb del Atl\u00e9tico de Madrid - El Digital de Asturias\" \/>\n\t\t<meta name=\"twitter:description\" content=\"Roma, 3 feb (EFE).- El vicepresidente del Milan, Adriano Galliani, destac\u00f3 hoy el &quot;fant\u00e1stico estado de forma&quot; del Atl\u00e9tico de Madrid, pr\u00f3ximo rival del conjunto lombardo en los octavos de final de la Liga de Campeones. En unas declaraciones recogidas por el diario deportivo italiano &quot;La Gazzetta dello Sport&quot;, Galliani alab\u00f3 tambi\u00e9n el trabajo del\" \/>\n\t\t<meta name=\"twitter:label1\" content=\"Escrito por\" \/>\n\t\t<meta name=\"twitter:data1\" content=\"El Digital de Asturias\" \/>\n\t\t<meta name=\"twitter:label2\" content=\"Tiempo de lectura estimado\" \/>\n\t\t<meta name=\"twitter:data2\" content=\"1 minuto\" \/>\n\t\t<script type=\"application\/ld+json\" class=\"aioseo-schema\">\n\t\t\t{\"@context\":\"https:\\\/\\\/schema.org\",\"@graph\":[{\"@type\":\"BlogPosting\",\"@id\":\"https:\\\/\\\/www.eldigitaldeasturias.com\\\/noticias\\\/galliani-destaco-el-fantastico-estado-de-forma-del-atletico-de-madrid\\\/#blogposting\",\"name\":\"Galliani destac\\u00f3 el \\u00abfant\\u00e1stico estado de forma\\u00bb del Atl\\u00e9tico de Madrid - El Digital de Asturias\",\"headline\":\"Galliani destac\\u00f3 el \\u00abfant\\u00e1stico estado de forma\\u00bb del Atl\\u00e9tico de Madrid\",\"author\":{\"@id\":\"https:\\\/\\\/www.eldigitaldeasturias.com\\\/noticias\\\/author\\\/admin\\\/#author\"},\"publisher\":{\"@id\":\"https:\\\/\\\/www.eldigitaldeasturias.com\\\/noticias\\\/#organization\"},\"image\":{\"@type\":\"ImageObject\",\"url\":482698},\"datePublished\":\"2014-02-03T18:00:34+01:00\",\"dateModified\":\"2014-02-03T18:00:34+01:00\",\"inLanguage\":\"es-ES\",\"mainEntityOfPage\":{\"@id\":\"https:\\\/\\\/www.eldigitaldeasturias.com\\\/noticias\\\/galliani-destaco-el-fantastico-estado-de-forma-del-atletico-de-madrid\\\/#webpage\"},\"isPartOf\":{\"@id\":\"https:\\\/\\\/www.eldigitaldeasturias.com\\\/noticias\\\/galliani-destaco-el-fantastico-estado-de-forma-del-atletico-de-madrid\\\/#webpage\"},\"articleSection\":\"Actualidad\"},{\"@type\":\"BreadcrumbList\",\"@id\":\"https:\\\/\\\/www.eldigitaldeasturias.com\\\/noticias\\\/galliani-destaco-el-fantastico-estado-de-forma-del-atletico-de-madrid\\\/#breadcrumblist\",\"itemListElement\":[{\"@type\":\"ListItem\",\"@id\":\"https:\\\/\\\/www.eldigitaldeasturias.com\\\/noticias#listItem\",\"position\":1,\"name\":\"Home\",\"item\":\"https:\\\/\\\/www.eldigitaldeasturias.com\\\/noticias\",\"nextItem\":{\"@type\":\"ListItem\",\"@id\":\"https:\\\/\\\/www.eldigitaldeasturias.com\\\/noticias\\\/category\\\/actualidad\\\/#listItem\",\"name\":\"Actualidad\"}},{\"@type\":\"ListItem\",\"@id\":\"https:\\\/\\\/www.eldigitaldeasturias.com\\\/noticias\\\/category\\\/actualidad\\\/#listItem\",\"position\":2,\"name\":\"Actualidad\",\"item\":\"https:\\\/\\\/www.eldigitaldeasturias.com\\\/noticias\\\/category\\\/actualidad\\\/\",\"nextItem\":{\"@type\":\"ListItem\",\"@id\":\"https:\\\/\\\/www.eldigitaldeasturias.com\\\/noticias\\\/galliani-destaco-el-fantastico-estado-de-forma-del-atletico-de-madrid\\\/#listItem\",\"name\":\"Galliani destac\\u00f3 el \\u00abfant\\u00e1stico estado de forma\\u00bb del Atl\\u00e9tico de Madrid\"},\"previousItem\":{\"@type\":\"ListItem\",\"@id\":\"https:\\\/\\\/www.eldigitaldeasturias.com\\\/noticias#listItem\",\"name\":\"Home\"}},{\"@type\":\"ListItem\",\"@id\":\"https:\\\/\\\/www.eldigitaldeasturias.com\\\/noticias\\\/galliani-destaco-el-fantastico-estado-de-forma-del-atletico-de-madrid\\\/#listItem\",\"position\":3,\"name\":\"Galliani destac\\u00f3 el \\u00abfant\\u00e1stico estado de forma\\u00bb del Atl\\u00e9tico de Madrid\",\"previousItem\":{\"@type\":\"ListItem\",\"@id\":\"https:\\\/\\\/www.eldigitaldeasturias.com\\\/noticias\\\/category\\\/actualidad\\\/#listItem\",\"name\":\"Actualidad\"}}]},{\"@type\":\"Organization\",\"@id\":\"https:\\\/\\\/www.eldigitaldeasturias.com\\\/noticias\\\/#organization\",\"name\":\"El Digital de Asturias\",\"description\":\"Hemeroteca\",\"url\":\"https:\\\/\\\/www.eldigitaldeasturias.com\\\/noticias\\\/\",\"email\":\"info@eldigitaldeasturias.com\",\"telephone\":\"+34652131393\",\"logo\":{\"@type\":\"ImageObject\",\"url\":\"https:\\\/\\\/www.eldigitaldeasturias.com\\\/noticias\\\/wp-content\\\/uploads\\\/2020\\\/12\\\/EDA.jpg\",\"@id\":\"https:\\\/\\\/www.eldigitaldeasturias.com\\\/noticias\\\/galliani-destaco-el-fantastico-estado-de-forma-del-atletico-de-madrid\\\/#organizationLogo\"},\"image\":{\"@id\":\"https:\\\/\\\/www.eldigitaldeasturias.com\\\/noticias\\\/galliani-destaco-el-fantastico-estado-de-forma-del-atletico-de-madrid\\\/#organizationLogo\"},\"sameAs\":[\"https:\\\/\\\/facebook.com\\\/eldigitaldeasturias\",\"https:\\\/\\\/www.youtube.com\\\/channel\\\/UCZP-2wLEB9Rv6erhFmqVnvg\"],\"address\":{\"@id\":\"https:\\\/\\\/www.eldigitaldeasturias.com\\\/noticias\\\/#postaladdress\",\"@type\":\"PostalAddress\",\"streetAddress\":\"san antonio 4\",\"postalCode\":\"33430\",\"addressLocality\":\"Cand\\u00e1s\",\"addressRegion\":\"Asturias\",\"addressCountry\":\"ES\"}},{\"@type\":\"Person\",\"@id\":\"https:\\\/\\\/www.eldigitaldeasturias.com\\\/noticias\\\/author\\\/admin\\\/#author\",\"url\":\"https:\\\/\\\/www.eldigitaldeasturias.com\\\/noticias\\\/author\\\/admin\\\/\",\"name\":\"El Digital de Asturias\",\"image\":{\"@type\":\"ImageObject\",\"@id\":\"https:\\\/\\\/www.eldigitaldeasturias.com\\\/noticias\\\/galliani-destaco-el-fantastico-estado-de-forma-del-atletico-de-madrid\\\/#authorImage\",\"url\":\"https:\\\/\\\/secure.gravatar.com\\\/avatar\\\/df2aeffc32bcd13f8d26072ef8a91b623d677766deac7f97ca815868cd41bf5e?s=96&d=mm&r=g\",\"width\":96,\"height\":96,\"caption\":\"El Digital de Asturias\"}},{\"@type\":\"WebPage\",\"@id\":\"https:\\\/\\\/www.eldigitaldeasturias.com\\\/noticias\\\/galliani-destaco-el-fantastico-estado-de-forma-del-atletico-de-madrid\\\/#webpage\",\"url\":\"https:\\\/\\\/www.eldigitaldeasturias.com\\\/noticias\\\/galliani-destaco-el-fantastico-estado-de-forma-del-atletico-de-madrid\\\/\",\"name\":\"Galliani destac\\u00f3 el \\u00abfant\\u00e1stico estado de forma\\u00bb del Atl\\u00e9tico de Madrid - El Digital de Asturias\",\"description\":\"Roma, 3 feb (EFE).- El vicepresidente del Milan, Adriano Galliani, destac\\u00f3 hoy el \\\"fant\\u00e1stico estado de forma\\\" del Atl\\u00e9tico de Madrid, pr\\u00f3ximo rival del conjunto lombardo en los octavos de final de la Liga de Campeones. En unas declaraciones recogidas por el diario deportivo italiano \\\"La Gazzetta dello Sport\\\", Galliani alab\\u00f3 tambi\\u00e9n el trabajo del\",\"inLanguage\":\"es-ES\",\"isPartOf\":{\"@id\":\"https:\\\/\\\/www.eldigitaldeasturias.com\\\/noticias\\\/#website\"},\"breadcrumb\":{\"@id\":\"https:\\\/\\\/www.eldigitaldeasturias.com\\\/noticias\\\/galliani-destaco-el-fantastico-estado-de-forma-del-atletico-de-madrid\\\/#breadcrumblist\"},\"author\":{\"@id\":\"https:\\\/\\\/www.eldigitaldeasturias.com\\\/noticias\\\/author\\\/admin\\\/#author\"},\"creator\":{\"@id\":\"https:\\\/\\\/www.eldigitaldeasturias.com\\\/noticias\\\/author\\\/admin\\\/#author\"},\"image\":{\"@type\":\"ImageObject\",\"url\":482698,\"@id\":\"https:\\\/\\\/www.eldigitaldeasturias.com\\\/noticias\\\/galliani-destaco-el-fantastico-estado-de-forma-del-atletico-de-madrid\\\/#mainImage\"},\"primaryImageOfPage\":{\"@id\":\"https:\\\/\\\/www.eldigitaldeasturias.com\\\/noticias\\\/galliani-destaco-el-fantastico-estado-de-forma-del-atletico-de-madrid\\\/#mainImage\"},\"datePublished\":\"2014-02-03T18:00:34+01:00\",\"dateModified\":\"2014-02-03T18:00:34+01:00\"},{\"@type\":\"WebSite\",\"@id\":\"https:\\\/\\\/www.eldigitaldeasturias.com\\\/noticias\\\/#website\",\"url\":\"https:\\\/\\\/www.eldigitaldeasturias.com\\\/noticias\\\/\",\"name\":\"El Digital de Asturias - Diario de actualidad y noticias\",\"alternateName\":\"El Digital de Asturias - Diario de actualidad y noticias\",\"description\":\"Hemeroteca\",\"inLanguage\":\"es-ES\",\"publisher\":{\"@id\":\"https:\\\/\\\/www.eldigitaldeasturias.com\\\/noticias\\\/#organization\"}}]}\n\t\t<\/script>\n\t\t<!-- All in One SEO Pro -->\r\n\t\t<title>Galliani destac\u00f3 el \u00abfant\u00e1stico estado de forma\u00bb del Atl\u00e9tico de Madrid - El Digital de Asturias<\/title>\n\n","aioseo_head_json":{"title":"Galliani destac\u00f3 el \u00abfant\u00e1stico estado de forma\u00bb del Atl\u00e9tico de Madrid - El Digital de Asturias","description":"Roma, 3 feb (EFE).- El vicepresidente del Milan, Adriano Galliani, destac\u00f3 hoy el \"fant\u00e1stico estado de forma\" del Atl\u00e9tico de Madrid, pr\u00f3ximo rival del conjunto lombardo en los octavos de final de la Liga de Campeones. En unas declaraciones recogidas por el diario deportivo italiano \"La Gazzetta dello Sport\", Galliani alab\u00f3 tambi\u00e9n el trabajo del","canonical_url":"https:\/\/www.eldigitaldeasturias.com\/noticias\/galliani-destaco-el-fantastico-estado-de-forma-del-atletico-de-madrid\/","robots":"max-image-preview:large","keywords":"actualidad","webmasterTools":{"google-site-verification":"UA-38556648-1","msvalidate.01":"7dfe9f3f1b24437ab69f4f2559babe99","miscellaneous":""},"schema":{"@context":"https:\/\/schema.org","@graph":[{"@type":"BlogPosting","@id":"https:\/\/www.eldigitaldeasturias.com\/noticias\/galliani-destaco-el-fantastico-estado-de-forma-del-atletico-de-madrid\/#blogposting","name":"Galliani destac\u00f3 el \u00abfant\u00e1stico estado de forma\u00bb del Atl\u00e9tico de Madrid - El Digital de Asturias","headline":"Galliani destac\u00f3 el \u00abfant\u00e1stico estado de forma\u00bb del Atl\u00e9tico de Madrid","author":{"@id":"https:\/\/www.eldigitaldeasturias.com\/noticias\/author\/admin\/#author"},"publisher":{"@id":"https:\/\/www.eldigitaldeasturias.com\/noticias\/#organization"},"image":{"@type":"ImageObject","url":482698},"datePublished":"2014-02-03T18:00:34+01:00","dateModified":"2014-02-03T18:00:34+01:00","inLanguage":"es-ES","mainEntityOfPage":{"@id":"https:\/\/www.eldigitaldeasturias.com\/noticias\/galliani-destaco-el-fantastico-estado-de-forma-del-atletico-de-madrid\/#webpage"},"isPartOf":{"@id":"https:\/\/www.eldigitaldeasturias.com\/noticias\/galliani-destaco-el-fantastico-estado-de-forma-del-atletico-de-madrid\/#webpage"},"articleSection":"Actualidad"},{"@type":"BreadcrumbList","@id":"https:\/\/www.eldigitaldeasturias.com\/noticias\/galliani-destaco-el-fantastico-estado-de-forma-del-atletico-de-madrid\/#breadcrumblist","itemListElement":[{"@type":"ListItem","@id":"https:\/\/www.eldigitaldeasturias.com\/noticias#listItem","position":1,"name":"Home","item":"https:\/\/www.eldigitaldeasturias.com\/noticias","nextItem":{"@type":"ListItem","@id":"https:\/\/www.eldigitaldeasturias.com\/noticias\/category\/actualidad\/#listItem","name":"Actualidad"}},{"@type":"ListItem","@id":"https:\/\/www.eldigitaldeasturias.com\/noticias\/category\/actualidad\/#listItem","position":2,"name":"Actualidad","item":"https:\/\/www.eldigitaldeasturias.com\/noticias\/category\/actualidad\/","nextItem":{"@type":"ListItem","@id":"https:\/\/www.eldigitaldeasturias.com\/noticias\/galliani-destaco-el-fantastico-estado-de-forma-del-atletico-de-madrid\/#listItem","name":"Galliani destac\u00f3 el \u00abfant\u00e1stico estado de forma\u00bb del Atl\u00e9tico de Madrid"},"previousItem":{"@type":"ListItem","@id":"https:\/\/www.eldigitaldeasturias.com\/noticias#listItem","name":"Home"}},{"@type":"ListItem","@id":"https:\/\/www.eldigitaldeasturias.com\/noticias\/galliani-destaco-el-fantastico-estado-de-forma-del-atletico-de-madrid\/#listItem","position":3,"name":"Galliani destac\u00f3 el \u00abfant\u00e1stico estado de forma\u00bb del Atl\u00e9tico de Madrid","previousItem":{"@type":"ListItem","@id":"https:\/\/www.eldigitaldeasturias.com\/noticias\/category\/actualidad\/#listItem","name":"Actualidad"}}]},{"@type":"Organization","@id":"https:\/\/www.eldigitaldeasturias.com\/noticias\/#organization","name":"El Digital de Asturias","description":"Hemeroteca","url":"https:\/\/www.eldigitaldeasturias.com\/noticias\/","email":"info@eldigitaldeasturias.com","telephone":"+34652131393","logo":{"@type":"ImageObject","url":"https:\/\/www.eldigitaldeasturias.com\/noticias\/wp-content\/uploads\/2020\/12\/EDA.jpg","@id":"https:\/\/www.eldigitaldeasturias.com\/noticias\/galliani-destaco-el-fantastico-estado-de-forma-del-atletico-de-madrid\/#organizationLogo"},"image":{"@id":"https:\/\/www.eldigitaldeasturias.com\/noticias\/galliani-destaco-el-fantastico-estado-de-forma-del-atletico-de-madrid\/#organizationLogo"},"sameAs":["https:\/\/facebook.com\/eldigitaldeasturias","https:\/\/www.youtube.com\/channel\/UCZP-2wLEB9Rv6erhFmqVnvg"],"address":{"@id":"https:\/\/www.eldigitaldeasturias.com\/noticias\/#postaladdress","@type":"PostalAddress","streetAddress":"san antonio 4","postalCode":"33430","addressLocality":"Cand\u00e1s","addressRegion":"Asturias","addressCountry":"ES"}},{"@type":"Person","@id":"https:\/\/www.eldigitaldeasturias.com\/noticias\/author\/admin\/#author","url":"https:\/\/www.eldigitaldeasturias.com\/noticias\/author\/admin\/","name":"El Digital de Asturias","image":{"@type":"ImageObject","@id":"https:\/\/www.eldigitaldeasturias.com\/noticias\/galliani-destaco-el-fantastico-estado-de-forma-del-atletico-de-madrid\/#authorImage","url":"https:\/\/secure.gravatar.com\/avatar\/df2aeffc32bcd13f8d26072ef8a91b623d677766deac7f97ca815868cd41bf5e?s=96&d=mm&r=g","width":96,"height":96,"caption":"El Digital de Asturias"}},{"@type":"WebPage","@id":"https:\/\/www.eldigitaldeasturias.com\/noticias\/galliani-destaco-el-fantastico-estado-de-forma-del-atletico-de-madrid\/#webpage","url":"https:\/\/www.eldigitaldeasturias.com\/noticias\/galliani-destaco-el-fantastico-estado-de-forma-del-atletico-de-madrid\/","name":"Galliani destac\u00f3 el \u00abfant\u00e1stico estado de forma\u00bb del Atl\u00e9tico de Madrid - El Digital de Asturias","description":"Roma, 3 feb (EFE).- El vicepresidente del Milan, Adriano Galliani, destac\u00f3 hoy el \"fant\u00e1stico estado de forma\" del Atl\u00e9tico de Madrid, pr\u00f3ximo rival del conjunto lombardo en los octavos de final de la Liga de Campeones. En unas declaraciones recogidas por el diario deportivo italiano \"La Gazzetta dello Sport\", Galliani alab\u00f3 tambi\u00e9n el trabajo del","inLanguage":"es-ES","isPartOf":{"@id":"https:\/\/www.eldigitaldeasturias.com\/noticias\/#website"},"breadcrumb":{"@id":"https:\/\/www.eldigitaldeasturias.com\/noticias\/galliani-destaco-el-fantastico-estado-de-forma-del-atletico-de-madrid\/#breadcrumblist"},"author":{"@id":"https:\/\/www.eldigitaldeasturias.com\/noticias\/author\/admin\/#author"},"creator":{"@id":"https:\/\/www.eldigitaldeasturias.com\/noticias\/author\/admin\/#author"},"image":{"@type":"ImageObject","url":482698,"@id":"https:\/\/www.eldigitaldeasturias.com\/noticias\/galliani-destaco-el-fantastico-estado-de-forma-del-atletico-de-madrid\/#mainImage"},"primaryImageOfPage":{"@id":"https:\/\/www.eldigitaldeasturias.com\/noticias\/galliani-destaco-el-fantastico-estado-de-forma-del-atletico-de-madrid\/#mainImage"},"datePublished":"2014-02-03T18:00:34+01:00","dateModified":"2014-02-03T18:00:34+01:00"},{"@type":"WebSite","@id":"https:\/\/www.eldigitaldeasturias.com\/noticias\/#website","url":"https:\/\/www.eldigitaldeasturias.com\/noticias\/","name":"El Digital de Asturias - Diario de actualidad y noticias","alternateName":"El Digital de Asturias - Diario de actualidad y noticias","description":"Hemeroteca","inLanguage":"es-ES","publisher":{"@id":"https:\/\/www.eldigitaldeasturias.com\/noticias\/#organization"}}]},"og:locale":"es_ES","og:site_name":"El Digital de Asturias","og:type":"article","og:title":"Galliani destac\u00f3 el \u00abfant\u00e1stico estado de forma\u00bb del Atl\u00e9tico de Madrid - El Digital de Asturias","og:description":"Roma, 3 feb (EFE).- El vicepresidente del Milan, Adriano Galliani, destac\u00f3 hoy el &quot;fant\u00e1stico estado de forma&quot; del Atl\u00e9tico de Madrid, pr\u00f3ximo rival del conjunto lombardo en los octavos de final de la Liga de Campeones. En unas declaraciones recogidas por el diario deportivo italiano &quot;La Gazzetta dello Sport&quot;, Galliani alab\u00f3 tambi\u00e9n el trabajo del","og:url":"https:\/\/www.eldigitaldeasturias.com\/noticias\/galliani-destaco-el-fantastico-estado-de-forma-del-atletico-de-madrid\/","article:tag":["actualidad"],"article:published_time":"2014-02-03T19:00:34+00:00","article:modified_time":"2014-02-03T19:00:34+00:00","article:publisher":"https:\/\/facebook.com\/eldigitaldeasturias","twitter:card":"summary_large_image","twitter:title":"Galliani destac\u00f3 el \u00abfant\u00e1stico estado de forma\u00bb del Atl\u00e9tico de Madrid - El Digital de Asturias","twitter:description":"Roma, 3 feb (EFE).- El vicepresidente del Milan, Adriano Galliani, destac\u00f3 hoy el &quot;fant\u00e1stico estado de forma&quot; del Atl\u00e9tico de Madrid, pr\u00f3ximo rival del conjunto lombardo en los octavos de final de la Liga de Campeones. En unas declaraciones recogidas por el diario deportivo italiano &quot;La Gazzetta dello Sport&quot;, Galliani alab\u00f3 tambi\u00e9n el trabajo del","twitter:label1":"Escrito por","twitter:data1":"El Digital de Asturias","twitter:label2":"Tiempo de lectura estimado","twitter:data2":"1 minuto"},"aioseo_meta_data":{"post_id":"482697","title":null,"description":null,"keywords":null,"keyphrases":null,"primary_term":null,"canonical_url":null,"og_title":null,"og_description":null,"og_object_type":"default","og_image_type":"default","og_image_url":null,"og_image_width":null,"og_image_height":null,"og_image_custom_url":null,"og_image_custom_fields":null,"og_video":null,"og_custom_url":null,"og_article_section":null,"og_article_tags":null,"twitter_use_og":true,"twitter_card":"default","twitter_image_type":"default","twitter_image_url":null,"twitter_image_custom_url":null,"twitter_image_custom_fields":null,"twitter_title":null,"twitter_description":null,"schema":{"blockGraphs":[],"customGraphs":[],"default":{"data":{"Article":[],"Course":[],"Dataset":[],"FAQPage":[],"Movie":[],"Person":[],"Product":[],"ProductReview":[],"Car":[],"Recipe":[],"Service":[],"SoftwareApplication":[],"WebPage":[]},"graphName":"","isEnabled":true},"graphs":[],"defaultGraph":"","defaultPostTypeGraph":""},"schema_type":null,"schema_type_options":null,"pillar_content":false,"robots_default":true,"robots_noindex":false,"robots_noarchive":false,"robots_nosnippet":false,"robots_nofollow":false,"robots_noimageindex":false,"robots_noodp":false,"robots_notranslate":false,"robots_max_snippet":null,"robots_max_videopreview":null,"robots_max_imagepreview":"none","priority":null,"frequency":null,"local_seo":null,"seo_analyzer_scan_date":"2026-06-02 10:38:51","breadcrumb_settings":null,"limit_modified_date":false,"open_ai":null,"ai":null,"created":"2020-11-14 22:54:39","updated":"2026-06-02 10:38:51","focus_keyword":null,"additional_keywords":null,"truseo_locale":null},"aioseo_breadcrumb":"<div class=\"aioseo-breadcrumbs\"><span class=\"aioseo-breadcrumb\">\n\t<a href=\"https:\/\/www.eldigitaldeasturias.com\/noticias\" title=\"Home\">Home<\/a>\n<\/span><span class=\"aioseo-breadcrumb-separator\">\u2013<\/span><span class=\"aioseo-breadcrumb\">\n\t<a href=\"https:\/\/www.eldigitaldeasturias.com\/noticias\/category\/actualidad\/\" title=\"Actualidad\">Actualidad<\/a>\n<\/span><span class=\"aioseo-breadcrumb-separator\">\u2013<\/span><span class=\"aioseo-breadcrumb\">\n\t<a href=\"https:\/\/www.eldigitaldeasturias.com\/noticias\/galliani-destaco-el-fantastico-estado-de-forma-del-atletico-de-madrid\/\" title=\"Galliani destac\u00f3 el \u00abfant\u00e1stico estado de forma\u00bb del Atl\u00e9tico de Madrid\">Galliani destac\u00f3 el \u00abfant\u00e1stico estado de forma\u00bb del Atl\u00e9tico de Madrid<\/a>\n<\/span><\/div>","aioseo_breadcrumb_json":[{"label":"Home","link":"https:\/\/www.eldigitaldeasturias.com\/noticias"},{"label":"Actualidad","link":"https:\/\/www.eldigitaldeasturias.com\/noticias\/category\/actualidad\/"},{"label":"Galliani destac\u00f3 el \u00abfant\u00e1stico estado de forma\u00bb del Atl\u00e9tico de Madrid","link":"https:\/\/www.eldigitaldeasturias.com\/noticias\/galliani-destaco-el-fantastico-estado-de-forma-del-atletico-de-madrid\/"}],"_links":{"self":[{"href":"https:\/\/www.eldigitaldeasturias.com\/noticias\/wp-json\/wp\/v2\/posts\/482697","targetHints":{"allow":["GET"]}}],"collection":[{"href":"https:\/\/www.eldigitaldeasturias.com\/noticias\/wp-json\/wp\/v2\/posts"}],"about":[{"href":"https:\/\/www.eldigitaldeasturias.com\/noticias\/wp-json\/wp\/v2\/types\/post"}],"author":[{"embeddable":true,"href":"https:\/\/www.eldigitaldeasturias.com\/noticias\/wp-json\/wp\/v2\/users\/1"}],"replies":[{"embeddable":true,"href":"https:\/\/www.eldigitaldeasturias.com\/noticias\/wp-json\/wp\/v2\/comments?post=482697"}],"version-history":[{"count":0,"href":"https:\/\/www.eldigitaldeasturias.com\/noticias\/wp-json\/wp\/v2\/posts\/482697\/revisions"}],"wp:attachment":[{"href":"https:\/\/www.eldigitaldeasturias.com\/noticias\/wp-json\/wp\/v2\/media?parent=482697"}],"wp:term":[{"taxonomy":"category","embeddable":true,"href":"https:\/\/www.eldigitaldeasturias.com\/noticias\/wp-json\/wp\/v2\/categories?post=482697"},{"taxonomy":"post_tag","embeddable":true,"href":"https:\/\/www.eldigitaldeasturias.com\/noticias\/wp-json\/wp\/v2\/tags?post=482697"}],"curies":[{"name":"wp","href":"https:\/\/api.w.org\/{rel}","templated":true}]}}