{"id":482688,"date":"2014-02-03T17:55:06","date_gmt":"2014-02-03T18:55:06","guid":{"rendered":"http:\/\/www.eldigitaldeasturias.com\/noticias\/?p=482688"},"modified":"2014-02-03T17:55:06","modified_gmt":"2014-02-03T18:55:06","slug":"el-emperador-de-japon-recibe-en-tokio-al-presidente-del-congreso-espanol","status":"publish","type":"post","link":"https:\/\/www.eldigitaldeasturias.com\/noticias\/el-emperador-de-japon-recibe-en-tokio-al-presidente-del-congreso-espanol\/","title":{"rendered":"El emperador de Jap\u00f3n recibe en Tokio al presidente del Congreso espa\u00f1ol"},"content":{"rendered":"<p><img loading=\"lazy\" decoding=\"async\" class=\"alignleft size-medium wp-image-482689\" alt=\"5903283w\" src=\"https:\/\/www.eldigitaldeasturias.com\/noticias\/wp-content\/uploads\/2014\/02\/5903283w-360x238.jpg\" width=\"360\" height=\"238\" \/>Tokio, 3 feb (EFE).- El emperador Akihito recibi\u00f3 hoy en el Palacio Imperial de Tokio al presidente del Congreso de los Diputados de Espa\u00f1a, Jes\u00fas Posada, en su primera jornada de visita oficial a Jap\u00f3n.<\/p>\n<p>\u00abEl encuentro fue muy cordial y pone de manifiesto las magn\u00edficas relaciones entre Espa\u00f1a y Jap\u00f3n, coincidiendo con los actos que conmemoran 400 a\u00f1os de lazos entre los dos pa\u00edses\u00bb, explic\u00f3 a Efe un portavoz de la delegaci\u00f3n espa\u00f1ola.<\/p>\n<p>Posada, que lleg\u00f3 hoy en Jap\u00f3n, se reuni\u00f3 tambi\u00e9n con el primer ministro nip\u00f3n, Shinzo Abe, y visit\u00f3 el Parlamento donde fue recibido por su hom\u00f3logo japon\u00e9s Bunmei Ibuki.<\/p>\n<p>Este viaje de cinco d\u00edas coincide con los actos conmemorativos del A\u00f1o Dual Jap\u00f3n-Espa\u00f1a y tiene como principal objetivo fortalecer las relaciones bilaterales.<\/p>\n<p>El presidente del Congreso tambi\u00e9n mantendr\u00e1 durante su visita reuniones en Tokio con el presidente de la c\u00e1mara Alta nipona, Masaaki Yamazaki, y con empresarios japoneses con intereses en Espa\u00f1a.<\/p>\n<p>Adem\u00e1s visitar\u00e1 el Instituto Cervantes donde mantendr\u00e1 un encuentro con los embajadores iberoamericanos acreditados en Jap\u00f3n y con representantes del mundo cultural hispano.<\/p>\n<p>Posada se desplazar\u00e1 despu\u00e9s a Kioto, donde se reunir\u00e1 con el gobernador de esa prefectura y visitar\u00e1 la Universidad de Estudios Extranjeros.<\/p>\n","protected":false},"excerpt":{"rendered":"<p>Tokio, 3 feb (EFE).- El emperador Akihito recibi\u00f3 hoy en el Palacio Imperial de Tokio al presidente del Congreso de los Diputados de Espa\u00f1a, Jes\u00fas Posada, en su primera jornada de visita oficial a Jap\u00f3n. \u00abEl encuentro fue muy cordial y pone de manifiesto las magn\u00edficas relaciones entre Espa\u00f1a y Jap\u00f3n, coincidiendo con los actos [&hellip;]<\/p>\n","protected":false},"author":1,"featured_media":482689,"comment_status":"closed","ping_status":"open","sticky":false,"template":"","format":"standard","meta":{"footnotes":""},"categories":[1],"tags":[],"class_list":["post-482688","post","type-post","status-publish","format-standard","has-post-thumbnail","hentry","category-actualidad"],"aioseo_notices":[],"aioseo_head":"\n\t\t<!-- All in One SEO Pro 5.0.1 - aioseo.com -->\n\t<meta name=\"description\" content=\"Tokio, 3 feb (EFE).- El emperador Akihito recibi\u00f3 hoy en el Palacio Imperial de Tokio al presidente del Congreso de los Diputados de Espa\u00f1a, Jes\u00fas Posada, en su primera jornada de visita oficial a Jap\u00f3n. &quot;El encuentro fue muy cordial y pone de manifiesto las magn\u00edficas relaciones entre Espa\u00f1a y Jap\u00f3n, coincidiendo con los actos\" \/>\n\t<meta name=\"robots\" content=\"max-image-preview:large\" \/>\n\t<meta name=\"author\" content=\"El Digital de Asturias\"\/>\n\t<meta name=\"google-site-verification\" content=\"UA-38556648-1\" \/>\n\t<meta name=\"msvalidate.01\" content=\"7dfe9f3f1b24437ab69f4f2559babe99\" \/>\n\t<meta name=\"keywords\" content=\"actualidad\" \/>\n\t<link rel=\"canonical\" href=\"https:\/\/www.eldigitaldeasturias.com\/noticias\/el-emperador-de-japon-recibe-en-tokio-al-presidente-del-congreso-espanol\/\" \/>\n\t<meta name=\"generator\" content=\"All in One SEO Pro (AIOSEO) 5.0.1\" \/>\n\t\t<meta property=\"og:locale\" content=\"es_ES\" \/>\n\t\t<meta property=\"og:site_name\" content=\"El Digital de Asturias\" \/>\n\t\t<meta property=\"og:type\" content=\"article\" \/>\n\t\t<meta property=\"og:title\" content=\"El emperador de Jap\u00f3n recibe en Tokio al presidente del Congreso espa\u00f1ol - El Digital de Asturias\" \/>\n\t\t<meta property=\"og:description\" content=\"Tokio, 3 feb (EFE).- El emperador Akihito recibi\u00f3 hoy en el Palacio Imperial de Tokio al presidente del Congreso de los Diputados de Espa\u00f1a, Jes\u00fas Posada, en su primera jornada de visita oficial a Jap\u00f3n. &quot;El encuentro fue muy cordial y pone de manifiesto las magn\u00edficas relaciones entre Espa\u00f1a y Jap\u00f3n, coincidiendo con los actos\" \/>\n\t\t<meta property=\"og:url\" content=\"https:\/\/www.eldigitaldeasturias.com\/noticias\/el-emperador-de-japon-recibe-en-tokio-al-presidente-del-congreso-espanol\/\" \/>\n\t\t<meta property=\"article:tag\" content=\"actualidad\" \/>\n\t\t<meta property=\"article:published_time\" content=\"2014-02-03T18:55:06+00:00\" \/>\n\t\t<meta property=\"article:modified_time\" content=\"2014-02-03T18:55:06+00:00\" \/>\n\t\t<meta property=\"article:publisher\" content=\"https:\/\/facebook.com\/eldigitaldeasturias\" \/>\n\t\t<meta name=\"twitter:card\" content=\"summary_large_image\" \/>\n\t\t<meta name=\"twitter:title\" content=\"El emperador de Jap\u00f3n recibe en Tokio al presidente del Congreso espa\u00f1ol - El Digital de Asturias\" \/>\n\t\t<meta name=\"twitter:description\" content=\"Tokio, 3 feb (EFE).- El emperador Akihito recibi\u00f3 hoy en el Palacio Imperial de Tokio al presidente del Congreso de los Diputados de Espa\u00f1a, Jes\u00fas Posada, en su primera jornada de visita oficial a Jap\u00f3n. &quot;El encuentro fue muy cordial y pone de manifiesto las magn\u00edficas relaciones entre Espa\u00f1a y Jap\u00f3n, coincidiendo con los actos\" \/>\n\t\t<meta name=\"twitter:label1\" content=\"Escrito por\" \/>\n\t\t<meta name=\"twitter:data1\" content=\"El Digital de Asturias\" \/>\n\t\t<meta name=\"twitter:label2\" content=\"Tiempo de lectura estimado\" \/>\n\t\t<meta name=\"twitter:data2\" content=\"1 minuto\" \/>\n\t\t<script type=\"application\/ld+json\" class=\"aioseo-schema\">\n\t\t\t{\"@context\":\"https:\\\/\\\/schema.org\",\"@graph\":[{\"@type\":\"BlogPosting\",\"@id\":\"https:\\\/\\\/www.eldigitaldeasturias.com\\\/noticias\\\/el-emperador-de-japon-recibe-en-tokio-al-presidente-del-congreso-espanol\\\/#blogposting\",\"name\":\"El emperador de Jap\\u00f3n recibe en Tokio al presidente del Congreso espa\\u00f1ol - El Digital de Asturias\",\"headline\":\"El emperador de Jap\\u00f3n recibe en Tokio al presidente del Congreso espa\\u00f1ol\",\"author\":{\"@id\":\"https:\\\/\\\/www.eldigitaldeasturias.com\\\/noticias\\\/author\\\/admin\\\/#author\"},\"publisher\":{\"@id\":\"https:\\\/\\\/www.eldigitaldeasturias.com\\\/noticias\\\/#organization\"},\"image\":{\"@type\":\"ImageObject\",\"url\":482689},\"datePublished\":\"2014-02-03T17:55:06+01:00\",\"dateModified\":\"2014-02-03T17:55:06+01:00\",\"inLanguage\":\"es-ES\",\"mainEntityOfPage\":{\"@id\":\"https:\\\/\\\/www.eldigitaldeasturias.com\\\/noticias\\\/el-emperador-de-japon-recibe-en-tokio-al-presidente-del-congreso-espanol\\\/#webpage\"},\"isPartOf\":{\"@id\":\"https:\\\/\\\/www.eldigitaldeasturias.com\\\/noticias\\\/el-emperador-de-japon-recibe-en-tokio-al-presidente-del-congreso-espanol\\\/#webpage\"},\"articleSection\":\"Actualidad\"},{\"@type\":\"BreadcrumbList\",\"@id\":\"https:\\\/\\\/www.eldigitaldeasturias.com\\\/noticias\\\/el-emperador-de-japon-recibe-en-tokio-al-presidente-del-congreso-espanol\\\/#breadcrumblist\",\"itemListElement\":[{\"@type\":\"ListItem\",\"@id\":\"https:\\\/\\\/www.eldigitaldeasturias.com\\\/noticias#listItem\",\"position\":1,\"name\":\"Home\",\"item\":\"https:\\\/\\\/www.eldigitaldeasturias.com\\\/noticias\",\"nextItem\":{\"@type\":\"ListItem\",\"@id\":\"https:\\\/\\\/www.eldigitaldeasturias.com\\\/noticias\\\/category\\\/actualidad\\\/#listItem\",\"name\":\"Actualidad\"}},{\"@type\":\"ListItem\",\"@id\":\"https:\\\/\\\/www.eldigitaldeasturias.com\\\/noticias\\\/category\\\/actualidad\\\/#listItem\",\"position\":2,\"name\":\"Actualidad\",\"item\":\"https:\\\/\\\/www.eldigitaldeasturias.com\\\/noticias\\\/category\\\/actualidad\\\/\",\"nextItem\":{\"@type\":\"ListItem\",\"@id\":\"https:\\\/\\\/www.eldigitaldeasturias.com\\\/noticias\\\/el-emperador-de-japon-recibe-en-tokio-al-presidente-del-congreso-espanol\\\/#listItem\",\"name\":\"El emperador de Jap\\u00f3n recibe en Tokio al presidente del Congreso espa\\u00f1ol\"},\"previousItem\":{\"@type\":\"ListItem\",\"@id\":\"https:\\\/\\\/www.eldigitaldeasturias.com\\\/noticias#listItem\",\"name\":\"Home\"}},{\"@type\":\"ListItem\",\"@id\":\"https:\\\/\\\/www.eldigitaldeasturias.com\\\/noticias\\\/el-emperador-de-japon-recibe-en-tokio-al-presidente-del-congreso-espanol\\\/#listItem\",\"position\":3,\"name\":\"El emperador de Jap\\u00f3n recibe en Tokio al presidente del Congreso espa\\u00f1ol\",\"previousItem\":{\"@type\":\"ListItem\",\"@id\":\"https:\\\/\\\/www.eldigitaldeasturias.com\\\/noticias\\\/category\\\/actualidad\\\/#listItem\",\"name\":\"Actualidad\"}}]},{\"@type\":\"Organization\",\"@id\":\"https:\\\/\\\/www.eldigitaldeasturias.com\\\/noticias\\\/#organization\",\"name\":\"El Digital de Asturias\",\"description\":\"Hemeroteca\",\"url\":\"https:\\\/\\\/www.eldigitaldeasturias.com\\\/noticias\\\/\",\"email\":\"info@eldigitaldeasturias.com\",\"telephone\":\"+34652131393\",\"logo\":{\"@type\":\"ImageObject\",\"url\":\"https:\\\/\\\/www.eldigitaldeasturias.com\\\/noticias\\\/wp-content\\\/uploads\\\/2020\\\/12\\\/EDA.jpg\",\"@id\":\"https:\\\/\\\/www.eldigitaldeasturias.com\\\/noticias\\\/el-emperador-de-japon-recibe-en-tokio-al-presidente-del-congreso-espanol\\\/#organizationLogo\"},\"image\":{\"@id\":\"https:\\\/\\\/www.eldigitaldeasturias.com\\\/noticias\\\/el-emperador-de-japon-recibe-en-tokio-al-presidente-del-congreso-espanol\\\/#organizationLogo\"},\"sameAs\":[\"https:\\\/\\\/facebook.com\\\/eldigitaldeasturias\",\"https:\\\/\\\/www.youtube.com\\\/channel\\\/UCZP-2wLEB9Rv6erhFmqVnvg\"],\"address\":{\"@id\":\"https:\\\/\\\/www.eldigitaldeasturias.com\\\/noticias\\\/#postaladdress\",\"@type\":\"PostalAddress\",\"streetAddress\":\"san antonio 4\",\"postalCode\":\"33430\",\"addressLocality\":\"Cand\\u00e1s\",\"addressRegion\":\"Asturias\",\"addressCountry\":\"ES\"}},{\"@type\":\"Person\",\"@id\":\"https:\\\/\\\/www.eldigitaldeasturias.com\\\/noticias\\\/author\\\/admin\\\/#author\",\"url\":\"https:\\\/\\\/www.eldigitaldeasturias.com\\\/noticias\\\/author\\\/admin\\\/\",\"name\":\"El Digital de Asturias\",\"image\":{\"@type\":\"ImageObject\",\"@id\":\"https:\\\/\\\/www.eldigitaldeasturias.com\\\/noticias\\\/el-emperador-de-japon-recibe-en-tokio-al-presidente-del-congreso-espanol\\\/#authorImage\",\"url\":\"https:\\\/\\\/secure.gravatar.com\\\/avatar\\\/df2aeffc32bcd13f8d26072ef8a91b623d677766deac7f97ca815868cd41bf5e?s=96&d=mm&r=g\",\"width\":96,\"height\":96,\"caption\":\"El Digital de Asturias\"}},{\"@type\":\"WebPage\",\"@id\":\"https:\\\/\\\/www.eldigitaldeasturias.com\\\/noticias\\\/el-emperador-de-japon-recibe-en-tokio-al-presidente-del-congreso-espanol\\\/#webpage\",\"url\":\"https:\\\/\\\/www.eldigitaldeasturias.com\\\/noticias\\\/el-emperador-de-japon-recibe-en-tokio-al-presidente-del-congreso-espanol\\\/\",\"name\":\"El emperador de Jap\\u00f3n recibe en Tokio al presidente del Congreso espa\\u00f1ol - El Digital de Asturias\",\"description\":\"Tokio, 3 feb (EFE).- El emperador Akihito recibi\\u00f3 hoy en el Palacio Imperial de Tokio al presidente del Congreso de los Diputados de Espa\\u00f1a, Jes\\u00fas Posada, en su primera jornada de visita oficial a Jap\\u00f3n. \\\"El encuentro fue muy cordial y pone de manifiesto las magn\\u00edficas relaciones entre Espa\\u00f1a y Jap\\u00f3n, coincidiendo con los actos\",\"inLanguage\":\"es-ES\",\"isPartOf\":{\"@id\":\"https:\\\/\\\/www.eldigitaldeasturias.com\\\/noticias\\\/#website\"},\"breadcrumb\":{\"@id\":\"https:\\\/\\\/www.eldigitaldeasturias.com\\\/noticias\\\/el-emperador-de-japon-recibe-en-tokio-al-presidente-del-congreso-espanol\\\/#breadcrumblist\"},\"author\":{\"@id\":\"https:\\\/\\\/www.eldigitaldeasturias.com\\\/noticias\\\/author\\\/admin\\\/#author\"},\"creator\":{\"@id\":\"https:\\\/\\\/www.eldigitaldeasturias.com\\\/noticias\\\/author\\\/admin\\\/#author\"},\"image\":{\"@type\":\"ImageObject\",\"url\":482689,\"@id\":\"https:\\\/\\\/www.eldigitaldeasturias.com\\\/noticias\\\/el-emperador-de-japon-recibe-en-tokio-al-presidente-del-congreso-espanol\\\/#mainImage\"},\"primaryImageOfPage\":{\"@id\":\"https:\\\/\\\/www.eldigitaldeasturias.com\\\/noticias\\\/el-emperador-de-japon-recibe-en-tokio-al-presidente-del-congreso-espanol\\\/#mainImage\"},\"datePublished\":\"2014-02-03T17:55:06+01:00\",\"dateModified\":\"2014-02-03T17:55:06+01:00\"},{\"@type\":\"WebSite\",\"@id\":\"https:\\\/\\\/www.eldigitaldeasturias.com\\\/noticias\\\/#website\",\"url\":\"https:\\\/\\\/www.eldigitaldeasturias.com\\\/noticias\\\/\",\"name\":\"El Digital de Asturias - Diario de actualidad y noticias\",\"alternateName\":\"El Digital de Asturias - Diario de actualidad y noticias\",\"description\":\"Hemeroteca\",\"inLanguage\":\"es-ES\",\"publisher\":{\"@id\":\"https:\\\/\\\/www.eldigitaldeasturias.com\\\/noticias\\\/#organization\"}}]}\n\t\t<\/script>\n\t\t<!-- All in One SEO Pro -->\r\n\t\t<title>El emperador de Jap\u00f3n recibe en Tokio al presidente del Congreso espa\u00f1ol - El Digital de Asturias<\/title>\n\n","aioseo_head_json":{"title":"El emperador de Jap\u00f3n recibe en Tokio al presidente del Congreso espa\u00f1ol - El Digital de Asturias","description":"Tokio, 3 feb (EFE).- El emperador Akihito recibi\u00f3 hoy en el Palacio Imperial de Tokio al presidente del Congreso de los Diputados de Espa\u00f1a, Jes\u00fas Posada, en su primera jornada de visita oficial a Jap\u00f3n. \"El encuentro fue muy cordial y pone de manifiesto las magn\u00edficas relaciones entre Espa\u00f1a y Jap\u00f3n, coincidiendo con los actos","canonical_url":"https:\/\/www.eldigitaldeasturias.com\/noticias\/el-emperador-de-japon-recibe-en-tokio-al-presidente-del-congreso-espanol\/","robots":"max-image-preview:large","keywords":"actualidad","webmasterTools":{"google-site-verification":"UA-38556648-1","msvalidate.01":"7dfe9f3f1b24437ab69f4f2559babe99","miscellaneous":""},"schema":{"@context":"https:\/\/schema.org","@graph":[{"@type":"BlogPosting","@id":"https:\/\/www.eldigitaldeasturias.com\/noticias\/el-emperador-de-japon-recibe-en-tokio-al-presidente-del-congreso-espanol\/#blogposting","name":"El emperador de Jap\u00f3n recibe en Tokio al presidente del Congreso espa\u00f1ol - El Digital de Asturias","headline":"El emperador de Jap\u00f3n recibe en Tokio al presidente del Congreso espa\u00f1ol","author":{"@id":"https:\/\/www.eldigitaldeasturias.com\/noticias\/author\/admin\/#author"},"publisher":{"@id":"https:\/\/www.eldigitaldeasturias.com\/noticias\/#organization"},"image":{"@type":"ImageObject","url":482689},"datePublished":"2014-02-03T17:55:06+01:00","dateModified":"2014-02-03T17:55:06+01:00","inLanguage":"es-ES","mainEntityOfPage":{"@id":"https:\/\/www.eldigitaldeasturias.com\/noticias\/el-emperador-de-japon-recibe-en-tokio-al-presidente-del-congreso-espanol\/#webpage"},"isPartOf":{"@id":"https:\/\/www.eldigitaldeasturias.com\/noticias\/el-emperador-de-japon-recibe-en-tokio-al-presidente-del-congreso-espanol\/#webpage"},"articleSection":"Actualidad"},{"@type":"BreadcrumbList","@id":"https:\/\/www.eldigitaldeasturias.com\/noticias\/el-emperador-de-japon-recibe-en-tokio-al-presidente-del-congreso-espanol\/#breadcrumblist","itemListElement":[{"@type":"ListItem","@id":"https:\/\/www.eldigitaldeasturias.com\/noticias#listItem","position":1,"name":"Home","item":"https:\/\/www.eldigitaldeasturias.com\/noticias","nextItem":{"@type":"ListItem","@id":"https:\/\/www.eldigitaldeasturias.com\/noticias\/category\/actualidad\/#listItem","name":"Actualidad"}},{"@type":"ListItem","@id":"https:\/\/www.eldigitaldeasturias.com\/noticias\/category\/actualidad\/#listItem","position":2,"name":"Actualidad","item":"https:\/\/www.eldigitaldeasturias.com\/noticias\/category\/actualidad\/","nextItem":{"@type":"ListItem","@id":"https:\/\/www.eldigitaldeasturias.com\/noticias\/el-emperador-de-japon-recibe-en-tokio-al-presidente-del-congreso-espanol\/#listItem","name":"El emperador de Jap\u00f3n recibe en Tokio al presidente del Congreso espa\u00f1ol"},"previousItem":{"@type":"ListItem","@id":"https:\/\/www.eldigitaldeasturias.com\/noticias#listItem","name":"Home"}},{"@type":"ListItem","@id":"https:\/\/www.eldigitaldeasturias.com\/noticias\/el-emperador-de-japon-recibe-en-tokio-al-presidente-del-congreso-espanol\/#listItem","position":3,"name":"El emperador de Jap\u00f3n recibe en Tokio al presidente del Congreso espa\u00f1ol","previousItem":{"@type":"ListItem","@id":"https:\/\/www.eldigitaldeasturias.com\/noticias\/category\/actualidad\/#listItem","name":"Actualidad"}}]},{"@type":"Organization","@id":"https:\/\/www.eldigitaldeasturias.com\/noticias\/#organization","name":"El Digital de Asturias","description":"Hemeroteca","url":"https:\/\/www.eldigitaldeasturias.com\/noticias\/","email":"info@eldigitaldeasturias.com","telephone":"+34652131393","logo":{"@type":"ImageObject","url":"https:\/\/www.eldigitaldeasturias.com\/noticias\/wp-content\/uploads\/2020\/12\/EDA.jpg","@id":"https:\/\/www.eldigitaldeasturias.com\/noticias\/el-emperador-de-japon-recibe-en-tokio-al-presidente-del-congreso-espanol\/#organizationLogo"},"image":{"@id":"https:\/\/www.eldigitaldeasturias.com\/noticias\/el-emperador-de-japon-recibe-en-tokio-al-presidente-del-congreso-espanol\/#organizationLogo"},"sameAs":["https:\/\/facebook.com\/eldigitaldeasturias","https:\/\/www.youtube.com\/channel\/UCZP-2wLEB9Rv6erhFmqVnvg"],"address":{"@id":"https:\/\/www.eldigitaldeasturias.com\/noticias\/#postaladdress","@type":"PostalAddress","streetAddress":"san antonio 4","postalCode":"33430","addressLocality":"Cand\u00e1s","addressRegion":"Asturias","addressCountry":"ES"}},{"@type":"Person","@id":"https:\/\/www.eldigitaldeasturias.com\/noticias\/author\/admin\/#author","url":"https:\/\/www.eldigitaldeasturias.com\/noticias\/author\/admin\/","name":"El Digital de Asturias","image":{"@type":"ImageObject","@id":"https:\/\/www.eldigitaldeasturias.com\/noticias\/el-emperador-de-japon-recibe-en-tokio-al-presidente-del-congreso-espanol\/#authorImage","url":"https:\/\/secure.gravatar.com\/avatar\/df2aeffc32bcd13f8d26072ef8a91b623d677766deac7f97ca815868cd41bf5e?s=96&d=mm&r=g","width":96,"height":96,"caption":"El Digital de Asturias"}},{"@type":"WebPage","@id":"https:\/\/www.eldigitaldeasturias.com\/noticias\/el-emperador-de-japon-recibe-en-tokio-al-presidente-del-congreso-espanol\/#webpage","url":"https:\/\/www.eldigitaldeasturias.com\/noticias\/el-emperador-de-japon-recibe-en-tokio-al-presidente-del-congreso-espanol\/","name":"El emperador de Jap\u00f3n recibe en Tokio al presidente del Congreso espa\u00f1ol - El Digital de Asturias","description":"Tokio, 3 feb (EFE).- El emperador Akihito recibi\u00f3 hoy en el Palacio Imperial de Tokio al presidente del Congreso de los Diputados de Espa\u00f1a, Jes\u00fas Posada, en su primera jornada de visita oficial a Jap\u00f3n. \"El encuentro fue muy cordial y pone de manifiesto las magn\u00edficas relaciones entre Espa\u00f1a y Jap\u00f3n, coincidiendo con los actos","inLanguage":"es-ES","isPartOf":{"@id":"https:\/\/www.eldigitaldeasturias.com\/noticias\/#website"},"breadcrumb":{"@id":"https:\/\/www.eldigitaldeasturias.com\/noticias\/el-emperador-de-japon-recibe-en-tokio-al-presidente-del-congreso-espanol\/#breadcrumblist"},"author":{"@id":"https:\/\/www.eldigitaldeasturias.com\/noticias\/author\/admin\/#author"},"creator":{"@id":"https:\/\/www.eldigitaldeasturias.com\/noticias\/author\/admin\/#author"},"image":{"@type":"ImageObject","url":482689,"@id":"https:\/\/www.eldigitaldeasturias.com\/noticias\/el-emperador-de-japon-recibe-en-tokio-al-presidente-del-congreso-espanol\/#mainImage"},"primaryImageOfPage":{"@id":"https:\/\/www.eldigitaldeasturias.com\/noticias\/el-emperador-de-japon-recibe-en-tokio-al-presidente-del-congreso-espanol\/#mainImage"},"datePublished":"2014-02-03T17:55:06+01:00","dateModified":"2014-02-03T17:55:06+01:00"},{"@type":"WebSite","@id":"https:\/\/www.eldigitaldeasturias.com\/noticias\/#website","url":"https:\/\/www.eldigitaldeasturias.com\/noticias\/","name":"El Digital de Asturias - Diario de actualidad y noticias","alternateName":"El Digital de Asturias - Diario de actualidad y noticias","description":"Hemeroteca","inLanguage":"es-ES","publisher":{"@id":"https:\/\/www.eldigitaldeasturias.com\/noticias\/#organization"}}]},"og:locale":"es_ES","og:site_name":"El Digital de Asturias","og:type":"article","og:title":"El emperador de Jap\u00f3n recibe en Tokio al presidente del Congreso espa\u00f1ol - El Digital de Asturias","og:description":"Tokio, 3 feb (EFE).- El emperador Akihito recibi\u00f3 hoy en el Palacio Imperial de Tokio al presidente del Congreso de los Diputados de Espa\u00f1a, Jes\u00fas Posada, en su primera jornada de visita oficial a Jap\u00f3n. &quot;El encuentro fue muy cordial y pone de manifiesto las magn\u00edficas relaciones entre Espa\u00f1a y Jap\u00f3n, coincidiendo con los actos","og:url":"https:\/\/www.eldigitaldeasturias.com\/noticias\/el-emperador-de-japon-recibe-en-tokio-al-presidente-del-congreso-espanol\/","article:tag":["actualidad"],"article:published_time":"2014-02-03T18:55:06+00:00","article:modified_time":"2014-02-03T18:55:06+00:00","article:publisher":"https:\/\/facebook.com\/eldigitaldeasturias","twitter:card":"summary_large_image","twitter:title":"El emperador de Jap\u00f3n recibe en Tokio al presidente del Congreso espa\u00f1ol - El Digital de Asturias","twitter:description":"Tokio, 3 feb (EFE).- El emperador Akihito recibi\u00f3 hoy en el Palacio Imperial de Tokio al presidente del Congreso de los Diputados de Espa\u00f1a, Jes\u00fas Posada, en su primera jornada de visita oficial a Jap\u00f3n. &quot;El encuentro fue muy cordial y pone de manifiesto las magn\u00edficas relaciones entre Espa\u00f1a y Jap\u00f3n, coincidiendo con los actos","twitter:label1":"Escrito por","twitter:data1":"El Digital de Asturias","twitter:label2":"Tiempo de lectura estimado","twitter:data2":"1 minuto"},"aioseo_meta_data":{"post_id":"482688","title":null,"description":null,"keywords":null,"keyphrases":null,"primary_term":null,"canonical_url":null,"og_title":null,"og_description":null,"og_object_type":"default","og_image_type":"default","og_image_url":null,"og_image_width":null,"og_image_height":null,"og_image_custom_url":null,"og_image_custom_fields":null,"og_video":null,"og_custom_url":null,"og_article_section":null,"og_article_tags":null,"twitter_use_og":true,"twitter_card":"default","twitter_image_type":"default","twitter_image_url":null,"twitter_image_custom_url":null,"twitter_image_custom_fields":null,"twitter_title":null,"twitter_description":null,"schema":{"blockGraphs":[],"customGraphs":[],"default":{"data":{"Article":[],"Course":[],"Dataset":[],"FAQPage":[],"Movie":[],"Person":[],"Product":[],"ProductReview":[],"Car":[],"Recipe":[],"Service":[],"SoftwareApplication":[],"WebPage":[]},"graphName":"","isEnabled":true},"graphs":[],"defaultGraph":"","defaultPostTypeGraph":""},"schema_type":null,"schema_type_options":null,"pillar_content":false,"robots_default":true,"robots_noindex":false,"robots_noarchive":false,"robots_nosnippet":false,"robots_nofollow":false,"robots_noimageindex":false,"robots_noodp":false,"robots_notranslate":false,"robots_max_snippet":null,"robots_max_videopreview":null,"robots_max_imagepreview":"none","priority":null,"frequency":null,"local_seo":null,"seo_analyzer_scan_date":"2026-06-02 10:37:03","breadcrumb_settings":null,"limit_modified_date":false,"open_ai":null,"ai":null,"created":"2020-11-14 22:54:39","updated":"2026-06-02 10:37:03","focus_keyword":null,"additional_keywords":null,"truseo_locale":null},"aioseo_breadcrumb":"<div class=\"aioseo-breadcrumbs\"><span class=\"aioseo-breadcrumb\">\n\t<a href=\"https:\/\/www.eldigitaldeasturias.com\/noticias\" title=\"Home\">Home<\/a>\n<\/span><span class=\"aioseo-breadcrumb-separator\">\u2013<\/span><span class=\"aioseo-breadcrumb\">\n\t<a href=\"https:\/\/www.eldigitaldeasturias.com\/noticias\/category\/actualidad\/\" title=\"Actualidad\">Actualidad<\/a>\n<\/span><span class=\"aioseo-breadcrumb-separator\">\u2013<\/span><span class=\"aioseo-breadcrumb\">\n\t<a href=\"https:\/\/www.eldigitaldeasturias.com\/noticias\/el-emperador-de-japon-recibe-en-tokio-al-presidente-del-congreso-espanol\/\" title=\"El emperador de Jap\u00f3n recibe en Tokio al presidente del Congreso espa\u00f1ol\">El emperador de Jap\u00f3n recibe en Tokio al presidente del Congreso espa\u00f1ol<\/a>\n<\/span><\/div>","aioseo_breadcrumb_json":[{"label":"Home","link":"https:\/\/www.eldigitaldeasturias.com\/noticias"},{"label":"Actualidad","link":"https:\/\/www.eldigitaldeasturias.com\/noticias\/category\/actualidad\/"},{"label":"El emperador de Jap\u00f3n recibe en Tokio al presidente del Congreso espa\u00f1ol","link":"https:\/\/www.eldigitaldeasturias.com\/noticias\/el-emperador-de-japon-recibe-en-tokio-al-presidente-del-congreso-espanol\/"}],"_links":{"self":[{"href":"https:\/\/www.eldigitaldeasturias.com\/noticias\/wp-json\/wp\/v2\/posts\/482688","targetHints":{"allow":["GET"]}}],"collection":[{"href":"https:\/\/www.eldigitaldeasturias.com\/noticias\/wp-json\/wp\/v2\/posts"}],"about":[{"href":"https:\/\/www.eldigitaldeasturias.com\/noticias\/wp-json\/wp\/v2\/types\/post"}],"author":[{"embeddable":true,"href":"https:\/\/www.eldigitaldeasturias.com\/noticias\/wp-json\/wp\/v2\/users\/1"}],"replies":[{"embeddable":true,"href":"https:\/\/www.eldigitaldeasturias.com\/noticias\/wp-json\/wp\/v2\/comments?post=482688"}],"version-history":[{"count":0,"href":"https:\/\/www.eldigitaldeasturias.com\/noticias\/wp-json\/wp\/v2\/posts\/482688\/revisions"}],"wp:attachment":[{"href":"https:\/\/www.eldigitaldeasturias.com\/noticias\/wp-json\/wp\/v2\/media?parent=482688"}],"wp:term":[{"taxonomy":"category","embeddable":true,"href":"https:\/\/www.eldigitaldeasturias.com\/noticias\/wp-json\/wp\/v2\/categories?post=482688"},{"taxonomy":"post_tag","embeddable":true,"href":"https:\/\/www.eldigitaldeasturias.com\/noticias\/wp-json\/wp\/v2\/tags?post=482688"}],"curies":[{"name":"wp","href":"https:\/\/api.w.org\/{rel}","templated":true}]}}